{"id":132042,"date":"2021-03-16T07:40:18","date_gmt":"2021-03-16T10:40:18","guid":{"rendered":"https:\/\/www.suno.com.br\/noticias\/?p=132042"},"modified":"2021-03-16T07:40:18","modified_gmt":"2021-03-16T10:40:18","slug":"jsl-jslg3-muda-presidente-planejamento","status":"publish","type":"post","link":"https:\/\/www.suno.com.br\/noticias\/jsl-jslg3-muda-presidente-planejamento\/","title":{"rendered":"JSL (JSLG3) muda presidente, de olho em planejamento estrat\u00e9gico"},"content":{"rendered":"<p>A <a href=\"https:\/\/www.suno.com.br\/acoes\/jslg3\/\"><strong>JSL<\/strong> (JSLG3)<\/a> comunicou, na noite da \u00faltima segunda-feira (15), uma mudan\u00e7a em sua dire\u00e7\u00e3o. O presidente Fernando Ant\u00f4nio Sim\u00f5es dar\u00e1 lugar a Ramon Peres Martinez Garcia de Alcaraz. A informa\u00e7\u00e3o foi divulgada por meio de um fato relevante.<\/p>\t<div class=\"wrapper-featured-image\">\n\t\t<figure class=\"spotlightImg\">\n\n\t\t\t<picture>\n\t\t\t\t<source media=\"(max-width: 768px)\" srcset=\"https:\/\/files.sunoresearch.com.br\/n\/uploads\/2020\/08\/f822ac34-jsl-400x200.webp\">\n\t\t\t\t<img loading=\"lazy\" decoding=\"async\" class=\"newsContent__article__imgCapa lazyloadDisabled \" src=\"https:\/\/files.sunoresearch.com.br\/n\/uploads\/2020\/08\/f822ac34-jsl-800x450.webp\" width=\"800\" height=\"450\" alt=\"JSL (JSLG3) muda presidente, de olho em planejamento estrat\u00e9gico\" fetchpriority=high \/>\n\t\t\t<\/picture>\n\n\t\t\t<figcaption class=\"wp-caption-text wp-caption-text--show\">JSL.<\/figcaption>\n\t\t<\/figure>\n\t<\/div>\n\n\n\t<p>\n\t\t<a href=\"https:\/\/lp.suno.com.br\/planilha-controle-gastos\/\" target=\"_blank\" data-element=\"shortcode-suno-banner\" title=\"Banner SUNO, clique e saiba mais\">\n\t\t\t<picture>\n\t\t\t\t<source media=\"(max-width: 500px)\" srcset=\"https:\/\/files.sunoresearch.com.br\/n\/uploads\/2023\/03\/400x300-Planilha-controle-de-gastos.png\">\n\t\t\t\t<img class=\"newsContent__article__imgCapa newsContent__article__imgCapa--banner\"\n\t\t\t\t\tsrc=\"https:\/\/files.sunoresearch.com.br\/n\/uploads\/2023\/03\/1420x240-Planilha-controle-de-gastos.png\"\n\t\t\t\t\tdata-promo-id=\"101751\"\t\t\t\t\t\t\t\t\t\twidth='1420' height='240'\t\t\t\t\talt=\"https:\/\/files.sunoresearch.com.br\/n\/uploads\/2023\/03\/1420x240-Planilha-controle-de-gastos.png\"\n\t\t\t\t>\n\t\t\t<\/picture>\n\t\t<\/a>\n\t<\/p>\n\n\n<p>Com 40 anos de trabalho na empresa, <strong>Fernando Sim\u00f5es<\/strong>, filho do fundador da companhia, Julio Sim\u00f5es, assumir\u00e1 a presid\u00eancia do <a href=\"https:\/\/www.suno.com.br\/artigos\/conselho-administracao\/\">Conselho de Administra\u00e7\u00e3o<\/a> da JSL seguindo, de forma equivalente, suas atribui\u00e7\u00f5es nas outras empresas controladas pela holding<a href=\"https:\/\/www.suno.com.br\/acoes\/simh3\/\"> <strong>Simpar<\/strong> (SIMH3)<\/a>.<\/p>\n<p>Segundo a empresa, o plano de sucess\u00e3o ter\u00e1 in\u00edcio imediato e ser\u00e1 conclu\u00eddo no dia 14 de abril, quando Alcaraz assumir\u00e1 a presid\u00eancia definitivamente.<\/p>\n<p><a href=\"https:\/\/lp.suno.com.br\/suno-one\/?ppp=noticias\/hospital-care-pedido-ipo-cvm\/\">Suno One: acesse gratuitamente eBooks, Minicursos, Artigos e V\u00eddeo Aulas sobre investimentos com um \u00fanico cadastro. Clique para saber mais!<\/a><\/p>\n<p>&#8220;A sucess\u00e3o do cargo de diretor presidente est\u00e1 alinhada com o planejamento estrat\u00e9gico da JSL para que tenha um executivo com foco exclusivo em suas atividades. Este \u00e9 um passo importante na trajet\u00f3ria da companhia, que est\u00e1 pronta para um novo ciclo de desenvolvimento&#8221;, comenta a JSL no documento.<\/p>\n<p><strong>Ramon Alcaraz<\/strong> foi um dos desenvolvedores da <strong>Fadel<\/strong>, adquirida pela JSL em 2020. Engenheiro civil especializado em log\u00edstica, ele possui mais de 35 anos de experi\u00eancia no setor.<\/p>\n\t<div data-element=\"shortcode-read-more\" class=\"knowMore\">\n\t\t\t\t<span class=\"knowMore__title\">Leia mais<\/span>\n\t\t\t\t<a class=\"knowMore__link\" href=\"https:\/\/www.suno.com.br\/noticias\/jsl-jslg3-tem-lucro-de-r-368-milhoes-no-quarto-trimestre-e-volta-a-registrar-crescimento-na-base-anual\/\">\n\t\t\tJSL (JSLG3) tem lucro de R$ 36,8 milh\u00f5es no quarto trimestre e volta a registrar crescimento na base anual\t\t<\/a>\n\t<\/div>\n\n\n<p>\u201cTenho a felicidade de passar o comando da JSL Log\u00edstica a uma pessoa que possui em seu DNA cultura e valores alinhados aos nossos. O Ramon possui conhecimento e energia comuma grande experi\u00eancia no setor e, agora, se torna um novo acionista em nossa companhia&#8221;, diz Sim\u00f5es em comunicado.<\/p>\n<h2>Mudan\u00e7a altera quadro societ\u00e1rio da JSL<\/h2>\n<p>A mudan\u00e7a na dire\u00e7\u00e3o da companhia acarretar\u00e1 em uma altera\u00e7\u00e3o no quadro societ\u00e1rio.<\/p>\n<p>Com vistas a viabilizar ainda mais sinergias e buscar um maior alinhamento de interesses, a JSL celebrou um memorando para adquirir os 25% que Alcaraz possu\u00eda da Fadel, que, em contrapartida, <a href=\"https:\/\/www.suno.com.br\/artigos\/o-que-sao-acoes-ordinarias-preferenciais-e-units\/\">receber\u00e1 <strong>a\u00e7\u00f5es<\/strong><\/a> correspodentes a 2,25% do capital social da JSL, ap\u00f3s nova emiss\u00e3o.<\/p>\n\t<p>\n\t\t<a href=\"https:\/\/lp.suno.com.br\/planilha-da-vida-financeira\/\" target=\"_blank\" data-element=\"shortcode-suno-banner\" title=\"Banner SUNO, clique e saiba mais\">\n\t\t\t<picture>\n\t\t\t\t<source media=\"(max-width: 500px)\" srcset=\"https:\/\/files.sunoresearch.com.br\/n\/uploads\/2023\/04\/400x300-Planilha-vida-financeira-true.png\">\n\t\t\t\t<img class=\"newsContent__article__imgCapa newsContent__article__imgCapa--banner\"\n\t\t\t\t\tsrc=\"https:\/\/files.sunoresearch.com.br\/n\/uploads\/2023\/04\/1420x240-Planilha-vida-financeira-true.png\"\n\t\t\t\t\tdata-promo-id=\"106682\"\t\t\t\t\t\t\t\t\t\twidth='1420' height='240'\t\t\t\t\talt=\"https:\/\/files.sunoresearch.com.br\/n\/uploads\/2023\/04\/1420x240-Planilha-vida-financeira-true.png\"\n\t\t\t\t>\n\t\t\t<\/picture>\n\t\t<\/a>\n\t<\/p>\n\n\n<p>A opera\u00e7\u00e3o ser\u00e1 feita atrav\u00e9s da incorpora\u00e7\u00e3o de a\u00e7\u00f5es da Fadel pela JSL e, consequentemente, envolver\u00e1 a emiss\u00e3o de 6,44 milh\u00f5es de novas a\u00e7\u00f5es da companhia em favor do novo diretor presidente. A companhia informou que divulgar\u00e1 posteriormente informa\u00e7\u00f5es a respeito da opera\u00e7\u00e3o, incluindo a data da <strong>assembleia geral<\/strong> que deliberar\u00e1 sobre a emiss\u00e3o dos pap\u00e9is.<\/p>\n<p>As subsidi\u00e1rias da Fadel n\u00e3o ser\u00e3o incorporadas e continuar\u00e3o a operar de forma independente da <strong>JSL<\/strong>, com o mesmo time e estrutura organizacional, de acordo com a empresa.<\/p>\n\t<p>\n\t\t<a href=\"https:\/\/lp.suno.com.br\/planilha-de-controle-de-investimentos\/\" target=\"_blank\" data-element=\"shortcode-suno-banner\" title=\"Banner SUNO, clique e saiba mais\">\n\t\t\t<picture>\n\t\t\t\t<source media=\"(max-width: 500px)\" srcset=\"https:\/\/files.sunoresearch.com.br\/n\/uploads\/2023\/03\/400x300-Controle-de-Investimentos.png\">\n\t\t\t\t<img class=\"newsContent__article__imgCapa newsContent__article__imgCapa--banner\"\n\t\t\t\t\tsrc=\"https:\/\/files.sunoresearch.com.br\/n\/uploads\/2023\/03\/1420x240-Controle-de-Investimentos.png\"\n\t\t\t\t\tdata-promo-id=\"75934\"\t\t\t\t\t\t\t\t\t\twidth='1420' height='240'\t\t\t\t\talt=\"https:\/\/files.sunoresearch.com.br\/n\/uploads\/2023\/03\/1420x240-Controle-de-Investimentos.png\"\n\t\t\t\t>\n\t\t\t<\/picture>\n\t\t<\/a>\n\t<\/p>\n\n\n","protected":false},"excerpt":{"rendered":"<p>A JSL (JSLG3) comunicou, na noite da \u00faltima segunda-feira (15), uma mudan\u00e7a em sua dire\u00e7\u00e3o. O presidente Fernando Ant\u00f4nio Sim\u00f5es dar\u00e1 lugar a Ramon Peres Martinez Garcia de Alcaraz. A informa\u00e7\u00e3o foi divulgada por meio de um fato relevante. JSL. Com 40 anos de trabalho na empresa, Fernando Sim\u00f5es, filho do fundador da companhia, Julio [&hellip;]<\/p>\n","protected":false},"author":24,"featured_media":76745,"comment_status":"closed","ping_status":"closed","sticky":false,"template":"","format":"standard","meta":[],"categories":[64],"tags":[2721,526],"suno_strategy":[],"class_list":["post-132042","post","type-post","status-publish","format-standard","has-post-thumbnail","hentry","category-negocios","tag-conselho-de-administracao","tag-jsl-jslg11-jslg3"],"yoast_head":"<!-- This site is optimized with the Yoast SEO plugin v24.4 - https:\/\/yoast.com\/wordpress\/plugins\/seo\/ -->\n<title>JSL (JSLG3) muda presidente, de olho em planejamento estrat\u00e9gico<\/title>\n<meta name=\"description\" content=\"A JSL (JSLG3) comunicou, na noite da \u00faltima segunda-feira (15), uma mudan\u00e7a em sua presid\u00eancia. Clique aqui e saiba mais.\" \/>\n<meta name=\"robots\" content=\"index, follow, max-snippet:-1, max-image-preview:large, max-video-preview:-1\" \/>\n<link rel=\"canonical\" href=\"https:\/\/www.suno.com.br\/noticias\/jsl-jslg3-muda-presidente-planejamento\/\" \/>\n<meta property=\"og:locale\" content=\"pt_BR\" \/>\n<meta property=\"og:type\" content=\"article\" \/>\n<meta property=\"og:title\" content=\"JSL (JSLG3) muda presidente, de olho em planejamento estrat\u00e9gico\" \/>\n<meta property=\"og:description\" content=\"A JSL (JSLG3) comunicou, na noite da \u00faltima segunda-feira (15), uma mudan\u00e7a em sua presid\u00eancia. Clique aqui e saiba mais.\" \/>\n<meta property=\"og:url\" content=\"https:\/\/www.suno.com.br\/noticias\/jsl-jslg3-muda-presidente-planejamento\/\" \/>\n<meta property=\"og:site_name\" content=\"Suno Not\u00edcias\" \/>\n<meta property=\"article:publisher\" content=\"https:\/\/facebook.com\/sunoresearch\" \/>\n<meta property=\"og:image\" content=\"https:\/\/files.sunoresearch.com.br\/n\/uploads\/2020\/08\/f822ac34-jsl.jpg\" \/>\n\t<meta property=\"og:image:width\" content=\"1772\" \/>\n\t<meta property=\"og:image:height\" content=\"942\" \/>\n\t<meta property=\"og:image:type\" content=\"image\/jpeg\" \/>\n<meta name=\"author\" content=\"Jader Lazarini\" \/>\n<meta name=\"twitter:card\" content=\"summary_large_image\" \/>\n<meta name=\"twitter:creator\" content=\"@sunoresearch\" \/>\n<meta name=\"twitter:site\" content=\"@sunoresearch\" \/>\n<meta name=\"twitter:label1\" content=\"Escrito por\" \/>\n\t<meta name=\"twitter:data1\" content=\"Jader Lazarini\" \/>\n\t<meta name=\"twitter:label2\" content=\"Est. tempo de leitura\" \/>\n\t<meta name=\"twitter:data2\" content=\"2 minutos\" \/>\n<script type=\"application\/ld+json\" class=\"yoast-schema-graph\">{\"@context\":\"https:\/\/schema.org\",\"@graph\":[{\"@type\":\"NewsArticle\",\"@id\":\"https:\/\/www.suno.com.br\/noticias\/jsl-jslg3-muda-presidente-planejamento\/#article\",\"isPartOf\":{\"@id\":\"https:\/\/www.suno.com.br\/noticias\/jsl-jslg3-muda-presidente-planejamento\/\"},\"author\":{\"name\":\"Jader Lazarini\",\"@id\":\"https:\/\/www.suno.com.br\/noticias\/#\/schema\/person\/918d79de1f0281f01599b93f9ea6e23f\"},\"headline\":\"JSL (JSLG3) muda presidente, de olho em planejamento estrat\u00e9gico\",\"datePublished\":\"2021-03-16T10:40:18+00:00\",\"mainEntityOfPage\":{\"@id\":\"https:\/\/www.suno.com.br\/noticias\/jsl-jslg3-muda-presidente-planejamento\/\"},\"wordCount\":460,\"publisher\":{\"@id\":\"https:\/\/www.suno.com.br\/noticias\/#organization\"},\"image\":{\"@id\":\"https:\/\/www.suno.com.br\/noticias\/jsl-jslg3-muda-presidente-planejamento\/#primaryimage\"},\"thumbnailUrl\":\"https:\/\/files.sunoresearch.com.br\/n\/uploads\/2020\/08\/f822ac34-jsl-jpg.webp\",\"keywords\":[\"Conselho de Administra\u00e7\u00e3o\",\"JSL (JSL11\/JSLG3)\"],\"articleSection\":[\"Neg\u00f3cios\"],\"inLanguage\":\"pt-BR\"},{\"@type\":\"WebPage\",\"@id\":\"https:\/\/www.suno.com.br\/noticias\/jsl-jslg3-muda-presidente-planejamento\/\",\"url\":\"https:\/\/www.suno.com.br\/noticias\/jsl-jslg3-muda-presidente-planejamento\/\",\"name\":\"JSL (JSLG3) muda presidente, de olho em planejamento estrat\u00e9gico\",\"isPartOf\":{\"@id\":\"https:\/\/www.suno.com.br\/noticias\/#website\"},\"primaryImageOfPage\":{\"@id\":\"https:\/\/www.suno.com.br\/noticias\/jsl-jslg3-muda-presidente-planejamento\/#primaryimage\"},\"image\":{\"@id\":\"https:\/\/www.suno.com.br\/noticias\/jsl-jslg3-muda-presidente-planejamento\/#primaryimage\"},\"thumbnailUrl\":\"https:\/\/files.sunoresearch.com.br\/n\/uploads\/2020\/08\/f822ac34-jsl-jpg.webp\",\"datePublished\":\"2021-03-16T10:40:18+00:00\",\"description\":\"A JSL (JSLG3) comunicou, na noite da \u00faltima segunda-feira (15), uma mudan\u00e7a em sua presid\u00eancia. Clique aqui e saiba mais.\",\"breadcrumb\":{\"@id\":\"https:\/\/www.suno.com.br\/noticias\/jsl-jslg3-muda-presidente-planejamento\/#breadcrumb\"},\"inLanguage\":\"pt-BR\",\"potentialAction\":[{\"@type\":\"ReadAction\",\"target\":[\"https:\/\/www.suno.com.br\/noticias\/jsl-jslg3-muda-presidente-planejamento\/\"]}]},{\"@type\":\"ImageObject\",\"inLanguage\":\"pt-BR\",\"@id\":\"https:\/\/www.suno.com.br\/noticias\/jsl-jslg3-muda-presidente-planejamento\/#primaryimage\",\"url\":\"https:\/\/files.sunoresearch.com.br\/n\/uploads\/2020\/08\/f822ac34-jsl-jpg.webp\",\"contentUrl\":\"https:\/\/files.sunoresearch.com.br\/n\/uploads\/2020\/08\/f822ac34-jsl-jpg.webp\",\"width\":1772,\"height\":942,\"caption\":\"JSL.\"},{\"@type\":\"BreadcrumbList\",\"@id\":\"https:\/\/www.suno.com.br\/noticias\/jsl-jslg3-muda-presidente-planejamento\/#breadcrumb\",\"itemListElement\":[{\"@type\":\"ListItem\",\"position\":1,\"name\":\"Not\u00edcias\",\"item\":\"https:\/\/www.suno.com.br\/noticias\/\"},{\"@type\":\"ListItem\",\"position\":2,\"name\":\"Neg\u00f3cios\",\"item\":\"https:\/\/www.suno.com.br\/noticias\/negocios\/\"},{\"@type\":\"ListItem\",\"position\":3,\"name\":\"JSL (JSLG3) muda presidente, de olho em planejamento estrat\u00e9gico\"}]},{\"@type\":\"WebSite\",\"@id\":\"https:\/\/www.suno.com.br\/noticias\/#website\",\"url\":\"https:\/\/www.suno.com.br\/noticias\/\",\"name\":\"Suno Not\u00edcias\",\"description\":\"Seu portal de informa\u00e7\u00e3o sobre o mundo dos investimentos\",\"publisher\":{\"@id\":\"https:\/\/www.suno.com.br\/noticias\/#organization\"},\"potentialAction\":[{\"@type\":\"SearchAction\",\"target\":{\"@type\":\"EntryPoint\",\"urlTemplate\":\"https:\/\/www.suno.com.br\/noticias\/?s={search_term_string}\"},\"query-input\":{\"@type\":\"PropertyValueSpecification\",\"valueRequired\":true,\"valueName\":\"search_term_string\"}}],\"inLanguage\":\"pt-BR\"},{\"@type\":\"Organization\",\"@id\":\"https:\/\/www.suno.com.br\/noticias\/#organization\",\"name\":\"Suno Not\u00edcias\",\"url\":\"https:\/\/www.suno.com.br\/noticias\/\",\"logo\":{\"@type\":\"ImageObject\",\"inLanguage\":\"pt-BR\",\"@id\":\"https:\/\/www.suno.com.br\/noticias\/#\/schema\/logo\/image\/\",\"url\":\"https:\/\/files.sunoresearch.com.br\/n\/uploads\/2021\/09\/suno-logo.png\",\"contentUrl\":\"https:\/\/files.sunoresearch.com.br\/n\/uploads\/2021\/09\/suno-logo.png\",\"width\":180,\"height\":180,\"caption\":\"Suno Not\u00edcias\"},\"image\":{\"@id\":\"https:\/\/www.suno.com.br\/noticias\/#\/schema\/logo\/image\/\"},\"sameAs\":[\"https:\/\/facebook.com\/sunoresearch\",\"https:\/\/x.com\/sunoresearch\",\"https:\/\/www.instagram.com\/suno\",\"https:\/\/www.linkedin.com\/company\/suno-research\/\",\"https:\/\/www.youtube.com\/c\/sunoresearch\"]},{\"@type\":\"Person\",\"@id\":\"https:\/\/www.suno.com.br\/noticias\/#\/schema\/person\/918d79de1f0281f01599b93f9ea6e23f\",\"name\":\"Jader Lazarini\",\"image\":{\"@type\":\"ImageObject\",\"inLanguage\":\"pt-BR\",\"@id\":\"https:\/\/www.suno.com.br\/noticias\/#\/schema\/person\/image\/\",\"url\":\"https:\/\/secure.gravatar.com\/avatar\/3c1ad8caa51589841baeb923fcddea97?s=96&r=g\",\"contentUrl\":\"https:\/\/secure.gravatar.com\/avatar\/3c1ad8caa51589841baeb923fcddea97?s=96&r=g\",\"caption\":\"Jader Lazarini\"},\"description\":\"Jader Lazarini escreve sobre investimentos, finan\u00e7as, economia e neg\u00f3cios. \u00c9 bacharel em Rela\u00e7\u00f5es Internacionais e analista CNPI (2619).\",\"url\":\"https:\/\/www.suno.com.br\/noticias\/author\/jader-lazarini\/\"}]}<\/script>\n<!-- \/ Yoast SEO plugin. -->","yoast_head_json":{"title":"JSL (JSLG3) muda presidente, de olho em planejamento estrat\u00e9gico","description":"A JSL (JSLG3) comunicou, na noite da \u00faltima segunda-feira (15), uma mudan\u00e7a em sua presid\u00eancia. Clique aqui e saiba mais.","robots":{"index":"index","follow":"follow","max-snippet":"max-snippet:-1","max-image-preview":"max-image-preview:large","max-video-preview":"max-video-preview:-1"},"canonical":"https:\/\/www.suno.com.br\/noticias\/jsl-jslg3-muda-presidente-planejamento\/","og_locale":"pt_BR","og_type":"article","og_title":"JSL (JSLG3) muda presidente, de olho em planejamento estrat\u00e9gico","og_description":"A JSL (JSLG3) comunicou, na noite da \u00faltima segunda-feira (15), uma mudan\u00e7a em sua presid\u00eancia. Clique aqui e saiba mais.","og_url":"https:\/\/www.suno.com.br\/noticias\/jsl-jslg3-muda-presidente-planejamento\/","og_site_name":"Suno Not\u00edcias","article_publisher":"https:\/\/facebook.com\/sunoresearch","og_image":[{"width":1772,"height":942,"url":"https:\/\/files.sunoresearch.com.br\/n\/uploads\/2020\/08\/f822ac34-jsl.jpg","type":"image\/jpeg"}],"author":"Jader Lazarini","twitter_card":"summary_large_image","twitter_creator":"@sunoresearch","twitter_site":"@sunoresearch","twitter_misc":{"Escrito por":"Jader Lazarini","Est. tempo de leitura":"2 minutos"},"schema":{"@context":"https:\/\/schema.org","@graph":[{"@type":"NewsArticle","@id":"https:\/\/www.suno.com.br\/noticias\/jsl-jslg3-muda-presidente-planejamento\/#article","isPartOf":{"@id":"https:\/\/www.suno.com.br\/noticias\/jsl-jslg3-muda-presidente-planejamento\/"},"author":{"name":"Jader Lazarini","@id":"https:\/\/www.suno.com.br\/noticias\/#\/schema\/person\/918d79de1f0281f01599b93f9ea6e23f"},"headline":"JSL (JSLG3) muda presidente, de olho em planejamento estrat\u00e9gico","datePublished":"2021-03-16T10:40:18+00:00","mainEntityOfPage":{"@id":"https:\/\/www.suno.com.br\/noticias\/jsl-jslg3-muda-presidente-planejamento\/"},"wordCount":460,"publisher":{"@id":"https:\/\/www.suno.com.br\/noticias\/#organization"},"image":{"@id":"https:\/\/www.suno.com.br\/noticias\/jsl-jslg3-muda-presidente-planejamento\/#primaryimage"},"thumbnailUrl":"https:\/\/files.sunoresearch.com.br\/n\/uploads\/2020\/08\/f822ac34-jsl-jpg.webp","keywords":["Conselho de Administra\u00e7\u00e3o","JSL (JSL11\/JSLG3)"],"articleSection":["Neg\u00f3cios"],"inLanguage":"pt-BR"},{"@type":"WebPage","@id":"https:\/\/www.suno.com.br\/noticias\/jsl-jslg3-muda-presidente-planejamento\/","url":"https:\/\/www.suno.com.br\/noticias\/jsl-jslg3-muda-presidente-planejamento\/","name":"JSL (JSLG3) muda presidente, de olho em planejamento estrat\u00e9gico","isPartOf":{"@id":"https:\/\/www.suno.com.br\/noticias\/#website"},"primaryImageOfPage":{"@id":"https:\/\/www.suno.com.br\/noticias\/jsl-jslg3-muda-presidente-planejamento\/#primaryimage"},"image":{"@id":"https:\/\/www.suno.com.br\/noticias\/jsl-jslg3-muda-presidente-planejamento\/#primaryimage"},"thumbnailUrl":"https:\/\/files.sunoresearch.com.br\/n\/uploads\/2020\/08\/f822ac34-jsl-jpg.webp","datePublished":"2021-03-16T10:40:18+00:00","description":"A JSL (JSLG3) comunicou, na noite da \u00faltima segunda-feira (15), uma mudan\u00e7a em sua presid\u00eancia. Clique aqui e saiba mais.","breadcrumb":{"@id":"https:\/\/www.suno.com.br\/noticias\/jsl-jslg3-muda-presidente-planejamento\/#breadcrumb"},"inLanguage":"pt-BR","potentialAction":[{"@type":"ReadAction","target":["https:\/\/www.suno.com.br\/noticias\/jsl-jslg3-muda-presidente-planejamento\/"]}]},{"@type":"ImageObject","inLanguage":"pt-BR","@id":"https:\/\/www.suno.com.br\/noticias\/jsl-jslg3-muda-presidente-planejamento\/#primaryimage","url":"https:\/\/files.sunoresearch.com.br\/n\/uploads\/2020\/08\/f822ac34-jsl-jpg.webp","contentUrl":"https:\/\/files.sunoresearch.com.br\/n\/uploads\/2020\/08\/f822ac34-jsl-jpg.webp","width":1772,"height":942,"caption":"JSL."},{"@type":"BreadcrumbList","@id":"https:\/\/www.suno.com.br\/noticias\/jsl-jslg3-muda-presidente-planejamento\/#breadcrumb","itemListElement":[{"@type":"ListItem","position":1,"name":"Not\u00edcias","item":"https:\/\/www.suno.com.br\/noticias\/"},{"@type":"ListItem","position":2,"name":"Neg\u00f3cios","item":"https:\/\/www.suno.com.br\/noticias\/negocios\/"},{"@type":"ListItem","position":3,"name":"JSL (JSLG3) muda presidente, de olho em planejamento estrat\u00e9gico"}]},{"@type":"WebSite","@id":"https:\/\/www.suno.com.br\/noticias\/#website","url":"https:\/\/www.suno.com.br\/noticias\/","name":"Suno Not\u00edcias","description":"Seu portal de informa\u00e7\u00e3o sobre o mundo dos investimentos","publisher":{"@id":"https:\/\/www.suno.com.br\/noticias\/#organization"},"potentialAction":[{"@type":"SearchAction","target":{"@type":"EntryPoint","urlTemplate":"https:\/\/www.suno.com.br\/noticias\/?s={search_term_string}"},"query-input":{"@type":"PropertyValueSpecification","valueRequired":true,"valueName":"search_term_string"}}],"inLanguage":"pt-BR"},{"@type":"Organization","@id":"https:\/\/www.suno.com.br\/noticias\/#organization","name":"Suno Not\u00edcias","url":"https:\/\/www.suno.com.br\/noticias\/","logo":{"@type":"ImageObject","inLanguage":"pt-BR","@id":"https:\/\/www.suno.com.br\/noticias\/#\/schema\/logo\/image\/","url":"https:\/\/files.sunoresearch.com.br\/n\/uploads\/2021\/09\/suno-logo.png","contentUrl":"https:\/\/files.sunoresearch.com.br\/n\/uploads\/2021\/09\/suno-logo.png","width":180,"height":180,"caption":"Suno Not\u00edcias"},"image":{"@id":"https:\/\/www.suno.com.br\/noticias\/#\/schema\/logo\/image\/"},"sameAs":["https:\/\/facebook.com\/sunoresearch","https:\/\/x.com\/sunoresearch","https:\/\/www.instagram.com\/suno","https:\/\/www.linkedin.com\/company\/suno-research\/","https:\/\/www.youtube.com\/c\/sunoresearch"]},{"@type":"Person","@id":"https:\/\/www.suno.com.br\/noticias\/#\/schema\/person\/918d79de1f0281f01599b93f9ea6e23f","name":"Jader Lazarini","image":{"@type":"ImageObject","inLanguage":"pt-BR","@id":"https:\/\/www.suno.com.br\/noticias\/#\/schema\/person\/image\/","url":"https:\/\/secure.gravatar.com\/avatar\/3c1ad8caa51589841baeb923fcddea97?s=96&r=g","contentUrl":"https:\/\/secure.gravatar.com\/avatar\/3c1ad8caa51589841baeb923fcddea97?s=96&r=g","caption":"Jader Lazarini"},"description":"Jader Lazarini escreve sobre investimentos, finan\u00e7as, economia e neg\u00f3cios. \u00c9 bacharel em Rela\u00e7\u00f5es Internacionais e analista CNPI (2619).","url":"https:\/\/www.suno.com.br\/noticias\/author\/jader-lazarini\/"}]}},"default_loop_html":"<div class=\"cardsPage__listCard__boxs\"><div class=\"cardsPage__listCard__boxs__img\"><a href=\"https:\/\/www.suno.com.br\/noticias\/jsl-jslg3-muda-presidente-planejamento\/\"><img class=\"mask\" src=\"https:\/\/www.suno.com.br\/noticias\/wp-content\/themes\/suno\/resources\/images\/spotlight\/spotlight1img\/bg-mask.png\" alt=\"Image Mask\"\/><img src=\"https:\/\/files.sunoresearch.com.br\/n\/uploads\/2020\/08\/f822ac34-jsl-400x200.webp\" alt=\"JSL (JSLG3) muda presidente, de olho em planejamento estrat\u00e9gico\"\/><\/a><span class=\"spotlightCategory\"><a href=\"https:\/\/www.suno.com.br\/noticias\/negocios\/\">Neg\u00f3cios<\/a><\/span><\/div><div class=\"cardsPage__listCard__boxs__content\"><a href=\"https:\/\/www.suno.com.br\/noticias\/jsl-jslg3-muda-presidente-planejamento\/\"><h2 class=\"content__title\">JSL (JSLG3) muda presidente, de olho em planejamento estrat\u00e9gico<\/h2><\/a><div class=\"newsContent__article__meta\"><div class=\"newsContent__article__meta__authorBox\"><a href=\"https:\/\/www.suno.com.br\/noticias\/author\/jader-lazarini\/\" class=\"authorBox__avatar noMobi\"><img src=\"https:\/\/files.sunoresearch.com.br\/n\/uploads\/2021\/01\/178e6598-foto-perfil-2-150x150.jpg\" alt=\"Jader Lazarini\"><\/a><div class=\"authorBox__name\"><span>por\n\t\t\t<a href=\"https:\/\/www.suno.com.br\/noticias\/author\/jader-lazarini\/\"><span itemprop=\"author\">Jader Lazarini<\/span><\/a><\/span><time datetime=\"2021-03-16T07:40:18-03:00\" itemprop=\"datePublished\">16\/03\/2021 07:40<\/time><\/div><\/div><\/div><\/div><\/div>","single_layout":"posts","amp_enabled":true,"_links":{"self":[{"href":"https:\/\/www.suno.com.br\/noticias\/wp-json\/wp\/v2\/posts\/132042"}],"collection":[{"href":"https:\/\/www.suno.com.br\/noticias\/wp-json\/wp\/v2\/posts"}],"about":[{"href":"https:\/\/www.suno.com.br\/noticias\/wp-json\/wp\/v2\/types\/post"}],"author":[{"embeddable":true,"href":"https:\/\/www.suno.com.br\/noticias\/wp-json\/wp\/v2\/users\/24"}],"replies":[{"embeddable":true,"href":"https:\/\/www.suno.com.br\/noticias\/wp-json\/wp\/v2\/comments?post=132042"}],"version-history":[{"count":2,"href":"https:\/\/www.suno.com.br\/noticias\/wp-json\/wp\/v2\/posts\/132042\/revisions"}],"predecessor-version":[{"id":132052,"href":"https:\/\/www.suno.com.br\/noticias\/wp-json\/wp\/v2\/posts\/132042\/revisions\/132052"}],"wp:featuredmedia":[{"embeddable":true,"href":"https:\/\/www.suno.com.br\/noticias\/wp-json\/wp\/v2\/media\/76745"}],"wp:attachment":[{"href":"https:\/\/www.suno.com.br\/noticias\/wp-json\/wp\/v2\/media?parent=132042"}],"wp:term":[{"taxonomy":"category","embeddable":true,"href":"https:\/\/www.suno.com.br\/noticias\/wp-json\/wp\/v2\/categories?post=132042"},{"taxonomy":"post_tag","embeddable":true,"href":"https:\/\/www.suno.com.br\/noticias\/wp-json\/wp\/v2\/tags?post=132042"},{"taxonomy":"suno_strategy","embeddable":true,"href":"https:\/\/www.suno.com.br\/noticias\/wp-json\/wp\/v2\/suno_strategy?post=132042"}],"curies":[{"name":"wp","href":"https:\/\/api.w.org\/{rel}","templated":true}]}}