{"id":13200,"date":"2019-01-28T17:43:51","date_gmt":"2019-01-28T19:43:51","guid":{"rendered":"https:\/\/www.suno.com.br\/noticias\/?p=13200"},"modified":"2019-01-28T17:43:51","modified_gmt":"2019-01-28T19:43:51","slug":"divida-publica-alcancar-trilhoes","status":"publish","type":"post","link":"https:\/\/www.suno.com.br\/noticias\/divida-publica-alcancar-trilhoes\/","title":{"rendered":"D\u00edvida p\u00fablica pode alcan\u00e7ar R$ 4,3 trilh\u00f5es em 2019, diz Tesouro Nacional"},"content":{"rendered":"<p>A Secretaria do Tesouro Nacional divulgou nesta segunda-feira (28) o valor m\u00e1ximo que a d\u00edvida p\u00fablica das contas brasileiras pode alcan\u00e7ar em 2019.<\/p>\t<div class=\"wrapper-featured-image\">\n\t\t<figure class=\"spotlightImg\">\n\n\t\t\t<picture>\n\t\t\t\t<source media=\"(max-width: 768px)\" srcset=\"https:\/\/files.sunoresearch.com.br\/n\/uploads\/2018\/11\/d566995a-divida-publica-400x200.webp\">\n\t\t\t\t<img loading=\"lazy\" decoding=\"async\" class=\"newsContent__article__imgCapa lazyloadDisabled newsContent__article__imgCapa--noCaption\" src=\"https:\/\/files.sunoresearch.com.br\/n\/uploads\/2018\/11\/d566995a-divida-publica-800x450.webp\" width=\"800\" height=\"450\" alt=\"D\u00edvida p\u00fablica pode alcan\u00e7ar R$ 4,3 trilh\u00f5es em 2019, diz Tesouro Nacional\" fetchpriority=high \/>\n\t\t\t<\/picture>\n\n\t\t\t<figcaption class=\"wp-caption-text wp-caption-text--hide\"><\/figcaption>\n\t\t<\/figure>\n\t<\/div>\n\n\n<p>De acordo com o <strong>Tesouro Nacional<\/strong>, a <strong>d\u00edvida p\u00fablica<\/strong> n\u00e3o deve ultrapassar R$ 4,3 trilh\u00f5es neste ano.<\/p>\n<p><a href=\"https:\/\/www.suno.com.br\/noticias\/dividas-empresas-b3\/\">Saiba mais: D\u00edvidas de empresas listadas na B3 caem 17,7% desde 2015<\/a><\/p>\n<p>O valor m\u00ednimo da <strong>d\u00edvida<\/strong> est\u00e1 estimado em R$ 4,1 trilh\u00f5es.<\/p>\n<p>Al\u00e9m disso, o <strong>Tesouro<\/strong> informou que ouve acr\u00e9scimo de 8,9% na <strong>d\u00edvida p\u00fablica<\/strong> de 2018 em rela\u00e7\u00e3o a 2017, que chegou a R$ 3,55 trilh\u00f5es.<\/p>\n<p>A d\u00edvida p\u00fablica \u00e9 utilizada para cobrir o rombo or\u00e7ament\u00e1rio do <strong>governo federal<\/strong>. Assim, todas as despesas que ficam acima da arrecada\u00e7\u00e3o s\u00e3o financiadas pela d\u00edvida.<\/p>\n<p>No caso das d\u00edvidas internas, o pagamento \u00e9 realizado em <strong>real<\/strong>. Quando as opera\u00e7\u00f5es s\u00e3o feitas em <strong>moedas estrangeiras<\/strong>, a d\u00edvida \u00e9 classificada como externa.<\/p>\n<h2>Vencimentos da d\u00edvida p\u00fablica<\/h2>\n<p>Para 2019, est\u00e1 previsto o pagamento de R$ 747 bilh\u00f5es da d\u00edvida p\u00fablica, divididos desta forma:<\/p>\n<ul>\n<li>R$ 12,6 bilh\u00f5es da d\u00edvida externa;<\/li>\n<li>R$ 639 bilh\u00f5es da d\u00edvida interna;<\/li>\n<li>R$ 95,2 bilh\u00f5es em encargos do Banco Central.<\/li>\n<\/ul>\n<p>De acordo com estimativas, ser\u00e3o necess\u00e1rios mais R$ 259 bilh\u00f5es para cobrir o <strong>d\u00e9ficit das contas do governo<\/strong> al\u00e9m de R$ 8,4 bilh\u00f5es para honrar as&#8221;garantias&#8221; de opera\u00e7\u00f5es de empr\u00e9stimos \u00e0 estados.<\/p>\n<p><a href=\"https:\/\/www.suno.com.br\/noticias\/brasil-deficit-contas-externs-2018\/\">Saiba mais: Brasil registra d\u00e9ficit de US$ 14,511 bi em contas externas em 2018<\/a><\/p>\n<p>No total, est\u00e3o previstos R$ 234,9 bilh\u00f5es em recursos or\u00e7ament\u00e1rios para pagar as quantias adicionais.<\/p>\n","protected":false},"excerpt":{"rendered":"<p>A Secretaria do Tesouro Nacional divulgou nesta segunda-feira (28) o valor m\u00e1ximo que a d\u00edvida p\u00fablica das contas brasileiras pode alcan\u00e7ar em 2019. De acordo com o Tesouro Nacional, a d\u00edvida p\u00fablica n\u00e3o deve ultrapassar R$ 4,3 trilh\u00f5es neste ano. Saiba mais: D\u00edvidas de empresas listadas na B3 caem 17,7% desde 2015 O valor m\u00ednimo [&hellip;]<\/p>\n","protected":false},"author":14,"featured_media":6973,"comment_status":"closed","ping_status":"closed","sticky":false,"template":"","format":"standard","meta":[],"categories":[62],"tags":[326,1044],"suno_strategy":[],"class_list":["post-13200","post","type-post","status-publish","format-standard","has-post-thumbnail","hentry","category-economia","tag-dolar","tag-tesouro-nacional"],"yoast_head":"<!-- This site is optimized with the Yoast SEO plugin v24.4 - https:\/\/yoast.com\/wordpress\/plugins\/seo\/ -->\n<title>D\u00edvida p\u00fablica pode alcan\u00e7ar R$ 4,3 trilh\u00f5es em 2019<\/title>\n<meta name=\"description\" content=\"Ouve acr\u00e9scimo de 8,9% na d\u00edvida p\u00fablica de 2018 em rela\u00e7\u00e3o a 2017, que chegou a R$ 3,55 trilh\u00f5es. Clique para saber mais.\" \/>\n<meta name=\"robots\" content=\"index, follow, max-snippet:-1, max-image-preview:large, max-video-preview:-1\" \/>\n<link rel=\"canonical\" href=\"https:\/\/www.suno.com.br\/noticias\/divida-publica-alcancar-trilhoes\/\" \/>\n<meta property=\"og:locale\" content=\"pt_BR\" \/>\n<meta property=\"og:type\" content=\"article\" \/>\n<meta property=\"og:title\" content=\"D\u00edvida p\u00fablica pode alcan\u00e7ar R$ 4,3 trilh\u00f5es em 2019\" \/>\n<meta property=\"og:description\" content=\"Ouve acr\u00e9scimo de 8,9% na d\u00edvida p\u00fablica de 2018 em rela\u00e7\u00e3o a 2017, que chegou a R$ 3,55 trilh\u00f5es. Clique para saber mais.\" \/>\n<meta property=\"og:url\" content=\"https:\/\/www.suno.com.br\/noticias\/divida-publica-alcancar-trilhoes\/\" \/>\n<meta property=\"og:site_name\" content=\"Suno Not\u00edcias\" \/>\n<meta property=\"article:publisher\" content=\"https:\/\/facebook.com\/sunoresearch\" \/>\n<meta property=\"og:image\" content=\"https:\/\/files.sunoresearch.com.br\/n\/uploads\/2018\/11\/d566995a-divida-publica.jpg\" \/>\n\t<meta property=\"og:image:width\" content=\"1920\" \/>\n\t<meta property=\"og:image:height\" content=\"1440\" \/>\n\t<meta property=\"og:image:type\" content=\"image\/jpeg\" \/>\n<meta name=\"author\" content=\"Renan Dantas\" \/>\n<meta name=\"twitter:card\" content=\"summary_large_image\" \/>\n<meta name=\"twitter:creator\" content=\"@sunoresearch\" \/>\n<meta name=\"twitter:site\" content=\"@sunoresearch\" \/>\n<meta name=\"twitter:label1\" content=\"Escrito por\" \/>\n\t<meta name=\"twitter:data1\" content=\"Renan Dantas\" \/>\n\t<meta name=\"twitter:label2\" content=\"Est. tempo de leitura\" \/>\n\t<meta name=\"twitter:data2\" content=\"1 minuto\" \/>\n<script type=\"application\/ld+json\" class=\"yoast-schema-graph\">{\"@context\":\"https:\/\/schema.org\",\"@graph\":[{\"@type\":\"NewsArticle\",\"@id\":\"https:\/\/www.suno.com.br\/noticias\/divida-publica-alcancar-trilhoes\/#article\",\"isPartOf\":{\"@id\":\"https:\/\/www.suno.com.br\/noticias\/divida-publica-alcancar-trilhoes\/\"},\"author\":{\"name\":\"Renan Dantas\",\"@id\":\"https:\/\/www.suno.com.br\/noticias\/#\/schema\/person\/3f7693d5795a3f6d5ce15309ee785699\"},\"headline\":\"D\u00edvida p\u00fablica pode alcan\u00e7ar R$ 4,3 trilh\u00f5es em 2019, diz Tesouro Nacional\",\"datePublished\":\"2019-01-28T19:43:51+00:00\",\"mainEntityOfPage\":{\"@id\":\"https:\/\/www.suno.com.br\/noticias\/divida-publica-alcancar-trilhoes\/\"},\"wordCount\":283,\"publisher\":{\"@id\":\"https:\/\/www.suno.com.br\/noticias\/#organization\"},\"image\":{\"@id\":\"https:\/\/www.suno.com.br\/noticias\/divida-publica-alcancar-trilhoes\/#primaryimage\"},\"thumbnailUrl\":\"https:\/\/files.sunoresearch.com.br\/n\/uploads\/2018\/11\/d566995a-divida-publica-jpg.webp\",\"keywords\":[\"d\u00f3lar\",\"Tesouro Nacional\"],\"articleSection\":[\"Economia\"],\"inLanguage\":\"pt-BR\"},{\"@type\":\"WebPage\",\"@id\":\"https:\/\/www.suno.com.br\/noticias\/divida-publica-alcancar-trilhoes\/\",\"url\":\"https:\/\/www.suno.com.br\/noticias\/divida-publica-alcancar-trilhoes\/\",\"name\":\"D\u00edvida p\u00fablica pode alcan\u00e7ar R$ 4,3 trilh\u00f5es em 2019\",\"isPartOf\":{\"@id\":\"https:\/\/www.suno.com.br\/noticias\/#website\"},\"primaryImageOfPage\":{\"@id\":\"https:\/\/www.suno.com.br\/noticias\/divida-publica-alcancar-trilhoes\/#primaryimage\"},\"image\":{\"@id\":\"https:\/\/www.suno.com.br\/noticias\/divida-publica-alcancar-trilhoes\/#primaryimage\"},\"thumbnailUrl\":\"https:\/\/files.sunoresearch.com.br\/n\/uploads\/2018\/11\/d566995a-divida-publica-jpg.webp\",\"datePublished\":\"2019-01-28T19:43:51+00:00\",\"description\":\"Ouve acr\u00e9scimo de 8,9% na d\u00edvida p\u00fablica de 2018 em rela\u00e7\u00e3o a 2017, que chegou a R$ 3,55 trilh\u00f5es. Clique para saber mais.\",\"breadcrumb\":{\"@id\":\"https:\/\/www.suno.com.br\/noticias\/divida-publica-alcancar-trilhoes\/#breadcrumb\"},\"inLanguage\":\"pt-BR\",\"potentialAction\":[{\"@type\":\"ReadAction\",\"target\":[\"https:\/\/www.suno.com.br\/noticias\/divida-publica-alcancar-trilhoes\/\"]}]},{\"@type\":\"ImageObject\",\"inLanguage\":\"pt-BR\",\"@id\":\"https:\/\/www.suno.com.br\/noticias\/divida-publica-alcancar-trilhoes\/#primaryimage\",\"url\":\"https:\/\/files.sunoresearch.com.br\/n\/uploads\/2018\/11\/d566995a-divida-publica-jpg.webp\",\"contentUrl\":\"https:\/\/files.sunoresearch.com.br\/n\/uploads\/2018\/11\/d566995a-divida-publica-jpg.webp\",\"width\":1920,\"height\":1440,\"caption\":\"D\u00edvida p\u00fablica\"},{\"@type\":\"BreadcrumbList\",\"@id\":\"https:\/\/www.suno.com.br\/noticias\/divida-publica-alcancar-trilhoes\/#breadcrumb\",\"itemListElement\":[{\"@type\":\"ListItem\",\"position\":1,\"name\":\"Not\u00edcias\",\"item\":\"https:\/\/www.suno.com.br\/noticias\/\"},{\"@type\":\"ListItem\",\"position\":2,\"name\":\"Economia\",\"item\":\"https:\/\/www.suno.com.br\/noticias\/economia\/\"},{\"@type\":\"ListItem\",\"position\":3,\"name\":\"D\u00edvida p\u00fablica pode alcan\u00e7ar R$ 4,3 trilh\u00f5es em 2019, diz Tesouro Nacional\"}]},{\"@type\":\"WebSite\",\"@id\":\"https:\/\/www.suno.com.br\/noticias\/#website\",\"url\":\"https:\/\/www.suno.com.br\/noticias\/\",\"name\":\"Suno Not\u00edcias\",\"description\":\"Seu portal de informa\u00e7\u00e3o sobre o mundo dos investimentos\",\"publisher\":{\"@id\":\"https:\/\/www.suno.com.br\/noticias\/#organization\"},\"potentialAction\":[{\"@type\":\"SearchAction\",\"target\":{\"@type\":\"EntryPoint\",\"urlTemplate\":\"https:\/\/www.suno.com.br\/noticias\/?s={search_term_string}\"},\"query-input\":{\"@type\":\"PropertyValueSpecification\",\"valueRequired\":true,\"valueName\":\"search_term_string\"}}],\"inLanguage\":\"pt-BR\"},{\"@type\":\"Organization\",\"@id\":\"https:\/\/www.suno.com.br\/noticias\/#organization\",\"name\":\"Suno Not\u00edcias\",\"url\":\"https:\/\/www.suno.com.br\/noticias\/\",\"logo\":{\"@type\":\"ImageObject\",\"inLanguage\":\"pt-BR\",\"@id\":\"https:\/\/www.suno.com.br\/noticias\/#\/schema\/logo\/image\/\",\"url\":\"https:\/\/files.sunoresearch.com.br\/n\/uploads\/2021\/09\/suno-logo.png\",\"contentUrl\":\"https:\/\/files.sunoresearch.com.br\/n\/uploads\/2021\/09\/suno-logo.png\",\"width\":180,\"height\":180,\"caption\":\"Suno Not\u00edcias\"},\"image\":{\"@id\":\"https:\/\/www.suno.com.br\/noticias\/#\/schema\/logo\/image\/\"},\"sameAs\":[\"https:\/\/facebook.com\/sunoresearch\",\"https:\/\/x.com\/sunoresearch\",\"https:\/\/www.instagram.com\/suno\",\"https:\/\/www.linkedin.com\/company\/suno-research\/\",\"https:\/\/www.youtube.com\/c\/sunoresearch\"]},{\"@type\":\"Person\",\"@id\":\"https:\/\/www.suno.com.br\/noticias\/#\/schema\/person\/3f7693d5795a3f6d5ce15309ee785699\",\"name\":\"Renan Dantas\",\"image\":{\"@type\":\"ImageObject\",\"inLanguage\":\"pt-BR\",\"@id\":\"https:\/\/www.suno.com.br\/noticias\/#\/schema\/person\/image\/\",\"url\":\"https:\/\/secure.gravatar.com\/avatar\/1787b83e7484a08e51d62ac8b41c8396?s=96&r=g\",\"contentUrl\":\"https:\/\/secure.gravatar.com\/avatar\/1787b83e7484a08e51d62ac8b41c8396?s=96&r=g\",\"caption\":\"Renan Dantas\"},\"description\":\"Escreve sobre pol\u00edtica e mercado financeiro para o portal Suno Not\u00edcias. Antes, atuou na assessoria de comunica\u00e7\u00e3o do Minist\u00e9rio P\u00fablico do Trabalho e na R\u00e1dio Mackenzie, onde apresentava e produzia um programa sobre artistas da m\u00fasica brasileira. \u00c9 estudante na Universidade Presbiteriana Mackenzie.\",\"url\":\"https:\/\/www.suno.com.br\/noticias\/author\/renan-dantas\/\"}]}<\/script>\n<!-- \/ Yoast SEO plugin. -->","yoast_head_json":{"title":"D\u00edvida p\u00fablica pode alcan\u00e7ar R$ 4,3 trilh\u00f5es em 2019","description":"Ouve acr\u00e9scimo de 8,9% na d\u00edvida p\u00fablica de 2018 em rela\u00e7\u00e3o a 2017, que chegou a R$ 3,55 trilh\u00f5es. Clique para saber mais.","robots":{"index":"index","follow":"follow","max-snippet":"max-snippet:-1","max-image-preview":"max-image-preview:large","max-video-preview":"max-video-preview:-1"},"canonical":"https:\/\/www.suno.com.br\/noticias\/divida-publica-alcancar-trilhoes\/","og_locale":"pt_BR","og_type":"article","og_title":"D\u00edvida p\u00fablica pode alcan\u00e7ar R$ 4,3 trilh\u00f5es em 2019","og_description":"Ouve acr\u00e9scimo de 8,9% na d\u00edvida p\u00fablica de 2018 em rela\u00e7\u00e3o a 2017, que chegou a R$ 3,55 trilh\u00f5es. Clique para saber mais.","og_url":"https:\/\/www.suno.com.br\/noticias\/divida-publica-alcancar-trilhoes\/","og_site_name":"Suno Not\u00edcias","article_publisher":"https:\/\/facebook.com\/sunoresearch","og_image":[{"width":1920,"height":1440,"url":"https:\/\/files.sunoresearch.com.br\/n\/uploads\/2018\/11\/d566995a-divida-publica.jpg","type":"image\/jpeg"}],"author":"Renan Dantas","twitter_card":"summary_large_image","twitter_creator":"@sunoresearch","twitter_site":"@sunoresearch","twitter_misc":{"Escrito por":"Renan Dantas","Est. tempo de leitura":"1 minuto"},"schema":{"@context":"https:\/\/schema.org","@graph":[{"@type":"NewsArticle","@id":"https:\/\/www.suno.com.br\/noticias\/divida-publica-alcancar-trilhoes\/#article","isPartOf":{"@id":"https:\/\/www.suno.com.br\/noticias\/divida-publica-alcancar-trilhoes\/"},"author":{"name":"Renan Dantas","@id":"https:\/\/www.suno.com.br\/noticias\/#\/schema\/person\/3f7693d5795a3f6d5ce15309ee785699"},"headline":"D\u00edvida p\u00fablica pode alcan\u00e7ar R$ 4,3 trilh\u00f5es em 2019, diz Tesouro Nacional","datePublished":"2019-01-28T19:43:51+00:00","mainEntityOfPage":{"@id":"https:\/\/www.suno.com.br\/noticias\/divida-publica-alcancar-trilhoes\/"},"wordCount":283,"publisher":{"@id":"https:\/\/www.suno.com.br\/noticias\/#organization"},"image":{"@id":"https:\/\/www.suno.com.br\/noticias\/divida-publica-alcancar-trilhoes\/#primaryimage"},"thumbnailUrl":"https:\/\/files.sunoresearch.com.br\/n\/uploads\/2018\/11\/d566995a-divida-publica-jpg.webp","keywords":["d\u00f3lar","Tesouro Nacional"],"articleSection":["Economia"],"inLanguage":"pt-BR"},{"@type":"WebPage","@id":"https:\/\/www.suno.com.br\/noticias\/divida-publica-alcancar-trilhoes\/","url":"https:\/\/www.suno.com.br\/noticias\/divida-publica-alcancar-trilhoes\/","name":"D\u00edvida p\u00fablica pode alcan\u00e7ar R$ 4,3 trilh\u00f5es em 2019","isPartOf":{"@id":"https:\/\/www.suno.com.br\/noticias\/#website"},"primaryImageOfPage":{"@id":"https:\/\/www.suno.com.br\/noticias\/divida-publica-alcancar-trilhoes\/#primaryimage"},"image":{"@id":"https:\/\/www.suno.com.br\/noticias\/divida-publica-alcancar-trilhoes\/#primaryimage"},"thumbnailUrl":"https:\/\/files.sunoresearch.com.br\/n\/uploads\/2018\/11\/d566995a-divida-publica-jpg.webp","datePublished":"2019-01-28T19:43:51+00:00","description":"Ouve acr\u00e9scimo de 8,9% na d\u00edvida p\u00fablica de 2018 em rela\u00e7\u00e3o a 2017, que chegou a R$ 3,55 trilh\u00f5es. Clique para saber mais.","breadcrumb":{"@id":"https:\/\/www.suno.com.br\/noticias\/divida-publica-alcancar-trilhoes\/#breadcrumb"},"inLanguage":"pt-BR","potentialAction":[{"@type":"ReadAction","target":["https:\/\/www.suno.com.br\/noticias\/divida-publica-alcancar-trilhoes\/"]}]},{"@type":"ImageObject","inLanguage":"pt-BR","@id":"https:\/\/www.suno.com.br\/noticias\/divida-publica-alcancar-trilhoes\/#primaryimage","url":"https:\/\/files.sunoresearch.com.br\/n\/uploads\/2018\/11\/d566995a-divida-publica-jpg.webp","contentUrl":"https:\/\/files.sunoresearch.com.br\/n\/uploads\/2018\/11\/d566995a-divida-publica-jpg.webp","width":1920,"height":1440,"caption":"D\u00edvida p\u00fablica"},{"@type":"BreadcrumbList","@id":"https:\/\/www.suno.com.br\/noticias\/divida-publica-alcancar-trilhoes\/#breadcrumb","itemListElement":[{"@type":"ListItem","position":1,"name":"Not\u00edcias","item":"https:\/\/www.suno.com.br\/noticias\/"},{"@type":"ListItem","position":2,"name":"Economia","item":"https:\/\/www.suno.com.br\/noticias\/economia\/"},{"@type":"ListItem","position":3,"name":"D\u00edvida p\u00fablica pode alcan\u00e7ar R$ 4,3 trilh\u00f5es em 2019, diz Tesouro Nacional"}]},{"@type":"WebSite","@id":"https:\/\/www.suno.com.br\/noticias\/#website","url":"https:\/\/www.suno.com.br\/noticias\/","name":"Suno Not\u00edcias","description":"Seu portal de informa\u00e7\u00e3o sobre o mundo dos investimentos","publisher":{"@id":"https:\/\/www.suno.com.br\/noticias\/#organization"},"potentialAction":[{"@type":"SearchAction","target":{"@type":"EntryPoint","urlTemplate":"https:\/\/www.suno.com.br\/noticias\/?s={search_term_string}"},"query-input":{"@type":"PropertyValueSpecification","valueRequired":true,"valueName":"search_term_string"}}],"inLanguage":"pt-BR"},{"@type":"Organization","@id":"https:\/\/www.suno.com.br\/noticias\/#organization","name":"Suno Not\u00edcias","url":"https:\/\/www.suno.com.br\/noticias\/","logo":{"@type":"ImageObject","inLanguage":"pt-BR","@id":"https:\/\/www.suno.com.br\/noticias\/#\/schema\/logo\/image\/","url":"https:\/\/files.sunoresearch.com.br\/n\/uploads\/2021\/09\/suno-logo.png","contentUrl":"https:\/\/files.sunoresearch.com.br\/n\/uploads\/2021\/09\/suno-logo.png","width":180,"height":180,"caption":"Suno Not\u00edcias"},"image":{"@id":"https:\/\/www.suno.com.br\/noticias\/#\/schema\/logo\/image\/"},"sameAs":["https:\/\/facebook.com\/sunoresearch","https:\/\/x.com\/sunoresearch","https:\/\/www.instagram.com\/suno","https:\/\/www.linkedin.com\/company\/suno-research\/","https:\/\/www.youtube.com\/c\/sunoresearch"]},{"@type":"Person","@id":"https:\/\/www.suno.com.br\/noticias\/#\/schema\/person\/3f7693d5795a3f6d5ce15309ee785699","name":"Renan Dantas","image":{"@type":"ImageObject","inLanguage":"pt-BR","@id":"https:\/\/www.suno.com.br\/noticias\/#\/schema\/person\/image\/","url":"https:\/\/secure.gravatar.com\/avatar\/1787b83e7484a08e51d62ac8b41c8396?s=96&r=g","contentUrl":"https:\/\/secure.gravatar.com\/avatar\/1787b83e7484a08e51d62ac8b41c8396?s=96&r=g","caption":"Renan Dantas"},"description":"Escreve sobre pol\u00edtica e mercado financeiro para o portal Suno Not\u00edcias. Antes, atuou na assessoria de comunica\u00e7\u00e3o do Minist\u00e9rio P\u00fablico do Trabalho e na R\u00e1dio Mackenzie, onde apresentava e produzia um programa sobre artistas da m\u00fasica brasileira. \u00c9 estudante na Universidade Presbiteriana Mackenzie.","url":"https:\/\/www.suno.com.br\/noticias\/author\/renan-dantas\/"}]}},"default_loop_html":"<div class=\"cardsPage__listCard__boxs\"><div class=\"cardsPage__listCard__boxs__img\"><a href=\"https:\/\/www.suno.com.br\/noticias\/divida-publica-alcancar-trilhoes\/\"><img class=\"mask\" src=\"https:\/\/www.suno.com.br\/noticias\/wp-content\/themes\/suno\/resources\/images\/spotlight\/spotlight1img\/bg-mask.png\" alt=\"Image Mask\"\/><img src=\"https:\/\/files.sunoresearch.com.br\/n\/uploads\/2018\/11\/d566995a-divida-publica-400x200.webp\" alt=\"D\u00edvida p\u00fablica pode alcan\u00e7ar R$ 4,3 trilh\u00f5es em 2019, diz Tesouro Nacional\"\/><\/a><span class=\"spotlightCategory\"><a href=\"https:\/\/www.suno.com.br\/noticias\/economia\/\">Economia<\/a><\/span><\/div><div class=\"cardsPage__listCard__boxs__content\"><a href=\"https:\/\/www.suno.com.br\/noticias\/divida-publica-alcancar-trilhoes\/\"><h2 class=\"content__title\">D\u00edvida p\u00fablica pode alcan\u00e7ar R$ 4,3 trilh\u00f5es em 2019, diz Tesouro Nacional<\/h2><\/a><div class=\"newsContent__article__meta\"><div class=\"newsContent__article__meta__authorBox\"><a href=\"https:\/\/www.suno.com.br\/noticias\/author\/renan-dantas\/\" class=\"authorBox__avatar noMobi\"><img src=\"https:\/\/secure.gravatar.com\/avatar\/1787b83e7484a08e51d62ac8b41c8396?s=96&#038;r=g\" alt=\"Renan Dantas\"><\/a><div class=\"authorBox__name\"><span>por\n\t\t\t<a href=\"https:\/\/www.suno.com.br\/noticias\/author\/renan-dantas\/\"><span itemprop=\"author\">Renan Dantas<\/span><\/a><\/span><time datetime=\"2019-01-28T17:43:51-02:00\" itemprop=\"datePublished\">28\/01\/2019 17:43<\/time><\/div><\/div><\/div><\/div><\/div>","single_layout":"posts","amp_enabled":true,"_links":{"self":[{"href":"https:\/\/www.suno.com.br\/noticias\/wp-json\/wp\/v2\/posts\/13200"}],"collection":[{"href":"https:\/\/www.suno.com.br\/noticias\/wp-json\/wp\/v2\/posts"}],"about":[{"href":"https:\/\/www.suno.com.br\/noticias\/wp-json\/wp\/v2\/types\/post"}],"author":[{"embeddable":true,"href":"https:\/\/www.suno.com.br\/noticias\/wp-json\/wp\/v2\/users\/14"}],"replies":[{"embeddable":true,"href":"https:\/\/www.suno.com.br\/noticias\/wp-json\/wp\/v2\/comments?post=13200"}],"version-history":[{"count":0,"href":"https:\/\/www.suno.com.br\/noticias\/wp-json\/wp\/v2\/posts\/13200\/revisions"}],"wp:featuredmedia":[{"embeddable":true,"href":"https:\/\/www.suno.com.br\/noticias\/wp-json\/wp\/v2\/media\/6973"}],"wp:attachment":[{"href":"https:\/\/www.suno.com.br\/noticias\/wp-json\/wp\/v2\/media?parent=13200"}],"wp:term":[{"taxonomy":"category","embeddable":true,"href":"https:\/\/www.suno.com.br\/noticias\/wp-json\/wp\/v2\/categories?post=13200"},{"taxonomy":"post_tag","embeddable":true,"href":"https:\/\/www.suno.com.br\/noticias\/wp-json\/wp\/v2\/tags?post=13200"},{"taxonomy":"suno_strategy","embeddable":true,"href":"https:\/\/www.suno.com.br\/noticias\/wp-json\/wp\/v2\/suno_strategy?post=13200"}],"curies":[{"name":"wp","href":"https:\/\/api.w.org\/{rel}","templated":true}]}}