{"id":131878,"date":"2021-03-15T18:05:55","date_gmt":"2021-03-15T21:05:55","guid":{"rendered":"https:\/\/www.suno.com.br\/noticias\/?p=131878"},"modified":"2021-03-15T19:02:25","modified_gmt":"2021-03-15T22:02:25","slug":"eua-cheques-pacote-biden","status":"publish","type":"post","link":"https:\/\/www.suno.com.br\/noticias\/eua-cheques-pacote-biden\/","title":{"rendered":"EUA enviar\u00e3o 100 mi de cheques do pacote nos pr\u00f3ximos 10 dias, diz Biden"},"content":{"rendered":"<p>O presidente dos Estados Unidos, <strong>Joe Biden<\/strong>, afirmou nesta segunda-feira (15) que o governo norte-americano enviar\u00e1 100 milh\u00f5es de cheques do <strong>pacote fiscal<\/strong> nos pr\u00f3ximos dez dias.<\/p>\t<div class=\"wrapper-featured-image\">\n\t\t<figure class=\"spotlightImg\">\n\n\t\t\t<picture>\n\t\t\t\t<source media=\"(max-width: 768px)\" srcset=\"https:\/\/files.sunoresearch.com.br\/n\/uploads\/2021\/02\/5919fcd2-48651176162_3d298cdbe1_b-400x200.webp\">\n\t\t\t\t<img loading=\"lazy\" decoding=\"async\" class=\"newsContent__article__imgCapa lazyloadDisabled \" src=\"https:\/\/files.sunoresearch.com.br\/n\/uploads\/2021\/02\/5919fcd2-48651176162_3d298cdbe1_b-800x450.webp\" width=\"800\" height=\"450\" alt=\"EUA enviar\u00e3o 100 mi de cheques do pacote nos pr\u00f3ximos 10 dias, diz Biden\" fetchpriority=high \/>\n\t\t\t<\/picture>\n\n\t\t\t<figcaption class=\"wp-caption-text wp-caption-text--show\">Joe Biden <\/figcaption>\n\t\t<\/figure>\n\t<\/div>\n\n\n\t<p>\n\t\t<a href=\"https:\/\/lp.suno.com.br\/planilha-controle-gastos\/\" target=\"_blank\" data-element=\"shortcode-suno-banner\" title=\"Banner SUNO, clique e saiba mais\">\n\t\t\t<picture>\n\t\t\t\t<source media=\"(max-width: 500px)\" srcset=\"https:\/\/files.sunoresearch.com.br\/n\/uploads\/2023\/03\/400x300-Planilha-controle-de-gastos.png\">\n\t\t\t\t<img class=\"newsContent__article__imgCapa newsContent__article__imgCapa--banner\"\n\t\t\t\t\tsrc=\"https:\/\/files.sunoresearch.com.br\/n\/uploads\/2023\/03\/1420x240-Planilha-controle-de-gastos.png\"\n\t\t\t\t\tdata-promo-id=\"101751\"\t\t\t\t\t\t\t\t\t\twidth='1420' height='240'\t\t\t\t\talt=\"https:\/\/files.sunoresearch.com.br\/n\/uploads\/2023\/03\/1420x240-Planilha-controle-de-gastos.png\"\n\t\t\t\t>\n\t\t\t<\/picture>\n\t\t<\/a>\n\t<\/p>\n\n\n<p>A legisla\u00e7\u00e3o do pacote fiscal, aprovada no Congresso e assinada pelo chefe da Casa Branca na \u00faltima semana, prev\u00ea pagamentos diretos de US$ 1,4 mil para quem ganha at\u00e9 US$ 75 mil por ano.<\/p>\n<p>&#8220;O <strong>Plano de Resgate Americano<\/strong> j\u00e1 est\u00e1 fazendo o que foi projetado para fazer: a diferen\u00e7a na vida cotidiana das pessoas&#8221;, disse o democrata durante um discurso sobre a implementa\u00e7\u00e3o dos est\u00edmulos trilion\u00e1rios. &#8220;O diabo est\u00e1 nos detalhes&#8221;, afirmou Biden, ao dizer que o envio dos benef\u00edcios requer supervis\u00e3o &#8220;meticulosa&#8221;.<\/p>\n<p>Al\u00e9m disso, Biden confirmou que nomear\u00e1 Gene Sperling, ex-diretor do Conselho Econ\u00f4mico Nacional, para supervisionar a implementa\u00e7\u00e3o da lei. Sob o argumento de que\u00a0o economista estar\u00e1 em contato direto com prefeitos e governadores.<\/p>\n<p><a href=\"https:\/\/lp.suno.com.br\/suno-one\/\">Suno One: acesse gratuitamente eBooks, Minicursos, Artigos e V\u00eddeo Aulas sobre investimentos com um \u00fanico cadastro. Clique para saber mais!<\/a><\/p>\n<p>O mandat\u00e1rio refor\u00e7ou ainda que o pacote fiscal tem foco em &#8220;reconstruir a espinha dorsal do pa\u00eds&#8221; e que o governo pode levar a economia americana &#8220;de volta aos trilhos&#8221; ao fornecer apoio a pequenas empresas.<\/p>\n<p>Os EUA alcan\u00e7ar\u00e3o a marca de 100 milh\u00f5es de doses de vacinas contra a covid-19 aplicadas nos pr\u00f3ximos dez dias, afirmou o presidente.<\/p>\n<h2>Em vit\u00f3ria de Biden, Congresso aprova pacote fiscal de US$ 1,9 trilh\u00e3o<\/h2>\n<p>A \u00a0vers\u00e3o final do pacote fiscal de US$ 1,9 trilh\u00e3o proposto pelo governo americano, foi aprovada pela C\u00e2mara dos Representantes na \u00faltima quarta-feira (10). Essa representa a primeira vit\u00f3ria legislativa do presidente dos Estados Unidos, <a href=\"https:\/\/www.suno.com.br\/noticias\/joe-biden-conheca-o-novo-presidente-dos-estados-unidos\/#:~:text=Editora%20da%20Suno%20Not%C3%ADcias%2C%20%C3%A9,comunica%C3%A7%C3%A3o%20corporativa%20para%20institui%C3%A7%C3%B5es%20financeiras.\">Joe <strong>Biden<\/strong>.<\/a><\/p>\n<p>Cabe destacar que a proposta de est\u00edmulos j\u00e1 havia sido aprovada na C\u00e2mara ao final de fevereiro, mas voltou para an\u00e1lise dos deputados ap\u00f3s algumas altera\u00e7\u00f5es feitas pelo Senado norte-americano.<\/p>\n<p>A proposta do <strong>pacote de est\u00edmulos<\/strong> foi aprovada com 220 votos favor\u00e1veis e 211 contr\u00e1rios. Se por um lado, nenhum <strong>republicano<\/strong> votou a favor da aprova\u00e7\u00e3o da lei, por outro, s\u00f3 um <strong>democrata<\/strong> votou contra.<\/p>\n<p>Com informa\u00e7\u00f5es do Estad\u00e3o Conte\u00fado<\/p>\n\t<p>\n\t\t<a href=\"https:\/\/lp.suno.com.br\/planilha-de-controle-de-investimentos\/\" target=\"_blank\" data-element=\"shortcode-suno-banner\" title=\"Banner SUNO, clique e saiba mais\">\n\t\t\t<picture>\n\t\t\t\t<source media=\"(max-width: 500px)\" srcset=\"https:\/\/files.sunoresearch.com.br\/n\/uploads\/2023\/03\/400x300-Controle-de-Investimentos.png\">\n\t\t\t\t<img class=\"newsContent__article__imgCapa newsContent__article__imgCapa--banner\"\n\t\t\t\t\tsrc=\"https:\/\/files.sunoresearch.com.br\/n\/uploads\/2023\/03\/1420x240-Controle-de-Investimentos.png\"\n\t\t\t\t\tdata-promo-id=\"75934\"\t\t\t\t\t\t\t\t\t\twidth='1420' height='240'\t\t\t\t\talt=\"https:\/\/files.sunoresearch.com.br\/n\/uploads\/2023\/03\/1420x240-Controle-de-Investimentos.png\"\n\t\t\t\t>\n\t\t\t<\/picture>\n\t\t<\/a>\n\t<\/p>\n\n\n","protected":false},"excerpt":{"rendered":"<p>O presidente dos Estados Unidos, Joe Biden, afirmou nesta segunda-feira (15) que o governo norte-americano enviar\u00e1 100 milh\u00f5es de cheques do pacote fiscal nos pr\u00f3ximos dez dias. Joe Biden A legisla\u00e7\u00e3o do pacote fiscal, aprovada no Congresso e assinada pelo chefe da Casa Branca na \u00faltima semana, prev\u00ea pagamentos diretos de US$ 1,4 mil para [&hellip;]<\/p>\n","protected":false},"author":56,"featured_media":118950,"comment_status":"closed","ping_status":"closed","sticky":false,"template":"","format":"standard","meta":[],"categories":[63],"tags":[793,73481,18923],"suno_strategy":[],"class_list":["post-131878","post","type-post","status-publish","format-standard","has-post-thumbnail","hentry","category-internacional","tag-estados-unidos-eua","tag-joe-biden","tag-pacote-de-auxilio"],"yoast_head":"<!-- This site is optimized with the Yoast SEO plugin v24.4 - https:\/\/yoast.com\/wordpress\/plugins\/seo\/ -->\n<title>EUA enviar\u00e3o 100 mi de cheques do pacote nos pr\u00f3ximos dias, diz Biden<\/title>\n<meta name=\"description\" content=\"A legisla\u00e7\u00e3o do pacote fiscal prev\u00ea pagamentos diretos de US$ 1,4 mil para quem ganha at\u00e9 US$ 75 mil por ano. Clique aqui para saber mais.\" \/>\n<meta name=\"robots\" content=\"index, follow, max-snippet:-1, max-image-preview:large, max-video-preview:-1\" \/>\n<link rel=\"canonical\" href=\"https:\/\/www.suno.com.br\/noticias\/eua-cheques-pacote-biden\/\" \/>\n<meta property=\"og:locale\" content=\"pt_BR\" \/>\n<meta property=\"og:type\" content=\"article\" \/>\n<meta property=\"og:title\" content=\"EUA enviar\u00e3o 100 mi de cheques do pacote nos pr\u00f3ximos dias, diz Biden\" \/>\n<meta property=\"og:description\" content=\"A legisla\u00e7\u00e3o do pacote fiscal prev\u00ea pagamentos diretos de US$ 1,4 mil para quem ganha at\u00e9 US$ 75 mil por ano. Clique aqui para saber mais.\" \/>\n<meta property=\"og:url\" content=\"https:\/\/www.suno.com.br\/noticias\/eua-cheques-pacote-biden\/\" \/>\n<meta property=\"og:site_name\" content=\"Suno Not\u00edcias\" \/>\n<meta property=\"article:publisher\" content=\"https:\/\/facebook.com\/sunoresearch\" \/>\n<meta property=\"og:image\" content=\"https:\/\/files.sunoresearch.com.br\/n\/uploads\/2021\/02\/5919fcd2-48651176162_3d298cdbe1_b.jpg\" \/>\n\t<meta property=\"og:image:width\" content=\"1024\" \/>\n\t<meta property=\"og:image:height\" content=\"683\" \/>\n\t<meta property=\"og:image:type\" content=\"image\/jpeg\" \/>\n<meta name=\"author\" content=\"Rafaela La Regina\" \/>\n<meta name=\"twitter:card\" content=\"summary_large_image\" \/>\n<meta name=\"twitter:creator\" content=\"@sunoresearch\" \/>\n<meta name=\"twitter:site\" content=\"@sunoresearch\" \/>\n<meta name=\"twitter:label1\" content=\"Escrito por\" \/>\n\t<meta name=\"twitter:data1\" content=\"Rafaela La Regina\" \/>\n\t<meta name=\"twitter:label2\" content=\"Est. tempo de leitura\" \/>\n\t<meta name=\"twitter:data2\" content=\"2 minutos\" \/>\n<script type=\"application\/ld+json\" class=\"yoast-schema-graph\">{\"@context\":\"https:\/\/schema.org\",\"@graph\":[{\"@type\":\"NewsArticle\",\"@id\":\"https:\/\/www.suno.com.br\/noticias\/eua-cheques-pacote-biden\/#article\",\"isPartOf\":{\"@id\":\"https:\/\/www.suno.com.br\/noticias\/eua-cheques-pacote-biden\/\"},\"author\":{\"name\":\"Rafaela La Regina\",\"@id\":\"https:\/\/www.suno.com.br\/noticias\/#\/schema\/person\/e672ca8cea627fe715fa29bca7da95e0\"},\"headline\":\"EUA enviar\u00e3o 100 mi de cheques do pacote nos pr\u00f3ximos 10 dias, diz Biden\",\"datePublished\":\"2021-03-15T21:05:55+00:00\",\"dateModified\":\"2021-03-15T22:02:25+00:00\",\"mainEntityOfPage\":{\"@id\":\"https:\/\/www.suno.com.br\/noticias\/eua-cheques-pacote-biden\/\"},\"wordCount\":391,\"publisher\":{\"@id\":\"https:\/\/www.suno.com.br\/noticias\/#organization\"},\"image\":{\"@id\":\"https:\/\/www.suno.com.br\/noticias\/eua-cheques-pacote-biden\/#primaryimage\"},\"thumbnailUrl\":\"https:\/\/files.sunoresearch.com.br\/n\/uploads\/2021\/02\/5919fcd2-48651176162_3d298cdbe1_b-jpg.webp\",\"keywords\":[\"Estados Unidos (EUA)\",\"Joe Biden\",\"pacote de aux\u00edlio\"],\"articleSection\":[\"Internacional\"],\"inLanguage\":\"pt-BR\"},{\"@type\":\"WebPage\",\"@id\":\"https:\/\/www.suno.com.br\/noticias\/eua-cheques-pacote-biden\/\",\"url\":\"https:\/\/www.suno.com.br\/noticias\/eua-cheques-pacote-biden\/\",\"name\":\"EUA enviar\u00e3o 100 mi de cheques do pacote nos pr\u00f3ximos dias, diz Biden\",\"isPartOf\":{\"@id\":\"https:\/\/www.suno.com.br\/noticias\/#website\"},\"primaryImageOfPage\":{\"@id\":\"https:\/\/www.suno.com.br\/noticias\/eua-cheques-pacote-biden\/#primaryimage\"},\"image\":{\"@id\":\"https:\/\/www.suno.com.br\/noticias\/eua-cheques-pacote-biden\/#primaryimage\"},\"thumbnailUrl\":\"https:\/\/files.sunoresearch.com.br\/n\/uploads\/2021\/02\/5919fcd2-48651176162_3d298cdbe1_b-jpg.webp\",\"datePublished\":\"2021-03-15T21:05:55+00:00\",\"dateModified\":\"2021-03-15T22:02:25+00:00\",\"description\":\"A legisla\u00e7\u00e3o do pacote fiscal prev\u00ea pagamentos diretos de US$ 1,4 mil para quem ganha at\u00e9 US$ 75 mil por ano. Clique aqui para saber mais.\",\"breadcrumb\":{\"@id\":\"https:\/\/www.suno.com.br\/noticias\/eua-cheques-pacote-biden\/#breadcrumb\"},\"inLanguage\":\"pt-BR\",\"potentialAction\":[{\"@type\":\"ReadAction\",\"target\":[\"https:\/\/www.suno.com.br\/noticias\/eua-cheques-pacote-biden\/\"]}]},{\"@type\":\"ImageObject\",\"inLanguage\":\"pt-BR\",\"@id\":\"https:\/\/www.suno.com.br\/noticias\/eua-cheques-pacote-biden\/#primaryimage\",\"url\":\"https:\/\/files.sunoresearch.com.br\/n\/uploads\/2021\/02\/5919fcd2-48651176162_3d298cdbe1_b-jpg.webp\",\"contentUrl\":\"https:\/\/files.sunoresearch.com.br\/n\/uploads\/2021\/02\/5919fcd2-48651176162_3d298cdbe1_b-jpg.webp\",\"width\":1024,\"height\":683,\"caption\":\"Joe Biden\"},{\"@type\":\"BreadcrumbList\",\"@id\":\"https:\/\/www.suno.com.br\/noticias\/eua-cheques-pacote-biden\/#breadcrumb\",\"itemListElement\":[{\"@type\":\"ListItem\",\"position\":1,\"name\":\"Not\u00edcias\",\"item\":\"https:\/\/www.suno.com.br\/noticias\/\"},{\"@type\":\"ListItem\",\"position\":2,\"name\":\"Internacional\",\"item\":\"https:\/\/www.suno.com.br\/noticias\/internacional\/\"},{\"@type\":\"ListItem\",\"position\":3,\"name\":\"EUA enviar\u00e3o 100 mi de cheques do pacote nos pr\u00f3ximos 10 dias, diz Biden\"}]},{\"@type\":\"WebSite\",\"@id\":\"https:\/\/www.suno.com.br\/noticias\/#website\",\"url\":\"https:\/\/www.suno.com.br\/noticias\/\",\"name\":\"Suno Not\u00edcias\",\"description\":\"Seu portal de informa\u00e7\u00e3o sobre o mundo dos investimentos\",\"publisher\":{\"@id\":\"https:\/\/www.suno.com.br\/noticias\/#organization\"},\"potentialAction\":[{\"@type\":\"SearchAction\",\"target\":{\"@type\":\"EntryPoint\",\"urlTemplate\":\"https:\/\/www.suno.com.br\/noticias\/?s={search_term_string}\"},\"query-input\":{\"@type\":\"PropertyValueSpecification\",\"valueRequired\":true,\"valueName\":\"search_term_string\"}}],\"inLanguage\":\"pt-BR\"},{\"@type\":\"Organization\",\"@id\":\"https:\/\/www.suno.com.br\/noticias\/#organization\",\"name\":\"Suno Not\u00edcias\",\"url\":\"https:\/\/www.suno.com.br\/noticias\/\",\"logo\":{\"@type\":\"ImageObject\",\"inLanguage\":\"pt-BR\",\"@id\":\"https:\/\/www.suno.com.br\/noticias\/#\/schema\/logo\/image\/\",\"url\":\"https:\/\/files.sunoresearch.com.br\/n\/uploads\/2021\/09\/suno-logo.png\",\"contentUrl\":\"https:\/\/files.sunoresearch.com.br\/n\/uploads\/2021\/09\/suno-logo.png\",\"width\":180,\"height\":180,\"caption\":\"Suno Not\u00edcias\"},\"image\":{\"@id\":\"https:\/\/www.suno.com.br\/noticias\/#\/schema\/logo\/image\/\"},\"sameAs\":[\"https:\/\/facebook.com\/sunoresearch\",\"https:\/\/x.com\/sunoresearch\",\"https:\/\/www.instagram.com\/suno\",\"https:\/\/www.linkedin.com\/company\/suno-research\/\",\"https:\/\/www.youtube.com\/c\/sunoresearch\"]},{\"@type\":\"Person\",\"@id\":\"https:\/\/www.suno.com.br\/noticias\/#\/schema\/person\/e672ca8cea627fe715fa29bca7da95e0\",\"name\":\"Rafaela La Regina\",\"image\":{\"@type\":\"ImageObject\",\"inLanguage\":\"pt-BR\",\"@id\":\"https:\/\/www.suno.com.br\/noticias\/#\/schema\/person\/image\/\",\"url\":\"https:\/\/secure.gravatar.com\/avatar\/d2c75a52d243deb93d0465fdcb21bd37?s=96&r=g\",\"contentUrl\":\"https:\/\/secure.gravatar.com\/avatar\/d2c75a52d243deb93d0465fdcb21bd37?s=96&r=g\",\"caption\":\"Rafaela La Regina\"},\"description\":\"Estagi\u00e1ria no Suno Not\u00edcias. Escreve sobre economia, pol\u00edtica e neg\u00f3cios. Estuda Rela\u00e7\u00f5es Internacionais no IBMEC-SP.\",\"url\":\"https:\/\/www.suno.com.br\/noticias\/author\/rafaela-la-regina\/\"}]}<\/script>\n<!-- \/ Yoast SEO plugin. -->","yoast_head_json":{"title":"EUA enviar\u00e3o 100 mi de cheques do pacote nos pr\u00f3ximos dias, diz Biden","description":"A legisla\u00e7\u00e3o do pacote fiscal prev\u00ea pagamentos diretos de US$ 1,4 mil para quem ganha at\u00e9 US$ 75 mil por ano. Clique aqui para saber mais.","robots":{"index":"index","follow":"follow","max-snippet":"max-snippet:-1","max-image-preview":"max-image-preview:large","max-video-preview":"max-video-preview:-1"},"canonical":"https:\/\/www.suno.com.br\/noticias\/eua-cheques-pacote-biden\/","og_locale":"pt_BR","og_type":"article","og_title":"EUA enviar\u00e3o 100 mi de cheques do pacote nos pr\u00f3ximos dias, diz Biden","og_description":"A legisla\u00e7\u00e3o do pacote fiscal prev\u00ea pagamentos diretos de US$ 1,4 mil para quem ganha at\u00e9 US$ 75 mil por ano. Clique aqui para saber mais.","og_url":"https:\/\/www.suno.com.br\/noticias\/eua-cheques-pacote-biden\/","og_site_name":"Suno Not\u00edcias","article_publisher":"https:\/\/facebook.com\/sunoresearch","og_image":[{"width":1024,"height":683,"url":"https:\/\/files.sunoresearch.com.br\/n\/uploads\/2021\/02\/5919fcd2-48651176162_3d298cdbe1_b.jpg","type":"image\/jpeg"}],"author":"Rafaela La Regina","twitter_card":"summary_large_image","twitter_creator":"@sunoresearch","twitter_site":"@sunoresearch","twitter_misc":{"Escrito por":"Rafaela La Regina","Est. tempo de leitura":"2 minutos"},"schema":{"@context":"https:\/\/schema.org","@graph":[{"@type":"NewsArticle","@id":"https:\/\/www.suno.com.br\/noticias\/eua-cheques-pacote-biden\/#article","isPartOf":{"@id":"https:\/\/www.suno.com.br\/noticias\/eua-cheques-pacote-biden\/"},"author":{"name":"Rafaela La Regina","@id":"https:\/\/www.suno.com.br\/noticias\/#\/schema\/person\/e672ca8cea627fe715fa29bca7da95e0"},"headline":"EUA enviar\u00e3o 100 mi de cheques do pacote nos pr\u00f3ximos 10 dias, diz Biden","datePublished":"2021-03-15T21:05:55+00:00","dateModified":"2021-03-15T22:02:25+00:00","mainEntityOfPage":{"@id":"https:\/\/www.suno.com.br\/noticias\/eua-cheques-pacote-biden\/"},"wordCount":391,"publisher":{"@id":"https:\/\/www.suno.com.br\/noticias\/#organization"},"image":{"@id":"https:\/\/www.suno.com.br\/noticias\/eua-cheques-pacote-biden\/#primaryimage"},"thumbnailUrl":"https:\/\/files.sunoresearch.com.br\/n\/uploads\/2021\/02\/5919fcd2-48651176162_3d298cdbe1_b-jpg.webp","keywords":["Estados Unidos (EUA)","Joe Biden","pacote de aux\u00edlio"],"articleSection":["Internacional"],"inLanguage":"pt-BR"},{"@type":"WebPage","@id":"https:\/\/www.suno.com.br\/noticias\/eua-cheques-pacote-biden\/","url":"https:\/\/www.suno.com.br\/noticias\/eua-cheques-pacote-biden\/","name":"EUA enviar\u00e3o 100 mi de cheques do pacote nos pr\u00f3ximos dias, diz Biden","isPartOf":{"@id":"https:\/\/www.suno.com.br\/noticias\/#website"},"primaryImageOfPage":{"@id":"https:\/\/www.suno.com.br\/noticias\/eua-cheques-pacote-biden\/#primaryimage"},"image":{"@id":"https:\/\/www.suno.com.br\/noticias\/eua-cheques-pacote-biden\/#primaryimage"},"thumbnailUrl":"https:\/\/files.sunoresearch.com.br\/n\/uploads\/2021\/02\/5919fcd2-48651176162_3d298cdbe1_b-jpg.webp","datePublished":"2021-03-15T21:05:55+00:00","dateModified":"2021-03-15T22:02:25+00:00","description":"A legisla\u00e7\u00e3o do pacote fiscal prev\u00ea pagamentos diretos de US$ 1,4 mil para quem ganha at\u00e9 US$ 75 mil por ano. Clique aqui para saber mais.","breadcrumb":{"@id":"https:\/\/www.suno.com.br\/noticias\/eua-cheques-pacote-biden\/#breadcrumb"},"inLanguage":"pt-BR","potentialAction":[{"@type":"ReadAction","target":["https:\/\/www.suno.com.br\/noticias\/eua-cheques-pacote-biden\/"]}]},{"@type":"ImageObject","inLanguage":"pt-BR","@id":"https:\/\/www.suno.com.br\/noticias\/eua-cheques-pacote-biden\/#primaryimage","url":"https:\/\/files.sunoresearch.com.br\/n\/uploads\/2021\/02\/5919fcd2-48651176162_3d298cdbe1_b-jpg.webp","contentUrl":"https:\/\/files.sunoresearch.com.br\/n\/uploads\/2021\/02\/5919fcd2-48651176162_3d298cdbe1_b-jpg.webp","width":1024,"height":683,"caption":"Joe Biden"},{"@type":"BreadcrumbList","@id":"https:\/\/www.suno.com.br\/noticias\/eua-cheques-pacote-biden\/#breadcrumb","itemListElement":[{"@type":"ListItem","position":1,"name":"Not\u00edcias","item":"https:\/\/www.suno.com.br\/noticias\/"},{"@type":"ListItem","position":2,"name":"Internacional","item":"https:\/\/www.suno.com.br\/noticias\/internacional\/"},{"@type":"ListItem","position":3,"name":"EUA enviar\u00e3o 100 mi de cheques do pacote nos pr\u00f3ximos 10 dias, diz Biden"}]},{"@type":"WebSite","@id":"https:\/\/www.suno.com.br\/noticias\/#website","url":"https:\/\/www.suno.com.br\/noticias\/","name":"Suno Not\u00edcias","description":"Seu portal de informa\u00e7\u00e3o sobre o mundo dos investimentos","publisher":{"@id":"https:\/\/www.suno.com.br\/noticias\/#organization"},"potentialAction":[{"@type":"SearchAction","target":{"@type":"EntryPoint","urlTemplate":"https:\/\/www.suno.com.br\/noticias\/?s={search_term_string}"},"query-input":{"@type":"PropertyValueSpecification","valueRequired":true,"valueName":"search_term_string"}}],"inLanguage":"pt-BR"},{"@type":"Organization","@id":"https:\/\/www.suno.com.br\/noticias\/#organization","name":"Suno Not\u00edcias","url":"https:\/\/www.suno.com.br\/noticias\/","logo":{"@type":"ImageObject","inLanguage":"pt-BR","@id":"https:\/\/www.suno.com.br\/noticias\/#\/schema\/logo\/image\/","url":"https:\/\/files.sunoresearch.com.br\/n\/uploads\/2021\/09\/suno-logo.png","contentUrl":"https:\/\/files.sunoresearch.com.br\/n\/uploads\/2021\/09\/suno-logo.png","width":180,"height":180,"caption":"Suno Not\u00edcias"},"image":{"@id":"https:\/\/www.suno.com.br\/noticias\/#\/schema\/logo\/image\/"},"sameAs":["https:\/\/facebook.com\/sunoresearch","https:\/\/x.com\/sunoresearch","https:\/\/www.instagram.com\/suno","https:\/\/www.linkedin.com\/company\/suno-research\/","https:\/\/www.youtube.com\/c\/sunoresearch"]},{"@type":"Person","@id":"https:\/\/www.suno.com.br\/noticias\/#\/schema\/person\/e672ca8cea627fe715fa29bca7da95e0","name":"Rafaela La Regina","image":{"@type":"ImageObject","inLanguage":"pt-BR","@id":"https:\/\/www.suno.com.br\/noticias\/#\/schema\/person\/image\/","url":"https:\/\/secure.gravatar.com\/avatar\/d2c75a52d243deb93d0465fdcb21bd37?s=96&r=g","contentUrl":"https:\/\/secure.gravatar.com\/avatar\/d2c75a52d243deb93d0465fdcb21bd37?s=96&r=g","caption":"Rafaela La Regina"},"description":"Estagi\u00e1ria no Suno Not\u00edcias. Escreve sobre economia, pol\u00edtica e neg\u00f3cios. Estuda Rela\u00e7\u00f5es Internacionais no IBMEC-SP.","url":"https:\/\/www.suno.com.br\/noticias\/author\/rafaela-la-regina\/"}]}},"default_loop_html":"<div class=\"cardsPage__listCard__boxs\"><div class=\"cardsPage__listCard__boxs__img\"><a href=\"https:\/\/www.suno.com.br\/noticias\/eua-cheques-pacote-biden\/\"><img class=\"mask\" src=\"https:\/\/www.suno.com.br\/noticias\/wp-content\/themes\/suno\/resources\/images\/spotlight\/spotlight1img\/bg-mask.png\" alt=\"Image Mask\"\/><img src=\"https:\/\/files.sunoresearch.com.br\/n\/uploads\/2021\/02\/5919fcd2-48651176162_3d298cdbe1_b-400x200.webp\" alt=\"EUA enviar\u00e3o 100 mi de cheques do pacote nos pr\u00f3ximos 10 dias, diz Biden\"\/><\/a><span class=\"spotlightCategory\"><a href=\"https:\/\/www.suno.com.br\/noticias\/internacional\/\">Internacional<\/a><\/span><\/div><div class=\"cardsPage__listCard__boxs__content\"><a href=\"https:\/\/www.suno.com.br\/noticias\/eua-cheques-pacote-biden\/\"><h2 class=\"content__title\">EUA enviar\u00e3o 100 mi de cheques do pacote nos pr\u00f3ximos 10 dias, diz Biden<\/h2><\/a><div class=\"newsContent__article__meta\"><div class=\"newsContent__article__meta__authorBox\"><a href=\"https:\/\/www.suno.com.br\/noticias\/author\/rafaela-la-regina\/\" class=\"authorBox__avatar noMobi\"><img src=\"https:\/\/secure.gravatar.com\/avatar\/d2c75a52d243deb93d0465fdcb21bd37?s=96&#038;r=g\" alt=\"Rafaela La Regina\"><\/a><div class=\"authorBox__name\"><span>por\n\t\t\t<a href=\"https:\/\/www.suno.com.br\/noticias\/author\/rafaela-la-regina\/\"><span itemprop=\"author\">Rafaela La Regina<\/span><\/a><\/span><time datetime=\"2021-03-15T18:05:55-03:00\" itemprop=\"datePublished\">15\/03\/2021 18:05<\/time><\/div><\/div><\/div><\/div><\/div>","single_layout":"posts","amp_enabled":true,"_links":{"self":[{"href":"https:\/\/www.suno.com.br\/noticias\/wp-json\/wp\/v2\/posts\/131878"}],"collection":[{"href":"https:\/\/www.suno.com.br\/noticias\/wp-json\/wp\/v2\/posts"}],"about":[{"href":"https:\/\/www.suno.com.br\/noticias\/wp-json\/wp\/v2\/types\/post"}],"author":[{"embeddable":true,"href":"https:\/\/www.suno.com.br\/noticias\/wp-json\/wp\/v2\/users\/56"}],"replies":[{"embeddable":true,"href":"https:\/\/www.suno.com.br\/noticias\/wp-json\/wp\/v2\/comments?post=131878"}],"version-history":[{"count":3,"href":"https:\/\/www.suno.com.br\/noticias\/wp-json\/wp\/v2\/posts\/131878\/revisions"}],"predecessor-version":[{"id":131965,"href":"https:\/\/www.suno.com.br\/noticias\/wp-json\/wp\/v2\/posts\/131878\/revisions\/131965"}],"wp:featuredmedia":[{"embeddable":true,"href":"https:\/\/www.suno.com.br\/noticias\/wp-json\/wp\/v2\/media\/118950"}],"wp:attachment":[{"href":"https:\/\/www.suno.com.br\/noticias\/wp-json\/wp\/v2\/media?parent=131878"}],"wp:term":[{"taxonomy":"category","embeddable":true,"href":"https:\/\/www.suno.com.br\/noticias\/wp-json\/wp\/v2\/categories?post=131878"},{"taxonomy":"post_tag","embeddable":true,"href":"https:\/\/www.suno.com.br\/noticias\/wp-json\/wp\/v2\/tags?post=131878"},{"taxonomy":"suno_strategy","embeddable":true,"href":"https:\/\/www.suno.com.br\/noticias\/wp-json\/wp\/v2\/suno_strategy?post=131878"}],"curies":[{"name":"wp","href":"https:\/\/api.w.org\/{rel}","templated":true}]}}