{"id":13186,"date":"2019-01-28T16:27:45","date_gmt":"2019-01-28T18:27:45","guid":{"rendered":"https:\/\/www.suno.com.br\/noticias\/?p=13186"},"modified":"2019-01-28T16:37:19","modified_gmt":"2019-01-28T18:37:19","slug":"cirurgia-bolsonaro-termina-8-horas","status":"publish","type":"post","link":"https:\/\/www.suno.com.br\/noticias\/cirurgia-bolsonaro-termina-8-horas\/","title":{"rendered":"Cirurgia do presidente Jair Bolsonaro termina ap\u00f3s mais de 8 horas"},"content":{"rendered":"<p>A cirurgia a que o <a href=\"https:\/\/www.suno.com.br\/artigos\/o-que-esperar-do-proximo-governo\/\">presidente Jair Bolsonaro<\/a> foi submetido nesta segunda (28) terminou ap\u00f3s mais de oito horas de dura\u00e7\u00e3o, com sucesso.<\/p>\t<div class=\"wrapper-featured-image\">\n\t\t<figure class=\"spotlightImg\">\n\n\t\t\t<picture>\n\t\t\t\t<source media=\"(max-width: 768px)\" srcset=\"https:\/\/files.sunoresearch.com.br\/n\/uploads\/2018\/11\/8c6622b1-jair-bolsonaro-3-400x200.webp\">\n\t\t\t\t<img loading=\"lazy\" decoding=\"async\" class=\"newsContent__article__imgCapa lazyloadDisabled newsContent__article__imgCapa--noCaption\" src=\"https:\/\/files.sunoresearch.com.br\/n\/uploads\/2018\/11\/8c6622b1-jair-bolsonaro-3-jpg.webp\" width=\"800\" height=\"450\" alt=\"Cirurgia do presidente Jair Bolsonaro termina ap\u00f3s mais de 8 horas\" fetchpriority=high \/>\n\t\t\t<\/picture>\n\n\t\t\t<figcaption class=\"wp-caption-text wp-caption-text--hide\">O presidente da Rep\u00fablica,  Jair Bolsonaro. (divulga\u00e7\u00e3o)<\/figcaption>\n\t\t<\/figure>\n\t<\/div>\n\n\n<p>Conforme informado pelo Pal\u00e1cio do Planalto, &#8220;o boletim m\u00e9dico ser\u00e1 divulgado t\u00e3o logo seja autorizado pela equipe m\u00e9dica. \u00c0s 17h haver\u00e1 briefing \u00e0 imprensa com o porta-voz da Presid\u00eancia da Rep\u00fablica, general Rego Barros, no Hospital <strong>Albert Einstein<\/strong>, em S\u00e3o Paulo&#8221;.<\/p>\n<p><a href=\"https:\/\/www.suno.com.br\/noticias\/bolsonaro-sao-paulo-submetido-cirurgia\/\">Saiba mais: Bolsonaro chega a S\u00e3o Paulo para ser submetido a cirurgia<\/a><\/p>\n<p>O procedimento cir\u00fargico come\u00e7ou \u00e0s 6h30 desta segunda, de acordo com a assessoria da Presid\u00eancia. Ela foi realizada para a retirada da <strong>bolsa de colostomia<\/strong> e religar o tr\u00e2nsito intestinal. A recupera\u00e7\u00e3o de <strong>Bolsonaro<\/strong> deve levar at\u00e9 dez dias.<\/p>\n<p>O presidente postou um v\u00eddeo em seu Twitter na noite do \u00faltimo domingo, j\u00e1 no quarto do hospital, agradecendo os votos de sucesso na opera\u00e7\u00e3o.<\/p>\n<p>&#8220;Estou aqui em S\u00e3o Paulo, no <strong>Albert Einstein<\/strong>, onde amanh\u00e3, a partir das 7h, devo ser submetido \u00e0 <strong>cirurgia<\/strong> de retirada da <strong>bolsa de colostomia<\/strong>. Deve durar por volta de tr\u00eas horas. Mas, se Deus quiser, correr\u00e1 tudo bem. Meu muito obrigado a todos voc\u00eas, mais uma vez, e obrigado pelas ora\u00e7\u00f5es. O Brasil \u00e9 nosso&#8221;, disse <strong>Bolsonaro<\/strong> na grava\u00e7\u00e3o.<\/p>\n<p class=\"twitter-tweet\" data-lang=\"pt\">\n<p dir=\"ltr\" lang=\"pt\">Um forte abra\u00e7o a todos e at\u00e9 breve! Deus no comando! ??? <a href=\"https:\/\/t.co\/SegyTyNrol\">pic.twitter.com\/SegyTyNrol<\/a><\/p>\n<p>\u2014 Jair M. Bolsonaro (@jairbolsonaro) <a href=\"https:\/\/twitter.com\/jairbolsonaro\/status\/1089577826423136256?ref_src=twsrc%5Etfw\">27 de janeiro de 2019<\/a><\/p>\n<p><script async src=\"https:\/\/platform.twitter.com\/widgets.js\" charset=\"utf-8\"><\/script><\/p>\n<h2>Bolsa de colostomia implantada o ano passado<\/h2>\n<p>Em setembro de 2018 foi implantada em <strong>Bolsonaro<\/strong> uma <strong>bolsa de colostomi<\/strong>a no abd\u00f4men. Os m\u00e9dicos o operaram ap\u00f3s o presidente receber uma facada de Ad\u00e9lio Bispo de Oliveira durante campanha eleitoral em Juiz de Fora. Desde o atentado, o presidente passou por tr\u00eas <strong>cirurgias<\/strong>. Essa \u00faltima cirurgia \u00e9 necess\u00e1ria para reconstruir o tr\u00e2nsito intestinal. O presidente dever\u00e1 passar por exames pr\u00e9-operat\u00f3rios j\u00e1 neste domingo (27) e ficar em repouso.\u00a0O m\u00e9dico que comandar\u00e1 a equipe de cirurgi\u00f5es \u00e9 o gastroenterologista Antonio Luiz de Vasconcellos Macedo.<\/p>\n<p>A <strong>cirurgia<\/strong> est\u00e1 prevista para 6h desta segunda-feira e deveria durar de tr\u00eas a quatro horas. Os m\u00e9dicos retirar\u00e3o a bolsa de colostomia e religar\u00e3o as partes do intestino grosso que estavam separadas pela bolsa. <strong>Bolsonaro<\/strong> deveria se recuperar da cirurgia em dez dias.\u00a0Nesse per\u00edodo, o gabinete da Presid\u00eancia da Rep\u00fablica ser\u00e1 transferido para o Hospital <strong>Albert Einstein<\/strong>.<\/p>\n","protected":false},"excerpt":{"rendered":"<p>A cirurgia a que o presidente Jair Bolsonaro foi submetido nesta segunda (28) terminou ap\u00f3s mais de oito horas de dura\u00e7\u00e3o, com sucesso. O presidente da Rep\u00fablica, Jair Bolsonaro. (divulga\u00e7\u00e3o) Conforme informado pelo Pal\u00e1cio do Planalto, &#8220;o boletim m\u00e9dico ser\u00e1 divulgado t\u00e3o logo seja autorizado pela equipe m\u00e9dica. \u00c0s 17h haver\u00e1 briefing \u00e0 imprensa com [&hellip;]<\/p>\n","protected":false},"author":13,"featured_media":6930,"comment_status":"closed","ping_status":"closed","sticky":false,"template":"","format":"standard","meta":[],"categories":[61],"tags":[719],"suno_strategy":[],"class_list":["post-13186","post","type-post","status-publish","format-standard","has-post-thumbnail","hentry","category-politica","tag-jair-bolsonaro"],"yoast_head":"<!-- This site is optimized with the Yoast SEO plugin v24.4 - https:\/\/yoast.com\/wordpress\/plugins\/seo\/ -->\n<title>Cirurgia do presidente Jair Bolsonaro termina ap\u00f3s mais de 8 horas<\/title>\n<meta name=\"description\" content=\"A cirurgia a que o presidente Jair Bolsonaro foi submetido terminou ap\u00f3s mais de oito horas de dura\u00e7\u00e3o, com sucesso. Clique e saiba+\" \/>\n<meta name=\"robots\" content=\"index, follow, max-snippet:-1, max-image-preview:large, max-video-preview:-1\" \/>\n<link rel=\"canonical\" href=\"https:\/\/www.suno.com.br\/noticias\/cirurgia-bolsonaro-termina-8-horas\/\" \/>\n<meta property=\"og:locale\" content=\"pt_BR\" \/>\n<meta property=\"og:type\" content=\"article\" \/>\n<meta property=\"og:title\" content=\"Cirurgia do presidente Jair Bolsonaro termina ap\u00f3s mais de 8 horas\" \/>\n<meta property=\"og:description\" content=\"A cirurgia a que o presidente Jair Bolsonaro foi submetido terminou ap\u00f3s mais de oito horas de dura\u00e7\u00e3o, com sucesso. Clique e saiba+\" \/>\n<meta property=\"og:url\" content=\"https:\/\/www.suno.com.br\/noticias\/cirurgia-bolsonaro-termina-8-horas\/\" \/>\n<meta property=\"og:site_name\" content=\"Suno Not\u00edcias\" \/>\n<meta property=\"article:publisher\" content=\"https:\/\/facebook.com\/sunoresearch\" \/>\n<meta property=\"og:image\" content=\"https:\/\/files.sunoresearch.com.br\/n\/uploads\/2018\/11\/8c6622b1-jair-bolsonaro-3.jpg\" \/>\n\t<meta property=\"og:image:width\" content=\"640\" \/>\n\t<meta property=\"og:image:height\" content=\"399\" \/>\n\t<meta property=\"og:image:type\" content=\"image\/jpeg\" \/>\n<meta name=\"author\" content=\"Guilherme Caetano\" \/>\n<meta name=\"twitter:card\" content=\"summary_large_image\" \/>\n<meta name=\"twitter:creator\" content=\"@sunoresearch\" \/>\n<meta name=\"twitter:site\" content=\"@sunoresearch\" \/>\n<meta name=\"twitter:label1\" content=\"Escrito por\" \/>\n\t<meta name=\"twitter:data1\" content=\"Guilherme Caetano\" \/>\n\t<meta name=\"twitter:label2\" content=\"Est. tempo de leitura\" \/>\n\t<meta name=\"twitter:data2\" content=\"2 minutos\" \/>\n<script type=\"application\/ld+json\" class=\"yoast-schema-graph\">{\"@context\":\"https:\/\/schema.org\",\"@graph\":[{\"@type\":\"NewsArticle\",\"@id\":\"https:\/\/www.suno.com.br\/noticias\/cirurgia-bolsonaro-termina-8-horas\/#article\",\"isPartOf\":{\"@id\":\"https:\/\/www.suno.com.br\/noticias\/cirurgia-bolsonaro-termina-8-horas\/\"},\"author\":{\"name\":\"Guilherme Caetano\",\"@id\":\"https:\/\/www.suno.com.br\/noticias\/#\/schema\/person\/0d0c9687cd2f600c564f25980c140de9\"},\"headline\":\"Cirurgia do presidente Jair Bolsonaro termina ap\u00f3s mais de 8 horas\",\"datePublished\":\"2019-01-28T18:27:45+00:00\",\"dateModified\":\"2019-01-28T18:37:19+00:00\",\"mainEntityOfPage\":{\"@id\":\"https:\/\/www.suno.com.br\/noticias\/cirurgia-bolsonaro-termina-8-horas\/\"},\"wordCount\":418,\"publisher\":{\"@id\":\"https:\/\/www.suno.com.br\/noticias\/#organization\"},\"image\":{\"@id\":\"https:\/\/www.suno.com.br\/noticias\/cirurgia-bolsonaro-termina-8-horas\/#primaryimage\"},\"thumbnailUrl\":\"https:\/\/files.sunoresearch.com.br\/n\/uploads\/2018\/11\/8c6622b1-jair-bolsonaro-3-jpg.webp\",\"keywords\":[\"Jair Bolsonaro\"],\"articleSection\":[\"Pol\u00edtica\"],\"inLanguage\":\"pt-BR\"},{\"@type\":\"WebPage\",\"@id\":\"https:\/\/www.suno.com.br\/noticias\/cirurgia-bolsonaro-termina-8-horas\/\",\"url\":\"https:\/\/www.suno.com.br\/noticias\/cirurgia-bolsonaro-termina-8-horas\/\",\"name\":\"Cirurgia do presidente Jair Bolsonaro termina ap\u00f3s mais de 8 horas\",\"isPartOf\":{\"@id\":\"https:\/\/www.suno.com.br\/noticias\/#website\"},\"primaryImageOfPage\":{\"@id\":\"https:\/\/www.suno.com.br\/noticias\/cirurgia-bolsonaro-termina-8-horas\/#primaryimage\"},\"image\":{\"@id\":\"https:\/\/www.suno.com.br\/noticias\/cirurgia-bolsonaro-termina-8-horas\/#primaryimage\"},\"thumbnailUrl\":\"https:\/\/files.sunoresearch.com.br\/n\/uploads\/2018\/11\/8c6622b1-jair-bolsonaro-3-jpg.webp\",\"datePublished\":\"2019-01-28T18:27:45+00:00\",\"dateModified\":\"2019-01-28T18:37:19+00:00\",\"description\":\"A cirurgia a que o presidente Jair Bolsonaro foi submetido terminou ap\u00f3s mais de oito horas de dura\u00e7\u00e3o, com sucesso. Clique e saiba+\",\"breadcrumb\":{\"@id\":\"https:\/\/www.suno.com.br\/noticias\/cirurgia-bolsonaro-termina-8-horas\/#breadcrumb\"},\"inLanguage\":\"pt-BR\",\"potentialAction\":[{\"@type\":\"ReadAction\",\"target\":[\"https:\/\/www.suno.com.br\/noticias\/cirurgia-bolsonaro-termina-8-horas\/\"]}]},{\"@type\":\"ImageObject\",\"inLanguage\":\"pt-BR\",\"@id\":\"https:\/\/www.suno.com.br\/noticias\/cirurgia-bolsonaro-termina-8-horas\/#primaryimage\",\"url\":\"https:\/\/files.sunoresearch.com.br\/n\/uploads\/2018\/11\/8c6622b1-jair-bolsonaro-3-jpg.webp\",\"contentUrl\":\"https:\/\/files.sunoresearch.com.br\/n\/uploads\/2018\/11\/8c6622b1-jair-bolsonaro-3-jpg.webp\",\"width\":640,\"height\":399,\"caption\":\"O presidente da Rep\u00fablica, Jair Bolsonaro. (divulga\u00e7\u00e3o)\"},{\"@type\":\"BreadcrumbList\",\"@id\":\"https:\/\/www.suno.com.br\/noticias\/cirurgia-bolsonaro-termina-8-horas\/#breadcrumb\",\"itemListElement\":[{\"@type\":\"ListItem\",\"position\":1,\"name\":\"Not\u00edcias\",\"item\":\"https:\/\/www.suno.com.br\/noticias\/\"},{\"@type\":\"ListItem\",\"position\":2,\"name\":\"Pol\u00edtica\",\"item\":\"https:\/\/www.suno.com.br\/noticias\/politica\/\"},{\"@type\":\"ListItem\",\"position\":3,\"name\":\"Cirurgia do presidente Jair Bolsonaro termina ap\u00f3s mais de 8 horas\"}]},{\"@type\":\"WebSite\",\"@id\":\"https:\/\/www.suno.com.br\/noticias\/#website\",\"url\":\"https:\/\/www.suno.com.br\/noticias\/\",\"name\":\"Suno Not\u00edcias\",\"description\":\"Seu portal de informa\u00e7\u00e3o sobre o mundo dos investimentos\",\"publisher\":{\"@id\":\"https:\/\/www.suno.com.br\/noticias\/#organization\"},\"potentialAction\":[{\"@type\":\"SearchAction\",\"target\":{\"@type\":\"EntryPoint\",\"urlTemplate\":\"https:\/\/www.suno.com.br\/noticias\/?s={search_term_string}\"},\"query-input\":{\"@type\":\"PropertyValueSpecification\",\"valueRequired\":true,\"valueName\":\"search_term_string\"}}],\"inLanguage\":\"pt-BR\"},{\"@type\":\"Organization\",\"@id\":\"https:\/\/www.suno.com.br\/noticias\/#organization\",\"name\":\"Suno Not\u00edcias\",\"url\":\"https:\/\/www.suno.com.br\/noticias\/\",\"logo\":{\"@type\":\"ImageObject\",\"inLanguage\":\"pt-BR\",\"@id\":\"https:\/\/www.suno.com.br\/noticias\/#\/schema\/logo\/image\/\",\"url\":\"https:\/\/files.sunoresearch.com.br\/n\/uploads\/2021\/09\/suno-logo.png\",\"contentUrl\":\"https:\/\/files.sunoresearch.com.br\/n\/uploads\/2021\/09\/suno-logo.png\",\"width\":180,\"height\":180,\"caption\":\"Suno Not\u00edcias\"},\"image\":{\"@id\":\"https:\/\/www.suno.com.br\/noticias\/#\/schema\/logo\/image\/\"},\"sameAs\":[\"https:\/\/facebook.com\/sunoresearch\",\"https:\/\/x.com\/sunoresearch\",\"https:\/\/www.instagram.com\/suno\",\"https:\/\/www.linkedin.com\/company\/suno-research\/\",\"https:\/\/www.youtube.com\/c\/sunoresearch\"]},{\"@type\":\"Person\",\"@id\":\"https:\/\/www.suno.com.br\/noticias\/#\/schema\/person\/0d0c9687cd2f600c564f25980c140de9\",\"name\":\"Guilherme Caetano\",\"image\":{\"@type\":\"ImageObject\",\"inLanguage\":\"pt-BR\",\"@id\":\"https:\/\/www.suno.com.br\/noticias\/#\/schema\/person\/image\/\",\"url\":\"https:\/\/secure.gravatar.com\/avatar\/e48357351a01702a0d19307070e081bf?s=96&r=g\",\"contentUrl\":\"https:\/\/secure.gravatar.com\/avatar\/e48357351a01702a0d19307070e081bf?s=96&r=g\",\"caption\":\"Guilherme Caetano\"},\"description\":\"Formado em jornalismo pela Escola de Comunica\u00e7\u00f5es e Artes da USP, Guilherme Caetano escreve para o portal de not\u00edcias da Suno Research. Passou pelas reda\u00e7\u00f5es da Folha de S.Paulo e da revista \u00c9poca.\",\"url\":\"https:\/\/www.suno.com.br\/noticias\/author\/guilherme-caetano\/\"}]}<\/script>\n<!-- \/ Yoast SEO plugin. -->","yoast_head_json":{"title":"Cirurgia do presidente Jair Bolsonaro termina ap\u00f3s mais de 8 horas","description":"A cirurgia a que o presidente Jair Bolsonaro foi submetido terminou ap\u00f3s mais de oito horas de dura\u00e7\u00e3o, com sucesso. Clique e saiba+","robots":{"index":"index","follow":"follow","max-snippet":"max-snippet:-1","max-image-preview":"max-image-preview:large","max-video-preview":"max-video-preview:-1"},"canonical":"https:\/\/www.suno.com.br\/noticias\/cirurgia-bolsonaro-termina-8-horas\/","og_locale":"pt_BR","og_type":"article","og_title":"Cirurgia do presidente Jair Bolsonaro termina ap\u00f3s mais de 8 horas","og_description":"A cirurgia a que o presidente Jair Bolsonaro foi submetido terminou ap\u00f3s mais de oito horas de dura\u00e7\u00e3o, com sucesso. Clique e saiba+","og_url":"https:\/\/www.suno.com.br\/noticias\/cirurgia-bolsonaro-termina-8-horas\/","og_site_name":"Suno Not\u00edcias","article_publisher":"https:\/\/facebook.com\/sunoresearch","og_image":[{"width":640,"height":399,"url":"https:\/\/files.sunoresearch.com.br\/n\/uploads\/2018\/11\/8c6622b1-jair-bolsonaro-3.jpg","type":"image\/jpeg"}],"author":"Guilherme Caetano","twitter_card":"summary_large_image","twitter_creator":"@sunoresearch","twitter_site":"@sunoresearch","twitter_misc":{"Escrito por":"Guilherme Caetano","Est. tempo de leitura":"2 minutos"},"schema":{"@context":"https:\/\/schema.org","@graph":[{"@type":"NewsArticle","@id":"https:\/\/www.suno.com.br\/noticias\/cirurgia-bolsonaro-termina-8-horas\/#article","isPartOf":{"@id":"https:\/\/www.suno.com.br\/noticias\/cirurgia-bolsonaro-termina-8-horas\/"},"author":{"name":"Guilherme Caetano","@id":"https:\/\/www.suno.com.br\/noticias\/#\/schema\/person\/0d0c9687cd2f600c564f25980c140de9"},"headline":"Cirurgia do presidente Jair Bolsonaro termina ap\u00f3s mais de 8 horas","datePublished":"2019-01-28T18:27:45+00:00","dateModified":"2019-01-28T18:37:19+00:00","mainEntityOfPage":{"@id":"https:\/\/www.suno.com.br\/noticias\/cirurgia-bolsonaro-termina-8-horas\/"},"wordCount":418,"publisher":{"@id":"https:\/\/www.suno.com.br\/noticias\/#organization"},"image":{"@id":"https:\/\/www.suno.com.br\/noticias\/cirurgia-bolsonaro-termina-8-horas\/#primaryimage"},"thumbnailUrl":"https:\/\/files.sunoresearch.com.br\/n\/uploads\/2018\/11\/8c6622b1-jair-bolsonaro-3-jpg.webp","keywords":["Jair Bolsonaro"],"articleSection":["Pol\u00edtica"],"inLanguage":"pt-BR"},{"@type":"WebPage","@id":"https:\/\/www.suno.com.br\/noticias\/cirurgia-bolsonaro-termina-8-horas\/","url":"https:\/\/www.suno.com.br\/noticias\/cirurgia-bolsonaro-termina-8-horas\/","name":"Cirurgia do presidente Jair Bolsonaro termina ap\u00f3s mais de 8 horas","isPartOf":{"@id":"https:\/\/www.suno.com.br\/noticias\/#website"},"primaryImageOfPage":{"@id":"https:\/\/www.suno.com.br\/noticias\/cirurgia-bolsonaro-termina-8-horas\/#primaryimage"},"image":{"@id":"https:\/\/www.suno.com.br\/noticias\/cirurgia-bolsonaro-termina-8-horas\/#primaryimage"},"thumbnailUrl":"https:\/\/files.sunoresearch.com.br\/n\/uploads\/2018\/11\/8c6622b1-jair-bolsonaro-3-jpg.webp","datePublished":"2019-01-28T18:27:45+00:00","dateModified":"2019-01-28T18:37:19+00:00","description":"A cirurgia a que o presidente Jair Bolsonaro foi submetido terminou ap\u00f3s mais de oito horas de dura\u00e7\u00e3o, com sucesso. Clique e saiba+","breadcrumb":{"@id":"https:\/\/www.suno.com.br\/noticias\/cirurgia-bolsonaro-termina-8-horas\/#breadcrumb"},"inLanguage":"pt-BR","potentialAction":[{"@type":"ReadAction","target":["https:\/\/www.suno.com.br\/noticias\/cirurgia-bolsonaro-termina-8-horas\/"]}]},{"@type":"ImageObject","inLanguage":"pt-BR","@id":"https:\/\/www.suno.com.br\/noticias\/cirurgia-bolsonaro-termina-8-horas\/#primaryimage","url":"https:\/\/files.sunoresearch.com.br\/n\/uploads\/2018\/11\/8c6622b1-jair-bolsonaro-3-jpg.webp","contentUrl":"https:\/\/files.sunoresearch.com.br\/n\/uploads\/2018\/11\/8c6622b1-jair-bolsonaro-3-jpg.webp","width":640,"height":399,"caption":"O presidente da Rep\u00fablica, Jair Bolsonaro. (divulga\u00e7\u00e3o)"},{"@type":"BreadcrumbList","@id":"https:\/\/www.suno.com.br\/noticias\/cirurgia-bolsonaro-termina-8-horas\/#breadcrumb","itemListElement":[{"@type":"ListItem","position":1,"name":"Not\u00edcias","item":"https:\/\/www.suno.com.br\/noticias\/"},{"@type":"ListItem","position":2,"name":"Pol\u00edtica","item":"https:\/\/www.suno.com.br\/noticias\/politica\/"},{"@type":"ListItem","position":3,"name":"Cirurgia do presidente Jair Bolsonaro termina ap\u00f3s mais de 8 horas"}]},{"@type":"WebSite","@id":"https:\/\/www.suno.com.br\/noticias\/#website","url":"https:\/\/www.suno.com.br\/noticias\/","name":"Suno Not\u00edcias","description":"Seu portal de informa\u00e7\u00e3o sobre o mundo dos investimentos","publisher":{"@id":"https:\/\/www.suno.com.br\/noticias\/#organization"},"potentialAction":[{"@type":"SearchAction","target":{"@type":"EntryPoint","urlTemplate":"https:\/\/www.suno.com.br\/noticias\/?s={search_term_string}"},"query-input":{"@type":"PropertyValueSpecification","valueRequired":true,"valueName":"search_term_string"}}],"inLanguage":"pt-BR"},{"@type":"Organization","@id":"https:\/\/www.suno.com.br\/noticias\/#organization","name":"Suno Not\u00edcias","url":"https:\/\/www.suno.com.br\/noticias\/","logo":{"@type":"ImageObject","inLanguage":"pt-BR","@id":"https:\/\/www.suno.com.br\/noticias\/#\/schema\/logo\/image\/","url":"https:\/\/files.sunoresearch.com.br\/n\/uploads\/2021\/09\/suno-logo.png","contentUrl":"https:\/\/files.sunoresearch.com.br\/n\/uploads\/2021\/09\/suno-logo.png","width":180,"height":180,"caption":"Suno Not\u00edcias"},"image":{"@id":"https:\/\/www.suno.com.br\/noticias\/#\/schema\/logo\/image\/"},"sameAs":["https:\/\/facebook.com\/sunoresearch","https:\/\/x.com\/sunoresearch","https:\/\/www.instagram.com\/suno","https:\/\/www.linkedin.com\/company\/suno-research\/","https:\/\/www.youtube.com\/c\/sunoresearch"]},{"@type":"Person","@id":"https:\/\/www.suno.com.br\/noticias\/#\/schema\/person\/0d0c9687cd2f600c564f25980c140de9","name":"Guilherme Caetano","image":{"@type":"ImageObject","inLanguage":"pt-BR","@id":"https:\/\/www.suno.com.br\/noticias\/#\/schema\/person\/image\/","url":"https:\/\/secure.gravatar.com\/avatar\/e48357351a01702a0d19307070e081bf?s=96&r=g","contentUrl":"https:\/\/secure.gravatar.com\/avatar\/e48357351a01702a0d19307070e081bf?s=96&r=g","caption":"Guilherme Caetano"},"description":"Formado em jornalismo pela Escola de Comunica\u00e7\u00f5es e Artes da USP, Guilherme Caetano escreve para o portal de not\u00edcias da Suno Research. Passou pelas reda\u00e7\u00f5es da Folha de S.Paulo e da revista \u00c9poca.","url":"https:\/\/www.suno.com.br\/noticias\/author\/guilherme-caetano\/"}]}},"default_loop_html":"<div class=\"cardsPage__listCard__boxs\"><div class=\"cardsPage__listCard__boxs__img\"><a href=\"https:\/\/www.suno.com.br\/noticias\/cirurgia-bolsonaro-termina-8-horas\/\"><img class=\"mask\" src=\"https:\/\/www.suno.com.br\/noticias\/wp-content\/themes\/suno\/resources\/images\/spotlight\/spotlight1img\/bg-mask.png\" alt=\"Image Mask\"\/><img src=\"https:\/\/files.sunoresearch.com.br\/n\/uploads\/2018\/11\/8c6622b1-jair-bolsonaro-3-400x200.webp\" alt=\"Cirurgia do presidente Jair Bolsonaro termina ap\u00f3s mais de 8 horas\"\/><\/a><span class=\"spotlightCategory\"><a href=\"https:\/\/www.suno.com.br\/noticias\/politica\/\">Pol\u00edtica<\/a><\/span><\/div><div class=\"cardsPage__listCard__boxs__content\"><a href=\"https:\/\/www.suno.com.br\/noticias\/cirurgia-bolsonaro-termina-8-horas\/\"><h2 class=\"content__title\">Cirurgia do presidente Jair Bolsonaro termina ap\u00f3s mais de 8 horas<\/h2><\/a><div class=\"newsContent__article__meta\"><div class=\"newsContent__article__meta__authorBox\"><a href=\"https:\/\/www.suno.com.br\/noticias\/author\/guilherme-caetano\/\" class=\"authorBox__avatar noMobi\"><img src=\"https:\/\/secure.gravatar.com\/avatar\/e48357351a01702a0d19307070e081bf?s=96&#038;r=g\" alt=\"Guilherme Caetano\"><\/a><div class=\"authorBox__name\"><span>por\n\t\t\t<a href=\"https:\/\/www.suno.com.br\/noticias\/author\/guilherme-caetano\/\"><span itemprop=\"author\">Guilherme Caetano<\/span><\/a><\/span><time datetime=\"2019-01-28T16:27:45-02:00\" itemprop=\"datePublished\">28\/01\/2019 16:27<\/time><\/div><\/div><\/div><\/div><\/div>","single_layout":"posts","amp_enabled":true,"_links":{"self":[{"href":"https:\/\/www.suno.com.br\/noticias\/wp-json\/wp\/v2\/posts\/13186"}],"collection":[{"href":"https:\/\/www.suno.com.br\/noticias\/wp-json\/wp\/v2\/posts"}],"about":[{"href":"https:\/\/www.suno.com.br\/noticias\/wp-json\/wp\/v2\/types\/post"}],"author":[{"embeddable":true,"href":"https:\/\/www.suno.com.br\/noticias\/wp-json\/wp\/v2\/users\/13"}],"replies":[{"embeddable":true,"href":"https:\/\/www.suno.com.br\/noticias\/wp-json\/wp\/v2\/comments?post=13186"}],"version-history":[{"count":0,"href":"https:\/\/www.suno.com.br\/noticias\/wp-json\/wp\/v2\/posts\/13186\/revisions"}],"wp:featuredmedia":[{"embeddable":true,"href":"https:\/\/www.suno.com.br\/noticias\/wp-json\/wp\/v2\/media\/6930"}],"wp:attachment":[{"href":"https:\/\/www.suno.com.br\/noticias\/wp-json\/wp\/v2\/media?parent=13186"}],"wp:term":[{"taxonomy":"category","embeddable":true,"href":"https:\/\/www.suno.com.br\/noticias\/wp-json\/wp\/v2\/categories?post=13186"},{"taxonomy":"post_tag","embeddable":true,"href":"https:\/\/www.suno.com.br\/noticias\/wp-json\/wp\/v2\/tags?post=13186"},{"taxonomy":"suno_strategy","embeddable":true,"href":"https:\/\/www.suno.com.br\/noticias\/wp-json\/wp\/v2\/suno_strategy?post=13186"}],"curies":[{"name":"wp","href":"https:\/\/api.w.org\/{rel}","templated":true}]}}