{"id":131635,"date":"2021-03-14T12:13:38","date_gmt":"2021-03-14T15:13:38","guid":{"rendered":"https:\/\/www.suno.com.br\/noticias\/?p=131635"},"modified":"2021-03-14T13:17:47","modified_gmt":"2021-03-14T16:17:47","slug":"pandemia-avanca-brasil-covid-19","status":"publish","type":"post","link":"https:\/\/www.suno.com.br\/noticias\/pandemia-avanca-brasil-covid-19\/","title":{"rendered":"Pandemia avan\u00e7a e Brasil estabiliza 2 mil mortes di\u00e1rias por Covid-19"},"content":{"rendered":"<p>Na contram\u00e3o do mundo, o Brasil registra um acentuado avan\u00e7o da pandemia do <a href=\"https:\/\/www.suno.com.br\/noticias\/search\/coronav%C3%ADrus\">novo coronav\u00edrus (<strong>Covid-19<\/strong>)<\/a>. Nas 24 horas anteriores \u00e0 noite do \u00faltimo s\u00e1bado (13), o Pa\u00eds registrou 1.997 mortes, de acordo com o Minist\u00e9rio da Sa\u00fade.<\/p>\t<div class=\"wrapper-featured-image\">\n\t\t<figure class=\"spotlightImg\">\n\n\t\t\t<picture>\n\t\t\t\t<source media=\"(max-width: 768px)\" srcset=\"https:\/\/files.sunoresearch.com.br\/n\/uploads\/2021\/03\/2357d377-mcamgo_pazuello_saude_1609201076-400x200.webp\">\n\t\t\t\t<img loading=\"lazy\" decoding=\"async\" class=\"newsContent__article__imgCapa lazyloadDisabled \" src=\"https:\/\/files.sunoresearch.com.br\/n\/uploads\/2021\/03\/2357d377-mcamgo_pazuello_saude_1609201076-800x450.webp\" width=\"800\" height=\"450\" alt=\"Pandemia avan\u00e7a e Brasil estabiliza 2 mil mortes di\u00e1rias por Covid-19\" fetchpriority=high \/>\n\t\t\t<\/picture>\n\n\t\t\t<figcaption class=\"wp-caption-text wp-caption-text--show\">Pazuello<\/figcaption>\n\t\t<\/figure>\n\t<\/div>\n\n\n<p><span style=\"font-weight: 400;\">\t<p>\n\t\t<a href=\"https:\/\/lp.suno.com.br\/planilha-controle-gastos\/\" target=\"_blank\" data-element=\"shortcode-suno-banner\" title=\"Banner SUNO, clique e saiba mais\">\n\t\t\t<picture>\n\t\t\t\t<source media=\"(max-width: 500px)\" srcset=\"https:\/\/files.sunoresearch.com.br\/n\/uploads\/2023\/03\/400x300-Planilha-controle-de-gastos.png\">\n\t\t\t\t<img class=\"newsContent__article__imgCapa newsContent__article__imgCapa--banner\"\n\t\t\t\t\tsrc=\"https:\/\/files.sunoresearch.com.br\/n\/uploads\/2023\/03\/1420x240-Planilha-controle-de-gastos.png\"\n\t\t\t\t\tdata-promo-id=\"101751\"\t\t\t\t\t\t\t\t\t\twidth='1420' height='240'\t\t\t\t\talt=\"https:\/\/files.sunoresearch.com.br\/n\/uploads\/2023\/03\/1420x240-Planilha-controle-de-gastos.png\"\n\t\t\t\t>\n\t\t\t<\/picture>\n\t\t<\/a>\n\t<\/p>\n\n<\/span><\/p>\n<p>Segundo o boletim, fechado \u00e0s 18h30 e divulgado pela pasta, foram registrados 76.178 novos casos da doen\u00e7a. O n\u00famero de \u00f3bitos totais por Covid-19 subiu para 277.102, enquanto s\u00e3o 11.439.558 os diagn\u00f3sticos confirmados oficialmente.<\/p>\n<p>Desde a \u00faltima ter\u00e7a-feira (9), o Pa\u00eds vinha contabilizando mais de 2 mil mortes di\u00e1rias pela <strong>pandemia<\/strong>.<\/p>\n<p><a href=\"https:\/\/lp.suno.com.br\/suno-one\/?ppp=noticias\/hospital-care-pedido-ipo-cvm\/\">Suno One: acesse gratuitamente eBooks, Minicursos, Artigos e V\u00eddeo Aulas sobre investimentos com um \u00fanico cadastro. Clique para saber mais!<\/a><\/p>\n<p>O <a href=\"https:\/\/www.suno.com.br\/noticias\/ministerio-da-saude-preve-ate-3-mil-diarias-mortes-por-covid-19-em-marco\/\">minist\u00e9rio tamb\u00e9m ressaltou<\/a> que 10.036.947 pacientes j\u00e1 foram recuperados ap\u00f3s contra\u00edrem a doen\u00e7a. Ainda existem 1.125.509 casos sob acompanhamento, o equivalente a 0,53% da popula\u00e7\u00e3o brasileira total.<\/p>\n<p>O <strong>Brasil<\/strong> \u00e9 o segundo pa\u00eds em casos e mortes totais em todo o mundo, somente atr\u00e1s dos Estados Unidos. Todavia, em contraponto a atual tend\u00eancia da pandemia por aqui, o norte-americanos t\u00eam observado uma queda em mortes e contabiliza\u00e7\u00e3o de casos.<\/p>\n<p>O n\u00famero de mortes semanais da Covid-19 nos <a href=\"https:\/\/www.suno.com.br\/noticias\/biden-pacote-fiscal-criar-empregos-eua\/\">Estados Unidos<\/a> caiu para um m\u00ednimo de quatro meses e as novas infec\u00e7\u00f5es diminu\u00edram ainda mais, segundo a <em>Bloomberg<\/em>. Nesta semana, o Brasil ultrapassou o pa\u00eds da Am\u00e9rica do Norte em m\u00e9dia m\u00f3vel de mortes pela doen\u00e7a.<\/p>\n\t<div data-element=\"shortcode-read-more\" class=\"knowMore\">\n\t\t\t\t<span class=\"knowMore__title\">Leia tamb\u00e9m<\/span>\n\t\t\t\t<a class=\"knowMore__link\" href=\"https:\/\/www.suno.com.br\/noticias\/pfizer-receita-15-bilhoes-vacina-covid\/\">\n\t\t\tPfizer prev\u00ea receita de US$ 15 bi com vacina contra covid-19 em 2021\t\t<\/a>\n\t<\/div>\n\n\n<p>No in\u00edcio deste ano, os <strong>Estados Unidos<\/strong> tiveram um pico, chegando a uma m\u00e9dia m\u00f3vel de 3.417 mortes di\u00e1rias, enquanto o Brasil registrava cerca de 30% dessa taxa, com 998 mortes. J\u00e1 na \u00faltima ter\u00e7a, o Brasil alcan\u00e7ou m\u00e9dia de 1.572 mortes, ante 1.563 dos norte-americanos.<\/p>\n<p>Ontem, essa dist\u00e2ncia aumentou. A <strong>m\u00e9dia m\u00f3vel de mortes<\/strong> no Brasil nos \u00faltimos 7 dias chegou a 1.824, um novo recorde. Os Estados Unidos est\u00e3o pr\u00f3ximos de 1.500.<\/p>\n<h2>Covid-19 no mundo<\/h2>\n<p>O avan\u00e7o do coronav\u00edrus segue no radar de todo o mundo. <a href=\"https:\/\/www.suno.com.br\/noticias\/congressistas-alemanha-salario-cortado\/\">Na Europa<\/a>, a vacina da <strong>AstraZeneca<\/strong> em parceria com a <strong>Universidade de Oxford<\/strong> tem causado preocupa\u00e7\u00f5es por conta de sua seguran\u00e7a.<\/p>\n<p><span style=\"font-weight: 400;\">\t<p>\n\t\t<a href=\"https:\/\/lp.suno.com.br\/planilha-da-vida-financeira\/\" target=\"_blank\" data-element=\"shortcode-suno-banner\" title=\"Banner SUNO, clique e saiba mais\">\n\t\t\t<picture>\n\t\t\t\t<source media=\"(max-width: 500px)\" srcset=\"https:\/\/files.sunoresearch.com.br\/n\/uploads\/2023\/04\/400x300-Planilha-vida-financeira-true.png\">\n\t\t\t\t<img class=\"newsContent__article__imgCapa newsContent__article__imgCapa--banner\"\n\t\t\t\t\tsrc=\"https:\/\/files.sunoresearch.com.br\/n\/uploads\/2023\/04\/1420x240-Planilha-vida-financeira-true.png\"\n\t\t\t\t\tdata-promo-id=\"106682\"\t\t\t\t\t\t\t\t\t\twidth='1420' height='240'\t\t\t\t\talt=\"https:\/\/files.sunoresearch.com.br\/n\/uploads\/2023\/04\/1420x240-Planilha-vida-financeira-true.png\"\n\t\t\t\t>\n\t\t\t<\/picture>\n\t\t<\/a>\n\t<\/p>\n\n<\/span><\/p>\n<p>Neste domingo, a Irlanda se juntou a uma lista de pa\u00edses que determinaram a suspens\u00e3o da aplica\u00e7\u00e3o da vacina por conta de poss\u00edveis <strong>efeitos colaterais<\/strong> de dois lotes do imunizante. De acordo com a <em>Bloomberg<\/em>, h\u00e1 relatos de s\u00e9ria coagula\u00e7\u00e3o do sangue ap\u00f3s a inocula\u00e7\u00e3o, o que trouxe uma onda de suspens\u00f5es que se estende at\u00e9 a Tail\u00e2ndia.<\/p>\n<p>Hong Kong colocou centenas de pessoas em isolamento e bloqueou \u00e1reas residenciais enquanto procura conter um surto que come\u00e7ou recentemente em um gin\u00e1sio no centro da cidade.<\/p>\n<p>J\u00e1 no Jap\u00e3o, o governo avalia suspender o fim do estado de emerg\u00eancia por conta da <strong>Covid-19<\/strong>, movido por taxas de hospitaliza\u00e7\u00e3o em queda. De acordo com o jornal <em>Sankei<\/em>, isso abriria caminho para a possibilidade de realiza\u00e7\u00e3o dos jogos ol\u00edmpicos, marcados para julho, acontecerem no pa\u00eds com at\u00e9 50% da capacidade de espectadores.<\/p>\n<p><span style=\"font-weight: 400;\">\t<p>\n\t\t<a href=\"https:\/\/lp.suno.com.br\/planilha-de-controle-de-investimentos\/\" target=\"_blank\" data-element=\"shortcode-suno-banner\" title=\"Banner SUNO, clique e saiba mais\">\n\t\t\t<picture>\n\t\t\t\t<source media=\"(max-width: 500px)\" srcset=\"https:\/\/files.sunoresearch.com.br\/n\/uploads\/2023\/03\/400x300-Controle-de-Investimentos.png\">\n\t\t\t\t<img class=\"newsContent__article__imgCapa newsContent__article__imgCapa--banner\"\n\t\t\t\t\tsrc=\"https:\/\/files.sunoresearch.com.br\/n\/uploads\/2023\/03\/1420x240-Controle-de-Investimentos.png\"\n\t\t\t\t\tdata-promo-id=\"75934\"\t\t\t\t\t\t\t\t\t\twidth='1420' height='240'\t\t\t\t\talt=\"https:\/\/files.sunoresearch.com.br\/n\/uploads\/2023\/03\/1420x240-Controle-de-Investimentos.png\"\n\t\t\t\t>\n\t\t\t<\/picture>\n\t\t<\/a>\n\t<\/p>\n\n<\/span><\/p>\n","protected":false},"excerpt":{"rendered":"<p>Na contram\u00e3o do mundo, o Brasil registra um acentuado avan\u00e7o da pandemia do novo coronav\u00edrus (Covid-19). Nas 24 horas anteriores \u00e0 noite do \u00faltimo s\u00e1bado (13), o Pa\u00eds registrou 1.997 mortes, de acordo com o Minist\u00e9rio da Sa\u00fade. Pazuello Segundo o boletim, fechado \u00e0s 18h30 e divulgado pela pasta, foram registrados 76.178 novos casos da [&hellip;]<\/p>\n","protected":false},"author":24,"featured_media":131637,"comment_status":"closed","ping_status":"closed","sticky":false,"template":"","format":"standard","meta":[],"categories":[62],"tags":[2487,5255,2748],"suno_strategy":[],"class_list":["post-131635","post","type-post","status-publish","format-standard","has-post-thumbnail","hentry","category-economia","tag-coronavirus","tag-covid-19","tag-pandemia"],"yoast_head":"<!-- This site is optimized with the Yoast SEO plugin v24.4 - https:\/\/yoast.com\/wordpress\/plugins\/seo\/ -->\n<title>Pandemia avan\u00e7a e Brasil estabiliza 2 mil mortes di\u00e1rias por Covid-19<\/title>\n<meta name=\"description\" content=\"Na contram\u00e3o do mundo, o Brasil registra um acentuado avan\u00e7o da pandemia do novo coronav\u00edrus (Covid-19). Clique e saiba mais.\" \/>\n<meta name=\"robots\" content=\"index, follow, max-snippet:-1, max-image-preview:large, max-video-preview:-1\" \/>\n<link rel=\"canonical\" href=\"https:\/\/www.suno.com.br\/noticias\/pandemia-avanca-brasil-covid-19\/\" \/>\n<meta property=\"og:locale\" content=\"pt_BR\" \/>\n<meta property=\"og:type\" content=\"article\" \/>\n<meta property=\"og:title\" content=\"Pandemia avan\u00e7a e Brasil estabiliza 2 mil mortes di\u00e1rias por Covid-19\" \/>\n<meta property=\"og:description\" content=\"Na contram\u00e3o do mundo, o Brasil registra um acentuado avan\u00e7o da pandemia do novo coronav\u00edrus (Covid-19). Clique e saiba mais.\" \/>\n<meta property=\"og:url\" content=\"https:\/\/www.suno.com.br\/noticias\/pandemia-avanca-brasil-covid-19\/\" \/>\n<meta property=\"og:site_name\" content=\"Suno Not\u00edcias\" \/>\n<meta property=\"article:publisher\" content=\"https:\/\/facebook.com\/sunoresearch\" \/>\n<meta property=\"og:image\" content=\"https:\/\/files.sunoresearch.com.br\/n\/uploads\/2021\/03\/2357d377-mcamgo_pazuello_saude_1609201076.jpg\" \/>\n\t<meta property=\"og:image:width\" content=\"1170\" \/>\n\t<meta property=\"og:image:height\" content=\"700\" \/>\n\t<meta property=\"og:image:type\" content=\"image\/jpeg\" \/>\n<meta name=\"author\" content=\"Jader Lazarini\" \/>\n<meta name=\"twitter:card\" content=\"summary_large_image\" \/>\n<meta name=\"twitter:creator\" content=\"@sunoresearch\" \/>\n<meta name=\"twitter:site\" content=\"@sunoresearch\" \/>\n<meta name=\"twitter:label1\" content=\"Escrito por\" \/>\n\t<meta name=\"twitter:data1\" content=\"Jader Lazarini\" \/>\n\t<meta name=\"twitter:label2\" content=\"Est. tempo de leitura\" \/>\n\t<meta name=\"twitter:data2\" content=\"3 minutos\" \/>\n<script type=\"application\/ld+json\" class=\"yoast-schema-graph\">{\"@context\":\"https:\/\/schema.org\",\"@graph\":[{\"@type\":\"NewsArticle\",\"@id\":\"https:\/\/www.suno.com.br\/noticias\/pandemia-avanca-brasil-covid-19\/#article\",\"isPartOf\":{\"@id\":\"https:\/\/www.suno.com.br\/noticias\/pandemia-avanca-brasil-covid-19\/\"},\"author\":{\"name\":\"Jader Lazarini\",\"@id\":\"https:\/\/www.suno.com.br\/noticias\/#\/schema\/person\/918d79de1f0281f01599b93f9ea6e23f\"},\"headline\":\"Pandemia avan\u00e7a e Brasil estabiliza 2 mil mortes di\u00e1rias por Covid-19\",\"datePublished\":\"2021-03-14T15:13:38+00:00\",\"dateModified\":\"2021-03-14T16:17:47+00:00\",\"mainEntityOfPage\":{\"@id\":\"https:\/\/www.suno.com.br\/noticias\/pandemia-avanca-brasil-covid-19\/\"},\"wordCount\":548,\"publisher\":{\"@id\":\"https:\/\/www.suno.com.br\/noticias\/#organization\"},\"image\":{\"@id\":\"https:\/\/www.suno.com.br\/noticias\/pandemia-avanca-brasil-covid-19\/#primaryimage\"},\"thumbnailUrl\":\"https:\/\/files.sunoresearch.com.br\/n\/uploads\/2021\/03\/2357d377-mcamgo_pazuello_saude_1609201076-jpg.webp\",\"keywords\":[\"coronav\u00edrus\",\"covid-19\",\"pandemia\"],\"articleSection\":[\"Economia\"],\"inLanguage\":\"pt-BR\"},{\"@type\":\"WebPage\",\"@id\":\"https:\/\/www.suno.com.br\/noticias\/pandemia-avanca-brasil-covid-19\/\",\"url\":\"https:\/\/www.suno.com.br\/noticias\/pandemia-avanca-brasil-covid-19\/\",\"name\":\"Pandemia avan\u00e7a e Brasil estabiliza 2 mil mortes di\u00e1rias por Covid-19\",\"isPartOf\":{\"@id\":\"https:\/\/www.suno.com.br\/noticias\/#website\"},\"primaryImageOfPage\":{\"@id\":\"https:\/\/www.suno.com.br\/noticias\/pandemia-avanca-brasil-covid-19\/#primaryimage\"},\"image\":{\"@id\":\"https:\/\/www.suno.com.br\/noticias\/pandemia-avanca-brasil-covid-19\/#primaryimage\"},\"thumbnailUrl\":\"https:\/\/files.sunoresearch.com.br\/n\/uploads\/2021\/03\/2357d377-mcamgo_pazuello_saude_1609201076-jpg.webp\",\"datePublished\":\"2021-03-14T15:13:38+00:00\",\"dateModified\":\"2021-03-14T16:17:47+00:00\",\"description\":\"Na contram\u00e3o do mundo, o Brasil registra um acentuado avan\u00e7o da pandemia do novo coronav\u00edrus (Covid-19). Clique e saiba mais.\",\"breadcrumb\":{\"@id\":\"https:\/\/www.suno.com.br\/noticias\/pandemia-avanca-brasil-covid-19\/#breadcrumb\"},\"inLanguage\":\"pt-BR\",\"potentialAction\":[{\"@type\":\"ReadAction\",\"target\":[\"https:\/\/www.suno.com.br\/noticias\/pandemia-avanca-brasil-covid-19\/\"]}]},{\"@type\":\"ImageObject\",\"inLanguage\":\"pt-BR\",\"@id\":\"https:\/\/www.suno.com.br\/noticias\/pandemia-avanca-brasil-covid-19\/#primaryimage\",\"url\":\"https:\/\/files.sunoresearch.com.br\/n\/uploads\/2021\/03\/2357d377-mcamgo_pazuello_saude_1609201076-jpg.webp\",\"contentUrl\":\"https:\/\/files.sunoresearch.com.br\/n\/uploads\/2021\/03\/2357d377-mcamgo_pazuello_saude_1609201076-jpg.webp\",\"width\":1170,\"height\":700,\"caption\":\"Pazuello\"},{\"@type\":\"BreadcrumbList\",\"@id\":\"https:\/\/www.suno.com.br\/noticias\/pandemia-avanca-brasil-covid-19\/#breadcrumb\",\"itemListElement\":[{\"@type\":\"ListItem\",\"position\":1,\"name\":\"Not\u00edcias\",\"item\":\"https:\/\/www.suno.com.br\/noticias\/\"},{\"@type\":\"ListItem\",\"position\":2,\"name\":\"Economia\",\"item\":\"https:\/\/www.suno.com.br\/noticias\/economia\/\"},{\"@type\":\"ListItem\",\"position\":3,\"name\":\"Pandemia avan\u00e7a e Brasil estabiliza 2 mil mortes di\u00e1rias por Covid-19\"}]},{\"@type\":\"WebSite\",\"@id\":\"https:\/\/www.suno.com.br\/noticias\/#website\",\"url\":\"https:\/\/www.suno.com.br\/noticias\/\",\"name\":\"Suno Not\u00edcias\",\"description\":\"Seu portal de informa\u00e7\u00e3o sobre o mundo dos investimentos\",\"publisher\":{\"@id\":\"https:\/\/www.suno.com.br\/noticias\/#organization\"},\"potentialAction\":[{\"@type\":\"SearchAction\",\"target\":{\"@type\":\"EntryPoint\",\"urlTemplate\":\"https:\/\/www.suno.com.br\/noticias\/?s={search_term_string}\"},\"query-input\":{\"@type\":\"PropertyValueSpecification\",\"valueRequired\":true,\"valueName\":\"search_term_string\"}}],\"inLanguage\":\"pt-BR\"},{\"@type\":\"Organization\",\"@id\":\"https:\/\/www.suno.com.br\/noticias\/#organization\",\"name\":\"Suno Not\u00edcias\",\"url\":\"https:\/\/www.suno.com.br\/noticias\/\",\"logo\":{\"@type\":\"ImageObject\",\"inLanguage\":\"pt-BR\",\"@id\":\"https:\/\/www.suno.com.br\/noticias\/#\/schema\/logo\/image\/\",\"url\":\"https:\/\/files.sunoresearch.com.br\/n\/uploads\/2021\/09\/suno-logo.png\",\"contentUrl\":\"https:\/\/files.sunoresearch.com.br\/n\/uploads\/2021\/09\/suno-logo.png\",\"width\":180,\"height\":180,\"caption\":\"Suno Not\u00edcias\"},\"image\":{\"@id\":\"https:\/\/www.suno.com.br\/noticias\/#\/schema\/logo\/image\/\"},\"sameAs\":[\"https:\/\/facebook.com\/sunoresearch\",\"https:\/\/x.com\/sunoresearch\",\"https:\/\/www.instagram.com\/suno\",\"https:\/\/www.linkedin.com\/company\/suno-research\/\",\"https:\/\/www.youtube.com\/c\/sunoresearch\"]},{\"@type\":\"Person\",\"@id\":\"https:\/\/www.suno.com.br\/noticias\/#\/schema\/person\/918d79de1f0281f01599b93f9ea6e23f\",\"name\":\"Jader Lazarini\",\"image\":{\"@type\":\"ImageObject\",\"inLanguage\":\"pt-BR\",\"@id\":\"https:\/\/www.suno.com.br\/noticias\/#\/schema\/person\/image\/\",\"url\":\"https:\/\/secure.gravatar.com\/avatar\/3c1ad8caa51589841baeb923fcddea97?s=96&r=g\",\"contentUrl\":\"https:\/\/secure.gravatar.com\/avatar\/3c1ad8caa51589841baeb923fcddea97?s=96&r=g\",\"caption\":\"Jader Lazarini\"},\"description\":\"Jader Lazarini escreve sobre investimentos, finan\u00e7as, economia e neg\u00f3cios. \u00c9 bacharel em Rela\u00e7\u00f5es Internacionais e analista CNPI (2619).\",\"url\":\"https:\/\/www.suno.com.br\/noticias\/author\/jader-lazarini\/\"}]}<\/script>\n<!-- \/ Yoast SEO plugin. -->","yoast_head_json":{"title":"Pandemia avan\u00e7a e Brasil estabiliza 2 mil mortes di\u00e1rias por Covid-19","description":"Na contram\u00e3o do mundo, o Brasil registra um acentuado avan\u00e7o da pandemia do novo coronav\u00edrus (Covid-19). Clique e saiba mais.","robots":{"index":"index","follow":"follow","max-snippet":"max-snippet:-1","max-image-preview":"max-image-preview:large","max-video-preview":"max-video-preview:-1"},"canonical":"https:\/\/www.suno.com.br\/noticias\/pandemia-avanca-brasil-covid-19\/","og_locale":"pt_BR","og_type":"article","og_title":"Pandemia avan\u00e7a e Brasil estabiliza 2 mil mortes di\u00e1rias por Covid-19","og_description":"Na contram\u00e3o do mundo, o Brasil registra um acentuado avan\u00e7o da pandemia do novo coronav\u00edrus (Covid-19). Clique e saiba mais.","og_url":"https:\/\/www.suno.com.br\/noticias\/pandemia-avanca-brasil-covid-19\/","og_site_name":"Suno Not\u00edcias","article_publisher":"https:\/\/facebook.com\/sunoresearch","og_image":[{"width":1170,"height":700,"url":"https:\/\/files.sunoresearch.com.br\/n\/uploads\/2021\/03\/2357d377-mcamgo_pazuello_saude_1609201076.jpg","type":"image\/jpeg"}],"author":"Jader Lazarini","twitter_card":"summary_large_image","twitter_creator":"@sunoresearch","twitter_site":"@sunoresearch","twitter_misc":{"Escrito por":"Jader Lazarini","Est. tempo de leitura":"3 minutos"},"schema":{"@context":"https:\/\/schema.org","@graph":[{"@type":"NewsArticle","@id":"https:\/\/www.suno.com.br\/noticias\/pandemia-avanca-brasil-covid-19\/#article","isPartOf":{"@id":"https:\/\/www.suno.com.br\/noticias\/pandemia-avanca-brasil-covid-19\/"},"author":{"name":"Jader Lazarini","@id":"https:\/\/www.suno.com.br\/noticias\/#\/schema\/person\/918d79de1f0281f01599b93f9ea6e23f"},"headline":"Pandemia avan\u00e7a e Brasil estabiliza 2 mil mortes di\u00e1rias por Covid-19","datePublished":"2021-03-14T15:13:38+00:00","dateModified":"2021-03-14T16:17:47+00:00","mainEntityOfPage":{"@id":"https:\/\/www.suno.com.br\/noticias\/pandemia-avanca-brasil-covid-19\/"},"wordCount":548,"publisher":{"@id":"https:\/\/www.suno.com.br\/noticias\/#organization"},"image":{"@id":"https:\/\/www.suno.com.br\/noticias\/pandemia-avanca-brasil-covid-19\/#primaryimage"},"thumbnailUrl":"https:\/\/files.sunoresearch.com.br\/n\/uploads\/2021\/03\/2357d377-mcamgo_pazuello_saude_1609201076-jpg.webp","keywords":["coronav\u00edrus","covid-19","pandemia"],"articleSection":["Economia"],"inLanguage":"pt-BR"},{"@type":"WebPage","@id":"https:\/\/www.suno.com.br\/noticias\/pandemia-avanca-brasil-covid-19\/","url":"https:\/\/www.suno.com.br\/noticias\/pandemia-avanca-brasil-covid-19\/","name":"Pandemia avan\u00e7a e Brasil estabiliza 2 mil mortes di\u00e1rias por Covid-19","isPartOf":{"@id":"https:\/\/www.suno.com.br\/noticias\/#website"},"primaryImageOfPage":{"@id":"https:\/\/www.suno.com.br\/noticias\/pandemia-avanca-brasil-covid-19\/#primaryimage"},"image":{"@id":"https:\/\/www.suno.com.br\/noticias\/pandemia-avanca-brasil-covid-19\/#primaryimage"},"thumbnailUrl":"https:\/\/files.sunoresearch.com.br\/n\/uploads\/2021\/03\/2357d377-mcamgo_pazuello_saude_1609201076-jpg.webp","datePublished":"2021-03-14T15:13:38+00:00","dateModified":"2021-03-14T16:17:47+00:00","description":"Na contram\u00e3o do mundo, o Brasil registra um acentuado avan\u00e7o da pandemia do novo coronav\u00edrus (Covid-19). Clique e saiba mais.","breadcrumb":{"@id":"https:\/\/www.suno.com.br\/noticias\/pandemia-avanca-brasil-covid-19\/#breadcrumb"},"inLanguage":"pt-BR","potentialAction":[{"@type":"ReadAction","target":["https:\/\/www.suno.com.br\/noticias\/pandemia-avanca-brasil-covid-19\/"]}]},{"@type":"ImageObject","inLanguage":"pt-BR","@id":"https:\/\/www.suno.com.br\/noticias\/pandemia-avanca-brasil-covid-19\/#primaryimage","url":"https:\/\/files.sunoresearch.com.br\/n\/uploads\/2021\/03\/2357d377-mcamgo_pazuello_saude_1609201076-jpg.webp","contentUrl":"https:\/\/files.sunoresearch.com.br\/n\/uploads\/2021\/03\/2357d377-mcamgo_pazuello_saude_1609201076-jpg.webp","width":1170,"height":700,"caption":"Pazuello"},{"@type":"BreadcrumbList","@id":"https:\/\/www.suno.com.br\/noticias\/pandemia-avanca-brasil-covid-19\/#breadcrumb","itemListElement":[{"@type":"ListItem","position":1,"name":"Not\u00edcias","item":"https:\/\/www.suno.com.br\/noticias\/"},{"@type":"ListItem","position":2,"name":"Economia","item":"https:\/\/www.suno.com.br\/noticias\/economia\/"},{"@type":"ListItem","position":3,"name":"Pandemia avan\u00e7a e Brasil estabiliza 2 mil mortes di\u00e1rias por Covid-19"}]},{"@type":"WebSite","@id":"https:\/\/www.suno.com.br\/noticias\/#website","url":"https:\/\/www.suno.com.br\/noticias\/","name":"Suno Not\u00edcias","description":"Seu portal de informa\u00e7\u00e3o sobre o mundo dos investimentos","publisher":{"@id":"https:\/\/www.suno.com.br\/noticias\/#organization"},"potentialAction":[{"@type":"SearchAction","target":{"@type":"EntryPoint","urlTemplate":"https:\/\/www.suno.com.br\/noticias\/?s={search_term_string}"},"query-input":{"@type":"PropertyValueSpecification","valueRequired":true,"valueName":"search_term_string"}}],"inLanguage":"pt-BR"},{"@type":"Organization","@id":"https:\/\/www.suno.com.br\/noticias\/#organization","name":"Suno Not\u00edcias","url":"https:\/\/www.suno.com.br\/noticias\/","logo":{"@type":"ImageObject","inLanguage":"pt-BR","@id":"https:\/\/www.suno.com.br\/noticias\/#\/schema\/logo\/image\/","url":"https:\/\/files.sunoresearch.com.br\/n\/uploads\/2021\/09\/suno-logo.png","contentUrl":"https:\/\/files.sunoresearch.com.br\/n\/uploads\/2021\/09\/suno-logo.png","width":180,"height":180,"caption":"Suno Not\u00edcias"},"image":{"@id":"https:\/\/www.suno.com.br\/noticias\/#\/schema\/logo\/image\/"},"sameAs":["https:\/\/facebook.com\/sunoresearch","https:\/\/x.com\/sunoresearch","https:\/\/www.instagram.com\/suno","https:\/\/www.linkedin.com\/company\/suno-research\/","https:\/\/www.youtube.com\/c\/sunoresearch"]},{"@type":"Person","@id":"https:\/\/www.suno.com.br\/noticias\/#\/schema\/person\/918d79de1f0281f01599b93f9ea6e23f","name":"Jader Lazarini","image":{"@type":"ImageObject","inLanguage":"pt-BR","@id":"https:\/\/www.suno.com.br\/noticias\/#\/schema\/person\/image\/","url":"https:\/\/secure.gravatar.com\/avatar\/3c1ad8caa51589841baeb923fcddea97?s=96&r=g","contentUrl":"https:\/\/secure.gravatar.com\/avatar\/3c1ad8caa51589841baeb923fcddea97?s=96&r=g","caption":"Jader Lazarini"},"description":"Jader Lazarini escreve sobre investimentos, finan\u00e7as, economia e neg\u00f3cios. \u00c9 bacharel em Rela\u00e7\u00f5es Internacionais e analista CNPI (2619).","url":"https:\/\/www.suno.com.br\/noticias\/author\/jader-lazarini\/"}]}},"default_loop_html":"<div class=\"cardsPage__listCard__boxs\"><div class=\"cardsPage__listCard__boxs__img\"><a href=\"https:\/\/www.suno.com.br\/noticias\/pandemia-avanca-brasil-covid-19\/\"><img class=\"mask\" src=\"https:\/\/www.suno.com.br\/noticias\/wp-content\/themes\/suno\/resources\/images\/spotlight\/spotlight1img\/bg-mask.png\" alt=\"Image Mask\"\/><img src=\"https:\/\/files.sunoresearch.com.br\/n\/uploads\/2021\/03\/2357d377-mcamgo_pazuello_saude_1609201076-400x200.webp\" alt=\"Pandemia avan\u00e7a e Brasil estabiliza 2 mil mortes di\u00e1rias por Covid-19\"\/><\/a><span class=\"spotlightCategory\"><a href=\"https:\/\/www.suno.com.br\/noticias\/economia\/\">Economia<\/a><\/span><\/div><div class=\"cardsPage__listCard__boxs__content\"><a href=\"https:\/\/www.suno.com.br\/noticias\/pandemia-avanca-brasil-covid-19\/\"><h2 class=\"content__title\">Pandemia avan\u00e7a e Brasil estabiliza 2 mil mortes di\u00e1rias por Covid-19<\/h2><\/a><div class=\"newsContent__article__meta\"><div class=\"newsContent__article__meta__authorBox\"><a href=\"https:\/\/www.suno.com.br\/noticias\/author\/jader-lazarini\/\" class=\"authorBox__avatar noMobi\"><img src=\"https:\/\/files.sunoresearch.com.br\/n\/uploads\/2021\/01\/178e6598-foto-perfil-2-150x150.jpg\" alt=\"Jader Lazarini\"><\/a><div class=\"authorBox__name\"><span>por\n\t\t\t<a href=\"https:\/\/www.suno.com.br\/noticias\/author\/jader-lazarini\/\"><span itemprop=\"author\">Jader Lazarini<\/span><\/a><\/span><time datetime=\"2021-03-14T12:13:38-03:00\" itemprop=\"datePublished\">14\/03\/2021 12:13<\/time><\/div><\/div><\/div><\/div><\/div>","single_layout":"posts","amp_enabled":true,"_links":{"self":[{"href":"https:\/\/www.suno.com.br\/noticias\/wp-json\/wp\/v2\/posts\/131635"}],"collection":[{"href":"https:\/\/www.suno.com.br\/noticias\/wp-json\/wp\/v2\/posts"}],"about":[{"href":"https:\/\/www.suno.com.br\/noticias\/wp-json\/wp\/v2\/types\/post"}],"author":[{"embeddable":true,"href":"https:\/\/www.suno.com.br\/noticias\/wp-json\/wp\/v2\/users\/24"}],"replies":[{"embeddable":true,"href":"https:\/\/www.suno.com.br\/noticias\/wp-json\/wp\/v2\/comments?post=131635"}],"version-history":[{"count":2,"href":"https:\/\/www.suno.com.br\/noticias\/wp-json\/wp\/v2\/posts\/131635\/revisions"}],"predecessor-version":[{"id":131651,"href":"https:\/\/www.suno.com.br\/noticias\/wp-json\/wp\/v2\/posts\/131635\/revisions\/131651"}],"wp:featuredmedia":[{"embeddable":true,"href":"https:\/\/www.suno.com.br\/noticias\/wp-json\/wp\/v2\/media\/131637"}],"wp:attachment":[{"href":"https:\/\/www.suno.com.br\/noticias\/wp-json\/wp\/v2\/media?parent=131635"}],"wp:term":[{"taxonomy":"category","embeddable":true,"href":"https:\/\/www.suno.com.br\/noticias\/wp-json\/wp\/v2\/categories?post=131635"},{"taxonomy":"post_tag","embeddable":true,"href":"https:\/\/www.suno.com.br\/noticias\/wp-json\/wp\/v2\/tags?post=131635"},{"taxonomy":"suno_strategy","embeddable":true,"href":"https:\/\/www.suno.com.br\/noticias\/wp-json\/wp\/v2\/suno_strategy?post=131635"}],"curies":[{"name":"wp","href":"https:\/\/api.w.org\/{rel}","templated":true}]}}