{"id":131477,"date":"2021-03-12T20:34:32","date_gmt":"2021-03-12T23:34:32","guid":{"rendered":"https:\/\/www.suno.com.br\/noticias\/?p=131477"},"modified":"2021-03-12T20:34:32","modified_gmt":"2021-03-12T23:34:32","slug":"bancos-alta-selic-projecoes-05-p-p","status":"publish","type":"post","link":"https:\/\/www.suno.com.br\/noticias\/bancos-alta-selic-projecoes-05-p-p\/","title":{"rendered":"Bancos preveem in\u00edcio do ciclo de alta da Selic e proje\u00e7\u00f5es apontam para 0,5 p.p."},"content":{"rendered":"<p>A reuni\u00e3o do <a href=\"https:\/\/www.suno.com.br\/artigos\/copom\/\">Comit\u00ea de Pol\u00edtica Monet\u00e1ria (Copom)<\/a> est\u00e1 cada vez mais perto e os investidores j\u00e1 circulam o dia 17 de mar\u00e7o em sua agenda, na espera de uma das quartas-feiras mais importantes para o mercado. De praxe, os analistas se reuniram antes para projetar a decis\u00e3o envolvendo a taxa b\u00e1sica de juros (<strong>Selic<\/strong>). E desta vez a expectativa \u00e9 de que se inicie o ciclo de alta, com as estimativas concentradas em uma previs\u00e3o, a de um aumento de 0,5 ponto percentual.<\/p>\t<div class=\"wrapper-featured-image\">\n\t\t<figure class=\"spotlightImg\">\n\n\t\t\t<picture>\n\t\t\t\t<source media=\"(max-width: 768px)\" srcset=\"https:\/\/files.sunoresearch.com.br\/n\/uploads\/2021\/01\/1ea1bcfe-b2ap3_large_619c3b14-a6ed-44d2-8ff8-f0761c0ddd15-400x200.webp\">\n\t\t\t\t<img loading=\"lazy\" decoding=\"async\" class=\"newsContent__article__imgCapa lazyloadDisabled \" src=\"https:\/\/files.sunoresearch.com.br\/n\/uploads\/2021\/01\/1ea1bcfe-b2ap3_large_619c3b14-a6ed-44d2-8ff8-f0761c0ddd15-800x450.webp\" width=\"800\" height=\"450\" alt=\"Bancos preveem in\u00edcio do ciclo de alta da Selic e proje\u00e7\u00f5es apontam para 0,5 p.p.\" fetchpriority=high \/>\n\t\t\t<\/picture>\n\n\t\t\t<figcaption class=\"wp-caption-text wp-caption-text--show\">Os principais eventos da semana prometem agitar o mercado; passando por Selic at\u00e9 Minist\u00e9rio da Sa\u00fade.<\/figcaption>\n\t\t<\/figure>\n\t<\/div>\n\n\n\t<p>\n\t\t<a href=\"https:\/\/lp.suno.com.br\/planilha-controle-gastos\/\" target=\"_blank\" data-element=\"shortcode-suno-banner\" title=\"Banner SUNO, clique e saiba mais\">\n\t\t\t<picture>\n\t\t\t\t<source media=\"(max-width: 500px)\" srcset=\"https:\/\/files.sunoresearch.com.br\/n\/uploads\/2023\/03\/400x300-Planilha-controle-de-gastos.png\">\n\t\t\t\t<img class=\"newsContent__article__imgCapa newsContent__article__imgCapa--banner\"\n\t\t\t\t\tsrc=\"https:\/\/files.sunoresearch.com.br\/n\/uploads\/2023\/03\/1420x240-Planilha-controle-de-gastos.png\"\n\t\t\t\t\tdata-promo-id=\"101751\"\t\t\t\t\t\t\t\t\t\twidth='1420' height='240'\t\t\t\t\talt=\"https:\/\/files.sunoresearch.com.br\/n\/uploads\/2023\/03\/1420x240-Planilha-controle-de-gastos.png\"\n\t\t\t\t>\n\t\t\t<\/picture>\n\t\t<\/a>\n\t<\/p>\n\n\n<p>Para aqueles que acompanham ativamente as proje\u00e7\u00f5es n\u00e3o mercado n\u00e3o \u00e9, de fato, novidade uma conflu\u00eancia em torno da expectativa de alta da taxa Selic.<\/p>\n<p>De acordo com o \u00faltimo <a href=\"https:\/\/www.suno.com.br\/artigos\/boletim-focus\/\">Boletim Focus<\/a>, relat\u00f3rio econ\u00f4mico que re\u00fane sentimento de diversos especialistas, o\u00a0 \u00cdndice de Pre\u00e7os ao Consumidor Amplo (IPCA), <strong>infla\u00e7\u00e3o<\/strong> oficial do Brasil, est\u00e1 previsto para bater 3,98% em 2021. A proje\u00e7\u00e3o dos economistas para a infla\u00e7\u00e3o j\u00e1 est\u00e1 acima do centro da meta de 2021, de 3,75%, sendo que a margem de toler\u00e2ncia \u00e9 de 1,5 ponto (de 2,25% a 5,25%).<\/p>\n<p><a href=\"https:\/\/lp.suno.com.br\/suno-one\/\">Suno One: acesse gratuitamente eBooks, Minicursos, Artigos e V\u00eddeo Aulas sobre investimentos com um \u00fanico cadastro. Clique para saber mais!<\/a><\/p>\n<p>Soma-se a isso um persistente <strong>risco fiscal<\/strong> associado ao Brasil, alimentado por ru\u00eddos pol\u00edticos e pela expectativa de uma recupera\u00e7\u00e3o econ\u00f4mica mais lenta, em decorr\u00eancia do agravamento da situa\u00e7\u00e3o sanit\u00e1rio no Pa\u00eds. O cen\u00e1rio tem contribu\u00eddo para uma maior volatilidade do real ante ao d\u00f3lar, pressionando o Banco Central (BC) a intervir mais e mais no <a href=\"https:\/\/www.suno.com.br\/artigos\/taxa-de-cambio-real\/\">mercado de c\u00e2mbio<\/a>.<\/p>\n<p>Em relat\u00f3rio recente, o <a href=\"https:\/\/www.suno.com.br\/acoes\/itub4\/\">Ita\u00fa Unibanco (ITUB4)<\/a> relembrou que a autoridade monet\u00e1ria j\u00e1 vem alertando que a trajet\u00f3ria fiscal cria uma assimetria altista no balan\u00e7o de riscos para a infla\u00e7\u00e3o. &#8220;O cen\u00e1rio global tamb\u00e9m tem se mostrado potencialmente mais desafiador \u00e0 medida que os mercados se ajustam \u00e0 perspectiva de recupera\u00e7\u00e3o c\u00edclica forte e possibilidade de retirada antecipada de est\u00edmulos por parte do banco central americano&#8221;, destacou o banco.<\/p>\n<h2>In\u00edcio do ciclo de alta da Selic<\/h2>\n<p>O <strong>Ita\u00fa<\/strong> estimou uma eleva\u00e7\u00e3o de 0,50 ponto percentual na taxa Selic, para 2,50% ao ano, na pr\u00f3xima reuni\u00e3o de pol\u00edtica monet\u00e1ria do Copom.<\/p>\n<p>&#8220;Tal ritmo de alta se justifica diante do aumento recente das incertezas globais e fiscais, em um contexto de infla\u00e7\u00e3o ainda bastante pressionada no curto prazo, especialmente em raz\u00e3o do aumento de <a href=\"https:\/\/www.suno.com.br\/artigos\/o-que-commodities\/\">pre\u00e7os de <strong>commodities<\/strong><\/a> sem correspondente aprecia\u00e7\u00e3o cambial e da acelera\u00e7\u00e3o da infla\u00e7\u00e3o de bens em um cen\u00e1rio de maior utiliza\u00e7\u00e3o da capacidade da ind\u00fastria, que contribui para maior repasse da alta de pre\u00e7os de insumos&#8221;, salientou o banco.<\/p>\n\t<div data-element=\"shortcode-read-more\" class=\"knowMore\">\n\t\t\t\t<span class=\"knowMore__title\">Veja tamb\u00e9m<\/span>\n\t\t\t\t<a class=\"knowMore__link\" href=\"https:\/\/www.suno.com.br\/noticias\/inflacao-juro-negativo-cerco-risco-brasil\/\">\n\t\t\tInfla\u00e7\u00e3o: juro negativo aumenta o cerco a risco Brasil, dizem especialistas\t\t<\/a>\n\t<\/div>\n\n\n<p>&#8220;Tamb\u00e9m atuam nessa dire\u00e7\u00e3o as evid\u00eancias de que o impacto da 2\u00aa onda do v\u00edrus sobre a atividade econ\u00f4mica como um todo tem sido, at\u00e9 o momento, menos intenso do que na 1\u00aa onda&#8221;, acrescentou.<\/p>\n<p>A an\u00e1lise e a proje\u00e7\u00e3o s\u00e3o corroboradas pela equipe de analistas do banco <strong>UBS<\/strong>, que espera agora o in\u00edcio do ciclo de altas j\u00e1 na pr\u00f3xima semana ao inv\u00e9s de em maio.<\/p>\n\t<p>\n\t\t<a href=\"https:\/\/lp.suno.com.br\/planilha-da-vida-financeira\/\" target=\"_blank\" data-element=\"shortcode-suno-banner\" title=\"Banner SUNO, clique e saiba mais\">\n\t\t\t<picture>\n\t\t\t\t<source media=\"(max-width: 500px)\" srcset=\"https:\/\/files.sunoresearch.com.br\/n\/uploads\/2023\/04\/400x300-Planilha-vida-financeira-true.png\">\n\t\t\t\t<img class=\"newsContent__article__imgCapa newsContent__article__imgCapa--banner\"\n\t\t\t\t\tsrc=\"https:\/\/files.sunoresearch.com.br\/n\/uploads\/2023\/04\/1420x240-Planilha-vida-financeira-true.png\"\n\t\t\t\t\tdata-promo-id=\"106682\"\t\t\t\t\t\t\t\t\t\twidth='1420' height='240'\t\t\t\t\talt=\"https:\/\/files.sunoresearch.com.br\/n\/uploads\/2023\/04\/1420x240-Planilha-vida-financeira-true.png\"\n\t\t\t\t>\n\t\t\t<\/picture>\n\t\t<\/a>\n\t<\/p>\n\n\n<p>&#8220;No entanto, ainda vemos quarto aumentos de 0,5 ponto percentual, o que significa 4% no terceiro trimestre de 2021. Acreditamos que o BCB diminuir\u00e1 o tamanho do est\u00edmulo monet\u00e1rio, mas acreditamos que a situa\u00e7\u00e3o ainda exige uma <a href=\"https:\/\/www.suno.com.br\/artigos\/politica-monetaria\/\">pol\u00edtica monet\u00e1ria estimulante<\/a>, uma vez que a evolu\u00e7\u00e3o da pandemia n\u00e3o aponta para um fechamento r\u00e1pido do hiato do produto, queda do desemprego ou uma reacelera\u00e7\u00e3o iminente da infla\u00e7\u00e3o de servi\u00e7os&#8221;, ponderaram os analistas.<\/p>\n<h2>Mudan\u00e7a na atitude de outros BCs<\/h2>\n<p>Outro ponto, enfatizado pelo <strong>Goldman Sachs<\/strong>, \u00e9 a &#8220;mudan\u00e7a clara&#8221; de atitude por parte de outros bancos centrais de mercados emergentes.<\/p>\n\t<div data-element=\"shortcode-read-more\" class=\"knowMore\">\n\t\t\t\t<span class=\"knowMore__title\">Leia mais<\/span>\n\t\t\t\t<a class=\"knowMore__link\" href=\"https:\/\/www.suno.com.br\/noticias\/boletim-focus-pib-reduz-selic-08032021\/\">\n\t\t\tBoletim Focus reduz crescimento do PIB em 2021 de 3,29% para 3,26%\t\t<\/a>\n\t<\/div>\n\n\n<p>De acordo com o grupo financeiro norte-americano, &#8220;o aumento nos <a href=\"https:\/\/www.suno.com.br\/artigos\/dolar\/\">rendimentos do d\u00f3lar<\/a> e nos pre\u00e7os das commodities, a expectativa de um crescimento global robusto e perfil de neg\u00f3cios (alimentando a ansiedade da refla\u00e7\u00e3o do mercado) e gerando press\u00f5es inflacion\u00e1rias (na maioria dos lugares impulsionados pelos pre\u00e7os de alimentos e combust\u00edveis n\u00e3o essenciais) est\u00e3o levando v\u00e1rios bancos centrais para reavaliar a adequa\u00e7\u00e3o da atual orienta\u00e7\u00e3o monet\u00e1ria altamente acomodat\u00edcia&#8221;.<\/p>\n<p>O Goldman tamb\u00e9m prev\u00ea uma taxa <strong>Selic<\/strong> 0,5 ponto percentual mais alta depois de quarta-feira.<\/p>\n\t<p>\n\t\t<a href=\"https:\/\/lp.suno.com.br\/planilha-de-controle-de-investimentos\/\" target=\"_blank\" data-element=\"shortcode-suno-banner\" title=\"Banner SUNO, clique e saiba mais\">\n\t\t\t<picture>\n\t\t\t\t<source media=\"(max-width: 500px)\" srcset=\"https:\/\/files.sunoresearch.com.br\/n\/uploads\/2023\/03\/400x300-Controle-de-Investimentos.png\">\n\t\t\t\t<img class=\"newsContent__article__imgCapa newsContent__article__imgCapa--banner\"\n\t\t\t\t\tsrc=\"https:\/\/files.sunoresearch.com.br\/n\/uploads\/2023\/03\/1420x240-Controle-de-Investimentos.png\"\n\t\t\t\t\tdata-promo-id=\"75934\"\t\t\t\t\t\t\t\t\t\twidth='1420' height='240'\t\t\t\t\talt=\"https:\/\/files.sunoresearch.com.br\/n\/uploads\/2023\/03\/1420x240-Controle-de-Investimentos.png\"\n\t\t\t\t>\n\t\t\t<\/picture>\n\t\t<\/a>\n\t<\/p>\n\n\n","protected":false},"excerpt":{"rendered":"<p>A reuni\u00e3o do Comit\u00ea de Pol\u00edtica Monet\u00e1ria (Copom) est\u00e1 cada vez mais perto e os investidores j\u00e1 circulam o dia 17 de mar\u00e7o em sua agenda, na espera de uma das quartas-feiras mais importantes para o mercado. De praxe, os analistas se reuniram antes para projetar a decis\u00e3o envolvendo a taxa b\u00e1sica de juros (Selic). [&hellip;]<\/p>\n","protected":false},"author":35,"featured_media":113445,"comment_status":"closed","ping_status":"closed","sticky":false,"template":"","format":"standard","meta":[],"categories":[62],"tags":[94403,1104,326,105816,775,850,519,290,747],"suno_strategy":[],"class_list":["post-131477","post","type-post","status-publish","format-standard","has-post-thumbnail","hentry","category-economia","tag-commodities","tag-copom","tag-dolar","tag-especialistas","tag-goldman-sachs-gsgi34","tag-inflacao","tag-itau-unibanco-itub3-itub4","tag-taxa-selic","tag-ubs-ubsg34"],"yoast_head":"<!-- This site is optimized with the Yoast SEO plugin v24.4 - https:\/\/yoast.com\/wordpress\/plugins\/seo\/ -->\n<title>Bancos preveem alta da Selic e proje\u00e7\u00f5es apontam para 0,5 p.p.<\/title>\n<meta name=\"description\" content=\"A reuni\u00e3o do Copom acontecer\u00e1 nos dias 16 e 17 de mar\u00e7o e a expectativa \u00e9 de uma alta de 0,5 ponto percentual na taxa b\u00e1sica de juros (Selic)\" \/>\n<meta name=\"robots\" content=\"index, follow, max-snippet:-1, max-image-preview:large, max-video-preview:-1\" \/>\n<link rel=\"canonical\" href=\"https:\/\/www.suno.com.br\/noticias\/bancos-alta-selic-projecoes-05-p-p\/\" \/>\n<meta property=\"og:locale\" content=\"pt_BR\" \/>\n<meta property=\"og:type\" content=\"article\" \/>\n<meta property=\"og:title\" content=\"Bancos preveem alta da Selic e proje\u00e7\u00f5es apontam para 0,5 p.p.\" \/>\n<meta property=\"og:description\" content=\"A reuni\u00e3o do Copom acontecer\u00e1 nos dias 16 e 17 de mar\u00e7o e a expectativa \u00e9 de uma alta de 0,5 ponto percentual na taxa b\u00e1sica de juros (Selic)\" \/>\n<meta property=\"og:url\" content=\"https:\/\/www.suno.com.br\/noticias\/bancos-alta-selic-projecoes-05-p-p\/\" \/>\n<meta property=\"og:site_name\" content=\"Suno Not\u00edcias\" \/>\n<meta property=\"article:publisher\" content=\"https:\/\/facebook.com\/sunoresearch\" \/>\n<meta property=\"og:image\" content=\"https:\/\/files.sunoresearch.com.br\/n\/uploads\/2021\/01\/1ea1bcfe-b2ap3_large_619c3b14-a6ed-44d2-8ff8-f0761c0ddd15.jpg\" \/>\n\t<meta property=\"og:image:width\" content=\"1280\" \/>\n\t<meta property=\"og:image:height\" content=\"853\" \/>\n\t<meta property=\"og:image:type\" content=\"image\/jpeg\" \/>\n<meta name=\"author\" content=\"Arthur Guimar\u00e3es\" \/>\n<meta name=\"twitter:card\" content=\"summary_large_image\" \/>\n<meta name=\"twitter:creator\" content=\"@sunoresearch\" \/>\n<meta name=\"twitter:site\" content=\"@sunoresearch\" \/>\n<meta name=\"twitter:label1\" content=\"Escrito por\" \/>\n\t<meta name=\"twitter:data1\" content=\"Arthur Guimar\u00e3es\" \/>\n\t<meta name=\"twitter:label2\" content=\"Est. tempo de leitura\" \/>\n\t<meta name=\"twitter:data2\" content=\"4 minutos\" \/>\n<script type=\"application\/ld+json\" class=\"yoast-schema-graph\">{\"@context\":\"https:\/\/schema.org\",\"@graph\":[{\"@type\":\"NewsArticle\",\"@id\":\"https:\/\/www.suno.com.br\/noticias\/bancos-alta-selic-projecoes-05-p-p\/#article\",\"isPartOf\":{\"@id\":\"https:\/\/www.suno.com.br\/noticias\/bancos-alta-selic-projecoes-05-p-p\/\"},\"author\":{\"name\":\"Arthur Guimar\u00e3es\",\"@id\":\"https:\/\/www.suno.com.br\/noticias\/#\/schema\/person\/053a750a709a263919a20f976caae91c\"},\"headline\":\"Bancos preveem in\u00edcio do ciclo de alta da Selic e proje\u00e7\u00f5es apontam para 0,5 p.p.\",\"datePublished\":\"2021-03-12T23:34:32+00:00\",\"mainEntityOfPage\":{\"@id\":\"https:\/\/www.suno.com.br\/noticias\/bancos-alta-selic-projecoes-05-p-p\/\"},\"wordCount\":788,\"publisher\":{\"@id\":\"https:\/\/www.suno.com.br\/noticias\/#organization\"},\"image\":{\"@id\":\"https:\/\/www.suno.com.br\/noticias\/bancos-alta-selic-projecoes-05-p-p\/#primaryimage\"},\"thumbnailUrl\":\"https:\/\/files.sunoresearch.com.br\/n\/uploads\/2021\/01\/1ea1bcfe-b2ap3_large_619c3b14-a6ed-44d2-8ff8-f0761c0ddd15-jpg.webp\",\"keywords\":[\"commodities\",\"Copom\",\"d\u00f3lar\",\"Especialistas\",\"Goldman Sachs (GSGI34)\",\"infla\u00e7\u00e3o\",\"Ita\u00fa Unibanco (ITUB3\/ITUB4)\",\"Taxa Selic\",\"UBS (UBSG34)\"],\"articleSection\":[\"Economia\"],\"inLanguage\":\"pt-BR\"},{\"@type\":\"WebPage\",\"@id\":\"https:\/\/www.suno.com.br\/noticias\/bancos-alta-selic-projecoes-05-p-p\/\",\"url\":\"https:\/\/www.suno.com.br\/noticias\/bancos-alta-selic-projecoes-05-p-p\/\",\"name\":\"Bancos preveem alta da Selic e proje\u00e7\u00f5es apontam para 0,5 p.p.\",\"isPartOf\":{\"@id\":\"https:\/\/www.suno.com.br\/noticias\/#website\"},\"primaryImageOfPage\":{\"@id\":\"https:\/\/www.suno.com.br\/noticias\/bancos-alta-selic-projecoes-05-p-p\/#primaryimage\"},\"image\":{\"@id\":\"https:\/\/www.suno.com.br\/noticias\/bancos-alta-selic-projecoes-05-p-p\/#primaryimage\"},\"thumbnailUrl\":\"https:\/\/files.sunoresearch.com.br\/n\/uploads\/2021\/01\/1ea1bcfe-b2ap3_large_619c3b14-a6ed-44d2-8ff8-f0761c0ddd15-jpg.webp\",\"datePublished\":\"2021-03-12T23:34:32+00:00\",\"description\":\"A reuni\u00e3o do Copom acontecer\u00e1 nos dias 16 e 17 de mar\u00e7o e a expectativa \u00e9 de uma alta de 0,5 ponto percentual na taxa b\u00e1sica de juros (Selic)\",\"breadcrumb\":{\"@id\":\"https:\/\/www.suno.com.br\/noticias\/bancos-alta-selic-projecoes-05-p-p\/#breadcrumb\"},\"inLanguage\":\"pt-BR\",\"potentialAction\":[{\"@type\":\"ReadAction\",\"target\":[\"https:\/\/www.suno.com.br\/noticias\/bancos-alta-selic-projecoes-05-p-p\/\"]}]},{\"@type\":\"ImageObject\",\"inLanguage\":\"pt-BR\",\"@id\":\"https:\/\/www.suno.com.br\/noticias\/bancos-alta-selic-projecoes-05-p-p\/#primaryimage\",\"url\":\"https:\/\/files.sunoresearch.com.br\/n\/uploads\/2021\/01\/1ea1bcfe-b2ap3_large_619c3b14-a6ed-44d2-8ff8-f0761c0ddd15-jpg.webp\",\"contentUrl\":\"https:\/\/files.sunoresearch.com.br\/n\/uploads\/2021\/01\/1ea1bcfe-b2ap3_large_619c3b14-a6ed-44d2-8ff8-f0761c0ddd15-jpg.webp\",\"width\":1280,\"height\":853,\"caption\":\"Os principais eventos da semana prometem agitar o mercado; passando por Selic at\u00e9 Minist\u00e9rio da Sa\u00fade.\"},{\"@type\":\"BreadcrumbList\",\"@id\":\"https:\/\/www.suno.com.br\/noticias\/bancos-alta-selic-projecoes-05-p-p\/#breadcrumb\",\"itemListElement\":[{\"@type\":\"ListItem\",\"position\":1,\"name\":\"Not\u00edcias\",\"item\":\"https:\/\/www.suno.com.br\/noticias\/\"},{\"@type\":\"ListItem\",\"position\":2,\"name\":\"Economia\",\"item\":\"https:\/\/www.suno.com.br\/noticias\/economia\/\"},{\"@type\":\"ListItem\",\"position\":3,\"name\":\"Bancos preveem in\u00edcio do ciclo de alta da Selic e proje\u00e7\u00f5es apontam para 0,5 p.p.\"}]},{\"@type\":\"WebSite\",\"@id\":\"https:\/\/www.suno.com.br\/noticias\/#website\",\"url\":\"https:\/\/www.suno.com.br\/noticias\/\",\"name\":\"Suno Not\u00edcias\",\"description\":\"Seu portal de informa\u00e7\u00e3o sobre o mundo dos investimentos\",\"publisher\":{\"@id\":\"https:\/\/www.suno.com.br\/noticias\/#organization\"},\"potentialAction\":[{\"@type\":\"SearchAction\",\"target\":{\"@type\":\"EntryPoint\",\"urlTemplate\":\"https:\/\/www.suno.com.br\/noticias\/?s={search_term_string}\"},\"query-input\":{\"@type\":\"PropertyValueSpecification\",\"valueRequired\":true,\"valueName\":\"search_term_string\"}}],\"inLanguage\":\"pt-BR\"},{\"@type\":\"Organization\",\"@id\":\"https:\/\/www.suno.com.br\/noticias\/#organization\",\"name\":\"Suno Not\u00edcias\",\"url\":\"https:\/\/www.suno.com.br\/noticias\/\",\"logo\":{\"@type\":\"ImageObject\",\"inLanguage\":\"pt-BR\",\"@id\":\"https:\/\/www.suno.com.br\/noticias\/#\/schema\/logo\/image\/\",\"url\":\"https:\/\/files.sunoresearch.com.br\/n\/uploads\/2021\/09\/suno-logo.png\",\"contentUrl\":\"https:\/\/files.sunoresearch.com.br\/n\/uploads\/2021\/09\/suno-logo.png\",\"width\":180,\"height\":180,\"caption\":\"Suno Not\u00edcias\"},\"image\":{\"@id\":\"https:\/\/www.suno.com.br\/noticias\/#\/schema\/logo\/image\/\"},\"sameAs\":[\"https:\/\/facebook.com\/sunoresearch\",\"https:\/\/x.com\/sunoresearch\",\"https:\/\/www.instagram.com\/suno\",\"https:\/\/www.linkedin.com\/company\/suno-research\/\",\"https:\/\/www.youtube.com\/c\/sunoresearch\"]},{\"@type\":\"Person\",\"@id\":\"https:\/\/www.suno.com.br\/noticias\/#\/schema\/person\/053a750a709a263919a20f976caae91c\",\"name\":\"Arthur Guimar\u00e3es\",\"image\":{\"@type\":\"ImageObject\",\"inLanguage\":\"pt-BR\",\"@id\":\"https:\/\/www.suno.com.br\/noticias\/#\/schema\/person\/image\/\",\"url\":\"https:\/\/secure.gravatar.com\/avatar\/1affd86a11209ae09eb6dd3bcad3e96c?s=96&r=g\",\"contentUrl\":\"https:\/\/secure.gravatar.com\/avatar\/1affd86a11209ae09eb6dd3bcad3e96c?s=96&r=g\",\"caption\":\"Arthur Guimar\u00e3es\"},\"description\":\"Arthur Guimar\u00e3es escreve sobre pol\u00edtica, economia e neg\u00f3cios para o portal de not\u00edcias da Suno Research. Atualmente, \u00e9 estudante de jornalismo pela Faculdade C\u00e1sper L\u00edbero.\",\"url\":\"https:\/\/www.suno.com.br\/noticias\/author\/arthur-guimaraes\/\"}]}<\/script>\n<!-- \/ Yoast SEO plugin. -->","yoast_head_json":{"title":"Bancos preveem alta da Selic e proje\u00e7\u00f5es apontam para 0,5 p.p.","description":"A reuni\u00e3o do Copom acontecer\u00e1 nos dias 16 e 17 de mar\u00e7o e a expectativa \u00e9 de uma alta de 0,5 ponto percentual na taxa b\u00e1sica de juros (Selic)","robots":{"index":"index","follow":"follow","max-snippet":"max-snippet:-1","max-image-preview":"max-image-preview:large","max-video-preview":"max-video-preview:-1"},"canonical":"https:\/\/www.suno.com.br\/noticias\/bancos-alta-selic-projecoes-05-p-p\/","og_locale":"pt_BR","og_type":"article","og_title":"Bancos preveem alta da Selic e proje\u00e7\u00f5es apontam para 0,5 p.p.","og_description":"A reuni\u00e3o do Copom acontecer\u00e1 nos dias 16 e 17 de mar\u00e7o e a expectativa \u00e9 de uma alta de 0,5 ponto percentual na taxa b\u00e1sica de juros (Selic)","og_url":"https:\/\/www.suno.com.br\/noticias\/bancos-alta-selic-projecoes-05-p-p\/","og_site_name":"Suno Not\u00edcias","article_publisher":"https:\/\/facebook.com\/sunoresearch","og_image":[{"width":1280,"height":853,"url":"https:\/\/files.sunoresearch.com.br\/n\/uploads\/2021\/01\/1ea1bcfe-b2ap3_large_619c3b14-a6ed-44d2-8ff8-f0761c0ddd15.jpg","type":"image\/jpeg"}],"author":"Arthur Guimar\u00e3es","twitter_card":"summary_large_image","twitter_creator":"@sunoresearch","twitter_site":"@sunoresearch","twitter_misc":{"Escrito por":"Arthur Guimar\u00e3es","Est. tempo de leitura":"4 minutos"},"schema":{"@context":"https:\/\/schema.org","@graph":[{"@type":"NewsArticle","@id":"https:\/\/www.suno.com.br\/noticias\/bancos-alta-selic-projecoes-05-p-p\/#article","isPartOf":{"@id":"https:\/\/www.suno.com.br\/noticias\/bancos-alta-selic-projecoes-05-p-p\/"},"author":{"name":"Arthur Guimar\u00e3es","@id":"https:\/\/www.suno.com.br\/noticias\/#\/schema\/person\/053a750a709a263919a20f976caae91c"},"headline":"Bancos preveem in\u00edcio do ciclo de alta da Selic e proje\u00e7\u00f5es apontam para 0,5 p.p.","datePublished":"2021-03-12T23:34:32+00:00","mainEntityOfPage":{"@id":"https:\/\/www.suno.com.br\/noticias\/bancos-alta-selic-projecoes-05-p-p\/"},"wordCount":788,"publisher":{"@id":"https:\/\/www.suno.com.br\/noticias\/#organization"},"image":{"@id":"https:\/\/www.suno.com.br\/noticias\/bancos-alta-selic-projecoes-05-p-p\/#primaryimage"},"thumbnailUrl":"https:\/\/files.sunoresearch.com.br\/n\/uploads\/2021\/01\/1ea1bcfe-b2ap3_large_619c3b14-a6ed-44d2-8ff8-f0761c0ddd15-jpg.webp","keywords":["commodities","Copom","d\u00f3lar","Especialistas","Goldman Sachs (GSGI34)","infla\u00e7\u00e3o","Ita\u00fa Unibanco (ITUB3\/ITUB4)","Taxa Selic","UBS (UBSG34)"],"articleSection":["Economia"],"inLanguage":"pt-BR"},{"@type":"WebPage","@id":"https:\/\/www.suno.com.br\/noticias\/bancos-alta-selic-projecoes-05-p-p\/","url":"https:\/\/www.suno.com.br\/noticias\/bancos-alta-selic-projecoes-05-p-p\/","name":"Bancos preveem alta da Selic e proje\u00e7\u00f5es apontam para 0,5 p.p.","isPartOf":{"@id":"https:\/\/www.suno.com.br\/noticias\/#website"},"primaryImageOfPage":{"@id":"https:\/\/www.suno.com.br\/noticias\/bancos-alta-selic-projecoes-05-p-p\/#primaryimage"},"image":{"@id":"https:\/\/www.suno.com.br\/noticias\/bancos-alta-selic-projecoes-05-p-p\/#primaryimage"},"thumbnailUrl":"https:\/\/files.sunoresearch.com.br\/n\/uploads\/2021\/01\/1ea1bcfe-b2ap3_large_619c3b14-a6ed-44d2-8ff8-f0761c0ddd15-jpg.webp","datePublished":"2021-03-12T23:34:32+00:00","description":"A reuni\u00e3o do Copom acontecer\u00e1 nos dias 16 e 17 de mar\u00e7o e a expectativa \u00e9 de uma alta de 0,5 ponto percentual na taxa b\u00e1sica de juros (Selic)","breadcrumb":{"@id":"https:\/\/www.suno.com.br\/noticias\/bancos-alta-selic-projecoes-05-p-p\/#breadcrumb"},"inLanguage":"pt-BR","potentialAction":[{"@type":"ReadAction","target":["https:\/\/www.suno.com.br\/noticias\/bancos-alta-selic-projecoes-05-p-p\/"]}]},{"@type":"ImageObject","inLanguage":"pt-BR","@id":"https:\/\/www.suno.com.br\/noticias\/bancos-alta-selic-projecoes-05-p-p\/#primaryimage","url":"https:\/\/files.sunoresearch.com.br\/n\/uploads\/2021\/01\/1ea1bcfe-b2ap3_large_619c3b14-a6ed-44d2-8ff8-f0761c0ddd15-jpg.webp","contentUrl":"https:\/\/files.sunoresearch.com.br\/n\/uploads\/2021\/01\/1ea1bcfe-b2ap3_large_619c3b14-a6ed-44d2-8ff8-f0761c0ddd15-jpg.webp","width":1280,"height":853,"caption":"Os principais eventos da semana prometem agitar o mercado; passando por Selic at\u00e9 Minist\u00e9rio da Sa\u00fade."},{"@type":"BreadcrumbList","@id":"https:\/\/www.suno.com.br\/noticias\/bancos-alta-selic-projecoes-05-p-p\/#breadcrumb","itemListElement":[{"@type":"ListItem","position":1,"name":"Not\u00edcias","item":"https:\/\/www.suno.com.br\/noticias\/"},{"@type":"ListItem","position":2,"name":"Economia","item":"https:\/\/www.suno.com.br\/noticias\/economia\/"},{"@type":"ListItem","position":3,"name":"Bancos preveem in\u00edcio do ciclo de alta da Selic e proje\u00e7\u00f5es apontam para 0,5 p.p."}]},{"@type":"WebSite","@id":"https:\/\/www.suno.com.br\/noticias\/#website","url":"https:\/\/www.suno.com.br\/noticias\/","name":"Suno Not\u00edcias","description":"Seu portal de informa\u00e7\u00e3o sobre o mundo dos investimentos","publisher":{"@id":"https:\/\/www.suno.com.br\/noticias\/#organization"},"potentialAction":[{"@type":"SearchAction","target":{"@type":"EntryPoint","urlTemplate":"https:\/\/www.suno.com.br\/noticias\/?s={search_term_string}"},"query-input":{"@type":"PropertyValueSpecification","valueRequired":true,"valueName":"search_term_string"}}],"inLanguage":"pt-BR"},{"@type":"Organization","@id":"https:\/\/www.suno.com.br\/noticias\/#organization","name":"Suno Not\u00edcias","url":"https:\/\/www.suno.com.br\/noticias\/","logo":{"@type":"ImageObject","inLanguage":"pt-BR","@id":"https:\/\/www.suno.com.br\/noticias\/#\/schema\/logo\/image\/","url":"https:\/\/files.sunoresearch.com.br\/n\/uploads\/2021\/09\/suno-logo.png","contentUrl":"https:\/\/files.sunoresearch.com.br\/n\/uploads\/2021\/09\/suno-logo.png","width":180,"height":180,"caption":"Suno Not\u00edcias"},"image":{"@id":"https:\/\/www.suno.com.br\/noticias\/#\/schema\/logo\/image\/"},"sameAs":["https:\/\/facebook.com\/sunoresearch","https:\/\/x.com\/sunoresearch","https:\/\/www.instagram.com\/suno","https:\/\/www.linkedin.com\/company\/suno-research\/","https:\/\/www.youtube.com\/c\/sunoresearch"]},{"@type":"Person","@id":"https:\/\/www.suno.com.br\/noticias\/#\/schema\/person\/053a750a709a263919a20f976caae91c","name":"Arthur Guimar\u00e3es","image":{"@type":"ImageObject","inLanguage":"pt-BR","@id":"https:\/\/www.suno.com.br\/noticias\/#\/schema\/person\/image\/","url":"https:\/\/secure.gravatar.com\/avatar\/1affd86a11209ae09eb6dd3bcad3e96c?s=96&r=g","contentUrl":"https:\/\/secure.gravatar.com\/avatar\/1affd86a11209ae09eb6dd3bcad3e96c?s=96&r=g","caption":"Arthur Guimar\u00e3es"},"description":"Arthur Guimar\u00e3es escreve sobre pol\u00edtica, economia e neg\u00f3cios para o portal de not\u00edcias da Suno Research. Atualmente, \u00e9 estudante de jornalismo pela Faculdade C\u00e1sper L\u00edbero.","url":"https:\/\/www.suno.com.br\/noticias\/author\/arthur-guimaraes\/"}]}},"default_loop_html":"<div class=\"cardsPage__listCard__boxs\"><div class=\"cardsPage__listCard__boxs__img\"><a href=\"https:\/\/www.suno.com.br\/noticias\/bancos-alta-selic-projecoes-05-p-p\/\"><img class=\"mask\" src=\"https:\/\/www.suno.com.br\/noticias\/wp-content\/themes\/suno\/resources\/images\/spotlight\/spotlight1img\/bg-mask.png\" alt=\"Image Mask\"\/><img src=\"https:\/\/files.sunoresearch.com.br\/n\/uploads\/2021\/01\/1ea1bcfe-b2ap3_large_619c3b14-a6ed-44d2-8ff8-f0761c0ddd15-400x200.webp\" alt=\"Bancos preveem in\u00edcio do ciclo de alta da Selic e proje\u00e7\u00f5es apontam para 0,5 p.p.\"\/><\/a><span class=\"spotlightCategory\"><a href=\"https:\/\/www.suno.com.br\/noticias\/economia\/\">Economia<\/a><\/span><\/div><div class=\"cardsPage__listCard__boxs__content\"><a href=\"https:\/\/www.suno.com.br\/noticias\/bancos-alta-selic-projecoes-05-p-p\/\"><h2 class=\"content__title\">Bancos preveem in\u00edcio do ciclo de alta da Selic e proje\u00e7\u00f5es apontam para 0,5 p.p.<\/h2><\/a><div class=\"newsContent__article__meta\"><div class=\"newsContent__article__meta__authorBox\"><a href=\"https:\/\/www.suno.com.br\/noticias\/author\/arthur-guimaraes\/\" class=\"authorBox__avatar noMobi\"><img src=\"https:\/\/files.sunoresearch.com.br\/n\/uploads\/2020\/02\/dfb40897-eu-150x150.webp\" alt=\"Arthur Guimar\u00e3es\"><\/a><div class=\"authorBox__name\"><span>por\n\t\t\t<a href=\"https:\/\/www.suno.com.br\/noticias\/author\/arthur-guimaraes\/\"><span itemprop=\"author\">Arthur Guimar\u00e3es<\/span><\/a><\/span><time datetime=\"2021-03-12T20:34:32-03:00\" itemprop=\"datePublished\">12\/03\/2021 20:34<\/time><\/div><\/div><\/div><\/div><\/div>","single_layout":"posts","amp_enabled":true,"_links":{"self":[{"href":"https:\/\/www.suno.com.br\/noticias\/wp-json\/wp\/v2\/posts\/131477"}],"collection":[{"href":"https:\/\/www.suno.com.br\/noticias\/wp-json\/wp\/v2\/posts"}],"about":[{"href":"https:\/\/www.suno.com.br\/noticias\/wp-json\/wp\/v2\/types\/post"}],"author":[{"embeddable":true,"href":"https:\/\/www.suno.com.br\/noticias\/wp-json\/wp\/v2\/users\/35"}],"replies":[{"embeddable":true,"href":"https:\/\/www.suno.com.br\/noticias\/wp-json\/wp\/v2\/comments?post=131477"}],"version-history":[{"count":1,"href":"https:\/\/www.suno.com.br\/noticias\/wp-json\/wp\/v2\/posts\/131477\/revisions"}],"predecessor-version":[{"id":131517,"href":"https:\/\/www.suno.com.br\/noticias\/wp-json\/wp\/v2\/posts\/131477\/revisions\/131517"}],"wp:featuredmedia":[{"embeddable":true,"href":"https:\/\/www.suno.com.br\/noticias\/wp-json\/wp\/v2\/media\/113445"}],"wp:attachment":[{"href":"https:\/\/www.suno.com.br\/noticias\/wp-json\/wp\/v2\/media?parent=131477"}],"wp:term":[{"taxonomy":"category","embeddable":true,"href":"https:\/\/www.suno.com.br\/noticias\/wp-json\/wp\/v2\/categories?post=131477"},{"taxonomy":"post_tag","embeddable":true,"href":"https:\/\/www.suno.com.br\/noticias\/wp-json\/wp\/v2\/tags?post=131477"},{"taxonomy":"suno_strategy","embeddable":true,"href":"https:\/\/www.suno.com.br\/noticias\/wp-json\/wp\/v2\/suno_strategy?post=131477"}],"curies":[{"name":"wp","href":"https:\/\/api.w.org\/{rel}","templated":true}]}}