{"id":131465,"date":"2021-03-12T18:21:30","date_gmt":"2021-03-12T21:21:30","guid":{"rendered":"https:\/\/www.suno.com.br\/noticias\/?p=131465"},"modified":"2021-06-13T23:26:04","modified_gmt":"2021-06-14T02:26:04","slug":"biden-pacote-fiscal-criar-empregos-eua","status":"publish","type":"post","link":"https:\/\/www.suno.com.br\/noticias\/biden-pacote-fiscal-criar-empregos-eua\/","title":{"rendered":"Biden diz que est\u00edmulos devem criar sete milh\u00f5es de empregos"},"content":{"rendered":"<p>Em um evento na Casa Branca, o presidente dos Estados Unidos, <a href=\"https:\/\/www.suno.com.br\/noticias\/joe-biden-conheca-o-novo-presidente-dos-estados-unidos\/#:~:text=Editora%20da%20Suno%20Not%C3%ADcias%2C%20%C3%A9,comunica%C3%A7%C3%A3o%20corporativa%20para%20institui%C3%A7%C3%B5es%20financeiras.\">Joe <strong>Biden<\/strong><\/a> defendeu o gasto p\u00fablico como um meio de gerar crescimento. O evento desta sexta-feira (12) foi em comemora\u00e7\u00e3o a aprova\u00e7\u00e3o do pacote fiscal, que segundo o pol\u00edtico deve criar milh\u00f5es de empregos.<\/p>\t<div class=\"wrapper-featured-image\">\n\t\t<figure class=\"spotlightImg\">\n\n\t\t\t<picture>\n\t\t\t\t<source media=\"(max-width: 768px)\" srcset=\"https:\/\/files.sunoresearch.com.br\/n\/uploads\/2021\/02\/2bc5f4d1-biden-400x200.webp\">\n\t\t\t\t<img loading=\"lazy\" decoding=\"async\" class=\"newsContent__article__imgCapa lazyloadDisabled \" src=\"https:\/\/files.sunoresearch.com.br\/n\/uploads\/2021\/02\/2bc5f4d1-biden-800x450.webp\" width=\"800\" height=\"450\" alt=\"Biden diz que est\u00edmulos devem criar sete milh\u00f5es de empregos\" fetchpriority=high \/>\n\t\t\t<\/picture>\n\n\t\t\t<figcaption class=\"wp-caption-text wp-caption-text--show\">Biden<\/figcaption>\n\t\t<\/figure>\n\t<\/div>\n\n\n\t<p>\n\t\t<a href=\"https:\/\/lp.suno.com.br\/planilha-controle-gastos\/\" target=\"_blank\" data-element=\"shortcode-suno-banner\" title=\"Banner SUNO, clique e saiba mais\">\n\t\t\t<picture>\n\t\t\t\t<source media=\"(max-width: 500px)\" srcset=\"https:\/\/files.sunoresearch.com.br\/n\/uploads\/2023\/03\/400x300-Planilha-controle-de-gastos.png\">\n\t\t\t\t<img class=\"newsContent__article__imgCapa newsContent__article__imgCapa--banner\"\n\t\t\t\t\tsrc=\"https:\/\/files.sunoresearch.com.br\/n\/uploads\/2023\/03\/1420x240-Planilha-controle-de-gastos.png\"\n\t\t\t\t\tdata-promo-id=\"101751\"\t\t\t\t\t\t\t\t\t\twidth='1420' height='240'\t\t\t\t\talt=\"https:\/\/files.sunoresearch.com.br\/n\/uploads\/2023\/03\/1420x240-Planilha-controle-de-gastos.png\"\n\t\t\t\t>\n\t\t\t<\/picture>\n\t\t<\/a>\n\t<\/p>\n\n\n<p>Na ocasi\u00e3o Biden destacou que &#8220;\u00e9 hora de fazer a economia crescer de baixo para cima e do meio para fora&#8221;. Segundo o\u00a0 mandat\u00e1rio\u00a0 os est\u00edmulos trilion\u00e1rios devem ajudar a criar sete milh\u00f5es de <strong>empregos<\/strong> e s\u00e3o &#8220;s\u00f3 o come\u00e7o&#8221;.<\/p>\n<p>Para o democrata, o<strong> pacote fiscal<\/strong> aprovado nesta semana &#8220;muda o paradigma&#8221; da economia, e coloca &#8220;os trabalhadores desta na\u00e7\u00e3o em primeiro lugar&#8221;, completou ele. Segundo pol\u00edtico, a legisla\u00e7\u00e3o ataca a &#8220;emerg\u00eancia&#8221; dos Estados Unidos, que \u00e9 a <strong>pandemia de coronav\u00edrus<\/strong> (Covid-19).<\/p>\n<p><a href=\"https:\/\/lp.suno.com.br\/suno-one\/\">Suno One: acesse gratuitamente eBooks, Minicursos, Artigos e V\u00eddeo Aulas sobre investimentos com um \u00fanico cadastro. Clique para saber mais!<\/a><\/p>\n<p>Biden tamb\u00e9m fez uma cr\u00edtica direcionada ao governo do ex-presidente<strong><a href=\"https:\/\/www.suno.com.br\/tudo-sobre\/donald-trump\/\"> Donald Trump<\/a><\/strong>. O democrata disse que \u00e9 &#8220;realmente importante demonstrar que o governo pode funcionar&#8221;.<\/p>\n<h2>Pacote fiscal garantir\u00e1 mais vacina\u00e7\u00e3o<\/h2>\n<p>A vice-presidente do pa\u00eds, <strong>Kamala Harris,<\/strong> tamb\u00e9m estava participando da cerim\u00f4nia de hoje. De acordo com a democrata, o pacote fiscal \u00e9 &#8220;concreto&#8221; e &#8220;tang\u00edvel&#8221; , al\u00e9m de que garantir\u00e1 mais vacina\u00e7\u00e3o contra a o coronav\u00edrus.<\/p>\n<p>&#8220;Hoje a ajuda chegou&#8221;, declarou a vice-presidente dos Estados Unidos.<\/p>\n<p>Para o l\u00edder da maioria no Senado, Chuck Schumer, &#8220;finamente a esperan\u00e7a est\u00e1 em alta, e a ajuda est\u00e1 a caminho&#8221;.<\/p>\n<p>Por sua vez, a presidente da C\u00e2mara dos Representantes<strong>, Nancy Pelosi,<\/strong> que tamb\u00e9m estava presente, afirmou que os democratas cumpriram sua promessa de entregar o pacote fiscal e disse que a &#8220;diversidade&#8221; \u00e9 a for\u00e7a do partido.<\/p>\n\t<div data-element=\"shortcode-read-more\" class=\"knowMore\">\n\t\t\t\t<span class=\"knowMore__title\">Leia tamb\u00e9m<\/span>\n\t\t\t\t<a class=\"knowMore__link\" href=\"https:\/\/www.suno.com.br\/noticias\/biden-empresarios-pacote-de-alivio\/\">\n\t\t\tEm reuni\u00e3o com empres\u00e1rios, Biden defende &#039;pensar com grandeza&#039; sobre pacote fiscal\t\t<\/a>\n\t<\/div>\n\n\n<p>Al\u00e9m disso, durante a cerim\u00f4nia, Biden e as lideran\u00e7as de Congresso fizeram agradecimentos m\u00fatuos pela aprova\u00e7\u00e3o do projeto, que foi assinado pelo presidente na \u00faltima\u00a0 quinta-feira (11), um dia depois de passar no legislativo.<\/p>\n<h2>Em vit\u00f3ria de Biden, Congresso aprova pacote fiscal<\/h2>\n<p>A \u00a0vers\u00e3o final do pacote fiscal de US$ 1,9 trilh\u00e3o proposto pelo governo americano, foi aprovada pela C\u00e2mara dos Representantes na \u00faltima quarta-feira (10). Essa representou a primeira vit\u00f3ria legislativa do presidente dos Estados Unidos, <a href=\"https:\/\/www.suno.com.br\/noticias\/joe-biden-conheca-o-novo-presidente-dos-estados-unidos\/#:~:text=Editora%20da%20Suno%20Not%C3%ADcias%2C%20%C3%A9,comunica%C3%A7%C3%A3o%20corporativa%20para%20institui%C3%A7%C3%B5es%20financeiras.\">Joe <strong>Biden<\/strong>.<\/a><\/p>\n<p>A proposta foi aprovada com 220 votos favor\u00e1veis e 211 contr\u00e1rios. Se por um lado, nenhum <strong>republicano<\/strong> votou a favor da aprova\u00e7\u00e3o da lei, por outro, s\u00f3 um <strong>democrata<\/strong> votou contra.<\/p>\n\t<p>\n\t\t<a href=\"https:\/\/lp.suno.com.br\/planilha-de-controle-de-investimentos\/\" target=\"_blank\" data-element=\"shortcode-suno-banner\" title=\"Banner SUNO, clique e saiba mais\">\n\t\t\t<picture>\n\t\t\t\t<source media=\"(max-width: 500px)\" srcset=\"https:\/\/files.sunoresearch.com.br\/n\/uploads\/2023\/03\/400x300-Controle-de-Investimentos.png\">\n\t\t\t\t<img class=\"newsContent__article__imgCapa newsContent__article__imgCapa--banner\"\n\t\t\t\t\tsrc=\"https:\/\/files.sunoresearch.com.br\/n\/uploads\/2023\/03\/1420x240-Controle-de-Investimentos.png\"\n\t\t\t\t\tdata-promo-id=\"75934\"\t\t\t\t\t\t\t\t\t\twidth='1420' height='240'\t\t\t\t\talt=\"https:\/\/files.sunoresearch.com.br\/n\/uploads\/2023\/03\/1420x240-Controle-de-Investimentos.png\"\n\t\t\t\t>\n\t\t\t<\/picture>\n\t\t<\/a>\n\t<\/p>\n\n\n<p>A legisla\u00e7\u00e3o aprovada inclui:<\/p>\n<ul>\n<li>US$ 350 bilh\u00f5es em ajuda financeira a governos estaduais e locais<\/li>\n<li>Pagamentos diretos de US$ 1,4 mil para pessoas que ganham at\u00e9 US$ 75 mil por ano<\/li>\n<li>Extens\u00e3o dos benef\u00edcios de <strong>aux\u00edlio-desemprego<\/strong> de US$ 300 por semana,<\/li>\n<li>US$ 130 bilh\u00f5es ser\u00e3o destinados para escolas<\/li>\n<li>US$ 14 bilh\u00f5es devem ser usados para acelerar a distribui\u00e7\u00e3o de<strong> vacinas contra a Covid-19.<\/strong><\/li>\n<\/ul>\n<p>De acordo com a porta-voz da Casa Branca, <strong>Jen Psaki,<\/strong> o governo se mover\u00e1 &#8220;rapidamente&#8221; para implementar os est\u00edmulos. Al\u00e9m disso, Psaki sinalizou\u00a0 que <strong>Biden<\/strong> deve indicar algu\u00e9m para liderar o processo, mas n\u00e3o deu nenhum nome espec\u00edfico.<\/p>\n<p><em>Com informa\u00e7\u00f5es do Estad\u00e3o Conte\u00fado.<\/em><\/p>\n\t<p>\n\t\t<a href=\"https:\/\/lp.suno.com.br\/planilha-de-controle-de-investimentos\/\" target=\"_blank\" data-element=\"shortcode-suno-banner\" title=\"Banner SUNO, clique e saiba mais\">\n\t\t\t<picture>\n\t\t\t\t<source media=\"(max-width: 500px)\" srcset=\"https:\/\/files.sunoresearch.com.br\/n\/uploads\/2023\/03\/400x300-Controle-de-Investimentos.png\">\n\t\t\t\t<img class=\"newsContent__article__imgCapa newsContent__article__imgCapa--banner\"\n\t\t\t\t\tsrc=\"https:\/\/files.sunoresearch.com.br\/n\/uploads\/2023\/03\/1420x240-Controle-de-Investimentos.png\"\n\t\t\t\t\tdata-promo-id=\"75934\"\t\t\t\t\t\t\t\t\t\twidth='1420' height='240'\t\t\t\t\talt=\"https:\/\/files.sunoresearch.com.br\/n\/uploads\/2023\/03\/1420x240-Controle-de-Investimentos.png\"\n\t\t\t\t>\n\t\t\t<\/picture>\n\t\t<\/a>\n\t<\/p>\n\n\n","protected":false},"excerpt":{"rendered":"<p>Em um evento na Casa Branca, o presidente dos Estados Unidos, Joe Biden defendeu o gasto p\u00fablico como um meio de gerar crescimento. O evento desta sexta-feira (12) foi em comemora\u00e7\u00e3o a aprova\u00e7\u00e3o do pacote fiscal, que segundo o pol\u00edtico deve criar milh\u00f5es de empregos. Biden Na ocasi\u00e3o Biden destacou que &#8220;\u00e9 hora de fazer [&hellip;]<\/p>\n","protected":false},"author":39,"featured_media":120135,"comment_status":"closed","ping_status":"closed","sticky":false,"template":"","format":"standard","meta":[],"categories":[63],"tags":[793,73481,105707],"suno_strategy":[],"class_list":["post-131465","post","type-post","status-publish","format-standard","has-post-thumbnail","hentry","category-internacional","tag-estados-unidos-eua","tag-joe-biden","tag-pacote-de-estimulos"],"yoast_head":"<!-- This site is optimized with the Yoast SEO plugin v24.4 - https:\/\/yoast.com\/wordpress\/plugins\/seo\/ -->\n<title>Biden diz que est\u00edmulos devem criar sete milh\u00f5es de empregos<\/title>\n<meta name=\"description\" content=\"O presidente dos Estados Unidos, Joe Biden defendeu o gasto p\u00fablico como um meio de gerar crescimento. Clique aqui e saiba mais!\" \/>\n<meta name=\"robots\" content=\"index, follow, max-snippet:-1, max-image-preview:large, max-video-preview:-1\" \/>\n<link rel=\"canonical\" href=\"https:\/\/www.suno.com.br\/noticias\/biden-pacote-fiscal-criar-empregos-eua\/\" \/>\n<meta property=\"og:locale\" content=\"pt_BR\" \/>\n<meta property=\"og:type\" content=\"article\" \/>\n<meta property=\"og:title\" content=\"Biden diz que est\u00edmulos devem criar sete milh\u00f5es de empregos\" \/>\n<meta property=\"og:description\" content=\"O presidente dos Estados Unidos, Joe Biden defendeu o gasto p\u00fablico como um meio de gerar crescimento. Clique aqui e saiba mais!\" \/>\n<meta property=\"og:url\" content=\"https:\/\/www.suno.com.br\/noticias\/biden-pacote-fiscal-criar-empregos-eua\/\" \/>\n<meta property=\"og:site_name\" content=\"Suno Not\u00edcias\" \/>\n<meta property=\"article:publisher\" content=\"https:\/\/facebook.com\/sunoresearch\" \/>\n<meta property=\"og:image\" content=\"https:\/\/files.sunoresearch.com.br\/n\/uploads\/2021\/02\/2bc5f4d1-biden.jpg\" \/>\n\t<meta property=\"og:image:width\" content=\"1160\" \/>\n\t<meta property=\"og:image:height\" content=\"773\" \/>\n\t<meta property=\"og:image:type\" content=\"image\/jpeg\" \/>\n<meta name=\"author\" content=\"Laura Moutinho\" \/>\n<meta name=\"twitter:card\" content=\"summary_large_image\" \/>\n<meta name=\"twitter:creator\" content=\"@sunoresearch\" \/>\n<meta name=\"twitter:site\" content=\"@sunoresearch\" \/>\n<meta name=\"twitter:label1\" content=\"Escrito por\" \/>\n\t<meta name=\"twitter:data1\" content=\"Laura Moutinho\" \/>\n\t<meta name=\"twitter:label2\" content=\"Est. tempo de leitura\" \/>\n\t<meta name=\"twitter:data2\" content=\"3 minutos\" \/>\n<script type=\"application\/ld+json\" class=\"yoast-schema-graph\">{\"@context\":\"https:\/\/schema.org\",\"@graph\":[{\"@type\":\"NewsArticle\",\"@id\":\"https:\/\/www.suno.com.br\/noticias\/biden-pacote-fiscal-criar-empregos-eua\/#article\",\"isPartOf\":{\"@id\":\"https:\/\/www.suno.com.br\/noticias\/biden-pacote-fiscal-criar-empregos-eua\/\"},\"author\":{\"name\":\"Laura Moutinho\",\"@id\":\"https:\/\/www.suno.com.br\/noticias\/#\/schema\/person\/3df0d2808748b74496efe5dbeaef2c72\"},\"headline\":\"Biden diz que est\u00edmulos devem criar sete milh\u00f5es de empregos\",\"datePublished\":\"2021-03-12T21:21:30+00:00\",\"dateModified\":\"2021-06-14T02:26:04+00:00\",\"mainEntityOfPage\":{\"@id\":\"https:\/\/www.suno.com.br\/noticias\/biden-pacote-fiscal-criar-empregos-eua\/\"},\"wordCount\":571,\"publisher\":{\"@id\":\"https:\/\/www.suno.com.br\/noticias\/#organization\"},\"image\":{\"@id\":\"https:\/\/www.suno.com.br\/noticias\/biden-pacote-fiscal-criar-empregos-eua\/#primaryimage\"},\"thumbnailUrl\":\"https:\/\/files.sunoresearch.com.br\/n\/uploads\/2021\/02\/2bc5f4d1-biden-jpg.webp\",\"keywords\":[\"Estados Unidos (EUA)\",\"Joe Biden\",\"pacote de est\u00edmulos\"],\"articleSection\":[\"Internacional\"],\"inLanguage\":\"pt-BR\"},{\"@type\":\"WebPage\",\"@id\":\"https:\/\/www.suno.com.br\/noticias\/biden-pacote-fiscal-criar-empregos-eua\/\",\"url\":\"https:\/\/www.suno.com.br\/noticias\/biden-pacote-fiscal-criar-empregos-eua\/\",\"name\":\"Biden diz que est\u00edmulos devem criar sete milh\u00f5es de empregos\",\"isPartOf\":{\"@id\":\"https:\/\/www.suno.com.br\/noticias\/#website\"},\"primaryImageOfPage\":{\"@id\":\"https:\/\/www.suno.com.br\/noticias\/biden-pacote-fiscal-criar-empregos-eua\/#primaryimage\"},\"image\":{\"@id\":\"https:\/\/www.suno.com.br\/noticias\/biden-pacote-fiscal-criar-empregos-eua\/#primaryimage\"},\"thumbnailUrl\":\"https:\/\/files.sunoresearch.com.br\/n\/uploads\/2021\/02\/2bc5f4d1-biden-jpg.webp\",\"datePublished\":\"2021-03-12T21:21:30+00:00\",\"dateModified\":\"2021-06-14T02:26:04+00:00\",\"description\":\"O presidente dos Estados Unidos, Joe Biden defendeu o gasto p\u00fablico como um meio de gerar crescimento. Clique aqui e saiba mais!\",\"breadcrumb\":{\"@id\":\"https:\/\/www.suno.com.br\/noticias\/biden-pacote-fiscal-criar-empregos-eua\/#breadcrumb\"},\"inLanguage\":\"pt-BR\",\"potentialAction\":[{\"@type\":\"ReadAction\",\"target\":[\"https:\/\/www.suno.com.br\/noticias\/biden-pacote-fiscal-criar-empregos-eua\/\"]}]},{\"@type\":\"ImageObject\",\"inLanguage\":\"pt-BR\",\"@id\":\"https:\/\/www.suno.com.br\/noticias\/biden-pacote-fiscal-criar-empregos-eua\/#primaryimage\",\"url\":\"https:\/\/files.sunoresearch.com.br\/n\/uploads\/2021\/02\/2bc5f4d1-biden-jpg.webp\",\"contentUrl\":\"https:\/\/files.sunoresearch.com.br\/n\/uploads\/2021\/02\/2bc5f4d1-biden-jpg.webp\",\"width\":1160,\"height\":773,\"caption\":\"Biden\"},{\"@type\":\"BreadcrumbList\",\"@id\":\"https:\/\/www.suno.com.br\/noticias\/biden-pacote-fiscal-criar-empregos-eua\/#breadcrumb\",\"itemListElement\":[{\"@type\":\"ListItem\",\"position\":1,\"name\":\"Not\u00edcias\",\"item\":\"https:\/\/www.suno.com.br\/noticias\/\"},{\"@type\":\"ListItem\",\"position\":2,\"name\":\"Internacional\",\"item\":\"https:\/\/www.suno.com.br\/noticias\/internacional\/\"},{\"@type\":\"ListItem\",\"position\":3,\"name\":\"Biden diz que est\u00edmulos devem criar sete milh\u00f5es de empregos\"}]},{\"@type\":\"WebSite\",\"@id\":\"https:\/\/www.suno.com.br\/noticias\/#website\",\"url\":\"https:\/\/www.suno.com.br\/noticias\/\",\"name\":\"Suno Not\u00edcias\",\"description\":\"Seu portal de informa\u00e7\u00e3o sobre o mundo dos investimentos\",\"publisher\":{\"@id\":\"https:\/\/www.suno.com.br\/noticias\/#organization\"},\"potentialAction\":[{\"@type\":\"SearchAction\",\"target\":{\"@type\":\"EntryPoint\",\"urlTemplate\":\"https:\/\/www.suno.com.br\/noticias\/?s={search_term_string}\"},\"query-input\":{\"@type\":\"PropertyValueSpecification\",\"valueRequired\":true,\"valueName\":\"search_term_string\"}}],\"inLanguage\":\"pt-BR\"},{\"@type\":\"Organization\",\"@id\":\"https:\/\/www.suno.com.br\/noticias\/#organization\",\"name\":\"Suno Not\u00edcias\",\"url\":\"https:\/\/www.suno.com.br\/noticias\/\",\"logo\":{\"@type\":\"ImageObject\",\"inLanguage\":\"pt-BR\",\"@id\":\"https:\/\/www.suno.com.br\/noticias\/#\/schema\/logo\/image\/\",\"url\":\"https:\/\/files.sunoresearch.com.br\/n\/uploads\/2021\/09\/suno-logo.png\",\"contentUrl\":\"https:\/\/files.sunoresearch.com.br\/n\/uploads\/2021\/09\/suno-logo.png\",\"width\":180,\"height\":180,\"caption\":\"Suno Not\u00edcias\"},\"image\":{\"@id\":\"https:\/\/www.suno.com.br\/noticias\/#\/schema\/logo\/image\/\"},\"sameAs\":[\"https:\/\/facebook.com\/sunoresearch\",\"https:\/\/x.com\/sunoresearch\",\"https:\/\/www.instagram.com\/suno\",\"https:\/\/www.linkedin.com\/company\/suno-research\/\",\"https:\/\/www.youtube.com\/c\/sunoresearch\"]},{\"@type\":\"Person\",\"@id\":\"https:\/\/www.suno.com.br\/noticias\/#\/schema\/person\/3df0d2808748b74496efe5dbeaef2c72\",\"name\":\"Laura Moutinho\",\"image\":{\"@type\":\"ImageObject\",\"inLanguage\":\"pt-BR\",\"@id\":\"https:\/\/www.suno.com.br\/noticias\/#\/schema\/person\/image\/\",\"url\":\"https:\/\/secure.gravatar.com\/avatar\/7571c7c8ca3a6fca5e41384ece5557ff?s=96&r=g\",\"contentUrl\":\"https:\/\/secure.gravatar.com\/avatar\/7571c7c8ca3a6fca5e41384ece5557ff?s=96&r=g\",\"caption\":\"Laura Moutinho\"},\"description\":\"Estagi\u00e1ria na Suno Not\u00edcias, escreve not\u00edcias que afetam o mercado financeiro. Estuda administra\u00e7\u00e3o na Universidade Presbiteriana Mackenzie.\",\"url\":\"https:\/\/www.suno.com.br\/noticias\/author\/laura-moutinho\/\"}]}<\/script>\n<!-- \/ Yoast SEO plugin. -->","yoast_head_json":{"title":"Biden diz que est\u00edmulos devem criar sete milh\u00f5es de empregos","description":"O presidente dos Estados Unidos, Joe Biden defendeu o gasto p\u00fablico como um meio de gerar crescimento. Clique aqui e saiba mais!","robots":{"index":"index","follow":"follow","max-snippet":"max-snippet:-1","max-image-preview":"max-image-preview:large","max-video-preview":"max-video-preview:-1"},"canonical":"https:\/\/www.suno.com.br\/noticias\/biden-pacote-fiscal-criar-empregos-eua\/","og_locale":"pt_BR","og_type":"article","og_title":"Biden diz que est\u00edmulos devem criar sete milh\u00f5es de empregos","og_description":"O presidente dos Estados Unidos, Joe Biden defendeu o gasto p\u00fablico como um meio de gerar crescimento. Clique aqui e saiba mais!","og_url":"https:\/\/www.suno.com.br\/noticias\/biden-pacote-fiscal-criar-empregos-eua\/","og_site_name":"Suno Not\u00edcias","article_publisher":"https:\/\/facebook.com\/sunoresearch","og_image":[{"width":1160,"height":773,"url":"https:\/\/files.sunoresearch.com.br\/n\/uploads\/2021\/02\/2bc5f4d1-biden.jpg","type":"image\/jpeg"}],"author":"Laura Moutinho","twitter_card":"summary_large_image","twitter_creator":"@sunoresearch","twitter_site":"@sunoresearch","twitter_misc":{"Escrito por":"Laura Moutinho","Est. tempo de leitura":"3 minutos"},"schema":{"@context":"https:\/\/schema.org","@graph":[{"@type":"NewsArticle","@id":"https:\/\/www.suno.com.br\/noticias\/biden-pacote-fiscal-criar-empregos-eua\/#article","isPartOf":{"@id":"https:\/\/www.suno.com.br\/noticias\/biden-pacote-fiscal-criar-empregos-eua\/"},"author":{"name":"Laura Moutinho","@id":"https:\/\/www.suno.com.br\/noticias\/#\/schema\/person\/3df0d2808748b74496efe5dbeaef2c72"},"headline":"Biden diz que est\u00edmulos devem criar sete milh\u00f5es de empregos","datePublished":"2021-03-12T21:21:30+00:00","dateModified":"2021-06-14T02:26:04+00:00","mainEntityOfPage":{"@id":"https:\/\/www.suno.com.br\/noticias\/biden-pacote-fiscal-criar-empregos-eua\/"},"wordCount":571,"publisher":{"@id":"https:\/\/www.suno.com.br\/noticias\/#organization"},"image":{"@id":"https:\/\/www.suno.com.br\/noticias\/biden-pacote-fiscal-criar-empregos-eua\/#primaryimage"},"thumbnailUrl":"https:\/\/files.sunoresearch.com.br\/n\/uploads\/2021\/02\/2bc5f4d1-biden-jpg.webp","keywords":["Estados Unidos (EUA)","Joe Biden","pacote de est\u00edmulos"],"articleSection":["Internacional"],"inLanguage":"pt-BR"},{"@type":"WebPage","@id":"https:\/\/www.suno.com.br\/noticias\/biden-pacote-fiscal-criar-empregos-eua\/","url":"https:\/\/www.suno.com.br\/noticias\/biden-pacote-fiscal-criar-empregos-eua\/","name":"Biden diz que est\u00edmulos devem criar sete milh\u00f5es de empregos","isPartOf":{"@id":"https:\/\/www.suno.com.br\/noticias\/#website"},"primaryImageOfPage":{"@id":"https:\/\/www.suno.com.br\/noticias\/biden-pacote-fiscal-criar-empregos-eua\/#primaryimage"},"image":{"@id":"https:\/\/www.suno.com.br\/noticias\/biden-pacote-fiscal-criar-empregos-eua\/#primaryimage"},"thumbnailUrl":"https:\/\/files.sunoresearch.com.br\/n\/uploads\/2021\/02\/2bc5f4d1-biden-jpg.webp","datePublished":"2021-03-12T21:21:30+00:00","dateModified":"2021-06-14T02:26:04+00:00","description":"O presidente dos Estados Unidos, Joe Biden defendeu o gasto p\u00fablico como um meio de gerar crescimento. Clique aqui e saiba mais!","breadcrumb":{"@id":"https:\/\/www.suno.com.br\/noticias\/biden-pacote-fiscal-criar-empregos-eua\/#breadcrumb"},"inLanguage":"pt-BR","potentialAction":[{"@type":"ReadAction","target":["https:\/\/www.suno.com.br\/noticias\/biden-pacote-fiscal-criar-empregos-eua\/"]}]},{"@type":"ImageObject","inLanguage":"pt-BR","@id":"https:\/\/www.suno.com.br\/noticias\/biden-pacote-fiscal-criar-empregos-eua\/#primaryimage","url":"https:\/\/files.sunoresearch.com.br\/n\/uploads\/2021\/02\/2bc5f4d1-biden-jpg.webp","contentUrl":"https:\/\/files.sunoresearch.com.br\/n\/uploads\/2021\/02\/2bc5f4d1-biden-jpg.webp","width":1160,"height":773,"caption":"Biden"},{"@type":"BreadcrumbList","@id":"https:\/\/www.suno.com.br\/noticias\/biden-pacote-fiscal-criar-empregos-eua\/#breadcrumb","itemListElement":[{"@type":"ListItem","position":1,"name":"Not\u00edcias","item":"https:\/\/www.suno.com.br\/noticias\/"},{"@type":"ListItem","position":2,"name":"Internacional","item":"https:\/\/www.suno.com.br\/noticias\/internacional\/"},{"@type":"ListItem","position":3,"name":"Biden diz que est\u00edmulos devem criar sete milh\u00f5es de empregos"}]},{"@type":"WebSite","@id":"https:\/\/www.suno.com.br\/noticias\/#website","url":"https:\/\/www.suno.com.br\/noticias\/","name":"Suno Not\u00edcias","description":"Seu portal de informa\u00e7\u00e3o sobre o mundo dos investimentos","publisher":{"@id":"https:\/\/www.suno.com.br\/noticias\/#organization"},"potentialAction":[{"@type":"SearchAction","target":{"@type":"EntryPoint","urlTemplate":"https:\/\/www.suno.com.br\/noticias\/?s={search_term_string}"},"query-input":{"@type":"PropertyValueSpecification","valueRequired":true,"valueName":"search_term_string"}}],"inLanguage":"pt-BR"},{"@type":"Organization","@id":"https:\/\/www.suno.com.br\/noticias\/#organization","name":"Suno Not\u00edcias","url":"https:\/\/www.suno.com.br\/noticias\/","logo":{"@type":"ImageObject","inLanguage":"pt-BR","@id":"https:\/\/www.suno.com.br\/noticias\/#\/schema\/logo\/image\/","url":"https:\/\/files.sunoresearch.com.br\/n\/uploads\/2021\/09\/suno-logo.png","contentUrl":"https:\/\/files.sunoresearch.com.br\/n\/uploads\/2021\/09\/suno-logo.png","width":180,"height":180,"caption":"Suno Not\u00edcias"},"image":{"@id":"https:\/\/www.suno.com.br\/noticias\/#\/schema\/logo\/image\/"},"sameAs":["https:\/\/facebook.com\/sunoresearch","https:\/\/x.com\/sunoresearch","https:\/\/www.instagram.com\/suno","https:\/\/www.linkedin.com\/company\/suno-research\/","https:\/\/www.youtube.com\/c\/sunoresearch"]},{"@type":"Person","@id":"https:\/\/www.suno.com.br\/noticias\/#\/schema\/person\/3df0d2808748b74496efe5dbeaef2c72","name":"Laura Moutinho","image":{"@type":"ImageObject","inLanguage":"pt-BR","@id":"https:\/\/www.suno.com.br\/noticias\/#\/schema\/person\/image\/","url":"https:\/\/secure.gravatar.com\/avatar\/7571c7c8ca3a6fca5e41384ece5557ff?s=96&r=g","contentUrl":"https:\/\/secure.gravatar.com\/avatar\/7571c7c8ca3a6fca5e41384ece5557ff?s=96&r=g","caption":"Laura Moutinho"},"description":"Estagi\u00e1ria na Suno Not\u00edcias, escreve not\u00edcias que afetam o mercado financeiro. Estuda administra\u00e7\u00e3o na Universidade Presbiteriana Mackenzie.","url":"https:\/\/www.suno.com.br\/noticias\/author\/laura-moutinho\/"}]}},"default_loop_html":"<div class=\"cardsPage__listCard__boxs\"><div class=\"cardsPage__listCard__boxs__img\"><a href=\"https:\/\/www.suno.com.br\/noticias\/biden-pacote-fiscal-criar-empregos-eua\/\"><img class=\"mask\" src=\"https:\/\/www.suno.com.br\/noticias\/wp-content\/themes\/suno\/resources\/images\/spotlight\/spotlight1img\/bg-mask.png\" alt=\"Image Mask\"\/><img src=\"https:\/\/files.sunoresearch.com.br\/n\/uploads\/2021\/02\/2bc5f4d1-biden-400x200.webp\" alt=\"Biden diz que est\u00edmulos devem criar sete milh\u00f5es de empregos\"\/><\/a><span class=\"spotlightCategory\"><a href=\"https:\/\/www.suno.com.br\/noticias\/internacional\/\">Internacional<\/a><\/span><\/div><div class=\"cardsPage__listCard__boxs__content\"><a href=\"https:\/\/www.suno.com.br\/noticias\/biden-pacote-fiscal-criar-empregos-eua\/\"><h2 class=\"content__title\">Biden diz que est\u00edmulos devem criar sete milh\u00f5es de empregos<\/h2><\/a><div class=\"newsContent__article__meta\"><div class=\"newsContent__article__meta__authorBox\"><a href=\"https:\/\/www.suno.com.br\/noticias\/author\/laura-moutinho\/\" class=\"authorBox__avatar noMobi\"><img src=\"https:\/\/files.sunoresearch.com.br\/n\/uploads\/2020\/08\/531ff69d-whatsapp-image-2020-08-03-at-14.54.38-150x150.webp\" alt=\"Laura Moutinho\"><\/a><div class=\"authorBox__name\"><span>por\n\t\t\t<a href=\"https:\/\/www.suno.com.br\/noticias\/author\/laura-moutinho\/\"><span itemprop=\"author\">Laura Moutinho<\/span><\/a><\/span><time datetime=\"2021-03-12T18:21:30-03:00\" itemprop=\"datePublished\">12\/03\/2021 18:21<\/time><\/div><\/div><\/div><\/div><\/div>","single_layout":"posts","amp_enabled":true,"_links":{"self":[{"href":"https:\/\/www.suno.com.br\/noticias\/wp-json\/wp\/v2\/posts\/131465"}],"collection":[{"href":"https:\/\/www.suno.com.br\/noticias\/wp-json\/wp\/v2\/posts"}],"about":[{"href":"https:\/\/www.suno.com.br\/noticias\/wp-json\/wp\/v2\/types\/post"}],"author":[{"embeddable":true,"href":"https:\/\/www.suno.com.br\/noticias\/wp-json\/wp\/v2\/users\/39"}],"replies":[{"embeddable":true,"href":"https:\/\/www.suno.com.br\/noticias\/wp-json\/wp\/v2\/comments?post=131465"}],"version-history":[{"count":2,"href":"https:\/\/www.suno.com.br\/noticias\/wp-json\/wp\/v2\/posts\/131465\/revisions"}],"predecessor-version":[{"id":131474,"href":"https:\/\/www.suno.com.br\/noticias\/wp-json\/wp\/v2\/posts\/131465\/revisions\/131474"}],"wp:featuredmedia":[{"embeddable":true,"href":"https:\/\/www.suno.com.br\/noticias\/wp-json\/wp\/v2\/media\/120135"}],"wp:attachment":[{"href":"https:\/\/www.suno.com.br\/noticias\/wp-json\/wp\/v2\/media?parent=131465"}],"wp:term":[{"taxonomy":"category","embeddable":true,"href":"https:\/\/www.suno.com.br\/noticias\/wp-json\/wp\/v2\/categories?post=131465"},{"taxonomy":"post_tag","embeddable":true,"href":"https:\/\/www.suno.com.br\/noticias\/wp-json\/wp\/v2\/tags?post=131465"},{"taxonomy":"suno_strategy","embeddable":true,"href":"https:\/\/www.suno.com.br\/noticias\/wp-json\/wp\/v2\/suno_strategy?post=131465"}],"curies":[{"name":"wp","href":"https:\/\/api.w.org\/{rel}","templated":true}]}}