{"id":131386,"date":"2021-03-12T15:47:04","date_gmt":"2021-03-12T18:47:04","guid":{"rendered":"https:\/\/www.suno.com.br\/noticias\/?p=131386"},"modified":"2021-05-30T19:06:49","modified_gmt":"2021-05-30T22:06:49","slug":"br-malls-brml3-aluguel-negociacao","status":"publish","type":"post","link":"https:\/\/www.suno.com.br\/noticias\/br-malls-brml3-aluguel-negociacao\/","title":{"rendered":"BR Malls (BRML3) n\u00e3o far\u00e1 negocia\u00e7\u00f5es coletivas com varejistas sobre aluguel"},"content":{"rendered":"<p>A <a href=\"https:\/\/www.suno.com.br\/acoes\/brml3\/\"><strong>BR Malls<\/strong> (BRML3)<\/a> n\u00e3o deve fazer negocia\u00e7\u00f5es coletivas com os varejistas em rela\u00e7\u00e3o ao aluguel ou condom\u00ednio, apesar das atuais interrup\u00e7\u00f5es tempor\u00e1rias das opera\u00e7\u00f5es de shoppings, de acordo informou a dire\u00e7\u00e3o da companhia nesta sexta-feira (12).<\/p>\t<div class=\"wrapper-featured-image\">\n\t\t<figure class=\"spotlightImg\">\n\n\t\t\t<picture>\n\t\t\t\t<source media=\"(max-width: 768px)\" srcset=\"https:\/\/files.sunoresearch.com.br\/n\/uploads\/2019\/07\/ded899cd-osasco-plaza-br-malls-400x200.webp\">\n\t\t\t\t<img loading=\"lazy\" decoding=\"async\" class=\"newsContent__article__imgCapa lazyloadDisabled \" src=\"https:\/\/files.sunoresearch.com.br\/n\/uploads\/2019\/07\/ded899cd-osasco-plaza-br-malls.jpg\" width=\"800\" height=\"450\" alt=\"BR Malls (BRML3) n\u00e3o far\u00e1 negocia\u00e7\u00f5es coletivas com varejistas sobre aluguel\" fetchpriority=high \/>\n\t\t\t<\/picture>\n\n\t\t\t<figcaption class=\"wp-caption-text wp-caption-text--show\">BR Malls - Osasco Plaza<\/figcaption>\n\t\t<\/figure>\n\t<\/div>\n\n\n\t<p>\n\t\t<a href=\"https:\/\/lp.suno.com.br\/planilha-controle-gastos\/\" target=\"_blank\" data-element=\"shortcode-suno-banner\" title=\"Banner SUNO, clique e saiba mais\">\n\t\t\t<picture>\n\t\t\t\t<source media=\"(max-width: 500px)\" srcset=\"https:\/\/files.sunoresearch.com.br\/n\/uploads\/2023\/03\/400x300-Planilha-controle-de-gastos.png\">\n\t\t\t\t<img class=\"newsContent__article__imgCapa newsContent__article__imgCapa--banner\"\n\t\t\t\t\tsrc=\"https:\/\/files.sunoresearch.com.br\/n\/uploads\/2023\/03\/1420x240-Planilha-controle-de-gastos.png\"\n\t\t\t\t\tdata-promo-id=\"101751\"\t\t\t\t\t\t\t\t\t\twidth='1420' height='240'\t\t\t\t\talt=\"https:\/\/files.sunoresearch.com.br\/n\/uploads\/2023\/03\/1420x240-Planilha-controle-de-gastos.png\"\n\t\t\t\t>\n\t\t\t<\/picture>\n\t\t<\/a>\n\t<\/p>\n\n\n<p>Vale lembrar que em abril do ano passado, a BR Malls havia dado isen\u00e7\u00e3o completa de aluguel, pois na \u00e9poca os shoppings haviam sido fechados devido \u00e0 <strong>pandemia de coronav\u00edrus (Covid-19).<\/strong><\/p>\n<p>No entanto a <strong>administradora de shopping centers<\/strong> apontou que atuais os descontos em alugueis devem acontecer, mas que est\u00e1 tratando &#8220;caso a caso&#8221;.<\/p>\n<p><a href=\"https:\/\/lp.suno.com.br\/suno-one\/\"> Suno One: acesse gratuitamente eBooks, Minicursos, Artigos e V\u00eddeo Aulas sobre investimentos com um \u00fanico cadastro. Clique para saber mais!<\/a><\/p>\n<p>O presidente da empresa, Ruy Kameyama, explicou que &#8220;estamos tratando caso a caso. Em 2020, ajudamos mais os lojistas porque tinha uma menor disponibilidade de \u2018funding\u2019, mas, ao longo do ano, foi ocorrendo uma rea\u00e7\u00e3o do mercado, e tamb\u00e9m franqueadores foram apoiando mais as franquias. Em 2021, entendemos que vamos ajudar menos. Antes era mais autom\u00e1tico, agora \u00e9 cir\u00fargico&#8221;.<\/p>\n<p>O executivo completou dizendo que &#8220;os lojistas sabem que a vacina est\u00e1 a\u00ed, e que a retomada vai acontecer, h\u00e1 uma visibilidade melhor&#8221;, fazendo uma compara\u00e7\u00e3o com o 2020, quando a empresa concedeu descontos e isen\u00e7\u00f5es de aluguel aos lojistas.<\/p>\n<h2>BR Malls tem lucro l\u00edquido de R$ 199,4 mi no 4T20<\/h2>\n<p>Na noite de ontem (11), ap\u00f3s o fechamento do mercado a administradora de shoppings centers divulgou seus resultados no quarto trimestre de 2020. A <a href=\"https:\/\/www.suno.com.br\/artigos\/lucro-liquido\/\">BR Malls lucrou<\/a> R$ 199,4 milh\u00f5es no per\u00edodo, queda de 51,1% na compara\u00e7\u00e3o ano a ano.<\/p>\n<p>No acumulado de 2020, a empresa anotou um <strong>preju\u00edzo<\/strong> de R$ 293,8 milh\u00f5es, explicado pelos efeitos da pandemia.<\/p>\n<p>J\u00e1 a <a href=\"https:\/\/www.suno.com.br\/artigos\/o-que-receita-liquida\/\">receita l\u00edquida<\/a> somou R$ 266,7 milh\u00f5es entre outubro e dezembro do ano passado, representando um recuo de 23,8% ante o mesmo per\u00edodo em 2019. Al\u00e9m disso, a empresa operou cerca de 92,8% da sua capacidade no per\u00edodo.<\/p>\n\n<p>Com isso, a <strong>XP<\/strong> manteve sua recomenda\u00e7\u00e3o neutra, e pre\u00e7o-alvo de R$ 10,7 por a\u00e7\u00e3o.<\/p>\n<p>&#8220;Os resultados do quarto trimestre de 2020 da brMalls (BRML3) foram ligeiramente mais fortes do que os nossos n\u00fameros, impulsionado pelos resultados operacionais s\u00f3lidos&#8221;, destaca o relat\u00f3rio.<\/p>\n\t<p>\n\t\t<a href=\"https:\/\/lp.suno.com.br\/planilha-da-vida-financeira\/\" target=\"_blank\" data-element=\"shortcode-suno-banner\" title=\"Banner SUNO, clique e saiba mais\">\n\t\t\t<picture>\n\t\t\t\t<source media=\"(max-width: 500px)\" srcset=\"https:\/\/files.sunoresearch.com.br\/n\/uploads\/2023\/04\/400x300-Planilha-vida-financeira-true.png\">\n\t\t\t\t<img class=\"newsContent__article__imgCapa newsContent__article__imgCapa--banner\"\n\t\t\t\t\tsrc=\"https:\/\/files.sunoresearch.com.br\/n\/uploads\/2023\/04\/1420x240-Planilha-vida-financeira-true.png\"\n\t\t\t\t\tdata-promo-id=\"106682\"\t\t\t\t\t\t\t\t\t\twidth='1420' height='240'\t\t\t\t\talt=\"https:\/\/files.sunoresearch.com.br\/n\/uploads\/2023\/04\/1420x240-Planilha-vida-financeira-true.png\"\n\t\t\t\t>\n\t\t\t<\/picture>\n\t\t<\/a>\n\t<\/p>\n\n\n<p>Em rela\u00e7\u00e3o \u00e0 gera\u00e7\u00e3o de caixa da BR Malls, que somou R$ 27 milh\u00f5es, os analistas Renan Manda e Lucas Hoon, apontam que &#8220;Apesar de superar ligeiramente nossas estimativas, n\u00e3o vemos como um catalisador para a a\u00e7\u00e3o, pois esperamos que o fluxo de not\u00edcias negativas sobre poss\u00edveis restri\u00e7\u00f5es mais r\u00edgidas \u00e0 atividade comercial em todo o pa\u00eds em raz\u00e3o do aumento de casos do <strong>coronav\u00edrus<\/strong> permane\u00e7a nos holofotes no curto prazo, o que deve continuar trazendo volatilidade \u00e0s a\u00e7\u00f5es&#8221;.<\/p>\n<h2>Cota\u00e7\u00e3o da BRML3<\/h2>\n<p>Por volta das 15h30 de hoje, a a\u00e7\u00e3o da<strong> BR Malls (BRML3)<\/strong> operava em alta de 1,21%, valendo R$ 9,17.<\/p>\n\t<p>\n\t\t<a href=\"https:\/\/lp.suno.com.br\/planilha-de-controle-de-investimentos\/\" target=\"_blank\" data-element=\"shortcode-suno-banner\" title=\"Banner SUNO, clique e saiba mais\">\n\t\t\t<picture>\n\t\t\t\t<source media=\"(max-width: 500px)\" srcset=\"https:\/\/files.sunoresearch.com.br\/n\/uploads\/2023\/03\/400x300-Controle-de-Investimentos.png\">\n\t\t\t\t<img class=\"newsContent__article__imgCapa newsContent__article__imgCapa--banner\"\n\t\t\t\t\tsrc=\"https:\/\/files.sunoresearch.com.br\/n\/uploads\/2023\/03\/1420x240-Controle-de-Investimentos.png\"\n\t\t\t\t\tdata-promo-id=\"75934\"\t\t\t\t\t\t\t\t\t\twidth='1420' height='240'\t\t\t\t\talt=\"https:\/\/files.sunoresearch.com.br\/n\/uploads\/2023\/03\/1420x240-Controle-de-Investimentos.png\"\n\t\t\t\t>\n\t\t\t<\/picture>\n\t\t<\/a>\n\t<\/p>\n\n\n","protected":false},"excerpt":{"rendered":"<p>A BR Malls (BRML3) n\u00e3o deve fazer negocia\u00e7\u00f5es coletivas com os varejistas em rela\u00e7\u00e3o ao aluguel ou condom\u00ednio, apesar das atuais interrup\u00e7\u00f5es tempor\u00e1rias das opera\u00e7\u00f5es de shoppings, de acordo informou a dire\u00e7\u00e3o da companhia nesta sexta-feira (12). BR Malls &#8211; Osasco Plaza Vale lembrar que em abril do ano passado, a BR Malls havia dado [&hellip;]<\/p>\n","protected":false},"author":39,"featured_media":32494,"comment_status":"closed","ping_status":"closed","sticky":false,"template":"","format":"standard","meta":[],"categories":[64],"tags":[79856,105816],"suno_strategy":[],"class_list":["post-131386","post","type-post","status-publish","format-standard","has-post-thumbnail","hentry","category-negocios","tag-br-malls-brml3","tag-especialistas"],"yoast_head":"<!-- This site is optimized with the Yoast SEO plugin v24.4 - https:\/\/yoast.com\/wordpress\/plugins\/seo\/ -->\n<title>BR Malls n\u00e3o far\u00e1 negocia\u00e7\u00f5es coletivas com varejistas sobre aluguel<\/title>\n<meta name=\"description\" content=\"A BR Malls (BRML3) n\u00e3o deve fazer negocia\u00e7\u00f5es coletivas com os varejistas em rela\u00e7\u00e3o ao aluguel ou condom\u00ednio. Clique aqui e saiba mais!\" \/>\n<meta name=\"robots\" content=\"index, follow, max-snippet:-1, max-image-preview:large, max-video-preview:-1\" \/>\n<link rel=\"canonical\" href=\"https:\/\/www.suno.com.br\/noticias\/br-malls-brml3-aluguel-negociacao\/\" \/>\n<meta property=\"og:locale\" content=\"pt_BR\" \/>\n<meta property=\"og:type\" content=\"article\" \/>\n<meta property=\"og:title\" content=\"BR Malls n\u00e3o far\u00e1 negocia\u00e7\u00f5es coletivas com varejistas sobre aluguel\" \/>\n<meta property=\"og:description\" content=\"A BR Malls (BRML3) n\u00e3o deve fazer negocia\u00e7\u00f5es coletivas com os varejistas em rela\u00e7\u00e3o ao aluguel ou condom\u00ednio. Clique aqui e saiba mais!\" \/>\n<meta property=\"og:url\" content=\"https:\/\/www.suno.com.br\/noticias\/br-malls-brml3-aluguel-negociacao\/\" \/>\n<meta property=\"og:site_name\" content=\"Suno Not\u00edcias\" \/>\n<meta property=\"article:publisher\" content=\"https:\/\/facebook.com\/sunoresearch\" \/>\n<meta property=\"og:image\" content=\"https:\/\/files.sunoresearch.com.br\/n\/uploads\/2019\/07\/ded899cd-osasco-plaza-br-malls.jpg\" \/>\n\t<meta property=\"og:image:width\" content=\"680\" \/>\n\t<meta property=\"og:image:height\" content=\"453\" \/>\n\t<meta property=\"og:image:type\" content=\"image\/jpeg\" \/>\n<meta name=\"author\" content=\"Laura Moutinho\" \/>\n<meta name=\"twitter:card\" content=\"summary_large_image\" \/>\n<meta name=\"twitter:creator\" content=\"@sunoresearch\" \/>\n<meta name=\"twitter:site\" content=\"@sunoresearch\" \/>\n<meta name=\"twitter:label1\" content=\"Escrito por\" \/>\n\t<meta name=\"twitter:data1\" content=\"Laura Moutinho\" \/>\n\t<meta name=\"twitter:label2\" content=\"Est. tempo de leitura\" \/>\n\t<meta name=\"twitter:data2\" content=\"3 minutos\" \/>\n<script type=\"application\/ld+json\" class=\"yoast-schema-graph\">{\"@context\":\"https:\/\/schema.org\",\"@graph\":[{\"@type\":\"NewsArticle\",\"@id\":\"https:\/\/www.suno.com.br\/noticias\/br-malls-brml3-aluguel-negociacao\/#article\",\"isPartOf\":{\"@id\":\"https:\/\/www.suno.com.br\/noticias\/br-malls-brml3-aluguel-negociacao\/\"},\"author\":{\"name\":\"Laura Moutinho\",\"@id\":\"https:\/\/www.suno.com.br\/noticias\/#\/schema\/person\/3df0d2808748b74496efe5dbeaef2c72\"},\"headline\":\"BR Malls (BRML3) n\u00e3o far\u00e1 negocia\u00e7\u00f5es coletivas com varejistas sobre aluguel\",\"datePublished\":\"2021-03-12T18:47:04+00:00\",\"dateModified\":\"2021-05-30T22:06:49+00:00\",\"mainEntityOfPage\":{\"@id\":\"https:\/\/www.suno.com.br\/noticias\/br-malls-brml3-aluguel-negociacao\/\"},\"wordCount\":519,\"publisher\":{\"@id\":\"https:\/\/www.suno.com.br\/noticias\/#organization\"},\"image\":{\"@id\":\"https:\/\/www.suno.com.br\/noticias\/br-malls-brml3-aluguel-negociacao\/#primaryimage\"},\"thumbnailUrl\":\"https:\/\/files.sunoresearch.com.br\/n\/uploads\/2019\/07\/ded899cd-osasco-plaza-br-malls.jpg\",\"keywords\":[\"BRMalls (BRML3)\",\"Especialistas\"],\"articleSection\":[\"Neg\u00f3cios\"],\"inLanguage\":\"pt-BR\"},{\"@type\":\"WebPage\",\"@id\":\"https:\/\/www.suno.com.br\/noticias\/br-malls-brml3-aluguel-negociacao\/\",\"url\":\"https:\/\/www.suno.com.br\/noticias\/br-malls-brml3-aluguel-negociacao\/\",\"name\":\"BR Malls n\u00e3o far\u00e1 negocia\u00e7\u00f5es coletivas com varejistas sobre aluguel\",\"isPartOf\":{\"@id\":\"https:\/\/www.suno.com.br\/noticias\/#website\"},\"primaryImageOfPage\":{\"@id\":\"https:\/\/www.suno.com.br\/noticias\/br-malls-brml3-aluguel-negociacao\/#primaryimage\"},\"image\":{\"@id\":\"https:\/\/www.suno.com.br\/noticias\/br-malls-brml3-aluguel-negociacao\/#primaryimage\"},\"thumbnailUrl\":\"https:\/\/files.sunoresearch.com.br\/n\/uploads\/2019\/07\/ded899cd-osasco-plaza-br-malls.jpg\",\"datePublished\":\"2021-03-12T18:47:04+00:00\",\"dateModified\":\"2021-05-30T22:06:49+00:00\",\"description\":\"A BR Malls (BRML3) n\u00e3o deve fazer negocia\u00e7\u00f5es coletivas com os varejistas em rela\u00e7\u00e3o ao aluguel ou condom\u00ednio. Clique aqui e saiba mais!\",\"breadcrumb\":{\"@id\":\"https:\/\/www.suno.com.br\/noticias\/br-malls-brml3-aluguel-negociacao\/#breadcrumb\"},\"inLanguage\":\"pt-BR\",\"potentialAction\":[{\"@type\":\"ReadAction\",\"target\":[\"https:\/\/www.suno.com.br\/noticias\/br-malls-brml3-aluguel-negociacao\/\"]}]},{\"@type\":\"ImageObject\",\"inLanguage\":\"pt-BR\",\"@id\":\"https:\/\/www.suno.com.br\/noticias\/br-malls-brml3-aluguel-negociacao\/#primaryimage\",\"url\":\"https:\/\/files.sunoresearch.com.br\/n\/uploads\/2019\/07\/ded899cd-osasco-plaza-br-malls.jpg\",\"contentUrl\":\"https:\/\/files.sunoresearch.com.br\/n\/uploads\/2019\/07\/ded899cd-osasco-plaza-br-malls.jpg\",\"width\":680,\"height\":453,\"caption\":\"BR Malls - Osasco Plaza\"},{\"@type\":\"BreadcrumbList\",\"@id\":\"https:\/\/www.suno.com.br\/noticias\/br-malls-brml3-aluguel-negociacao\/#breadcrumb\",\"itemListElement\":[{\"@type\":\"ListItem\",\"position\":1,\"name\":\"Not\u00edcias\",\"item\":\"https:\/\/www.suno.com.br\/noticias\/\"},{\"@type\":\"ListItem\",\"position\":2,\"name\":\"Neg\u00f3cios\",\"item\":\"https:\/\/www.suno.com.br\/noticias\/negocios\/\"},{\"@type\":\"ListItem\",\"position\":3,\"name\":\"BR Malls (BRML3) n\u00e3o far\u00e1 negocia\u00e7\u00f5es coletivas com varejistas sobre aluguel\"}]},{\"@type\":\"WebSite\",\"@id\":\"https:\/\/www.suno.com.br\/noticias\/#website\",\"url\":\"https:\/\/www.suno.com.br\/noticias\/\",\"name\":\"Suno Not\u00edcias\",\"description\":\"Seu portal de informa\u00e7\u00e3o sobre o mundo dos investimentos\",\"publisher\":{\"@id\":\"https:\/\/www.suno.com.br\/noticias\/#organization\"},\"potentialAction\":[{\"@type\":\"SearchAction\",\"target\":{\"@type\":\"EntryPoint\",\"urlTemplate\":\"https:\/\/www.suno.com.br\/noticias\/?s={search_term_string}\"},\"query-input\":{\"@type\":\"PropertyValueSpecification\",\"valueRequired\":true,\"valueName\":\"search_term_string\"}}],\"inLanguage\":\"pt-BR\"},{\"@type\":\"Organization\",\"@id\":\"https:\/\/www.suno.com.br\/noticias\/#organization\",\"name\":\"Suno Not\u00edcias\",\"url\":\"https:\/\/www.suno.com.br\/noticias\/\",\"logo\":{\"@type\":\"ImageObject\",\"inLanguage\":\"pt-BR\",\"@id\":\"https:\/\/www.suno.com.br\/noticias\/#\/schema\/logo\/image\/\",\"url\":\"https:\/\/files.sunoresearch.com.br\/n\/uploads\/2021\/09\/suno-logo.png\",\"contentUrl\":\"https:\/\/files.sunoresearch.com.br\/n\/uploads\/2021\/09\/suno-logo.png\",\"width\":180,\"height\":180,\"caption\":\"Suno Not\u00edcias\"},\"image\":{\"@id\":\"https:\/\/www.suno.com.br\/noticias\/#\/schema\/logo\/image\/\"},\"sameAs\":[\"https:\/\/facebook.com\/sunoresearch\",\"https:\/\/x.com\/sunoresearch\",\"https:\/\/www.instagram.com\/suno\",\"https:\/\/www.linkedin.com\/company\/suno-research\/\",\"https:\/\/www.youtube.com\/c\/sunoresearch\"]},{\"@type\":\"Person\",\"@id\":\"https:\/\/www.suno.com.br\/noticias\/#\/schema\/person\/3df0d2808748b74496efe5dbeaef2c72\",\"name\":\"Laura Moutinho\",\"image\":{\"@type\":\"ImageObject\",\"inLanguage\":\"pt-BR\",\"@id\":\"https:\/\/www.suno.com.br\/noticias\/#\/schema\/person\/image\/\",\"url\":\"https:\/\/secure.gravatar.com\/avatar\/7571c7c8ca3a6fca5e41384ece5557ff?s=96&r=g\",\"contentUrl\":\"https:\/\/secure.gravatar.com\/avatar\/7571c7c8ca3a6fca5e41384ece5557ff?s=96&r=g\",\"caption\":\"Laura Moutinho\"},\"description\":\"Estagi\u00e1ria na Suno Not\u00edcias, escreve not\u00edcias que afetam o mercado financeiro. Estuda administra\u00e7\u00e3o na Universidade Presbiteriana Mackenzie.\",\"url\":\"https:\/\/www.suno.com.br\/noticias\/author\/laura-moutinho\/\"}]}<\/script>\n<!-- \/ Yoast SEO plugin. -->","yoast_head_json":{"title":"BR Malls n\u00e3o far\u00e1 negocia\u00e7\u00f5es coletivas com varejistas sobre aluguel","description":"A BR Malls (BRML3) n\u00e3o deve fazer negocia\u00e7\u00f5es coletivas com os varejistas em rela\u00e7\u00e3o ao aluguel ou condom\u00ednio. Clique aqui e saiba mais!","robots":{"index":"index","follow":"follow","max-snippet":"max-snippet:-1","max-image-preview":"max-image-preview:large","max-video-preview":"max-video-preview:-1"},"canonical":"https:\/\/www.suno.com.br\/noticias\/br-malls-brml3-aluguel-negociacao\/","og_locale":"pt_BR","og_type":"article","og_title":"BR Malls n\u00e3o far\u00e1 negocia\u00e7\u00f5es coletivas com varejistas sobre aluguel","og_description":"A BR Malls (BRML3) n\u00e3o deve fazer negocia\u00e7\u00f5es coletivas com os varejistas em rela\u00e7\u00e3o ao aluguel ou condom\u00ednio. Clique aqui e saiba mais!","og_url":"https:\/\/www.suno.com.br\/noticias\/br-malls-brml3-aluguel-negociacao\/","og_site_name":"Suno Not\u00edcias","article_publisher":"https:\/\/facebook.com\/sunoresearch","og_image":[{"width":680,"height":453,"url":"https:\/\/files.sunoresearch.com.br\/n\/uploads\/2019\/07\/ded899cd-osasco-plaza-br-malls.jpg","type":"image\/jpeg"}],"author":"Laura Moutinho","twitter_card":"summary_large_image","twitter_creator":"@sunoresearch","twitter_site":"@sunoresearch","twitter_misc":{"Escrito por":"Laura Moutinho","Est. tempo de leitura":"3 minutos"},"schema":{"@context":"https:\/\/schema.org","@graph":[{"@type":"NewsArticle","@id":"https:\/\/www.suno.com.br\/noticias\/br-malls-brml3-aluguel-negociacao\/#article","isPartOf":{"@id":"https:\/\/www.suno.com.br\/noticias\/br-malls-brml3-aluguel-negociacao\/"},"author":{"name":"Laura Moutinho","@id":"https:\/\/www.suno.com.br\/noticias\/#\/schema\/person\/3df0d2808748b74496efe5dbeaef2c72"},"headline":"BR Malls (BRML3) n\u00e3o far\u00e1 negocia\u00e7\u00f5es coletivas com varejistas sobre aluguel","datePublished":"2021-03-12T18:47:04+00:00","dateModified":"2021-05-30T22:06:49+00:00","mainEntityOfPage":{"@id":"https:\/\/www.suno.com.br\/noticias\/br-malls-brml3-aluguel-negociacao\/"},"wordCount":519,"publisher":{"@id":"https:\/\/www.suno.com.br\/noticias\/#organization"},"image":{"@id":"https:\/\/www.suno.com.br\/noticias\/br-malls-brml3-aluguel-negociacao\/#primaryimage"},"thumbnailUrl":"https:\/\/files.sunoresearch.com.br\/n\/uploads\/2019\/07\/ded899cd-osasco-plaza-br-malls.jpg","keywords":["BRMalls (BRML3)","Especialistas"],"articleSection":["Neg\u00f3cios"],"inLanguage":"pt-BR"},{"@type":"WebPage","@id":"https:\/\/www.suno.com.br\/noticias\/br-malls-brml3-aluguel-negociacao\/","url":"https:\/\/www.suno.com.br\/noticias\/br-malls-brml3-aluguel-negociacao\/","name":"BR Malls n\u00e3o far\u00e1 negocia\u00e7\u00f5es coletivas com varejistas sobre aluguel","isPartOf":{"@id":"https:\/\/www.suno.com.br\/noticias\/#website"},"primaryImageOfPage":{"@id":"https:\/\/www.suno.com.br\/noticias\/br-malls-brml3-aluguel-negociacao\/#primaryimage"},"image":{"@id":"https:\/\/www.suno.com.br\/noticias\/br-malls-brml3-aluguel-negociacao\/#primaryimage"},"thumbnailUrl":"https:\/\/files.sunoresearch.com.br\/n\/uploads\/2019\/07\/ded899cd-osasco-plaza-br-malls.jpg","datePublished":"2021-03-12T18:47:04+00:00","dateModified":"2021-05-30T22:06:49+00:00","description":"A BR Malls (BRML3) n\u00e3o deve fazer negocia\u00e7\u00f5es coletivas com os varejistas em rela\u00e7\u00e3o ao aluguel ou condom\u00ednio. Clique aqui e saiba mais!","breadcrumb":{"@id":"https:\/\/www.suno.com.br\/noticias\/br-malls-brml3-aluguel-negociacao\/#breadcrumb"},"inLanguage":"pt-BR","potentialAction":[{"@type":"ReadAction","target":["https:\/\/www.suno.com.br\/noticias\/br-malls-brml3-aluguel-negociacao\/"]}]},{"@type":"ImageObject","inLanguage":"pt-BR","@id":"https:\/\/www.suno.com.br\/noticias\/br-malls-brml3-aluguel-negociacao\/#primaryimage","url":"https:\/\/files.sunoresearch.com.br\/n\/uploads\/2019\/07\/ded899cd-osasco-plaza-br-malls.jpg","contentUrl":"https:\/\/files.sunoresearch.com.br\/n\/uploads\/2019\/07\/ded899cd-osasco-plaza-br-malls.jpg","width":680,"height":453,"caption":"BR Malls - Osasco Plaza"},{"@type":"BreadcrumbList","@id":"https:\/\/www.suno.com.br\/noticias\/br-malls-brml3-aluguel-negociacao\/#breadcrumb","itemListElement":[{"@type":"ListItem","position":1,"name":"Not\u00edcias","item":"https:\/\/www.suno.com.br\/noticias\/"},{"@type":"ListItem","position":2,"name":"Neg\u00f3cios","item":"https:\/\/www.suno.com.br\/noticias\/negocios\/"},{"@type":"ListItem","position":3,"name":"BR Malls (BRML3) n\u00e3o far\u00e1 negocia\u00e7\u00f5es coletivas com varejistas sobre aluguel"}]},{"@type":"WebSite","@id":"https:\/\/www.suno.com.br\/noticias\/#website","url":"https:\/\/www.suno.com.br\/noticias\/","name":"Suno Not\u00edcias","description":"Seu portal de informa\u00e7\u00e3o sobre o mundo dos investimentos","publisher":{"@id":"https:\/\/www.suno.com.br\/noticias\/#organization"},"potentialAction":[{"@type":"SearchAction","target":{"@type":"EntryPoint","urlTemplate":"https:\/\/www.suno.com.br\/noticias\/?s={search_term_string}"},"query-input":{"@type":"PropertyValueSpecification","valueRequired":true,"valueName":"search_term_string"}}],"inLanguage":"pt-BR"},{"@type":"Organization","@id":"https:\/\/www.suno.com.br\/noticias\/#organization","name":"Suno Not\u00edcias","url":"https:\/\/www.suno.com.br\/noticias\/","logo":{"@type":"ImageObject","inLanguage":"pt-BR","@id":"https:\/\/www.suno.com.br\/noticias\/#\/schema\/logo\/image\/","url":"https:\/\/files.sunoresearch.com.br\/n\/uploads\/2021\/09\/suno-logo.png","contentUrl":"https:\/\/files.sunoresearch.com.br\/n\/uploads\/2021\/09\/suno-logo.png","width":180,"height":180,"caption":"Suno Not\u00edcias"},"image":{"@id":"https:\/\/www.suno.com.br\/noticias\/#\/schema\/logo\/image\/"},"sameAs":["https:\/\/facebook.com\/sunoresearch","https:\/\/x.com\/sunoresearch","https:\/\/www.instagram.com\/suno","https:\/\/www.linkedin.com\/company\/suno-research\/","https:\/\/www.youtube.com\/c\/sunoresearch"]},{"@type":"Person","@id":"https:\/\/www.suno.com.br\/noticias\/#\/schema\/person\/3df0d2808748b74496efe5dbeaef2c72","name":"Laura Moutinho","image":{"@type":"ImageObject","inLanguage":"pt-BR","@id":"https:\/\/www.suno.com.br\/noticias\/#\/schema\/person\/image\/","url":"https:\/\/secure.gravatar.com\/avatar\/7571c7c8ca3a6fca5e41384ece5557ff?s=96&r=g","contentUrl":"https:\/\/secure.gravatar.com\/avatar\/7571c7c8ca3a6fca5e41384ece5557ff?s=96&r=g","caption":"Laura Moutinho"},"description":"Estagi\u00e1ria na Suno Not\u00edcias, escreve not\u00edcias que afetam o mercado financeiro. Estuda administra\u00e7\u00e3o na Universidade Presbiteriana Mackenzie.","url":"https:\/\/www.suno.com.br\/noticias\/author\/laura-moutinho\/"}]}},"default_loop_html":"<div class=\"cardsPage__listCard__boxs\"><div class=\"cardsPage__listCard__boxs__img\"><a href=\"https:\/\/www.suno.com.br\/noticias\/br-malls-brml3-aluguel-negociacao\/\"><img class=\"mask\" src=\"https:\/\/www.suno.com.br\/noticias\/wp-content\/themes\/suno\/resources\/images\/spotlight\/spotlight1img\/bg-mask.png\" alt=\"Image Mask\"\/><img src=\"https:\/\/files.sunoresearch.com.br\/n\/uploads\/2019\/07\/ded899cd-osasco-plaza-br-malls-400x200.webp\" alt=\"BR Malls (BRML3) n\u00e3o far\u00e1 negocia\u00e7\u00f5es coletivas com varejistas sobre aluguel\"\/><\/a><span class=\"spotlightCategory\"><a href=\"https:\/\/www.suno.com.br\/noticias\/negocios\/\">Neg\u00f3cios<\/a><\/span><\/div><div class=\"cardsPage__listCard__boxs__content\"><a href=\"https:\/\/www.suno.com.br\/noticias\/br-malls-brml3-aluguel-negociacao\/\"><h2 class=\"content__title\">BR Malls (BRML3) n\u00e3o far\u00e1 negocia\u00e7\u00f5es coletivas com varejistas sobre aluguel<\/h2><\/a><div class=\"newsContent__article__meta\"><div class=\"newsContent__article__meta__authorBox\"><a href=\"https:\/\/www.suno.com.br\/noticias\/author\/laura-moutinho\/\" class=\"authorBox__avatar noMobi\"><img src=\"https:\/\/files.sunoresearch.com.br\/n\/uploads\/2020\/08\/531ff69d-whatsapp-image-2020-08-03-at-14.54.38-150x150.webp\" alt=\"Laura Moutinho\"><\/a><div class=\"authorBox__name\"><span>por\n\t\t\t<a href=\"https:\/\/www.suno.com.br\/noticias\/author\/laura-moutinho\/\"><span itemprop=\"author\">Laura Moutinho<\/span><\/a><\/span><time datetime=\"2021-03-12T15:47:04-03:00\" itemprop=\"datePublished\">12\/03\/2021 15:47<\/time><\/div><\/div><\/div><\/div><\/div>","single_layout":"posts","amp_enabled":true,"_links":{"self":[{"href":"https:\/\/www.suno.com.br\/noticias\/wp-json\/wp\/v2\/posts\/131386"}],"collection":[{"href":"https:\/\/www.suno.com.br\/noticias\/wp-json\/wp\/v2\/posts"}],"about":[{"href":"https:\/\/www.suno.com.br\/noticias\/wp-json\/wp\/v2\/types\/post"}],"author":[{"embeddable":true,"href":"https:\/\/www.suno.com.br\/noticias\/wp-json\/wp\/v2\/users\/39"}],"replies":[{"embeddable":true,"href":"https:\/\/www.suno.com.br\/noticias\/wp-json\/wp\/v2\/comments?post=131386"}],"version-history":[{"count":6,"href":"https:\/\/www.suno.com.br\/noticias\/wp-json\/wp\/v2\/posts\/131386\/revisions"}],"predecessor-version":[{"id":131409,"href":"https:\/\/www.suno.com.br\/noticias\/wp-json\/wp\/v2\/posts\/131386\/revisions\/131409"}],"wp:featuredmedia":[{"embeddable":true,"href":"https:\/\/www.suno.com.br\/noticias\/wp-json\/wp\/v2\/media\/32494"}],"wp:attachment":[{"href":"https:\/\/www.suno.com.br\/noticias\/wp-json\/wp\/v2\/media?parent=131386"}],"wp:term":[{"taxonomy":"category","embeddable":true,"href":"https:\/\/www.suno.com.br\/noticias\/wp-json\/wp\/v2\/categories?post=131386"},{"taxonomy":"post_tag","embeddable":true,"href":"https:\/\/www.suno.com.br\/noticias\/wp-json\/wp\/v2\/tags?post=131386"},{"taxonomy":"suno_strategy","embeddable":true,"href":"https:\/\/www.suno.com.br\/noticias\/wp-json\/wp\/v2\/suno_strategy?post=131386"}],"curies":[{"name":"wp","href":"https:\/\/api.w.org\/{rel}","templated":true}]}}