{"id":131383,"date":"2021-03-12T15:24:16","date_gmt":"2021-03-12T18:24:16","guid":{"rendered":"https:\/\/www.suno.com.br\/noticias\/?p=131383"},"modified":"2021-03-12T15:24:16","modified_gmt":"2021-03-12T18:24:16","slug":"smiles-smls3-cvm-nega-pedido-suspender-assembleia","status":"publish","type":"post","link":"https:\/\/www.suno.com.br\/noticias\/smiles-smls3-cvm-nega-pedido-suspender-assembleia\/","title":{"rendered":"Smiles (SMLS3): CVM nega pedido de acionista para suspender assembleia sobre incorpora\u00e7\u00e3o"},"content":{"rendered":"<p>A <a href=\"https:\/\/www.suno.com.br\/artigos\/cvm\/\">Comiss\u00e3o de Valores Mobili\u00e1rios (CVM)<\/a> negou nesta sexta-feira (12) a solicita\u00e7\u00e3o da Esh Capital para suspender assembleia da <a href=\"https:\/\/www.suno.com.br\/acoes\/smls3\/\">Smiles (SMLS3)<\/a> programada para ocorrer na pr\u00f3xima segunda-feira (15).<\/p>\t<div class=\"wrapper-featured-image\">\n\t\t<figure class=\"spotlightImg\">\n\n\t\t\t<picture>\n\t\t\t\t<source media=\"(max-width: 768px)\" srcset=\"https:\/\/files.sunoresearch.com.br\/n\/uploads\/2021\/01\/138eab3c-gol-400x200.webp\">\n\t\t\t\t<img loading=\"lazy\" decoding=\"async\" class=\"newsContent__article__imgCapa lazyloadDisabled \" src=\"https:\/\/files.sunoresearch.com.br\/n\/uploads\/2021\/01\/138eab3c-gol-800x450.webp\" width=\"800\" height=\"450\" alt=\"Smiles (SMLS3): CVM nega pedido de acionista para suspender assembleia sobre incorpora\u00e7\u00e3o\" fetchpriority=high \/>\n\t\t\t<\/picture>\n\n\t\t\t<figcaption class=\"wp-caption-text wp-caption-text--show\">Smiles (SMLS3)<\/figcaption>\n\t\t<\/figure>\n\t<\/div>\n\n\n\t<p>\n\t\t<a href=\"https:\/\/lp.suno.com.br\/planilha-controle-gastos\/\" target=\"_blank\" data-element=\"shortcode-suno-banner\" title=\"Banner SUNO, clique e saiba mais\">\n\t\t\t<picture>\n\t\t\t\t<source media=\"(max-width: 500px)\" srcset=\"https:\/\/files.sunoresearch.com.br\/n\/uploads\/2023\/03\/400x300-Planilha-controle-de-gastos.png\">\n\t\t\t\t<img class=\"newsContent__article__imgCapa newsContent__article__imgCapa--banner\"\n\t\t\t\t\tsrc=\"https:\/\/files.sunoresearch.com.br\/n\/uploads\/2023\/03\/1420x240-Planilha-controle-de-gastos.png\"\n\t\t\t\t\tdata-promo-id=\"101751\"\t\t\t\t\t\t\t\t\t\twidth='1420' height='240'\t\t\t\t\talt=\"https:\/\/files.sunoresearch.com.br\/n\/uploads\/2023\/03\/1420x240-Planilha-controle-de-gastos.png\"\n\t\t\t\t>\n\t\t\t<\/picture>\n\t\t<\/a>\n\t<\/p>\n\n\n<p>A <strong>Esh Capital<\/strong>, acionista minorit\u00e1ria da Smiles, havia solicitado a suspens\u00e3o por 15 dias no prazo de convoca\u00e7\u00e3o para que o regulador pudesse analisar supostas irregularidades na proposta apontadas pelos minorit\u00e1rios.<\/p>\n<p>De acordo com a CVM, a decis\u00e3o do colegiado foi realizada em reuni\u00e3o extraordin\u00e1ria na quinta-feira. A assembleia da Smiles tem como objetivo votar a proposta de incorpora\u00e7\u00e3o feita pela <a href=\"https:\/\/www.suno.com.br\/acoes\/goll4\/\"><strong>Gol<\/strong> (GOLL4)<\/a>.<\/p>\n<p>Como justificativa, a Esh apontou o descumprimento dos deveres fiduci\u00e1rios dos administradores da companhia, como de \u201cpromover negocia\u00e7\u00e3o efetiva acerca dos termos e condi\u00e7\u00f5es\u201d da proposta.<\/p>\n<p><a href=\"https:\/\/lp.suno.com.br\/suno-one\/\">Suno One: acesse gratuitamente eBooks, Minicursos, Artigos e V\u00eddeo Aulas sobre investimentos com um \u00fanico cadastro. Clique para saber mais!<\/a><\/p>\n<p>Al\u00e9m disso, informou que os administradores atuaram de tal forma que impedisse os acionistas a terem informa\u00e7\u00f5es adequadas para a tomada de decis\u00e3o.<\/p>\n<p>Ao jornal Valor Econ\u00f4mico, gestor da <strong>Esh Capital,<\/strong> Vladimir Timerman afirmou que &#8220;a maneira como est\u00e1 sendo colocada essa proposta \u00e9 totalmente ilegal&#8221;. &#8220;\u00c9 uma proposta unilateral por parte da companhia onde os minorit\u00e1rios n\u00e3o t\u00eam como se resguardar&#8221;, completa.<\/p>\n<h2>A assembleia da Smiles<\/h2>\n<p>Na assembleia, os acionistas dever\u00e3o avaliar a sa\u00edda da <strong>Smiles<\/strong> do<a href=\"https:\/\/www.suno.com.br\/artigos\/novo-mercado\/\"><strong> Novo Mercado<\/strong> da B3<\/a> e sua incorpora\u00e7\u00e3o \u00e0 GLA, uma empresa que ser\u00e1 criada no processo para manter as a\u00e7\u00f5es da companhia de pontos de fidelidade que, posteriormente, ser\u00e1 anexada \u00e0 a\u00e9rea como subsidi\u00e1ria.<\/p>\n<p>Para a assembleia acontecer \u00e9 necess\u00e1rio qu\u00f3rum de dois ter\u00e7os dos acionistas. Caso n\u00e3o alcan\u00e7ada, uma nova assembleia seria marcada para os 10 dias seguintes. Al\u00e9m disso a Gol decidiu n\u00e3o votar e com isso, ser\u00e1 necess\u00e1rio o voto\u00a0 da maioria dos minorit\u00e1rios para aprovar a proposta.<\/p>\n\t<div data-element=\"shortcode-read-more\" class=\"knowMore\">\n\t\t\t\t<span class=\"knowMore__title\">Leia tamb\u00e9m <\/span>\n\t\t\t\t<a class=\"knowMore__link\" href=\"https:\/\/www.suno.com.br\/noticias\/gol-goll4-suspenssao-assembleia-smiles-smls3\/\">\n\t\t\tGol (GOLL4): acionista minorit\u00e1rio na Smiles (SMLS3) pede suspens\u00e3o de assembleia sobre incorpora\u00e7\u00e3o\t\t<\/a>\n\t<\/div>\n\n\n<p>A oferta da a\u00e9rea para os acionistas da Smiles d\u00e1 tr\u00eas op\u00e7\u00f5es. Os acionistas da empresa de milhas poder\u00e3o aceitar duas propostas que envolvem a\u00e7\u00e3o e dinheiro e outra que envolve apenas a\u00e7\u00e3o por cada papel da Smiles:<\/p>\n<ul>\n<li>R$ 4,46 e 0,66 a\u00e7\u00e3o da Gol<\/li>\n<li>R$ 17,86 e 0,165 a\u00e7\u00e3o da Gol<\/li>\n<li>0,825 a\u00e7\u00e3o da Gol<\/li>\n<\/ul>\n\t<p>\n\t\t<a href=\"https:\/\/lp.suno.com.br\/planilha-da-vida-financeira\/\" target=\"_blank\" data-element=\"shortcode-suno-banner\" title=\"Banner SUNO, clique e saiba mais\">\n\t\t\t<picture>\n\t\t\t\t<source media=\"(max-width: 500px)\" srcset=\"https:\/\/files.sunoresearch.com.br\/n\/uploads\/2023\/04\/400x300-Planilha-vida-financeira-true.png\">\n\t\t\t\t<img class=\"newsContent__article__imgCapa newsContent__article__imgCapa--banner\"\n\t\t\t\t\tsrc=\"https:\/\/files.sunoresearch.com.br\/n\/uploads\/2023\/04\/1420x240-Planilha-vida-financeira-true.png\"\n\t\t\t\t\tdata-promo-id=\"106682\"\t\t\t\t\t\t\t\t\t\twidth='1420' height='240'\t\t\t\t\talt=\"https:\/\/files.sunoresearch.com.br\/n\/uploads\/2023\/04\/1420x240-Planilha-vida-financeira-true.png\"\n\t\t\t\t>\n\t\t\t<\/picture>\n\t\t<\/a>\n\t<\/p>\n\n\n<p>O laudo de avalia\u00e7\u00e3o de patrim\u00f4nio utilizado para elaborar a oferta foi realizado no fim de setembro do ano passado. Esta, como um todo, considera o pagamento de R$ 22,32 por cada papel, dilu\u00eddo de diferentes formas.<\/p>\n<h2>\u00daltima cota\u00e7\u00e3o da Gol e da Smiles<\/h2>\n<p>O papel da <strong>Smiles (SMLS3)<\/strong> estava nesta sexta-feira, por volta das 15h04 cotado a R$ 22,97, em alta de 1,14%.<\/p>\n\t<p>\n\t\t<a href=\"https:\/\/lp.suno.com.br\/planilha-de-controle-de-investimentos\/\" target=\"_blank\" data-element=\"shortcode-suno-banner\" title=\"Banner SUNO, clique e saiba mais\">\n\t\t\t<picture>\n\t\t\t\t<source media=\"(max-width: 500px)\" srcset=\"https:\/\/files.sunoresearch.com.br\/n\/uploads\/2023\/03\/400x300-Controle-de-Investimentos.png\">\n\t\t\t\t<img class=\"newsContent__article__imgCapa newsContent__article__imgCapa--banner\"\n\t\t\t\t\tsrc=\"https:\/\/files.sunoresearch.com.br\/n\/uploads\/2023\/03\/1420x240-Controle-de-Investimentos.png\"\n\t\t\t\t\tdata-promo-id=\"75934\"\t\t\t\t\t\t\t\t\t\twidth='1420' height='240'\t\t\t\t\talt=\"https:\/\/files.sunoresearch.com.br\/n\/uploads\/2023\/03\/1420x240-Controle-de-Investimentos.png\"\n\t\t\t\t>\n\t\t\t<\/picture>\n\t\t<\/a>\n\t<\/p>\n\n\n","protected":false},"excerpt":{"rendered":"<p>A Comiss\u00e3o de Valores Mobili\u00e1rios (CVM) negou nesta sexta-feira (12) a solicita\u00e7\u00e3o da Esh Capital para suspender assembleia da Smiles (SMLS3) programada para ocorrer na pr\u00f3xima segunda-feira (15). Smiles (SMLS3) A Esh Capital, acionista minorit\u00e1ria da Smiles, havia solicitado a suspens\u00e3o por 15 dias no prazo de convoca\u00e7\u00e3o para que o regulador pudesse analisar supostas [&hellip;]<\/p>\n","protected":false},"author":56,"featured_media":114026,"comment_status":"closed","ping_status":"closed","sticky":false,"template":"","format":"standard","meta":[],"categories":[64],"tags":[637],"suno_strategy":[],"class_list":["post-131383","post","type-post","status-publish","format-standard","has-post-thumbnail","hentry","category-negocios","tag-smiles-smls3"],"yoast_head":"<!-- This site is optimized with the Yoast SEO plugin v24.4 - https:\/\/yoast.com\/wordpress\/plugins\/seo\/ -->\n<title>Smiles (SMLS3): CVM nega pedido para suspender assembleia<\/title>\n<meta name=\"description\" content=\"A CVM negou a solicita\u00e7\u00e3o da Esh Capital para suspender assembleia da Smiles na pr\u00f3xima segunda-feira (15). Clique aqui para saber mais.\" \/>\n<meta name=\"robots\" content=\"index, follow, max-snippet:-1, max-image-preview:large, max-video-preview:-1\" \/>\n<link rel=\"canonical\" href=\"https:\/\/www.suno.com.br\/noticias\/smiles-smls3-cvm-nega-pedido-suspender-assembleia\/\" \/>\n<meta property=\"og:locale\" content=\"pt_BR\" \/>\n<meta property=\"og:type\" content=\"article\" \/>\n<meta property=\"og:title\" content=\"Smiles (SMLS3): CVM nega pedido para suspender assembleia\" \/>\n<meta property=\"og:description\" content=\"A CVM negou a solicita\u00e7\u00e3o da Esh Capital para suspender assembleia da Smiles na pr\u00f3xima segunda-feira (15). Clique aqui para saber mais.\" \/>\n<meta property=\"og:url\" content=\"https:\/\/www.suno.com.br\/noticias\/smiles-smls3-cvm-nega-pedido-suspender-assembleia\/\" \/>\n<meta property=\"og:site_name\" content=\"Suno Not\u00edcias\" \/>\n<meta property=\"article:publisher\" content=\"https:\/\/facebook.com\/sunoresearch\" \/>\n<meta property=\"og:image\" content=\"https:\/\/files.sunoresearch.com.br\/n\/uploads\/2021\/01\/138eab3c-gol.jpg\" \/>\n\t<meta property=\"og:image:width\" content=\"1024\" \/>\n\t<meta property=\"og:image:height\" content=\"682\" \/>\n\t<meta property=\"og:image:type\" content=\"image\/jpeg\" \/>\n<meta name=\"author\" content=\"Rafaela La Regina\" \/>\n<meta name=\"twitter:card\" content=\"summary_large_image\" \/>\n<meta name=\"twitter:creator\" content=\"@sunoresearch\" \/>\n<meta name=\"twitter:site\" content=\"@sunoresearch\" \/>\n<meta name=\"twitter:label1\" content=\"Escrito por\" \/>\n\t<meta name=\"twitter:data1\" content=\"Rafaela La Regina\" \/>\n\t<meta name=\"twitter:label2\" content=\"Est. tempo de leitura\" \/>\n\t<meta name=\"twitter:data2\" content=\"2 minutos\" \/>\n<script type=\"application\/ld+json\" class=\"yoast-schema-graph\">{\"@context\":\"https:\/\/schema.org\",\"@graph\":[{\"@type\":\"NewsArticle\",\"@id\":\"https:\/\/www.suno.com.br\/noticias\/smiles-smls3-cvm-nega-pedido-suspender-assembleia\/#article\",\"isPartOf\":{\"@id\":\"https:\/\/www.suno.com.br\/noticias\/smiles-smls3-cvm-nega-pedido-suspender-assembleia\/\"},\"author\":{\"name\":\"Rafaela La Regina\",\"@id\":\"https:\/\/www.suno.com.br\/noticias\/#\/schema\/person\/e672ca8cea627fe715fa29bca7da95e0\"},\"headline\":\"Smiles (SMLS3): CVM nega pedido de acionista para suspender assembleia sobre incorpora\u00e7\u00e3o\",\"datePublished\":\"2021-03-12T18:24:16+00:00\",\"mainEntityOfPage\":{\"@id\":\"https:\/\/www.suno.com.br\/noticias\/smiles-smls3-cvm-nega-pedido-suspender-assembleia\/\"},\"wordCount\":480,\"publisher\":{\"@id\":\"https:\/\/www.suno.com.br\/noticias\/#organization\"},\"image\":{\"@id\":\"https:\/\/www.suno.com.br\/noticias\/smiles-smls3-cvm-nega-pedido-suspender-assembleia\/#primaryimage\"},\"thumbnailUrl\":\"https:\/\/files.sunoresearch.com.br\/n\/uploads\/2021\/01\/138eab3c-gol-jpg.webp\",\"keywords\":[\"Smiles (SMLS3)\"],\"articleSection\":[\"Neg\u00f3cios\"],\"inLanguage\":\"pt-BR\"},{\"@type\":\"WebPage\",\"@id\":\"https:\/\/www.suno.com.br\/noticias\/smiles-smls3-cvm-nega-pedido-suspender-assembleia\/\",\"url\":\"https:\/\/www.suno.com.br\/noticias\/smiles-smls3-cvm-nega-pedido-suspender-assembleia\/\",\"name\":\"Smiles (SMLS3): CVM nega pedido para suspender assembleia\",\"isPartOf\":{\"@id\":\"https:\/\/www.suno.com.br\/noticias\/#website\"},\"primaryImageOfPage\":{\"@id\":\"https:\/\/www.suno.com.br\/noticias\/smiles-smls3-cvm-nega-pedido-suspender-assembleia\/#primaryimage\"},\"image\":{\"@id\":\"https:\/\/www.suno.com.br\/noticias\/smiles-smls3-cvm-nega-pedido-suspender-assembleia\/#primaryimage\"},\"thumbnailUrl\":\"https:\/\/files.sunoresearch.com.br\/n\/uploads\/2021\/01\/138eab3c-gol-jpg.webp\",\"datePublished\":\"2021-03-12T18:24:16+00:00\",\"description\":\"A CVM negou a solicita\u00e7\u00e3o da Esh Capital para suspender assembleia da Smiles na pr\u00f3xima segunda-feira (15). Clique aqui para saber mais.\",\"breadcrumb\":{\"@id\":\"https:\/\/www.suno.com.br\/noticias\/smiles-smls3-cvm-nega-pedido-suspender-assembleia\/#breadcrumb\"},\"inLanguage\":\"pt-BR\",\"potentialAction\":[{\"@type\":\"ReadAction\",\"target\":[\"https:\/\/www.suno.com.br\/noticias\/smiles-smls3-cvm-nega-pedido-suspender-assembleia\/\"]}]},{\"@type\":\"ImageObject\",\"inLanguage\":\"pt-BR\",\"@id\":\"https:\/\/www.suno.com.br\/noticias\/smiles-smls3-cvm-nega-pedido-suspender-assembleia\/#primaryimage\",\"url\":\"https:\/\/files.sunoresearch.com.br\/n\/uploads\/2021\/01\/138eab3c-gol-jpg.webp\",\"contentUrl\":\"https:\/\/files.sunoresearch.com.br\/n\/uploads\/2021\/01\/138eab3c-gol-jpg.webp\",\"width\":1024,\"height\":682,\"caption\":\"Smiles (SMLS3)\"},{\"@type\":\"BreadcrumbList\",\"@id\":\"https:\/\/www.suno.com.br\/noticias\/smiles-smls3-cvm-nega-pedido-suspender-assembleia\/#breadcrumb\",\"itemListElement\":[{\"@type\":\"ListItem\",\"position\":1,\"name\":\"Not\u00edcias\",\"item\":\"https:\/\/www.suno.com.br\/noticias\/\"},{\"@type\":\"ListItem\",\"position\":2,\"name\":\"Neg\u00f3cios\",\"item\":\"https:\/\/www.suno.com.br\/noticias\/negocios\/\"},{\"@type\":\"ListItem\",\"position\":3,\"name\":\"Smiles (SMLS3): CVM nega pedido de acionista para suspender assembleia sobre incorpora\u00e7\u00e3o\"}]},{\"@type\":\"WebSite\",\"@id\":\"https:\/\/www.suno.com.br\/noticias\/#website\",\"url\":\"https:\/\/www.suno.com.br\/noticias\/\",\"name\":\"Suno Not\u00edcias\",\"description\":\"Seu portal de informa\u00e7\u00e3o sobre o mundo dos investimentos\",\"publisher\":{\"@id\":\"https:\/\/www.suno.com.br\/noticias\/#organization\"},\"potentialAction\":[{\"@type\":\"SearchAction\",\"target\":{\"@type\":\"EntryPoint\",\"urlTemplate\":\"https:\/\/www.suno.com.br\/noticias\/?s={search_term_string}\"},\"query-input\":{\"@type\":\"PropertyValueSpecification\",\"valueRequired\":true,\"valueName\":\"search_term_string\"}}],\"inLanguage\":\"pt-BR\"},{\"@type\":\"Organization\",\"@id\":\"https:\/\/www.suno.com.br\/noticias\/#organization\",\"name\":\"Suno Not\u00edcias\",\"url\":\"https:\/\/www.suno.com.br\/noticias\/\",\"logo\":{\"@type\":\"ImageObject\",\"inLanguage\":\"pt-BR\",\"@id\":\"https:\/\/www.suno.com.br\/noticias\/#\/schema\/logo\/image\/\",\"url\":\"https:\/\/files.sunoresearch.com.br\/n\/uploads\/2021\/09\/suno-logo.png\",\"contentUrl\":\"https:\/\/files.sunoresearch.com.br\/n\/uploads\/2021\/09\/suno-logo.png\",\"width\":180,\"height\":180,\"caption\":\"Suno Not\u00edcias\"},\"image\":{\"@id\":\"https:\/\/www.suno.com.br\/noticias\/#\/schema\/logo\/image\/\"},\"sameAs\":[\"https:\/\/facebook.com\/sunoresearch\",\"https:\/\/x.com\/sunoresearch\",\"https:\/\/www.instagram.com\/suno\",\"https:\/\/www.linkedin.com\/company\/suno-research\/\",\"https:\/\/www.youtube.com\/c\/sunoresearch\"]},{\"@type\":\"Person\",\"@id\":\"https:\/\/www.suno.com.br\/noticias\/#\/schema\/person\/e672ca8cea627fe715fa29bca7da95e0\",\"name\":\"Rafaela La Regina\",\"image\":{\"@type\":\"ImageObject\",\"inLanguage\":\"pt-BR\",\"@id\":\"https:\/\/www.suno.com.br\/noticias\/#\/schema\/person\/image\/\",\"url\":\"https:\/\/secure.gravatar.com\/avatar\/d2c75a52d243deb93d0465fdcb21bd37?s=96&r=g\",\"contentUrl\":\"https:\/\/secure.gravatar.com\/avatar\/d2c75a52d243deb93d0465fdcb21bd37?s=96&r=g\",\"caption\":\"Rafaela La Regina\"},\"description\":\"Estagi\u00e1ria no Suno Not\u00edcias. Escreve sobre economia, pol\u00edtica e neg\u00f3cios. Estuda Rela\u00e7\u00f5es Internacionais no IBMEC-SP.\",\"url\":\"https:\/\/www.suno.com.br\/noticias\/author\/rafaela-la-regina\/\"}]}<\/script>\n<!-- \/ Yoast SEO plugin. -->","yoast_head_json":{"title":"Smiles (SMLS3): CVM nega pedido para suspender assembleia","description":"A CVM negou a solicita\u00e7\u00e3o da Esh Capital para suspender assembleia da Smiles na pr\u00f3xima segunda-feira (15). Clique aqui para saber mais.","robots":{"index":"index","follow":"follow","max-snippet":"max-snippet:-1","max-image-preview":"max-image-preview:large","max-video-preview":"max-video-preview:-1"},"canonical":"https:\/\/www.suno.com.br\/noticias\/smiles-smls3-cvm-nega-pedido-suspender-assembleia\/","og_locale":"pt_BR","og_type":"article","og_title":"Smiles (SMLS3): CVM nega pedido para suspender assembleia","og_description":"A CVM negou a solicita\u00e7\u00e3o da Esh Capital para suspender assembleia da Smiles na pr\u00f3xima segunda-feira (15). Clique aqui para saber mais.","og_url":"https:\/\/www.suno.com.br\/noticias\/smiles-smls3-cvm-nega-pedido-suspender-assembleia\/","og_site_name":"Suno Not\u00edcias","article_publisher":"https:\/\/facebook.com\/sunoresearch","og_image":[{"width":1024,"height":682,"url":"https:\/\/files.sunoresearch.com.br\/n\/uploads\/2021\/01\/138eab3c-gol.jpg","type":"image\/jpeg"}],"author":"Rafaela La Regina","twitter_card":"summary_large_image","twitter_creator":"@sunoresearch","twitter_site":"@sunoresearch","twitter_misc":{"Escrito por":"Rafaela La Regina","Est. tempo de leitura":"2 minutos"},"schema":{"@context":"https:\/\/schema.org","@graph":[{"@type":"NewsArticle","@id":"https:\/\/www.suno.com.br\/noticias\/smiles-smls3-cvm-nega-pedido-suspender-assembleia\/#article","isPartOf":{"@id":"https:\/\/www.suno.com.br\/noticias\/smiles-smls3-cvm-nega-pedido-suspender-assembleia\/"},"author":{"name":"Rafaela La Regina","@id":"https:\/\/www.suno.com.br\/noticias\/#\/schema\/person\/e672ca8cea627fe715fa29bca7da95e0"},"headline":"Smiles (SMLS3): CVM nega pedido de acionista para suspender assembleia sobre incorpora\u00e7\u00e3o","datePublished":"2021-03-12T18:24:16+00:00","mainEntityOfPage":{"@id":"https:\/\/www.suno.com.br\/noticias\/smiles-smls3-cvm-nega-pedido-suspender-assembleia\/"},"wordCount":480,"publisher":{"@id":"https:\/\/www.suno.com.br\/noticias\/#organization"},"image":{"@id":"https:\/\/www.suno.com.br\/noticias\/smiles-smls3-cvm-nega-pedido-suspender-assembleia\/#primaryimage"},"thumbnailUrl":"https:\/\/files.sunoresearch.com.br\/n\/uploads\/2021\/01\/138eab3c-gol-jpg.webp","keywords":["Smiles (SMLS3)"],"articleSection":["Neg\u00f3cios"],"inLanguage":"pt-BR"},{"@type":"WebPage","@id":"https:\/\/www.suno.com.br\/noticias\/smiles-smls3-cvm-nega-pedido-suspender-assembleia\/","url":"https:\/\/www.suno.com.br\/noticias\/smiles-smls3-cvm-nega-pedido-suspender-assembleia\/","name":"Smiles (SMLS3): CVM nega pedido para suspender assembleia","isPartOf":{"@id":"https:\/\/www.suno.com.br\/noticias\/#website"},"primaryImageOfPage":{"@id":"https:\/\/www.suno.com.br\/noticias\/smiles-smls3-cvm-nega-pedido-suspender-assembleia\/#primaryimage"},"image":{"@id":"https:\/\/www.suno.com.br\/noticias\/smiles-smls3-cvm-nega-pedido-suspender-assembleia\/#primaryimage"},"thumbnailUrl":"https:\/\/files.sunoresearch.com.br\/n\/uploads\/2021\/01\/138eab3c-gol-jpg.webp","datePublished":"2021-03-12T18:24:16+00:00","description":"A CVM negou a solicita\u00e7\u00e3o da Esh Capital para suspender assembleia da Smiles na pr\u00f3xima segunda-feira (15). Clique aqui para saber mais.","breadcrumb":{"@id":"https:\/\/www.suno.com.br\/noticias\/smiles-smls3-cvm-nega-pedido-suspender-assembleia\/#breadcrumb"},"inLanguage":"pt-BR","potentialAction":[{"@type":"ReadAction","target":["https:\/\/www.suno.com.br\/noticias\/smiles-smls3-cvm-nega-pedido-suspender-assembleia\/"]}]},{"@type":"ImageObject","inLanguage":"pt-BR","@id":"https:\/\/www.suno.com.br\/noticias\/smiles-smls3-cvm-nega-pedido-suspender-assembleia\/#primaryimage","url":"https:\/\/files.sunoresearch.com.br\/n\/uploads\/2021\/01\/138eab3c-gol-jpg.webp","contentUrl":"https:\/\/files.sunoresearch.com.br\/n\/uploads\/2021\/01\/138eab3c-gol-jpg.webp","width":1024,"height":682,"caption":"Smiles (SMLS3)"},{"@type":"BreadcrumbList","@id":"https:\/\/www.suno.com.br\/noticias\/smiles-smls3-cvm-nega-pedido-suspender-assembleia\/#breadcrumb","itemListElement":[{"@type":"ListItem","position":1,"name":"Not\u00edcias","item":"https:\/\/www.suno.com.br\/noticias\/"},{"@type":"ListItem","position":2,"name":"Neg\u00f3cios","item":"https:\/\/www.suno.com.br\/noticias\/negocios\/"},{"@type":"ListItem","position":3,"name":"Smiles (SMLS3): CVM nega pedido de acionista para suspender assembleia sobre incorpora\u00e7\u00e3o"}]},{"@type":"WebSite","@id":"https:\/\/www.suno.com.br\/noticias\/#website","url":"https:\/\/www.suno.com.br\/noticias\/","name":"Suno Not\u00edcias","description":"Seu portal de informa\u00e7\u00e3o sobre o mundo dos investimentos","publisher":{"@id":"https:\/\/www.suno.com.br\/noticias\/#organization"},"potentialAction":[{"@type":"SearchAction","target":{"@type":"EntryPoint","urlTemplate":"https:\/\/www.suno.com.br\/noticias\/?s={search_term_string}"},"query-input":{"@type":"PropertyValueSpecification","valueRequired":true,"valueName":"search_term_string"}}],"inLanguage":"pt-BR"},{"@type":"Organization","@id":"https:\/\/www.suno.com.br\/noticias\/#organization","name":"Suno Not\u00edcias","url":"https:\/\/www.suno.com.br\/noticias\/","logo":{"@type":"ImageObject","inLanguage":"pt-BR","@id":"https:\/\/www.suno.com.br\/noticias\/#\/schema\/logo\/image\/","url":"https:\/\/files.sunoresearch.com.br\/n\/uploads\/2021\/09\/suno-logo.png","contentUrl":"https:\/\/files.sunoresearch.com.br\/n\/uploads\/2021\/09\/suno-logo.png","width":180,"height":180,"caption":"Suno Not\u00edcias"},"image":{"@id":"https:\/\/www.suno.com.br\/noticias\/#\/schema\/logo\/image\/"},"sameAs":["https:\/\/facebook.com\/sunoresearch","https:\/\/x.com\/sunoresearch","https:\/\/www.instagram.com\/suno","https:\/\/www.linkedin.com\/company\/suno-research\/","https:\/\/www.youtube.com\/c\/sunoresearch"]},{"@type":"Person","@id":"https:\/\/www.suno.com.br\/noticias\/#\/schema\/person\/e672ca8cea627fe715fa29bca7da95e0","name":"Rafaela La Regina","image":{"@type":"ImageObject","inLanguage":"pt-BR","@id":"https:\/\/www.suno.com.br\/noticias\/#\/schema\/person\/image\/","url":"https:\/\/secure.gravatar.com\/avatar\/d2c75a52d243deb93d0465fdcb21bd37?s=96&r=g","contentUrl":"https:\/\/secure.gravatar.com\/avatar\/d2c75a52d243deb93d0465fdcb21bd37?s=96&r=g","caption":"Rafaela La Regina"},"description":"Estagi\u00e1ria no Suno Not\u00edcias. Escreve sobre economia, pol\u00edtica e neg\u00f3cios. Estuda Rela\u00e7\u00f5es Internacionais no IBMEC-SP.","url":"https:\/\/www.suno.com.br\/noticias\/author\/rafaela-la-regina\/"}]}},"default_loop_html":"<div class=\"cardsPage__listCard__boxs\"><div class=\"cardsPage__listCard__boxs__img\"><a href=\"https:\/\/www.suno.com.br\/noticias\/smiles-smls3-cvm-nega-pedido-suspender-assembleia\/\"><img class=\"mask\" src=\"https:\/\/www.suno.com.br\/noticias\/wp-content\/themes\/suno\/resources\/images\/spotlight\/spotlight1img\/bg-mask.png\" alt=\"Image Mask\"\/><img src=\"https:\/\/files.sunoresearch.com.br\/n\/uploads\/2021\/01\/138eab3c-gol-400x200.webp\" alt=\"Smiles (SMLS3): CVM nega pedido de acionista para suspender assembleia sobre incorpora\u00e7\u00e3o\"\/><\/a><span class=\"spotlightCategory\"><a href=\"https:\/\/www.suno.com.br\/noticias\/negocios\/\">Neg\u00f3cios<\/a><\/span><\/div><div class=\"cardsPage__listCard__boxs__content\"><a href=\"https:\/\/www.suno.com.br\/noticias\/smiles-smls3-cvm-nega-pedido-suspender-assembleia\/\"><h2 class=\"content__title\">Smiles (SMLS3): CVM nega pedido de acionista para suspender assembleia sobre incorpora\u00e7\u00e3o<\/h2><\/a><div class=\"newsContent__article__meta\"><div class=\"newsContent__article__meta__authorBox\"><a href=\"https:\/\/www.suno.com.br\/noticias\/author\/rafaela-la-regina\/\" class=\"authorBox__avatar noMobi\"><img src=\"https:\/\/secure.gravatar.com\/avatar\/d2c75a52d243deb93d0465fdcb21bd37?s=96&#038;r=g\" alt=\"Rafaela La Regina\"><\/a><div class=\"authorBox__name\"><span>por\n\t\t\t<a href=\"https:\/\/www.suno.com.br\/noticias\/author\/rafaela-la-regina\/\"><span itemprop=\"author\">Rafaela La Regina<\/span><\/a><\/span><time datetime=\"2021-03-12T15:24:16-03:00\" itemprop=\"datePublished\">12\/03\/2021 15:24<\/time><\/div><\/div><\/div><\/div><\/div>","single_layout":"posts","amp_enabled":true,"_links":{"self":[{"href":"https:\/\/www.suno.com.br\/noticias\/wp-json\/wp\/v2\/posts\/131383"}],"collection":[{"href":"https:\/\/www.suno.com.br\/noticias\/wp-json\/wp\/v2\/posts"}],"about":[{"href":"https:\/\/www.suno.com.br\/noticias\/wp-json\/wp\/v2\/types\/post"}],"author":[{"embeddable":true,"href":"https:\/\/www.suno.com.br\/noticias\/wp-json\/wp\/v2\/users\/56"}],"replies":[{"embeddable":true,"href":"https:\/\/www.suno.com.br\/noticias\/wp-json\/wp\/v2\/comments?post=131383"}],"version-history":[{"count":1,"href":"https:\/\/www.suno.com.br\/noticias\/wp-json\/wp\/v2\/posts\/131383\/revisions"}],"predecessor-version":[{"id":131403,"href":"https:\/\/www.suno.com.br\/noticias\/wp-json\/wp\/v2\/posts\/131383\/revisions\/131403"}],"wp:featuredmedia":[{"embeddable":true,"href":"https:\/\/www.suno.com.br\/noticias\/wp-json\/wp\/v2\/media\/114026"}],"wp:attachment":[{"href":"https:\/\/www.suno.com.br\/noticias\/wp-json\/wp\/v2\/media?parent=131383"}],"wp:term":[{"taxonomy":"category","embeddable":true,"href":"https:\/\/www.suno.com.br\/noticias\/wp-json\/wp\/v2\/categories?post=131383"},{"taxonomy":"post_tag","embeddable":true,"href":"https:\/\/www.suno.com.br\/noticias\/wp-json\/wp\/v2\/tags?post=131383"},{"taxonomy":"suno_strategy","embeddable":true,"href":"https:\/\/www.suno.com.br\/noticias\/wp-json\/wp\/v2\/suno_strategy?post=131383"}],"curies":[{"name":"wp","href":"https:\/\/api.w.org\/{rel}","templated":true}]}}