{"id":13136,"date":"2019-01-28T12:10:03","date_gmt":"2019-01-28T14:10:03","guid":{"rendered":"https:\/\/www.suno.com.br\/noticias\/?p=13136"},"modified":"2019-01-28T12:25:30","modified_gmt":"2019-01-28T14:25:30","slug":"dodge-vale-brumadinho","status":"publish","type":"post","link":"https:\/\/www.suno.com.br\/noticias\/dodge-vale-brumadinho\/","title":{"rendered":"Dodge cogita responsabilizar executivos da Vale por caso Brumadinho"},"content":{"rendered":"<p><strong>Raquel Dodge<\/strong>, a procuradora-geral da Rep\u00fablica, declarou que\u00a0\u201c<strong>executivos<\/strong> da empresa respons\u00e1vel pela barragem\u201d, a mineradora Vale S.A. (VALE3), poder\u00e3o ser responsabilizados.\u00a0A fala de Dodge ocorreu nesta segunda-feira (28) em S\u00e3o Paulo.<\/p>\t<div class=\"wrapper-featured-image\">\n\t\t<figure class=\"spotlightImg\">\n\n\t\t\t<picture>\n\t\t\t\t<source media=\"(max-width: 768px)\" srcset=\"https:\/\/files.sunoresearch.com.br\/n\/uploads\/2019\/01\/7793f8c5-vale-400x200.webp\">\n\t\t\t\t<img loading=\"lazy\" decoding=\"async\" class=\"newsContent__article__imgCapa lazyloadDisabled newsContent__article__imgCapa--noCaption\" src=\"https:\/\/files.sunoresearch.com.br\/n\/uploads\/2019\/01\/7793f8c5-vale-800x450.webp\" width=\"800\" height=\"450\" alt=\"Dodge cogita responsabilizar executivos da Vale por caso Brumadinho\" fetchpriority=high \/>\n\t\t\t<\/picture>\n\n\t\t\t<figcaption class=\"wp-caption-text wp-caption-text--hide\">A procuradora-geral da Rep\u00fablica, Raquel Dodge. (Ag\u00eancia Brasil)<\/figcaption>\n\t\t<\/figure>\n\t<\/div>\n\n\n<p>Dodge refere-se \u00e0 <strong>trag\u00e9dia de Brumadinho<\/strong>, que ocorreu na \u00faltima sexta-feira (25). O colapso da barragem da <strong>Vale<\/strong>, da Mina C\u00f3rrego do Feij\u00e3o liberou 55 milh\u00f5es de metros c\u00fabicos (m\u00b3) de rejeitos no munic\u00edpio de Brumadinho.<\/p>\n<p><a href=\"https:\/\/www.suno.com.br\/noticias\/agu-multa-aplicada-vale-primeira\/\">Saiba mais &#8211;\u00a0AGU: multa aplicada \u00e0 Vale por brumadinho \u00e9 s\u00f3 a primeira\u00a0<\/a><\/p>\n<p>Em adendo, a procuradora-geral anunciou que\u00a0o Minist\u00e9rio P\u00fablico Federal (MPF) criou uma for\u00e7a-tarefa em Minas Gerais a fim de investigar:<\/p>\n<ul>\n<li>os danos ambientais;<\/li>\n<li>responsabilidade penal;<\/li>\n<li>responsabilidade c\u00edvel;<\/li>\n<li>e responsabilidade administrativa do rompimento da barragem de Brumadinho.<\/li>\n<\/ul>\n<p>At\u00e9 o momento da publica\u00e7\u00e3o, a confirma\u00e7\u00e3o era de:<\/p>\n<ul>\n<li>60 mortos; dos quais 19 foram identificados.<\/li>\n<li>305 pessoas desaparecidas.<\/li>\n<li>192 pessoas resgatadas com vida.<\/li>\n<\/ul>\n<p><a href=\"https:\/\/www.suno.com.br\/noticias\/vale-dividendos-jcps\/\">Saiba mais &#8211;\u00a0Vale determina suspens\u00e3o de pagamento de dividendos e JCPs\u00a0<\/a><\/p>\n<p>\u201cEm primeiro lugar, devemos tratar da responsabilidade do tocante \u00e0 <strong>indeniza\u00e7\u00e3o<\/strong> das fam\u00edlias. As fam\u00edlias est\u00e3o muito preocupadas com os entes queridos. \u00c9 preciso localiz\u00e1-los, dar certeza sobre o <strong>paradeiro<\/strong> de cada um, mas \u00e9 preciso tamb\u00e9m que elas tenham algum tipo de <strong>socorro<\/strong>. Muitos perderam o modo de <strong>trabalho<\/strong>, o modo de financiamento de suas vidas&#8221;, disse Dodge.<\/p>\n<p>&#8220;Tamb\u00e9m \u00e9 preciso ter uma responsabilidade s\u00e9ria do ponto de vista indenizat\u00f3rio da empresa que deu causa a este desastre e tamb\u00e9m promover a persecu\u00e7\u00e3o penal de pessoas e indiv\u00edduos, que precisam ser <strong>responsabilizados<\/strong> por esta falha\u201d.<\/p>\n<p><a href=\"https:\/\/www.suno.com.br\/noticias\/vale-dividendos-jcps\/\">Saiba mais &#8211;\u00a0Confira a an\u00e1lise da Suno Research sobre a\u00e7\u00f5es da Vale ap\u00f3s Brumadinho<\/a><\/p>\n<p><a href=\"https:\/\/www.suno.com.br\/noticias\/vale-45-caixa-bloqueado-justica\/\">Saiba mais &#8211;\u00a0Vale tem 45% de seu caixa bloqueado pela Justi\u00e7a\u00a0<\/a><\/p>\n<p>\u201cO que n\u00f3s queremos \u00e9 dar uma resposta muito mais <strong>c\u00e9lere<\/strong> do que conseguimos dar no casos anteriores. Existe um <strong>culpado<\/strong>, e mais de um culpado. Me parece que h\u00e1 uma cadeia de responsabilidades a ser esclarecida e bem definida para que todos os envolvidos neste caso sejam efetivamente <strong>responsabilizados<\/strong>\u201d, completou a procuradora-geral.<\/p>\n<p>Raquel Dodge sinalizou que, como presidente do Conselho Nacional do Minist\u00e9rio P\u00fablico (CNMP), ter\u00e1 uma reuni\u00e3o o ministro Jos\u00e9 Dias Toffoli, o presidente do Supremo Tribunal Federal (STF).<\/p>\n<p>\u201cA reuni\u00e3o \u00e9 para que possamos definir prioridade do MP e do Judici\u00e1rio para tratar todas as a\u00e7\u00f5es e medidas pendentes e responsabilidade dos infratores\u201d, contou Dodge.<\/p>\n<p><a href=\"https:\/\/www.suno.com.br\/noticias\/fundacao-renova-mariana-samarco\/\">Saiba mais &#8211;\u00a0BHP disponibilizar\u00e1 R$ 1,9 bilh\u00e3o \u00e0 Funda\u00e7\u00e3o Renova e Samarco <\/a><\/p>\n<h2>Protocolo de seguran\u00e7a<\/h2>\n<p>A procuradora-geral tamb\u00e9m defendeu a revis\u00e3o no protocolo de preven\u00e7\u00e3o e de seguran\u00e7a de barragens, a fim de evitar novas trag\u00e9dias.<\/p>\n<p>\u201cEste \u00e9 o papel de protocolo de preven\u00e7\u00e3o e precisamos saber se o protocolo de preven\u00e7\u00e3o de <strong>Brumadinho<\/strong>, de <strong>Mariana<\/strong> e de todas as demais barragens do Brasil realmente atestam [o que dizem]\u201d, destacou Dodge.<\/p>\n<p>\u201c\u00c9 um drama, uma <strong>trag\u00e9dia<\/strong> evit\u00e1vel e \u00e9 importante que trabalhemos tamb\u00e9m na mudan\u00e7a do protocolo de seguran\u00e7a das barragens. H\u00e1, em Minas Gerais, 700 <strong>barragens<\/strong>, todas elas avaliadas j\u00e1 em algum grau de <strong>risco<\/strong>, e precisamos saber se esta avalia\u00e7\u00e3o corresponde \u00e0 realidade, precisamos ter um protocolo cient\u00edfico que d\u00ea <strong>seguran\u00e7a<\/strong> a esta an\u00e1lise, se n\u00e3o \u00e9 preciso mudar este protocolo&#8221;.<\/p>\n<p>Em 5 de novembro de 2015, houve o colapso da barragem do Fund\u00e3o da mineradora Samarco, no munic\u00edpio de <strong>Mariana<\/strong>. Com 19 mortos, o preju\u00edzo humano foi menor em Mariana; mas os danos ambientais foram maiores.<\/p>\n<p>A Samarco \u00e9 uma <a href=\"https:\/\/www.suno.com.br\/artigos\/joint-venture\/\">joint-venture<\/a> controlada pela <strong>Vale<\/strong> e pela BHP Billiton. Cada uma possui 50% do controle das atividades da empresa conjunta.<\/p>\n","protected":false},"excerpt":{"rendered":"<p>Raquel Dodge, a procuradora-geral da Rep\u00fablica, declarou que\u00a0\u201cexecutivos da empresa respons\u00e1vel pela barragem\u201d, a mineradora Vale S.A. (VALE3), poder\u00e3o ser responsabilizados.\u00a0A fala de Dodge ocorreu nesta segunda-feira (28) em S\u00e3o Paulo. A procuradora-geral da Rep\u00fablica, Raquel Dodge. (Ag\u00eancia Brasil) Dodge refere-se \u00e0 trag\u00e9dia de Brumadinho, que ocorreu na \u00faltima sexta-feira (25). O colapso da barragem [&hellip;]<\/p>\n","protected":false},"author":12,"featured_media":13137,"comment_status":"closed","ping_status":"closed","sticky":false,"template":"","format":"standard","meta":[],"categories":[64],"tags":[676],"suno_strategy":[],"class_list":["post-13136","post","type-post","status-publish","format-standard","has-post-thumbnail","hentry","category-negocios","tag-vale-vale3"],"yoast_head":"<!-- This site is optimized with the Yoast SEO plugin v24.4 - https:\/\/yoast.com\/wordpress\/plugins\/seo\/ -->\n<title>Dodge cogita responsabilizar executivos da Vale por caso Brumadinho<\/title>\n<meta name=\"description\" content=\"Dodge disse que\u00a0\u201cexecutivos da empresa respons\u00e1vel pela barragem\u201d, a mineradora Vale, poder\u00e3o ser responsabilizados. Clique para saber mais.\" \/>\n<meta name=\"robots\" content=\"index, follow, max-snippet:-1, max-image-preview:large, max-video-preview:-1\" \/>\n<link rel=\"canonical\" href=\"https:\/\/www.suno.com.br\/noticias\/dodge-vale-brumadinho\/\" \/>\n<meta property=\"og:locale\" content=\"pt_BR\" \/>\n<meta property=\"og:type\" content=\"article\" \/>\n<meta property=\"og:title\" content=\"Dodge cogita responsabilizar executivos da Vale por caso Brumadinho\" \/>\n<meta property=\"og:description\" content=\"Dodge disse que\u00a0\u201cexecutivos da empresa respons\u00e1vel pela barragem\u201d, a mineradora Vale, poder\u00e3o ser responsabilizados. Clique para saber mais.\" \/>\n<meta property=\"og:url\" content=\"https:\/\/www.suno.com.br\/noticias\/dodge-vale-brumadinho\/\" \/>\n<meta property=\"og:site_name\" content=\"Suno Not\u00edcias\" \/>\n<meta property=\"article:publisher\" content=\"https:\/\/facebook.com\/sunoresearch\" \/>\n<meta property=\"og:image\" content=\"https:\/\/files.sunoresearch.com.br\/n\/uploads\/2019\/01\/7793f8c5-vale.jpg\" \/>\n\t<meta property=\"og:image:width\" content=\"1140\" \/>\n\t<meta property=\"og:image:height\" content=\"760\" \/>\n\t<meta property=\"og:image:type\" content=\"image\/jpeg\" \/>\n<meta name=\"author\" content=\"Amanda Gushiken\" \/>\n<meta name=\"twitter:card\" content=\"summary_large_image\" \/>\n<meta name=\"twitter:creator\" content=\"@sunoresearch\" \/>\n<meta name=\"twitter:site\" content=\"@sunoresearch\" \/>\n<meta name=\"twitter:label1\" content=\"Escrito por\" \/>\n\t<meta name=\"twitter:data1\" content=\"Amanda Gushiken\" \/>\n\t<meta name=\"twitter:label2\" content=\"Est. tempo de leitura\" \/>\n\t<meta name=\"twitter:data2\" content=\"3 minutos\" \/>\n<script type=\"application\/ld+json\" class=\"yoast-schema-graph\">{\"@context\":\"https:\/\/schema.org\",\"@graph\":[{\"@type\":\"NewsArticle\",\"@id\":\"https:\/\/www.suno.com.br\/noticias\/dodge-vale-brumadinho\/#article\",\"isPartOf\":{\"@id\":\"https:\/\/www.suno.com.br\/noticias\/dodge-vale-brumadinho\/\"},\"author\":{\"name\":\"Amanda Gushiken\",\"@id\":\"https:\/\/www.suno.com.br\/noticias\/#\/schema\/person\/a5b06fa4e879d8e8e119c6ed3cd630d1\"},\"headline\":\"Dodge cogita responsabilizar executivos da Vale por caso Brumadinho\",\"datePublished\":\"2019-01-28T14:10:03+00:00\",\"dateModified\":\"2019-01-28T14:25:30+00:00\",\"mainEntityOfPage\":{\"@id\":\"https:\/\/www.suno.com.br\/noticias\/dodge-vale-brumadinho\/\"},\"wordCount\":624,\"publisher\":{\"@id\":\"https:\/\/www.suno.com.br\/noticias\/#organization\"},\"image\":{\"@id\":\"https:\/\/www.suno.com.br\/noticias\/dodge-vale-brumadinho\/#primaryimage\"},\"thumbnailUrl\":\"https:\/\/files.sunoresearch.com.br\/n\/uploads\/2019\/01\/7793f8c5-vale-jpg.webp\",\"keywords\":[\"Vale (VALE3)\"],\"articleSection\":[\"Neg\u00f3cios\"],\"inLanguage\":\"pt-BR\"},{\"@type\":\"WebPage\",\"@id\":\"https:\/\/www.suno.com.br\/noticias\/dodge-vale-brumadinho\/\",\"url\":\"https:\/\/www.suno.com.br\/noticias\/dodge-vale-brumadinho\/\",\"name\":\"Dodge cogita responsabilizar executivos da Vale por caso Brumadinho\",\"isPartOf\":{\"@id\":\"https:\/\/www.suno.com.br\/noticias\/#website\"},\"primaryImageOfPage\":{\"@id\":\"https:\/\/www.suno.com.br\/noticias\/dodge-vale-brumadinho\/#primaryimage\"},\"image\":{\"@id\":\"https:\/\/www.suno.com.br\/noticias\/dodge-vale-brumadinho\/#primaryimage\"},\"thumbnailUrl\":\"https:\/\/files.sunoresearch.com.br\/n\/uploads\/2019\/01\/7793f8c5-vale-jpg.webp\",\"datePublished\":\"2019-01-28T14:10:03+00:00\",\"dateModified\":\"2019-01-28T14:25:30+00:00\",\"description\":\"Dodge disse que\u00a0\u201cexecutivos da empresa respons\u00e1vel pela barragem\u201d, a mineradora Vale, poder\u00e3o ser responsabilizados. Clique para saber mais.\",\"breadcrumb\":{\"@id\":\"https:\/\/www.suno.com.br\/noticias\/dodge-vale-brumadinho\/#breadcrumb\"},\"inLanguage\":\"pt-BR\",\"potentialAction\":[{\"@type\":\"ReadAction\",\"target\":[\"https:\/\/www.suno.com.br\/noticias\/dodge-vale-brumadinho\/\"]}]},{\"@type\":\"ImageObject\",\"inLanguage\":\"pt-BR\",\"@id\":\"https:\/\/www.suno.com.br\/noticias\/dodge-vale-brumadinho\/#primaryimage\",\"url\":\"https:\/\/files.sunoresearch.com.br\/n\/uploads\/2019\/01\/7793f8c5-vale-jpg.webp\",\"contentUrl\":\"https:\/\/files.sunoresearch.com.br\/n\/uploads\/2019\/01\/7793f8c5-vale-jpg.webp\",\"width\":1140,\"height\":760,\"caption\":\"A procuradora-geral da Rep\u00fablica, Raquel Dodge. (Ag\u00eancia Brasil)\"},{\"@type\":\"BreadcrumbList\",\"@id\":\"https:\/\/www.suno.com.br\/noticias\/dodge-vale-brumadinho\/#breadcrumb\",\"itemListElement\":[{\"@type\":\"ListItem\",\"position\":1,\"name\":\"Not\u00edcias\",\"item\":\"https:\/\/www.suno.com.br\/noticias\/\"},{\"@type\":\"ListItem\",\"position\":2,\"name\":\"Neg\u00f3cios\",\"item\":\"https:\/\/www.suno.com.br\/noticias\/negocios\/\"},{\"@type\":\"ListItem\",\"position\":3,\"name\":\"Dodge cogita responsabilizar executivos da Vale por caso Brumadinho\"}]},{\"@type\":\"WebSite\",\"@id\":\"https:\/\/www.suno.com.br\/noticias\/#website\",\"url\":\"https:\/\/www.suno.com.br\/noticias\/\",\"name\":\"Suno Not\u00edcias\",\"description\":\"Seu portal de informa\u00e7\u00e3o sobre o mundo dos investimentos\",\"publisher\":{\"@id\":\"https:\/\/www.suno.com.br\/noticias\/#organization\"},\"potentialAction\":[{\"@type\":\"SearchAction\",\"target\":{\"@type\":\"EntryPoint\",\"urlTemplate\":\"https:\/\/www.suno.com.br\/noticias\/?s={search_term_string}\"},\"query-input\":{\"@type\":\"PropertyValueSpecification\",\"valueRequired\":true,\"valueName\":\"search_term_string\"}}],\"inLanguage\":\"pt-BR\"},{\"@type\":\"Organization\",\"@id\":\"https:\/\/www.suno.com.br\/noticias\/#organization\",\"name\":\"Suno Not\u00edcias\",\"url\":\"https:\/\/www.suno.com.br\/noticias\/\",\"logo\":{\"@type\":\"ImageObject\",\"inLanguage\":\"pt-BR\",\"@id\":\"https:\/\/www.suno.com.br\/noticias\/#\/schema\/logo\/image\/\",\"url\":\"https:\/\/files.sunoresearch.com.br\/n\/uploads\/2021\/09\/suno-logo.png\",\"contentUrl\":\"https:\/\/files.sunoresearch.com.br\/n\/uploads\/2021\/09\/suno-logo.png\",\"width\":180,\"height\":180,\"caption\":\"Suno Not\u00edcias\"},\"image\":{\"@id\":\"https:\/\/www.suno.com.br\/noticias\/#\/schema\/logo\/image\/\"},\"sameAs\":[\"https:\/\/facebook.com\/sunoresearch\",\"https:\/\/x.com\/sunoresearch\",\"https:\/\/www.instagram.com\/suno\",\"https:\/\/www.linkedin.com\/company\/suno-research\/\",\"https:\/\/www.youtube.com\/c\/sunoresearch\"]},{\"@type\":\"Person\",\"@id\":\"https:\/\/www.suno.com.br\/noticias\/#\/schema\/person\/a5b06fa4e879d8e8e119c6ed3cd630d1\",\"name\":\"Amanda Gushiken\",\"image\":{\"@type\":\"ImageObject\",\"inLanguage\":\"pt-BR\",\"@id\":\"https:\/\/www.suno.com.br\/noticias\/#\/schema\/person\/image\/\",\"url\":\"https:\/\/secure.gravatar.com\/avatar\/ecd84705e6b65e3685ae80d725501fbe?s=96&r=g\",\"contentUrl\":\"https:\/\/secure.gravatar.com\/avatar\/ecd84705e6b65e3685ae80d725501fbe?s=96&r=g\",\"caption\":\"Amanda Gushiken\"},\"description\":\"Amanda Sayuri Gushiken escreve sobre finan\u00e7as e neg\u00f3cios para o portal Suno Not\u00edcias. Antes, trabalhou selecionando not\u00edcias da imprensa para clientes do mercado financeiro. Tamb\u00e9m desenvolveu pesquisa acad\u00eamica pela Universidade Anhembi Morumbi na \u00e1rea de Teorias da Comunica\u00e7\u00e3o e \u00e9 fot\u00f3grafa nas horas vagas.\",\"url\":\"https:\/\/www.suno.com.br\/noticias\/author\/amanda\/\"}]}<\/script>\n<!-- \/ Yoast SEO plugin. -->","yoast_head_json":{"title":"Dodge cogita responsabilizar executivos da Vale por caso Brumadinho","description":"Dodge disse que\u00a0\u201cexecutivos da empresa respons\u00e1vel pela barragem\u201d, a mineradora Vale, poder\u00e3o ser responsabilizados. Clique para saber mais.","robots":{"index":"index","follow":"follow","max-snippet":"max-snippet:-1","max-image-preview":"max-image-preview:large","max-video-preview":"max-video-preview:-1"},"canonical":"https:\/\/www.suno.com.br\/noticias\/dodge-vale-brumadinho\/","og_locale":"pt_BR","og_type":"article","og_title":"Dodge cogita responsabilizar executivos da Vale por caso Brumadinho","og_description":"Dodge disse que\u00a0\u201cexecutivos da empresa respons\u00e1vel pela barragem\u201d, a mineradora Vale, poder\u00e3o ser responsabilizados. Clique para saber mais.","og_url":"https:\/\/www.suno.com.br\/noticias\/dodge-vale-brumadinho\/","og_site_name":"Suno Not\u00edcias","article_publisher":"https:\/\/facebook.com\/sunoresearch","og_image":[{"width":1140,"height":760,"url":"https:\/\/files.sunoresearch.com.br\/n\/uploads\/2019\/01\/7793f8c5-vale.jpg","type":"image\/jpeg"}],"author":"Amanda Gushiken","twitter_card":"summary_large_image","twitter_creator":"@sunoresearch","twitter_site":"@sunoresearch","twitter_misc":{"Escrito por":"Amanda Gushiken","Est. tempo de leitura":"3 minutos"},"schema":{"@context":"https:\/\/schema.org","@graph":[{"@type":"NewsArticle","@id":"https:\/\/www.suno.com.br\/noticias\/dodge-vale-brumadinho\/#article","isPartOf":{"@id":"https:\/\/www.suno.com.br\/noticias\/dodge-vale-brumadinho\/"},"author":{"name":"Amanda Gushiken","@id":"https:\/\/www.suno.com.br\/noticias\/#\/schema\/person\/a5b06fa4e879d8e8e119c6ed3cd630d1"},"headline":"Dodge cogita responsabilizar executivos da Vale por caso Brumadinho","datePublished":"2019-01-28T14:10:03+00:00","dateModified":"2019-01-28T14:25:30+00:00","mainEntityOfPage":{"@id":"https:\/\/www.suno.com.br\/noticias\/dodge-vale-brumadinho\/"},"wordCount":624,"publisher":{"@id":"https:\/\/www.suno.com.br\/noticias\/#organization"},"image":{"@id":"https:\/\/www.suno.com.br\/noticias\/dodge-vale-brumadinho\/#primaryimage"},"thumbnailUrl":"https:\/\/files.sunoresearch.com.br\/n\/uploads\/2019\/01\/7793f8c5-vale-jpg.webp","keywords":["Vale (VALE3)"],"articleSection":["Neg\u00f3cios"],"inLanguage":"pt-BR"},{"@type":"WebPage","@id":"https:\/\/www.suno.com.br\/noticias\/dodge-vale-brumadinho\/","url":"https:\/\/www.suno.com.br\/noticias\/dodge-vale-brumadinho\/","name":"Dodge cogita responsabilizar executivos da Vale por caso Brumadinho","isPartOf":{"@id":"https:\/\/www.suno.com.br\/noticias\/#website"},"primaryImageOfPage":{"@id":"https:\/\/www.suno.com.br\/noticias\/dodge-vale-brumadinho\/#primaryimage"},"image":{"@id":"https:\/\/www.suno.com.br\/noticias\/dodge-vale-brumadinho\/#primaryimage"},"thumbnailUrl":"https:\/\/files.sunoresearch.com.br\/n\/uploads\/2019\/01\/7793f8c5-vale-jpg.webp","datePublished":"2019-01-28T14:10:03+00:00","dateModified":"2019-01-28T14:25:30+00:00","description":"Dodge disse que\u00a0\u201cexecutivos da empresa respons\u00e1vel pela barragem\u201d, a mineradora Vale, poder\u00e3o ser responsabilizados. Clique para saber mais.","breadcrumb":{"@id":"https:\/\/www.suno.com.br\/noticias\/dodge-vale-brumadinho\/#breadcrumb"},"inLanguage":"pt-BR","potentialAction":[{"@type":"ReadAction","target":["https:\/\/www.suno.com.br\/noticias\/dodge-vale-brumadinho\/"]}]},{"@type":"ImageObject","inLanguage":"pt-BR","@id":"https:\/\/www.suno.com.br\/noticias\/dodge-vale-brumadinho\/#primaryimage","url":"https:\/\/files.sunoresearch.com.br\/n\/uploads\/2019\/01\/7793f8c5-vale-jpg.webp","contentUrl":"https:\/\/files.sunoresearch.com.br\/n\/uploads\/2019\/01\/7793f8c5-vale-jpg.webp","width":1140,"height":760,"caption":"A procuradora-geral da Rep\u00fablica, Raquel Dodge. (Ag\u00eancia Brasil)"},{"@type":"BreadcrumbList","@id":"https:\/\/www.suno.com.br\/noticias\/dodge-vale-brumadinho\/#breadcrumb","itemListElement":[{"@type":"ListItem","position":1,"name":"Not\u00edcias","item":"https:\/\/www.suno.com.br\/noticias\/"},{"@type":"ListItem","position":2,"name":"Neg\u00f3cios","item":"https:\/\/www.suno.com.br\/noticias\/negocios\/"},{"@type":"ListItem","position":3,"name":"Dodge cogita responsabilizar executivos da Vale por caso Brumadinho"}]},{"@type":"WebSite","@id":"https:\/\/www.suno.com.br\/noticias\/#website","url":"https:\/\/www.suno.com.br\/noticias\/","name":"Suno Not\u00edcias","description":"Seu portal de informa\u00e7\u00e3o sobre o mundo dos investimentos","publisher":{"@id":"https:\/\/www.suno.com.br\/noticias\/#organization"},"potentialAction":[{"@type":"SearchAction","target":{"@type":"EntryPoint","urlTemplate":"https:\/\/www.suno.com.br\/noticias\/?s={search_term_string}"},"query-input":{"@type":"PropertyValueSpecification","valueRequired":true,"valueName":"search_term_string"}}],"inLanguage":"pt-BR"},{"@type":"Organization","@id":"https:\/\/www.suno.com.br\/noticias\/#organization","name":"Suno Not\u00edcias","url":"https:\/\/www.suno.com.br\/noticias\/","logo":{"@type":"ImageObject","inLanguage":"pt-BR","@id":"https:\/\/www.suno.com.br\/noticias\/#\/schema\/logo\/image\/","url":"https:\/\/files.sunoresearch.com.br\/n\/uploads\/2021\/09\/suno-logo.png","contentUrl":"https:\/\/files.sunoresearch.com.br\/n\/uploads\/2021\/09\/suno-logo.png","width":180,"height":180,"caption":"Suno Not\u00edcias"},"image":{"@id":"https:\/\/www.suno.com.br\/noticias\/#\/schema\/logo\/image\/"},"sameAs":["https:\/\/facebook.com\/sunoresearch","https:\/\/x.com\/sunoresearch","https:\/\/www.instagram.com\/suno","https:\/\/www.linkedin.com\/company\/suno-research\/","https:\/\/www.youtube.com\/c\/sunoresearch"]},{"@type":"Person","@id":"https:\/\/www.suno.com.br\/noticias\/#\/schema\/person\/a5b06fa4e879d8e8e119c6ed3cd630d1","name":"Amanda Gushiken","image":{"@type":"ImageObject","inLanguage":"pt-BR","@id":"https:\/\/www.suno.com.br\/noticias\/#\/schema\/person\/image\/","url":"https:\/\/secure.gravatar.com\/avatar\/ecd84705e6b65e3685ae80d725501fbe?s=96&r=g","contentUrl":"https:\/\/secure.gravatar.com\/avatar\/ecd84705e6b65e3685ae80d725501fbe?s=96&r=g","caption":"Amanda Gushiken"},"description":"Amanda Sayuri Gushiken escreve sobre finan\u00e7as e neg\u00f3cios para o portal Suno Not\u00edcias. Antes, trabalhou selecionando not\u00edcias da imprensa para clientes do mercado financeiro. Tamb\u00e9m desenvolveu pesquisa acad\u00eamica pela Universidade Anhembi Morumbi na \u00e1rea de Teorias da Comunica\u00e7\u00e3o e \u00e9 fot\u00f3grafa nas horas vagas.","url":"https:\/\/www.suno.com.br\/noticias\/author\/amanda\/"}]}},"default_loop_html":"<div class=\"cardsPage__listCard__boxs\"><div class=\"cardsPage__listCard__boxs__img\"><a href=\"https:\/\/www.suno.com.br\/noticias\/dodge-vale-brumadinho\/\"><img class=\"mask\" src=\"https:\/\/www.suno.com.br\/noticias\/wp-content\/themes\/suno\/resources\/images\/spotlight\/spotlight1img\/bg-mask.png\" alt=\"Image Mask\"\/><img src=\"https:\/\/files.sunoresearch.com.br\/n\/uploads\/2019\/01\/7793f8c5-vale-400x200.webp\" alt=\"Dodge cogita responsabilizar executivos da Vale por caso Brumadinho\"\/><\/a><span class=\"spotlightCategory\"><a href=\"https:\/\/www.suno.com.br\/noticias\/negocios\/\">Neg\u00f3cios<\/a><\/span><\/div><div class=\"cardsPage__listCard__boxs__content\"><a href=\"https:\/\/www.suno.com.br\/noticias\/dodge-vale-brumadinho\/\"><h2 class=\"content__title\">Dodge cogita responsabilizar executivos da Vale por caso Brumadinho<\/h2><\/a><div class=\"newsContent__article__meta\"><div class=\"newsContent__article__meta__authorBox\"><a href=\"https:\/\/www.suno.com.br\/noticias\/author\/amanda\/\" class=\"authorBox__avatar noMobi\"><img src=\"https:\/\/files.sunoresearch.com.br\/n\/uploads\/2018\/11\/c6ad30be-amanda-150x150.webp\" alt=\"Amanda Gushiken\"><\/a><div class=\"authorBox__name\"><span>por\n\t\t\t<a href=\"https:\/\/www.suno.com.br\/noticias\/author\/amanda\/\"><span itemprop=\"author\">Amanda Gushiken<\/span><\/a><\/span><time datetime=\"2019-01-28T12:10:03-02:00\" itemprop=\"datePublished\">28\/01\/2019 12:10<\/time><\/div><\/div><\/div><\/div><\/div>","single_layout":"posts","amp_enabled":true,"_links":{"self":[{"href":"https:\/\/www.suno.com.br\/noticias\/wp-json\/wp\/v2\/posts\/13136"}],"collection":[{"href":"https:\/\/www.suno.com.br\/noticias\/wp-json\/wp\/v2\/posts"}],"about":[{"href":"https:\/\/www.suno.com.br\/noticias\/wp-json\/wp\/v2\/types\/post"}],"author":[{"embeddable":true,"href":"https:\/\/www.suno.com.br\/noticias\/wp-json\/wp\/v2\/users\/12"}],"replies":[{"embeddable":true,"href":"https:\/\/www.suno.com.br\/noticias\/wp-json\/wp\/v2\/comments?post=13136"}],"version-history":[{"count":0,"href":"https:\/\/www.suno.com.br\/noticias\/wp-json\/wp\/v2\/posts\/13136\/revisions"}],"wp:featuredmedia":[{"embeddable":true,"href":"https:\/\/www.suno.com.br\/noticias\/wp-json\/wp\/v2\/media\/13137"}],"wp:attachment":[{"href":"https:\/\/www.suno.com.br\/noticias\/wp-json\/wp\/v2\/media?parent=13136"}],"wp:term":[{"taxonomy":"category","embeddable":true,"href":"https:\/\/www.suno.com.br\/noticias\/wp-json\/wp\/v2\/categories?post=13136"},{"taxonomy":"post_tag","embeddable":true,"href":"https:\/\/www.suno.com.br\/noticias\/wp-json\/wp\/v2\/tags?post=13136"},{"taxonomy":"suno_strategy","embeddable":true,"href":"https:\/\/www.suno.com.br\/noticias\/wp-json\/wp\/v2\/suno_strategy?post=13136"}],"curies":[{"name":"wp","href":"https:\/\/api.w.org\/{rel}","templated":true}]}}