{"id":131323,"date":"2021-03-12T15:03:46","date_gmt":"2021-03-12T18:03:46","guid":{"rendered":"https:\/\/www.suno.com.br\/noticias\/?p=131323"},"modified":"2021-05-10T14:03:22","modified_gmt":"2021-05-10T17:03:22","slug":"smiles-smls3-minoritarios-contestam-gol-goll4","status":"publish","type":"post","link":"https:\/\/www.suno.com.br\/noticias\/smiles-smls3-minoritarios-contestam-gol-goll4\/","title":{"rendered":"Smiles (SMLS3): minorit\u00e1rios contestam laudo e buscam maior valor por sa\u00edda"},"content":{"rendered":"<p>O debate sobre a disputa pela incorpora\u00e7\u00e3o da <a href=\"https:\/\/www.suno.com.br\/acoes\/smls3\/\"><strong>Smiles<\/strong> (SMLS3)<\/a> pela <a href=\"https:\/\/www.suno.com.br\/acoes\/goll4\/\">Gol (GOLL4)<\/a> \u00e9 travado sobre uma grande quest\u00e3o. Para os minorit\u00e1rios, que se posicionam de maneira contr\u00e1ria ao neg\u00f3cio, o valor oferecido pela companhia a\u00e9rea pela empresa de milhagem est\u00e1 muito aqu\u00e9m do real e \u00e9 baseado em um laudo que n\u00e3o teria reconhecido o valor futuro da Smiles.<\/p>\t<div class=\"wrapper-featured-image\">\n\t\t<figure class=\"spotlightImg\">\n\n\t\t\t<picture>\n\t\t\t\t<source media=\"(max-width: 768px)\" srcset=\"https:\/\/files.sunoresearch.com.br\/n\/uploads\/2021\/03\/cfd99b06-smiles-300x205-1-png.webp\">\n\t\t\t\t<img loading=\"lazy\" decoding=\"async\" class=\"newsContent__article__imgCapa lazyloadDisabled \" src=\"https:\/\/files.sunoresearch.com.br\/n\/uploads\/2021\/03\/cfd99b06-smiles-300x205-1-png.webp\" width=\"800\" height=\"450\" alt=\"Smiles (SMLS3): minorit\u00e1rios contestam laudo e buscam maior valor por sa\u00edda\" fetchpriority=high \/>\n\t\t\t<\/picture>\n\n\t\t\t<figcaption class=\"wp-caption-text wp-caption-text--show\">Exclusivo: Smiles (SMLS3) tem valor 100% maior do que Gol (GOLL4) oferece, mostra documento<\/figcaption>\n\t\t<\/figure>\n\t<\/div>\n\n\n\t<p>\n\t\t<a href=\"https:\/\/lp.suno.com.br\/planilha-controle-gastos\/\" target=\"_blank\" data-element=\"shortcode-suno-banner\" title=\"Banner SUNO, clique e saiba mais\">\n\t\t\t<picture>\n\t\t\t\t<source media=\"(max-width: 500px)\" srcset=\"https:\/\/files.sunoresearch.com.br\/n\/uploads\/2023\/03\/400x300-Planilha-controle-de-gastos.png\">\n\t\t\t\t<img class=\"newsContent__article__imgCapa newsContent__article__imgCapa--banner\"\n\t\t\t\t\tsrc=\"https:\/\/files.sunoresearch.com.br\/n\/uploads\/2023\/03\/1420x240-Planilha-controle-de-gastos.png\"\n\t\t\t\t\tdata-promo-id=\"101751\"\t\t\t\t\t\t\t\t\t\twidth='1420' height='240'\t\t\t\t\talt=\"https:\/\/files.sunoresearch.com.br\/n\/uploads\/2023\/03\/1420x240-Planilha-controle-de-gastos.png\"\n\t\t\t\t>\n\t\t\t<\/picture>\n\t\t<\/a>\n\t<\/p>\n\n\n<p>Segundo fontes ouvidas pelo <strong>SUNO Not\u00edcias<\/strong>, hoje, \u00e9 esse debate que trava qualquer possibilidade de os minorit\u00e1rios votarem pela incorpora\u00e7\u00e3o na <a href=\"https:\/\/www.suno.com.br\/artigos\/assembleia-geral-extraordinaria\/\"><strong>Assembleia Geral Extraordin\u00e1ria (AGE)<\/strong><\/a> do pr\u00f3ximo dia 15 e a situa\u00e7\u00e3o s\u00f3 deve ser alterada caso a Gol apresente uma melhoria substancial na proposta.<\/p>\n<p>&#8220;\u00c9 uma quest\u00e3o de valor e risco. A Smiles vale muito mais que o valor proposto, tanto em bases relativas como absolutas. [Nesta proposta], a Gol est\u00e1 querendo adquirir a Smiles praticamente de gra\u00e7a&#8221;, disse um acionista minorit\u00e1rio da companhia de milhagem, em condi\u00e7\u00e3o de anonimato.<\/p>\n<p><a href=\"https:\/\/lp.suno.com.br\/suno-one\/\">Suno One: acesse gratuitamente eBooks, Minicursos, Artigos e V\u00eddeo Aulas sobre investimentos com um \u00fanico cadastro. Clique para saber mais!<\/a><\/p>\n<p>A proposta oferecida pela Gol prev\u00ea que cada acionista da Smiles receba R$ 22,32 por a\u00e7\u00e3o da Smiles ou 0,825 a\u00e7\u00e3o preferencial da Gol. E \u00e9 preciso aceitar uma combina\u00e7\u00e3o das duas formas &#8212; a\u00e7\u00f5es e dinheiro. Como a companhia a\u00e9rea j\u00e1 possui cerca de 52% das a\u00e7\u00f5es, o montante aos minorit\u00e1rios seria de cerca de R$ 1,33 bilh\u00e3o.<\/p>\n<p>Tal proposta \u00e9 baseada em um laudo da empresa Apsis. Nele, a consultoria aponta que a Smiles ter\u00e1 uma <strong><a href=\"https:\/\/www.suno.com.br\/artigos\/ebitda\/\">margem Ebtida<\/a><\/strong> de 21% em 2034, gra\u00e7as ao aumento de despesas com o aumento de pessoal e servi\u00e7os de TI, principalmente. Atualmente, o indicador \u00e9 de 34%.<\/p>\n<p>Para os minorit\u00e1rios, por\u00e9m, a avalia\u00e7\u00e3o \u00e9 irreal mesmo para o pior ano da hist\u00f3ria da Smiles, que tamb\u00e9m foi atingida pela crise causada pelo novo <strong>coronav\u00edrus (covid-19).<\/strong><\/p>\n<p>&#8220;A Smiles vale muito mais que o valor proposto, tanto em bases relativas como absolutas. Esse laudo coloca a Smiles com <strong>margem Ebtida <\/strong>de 20%. No pior ano da vida dela, no ano passado, a Smiles deu 45% de margem Ebitda&#8221;, disse a fonte, em condi\u00e7\u00e3o de anonimato.<\/p>\n<p>O c\u00e1lculo espremeu a avalia\u00e7\u00e3o futura da Smiles e fez com que a empresa fosse avaliada em cerca de R$ 15 bilh\u00f5es -montante abaixo do esperado pelos minorit\u00e1rios e que serviu de baliza para a proposta apresentada pela Gol.<\/p>\n<p>J\u00e1 para Vladimir Timerman, gestor da Esh Capital, a Apsis, na avalia\u00e7\u00e3o, omitiu a avalia\u00e7\u00e3o que a pr\u00f3pria Smiles teria feito mostrando um valuation maior do que o atual. A Esh Capital, por meio do fundo Samba Theta, possui cerca 1,54% das a\u00e7\u00f5es ordin\u00e1rias da Smiles.<\/p>\n<p>&#8220;[A Apsis] n\u00e3o realizou a avalia\u00e7\u00e3o de acordo com o escopo definido no pr\u00f3prio contrato, tendo omitido a avalia\u00e7\u00e3o exclusiva da Smiles pelo crit\u00e9rio de <strong><a href=\"https:\/\/www.suno.com.br\/artigos\/fluxo-de-caixa-descontado\/\">fluxo de caixa descontado<\/a><\/strong>&#8220;, afirmou. Essa avalia\u00e7\u00e3o n\u00e3o foi apresentada aos minorit\u00e1rios, apesar de ter sido contratada, segundo Timerman.<\/p>\n\t<div data-element=\"shortcode-read-more\" class=\"knowMore\">\n\t\t\t\t<span class=\"knowMore__title\">Saiba mais<\/span>\n\t\t\t\t<a class=\"knowMore__link\" href=\"https:\/\/www.suno.com.br\/noticias\/smiles-minoritarios-assembleia\/\">\n\t\t\tSmiles (SMLS3): minorit\u00e1rios buscam unidade em assembleia contra a Gol\t\t<\/a>\n\t<\/div>\n\n\n<p>&#8220;Nesse sentido, \u00e9 surpreendente que o laudo da Apsis adota premissas e crit\u00e9rios melhores para Gol na compara\u00e7\u00e3o com o laudo da mesma Apsis apresentado antes da pandemia, mesmo diante da \u00f3bvia deteriora\u00e7\u00e3o da situa\u00e7\u00e3o econ\u00f4mica da Gol&#8221;, concluiu.<\/p>\n<p>O fluxo de caixa descontado \u00e9 uma proje\u00e7\u00e3o daquilo que sua empresa poder\u00e1 produzir no futuro, com os descontos do tempo que isto levar\u00e1 e dos riscos assumidos. Assim, caso o desconto seja pessimista demais, por exemplo, pode haver um erro de interpreta\u00e7\u00e3o sobre o valor da companhia no futuro.<\/p>\n<p>De acordo com Timerman, gra\u00e7as a tais omiss\u00f5es, h\u00e1 d\u00favidas sobre a isen\u00e7\u00e3o das premissas utilizadas pela Gol no <strong><a href=\"https:\/\/www.suno.com.br\/artigos\/como-fazer-valuation-empresas\/\">valuation<\/a> <\/strong>da Smiles.<\/p>\n<p>&#8220;Um conselheiro fiscal da Smiles questionou a utiliza\u00e7\u00e3o de premissas que n\u00e3o s\u00e3o aquelas previstas no planejamento estrat\u00e9gico ou aprovada pelos \u00f3rg\u00e3os da administra\u00e7\u00e3o da Smiles, o que levanta d\u00favida quanto \u00e0 validade\/isen\u00e7\u00e3o das premissas&#8221;, disse.<\/p>\n<h2>Minorit\u00e1rios da Smiles tamb\u00e9m n\u00e3o querem a\u00e7\u00f5es da Gol<\/h2>\n<p>Para al\u00e9m da diferen\u00e7a entre as premissas que envolvem a avalia\u00e7\u00e3o do pre\u00e7o justo para a companhia de milhagem, os minorit\u00e1rios tamb\u00e9m deixaram claro que n\u00e3o desejam parte do pagamento em a\u00e7\u00f5es da Gol.<\/p>\n<p>Pela proposta, cada a\u00e7\u00e3o da Smiles dar\u00e1 direito a 0,825 a\u00e7\u00e3o preferencial da Gol, sendo que, no m\u00ednimo, cada acionista ter\u00e1 que aceitar que a troca de a\u00e7\u00f5es represente 20% da oferta.<\/p>\n\t<div data-element=\"shortcode-read-more\" class=\"knowMore\">\n\t\t\t\t<span class=\"knowMore__title\">Leia tamb\u00e9m<\/span>\n\t\t\t\t<a class=\"knowMore__link\" href=\"https:\/\/www.suno.com.br\/noticias\/gol-goll4-incoporar-smiles-smls3\/\">\n\t\t\tGol (GOLL4): &#039;Solu\u00e7\u00e3o \u00e9 incorporar Smiles (SMLS3) ou renegociar contrato&#039;\t\t<\/a>\n\t<\/div>\n\n\n<p>Isso vem gerando atritos com os minorit\u00e1rios, que n\u00e3o desejam se tornarem acionistas da Gol em um momento em que as companhias a\u00e9reas s\u00e3o duramente afetadas pela pandemia do coronav\u00edrus.<\/p>\n<p>&#8220;Se eu quisesse ser acionista da Gol, teria comprado a\u00e7\u00f5es da Gol. Simples assim&#8221;, definiu um minorit\u00e1rio sobre a manobra. Claramente est\u00e1 ocorrendo uma transfer\u00eancia de riscos dos acionistas de Gol para os acionistas minorit\u00e1rios&#8221;, disse uma outra fonte ao <strong>SUNO Not\u00edcias<\/strong>.<\/p>\n<p>Procuradas para comentar a disputa, a Gol e a <strong>Smiles<\/strong> ainda n\u00e3o se manifestaram.<\/p>\n\t<p>\n\t\t<a href=\"https:\/\/lp.suno.com.br\/planilha-de-controle-de-investimentos\/\" target=\"_blank\" data-element=\"shortcode-suno-banner\" title=\"Banner SUNO, clique e saiba mais\">\n\t\t\t<picture>\n\t\t\t\t<source media=\"(max-width: 500px)\" srcset=\"https:\/\/files.sunoresearch.com.br\/n\/uploads\/2023\/03\/400x300-Controle-de-Investimentos.png\">\n\t\t\t\t<img class=\"newsContent__article__imgCapa newsContent__article__imgCapa--banner\"\n\t\t\t\t\tsrc=\"https:\/\/files.sunoresearch.com.br\/n\/uploads\/2023\/03\/1420x240-Controle-de-Investimentos.png\"\n\t\t\t\t\tdata-promo-id=\"75934\"\t\t\t\t\t\t\t\t\t\twidth='1420' height='240'\t\t\t\t\talt=\"https:\/\/files.sunoresearch.com.br\/n\/uploads\/2023\/03\/1420x240-Controle-de-Investimentos.png\"\n\t\t\t\t>\n\t\t\t<\/picture>\n\t\t<\/a>\n\t<\/p>\n\n\n","protected":false},"excerpt":{"rendered":"<p>O debate sobre a disputa pela incorpora\u00e7\u00e3o da Smiles (SMLS3) pela Gol (GOLL4) \u00e9 travado sobre uma grande quest\u00e3o. Para os minorit\u00e1rios, que se posicionam de maneira contr\u00e1ria ao neg\u00f3cio, o valor oferecido pela companhia a\u00e9rea pela empresa de milhagem est\u00e1 muito aqu\u00e9m do real e \u00e9 baseado em um laudo que n\u00e3o teria reconhecido [&hellip;]<\/p>\n","protected":false},"author":27,"featured_media":130809,"comment_status":"closed","ping_status":"closed","sticky":false,"template":"","format":"standard","meta":[],"categories":[64],"tags":[105916,105995,489,637],"suno_strategy":[],"class_list":["post-131323","post","type-post","status-publish","format-standard","has-post-thumbnail","hentry","category-negocios","tag-acionistas-minoritarios","tag-exclusiva","tag-gol-linhas-aereas-goll11-goll4","tag-smiles-smls3"],"yoast_head":"<!-- This site is optimized with the Yoast SEO plugin v24.4 - https:\/\/yoast.com\/wordpress\/plugins\/seo\/ -->\n<title>Smiles (SMLS3): minorit\u00e1rios contestam laudo e buscam maior valor<\/title>\n<meta name=\"description\" content=\"Segundo minorit\u00e1rios, laudo feito n\u00e3o mostra realidade da Smiles e faz Gol pagar menos do que deveria por empresa. Clique aqui para ler.\" \/>\n<meta name=\"robots\" content=\"index, follow, max-snippet:-1, max-image-preview:large, max-video-preview:-1\" \/>\n<link rel=\"canonical\" href=\"https:\/\/www.suno.com.br\/noticias\/smiles-smls3-minoritarios-contestam-gol-goll4\/\" \/>\n<meta property=\"og:locale\" content=\"pt_BR\" \/>\n<meta property=\"og:type\" content=\"article\" \/>\n<meta property=\"og:title\" content=\"Smiles (SMLS3): minorit\u00e1rios contestam laudo e buscam maior valor\" \/>\n<meta property=\"og:description\" content=\"Segundo minorit\u00e1rios, laudo feito n\u00e3o mostra realidade da Smiles e faz Gol pagar menos do que deveria por empresa. Clique aqui para ler.\" \/>\n<meta property=\"og:url\" content=\"https:\/\/www.suno.com.br\/noticias\/smiles-smls3-minoritarios-contestam-gol-goll4\/\" \/>\n<meta property=\"og:site_name\" content=\"Suno Not\u00edcias\" \/>\n<meta property=\"article:publisher\" content=\"https:\/\/facebook.com\/sunoresearch\" \/>\n<meta property=\"og:image\" content=\"https:\/\/files.sunoresearch.com.br\/n\/uploads\/2021\/03\/cfd99b06-smiles-300x205-1.png\" \/>\n\t<meta property=\"og:image:width\" content=\"300\" \/>\n\t<meta property=\"og:image:height\" content=\"205\" \/>\n\t<meta property=\"og:image:type\" content=\"image\/png\" \/>\n<meta name=\"author\" content=\"Vinicius Pereira\" \/>\n<meta name=\"twitter:card\" content=\"summary_large_image\" \/>\n<meta name=\"twitter:creator\" content=\"@https:\/\/twitter.com\/viniciuspjornal\" \/>\n<meta name=\"twitter:site\" content=\"@sunoresearch\" \/>\n<meta name=\"twitter:label1\" content=\"Escrito por\" \/>\n\t<meta name=\"twitter:data1\" content=\"Vinicius Pereira\" \/>\n\t<meta name=\"twitter:label2\" content=\"Est. tempo de leitura\" \/>\n\t<meta name=\"twitter:data2\" content=\"4 minutos\" \/>\n<script type=\"application\/ld+json\" class=\"yoast-schema-graph\">{\"@context\":\"https:\/\/schema.org\",\"@graph\":[{\"@type\":\"NewsArticle\",\"@id\":\"https:\/\/www.suno.com.br\/noticias\/smiles-smls3-minoritarios-contestam-gol-goll4\/#article\",\"isPartOf\":{\"@id\":\"https:\/\/www.suno.com.br\/noticias\/smiles-smls3-minoritarios-contestam-gol-goll4\/\"},\"author\":{\"name\":\"Vinicius Pereira\",\"@id\":\"https:\/\/www.suno.com.br\/noticias\/#\/schema\/person\/a20761b96e4df7eb57f1f9e41be1dbf3\"},\"headline\":\"Smiles (SMLS3): minorit\u00e1rios contestam laudo e buscam maior valor por sa\u00edda\",\"datePublished\":\"2021-03-12T18:03:46+00:00\",\"dateModified\":\"2021-05-10T17:03:22+00:00\",\"mainEntityOfPage\":{\"@id\":\"https:\/\/www.suno.com.br\/noticias\/smiles-smls3-minoritarios-contestam-gol-goll4\/\"},\"wordCount\":898,\"publisher\":{\"@id\":\"https:\/\/www.suno.com.br\/noticias\/#organization\"},\"image\":{\"@id\":\"https:\/\/www.suno.com.br\/noticias\/smiles-smls3-minoritarios-contestam-gol-goll4\/#primaryimage\"},\"thumbnailUrl\":\"https:\/\/files.sunoresearch.com.br\/n\/uploads\/2021\/03\/cfd99b06-smiles-300x205-1-png.webp\",\"keywords\":[\"acionistas minorit\u00e1rios\",\"exclusiva\",\"Gol Linhas A\u00e9reas (GOLL11\/GOLL4)\",\"Smiles (SMLS3)\"],\"articleSection\":[\"Neg\u00f3cios\"],\"inLanguage\":\"pt-BR\"},{\"@type\":\"WebPage\",\"@id\":\"https:\/\/www.suno.com.br\/noticias\/smiles-smls3-minoritarios-contestam-gol-goll4\/\",\"url\":\"https:\/\/www.suno.com.br\/noticias\/smiles-smls3-minoritarios-contestam-gol-goll4\/\",\"name\":\"Smiles (SMLS3): minorit\u00e1rios contestam laudo e buscam maior valor\",\"isPartOf\":{\"@id\":\"https:\/\/www.suno.com.br\/noticias\/#website\"},\"primaryImageOfPage\":{\"@id\":\"https:\/\/www.suno.com.br\/noticias\/smiles-smls3-minoritarios-contestam-gol-goll4\/#primaryimage\"},\"image\":{\"@id\":\"https:\/\/www.suno.com.br\/noticias\/smiles-smls3-minoritarios-contestam-gol-goll4\/#primaryimage\"},\"thumbnailUrl\":\"https:\/\/files.sunoresearch.com.br\/n\/uploads\/2021\/03\/cfd99b06-smiles-300x205-1-png.webp\",\"datePublished\":\"2021-03-12T18:03:46+00:00\",\"dateModified\":\"2021-05-10T17:03:22+00:00\",\"description\":\"Segundo minorit\u00e1rios, laudo feito n\u00e3o mostra realidade da Smiles e faz Gol pagar menos do que deveria por empresa. Clique aqui para ler.\",\"breadcrumb\":{\"@id\":\"https:\/\/www.suno.com.br\/noticias\/smiles-smls3-minoritarios-contestam-gol-goll4\/#breadcrumb\"},\"inLanguage\":\"pt-BR\",\"potentialAction\":[{\"@type\":\"ReadAction\",\"target\":[\"https:\/\/www.suno.com.br\/noticias\/smiles-smls3-minoritarios-contestam-gol-goll4\/\"]}]},{\"@type\":\"ImageObject\",\"inLanguage\":\"pt-BR\",\"@id\":\"https:\/\/www.suno.com.br\/noticias\/smiles-smls3-minoritarios-contestam-gol-goll4\/#primaryimage\",\"url\":\"https:\/\/files.sunoresearch.com.br\/n\/uploads\/2021\/03\/cfd99b06-smiles-300x205-1-png.webp\",\"contentUrl\":\"https:\/\/files.sunoresearch.com.br\/n\/uploads\/2021\/03\/cfd99b06-smiles-300x205-1-png.webp\",\"width\":300,\"height\":205,\"caption\":\"Exclusivo: Smiles (SMLS3) tem valor 100% maior do que Gol (GOLL4) oferece, mostra documento\"},{\"@type\":\"BreadcrumbList\",\"@id\":\"https:\/\/www.suno.com.br\/noticias\/smiles-smls3-minoritarios-contestam-gol-goll4\/#breadcrumb\",\"itemListElement\":[{\"@type\":\"ListItem\",\"position\":1,\"name\":\"Not\u00edcias\",\"item\":\"https:\/\/www.suno.com.br\/noticias\/\"},{\"@type\":\"ListItem\",\"position\":2,\"name\":\"Neg\u00f3cios\",\"item\":\"https:\/\/www.suno.com.br\/noticias\/negocios\/\"},{\"@type\":\"ListItem\",\"position\":3,\"name\":\"Smiles (SMLS3): minorit\u00e1rios contestam laudo e buscam maior valor por sa\u00edda\"}]},{\"@type\":\"WebSite\",\"@id\":\"https:\/\/www.suno.com.br\/noticias\/#website\",\"url\":\"https:\/\/www.suno.com.br\/noticias\/\",\"name\":\"Suno Not\u00edcias\",\"description\":\"Seu portal de informa\u00e7\u00e3o sobre o mundo dos investimentos\",\"publisher\":{\"@id\":\"https:\/\/www.suno.com.br\/noticias\/#organization\"},\"potentialAction\":[{\"@type\":\"SearchAction\",\"target\":{\"@type\":\"EntryPoint\",\"urlTemplate\":\"https:\/\/www.suno.com.br\/noticias\/?s={search_term_string}\"},\"query-input\":{\"@type\":\"PropertyValueSpecification\",\"valueRequired\":true,\"valueName\":\"search_term_string\"}}],\"inLanguage\":\"pt-BR\"},{\"@type\":\"Organization\",\"@id\":\"https:\/\/www.suno.com.br\/noticias\/#organization\",\"name\":\"Suno Not\u00edcias\",\"url\":\"https:\/\/www.suno.com.br\/noticias\/\",\"logo\":{\"@type\":\"ImageObject\",\"inLanguage\":\"pt-BR\",\"@id\":\"https:\/\/www.suno.com.br\/noticias\/#\/schema\/logo\/image\/\",\"url\":\"https:\/\/files.sunoresearch.com.br\/n\/uploads\/2021\/09\/suno-logo.png\",\"contentUrl\":\"https:\/\/files.sunoresearch.com.br\/n\/uploads\/2021\/09\/suno-logo.png\",\"width\":180,\"height\":180,\"caption\":\"Suno Not\u00edcias\"},\"image\":{\"@id\":\"https:\/\/www.suno.com.br\/noticias\/#\/schema\/logo\/image\/\"},\"sameAs\":[\"https:\/\/facebook.com\/sunoresearch\",\"https:\/\/x.com\/sunoresearch\",\"https:\/\/www.instagram.com\/suno\",\"https:\/\/www.linkedin.com\/company\/suno-research\/\",\"https:\/\/www.youtube.com\/c\/sunoresearch\"]},{\"@type\":\"Person\",\"@id\":\"https:\/\/www.suno.com.br\/noticias\/#\/schema\/person\/a20761b96e4df7eb57f1f9e41be1dbf3\",\"name\":\"Vinicius Pereira\",\"image\":{\"@type\":\"ImageObject\",\"inLanguage\":\"pt-BR\",\"@id\":\"https:\/\/www.suno.com.br\/noticias\/#\/schema\/person\/image\/\",\"url\":\"https:\/\/secure.gravatar.com\/avatar\/783866b933198f5cc4c5d03fcc8b1301?s=96&r=g\",\"contentUrl\":\"https:\/\/secure.gravatar.com\/avatar\/783866b933198f5cc4c5d03fcc8b1301?s=96&r=g\",\"caption\":\"Vinicius Pereira\"},\"description\":\"Vinicius Pereira foi rep\u00f3rter de economia da Folha de S.Paulo, stringer do jornal no Canad\u00e1 e colaborador de VEJA. J\u00e1 escreveu tamb\u00e9m para BBC Brasil, The Intercept Brasil e UOL. Tem MBA em Informa\u00e7\u00f5es Econ\u00f4mico-Financeiras e Mercado de Capitais pela FIA\/B3.\",\"sameAs\":[\"https:\/\/x.com\/https:\/\/twitter.com\/viniciuspjornal\"],\"url\":\"https:\/\/www.suno.com.br\/noticias\/author\/vinicius-pereira\/\"}]}<\/script>\n<!-- \/ Yoast SEO plugin. -->","yoast_head_json":{"title":"Smiles (SMLS3): minorit\u00e1rios contestam laudo e buscam maior valor","description":"Segundo minorit\u00e1rios, laudo feito n\u00e3o mostra realidade da Smiles e faz Gol pagar menos do que deveria por empresa. Clique aqui para ler.","robots":{"index":"index","follow":"follow","max-snippet":"max-snippet:-1","max-image-preview":"max-image-preview:large","max-video-preview":"max-video-preview:-1"},"canonical":"https:\/\/www.suno.com.br\/noticias\/smiles-smls3-minoritarios-contestam-gol-goll4\/","og_locale":"pt_BR","og_type":"article","og_title":"Smiles (SMLS3): minorit\u00e1rios contestam laudo e buscam maior valor","og_description":"Segundo minorit\u00e1rios, laudo feito n\u00e3o mostra realidade da Smiles e faz Gol pagar menos do que deveria por empresa. Clique aqui para ler.","og_url":"https:\/\/www.suno.com.br\/noticias\/smiles-smls3-minoritarios-contestam-gol-goll4\/","og_site_name":"Suno Not\u00edcias","article_publisher":"https:\/\/facebook.com\/sunoresearch","og_image":[{"width":300,"height":205,"url":"https:\/\/files.sunoresearch.com.br\/n\/uploads\/2021\/03\/cfd99b06-smiles-300x205-1.png","type":"image\/png"}],"author":"Vinicius Pereira","twitter_card":"summary_large_image","twitter_creator":"@https:\/\/twitter.com\/viniciuspjornal","twitter_site":"@sunoresearch","twitter_misc":{"Escrito por":"Vinicius Pereira","Est. tempo de leitura":"4 minutos"},"schema":{"@context":"https:\/\/schema.org","@graph":[{"@type":"NewsArticle","@id":"https:\/\/www.suno.com.br\/noticias\/smiles-smls3-minoritarios-contestam-gol-goll4\/#article","isPartOf":{"@id":"https:\/\/www.suno.com.br\/noticias\/smiles-smls3-minoritarios-contestam-gol-goll4\/"},"author":{"name":"Vinicius Pereira","@id":"https:\/\/www.suno.com.br\/noticias\/#\/schema\/person\/a20761b96e4df7eb57f1f9e41be1dbf3"},"headline":"Smiles (SMLS3): minorit\u00e1rios contestam laudo e buscam maior valor por sa\u00edda","datePublished":"2021-03-12T18:03:46+00:00","dateModified":"2021-05-10T17:03:22+00:00","mainEntityOfPage":{"@id":"https:\/\/www.suno.com.br\/noticias\/smiles-smls3-minoritarios-contestam-gol-goll4\/"},"wordCount":898,"publisher":{"@id":"https:\/\/www.suno.com.br\/noticias\/#organization"},"image":{"@id":"https:\/\/www.suno.com.br\/noticias\/smiles-smls3-minoritarios-contestam-gol-goll4\/#primaryimage"},"thumbnailUrl":"https:\/\/files.sunoresearch.com.br\/n\/uploads\/2021\/03\/cfd99b06-smiles-300x205-1-png.webp","keywords":["acionistas minorit\u00e1rios","exclusiva","Gol Linhas A\u00e9reas (GOLL11\/GOLL4)","Smiles (SMLS3)"],"articleSection":["Neg\u00f3cios"],"inLanguage":"pt-BR"},{"@type":"WebPage","@id":"https:\/\/www.suno.com.br\/noticias\/smiles-smls3-minoritarios-contestam-gol-goll4\/","url":"https:\/\/www.suno.com.br\/noticias\/smiles-smls3-minoritarios-contestam-gol-goll4\/","name":"Smiles (SMLS3): minorit\u00e1rios contestam laudo e buscam maior valor","isPartOf":{"@id":"https:\/\/www.suno.com.br\/noticias\/#website"},"primaryImageOfPage":{"@id":"https:\/\/www.suno.com.br\/noticias\/smiles-smls3-minoritarios-contestam-gol-goll4\/#primaryimage"},"image":{"@id":"https:\/\/www.suno.com.br\/noticias\/smiles-smls3-minoritarios-contestam-gol-goll4\/#primaryimage"},"thumbnailUrl":"https:\/\/files.sunoresearch.com.br\/n\/uploads\/2021\/03\/cfd99b06-smiles-300x205-1-png.webp","datePublished":"2021-03-12T18:03:46+00:00","dateModified":"2021-05-10T17:03:22+00:00","description":"Segundo minorit\u00e1rios, laudo feito n\u00e3o mostra realidade da Smiles e faz Gol pagar menos do que deveria por empresa. Clique aqui para ler.","breadcrumb":{"@id":"https:\/\/www.suno.com.br\/noticias\/smiles-smls3-minoritarios-contestam-gol-goll4\/#breadcrumb"},"inLanguage":"pt-BR","potentialAction":[{"@type":"ReadAction","target":["https:\/\/www.suno.com.br\/noticias\/smiles-smls3-minoritarios-contestam-gol-goll4\/"]}]},{"@type":"ImageObject","inLanguage":"pt-BR","@id":"https:\/\/www.suno.com.br\/noticias\/smiles-smls3-minoritarios-contestam-gol-goll4\/#primaryimage","url":"https:\/\/files.sunoresearch.com.br\/n\/uploads\/2021\/03\/cfd99b06-smiles-300x205-1-png.webp","contentUrl":"https:\/\/files.sunoresearch.com.br\/n\/uploads\/2021\/03\/cfd99b06-smiles-300x205-1-png.webp","width":300,"height":205,"caption":"Exclusivo: Smiles (SMLS3) tem valor 100% maior do que Gol (GOLL4) oferece, mostra documento"},{"@type":"BreadcrumbList","@id":"https:\/\/www.suno.com.br\/noticias\/smiles-smls3-minoritarios-contestam-gol-goll4\/#breadcrumb","itemListElement":[{"@type":"ListItem","position":1,"name":"Not\u00edcias","item":"https:\/\/www.suno.com.br\/noticias\/"},{"@type":"ListItem","position":2,"name":"Neg\u00f3cios","item":"https:\/\/www.suno.com.br\/noticias\/negocios\/"},{"@type":"ListItem","position":3,"name":"Smiles (SMLS3): minorit\u00e1rios contestam laudo e buscam maior valor por sa\u00edda"}]},{"@type":"WebSite","@id":"https:\/\/www.suno.com.br\/noticias\/#website","url":"https:\/\/www.suno.com.br\/noticias\/","name":"Suno Not\u00edcias","description":"Seu portal de informa\u00e7\u00e3o sobre o mundo dos investimentos","publisher":{"@id":"https:\/\/www.suno.com.br\/noticias\/#organization"},"potentialAction":[{"@type":"SearchAction","target":{"@type":"EntryPoint","urlTemplate":"https:\/\/www.suno.com.br\/noticias\/?s={search_term_string}"},"query-input":{"@type":"PropertyValueSpecification","valueRequired":true,"valueName":"search_term_string"}}],"inLanguage":"pt-BR"},{"@type":"Organization","@id":"https:\/\/www.suno.com.br\/noticias\/#organization","name":"Suno Not\u00edcias","url":"https:\/\/www.suno.com.br\/noticias\/","logo":{"@type":"ImageObject","inLanguage":"pt-BR","@id":"https:\/\/www.suno.com.br\/noticias\/#\/schema\/logo\/image\/","url":"https:\/\/files.sunoresearch.com.br\/n\/uploads\/2021\/09\/suno-logo.png","contentUrl":"https:\/\/files.sunoresearch.com.br\/n\/uploads\/2021\/09\/suno-logo.png","width":180,"height":180,"caption":"Suno Not\u00edcias"},"image":{"@id":"https:\/\/www.suno.com.br\/noticias\/#\/schema\/logo\/image\/"},"sameAs":["https:\/\/facebook.com\/sunoresearch","https:\/\/x.com\/sunoresearch","https:\/\/www.instagram.com\/suno","https:\/\/www.linkedin.com\/company\/suno-research\/","https:\/\/www.youtube.com\/c\/sunoresearch"]},{"@type":"Person","@id":"https:\/\/www.suno.com.br\/noticias\/#\/schema\/person\/a20761b96e4df7eb57f1f9e41be1dbf3","name":"Vinicius Pereira","image":{"@type":"ImageObject","inLanguage":"pt-BR","@id":"https:\/\/www.suno.com.br\/noticias\/#\/schema\/person\/image\/","url":"https:\/\/secure.gravatar.com\/avatar\/783866b933198f5cc4c5d03fcc8b1301?s=96&r=g","contentUrl":"https:\/\/secure.gravatar.com\/avatar\/783866b933198f5cc4c5d03fcc8b1301?s=96&r=g","caption":"Vinicius Pereira"},"description":"Vinicius Pereira foi rep\u00f3rter de economia da Folha de S.Paulo, stringer do jornal no Canad\u00e1 e colaborador de VEJA. J\u00e1 escreveu tamb\u00e9m para BBC Brasil, The Intercept Brasil e UOL. Tem MBA em Informa\u00e7\u00f5es Econ\u00f4mico-Financeiras e Mercado de Capitais pela FIA\/B3.","sameAs":["https:\/\/x.com\/https:\/\/twitter.com\/viniciuspjornal"],"url":"https:\/\/www.suno.com.br\/noticias\/author\/vinicius-pereira\/"}]}},"default_loop_html":"<div class=\"cardsPage__listCard__boxs\"><div class=\"cardsPage__listCard__boxs__img\"><a href=\"https:\/\/www.suno.com.br\/noticias\/smiles-smls3-minoritarios-contestam-gol-goll4\/\"><img class=\"mask\" src=\"https:\/\/www.suno.com.br\/noticias\/wp-content\/themes\/suno\/resources\/images\/spotlight\/spotlight1img\/bg-mask.png\" alt=\"Image Mask\"\/><img src=\"https:\/\/files.sunoresearch.com.br\/n\/uploads\/2021\/03\/cfd99b06-smiles-300x205-1-png.webp\" alt=\"Smiles (SMLS3): minorit\u00e1rios contestam laudo e buscam maior valor por sa\u00edda\"\/><\/a><span class=\"spotlightCategory\"><a href=\"https:\/\/www.suno.com.br\/noticias\/negocios\/\">Neg\u00f3cios<\/a><\/span><\/div><div class=\"cardsPage__listCard__boxs__content\"><a href=\"https:\/\/www.suno.com.br\/noticias\/smiles-smls3-minoritarios-contestam-gol-goll4\/\"><h2 class=\"content__title\">Smiles (SMLS3): minorit\u00e1rios contestam laudo e buscam maior valor por sa\u00edda<\/h2><\/a><div class=\"newsContent__article__meta\"><div class=\"newsContent__article__meta__authorBox\"><a href=\"https:\/\/www.suno.com.br\/noticias\/author\/vinicius-pereira\/\" class=\"authorBox__avatar noMobi\"><img src=\"https:\/\/files.sunoresearch.com.br\/n\/uploads\/2020\/08\/77510613-whatsapp-image-2020-08-03-at-13.40.40-150x150.webp\" alt=\"Vinicius Pereira\"><\/a><div class=\"authorBox__name\"><span>por\n\t\t\t<a href=\"https:\/\/www.suno.com.br\/noticias\/author\/vinicius-pereira\/\"><span itemprop=\"author\">Vinicius Pereira<\/span><\/a><\/span><time datetime=\"2021-03-12T15:03:46-03:00\" itemprop=\"datePublished\">12\/03\/2021 15:03<\/time><\/div><\/div><\/div><\/div><\/div>","single_layout":"posts","amp_enabled":true,"_links":{"self":[{"href":"https:\/\/www.suno.com.br\/noticias\/wp-json\/wp\/v2\/posts\/131323"}],"collection":[{"href":"https:\/\/www.suno.com.br\/noticias\/wp-json\/wp\/v2\/posts"}],"about":[{"href":"https:\/\/www.suno.com.br\/noticias\/wp-json\/wp\/v2\/types\/post"}],"author":[{"embeddable":true,"href":"https:\/\/www.suno.com.br\/noticias\/wp-json\/wp\/v2\/users\/27"}],"replies":[{"embeddable":true,"href":"https:\/\/www.suno.com.br\/noticias\/wp-json\/wp\/v2\/comments?post=131323"}],"version-history":[{"count":13,"href":"https:\/\/www.suno.com.br\/noticias\/wp-json\/wp\/v2\/posts\/131323\/revisions"}],"predecessor-version":[{"id":131396,"href":"https:\/\/www.suno.com.br\/noticias\/wp-json\/wp\/v2\/posts\/131323\/revisions\/131396"}],"wp:featuredmedia":[{"embeddable":true,"href":"https:\/\/www.suno.com.br\/noticias\/wp-json\/wp\/v2\/media\/130809"}],"wp:attachment":[{"href":"https:\/\/www.suno.com.br\/noticias\/wp-json\/wp\/v2\/media?parent=131323"}],"wp:term":[{"taxonomy":"category","embeddable":true,"href":"https:\/\/www.suno.com.br\/noticias\/wp-json\/wp\/v2\/categories?post=131323"},{"taxonomy":"post_tag","embeddable":true,"href":"https:\/\/www.suno.com.br\/noticias\/wp-json\/wp\/v2\/tags?post=131323"},{"taxonomy":"suno_strategy","embeddable":true,"href":"https:\/\/www.suno.com.br\/noticias\/wp-json\/wp\/v2\/suno_strategy?post=131323"}],"curies":[{"name":"wp","href":"https:\/\/api.w.org\/{rel}","templated":true}]}}