{"id":131165,"date":"2021-03-11T18:21:15","date_gmt":"2021-03-11T21:21:15","guid":{"rendered":"https:\/\/www.suno.com.br\/noticias\/?p=131165"},"modified":"2021-05-29T20:28:45","modified_gmt":"2021-05-29T23:28:45","slug":"ibovespa-garante-alta-ambiciona-115-mil-pontos","status":"publish","type":"post","link":"https:\/\/www.suno.com.br\/noticias\/ibovespa-garante-alta-ambiciona-115-mil-pontos\/","title":{"rendered":"Em streak positivo, Ibovespa garante alta de 1,98% e j\u00e1 ambiciona 115 mil pontos"},"content":{"rendered":"<p>O <strong>Ibovespa<\/strong> hoje anotou mais uma alta para a conta, subindo 1,96%, a 114.983,76 pontos, com o impulso da aprova\u00e7\u00e3o em segundo da PEC Emergencial na C\u00e2mara dos Deputados e uma for\u00e7a extra vinda do exterior.<\/p>\t<div class=\"wrapper-featured-image\">\n\t\t<figure class=\"spotlightImg\">\n\n\t\t\t<picture>\n\t\t\t\t<source media=\"(max-width: 768px)\" srcset=\"https:\/\/files.sunoresearch.com.br\/n\/uploads\/2020\/11\/6a5a5052-market-400x200.webp\">\n\t\t\t\t<img loading=\"lazy\" decoding=\"async\" class=\"newsContent__article__imgCapa lazyloadDisabled \" src=\"https:\/\/files.sunoresearch.com.br\/n\/uploads\/2020\/11\/6a5a5052-market-jpg.webp\" width=\"800\" height=\"450\" alt=\"Em streak positivo, Ibovespa garante alta de 1,98% e j\u00e1 ambiciona 115 mil pontos\" fetchpriority=high \/>\n\t\t\t<\/picture>\n\n\t\t\t<figcaption class=\"wp-caption-text wp-caption-text--show\">O mercado fechou no azul hoje<\/figcaption>\n\t\t<\/figure>\n\t<\/div>\n\n\n\t<p>\n\t\t<a href=\"https:\/\/lp.suno.com.br\/planilha-controle-gastos\/\" target=\"_blank\" data-element=\"shortcode-suno-banner\" title=\"Banner SUNO, clique e saiba mais\">\n\t\t\t<picture>\n\t\t\t\t<source media=\"(max-width: 500px)\" srcset=\"https:\/\/files.sunoresearch.com.br\/n\/uploads\/2023\/03\/400x300-Planilha-controle-de-gastos.png\">\n\t\t\t\t<img class=\"newsContent__article__imgCapa newsContent__article__imgCapa--banner\"\n\t\t\t\t\tsrc=\"https:\/\/files.sunoresearch.com.br\/n\/uploads\/2023\/03\/1420x240-Planilha-controle-de-gastos.png\"\n\t\t\t\t\tdata-promo-id=\"101751\"\t\t\t\t\t\t\t\t\t\twidth='1420' height='240'\t\t\t\t\talt=\"https:\/\/files.sunoresearch.com.br\/n\/uploads\/2023\/03\/1420x240-Planilha-controle-de-gastos.png\"\n\t\t\t\t>\n\t\t\t<\/picture>\n\t\t<\/a>\n\t<\/p>\n\n\n<p>Esta foi o terceiro dia consecutivo que o Ibovespa ganhou terreno. O movimento reflete o sentimento mais favor\u00e1vel a ativos de risco e ao clima menos tenso quanto \u00e0s contas p\u00fablicas do Pa\u00eds.<\/p>\n<p>A C\u00e2mara aprovou na tarde desta quinta-feira (11) o texto-base da <strong>PEC Emergencial<\/strong>, por 366 votos a 127 votos. A proposta viabiliza uma nova rodada do aux\u00edlio emergencial, defendida como imprescind\u00edvel diante da piora da situa\u00e7\u00e3o sanit\u00e1ria do Brasil.<\/p>\n<p><a href=\"https:\/\/lp.suno.com.br\/suno-one\/\">Suno One: acesse gratuitamente eBooks, Minicursos, Artigos e V\u00eddeo Aulas sobre investimentos com um \u00fanico cadastro. Clique para saber mais!<\/a><\/p>\n<p>&#8220;A aprova\u00e7\u00e3o da PEC emergencial significa tamb\u00e9m o retorno do aux\u00edlio emergencial, que foi um dos principais fatores que contribu\u00edram para o setor no ano passado&#8221;, disse a <strong>Ativa Investimentos<\/strong>.<\/p>\n<p>Mesmo assim, o presidente da empresa de shopping centers <a href=\"https:\/\/www.suno.com.br\/acoes\/also3\/\"><strong>Aliansce Sonae<\/strong> (ALSO3)<\/a>, Rafael Sales, declarou hoje que a libera\u00e7\u00e3o do aux\u00edlio emergencial para a popula\u00e7\u00e3o n\u00e3o teve efeito no consumo do setor de shoppings no \u00faltimo ano.<\/p>\n\t<p>\n\t\t<a href=\"https:\/\/lp.suno.com.br\/planilha-da-vida-financeira\/\" target=\"_blank\" data-element=\"shortcode-suno-banner\" title=\"Banner SUNO, clique e saiba mais\">\n\t\t\t<picture>\n\t\t\t\t<source media=\"(max-width: 500px)\" srcset=\"https:\/\/files.sunoresearch.com.br\/n\/uploads\/2023\/04\/400x300-Planilha-vida-financeira-true.png\">\n\t\t\t\t<img class=\"newsContent__article__imgCapa newsContent__article__imgCapa--banner\"\n\t\t\t\t\tsrc=\"https:\/\/files.sunoresearch.com.br\/n\/uploads\/2023\/04\/1420x240-Planilha-vida-financeira-true.png\"\n\t\t\t\t\tdata-promo-id=\"106682\"\t\t\t\t\t\t\t\t\t\twidth='1420' height='240'\t\t\t\t\talt=\"https:\/\/files.sunoresearch.com.br\/n\/uploads\/2023\/04\/1420x240-Planilha-vida-financeira-true.png\"\n\t\t\t\t>\n\t\t\t<\/picture>\n\t\t<\/a>\n\t<\/p>\n\n\n<p>Mas n\u00e3o foi somente o ambiente dom\u00e9stico positivo. Nos Estados Unidos, a vers\u00e3o final do pacote fiscal de US$ 1,9 trilh\u00e3o proposto pelo governo americano tamb\u00e9m ajudou o Ibovespa por aqui.<\/p>\n<p>A proposta foi aprovada pela C\u00e2mara dos Representantes na \u00faltima quarta-feira (10), com 220 votos favor\u00e1veis e 211 contr\u00e1rios. A expectativa \u00e9 de que o presidente Joe Biden assine a legisla\u00e7\u00e3o j\u00e1 na sexta-feira (12).<\/p>\n<h2>Destaques corporativos<\/h2>\n<p>J\u00e1 no \u00e2mbito corporativo, a <a href=\"https:\/\/www.suno.com.br\/acoes\/b3sa3\/\"><strong>B3<\/strong> (B3SA3)<\/a> informou que o n\u00famero de investidores na Bolsa brasileira atingiu 3,497 milh\u00f5es em fevereiro deste ano. Esse n\u00famero \u00e9 77,2% maior do que o registrado no mesmo m\u00eas de 2020.<\/p>\n<p>Ainda nas not\u00edcias positivas, a\u00a0<a href=\"https:\/\/www.suno.com.br\/acoes\/azul4\/\"><strong>Azul<\/strong> (AZUL4)<\/a> anunciou um programa de recompra de at\u00e9 duas milh\u00f5es de suas a\u00e7\u00f5es preferencias em circula\u00e7\u00e3o, cerca de 0,64% do total. Os pap\u00e9is da companhia a\u00e9rea subiram mais de 6% no preg\u00e3o.<\/p>\n<p>Na outra ponta, a <a href=\"https:\/\/www.suno.com.br\/acoes\/brkm5\/\"><strong>Braskem<\/strong> (BRKM5)<\/a> divulgou um lucro l\u00edquido de R$ 846 milh\u00f5es no quarto trimestre de 2020, revertendo preju\u00edzo de R$ 2,92 bilh\u00f5es do mesmo per\u00edodo de 2019.<\/p>\n<p>O resultado consolidado do ano, contudo, ficou no vermelho. A petroqu\u00edmica fechou 2020 com um preju\u00edzo de R$ 6,69 bilh\u00f5es, elevando as perdas se comparadas ao consolidado de 2019, quando o preju\u00edzo foi de R$ 2,79 bilh\u00f5es.<\/p>\n<h2>\u00daltima cota\u00e7\u00e3o do Ibovespa<\/h2>\n<p>Da mesma forma que o <strong>Ibovespa hoje<\/strong>, o \u00edndice acion\u00e1rio encerrou as negocia\u00e7\u00f5es na \u00faltima quarta com uma alta de 1,30%, a 112.776,49 pontos.<\/p>\n\t<p>\n\t\t<a href=\"https:\/\/lp.suno.com.br\/planilha-de-controle-de-investimentos\/\" target=\"_blank\" data-element=\"shortcode-suno-banner\" title=\"Banner SUNO, clique e saiba mais\">\n\t\t\t<picture>\n\t\t\t\t<source media=\"(max-width: 500px)\" srcset=\"https:\/\/files.sunoresearch.com.br\/n\/uploads\/2023\/03\/400x300-Controle-de-Investimentos.png\">\n\t\t\t\t<img class=\"newsContent__article__imgCapa newsContent__article__imgCapa--banner\"\n\t\t\t\t\tsrc=\"https:\/\/files.sunoresearch.com.br\/n\/uploads\/2023\/03\/1420x240-Controle-de-Investimentos.png\"\n\t\t\t\t\tdata-promo-id=\"75934\"\t\t\t\t\t\t\t\t\t\twidth='1420' height='240'\t\t\t\t\talt=\"https:\/\/files.sunoresearch.com.br\/n\/uploads\/2023\/03\/1420x240-Controle-de-Investimentos.png\"\n\t\t\t\t>\n\t\t\t<\/picture>\n\t\t<\/a>\n\t<\/p>\n\n\n","protected":false},"excerpt":{"rendered":"<p>O Ibovespa hoje anotou mais uma alta para a conta, subindo 1,96%, a 114.983,76 pontos, com o impulso da aprova\u00e7\u00e3o em segundo da PEC Emergencial na C\u00e2mara dos Deputados e uma for\u00e7a extra vinda do exterior. O mercado fechou no azul hoje Esta foi o terceiro dia consecutivo que o Ibovespa ganhou terreno. O movimento [&hellip;]<\/p>\n","protected":false},"author":35,"featured_media":103824,"comment_status":"closed","ping_status":"closed","sticky":false,"template":"","format":"standard","meta":[],"categories":[60],"tags":[38091,106932,367,395,721],"suno_strategy":[],"class_list":["post-131165","post","type-post","status-publish","format-standard","has-post-thumbnail","hentry","category-mercado","tag-aliansce-sonae-also3","tag-azul-azul4","tag-b3-b3sa3","tag-braskem-brkm3-brkm5-brkm6","tag-ibovespa"],"yoast_head":"<!-- This site is optimized with the Yoast SEO plugin v24.4 - https:\/\/yoast.com\/wordpress\/plugins\/seo\/ -->\n<title>Em streak, Ibovespa garante alta de 1,98% e j\u00e1 ambiciona 115 mil pontos<\/title>\n<meta name=\"description\" content=\"O Ibovespa hoje anotou mais uma alta para a conta, subindo 1,96%, a 114.983,76 pontos, com PEC Emergencial e exterior. Clique para saber mais\" \/>\n<meta name=\"robots\" content=\"index, follow, max-snippet:-1, max-image-preview:large, max-video-preview:-1\" \/>\n<link rel=\"canonical\" href=\"https:\/\/www.suno.com.br\/noticias\/ibovespa-garante-alta-ambiciona-115-mil-pontos\/\" \/>\n<meta property=\"og:locale\" content=\"pt_BR\" \/>\n<meta property=\"og:type\" content=\"article\" \/>\n<meta property=\"og:title\" content=\"Em streak, Ibovespa garante alta de 1,98% e j\u00e1 ambiciona 115 mil pontos\" \/>\n<meta property=\"og:description\" content=\"O Ibovespa hoje anotou mais uma alta para a conta, subindo 1,96%, a 114.983,76 pontos, com PEC Emergencial e exterior. Clique para saber mais\" \/>\n<meta property=\"og:url\" content=\"https:\/\/www.suno.com.br\/noticias\/ibovespa-garante-alta-ambiciona-115-mil-pontos\/\" \/>\n<meta property=\"og:site_name\" content=\"Suno Not\u00edcias\" \/>\n<meta property=\"article:publisher\" content=\"https:\/\/facebook.com\/sunoresearch\" \/>\n<meta property=\"og:image\" content=\"https:\/\/files.sunoresearch.com.br\/n\/uploads\/2020\/11\/6a5a5052-market.jpg\" \/>\n\t<meta property=\"og:image:width\" content=\"607\" \/>\n\t<meta property=\"og:image:height\" content=\"380\" \/>\n\t<meta property=\"og:image:type\" content=\"image\/jpeg\" \/>\n<meta name=\"author\" content=\"Arthur Guimar\u00e3es\" \/>\n<meta name=\"twitter:card\" content=\"summary_large_image\" \/>\n<meta name=\"twitter:creator\" content=\"@sunoresearch\" \/>\n<meta name=\"twitter:site\" content=\"@sunoresearch\" \/>\n<meta name=\"twitter:label1\" content=\"Escrito por\" \/>\n\t<meta name=\"twitter:data1\" content=\"Arthur Guimar\u00e3es\" \/>\n\t<meta name=\"twitter:label2\" content=\"Est. tempo de leitura\" \/>\n\t<meta name=\"twitter:data2\" content=\"2 minutos\" \/>\n<script type=\"application\/ld+json\" class=\"yoast-schema-graph\">{\"@context\":\"https:\/\/schema.org\",\"@graph\":[{\"@type\":\"NewsArticle\",\"@id\":\"https:\/\/www.suno.com.br\/noticias\/ibovespa-garante-alta-ambiciona-115-mil-pontos\/#article\",\"isPartOf\":{\"@id\":\"https:\/\/www.suno.com.br\/noticias\/ibovespa-garante-alta-ambiciona-115-mil-pontos\/\"},\"author\":{\"name\":\"Arthur Guimar\u00e3es\",\"@id\":\"https:\/\/www.suno.com.br\/noticias\/#\/schema\/person\/053a750a709a263919a20f976caae91c\"},\"headline\":\"Em streak positivo, Ibovespa garante alta de 1,98% e j\u00e1 ambiciona 115 mil pontos\",\"datePublished\":\"2021-03-11T21:21:15+00:00\",\"dateModified\":\"2021-05-29T23:28:45+00:00\",\"mainEntityOfPage\":{\"@id\":\"https:\/\/www.suno.com.br\/noticias\/ibovespa-garante-alta-ambiciona-115-mil-pontos\/\"},\"wordCount\":481,\"publisher\":{\"@id\":\"https:\/\/www.suno.com.br\/noticias\/#organization\"},\"image\":{\"@id\":\"https:\/\/www.suno.com.br\/noticias\/ibovespa-garante-alta-ambiciona-115-mil-pontos\/#primaryimage\"},\"thumbnailUrl\":\"https:\/\/files.sunoresearch.com.br\/n\/uploads\/2020\/11\/6a5a5052-market-jpg.webp\",\"keywords\":[\"Aliansce Sonae (ALSO3)\",\"Azul (AZUL4)\",\"B3 (B3SA3)\",\"Braskem (BRKM3\/BRKM5\/BRKM6)\",\"Ibovespa\"],\"articleSection\":[\"Mercado\"],\"inLanguage\":\"pt-BR\"},{\"@type\":\"WebPage\",\"@id\":\"https:\/\/www.suno.com.br\/noticias\/ibovespa-garante-alta-ambiciona-115-mil-pontos\/\",\"url\":\"https:\/\/www.suno.com.br\/noticias\/ibovespa-garante-alta-ambiciona-115-mil-pontos\/\",\"name\":\"Em streak, Ibovespa garante alta de 1,98% e j\u00e1 ambiciona 115 mil pontos\",\"isPartOf\":{\"@id\":\"https:\/\/www.suno.com.br\/noticias\/#website\"},\"primaryImageOfPage\":{\"@id\":\"https:\/\/www.suno.com.br\/noticias\/ibovespa-garante-alta-ambiciona-115-mil-pontos\/#primaryimage\"},\"image\":{\"@id\":\"https:\/\/www.suno.com.br\/noticias\/ibovespa-garante-alta-ambiciona-115-mil-pontos\/#primaryimage\"},\"thumbnailUrl\":\"https:\/\/files.sunoresearch.com.br\/n\/uploads\/2020\/11\/6a5a5052-market-jpg.webp\",\"datePublished\":\"2021-03-11T21:21:15+00:00\",\"dateModified\":\"2021-05-29T23:28:45+00:00\",\"description\":\"O Ibovespa hoje anotou mais uma alta para a conta, subindo 1,96%, a 114.983,76 pontos, com PEC Emergencial e exterior. Clique para saber mais\",\"breadcrumb\":{\"@id\":\"https:\/\/www.suno.com.br\/noticias\/ibovespa-garante-alta-ambiciona-115-mil-pontos\/#breadcrumb\"},\"inLanguage\":\"pt-BR\",\"potentialAction\":[{\"@type\":\"ReadAction\",\"target\":[\"https:\/\/www.suno.com.br\/noticias\/ibovespa-garante-alta-ambiciona-115-mil-pontos\/\"]}]},{\"@type\":\"ImageObject\",\"inLanguage\":\"pt-BR\",\"@id\":\"https:\/\/www.suno.com.br\/noticias\/ibovespa-garante-alta-ambiciona-115-mil-pontos\/#primaryimage\",\"url\":\"https:\/\/files.sunoresearch.com.br\/n\/uploads\/2020\/11\/6a5a5052-market-jpg.webp\",\"contentUrl\":\"https:\/\/files.sunoresearch.com.br\/n\/uploads\/2020\/11\/6a5a5052-market-jpg.webp\",\"width\":607,\"height\":380,\"caption\":\"O mercado fechou no azul hoje\"},{\"@type\":\"BreadcrumbList\",\"@id\":\"https:\/\/www.suno.com.br\/noticias\/ibovespa-garante-alta-ambiciona-115-mil-pontos\/#breadcrumb\",\"itemListElement\":[{\"@type\":\"ListItem\",\"position\":1,\"name\":\"Not\u00edcias\",\"item\":\"https:\/\/www.suno.com.br\/noticias\/\"},{\"@type\":\"ListItem\",\"position\":2,\"name\":\"Mercado\",\"item\":\"https:\/\/www.suno.com.br\/noticias\/mercado\/\"},{\"@type\":\"ListItem\",\"position\":3,\"name\":\"Em streak positivo, Ibovespa garante alta de 1,98% e j\u00e1 ambiciona 115 mil pontos\"}]},{\"@type\":\"WebSite\",\"@id\":\"https:\/\/www.suno.com.br\/noticias\/#website\",\"url\":\"https:\/\/www.suno.com.br\/noticias\/\",\"name\":\"Suno Not\u00edcias\",\"description\":\"Seu portal de informa\u00e7\u00e3o sobre o mundo dos investimentos\",\"publisher\":{\"@id\":\"https:\/\/www.suno.com.br\/noticias\/#organization\"},\"potentialAction\":[{\"@type\":\"SearchAction\",\"target\":{\"@type\":\"EntryPoint\",\"urlTemplate\":\"https:\/\/www.suno.com.br\/noticias\/?s={search_term_string}\"},\"query-input\":{\"@type\":\"PropertyValueSpecification\",\"valueRequired\":true,\"valueName\":\"search_term_string\"}}],\"inLanguage\":\"pt-BR\"},{\"@type\":\"Organization\",\"@id\":\"https:\/\/www.suno.com.br\/noticias\/#organization\",\"name\":\"Suno Not\u00edcias\",\"url\":\"https:\/\/www.suno.com.br\/noticias\/\",\"logo\":{\"@type\":\"ImageObject\",\"inLanguage\":\"pt-BR\",\"@id\":\"https:\/\/www.suno.com.br\/noticias\/#\/schema\/logo\/image\/\",\"url\":\"https:\/\/files.sunoresearch.com.br\/n\/uploads\/2021\/09\/suno-logo.png\",\"contentUrl\":\"https:\/\/files.sunoresearch.com.br\/n\/uploads\/2021\/09\/suno-logo.png\",\"width\":180,\"height\":180,\"caption\":\"Suno Not\u00edcias\"},\"image\":{\"@id\":\"https:\/\/www.suno.com.br\/noticias\/#\/schema\/logo\/image\/\"},\"sameAs\":[\"https:\/\/facebook.com\/sunoresearch\",\"https:\/\/x.com\/sunoresearch\",\"https:\/\/www.instagram.com\/suno\",\"https:\/\/www.linkedin.com\/company\/suno-research\/\",\"https:\/\/www.youtube.com\/c\/sunoresearch\"]},{\"@type\":\"Person\",\"@id\":\"https:\/\/www.suno.com.br\/noticias\/#\/schema\/person\/053a750a709a263919a20f976caae91c\",\"name\":\"Arthur Guimar\u00e3es\",\"image\":{\"@type\":\"ImageObject\",\"inLanguage\":\"pt-BR\",\"@id\":\"https:\/\/www.suno.com.br\/noticias\/#\/schema\/person\/image\/\",\"url\":\"https:\/\/secure.gravatar.com\/avatar\/1affd86a11209ae09eb6dd3bcad3e96c?s=96&r=g\",\"contentUrl\":\"https:\/\/secure.gravatar.com\/avatar\/1affd86a11209ae09eb6dd3bcad3e96c?s=96&r=g\",\"caption\":\"Arthur Guimar\u00e3es\"},\"description\":\"Arthur Guimar\u00e3es escreve sobre pol\u00edtica, economia e neg\u00f3cios para o portal de not\u00edcias da Suno Research. Atualmente, \u00e9 estudante de jornalismo pela Faculdade C\u00e1sper L\u00edbero.\",\"url\":\"https:\/\/www.suno.com.br\/noticias\/author\/arthur-guimaraes\/\"}]}<\/script>\n<!-- \/ Yoast SEO plugin. -->","yoast_head_json":{"title":"Em streak, Ibovespa garante alta de 1,98% e j\u00e1 ambiciona 115 mil pontos","description":"O Ibovespa hoje anotou mais uma alta para a conta, subindo 1,96%, a 114.983,76 pontos, com PEC Emergencial e exterior. Clique para saber mais","robots":{"index":"index","follow":"follow","max-snippet":"max-snippet:-1","max-image-preview":"max-image-preview:large","max-video-preview":"max-video-preview:-1"},"canonical":"https:\/\/www.suno.com.br\/noticias\/ibovespa-garante-alta-ambiciona-115-mil-pontos\/","og_locale":"pt_BR","og_type":"article","og_title":"Em streak, Ibovespa garante alta de 1,98% e j\u00e1 ambiciona 115 mil pontos","og_description":"O Ibovespa hoje anotou mais uma alta para a conta, subindo 1,96%, a 114.983,76 pontos, com PEC Emergencial e exterior. Clique para saber mais","og_url":"https:\/\/www.suno.com.br\/noticias\/ibovespa-garante-alta-ambiciona-115-mil-pontos\/","og_site_name":"Suno Not\u00edcias","article_publisher":"https:\/\/facebook.com\/sunoresearch","og_image":[{"width":607,"height":380,"url":"https:\/\/files.sunoresearch.com.br\/n\/uploads\/2020\/11\/6a5a5052-market.jpg","type":"image\/jpeg"}],"author":"Arthur Guimar\u00e3es","twitter_card":"summary_large_image","twitter_creator":"@sunoresearch","twitter_site":"@sunoresearch","twitter_misc":{"Escrito por":"Arthur Guimar\u00e3es","Est. tempo de leitura":"2 minutos"},"schema":{"@context":"https:\/\/schema.org","@graph":[{"@type":"NewsArticle","@id":"https:\/\/www.suno.com.br\/noticias\/ibovespa-garante-alta-ambiciona-115-mil-pontos\/#article","isPartOf":{"@id":"https:\/\/www.suno.com.br\/noticias\/ibovespa-garante-alta-ambiciona-115-mil-pontos\/"},"author":{"name":"Arthur Guimar\u00e3es","@id":"https:\/\/www.suno.com.br\/noticias\/#\/schema\/person\/053a750a709a263919a20f976caae91c"},"headline":"Em streak positivo, Ibovespa garante alta de 1,98% e j\u00e1 ambiciona 115 mil pontos","datePublished":"2021-03-11T21:21:15+00:00","dateModified":"2021-05-29T23:28:45+00:00","mainEntityOfPage":{"@id":"https:\/\/www.suno.com.br\/noticias\/ibovespa-garante-alta-ambiciona-115-mil-pontos\/"},"wordCount":481,"publisher":{"@id":"https:\/\/www.suno.com.br\/noticias\/#organization"},"image":{"@id":"https:\/\/www.suno.com.br\/noticias\/ibovespa-garante-alta-ambiciona-115-mil-pontos\/#primaryimage"},"thumbnailUrl":"https:\/\/files.sunoresearch.com.br\/n\/uploads\/2020\/11\/6a5a5052-market-jpg.webp","keywords":["Aliansce Sonae (ALSO3)","Azul (AZUL4)","B3 (B3SA3)","Braskem (BRKM3\/BRKM5\/BRKM6)","Ibovespa"],"articleSection":["Mercado"],"inLanguage":"pt-BR"},{"@type":"WebPage","@id":"https:\/\/www.suno.com.br\/noticias\/ibovespa-garante-alta-ambiciona-115-mil-pontos\/","url":"https:\/\/www.suno.com.br\/noticias\/ibovespa-garante-alta-ambiciona-115-mil-pontos\/","name":"Em streak, Ibovespa garante alta de 1,98% e j\u00e1 ambiciona 115 mil pontos","isPartOf":{"@id":"https:\/\/www.suno.com.br\/noticias\/#website"},"primaryImageOfPage":{"@id":"https:\/\/www.suno.com.br\/noticias\/ibovespa-garante-alta-ambiciona-115-mil-pontos\/#primaryimage"},"image":{"@id":"https:\/\/www.suno.com.br\/noticias\/ibovespa-garante-alta-ambiciona-115-mil-pontos\/#primaryimage"},"thumbnailUrl":"https:\/\/files.sunoresearch.com.br\/n\/uploads\/2020\/11\/6a5a5052-market-jpg.webp","datePublished":"2021-03-11T21:21:15+00:00","dateModified":"2021-05-29T23:28:45+00:00","description":"O Ibovespa hoje anotou mais uma alta para a conta, subindo 1,96%, a 114.983,76 pontos, com PEC Emergencial e exterior. Clique para saber mais","breadcrumb":{"@id":"https:\/\/www.suno.com.br\/noticias\/ibovespa-garante-alta-ambiciona-115-mil-pontos\/#breadcrumb"},"inLanguage":"pt-BR","potentialAction":[{"@type":"ReadAction","target":["https:\/\/www.suno.com.br\/noticias\/ibovespa-garante-alta-ambiciona-115-mil-pontos\/"]}]},{"@type":"ImageObject","inLanguage":"pt-BR","@id":"https:\/\/www.suno.com.br\/noticias\/ibovespa-garante-alta-ambiciona-115-mil-pontos\/#primaryimage","url":"https:\/\/files.sunoresearch.com.br\/n\/uploads\/2020\/11\/6a5a5052-market-jpg.webp","contentUrl":"https:\/\/files.sunoresearch.com.br\/n\/uploads\/2020\/11\/6a5a5052-market-jpg.webp","width":607,"height":380,"caption":"O mercado fechou no azul hoje"},{"@type":"BreadcrumbList","@id":"https:\/\/www.suno.com.br\/noticias\/ibovespa-garante-alta-ambiciona-115-mil-pontos\/#breadcrumb","itemListElement":[{"@type":"ListItem","position":1,"name":"Not\u00edcias","item":"https:\/\/www.suno.com.br\/noticias\/"},{"@type":"ListItem","position":2,"name":"Mercado","item":"https:\/\/www.suno.com.br\/noticias\/mercado\/"},{"@type":"ListItem","position":3,"name":"Em streak positivo, Ibovespa garante alta de 1,98% e j\u00e1 ambiciona 115 mil pontos"}]},{"@type":"WebSite","@id":"https:\/\/www.suno.com.br\/noticias\/#website","url":"https:\/\/www.suno.com.br\/noticias\/","name":"Suno Not\u00edcias","description":"Seu portal de informa\u00e7\u00e3o sobre o mundo dos investimentos","publisher":{"@id":"https:\/\/www.suno.com.br\/noticias\/#organization"},"potentialAction":[{"@type":"SearchAction","target":{"@type":"EntryPoint","urlTemplate":"https:\/\/www.suno.com.br\/noticias\/?s={search_term_string}"},"query-input":{"@type":"PropertyValueSpecification","valueRequired":true,"valueName":"search_term_string"}}],"inLanguage":"pt-BR"},{"@type":"Organization","@id":"https:\/\/www.suno.com.br\/noticias\/#organization","name":"Suno Not\u00edcias","url":"https:\/\/www.suno.com.br\/noticias\/","logo":{"@type":"ImageObject","inLanguage":"pt-BR","@id":"https:\/\/www.suno.com.br\/noticias\/#\/schema\/logo\/image\/","url":"https:\/\/files.sunoresearch.com.br\/n\/uploads\/2021\/09\/suno-logo.png","contentUrl":"https:\/\/files.sunoresearch.com.br\/n\/uploads\/2021\/09\/suno-logo.png","width":180,"height":180,"caption":"Suno Not\u00edcias"},"image":{"@id":"https:\/\/www.suno.com.br\/noticias\/#\/schema\/logo\/image\/"},"sameAs":["https:\/\/facebook.com\/sunoresearch","https:\/\/x.com\/sunoresearch","https:\/\/www.instagram.com\/suno","https:\/\/www.linkedin.com\/company\/suno-research\/","https:\/\/www.youtube.com\/c\/sunoresearch"]},{"@type":"Person","@id":"https:\/\/www.suno.com.br\/noticias\/#\/schema\/person\/053a750a709a263919a20f976caae91c","name":"Arthur Guimar\u00e3es","image":{"@type":"ImageObject","inLanguage":"pt-BR","@id":"https:\/\/www.suno.com.br\/noticias\/#\/schema\/person\/image\/","url":"https:\/\/secure.gravatar.com\/avatar\/1affd86a11209ae09eb6dd3bcad3e96c?s=96&r=g","contentUrl":"https:\/\/secure.gravatar.com\/avatar\/1affd86a11209ae09eb6dd3bcad3e96c?s=96&r=g","caption":"Arthur Guimar\u00e3es"},"description":"Arthur Guimar\u00e3es escreve sobre pol\u00edtica, economia e neg\u00f3cios para o portal de not\u00edcias da Suno Research. Atualmente, \u00e9 estudante de jornalismo pela Faculdade C\u00e1sper L\u00edbero.","url":"https:\/\/www.suno.com.br\/noticias\/author\/arthur-guimaraes\/"}]}},"default_loop_html":"<div class=\"cardsPage__listCard__boxs\"><div class=\"cardsPage__listCard__boxs__img\"><a href=\"https:\/\/www.suno.com.br\/noticias\/ibovespa-garante-alta-ambiciona-115-mil-pontos\/\"><img class=\"mask\" src=\"https:\/\/www.suno.com.br\/noticias\/wp-content\/themes\/suno\/resources\/images\/spotlight\/spotlight1img\/bg-mask.png\" alt=\"Image Mask\"\/><img src=\"https:\/\/files.sunoresearch.com.br\/n\/uploads\/2020\/11\/6a5a5052-market-400x200.webp\" alt=\"Em streak positivo, Ibovespa garante alta de 1,98% e j\u00e1 ambiciona 115 mil pontos\"\/><\/a><span class=\"spotlightCategory\"><a href=\"https:\/\/www.suno.com.br\/noticias\/mercado\/\">Mercado<\/a><\/span><\/div><div class=\"cardsPage__listCard__boxs__content\"><a href=\"https:\/\/www.suno.com.br\/noticias\/ibovespa-garante-alta-ambiciona-115-mil-pontos\/\"><h2 class=\"content__title\">Em streak positivo, Ibovespa garante alta de 1,98% e j\u00e1 ambiciona 115 mil pontos<\/h2><\/a><div class=\"newsContent__article__meta\"><div class=\"newsContent__article__meta__authorBox\"><a href=\"https:\/\/www.suno.com.br\/noticias\/author\/arthur-guimaraes\/\" class=\"authorBox__avatar noMobi\"><img src=\"https:\/\/files.sunoresearch.com.br\/n\/uploads\/2020\/02\/dfb40897-eu-150x150.webp\" alt=\"Arthur Guimar\u00e3es\"><\/a><div class=\"authorBox__name\"><span>por\n\t\t\t<a href=\"https:\/\/www.suno.com.br\/noticias\/author\/arthur-guimaraes\/\"><span itemprop=\"author\">Arthur Guimar\u00e3es<\/span><\/a><\/span><time datetime=\"2021-03-11T18:21:15-03:00\" itemprop=\"datePublished\">11\/03\/2021 18:21<\/time><\/div><\/div><\/div><\/div><\/div>","single_layout":"posts","amp_enabled":true,"_links":{"self":[{"href":"https:\/\/www.suno.com.br\/noticias\/wp-json\/wp\/v2\/posts\/131165"}],"collection":[{"href":"https:\/\/www.suno.com.br\/noticias\/wp-json\/wp\/v2\/posts"}],"about":[{"href":"https:\/\/www.suno.com.br\/noticias\/wp-json\/wp\/v2\/types\/post"}],"author":[{"embeddable":true,"href":"https:\/\/www.suno.com.br\/noticias\/wp-json\/wp\/v2\/users\/35"}],"replies":[{"embeddable":true,"href":"https:\/\/www.suno.com.br\/noticias\/wp-json\/wp\/v2\/comments?post=131165"}],"version-history":[{"count":2,"href":"https:\/\/www.suno.com.br\/noticias\/wp-json\/wp\/v2\/posts\/131165\/revisions"}],"predecessor-version":[{"id":131177,"href":"https:\/\/www.suno.com.br\/noticias\/wp-json\/wp\/v2\/posts\/131165\/revisions\/131177"}],"wp:featuredmedia":[{"embeddable":true,"href":"https:\/\/www.suno.com.br\/noticias\/wp-json\/wp\/v2\/media\/103824"}],"wp:attachment":[{"href":"https:\/\/www.suno.com.br\/noticias\/wp-json\/wp\/v2\/media?parent=131165"}],"wp:term":[{"taxonomy":"category","embeddable":true,"href":"https:\/\/www.suno.com.br\/noticias\/wp-json\/wp\/v2\/categories?post=131165"},{"taxonomy":"post_tag","embeddable":true,"href":"https:\/\/www.suno.com.br\/noticias\/wp-json\/wp\/v2\/tags?post=131165"},{"taxonomy":"suno_strategy","embeddable":true,"href":"https:\/\/www.suno.com.br\/noticias\/wp-json\/wp\/v2\/suno_strategy?post=131165"}],"curies":[{"name":"wp","href":"https:\/\/api.w.org\/{rel}","templated":true}]}}