{"id":130966,"date":"2021-03-11T09:04:34","date_gmt":"2021-03-11T12:04:34","guid":{"rendered":"https:\/\/www.suno.com.br\/noticias\/?p=130966"},"modified":"2021-03-11T09:04:34","modified_gmt":"2021-03-11T12:04:34","slug":"agenda-do-dia-tele-da-braskem-brkm5","status":"publish","type":"post","link":"https:\/\/www.suno.com.br\/noticias\/agenda-do-dia-tele-da-braskem-brkm5\/","title":{"rendered":"Agenda do dia: IPCA e teleconfer\u00eancia da Braskem (BRKM5)"},"content":{"rendered":"<p>Na agenda do dia desta quinta-feira (11), os destaques v\u00e3o para a teleconfer\u00eancia da <a href=\"https:\/\/www.suno.com.br\/acoes\/brkm5\/\">Braskem (BRKM5)<\/a>, que divulgou seu balan\u00e7o do quarto trimestre de 2020 na noite de ontem, e para os resultadas da <a href=\"https:\/\/www.suno.com.br\/acoes\/brml3\/\">brMalls (BRML3)<\/a>, <a href=\"https:\/\/www.suno.com.br\/acoes\/enmt4\/\">Energisa (ENMT4)<\/a> e <a href=\"https:\/\/www.suno.com.br\/acoes\/tend3\/\">Tenda (TEND3)<\/a>.<\/p>\t<div class=\"wrapper-featured-image\">\n\t\t<figure class=\"spotlightImg\">\n\n\t\t\t<picture>\n\t\t\t\t<source media=\"(max-width: 768px)\" srcset=\"https:\/\/files.sunoresearch.com.br\/n\/uploads\/2021\/03\/2aea17d9-agendadodia-400x200.webp\">\n\t\t\t\t<img loading=\"lazy\" decoding=\"async\" class=\"newsContent__article__imgCapa lazyloadDisabled \" src=\"https:\/\/files.sunoresearch.com.br\/n\/uploads\/2021\/03\/2aea17d9-agendadodia-800x450.webp\" width=\"800\" height=\"450\" alt=\"Agenda do dia: IPCA e teleconfer\u00eancia da Braskem (BRKM5)\" fetchpriority=high \/>\n\t\t\t<\/picture>\n\n\t\t\t<figcaption class=\"wp-caption-text wp-caption-text--show\">IPCA, infla\u00e7\u00e3o brasileira, \u00e9 destaque na agenda do dia<\/figcaption>\n\t\t<\/figure>\n\t<\/div>\n\n\n<p><span style=\"font-weight: 400;\">\t<p>\n\t\t<a href=\"https:\/\/lp.suno.com.br\/planilha-controle-gastos\/\" target=\"_blank\" data-element=\"shortcode-suno-banner\" title=\"Banner SUNO, clique e saiba mais\">\n\t\t\t<picture>\n\t\t\t\t<source media=\"(max-width: 500px)\" srcset=\"https:\/\/files.sunoresearch.com.br\/n\/uploads\/2023\/03\/400x300-Planilha-controle-de-gastos.png\">\n\t\t\t\t<img class=\"newsContent__article__imgCapa newsContent__article__imgCapa--banner\"\n\t\t\t\t\tsrc=\"https:\/\/files.sunoresearch.com.br\/n\/uploads\/2023\/03\/1420x240-Planilha-controle-de-gastos.png\"\n\t\t\t\t\tdata-promo-id=\"101751\"\t\t\t\t\t\t\t\t\t\twidth='1420' height='240'\t\t\t\t\talt=\"https:\/\/files.sunoresearch.com.br\/n\/uploads\/2023\/03\/1420x240-Planilha-controle-de-gastos.png\"\n\t\t\t\t>\n\t\t\t<\/picture>\n\t\t<\/a>\n\t<\/p>\n\n<\/span><\/p>\n<p>Na macroeconomia, o Brasil divulga dados da sua <a href=\"https:\/\/www.suno.com.br\/artigos\/ipca\/\">infla\u00e7\u00e3o, o IPCA<\/a>, a Uni\u00e3o Europeia define sua nova <a href=\"https:\/\/www.suno.com.br\/artigos\/taxa-de-juros\/\">taxa b\u00e1sica de juros<\/a> e os Estados Unidos revelam dados sobre a situa\u00e7\u00e3o do emprego no pa\u00eds.<\/p>\n<p>Na pol\u00edtica, a agenda do dia \u00e9 marcada por reuni\u00f5es.<\/p>\n<p><a href=\"https:\/\/lp.suno.com.br\/suno-one\/?ppp=noticias\/hospital-care-pedido-ipo-cvm\/\"><b>Suno One: acesse gratuitamente eBooks, Minicursos, Artigos e V\u00eddeo Aulas sobre investimentos com um \u00fanico cadastro. Clique para saber mais!<\/b><\/a><\/p>\n<h2>IPCA \u00e9 destaque na agenda do dia<\/h2>\n<p>O <a href=\"https:\/\/www.suno.com.br\/artigos\/ibge\/\">Instituto Brasileiro de Geografia e Estat\u00edstica (IBGE)<\/a> divulga \u00e0s 9h os n\u00fameros da infla\u00e7\u00e3o brasileira para fevereiro. A proje\u00e7\u00e3o do mercado, para o dado que \u00e9 destaque na agenda do dia, \u00e9 que o IPCA avance 0,72% no m\u00eas. No acumulado de doze meses, a alta deve ser de 5,06%.<\/p>\n<p>Pouco depois, \u00e0s 9h45, o Banco Central Europeu define sua nova taxa b\u00e1sica de juros. O esperado \u00e9 que ela continue em 0%. Al\u00e9m disso, a institui\u00e7\u00e3o divulga a taxa de facilidade permanente de dep\u00f3sito e de ced\u00eancia.<\/p>\n<p><span style=\"font-weight: 400;\">\t<p>\n\t\t<a href=\"https:\/\/lp.suno.com.br\/planilha-da-vida-financeira\/\" target=\"_blank\" data-element=\"shortcode-suno-banner\" title=\"Banner SUNO, clique e saiba mais\">\n\t\t\t<picture>\n\t\t\t\t<source media=\"(max-width: 500px)\" srcset=\"https:\/\/files.sunoresearch.com.br\/n\/uploads\/2023\/04\/400x300-Planilha-vida-financeira-true.png\">\n\t\t\t\t<img class=\"newsContent__article__imgCapa newsContent__article__imgCapa--banner\"\n\t\t\t\t\tsrc=\"https:\/\/files.sunoresearch.com.br\/n\/uploads\/2023\/04\/1420x240-Planilha-vida-financeira-true.png\"\n\t\t\t\t\tdata-promo-id=\"106682\"\t\t\t\t\t\t\t\t\t\twidth='1420' height='240'\t\t\t\t\talt=\"https:\/\/files.sunoresearch.com.br\/n\/uploads\/2023\/04\/1420x240-Planilha-vida-financeira-true.png\"\n\t\t\t\t>\n\t\t\t<\/picture>\n\t\t<\/a>\n\t<\/p>\n\n<\/span><\/p>\n<p>\u00c0s 10h30, na agenda do dia, os Estados Unidos divulgam o n\u00famero de novos pedidos de seguro-desemprego da \u00faltima semana, com a perspectiva que eles caiam, com a reabertura dos com\u00e9rcios e com o avan\u00e7o da campanha de vacina\u00e7\u00e3o. Ao meio dia, o escrit\u00f3rio de estat\u00edsticas do trabalho torna p\u00fablica as vagas ofertas de emprego e a rotatividade de m\u00e3o de obra para janeiro.<\/p>\n<h2>Braskem se re\u00fane com investidores e analistas<\/h2>\n<p>A Braskem se re\u00fane, \u00e0s 11h, com analistas e investidores para discutir o seu resultado, divulgado na noite de ontem. No mesmo hor\u00e1rio, <a href=\"https:\/\/www.suno.com.br\/acoes\/ecor3\/\">Ecorodovias (ECOR3)<\/a>, <a href=\"https:\/\/www.suno.com.br\/acoes\/also3\/\">Aliansce Sonae (ALSO3)<\/a> e <a href=\"https:\/\/www.suno.com.br\/acoes\/simh3\/\">Simpar (SIMH3)<\/a> tamb\u00e9m realizam suas teleconfer\u00eancias. A Braskem, \u00e0s 13h, realiza tamb\u00e9m uma coletiva de imprensa<\/p>\n<p>Depois do fechamento do preg\u00e3o da B3, a BrMalls, a Energisa e a Tenda Construtora divulgam seus balan\u00e7os do quarto trimestre de 2020.<\/p>\n<h2>Pol\u00edticos tem dia marcado por reuni\u00f5es<\/h2>\n<p>A <strong>agenda do dia<\/strong> do presidente Jair Bolsonaro, do ministro da Economia Paulo Guedes e do presidente do Banco Central Roberto Campos Neto tem apenas reuni\u00f5es. O presidente da Rep\u00fablica se encontra com ministros e o ministro da Economia, com seus secret\u00e1rios. Campos Neto almo\u00e7a com Marcelo Barbosa, presidente da <a href=\"https:\/\/www.suno.com.br\/artigos\/cvm\/\">Comiss\u00e3o de Valores Mobili\u00e1rios (CVM)<\/a>.<\/p>\n<p><span style=\"font-weight: 400;\">\t<p>\n\t\t<a href=\"https:\/\/lp.suno.com.br\/planilha-de-controle-de-investimentos\/\" target=\"_blank\" data-element=\"shortcode-suno-banner\" title=\"Banner SUNO, clique e saiba mais\">\n\t\t\t<picture>\n\t\t\t\t<source media=\"(max-width: 500px)\" srcset=\"https:\/\/files.sunoresearch.com.br\/n\/uploads\/2023\/03\/400x300-Controle-de-Investimentos.png\">\n\t\t\t\t<img class=\"newsContent__article__imgCapa newsContent__article__imgCapa--banner\"\n\t\t\t\t\tsrc=\"https:\/\/files.sunoresearch.com.br\/n\/uploads\/2023\/03\/1420x240-Controle-de-Investimentos.png\"\n\t\t\t\t\tdata-promo-id=\"75934\"\t\t\t\t\t\t\t\t\t\twidth='1420' height='240'\t\t\t\t\talt=\"https:\/\/files.sunoresearch.com.br\/n\/uploads\/2023\/03\/1420x240-Controle-de-Investimentos.png\"\n\t\t\t\t>\n\t\t\t<\/picture>\n\t\t<\/a>\n\t<\/p>\n\n <\/span><\/p>\n","protected":false},"excerpt":{"rendered":"<p>Na agenda do dia desta quinta-feira (11), os destaques v\u00e3o para a teleconfer\u00eancia da Braskem (BRKM5), que divulgou seu balan\u00e7o do quarto trimestre de 2020 na noite de ontem, e para os resultadas da brMalls (BRML3), Energisa (ENMT4) e Tenda (TEND3). IPCA, infla\u00e7\u00e3o brasileira, \u00e9 destaque na agenda do dia Na macroeconomia, o Brasil divulga [&hellip;]<\/p>\n","protected":false},"author":59,"featured_media":130974,"comment_status":"closed","ping_status":"closed","sticky":false,"template":"","format":"standard","meta":[],"categories":[60],"tags":[38091,395,79856,452,463,966,76282,660],"suno_strategy":[],"class_list":["post-130966","post","type-post","status-publish","format-standard","has-post-thumbnail","hentry","category-mercado","tag-aliansce-sonae-also3","tag-braskem-brkm3-brkm5-brkm6","tag-br-malls-brml3","tag-ecorodovias-ecor3","tag-energisa-engi11-engi3-engi4","tag-ipca","tag-simpar-simh3","tag-tenda-tend3"],"yoast_head":"<!-- This site is optimized with the Yoast SEO plugin v24.4 - https:\/\/yoast.com\/wordpress\/plugins\/seo\/ -->\n<title>Agenda do dia: IPCA e teleconfer\u00eancia da Braskem (BRKM5)<\/title>\n<meta name=\"description\" content=\"A agenda do dia desta quinta-feira (11) tem como destaque o IPCA do IBGE e a teleconfer\u00eancia da Braskem. Clique aqui para saber mais.\" \/>\n<meta name=\"robots\" content=\"index, follow, max-snippet:-1, max-image-preview:large, max-video-preview:-1\" \/>\n<link rel=\"canonical\" href=\"https:\/\/www.suno.com.br\/noticias\/agenda-do-dia-tele-da-braskem-brkm5\/\" \/>\n<meta property=\"og:locale\" content=\"pt_BR\" \/>\n<meta property=\"og:type\" content=\"article\" \/>\n<meta property=\"og:title\" content=\"Agenda do dia: IPCA e teleconfer\u00eancia da Braskem (BRKM5)\" \/>\n<meta property=\"og:description\" content=\"A agenda do dia desta quinta-feira (11) tem como destaque o IPCA do IBGE e a teleconfer\u00eancia da Braskem. Clique aqui para saber mais.\" \/>\n<meta property=\"og:url\" content=\"https:\/\/www.suno.com.br\/noticias\/agenda-do-dia-tele-da-braskem-brkm5\/\" \/>\n<meta property=\"og:site_name\" content=\"Suno Not\u00edcias\" \/>\n<meta property=\"article:publisher\" content=\"https:\/\/facebook.com\/sunoresearch\" \/>\n<meta property=\"og:image\" content=\"https:\/\/files.sunoresearch.com.br\/n\/uploads\/2021\/03\/2aea17d9-agendadodia.jpg\" \/>\n\t<meta property=\"og:image:width\" content=\"1024\" \/>\n\t<meta property=\"og:image:height\" content=\"682\" \/>\n\t<meta property=\"og:image:type\" content=\"image\/jpeg\" \/>\n<meta name=\"author\" content=\"Vitor Azevedo\" \/>\n<meta name=\"twitter:card\" content=\"summary_large_image\" \/>\n<meta name=\"twitter:creator\" content=\"@sunoresearch\" \/>\n<meta name=\"twitter:site\" content=\"@sunoresearch\" \/>\n<meta name=\"twitter:label1\" content=\"Escrito por\" \/>\n\t<meta name=\"twitter:data1\" content=\"Vitor Azevedo\" \/>\n\t<meta name=\"twitter:label2\" content=\"Est. tempo de leitura\" \/>\n\t<meta name=\"twitter:data2\" content=\"2 minutos\" \/>\n<script type=\"application\/ld+json\" class=\"yoast-schema-graph\">{\"@context\":\"https:\/\/schema.org\",\"@graph\":[{\"@type\":\"NewsArticle\",\"@id\":\"https:\/\/www.suno.com.br\/noticias\/agenda-do-dia-tele-da-braskem-brkm5\/#article\",\"isPartOf\":{\"@id\":\"https:\/\/www.suno.com.br\/noticias\/agenda-do-dia-tele-da-braskem-brkm5\/\"},\"author\":{\"name\":\"Vitor Azevedo\",\"@id\":\"https:\/\/www.suno.com.br\/noticias\/#\/schema\/person\/658d5fbc74d81f265f5df3562d0038ab\"},\"headline\":\"Agenda do dia: IPCA e teleconfer\u00eancia da Braskem (BRKM5)\",\"datePublished\":\"2021-03-11T12:04:34+00:00\",\"mainEntityOfPage\":{\"@id\":\"https:\/\/www.suno.com.br\/noticias\/agenda-do-dia-tele-da-braskem-brkm5\/\"},\"wordCount\":454,\"publisher\":{\"@id\":\"https:\/\/www.suno.com.br\/noticias\/#organization\"},\"image\":{\"@id\":\"https:\/\/www.suno.com.br\/noticias\/agenda-do-dia-tele-da-braskem-brkm5\/#primaryimage\"},\"thumbnailUrl\":\"https:\/\/files.sunoresearch.com.br\/n\/uploads\/2021\/03\/2aea17d9-agendadodia-jpg.webp\",\"keywords\":[\"Aliansce Sonae (ALSO3)\",\"Braskem (BRKM3\/BRKM5\/BRKM6)\",\"BRMalls (BRML3)\",\"Ecorodovias (ECOR3)\",\"Energisa (ENGI11\/ENGI3\/ENGI4)\",\"IPCA\",\"Simpar (SIMH3)\",\"Tenda (TEND3)\"],\"articleSection\":[\"Mercado\"],\"inLanguage\":\"pt-BR\"},{\"@type\":\"WebPage\",\"@id\":\"https:\/\/www.suno.com.br\/noticias\/agenda-do-dia-tele-da-braskem-brkm5\/\",\"url\":\"https:\/\/www.suno.com.br\/noticias\/agenda-do-dia-tele-da-braskem-brkm5\/\",\"name\":\"Agenda do dia: IPCA e teleconfer\u00eancia da Braskem (BRKM5)\",\"isPartOf\":{\"@id\":\"https:\/\/www.suno.com.br\/noticias\/#website\"},\"primaryImageOfPage\":{\"@id\":\"https:\/\/www.suno.com.br\/noticias\/agenda-do-dia-tele-da-braskem-brkm5\/#primaryimage\"},\"image\":{\"@id\":\"https:\/\/www.suno.com.br\/noticias\/agenda-do-dia-tele-da-braskem-brkm5\/#primaryimage\"},\"thumbnailUrl\":\"https:\/\/files.sunoresearch.com.br\/n\/uploads\/2021\/03\/2aea17d9-agendadodia-jpg.webp\",\"datePublished\":\"2021-03-11T12:04:34+00:00\",\"description\":\"A agenda do dia desta quinta-feira (11) tem como destaque o IPCA do IBGE e a teleconfer\u00eancia da Braskem. Clique aqui para saber mais.\",\"breadcrumb\":{\"@id\":\"https:\/\/www.suno.com.br\/noticias\/agenda-do-dia-tele-da-braskem-brkm5\/#breadcrumb\"},\"inLanguage\":\"pt-BR\",\"potentialAction\":[{\"@type\":\"ReadAction\",\"target\":[\"https:\/\/www.suno.com.br\/noticias\/agenda-do-dia-tele-da-braskem-brkm5\/\"]}]},{\"@type\":\"ImageObject\",\"inLanguage\":\"pt-BR\",\"@id\":\"https:\/\/www.suno.com.br\/noticias\/agenda-do-dia-tele-da-braskem-brkm5\/#primaryimage\",\"url\":\"https:\/\/files.sunoresearch.com.br\/n\/uploads\/2021\/03\/2aea17d9-agendadodia-jpg.webp\",\"contentUrl\":\"https:\/\/files.sunoresearch.com.br\/n\/uploads\/2021\/03\/2aea17d9-agendadodia-jpg.webp\",\"width\":1024,\"height\":682,\"caption\":\"IPCA, infla\u00e7\u00e3o brasileira, \u00e9 destaque na agenda do dia\"},{\"@type\":\"BreadcrumbList\",\"@id\":\"https:\/\/www.suno.com.br\/noticias\/agenda-do-dia-tele-da-braskem-brkm5\/#breadcrumb\",\"itemListElement\":[{\"@type\":\"ListItem\",\"position\":1,\"name\":\"Not\u00edcias\",\"item\":\"https:\/\/www.suno.com.br\/noticias\/\"},{\"@type\":\"ListItem\",\"position\":2,\"name\":\"Mercado\",\"item\":\"https:\/\/www.suno.com.br\/noticias\/mercado\/\"},{\"@type\":\"ListItem\",\"position\":3,\"name\":\"Agenda do dia: IPCA e teleconfer\u00eancia da Braskem (BRKM5)\"}]},{\"@type\":\"WebSite\",\"@id\":\"https:\/\/www.suno.com.br\/noticias\/#website\",\"url\":\"https:\/\/www.suno.com.br\/noticias\/\",\"name\":\"Suno Not\u00edcias\",\"description\":\"Seu portal de informa\u00e7\u00e3o sobre o mundo dos investimentos\",\"publisher\":{\"@id\":\"https:\/\/www.suno.com.br\/noticias\/#organization\"},\"potentialAction\":[{\"@type\":\"SearchAction\",\"target\":{\"@type\":\"EntryPoint\",\"urlTemplate\":\"https:\/\/www.suno.com.br\/noticias\/?s={search_term_string}\"},\"query-input\":{\"@type\":\"PropertyValueSpecification\",\"valueRequired\":true,\"valueName\":\"search_term_string\"}}],\"inLanguage\":\"pt-BR\"},{\"@type\":\"Organization\",\"@id\":\"https:\/\/www.suno.com.br\/noticias\/#organization\",\"name\":\"Suno Not\u00edcias\",\"url\":\"https:\/\/www.suno.com.br\/noticias\/\",\"logo\":{\"@type\":\"ImageObject\",\"inLanguage\":\"pt-BR\",\"@id\":\"https:\/\/www.suno.com.br\/noticias\/#\/schema\/logo\/image\/\",\"url\":\"https:\/\/files.sunoresearch.com.br\/n\/uploads\/2021\/09\/suno-logo.png\",\"contentUrl\":\"https:\/\/files.sunoresearch.com.br\/n\/uploads\/2021\/09\/suno-logo.png\",\"width\":180,\"height\":180,\"caption\":\"Suno Not\u00edcias\"},\"image\":{\"@id\":\"https:\/\/www.suno.com.br\/noticias\/#\/schema\/logo\/image\/\"},\"sameAs\":[\"https:\/\/facebook.com\/sunoresearch\",\"https:\/\/x.com\/sunoresearch\",\"https:\/\/www.instagram.com\/suno\",\"https:\/\/www.linkedin.com\/company\/suno-research\/\",\"https:\/\/www.youtube.com\/c\/sunoresearch\"]},{\"@type\":\"Person\",\"@id\":\"https:\/\/www.suno.com.br\/noticias\/#\/schema\/person\/658d5fbc74d81f265f5df3562d0038ab\",\"name\":\"Vitor Azevedo\",\"image\":{\"@type\":\"ImageObject\",\"inLanguage\":\"pt-BR\",\"@id\":\"https:\/\/www.suno.com.br\/noticias\/#\/schema\/person\/image\/\",\"url\":\"https:\/\/secure.gravatar.com\/avatar\/62b86195291b446fe380824eb28b99a5?s=96&r=g\",\"contentUrl\":\"https:\/\/secure.gravatar.com\/avatar\/62b86195291b446fe380824eb28b99a5?s=96&r=g\",\"caption\":\"Vitor Azevedo\"},\"description\":\"Formado em jornalismo pela Unesp, escreve sobre economia e neg\u00f3cios para a Suno Not\u00edcias.\",\"url\":\"https:\/\/www.suno.com.br\/noticias\/author\/vitor-azevedo\/\"}]}<\/script>\n<!-- \/ Yoast SEO plugin. -->","yoast_head_json":{"title":"Agenda do dia: IPCA e teleconfer\u00eancia da Braskem (BRKM5)","description":"A agenda do dia desta quinta-feira (11) tem como destaque o IPCA do IBGE e a teleconfer\u00eancia da Braskem. Clique aqui para saber mais.","robots":{"index":"index","follow":"follow","max-snippet":"max-snippet:-1","max-image-preview":"max-image-preview:large","max-video-preview":"max-video-preview:-1"},"canonical":"https:\/\/www.suno.com.br\/noticias\/agenda-do-dia-tele-da-braskem-brkm5\/","og_locale":"pt_BR","og_type":"article","og_title":"Agenda do dia: IPCA e teleconfer\u00eancia da Braskem (BRKM5)","og_description":"A agenda do dia desta quinta-feira (11) tem como destaque o IPCA do IBGE e a teleconfer\u00eancia da Braskem. Clique aqui para saber mais.","og_url":"https:\/\/www.suno.com.br\/noticias\/agenda-do-dia-tele-da-braskem-brkm5\/","og_site_name":"Suno Not\u00edcias","article_publisher":"https:\/\/facebook.com\/sunoresearch","og_image":[{"width":1024,"height":682,"url":"https:\/\/files.sunoresearch.com.br\/n\/uploads\/2021\/03\/2aea17d9-agendadodia.jpg","type":"image\/jpeg"}],"author":"Vitor Azevedo","twitter_card":"summary_large_image","twitter_creator":"@sunoresearch","twitter_site":"@sunoresearch","twitter_misc":{"Escrito por":"Vitor Azevedo","Est. tempo de leitura":"2 minutos"},"schema":{"@context":"https:\/\/schema.org","@graph":[{"@type":"NewsArticle","@id":"https:\/\/www.suno.com.br\/noticias\/agenda-do-dia-tele-da-braskem-brkm5\/#article","isPartOf":{"@id":"https:\/\/www.suno.com.br\/noticias\/agenda-do-dia-tele-da-braskem-brkm5\/"},"author":{"name":"Vitor Azevedo","@id":"https:\/\/www.suno.com.br\/noticias\/#\/schema\/person\/658d5fbc74d81f265f5df3562d0038ab"},"headline":"Agenda do dia: IPCA e teleconfer\u00eancia da Braskem (BRKM5)","datePublished":"2021-03-11T12:04:34+00:00","mainEntityOfPage":{"@id":"https:\/\/www.suno.com.br\/noticias\/agenda-do-dia-tele-da-braskem-brkm5\/"},"wordCount":454,"publisher":{"@id":"https:\/\/www.suno.com.br\/noticias\/#organization"},"image":{"@id":"https:\/\/www.suno.com.br\/noticias\/agenda-do-dia-tele-da-braskem-brkm5\/#primaryimage"},"thumbnailUrl":"https:\/\/files.sunoresearch.com.br\/n\/uploads\/2021\/03\/2aea17d9-agendadodia-jpg.webp","keywords":["Aliansce Sonae (ALSO3)","Braskem (BRKM3\/BRKM5\/BRKM6)","BRMalls (BRML3)","Ecorodovias (ECOR3)","Energisa (ENGI11\/ENGI3\/ENGI4)","IPCA","Simpar (SIMH3)","Tenda (TEND3)"],"articleSection":["Mercado"],"inLanguage":"pt-BR"},{"@type":"WebPage","@id":"https:\/\/www.suno.com.br\/noticias\/agenda-do-dia-tele-da-braskem-brkm5\/","url":"https:\/\/www.suno.com.br\/noticias\/agenda-do-dia-tele-da-braskem-brkm5\/","name":"Agenda do dia: IPCA e teleconfer\u00eancia da Braskem (BRKM5)","isPartOf":{"@id":"https:\/\/www.suno.com.br\/noticias\/#website"},"primaryImageOfPage":{"@id":"https:\/\/www.suno.com.br\/noticias\/agenda-do-dia-tele-da-braskem-brkm5\/#primaryimage"},"image":{"@id":"https:\/\/www.suno.com.br\/noticias\/agenda-do-dia-tele-da-braskem-brkm5\/#primaryimage"},"thumbnailUrl":"https:\/\/files.sunoresearch.com.br\/n\/uploads\/2021\/03\/2aea17d9-agendadodia-jpg.webp","datePublished":"2021-03-11T12:04:34+00:00","description":"A agenda do dia desta quinta-feira (11) tem como destaque o IPCA do IBGE e a teleconfer\u00eancia da Braskem. Clique aqui para saber mais.","breadcrumb":{"@id":"https:\/\/www.suno.com.br\/noticias\/agenda-do-dia-tele-da-braskem-brkm5\/#breadcrumb"},"inLanguage":"pt-BR","potentialAction":[{"@type":"ReadAction","target":["https:\/\/www.suno.com.br\/noticias\/agenda-do-dia-tele-da-braskem-brkm5\/"]}]},{"@type":"ImageObject","inLanguage":"pt-BR","@id":"https:\/\/www.suno.com.br\/noticias\/agenda-do-dia-tele-da-braskem-brkm5\/#primaryimage","url":"https:\/\/files.sunoresearch.com.br\/n\/uploads\/2021\/03\/2aea17d9-agendadodia-jpg.webp","contentUrl":"https:\/\/files.sunoresearch.com.br\/n\/uploads\/2021\/03\/2aea17d9-agendadodia-jpg.webp","width":1024,"height":682,"caption":"IPCA, infla\u00e7\u00e3o brasileira, \u00e9 destaque na agenda do dia"},{"@type":"BreadcrumbList","@id":"https:\/\/www.suno.com.br\/noticias\/agenda-do-dia-tele-da-braskem-brkm5\/#breadcrumb","itemListElement":[{"@type":"ListItem","position":1,"name":"Not\u00edcias","item":"https:\/\/www.suno.com.br\/noticias\/"},{"@type":"ListItem","position":2,"name":"Mercado","item":"https:\/\/www.suno.com.br\/noticias\/mercado\/"},{"@type":"ListItem","position":3,"name":"Agenda do dia: IPCA e teleconfer\u00eancia da Braskem (BRKM5)"}]},{"@type":"WebSite","@id":"https:\/\/www.suno.com.br\/noticias\/#website","url":"https:\/\/www.suno.com.br\/noticias\/","name":"Suno Not\u00edcias","description":"Seu portal de informa\u00e7\u00e3o sobre o mundo dos investimentos","publisher":{"@id":"https:\/\/www.suno.com.br\/noticias\/#organization"},"potentialAction":[{"@type":"SearchAction","target":{"@type":"EntryPoint","urlTemplate":"https:\/\/www.suno.com.br\/noticias\/?s={search_term_string}"},"query-input":{"@type":"PropertyValueSpecification","valueRequired":true,"valueName":"search_term_string"}}],"inLanguage":"pt-BR"},{"@type":"Organization","@id":"https:\/\/www.suno.com.br\/noticias\/#organization","name":"Suno Not\u00edcias","url":"https:\/\/www.suno.com.br\/noticias\/","logo":{"@type":"ImageObject","inLanguage":"pt-BR","@id":"https:\/\/www.suno.com.br\/noticias\/#\/schema\/logo\/image\/","url":"https:\/\/files.sunoresearch.com.br\/n\/uploads\/2021\/09\/suno-logo.png","contentUrl":"https:\/\/files.sunoresearch.com.br\/n\/uploads\/2021\/09\/suno-logo.png","width":180,"height":180,"caption":"Suno Not\u00edcias"},"image":{"@id":"https:\/\/www.suno.com.br\/noticias\/#\/schema\/logo\/image\/"},"sameAs":["https:\/\/facebook.com\/sunoresearch","https:\/\/x.com\/sunoresearch","https:\/\/www.instagram.com\/suno","https:\/\/www.linkedin.com\/company\/suno-research\/","https:\/\/www.youtube.com\/c\/sunoresearch"]},{"@type":"Person","@id":"https:\/\/www.suno.com.br\/noticias\/#\/schema\/person\/658d5fbc74d81f265f5df3562d0038ab","name":"Vitor Azevedo","image":{"@type":"ImageObject","inLanguage":"pt-BR","@id":"https:\/\/www.suno.com.br\/noticias\/#\/schema\/person\/image\/","url":"https:\/\/secure.gravatar.com\/avatar\/62b86195291b446fe380824eb28b99a5?s=96&r=g","contentUrl":"https:\/\/secure.gravatar.com\/avatar\/62b86195291b446fe380824eb28b99a5?s=96&r=g","caption":"Vitor Azevedo"},"description":"Formado em jornalismo pela Unesp, escreve sobre economia e neg\u00f3cios para a Suno Not\u00edcias.","url":"https:\/\/www.suno.com.br\/noticias\/author\/vitor-azevedo\/"}]}},"default_loop_html":"<div class=\"cardsPage__listCard__boxs\"><div class=\"cardsPage__listCard__boxs__img\"><a href=\"https:\/\/www.suno.com.br\/noticias\/agenda-do-dia-tele-da-braskem-brkm5\/\"><img class=\"mask\" src=\"https:\/\/www.suno.com.br\/noticias\/wp-content\/themes\/suno\/resources\/images\/spotlight\/spotlight1img\/bg-mask.png\" alt=\"Image Mask\"\/><img src=\"https:\/\/files.sunoresearch.com.br\/n\/uploads\/2021\/03\/2aea17d9-agendadodia-400x200.webp\" alt=\"Agenda do dia: IPCA e teleconfer\u00eancia da Braskem (BRKM5)\"\/><\/a><span class=\"spotlightCategory\"><a href=\"https:\/\/www.suno.com.br\/noticias\/mercado\/\">Mercado<\/a><\/span><\/div><div class=\"cardsPage__listCard__boxs__content\"><a href=\"https:\/\/www.suno.com.br\/noticias\/agenda-do-dia-tele-da-braskem-brkm5\/\"><h2 class=\"content__title\">Agenda do dia: IPCA e teleconfer\u00eancia da Braskem (BRKM5)<\/h2><\/a><div class=\"newsContent__article__meta\"><div class=\"newsContent__article__meta__authorBox\"><a href=\"https:\/\/www.suno.com.br\/noticias\/author\/vitor-azevedo\/\" class=\"authorBox__avatar noMobi\"><img src=\"https:\/\/secure.gravatar.com\/avatar\/62b86195291b446fe380824eb28b99a5?s=96&#038;r=g\" alt=\"Vitor Azevedo\"><\/a><div class=\"authorBox__name\"><span>por\n\t\t\t<a href=\"https:\/\/www.suno.com.br\/noticias\/author\/vitor-azevedo\/\"><span itemprop=\"author\">Vitor Azevedo<\/span><\/a><\/span><time datetime=\"2021-03-11T09:04:34-03:00\" itemprop=\"datePublished\">11\/03\/2021 09:04<\/time><\/div><\/div><\/div><\/div><\/div>","single_layout":"posts","amp_enabled":true,"_links":{"self":[{"href":"https:\/\/www.suno.com.br\/noticias\/wp-json\/wp\/v2\/posts\/130966"}],"collection":[{"href":"https:\/\/www.suno.com.br\/noticias\/wp-json\/wp\/v2\/posts"}],"about":[{"href":"https:\/\/www.suno.com.br\/noticias\/wp-json\/wp\/v2\/types\/post"}],"author":[{"embeddable":true,"href":"https:\/\/www.suno.com.br\/noticias\/wp-json\/wp\/v2\/users\/59"}],"replies":[{"embeddable":true,"href":"https:\/\/www.suno.com.br\/noticias\/wp-json\/wp\/v2\/comments?post=130966"}],"version-history":[{"count":3,"href":"https:\/\/www.suno.com.br\/noticias\/wp-json\/wp\/v2\/posts\/130966\/revisions"}],"predecessor-version":[{"id":130980,"href":"https:\/\/www.suno.com.br\/noticias\/wp-json\/wp\/v2\/posts\/130966\/revisions\/130980"}],"wp:featuredmedia":[{"embeddable":true,"href":"https:\/\/www.suno.com.br\/noticias\/wp-json\/wp\/v2\/media\/130974"}],"wp:attachment":[{"href":"https:\/\/www.suno.com.br\/noticias\/wp-json\/wp\/v2\/media?parent=130966"}],"wp:term":[{"taxonomy":"category","embeddable":true,"href":"https:\/\/www.suno.com.br\/noticias\/wp-json\/wp\/v2\/categories?post=130966"},{"taxonomy":"post_tag","embeddable":true,"href":"https:\/\/www.suno.com.br\/noticias\/wp-json\/wp\/v2\/tags?post=130966"},{"taxonomy":"suno_strategy","embeddable":true,"href":"https:\/\/www.suno.com.br\/noticias\/wp-json\/wp\/v2\/suno_strategy?post=130966"}],"curies":[{"name":"wp","href":"https:\/\/api.w.org\/{rel}","templated":true}]}}