{"id":130858,"date":"2021-03-10T17:41:36","date_gmt":"2021-03-10T20:41:36","guid":{"rendered":"https:\/\/www.suno.com.br\/noticias\/?p=130858"},"modified":"2021-06-24T02:05:51","modified_gmt":"2021-06-24T05:05:51","slug":"dolar-queda-249-10032021","status":"publish","type":"post","link":"https:\/\/www.suno.com.br\/noticias\/dolar-queda-249-10032021\/","title":{"rendered":"D\u00f3lar tem queda de 2,49% e fecha a R$ 5,65"},"content":{"rendered":"<p>O <strong>d\u00f3lar<\/strong> encerrou o preg\u00e3o desta quarta-feira (10) em alta de 2,498%, negociado a R$ 5,6526.<\/p>\t<div class=\"wrapper-featured-image\">\n\t\t<figure class=\"spotlightImg\">\n\n\t\t\t<picture>\n\t\t\t\t<source media=\"(max-width: 768px)\" srcset=\"https:\/\/files.sunoresearch.com.br\/n\/uploads\/2021\/03\/118c00f3-dolar-400x200.webp\">\n\t\t\t\t<img loading=\"lazy\" decoding=\"async\" class=\"newsContent__article__imgCapa lazyloadDisabled \" src=\"https:\/\/files.sunoresearch.com.br\/n\/uploads\/2021\/03\/118c00f3-dolar-800x450.webp\" width=\"800\" height=\"450\" alt=\"D\u00f3lar tem queda de 2,49% e fecha a R$ 5,65\" fetchpriority=high \/>\n\t\t\t<\/picture>\n\n\t\t\t<figcaption class=\"wp-caption-text wp-caption-text--show\">D\u00f3lar <\/figcaption>\n\t\t<\/figure>\n\t<\/div>\n\n\n\t<p>\n\t\t<a href=\"https:\/\/lp.suno.com.br\/planilha-controle-gastos\/\" target=\"_blank\" data-element=\"shortcode-suno-banner\" title=\"Banner SUNO, clique e saiba mais\">\n\t\t\t<picture>\n\t\t\t\t<source media=\"(max-width: 500px)\" srcset=\"https:\/\/files.sunoresearch.com.br\/n\/uploads\/2023\/03\/400x300-Planilha-controle-de-gastos.png\">\n\t\t\t\t<img class=\"newsContent__article__imgCapa newsContent__article__imgCapa--banner\"\n\t\t\t\t\tsrc=\"https:\/\/files.sunoresearch.com.br\/n\/uploads\/2023\/03\/1420x240-Planilha-controle-de-gastos.png\"\n\t\t\t\t\tdata-promo-id=\"101751\"\t\t\t\t\t\t\t\t\t\twidth='1420' height='240'\t\t\t\t\talt=\"https:\/\/files.sunoresearch.com.br\/n\/uploads\/2023\/03\/1420x240-Planilha-controle-de-gastos.png\"\n\t\t\t\t>\n\t\t\t<\/picture>\n\t\t<\/a>\n\t<\/p>\n\n\n<p>O <strong>d\u00f3lar<\/strong> operou em queda no preg\u00e3o com o mercado acompanhando a tramita\u00e7\u00e3o da PEC Emergencial e o desenvolvimento da pandemia da Covid-19 no Brasil, com novo recorde em n\u00fameros de \u00f3bitos e admiss\u00e3o pelo Minist\u00e9rio da Sa\u00fade de que pode faltar vacina.<\/p>\n<p>Al\u00e9m disso, os investidores acompanham os an\u00fancios desta tarde sobre os Estados Unidos. O Congresso aprovou nesta quarta-feira o pacote fiscal de US$ 1,9 trilh\u00e3o \u00e0 economia norte-americana.<\/p>\n<p><a href=\"https:\/\/lp.suno.com.br\/suno-one\/\">Suno One: acesse gratuitamente eBooks, Minicursos, Artigos e V\u00eddeo Aulas sobre investimentos com um \u00fanico cadastro. Clique para saber mais!<\/a><\/p>\n<p>Com isso, confira outras not\u00edcias importantes do dia:<\/p>\n<ul>\n<li>Em vit\u00f3ria de Biden, Congresso aprova pacote fiscal de US$ 1,9 trilh\u00e3o<\/li>\n<li>C\u00e2mara aprova PEC Emergencial em primeiro turno por 341 votos a 121<\/li>\n<li>Bolsonaro tem dez pontos a frente de Lula para 2022, diz pesquisa da CNN<\/li>\n<\/ul>\n<h2>Pacote fiscal nos EUA<\/h2>\n<p>A C\u00e2mara dos Representantes aprovou nesta quarta-feira (10) a vers\u00e3o final do pacote fiscal de US$ 1,9 trilh\u00e3o proposto pelo governo americano.<\/p>\n<p>Foi a primeira vit\u00f3ria legislativa do presidente dos Estados Unidos, Joe Biden, que assumiu o cargo em 20 de janeiro. De acordo com a Casa Branca, o democrata assinar\u00e1 a legisla\u00e7\u00e3o na pr\u00f3xima sexta-feira (12).<\/p>\n<p>A proposta de est\u00edmulos j\u00e1 havia sido aprovada na C\u00e2mara no final de fevereiro, mas voltou para an\u00e1lise dos deputados ap\u00f3s sofrer altera\u00e7\u00f5es no Senado.<\/p>\n<h2>\u00a0PEC emergencial<\/h2>\n<p>A C\u00e2mara dos Deputados aprovou na madrugada desta quarta-feira (10) em primeiro turno, o texto da proposta de emenda \u00e0 Constitui\u00e7\u00e3o (<strong>PEC<\/strong>) que recria o aux\u00edlio emergencial e institui mecanismos de ajuste nas despesas, como congelamento de sal\u00e1rios de servidores, quando h\u00e1 elevado comprometimento das finan\u00e7as de Uni\u00e3o, Estados e munic\u00edpios.<\/p>\n<p>O sinal verde veio depois de o pr\u00f3prio<strong> presidente Jair Bolsonaro<\/strong> ter endossado, a contragosto do Minist\u00e9rio da Economia, uma tentativa de fatiar a PEC para deixar de fora parte das medidas duras. A investida acabou n\u00e3o vingando.<\/p>\n\t<div data-element=\"shortcode-read-more\" class=\"knowMore\">\n\t\t\t\t<span class=\"knowMore__title\">Saiba mais<\/span>\n\t\t\t\t<a class=\"knowMore__link\" href=\"https:\/\/www.suno.com.br\/noticias\/camara-aprova-pec-emergencial-em-primeiro-turno\/\">\n\t\t\tC\u00e2mara aprova PEC Emergencial em primeiro turno por 341 votos a 121\t\t<\/a>\n\t<\/div>\n\n\n<h2>Bolsonaro x Lula<\/h2>\n<p>Na primeira pesquisa sobre as elei\u00e7\u00f5es de 2022 ap\u00f3s a anula\u00e7\u00e3o das condena\u00e7\u00f5es do ex-presidente Luiz In\u00e1cio Lula da Silva (PT), o atual presidente <strong>Jair Bolsonaro<\/strong> (sem partido) lidera a corrida presidencial e tem dez pontos a frente do petista, segundo pesquisa realizada pela parceria CNN\/Instituto Real Time Big Data e divulgada nesta quarta-feira (10).<\/p>\n<p>Segundo a pesquisa, Bolsonaro tem 31% das inten\u00e7\u00f5es de votos. J\u00e1 Lula, o segundo colocado, possui 21%. A margem de erro \u00e9 de tr\u00eas pontos percentuais para mais ou para menos.<\/p>\n<p>Al\u00e9m de Lula e Bolsonaro, h\u00e1 um empate t\u00e9cnico no terceiro lugar. O ex-ministro S\u00e9rgio Moro (sem partido), com 10%, Ciro Gomes (PDT), com 9%, Luciano Huck. com 7% e Jo\u00e3o Doria, com 4% das inten\u00e7\u00f5es de voto, aparecem empatados.<\/p>\n\t<div data-element=\"shortcode-read-more\" class=\"knowMore\">\n\t\t\t\t<span class=\"knowMore__title\">Saiba mais<\/span>\n\t\t\t\t<a class=\"knowMore__link\" href=\"https:\/\/www.suno.com.br\/noticias\/bolsonaro-tem-dez-pontos-a-frente-de-lula-para-2022-diz-pesquisa-da-cnn\/\">\n\t\t\tBolsonaro tem dez pontos a frente de Lula para 2022, diz pesquisa da CNN\t\t<\/a>\n\t<\/div>\n\n\n<h2>\u00daltima cota\u00e7\u00e3o do d\u00f3lar<\/h2>\n<p>Na \u00faltima sess\u00e3o, ter\u00e7a-feira (9), o <strong>d\u00f3lar<\/strong> encerrou o preg\u00e3o em alta de 0,24%, negociado a R$ 5,79.<\/p>\n\t<p>\n\t\t<a href=\"https:\/\/lp.suno.com.br\/planilha-de-controle-de-investimentos\/\" target=\"_blank\" data-element=\"shortcode-suno-banner\" title=\"Banner SUNO, clique e saiba mais\">\n\t\t\t<picture>\n\t\t\t\t<source media=\"(max-width: 500px)\" srcset=\"https:\/\/files.sunoresearch.com.br\/n\/uploads\/2023\/03\/400x300-Controle-de-Investimentos.png\">\n\t\t\t\t<img class=\"newsContent__article__imgCapa newsContent__article__imgCapa--banner\"\n\t\t\t\t\tsrc=\"https:\/\/files.sunoresearch.com.br\/n\/uploads\/2023\/03\/1420x240-Controle-de-Investimentos.png\"\n\t\t\t\t\tdata-promo-id=\"75934\"\t\t\t\t\t\t\t\t\t\twidth='1420' height='240'\t\t\t\t\talt=\"https:\/\/files.sunoresearch.com.br\/n\/uploads\/2023\/03\/1420x240-Controle-de-Investimentos.png\"\n\t\t\t\t>\n\t\t\t<\/picture>\n\t\t<\/a>\n\t<\/p>\n\n\n","protected":false},"excerpt":{"rendered":"<p>O d\u00f3lar encerrou o preg\u00e3o desta quarta-feira (10) em alta de 2,498%, negociado a R$ 5,6526. D\u00f3lar O d\u00f3lar operou em queda no preg\u00e3o com o mercado acompanhando a tramita\u00e7\u00e3o da PEC Emergencial e o desenvolvimento da pandemia da Covid-19 no Brasil, com novo recorde em n\u00fameros de \u00f3bitos e admiss\u00e3o pelo Minist\u00e9rio da Sa\u00fade [&hellip;]<\/p>\n","protected":false},"author":56,"featured_media":130522,"comment_status":"closed","ping_status":"closed","sticky":false,"template":"","format":"standard","meta":[],"categories":[60],"tags":[326,104868,719,709,18923,105707],"suno_strategy":[],"class_list":["post-130858","post","type-post","status-publish","format-standard","has-post-thumbnail","hentry","category-mercado","tag-dolar","tag-eleicoes-americanas","tag-jair-bolsonaro","tag-lula","tag-pacote-de-auxilio","tag-pacote-de-estimulos"],"yoast_head":"<!-- This site is optimized with the Yoast SEO plugin v24.4 - https:\/\/yoast.com\/wordpress\/plugins\/seo\/ -->\n<title>D\u00f3lar tem queda de 2,49% e fecha negociado a R$ 5,65<\/title>\n<meta name=\"description\" content=\"O d\u00f3lar operou em queda no preg\u00e3o com o mercado acompanhando a tramita\u00e7\u00e3o da PEC Emergencial. Clique aqui para saber mais.\" \/>\n<meta name=\"robots\" content=\"index, follow, max-snippet:-1, max-image-preview:large, max-video-preview:-1\" \/>\n<link rel=\"canonical\" href=\"https:\/\/www.suno.com.br\/noticias\/dolar-queda-249-10032021\/\" \/>\n<meta property=\"og:locale\" content=\"pt_BR\" \/>\n<meta property=\"og:type\" content=\"article\" \/>\n<meta property=\"og:title\" content=\"D\u00f3lar tem queda de 2,49% e fecha negociado a R$ 5,65\" \/>\n<meta property=\"og:description\" content=\"O d\u00f3lar operou em queda no preg\u00e3o com o mercado acompanhando a tramita\u00e7\u00e3o da PEC Emergencial. Clique aqui para saber mais.\" \/>\n<meta property=\"og:url\" content=\"https:\/\/www.suno.com.br\/noticias\/dolar-queda-249-10032021\/\" \/>\n<meta property=\"og:site_name\" content=\"Suno Not\u00edcias\" \/>\n<meta property=\"article:publisher\" content=\"https:\/\/facebook.com\/sunoresearch\" \/>\n<meta property=\"og:image\" content=\"https:\/\/files.sunoresearch.com.br\/n\/uploads\/2021\/03\/118c00f3-dolar.jpg\" \/>\n\t<meta property=\"og:image:width\" content=\"960\" \/>\n\t<meta property=\"og:image:height\" content=\"540\" \/>\n\t<meta property=\"og:image:type\" content=\"image\/jpeg\" \/>\n<meta name=\"author\" content=\"Rafaela La Regina\" \/>\n<meta name=\"twitter:card\" content=\"summary_large_image\" \/>\n<meta name=\"twitter:creator\" content=\"@sunoresearch\" \/>\n<meta name=\"twitter:site\" content=\"@sunoresearch\" \/>\n<meta name=\"twitter:label1\" content=\"Escrito por\" \/>\n\t<meta name=\"twitter:data1\" content=\"Rafaela La Regina\" \/>\n\t<meta name=\"twitter:label2\" content=\"Est. tempo de leitura\" \/>\n\t<meta name=\"twitter:data2\" content=\"3 minutos\" \/>\n<script type=\"application\/ld+json\" class=\"yoast-schema-graph\">{\"@context\":\"https:\/\/schema.org\",\"@graph\":[{\"@type\":\"NewsArticle\",\"@id\":\"https:\/\/www.suno.com.br\/noticias\/dolar-queda-249-10032021\/#article\",\"isPartOf\":{\"@id\":\"https:\/\/www.suno.com.br\/noticias\/dolar-queda-249-10032021\/\"},\"author\":{\"name\":\"Rafaela La Regina\",\"@id\":\"https:\/\/www.suno.com.br\/noticias\/#\/schema\/person\/e672ca8cea627fe715fa29bca7da95e0\"},\"headline\":\"D\u00f3lar tem queda de 2,49% e fecha a R$ 5,65\",\"datePublished\":\"2021-03-10T20:41:36+00:00\",\"dateModified\":\"2021-06-24T05:05:51+00:00\",\"mainEntityOfPage\":{\"@id\":\"https:\/\/www.suno.com.br\/noticias\/dolar-queda-249-10032021\/\"},\"wordCount\":540,\"publisher\":{\"@id\":\"https:\/\/www.suno.com.br\/noticias\/#organization\"},\"image\":{\"@id\":\"https:\/\/www.suno.com.br\/noticias\/dolar-queda-249-10032021\/#primaryimage\"},\"thumbnailUrl\":\"https:\/\/files.sunoresearch.com.br\/n\/uploads\/2021\/03\/118c00f3-dolar-jpg.webp\",\"keywords\":[\"d\u00f3lar\",\"Elei\u00e7\u00f5es americanas\",\"Jair Bolsonaro\",\"Lula\",\"pacote de aux\u00edlio\",\"pacote de est\u00edmulos\"],\"articleSection\":[\"Mercado\"],\"inLanguage\":\"pt-BR\"},{\"@type\":\"WebPage\",\"@id\":\"https:\/\/www.suno.com.br\/noticias\/dolar-queda-249-10032021\/\",\"url\":\"https:\/\/www.suno.com.br\/noticias\/dolar-queda-249-10032021\/\",\"name\":\"D\u00f3lar tem queda de 2,49% e fecha negociado a R$ 5,65\",\"isPartOf\":{\"@id\":\"https:\/\/www.suno.com.br\/noticias\/#website\"},\"primaryImageOfPage\":{\"@id\":\"https:\/\/www.suno.com.br\/noticias\/dolar-queda-249-10032021\/#primaryimage\"},\"image\":{\"@id\":\"https:\/\/www.suno.com.br\/noticias\/dolar-queda-249-10032021\/#primaryimage\"},\"thumbnailUrl\":\"https:\/\/files.sunoresearch.com.br\/n\/uploads\/2021\/03\/118c00f3-dolar-jpg.webp\",\"datePublished\":\"2021-03-10T20:41:36+00:00\",\"dateModified\":\"2021-06-24T05:05:51+00:00\",\"description\":\"O d\u00f3lar operou em queda no preg\u00e3o com o mercado acompanhando a tramita\u00e7\u00e3o da PEC Emergencial. Clique aqui para saber mais.\",\"breadcrumb\":{\"@id\":\"https:\/\/www.suno.com.br\/noticias\/dolar-queda-249-10032021\/#breadcrumb\"},\"inLanguage\":\"pt-BR\",\"potentialAction\":[{\"@type\":\"ReadAction\",\"target\":[\"https:\/\/www.suno.com.br\/noticias\/dolar-queda-249-10032021\/\"]}]},{\"@type\":\"ImageObject\",\"inLanguage\":\"pt-BR\",\"@id\":\"https:\/\/www.suno.com.br\/noticias\/dolar-queda-249-10032021\/#primaryimage\",\"url\":\"https:\/\/files.sunoresearch.com.br\/n\/uploads\/2021\/03\/118c00f3-dolar-jpg.webp\",\"contentUrl\":\"https:\/\/files.sunoresearch.com.br\/n\/uploads\/2021\/03\/118c00f3-dolar-jpg.webp\",\"width\":960,\"height\":540,\"caption\":\"D\u00f3lar\"},{\"@type\":\"BreadcrumbList\",\"@id\":\"https:\/\/www.suno.com.br\/noticias\/dolar-queda-249-10032021\/#breadcrumb\",\"itemListElement\":[{\"@type\":\"ListItem\",\"position\":1,\"name\":\"Not\u00edcias\",\"item\":\"https:\/\/www.suno.com.br\/noticias\/\"},{\"@type\":\"ListItem\",\"position\":2,\"name\":\"Mercado\",\"item\":\"https:\/\/www.suno.com.br\/noticias\/mercado\/\"},{\"@type\":\"ListItem\",\"position\":3,\"name\":\"D\u00f3lar tem queda de 2,49% e fecha a R$ 5,65\"}]},{\"@type\":\"WebSite\",\"@id\":\"https:\/\/www.suno.com.br\/noticias\/#website\",\"url\":\"https:\/\/www.suno.com.br\/noticias\/\",\"name\":\"Suno Not\u00edcias\",\"description\":\"Seu portal de informa\u00e7\u00e3o sobre o mundo dos investimentos\",\"publisher\":{\"@id\":\"https:\/\/www.suno.com.br\/noticias\/#organization\"},\"potentialAction\":[{\"@type\":\"SearchAction\",\"target\":{\"@type\":\"EntryPoint\",\"urlTemplate\":\"https:\/\/www.suno.com.br\/noticias\/?s={search_term_string}\"},\"query-input\":{\"@type\":\"PropertyValueSpecification\",\"valueRequired\":true,\"valueName\":\"search_term_string\"}}],\"inLanguage\":\"pt-BR\"},{\"@type\":\"Organization\",\"@id\":\"https:\/\/www.suno.com.br\/noticias\/#organization\",\"name\":\"Suno Not\u00edcias\",\"url\":\"https:\/\/www.suno.com.br\/noticias\/\",\"logo\":{\"@type\":\"ImageObject\",\"inLanguage\":\"pt-BR\",\"@id\":\"https:\/\/www.suno.com.br\/noticias\/#\/schema\/logo\/image\/\",\"url\":\"https:\/\/files.sunoresearch.com.br\/n\/uploads\/2021\/09\/suno-logo.png\",\"contentUrl\":\"https:\/\/files.sunoresearch.com.br\/n\/uploads\/2021\/09\/suno-logo.png\",\"width\":180,\"height\":180,\"caption\":\"Suno Not\u00edcias\"},\"image\":{\"@id\":\"https:\/\/www.suno.com.br\/noticias\/#\/schema\/logo\/image\/\"},\"sameAs\":[\"https:\/\/facebook.com\/sunoresearch\",\"https:\/\/x.com\/sunoresearch\",\"https:\/\/www.instagram.com\/suno\",\"https:\/\/www.linkedin.com\/company\/suno-research\/\",\"https:\/\/www.youtube.com\/c\/sunoresearch\"]},{\"@type\":\"Person\",\"@id\":\"https:\/\/www.suno.com.br\/noticias\/#\/schema\/person\/e672ca8cea627fe715fa29bca7da95e0\",\"name\":\"Rafaela La Regina\",\"image\":{\"@type\":\"ImageObject\",\"inLanguage\":\"pt-BR\",\"@id\":\"https:\/\/www.suno.com.br\/noticias\/#\/schema\/person\/image\/\",\"url\":\"https:\/\/secure.gravatar.com\/avatar\/d2c75a52d243deb93d0465fdcb21bd37?s=96&r=g\",\"contentUrl\":\"https:\/\/secure.gravatar.com\/avatar\/d2c75a52d243deb93d0465fdcb21bd37?s=96&r=g\",\"caption\":\"Rafaela La Regina\"},\"description\":\"Estagi\u00e1ria no Suno Not\u00edcias. Escreve sobre economia, pol\u00edtica e neg\u00f3cios. Estuda Rela\u00e7\u00f5es Internacionais no IBMEC-SP.\",\"url\":\"https:\/\/www.suno.com.br\/noticias\/author\/rafaela-la-regina\/\"}]}<\/script>\n<!-- \/ Yoast SEO plugin. -->","yoast_head_json":{"title":"D\u00f3lar tem queda de 2,49% e fecha negociado a R$ 5,65","description":"O d\u00f3lar operou em queda no preg\u00e3o com o mercado acompanhando a tramita\u00e7\u00e3o da PEC Emergencial. Clique aqui para saber mais.","robots":{"index":"index","follow":"follow","max-snippet":"max-snippet:-1","max-image-preview":"max-image-preview:large","max-video-preview":"max-video-preview:-1"},"canonical":"https:\/\/www.suno.com.br\/noticias\/dolar-queda-249-10032021\/","og_locale":"pt_BR","og_type":"article","og_title":"D\u00f3lar tem queda de 2,49% e fecha negociado a R$ 5,65","og_description":"O d\u00f3lar operou em queda no preg\u00e3o com o mercado acompanhando a tramita\u00e7\u00e3o da PEC Emergencial. Clique aqui para saber mais.","og_url":"https:\/\/www.suno.com.br\/noticias\/dolar-queda-249-10032021\/","og_site_name":"Suno Not\u00edcias","article_publisher":"https:\/\/facebook.com\/sunoresearch","og_image":[{"width":960,"height":540,"url":"https:\/\/files.sunoresearch.com.br\/n\/uploads\/2021\/03\/118c00f3-dolar.jpg","type":"image\/jpeg"}],"author":"Rafaela La Regina","twitter_card":"summary_large_image","twitter_creator":"@sunoresearch","twitter_site":"@sunoresearch","twitter_misc":{"Escrito por":"Rafaela La Regina","Est. tempo de leitura":"3 minutos"},"schema":{"@context":"https:\/\/schema.org","@graph":[{"@type":"NewsArticle","@id":"https:\/\/www.suno.com.br\/noticias\/dolar-queda-249-10032021\/#article","isPartOf":{"@id":"https:\/\/www.suno.com.br\/noticias\/dolar-queda-249-10032021\/"},"author":{"name":"Rafaela La Regina","@id":"https:\/\/www.suno.com.br\/noticias\/#\/schema\/person\/e672ca8cea627fe715fa29bca7da95e0"},"headline":"D\u00f3lar tem queda de 2,49% e fecha a R$ 5,65","datePublished":"2021-03-10T20:41:36+00:00","dateModified":"2021-06-24T05:05:51+00:00","mainEntityOfPage":{"@id":"https:\/\/www.suno.com.br\/noticias\/dolar-queda-249-10032021\/"},"wordCount":540,"publisher":{"@id":"https:\/\/www.suno.com.br\/noticias\/#organization"},"image":{"@id":"https:\/\/www.suno.com.br\/noticias\/dolar-queda-249-10032021\/#primaryimage"},"thumbnailUrl":"https:\/\/files.sunoresearch.com.br\/n\/uploads\/2021\/03\/118c00f3-dolar-jpg.webp","keywords":["d\u00f3lar","Elei\u00e7\u00f5es americanas","Jair Bolsonaro","Lula","pacote de aux\u00edlio","pacote de est\u00edmulos"],"articleSection":["Mercado"],"inLanguage":"pt-BR"},{"@type":"WebPage","@id":"https:\/\/www.suno.com.br\/noticias\/dolar-queda-249-10032021\/","url":"https:\/\/www.suno.com.br\/noticias\/dolar-queda-249-10032021\/","name":"D\u00f3lar tem queda de 2,49% e fecha negociado a R$ 5,65","isPartOf":{"@id":"https:\/\/www.suno.com.br\/noticias\/#website"},"primaryImageOfPage":{"@id":"https:\/\/www.suno.com.br\/noticias\/dolar-queda-249-10032021\/#primaryimage"},"image":{"@id":"https:\/\/www.suno.com.br\/noticias\/dolar-queda-249-10032021\/#primaryimage"},"thumbnailUrl":"https:\/\/files.sunoresearch.com.br\/n\/uploads\/2021\/03\/118c00f3-dolar-jpg.webp","datePublished":"2021-03-10T20:41:36+00:00","dateModified":"2021-06-24T05:05:51+00:00","description":"O d\u00f3lar operou em queda no preg\u00e3o com o mercado acompanhando a tramita\u00e7\u00e3o da PEC Emergencial. Clique aqui para saber mais.","breadcrumb":{"@id":"https:\/\/www.suno.com.br\/noticias\/dolar-queda-249-10032021\/#breadcrumb"},"inLanguage":"pt-BR","potentialAction":[{"@type":"ReadAction","target":["https:\/\/www.suno.com.br\/noticias\/dolar-queda-249-10032021\/"]}]},{"@type":"ImageObject","inLanguage":"pt-BR","@id":"https:\/\/www.suno.com.br\/noticias\/dolar-queda-249-10032021\/#primaryimage","url":"https:\/\/files.sunoresearch.com.br\/n\/uploads\/2021\/03\/118c00f3-dolar-jpg.webp","contentUrl":"https:\/\/files.sunoresearch.com.br\/n\/uploads\/2021\/03\/118c00f3-dolar-jpg.webp","width":960,"height":540,"caption":"D\u00f3lar"},{"@type":"BreadcrumbList","@id":"https:\/\/www.suno.com.br\/noticias\/dolar-queda-249-10032021\/#breadcrumb","itemListElement":[{"@type":"ListItem","position":1,"name":"Not\u00edcias","item":"https:\/\/www.suno.com.br\/noticias\/"},{"@type":"ListItem","position":2,"name":"Mercado","item":"https:\/\/www.suno.com.br\/noticias\/mercado\/"},{"@type":"ListItem","position":3,"name":"D\u00f3lar tem queda de 2,49% e fecha a R$ 5,65"}]},{"@type":"WebSite","@id":"https:\/\/www.suno.com.br\/noticias\/#website","url":"https:\/\/www.suno.com.br\/noticias\/","name":"Suno Not\u00edcias","description":"Seu portal de informa\u00e7\u00e3o sobre o mundo dos investimentos","publisher":{"@id":"https:\/\/www.suno.com.br\/noticias\/#organization"},"potentialAction":[{"@type":"SearchAction","target":{"@type":"EntryPoint","urlTemplate":"https:\/\/www.suno.com.br\/noticias\/?s={search_term_string}"},"query-input":{"@type":"PropertyValueSpecification","valueRequired":true,"valueName":"search_term_string"}}],"inLanguage":"pt-BR"},{"@type":"Organization","@id":"https:\/\/www.suno.com.br\/noticias\/#organization","name":"Suno Not\u00edcias","url":"https:\/\/www.suno.com.br\/noticias\/","logo":{"@type":"ImageObject","inLanguage":"pt-BR","@id":"https:\/\/www.suno.com.br\/noticias\/#\/schema\/logo\/image\/","url":"https:\/\/files.sunoresearch.com.br\/n\/uploads\/2021\/09\/suno-logo.png","contentUrl":"https:\/\/files.sunoresearch.com.br\/n\/uploads\/2021\/09\/suno-logo.png","width":180,"height":180,"caption":"Suno Not\u00edcias"},"image":{"@id":"https:\/\/www.suno.com.br\/noticias\/#\/schema\/logo\/image\/"},"sameAs":["https:\/\/facebook.com\/sunoresearch","https:\/\/x.com\/sunoresearch","https:\/\/www.instagram.com\/suno","https:\/\/www.linkedin.com\/company\/suno-research\/","https:\/\/www.youtube.com\/c\/sunoresearch"]},{"@type":"Person","@id":"https:\/\/www.suno.com.br\/noticias\/#\/schema\/person\/e672ca8cea627fe715fa29bca7da95e0","name":"Rafaela La Regina","image":{"@type":"ImageObject","inLanguage":"pt-BR","@id":"https:\/\/www.suno.com.br\/noticias\/#\/schema\/person\/image\/","url":"https:\/\/secure.gravatar.com\/avatar\/d2c75a52d243deb93d0465fdcb21bd37?s=96&r=g","contentUrl":"https:\/\/secure.gravatar.com\/avatar\/d2c75a52d243deb93d0465fdcb21bd37?s=96&r=g","caption":"Rafaela La Regina"},"description":"Estagi\u00e1ria no Suno Not\u00edcias. Escreve sobre economia, pol\u00edtica e neg\u00f3cios. Estuda Rela\u00e7\u00f5es Internacionais no IBMEC-SP.","url":"https:\/\/www.suno.com.br\/noticias\/author\/rafaela-la-regina\/"}]}},"default_loop_html":"<div class=\"cardsPage__listCard__boxs\"><div class=\"cardsPage__listCard__boxs__img\"><a href=\"https:\/\/www.suno.com.br\/noticias\/dolar-queda-249-10032021\/\"><img class=\"mask\" src=\"https:\/\/www.suno.com.br\/noticias\/wp-content\/themes\/suno\/resources\/images\/spotlight\/spotlight1img\/bg-mask.png\" alt=\"Image Mask\"\/><img src=\"https:\/\/files.sunoresearch.com.br\/n\/uploads\/2021\/03\/118c00f3-dolar-400x200.webp\" alt=\"D\u00f3lar tem queda de 2,49% e fecha a R$ 5,65\"\/><\/a><span class=\"spotlightCategory\"><a href=\"https:\/\/www.suno.com.br\/noticias\/mercado\/\">Mercado<\/a><\/span><\/div><div class=\"cardsPage__listCard__boxs__content\"><a href=\"https:\/\/www.suno.com.br\/noticias\/dolar-queda-249-10032021\/\"><h2 class=\"content__title\">D\u00f3lar tem queda de 2,49% e fecha a R$ 5,65<\/h2><\/a><div class=\"newsContent__article__meta\"><div class=\"newsContent__article__meta__authorBox\"><a href=\"https:\/\/www.suno.com.br\/noticias\/author\/rafaela-la-regina\/\" class=\"authorBox__avatar noMobi\"><img src=\"https:\/\/secure.gravatar.com\/avatar\/d2c75a52d243deb93d0465fdcb21bd37?s=96&#038;r=g\" alt=\"Rafaela La Regina\"><\/a><div class=\"authorBox__name\"><span>por\n\t\t\t<a href=\"https:\/\/www.suno.com.br\/noticias\/author\/rafaela-la-regina\/\"><span itemprop=\"author\">Rafaela La Regina<\/span><\/a><\/span><time datetime=\"2021-03-10T17:41:36-03:00\" itemprop=\"datePublished\">10\/03\/2021 17:41<\/time><\/div><\/div><\/div><\/div><\/div>","single_layout":"posts","amp_enabled":true,"_links":{"self":[{"href":"https:\/\/www.suno.com.br\/noticias\/wp-json\/wp\/v2\/posts\/130858"}],"collection":[{"href":"https:\/\/www.suno.com.br\/noticias\/wp-json\/wp\/v2\/posts"}],"about":[{"href":"https:\/\/www.suno.com.br\/noticias\/wp-json\/wp\/v2\/types\/post"}],"author":[{"embeddable":true,"href":"https:\/\/www.suno.com.br\/noticias\/wp-json\/wp\/v2\/users\/56"}],"replies":[{"embeddable":true,"href":"https:\/\/www.suno.com.br\/noticias\/wp-json\/wp\/v2\/comments?post=130858"}],"version-history":[{"count":1,"href":"https:\/\/www.suno.com.br\/noticias\/wp-json\/wp\/v2\/posts\/130858\/revisions"}],"predecessor-version":[{"id":130871,"href":"https:\/\/www.suno.com.br\/noticias\/wp-json\/wp\/v2\/posts\/130858\/revisions\/130871"}],"wp:featuredmedia":[{"embeddable":true,"href":"https:\/\/www.suno.com.br\/noticias\/wp-json\/wp\/v2\/media\/130522"}],"wp:attachment":[{"href":"https:\/\/www.suno.com.br\/noticias\/wp-json\/wp\/v2\/media?parent=130858"}],"wp:term":[{"taxonomy":"category","embeddable":true,"href":"https:\/\/www.suno.com.br\/noticias\/wp-json\/wp\/v2\/categories?post=130858"},{"taxonomy":"post_tag","embeddable":true,"href":"https:\/\/www.suno.com.br\/noticias\/wp-json\/wp\/v2\/tags?post=130858"},{"taxonomy":"suno_strategy","embeddable":true,"href":"https:\/\/www.suno.com.br\/noticias\/wp-json\/wp\/v2\/suno_strategy?post=130858"}],"curies":[{"name":"wp","href":"https:\/\/api.w.org\/{rel}","templated":true}]}}