{"id":13076,"date":"2019-01-28T07:39:19","date_gmt":"2019-01-28T09:39:19","guid":{"rendered":"https:\/\/www.suno.com.br\/noticias\/?p=13076"},"modified":"2019-01-28T21:40:20","modified_gmt":"2019-01-28T23:40:20","slug":"vale-dividendos-jcps","status":"publish","type":"post","link":"https:\/\/www.suno.com.br\/noticias\/vale-dividendos-jcps\/","title":{"rendered":"Vale determina suspens\u00e3o de pagamento de dividendos e JCPs"},"content":{"rendered":"<p>O Conselho de Administra\u00e7\u00e3o da Vale S.A. (VALE3) determinou a suspens\u00e3o do pagamento de <strong><a href=\"https:\/\/www.suno.com.br\/artigos\/dividendos\/\">dividendos<\/a><\/strong> e <a href=\"https:\/\/www.suno.com.br\/artigos\/jcp\/\">juros sobre o capital pr\u00f3prio<\/a> (<strong>JCPs<\/strong>) para os acionistas. A interrup\u00e7\u00e3o no pagamento de b\u00f4nus aos executivos da empresa tamb\u00e9m foi anunciada pela empresa nesta segunda-feira (28).<\/p>\t<div class=\"wrapper-featured-image\">\n\t\t<figure class=\"spotlightImg\">\n\n\t\t\t<picture>\n\t\t\t\t<source media=\"(max-width: 768px)\" srcset=\"https:\/\/files.sunoresearch.com.br\/n\/uploads\/2019\/01\/862a09e2-vale-400x200.webp\">\n\t\t\t\t<img loading=\"lazy\" decoding=\"async\" class=\"newsContent__article__imgCapa lazyloadDisabled newsContent__article__imgCapa--noCaption\" src=\"https:\/\/files.sunoresearch.com.br\/n\/uploads\/2019\/01\/862a09e2-vale-800x450.webp\" width=\"800\" height=\"450\" alt=\"Vale determina suspens\u00e3o de pagamento de dividendos e JCPs\" fetchpriority=high \/>\n\t\t\t<\/picture>\n\n\t\t\t<figcaption class=\"wp-caption-text wp-caption-text--hide\">Vale<\/figcaption>\n\t\t<\/figure>\n\t<\/div>\n\n\n<p>A decis\u00e3o foi tomada durante uma reuni\u00e3o extraordin\u00e1ria realizada pelo Conselho de Administra\u00e7\u00e3o da <strong>Vale<\/strong>, no domingo (27).<\/p>\n<p><a href=\"https:\/\/www.suno.com.br\/noticias\/justica-bloqueou-11-bi-vale\/\">Saiba mais &#8211;\u00a0Justi\u00e7a j\u00e1 bloqueou R$ 11 bi da Vale por desastre em Brumadinho\u00a0<\/a><\/p>\n<p>A suspens\u00e3o do pagamento de <strong>dividendos<\/strong> e <strong>JCPs<\/strong> aos acionistas deve-se \u00e0 &#8220;trag\u00e9dia de Brumadinho&#8221;.<\/p>\n<p><strong>Brumadinho<\/strong> \u00e9 o munic\u00edpio em Minas Gerais onde ocorreu o rompimento da <strong>barragem<\/strong> 1 da mina<strong> C\u00f3rrego do Feij\u00e3o<\/strong>, da mineradora <strong>Vale<\/strong>, na \u00faltima sexta-feira (25).<\/p>\n<h2>Comit\u00eas<\/h2>\n<p>A cria\u00e7\u00e3o de dois <strong>comit\u00eas<\/strong> independentes tamb\u00e9m foi anunciada pela <strong>mineradora<\/strong>: os Comit\u00eas Independentes de Assessoramento Extraordin\u00e1rio (CIAE).<\/p>\n<p>Cada CIAE dever\u00e1 ser formado por pessoas que n\u00e3o possuem alinhamento aos quadros da empresa, al\u00e9m de possu\u00edrem experi\u00eancia e reputa\u00e7\u00e3o &#8220;ilibada&#8221;.<\/p>\n<p>As atividades dos <strong>comit\u00eas<\/strong> dividir\u00e3o-se conforme o seguinte:<\/p>\n<ol>\n<li>O primeiro CIAE acompanhar\u00e1 as a\u00e7\u00f5es de assist\u00eancia \u00e0s v\u00edtimas e \u00e0s fam\u00edlias do rompimento da barragem do <strong>C\u00f3rrego do Feij\u00e3o<\/strong>.<\/li>\n<li>O segundo CIAE estar\u00e1 encarregado de apurar as causas e responsabilidades pelo colapso da <strong>barragem<\/strong>.<\/li>\n<\/ol>\n<p><a href=\"https:\/\/lp.suno.com.br\/vale-brumadinho-social\/\">Saiba mais &#8211;\u00a0Confira a an\u00e1lise da Suno Research sobre a\u00e7\u00f5es da Vale ap\u00f3s Brumadinho<\/a><\/p>\n<p><a href=\"https:\/\/www.suno.com.br\/noticias\/adrs-vale-caem-nova-york\/\">Saiba mais &#8211;\u00a0ADRs da Vale caem 16% em Nova York\u00a0<\/a><\/p>\n<p>Confira a \u00edntegra do comunicado divulgado pela <strong>Vale<\/strong>:<\/p>\n<p>&#8220;Em fun\u00e7\u00e3o do <strong>rompimento<\/strong> da Barragem I da Mina do C\u00f3rrego do Feij\u00e3o, em Brumadinho (MG), a <strong>Vale<\/strong> informa que o Conselho de Administra\u00e7\u00e3o, em reuni\u00e3o extraordin\u00e1ria, no dia 27.01.2019, deliberou as seguintes medidas de governan\u00e7a:<\/p>\n<p>Com fundamento no Art. 15, \u00a71\u00ba do Estatuto Social, constituiu dois Comit\u00eas Independentes de Assessoramento Extraordin\u00e1rio (\u201c<strong>CIAE<\/strong>\u201d) ao Conselho de Administra\u00e7\u00e3o, coordenados e compostos por maioria de membros externos, independentes, de reputa\u00e7\u00e3o ilibada e com experi\u00eancia nos temas de que se ocupar\u00e3o, a serem indicadas pelo Conselho.<\/p>\n<p>O primeiro Comit\u00ea Independente ser\u00e1 dedicado ao acompanhamento das provid\u00eancias destinadas \u00e0 assist\u00eancia \u00e0s v\u00edtimas e \u00e0 recupera\u00e7\u00e3o da \u00e1rea atingida pelo rompimento da <strong>barragem<\/strong>, de modo a assegurar que ser\u00e3o empregados todos os recursos necess\u00e1rios \u2013 \u201cCIAE de Apoio e Repara\u00e7\u00e3o\u201d.<\/p>\n<p>O segundo Comit\u00ea Independente ser\u00e1 dedicado \u00e0 apura\u00e7\u00e3o das causas e responsabilidades pelo <strong>rompimento<\/strong> da barragem \u2013 \u201cCIAE de Apura\u00e7\u00e3o\u201d.<\/p>\n<p>Adicionalmente, deliberou as seguintes mudan\u00e7as no sistema de remunera\u00e7\u00e3o e incentivos:<\/p>\n<p>(i)A suspens\u00e3o da Pol\u00edtica de Remunera\u00e7\u00e3o aos Acionistas e, consequentemente, o n\u00e3o pagamento de <strong>dividendos<\/strong> e juros sobre o capital pr\u00f3prio, bem como qualquer outra delibera\u00e7\u00e3o sobre recompra de a\u00e7\u00f5es de sua pr\u00f3pria emiss\u00e3o; e<\/p>\n<p>(ii)Suspens\u00e3o do pagamento de remunera\u00e7\u00e3o vari\u00e1vel aos executivos.<\/p>\n<p>O Conselho de Administra\u00e7\u00e3o permanece em prontid\u00e3o e acompanhando a evolu\u00e7\u00e3o dos eventos relativos ao rompimento da barragem e tomar\u00e1 as medidas adicionais necess\u00e1rias.&#8221;<\/p>\n<p><a href=\"https:\/\/www.suno.com.br\/noticias\/previ-maior-acionista-da-vale-lamenta-desastre-em-brumadinho\/\">Saiba mais &#8211;\u00a0Previ, maior acionista da Vale, lamenta desastre em Brumadinho\u00a0<\/a><\/p>\n<h2>Brumadinho<\/h2>\n<p>O rompimento da barragem em <strong>Brumadinho<\/strong> liberou em torno de 13 milh\u00f5es de metros c\u00fabicos (m\u00b3) de rejeitos. Assim, a lama afetou a \u00e1rea administrativa da <strong>mineradora<\/strong> e atingiu principalmente funcion\u00e1rios da companhia e trabalhadores terceirizados.<\/p>\n<p>At\u00e9 o momento, o n\u00famero de <strong>mortos<\/strong> chegou a 58, enquanto ainda permanecem <strong>desaparecidas<\/strong> 305 pessoas, de acordo com a Defesa Civil.<\/p>\n<p><a href=\"https:\/\/www.suno.com.br\/noticias\/israel-enviara-equipamentos-resgates-brumadinho\/\">Saiba mais &#8211;\u00a0Israel enviar\u00e1 equipamentos de resgates em Brumadinho\u00a0<\/a><\/p>\n<p>Na v\u00e9spera, um avi\u00e3o israelense com 136 soldados saiu de Jerusal\u00e9m rumo ao Brasil com o intuito de auxiliar nas buscas em Brumadinho. A oferta foi feita pelo primeiro-ministro de <strong>Israel<\/strong>, Benjamin Netanyahu ao presidente da Rep\u00fablica<strong> Jair Bolsonaro<\/strong>.<\/p>\n<p>Hoje ser\u00e1 o primeiro dia da abertura da <a href=\"https:\/\/www.suno.com.br\/artigos\/b3\/\">B3<\/a> (<a href=\"https:\/\/www.suno.com.br\/artigos\/bmf\/\">BM&amp;F<\/a> <a href=\"https:\/\/www.suno.com.br\/artigos\/bovespa-precedente-b3\/\">Bovespa<\/a>) ap\u00f3s o incidente. As a\u00e7\u00f5es da <strong>Vale<\/strong> devem sentir o impacto de Brumadinho nas a\u00e7\u00f5es nesta segunda-feira. Nos Estados Unidos da Am\u00e9rica (EUA), os\u00a0American Depositary Receipt (<a href=\"https:\/\/www.suno.com.br\/artigos\/adr\/\">ADRs<\/a>) da mineradora ca\u00edram 8,08% a US$ 13,66 na sexta-feira.<\/p>\n","protected":false},"excerpt":{"rendered":"<p>O Conselho de Administra\u00e7\u00e3o da Vale S.A. (VALE3) determinou a suspens\u00e3o do pagamento de dividendos e juros sobre o capital pr\u00f3prio (JCPs) para os acionistas. A interrup\u00e7\u00e3o no pagamento de b\u00f4nus aos executivos da empresa tamb\u00e9m foi anunciada pela empresa nesta segunda-feira (28). Vale A decis\u00e3o foi tomada durante uma reuni\u00e3o extraordin\u00e1ria realizada pelo Conselho [&hellip;]<\/p>\n","protected":false},"author":12,"featured_media":13110,"comment_status":"closed","ping_status":"closed","sticky":false,"template":"","format":"standard","meta":[],"categories":[64],"tags":[1032,926,719,676],"suno_strategy":[],"class_list":["post-13076","post","type-post","status-publish","format-standard","has-post-thumbnail","hentry","category-negocios","tag-brumadinho","tag-israel","tag-jair-bolsonaro","tag-vale-vale3"],"yoast_head":"<!-- This site is optimized with the Yoast SEO plugin v24.4 - https:\/\/yoast.com\/wordpress\/plugins\/seo\/ -->\n<title>Vale determina suspens\u00e3o de pagamento de dividendos e JCPs<\/title>\n<meta name=\"description\" content=\"A Vale anunciou nesta segunda-feira (28) que ir\u00e1 suspender o pagamento de dividendos, JCPs e b\u00f4nus aos executivos. Clique para saber mais.\" \/>\n<meta name=\"robots\" content=\"index, follow, max-snippet:-1, max-image-preview:large, max-video-preview:-1\" \/>\n<link rel=\"canonical\" href=\"https:\/\/www.suno.com.br\/noticias\/vale-dividendos-jcps\/\" \/>\n<meta property=\"og:locale\" content=\"pt_BR\" \/>\n<meta property=\"og:type\" content=\"article\" \/>\n<meta property=\"og:title\" content=\"Vale determina suspens\u00e3o de pagamento de dividendos e JCPs\" \/>\n<meta property=\"og:description\" content=\"A Vale anunciou nesta segunda-feira (28) que ir\u00e1 suspender o pagamento de dividendos, JCPs e b\u00f4nus aos executivos. Clique para saber mais.\" \/>\n<meta property=\"og:url\" content=\"https:\/\/www.suno.com.br\/noticias\/vale-dividendos-jcps\/\" \/>\n<meta property=\"og:site_name\" content=\"Suno Not\u00edcias\" \/>\n<meta property=\"article:publisher\" content=\"https:\/\/facebook.com\/sunoresearch\" \/>\n<meta property=\"og:image\" content=\"https:\/\/files.sunoresearch.com.br\/n\/uploads\/2019\/01\/862a09e2-vale.jpg\" \/>\n\t<meta property=\"og:image:width\" content=\"1024\" \/>\n\t<meta property=\"og:image:height\" content=\"768\" \/>\n\t<meta property=\"og:image:type\" content=\"image\/jpeg\" \/>\n<meta name=\"author\" content=\"Amanda Gushiken\" \/>\n<meta name=\"twitter:card\" content=\"summary_large_image\" \/>\n<meta name=\"twitter:creator\" content=\"@sunoresearch\" \/>\n<meta name=\"twitter:site\" content=\"@sunoresearch\" \/>\n<meta name=\"twitter:label1\" content=\"Escrito por\" \/>\n\t<meta name=\"twitter:data1\" content=\"Amanda Gushiken\" \/>\n\t<meta name=\"twitter:label2\" content=\"Est. tempo de leitura\" \/>\n\t<meta name=\"twitter:data2\" content=\"4 minutos\" \/>\n<script type=\"application\/ld+json\" class=\"yoast-schema-graph\">{\"@context\":\"https:\/\/schema.org\",\"@graph\":[{\"@type\":\"NewsArticle\",\"@id\":\"https:\/\/www.suno.com.br\/noticias\/vale-dividendos-jcps\/#article\",\"isPartOf\":{\"@id\":\"https:\/\/www.suno.com.br\/noticias\/vale-dividendos-jcps\/\"},\"author\":{\"name\":\"Amanda Gushiken\",\"@id\":\"https:\/\/www.suno.com.br\/noticias\/#\/schema\/person\/a5b06fa4e879d8e8e119c6ed3cd630d1\"},\"headline\":\"Vale determina suspens\u00e3o de pagamento de dividendos e JCPs\",\"datePublished\":\"2019-01-28T09:39:19+00:00\",\"dateModified\":\"2019-01-28T23:40:20+00:00\",\"mainEntityOfPage\":{\"@id\":\"https:\/\/www.suno.com.br\/noticias\/vale-dividendos-jcps\/\"},\"wordCount\":711,\"publisher\":{\"@id\":\"https:\/\/www.suno.com.br\/noticias\/#organization\"},\"image\":{\"@id\":\"https:\/\/www.suno.com.br\/noticias\/vale-dividendos-jcps\/#primaryimage\"},\"thumbnailUrl\":\"https:\/\/files.sunoresearch.com.br\/n\/uploads\/2019\/01\/862a09e2-vale-jpg.webp\",\"keywords\":[\"Brumadinho\",\"Israel\",\"Jair Bolsonaro\",\"Vale (VALE3)\"],\"articleSection\":[\"Neg\u00f3cios\"],\"inLanguage\":\"pt-BR\"},{\"@type\":\"WebPage\",\"@id\":\"https:\/\/www.suno.com.br\/noticias\/vale-dividendos-jcps\/\",\"url\":\"https:\/\/www.suno.com.br\/noticias\/vale-dividendos-jcps\/\",\"name\":\"Vale determina suspens\u00e3o de pagamento de dividendos e JCPs\",\"isPartOf\":{\"@id\":\"https:\/\/www.suno.com.br\/noticias\/#website\"},\"primaryImageOfPage\":{\"@id\":\"https:\/\/www.suno.com.br\/noticias\/vale-dividendos-jcps\/#primaryimage\"},\"image\":{\"@id\":\"https:\/\/www.suno.com.br\/noticias\/vale-dividendos-jcps\/#primaryimage\"},\"thumbnailUrl\":\"https:\/\/files.sunoresearch.com.br\/n\/uploads\/2019\/01\/862a09e2-vale-jpg.webp\",\"datePublished\":\"2019-01-28T09:39:19+00:00\",\"dateModified\":\"2019-01-28T23:40:20+00:00\",\"description\":\"A Vale anunciou nesta segunda-feira (28) que ir\u00e1 suspender o pagamento de dividendos, JCPs e b\u00f4nus aos executivos. Clique para saber mais.\",\"breadcrumb\":{\"@id\":\"https:\/\/www.suno.com.br\/noticias\/vale-dividendos-jcps\/#breadcrumb\"},\"inLanguage\":\"pt-BR\",\"potentialAction\":[{\"@type\":\"ReadAction\",\"target\":[\"https:\/\/www.suno.com.br\/noticias\/vale-dividendos-jcps\/\"]}]},{\"@type\":\"ImageObject\",\"inLanguage\":\"pt-BR\",\"@id\":\"https:\/\/www.suno.com.br\/noticias\/vale-dividendos-jcps\/#primaryimage\",\"url\":\"https:\/\/files.sunoresearch.com.br\/n\/uploads\/2019\/01\/862a09e2-vale-jpg.webp\",\"contentUrl\":\"https:\/\/files.sunoresearch.com.br\/n\/uploads\/2019\/01\/862a09e2-vale-jpg.webp\",\"width\":1024,\"height\":768,\"caption\":\"Vale\"},{\"@type\":\"BreadcrumbList\",\"@id\":\"https:\/\/www.suno.com.br\/noticias\/vale-dividendos-jcps\/#breadcrumb\",\"itemListElement\":[{\"@type\":\"ListItem\",\"position\":1,\"name\":\"Not\u00edcias\",\"item\":\"https:\/\/www.suno.com.br\/noticias\/\"},{\"@type\":\"ListItem\",\"position\":2,\"name\":\"Neg\u00f3cios\",\"item\":\"https:\/\/www.suno.com.br\/noticias\/negocios\/\"},{\"@type\":\"ListItem\",\"position\":3,\"name\":\"Vale determina suspens\u00e3o de pagamento de dividendos e JCPs\"}]},{\"@type\":\"WebSite\",\"@id\":\"https:\/\/www.suno.com.br\/noticias\/#website\",\"url\":\"https:\/\/www.suno.com.br\/noticias\/\",\"name\":\"Suno Not\u00edcias\",\"description\":\"Seu portal de informa\u00e7\u00e3o sobre o mundo dos investimentos\",\"publisher\":{\"@id\":\"https:\/\/www.suno.com.br\/noticias\/#organization\"},\"potentialAction\":[{\"@type\":\"SearchAction\",\"target\":{\"@type\":\"EntryPoint\",\"urlTemplate\":\"https:\/\/www.suno.com.br\/noticias\/?s={search_term_string}\"},\"query-input\":{\"@type\":\"PropertyValueSpecification\",\"valueRequired\":true,\"valueName\":\"search_term_string\"}}],\"inLanguage\":\"pt-BR\"},{\"@type\":\"Organization\",\"@id\":\"https:\/\/www.suno.com.br\/noticias\/#organization\",\"name\":\"Suno Not\u00edcias\",\"url\":\"https:\/\/www.suno.com.br\/noticias\/\",\"logo\":{\"@type\":\"ImageObject\",\"inLanguage\":\"pt-BR\",\"@id\":\"https:\/\/www.suno.com.br\/noticias\/#\/schema\/logo\/image\/\",\"url\":\"https:\/\/files.sunoresearch.com.br\/n\/uploads\/2021\/09\/suno-logo.png\",\"contentUrl\":\"https:\/\/files.sunoresearch.com.br\/n\/uploads\/2021\/09\/suno-logo.png\",\"width\":180,\"height\":180,\"caption\":\"Suno Not\u00edcias\"},\"image\":{\"@id\":\"https:\/\/www.suno.com.br\/noticias\/#\/schema\/logo\/image\/\"},\"sameAs\":[\"https:\/\/facebook.com\/sunoresearch\",\"https:\/\/x.com\/sunoresearch\",\"https:\/\/www.instagram.com\/suno\",\"https:\/\/www.linkedin.com\/company\/suno-research\/\",\"https:\/\/www.youtube.com\/c\/sunoresearch\"]},{\"@type\":\"Person\",\"@id\":\"https:\/\/www.suno.com.br\/noticias\/#\/schema\/person\/a5b06fa4e879d8e8e119c6ed3cd630d1\",\"name\":\"Amanda Gushiken\",\"image\":{\"@type\":\"ImageObject\",\"inLanguage\":\"pt-BR\",\"@id\":\"https:\/\/www.suno.com.br\/noticias\/#\/schema\/person\/image\/\",\"url\":\"https:\/\/secure.gravatar.com\/avatar\/ecd84705e6b65e3685ae80d725501fbe?s=96&r=g\",\"contentUrl\":\"https:\/\/secure.gravatar.com\/avatar\/ecd84705e6b65e3685ae80d725501fbe?s=96&r=g\",\"caption\":\"Amanda Gushiken\"},\"description\":\"Amanda Sayuri Gushiken escreve sobre finan\u00e7as e neg\u00f3cios para o portal Suno Not\u00edcias. Antes, trabalhou selecionando not\u00edcias da imprensa para clientes do mercado financeiro. Tamb\u00e9m desenvolveu pesquisa acad\u00eamica pela Universidade Anhembi Morumbi na \u00e1rea de Teorias da Comunica\u00e7\u00e3o e \u00e9 fot\u00f3grafa nas horas vagas.\",\"url\":\"https:\/\/www.suno.com.br\/noticias\/author\/amanda\/\"}]}<\/script>\n<!-- \/ Yoast SEO plugin. -->","yoast_head_json":{"title":"Vale determina suspens\u00e3o de pagamento de dividendos e JCPs","description":"A Vale anunciou nesta segunda-feira (28) que ir\u00e1 suspender o pagamento de dividendos, JCPs e b\u00f4nus aos executivos. Clique para saber mais.","robots":{"index":"index","follow":"follow","max-snippet":"max-snippet:-1","max-image-preview":"max-image-preview:large","max-video-preview":"max-video-preview:-1"},"canonical":"https:\/\/www.suno.com.br\/noticias\/vale-dividendos-jcps\/","og_locale":"pt_BR","og_type":"article","og_title":"Vale determina suspens\u00e3o de pagamento de dividendos e JCPs","og_description":"A Vale anunciou nesta segunda-feira (28) que ir\u00e1 suspender o pagamento de dividendos, JCPs e b\u00f4nus aos executivos. Clique para saber mais.","og_url":"https:\/\/www.suno.com.br\/noticias\/vale-dividendos-jcps\/","og_site_name":"Suno Not\u00edcias","article_publisher":"https:\/\/facebook.com\/sunoresearch","og_image":[{"width":1024,"height":768,"url":"https:\/\/files.sunoresearch.com.br\/n\/uploads\/2019\/01\/862a09e2-vale.jpg","type":"image\/jpeg"}],"author":"Amanda Gushiken","twitter_card":"summary_large_image","twitter_creator":"@sunoresearch","twitter_site":"@sunoresearch","twitter_misc":{"Escrito por":"Amanda Gushiken","Est. tempo de leitura":"4 minutos"},"schema":{"@context":"https:\/\/schema.org","@graph":[{"@type":"NewsArticle","@id":"https:\/\/www.suno.com.br\/noticias\/vale-dividendos-jcps\/#article","isPartOf":{"@id":"https:\/\/www.suno.com.br\/noticias\/vale-dividendos-jcps\/"},"author":{"name":"Amanda Gushiken","@id":"https:\/\/www.suno.com.br\/noticias\/#\/schema\/person\/a5b06fa4e879d8e8e119c6ed3cd630d1"},"headline":"Vale determina suspens\u00e3o de pagamento de dividendos e JCPs","datePublished":"2019-01-28T09:39:19+00:00","dateModified":"2019-01-28T23:40:20+00:00","mainEntityOfPage":{"@id":"https:\/\/www.suno.com.br\/noticias\/vale-dividendos-jcps\/"},"wordCount":711,"publisher":{"@id":"https:\/\/www.suno.com.br\/noticias\/#organization"},"image":{"@id":"https:\/\/www.suno.com.br\/noticias\/vale-dividendos-jcps\/#primaryimage"},"thumbnailUrl":"https:\/\/files.sunoresearch.com.br\/n\/uploads\/2019\/01\/862a09e2-vale-jpg.webp","keywords":["Brumadinho","Israel","Jair Bolsonaro","Vale (VALE3)"],"articleSection":["Neg\u00f3cios"],"inLanguage":"pt-BR"},{"@type":"WebPage","@id":"https:\/\/www.suno.com.br\/noticias\/vale-dividendos-jcps\/","url":"https:\/\/www.suno.com.br\/noticias\/vale-dividendos-jcps\/","name":"Vale determina suspens\u00e3o de pagamento de dividendos e JCPs","isPartOf":{"@id":"https:\/\/www.suno.com.br\/noticias\/#website"},"primaryImageOfPage":{"@id":"https:\/\/www.suno.com.br\/noticias\/vale-dividendos-jcps\/#primaryimage"},"image":{"@id":"https:\/\/www.suno.com.br\/noticias\/vale-dividendos-jcps\/#primaryimage"},"thumbnailUrl":"https:\/\/files.sunoresearch.com.br\/n\/uploads\/2019\/01\/862a09e2-vale-jpg.webp","datePublished":"2019-01-28T09:39:19+00:00","dateModified":"2019-01-28T23:40:20+00:00","description":"A Vale anunciou nesta segunda-feira (28) que ir\u00e1 suspender o pagamento de dividendos, JCPs e b\u00f4nus aos executivos. Clique para saber mais.","breadcrumb":{"@id":"https:\/\/www.suno.com.br\/noticias\/vale-dividendos-jcps\/#breadcrumb"},"inLanguage":"pt-BR","potentialAction":[{"@type":"ReadAction","target":["https:\/\/www.suno.com.br\/noticias\/vale-dividendos-jcps\/"]}]},{"@type":"ImageObject","inLanguage":"pt-BR","@id":"https:\/\/www.suno.com.br\/noticias\/vale-dividendos-jcps\/#primaryimage","url":"https:\/\/files.sunoresearch.com.br\/n\/uploads\/2019\/01\/862a09e2-vale-jpg.webp","contentUrl":"https:\/\/files.sunoresearch.com.br\/n\/uploads\/2019\/01\/862a09e2-vale-jpg.webp","width":1024,"height":768,"caption":"Vale"},{"@type":"BreadcrumbList","@id":"https:\/\/www.suno.com.br\/noticias\/vale-dividendos-jcps\/#breadcrumb","itemListElement":[{"@type":"ListItem","position":1,"name":"Not\u00edcias","item":"https:\/\/www.suno.com.br\/noticias\/"},{"@type":"ListItem","position":2,"name":"Neg\u00f3cios","item":"https:\/\/www.suno.com.br\/noticias\/negocios\/"},{"@type":"ListItem","position":3,"name":"Vale determina suspens\u00e3o de pagamento de dividendos e JCPs"}]},{"@type":"WebSite","@id":"https:\/\/www.suno.com.br\/noticias\/#website","url":"https:\/\/www.suno.com.br\/noticias\/","name":"Suno Not\u00edcias","description":"Seu portal de informa\u00e7\u00e3o sobre o mundo dos investimentos","publisher":{"@id":"https:\/\/www.suno.com.br\/noticias\/#organization"},"potentialAction":[{"@type":"SearchAction","target":{"@type":"EntryPoint","urlTemplate":"https:\/\/www.suno.com.br\/noticias\/?s={search_term_string}"},"query-input":{"@type":"PropertyValueSpecification","valueRequired":true,"valueName":"search_term_string"}}],"inLanguage":"pt-BR"},{"@type":"Organization","@id":"https:\/\/www.suno.com.br\/noticias\/#organization","name":"Suno Not\u00edcias","url":"https:\/\/www.suno.com.br\/noticias\/","logo":{"@type":"ImageObject","inLanguage":"pt-BR","@id":"https:\/\/www.suno.com.br\/noticias\/#\/schema\/logo\/image\/","url":"https:\/\/files.sunoresearch.com.br\/n\/uploads\/2021\/09\/suno-logo.png","contentUrl":"https:\/\/files.sunoresearch.com.br\/n\/uploads\/2021\/09\/suno-logo.png","width":180,"height":180,"caption":"Suno Not\u00edcias"},"image":{"@id":"https:\/\/www.suno.com.br\/noticias\/#\/schema\/logo\/image\/"},"sameAs":["https:\/\/facebook.com\/sunoresearch","https:\/\/x.com\/sunoresearch","https:\/\/www.instagram.com\/suno","https:\/\/www.linkedin.com\/company\/suno-research\/","https:\/\/www.youtube.com\/c\/sunoresearch"]},{"@type":"Person","@id":"https:\/\/www.suno.com.br\/noticias\/#\/schema\/person\/a5b06fa4e879d8e8e119c6ed3cd630d1","name":"Amanda Gushiken","image":{"@type":"ImageObject","inLanguage":"pt-BR","@id":"https:\/\/www.suno.com.br\/noticias\/#\/schema\/person\/image\/","url":"https:\/\/secure.gravatar.com\/avatar\/ecd84705e6b65e3685ae80d725501fbe?s=96&r=g","contentUrl":"https:\/\/secure.gravatar.com\/avatar\/ecd84705e6b65e3685ae80d725501fbe?s=96&r=g","caption":"Amanda Gushiken"},"description":"Amanda Sayuri Gushiken escreve sobre finan\u00e7as e neg\u00f3cios para o portal Suno Not\u00edcias. Antes, trabalhou selecionando not\u00edcias da imprensa para clientes do mercado financeiro. Tamb\u00e9m desenvolveu pesquisa acad\u00eamica pela Universidade Anhembi Morumbi na \u00e1rea de Teorias da Comunica\u00e7\u00e3o e \u00e9 fot\u00f3grafa nas horas vagas.","url":"https:\/\/www.suno.com.br\/noticias\/author\/amanda\/"}]}},"default_loop_html":"<div class=\"cardsPage__listCard__boxs\"><div class=\"cardsPage__listCard__boxs__img\"><a href=\"https:\/\/www.suno.com.br\/noticias\/vale-dividendos-jcps\/\"><img class=\"mask\" src=\"https:\/\/www.suno.com.br\/noticias\/wp-content\/themes\/suno\/resources\/images\/spotlight\/spotlight1img\/bg-mask.png\" alt=\"Image Mask\"\/><img src=\"https:\/\/files.sunoresearch.com.br\/n\/uploads\/2019\/01\/862a09e2-vale-400x200.webp\" alt=\"Vale determina suspens\u00e3o de pagamento de dividendos e JCPs\"\/><\/a><span class=\"spotlightCategory\"><a href=\"https:\/\/www.suno.com.br\/noticias\/negocios\/\">Neg\u00f3cios<\/a><\/span><\/div><div class=\"cardsPage__listCard__boxs__content\"><a href=\"https:\/\/www.suno.com.br\/noticias\/vale-dividendos-jcps\/\"><h2 class=\"content__title\">Vale determina suspens\u00e3o de pagamento de dividendos e JCPs<\/h2><\/a><div class=\"newsContent__article__meta\"><div class=\"newsContent__article__meta__authorBox\"><a href=\"https:\/\/www.suno.com.br\/noticias\/author\/amanda\/\" class=\"authorBox__avatar noMobi\"><img src=\"https:\/\/files.sunoresearch.com.br\/n\/uploads\/2018\/11\/c6ad30be-amanda-150x150.webp\" alt=\"Amanda Gushiken\"><\/a><div class=\"authorBox__name\"><span>por\n\t\t\t<a href=\"https:\/\/www.suno.com.br\/noticias\/author\/amanda\/\"><span itemprop=\"author\">Amanda Gushiken<\/span><\/a><\/span><time datetime=\"2019-01-28T07:39:19-02:00\" itemprop=\"datePublished\">28\/01\/2019 07:39<\/time><\/div><\/div><\/div><\/div><\/div>","single_layout":"posts","amp_enabled":true,"_links":{"self":[{"href":"https:\/\/www.suno.com.br\/noticias\/wp-json\/wp\/v2\/posts\/13076"}],"collection":[{"href":"https:\/\/www.suno.com.br\/noticias\/wp-json\/wp\/v2\/posts"}],"about":[{"href":"https:\/\/www.suno.com.br\/noticias\/wp-json\/wp\/v2\/types\/post"}],"author":[{"embeddable":true,"href":"https:\/\/www.suno.com.br\/noticias\/wp-json\/wp\/v2\/users\/12"}],"replies":[{"embeddable":true,"href":"https:\/\/www.suno.com.br\/noticias\/wp-json\/wp\/v2\/comments?post=13076"}],"version-history":[{"count":0,"href":"https:\/\/www.suno.com.br\/noticias\/wp-json\/wp\/v2\/posts\/13076\/revisions"}],"wp:featuredmedia":[{"embeddable":true,"href":"https:\/\/www.suno.com.br\/noticias\/wp-json\/wp\/v2\/media\/13110"}],"wp:attachment":[{"href":"https:\/\/www.suno.com.br\/noticias\/wp-json\/wp\/v2\/media?parent=13076"}],"wp:term":[{"taxonomy":"category","embeddable":true,"href":"https:\/\/www.suno.com.br\/noticias\/wp-json\/wp\/v2\/categories?post=13076"},{"taxonomy":"post_tag","embeddable":true,"href":"https:\/\/www.suno.com.br\/noticias\/wp-json\/wp\/v2\/tags?post=13076"},{"taxonomy":"suno_strategy","embeddable":true,"href":"https:\/\/www.suno.com.br\/noticias\/wp-json\/wp\/v2\/suno_strategy?post=13076"}],"curies":[{"name":"wp","href":"https:\/\/api.w.org\/{rel}","templated":true}]}}