{"id":130715,"date":"2021-03-10T13:34:03","date_gmt":"2021-03-10T16:34:03","guid":{"rendered":"https:\/\/www.suno.com.br\/noticias\/?p=130715"},"modified":"2021-06-24T02:05:53","modified_gmt":"2021-06-24T05:05:53","slug":"lula-se-quiserem-que-bolsa-cresca-e-preciso-garantir-emprego-e-renda","status":"publish","type":"post","link":"https:\/\/www.suno.com.br\/noticias\/lula-se-quiserem-que-bolsa-cresca-e-preciso-garantir-emprego-e-renda\/","title":{"rendered":"Lula: se quiserem que Bolsa cres\u00e7a, \u00e9 preciso garantir emprego e renda"},"content":{"rendered":"<p>O ex-presidente <strong>Luiz In\u00e1cio Lula da Silva<\/strong> afirmou, nesta quarta-feira (10), que os empres\u00e1rios do Pa\u00eds precisam garantir emprego e renda para a popula\u00e7\u00e3o se quiserem que a <a href=\"https:\/\/www.suno.com.br\/artigos\/b3\/\">Bolsa de Valores de S\u00e3o Paulo (B3)<\/a> continue a se valorizar.<\/p>\t<div class=\"wrapper-featured-image\">\n\t\t<figure class=\"spotlightImg\">\n\n\t\t\t<picture>\n\t\t\t\t<source media=\"(max-width: 768px)\" srcset=\"https:\/\/files.sunoresearch.com.br\/n\/uploads\/2021\/03\/cbb35864-lula-asilo-400x200.webp\">\n\t\t\t\t<img loading=\"lazy\" decoding=\"async\" class=\"newsContent__article__imgCapa lazyloadDisabled \" src=\"https:\/\/files.sunoresearch.com.br\/n\/uploads\/2021\/03\/cbb35864-lula-asilo-800x450.webp\" width=\"800\" height=\"450\" alt=\"Lula: se quiserem que Bolsa cres\u00e7a, \u00e9 preciso garantir emprego e renda\" fetchpriority=high \/>\n\t\t\t<\/picture>\n\n\t\t\t<figcaption class=\"wp-caption-text wp-caption-text--show\">Campanha de Lula retirou a men\u00e7\u00e3o de &quot;regula\u00e7\u00e3o da agroind\u00fastria&quot; de suas diretrizes de governo. Foto: Ag\u00eancia Brasil<\/figcaption>\n\t\t<\/figure>\n\t<\/div>\n\n\n\t<p>\n\t\t<a href=\"https:\/\/lp.suno.com.br\/planilha-controle-gastos\/\" target=\"_blank\" data-element=\"shortcode-suno-banner\" title=\"Banner SUNO, clique e saiba mais\">\n\t\t\t<picture>\n\t\t\t\t<source media=\"(max-width: 500px)\" srcset=\"https:\/\/files.sunoresearch.com.br\/n\/uploads\/2023\/03\/400x300-Planilha-controle-de-gastos.png\">\n\t\t\t\t<img class=\"newsContent__article__imgCapa newsContent__article__imgCapa--banner\"\n\t\t\t\t\tsrc=\"https:\/\/files.sunoresearch.com.br\/n\/uploads\/2023\/03\/1420x240-Planilha-controle-de-gastos.png\"\n\t\t\t\t\tdata-promo-id=\"101751\"\t\t\t\t\t\t\t\t\t\twidth='1420' height='240'\t\t\t\t\talt=\"https:\/\/files.sunoresearch.com.br\/n\/uploads\/2023\/03\/1420x240-Planilha-controle-de-gastos.png\"\n\t\t\t\t>\n\t\t\t<\/picture>\n\t\t<\/a>\n\t<\/p>\n\n\n<p>Lula disse que quer conversar com os empres\u00e1rios do Pa\u00eds sobre os desejos da classe e que o mercado de capitais brasileiro s\u00f3 ir\u00e1 crescer caso o povo viva com dignidade.<\/p>\n<p>&#8220;Eu quero conversar com os empres\u00e1rios e entender qual \u00e9 a loucura deles, que n\u00e3o percebem que se o povo n\u00e3o tiver emprego, n\u00e3o haver\u00e1 renda&#8221;, disse.<\/p>\n<p><a href=\"https:\/\/lp.suno.com.br\/suno-one\/\">Suno One: acesse gratuitamente eBooks, Minicursos, Artigos e V\u00eddeo Aulas sobre investimentos com um \u00fanico cadastro. Clique para saber mais!<\/a><\/p>\n<p>&#8220;Se eles quiserem que a Bolsa cres\u00e7a, que a economia cres\u00e7a, \u00e9 preciso garantir que o povo tenha emprego e renda, eles precisam viver com dignidade. Ou ser\u00e1 que ficaremos ref\u00e9ns do &#8216;Deus mercado&#8217;, que s\u00f3 quer ganhar dinheiro n\u00e3o importa como. J\u00e1 vimos a experi\u00eancia em 2008, na crise do subprime e a quebra do Lehman Brothers. E quando quebram, quem coloca dinheiro \u00e9 o Estado, o Estado que eles repudiam&#8221;, afirmou.<\/p>\n<p>Para o <strong>ex-presidente<\/strong>, as empresas estatais listadas na Bolsa, como <a href=\"https:\/\/www.suno.com.br\/acoes\/petr4\/\" target=\"_blank\" rel=\"noopener noreferrer\">Petrobras (PETR4)<\/a> e <a href=\"https:\/\/www.suno.com.br\/acoes\/bbas3\/\" target=\"_blank\" rel=\"noopener noreferrer\">Banco do Brasil (BBAS3)<\/a>, por exemplo, podem ser vantajosas.<\/p>\n<p>&#8220;Quem acha que s\u00f3 a iniciativa privada \u00e9 boa? Um Banco do Brasil ou uma Petrobras, bem dirigidos como foram no nosso governo, t\u00eam futuro. A Petrobras se tornou a quarta petroleira do mundo. N\u00e3o descobrimos o pr\u00e9-sal pra ela exportar petr\u00f3leo cru, mas para exportar derivados e fazer uma ind\u00fastria petroqu\u00edmica forte&#8221;, disse.<\/p>\n<p>Segundo Lula, o governo precisa focar em criar condi\u00e7\u00f5es para a cria\u00e7\u00e3o de novos empregos para estimular a demanda. &#8220;N\u00e3o h\u00e1 possibilidade de investimento se n\u00e3o houver demanda. Para ter demanda, precisa ter emprego&#8221;, disse.<\/p>\n<p>O ex-presidente tamb\u00e9m afirmou ser contr\u00e1rio a autonomia do Banco Central (BC) e disse que, caso eleito, poder\u00e1 rever a pol\u00edtica de desestatiza\u00e7\u00e3o da Petrobras.<\/p>\n<p>\u201cO mercado conviveu oito anos comigo. Do que ele tem medo?. Sou contra a autonomia do BC, \u00e9 melhor estar na m\u00e3o do governo do que na m\u00e3o do mercado.\u00a0O mercado quer ganhar dinheiro investido em coisas produtivas? Agora se o mercado quiser lucrar as custas de venda de soberania nacional, esquece. E quem tiver comprando as coisas da Petrobras, est\u00e1 correndo risco porque podemos mudar muitas coisas\u201d, disse.<br \/>\n&#8212;<\/p>\n<p>Essa foi a primeira <strong>entrevista de Lula<\/strong> ap\u00f3s recuperar os direitos pol\u00edticos.\u00a0Na segunda-feira (8), o ministro do STF Edson Fachin determinou ordem de habeas corpus para declarar a &#8220;incompet\u00eancia da 13\u00aa Vara Federal da Subse\u00e7\u00e3o Judici\u00e1ria de Curitiba para o processo e julgamento das a\u00e7\u00f5es&#8221; envolvendo o Triplex do Guaruj\u00e1, o S\u00edtio de Atibaia, a sede do Instituto Lula e as doa\u00e7\u00f5es \u00e0 mesma institui\u00e7\u00e3o.<\/p>\n<p>Fachin ordenou a invalida\u00e7\u00e3o dos processos e determinou a reabertura das a\u00e7\u00f5es penais. A decis\u00e3o <a href=\"https:\/\/www.suno.com.br\/noticias\/ibovespa-xp-investimentos-riscos-politicos-09032021\/\">devolve \u00e0 Lula os direitos pol\u00edticos<\/a>, tirando-o do escopo da Lei de Ficha Limpa.<\/p>\n<h2>Condu\u00e7\u00e3o econ\u00f4mica na pandemia \u00e9 criticada por Lula<\/h2>\n<p>O ex-presidente Lula afirmou tamb\u00e9m que a condu\u00e7\u00e3o da crise causada pela pandemia do novo coronav\u00edrus (covid-19) pelo <strong>governo Bolsonaro<\/strong> \u00e9 ruim e deixa empresas quebrarem.<\/p>\n\t<div data-element=\"shortcode-read-more\" class=\"knowMore\">\n\t\t\t\t<span class=\"knowMore__title\">Saiba mais<\/span>\n\t\t\t\t<a class=\"knowMore__link\" href=\"https:\/\/www.suno.com.br\/noticias\/bolsonaro-tem-dez-pontos-a-frente-de-lula-para-2022-diz-pesquisa-da-cnn\/\">\n\t\t\tBolsonaro tem dez pontos a frente de Lula para 2022, diz pesquisa da CNN\t\t<\/a>\n\t<\/div>\n\n\n<p>&#8220;Quantos restaurantes est\u00e3o fechando, farm\u00e1cias, lavanderias, institutos de beleza? Para que existe governo? \u00c9 para tentar encontrar solu\u00e7\u00e3o para essa gente&#8221;, disse.<\/p>\n<p>Para Lula, o presidente Jair Bolsonaro (sem partido) deveria criar um comit\u00ea de crise para mitigar o impacto da pandemia no Pa\u00eds e, assim, reduzir seus impactos econ\u00f4micos.<\/p>\n<p>&#8220;O presidente deveria ter um comit\u00ea de crise e toda semana ele deveria orientar a sociedade, visitar as cidades, os hospitais, trabalhando para criar hospitais de campanha, tentando para evitar que falte oxig\u00eanio como faltou em Manaus&#8221;, disse.<\/p>\n<p>De acordo com o ex-presidente, ele ir\u00e1 <strong>tomar a vacina<\/strong> e orientou os brasileiros a seguirem o mesmo caminho.<\/p>\n<p>&#8220;Eu vou tomar a minha vacina, n\u00e3o me importa de que Pa\u00eds, se s\u00e3o duas ou uma s\u00f3, e quero fazer propaganda para o povo brasileiro. N\u00e3o siga nenhuma decis\u00e3o imbecil do presidente da Rep\u00fablica ou do ministro da sa\u00fade. Tome vacina porque \u00e9 uma das coisas que pode livrar voc\u00ea do covid&#8221;, completou <strong>Lula<\/strong>.<\/p>\n<p>A entrevista repercutiu no mundo pol\u00edtico. O ex-presidente da C\u00e2mara, Rodrigo Maia (DEM-RJ), se posicionou a favor do discurso de <strong>Lula<\/strong> e comparou o ex-presidente ao atual presidente Bolsonaro.<\/p>\n<blockquote class=\"twitter-tweet\">\n<p dir=\"ltr\" lang=\"pt\">Voc\u00ea n\u00e3o precisa gostar do Lula para entender a diferen\u00e7a dele para o Bolsonaro. Um tem vis\u00e3o de pa\u00eds; o outro s\u00f3 enxerga o pr\u00f3prio umbigo. Um defende a vacina, a ci\u00eancia e o SUS; o outro defende a cloroquina e um tal de spray israelense.<\/p>\n<p>\u2014 Rodrigo Maia (@RodrigoMaia) <a href=\"https:\/\/twitter.com\/RodrigoMaia\/status\/1369680085356318725?ref_src=twsrc%5Etfw\">March 10, 2021<\/a><\/p><\/blockquote>\n<p><script async src=\"https:\/\/platform.twitter.com\/widgets.js\" charset=\"utf-8\"><\/script><\/p>\n\t<p>\n\t\t<a href=\"https:\/\/lp.suno.com.br\/planilha-de-controle-de-investimentos\/\" target=\"_blank\" data-element=\"shortcode-suno-banner\" title=\"Banner SUNO, clique e saiba mais\">\n\t\t\t<picture>\n\t\t\t\t<source media=\"(max-width: 500px)\" srcset=\"https:\/\/files.sunoresearch.com.br\/n\/uploads\/2023\/03\/400x300-Controle-de-Investimentos.png\">\n\t\t\t\t<img class=\"newsContent__article__imgCapa newsContent__article__imgCapa--banner\"\n\t\t\t\t\tsrc=\"https:\/\/files.sunoresearch.com.br\/n\/uploads\/2023\/03\/1420x240-Controle-de-Investimentos.png\"\n\t\t\t\t\tdata-promo-id=\"75934\"\t\t\t\t\t\t\t\t\t\twidth='1420' height='240'\t\t\t\t\talt=\"https:\/\/files.sunoresearch.com.br\/n\/uploads\/2023\/03\/1420x240-Controle-de-Investimentos.png\"\n\t\t\t\t>\n\t\t\t<\/picture>\n\t\t<\/a>\n\t<\/p>\n\n\n","protected":false},"excerpt":{"rendered":"<p>O ex-presidente Luiz In\u00e1cio Lula da Silva afirmou, nesta quarta-feira (10), que os empres\u00e1rios do Pa\u00eds precisam garantir emprego e renda para a popula\u00e7\u00e3o se quiserem que a Bolsa de Valores de S\u00e3o Paulo (B3) continue a se valorizar. Campanha de Lula retirou a men\u00e7\u00e3o de &quot;regula\u00e7\u00e3o da agroind\u00fastria&quot; de suas diretrizes de governo. Foto: [&hellip;]<\/p>\n","protected":false},"author":27,"featured_media":129824,"comment_status":"closed","ping_status":"closed","sticky":false,"template":"","format":"standard","meta":[],"categories":[61],"tags":[697,105816,719,709],"suno_strategy":[],"class_list":["post-130715","post","type-post","status-publish","format-standard","has-post-thumbnail","hentry","category-politica","tag-eleicoes","tag-especialistas","tag-jair-bolsonaro","tag-lula"],"yoast_head":"<!-- This site is optimized with the Yoast SEO plugin v24.4 - https:\/\/yoast.com\/wordpress\/plugins\/seo\/ -->\n<title>Lula: se quiserem que Bolsa cres\u00e7a, \u00e9 preciso garantir emprego e renda<\/title>\n<meta name=\"description\" content=\"Para ex-presidente Lula, gera\u00e7\u00e3o de emprego e renda em meio a pandemia deve ser prioridade do governo. Clique aqui para ler mais.\" \/>\n<meta name=\"robots\" content=\"index, follow, max-snippet:-1, max-image-preview:large, max-video-preview:-1\" \/>\n<link rel=\"canonical\" href=\"https:\/\/www.suno.com.br\/noticias\/lula-se-quiserem-que-bolsa-cresca-e-preciso-garantir-emprego-e-renda\/\" \/>\n<meta property=\"og:locale\" content=\"pt_BR\" \/>\n<meta property=\"og:type\" content=\"article\" \/>\n<meta property=\"og:title\" content=\"Lula: se quiserem que Bolsa cres\u00e7a, \u00e9 preciso garantir emprego e renda\" \/>\n<meta property=\"og:description\" content=\"Para ex-presidente Lula, gera\u00e7\u00e3o de emprego e renda em meio a pandemia deve ser prioridade do governo. Clique aqui para ler mais.\" \/>\n<meta property=\"og:url\" content=\"https:\/\/www.suno.com.br\/noticias\/lula-se-quiserem-que-bolsa-cresca-e-preciso-garantir-emprego-e-renda\/\" \/>\n<meta property=\"og:site_name\" content=\"Suno Not\u00edcias\" \/>\n<meta property=\"article:publisher\" content=\"https:\/\/facebook.com\/sunoresearch\" \/>\n<meta property=\"og:image\" content=\"https:\/\/files.sunoresearch.com.br\/n\/uploads\/2021\/03\/cbb35864-lula-asilo.jpg\" \/>\n\t<meta property=\"og:image:width\" content=\"1080\" \/>\n\t<meta property=\"og:image:height\" content=\"670\" \/>\n\t<meta property=\"og:image:type\" content=\"image\/jpeg\" \/>\n<meta name=\"author\" content=\"Vinicius Pereira\" \/>\n<meta name=\"twitter:card\" content=\"summary_large_image\" \/>\n<meta name=\"twitter:creator\" content=\"@https:\/\/twitter.com\/viniciuspjornal\" \/>\n<meta name=\"twitter:site\" content=\"@sunoresearch\" \/>\n<meta name=\"twitter:label1\" content=\"Escrito por\" \/>\n\t<meta name=\"twitter:data1\" content=\"Vinicius Pereira\" \/>\n\t<meta name=\"twitter:label2\" content=\"Est. tempo de leitura\" \/>\n\t<meta name=\"twitter:data2\" content=\"4 minutos\" \/>\n<script type=\"application\/ld+json\" class=\"yoast-schema-graph\">{\"@context\":\"https:\/\/schema.org\",\"@graph\":[{\"@type\":\"NewsArticle\",\"@id\":\"https:\/\/www.suno.com.br\/noticias\/lula-se-quiserem-que-bolsa-cresca-e-preciso-garantir-emprego-e-renda\/#article\",\"isPartOf\":{\"@id\":\"https:\/\/www.suno.com.br\/noticias\/lula-se-quiserem-que-bolsa-cresca-e-preciso-garantir-emprego-e-renda\/\"},\"author\":{\"name\":\"Vinicius Pereira\",\"@id\":\"https:\/\/www.suno.com.br\/noticias\/#\/schema\/person\/a20761b96e4df7eb57f1f9e41be1dbf3\"},\"headline\":\"Lula: se quiserem que Bolsa cres\u00e7a, \u00e9 preciso garantir emprego e renda\",\"datePublished\":\"2021-03-10T16:34:03+00:00\",\"dateModified\":\"2021-06-24T05:05:53+00:00\",\"mainEntityOfPage\":{\"@id\":\"https:\/\/www.suno.com.br\/noticias\/lula-se-quiserem-que-bolsa-cresca-e-preciso-garantir-emprego-e-renda\/\"},\"wordCount\":849,\"publisher\":{\"@id\":\"https:\/\/www.suno.com.br\/noticias\/#organization\"},\"image\":{\"@id\":\"https:\/\/www.suno.com.br\/noticias\/lula-se-quiserem-que-bolsa-cresca-e-preciso-garantir-emprego-e-renda\/#primaryimage\"},\"thumbnailUrl\":\"https:\/\/files.sunoresearch.com.br\/n\/uploads\/2021\/03\/cbb35864-lula-asilo-jpg.webp\",\"keywords\":[\"Elei\u00e7\u00f5es\",\"Especialistas\",\"Jair Bolsonaro\",\"Lula\"],\"articleSection\":[\"Pol\u00edtica\"],\"inLanguage\":\"pt-BR\"},{\"@type\":\"WebPage\",\"@id\":\"https:\/\/www.suno.com.br\/noticias\/lula-se-quiserem-que-bolsa-cresca-e-preciso-garantir-emprego-e-renda\/\",\"url\":\"https:\/\/www.suno.com.br\/noticias\/lula-se-quiserem-que-bolsa-cresca-e-preciso-garantir-emprego-e-renda\/\",\"name\":\"Lula: se quiserem que Bolsa cres\u00e7a, \u00e9 preciso garantir emprego e renda\",\"isPartOf\":{\"@id\":\"https:\/\/www.suno.com.br\/noticias\/#website\"},\"primaryImageOfPage\":{\"@id\":\"https:\/\/www.suno.com.br\/noticias\/lula-se-quiserem-que-bolsa-cresca-e-preciso-garantir-emprego-e-renda\/#primaryimage\"},\"image\":{\"@id\":\"https:\/\/www.suno.com.br\/noticias\/lula-se-quiserem-que-bolsa-cresca-e-preciso-garantir-emprego-e-renda\/#primaryimage\"},\"thumbnailUrl\":\"https:\/\/files.sunoresearch.com.br\/n\/uploads\/2021\/03\/cbb35864-lula-asilo-jpg.webp\",\"datePublished\":\"2021-03-10T16:34:03+00:00\",\"dateModified\":\"2021-06-24T05:05:53+00:00\",\"description\":\"Para ex-presidente Lula, gera\u00e7\u00e3o de emprego e renda em meio a pandemia deve ser prioridade do governo. Clique aqui para ler mais.\",\"breadcrumb\":{\"@id\":\"https:\/\/www.suno.com.br\/noticias\/lula-se-quiserem-que-bolsa-cresca-e-preciso-garantir-emprego-e-renda\/#breadcrumb\"},\"inLanguage\":\"pt-BR\",\"potentialAction\":[{\"@type\":\"ReadAction\",\"target\":[\"https:\/\/www.suno.com.br\/noticias\/lula-se-quiserem-que-bolsa-cresca-e-preciso-garantir-emprego-e-renda\/\"]}]},{\"@type\":\"ImageObject\",\"inLanguage\":\"pt-BR\",\"@id\":\"https:\/\/www.suno.com.br\/noticias\/lula-se-quiserem-que-bolsa-cresca-e-preciso-garantir-emprego-e-renda\/#primaryimage\",\"url\":\"https:\/\/files.sunoresearch.com.br\/n\/uploads\/2021\/03\/cbb35864-lula-asilo-jpg.webp\",\"contentUrl\":\"https:\/\/files.sunoresearch.com.br\/n\/uploads\/2021\/03\/cbb35864-lula-asilo-jpg.webp\",\"width\":1080,\"height\":670,\"caption\":\"Campanha de Lula retirou a men\u00e7\u00e3o de \\\"regula\u00e7\u00e3o da agroind\u00fastria\\\" de suas diretrizes de governo. Foto: Ag\u00eancia Brasil\"},{\"@type\":\"BreadcrumbList\",\"@id\":\"https:\/\/www.suno.com.br\/noticias\/lula-se-quiserem-que-bolsa-cresca-e-preciso-garantir-emprego-e-renda\/#breadcrumb\",\"itemListElement\":[{\"@type\":\"ListItem\",\"position\":1,\"name\":\"Not\u00edcias\",\"item\":\"https:\/\/www.suno.com.br\/noticias\/\"},{\"@type\":\"ListItem\",\"position\":2,\"name\":\"Pol\u00edtica\",\"item\":\"https:\/\/www.suno.com.br\/noticias\/politica\/\"},{\"@type\":\"ListItem\",\"position\":3,\"name\":\"Lula: se quiserem que Bolsa cres\u00e7a, \u00e9 preciso garantir emprego e renda\"}]},{\"@type\":\"WebSite\",\"@id\":\"https:\/\/www.suno.com.br\/noticias\/#website\",\"url\":\"https:\/\/www.suno.com.br\/noticias\/\",\"name\":\"Suno Not\u00edcias\",\"description\":\"Seu portal de informa\u00e7\u00e3o sobre o mundo dos investimentos\",\"publisher\":{\"@id\":\"https:\/\/www.suno.com.br\/noticias\/#organization\"},\"potentialAction\":[{\"@type\":\"SearchAction\",\"target\":{\"@type\":\"EntryPoint\",\"urlTemplate\":\"https:\/\/www.suno.com.br\/noticias\/?s={search_term_string}\"},\"query-input\":{\"@type\":\"PropertyValueSpecification\",\"valueRequired\":true,\"valueName\":\"search_term_string\"}}],\"inLanguage\":\"pt-BR\"},{\"@type\":\"Organization\",\"@id\":\"https:\/\/www.suno.com.br\/noticias\/#organization\",\"name\":\"Suno Not\u00edcias\",\"url\":\"https:\/\/www.suno.com.br\/noticias\/\",\"logo\":{\"@type\":\"ImageObject\",\"inLanguage\":\"pt-BR\",\"@id\":\"https:\/\/www.suno.com.br\/noticias\/#\/schema\/logo\/image\/\",\"url\":\"https:\/\/files.sunoresearch.com.br\/n\/uploads\/2021\/09\/suno-logo.png\",\"contentUrl\":\"https:\/\/files.sunoresearch.com.br\/n\/uploads\/2021\/09\/suno-logo.png\",\"width\":180,\"height\":180,\"caption\":\"Suno Not\u00edcias\"},\"image\":{\"@id\":\"https:\/\/www.suno.com.br\/noticias\/#\/schema\/logo\/image\/\"},\"sameAs\":[\"https:\/\/facebook.com\/sunoresearch\",\"https:\/\/x.com\/sunoresearch\",\"https:\/\/www.instagram.com\/suno\",\"https:\/\/www.linkedin.com\/company\/suno-research\/\",\"https:\/\/www.youtube.com\/c\/sunoresearch\"]},{\"@type\":\"Person\",\"@id\":\"https:\/\/www.suno.com.br\/noticias\/#\/schema\/person\/a20761b96e4df7eb57f1f9e41be1dbf3\",\"name\":\"Vinicius Pereira\",\"image\":{\"@type\":\"ImageObject\",\"inLanguage\":\"pt-BR\",\"@id\":\"https:\/\/www.suno.com.br\/noticias\/#\/schema\/person\/image\/\",\"url\":\"https:\/\/secure.gravatar.com\/avatar\/783866b933198f5cc4c5d03fcc8b1301?s=96&r=g\",\"contentUrl\":\"https:\/\/secure.gravatar.com\/avatar\/783866b933198f5cc4c5d03fcc8b1301?s=96&r=g\",\"caption\":\"Vinicius Pereira\"},\"description\":\"Vinicius Pereira foi rep\u00f3rter de economia da Folha de S.Paulo, stringer do jornal no Canad\u00e1 e colaborador de VEJA. J\u00e1 escreveu tamb\u00e9m para BBC Brasil, The Intercept Brasil e UOL. Tem MBA em Informa\u00e7\u00f5es Econ\u00f4mico-Financeiras e Mercado de Capitais pela FIA\/B3.\",\"sameAs\":[\"https:\/\/x.com\/https:\/\/twitter.com\/viniciuspjornal\"],\"url\":\"https:\/\/www.suno.com.br\/noticias\/author\/vinicius-pereira\/\"}]}<\/script>\n<!-- \/ Yoast SEO plugin. -->","yoast_head_json":{"title":"Lula: se quiserem que Bolsa cres\u00e7a, \u00e9 preciso garantir emprego e renda","description":"Para ex-presidente Lula, gera\u00e7\u00e3o de emprego e renda em meio a pandemia deve ser prioridade do governo. Clique aqui para ler mais.","robots":{"index":"index","follow":"follow","max-snippet":"max-snippet:-1","max-image-preview":"max-image-preview:large","max-video-preview":"max-video-preview:-1"},"canonical":"https:\/\/www.suno.com.br\/noticias\/lula-se-quiserem-que-bolsa-cresca-e-preciso-garantir-emprego-e-renda\/","og_locale":"pt_BR","og_type":"article","og_title":"Lula: se quiserem que Bolsa cres\u00e7a, \u00e9 preciso garantir emprego e renda","og_description":"Para ex-presidente Lula, gera\u00e7\u00e3o de emprego e renda em meio a pandemia deve ser prioridade do governo. Clique aqui para ler mais.","og_url":"https:\/\/www.suno.com.br\/noticias\/lula-se-quiserem-que-bolsa-cresca-e-preciso-garantir-emprego-e-renda\/","og_site_name":"Suno Not\u00edcias","article_publisher":"https:\/\/facebook.com\/sunoresearch","og_image":[{"width":1080,"height":670,"url":"https:\/\/files.sunoresearch.com.br\/n\/uploads\/2021\/03\/cbb35864-lula-asilo.jpg","type":"image\/jpeg"}],"author":"Vinicius Pereira","twitter_card":"summary_large_image","twitter_creator":"@https:\/\/twitter.com\/viniciuspjornal","twitter_site":"@sunoresearch","twitter_misc":{"Escrito por":"Vinicius Pereira","Est. tempo de leitura":"4 minutos"},"schema":{"@context":"https:\/\/schema.org","@graph":[{"@type":"NewsArticle","@id":"https:\/\/www.suno.com.br\/noticias\/lula-se-quiserem-que-bolsa-cresca-e-preciso-garantir-emprego-e-renda\/#article","isPartOf":{"@id":"https:\/\/www.suno.com.br\/noticias\/lula-se-quiserem-que-bolsa-cresca-e-preciso-garantir-emprego-e-renda\/"},"author":{"name":"Vinicius Pereira","@id":"https:\/\/www.suno.com.br\/noticias\/#\/schema\/person\/a20761b96e4df7eb57f1f9e41be1dbf3"},"headline":"Lula: se quiserem que Bolsa cres\u00e7a, \u00e9 preciso garantir emprego e renda","datePublished":"2021-03-10T16:34:03+00:00","dateModified":"2021-06-24T05:05:53+00:00","mainEntityOfPage":{"@id":"https:\/\/www.suno.com.br\/noticias\/lula-se-quiserem-que-bolsa-cresca-e-preciso-garantir-emprego-e-renda\/"},"wordCount":849,"publisher":{"@id":"https:\/\/www.suno.com.br\/noticias\/#organization"},"image":{"@id":"https:\/\/www.suno.com.br\/noticias\/lula-se-quiserem-que-bolsa-cresca-e-preciso-garantir-emprego-e-renda\/#primaryimage"},"thumbnailUrl":"https:\/\/files.sunoresearch.com.br\/n\/uploads\/2021\/03\/cbb35864-lula-asilo-jpg.webp","keywords":["Elei\u00e7\u00f5es","Especialistas","Jair Bolsonaro","Lula"],"articleSection":["Pol\u00edtica"],"inLanguage":"pt-BR"},{"@type":"WebPage","@id":"https:\/\/www.suno.com.br\/noticias\/lula-se-quiserem-que-bolsa-cresca-e-preciso-garantir-emprego-e-renda\/","url":"https:\/\/www.suno.com.br\/noticias\/lula-se-quiserem-que-bolsa-cresca-e-preciso-garantir-emprego-e-renda\/","name":"Lula: se quiserem que Bolsa cres\u00e7a, \u00e9 preciso garantir emprego e renda","isPartOf":{"@id":"https:\/\/www.suno.com.br\/noticias\/#website"},"primaryImageOfPage":{"@id":"https:\/\/www.suno.com.br\/noticias\/lula-se-quiserem-que-bolsa-cresca-e-preciso-garantir-emprego-e-renda\/#primaryimage"},"image":{"@id":"https:\/\/www.suno.com.br\/noticias\/lula-se-quiserem-que-bolsa-cresca-e-preciso-garantir-emprego-e-renda\/#primaryimage"},"thumbnailUrl":"https:\/\/files.sunoresearch.com.br\/n\/uploads\/2021\/03\/cbb35864-lula-asilo-jpg.webp","datePublished":"2021-03-10T16:34:03+00:00","dateModified":"2021-06-24T05:05:53+00:00","description":"Para ex-presidente Lula, gera\u00e7\u00e3o de emprego e renda em meio a pandemia deve ser prioridade do governo. Clique aqui para ler mais.","breadcrumb":{"@id":"https:\/\/www.suno.com.br\/noticias\/lula-se-quiserem-que-bolsa-cresca-e-preciso-garantir-emprego-e-renda\/#breadcrumb"},"inLanguage":"pt-BR","potentialAction":[{"@type":"ReadAction","target":["https:\/\/www.suno.com.br\/noticias\/lula-se-quiserem-que-bolsa-cresca-e-preciso-garantir-emprego-e-renda\/"]}]},{"@type":"ImageObject","inLanguage":"pt-BR","@id":"https:\/\/www.suno.com.br\/noticias\/lula-se-quiserem-que-bolsa-cresca-e-preciso-garantir-emprego-e-renda\/#primaryimage","url":"https:\/\/files.sunoresearch.com.br\/n\/uploads\/2021\/03\/cbb35864-lula-asilo-jpg.webp","contentUrl":"https:\/\/files.sunoresearch.com.br\/n\/uploads\/2021\/03\/cbb35864-lula-asilo-jpg.webp","width":1080,"height":670,"caption":"Campanha de Lula retirou a men\u00e7\u00e3o de \"regula\u00e7\u00e3o da agroind\u00fastria\" de suas diretrizes de governo. Foto: Ag\u00eancia Brasil"},{"@type":"BreadcrumbList","@id":"https:\/\/www.suno.com.br\/noticias\/lula-se-quiserem-que-bolsa-cresca-e-preciso-garantir-emprego-e-renda\/#breadcrumb","itemListElement":[{"@type":"ListItem","position":1,"name":"Not\u00edcias","item":"https:\/\/www.suno.com.br\/noticias\/"},{"@type":"ListItem","position":2,"name":"Pol\u00edtica","item":"https:\/\/www.suno.com.br\/noticias\/politica\/"},{"@type":"ListItem","position":3,"name":"Lula: se quiserem que Bolsa cres\u00e7a, \u00e9 preciso garantir emprego e renda"}]},{"@type":"WebSite","@id":"https:\/\/www.suno.com.br\/noticias\/#website","url":"https:\/\/www.suno.com.br\/noticias\/","name":"Suno Not\u00edcias","description":"Seu portal de informa\u00e7\u00e3o sobre o mundo dos investimentos","publisher":{"@id":"https:\/\/www.suno.com.br\/noticias\/#organization"},"potentialAction":[{"@type":"SearchAction","target":{"@type":"EntryPoint","urlTemplate":"https:\/\/www.suno.com.br\/noticias\/?s={search_term_string}"},"query-input":{"@type":"PropertyValueSpecification","valueRequired":true,"valueName":"search_term_string"}}],"inLanguage":"pt-BR"},{"@type":"Organization","@id":"https:\/\/www.suno.com.br\/noticias\/#organization","name":"Suno Not\u00edcias","url":"https:\/\/www.suno.com.br\/noticias\/","logo":{"@type":"ImageObject","inLanguage":"pt-BR","@id":"https:\/\/www.suno.com.br\/noticias\/#\/schema\/logo\/image\/","url":"https:\/\/files.sunoresearch.com.br\/n\/uploads\/2021\/09\/suno-logo.png","contentUrl":"https:\/\/files.sunoresearch.com.br\/n\/uploads\/2021\/09\/suno-logo.png","width":180,"height":180,"caption":"Suno Not\u00edcias"},"image":{"@id":"https:\/\/www.suno.com.br\/noticias\/#\/schema\/logo\/image\/"},"sameAs":["https:\/\/facebook.com\/sunoresearch","https:\/\/x.com\/sunoresearch","https:\/\/www.instagram.com\/suno","https:\/\/www.linkedin.com\/company\/suno-research\/","https:\/\/www.youtube.com\/c\/sunoresearch"]},{"@type":"Person","@id":"https:\/\/www.suno.com.br\/noticias\/#\/schema\/person\/a20761b96e4df7eb57f1f9e41be1dbf3","name":"Vinicius Pereira","image":{"@type":"ImageObject","inLanguage":"pt-BR","@id":"https:\/\/www.suno.com.br\/noticias\/#\/schema\/person\/image\/","url":"https:\/\/secure.gravatar.com\/avatar\/783866b933198f5cc4c5d03fcc8b1301?s=96&r=g","contentUrl":"https:\/\/secure.gravatar.com\/avatar\/783866b933198f5cc4c5d03fcc8b1301?s=96&r=g","caption":"Vinicius Pereira"},"description":"Vinicius Pereira foi rep\u00f3rter de economia da Folha de S.Paulo, stringer do jornal no Canad\u00e1 e colaborador de VEJA. J\u00e1 escreveu tamb\u00e9m para BBC Brasil, The Intercept Brasil e UOL. Tem MBA em Informa\u00e7\u00f5es Econ\u00f4mico-Financeiras e Mercado de Capitais pela FIA\/B3.","sameAs":["https:\/\/x.com\/https:\/\/twitter.com\/viniciuspjornal"],"url":"https:\/\/www.suno.com.br\/noticias\/author\/vinicius-pereira\/"}]}},"default_loop_html":"<div class=\"cardsPage__listCard__boxs\"><div class=\"cardsPage__listCard__boxs__img\"><a href=\"https:\/\/www.suno.com.br\/noticias\/lula-se-quiserem-que-bolsa-cresca-e-preciso-garantir-emprego-e-renda\/\"><img class=\"mask\" src=\"https:\/\/www.suno.com.br\/noticias\/wp-content\/themes\/suno\/resources\/images\/spotlight\/spotlight1img\/bg-mask.png\" alt=\"Image Mask\"\/><img src=\"https:\/\/files.sunoresearch.com.br\/n\/uploads\/2021\/03\/cbb35864-lula-asilo-400x200.webp\" alt=\"Lula: se quiserem que Bolsa cres\u00e7a, \u00e9 preciso garantir emprego e renda\"\/><\/a><span class=\"spotlightCategory\"><a href=\"https:\/\/www.suno.com.br\/noticias\/politica\/\">Pol\u00edtica<\/a><\/span><\/div><div class=\"cardsPage__listCard__boxs__content\"><a href=\"https:\/\/www.suno.com.br\/noticias\/lula-se-quiserem-que-bolsa-cresca-e-preciso-garantir-emprego-e-renda\/\"><h2 class=\"content__title\">Lula: se quiserem que Bolsa cres\u00e7a, \u00e9 preciso garantir emprego e renda<\/h2><\/a><div class=\"newsContent__article__meta\"><div class=\"newsContent__article__meta__authorBox\"><a href=\"https:\/\/www.suno.com.br\/noticias\/author\/vinicius-pereira\/\" class=\"authorBox__avatar noMobi\"><img src=\"https:\/\/files.sunoresearch.com.br\/n\/uploads\/2020\/08\/77510613-whatsapp-image-2020-08-03-at-13.40.40-150x150.webp\" alt=\"Vinicius Pereira\"><\/a><div class=\"authorBox__name\"><span>por\n\t\t\t<a href=\"https:\/\/www.suno.com.br\/noticias\/author\/vinicius-pereira\/\"><span itemprop=\"author\">Vinicius Pereira<\/span><\/a><\/span><time datetime=\"2021-03-10T13:34:03-03:00\" itemprop=\"datePublished\">10\/03\/2021 13:34<\/time><\/div><\/div><\/div><\/div><\/div>","single_layout":"posts","amp_enabled":true,"_links":{"self":[{"href":"https:\/\/www.suno.com.br\/noticias\/wp-json\/wp\/v2\/posts\/130715"}],"collection":[{"href":"https:\/\/www.suno.com.br\/noticias\/wp-json\/wp\/v2\/posts"}],"about":[{"href":"https:\/\/www.suno.com.br\/noticias\/wp-json\/wp\/v2\/types\/post"}],"author":[{"embeddable":true,"href":"https:\/\/www.suno.com.br\/noticias\/wp-json\/wp\/v2\/users\/27"}],"replies":[{"embeddable":true,"href":"https:\/\/www.suno.com.br\/noticias\/wp-json\/wp\/v2\/comments?post=130715"}],"version-history":[{"count":8,"href":"https:\/\/www.suno.com.br\/noticias\/wp-json\/wp\/v2\/posts\/130715\/revisions"}],"predecessor-version":[{"id":130825,"href":"https:\/\/www.suno.com.br\/noticias\/wp-json\/wp\/v2\/posts\/130715\/revisions\/130825"}],"wp:featuredmedia":[{"embeddable":true,"href":"https:\/\/www.suno.com.br\/noticias\/wp-json\/wp\/v2\/media\/129824"}],"wp:attachment":[{"href":"https:\/\/www.suno.com.br\/noticias\/wp-json\/wp\/v2\/media?parent=130715"}],"wp:term":[{"taxonomy":"category","embeddable":true,"href":"https:\/\/www.suno.com.br\/noticias\/wp-json\/wp\/v2\/categories?post=130715"},{"taxonomy":"post_tag","embeddable":true,"href":"https:\/\/www.suno.com.br\/noticias\/wp-json\/wp\/v2\/tags?post=130715"},{"taxonomy":"suno_strategy","embeddable":true,"href":"https:\/\/www.suno.com.br\/noticias\/wp-json\/wp\/v2\/suno_strategy?post=130715"}],"curies":[{"name":"wp","href":"https:\/\/api.w.org\/{rel}","templated":true}]}}