{"id":130688,"date":"2021-03-10T10:46:35","date_gmt":"2021-03-10T13:46:35","guid":{"rendered":"https:\/\/www.suno.com.br\/noticias\/?p=130688"},"modified":"2021-06-24T02:05:54","modified_gmt":"2021-06-24T05:05:54","slug":"bolsonaro-tem-dez-pontos-a-frente-de-lula-para-2022-diz-pesquisa-da-cnn","status":"publish","type":"post","link":"https:\/\/www.suno.com.br\/noticias\/bolsonaro-tem-dez-pontos-a-frente-de-lula-para-2022-diz-pesquisa-da-cnn\/","title":{"rendered":"Bolsonaro tem dez pontos a frente de Lula para 2022, diz pesquisa da CNN"},"content":{"rendered":"<p>Na primeira pesquisa sobre as elei\u00e7\u00f5es de 2022 ap\u00f3s a anula\u00e7\u00e3o das condena\u00e7\u00f5es do ex-presidente Luiz In\u00e1cio Lula da Silva (PT), o atual presidente <strong>Jair Bolsonaro<\/strong> (sem partido) lidera a corrida presidencial e tem dez pontos a frente do petista, segundo pesquisa realizada pela parceria CNN\/Instituto Real Time Big Data e divulgada nesta quarta-feira (10).<\/p>\t<div class=\"wrapper-featured-image\">\n\t\t<figure class=\"spotlightImg\">\n\n\t\t\t<picture>\n\t\t\t\t<source media=\"(max-width: 768px)\" srcset=\"https:\/\/files.sunoresearch.com.br\/n\/uploads\/2021\/03\/7abe76ae-bolsonaro2-400x200.webp\">\n\t\t\t\t<img loading=\"lazy\" decoding=\"async\" class=\"newsContent__article__imgCapa lazyloadDisabled \" src=\"https:\/\/files.sunoresearch.com.br\/n\/uploads\/2021\/03\/7abe76ae-bolsonaro2-jpg.webp\" width=\"800\" height=\"450\" alt=\"Bolsonaro tem dez pontos a frente de Lula para 2022, diz pesquisa da CNN\" fetchpriority=high \/>\n\t\t\t<\/picture>\n\n\t\t\t<figcaption class=\"wp-caption-text wp-caption-text--show\">Bolsonaro e Lula devem taxar dividendos<\/figcaption>\n\t\t<\/figure>\n\t<\/div>\n\n\n\t<p>\n\t\t<a href=\"https:\/\/lp.suno.com.br\/planilha-controle-gastos\/\" target=\"_blank\" data-element=\"shortcode-suno-banner\" title=\"Banner SUNO, clique e saiba mais\">\n\t\t\t<picture>\n\t\t\t\t<source media=\"(max-width: 500px)\" srcset=\"https:\/\/files.sunoresearch.com.br\/n\/uploads\/2023\/03\/400x300-Planilha-controle-de-gastos.png\">\n\t\t\t\t<img class=\"newsContent__article__imgCapa newsContent__article__imgCapa--banner\"\n\t\t\t\t\tsrc=\"https:\/\/files.sunoresearch.com.br\/n\/uploads\/2023\/03\/1420x240-Planilha-controle-de-gastos.png\"\n\t\t\t\t\tdata-promo-id=\"101751\"\t\t\t\t\t\t\t\t\t\twidth='1420' height='240'\t\t\t\t\talt=\"https:\/\/files.sunoresearch.com.br\/n\/uploads\/2023\/03\/1420x240-Planilha-controle-de-gastos.png\"\n\t\t\t\t>\n\t\t\t<\/picture>\n\t\t<\/a>\n\t<\/p>\n\n\n<p>Segundo a pesquisa, Bolsonaro tem 31% das inten\u00e7\u00f5es de votos. J\u00e1 Lula, o segundo colocado, possui 21%. A margem de erro \u00e9 de tr\u00eas pontos percentuais para mais ou para menos.<\/p>\n<p>Al\u00e9m de Lula e Bolsonaro, h\u00e1 um empate t\u00e9cnico no terceiro lugar. O ex-ministro S\u00e9rgio Moro (sem partido), com 10%, Ciro Gomes (PDT), com 9%, Luciano Huck. com 7% e Jo\u00e3o Doria, com 4% das inten\u00e7\u00f5es de voto, aparecem empatados.<\/p>\n<p><a href=\"https:\/\/lp.suno.com.br\/suno-one\/\">Suno One: acesse gratuitamente eBooks, Minicursos, Artigos e V\u00eddeo Aulas sobre investimentos com um \u00fanico cadastro. Clique para saber mais!<\/a><\/p>\n<p>J\u00e1 Jo\u00e3o Amo\u00eado (Novo) e Marina Silva (Rede) v\u00eam mais atr\u00e1s, com 2% e 1% das inten\u00e7\u00f5es, respectivamente. Segundo a pesquisa, os votos brancos e nulos somam 12%, enquanto 3% disseram que ainda n\u00e3o sabem como ir\u00e3o votar ou n\u00e3o responderam.<\/p>\n<p>Na segunda-feira (8), o ministro do STF Edson Fachin determinou ordem de habeas corpus para declarar a &#8220;incompet\u00eancia da 13\u00aa Vara Federal da Subse\u00e7\u00e3o Judici\u00e1ria de Curitiba para o processo e julgamento das a\u00e7\u00f5es&#8221; envolvendo o Triplex do Guaruj\u00e1, o S\u00edtio de Atibaia, a sede do Instituto Lula e as doa\u00e7\u00f5es \u00e0 mesma institui\u00e7\u00e3o.<\/p>\n<p>Fachin ordenou a invalida\u00e7\u00e3o dos processos e determinou a reabertura das a\u00e7\u00f5es penais. A decis\u00e3o <a href=\"https:\/\/www.suno.com.br\/noticias\/ibovespa-xp-investimentos-riscos-politicos-09032021\/\">devolve \u00e0 Lula os direitos pol\u00edticos<\/a>, tirando-o do escopo da Lei de Ficha Limpa.<\/p>\n<h2>Segundo turno tem empate t\u00e9cnico entre Bolsonaro e Lula<\/h2>\n<p>A pesquisa tamb\u00e9m levantou as possibilidades de um poss\u00edvel segundo turno em 2022. De acordo coma &#8220;CNN&#8221;, Bolsonaro tem 43%, enquanto Lula possui 39% das inten\u00e7\u00f5es de voto. Considerando a margem de erro, os dois est\u00e3o empatados tecnicamente.<\/p>\n\t<div data-element=\"shortcode-read-more\" class=\"knowMore\">\n\t\t\t\t<span class=\"knowMore__title\">Saiba mais<\/span>\n\t\t\t\t<a class=\"knowMore__link\" href=\"https:\/\/www.suno.com.br\/noticias\/ibovespa-xp-investimentos-riscos-politicos-09032021\/\">\n\t\t\tIbovespa: Riscos pol\u00edticos aumentam com Lula, mas podem surgir oportunidades, diz XP\t\t<\/a>\n\t<\/div>\n\n\n<p>A pesquisa mostra que, no segundo turno, votos brancos e nulos somam 15%. J\u00e1 3% dos entrevistados n\u00e3o sabem ou n\u00e3o responderam essa etapa da pesquisa.<\/p>\n<p>Segundo a &#8220;CNN&#8221;, a pesquisa que mostra <strong>Bolsonaro<\/strong> a frente ouviu 1.200 pessoas de todo o Brasil, sendo que a margem de erro \u00e9 de tr\u00eas pontos (para mais ou para menos) e o n\u00edvel de confian\u00e7a \u00e9 de 95%. Isto significa que se a mesma pesquisa fosse feita 100 vezes, o resultado seria o mesmo, dentro da margem de erro, em 95 oportunidades.<\/p>\n\t<p>\n\t\t<a href=\"https:\/\/lp.suno.com.br\/planilha-de-controle-de-investimentos\/\" target=\"_blank\" data-element=\"shortcode-suno-banner\" title=\"Banner SUNO, clique e saiba mais\">\n\t\t\t<picture>\n\t\t\t\t<source media=\"(max-width: 500px)\" srcset=\"https:\/\/files.sunoresearch.com.br\/n\/uploads\/2023\/03\/400x300-Controle-de-Investimentos.png\">\n\t\t\t\t<img class=\"newsContent__article__imgCapa newsContent__article__imgCapa--banner\"\n\t\t\t\t\tsrc=\"https:\/\/files.sunoresearch.com.br\/n\/uploads\/2023\/03\/1420x240-Controle-de-Investimentos.png\"\n\t\t\t\t\tdata-promo-id=\"75934\"\t\t\t\t\t\t\t\t\t\twidth='1420' height='240'\t\t\t\t\talt=\"https:\/\/files.sunoresearch.com.br\/n\/uploads\/2023\/03\/1420x240-Controle-de-Investimentos.png\"\n\t\t\t\t>\n\t\t\t<\/picture>\n\t\t<\/a>\n\t<\/p>\n\n\n","protected":false},"excerpt":{"rendered":"<p>Na primeira pesquisa sobre as elei\u00e7\u00f5es de 2022 ap\u00f3s a anula\u00e7\u00e3o das condena\u00e7\u00f5es do ex-presidente Luiz In\u00e1cio Lula da Silva (PT), o atual presidente Jair Bolsonaro (sem partido) lidera a corrida presidencial e tem dez pontos a frente do petista, segundo pesquisa realizada pela parceria CNN\/Instituto Real Time Big Data e divulgada nesta quarta-feira (10). [&hellip;]<\/p>\n","protected":false},"author":27,"featured_media":130300,"comment_status":"closed","ping_status":"closed","sticky":false,"template":"","format":"standard","meta":[],"categories":[61],"tags":[697,719,709],"suno_strategy":[],"class_list":["post-130688","post","type-post","status-publish","format-standard","has-post-thumbnail","hentry","category-politica","tag-eleicoes","tag-jair-bolsonaro","tag-lula"],"yoast_head":"<!-- This site is optimized with the Yoast SEO plugin v24.4 - https:\/\/yoast.com\/wordpress\/plugins\/seo\/ -->\n<title>Bolsonaro aparece dez pontos a frente de Lula em pesquisa da CNN<\/title>\n<meta name=\"description\" content=\"Pesquisa da CNN \u00e9 a primeira ap\u00f3s decis\u00e3o de Fachin sobre Lula. Poss\u00edveis candidatos aparecem empatados no segundo turnp. Clique para ler.\" \/>\n<meta name=\"robots\" content=\"index, follow, max-snippet:-1, max-image-preview:large, max-video-preview:-1\" \/>\n<link rel=\"canonical\" href=\"https:\/\/www.suno.com.br\/noticias\/bolsonaro-tem-dez-pontos-a-frente-de-lula-para-2022-diz-pesquisa-da-cnn\/\" \/>\n<meta property=\"og:locale\" content=\"pt_BR\" \/>\n<meta property=\"og:type\" content=\"article\" \/>\n<meta property=\"og:title\" content=\"Bolsonaro aparece dez pontos a frente de Lula em pesquisa da CNN\" \/>\n<meta property=\"og:description\" content=\"Pesquisa da CNN \u00e9 a primeira ap\u00f3s decis\u00e3o de Fachin sobre Lula. Poss\u00edveis candidatos aparecem empatados no segundo turnp. Clique para ler.\" \/>\n<meta property=\"og:url\" content=\"https:\/\/www.suno.com.br\/noticias\/bolsonaro-tem-dez-pontos-a-frente-de-lula-para-2022-diz-pesquisa-da-cnn\/\" \/>\n<meta property=\"og:site_name\" content=\"Suno Not\u00edcias\" \/>\n<meta property=\"article:publisher\" content=\"https:\/\/facebook.com\/sunoresearch\" \/>\n<meta property=\"og:image\" content=\"https:\/\/files.sunoresearch.com.br\/n\/uploads\/2021\/03\/7abe76ae-bolsonaro2.jpg\" \/>\n\t<meta property=\"og:image:width\" content=\"800\" \/>\n\t<meta property=\"og:image:height\" content=\"450\" \/>\n\t<meta property=\"og:image:type\" content=\"image\/jpeg\" \/>\n<meta name=\"author\" content=\"Vinicius Pereira\" \/>\n<meta name=\"twitter:card\" content=\"summary_large_image\" \/>\n<meta name=\"twitter:creator\" content=\"@https:\/\/twitter.com\/viniciuspjornal\" \/>\n<meta name=\"twitter:site\" content=\"@sunoresearch\" \/>\n<meta name=\"twitter:label1\" content=\"Escrito por\" \/>\n\t<meta name=\"twitter:data1\" content=\"Vinicius Pereira\" \/>\n\t<meta name=\"twitter:label2\" content=\"Est. tempo de leitura\" \/>\n\t<meta name=\"twitter:data2\" content=\"2 minutos\" \/>\n<script type=\"application\/ld+json\" class=\"yoast-schema-graph\">{\"@context\":\"https:\/\/schema.org\",\"@graph\":[{\"@type\":\"NewsArticle\",\"@id\":\"https:\/\/www.suno.com.br\/noticias\/bolsonaro-tem-dez-pontos-a-frente-de-lula-para-2022-diz-pesquisa-da-cnn\/#article\",\"isPartOf\":{\"@id\":\"https:\/\/www.suno.com.br\/noticias\/bolsonaro-tem-dez-pontos-a-frente-de-lula-para-2022-diz-pesquisa-da-cnn\/\"},\"author\":{\"name\":\"Vinicius Pereira\",\"@id\":\"https:\/\/www.suno.com.br\/noticias\/#\/schema\/person\/a20761b96e4df7eb57f1f9e41be1dbf3\"},\"headline\":\"Bolsonaro tem dez pontos a frente de Lula para 2022, diz pesquisa da CNN\",\"datePublished\":\"2021-03-10T13:46:35+00:00\",\"dateModified\":\"2021-06-24T05:05:54+00:00\",\"mainEntityOfPage\":{\"@id\":\"https:\/\/www.suno.com.br\/noticias\/bolsonaro-tem-dez-pontos-a-frente-de-lula-para-2022-diz-pesquisa-da-cnn\/\"},\"wordCount\":448,\"publisher\":{\"@id\":\"https:\/\/www.suno.com.br\/noticias\/#organization\"},\"image\":{\"@id\":\"https:\/\/www.suno.com.br\/noticias\/bolsonaro-tem-dez-pontos-a-frente-de-lula-para-2022-diz-pesquisa-da-cnn\/#primaryimage\"},\"thumbnailUrl\":\"https:\/\/files.sunoresearch.com.br\/n\/uploads\/2021\/03\/7abe76ae-bolsonaro2-jpg.webp\",\"keywords\":[\"Elei\u00e7\u00f5es\",\"Jair Bolsonaro\",\"Lula\"],\"articleSection\":[\"Pol\u00edtica\"],\"inLanguage\":\"pt-BR\"},{\"@type\":\"WebPage\",\"@id\":\"https:\/\/www.suno.com.br\/noticias\/bolsonaro-tem-dez-pontos-a-frente-de-lula-para-2022-diz-pesquisa-da-cnn\/\",\"url\":\"https:\/\/www.suno.com.br\/noticias\/bolsonaro-tem-dez-pontos-a-frente-de-lula-para-2022-diz-pesquisa-da-cnn\/\",\"name\":\"Bolsonaro aparece dez pontos a frente de Lula em pesquisa da CNN\",\"isPartOf\":{\"@id\":\"https:\/\/www.suno.com.br\/noticias\/#website\"},\"primaryImageOfPage\":{\"@id\":\"https:\/\/www.suno.com.br\/noticias\/bolsonaro-tem-dez-pontos-a-frente-de-lula-para-2022-diz-pesquisa-da-cnn\/#primaryimage\"},\"image\":{\"@id\":\"https:\/\/www.suno.com.br\/noticias\/bolsonaro-tem-dez-pontos-a-frente-de-lula-para-2022-diz-pesquisa-da-cnn\/#primaryimage\"},\"thumbnailUrl\":\"https:\/\/files.sunoresearch.com.br\/n\/uploads\/2021\/03\/7abe76ae-bolsonaro2-jpg.webp\",\"datePublished\":\"2021-03-10T13:46:35+00:00\",\"dateModified\":\"2021-06-24T05:05:54+00:00\",\"description\":\"Pesquisa da CNN \u00e9 a primeira ap\u00f3s decis\u00e3o de Fachin sobre Lula. Poss\u00edveis candidatos aparecem empatados no segundo turnp. Clique para ler.\",\"breadcrumb\":{\"@id\":\"https:\/\/www.suno.com.br\/noticias\/bolsonaro-tem-dez-pontos-a-frente-de-lula-para-2022-diz-pesquisa-da-cnn\/#breadcrumb\"},\"inLanguage\":\"pt-BR\",\"potentialAction\":[{\"@type\":\"ReadAction\",\"target\":[\"https:\/\/www.suno.com.br\/noticias\/bolsonaro-tem-dez-pontos-a-frente-de-lula-para-2022-diz-pesquisa-da-cnn\/\"]}]},{\"@type\":\"ImageObject\",\"inLanguage\":\"pt-BR\",\"@id\":\"https:\/\/www.suno.com.br\/noticias\/bolsonaro-tem-dez-pontos-a-frente-de-lula-para-2022-diz-pesquisa-da-cnn\/#primaryimage\",\"url\":\"https:\/\/files.sunoresearch.com.br\/n\/uploads\/2021\/03\/7abe76ae-bolsonaro2-jpg.webp\",\"contentUrl\":\"https:\/\/files.sunoresearch.com.br\/n\/uploads\/2021\/03\/7abe76ae-bolsonaro2-jpg.webp\",\"width\":800,\"height\":450,\"caption\":\"Bolsonaro e Lula devem taxar dividendos\"},{\"@type\":\"BreadcrumbList\",\"@id\":\"https:\/\/www.suno.com.br\/noticias\/bolsonaro-tem-dez-pontos-a-frente-de-lula-para-2022-diz-pesquisa-da-cnn\/#breadcrumb\",\"itemListElement\":[{\"@type\":\"ListItem\",\"position\":1,\"name\":\"Not\u00edcias\",\"item\":\"https:\/\/www.suno.com.br\/noticias\/\"},{\"@type\":\"ListItem\",\"position\":2,\"name\":\"Pol\u00edtica\",\"item\":\"https:\/\/www.suno.com.br\/noticias\/politica\/\"},{\"@type\":\"ListItem\",\"position\":3,\"name\":\"Bolsonaro tem dez pontos a frente de Lula para 2022, diz pesquisa da CNN\"}]},{\"@type\":\"WebSite\",\"@id\":\"https:\/\/www.suno.com.br\/noticias\/#website\",\"url\":\"https:\/\/www.suno.com.br\/noticias\/\",\"name\":\"Suno Not\u00edcias\",\"description\":\"Seu portal de informa\u00e7\u00e3o sobre o mundo dos investimentos\",\"publisher\":{\"@id\":\"https:\/\/www.suno.com.br\/noticias\/#organization\"},\"potentialAction\":[{\"@type\":\"SearchAction\",\"target\":{\"@type\":\"EntryPoint\",\"urlTemplate\":\"https:\/\/www.suno.com.br\/noticias\/?s={search_term_string}\"},\"query-input\":{\"@type\":\"PropertyValueSpecification\",\"valueRequired\":true,\"valueName\":\"search_term_string\"}}],\"inLanguage\":\"pt-BR\"},{\"@type\":\"Organization\",\"@id\":\"https:\/\/www.suno.com.br\/noticias\/#organization\",\"name\":\"Suno Not\u00edcias\",\"url\":\"https:\/\/www.suno.com.br\/noticias\/\",\"logo\":{\"@type\":\"ImageObject\",\"inLanguage\":\"pt-BR\",\"@id\":\"https:\/\/www.suno.com.br\/noticias\/#\/schema\/logo\/image\/\",\"url\":\"https:\/\/files.sunoresearch.com.br\/n\/uploads\/2021\/09\/suno-logo.png\",\"contentUrl\":\"https:\/\/files.sunoresearch.com.br\/n\/uploads\/2021\/09\/suno-logo.png\",\"width\":180,\"height\":180,\"caption\":\"Suno Not\u00edcias\"},\"image\":{\"@id\":\"https:\/\/www.suno.com.br\/noticias\/#\/schema\/logo\/image\/\"},\"sameAs\":[\"https:\/\/facebook.com\/sunoresearch\",\"https:\/\/x.com\/sunoresearch\",\"https:\/\/www.instagram.com\/suno\",\"https:\/\/www.linkedin.com\/company\/suno-research\/\",\"https:\/\/www.youtube.com\/c\/sunoresearch\"]},{\"@type\":\"Person\",\"@id\":\"https:\/\/www.suno.com.br\/noticias\/#\/schema\/person\/a20761b96e4df7eb57f1f9e41be1dbf3\",\"name\":\"Vinicius Pereira\",\"image\":{\"@type\":\"ImageObject\",\"inLanguage\":\"pt-BR\",\"@id\":\"https:\/\/www.suno.com.br\/noticias\/#\/schema\/person\/image\/\",\"url\":\"https:\/\/secure.gravatar.com\/avatar\/783866b933198f5cc4c5d03fcc8b1301?s=96&r=g\",\"contentUrl\":\"https:\/\/secure.gravatar.com\/avatar\/783866b933198f5cc4c5d03fcc8b1301?s=96&r=g\",\"caption\":\"Vinicius Pereira\"},\"description\":\"Vinicius Pereira foi rep\u00f3rter de economia da Folha de S.Paulo, stringer do jornal no Canad\u00e1 e colaborador de VEJA. J\u00e1 escreveu tamb\u00e9m para BBC Brasil, The Intercept Brasil e UOL. Tem MBA em Informa\u00e7\u00f5es Econ\u00f4mico-Financeiras e Mercado de Capitais pela FIA\/B3.\",\"sameAs\":[\"https:\/\/x.com\/https:\/\/twitter.com\/viniciuspjornal\"],\"url\":\"https:\/\/www.suno.com.br\/noticias\/author\/vinicius-pereira\/\"}]}<\/script>\n<!-- \/ Yoast SEO plugin. -->","yoast_head_json":{"title":"Bolsonaro aparece dez pontos a frente de Lula em pesquisa da CNN","description":"Pesquisa da CNN \u00e9 a primeira ap\u00f3s decis\u00e3o de Fachin sobre Lula. Poss\u00edveis candidatos aparecem empatados no segundo turnp. Clique para ler.","robots":{"index":"index","follow":"follow","max-snippet":"max-snippet:-1","max-image-preview":"max-image-preview:large","max-video-preview":"max-video-preview:-1"},"canonical":"https:\/\/www.suno.com.br\/noticias\/bolsonaro-tem-dez-pontos-a-frente-de-lula-para-2022-diz-pesquisa-da-cnn\/","og_locale":"pt_BR","og_type":"article","og_title":"Bolsonaro aparece dez pontos a frente de Lula em pesquisa da CNN","og_description":"Pesquisa da CNN \u00e9 a primeira ap\u00f3s decis\u00e3o de Fachin sobre Lula. Poss\u00edveis candidatos aparecem empatados no segundo turnp. Clique para ler.","og_url":"https:\/\/www.suno.com.br\/noticias\/bolsonaro-tem-dez-pontos-a-frente-de-lula-para-2022-diz-pesquisa-da-cnn\/","og_site_name":"Suno Not\u00edcias","article_publisher":"https:\/\/facebook.com\/sunoresearch","og_image":[{"width":800,"height":450,"url":"https:\/\/files.sunoresearch.com.br\/n\/uploads\/2021\/03\/7abe76ae-bolsonaro2.jpg","type":"image\/jpeg"}],"author":"Vinicius Pereira","twitter_card":"summary_large_image","twitter_creator":"@https:\/\/twitter.com\/viniciuspjornal","twitter_site":"@sunoresearch","twitter_misc":{"Escrito por":"Vinicius Pereira","Est. tempo de leitura":"2 minutos"},"schema":{"@context":"https:\/\/schema.org","@graph":[{"@type":"NewsArticle","@id":"https:\/\/www.suno.com.br\/noticias\/bolsonaro-tem-dez-pontos-a-frente-de-lula-para-2022-diz-pesquisa-da-cnn\/#article","isPartOf":{"@id":"https:\/\/www.suno.com.br\/noticias\/bolsonaro-tem-dez-pontos-a-frente-de-lula-para-2022-diz-pesquisa-da-cnn\/"},"author":{"name":"Vinicius Pereira","@id":"https:\/\/www.suno.com.br\/noticias\/#\/schema\/person\/a20761b96e4df7eb57f1f9e41be1dbf3"},"headline":"Bolsonaro tem dez pontos a frente de Lula para 2022, diz pesquisa da CNN","datePublished":"2021-03-10T13:46:35+00:00","dateModified":"2021-06-24T05:05:54+00:00","mainEntityOfPage":{"@id":"https:\/\/www.suno.com.br\/noticias\/bolsonaro-tem-dez-pontos-a-frente-de-lula-para-2022-diz-pesquisa-da-cnn\/"},"wordCount":448,"publisher":{"@id":"https:\/\/www.suno.com.br\/noticias\/#organization"},"image":{"@id":"https:\/\/www.suno.com.br\/noticias\/bolsonaro-tem-dez-pontos-a-frente-de-lula-para-2022-diz-pesquisa-da-cnn\/#primaryimage"},"thumbnailUrl":"https:\/\/files.sunoresearch.com.br\/n\/uploads\/2021\/03\/7abe76ae-bolsonaro2-jpg.webp","keywords":["Elei\u00e7\u00f5es","Jair Bolsonaro","Lula"],"articleSection":["Pol\u00edtica"],"inLanguage":"pt-BR"},{"@type":"WebPage","@id":"https:\/\/www.suno.com.br\/noticias\/bolsonaro-tem-dez-pontos-a-frente-de-lula-para-2022-diz-pesquisa-da-cnn\/","url":"https:\/\/www.suno.com.br\/noticias\/bolsonaro-tem-dez-pontos-a-frente-de-lula-para-2022-diz-pesquisa-da-cnn\/","name":"Bolsonaro aparece dez pontos a frente de Lula em pesquisa da CNN","isPartOf":{"@id":"https:\/\/www.suno.com.br\/noticias\/#website"},"primaryImageOfPage":{"@id":"https:\/\/www.suno.com.br\/noticias\/bolsonaro-tem-dez-pontos-a-frente-de-lula-para-2022-diz-pesquisa-da-cnn\/#primaryimage"},"image":{"@id":"https:\/\/www.suno.com.br\/noticias\/bolsonaro-tem-dez-pontos-a-frente-de-lula-para-2022-diz-pesquisa-da-cnn\/#primaryimage"},"thumbnailUrl":"https:\/\/files.sunoresearch.com.br\/n\/uploads\/2021\/03\/7abe76ae-bolsonaro2-jpg.webp","datePublished":"2021-03-10T13:46:35+00:00","dateModified":"2021-06-24T05:05:54+00:00","description":"Pesquisa da CNN \u00e9 a primeira ap\u00f3s decis\u00e3o de Fachin sobre Lula. Poss\u00edveis candidatos aparecem empatados no segundo turnp. Clique para ler.","breadcrumb":{"@id":"https:\/\/www.suno.com.br\/noticias\/bolsonaro-tem-dez-pontos-a-frente-de-lula-para-2022-diz-pesquisa-da-cnn\/#breadcrumb"},"inLanguage":"pt-BR","potentialAction":[{"@type":"ReadAction","target":["https:\/\/www.suno.com.br\/noticias\/bolsonaro-tem-dez-pontos-a-frente-de-lula-para-2022-diz-pesquisa-da-cnn\/"]}]},{"@type":"ImageObject","inLanguage":"pt-BR","@id":"https:\/\/www.suno.com.br\/noticias\/bolsonaro-tem-dez-pontos-a-frente-de-lula-para-2022-diz-pesquisa-da-cnn\/#primaryimage","url":"https:\/\/files.sunoresearch.com.br\/n\/uploads\/2021\/03\/7abe76ae-bolsonaro2-jpg.webp","contentUrl":"https:\/\/files.sunoresearch.com.br\/n\/uploads\/2021\/03\/7abe76ae-bolsonaro2-jpg.webp","width":800,"height":450,"caption":"Bolsonaro e Lula devem taxar dividendos"},{"@type":"BreadcrumbList","@id":"https:\/\/www.suno.com.br\/noticias\/bolsonaro-tem-dez-pontos-a-frente-de-lula-para-2022-diz-pesquisa-da-cnn\/#breadcrumb","itemListElement":[{"@type":"ListItem","position":1,"name":"Not\u00edcias","item":"https:\/\/www.suno.com.br\/noticias\/"},{"@type":"ListItem","position":2,"name":"Pol\u00edtica","item":"https:\/\/www.suno.com.br\/noticias\/politica\/"},{"@type":"ListItem","position":3,"name":"Bolsonaro tem dez pontos a frente de Lula para 2022, diz pesquisa da CNN"}]},{"@type":"WebSite","@id":"https:\/\/www.suno.com.br\/noticias\/#website","url":"https:\/\/www.suno.com.br\/noticias\/","name":"Suno Not\u00edcias","description":"Seu portal de informa\u00e7\u00e3o sobre o mundo dos investimentos","publisher":{"@id":"https:\/\/www.suno.com.br\/noticias\/#organization"},"potentialAction":[{"@type":"SearchAction","target":{"@type":"EntryPoint","urlTemplate":"https:\/\/www.suno.com.br\/noticias\/?s={search_term_string}"},"query-input":{"@type":"PropertyValueSpecification","valueRequired":true,"valueName":"search_term_string"}}],"inLanguage":"pt-BR"},{"@type":"Organization","@id":"https:\/\/www.suno.com.br\/noticias\/#organization","name":"Suno Not\u00edcias","url":"https:\/\/www.suno.com.br\/noticias\/","logo":{"@type":"ImageObject","inLanguage":"pt-BR","@id":"https:\/\/www.suno.com.br\/noticias\/#\/schema\/logo\/image\/","url":"https:\/\/files.sunoresearch.com.br\/n\/uploads\/2021\/09\/suno-logo.png","contentUrl":"https:\/\/files.sunoresearch.com.br\/n\/uploads\/2021\/09\/suno-logo.png","width":180,"height":180,"caption":"Suno Not\u00edcias"},"image":{"@id":"https:\/\/www.suno.com.br\/noticias\/#\/schema\/logo\/image\/"},"sameAs":["https:\/\/facebook.com\/sunoresearch","https:\/\/x.com\/sunoresearch","https:\/\/www.instagram.com\/suno","https:\/\/www.linkedin.com\/company\/suno-research\/","https:\/\/www.youtube.com\/c\/sunoresearch"]},{"@type":"Person","@id":"https:\/\/www.suno.com.br\/noticias\/#\/schema\/person\/a20761b96e4df7eb57f1f9e41be1dbf3","name":"Vinicius Pereira","image":{"@type":"ImageObject","inLanguage":"pt-BR","@id":"https:\/\/www.suno.com.br\/noticias\/#\/schema\/person\/image\/","url":"https:\/\/secure.gravatar.com\/avatar\/783866b933198f5cc4c5d03fcc8b1301?s=96&r=g","contentUrl":"https:\/\/secure.gravatar.com\/avatar\/783866b933198f5cc4c5d03fcc8b1301?s=96&r=g","caption":"Vinicius Pereira"},"description":"Vinicius Pereira foi rep\u00f3rter de economia da Folha de S.Paulo, stringer do jornal no Canad\u00e1 e colaborador de VEJA. J\u00e1 escreveu tamb\u00e9m para BBC Brasil, The Intercept Brasil e UOL. Tem MBA em Informa\u00e7\u00f5es Econ\u00f4mico-Financeiras e Mercado de Capitais pela FIA\/B3.","sameAs":["https:\/\/x.com\/https:\/\/twitter.com\/viniciuspjornal"],"url":"https:\/\/www.suno.com.br\/noticias\/author\/vinicius-pereira\/"}]}},"default_loop_html":"<div class=\"cardsPage__listCard__boxs\"><div class=\"cardsPage__listCard__boxs__img\"><a href=\"https:\/\/www.suno.com.br\/noticias\/bolsonaro-tem-dez-pontos-a-frente-de-lula-para-2022-diz-pesquisa-da-cnn\/\"><img class=\"mask\" src=\"https:\/\/www.suno.com.br\/noticias\/wp-content\/themes\/suno\/resources\/images\/spotlight\/spotlight1img\/bg-mask.png\" alt=\"Image Mask\"\/><img src=\"https:\/\/files.sunoresearch.com.br\/n\/uploads\/2021\/03\/7abe76ae-bolsonaro2-400x200.webp\" alt=\"Bolsonaro tem dez pontos a frente de Lula para 2022, diz pesquisa da CNN\"\/><\/a><span class=\"spotlightCategory\"><a href=\"https:\/\/www.suno.com.br\/noticias\/politica\/\">Pol\u00edtica<\/a><\/span><\/div><div class=\"cardsPage__listCard__boxs__content\"><a href=\"https:\/\/www.suno.com.br\/noticias\/bolsonaro-tem-dez-pontos-a-frente-de-lula-para-2022-diz-pesquisa-da-cnn\/\"><h2 class=\"content__title\">Bolsonaro tem dez pontos a frente de Lula para 2022, diz pesquisa da CNN<\/h2><\/a><div class=\"newsContent__article__meta\"><div class=\"newsContent__article__meta__authorBox\"><a href=\"https:\/\/www.suno.com.br\/noticias\/author\/vinicius-pereira\/\" class=\"authorBox__avatar noMobi\"><img src=\"https:\/\/files.sunoresearch.com.br\/n\/uploads\/2020\/08\/77510613-whatsapp-image-2020-08-03-at-13.40.40-150x150.webp\" alt=\"Vinicius Pereira\"><\/a><div class=\"authorBox__name\"><span>por\n\t\t\t<a href=\"https:\/\/www.suno.com.br\/noticias\/author\/vinicius-pereira\/\"><span itemprop=\"author\">Vinicius Pereira<\/span><\/a><\/span><time datetime=\"2021-03-10T10:46:35-03:00\" itemprop=\"datePublished\">10\/03\/2021 10:46<\/time><\/div><\/div><\/div><\/div><\/div>","single_layout":"posts","amp_enabled":true,"_links":{"self":[{"href":"https:\/\/www.suno.com.br\/noticias\/wp-json\/wp\/v2\/posts\/130688"}],"collection":[{"href":"https:\/\/www.suno.com.br\/noticias\/wp-json\/wp\/v2\/posts"}],"about":[{"href":"https:\/\/www.suno.com.br\/noticias\/wp-json\/wp\/v2\/types\/post"}],"author":[{"embeddable":true,"href":"https:\/\/www.suno.com.br\/noticias\/wp-json\/wp\/v2\/users\/27"}],"replies":[{"embeddable":true,"href":"https:\/\/www.suno.com.br\/noticias\/wp-json\/wp\/v2\/comments?post=130688"}],"version-history":[{"count":9,"href":"https:\/\/www.suno.com.br\/noticias\/wp-json\/wp\/v2\/posts\/130688\/revisions"}],"predecessor-version":[{"id":130735,"href":"https:\/\/www.suno.com.br\/noticias\/wp-json\/wp\/v2\/posts\/130688\/revisions\/130735"}],"wp:featuredmedia":[{"embeddable":true,"href":"https:\/\/www.suno.com.br\/noticias\/wp-json\/wp\/v2\/media\/130300"}],"wp:attachment":[{"href":"https:\/\/www.suno.com.br\/noticias\/wp-json\/wp\/v2\/media?parent=130688"}],"wp:term":[{"taxonomy":"category","embeddable":true,"href":"https:\/\/www.suno.com.br\/noticias\/wp-json\/wp\/v2\/categories?post=130688"},{"taxonomy":"post_tag","embeddable":true,"href":"https:\/\/www.suno.com.br\/noticias\/wp-json\/wp\/v2\/tags?post=130688"},{"taxonomy":"suno_strategy","embeddable":true,"href":"https:\/\/www.suno.com.br\/noticias\/wp-json\/wp\/v2\/suno_strategy?post=130688"}],"curies":[{"name":"wp","href":"https:\/\/api.w.org\/{rel}","templated":true}]}}