{"id":13064,"date":"2019-01-27T13:44:55","date_gmt":"2019-01-27T15:44:55","guid":{"rendered":"https:\/\/www.suno.com.br\/noticias\/?p=13064"},"modified":"2019-01-28T09:19:07","modified_gmt":"2019-01-28T11:19:07","slug":"justica-bloqueou-11-bi-vale","status":"publish","type":"post","link":"https:\/\/www.suno.com.br\/noticias\/justica-bloqueou-11-bi-vale\/","title":{"rendered":"Justi\u00e7a j\u00e1 bloqueou R$ 11 bi da Vale por desastre em Brumadinho"},"content":{"rendered":"<p>A Justi\u00e7a j\u00e1 bloqueou R$ 11 bilh\u00f5es da Vale ap\u00f3s o desastre de Brumadinho (MG).<\/p>\t<div class=\"wrapper-featured-image\">\n\t\t<figure class=\"spotlightImg\">\n\n\t\t\t<picture>\n\t\t\t\t<source media=\"(max-width: 768px)\" srcset=\"https:\/\/files.sunoresearch.com.br\/n\/uploads\/2019\/01\/2f4da918-vale-brumadinho-400x200.webp\">\n\t\t\t\t<img loading=\"lazy\" decoding=\"async\" class=\"newsContent__article__imgCapa lazyloadDisabled newsContent__article__imgCapa--noCaption\" src=\"https:\/\/files.sunoresearch.com.br\/n\/uploads\/2019\/01\/2f4da918-vale-brumadinho-800x450.webp\" width=\"800\" height=\"450\" alt=\"Justi\u00e7a j\u00e1 bloqueou R$ 11 bi da Vale por desastre em Brumadinho\" fetchpriority=high \/>\n\t\t\t<\/picture>\n\n\t\t\t<figcaption class=\"wp-caption-text wp-caption-text--hide\">Justi\u00e7a bloqueia valores em contas da Vale por causa da trag\u00e9dia em Brumadinho<\/figcaption>\n\t\t<\/figure>\n\t<\/div>\n\n\n<p><a href=\"https:\/\/lp.suno.com.br\/vale-brumadinho-noticias\/\">Saiba mais: VALE3: An\u00e1lise sobre suas a\u00e7\u00f5es ap\u00f3s o acidente em Brumadinho<\/a><\/p>\n<p>O bloqueio dos valores nas contas da <strong>mineradora<\/strong> foi determinado para compensar os preju\u00edzos e danos ambientais provocados pelo rompimento da <strong>barragem.<\/strong>\u00a0 Na noite do \u00faltimo s\u00e1bado (26) o <strong>Minist\u00e9rio P\u00fablico de Minas Gerais<\/strong> congelou R$ 5 bilh\u00f5es de reais nas contas da <strong>Vale.<\/strong><\/p>\n<p><a href=\"https:\/\/www.suno.com.br\/noticias\/mp-pede-bloqueio-bilhoes-vale\/\">Saiba mais: MP de Minas Gerais pede bloqueio de R$ 5 bilh\u00f5es da Vale\u00a0<\/a><\/p>\n<p>Este valor se soma a outras duas a\u00e7\u00f5es , uma tamb\u00e9m de R$ 5 bilh\u00f5es e outra de R$ 1 bilh\u00e3o. Todas as a\u00e7\u00f5es foram come\u00e7adas depois da trag\u00e9dia da <strong>barragem<\/strong> da <strong>mineradora<\/strong> na regi\u00e3o metropolitana de <strong>Belo Horizonte.<\/strong><\/p>\n<p><a href=\"https:\/\/www.suno.com.br\/noticias\/sp-vale-em-observacao-poderia-rebaixada\/\">Saiba mais:\u00a0S&amp;P: Vale em observa\u00e7\u00e3o e poderia ser rebaixada\u00a0<\/a><\/p>\n<p>Entretanto, todos esses bloqueios s\u00e3o decis\u00f5es cautelares. Foram determinadas a pedido do governo e do MP de <strong>Minas Gerais.<\/strong> Al\u00e9m do bloqueio de <strong>valores,<\/strong> a \u00faltima medida judicial determina tamb\u00e9m que a <strong>Vale<\/strong> assuma a responsabilidade da assist\u00eancia \u00e0s v\u00edtimas e seus parentes.<\/p>\n<p>Em um comunicado, a <strong>Justi\u00e7a<\/strong> informou que \u201cem caso de inexist\u00eancia do valor (estipulado), devem ser declarados indispon\u00edveis bens como autom\u00f3veis e im\u00f3veis\u201d.<\/p>\n<p><a href=\"https:\/\/www.suno.com.br\/noticias\/acoes-vale-despencam-rompimento-barragem\/\">Saiba mais:\u00a0A\u00e7\u00f5es da Vale em NY despencam ap\u00f3s rompimento de barragem em MG\u00a0<\/a><\/p>\n<p>Al\u00e9m dos bloqueios de recursos, a <strong>Vale<\/strong> tamb\u00e9m recebeu uma multa do <strong>Ibama<\/strong> de R$ 250 milh\u00f5es e outra do governo de <strong>Minas Gerais<\/strong> de R$ 99 milh\u00f5es.<\/p>\n<p><a href=\"https:\/\/www.suno.com.br\/noticias\/agu-multa-aplicada-vale-primeira\/\">Saiba mais:\u00a0AGU: multa aplicada \u00e0 Vale por brumadinho \u00e9 s\u00f3 a primeira\u00a0<\/a><\/p>\n<h2>O desastre de Brumadinho<\/h2>\n<p>A Barragem 1 de rejeitos da mina de C\u00f3rrego do Feij\u00e3o estourou na \u00faltima sexta-feira (25). A mina, localizada na \u00e1rea metropolitana de <strong>Belo Horizonte,<\/strong> \u00e9 de propriedade da <strong>Vale.<\/strong><\/p>\n<p>O acidente gerou uma avalanche de lama, que destruiu parte do centro administrativo da empresa em <strong>Brumadinho,<\/strong> e arrastou casas e at\u00e9 uma ponte. As autoridades locais informaram que pelo menos 37 pessoas morreram e outras 252 est\u00e3o desaparecidas. Outras 192 pessoas j\u00e1 foram resgatadas do desastre.<\/p>\n<p>O Instituto Inhotim, um dos maiores centros de arte ao ar livre da Am\u00e9rica Latina, foi esvaziado por medida de seguran\u00e7a. Por causa do rompimento da barragem de <strong>Brumadinho,<\/strong> o instituto n\u00e3o abriu s\u00e1bado (26) e n\u00e3o abrir\u00e1 domingo (27).<\/p>\n<p>A <strong>barragem<\/strong> rompida faz parte do complexo de Paraopeba. A mina \u00e9 respons\u00e1vel por 7,3 milh\u00f5es de toneladas de <strong>min\u00e9rio<\/strong>\u00a0<strong>de ferro<\/strong> do terceiro trimestre de 2018. O volume corresponde a 6,2% da produ\u00e7\u00e3o total de min\u00e9rio de ferro da <strong>Vale.<\/strong><\/p>\n<p>Esse \u00e9 o segundo desastre com barragem em que a Vale se envolve em\u00a0tr\u00eas anos. Em 2015 ocorreu a trag\u00e9dia de <strong>Mariana,<\/strong> com o rompimento da barragem da <strong>Samarco.<\/strong> Naquele desastre morreram 19 pessoas e a lama destruiu centenas de casas e constru\u00e7\u00f5es.<\/p>\n<p>A Samarco \u00e9 controlada pela <strong>Vale<\/strong> e pela mineradora anglo-australiana <strong>BHP Billiton,<\/strong> cada uma com 50% das a\u00e7\u00f5es. As duas empresas se tornaram alvo de a\u00e7\u00f5es na Justi\u00e7a por conta do desastre. As pessoas afetadas ainda esperam por repara\u00e7\u00e3o.<\/p>\n<p>&nbsp;<\/p>\n","protected":false},"excerpt":{"rendered":"<p>A Justi\u00e7a j\u00e1 bloqueou R$ 11 bilh\u00f5es da Vale ap\u00f3s o desastre de Brumadinho (MG). Justi\u00e7a bloqueia valores em contas da Vale por causa da trag\u00e9dia em Brumadinho Saiba mais: VALE3: An\u00e1lise sobre suas a\u00e7\u00f5es ap\u00f3s o acidente em Brumadinho O bloqueio dos valores nas contas da mineradora foi determinado para compensar os preju\u00edzos e [&hellip;]<\/p>\n","protected":false},"author":9,"featured_media":13065,"comment_status":"closed","ping_status":"closed","sticky":false,"template":"","format":"standard","meta":[],"categories":[60],"tags":[1032,676],"suno_strategy":[],"class_list":["post-13064","post","type-post","status-publish","format-standard","has-post-thumbnail","hentry","category-mercado","tag-brumadinho","tag-vale-vale3"],"yoast_head":"<!-- This site is optimized with the Yoast SEO plugin v24.4 - https:\/\/yoast.com\/wordpress\/plugins\/seo\/ -->\n<title>Justi\u00e7a j\u00e1 bloqueou R$ 11 bi da Vale por desastre em Brumadinho<\/title>\n<meta name=\"description\" content=\"O bloqueio dos valores nas contas da mineradora foi determinado ap\u00f3s rompimento da barragem em Brumadinho. Clique aqui para saber mais.\u00a0\" \/>\n<meta name=\"robots\" content=\"index, follow, max-snippet:-1, max-image-preview:large, max-video-preview:-1\" \/>\n<link rel=\"canonical\" href=\"https:\/\/www.suno.com.br\/noticias\/justica-bloqueou-11-bi-vale\/\" \/>\n<meta property=\"og:locale\" content=\"pt_BR\" \/>\n<meta property=\"og:type\" content=\"article\" \/>\n<meta property=\"og:title\" content=\"Justi\u00e7a j\u00e1 bloqueou R$ 11 bi da Vale por desastre em Brumadinho\" \/>\n<meta property=\"og:description\" content=\"O bloqueio dos valores nas contas da mineradora foi determinado ap\u00f3s rompimento da barragem em Brumadinho. Clique aqui para saber mais.\u00a0\" \/>\n<meta property=\"og:url\" content=\"https:\/\/www.suno.com.br\/noticias\/justica-bloqueou-11-bi-vale\/\" \/>\n<meta property=\"og:site_name\" content=\"Suno Not\u00edcias\" \/>\n<meta property=\"article:publisher\" content=\"https:\/\/facebook.com\/sunoresearch\" \/>\n<meta property=\"og:image\" content=\"https:\/\/files.sunoresearch.com.br\/n\/uploads\/2019\/01\/2f4da918-vale-brumadinho.jpg\" \/>\n\t<meta property=\"og:image:width\" content=\"1140\" \/>\n\t<meta property=\"og:image:height\" content=\"760\" \/>\n\t<meta property=\"og:image:type\" content=\"image\/jpeg\" \/>\n<meta name=\"author\" content=\"Carlo Cauti\" \/>\n<meta name=\"twitter:card\" content=\"summary_large_image\" \/>\n<meta name=\"twitter:creator\" content=\"@sunoresearch\" \/>\n<meta name=\"twitter:site\" content=\"@sunoresearch\" \/>\n<meta name=\"twitter:label1\" content=\"Escrito por\" \/>\n\t<meta name=\"twitter:data1\" content=\"Carlo Cauti\" \/>\n\t<meta name=\"twitter:label2\" content=\"Est. tempo de leitura\" \/>\n\t<meta name=\"twitter:data2\" content=\"3 minutos\" \/>\n<script type=\"application\/ld+json\" class=\"yoast-schema-graph\">{\"@context\":\"https:\/\/schema.org\",\"@graph\":[{\"@type\":\"NewsArticle\",\"@id\":\"https:\/\/www.suno.com.br\/noticias\/justica-bloqueou-11-bi-vale\/#article\",\"isPartOf\":{\"@id\":\"https:\/\/www.suno.com.br\/noticias\/justica-bloqueou-11-bi-vale\/\"},\"author\":{\"name\":\"Carlo Cauti\",\"@id\":\"https:\/\/www.suno.com.br\/noticias\/#\/schema\/person\/e6e0f723cc177805027f4566c1d5e0c8\"},\"headline\":\"Justi\u00e7a j\u00e1 bloqueou R$ 11 bi da Vale por desastre em Brumadinho\",\"datePublished\":\"2019-01-27T15:44:55+00:00\",\"dateModified\":\"2019-01-28T11:19:07+00:00\",\"mainEntityOfPage\":{\"@id\":\"https:\/\/www.suno.com.br\/noticias\/justica-bloqueou-11-bi-vale\/\"},\"wordCount\":545,\"publisher\":{\"@id\":\"https:\/\/www.suno.com.br\/noticias\/#organization\"},\"image\":{\"@id\":\"https:\/\/www.suno.com.br\/noticias\/justica-bloqueou-11-bi-vale\/#primaryimage\"},\"thumbnailUrl\":\"https:\/\/files.sunoresearch.com.br\/n\/uploads\/2019\/01\/2f4da918-vale-brumadinho-jpg.webp\",\"keywords\":[\"Brumadinho\",\"Vale (VALE3)\"],\"articleSection\":[\"Mercado\"],\"inLanguage\":\"pt-BR\"},{\"@type\":\"WebPage\",\"@id\":\"https:\/\/www.suno.com.br\/noticias\/justica-bloqueou-11-bi-vale\/\",\"url\":\"https:\/\/www.suno.com.br\/noticias\/justica-bloqueou-11-bi-vale\/\",\"name\":\"Justi\u00e7a j\u00e1 bloqueou R$ 11 bi da Vale por desastre em Brumadinho\",\"isPartOf\":{\"@id\":\"https:\/\/www.suno.com.br\/noticias\/#website\"},\"primaryImageOfPage\":{\"@id\":\"https:\/\/www.suno.com.br\/noticias\/justica-bloqueou-11-bi-vale\/#primaryimage\"},\"image\":{\"@id\":\"https:\/\/www.suno.com.br\/noticias\/justica-bloqueou-11-bi-vale\/#primaryimage\"},\"thumbnailUrl\":\"https:\/\/files.sunoresearch.com.br\/n\/uploads\/2019\/01\/2f4da918-vale-brumadinho-jpg.webp\",\"datePublished\":\"2019-01-27T15:44:55+00:00\",\"dateModified\":\"2019-01-28T11:19:07+00:00\",\"description\":\"O bloqueio dos valores nas contas da mineradora foi determinado ap\u00f3s rompimento da barragem em Brumadinho. Clique aqui para saber mais.\u00a0\",\"breadcrumb\":{\"@id\":\"https:\/\/www.suno.com.br\/noticias\/justica-bloqueou-11-bi-vale\/#breadcrumb\"},\"inLanguage\":\"pt-BR\",\"potentialAction\":[{\"@type\":\"ReadAction\",\"target\":[\"https:\/\/www.suno.com.br\/noticias\/justica-bloqueou-11-bi-vale\/\"]}]},{\"@type\":\"ImageObject\",\"inLanguage\":\"pt-BR\",\"@id\":\"https:\/\/www.suno.com.br\/noticias\/justica-bloqueou-11-bi-vale\/#primaryimage\",\"url\":\"https:\/\/files.sunoresearch.com.br\/n\/uploads\/2019\/01\/2f4da918-vale-brumadinho-jpg.webp\",\"contentUrl\":\"https:\/\/files.sunoresearch.com.br\/n\/uploads\/2019\/01\/2f4da918-vale-brumadinho-jpg.webp\",\"width\":1140,\"height\":760,\"caption\":\"Justi\u00e7a bloqueia valores em contas da Vale por causa da trag\u00e9dia em Brumadinho\"},{\"@type\":\"BreadcrumbList\",\"@id\":\"https:\/\/www.suno.com.br\/noticias\/justica-bloqueou-11-bi-vale\/#breadcrumb\",\"itemListElement\":[{\"@type\":\"ListItem\",\"position\":1,\"name\":\"Not\u00edcias\",\"item\":\"https:\/\/www.suno.com.br\/noticias\/\"},{\"@type\":\"ListItem\",\"position\":2,\"name\":\"Mercado\",\"item\":\"https:\/\/www.suno.com.br\/noticias\/mercado\/\"},{\"@type\":\"ListItem\",\"position\":3,\"name\":\"Justi\u00e7a j\u00e1 bloqueou R$ 11 bi da Vale por desastre em Brumadinho\"}]},{\"@type\":\"WebSite\",\"@id\":\"https:\/\/www.suno.com.br\/noticias\/#website\",\"url\":\"https:\/\/www.suno.com.br\/noticias\/\",\"name\":\"Suno Not\u00edcias\",\"description\":\"Seu portal de informa\u00e7\u00e3o sobre o mundo dos investimentos\",\"publisher\":{\"@id\":\"https:\/\/www.suno.com.br\/noticias\/#organization\"},\"potentialAction\":[{\"@type\":\"SearchAction\",\"target\":{\"@type\":\"EntryPoint\",\"urlTemplate\":\"https:\/\/www.suno.com.br\/noticias\/?s={search_term_string}\"},\"query-input\":{\"@type\":\"PropertyValueSpecification\",\"valueRequired\":true,\"valueName\":\"search_term_string\"}}],\"inLanguage\":\"pt-BR\"},{\"@type\":\"Organization\",\"@id\":\"https:\/\/www.suno.com.br\/noticias\/#organization\",\"name\":\"Suno Not\u00edcias\",\"url\":\"https:\/\/www.suno.com.br\/noticias\/\",\"logo\":{\"@type\":\"ImageObject\",\"inLanguage\":\"pt-BR\",\"@id\":\"https:\/\/www.suno.com.br\/noticias\/#\/schema\/logo\/image\/\",\"url\":\"https:\/\/files.sunoresearch.com.br\/n\/uploads\/2021\/09\/suno-logo.png\",\"contentUrl\":\"https:\/\/files.sunoresearch.com.br\/n\/uploads\/2021\/09\/suno-logo.png\",\"width\":180,\"height\":180,\"caption\":\"Suno Not\u00edcias\"},\"image\":{\"@id\":\"https:\/\/www.suno.com.br\/noticias\/#\/schema\/logo\/image\/\"},\"sameAs\":[\"https:\/\/facebook.com\/sunoresearch\",\"https:\/\/x.com\/sunoresearch\",\"https:\/\/www.instagram.com\/suno\",\"https:\/\/www.linkedin.com\/company\/suno-research\/\",\"https:\/\/www.youtube.com\/c\/sunoresearch\"]},{\"@type\":\"Person\",\"@id\":\"https:\/\/www.suno.com.br\/noticias\/#\/schema\/person\/e6e0f723cc177805027f4566c1d5e0c8\",\"name\":\"Carlo Cauti\",\"image\":{\"@type\":\"ImageObject\",\"inLanguage\":\"pt-BR\",\"@id\":\"https:\/\/www.suno.com.br\/noticias\/#\/schema\/person\/image\/\",\"url\":\"https:\/\/secure.gravatar.com\/avatar\/3ada9e0bd164c23abd4792a9606d583c?s=96&r=g\",\"contentUrl\":\"https:\/\/secure.gravatar.com\/avatar\/3ada9e0bd164c23abd4792a9606d583c?s=96&r=g\",\"caption\":\"Carlo Cauti\"},\"description\":\"Editor multim\u00eddia do SUNO Not\u00edcias. Italiano, formado em Ci\u00eancias Pol\u00edticas pela universidade LUISS G. Carli de Roma e mestre cum laude em Rela\u00e7\u00f5es Internacionais, Jornalismo Internacional e de Guerra e em Economia Internacional. Concluiu tamb\u00e9m um MBA em Finan\u00e7as na B3. No Brasil, teve passagem por ve\u00edculos como Estad\u00e3o, Globo, Veja e EXAME. e nas ag\u00eancias de not\u00edcias italianas ANSA e NOVA.\",\"url\":\"https:\/\/www.suno.com.br\/noticias\/author\/carlo-cauti\/\"}]}<\/script>\n<!-- \/ Yoast SEO plugin. -->","yoast_head_json":{"title":"Justi\u00e7a j\u00e1 bloqueou R$ 11 bi da Vale por desastre em Brumadinho","description":"O bloqueio dos valores nas contas da mineradora foi determinado ap\u00f3s rompimento da barragem em Brumadinho. Clique aqui para saber mais.\u00a0","robots":{"index":"index","follow":"follow","max-snippet":"max-snippet:-1","max-image-preview":"max-image-preview:large","max-video-preview":"max-video-preview:-1"},"canonical":"https:\/\/www.suno.com.br\/noticias\/justica-bloqueou-11-bi-vale\/","og_locale":"pt_BR","og_type":"article","og_title":"Justi\u00e7a j\u00e1 bloqueou R$ 11 bi da Vale por desastre em Brumadinho","og_description":"O bloqueio dos valores nas contas da mineradora foi determinado ap\u00f3s rompimento da barragem em Brumadinho. Clique aqui para saber mais.\u00a0","og_url":"https:\/\/www.suno.com.br\/noticias\/justica-bloqueou-11-bi-vale\/","og_site_name":"Suno Not\u00edcias","article_publisher":"https:\/\/facebook.com\/sunoresearch","og_image":[{"width":1140,"height":760,"url":"https:\/\/files.sunoresearch.com.br\/n\/uploads\/2019\/01\/2f4da918-vale-brumadinho.jpg","type":"image\/jpeg"}],"author":"Carlo Cauti","twitter_card":"summary_large_image","twitter_creator":"@sunoresearch","twitter_site":"@sunoresearch","twitter_misc":{"Escrito por":"Carlo Cauti","Est. tempo de leitura":"3 minutos"},"schema":{"@context":"https:\/\/schema.org","@graph":[{"@type":"NewsArticle","@id":"https:\/\/www.suno.com.br\/noticias\/justica-bloqueou-11-bi-vale\/#article","isPartOf":{"@id":"https:\/\/www.suno.com.br\/noticias\/justica-bloqueou-11-bi-vale\/"},"author":{"name":"Carlo Cauti","@id":"https:\/\/www.suno.com.br\/noticias\/#\/schema\/person\/e6e0f723cc177805027f4566c1d5e0c8"},"headline":"Justi\u00e7a j\u00e1 bloqueou R$ 11 bi da Vale por desastre em Brumadinho","datePublished":"2019-01-27T15:44:55+00:00","dateModified":"2019-01-28T11:19:07+00:00","mainEntityOfPage":{"@id":"https:\/\/www.suno.com.br\/noticias\/justica-bloqueou-11-bi-vale\/"},"wordCount":545,"publisher":{"@id":"https:\/\/www.suno.com.br\/noticias\/#organization"},"image":{"@id":"https:\/\/www.suno.com.br\/noticias\/justica-bloqueou-11-bi-vale\/#primaryimage"},"thumbnailUrl":"https:\/\/files.sunoresearch.com.br\/n\/uploads\/2019\/01\/2f4da918-vale-brumadinho-jpg.webp","keywords":["Brumadinho","Vale (VALE3)"],"articleSection":["Mercado"],"inLanguage":"pt-BR"},{"@type":"WebPage","@id":"https:\/\/www.suno.com.br\/noticias\/justica-bloqueou-11-bi-vale\/","url":"https:\/\/www.suno.com.br\/noticias\/justica-bloqueou-11-bi-vale\/","name":"Justi\u00e7a j\u00e1 bloqueou R$ 11 bi da Vale por desastre em Brumadinho","isPartOf":{"@id":"https:\/\/www.suno.com.br\/noticias\/#website"},"primaryImageOfPage":{"@id":"https:\/\/www.suno.com.br\/noticias\/justica-bloqueou-11-bi-vale\/#primaryimage"},"image":{"@id":"https:\/\/www.suno.com.br\/noticias\/justica-bloqueou-11-bi-vale\/#primaryimage"},"thumbnailUrl":"https:\/\/files.sunoresearch.com.br\/n\/uploads\/2019\/01\/2f4da918-vale-brumadinho-jpg.webp","datePublished":"2019-01-27T15:44:55+00:00","dateModified":"2019-01-28T11:19:07+00:00","description":"O bloqueio dos valores nas contas da mineradora foi determinado ap\u00f3s rompimento da barragem em Brumadinho. Clique aqui para saber mais.\u00a0","breadcrumb":{"@id":"https:\/\/www.suno.com.br\/noticias\/justica-bloqueou-11-bi-vale\/#breadcrumb"},"inLanguage":"pt-BR","potentialAction":[{"@type":"ReadAction","target":["https:\/\/www.suno.com.br\/noticias\/justica-bloqueou-11-bi-vale\/"]}]},{"@type":"ImageObject","inLanguage":"pt-BR","@id":"https:\/\/www.suno.com.br\/noticias\/justica-bloqueou-11-bi-vale\/#primaryimage","url":"https:\/\/files.sunoresearch.com.br\/n\/uploads\/2019\/01\/2f4da918-vale-brumadinho-jpg.webp","contentUrl":"https:\/\/files.sunoresearch.com.br\/n\/uploads\/2019\/01\/2f4da918-vale-brumadinho-jpg.webp","width":1140,"height":760,"caption":"Justi\u00e7a bloqueia valores em contas da Vale por causa da trag\u00e9dia em Brumadinho"},{"@type":"BreadcrumbList","@id":"https:\/\/www.suno.com.br\/noticias\/justica-bloqueou-11-bi-vale\/#breadcrumb","itemListElement":[{"@type":"ListItem","position":1,"name":"Not\u00edcias","item":"https:\/\/www.suno.com.br\/noticias\/"},{"@type":"ListItem","position":2,"name":"Mercado","item":"https:\/\/www.suno.com.br\/noticias\/mercado\/"},{"@type":"ListItem","position":3,"name":"Justi\u00e7a j\u00e1 bloqueou R$ 11 bi da Vale por desastre em Brumadinho"}]},{"@type":"WebSite","@id":"https:\/\/www.suno.com.br\/noticias\/#website","url":"https:\/\/www.suno.com.br\/noticias\/","name":"Suno Not\u00edcias","description":"Seu portal de informa\u00e7\u00e3o sobre o mundo dos investimentos","publisher":{"@id":"https:\/\/www.suno.com.br\/noticias\/#organization"},"potentialAction":[{"@type":"SearchAction","target":{"@type":"EntryPoint","urlTemplate":"https:\/\/www.suno.com.br\/noticias\/?s={search_term_string}"},"query-input":{"@type":"PropertyValueSpecification","valueRequired":true,"valueName":"search_term_string"}}],"inLanguage":"pt-BR"},{"@type":"Organization","@id":"https:\/\/www.suno.com.br\/noticias\/#organization","name":"Suno Not\u00edcias","url":"https:\/\/www.suno.com.br\/noticias\/","logo":{"@type":"ImageObject","inLanguage":"pt-BR","@id":"https:\/\/www.suno.com.br\/noticias\/#\/schema\/logo\/image\/","url":"https:\/\/files.sunoresearch.com.br\/n\/uploads\/2021\/09\/suno-logo.png","contentUrl":"https:\/\/files.sunoresearch.com.br\/n\/uploads\/2021\/09\/suno-logo.png","width":180,"height":180,"caption":"Suno Not\u00edcias"},"image":{"@id":"https:\/\/www.suno.com.br\/noticias\/#\/schema\/logo\/image\/"},"sameAs":["https:\/\/facebook.com\/sunoresearch","https:\/\/x.com\/sunoresearch","https:\/\/www.instagram.com\/suno","https:\/\/www.linkedin.com\/company\/suno-research\/","https:\/\/www.youtube.com\/c\/sunoresearch"]},{"@type":"Person","@id":"https:\/\/www.suno.com.br\/noticias\/#\/schema\/person\/e6e0f723cc177805027f4566c1d5e0c8","name":"Carlo Cauti","image":{"@type":"ImageObject","inLanguage":"pt-BR","@id":"https:\/\/www.suno.com.br\/noticias\/#\/schema\/person\/image\/","url":"https:\/\/secure.gravatar.com\/avatar\/3ada9e0bd164c23abd4792a9606d583c?s=96&r=g","contentUrl":"https:\/\/secure.gravatar.com\/avatar\/3ada9e0bd164c23abd4792a9606d583c?s=96&r=g","caption":"Carlo Cauti"},"description":"Editor multim\u00eddia do SUNO Not\u00edcias. Italiano, formado em Ci\u00eancias Pol\u00edticas pela universidade LUISS G. Carli de Roma e mestre cum laude em Rela\u00e7\u00f5es Internacionais, Jornalismo Internacional e de Guerra e em Economia Internacional. Concluiu tamb\u00e9m um MBA em Finan\u00e7as na B3. No Brasil, teve passagem por ve\u00edculos como Estad\u00e3o, Globo, Veja e EXAME. e nas ag\u00eancias de not\u00edcias italianas ANSA e NOVA.","url":"https:\/\/www.suno.com.br\/noticias\/author\/carlo-cauti\/"}]}},"default_loop_html":"<div class=\"cardsPage__listCard__boxs\"><div class=\"cardsPage__listCard__boxs__img\"><a href=\"https:\/\/www.suno.com.br\/noticias\/justica-bloqueou-11-bi-vale\/\"><img class=\"mask\" src=\"https:\/\/www.suno.com.br\/noticias\/wp-content\/themes\/suno\/resources\/images\/spotlight\/spotlight1img\/bg-mask.png\" alt=\"Image Mask\"\/><img src=\"https:\/\/files.sunoresearch.com.br\/n\/uploads\/2019\/01\/2f4da918-vale-brumadinho-400x200.webp\" alt=\"Justi\u00e7a j\u00e1 bloqueou R$ 11 bi da Vale por desastre em Brumadinho\"\/><\/a><span class=\"spotlightCategory\"><a href=\"https:\/\/www.suno.com.br\/noticias\/mercado\/\">Mercado<\/a><\/span><\/div><div class=\"cardsPage__listCard__boxs__content\"><a href=\"https:\/\/www.suno.com.br\/noticias\/justica-bloqueou-11-bi-vale\/\"><h2 class=\"content__title\">Justi\u00e7a j\u00e1 bloqueou R$ 11 bi da Vale por desastre em Brumadinho<\/h2><\/a><div class=\"newsContent__article__meta\"><div class=\"newsContent__article__meta__authorBox\"><a href=\"https:\/\/www.suno.com.br\/noticias\/author\/carlo-cauti\/\" class=\"authorBox__avatar noMobi\"><img src=\"https:\/\/files.sunoresearch.com.br\/n\/uploads\/2020\/08\/e3745f9a-perfil-carlo-cauti-150x150.webp\" alt=\"Carlo Cauti\"><\/a><div class=\"authorBox__name\"><span>por\n\t\t\t<a href=\"https:\/\/www.suno.com.br\/noticias\/author\/carlo-cauti\/\"><span itemprop=\"author\">Carlo Cauti<\/span><\/a><\/span><time datetime=\"2019-01-27T13:44:55-02:00\" itemprop=\"datePublished\">27\/01\/2019 13:44<\/time><\/div><\/div><\/div><\/div><\/div>","single_layout":"posts","amp_enabled":true,"_links":{"self":[{"href":"https:\/\/www.suno.com.br\/noticias\/wp-json\/wp\/v2\/posts\/13064"}],"collection":[{"href":"https:\/\/www.suno.com.br\/noticias\/wp-json\/wp\/v2\/posts"}],"about":[{"href":"https:\/\/www.suno.com.br\/noticias\/wp-json\/wp\/v2\/types\/post"}],"author":[{"embeddable":true,"href":"https:\/\/www.suno.com.br\/noticias\/wp-json\/wp\/v2\/users\/9"}],"replies":[{"embeddable":true,"href":"https:\/\/www.suno.com.br\/noticias\/wp-json\/wp\/v2\/comments?post=13064"}],"version-history":[{"count":0,"href":"https:\/\/www.suno.com.br\/noticias\/wp-json\/wp\/v2\/posts\/13064\/revisions"}],"wp:featuredmedia":[{"embeddable":true,"href":"https:\/\/www.suno.com.br\/noticias\/wp-json\/wp\/v2\/media\/13065"}],"wp:attachment":[{"href":"https:\/\/www.suno.com.br\/noticias\/wp-json\/wp\/v2\/media?parent=13064"}],"wp:term":[{"taxonomy":"category","embeddable":true,"href":"https:\/\/www.suno.com.br\/noticias\/wp-json\/wp\/v2\/categories?post=13064"},{"taxonomy":"post_tag","embeddable":true,"href":"https:\/\/www.suno.com.br\/noticias\/wp-json\/wp\/v2\/tags?post=13064"},{"taxonomy":"suno_strategy","embeddable":true,"href":"https:\/\/www.suno.com.br\/noticias\/wp-json\/wp\/v2\/suno_strategy?post=13064"}],"curies":[{"name":"wp","href":"https:\/\/api.w.org\/{rel}","templated":true}]}}