{"id":13062,"date":"2019-01-27T10:46:08","date_gmt":"2019-01-27T12:46:08","guid":{"rendered":"https:\/\/www.suno.com.br\/noticias\/?p=13062"},"modified":"2019-01-27T10:46:08","modified_gmt":"2019-01-27T12:46:08","slug":"bolsonaro-sao-paulo-submetido-cirurgia","status":"publish","type":"post","link":"https:\/\/www.suno.com.br\/noticias\/bolsonaro-sao-paulo-submetido-cirurgia\/","title":{"rendered":"Bolsonaro chega a S\u00e3o Paulo para ser submetido \u00e0 cirurgia"},"content":{"rendered":"<p>O presidente Jair Bolsonaro chegou neste domingo (27) a S\u00e3o Paulo para ser submetido \u00e0 cirurgia de retirada da bolsa de colostomia.<\/p>\t<div class=\"wrapper-featured-image\">\n\t\t<figure class=\"spotlightImg\">\n\n\t\t\t<picture>\n\t\t\t\t<source media=\"(max-width: 768px)\" srcset=\"https:\/\/files.sunoresearch.com.br\/n\/uploads\/2018\/12\/8626fd37-bolsonaro-400x200.webp\">\n\t\t\t\t<img loading=\"lazy\" decoding=\"async\" class=\"newsContent__article__imgCapa lazyloadDisabled newsContent__article__imgCapa--noCaption\" src=\"https:\/\/files.sunoresearch.com.br\/n\/uploads\/2018\/12\/8626fd37-bolsonaro-800x450.webp\" width=\"800\" height=\"450\" alt=\"Bolsonaro chega a S\u00e3o Paulo para ser submetido \u00e0 cirurgia\" fetchpriority=high \/>\n\t\t\t<\/picture>\n\n\t\t\t<figcaption class=\"wp-caption-text wp-caption-text--hide\">O sal\u00e1rio m\u00ednimo para 2020 proposto pelo governo \u00e9 de R$ 1.040,00.<\/figcaption>\n\t\t<\/figure>\n\t<\/div>\n\n\n<p>O <strong>presidente<\/strong> ser\u00e1 operado nesta segunda-feira (28) no Hospital Albert <strong>Einstein,<\/strong> um dos mais importantes de <strong>S\u00e3o Paulo.<\/strong> A bolsa de <strong>colostomia<\/strong> foi implantada ap\u00f3s atentado sofrido por <strong>Bolsonaro<\/strong> em <strong>Juiz de Fora<\/strong> (MG). O ent\u00e3o candidato do Partido Social-Liberal (PSL) foi atacado com uma faca durante um ato de campanha.<\/p>\n<p>O presidente <strong>Jair Bolsonaro<\/strong> chegou a <strong>S\u00e3o Paulo<\/strong> na manh\u00e3 deste domingo (27) para se preparar para a cirurgia que far\u00e1 para a retirada da bolsa de colostomia. O procedimento m\u00e9dico est\u00e1 programada para o in\u00edcio da manh\u00e3 desta segunda-feira no <strong>Hospital Albert Einstein<\/strong>.<\/p>\n<p><a href=\"https:\/\/www.suno.com.br\/noticias\/jair-bolsonaro-cirurgia-operacao-colostomia\/\">Saiba mais:\u00a0Jair Bolsonaro passar\u00e1 por nova cirurgia em 28 de janeiro\u00a0<\/a><\/p>\n<p>O mandat\u00e1rio viajou para a capital paulista acompanhado de uma delega\u00e7\u00e3o. Entre os participantes estavam assessores e a esposa <strong>Michelle Bolsonaro.<\/strong> A primeira-dama dever\u00e1 ficar com o presidente nos dias em que ele permanecer internado em S\u00e3o Paulo.<\/p>\n<p>O avi\u00e3o presidencial decolou de <strong>Bras\u00edlia<\/strong> por volta de 8h30 e pousou no Aeroporto de Congonhas por volta das 10h.<\/p>\n<h2>Bolsa de colostomia implantada o ano passado<\/h2>\n<p>Em setembro de 2018 foi implantada em <strong>Bolsonaro<\/strong> uma bolsa de colostomia no abd\u00f4men. Os m\u00e9dicos o operaram ap\u00f3s o presidente receber uma facada de Ad\u00e9lio Bispo de Oliveira durante campanha eleitoral em <strong>Juiz de Fora.<\/strong> Desde o <strong>atentado,<\/strong> o presidente passou por tr\u00eas <strong>cirurgias.<\/strong> Essa \u00faltima cirurgia \u00e9 necess\u00e1ria para reconstruir o tr\u00e2nsito intestinal. O presidente dever\u00e1 passar por exames pr\u00e9-operat\u00f3rios j\u00e1 neste domingo (27) e ficar em repouso.\u00a0O m\u00e9dico que comandar\u00e1 a equipe de cirurgi\u00f5es \u00e9 o gastroenterologista Antonio Luiz de Vasconcellos Macedo.<\/p>\n<p><a href=\"https:\/\/www.suno.com.br\/noticias\/cirurgia-de-bolsonaro-2019\/\">Saiba mais: Cirurgia de Jair Bolsonaro \u00e9 adiada para depois da posse\u00a0<\/a><\/p>\n<p>A cirurgia est\u00e1 prevista para 6h desta segunda-feira e deveria durar de tr\u00eas a quatro horas. Os m\u00e9dicos retirar\u00e3o a bolsa de colostomia e religar\u00e3o as partes do intestino grosso que estavam separadas pela bolsa. <strong>Bolsonaro<\/strong> deveria se recuperar da <strong>cirurgia<\/strong> em dez dias.\u00a0Nesse per\u00edodo, o gabinete da <strong>Presid\u00eancia da Rep\u00fablica<\/strong> ser\u00e1 transferido para o <strong>Hospital Albert Einstein.<\/strong><\/p>\n","protected":false},"excerpt":{"rendered":"<p>O presidente Jair Bolsonaro chegou neste domingo (27) a S\u00e3o Paulo para ser submetido \u00e0 cirurgia de retirada da bolsa de colostomia. O sal\u00e1rio m\u00ednimo para 2020 proposto pelo governo \u00e9 de R$ 1.040,00. O presidente ser\u00e1 operado nesta segunda-feira (28) no Hospital Albert Einstein, um dos mais importantes de S\u00e3o Paulo. A bolsa de [&hellip;]<\/p>\n","protected":false},"author":9,"featured_media":7700,"comment_status":"closed","ping_status":"closed","sticky":false,"template":"","format":"standard","meta":[],"categories":[61],"tags":[719,843],"suno_strategy":[],"class_list":["post-13062","post","type-post","status-publish","format-standard","has-post-thumbnail","hentry","category-politica","tag-jair-bolsonaro","tag-sao-paulo"],"yoast_head":"<!-- This site is optimized with the Yoast SEO plugin v24.4 - https:\/\/yoast.com\/wordpress\/plugins\/seo\/ -->\n<title>Bolsonaro chega a S\u00e3o Paulo para ser submetido \u00e0 cirurgia<\/title>\n<meta name=\"description\" content=\"O presidente Jair Bolsonaro chegou a S\u00e3o Paulo para ser submetido \u00e0 cirurgia de retirada da bolsa de colostomia. Clique aqui para saber mais.\" \/>\n<meta name=\"robots\" content=\"index, follow, max-snippet:-1, max-image-preview:large, max-video-preview:-1\" \/>\n<link rel=\"canonical\" href=\"https:\/\/www.suno.com.br\/noticias\/bolsonaro-sao-paulo-submetido-cirurgia\/\" \/>\n<meta property=\"og:locale\" content=\"pt_BR\" \/>\n<meta property=\"og:type\" content=\"article\" \/>\n<meta property=\"og:title\" content=\"Bolsonaro chega a S\u00e3o Paulo para ser submetido \u00e0 cirurgia\" \/>\n<meta property=\"og:description\" content=\"O presidente Jair Bolsonaro chegou a S\u00e3o Paulo para ser submetido \u00e0 cirurgia de retirada da bolsa de colostomia. Clique aqui para saber mais.\" \/>\n<meta property=\"og:url\" content=\"https:\/\/www.suno.com.br\/noticias\/bolsonaro-sao-paulo-submetido-cirurgia\/\" \/>\n<meta property=\"og:site_name\" content=\"Suno Not\u00edcias\" \/>\n<meta property=\"article:publisher\" content=\"https:\/\/facebook.com\/sunoresearch\" \/>\n<meta property=\"og:image\" content=\"https:\/\/files.sunoresearch.com.br\/n\/uploads\/2018\/12\/8626fd37-bolsonaro.jpg\" \/>\n\t<meta property=\"og:image:width\" content=\"1140\" \/>\n\t<meta property=\"og:image:height\" content=\"760\" \/>\n\t<meta property=\"og:image:type\" content=\"image\/jpeg\" \/>\n<meta name=\"author\" content=\"Carlo Cauti\" \/>\n<meta name=\"twitter:card\" content=\"summary_large_image\" \/>\n<meta name=\"twitter:creator\" content=\"@sunoresearch\" \/>\n<meta name=\"twitter:site\" content=\"@sunoresearch\" \/>\n<meta name=\"twitter:label1\" content=\"Escrito por\" \/>\n\t<meta name=\"twitter:data1\" content=\"Carlo Cauti\" \/>\n\t<meta name=\"twitter:label2\" content=\"Est. tempo de leitura\" \/>\n\t<meta name=\"twitter:data2\" content=\"2 minutos\" \/>\n<script type=\"application\/ld+json\" class=\"yoast-schema-graph\">{\"@context\":\"https:\/\/schema.org\",\"@graph\":[{\"@type\":\"NewsArticle\",\"@id\":\"https:\/\/www.suno.com.br\/noticias\/bolsonaro-sao-paulo-submetido-cirurgia\/#article\",\"isPartOf\":{\"@id\":\"https:\/\/www.suno.com.br\/noticias\/bolsonaro-sao-paulo-submetido-cirurgia\/\"},\"author\":{\"name\":\"Carlo Cauti\",\"@id\":\"https:\/\/www.suno.com.br\/noticias\/#\/schema\/person\/e6e0f723cc177805027f4566c1d5e0c8\"},\"headline\":\"Bolsonaro chega a S\u00e3o Paulo para ser submetido \u00e0 cirurgia\",\"datePublished\":\"2019-01-27T12:46:08+00:00\",\"mainEntityOfPage\":{\"@id\":\"https:\/\/www.suno.com.br\/noticias\/bolsonaro-sao-paulo-submetido-cirurgia\/\"},\"wordCount\":381,\"publisher\":{\"@id\":\"https:\/\/www.suno.com.br\/noticias\/#organization\"},\"image\":{\"@id\":\"https:\/\/www.suno.com.br\/noticias\/bolsonaro-sao-paulo-submetido-cirurgia\/#primaryimage\"},\"thumbnailUrl\":\"https:\/\/files.sunoresearch.com.br\/n\/uploads\/2018\/12\/8626fd37-bolsonaro-jpg.webp\",\"keywords\":[\"Jair Bolsonaro\",\"S\u00e3o Paulo\"],\"articleSection\":[\"Pol\u00edtica\"],\"inLanguage\":\"pt-BR\"},{\"@type\":\"WebPage\",\"@id\":\"https:\/\/www.suno.com.br\/noticias\/bolsonaro-sao-paulo-submetido-cirurgia\/\",\"url\":\"https:\/\/www.suno.com.br\/noticias\/bolsonaro-sao-paulo-submetido-cirurgia\/\",\"name\":\"Bolsonaro chega a S\u00e3o Paulo para ser submetido \u00e0 cirurgia\",\"isPartOf\":{\"@id\":\"https:\/\/www.suno.com.br\/noticias\/#website\"},\"primaryImageOfPage\":{\"@id\":\"https:\/\/www.suno.com.br\/noticias\/bolsonaro-sao-paulo-submetido-cirurgia\/#primaryimage\"},\"image\":{\"@id\":\"https:\/\/www.suno.com.br\/noticias\/bolsonaro-sao-paulo-submetido-cirurgia\/#primaryimage\"},\"thumbnailUrl\":\"https:\/\/files.sunoresearch.com.br\/n\/uploads\/2018\/12\/8626fd37-bolsonaro-jpg.webp\",\"datePublished\":\"2019-01-27T12:46:08+00:00\",\"description\":\"O presidente Jair Bolsonaro chegou a S\u00e3o Paulo para ser submetido \u00e0 cirurgia de retirada da bolsa de colostomia. Clique aqui para saber mais.\",\"breadcrumb\":{\"@id\":\"https:\/\/www.suno.com.br\/noticias\/bolsonaro-sao-paulo-submetido-cirurgia\/#breadcrumb\"},\"inLanguage\":\"pt-BR\",\"potentialAction\":[{\"@type\":\"ReadAction\",\"target\":[\"https:\/\/www.suno.com.br\/noticias\/bolsonaro-sao-paulo-submetido-cirurgia\/\"]}]},{\"@type\":\"ImageObject\",\"inLanguage\":\"pt-BR\",\"@id\":\"https:\/\/www.suno.com.br\/noticias\/bolsonaro-sao-paulo-submetido-cirurgia\/#primaryimage\",\"url\":\"https:\/\/files.sunoresearch.com.br\/n\/uploads\/2018\/12\/8626fd37-bolsonaro-jpg.webp\",\"contentUrl\":\"https:\/\/files.sunoresearch.com.br\/n\/uploads\/2018\/12\/8626fd37-bolsonaro-jpg.webp\",\"width\":1140,\"height\":760,\"caption\":\"O sal\u00e1rio m\u00ednimo para 2020 proposto pelo governo \u00e9 de R$ 1.040,00.\"},{\"@type\":\"BreadcrumbList\",\"@id\":\"https:\/\/www.suno.com.br\/noticias\/bolsonaro-sao-paulo-submetido-cirurgia\/#breadcrumb\",\"itemListElement\":[{\"@type\":\"ListItem\",\"position\":1,\"name\":\"Not\u00edcias\",\"item\":\"https:\/\/www.suno.com.br\/noticias\/\"},{\"@type\":\"ListItem\",\"position\":2,\"name\":\"Pol\u00edtica\",\"item\":\"https:\/\/www.suno.com.br\/noticias\/politica\/\"},{\"@type\":\"ListItem\",\"position\":3,\"name\":\"Bolsonaro chega a S\u00e3o Paulo para ser submetido \u00e0 cirurgia\"}]},{\"@type\":\"WebSite\",\"@id\":\"https:\/\/www.suno.com.br\/noticias\/#website\",\"url\":\"https:\/\/www.suno.com.br\/noticias\/\",\"name\":\"Suno Not\u00edcias\",\"description\":\"Seu portal de informa\u00e7\u00e3o sobre o mundo dos investimentos\",\"publisher\":{\"@id\":\"https:\/\/www.suno.com.br\/noticias\/#organization\"},\"potentialAction\":[{\"@type\":\"SearchAction\",\"target\":{\"@type\":\"EntryPoint\",\"urlTemplate\":\"https:\/\/www.suno.com.br\/noticias\/?s={search_term_string}\"},\"query-input\":{\"@type\":\"PropertyValueSpecification\",\"valueRequired\":true,\"valueName\":\"search_term_string\"}}],\"inLanguage\":\"pt-BR\"},{\"@type\":\"Organization\",\"@id\":\"https:\/\/www.suno.com.br\/noticias\/#organization\",\"name\":\"Suno Not\u00edcias\",\"url\":\"https:\/\/www.suno.com.br\/noticias\/\",\"logo\":{\"@type\":\"ImageObject\",\"inLanguage\":\"pt-BR\",\"@id\":\"https:\/\/www.suno.com.br\/noticias\/#\/schema\/logo\/image\/\",\"url\":\"https:\/\/files.sunoresearch.com.br\/n\/uploads\/2021\/09\/suno-logo.png\",\"contentUrl\":\"https:\/\/files.sunoresearch.com.br\/n\/uploads\/2021\/09\/suno-logo.png\",\"width\":180,\"height\":180,\"caption\":\"Suno Not\u00edcias\"},\"image\":{\"@id\":\"https:\/\/www.suno.com.br\/noticias\/#\/schema\/logo\/image\/\"},\"sameAs\":[\"https:\/\/facebook.com\/sunoresearch\",\"https:\/\/x.com\/sunoresearch\",\"https:\/\/www.instagram.com\/suno\",\"https:\/\/www.linkedin.com\/company\/suno-research\/\",\"https:\/\/www.youtube.com\/c\/sunoresearch\"]},{\"@type\":\"Person\",\"@id\":\"https:\/\/www.suno.com.br\/noticias\/#\/schema\/person\/e6e0f723cc177805027f4566c1d5e0c8\",\"name\":\"Carlo Cauti\",\"image\":{\"@type\":\"ImageObject\",\"inLanguage\":\"pt-BR\",\"@id\":\"https:\/\/www.suno.com.br\/noticias\/#\/schema\/person\/image\/\",\"url\":\"https:\/\/secure.gravatar.com\/avatar\/3ada9e0bd164c23abd4792a9606d583c?s=96&r=g\",\"contentUrl\":\"https:\/\/secure.gravatar.com\/avatar\/3ada9e0bd164c23abd4792a9606d583c?s=96&r=g\",\"caption\":\"Carlo Cauti\"},\"description\":\"Editor multim\u00eddia do SUNO Not\u00edcias. Italiano, formado em Ci\u00eancias Pol\u00edticas pela universidade LUISS G. Carli de Roma e mestre cum laude em Rela\u00e7\u00f5es Internacionais, Jornalismo Internacional e de Guerra e em Economia Internacional. Concluiu tamb\u00e9m um MBA em Finan\u00e7as na B3. No Brasil, teve passagem por ve\u00edculos como Estad\u00e3o, Globo, Veja e EXAME. e nas ag\u00eancias de not\u00edcias italianas ANSA e NOVA.\",\"url\":\"https:\/\/www.suno.com.br\/noticias\/author\/carlo-cauti\/\"}]}<\/script>\n<!-- \/ Yoast SEO plugin. -->","yoast_head_json":{"title":"Bolsonaro chega a S\u00e3o Paulo para ser submetido \u00e0 cirurgia","description":"O presidente Jair Bolsonaro chegou a S\u00e3o Paulo para ser submetido \u00e0 cirurgia de retirada da bolsa de colostomia. Clique aqui para saber mais.","robots":{"index":"index","follow":"follow","max-snippet":"max-snippet:-1","max-image-preview":"max-image-preview:large","max-video-preview":"max-video-preview:-1"},"canonical":"https:\/\/www.suno.com.br\/noticias\/bolsonaro-sao-paulo-submetido-cirurgia\/","og_locale":"pt_BR","og_type":"article","og_title":"Bolsonaro chega a S\u00e3o Paulo para ser submetido \u00e0 cirurgia","og_description":"O presidente Jair Bolsonaro chegou a S\u00e3o Paulo para ser submetido \u00e0 cirurgia de retirada da bolsa de colostomia. Clique aqui para saber mais.","og_url":"https:\/\/www.suno.com.br\/noticias\/bolsonaro-sao-paulo-submetido-cirurgia\/","og_site_name":"Suno Not\u00edcias","article_publisher":"https:\/\/facebook.com\/sunoresearch","og_image":[{"width":1140,"height":760,"url":"https:\/\/files.sunoresearch.com.br\/n\/uploads\/2018\/12\/8626fd37-bolsonaro.jpg","type":"image\/jpeg"}],"author":"Carlo Cauti","twitter_card":"summary_large_image","twitter_creator":"@sunoresearch","twitter_site":"@sunoresearch","twitter_misc":{"Escrito por":"Carlo Cauti","Est. tempo de leitura":"2 minutos"},"schema":{"@context":"https:\/\/schema.org","@graph":[{"@type":"NewsArticle","@id":"https:\/\/www.suno.com.br\/noticias\/bolsonaro-sao-paulo-submetido-cirurgia\/#article","isPartOf":{"@id":"https:\/\/www.suno.com.br\/noticias\/bolsonaro-sao-paulo-submetido-cirurgia\/"},"author":{"name":"Carlo Cauti","@id":"https:\/\/www.suno.com.br\/noticias\/#\/schema\/person\/e6e0f723cc177805027f4566c1d5e0c8"},"headline":"Bolsonaro chega a S\u00e3o Paulo para ser submetido \u00e0 cirurgia","datePublished":"2019-01-27T12:46:08+00:00","mainEntityOfPage":{"@id":"https:\/\/www.suno.com.br\/noticias\/bolsonaro-sao-paulo-submetido-cirurgia\/"},"wordCount":381,"publisher":{"@id":"https:\/\/www.suno.com.br\/noticias\/#organization"},"image":{"@id":"https:\/\/www.suno.com.br\/noticias\/bolsonaro-sao-paulo-submetido-cirurgia\/#primaryimage"},"thumbnailUrl":"https:\/\/files.sunoresearch.com.br\/n\/uploads\/2018\/12\/8626fd37-bolsonaro-jpg.webp","keywords":["Jair Bolsonaro","S\u00e3o Paulo"],"articleSection":["Pol\u00edtica"],"inLanguage":"pt-BR"},{"@type":"WebPage","@id":"https:\/\/www.suno.com.br\/noticias\/bolsonaro-sao-paulo-submetido-cirurgia\/","url":"https:\/\/www.suno.com.br\/noticias\/bolsonaro-sao-paulo-submetido-cirurgia\/","name":"Bolsonaro chega a S\u00e3o Paulo para ser submetido \u00e0 cirurgia","isPartOf":{"@id":"https:\/\/www.suno.com.br\/noticias\/#website"},"primaryImageOfPage":{"@id":"https:\/\/www.suno.com.br\/noticias\/bolsonaro-sao-paulo-submetido-cirurgia\/#primaryimage"},"image":{"@id":"https:\/\/www.suno.com.br\/noticias\/bolsonaro-sao-paulo-submetido-cirurgia\/#primaryimage"},"thumbnailUrl":"https:\/\/files.sunoresearch.com.br\/n\/uploads\/2018\/12\/8626fd37-bolsonaro-jpg.webp","datePublished":"2019-01-27T12:46:08+00:00","description":"O presidente Jair Bolsonaro chegou a S\u00e3o Paulo para ser submetido \u00e0 cirurgia de retirada da bolsa de colostomia. Clique aqui para saber mais.","breadcrumb":{"@id":"https:\/\/www.suno.com.br\/noticias\/bolsonaro-sao-paulo-submetido-cirurgia\/#breadcrumb"},"inLanguage":"pt-BR","potentialAction":[{"@type":"ReadAction","target":["https:\/\/www.suno.com.br\/noticias\/bolsonaro-sao-paulo-submetido-cirurgia\/"]}]},{"@type":"ImageObject","inLanguage":"pt-BR","@id":"https:\/\/www.suno.com.br\/noticias\/bolsonaro-sao-paulo-submetido-cirurgia\/#primaryimage","url":"https:\/\/files.sunoresearch.com.br\/n\/uploads\/2018\/12\/8626fd37-bolsonaro-jpg.webp","contentUrl":"https:\/\/files.sunoresearch.com.br\/n\/uploads\/2018\/12\/8626fd37-bolsonaro-jpg.webp","width":1140,"height":760,"caption":"O sal\u00e1rio m\u00ednimo para 2020 proposto pelo governo \u00e9 de R$ 1.040,00."},{"@type":"BreadcrumbList","@id":"https:\/\/www.suno.com.br\/noticias\/bolsonaro-sao-paulo-submetido-cirurgia\/#breadcrumb","itemListElement":[{"@type":"ListItem","position":1,"name":"Not\u00edcias","item":"https:\/\/www.suno.com.br\/noticias\/"},{"@type":"ListItem","position":2,"name":"Pol\u00edtica","item":"https:\/\/www.suno.com.br\/noticias\/politica\/"},{"@type":"ListItem","position":3,"name":"Bolsonaro chega a S\u00e3o Paulo para ser submetido \u00e0 cirurgia"}]},{"@type":"WebSite","@id":"https:\/\/www.suno.com.br\/noticias\/#website","url":"https:\/\/www.suno.com.br\/noticias\/","name":"Suno Not\u00edcias","description":"Seu portal de informa\u00e7\u00e3o sobre o mundo dos investimentos","publisher":{"@id":"https:\/\/www.suno.com.br\/noticias\/#organization"},"potentialAction":[{"@type":"SearchAction","target":{"@type":"EntryPoint","urlTemplate":"https:\/\/www.suno.com.br\/noticias\/?s={search_term_string}"},"query-input":{"@type":"PropertyValueSpecification","valueRequired":true,"valueName":"search_term_string"}}],"inLanguage":"pt-BR"},{"@type":"Organization","@id":"https:\/\/www.suno.com.br\/noticias\/#organization","name":"Suno Not\u00edcias","url":"https:\/\/www.suno.com.br\/noticias\/","logo":{"@type":"ImageObject","inLanguage":"pt-BR","@id":"https:\/\/www.suno.com.br\/noticias\/#\/schema\/logo\/image\/","url":"https:\/\/files.sunoresearch.com.br\/n\/uploads\/2021\/09\/suno-logo.png","contentUrl":"https:\/\/files.sunoresearch.com.br\/n\/uploads\/2021\/09\/suno-logo.png","width":180,"height":180,"caption":"Suno Not\u00edcias"},"image":{"@id":"https:\/\/www.suno.com.br\/noticias\/#\/schema\/logo\/image\/"},"sameAs":["https:\/\/facebook.com\/sunoresearch","https:\/\/x.com\/sunoresearch","https:\/\/www.instagram.com\/suno","https:\/\/www.linkedin.com\/company\/suno-research\/","https:\/\/www.youtube.com\/c\/sunoresearch"]},{"@type":"Person","@id":"https:\/\/www.suno.com.br\/noticias\/#\/schema\/person\/e6e0f723cc177805027f4566c1d5e0c8","name":"Carlo Cauti","image":{"@type":"ImageObject","inLanguage":"pt-BR","@id":"https:\/\/www.suno.com.br\/noticias\/#\/schema\/person\/image\/","url":"https:\/\/secure.gravatar.com\/avatar\/3ada9e0bd164c23abd4792a9606d583c?s=96&r=g","contentUrl":"https:\/\/secure.gravatar.com\/avatar\/3ada9e0bd164c23abd4792a9606d583c?s=96&r=g","caption":"Carlo Cauti"},"description":"Editor multim\u00eddia do SUNO Not\u00edcias. Italiano, formado em Ci\u00eancias Pol\u00edticas pela universidade LUISS G. Carli de Roma e mestre cum laude em Rela\u00e7\u00f5es Internacionais, Jornalismo Internacional e de Guerra e em Economia Internacional. Concluiu tamb\u00e9m um MBA em Finan\u00e7as na B3. No Brasil, teve passagem por ve\u00edculos como Estad\u00e3o, Globo, Veja e EXAME. e nas ag\u00eancias de not\u00edcias italianas ANSA e NOVA.","url":"https:\/\/www.suno.com.br\/noticias\/author\/carlo-cauti\/"}]}},"default_loop_html":"<div class=\"cardsPage__listCard__boxs\"><div class=\"cardsPage__listCard__boxs__img\"><a href=\"https:\/\/www.suno.com.br\/noticias\/bolsonaro-sao-paulo-submetido-cirurgia\/\"><img class=\"mask\" src=\"https:\/\/www.suno.com.br\/noticias\/wp-content\/themes\/suno\/resources\/images\/spotlight\/spotlight1img\/bg-mask.png\" alt=\"Image Mask\"\/><img src=\"https:\/\/files.sunoresearch.com.br\/n\/uploads\/2018\/12\/8626fd37-bolsonaro-400x200.webp\" alt=\"Bolsonaro chega a S\u00e3o Paulo para ser submetido \u00e0 cirurgia\"\/><\/a><span class=\"spotlightCategory\"><a href=\"https:\/\/www.suno.com.br\/noticias\/politica\/\">Pol\u00edtica<\/a><\/span><\/div><div class=\"cardsPage__listCard__boxs__content\"><a href=\"https:\/\/www.suno.com.br\/noticias\/bolsonaro-sao-paulo-submetido-cirurgia\/\"><h2 class=\"content__title\">Bolsonaro chega a S\u00e3o Paulo para ser submetido \u00e0 cirurgia<\/h2><\/a><div class=\"newsContent__article__meta\"><div class=\"newsContent__article__meta__authorBox\"><a href=\"https:\/\/www.suno.com.br\/noticias\/author\/carlo-cauti\/\" class=\"authorBox__avatar noMobi\"><img src=\"https:\/\/files.sunoresearch.com.br\/n\/uploads\/2020\/08\/e3745f9a-perfil-carlo-cauti-150x150.webp\" alt=\"Carlo Cauti\"><\/a><div class=\"authorBox__name\"><span>por\n\t\t\t<a href=\"https:\/\/www.suno.com.br\/noticias\/author\/carlo-cauti\/\"><span itemprop=\"author\">Carlo Cauti<\/span><\/a><\/span><time datetime=\"2019-01-27T10:46:08-02:00\" itemprop=\"datePublished\">27\/01\/2019 10:46<\/time><\/div><\/div><\/div><\/div><\/div>","single_layout":"posts","amp_enabled":true,"_links":{"self":[{"href":"https:\/\/www.suno.com.br\/noticias\/wp-json\/wp\/v2\/posts\/13062"}],"collection":[{"href":"https:\/\/www.suno.com.br\/noticias\/wp-json\/wp\/v2\/posts"}],"about":[{"href":"https:\/\/www.suno.com.br\/noticias\/wp-json\/wp\/v2\/types\/post"}],"author":[{"embeddable":true,"href":"https:\/\/www.suno.com.br\/noticias\/wp-json\/wp\/v2\/users\/9"}],"replies":[{"embeddable":true,"href":"https:\/\/www.suno.com.br\/noticias\/wp-json\/wp\/v2\/comments?post=13062"}],"version-history":[{"count":0,"href":"https:\/\/www.suno.com.br\/noticias\/wp-json\/wp\/v2\/posts\/13062\/revisions"}],"wp:featuredmedia":[{"embeddable":true,"href":"https:\/\/www.suno.com.br\/noticias\/wp-json\/wp\/v2\/media\/7700"}],"wp:attachment":[{"href":"https:\/\/www.suno.com.br\/noticias\/wp-json\/wp\/v2\/media?parent=13062"}],"wp:term":[{"taxonomy":"category","embeddable":true,"href":"https:\/\/www.suno.com.br\/noticias\/wp-json\/wp\/v2\/categories?post=13062"},{"taxonomy":"post_tag","embeddable":true,"href":"https:\/\/www.suno.com.br\/noticias\/wp-json\/wp\/v2\/tags?post=13062"},{"taxonomy":"suno_strategy","embeddable":true,"href":"https:\/\/www.suno.com.br\/noticias\/wp-json\/wp\/v2\/suno_strategy?post=13062"}],"curies":[{"name":"wp","href":"https:\/\/api.w.org\/{rel}","templated":true}]}}