{"id":130602,"date":"2021-03-10T08:01:17","date_gmt":"2021-03-10T11:01:17","guid":{"rendered":"https:\/\/www.suno.com.br\/noticias\/?p=130602"},"modified":"2021-06-13T23:47:28","modified_gmt":"2021-06-14T02:47:28","slug":"camara-aprova-pec-emergencial-em-primeiro-turno","status":"publish","type":"post","link":"https:\/\/www.suno.com.br\/noticias\/camara-aprova-pec-emergencial-em-primeiro-turno\/","title":{"rendered":"C\u00e2mara aprova PEC Emergencial em primeiro turno por 341 votos a 121"},"content":{"rendered":"<p>A C\u00e2mara dos Deputados aprovou na madrugada desta quarta-feira (10) em primeiro turno, o texto da proposta de emenda \u00e0 Constitui\u00e7\u00e3o (<strong>PEC<\/strong>) que recria o aux\u00edlio emergencial e institui mecanismos de ajuste nas despesas, como congelamento de sal\u00e1rios de servidores, quando h\u00e1 elevado comprometimento das finan\u00e7as de Uni\u00e3o, Estados e munic\u00edpios.<\/p>\t<div class=\"wrapper-featured-image\">\n\t\t<figure class=\"spotlightImg\">\n\n\t\t\t<picture>\n\t\t\t\t<source media=\"(max-width: 768px)\" srcset=\"https:\/\/files.sunoresearch.com.br\/n\/uploads\/2021\/03\/12d2fa27-camara-dos-deputados-400x200.jpg\">\n\t\t\t\t<img loading=\"lazy\" decoding=\"async\" class=\"newsContent__article__imgCapa lazyloadDisabled \" src=\"https:\/\/files.sunoresearch.com.br\/n\/uploads\/2021\/03\/12d2fa27-camara-dos-deputados-800x450.jpg\" width=\"800\" height=\"450\" alt=\"C\u00e2mara aprova PEC Emergencial em primeiro turno por 341 votos a 121\" fetchpriority=high \/>\n\t\t\t<\/picture>\n\n\t\t\t<figcaption class=\"wp-caption-text wp-caption-text--show\">PEC dos Benef\u00edcios foi aprovada nesta quarta-feira (13) - Foto: Ag\u00eancia C\u00e2mara<\/figcaption>\n\t\t<\/figure>\n\t<\/div>\n\n\n\t<p>\n\t\t<a href=\"https:\/\/lp.suno.com.br\/planilha-controle-gastos\/\" target=\"_blank\" data-element=\"shortcode-suno-banner\" title=\"Banner SUNO, clique e saiba mais\">\n\t\t\t<picture>\n\t\t\t\t<source media=\"(max-width: 500px)\" srcset=\"https:\/\/files.sunoresearch.com.br\/n\/uploads\/2023\/03\/400x300-Planilha-controle-de-gastos.png\">\n\t\t\t\t<img class=\"newsContent__article__imgCapa newsContent__article__imgCapa--banner\"\n\t\t\t\t\tsrc=\"https:\/\/files.sunoresearch.com.br\/n\/uploads\/2023\/03\/1420x240-Planilha-controle-de-gastos.png\"\n\t\t\t\t\tdata-promo-id=\"101751\"\t\t\t\t\t\t\t\t\t\twidth='1420' height='240'\t\t\t\t\talt=\"https:\/\/files.sunoresearch.com.br\/n\/uploads\/2023\/03\/1420x240-Planilha-controle-de-gastos.png\"\n\t\t\t\t>\n\t\t\t<\/picture>\n\t\t<\/a>\n\t<\/p>\n\n\n<p>O sinal verde veio depois de o pr\u00f3prio<strong> presidente Jair Bolsonaro<\/strong> ter endossado, a contragosto do Minist\u00e9rio da Economia, uma tentativa de fatiar a PEC para deixar de fora parte das medidas duras. A investida acabou n\u00e3o vingando.<\/p>\n<p><a href=\"https:\/\/lp.suno.com.br\/suno-one\/\">Suno One: acesse gratuitamente eBooks, Minicursos, Artigos e V\u00eddeo Aulas sobre investimentos com um \u00fanico cadastro. Clique para saber mais!<\/a><\/p>\n<p>A estrat\u00e9gia de Bolsonaro naufragou ap\u00f3s a <strong>equipe econ\u00f4mica<\/strong> e o pr\u00f3prio presidente da C\u00e2mara, <strong>Arthur Lira<\/strong> (PP-AL), terem entrado em campo para desarmar o movimento das for\u00e7as de seguran\u00e7a, apoiadas pela bancada da bala. Os policiais queriam emplacar um dispositivo que os livrasse do alcance das medidas de congelamento de sal\u00e1rios e progress\u00f5es na carreira, mas foram barrados.<\/p>\n<p>Com isso, o relator na C\u00e2mara, <strong>Daniel Freitas<\/strong> (PSC-SC), manteve a proposta j\u00e1 aprovada no <strong>Senado<\/strong>, com aux\u00edlio e mecanismos de conten\u00e7\u00e3o de despesas. O texto-base teve 341 votos a favor e 121 contra na C\u00e2mara &#8211; o governo precisava do apoio de 308 deputados para a aprova\u00e7\u00e3o.<\/p>\n<p>As discuss\u00f5es come\u00e7aram na manh\u00e3 da ter\u00e7a-feira (9) e, com o movimento de obstru\u00e7\u00e3o da oposi\u00e7\u00e3o, o texto somente foi aprovado \u00e0 1h30 desta quarta. Na manh\u00e3 de hoje, os deputados v\u00e3o apreciar os destaques (propostas de mudan\u00e7as no texto) e, depois disso, devem realizar o segundo turno de vota\u00e7\u00e3o.<\/p>\n<h2>Bolsonaro defende desidrata\u00e7\u00e3o da PEC Emergencial<\/h2>\n<p>Na segunda-feira (8), <strong>Bolsonaro<\/strong> chegou a dizer que tr\u00eas dispositivos poderiam ser retirados do texto e dar origem a uma PEC paralela.<\/p>\n<p>&#8220;Falei com o relator, que ele \u00e9 o soberano, que ele poderia correr o risco de n\u00e3o aprovar se n\u00e3o mexesse em tr\u00eas artigos. Eram cinco, passamos para tr\u00eas buscando a negocia\u00e7\u00e3o&#8221;, afirmou o presidente na ocasi\u00e3o. Embora n\u00e3o tenha dado detalhes, a declara\u00e7\u00e3o era um aceno aos policiais. O coordenador da bancada da bala, <strong>deputado Capit\u00e3o Augusto<\/strong> (PL-SP), chegou a celebrar a sinaliza\u00e7\u00e3o. &#8220;Se n\u00e3o viesse a ordem de l\u00e1, n\u00e3o sei como seria. Agora, n\u00e3o sei como ele vai fazer&#8221;, disse.<\/p>\n<p>Nesta ter\u00e7a-feira (9), a equipe econ\u00f4mica entrou em campo para tentar reverter a articula\u00e7\u00e3o. Com os \u00edndices do mercado financeiro em deteriora\u00e7\u00e3o (com disparada do <a href=\"https:\/\/www.suno.com.br\/artigos\/alta-do-dolar\/\">d\u00f3lar<\/a> e dos juros, al\u00e9m de queda na <a href=\"https:\/\/www.suno.com.br\/artigos\/b3\/\">Bolsa de Valores<\/a>), o <a href=\"https:\/\/www.suno.com.br\/tudo-sobre\/roberto-campos-neto\/\">presidente do Banco Central, Roberto Campos Neto<\/a>, participou de reuni\u00e3o com lideran\u00e7as na resid\u00eancia oficial de Lira para discutir o tema.<\/p>\n<p>Ap\u00f3s uma tramita\u00e7\u00e3o marcada por sobressaltos e tentativas de drible na equipe econ\u00f4mica, Campos Neto alertou para os riscos de uma flexibiliza\u00e7\u00e3o ainda maior nas contrapartidas fiscais da <strong>PEC<\/strong>, consideradas essenciais pela equipe econ\u00f4mica para demonstrar compromisso do Pa\u00eds com o equil\u00edbrio das contas e evitar a disparada da infla\u00e7\u00e3o e dos juros.<\/p>\n\t<div data-element=\"shortcode-read-more\" class=\"knowMore\">\n\t\t\t\t<span class=\"knowMore__title\">Saiba Mais<\/span>\n\t\t\t\t<a class=\"knowMore__link\" href=\"https:\/\/www.suno.com.br\/noticias\/pec-emergencial-bolsonaro-manter-policiais\/\">\n\t\t\tPEC Emergencial: Deputados tentam convencer Bolsonaro a manter policiais\t\t<\/a>\n\t<\/div>\n\n\n<p>Ap\u00f3s a advert\u00eancia feita pelo presidente do BC, Lira e o relator da PEC foram at\u00e9 o <strong>Pal\u00e1cio do Planalto<\/strong>. Segundo apurou o jornal &#8220;Estado de S.Paulo&#8221;, o presidente da C\u00e2mara pediu a Bolsonaro que abortasse a opera\u00e7\u00e3o para desidratar a PEC. Lira ainda orientou parlamentares do <strong>Centr\u00e3o<\/strong> a votarem a favor do texto do relator e contra eventuais altera\u00e7\u00f5es propostas em plen\u00e1rio.<\/p>\n<p>O desfecho despertou a ira dos policiais, que acusaram o governo de &#8220;trai\u00e7\u00e3o&#8221; e de trat\u00e1-los com &#8220;desprezo&#8221; depois de esses grupos terem servido de base de sustenta\u00e7\u00e3o inclusive durante a campanha de Bolsonaro em 2018.<\/p>\n<p>A Uni\u00e3o dos Policiais do Brasil (UPB), formada por 24 entidades da classe, prometeu manifesta\u00e7\u00f5es e paralisa\u00e7\u00f5es no Pa\u00eds. &#8220;Os policiais est\u00e3o extremamente irritados com a forma como est\u00e3o ocorrendo as <strong>reformas<\/strong>&#8220;, disse o presidente da Associa\u00e7\u00e3o dos Delegados da Pol\u00edcia Federal (ADPF), Edvandir Paiva. &#8220;(Bolsonaro) Usou a bandeira dos policiais na elei\u00e7\u00e3o, mas nas reformas eles n\u00e3o est\u00e3o sendo levados em conta.&#8221;<\/p>\n<h2>Texto autoriza nova rodada do aux\u00edlio emergencial<\/h2>\n<p>O texto da PEC autoriza o governo a conceder uma nova rodada do aux\u00edlio emergencial, limitada a R$ 44 bilh\u00f5es, e cria dois novos marcos fiscais: a emerg\u00eancia fiscal, quando a despesa elevada pressiona as finan\u00e7as de Uni\u00e3o, Estados e munic\u00edpios, e a calamidade nacional, quando h\u00e1 situa\u00e7\u00f5es como a pandemia de covid-19. Em ambas, s\u00e3o acionados gatilhos para<strong> conten\u00e7\u00e3o de gastos<\/strong> com sal\u00e1rios de servidores, cria\u00e7\u00e3o de cargos e subs\u00eddios. Apenas no caso de Estados e munic\u00edpios \u00e9 que as medidas duras s\u00e3o opcionais.<\/p>\n<p>A emerg\u00eancia fiscal ocorre quando as despesas correntes de Estados e munic\u00edpios superam 95% de suas receitas correntes. No caso da Uni\u00e3o, a propor\u00e7\u00e3o da despesa obrigat\u00f3ria precisa ser superior a 95% do gasto total.<\/p>\n<p>Os gatilhos do governo federal s\u00f3 devem ser acionados entre 2024 e 2025, segundo previs\u00e3o do Tesouro Nacional. Isso coloca o ajuste em um cen\u00e1rio ainda long\u00ednquo para o governo Bolsonaro, o que despertou cr\u00edticas entre economistas que consideram urgente um <strong>corte mais agressivo<\/strong> nas despesas.<\/p>\n<p>Na forma atual da PEC, o governo poderia, por exemplo, conceder<strong> reajustes salariais<\/strong> em 2022, ano de elei\u00e7\u00e3o. Mesmo assim, a equipe econ\u00f4mica considera os gatilhos importantes para o ajuste.<\/p>\n\n<p>J\u00e1 em futuros casos de calamidade nacional como o da pandemia de covid-19, haver\u00e1 de um lado autoriza\u00e7\u00e3o para gastar, mas, de outro, responsabilidade de puxar o freio naquilo que n\u00e3o for considerado <strong>essencial<\/strong>. A <strong>calamidade<\/strong> precisa ser decretada pelo <strong>Congresso Nacional,<\/strong> e nada impede que haja uma iniciativa deste tipo ainda este ano, ap\u00f3s a aprova\u00e7\u00e3o da <strong>PEC<\/strong>. Integrantes da equipe econ\u00f4mica, por\u00e9m, n\u00e3o veem essa necessidade, diante do fato de que o aux\u00edlio j\u00e1 ter\u00e1 sido destravado.<\/p>\n<p>Na calamidade prevista no texto\u00a0 o Executivo pode aumentar gastos por meio de um processo simplificado, sem precisar se preocupar com a maioria das <strong>limita\u00e7\u00f5es fiscais<\/strong>, e pode conceder benef\u00edcios como repasse a Estados e munic\u00edpios e socorro a empresas. Como compensa\u00e7\u00e3o, ter\u00e1 de acionar automaticamente os gatilhos e<strong> congelar sal\u00e1rios <\/strong>e novas despesas obrigat\u00f3rias durante a calamidade.<\/p>\n<p>A <strong>PEC<\/strong> ainda obriga o Executivo a apresentar, em at\u00e9 seis meses, um plano para rever benef\u00edcios tribut\u00e1rios, acompanhado das respectivas propostas legislativas. O corte inicial precisa ser de ao menos 10%, e as demais redu\u00e7\u00f5es devem ser suficientes para que os subs\u00eddios n\u00e3o ultrapassem 2% do <a href=\"https:\/\/www.suno.com.br\/artigos\/pib-produto-interno-bruto\/\">PIB<\/a> daqui a oito anos. Hoje, eles s\u00e3o 4,2% do PIB. Incentivos como Simples Nacional, Zona Franca de Manaus e produtos da cesta b\u00e1sica, por\u00e9m, est\u00e3o fora do alcance dessa redu\u00e7\u00e3o.<\/p>\n<p>(Com informa\u00e7\u00f5es do Estad\u00e3o Conte\u00fado)<\/p>\n<p><span style=\"font-weight: 400;\">\t<p>\n\t\t<a href=\"https:\/\/lp.suno.com.br\/planilha-de-controle-de-investimentos\/\" target=\"_blank\" data-element=\"shortcode-suno-banner\" title=\"Banner SUNO, clique e saiba mais\">\n\t\t\t<picture>\n\t\t\t\t<source media=\"(max-width: 500px)\" srcset=\"https:\/\/files.sunoresearch.com.br\/n\/uploads\/2023\/03\/400x300-Controle-de-Investimentos.png\">\n\t\t\t\t<img class=\"newsContent__article__imgCapa newsContent__article__imgCapa--banner\"\n\t\t\t\t\tsrc=\"https:\/\/files.sunoresearch.com.br\/n\/uploads\/2023\/03\/1420x240-Controle-de-Investimentos.png\"\n\t\t\t\t\tdata-promo-id=\"75934\"\t\t\t\t\t\t\t\t\t\twidth='1420' height='240'\t\t\t\t\talt=\"https:\/\/files.sunoresearch.com.br\/n\/uploads\/2023\/03\/1420x240-Controle-de-Investimentos.png\"\n\t\t\t\t>\n\t\t\t<\/picture>\n\t\t<\/a>\n\t<\/p>\n\n<\/span><\/p>\n","protected":false},"excerpt":{"rendered":"<p>A C\u00e2mara dos Deputados aprovou na madrugada desta quarta-feira (10) em primeiro turno, o texto da proposta de emenda \u00e0 Constitui\u00e7\u00e3o (PEC) que recria o aux\u00edlio emergencial e institui mecanismos de ajuste nas despesas, como congelamento de sal\u00e1rios de servidores, quando h\u00e1 elevado comprometimento das finan\u00e7as de Uni\u00e3o, Estados e munic\u00edpios. PEC dos Benef\u00edcios foi [&hellip;]<\/p>\n","protected":false},"author":15,"featured_media":130615,"comment_status":"closed","ping_status":"closed","sticky":false,"template":"","format":"standard","meta":[],"categories":[61],"tags":[17139,105989],"suno_strategy":[],"class_list":["post-130602","post","type-post","status-publish","format-standard","has-post-thumbnail","hentry","category-politica","tag-auxilio-emergencial","tag-pec-emergencial"],"yoast_head":"<!-- This site is optimized with the Yoast SEO plugin v24.4 - https:\/\/yoast.com\/wordpress\/plugins\/seo\/ -->\n<title>C\u00e2mara aprova PEC Emergencial em primeiro turno por 341 votos a 121<\/title>\n<meta name=\"description\" content=\"A C\u00e2mara aprovou na madrugada de hoje em primeiro turno, o texto da PEC que recria o aux\u00edlio emergencial. Clique aqui e saiba mais\" \/>\n<meta name=\"robots\" content=\"index, follow, max-snippet:-1, max-image-preview:large, max-video-preview:-1\" \/>\n<link rel=\"canonical\" href=\"https:\/\/www.suno.com.br\/noticias\/camara-aprova-pec-emergencial-em-primeiro-turno\/\" \/>\n<meta property=\"og:locale\" content=\"pt_BR\" \/>\n<meta property=\"og:type\" content=\"article\" \/>\n<meta property=\"og:title\" content=\"C\u00e2mara aprova PEC Emergencial em primeiro turno por 341 votos a 121\" \/>\n<meta property=\"og:description\" content=\"A C\u00e2mara aprovou na madrugada de hoje em primeiro turno, o texto da PEC que recria o aux\u00edlio emergencial. Clique aqui e saiba mais\" \/>\n<meta property=\"og:url\" content=\"https:\/\/www.suno.com.br\/noticias\/camara-aprova-pec-emergencial-em-primeiro-turno\/\" \/>\n<meta property=\"og:site_name\" content=\"Suno Not\u00edcias\" \/>\n<meta property=\"article:publisher\" content=\"https:\/\/facebook.com\/sunoresearch\" \/>\n<meta property=\"og:image\" content=\"https:\/\/files.sunoresearch.com.br\/n\/uploads\/2021\/03\/12d2fa27-camara-dos-deputados-scaled.jpg\" \/>\n\t<meta property=\"og:image:width\" content=\"2560\" \/>\n\t<meta property=\"og:image:height\" content=\"1704\" \/>\n\t<meta property=\"og:image:type\" content=\"image\/jpeg\" \/>\n<meta name=\"author\" content=\"Poliana Santos\" \/>\n<meta name=\"twitter:card\" content=\"summary_large_image\" \/>\n<meta name=\"twitter:creator\" content=\"@sunoresearch\" \/>\n<meta name=\"twitter:site\" content=\"@sunoresearch\" \/>\n<meta name=\"twitter:label1\" content=\"Escrito por\" \/>\n\t<meta name=\"twitter:data1\" content=\"Poliana Santos\" \/>\n\t<meta name=\"twitter:label2\" content=\"Est. tempo de leitura\" \/>\n\t<meta name=\"twitter:data2\" content=\"6 minutos\" \/>\n<script type=\"application\/ld+json\" class=\"yoast-schema-graph\">{\"@context\":\"https:\/\/schema.org\",\"@graph\":[{\"@type\":\"NewsArticle\",\"@id\":\"https:\/\/www.suno.com.br\/noticias\/camara-aprova-pec-emergencial-em-primeiro-turno\/#article\",\"isPartOf\":{\"@id\":\"https:\/\/www.suno.com.br\/noticias\/camara-aprova-pec-emergencial-em-primeiro-turno\/\"},\"author\":{\"name\":\"Poliana Santos\",\"@id\":\"https:\/\/www.suno.com.br\/noticias\/#\/schema\/person\/02ec1f752758247878a2bf4abee1aeda\"},\"headline\":\"C\u00e2mara aprova PEC Emergencial em primeiro turno por 341 votos a 121\",\"datePublished\":\"2021-03-10T11:01:17+00:00\",\"dateModified\":\"2021-06-14T02:47:28+00:00\",\"mainEntityOfPage\":{\"@id\":\"https:\/\/www.suno.com.br\/noticias\/camara-aprova-pec-emergencial-em-primeiro-turno\/\"},\"wordCount\":1224,\"publisher\":{\"@id\":\"https:\/\/www.suno.com.br\/noticias\/#organization\"},\"image\":{\"@id\":\"https:\/\/www.suno.com.br\/noticias\/camara-aprova-pec-emergencial-em-primeiro-turno\/#primaryimage\"},\"thumbnailUrl\":\"https:\/\/files.sunoresearch.com.br\/n\/uploads\/2021\/03\/12d2fa27-camara-dos-deputados-scaled.jpg\",\"keywords\":[\"aux\u00edlio emergencial\",\"PEC Emergencial\"],\"articleSection\":[\"Pol\u00edtica\"],\"inLanguage\":\"pt-BR\"},{\"@type\":\"WebPage\",\"@id\":\"https:\/\/www.suno.com.br\/noticias\/camara-aprova-pec-emergencial-em-primeiro-turno\/\",\"url\":\"https:\/\/www.suno.com.br\/noticias\/camara-aprova-pec-emergencial-em-primeiro-turno\/\",\"name\":\"C\u00e2mara aprova PEC Emergencial em primeiro turno por 341 votos a 121\",\"isPartOf\":{\"@id\":\"https:\/\/www.suno.com.br\/noticias\/#website\"},\"primaryImageOfPage\":{\"@id\":\"https:\/\/www.suno.com.br\/noticias\/camara-aprova-pec-emergencial-em-primeiro-turno\/#primaryimage\"},\"image\":{\"@id\":\"https:\/\/www.suno.com.br\/noticias\/camara-aprova-pec-emergencial-em-primeiro-turno\/#primaryimage\"},\"thumbnailUrl\":\"https:\/\/files.sunoresearch.com.br\/n\/uploads\/2021\/03\/12d2fa27-camara-dos-deputados-scaled.jpg\",\"datePublished\":\"2021-03-10T11:01:17+00:00\",\"dateModified\":\"2021-06-14T02:47:28+00:00\",\"description\":\"A C\u00e2mara aprovou na madrugada de hoje em primeiro turno, o texto da PEC que recria o aux\u00edlio emergencial. Clique aqui e saiba mais\",\"breadcrumb\":{\"@id\":\"https:\/\/www.suno.com.br\/noticias\/camara-aprova-pec-emergencial-em-primeiro-turno\/#breadcrumb\"},\"inLanguage\":\"pt-BR\",\"potentialAction\":[{\"@type\":\"ReadAction\",\"target\":[\"https:\/\/www.suno.com.br\/noticias\/camara-aprova-pec-emergencial-em-primeiro-turno\/\"]}]},{\"@type\":\"ImageObject\",\"inLanguage\":\"pt-BR\",\"@id\":\"https:\/\/www.suno.com.br\/noticias\/camara-aprova-pec-emergencial-em-primeiro-turno\/#primaryimage\",\"url\":\"https:\/\/files.sunoresearch.com.br\/n\/uploads\/2021\/03\/12d2fa27-camara-dos-deputados-scaled.jpg\",\"contentUrl\":\"https:\/\/files.sunoresearch.com.br\/n\/uploads\/2021\/03\/12d2fa27-camara-dos-deputados-scaled.jpg\",\"width\":2560,\"height\":1704,\"caption\":\"PEC dos Benef\u00edcios foi aprovada nesta quarta-feira (13) - Foto: Ag\u00eancia C\u00e2mara\"},{\"@type\":\"BreadcrumbList\",\"@id\":\"https:\/\/www.suno.com.br\/noticias\/camara-aprova-pec-emergencial-em-primeiro-turno\/#breadcrumb\",\"itemListElement\":[{\"@type\":\"ListItem\",\"position\":1,\"name\":\"Not\u00edcias\",\"item\":\"https:\/\/www.suno.com.br\/noticias\/\"},{\"@type\":\"ListItem\",\"position\":2,\"name\":\"Pol\u00edtica\",\"item\":\"https:\/\/www.suno.com.br\/noticias\/politica\/\"},{\"@type\":\"ListItem\",\"position\":3,\"name\":\"C\u00e2mara aprova PEC Emergencial em primeiro turno por 341 votos a 121\"}]},{\"@type\":\"WebSite\",\"@id\":\"https:\/\/www.suno.com.br\/noticias\/#website\",\"url\":\"https:\/\/www.suno.com.br\/noticias\/\",\"name\":\"Suno Not\u00edcias\",\"description\":\"Seu portal de informa\u00e7\u00e3o sobre o mundo dos investimentos\",\"publisher\":{\"@id\":\"https:\/\/www.suno.com.br\/noticias\/#organization\"},\"potentialAction\":[{\"@type\":\"SearchAction\",\"target\":{\"@type\":\"EntryPoint\",\"urlTemplate\":\"https:\/\/www.suno.com.br\/noticias\/?s={search_term_string}\"},\"query-input\":{\"@type\":\"PropertyValueSpecification\",\"valueRequired\":true,\"valueName\":\"search_term_string\"}}],\"inLanguage\":\"pt-BR\"},{\"@type\":\"Organization\",\"@id\":\"https:\/\/www.suno.com.br\/noticias\/#organization\",\"name\":\"Suno Not\u00edcias\",\"url\":\"https:\/\/www.suno.com.br\/noticias\/\",\"logo\":{\"@type\":\"ImageObject\",\"inLanguage\":\"pt-BR\",\"@id\":\"https:\/\/www.suno.com.br\/noticias\/#\/schema\/logo\/image\/\",\"url\":\"https:\/\/files.sunoresearch.com.br\/n\/uploads\/2021\/09\/suno-logo.png\",\"contentUrl\":\"https:\/\/files.sunoresearch.com.br\/n\/uploads\/2021\/09\/suno-logo.png\",\"width\":180,\"height\":180,\"caption\":\"Suno Not\u00edcias\"},\"image\":{\"@id\":\"https:\/\/www.suno.com.br\/noticias\/#\/schema\/logo\/image\/\"},\"sameAs\":[\"https:\/\/facebook.com\/sunoresearch\",\"https:\/\/x.com\/sunoresearch\",\"https:\/\/www.instagram.com\/suno\",\"https:\/\/www.linkedin.com\/company\/suno-research\/\",\"https:\/\/www.youtube.com\/c\/sunoresearch\"]},{\"@type\":\"Person\",\"@id\":\"https:\/\/www.suno.com.br\/noticias\/#\/schema\/person\/02ec1f752758247878a2bf4abee1aeda\",\"name\":\"Poliana Santos\",\"image\":{\"@type\":\"ImageObject\",\"inLanguage\":\"pt-BR\",\"@id\":\"https:\/\/www.suno.com.br\/noticias\/#\/schema\/person\/image\/\",\"url\":\"https:\/\/secure.gravatar.com\/avatar\/0645bd32f23d87b2130f2b2dff1d3f8d?s=96&r=g\",\"contentUrl\":\"https:\/\/secure.gravatar.com\/avatar\/0645bd32f23d87b2130f2b2dff1d3f8d?s=96&r=g\",\"caption\":\"Poliana Santos\"},\"description\":\"Rep\u00f3rter no Suno Not\u00edcias, com cobertura em mercado financeiro, economia, finan\u00e7as pessoais, renda fixa e varejo. Jornalista formada pela Faculdade C\u00e1sper L\u00edbero e possui passagem na R\u00e1dio Gazeta AM com a produ\u00e7\u00e3o de conte\u00fado sobre economia, pol\u00edtica, sa\u00fade, moda e m\u00fasica. Possui certificado de conclus\u00e3o do curso de An\u00e1lise de Balan\u00e7os pela Funda\u00e7\u00e3o Bradesco, Agenda Brasil pela FAAP, Educa\u00e7\u00e3o Pol\u00edtica por Alexandre Garcia e do Tesouro Direto e Mercado de A\u00e7\u00f5es pela B3.\",\"url\":\"https:\/\/www.suno.com.br\/noticias\/author\/poliana-santos\/\"}]}<\/script>\n<!-- \/ Yoast SEO plugin. -->","yoast_head_json":{"title":"C\u00e2mara aprova PEC Emergencial em primeiro turno por 341 votos a 121","description":"A C\u00e2mara aprovou na madrugada de hoje em primeiro turno, o texto da PEC que recria o aux\u00edlio emergencial. Clique aqui e saiba mais","robots":{"index":"index","follow":"follow","max-snippet":"max-snippet:-1","max-image-preview":"max-image-preview:large","max-video-preview":"max-video-preview:-1"},"canonical":"https:\/\/www.suno.com.br\/noticias\/camara-aprova-pec-emergencial-em-primeiro-turno\/","og_locale":"pt_BR","og_type":"article","og_title":"C\u00e2mara aprova PEC Emergencial em primeiro turno por 341 votos a 121","og_description":"A C\u00e2mara aprovou na madrugada de hoje em primeiro turno, o texto da PEC que recria o aux\u00edlio emergencial. Clique aqui e saiba mais","og_url":"https:\/\/www.suno.com.br\/noticias\/camara-aprova-pec-emergencial-em-primeiro-turno\/","og_site_name":"Suno Not\u00edcias","article_publisher":"https:\/\/facebook.com\/sunoresearch","og_image":[{"width":2560,"height":1704,"url":"https:\/\/files.sunoresearch.com.br\/n\/uploads\/2021\/03\/12d2fa27-camara-dos-deputados-scaled.jpg","type":"image\/jpeg"}],"author":"Poliana Santos","twitter_card":"summary_large_image","twitter_creator":"@sunoresearch","twitter_site":"@sunoresearch","twitter_misc":{"Escrito por":"Poliana Santos","Est. tempo de leitura":"6 minutos"},"schema":{"@context":"https:\/\/schema.org","@graph":[{"@type":"NewsArticle","@id":"https:\/\/www.suno.com.br\/noticias\/camara-aprova-pec-emergencial-em-primeiro-turno\/#article","isPartOf":{"@id":"https:\/\/www.suno.com.br\/noticias\/camara-aprova-pec-emergencial-em-primeiro-turno\/"},"author":{"name":"Poliana Santos","@id":"https:\/\/www.suno.com.br\/noticias\/#\/schema\/person\/02ec1f752758247878a2bf4abee1aeda"},"headline":"C\u00e2mara aprova PEC Emergencial em primeiro turno por 341 votos a 121","datePublished":"2021-03-10T11:01:17+00:00","dateModified":"2021-06-14T02:47:28+00:00","mainEntityOfPage":{"@id":"https:\/\/www.suno.com.br\/noticias\/camara-aprova-pec-emergencial-em-primeiro-turno\/"},"wordCount":1224,"publisher":{"@id":"https:\/\/www.suno.com.br\/noticias\/#organization"},"image":{"@id":"https:\/\/www.suno.com.br\/noticias\/camara-aprova-pec-emergencial-em-primeiro-turno\/#primaryimage"},"thumbnailUrl":"https:\/\/files.sunoresearch.com.br\/n\/uploads\/2021\/03\/12d2fa27-camara-dos-deputados-scaled.jpg","keywords":["aux\u00edlio emergencial","PEC Emergencial"],"articleSection":["Pol\u00edtica"],"inLanguage":"pt-BR"},{"@type":"WebPage","@id":"https:\/\/www.suno.com.br\/noticias\/camara-aprova-pec-emergencial-em-primeiro-turno\/","url":"https:\/\/www.suno.com.br\/noticias\/camara-aprova-pec-emergencial-em-primeiro-turno\/","name":"C\u00e2mara aprova PEC Emergencial em primeiro turno por 341 votos a 121","isPartOf":{"@id":"https:\/\/www.suno.com.br\/noticias\/#website"},"primaryImageOfPage":{"@id":"https:\/\/www.suno.com.br\/noticias\/camara-aprova-pec-emergencial-em-primeiro-turno\/#primaryimage"},"image":{"@id":"https:\/\/www.suno.com.br\/noticias\/camara-aprova-pec-emergencial-em-primeiro-turno\/#primaryimage"},"thumbnailUrl":"https:\/\/files.sunoresearch.com.br\/n\/uploads\/2021\/03\/12d2fa27-camara-dos-deputados-scaled.jpg","datePublished":"2021-03-10T11:01:17+00:00","dateModified":"2021-06-14T02:47:28+00:00","description":"A C\u00e2mara aprovou na madrugada de hoje em primeiro turno, o texto da PEC que recria o aux\u00edlio emergencial. Clique aqui e saiba mais","breadcrumb":{"@id":"https:\/\/www.suno.com.br\/noticias\/camara-aprova-pec-emergencial-em-primeiro-turno\/#breadcrumb"},"inLanguage":"pt-BR","potentialAction":[{"@type":"ReadAction","target":["https:\/\/www.suno.com.br\/noticias\/camara-aprova-pec-emergencial-em-primeiro-turno\/"]}]},{"@type":"ImageObject","inLanguage":"pt-BR","@id":"https:\/\/www.suno.com.br\/noticias\/camara-aprova-pec-emergencial-em-primeiro-turno\/#primaryimage","url":"https:\/\/files.sunoresearch.com.br\/n\/uploads\/2021\/03\/12d2fa27-camara-dos-deputados-scaled.jpg","contentUrl":"https:\/\/files.sunoresearch.com.br\/n\/uploads\/2021\/03\/12d2fa27-camara-dos-deputados-scaled.jpg","width":2560,"height":1704,"caption":"PEC dos Benef\u00edcios foi aprovada nesta quarta-feira (13) - Foto: Ag\u00eancia C\u00e2mara"},{"@type":"BreadcrumbList","@id":"https:\/\/www.suno.com.br\/noticias\/camara-aprova-pec-emergencial-em-primeiro-turno\/#breadcrumb","itemListElement":[{"@type":"ListItem","position":1,"name":"Not\u00edcias","item":"https:\/\/www.suno.com.br\/noticias\/"},{"@type":"ListItem","position":2,"name":"Pol\u00edtica","item":"https:\/\/www.suno.com.br\/noticias\/politica\/"},{"@type":"ListItem","position":3,"name":"C\u00e2mara aprova PEC Emergencial em primeiro turno por 341 votos a 121"}]},{"@type":"WebSite","@id":"https:\/\/www.suno.com.br\/noticias\/#website","url":"https:\/\/www.suno.com.br\/noticias\/","name":"Suno Not\u00edcias","description":"Seu portal de informa\u00e7\u00e3o sobre o mundo dos investimentos","publisher":{"@id":"https:\/\/www.suno.com.br\/noticias\/#organization"},"potentialAction":[{"@type":"SearchAction","target":{"@type":"EntryPoint","urlTemplate":"https:\/\/www.suno.com.br\/noticias\/?s={search_term_string}"},"query-input":{"@type":"PropertyValueSpecification","valueRequired":true,"valueName":"search_term_string"}}],"inLanguage":"pt-BR"},{"@type":"Organization","@id":"https:\/\/www.suno.com.br\/noticias\/#organization","name":"Suno Not\u00edcias","url":"https:\/\/www.suno.com.br\/noticias\/","logo":{"@type":"ImageObject","inLanguage":"pt-BR","@id":"https:\/\/www.suno.com.br\/noticias\/#\/schema\/logo\/image\/","url":"https:\/\/files.sunoresearch.com.br\/n\/uploads\/2021\/09\/suno-logo.png","contentUrl":"https:\/\/files.sunoresearch.com.br\/n\/uploads\/2021\/09\/suno-logo.png","width":180,"height":180,"caption":"Suno Not\u00edcias"},"image":{"@id":"https:\/\/www.suno.com.br\/noticias\/#\/schema\/logo\/image\/"},"sameAs":["https:\/\/facebook.com\/sunoresearch","https:\/\/x.com\/sunoresearch","https:\/\/www.instagram.com\/suno","https:\/\/www.linkedin.com\/company\/suno-research\/","https:\/\/www.youtube.com\/c\/sunoresearch"]},{"@type":"Person","@id":"https:\/\/www.suno.com.br\/noticias\/#\/schema\/person\/02ec1f752758247878a2bf4abee1aeda","name":"Poliana Santos","image":{"@type":"ImageObject","inLanguage":"pt-BR","@id":"https:\/\/www.suno.com.br\/noticias\/#\/schema\/person\/image\/","url":"https:\/\/secure.gravatar.com\/avatar\/0645bd32f23d87b2130f2b2dff1d3f8d?s=96&r=g","contentUrl":"https:\/\/secure.gravatar.com\/avatar\/0645bd32f23d87b2130f2b2dff1d3f8d?s=96&r=g","caption":"Poliana Santos"},"description":"Rep\u00f3rter no Suno Not\u00edcias, com cobertura em mercado financeiro, economia, finan\u00e7as pessoais, renda fixa e varejo. Jornalista formada pela Faculdade C\u00e1sper L\u00edbero e possui passagem na R\u00e1dio Gazeta AM com a produ\u00e7\u00e3o de conte\u00fado sobre economia, pol\u00edtica, sa\u00fade, moda e m\u00fasica. Possui certificado de conclus\u00e3o do curso de An\u00e1lise de Balan\u00e7os pela Funda\u00e7\u00e3o Bradesco, Agenda Brasil pela FAAP, Educa\u00e7\u00e3o Pol\u00edtica por Alexandre Garcia e do Tesouro Direto e Mercado de A\u00e7\u00f5es pela B3.","url":"https:\/\/www.suno.com.br\/noticias\/author\/poliana-santos\/"}]}},"default_loop_html":"<div class=\"cardsPage__listCard__boxs\"><div class=\"cardsPage__listCard__boxs__img\"><a href=\"https:\/\/www.suno.com.br\/noticias\/camara-aprova-pec-emergencial-em-primeiro-turno\/\"><img class=\"mask\" src=\"https:\/\/www.suno.com.br\/noticias\/wp-content\/themes\/suno\/resources\/images\/spotlight\/spotlight1img\/bg-mask.png\" alt=\"Image Mask\"\/><img src=\"https:\/\/files.sunoresearch.com.br\/n\/uploads\/2021\/03\/12d2fa27-camara-dos-deputados-400x200.jpg\" alt=\"C\u00e2mara aprova PEC Emergencial em primeiro turno por 341 votos a 121\"\/><\/a><span class=\"spotlightCategory\"><a href=\"https:\/\/www.suno.com.br\/noticias\/politica\/\">Pol\u00edtica<\/a><\/span><\/div><div class=\"cardsPage__listCard__boxs__content\"><a href=\"https:\/\/www.suno.com.br\/noticias\/camara-aprova-pec-emergencial-em-primeiro-turno\/\"><h2 class=\"content__title\">C\u00e2mara aprova PEC Emergencial em primeiro turno por 341 votos a 121<\/h2><\/a><div class=\"newsContent__article__meta\"><div class=\"newsContent__article__meta__authorBox\"><a href=\"https:\/\/www.suno.com.br\/noticias\/author\/poliana-santos\/\" class=\"authorBox__avatar noMobi\"><img src=\"https:\/\/files.sunoresearch.com.br\/n\/uploads\/2020\/08\/7ef34026-whatsapp-image-2020-08-03-at-12.37.57-150x150.webp\" alt=\"Poliana Santos\"><\/a><div class=\"authorBox__name\"><span>por\n\t\t\t<a href=\"https:\/\/www.suno.com.br\/noticias\/author\/poliana-santos\/\"><span itemprop=\"author\">Poliana Santos<\/span><\/a><\/span><time datetime=\"2021-03-10T08:01:17-03:00\" itemprop=\"datePublished\">10\/03\/2021 08:01<\/time><\/div><\/div><\/div><\/div><\/div>","single_layout":"posts","amp_enabled":true,"_links":{"self":[{"href":"https:\/\/www.suno.com.br\/noticias\/wp-json\/wp\/v2\/posts\/130602"}],"collection":[{"href":"https:\/\/www.suno.com.br\/noticias\/wp-json\/wp\/v2\/posts"}],"about":[{"href":"https:\/\/www.suno.com.br\/noticias\/wp-json\/wp\/v2\/types\/post"}],"author":[{"embeddable":true,"href":"https:\/\/www.suno.com.br\/noticias\/wp-json\/wp\/v2\/users\/15"}],"replies":[{"embeddable":true,"href":"https:\/\/www.suno.com.br\/noticias\/wp-json\/wp\/v2\/comments?post=130602"}],"version-history":[{"count":2,"href":"https:\/\/www.suno.com.br\/noticias\/wp-json\/wp\/v2\/posts\/130602\/revisions"}],"predecessor-version":[{"id":130614,"href":"https:\/\/www.suno.com.br\/noticias\/wp-json\/wp\/v2\/posts\/130602\/revisions\/130614"}],"wp:featuredmedia":[{"embeddable":true,"href":"https:\/\/www.suno.com.br\/noticias\/wp-json\/wp\/v2\/media\/130615"}],"wp:attachment":[{"href":"https:\/\/www.suno.com.br\/noticias\/wp-json\/wp\/v2\/media?parent=130602"}],"wp:term":[{"taxonomy":"category","embeddable":true,"href":"https:\/\/www.suno.com.br\/noticias\/wp-json\/wp\/v2\/categories?post=130602"},{"taxonomy":"post_tag","embeddable":true,"href":"https:\/\/www.suno.com.br\/noticias\/wp-json\/wp\/v2\/tags?post=130602"},{"taxonomy":"suno_strategy","embeddable":true,"href":"https:\/\/www.suno.com.br\/noticias\/wp-json\/wp\/v2\/suno_strategy?post=130602"}],"curies":[{"name":"wp","href":"https:\/\/api.w.org\/{rel}","templated":true}]}}