{"id":13046,"date":"2019-01-26T21:33:27","date_gmt":"2019-01-26T23:33:27","guid":{"rendered":"https:\/\/www.suno.com.br\/noticias\/?p=13046"},"modified":"2021-02-17T23:11:04","modified_gmt":"2021-02-18T02:11:04","slug":"israel-enviara-equipamentos-resgates-brumadinho","status":"publish","type":"post","link":"https:\/\/www.suno.com.br\/noticias\/israel-enviara-equipamentos-resgates-brumadinho\/","title":{"rendered":"Israel enviar\u00e1 equipamentos de resgates em Brumadinho"},"content":{"rendered":"<p>O governo de Israel enviar\u00e1 equipamentos t\u00e9cnicos para auxiliar nas opera\u00e7\u00f5es de resgate em Brumadinho (MG).<\/p>\t<div class=\"wrapper-featured-image\">\n\t\t<figure class=\"spotlightImg\">\n\n\t\t\t<picture>\n\t\t\t\t<source media=\"(max-width: 768px)\" srcset=\"https:\/\/files.sunoresearch.com.br\/n\/uploads\/2019\/01\/b633e396-desastre-da-barragem-de-brumadinho-400x200.webp\">\n\t\t\t\t<img loading=\"lazy\" decoding=\"async\" class=\"newsContent__article__imgCapa lazyloadDisabled newsContent__article__imgCapa--noCaption\" src=\"https:\/\/files.sunoresearch.com.br\/n\/uploads\/2019\/01\/b633e396-desastre-da-barragem-de-brumadinho-jpg.webp\" width=\"800\" height=\"450\" alt=\"Israel enviar\u00e1 equipamentos de resgates em Brumadinho\" fetchpriority=high \/>\n\t\t\t<\/picture>\n\n\t\t\t<figcaption class=\"wp-caption-text wp-caption-text--hide\">Brumadinho Vale<\/figcaption>\n\t\t<\/figure>\n\t<\/div>\n\n\n<p>Neste s\u00e1bado (26), o primeiro-ministro de <strong>Israel, Benjamin Netanyahu,<\/strong> ofereceu ajuda ao presidente <strong>Jair Bolsonaro.<\/strong> Um avi\u00e3o com uma equipe de resgate israelense dever\u00e1 chegar ao <strong>Brasil<\/strong> at\u00e9 domingo. Os t\u00e9cnicos israelenses dever\u00e3o atuar na \u00e1rea atingida pela lama que saiu da <strong>barragem<\/strong> da <a href=\"https:\/\/www.youtube.com\/watch?v=FCfhfOQaKS0\"><strong>Vale<\/strong> <\/a>em <strong>Brumadinho.<\/strong><\/p>\n<p><a href=\"https:\/\/www.suno.com.br\/noticias\/previ-maior-acionista-da-vale-lamenta-desastre-em-brumadinho\/\">Saiba mais: Previ, maior acionista da Vale, lamenta desastre em Brumadinho\u00a0<\/a><\/p>\n<p>Cerca de 70 ou 80 pessoas far\u00e3o parte da equipe de resgate, trazendo equipamentos especiais. Ser\u00e3o enviados sonares e detectores de vozes e ecos, utilizados na localiza\u00e7\u00e3o de pessoas em situa\u00e7\u00f5es como a verificada em <strong>Brumadinho.<\/strong> Al\u00e9m disso, <strong>Israel<\/strong> tamb\u00e9m vai mandar dois ou tr\u00eas especialistas para inspecionar outras <strong>barragens.<\/strong> Esses t\u00e9cnicos dever\u00e3o avaliar riscos e eventualmente indicar a necessidade de evacuar outras comunidades pr\u00f3ximas de atividades de <strong>minera\u00e7\u00e3o.<\/strong><\/p>\n<p>&#8220;Infelizmente, temos experi\u00eancia (de resgatar pessoas soterradas) devido a atentados que derrubam casas&#8221;, explicou o embaixador de <strong>Israel<\/strong> no <strong>Brasil,<\/strong> Yossi Shelly. O diplomata salientou como essa ajuda foi um pedido do presidente <strong>Bolsonaro.<\/strong><\/p>\n<h2>Bolsonaro aceitou ajuda de Israel<\/h2>\n<p>O mandat\u00e1rio havia anunciado na tarde de s\u00e1bado que <strong>Israel<\/strong> tinha disponibilizado equipamentos t\u00e9cnicos para as buscas pelas v\u00edtimas. Segundo Bolsonaro, esses instrumentos teriam tecnologia capaz de localizar pessoas ainda enterradas. <strong>Bolsonaro<\/strong> e <strong>Netanyahu<\/strong> se falaram por telefone, horas depois do presidente brasileiro ter sobrevoado a regi\u00e3o atingida pela trag\u00e9dia.<\/p>\n<p><a href=\"https:\/\/www.suno.com.br\/noticias\/sp-vale-em-observacao-poderia-rebaixada\/\">Saiba mais:\u00a0S&amp;P: Vale em observa\u00e7\u00e3o e poderia ser rebaixada\u00a0<\/a><\/p>\n<p>&#8220;Foi oferecido e aceitamos, por parte do primeiro-ministro de <strong>Israel, Benjamin Netanyahu,<\/strong> ajuda na busca de desaparecidos&#8221;, informou o presidente em nota divulgada a imprensa. <strong>Bolsonaro<\/strong> explicou que verificou pessoalmente a extens\u00e3o causada pelo rompimento da barragem e expressou &#8220;tristeza, principalmente pela perda lament\u00e1vel de vidas humanas&#8221;.<\/p>\n<p>Acompanhado de ministros, o presidente comandou uma reuni\u00e3o em <strong>Belo Horizonte.<\/strong> A reuni\u00e3o ocorreu no Aeroporto de Confins. Entre os presentes estavam o governador do estado, Romeu Zema, e a procuradora-geral da Rep\u00fablica, Raquel Dodge. <strong>Bolsonaro<\/strong>\u00a0colocou recursos do <strong>governo federal<\/strong> \u00e0 disposi\u00e7\u00e3o do Estado para enfrentar a emerg\u00eancia.<\/p>\n<h2>Trag\u00e9dia chega a 34 mortos<\/h2>\n<p>Pelo menos 34 pessoas morreram atingidas pelo rompimento da <strong>barragem<\/strong> da <strong>Vale<\/strong> em <strong>Brumadinho.<\/strong> A informa\u00e7\u00e3o sobre as <strong>v\u00edtimas<\/strong> foi divulgada pelo governo de Minas Gerais. Pelo menos 252 pessoas est\u00e3o desaparecidas.<\/p>\n<p>A barragem era da mina C\u00f3rrego do Feij\u00e3o, localizada na regi\u00e3o metropolitana de <strong>Belo Horizonte.<\/strong> O acidente gerou uma avalanche de lama, que destruiu parte do centro administrativo da empresa em Brumadinho, e arrastou casas e at\u00e9 uma ponte ferrovi\u00e1ria.<\/p>\n<p>O Instituto Inhotim, um dos maiores centros de arte ao ar livre da <strong>Am\u00e9rica Latina,<\/strong> foi esvaziado por medida de seguran\u00e7a. Por causa do rompimento da <strong>barragem<\/strong> de <strong>Brumadinho,<\/strong> o instituto n\u00e3o abriu s\u00e1bado (26) e n\u00e3o abrir\u00e1 nem domingo (27). A barragem rompida faz parte do complexo de Paraopeba. A mina \u00e9 respons\u00e1vel por 7,3 milh\u00f5es de toneladas de <strong>min\u00e9rio<\/strong>\u00a0<strong>de ferro<\/strong> do terceiro trimestre de 2018. O volume corresponde a 6,2% da produ\u00e7\u00e3o total de min\u00e9rio de ferro da <strong>Vale.<\/strong><\/p>\n<p>Esse \u00e9 o segundo desastre com barragem em que a <strong>Vale<\/strong> se envolve em\u00a0tr\u00eas anos. Em 2015 ocorreu a trag\u00e9dia de <strong>Mariana,<\/strong> com o rompimento da <strong>barragem<\/strong> da <strong>Samarco.<\/strong> Naquele desastre morreram 19 pessoas e a lama destruiu centenas de casas e constru\u00e7\u00f5es.\u00a0A Samarco \u00e9 controlada pela Vale e pela mineradora anglo-australiana <strong>BHP Billiton,<\/strong> cada uma com 50% das a\u00e7\u00f5es. As duas empresas se tornaram alvo de a\u00e7\u00f5es na Justi\u00e7a por conta do desastre. As pessoas afetadas ainda esperam por repara\u00e7\u00e3o.<\/p>\n","protected":false},"excerpt":{"rendered":"<p>O governo de Israel enviar\u00e1 equipamentos t\u00e9cnicos para auxiliar nas opera\u00e7\u00f5es de resgate em Brumadinho (MG). Brumadinho Vale Neste s\u00e1bado (26), o primeiro-ministro de Israel, Benjamin Netanyahu, ofereceu ajuda ao presidente Jair Bolsonaro. Um avi\u00e3o com uma equipe de resgate israelense dever\u00e1 chegar ao Brasil at\u00e9 domingo. Os t\u00e9cnicos israelenses dever\u00e3o atuar na \u00e1rea atingida [&hellip;]<\/p>\n","protected":false},"author":9,"featured_media":13048,"comment_status":"closed","ping_status":"closed","sticky":false,"template":"","format":"standard","meta":[],"categories":[61],"tags":[104961,1032,926,719,676],"suno_strategy":[],"class_list":["post-13046","post","type-post","status-publish","format-standard","has-post-thumbnail","hentry","category-politica","tag-benjamin-netanyahu","tag-brumadinho","tag-israel","tag-jair-bolsonaro","tag-vale-vale3"],"yoast_head":"<!-- This site is optimized with the Yoast SEO plugin v24.4 - https:\/\/yoast.com\/wordpress\/plugins\/seo\/ -->\n<title>Israel enviar\u00e1 equipamentos de resgates em Brumadinho<\/title>\n<meta name=\"description\" content=\"O governo de Israel enviar\u00e1 equipamentos t\u00e9cnicos para auxiliar nas opera\u00e7\u00f5es de resgate em Brumadinho (MG).\u00a0Clique aqui para saber mais.\" \/>\n<meta name=\"robots\" content=\"index, follow, max-snippet:-1, max-image-preview:large, max-video-preview:-1\" \/>\n<link rel=\"canonical\" href=\"https:\/\/www.suno.com.br\/noticias\/israel-enviara-equipamentos-resgates-brumadinho\/\" \/>\n<meta property=\"og:locale\" content=\"pt_BR\" \/>\n<meta property=\"og:type\" content=\"article\" \/>\n<meta property=\"og:title\" content=\"Israel enviar\u00e1 equipamentos de resgates em Brumadinho\" \/>\n<meta property=\"og:description\" content=\"O governo de Israel enviar\u00e1 equipamentos t\u00e9cnicos para auxiliar nas opera\u00e7\u00f5es de resgate em Brumadinho (MG).\u00a0Clique aqui para saber mais.\" \/>\n<meta property=\"og:url\" content=\"https:\/\/www.suno.com.br\/noticias\/israel-enviara-equipamentos-resgates-brumadinho\/\" \/>\n<meta property=\"og:site_name\" content=\"Suno Not\u00edcias\" \/>\n<meta property=\"article:publisher\" content=\"https:\/\/facebook.com\/sunoresearch\" \/>\n<meta property=\"og:image\" content=\"https:\/\/files.sunoresearch.com.br\/n\/uploads\/2019\/01\/b633e396-desastre-da-barragem-de-brumadinho.jpg\" \/>\n\t<meta property=\"og:image:width\" content=\"615\" \/>\n\t<meta property=\"og:image:height\" content=\"300\" \/>\n\t<meta property=\"og:image:type\" content=\"image\/jpeg\" \/>\n<meta name=\"author\" content=\"Carlo Cauti\" \/>\n<meta name=\"twitter:card\" content=\"summary_large_image\" \/>\n<meta name=\"twitter:creator\" content=\"@sunoresearch\" \/>\n<meta name=\"twitter:site\" content=\"@sunoresearch\" \/>\n<meta name=\"twitter:label1\" content=\"Escrito por\" \/>\n\t<meta name=\"twitter:data1\" content=\"Carlo Cauti\" \/>\n\t<meta name=\"twitter:label2\" content=\"Est. tempo de leitura\" \/>\n\t<meta name=\"twitter:data2\" content=\"3 minutos\" \/>\n<script type=\"application\/ld+json\" class=\"yoast-schema-graph\">{\"@context\":\"https:\/\/schema.org\",\"@graph\":[{\"@type\":\"NewsArticle\",\"@id\":\"https:\/\/www.suno.com.br\/noticias\/israel-enviara-equipamentos-resgates-brumadinho\/#article\",\"isPartOf\":{\"@id\":\"https:\/\/www.suno.com.br\/noticias\/israel-enviara-equipamentos-resgates-brumadinho\/\"},\"author\":{\"name\":\"Carlo Cauti\",\"@id\":\"https:\/\/www.suno.com.br\/noticias\/#\/schema\/person\/e6e0f723cc177805027f4566c1d5e0c8\"},\"headline\":\"Israel enviar\u00e1 equipamentos de resgates em Brumadinho\",\"datePublished\":\"2019-01-26T23:33:27+00:00\",\"dateModified\":\"2021-02-18T02:11:04+00:00\",\"mainEntityOfPage\":{\"@id\":\"https:\/\/www.suno.com.br\/noticias\/israel-enviara-equipamentos-resgates-brumadinho\/\"},\"wordCount\":628,\"publisher\":{\"@id\":\"https:\/\/www.suno.com.br\/noticias\/#organization\"},\"image\":{\"@id\":\"https:\/\/www.suno.com.br\/noticias\/israel-enviara-equipamentos-resgates-brumadinho\/#primaryimage\"},\"thumbnailUrl\":\"https:\/\/files.sunoresearch.com.br\/n\/uploads\/2019\/01\/b633e396-desastre-da-barragem-de-brumadinho-jpg.webp\",\"keywords\":[\"Benjamin Netanyahu\",\"Brumadinho\",\"Israel\",\"Jair Bolsonaro\",\"Vale (VALE3)\"],\"articleSection\":[\"Pol\u00edtica\"],\"inLanguage\":\"pt-BR\"},{\"@type\":\"WebPage\",\"@id\":\"https:\/\/www.suno.com.br\/noticias\/israel-enviara-equipamentos-resgates-brumadinho\/\",\"url\":\"https:\/\/www.suno.com.br\/noticias\/israel-enviara-equipamentos-resgates-brumadinho\/\",\"name\":\"Israel enviar\u00e1 equipamentos de resgates em Brumadinho\",\"isPartOf\":{\"@id\":\"https:\/\/www.suno.com.br\/noticias\/#website\"},\"primaryImageOfPage\":{\"@id\":\"https:\/\/www.suno.com.br\/noticias\/israel-enviara-equipamentos-resgates-brumadinho\/#primaryimage\"},\"image\":{\"@id\":\"https:\/\/www.suno.com.br\/noticias\/israel-enviara-equipamentos-resgates-brumadinho\/#primaryimage\"},\"thumbnailUrl\":\"https:\/\/files.sunoresearch.com.br\/n\/uploads\/2019\/01\/b633e396-desastre-da-barragem-de-brumadinho-jpg.webp\",\"datePublished\":\"2019-01-26T23:33:27+00:00\",\"dateModified\":\"2021-02-18T02:11:04+00:00\",\"description\":\"O governo de Israel enviar\u00e1 equipamentos t\u00e9cnicos para auxiliar nas opera\u00e7\u00f5es de resgate em Brumadinho (MG).\u00a0Clique aqui para saber mais.\",\"breadcrumb\":{\"@id\":\"https:\/\/www.suno.com.br\/noticias\/israel-enviara-equipamentos-resgates-brumadinho\/#breadcrumb\"},\"inLanguage\":\"pt-BR\",\"potentialAction\":[{\"@type\":\"ReadAction\",\"target\":[\"https:\/\/www.suno.com.br\/noticias\/israel-enviara-equipamentos-resgates-brumadinho\/\"]}]},{\"@type\":\"ImageObject\",\"inLanguage\":\"pt-BR\",\"@id\":\"https:\/\/www.suno.com.br\/noticias\/israel-enviara-equipamentos-resgates-brumadinho\/#primaryimage\",\"url\":\"https:\/\/files.sunoresearch.com.br\/n\/uploads\/2019\/01\/b633e396-desastre-da-barragem-de-brumadinho-jpg.webp\",\"contentUrl\":\"https:\/\/files.sunoresearch.com.br\/n\/uploads\/2019\/01\/b633e396-desastre-da-barragem-de-brumadinho-jpg.webp\",\"width\":615,\"height\":300,\"caption\":\"Brumadinho Vale\"},{\"@type\":\"BreadcrumbList\",\"@id\":\"https:\/\/www.suno.com.br\/noticias\/israel-enviara-equipamentos-resgates-brumadinho\/#breadcrumb\",\"itemListElement\":[{\"@type\":\"ListItem\",\"position\":1,\"name\":\"Not\u00edcias\",\"item\":\"https:\/\/www.suno.com.br\/noticias\/\"},{\"@type\":\"ListItem\",\"position\":2,\"name\":\"Pol\u00edtica\",\"item\":\"https:\/\/www.suno.com.br\/noticias\/politica\/\"},{\"@type\":\"ListItem\",\"position\":3,\"name\":\"Israel enviar\u00e1 equipamentos de resgates em Brumadinho\"}]},{\"@type\":\"WebSite\",\"@id\":\"https:\/\/www.suno.com.br\/noticias\/#website\",\"url\":\"https:\/\/www.suno.com.br\/noticias\/\",\"name\":\"Suno Not\u00edcias\",\"description\":\"Seu portal de informa\u00e7\u00e3o sobre o mundo dos investimentos\",\"publisher\":{\"@id\":\"https:\/\/www.suno.com.br\/noticias\/#organization\"},\"potentialAction\":[{\"@type\":\"SearchAction\",\"target\":{\"@type\":\"EntryPoint\",\"urlTemplate\":\"https:\/\/www.suno.com.br\/noticias\/?s={search_term_string}\"},\"query-input\":{\"@type\":\"PropertyValueSpecification\",\"valueRequired\":true,\"valueName\":\"search_term_string\"}}],\"inLanguage\":\"pt-BR\"},{\"@type\":\"Organization\",\"@id\":\"https:\/\/www.suno.com.br\/noticias\/#organization\",\"name\":\"Suno Not\u00edcias\",\"url\":\"https:\/\/www.suno.com.br\/noticias\/\",\"logo\":{\"@type\":\"ImageObject\",\"inLanguage\":\"pt-BR\",\"@id\":\"https:\/\/www.suno.com.br\/noticias\/#\/schema\/logo\/image\/\",\"url\":\"https:\/\/files.sunoresearch.com.br\/n\/uploads\/2021\/09\/suno-logo.png\",\"contentUrl\":\"https:\/\/files.sunoresearch.com.br\/n\/uploads\/2021\/09\/suno-logo.png\",\"width\":180,\"height\":180,\"caption\":\"Suno Not\u00edcias\"},\"image\":{\"@id\":\"https:\/\/www.suno.com.br\/noticias\/#\/schema\/logo\/image\/\"},\"sameAs\":[\"https:\/\/facebook.com\/sunoresearch\",\"https:\/\/x.com\/sunoresearch\",\"https:\/\/www.instagram.com\/suno\",\"https:\/\/www.linkedin.com\/company\/suno-research\/\",\"https:\/\/www.youtube.com\/c\/sunoresearch\"]},{\"@type\":\"Person\",\"@id\":\"https:\/\/www.suno.com.br\/noticias\/#\/schema\/person\/e6e0f723cc177805027f4566c1d5e0c8\",\"name\":\"Carlo Cauti\",\"image\":{\"@type\":\"ImageObject\",\"inLanguage\":\"pt-BR\",\"@id\":\"https:\/\/www.suno.com.br\/noticias\/#\/schema\/person\/image\/\",\"url\":\"https:\/\/secure.gravatar.com\/avatar\/3ada9e0bd164c23abd4792a9606d583c?s=96&r=g\",\"contentUrl\":\"https:\/\/secure.gravatar.com\/avatar\/3ada9e0bd164c23abd4792a9606d583c?s=96&r=g\",\"caption\":\"Carlo Cauti\"},\"description\":\"Editor multim\u00eddia do SUNO Not\u00edcias. Italiano, formado em Ci\u00eancias Pol\u00edticas pela universidade LUISS G. Carli de Roma e mestre cum laude em Rela\u00e7\u00f5es Internacionais, Jornalismo Internacional e de Guerra e em Economia Internacional. Concluiu tamb\u00e9m um MBA em Finan\u00e7as na B3. No Brasil, teve passagem por ve\u00edculos como Estad\u00e3o, Globo, Veja e EXAME. e nas ag\u00eancias de not\u00edcias italianas ANSA e NOVA.\",\"url\":\"https:\/\/www.suno.com.br\/noticias\/author\/carlo-cauti\/\"}]}<\/script>\n<!-- \/ Yoast SEO plugin. -->","yoast_head_json":{"title":"Israel enviar\u00e1 equipamentos de resgates em Brumadinho","description":"O governo de Israel enviar\u00e1 equipamentos t\u00e9cnicos para auxiliar nas opera\u00e7\u00f5es de resgate em Brumadinho (MG).\u00a0Clique aqui para saber mais.","robots":{"index":"index","follow":"follow","max-snippet":"max-snippet:-1","max-image-preview":"max-image-preview:large","max-video-preview":"max-video-preview:-1"},"canonical":"https:\/\/www.suno.com.br\/noticias\/israel-enviara-equipamentos-resgates-brumadinho\/","og_locale":"pt_BR","og_type":"article","og_title":"Israel enviar\u00e1 equipamentos de resgates em Brumadinho","og_description":"O governo de Israel enviar\u00e1 equipamentos t\u00e9cnicos para auxiliar nas opera\u00e7\u00f5es de resgate em Brumadinho (MG).\u00a0Clique aqui para saber mais.","og_url":"https:\/\/www.suno.com.br\/noticias\/israel-enviara-equipamentos-resgates-brumadinho\/","og_site_name":"Suno Not\u00edcias","article_publisher":"https:\/\/facebook.com\/sunoresearch","og_image":[{"width":615,"height":300,"url":"https:\/\/files.sunoresearch.com.br\/n\/uploads\/2019\/01\/b633e396-desastre-da-barragem-de-brumadinho.jpg","type":"image\/jpeg"}],"author":"Carlo Cauti","twitter_card":"summary_large_image","twitter_creator":"@sunoresearch","twitter_site":"@sunoresearch","twitter_misc":{"Escrito por":"Carlo Cauti","Est. tempo de leitura":"3 minutos"},"schema":{"@context":"https:\/\/schema.org","@graph":[{"@type":"NewsArticle","@id":"https:\/\/www.suno.com.br\/noticias\/israel-enviara-equipamentos-resgates-brumadinho\/#article","isPartOf":{"@id":"https:\/\/www.suno.com.br\/noticias\/israel-enviara-equipamentos-resgates-brumadinho\/"},"author":{"name":"Carlo Cauti","@id":"https:\/\/www.suno.com.br\/noticias\/#\/schema\/person\/e6e0f723cc177805027f4566c1d5e0c8"},"headline":"Israel enviar\u00e1 equipamentos de resgates em Brumadinho","datePublished":"2019-01-26T23:33:27+00:00","dateModified":"2021-02-18T02:11:04+00:00","mainEntityOfPage":{"@id":"https:\/\/www.suno.com.br\/noticias\/israel-enviara-equipamentos-resgates-brumadinho\/"},"wordCount":628,"publisher":{"@id":"https:\/\/www.suno.com.br\/noticias\/#organization"},"image":{"@id":"https:\/\/www.suno.com.br\/noticias\/israel-enviara-equipamentos-resgates-brumadinho\/#primaryimage"},"thumbnailUrl":"https:\/\/files.sunoresearch.com.br\/n\/uploads\/2019\/01\/b633e396-desastre-da-barragem-de-brumadinho-jpg.webp","keywords":["Benjamin Netanyahu","Brumadinho","Israel","Jair Bolsonaro","Vale (VALE3)"],"articleSection":["Pol\u00edtica"],"inLanguage":"pt-BR"},{"@type":"WebPage","@id":"https:\/\/www.suno.com.br\/noticias\/israel-enviara-equipamentos-resgates-brumadinho\/","url":"https:\/\/www.suno.com.br\/noticias\/israel-enviara-equipamentos-resgates-brumadinho\/","name":"Israel enviar\u00e1 equipamentos de resgates em Brumadinho","isPartOf":{"@id":"https:\/\/www.suno.com.br\/noticias\/#website"},"primaryImageOfPage":{"@id":"https:\/\/www.suno.com.br\/noticias\/israel-enviara-equipamentos-resgates-brumadinho\/#primaryimage"},"image":{"@id":"https:\/\/www.suno.com.br\/noticias\/israel-enviara-equipamentos-resgates-brumadinho\/#primaryimage"},"thumbnailUrl":"https:\/\/files.sunoresearch.com.br\/n\/uploads\/2019\/01\/b633e396-desastre-da-barragem-de-brumadinho-jpg.webp","datePublished":"2019-01-26T23:33:27+00:00","dateModified":"2021-02-18T02:11:04+00:00","description":"O governo de Israel enviar\u00e1 equipamentos t\u00e9cnicos para auxiliar nas opera\u00e7\u00f5es de resgate em Brumadinho (MG).\u00a0Clique aqui para saber mais.","breadcrumb":{"@id":"https:\/\/www.suno.com.br\/noticias\/israel-enviara-equipamentos-resgates-brumadinho\/#breadcrumb"},"inLanguage":"pt-BR","potentialAction":[{"@type":"ReadAction","target":["https:\/\/www.suno.com.br\/noticias\/israel-enviara-equipamentos-resgates-brumadinho\/"]}]},{"@type":"ImageObject","inLanguage":"pt-BR","@id":"https:\/\/www.suno.com.br\/noticias\/israel-enviara-equipamentos-resgates-brumadinho\/#primaryimage","url":"https:\/\/files.sunoresearch.com.br\/n\/uploads\/2019\/01\/b633e396-desastre-da-barragem-de-brumadinho-jpg.webp","contentUrl":"https:\/\/files.sunoresearch.com.br\/n\/uploads\/2019\/01\/b633e396-desastre-da-barragem-de-brumadinho-jpg.webp","width":615,"height":300,"caption":"Brumadinho Vale"},{"@type":"BreadcrumbList","@id":"https:\/\/www.suno.com.br\/noticias\/israel-enviara-equipamentos-resgates-brumadinho\/#breadcrumb","itemListElement":[{"@type":"ListItem","position":1,"name":"Not\u00edcias","item":"https:\/\/www.suno.com.br\/noticias\/"},{"@type":"ListItem","position":2,"name":"Pol\u00edtica","item":"https:\/\/www.suno.com.br\/noticias\/politica\/"},{"@type":"ListItem","position":3,"name":"Israel enviar\u00e1 equipamentos de resgates em Brumadinho"}]},{"@type":"WebSite","@id":"https:\/\/www.suno.com.br\/noticias\/#website","url":"https:\/\/www.suno.com.br\/noticias\/","name":"Suno Not\u00edcias","description":"Seu portal de informa\u00e7\u00e3o sobre o mundo dos investimentos","publisher":{"@id":"https:\/\/www.suno.com.br\/noticias\/#organization"},"potentialAction":[{"@type":"SearchAction","target":{"@type":"EntryPoint","urlTemplate":"https:\/\/www.suno.com.br\/noticias\/?s={search_term_string}"},"query-input":{"@type":"PropertyValueSpecification","valueRequired":true,"valueName":"search_term_string"}}],"inLanguage":"pt-BR"},{"@type":"Organization","@id":"https:\/\/www.suno.com.br\/noticias\/#organization","name":"Suno Not\u00edcias","url":"https:\/\/www.suno.com.br\/noticias\/","logo":{"@type":"ImageObject","inLanguage":"pt-BR","@id":"https:\/\/www.suno.com.br\/noticias\/#\/schema\/logo\/image\/","url":"https:\/\/files.sunoresearch.com.br\/n\/uploads\/2021\/09\/suno-logo.png","contentUrl":"https:\/\/files.sunoresearch.com.br\/n\/uploads\/2021\/09\/suno-logo.png","width":180,"height":180,"caption":"Suno Not\u00edcias"},"image":{"@id":"https:\/\/www.suno.com.br\/noticias\/#\/schema\/logo\/image\/"},"sameAs":["https:\/\/facebook.com\/sunoresearch","https:\/\/x.com\/sunoresearch","https:\/\/www.instagram.com\/suno","https:\/\/www.linkedin.com\/company\/suno-research\/","https:\/\/www.youtube.com\/c\/sunoresearch"]},{"@type":"Person","@id":"https:\/\/www.suno.com.br\/noticias\/#\/schema\/person\/e6e0f723cc177805027f4566c1d5e0c8","name":"Carlo Cauti","image":{"@type":"ImageObject","inLanguage":"pt-BR","@id":"https:\/\/www.suno.com.br\/noticias\/#\/schema\/person\/image\/","url":"https:\/\/secure.gravatar.com\/avatar\/3ada9e0bd164c23abd4792a9606d583c?s=96&r=g","contentUrl":"https:\/\/secure.gravatar.com\/avatar\/3ada9e0bd164c23abd4792a9606d583c?s=96&r=g","caption":"Carlo Cauti"},"description":"Editor multim\u00eddia do SUNO Not\u00edcias. Italiano, formado em Ci\u00eancias Pol\u00edticas pela universidade LUISS G. Carli de Roma e mestre cum laude em Rela\u00e7\u00f5es Internacionais, Jornalismo Internacional e de Guerra e em Economia Internacional. Concluiu tamb\u00e9m um MBA em Finan\u00e7as na B3. No Brasil, teve passagem por ve\u00edculos como Estad\u00e3o, Globo, Veja e EXAME. e nas ag\u00eancias de not\u00edcias italianas ANSA e NOVA.","url":"https:\/\/www.suno.com.br\/noticias\/author\/carlo-cauti\/"}]}},"default_loop_html":"<div class=\"cardsPage__listCard__boxs\"><div class=\"cardsPage__listCard__boxs__img\"><a href=\"https:\/\/www.suno.com.br\/noticias\/israel-enviara-equipamentos-resgates-brumadinho\/\"><img class=\"mask\" src=\"https:\/\/www.suno.com.br\/noticias\/wp-content\/themes\/suno\/resources\/images\/spotlight\/spotlight1img\/bg-mask.png\" alt=\"Image Mask\"\/><img src=\"https:\/\/files.sunoresearch.com.br\/n\/uploads\/2019\/01\/b633e396-desastre-da-barragem-de-brumadinho-400x200.webp\" alt=\"Israel enviar\u00e1 equipamentos de resgates em Brumadinho\"\/><\/a><span class=\"spotlightCategory\"><a href=\"https:\/\/www.suno.com.br\/noticias\/politica\/\">Pol\u00edtica<\/a><\/span><\/div><div class=\"cardsPage__listCard__boxs__content\"><a href=\"https:\/\/www.suno.com.br\/noticias\/israel-enviara-equipamentos-resgates-brumadinho\/\"><h2 class=\"content__title\">Israel enviar\u00e1 equipamentos de resgates em Brumadinho<\/h2><\/a><div class=\"newsContent__article__meta\"><div class=\"newsContent__article__meta__authorBox\"><a href=\"https:\/\/www.suno.com.br\/noticias\/author\/carlo-cauti\/\" class=\"authorBox__avatar noMobi\"><img src=\"https:\/\/files.sunoresearch.com.br\/n\/uploads\/2020\/08\/e3745f9a-perfil-carlo-cauti-150x150.webp\" alt=\"Carlo Cauti\"><\/a><div class=\"authorBox__name\"><span>por\n\t\t\t<a href=\"https:\/\/www.suno.com.br\/noticias\/author\/carlo-cauti\/\"><span itemprop=\"author\">Carlo Cauti<\/span><\/a><\/span><time datetime=\"2019-01-26T21:33:27-02:00\" itemprop=\"datePublished\">26\/01\/2019 21:33<\/time><\/div><\/div><\/div><\/div><\/div>","single_layout":"posts","amp_enabled":true,"_links":{"self":[{"href":"https:\/\/www.suno.com.br\/noticias\/wp-json\/wp\/v2\/posts\/13046"}],"collection":[{"href":"https:\/\/www.suno.com.br\/noticias\/wp-json\/wp\/v2\/posts"}],"about":[{"href":"https:\/\/www.suno.com.br\/noticias\/wp-json\/wp\/v2\/types\/post"}],"author":[{"embeddable":true,"href":"https:\/\/www.suno.com.br\/noticias\/wp-json\/wp\/v2\/users\/9"}],"replies":[{"embeddable":true,"href":"https:\/\/www.suno.com.br\/noticias\/wp-json\/wp\/v2\/comments?post=13046"}],"version-history":[{"count":0,"href":"https:\/\/www.suno.com.br\/noticias\/wp-json\/wp\/v2\/posts\/13046\/revisions"}],"wp:featuredmedia":[{"embeddable":true,"href":"https:\/\/www.suno.com.br\/noticias\/wp-json\/wp\/v2\/media\/13048"}],"wp:attachment":[{"href":"https:\/\/www.suno.com.br\/noticias\/wp-json\/wp\/v2\/media?parent=13046"}],"wp:term":[{"taxonomy":"category","embeddable":true,"href":"https:\/\/www.suno.com.br\/noticias\/wp-json\/wp\/v2\/categories?post=13046"},{"taxonomy":"post_tag","embeddable":true,"href":"https:\/\/www.suno.com.br\/noticias\/wp-json\/wp\/v2\/tags?post=13046"},{"taxonomy":"suno_strategy","embeddable":true,"href":"https:\/\/www.suno.com.br\/noticias\/wp-json\/wp\/v2\/suno_strategy?post=13046"}],"curies":[{"name":"wp","href":"https:\/\/api.w.org\/{rel}","templated":true}]}}