{"id":13034,"date":"2019-01-26T16:27:35","date_gmt":"2019-01-26T18:27:35","guid":{"rendered":"https:\/\/www.suno.com.br\/noticias\/?p=13034"},"modified":"2019-01-29T12:00:12","modified_gmt":"2019-01-29T14:00:12","slug":"previ-maior-acionista-da-vale-lamenta-desastre-em-brumadinho","status":"publish","type":"post","link":"https:\/\/www.suno.com.br\/noticias\/previ-maior-acionista-da-vale-lamenta-desastre-em-brumadinho\/","title":{"rendered":"Previ, maior acionista da Vale, lamenta desastre em Brumadinho"},"content":{"rendered":"<p>A Caixa de Previd\u00eancia dos Funcion\u00e1rios do Banco do Brasil (Previ) lamentou o desastre ocorrido em Brumadinho. A Previ \u00e9 a maior acionista da <a href=\"https:\/\/www.youtube.com\/watch?v=FCfhfOQaKS0\">Vale<\/a>.<\/p>\t<div class=\"wrapper-featured-image\">\n\t\t<figure class=\"spotlightImg\">\n\n\t\t\t<picture>\n\t\t\t\t<source media=\"(max-width: 768px)\" srcset=\"https:\/\/files.sunoresearch.com.br\/n\/uploads\/2019\/01\/86ab43a5-brumadinho-vale-2-400x200.webp\">\n\t\t\t\t<img loading=\"lazy\" decoding=\"async\" class=\"newsContent__article__imgCapa lazyloadDisabled newsContent__article__imgCapa--noCaption\" src=\"https:\/\/files.sunoresearch.com.br\/n\/uploads\/2019\/01\/86ab43a5-brumadinho-vale-2-800x450.webp\" width=\"800\" height=\"450\" alt=\"Previ, maior acionista da Vale, lamenta desastre em Brumadinho\" fetchpriority=high \/>\n\t\t\t<\/picture>\n\n\t\t\t<figcaption class=\"wp-caption-text wp-caption-text--hide\">1 ano ap\u00f3s Brumadinho, vale a pena investir na mineradora?<\/figcaption>\n\t\t<\/figure>\n\t<\/div>\n\n\n<p>Em nota emitida neste s\u00e1bado (26), a Previ lamentou\u00a0o rompimento da barragem em <strong>Brumadinho.<\/strong> A Caixa de Previd\u00eancia afirmou estar atenta para que a <strong>Vale<\/strong> preste todo o suporte necess\u00e1rio aos atingidos pelo desastre.<\/p>\n<p><a href=\"https:\/\/www.suno.com.br\/noticias\/sp-vale-em-observacao-poderia-rebaixada\/\">Saiba mais:\u00a0S&amp;P: Vale em observa\u00e7\u00e3o e poderia ser rebaixada\u00a0<\/a><\/p>\n<p>\u201cA <strong>Previ,<\/strong> assim como toda a sociedade brasileira, est\u00e1 profundamente sensibilizada com o acidente de Brumadinho e solid\u00e1ria com as v\u00edtimas e familiares\u201d, informou a nota do fundo de pens\u00e3o, \u201cComo acionistas da <strong>Vale,<\/strong> estamos nos certificando de que a companhia est\u00e1 dando todo o suporte poss\u00edvel para os atingidos, bem como adotar\u00e1 provid\u00eancias para apurar os motivos do acidente&#8221;.<\/p>\n<p>A Vale j\u00e1 est\u00e1 sofrendo as consequ\u00eancias econ\u00f4micas do desastre ocorrido com sua barragem.\u00a0A Justi\u00e7a de <strong>Minas Gerais<\/strong> determinou na sexta-feira (25) o bloqueio de R$ 1 bilh\u00e3o nas contas da <strong>Vale.<\/strong> Al\u00e9m disso, a mineradora j\u00e1 foi multada em R$ 250 milh\u00f5es pelo <strong>Ibama.<\/strong><\/p>\n<p><a href=\"https:\/\/www.suno.com.br\/noticias\/acoes-vale-despencam-rompimento-barragem\/\">Saiba mais:\u00a0A\u00e7\u00f5es da Vale em NY despencam ap\u00f3s rompimento de barragem em MG\u00a0<\/a><\/p>\n<p>Sob o perfil da Bolsa de Valores, <a href=\"https:\/\/www.suno.com.br\/artigos\/adr\/\">os recibos de a\u00e7\u00f5es <strong>(ADRs)<\/strong><\/a>\u00a0da <b>mineradora\u00a0<\/b>despencaram em Nova York na \u00faltima sexta. Os <a href=\"https:\/\/www.suno.com.br\/artigos\/tag\/vale3\/\">pap\u00e9is da Vale<\/a> cotados em <strong>Nova York<\/strong> fecharam em baixa de 8%, a US$ 13,66. Na m\u00ednima da sess\u00e3o, os ADRs chegaram a perder 12%. A mineradora n\u00e3o foi cotada em <strong>S\u00e3o Paulo<\/strong> pois a Bolsa brasileira ficou fechada por causa do feriado municipal.<\/p>\n<h2>O desastre de Brumadinho<\/h2>\n<p>A Barragem 1 de rejeitos da mina de C\u00f3rrego do Feij\u00e3o estourou na \u00faltima sexta-feira (25). A mina, localizada na \u00e1rea metropolitana de <strong>Belo Horizonte,<\/strong> \u00e9 de propriedade da <strong>Vale.<\/strong> O acidente gerou uma avalanche de lama, que destruiu parte do centro administrativo da empresa em <strong>Brumadinho,<\/strong> e arrastou casas e at\u00e9 uma ponte. As autoridades locais informaram que pelo menos 11 pessoas morreram e outras 256 est\u00e3o desaparecidas.<\/p>\n<p>O Instituto Inhotim, um dos maiores centros de arte ao ar livre da Am\u00e9rica Latina, foi esvaziado por medida de seguran\u00e7a. Por causa do rompimento da barragem de <strong>Brumadinho,<\/strong> o instituto n\u00e3o abriu s\u00e1bado (26) e n\u00e3o abrir\u00e1 nem domingo (27).<\/p>\n<p><a href=\"https:\/\/www.suno.com.br\/noticias\/previ-vale-beneficios-brumadinho\/\">Saiba mais:\u00a0Previ diz que queda da Vale n\u00e3o compromete pagamento de benef\u00edcios<\/a><\/p>\n<p>A <strong>barragem<\/strong> rompida faz parte do complexo de Paraopeba. A mina \u00e9 respons\u00e1vel por 7,3 milh\u00f5es de toneladas de <strong>min\u00e9rio<\/strong>\u00a0<strong>de ferro<\/strong> do terceiro trimestre de 2018. O volume corresponde a 6,2% da produ\u00e7\u00e3o total de min\u00e9rio de ferro da <strong>Vale.<\/strong><\/p>\n<p>Esse \u00e9 o segundo desastre com barragem em que a Vale se envolve em\u00a0tr\u00eas anos. Em 2015 ocorreu a trag\u00e9dia de <strong>Mariana,<\/strong> com o rompimento da barragem da <strong>Samarco.<\/strong> Naquele desastre morreram 19 pessoas e a lama destruiu centenas de casas e constru\u00e7\u00f5es.\u00a0A Samarco \u00e9 controlada pela <strong>Vale<\/strong> e pela mineradora anglo-australiana <strong>BHP Billiton,<\/strong> cada uma com 50% das a\u00e7\u00f5es. As duas empresas se tornaram alvo de a\u00e7\u00f5es na Justi\u00e7a por conta do desastre. As pessoas afetadas ainda esperam por repara\u00e7\u00e3o.<\/p>\n","protected":false},"excerpt":{"rendered":"<p>A Caixa de Previd\u00eancia dos Funcion\u00e1rios do Banco do Brasil (Previ) lamentou o desastre ocorrido em Brumadinho. A Previ \u00e9 a maior acionista da Vale. 1 ano ap\u00f3s Brumadinho, vale a pena investir na mineradora? Em nota emitida neste s\u00e1bado (26), a Previ lamentou\u00a0o rompimento da barragem em Brumadinho. A Caixa de Previd\u00eancia afirmou estar [&hellip;]<\/p>\n","protected":false},"author":9,"featured_media":13037,"comment_status":"closed","ping_status":"closed","sticky":false,"template":"","format":"standard","meta":[],"categories":[60],"tags":[1032,1035,676],"suno_strategy":[],"class_list":["post-13034","post","type-post","status-publish","format-standard","has-post-thumbnail","hentry","category-mercado","tag-brumadinho","tag-samarco","tag-vale-vale3"],"yoast_head":"<!-- This site is optimized with the Yoast SEO plugin v24.4 - https:\/\/yoast.com\/wordpress\/plugins\/seo\/ -->\n<title>Previ, maior acionista da Vale, lamenta desastre em Brumadinho<\/title>\n<meta name=\"description\" content=\"A previ, maior acionista da mineradora Vale, lamentou em nota o desastre ocorrido em Brumadinho. Clique aqui para saber mais.\" \/>\n<meta name=\"robots\" content=\"index, follow, max-snippet:-1, max-image-preview:large, max-video-preview:-1\" \/>\n<link rel=\"canonical\" href=\"https:\/\/www.suno.com.br\/noticias\/previ-maior-acionista-da-vale-lamenta-desastre-em-brumadinho\/\" \/>\n<meta property=\"og:locale\" content=\"pt_BR\" \/>\n<meta property=\"og:type\" content=\"article\" \/>\n<meta property=\"og:title\" content=\"Previ, maior acionista da Vale, lamenta desastre em Brumadinho\" \/>\n<meta property=\"og:description\" content=\"A previ, maior acionista da mineradora Vale, lamentou em nota o desastre ocorrido em Brumadinho. Clique aqui para saber mais.\" \/>\n<meta property=\"og:url\" content=\"https:\/\/www.suno.com.br\/noticias\/previ-maior-acionista-da-vale-lamenta-desastre-em-brumadinho\/\" \/>\n<meta property=\"og:site_name\" content=\"Suno Not\u00edcias\" \/>\n<meta property=\"article:publisher\" content=\"https:\/\/facebook.com\/sunoresearch\" \/>\n<meta property=\"og:image\" content=\"https:\/\/files.sunoresearch.com.br\/n\/uploads\/2019\/01\/86ab43a5-brumadinho-vale-2.jpg\" \/>\n\t<meta property=\"og:image:width\" content=\"1140\" \/>\n\t<meta property=\"og:image:height\" content=\"760\" \/>\n\t<meta property=\"og:image:type\" content=\"image\/jpeg\" \/>\n<meta name=\"author\" content=\"Carlo Cauti\" \/>\n<meta name=\"twitter:card\" content=\"summary_large_image\" \/>\n<meta name=\"twitter:creator\" content=\"@sunoresearch\" \/>\n<meta name=\"twitter:site\" content=\"@sunoresearch\" \/>\n<meta name=\"twitter:label1\" content=\"Escrito por\" \/>\n\t<meta name=\"twitter:data1\" content=\"Carlo Cauti\" \/>\n\t<meta name=\"twitter:label2\" content=\"Est. tempo de leitura\" \/>\n\t<meta name=\"twitter:data2\" content=\"3 minutos\" \/>\n<script type=\"application\/ld+json\" class=\"yoast-schema-graph\">{\"@context\":\"https:\/\/schema.org\",\"@graph\":[{\"@type\":\"NewsArticle\",\"@id\":\"https:\/\/www.suno.com.br\/noticias\/previ-maior-acionista-da-vale-lamenta-desastre-em-brumadinho\/#article\",\"isPartOf\":{\"@id\":\"https:\/\/www.suno.com.br\/noticias\/previ-maior-acionista-da-vale-lamenta-desastre-em-brumadinho\/\"},\"author\":{\"name\":\"Carlo Cauti\",\"@id\":\"https:\/\/www.suno.com.br\/noticias\/#\/schema\/person\/e6e0f723cc177805027f4566c1d5e0c8\"},\"headline\":\"Previ, maior acionista da Vale, lamenta desastre em Brumadinho\",\"datePublished\":\"2019-01-26T18:27:35+00:00\",\"dateModified\":\"2019-01-29T14:00:12+00:00\",\"mainEntityOfPage\":{\"@id\":\"https:\/\/www.suno.com.br\/noticias\/previ-maior-acionista-da-vale-lamenta-desastre-em-brumadinho\/\"},\"wordCount\":541,\"publisher\":{\"@id\":\"https:\/\/www.suno.com.br\/noticias\/#organization\"},\"image\":{\"@id\":\"https:\/\/www.suno.com.br\/noticias\/previ-maior-acionista-da-vale-lamenta-desastre-em-brumadinho\/#primaryimage\"},\"thumbnailUrl\":\"https:\/\/files.sunoresearch.com.br\/n\/uploads\/2019\/01\/86ab43a5-brumadinho-vale-2-jpg.webp\",\"keywords\":[\"Brumadinho\",\"Samarco\",\"Vale (VALE3)\"],\"articleSection\":[\"Mercado\"],\"inLanguage\":\"pt-BR\"},{\"@type\":\"WebPage\",\"@id\":\"https:\/\/www.suno.com.br\/noticias\/previ-maior-acionista-da-vale-lamenta-desastre-em-brumadinho\/\",\"url\":\"https:\/\/www.suno.com.br\/noticias\/previ-maior-acionista-da-vale-lamenta-desastre-em-brumadinho\/\",\"name\":\"Previ, maior acionista da Vale, lamenta desastre em Brumadinho\",\"isPartOf\":{\"@id\":\"https:\/\/www.suno.com.br\/noticias\/#website\"},\"primaryImageOfPage\":{\"@id\":\"https:\/\/www.suno.com.br\/noticias\/previ-maior-acionista-da-vale-lamenta-desastre-em-brumadinho\/#primaryimage\"},\"image\":{\"@id\":\"https:\/\/www.suno.com.br\/noticias\/previ-maior-acionista-da-vale-lamenta-desastre-em-brumadinho\/#primaryimage\"},\"thumbnailUrl\":\"https:\/\/files.sunoresearch.com.br\/n\/uploads\/2019\/01\/86ab43a5-brumadinho-vale-2-jpg.webp\",\"datePublished\":\"2019-01-26T18:27:35+00:00\",\"dateModified\":\"2019-01-29T14:00:12+00:00\",\"description\":\"A previ, maior acionista da mineradora Vale, lamentou em nota o desastre ocorrido em Brumadinho. Clique aqui para saber mais.\",\"breadcrumb\":{\"@id\":\"https:\/\/www.suno.com.br\/noticias\/previ-maior-acionista-da-vale-lamenta-desastre-em-brumadinho\/#breadcrumb\"},\"inLanguage\":\"pt-BR\",\"potentialAction\":[{\"@type\":\"ReadAction\",\"target\":[\"https:\/\/www.suno.com.br\/noticias\/previ-maior-acionista-da-vale-lamenta-desastre-em-brumadinho\/\"]}]},{\"@type\":\"ImageObject\",\"inLanguage\":\"pt-BR\",\"@id\":\"https:\/\/www.suno.com.br\/noticias\/previ-maior-acionista-da-vale-lamenta-desastre-em-brumadinho\/#primaryimage\",\"url\":\"https:\/\/files.sunoresearch.com.br\/n\/uploads\/2019\/01\/86ab43a5-brumadinho-vale-2-jpg.webp\",\"contentUrl\":\"https:\/\/files.sunoresearch.com.br\/n\/uploads\/2019\/01\/86ab43a5-brumadinho-vale-2-jpg.webp\",\"width\":1140,\"height\":760,\"caption\":\"1 ano ap\u00f3s Brumadinho, vale a pena investir na mineradora?\"},{\"@type\":\"BreadcrumbList\",\"@id\":\"https:\/\/www.suno.com.br\/noticias\/previ-maior-acionista-da-vale-lamenta-desastre-em-brumadinho\/#breadcrumb\",\"itemListElement\":[{\"@type\":\"ListItem\",\"position\":1,\"name\":\"Not\u00edcias\",\"item\":\"https:\/\/www.suno.com.br\/noticias\/\"},{\"@type\":\"ListItem\",\"position\":2,\"name\":\"Mercado\",\"item\":\"https:\/\/www.suno.com.br\/noticias\/mercado\/\"},{\"@type\":\"ListItem\",\"position\":3,\"name\":\"Previ, maior acionista da Vale, lamenta desastre em Brumadinho\"}]},{\"@type\":\"WebSite\",\"@id\":\"https:\/\/www.suno.com.br\/noticias\/#website\",\"url\":\"https:\/\/www.suno.com.br\/noticias\/\",\"name\":\"Suno Not\u00edcias\",\"description\":\"Seu portal de informa\u00e7\u00e3o sobre o mundo dos investimentos\",\"publisher\":{\"@id\":\"https:\/\/www.suno.com.br\/noticias\/#organization\"},\"potentialAction\":[{\"@type\":\"SearchAction\",\"target\":{\"@type\":\"EntryPoint\",\"urlTemplate\":\"https:\/\/www.suno.com.br\/noticias\/?s={search_term_string}\"},\"query-input\":{\"@type\":\"PropertyValueSpecification\",\"valueRequired\":true,\"valueName\":\"search_term_string\"}}],\"inLanguage\":\"pt-BR\"},{\"@type\":\"Organization\",\"@id\":\"https:\/\/www.suno.com.br\/noticias\/#organization\",\"name\":\"Suno Not\u00edcias\",\"url\":\"https:\/\/www.suno.com.br\/noticias\/\",\"logo\":{\"@type\":\"ImageObject\",\"inLanguage\":\"pt-BR\",\"@id\":\"https:\/\/www.suno.com.br\/noticias\/#\/schema\/logo\/image\/\",\"url\":\"https:\/\/files.sunoresearch.com.br\/n\/uploads\/2021\/09\/suno-logo.png\",\"contentUrl\":\"https:\/\/files.sunoresearch.com.br\/n\/uploads\/2021\/09\/suno-logo.png\",\"width\":180,\"height\":180,\"caption\":\"Suno Not\u00edcias\"},\"image\":{\"@id\":\"https:\/\/www.suno.com.br\/noticias\/#\/schema\/logo\/image\/\"},\"sameAs\":[\"https:\/\/facebook.com\/sunoresearch\",\"https:\/\/x.com\/sunoresearch\",\"https:\/\/www.instagram.com\/suno\",\"https:\/\/www.linkedin.com\/company\/suno-research\/\",\"https:\/\/www.youtube.com\/c\/sunoresearch\"]},{\"@type\":\"Person\",\"@id\":\"https:\/\/www.suno.com.br\/noticias\/#\/schema\/person\/e6e0f723cc177805027f4566c1d5e0c8\",\"name\":\"Carlo Cauti\",\"image\":{\"@type\":\"ImageObject\",\"inLanguage\":\"pt-BR\",\"@id\":\"https:\/\/www.suno.com.br\/noticias\/#\/schema\/person\/image\/\",\"url\":\"https:\/\/secure.gravatar.com\/avatar\/3ada9e0bd164c23abd4792a9606d583c?s=96&r=g\",\"contentUrl\":\"https:\/\/secure.gravatar.com\/avatar\/3ada9e0bd164c23abd4792a9606d583c?s=96&r=g\",\"caption\":\"Carlo Cauti\"},\"description\":\"Editor multim\u00eddia do SUNO Not\u00edcias. Italiano, formado em Ci\u00eancias Pol\u00edticas pela universidade LUISS G. Carli de Roma e mestre cum laude em Rela\u00e7\u00f5es Internacionais, Jornalismo Internacional e de Guerra e em Economia Internacional. Concluiu tamb\u00e9m um MBA em Finan\u00e7as na B3. No Brasil, teve passagem por ve\u00edculos como Estad\u00e3o, Globo, Veja e EXAME. e nas ag\u00eancias de not\u00edcias italianas ANSA e NOVA.\",\"url\":\"https:\/\/www.suno.com.br\/noticias\/author\/carlo-cauti\/\"}]}<\/script>\n<!-- \/ Yoast SEO plugin. -->","yoast_head_json":{"title":"Previ, maior acionista da Vale, lamenta desastre em Brumadinho","description":"A previ, maior acionista da mineradora Vale, lamentou em nota o desastre ocorrido em Brumadinho. Clique aqui para saber mais.","robots":{"index":"index","follow":"follow","max-snippet":"max-snippet:-1","max-image-preview":"max-image-preview:large","max-video-preview":"max-video-preview:-1"},"canonical":"https:\/\/www.suno.com.br\/noticias\/previ-maior-acionista-da-vale-lamenta-desastre-em-brumadinho\/","og_locale":"pt_BR","og_type":"article","og_title":"Previ, maior acionista da Vale, lamenta desastre em Brumadinho","og_description":"A previ, maior acionista da mineradora Vale, lamentou em nota o desastre ocorrido em Brumadinho. Clique aqui para saber mais.","og_url":"https:\/\/www.suno.com.br\/noticias\/previ-maior-acionista-da-vale-lamenta-desastre-em-brumadinho\/","og_site_name":"Suno Not\u00edcias","article_publisher":"https:\/\/facebook.com\/sunoresearch","og_image":[{"width":1140,"height":760,"url":"https:\/\/files.sunoresearch.com.br\/n\/uploads\/2019\/01\/86ab43a5-brumadinho-vale-2.jpg","type":"image\/jpeg"}],"author":"Carlo Cauti","twitter_card":"summary_large_image","twitter_creator":"@sunoresearch","twitter_site":"@sunoresearch","twitter_misc":{"Escrito por":"Carlo Cauti","Est. tempo de leitura":"3 minutos"},"schema":{"@context":"https:\/\/schema.org","@graph":[{"@type":"NewsArticle","@id":"https:\/\/www.suno.com.br\/noticias\/previ-maior-acionista-da-vale-lamenta-desastre-em-brumadinho\/#article","isPartOf":{"@id":"https:\/\/www.suno.com.br\/noticias\/previ-maior-acionista-da-vale-lamenta-desastre-em-brumadinho\/"},"author":{"name":"Carlo Cauti","@id":"https:\/\/www.suno.com.br\/noticias\/#\/schema\/person\/e6e0f723cc177805027f4566c1d5e0c8"},"headline":"Previ, maior acionista da Vale, lamenta desastre em Brumadinho","datePublished":"2019-01-26T18:27:35+00:00","dateModified":"2019-01-29T14:00:12+00:00","mainEntityOfPage":{"@id":"https:\/\/www.suno.com.br\/noticias\/previ-maior-acionista-da-vale-lamenta-desastre-em-brumadinho\/"},"wordCount":541,"publisher":{"@id":"https:\/\/www.suno.com.br\/noticias\/#organization"},"image":{"@id":"https:\/\/www.suno.com.br\/noticias\/previ-maior-acionista-da-vale-lamenta-desastre-em-brumadinho\/#primaryimage"},"thumbnailUrl":"https:\/\/files.sunoresearch.com.br\/n\/uploads\/2019\/01\/86ab43a5-brumadinho-vale-2-jpg.webp","keywords":["Brumadinho","Samarco","Vale (VALE3)"],"articleSection":["Mercado"],"inLanguage":"pt-BR"},{"@type":"WebPage","@id":"https:\/\/www.suno.com.br\/noticias\/previ-maior-acionista-da-vale-lamenta-desastre-em-brumadinho\/","url":"https:\/\/www.suno.com.br\/noticias\/previ-maior-acionista-da-vale-lamenta-desastre-em-brumadinho\/","name":"Previ, maior acionista da Vale, lamenta desastre em Brumadinho","isPartOf":{"@id":"https:\/\/www.suno.com.br\/noticias\/#website"},"primaryImageOfPage":{"@id":"https:\/\/www.suno.com.br\/noticias\/previ-maior-acionista-da-vale-lamenta-desastre-em-brumadinho\/#primaryimage"},"image":{"@id":"https:\/\/www.suno.com.br\/noticias\/previ-maior-acionista-da-vale-lamenta-desastre-em-brumadinho\/#primaryimage"},"thumbnailUrl":"https:\/\/files.sunoresearch.com.br\/n\/uploads\/2019\/01\/86ab43a5-brumadinho-vale-2-jpg.webp","datePublished":"2019-01-26T18:27:35+00:00","dateModified":"2019-01-29T14:00:12+00:00","description":"A previ, maior acionista da mineradora Vale, lamentou em nota o desastre ocorrido em Brumadinho. Clique aqui para saber mais.","breadcrumb":{"@id":"https:\/\/www.suno.com.br\/noticias\/previ-maior-acionista-da-vale-lamenta-desastre-em-brumadinho\/#breadcrumb"},"inLanguage":"pt-BR","potentialAction":[{"@type":"ReadAction","target":["https:\/\/www.suno.com.br\/noticias\/previ-maior-acionista-da-vale-lamenta-desastre-em-brumadinho\/"]}]},{"@type":"ImageObject","inLanguage":"pt-BR","@id":"https:\/\/www.suno.com.br\/noticias\/previ-maior-acionista-da-vale-lamenta-desastre-em-brumadinho\/#primaryimage","url":"https:\/\/files.sunoresearch.com.br\/n\/uploads\/2019\/01\/86ab43a5-brumadinho-vale-2-jpg.webp","contentUrl":"https:\/\/files.sunoresearch.com.br\/n\/uploads\/2019\/01\/86ab43a5-brumadinho-vale-2-jpg.webp","width":1140,"height":760,"caption":"1 ano ap\u00f3s Brumadinho, vale a pena investir na mineradora?"},{"@type":"BreadcrumbList","@id":"https:\/\/www.suno.com.br\/noticias\/previ-maior-acionista-da-vale-lamenta-desastre-em-brumadinho\/#breadcrumb","itemListElement":[{"@type":"ListItem","position":1,"name":"Not\u00edcias","item":"https:\/\/www.suno.com.br\/noticias\/"},{"@type":"ListItem","position":2,"name":"Mercado","item":"https:\/\/www.suno.com.br\/noticias\/mercado\/"},{"@type":"ListItem","position":3,"name":"Previ, maior acionista da Vale, lamenta desastre em Brumadinho"}]},{"@type":"WebSite","@id":"https:\/\/www.suno.com.br\/noticias\/#website","url":"https:\/\/www.suno.com.br\/noticias\/","name":"Suno Not\u00edcias","description":"Seu portal de informa\u00e7\u00e3o sobre o mundo dos investimentos","publisher":{"@id":"https:\/\/www.suno.com.br\/noticias\/#organization"},"potentialAction":[{"@type":"SearchAction","target":{"@type":"EntryPoint","urlTemplate":"https:\/\/www.suno.com.br\/noticias\/?s={search_term_string}"},"query-input":{"@type":"PropertyValueSpecification","valueRequired":true,"valueName":"search_term_string"}}],"inLanguage":"pt-BR"},{"@type":"Organization","@id":"https:\/\/www.suno.com.br\/noticias\/#organization","name":"Suno Not\u00edcias","url":"https:\/\/www.suno.com.br\/noticias\/","logo":{"@type":"ImageObject","inLanguage":"pt-BR","@id":"https:\/\/www.suno.com.br\/noticias\/#\/schema\/logo\/image\/","url":"https:\/\/files.sunoresearch.com.br\/n\/uploads\/2021\/09\/suno-logo.png","contentUrl":"https:\/\/files.sunoresearch.com.br\/n\/uploads\/2021\/09\/suno-logo.png","width":180,"height":180,"caption":"Suno Not\u00edcias"},"image":{"@id":"https:\/\/www.suno.com.br\/noticias\/#\/schema\/logo\/image\/"},"sameAs":["https:\/\/facebook.com\/sunoresearch","https:\/\/x.com\/sunoresearch","https:\/\/www.instagram.com\/suno","https:\/\/www.linkedin.com\/company\/suno-research\/","https:\/\/www.youtube.com\/c\/sunoresearch"]},{"@type":"Person","@id":"https:\/\/www.suno.com.br\/noticias\/#\/schema\/person\/e6e0f723cc177805027f4566c1d5e0c8","name":"Carlo Cauti","image":{"@type":"ImageObject","inLanguage":"pt-BR","@id":"https:\/\/www.suno.com.br\/noticias\/#\/schema\/person\/image\/","url":"https:\/\/secure.gravatar.com\/avatar\/3ada9e0bd164c23abd4792a9606d583c?s=96&r=g","contentUrl":"https:\/\/secure.gravatar.com\/avatar\/3ada9e0bd164c23abd4792a9606d583c?s=96&r=g","caption":"Carlo Cauti"},"description":"Editor multim\u00eddia do SUNO Not\u00edcias. Italiano, formado em Ci\u00eancias Pol\u00edticas pela universidade LUISS G. Carli de Roma e mestre cum laude em Rela\u00e7\u00f5es Internacionais, Jornalismo Internacional e de Guerra e em Economia Internacional. Concluiu tamb\u00e9m um MBA em Finan\u00e7as na B3. No Brasil, teve passagem por ve\u00edculos como Estad\u00e3o, Globo, Veja e EXAME. e nas ag\u00eancias de not\u00edcias italianas ANSA e NOVA.","url":"https:\/\/www.suno.com.br\/noticias\/author\/carlo-cauti\/"}]}},"default_loop_html":"<div class=\"cardsPage__listCard__boxs\"><div class=\"cardsPage__listCard__boxs__img\"><a href=\"https:\/\/www.suno.com.br\/noticias\/previ-maior-acionista-da-vale-lamenta-desastre-em-brumadinho\/\"><img class=\"mask\" src=\"https:\/\/www.suno.com.br\/noticias\/wp-content\/themes\/suno\/resources\/images\/spotlight\/spotlight1img\/bg-mask.png\" alt=\"Image Mask\"\/><img src=\"https:\/\/files.sunoresearch.com.br\/n\/uploads\/2019\/01\/86ab43a5-brumadinho-vale-2-400x200.webp\" alt=\"Previ, maior acionista da Vale, lamenta desastre em Brumadinho\"\/><\/a><span class=\"spotlightCategory\"><a href=\"https:\/\/www.suno.com.br\/noticias\/mercado\/\">Mercado<\/a><\/span><\/div><div class=\"cardsPage__listCard__boxs__content\"><a href=\"https:\/\/www.suno.com.br\/noticias\/previ-maior-acionista-da-vale-lamenta-desastre-em-brumadinho\/\"><h2 class=\"content__title\">Previ, maior acionista da Vale, lamenta desastre em Brumadinho<\/h2><\/a><div class=\"newsContent__article__meta\"><div class=\"newsContent__article__meta__authorBox\"><a href=\"https:\/\/www.suno.com.br\/noticias\/author\/carlo-cauti\/\" class=\"authorBox__avatar noMobi\"><img src=\"https:\/\/files.sunoresearch.com.br\/n\/uploads\/2020\/08\/e3745f9a-perfil-carlo-cauti-150x150.webp\" alt=\"Carlo Cauti\"><\/a><div class=\"authorBox__name\"><span>por\n\t\t\t<a href=\"https:\/\/www.suno.com.br\/noticias\/author\/carlo-cauti\/\"><span itemprop=\"author\">Carlo Cauti<\/span><\/a><\/span><time datetime=\"2019-01-26T16:27:35-02:00\" itemprop=\"datePublished\">26\/01\/2019 16:27<\/time><\/div><\/div><\/div><\/div><\/div>","single_layout":"posts","amp_enabled":true,"_links":{"self":[{"href":"https:\/\/www.suno.com.br\/noticias\/wp-json\/wp\/v2\/posts\/13034"}],"collection":[{"href":"https:\/\/www.suno.com.br\/noticias\/wp-json\/wp\/v2\/posts"}],"about":[{"href":"https:\/\/www.suno.com.br\/noticias\/wp-json\/wp\/v2\/types\/post"}],"author":[{"embeddable":true,"href":"https:\/\/www.suno.com.br\/noticias\/wp-json\/wp\/v2\/users\/9"}],"replies":[{"embeddable":true,"href":"https:\/\/www.suno.com.br\/noticias\/wp-json\/wp\/v2\/comments?post=13034"}],"version-history":[{"count":0,"href":"https:\/\/www.suno.com.br\/noticias\/wp-json\/wp\/v2\/posts\/13034\/revisions"}],"wp:featuredmedia":[{"embeddable":true,"href":"https:\/\/www.suno.com.br\/noticias\/wp-json\/wp\/v2\/media\/13037"}],"wp:attachment":[{"href":"https:\/\/www.suno.com.br\/noticias\/wp-json\/wp\/v2\/media?parent=13034"}],"wp:term":[{"taxonomy":"category","embeddable":true,"href":"https:\/\/www.suno.com.br\/noticias\/wp-json\/wp\/v2\/categories?post=13034"},{"taxonomy":"post_tag","embeddable":true,"href":"https:\/\/www.suno.com.br\/noticias\/wp-json\/wp\/v2\/tags?post=13034"},{"taxonomy":"suno_strategy","embeddable":true,"href":"https:\/\/www.suno.com.br\/noticias\/wp-json\/wp\/v2\/suno_strategy?post=13034"}],"curies":[{"name":"wp","href":"https:\/\/api.w.org\/{rel}","templated":true}]}}