{"id":13026,"date":"2019-01-26T14:22:12","date_gmt":"2019-01-26T16:22:12","guid":{"rendered":"https:\/\/www.suno.com.br\/noticias\/?p=13026"},"modified":"2019-01-26T14:24:47","modified_gmt":"2019-01-26T16:24:47","slug":"mapeamento-estatais-privatizacao-iniciado-governo","status":"publish","type":"post","link":"https:\/\/www.suno.com.br\/noticias\/mapeamento-estatais-privatizacao-iniciado-governo\/","title":{"rendered":"Mapeamento de estatais para privatiza\u00e7\u00e3o \u00e9 iniciado pelo governo"},"content":{"rendered":"<p>O governo teria come\u00e7ado um mapeamento das empresas estatais para iniciar o<a href=\"https:\/\/www.suno.com.br\/artigos\/trilogia-eleicao-privatizacoes\/\"> processo de privatiza\u00e7\u00e3o<\/a>.<\/p>\t<div class=\"wrapper-featured-image\">\n\t\t<figure class=\"spotlightImg\">\n\n\t\t\t<picture>\n\t\t\t\t<source media=\"(max-width: 768px)\" srcset=\"https:\/\/files.sunoresearch.com.br\/n\/uploads\/2019\/01\/97d7c825-reforma-da-previd\u00eancia-400x200.webp\">\n\t\t\t\t<img loading=\"lazy\" decoding=\"async\" class=\"newsContent__article__imgCapa lazyloadDisabled newsContent__article__imgCapa--noCaption\" src=\"https:\/\/files.sunoresearch.com.br\/n\/uploads\/2019\/01\/97d7c825-reforma-da-previd\u00eancia-jpg.webp\" width=\"800\" height=\"450\" alt=\"Mapeamento de estatais para privatiza\u00e7\u00e3o \u00e9 iniciado pelo governo\" fetchpriority=high \/>\n\t\t\t<\/picture>\n\n\t\t\t<figcaption class=\"wp-caption-text wp-caption-text--hide\">Paulo Guedes pode reduzir impostos de importa\u00e7\u00e3o para 20%<\/figcaption>\n\t\t<\/figure>\n\t<\/div>\n\n\n<p>O <strong>Executivo<\/strong> do presidente <strong>Jair Bolsonaro<\/strong> est\u00e1 tentando completar o mapa das empresas estatais para levar adiante o programa de <strong>privatiza\u00e7\u00e3o.<\/strong> A venda dessas empresas deveria gerar uma receita de cerca de US$ 20 bilh\u00f5es (cerca de R$ 75,3 bilh\u00f5es). AS previs\u00f5es s\u00e3o do ministro <strong>Paulo Guedes.<\/strong><\/p>\n<p><a href=\"https:\/\/www.suno.com.br\/noticias\/governo-levantar-us20-privatizacoes-guedes\/\">Saiba mais:\u00a0Governo espera levantar US$ 20 bi em privatiza\u00e7\u00f5es em 2019, diz Guedes\u00a0<\/a><\/p>\n<p>O <strong>Minist\u00e9rio da Economia<\/strong> decidiu acelerar esse plano de privatiza\u00e7\u00e3o. A pasta pediu \u00e0s ag\u00eancias reguladoras informa\u00e7\u00f5es sobre proje\u00e7\u00f5es de receitas de <strong>concess\u00f5es<\/strong> para este ano nas \u00e1reas de petr\u00f3leo, minera\u00e7\u00e3o e energia. Por sua vez, o <strong>Programa de Parceria de Investimentos<\/strong> <strong>(PPI)<\/strong> enviar\u00e1 aos minist\u00e9rios que controlam estatais os planos de <strong>privatiza\u00e7\u00e3o,<\/strong>\u00a0liquida\u00e7\u00e3o ou extin\u00e7\u00e3o das empresas.<\/p>\n<p><a href=\"https:\/\/www.suno.com.br\/noticias\/privatizacoes-nao-resolvem-problemas-do-pais-diz-ministro-da-fazenda\/\">Saiba mais:\u00a0Privatiza\u00e7\u00f5es n\u00e3o resolvem problemas do Pa\u00eds, diz ministro da Fazenda\u00a0<\/a><\/p>\n<h2>Quais minist\u00e9rios possuem empresas estatais<\/h2>\n<p>Possuem <strong>empresas estatais<\/strong> a <strong>Presid\u00eancia da Rep\u00fablica<\/strong> e os minist\u00e9rios de:<\/p>\n<ul>\n<li><strong>Minas e Energia, <\/strong><\/li>\n<li><strong>Economia, <\/strong><\/li>\n<li><strong>Infraestrutura, <\/strong><\/li>\n<li><strong>Ci\u00eancia, Tecnologia, <\/strong><\/li>\n<li><strong>Inova\u00e7\u00f5es e Comunica\u00e7\u00f5es, <\/strong><\/li>\n<li><strong>Agricultura, <\/strong><\/li>\n<li><strong>Defesa, <\/strong><\/li>\n<li><strong>Sa\u00fade, <\/strong><\/li>\n<li><strong>Educa\u00e7\u00e3o e Desenvolvimento Regional <\/strong><\/li>\n<\/ul>\n<p>O secret\u00e1rio especial do <strong>PPI,<\/strong> Adalberto Vasconcelos, enviar\u00e1 of\u00edcios para todas essa pastas.\u00a0A decis\u00e3o final a respeito do futuro das empresas estatais ser\u00e1 tomada pelos minist\u00e9rios respons\u00e1veis. Eles poder\u00e3o formular sugest\u00f5es e altera\u00e7\u00f5es nos planos do PPI.<\/p>\n<p>Entretanto, esse ser\u00e1 um esfor\u00e7o muito grande a ser levado adiante pelo Executivo. Para se ter uma ideia, desde maio de 2016, a <strong>Uni\u00e3o<\/strong> arrecadou R$ 46,4 bilh\u00f5es em b\u00f4nus de outorga em concess\u00f5es e privatiza\u00e7\u00f5es de empresas estatais. O governo do ex-presidente <strong>Michel Temer<\/strong>, em 30 meses de mandato, concluiu 124 projetos nas \u00e1reas de energia, rodovias, aeroportos, portos, \u00f3leo e g\u00e1s. Desses R$ 46,4 bilh\u00f5es, mais da metade, ou seja\u00a0R$ 28 bilh\u00f5es, veio do setor petrol\u00edfero. Esse foi o setor que mais gerou recursos para o governo.\u00a0Os dados s\u00e3o do pr\u00f3prio PPI.<\/p>\n<p><a href=\"https:\/\/www.suno.com.br\/noticias\/bolsonaro-salim-mattar-privatizacoes\/\">Saiba mais:\u00a0Governo Bolsonaro define Salim Mattar como novo secret\u00e1rio de privatiza\u00e7\u00f5es\u00a0<\/a><\/p>\n<p>As previs\u00f5es dos primeiros 100 dias de governo do presidente <strong>Bolsonaro,<\/strong> indicam que os leil\u00f5es na \u00e1rea de ferrovias, aeroportos e portos devem arrecadar cerca de R$ 2,3 bilh\u00f5es.<\/p>\n<h2>Problemas na execu\u00e7\u00e3o do plano<\/h2>\n<p>Todavia, segundo alguns analistas do mercado, essa previs\u00e3o \u00e9 muito otimista. Especialmente por causa da demora com os processos de concess\u00f5es e privatiza\u00e7\u00f5es. Al\u00e9m disso,\u00a0mesmo com o elevado n\u00famero de estatais para privatizar, poucas poderiam gerar recursos significativos por causa da atual situa\u00e7\u00e3o econ\u00f4mico-financeira. Por exemplo, desde 2016, a Uni\u00e3o conseguiu privatizar sete distribuidoras de energia controladas pela <strong>Eletrobr\u00e1s.<\/strong> Por\u00e9m, a Uni\u00e3o conseguiu obter um b\u00f4nus com a venda da <strong>Celg,<\/strong> que gerou uma entrada de R$ 2,2 bilh\u00f5es.<\/p>\n<p>Atualmente, o governo federal controla\u00a0135 estatais, das quais 117 do setor produtivo e 18 na \u00e1rea financeira.\u00a0Entre as principais est\u00e3o <strong>Banco do Brasil<\/strong>, <strong>Caixa Econ\u00f4mica Federal<\/strong>, <strong>Banco Nacional de Desenvolvimento<\/strong> <strong>Econ\u00f4mico e Social (BNDES)<\/strong>, <strong>Correios, Petrobras<\/strong> e <strong>Eletrobr\u00e1s.<\/strong> Outro problema \u00e9 que a venda venda de subsidi\u00e1rias dessas empresas geraria recursos para a respectiva holding, e n\u00e3o para a <strong>Uni\u00e3o.<\/strong> Por isso, o impacto positivo para o <strong>Tesouro Nacional<\/strong> s\u00f3 ocorreria por interm\u00e9dio da arrecada\u00e7\u00e3o de impostos ou por dividendos.<\/p>\n<p>Por sua vez, o ministro <strong>Paulo Guedes<\/strong> quer chegar ao maior valor poss\u00edvel de arrecada\u00e7\u00e3o com as <strong>privatiza\u00e7\u00e3o.<\/strong> O objetivo do <strong>ministro da Economia\u00a0<\/strong> \u00e9 tentar zerar o rombo nas contas p\u00fablicas ainda esse ano.\u00a0 Para 2019, o governo prev\u00ea\u00a0 um d\u00e9ficit de R$ 159 bilh\u00f5es. Reduzir o zerar esse d\u00e9ficit \u00e9 considerado fundamental para a sustentabilidade das contas p\u00fablicas federais.<\/p>\n<p>&nbsp;<\/p>\n","protected":false},"excerpt":{"rendered":"<p>O governo teria come\u00e7ado um mapeamento das empresas estatais para iniciar o processo de privatiza\u00e7\u00e3o. Paulo Guedes pode reduzir impostos de importa\u00e7\u00e3o para 20% O Executivo do presidente Jair Bolsonaro est\u00e1 tentando completar o mapa das empresas estatais para levar adiante o programa de privatiza\u00e7\u00e3o. A venda dessas empresas deveria gerar uma receita de cerca [&hellip;]<\/p>\n","protected":false},"author":9,"featured_media":12704,"comment_status":"closed","ping_status":"closed","sticky":false,"template":"","format":"standard","meta":[],"categories":[61],"tags":[740,719,796,945],"suno_strategy":[],"class_list":["post-13026","post","type-post","status-publish","format-standard","has-post-thumbnail","hentry","category-politica","tag-economia","tag-jair-bolsonaro","tag-paulo-guedes","tag-privatizacoes"],"yoast_head":"<!-- This site is optimized with the Yoast SEO plugin v24.4 - https:\/\/yoast.com\/wordpress\/plugins\/seo\/ -->\n<title>Mapeamento de estatais para privatiza\u00e7\u00e3o \u00e9 iniciado pelo governo<\/title>\n<meta name=\"description\" content=\"O governo teria come\u00e7ado um mapeamento das empresas estatais para iniciar o processo de privatiza\u00e7\u00e3o. Clique aqui para saber mais.\" \/>\n<meta name=\"robots\" content=\"index, follow, max-snippet:-1, max-image-preview:large, max-video-preview:-1\" \/>\n<link rel=\"canonical\" href=\"https:\/\/www.suno.com.br\/noticias\/mapeamento-estatais-privatizacao-iniciado-governo\/\" \/>\n<meta property=\"og:locale\" content=\"pt_BR\" \/>\n<meta property=\"og:type\" content=\"article\" \/>\n<meta property=\"og:title\" content=\"Mapeamento de estatais para privatiza\u00e7\u00e3o \u00e9 iniciado pelo governo\" \/>\n<meta property=\"og:description\" content=\"O governo teria come\u00e7ado um mapeamento das empresas estatais para iniciar o processo de privatiza\u00e7\u00e3o. Clique aqui para saber mais.\" \/>\n<meta property=\"og:url\" content=\"https:\/\/www.suno.com.br\/noticias\/mapeamento-estatais-privatizacao-iniciado-governo\/\" \/>\n<meta property=\"og:site_name\" content=\"Suno Not\u00edcias\" \/>\n<meta property=\"article:publisher\" content=\"https:\/\/facebook.com\/sunoresearch\" \/>\n<meta property=\"og:image\" content=\"https:\/\/files.sunoresearch.com.br\/n\/uploads\/2019\/01\/97d7c825-reforma-da-previd\u00eancia.jpg\" \/>\n\t<meta property=\"og:image:width\" content=\"754\" \/>\n\t<meta property=\"og:image:height\" content=\"503\" \/>\n\t<meta property=\"og:image:type\" content=\"image\/jpeg\" \/>\n<meta name=\"author\" content=\"Carlo Cauti\" \/>\n<meta name=\"twitter:card\" content=\"summary_large_image\" \/>\n<meta name=\"twitter:creator\" content=\"@sunoresearch\" \/>\n<meta name=\"twitter:site\" content=\"@sunoresearch\" \/>\n<meta name=\"twitter:label1\" content=\"Escrito por\" \/>\n\t<meta name=\"twitter:data1\" content=\"Carlo Cauti\" \/>\n\t<meta name=\"twitter:label2\" content=\"Est. tempo de leitura\" \/>\n\t<meta name=\"twitter:data2\" content=\"3 minutos\" \/>\n<script type=\"application\/ld+json\" class=\"yoast-schema-graph\">{\"@context\":\"https:\/\/schema.org\",\"@graph\":[{\"@type\":\"NewsArticle\",\"@id\":\"https:\/\/www.suno.com.br\/noticias\/mapeamento-estatais-privatizacao-iniciado-governo\/#article\",\"isPartOf\":{\"@id\":\"https:\/\/www.suno.com.br\/noticias\/mapeamento-estatais-privatizacao-iniciado-governo\/\"},\"author\":{\"name\":\"Carlo Cauti\",\"@id\":\"https:\/\/www.suno.com.br\/noticias\/#\/schema\/person\/e6e0f723cc177805027f4566c1d5e0c8\"},\"headline\":\"Mapeamento de estatais para privatiza\u00e7\u00e3o \u00e9 iniciado pelo governo\",\"datePublished\":\"2019-01-26T16:22:12+00:00\",\"dateModified\":\"2019-01-26T16:24:47+00:00\",\"mainEntityOfPage\":{\"@id\":\"https:\/\/www.suno.com.br\/noticias\/mapeamento-estatais-privatizacao-iniciado-governo\/\"},\"wordCount\":657,\"publisher\":{\"@id\":\"https:\/\/www.suno.com.br\/noticias\/#organization\"},\"image\":{\"@id\":\"https:\/\/www.suno.com.br\/noticias\/mapeamento-estatais-privatizacao-iniciado-governo\/#primaryimage\"},\"thumbnailUrl\":\"https:\/\/files.sunoresearch.com.br\/n\/uploads\/2019\/01\/97d7c825-reforma-da-previd\u00eancia-jpg.webp\",\"keywords\":[\"Economia\",\"Jair Bolsonaro\",\"Paulo Guedes\",\"privatiza\u00e7\u00f5es\"],\"articleSection\":[\"Pol\u00edtica\"],\"inLanguage\":\"pt-BR\"},{\"@type\":\"WebPage\",\"@id\":\"https:\/\/www.suno.com.br\/noticias\/mapeamento-estatais-privatizacao-iniciado-governo\/\",\"url\":\"https:\/\/www.suno.com.br\/noticias\/mapeamento-estatais-privatizacao-iniciado-governo\/\",\"name\":\"Mapeamento de estatais para privatiza\u00e7\u00e3o \u00e9 iniciado pelo governo\",\"isPartOf\":{\"@id\":\"https:\/\/www.suno.com.br\/noticias\/#website\"},\"primaryImageOfPage\":{\"@id\":\"https:\/\/www.suno.com.br\/noticias\/mapeamento-estatais-privatizacao-iniciado-governo\/#primaryimage\"},\"image\":{\"@id\":\"https:\/\/www.suno.com.br\/noticias\/mapeamento-estatais-privatizacao-iniciado-governo\/#primaryimage\"},\"thumbnailUrl\":\"https:\/\/files.sunoresearch.com.br\/n\/uploads\/2019\/01\/97d7c825-reforma-da-previd\u00eancia-jpg.webp\",\"datePublished\":\"2019-01-26T16:22:12+00:00\",\"dateModified\":\"2019-01-26T16:24:47+00:00\",\"description\":\"O governo teria come\u00e7ado um mapeamento das empresas estatais para iniciar o processo de privatiza\u00e7\u00e3o. Clique aqui para saber mais.\",\"breadcrumb\":{\"@id\":\"https:\/\/www.suno.com.br\/noticias\/mapeamento-estatais-privatizacao-iniciado-governo\/#breadcrumb\"},\"inLanguage\":\"pt-BR\",\"potentialAction\":[{\"@type\":\"ReadAction\",\"target\":[\"https:\/\/www.suno.com.br\/noticias\/mapeamento-estatais-privatizacao-iniciado-governo\/\"]}]},{\"@type\":\"ImageObject\",\"inLanguage\":\"pt-BR\",\"@id\":\"https:\/\/www.suno.com.br\/noticias\/mapeamento-estatais-privatizacao-iniciado-governo\/#primaryimage\",\"url\":\"https:\/\/files.sunoresearch.com.br\/n\/uploads\/2019\/01\/97d7c825-reforma-da-previd\u00eancia-jpg.webp\",\"contentUrl\":\"https:\/\/files.sunoresearch.com.br\/n\/uploads\/2019\/01\/97d7c825-reforma-da-previd\u00eancia-jpg.webp\",\"width\":754,\"height\":503,\"caption\":\"Paulo Guedes pode reduzir impostos de importa\u00e7\u00e3o para 20%\"},{\"@type\":\"BreadcrumbList\",\"@id\":\"https:\/\/www.suno.com.br\/noticias\/mapeamento-estatais-privatizacao-iniciado-governo\/#breadcrumb\",\"itemListElement\":[{\"@type\":\"ListItem\",\"position\":1,\"name\":\"Not\u00edcias\",\"item\":\"https:\/\/www.suno.com.br\/noticias\/\"},{\"@type\":\"ListItem\",\"position\":2,\"name\":\"Pol\u00edtica\",\"item\":\"https:\/\/www.suno.com.br\/noticias\/politica\/\"},{\"@type\":\"ListItem\",\"position\":3,\"name\":\"Mapeamento de estatais para privatiza\u00e7\u00e3o \u00e9 iniciado pelo governo\"}]},{\"@type\":\"WebSite\",\"@id\":\"https:\/\/www.suno.com.br\/noticias\/#website\",\"url\":\"https:\/\/www.suno.com.br\/noticias\/\",\"name\":\"Suno Not\u00edcias\",\"description\":\"Seu portal de informa\u00e7\u00e3o sobre o mundo dos investimentos\",\"publisher\":{\"@id\":\"https:\/\/www.suno.com.br\/noticias\/#organization\"},\"potentialAction\":[{\"@type\":\"SearchAction\",\"target\":{\"@type\":\"EntryPoint\",\"urlTemplate\":\"https:\/\/www.suno.com.br\/noticias\/?s={search_term_string}\"},\"query-input\":{\"@type\":\"PropertyValueSpecification\",\"valueRequired\":true,\"valueName\":\"search_term_string\"}}],\"inLanguage\":\"pt-BR\"},{\"@type\":\"Organization\",\"@id\":\"https:\/\/www.suno.com.br\/noticias\/#organization\",\"name\":\"Suno Not\u00edcias\",\"url\":\"https:\/\/www.suno.com.br\/noticias\/\",\"logo\":{\"@type\":\"ImageObject\",\"inLanguage\":\"pt-BR\",\"@id\":\"https:\/\/www.suno.com.br\/noticias\/#\/schema\/logo\/image\/\",\"url\":\"https:\/\/files.sunoresearch.com.br\/n\/uploads\/2021\/09\/suno-logo.png\",\"contentUrl\":\"https:\/\/files.sunoresearch.com.br\/n\/uploads\/2021\/09\/suno-logo.png\",\"width\":180,\"height\":180,\"caption\":\"Suno Not\u00edcias\"},\"image\":{\"@id\":\"https:\/\/www.suno.com.br\/noticias\/#\/schema\/logo\/image\/\"},\"sameAs\":[\"https:\/\/facebook.com\/sunoresearch\",\"https:\/\/x.com\/sunoresearch\",\"https:\/\/www.instagram.com\/suno\",\"https:\/\/www.linkedin.com\/company\/suno-research\/\",\"https:\/\/www.youtube.com\/c\/sunoresearch\"]},{\"@type\":\"Person\",\"@id\":\"https:\/\/www.suno.com.br\/noticias\/#\/schema\/person\/e6e0f723cc177805027f4566c1d5e0c8\",\"name\":\"Carlo Cauti\",\"image\":{\"@type\":\"ImageObject\",\"inLanguage\":\"pt-BR\",\"@id\":\"https:\/\/www.suno.com.br\/noticias\/#\/schema\/person\/image\/\",\"url\":\"https:\/\/secure.gravatar.com\/avatar\/3ada9e0bd164c23abd4792a9606d583c?s=96&r=g\",\"contentUrl\":\"https:\/\/secure.gravatar.com\/avatar\/3ada9e0bd164c23abd4792a9606d583c?s=96&r=g\",\"caption\":\"Carlo Cauti\"},\"description\":\"Editor multim\u00eddia do SUNO Not\u00edcias. Italiano, formado em Ci\u00eancias Pol\u00edticas pela universidade LUISS G. Carli de Roma e mestre cum laude em Rela\u00e7\u00f5es Internacionais, Jornalismo Internacional e de Guerra e em Economia Internacional. Concluiu tamb\u00e9m um MBA em Finan\u00e7as na B3. No Brasil, teve passagem por ve\u00edculos como Estad\u00e3o, Globo, Veja e EXAME. e nas ag\u00eancias de not\u00edcias italianas ANSA e NOVA.\",\"url\":\"https:\/\/www.suno.com.br\/noticias\/author\/carlo-cauti\/\"}]}<\/script>\n<!-- \/ Yoast SEO plugin. -->","yoast_head_json":{"title":"Mapeamento de estatais para privatiza\u00e7\u00e3o \u00e9 iniciado pelo governo","description":"O governo teria come\u00e7ado um mapeamento das empresas estatais para iniciar o processo de privatiza\u00e7\u00e3o. Clique aqui para saber mais.","robots":{"index":"index","follow":"follow","max-snippet":"max-snippet:-1","max-image-preview":"max-image-preview:large","max-video-preview":"max-video-preview:-1"},"canonical":"https:\/\/www.suno.com.br\/noticias\/mapeamento-estatais-privatizacao-iniciado-governo\/","og_locale":"pt_BR","og_type":"article","og_title":"Mapeamento de estatais para privatiza\u00e7\u00e3o \u00e9 iniciado pelo governo","og_description":"O governo teria come\u00e7ado um mapeamento das empresas estatais para iniciar o processo de privatiza\u00e7\u00e3o. Clique aqui para saber mais.","og_url":"https:\/\/www.suno.com.br\/noticias\/mapeamento-estatais-privatizacao-iniciado-governo\/","og_site_name":"Suno Not\u00edcias","article_publisher":"https:\/\/facebook.com\/sunoresearch","og_image":[{"width":754,"height":503,"url":"https:\/\/files.sunoresearch.com.br\/n\/uploads\/2019\/01\/97d7c825-reforma-da-previd\u00eancia.jpg","type":"image\/jpeg"}],"author":"Carlo Cauti","twitter_card":"summary_large_image","twitter_creator":"@sunoresearch","twitter_site":"@sunoresearch","twitter_misc":{"Escrito por":"Carlo Cauti","Est. tempo de leitura":"3 minutos"},"schema":{"@context":"https:\/\/schema.org","@graph":[{"@type":"NewsArticle","@id":"https:\/\/www.suno.com.br\/noticias\/mapeamento-estatais-privatizacao-iniciado-governo\/#article","isPartOf":{"@id":"https:\/\/www.suno.com.br\/noticias\/mapeamento-estatais-privatizacao-iniciado-governo\/"},"author":{"name":"Carlo Cauti","@id":"https:\/\/www.suno.com.br\/noticias\/#\/schema\/person\/e6e0f723cc177805027f4566c1d5e0c8"},"headline":"Mapeamento de estatais para privatiza\u00e7\u00e3o \u00e9 iniciado pelo governo","datePublished":"2019-01-26T16:22:12+00:00","dateModified":"2019-01-26T16:24:47+00:00","mainEntityOfPage":{"@id":"https:\/\/www.suno.com.br\/noticias\/mapeamento-estatais-privatizacao-iniciado-governo\/"},"wordCount":657,"publisher":{"@id":"https:\/\/www.suno.com.br\/noticias\/#organization"},"image":{"@id":"https:\/\/www.suno.com.br\/noticias\/mapeamento-estatais-privatizacao-iniciado-governo\/#primaryimage"},"thumbnailUrl":"https:\/\/files.sunoresearch.com.br\/n\/uploads\/2019\/01\/97d7c825-reforma-da-previd\u00eancia-jpg.webp","keywords":["Economia","Jair Bolsonaro","Paulo Guedes","privatiza\u00e7\u00f5es"],"articleSection":["Pol\u00edtica"],"inLanguage":"pt-BR"},{"@type":"WebPage","@id":"https:\/\/www.suno.com.br\/noticias\/mapeamento-estatais-privatizacao-iniciado-governo\/","url":"https:\/\/www.suno.com.br\/noticias\/mapeamento-estatais-privatizacao-iniciado-governo\/","name":"Mapeamento de estatais para privatiza\u00e7\u00e3o \u00e9 iniciado pelo governo","isPartOf":{"@id":"https:\/\/www.suno.com.br\/noticias\/#website"},"primaryImageOfPage":{"@id":"https:\/\/www.suno.com.br\/noticias\/mapeamento-estatais-privatizacao-iniciado-governo\/#primaryimage"},"image":{"@id":"https:\/\/www.suno.com.br\/noticias\/mapeamento-estatais-privatizacao-iniciado-governo\/#primaryimage"},"thumbnailUrl":"https:\/\/files.sunoresearch.com.br\/n\/uploads\/2019\/01\/97d7c825-reforma-da-previd\u00eancia-jpg.webp","datePublished":"2019-01-26T16:22:12+00:00","dateModified":"2019-01-26T16:24:47+00:00","description":"O governo teria come\u00e7ado um mapeamento das empresas estatais para iniciar o processo de privatiza\u00e7\u00e3o. Clique aqui para saber mais.","breadcrumb":{"@id":"https:\/\/www.suno.com.br\/noticias\/mapeamento-estatais-privatizacao-iniciado-governo\/#breadcrumb"},"inLanguage":"pt-BR","potentialAction":[{"@type":"ReadAction","target":["https:\/\/www.suno.com.br\/noticias\/mapeamento-estatais-privatizacao-iniciado-governo\/"]}]},{"@type":"ImageObject","inLanguage":"pt-BR","@id":"https:\/\/www.suno.com.br\/noticias\/mapeamento-estatais-privatizacao-iniciado-governo\/#primaryimage","url":"https:\/\/files.sunoresearch.com.br\/n\/uploads\/2019\/01\/97d7c825-reforma-da-previd\u00eancia-jpg.webp","contentUrl":"https:\/\/files.sunoresearch.com.br\/n\/uploads\/2019\/01\/97d7c825-reforma-da-previd\u00eancia-jpg.webp","width":754,"height":503,"caption":"Paulo Guedes pode reduzir impostos de importa\u00e7\u00e3o para 20%"},{"@type":"BreadcrumbList","@id":"https:\/\/www.suno.com.br\/noticias\/mapeamento-estatais-privatizacao-iniciado-governo\/#breadcrumb","itemListElement":[{"@type":"ListItem","position":1,"name":"Not\u00edcias","item":"https:\/\/www.suno.com.br\/noticias\/"},{"@type":"ListItem","position":2,"name":"Pol\u00edtica","item":"https:\/\/www.suno.com.br\/noticias\/politica\/"},{"@type":"ListItem","position":3,"name":"Mapeamento de estatais para privatiza\u00e7\u00e3o \u00e9 iniciado pelo governo"}]},{"@type":"WebSite","@id":"https:\/\/www.suno.com.br\/noticias\/#website","url":"https:\/\/www.suno.com.br\/noticias\/","name":"Suno Not\u00edcias","description":"Seu portal de informa\u00e7\u00e3o sobre o mundo dos investimentos","publisher":{"@id":"https:\/\/www.suno.com.br\/noticias\/#organization"},"potentialAction":[{"@type":"SearchAction","target":{"@type":"EntryPoint","urlTemplate":"https:\/\/www.suno.com.br\/noticias\/?s={search_term_string}"},"query-input":{"@type":"PropertyValueSpecification","valueRequired":true,"valueName":"search_term_string"}}],"inLanguage":"pt-BR"},{"@type":"Organization","@id":"https:\/\/www.suno.com.br\/noticias\/#organization","name":"Suno Not\u00edcias","url":"https:\/\/www.suno.com.br\/noticias\/","logo":{"@type":"ImageObject","inLanguage":"pt-BR","@id":"https:\/\/www.suno.com.br\/noticias\/#\/schema\/logo\/image\/","url":"https:\/\/files.sunoresearch.com.br\/n\/uploads\/2021\/09\/suno-logo.png","contentUrl":"https:\/\/files.sunoresearch.com.br\/n\/uploads\/2021\/09\/suno-logo.png","width":180,"height":180,"caption":"Suno Not\u00edcias"},"image":{"@id":"https:\/\/www.suno.com.br\/noticias\/#\/schema\/logo\/image\/"},"sameAs":["https:\/\/facebook.com\/sunoresearch","https:\/\/x.com\/sunoresearch","https:\/\/www.instagram.com\/suno","https:\/\/www.linkedin.com\/company\/suno-research\/","https:\/\/www.youtube.com\/c\/sunoresearch"]},{"@type":"Person","@id":"https:\/\/www.suno.com.br\/noticias\/#\/schema\/person\/e6e0f723cc177805027f4566c1d5e0c8","name":"Carlo Cauti","image":{"@type":"ImageObject","inLanguage":"pt-BR","@id":"https:\/\/www.suno.com.br\/noticias\/#\/schema\/person\/image\/","url":"https:\/\/secure.gravatar.com\/avatar\/3ada9e0bd164c23abd4792a9606d583c?s=96&r=g","contentUrl":"https:\/\/secure.gravatar.com\/avatar\/3ada9e0bd164c23abd4792a9606d583c?s=96&r=g","caption":"Carlo Cauti"},"description":"Editor multim\u00eddia do SUNO Not\u00edcias. Italiano, formado em Ci\u00eancias Pol\u00edticas pela universidade LUISS G. Carli de Roma e mestre cum laude em Rela\u00e7\u00f5es Internacionais, Jornalismo Internacional e de Guerra e em Economia Internacional. Concluiu tamb\u00e9m um MBA em Finan\u00e7as na B3. No Brasil, teve passagem por ve\u00edculos como Estad\u00e3o, Globo, Veja e EXAME. e nas ag\u00eancias de not\u00edcias italianas ANSA e NOVA.","url":"https:\/\/www.suno.com.br\/noticias\/author\/carlo-cauti\/"}]}},"default_loop_html":"<div class=\"cardsPage__listCard__boxs\"><div class=\"cardsPage__listCard__boxs__img\"><a href=\"https:\/\/www.suno.com.br\/noticias\/mapeamento-estatais-privatizacao-iniciado-governo\/\"><img class=\"mask\" src=\"https:\/\/www.suno.com.br\/noticias\/wp-content\/themes\/suno\/resources\/images\/spotlight\/spotlight1img\/bg-mask.png\" alt=\"Image Mask\"\/><img src=\"https:\/\/files.sunoresearch.com.br\/n\/uploads\/2019\/01\/97d7c825-reforma-da-previd\u00eancia-400x200.webp\" alt=\"Mapeamento de estatais para privatiza\u00e7\u00e3o \u00e9 iniciado pelo governo\"\/><\/a><span class=\"spotlightCategory\"><a href=\"https:\/\/www.suno.com.br\/noticias\/politica\/\">Pol\u00edtica<\/a><\/span><\/div><div class=\"cardsPage__listCard__boxs__content\"><a href=\"https:\/\/www.suno.com.br\/noticias\/mapeamento-estatais-privatizacao-iniciado-governo\/\"><h2 class=\"content__title\">Mapeamento de estatais para privatiza\u00e7\u00e3o \u00e9 iniciado pelo governo<\/h2><\/a><div class=\"newsContent__article__meta\"><div class=\"newsContent__article__meta__authorBox\"><a href=\"https:\/\/www.suno.com.br\/noticias\/author\/carlo-cauti\/\" class=\"authorBox__avatar noMobi\"><img src=\"https:\/\/files.sunoresearch.com.br\/n\/uploads\/2020\/08\/e3745f9a-perfil-carlo-cauti-150x150.webp\" alt=\"Carlo Cauti\"><\/a><div class=\"authorBox__name\"><span>por\n\t\t\t<a href=\"https:\/\/www.suno.com.br\/noticias\/author\/carlo-cauti\/\"><span itemprop=\"author\">Carlo Cauti<\/span><\/a><\/span><time datetime=\"2019-01-26T14:22:12-02:00\" itemprop=\"datePublished\">26\/01\/2019 14:22<\/time><\/div><\/div><\/div><\/div><\/div>","single_layout":"posts","amp_enabled":true,"_links":{"self":[{"href":"https:\/\/www.suno.com.br\/noticias\/wp-json\/wp\/v2\/posts\/13026"}],"collection":[{"href":"https:\/\/www.suno.com.br\/noticias\/wp-json\/wp\/v2\/posts"}],"about":[{"href":"https:\/\/www.suno.com.br\/noticias\/wp-json\/wp\/v2\/types\/post"}],"author":[{"embeddable":true,"href":"https:\/\/www.suno.com.br\/noticias\/wp-json\/wp\/v2\/users\/9"}],"replies":[{"embeddable":true,"href":"https:\/\/www.suno.com.br\/noticias\/wp-json\/wp\/v2\/comments?post=13026"}],"version-history":[{"count":0,"href":"https:\/\/www.suno.com.br\/noticias\/wp-json\/wp\/v2\/posts\/13026\/revisions"}],"wp:featuredmedia":[{"embeddable":true,"href":"https:\/\/www.suno.com.br\/noticias\/wp-json\/wp\/v2\/media\/12704"}],"wp:attachment":[{"href":"https:\/\/www.suno.com.br\/noticias\/wp-json\/wp\/v2\/media?parent=13026"}],"wp:term":[{"taxonomy":"category","embeddable":true,"href":"https:\/\/www.suno.com.br\/noticias\/wp-json\/wp\/v2\/categories?post=13026"},{"taxonomy":"post_tag","embeddable":true,"href":"https:\/\/www.suno.com.br\/noticias\/wp-json\/wp\/v2\/tags?post=13026"},{"taxonomy":"suno_strategy","embeddable":true,"href":"https:\/\/www.suno.com.br\/noticias\/wp-json\/wp\/v2\/suno_strategy?post=13026"}],"curies":[{"name":"wp","href":"https:\/\/api.w.org\/{rel}","templated":true}]}}