{"id":130148,"date":"2021-03-09T14:28:10","date_gmt":"2021-03-09T17:28:10","guid":{"rendered":"https:\/\/www.suno.com.br\/noticias\/?p=130148"},"modified":"2021-06-24T02:05:57","modified_gmt":"2021-06-24T05:05:57","slug":"pec-emergencial-bolsonaro-manter-policiais","status":"publish","type":"post","link":"https:\/\/www.suno.com.br\/noticias\/pec-emergencial-bolsonaro-manter-policiais\/","title":{"rendered":"PEC Emergencial: Deputados tentam convencer Bolsonaro a manter policiais"},"content":{"rendered":"<p>O relator da proposta de emenda \u00e0 Constitui\u00e7\u00e3o <strong>(PEC) emergencial<\/strong>, deputado Daniel Freitas (PSL-SC) e o presidente da C\u00e2mara dos Deputados, Arthur Lira (PP-AL) tentam nesta ter\u00e7a-feira (9) convencer o presidente Jair <strong>Bolsonaro<\/strong> a manter o congelamento de sal\u00e1rios aos policiais.<\/p>\t<div class=\"wrapper-featured-image\">\n\t\t<figure class=\"spotlightImg\">\n\n\t\t\t<picture>\n\t\t\t\t<source media=\"(max-width: 768px)\" srcset=\"https:\/\/files.sunoresearch.com.br\/n\/uploads\/2021\/03\/7a69fc11-1024px-2020-03-24_pronunciamento_do_presidente_da_republica_jair_bolsonaro_em_rede_nacional_de_radio_e_televisao_-_49695919452-800x450-1-400x200.webp\">\n\t\t\t\t<img loading=\"lazy\" decoding=\"async\" class=\"newsContent__article__imgCapa lazyloadDisabled \" src=\"https:\/\/files.sunoresearch.com.br\/n\/uploads\/2021\/03\/7a69fc11-1024px-2020-03-24_pronunciamento_do_presidente_da_republica_jair_bolsonaro_em_rede_nacional_de_radio_e_televisao_-_49695919452-800x450-1-jpg.webp\" width=\"800\" height=\"450\" alt=\"PEC Emergencial: Deputados tentam convencer Bolsonaro a manter policiais\" fetchpriority=high \/>\n\t\t\t<\/picture>\n\n\t\t\t<figcaption class=\"wp-caption-text wp-caption-text--show\">PEC Emergencial: Deputados tentam convencer Bolsonaro a manter policiais <\/figcaption>\n\t\t<\/figure>\n\t<\/div>\n\n\n<p><span style=\"font-weight: 400;\">\t<p>\n\t\t<a href=\"https:\/\/lp.suno.com.br\/planilha-controle-gastos\/\" target=\"_blank\" data-element=\"shortcode-suno-banner\" title=\"Banner SUNO, clique e saiba mais\">\n\t\t\t<picture>\n\t\t\t\t<source media=\"(max-width: 500px)\" srcset=\"https:\/\/files.sunoresearch.com.br\/n\/uploads\/2023\/03\/400x300-Planilha-controle-de-gastos.png\">\n\t\t\t\t<img class=\"newsContent__article__imgCapa newsContent__article__imgCapa--banner\"\n\t\t\t\t\tsrc=\"https:\/\/files.sunoresearch.com.br\/n\/uploads\/2023\/03\/1420x240-Planilha-controle-de-gastos.png\"\n\t\t\t\t\tdata-promo-id=\"101751\"\t\t\t\t\t\t\t\t\t\twidth='1420' height='240'\t\t\t\t\talt=\"https:\/\/files.sunoresearch.com.br\/n\/uploads\/2023\/03\/1420x240-Planilha-controle-de-gastos.png\"\n\t\t\t\t>\n\t\t\t<\/picture>\n\t\t<\/a>\n\t<\/p>\n\n<\/span><\/p>\n<p>A tentativa ocorre pois Bolsonaro pressiona para excluir os policiais do congelamento de sal\u00e1rios determinado pelo projeto.<\/p>\n<p>Ap\u00f3s ter encontrado nesta ter\u00e7a-feira o mandat\u00e1rio, Freitas confirmou que Bolsonaro gostaria de ver altera\u00e7\u00f5es para <strong>preservar as for\u00e7as de seguran\u00e7a p\u00fablica<\/strong>, contudo, garantiu que seu parecer defender\u00e1 a aprova\u00e7\u00e3o do texto do Senado sem altera\u00e7\u00f5es, que \u00e9 a posi\u00e7\u00e3o da maioria dos l\u00edderes partid\u00e1rios.<\/p>\n<p>\u201cChegamos \u00e0 conclus\u00e3o que esse \u00e9 o momento que devemos olhar para o pa\u00eds e n\u00e3o para as corpora\u00e7\u00f5es de uma classe ou outra\u201d, disse Freitas. \u201cMeu relat\u00f3rio leva ao plen\u00e1rio da <strong>C\u00e2mara dos Deputados<\/strong> exatamente e fielmente o texto que recebemos do Senado Federal\u201d, continuou.<\/p>\n<p><a href=\"https:\/\/lp.suno.com.br\/suno-one\/?ppp=noticias\/hospital-care-pedido-ipo-cvm\/\">Suno One: acesse gratuitamente eBooks, Minicursos, Artigos e V\u00eddeo Aulas sobre investimentos com um \u00fanico cadastro. Clique para saber mais!<\/a><\/p>\n<p>\u201cLevei ao conhecimento do presidente Bolsonaro o entendimento da maioria dos l\u00edderes. Ele naturalmente gostaria de ver, principalmente, a seguran\u00e7a p\u00fablica [excetuada] nesse momento, mas entendemos que o plen\u00e1rio da C\u00e2mara dos Deputados \u00e9 soberano.\u201d<\/p>\n<p>Al\u00e9m disso, o presidente do <a href=\"https:\/\/www.suno.com.br\/artigos\/bacen\/\">Banco Central (BC)<\/a>, <strong>Roberto Campos Neto<\/strong> ressaltou que as mudan\u00e7as para retirar policiais da PEC emergencial, tal como desejava Bolsonaro, tornariam \u201cimposs\u00edvel segurar juros e infla\u00e7\u00e3o\u201d.<\/p>\n<h2>Bolsonaro defende a desidrata\u00e7\u00e3o da PEC emergencial<\/h2>\n<p>Nesta ter\u00e7a-feira, o presidente Jair Bolsonaro negocia com deputados a desidrata\u00e7\u00e3o da Proposta de Emenda \u00e0 Constitui\u00e7\u00e3o, a <strong>PEC emergencial<\/strong>, que autoriza uma nova rodada de aux\u00edlio a vulner\u00e1veis, para liberar a possibilidade de progress\u00e3o e promo\u00e7\u00e3o de servidores p\u00fablicos em novas situa\u00e7\u00f5es de crise.<\/p>\n<p><span style=\"font-weight: 400;\">\t<p>\n\t\t<a href=\"https:\/\/lp.suno.com.br\/planilha-da-vida-financeira\/\" target=\"_blank\" data-element=\"shortcode-suno-banner\" title=\"Banner SUNO, clique e saiba mais\">\n\t\t\t<picture>\n\t\t\t\t<source media=\"(max-width: 500px)\" srcset=\"https:\/\/files.sunoresearch.com.br\/n\/uploads\/2023\/04\/400x300-Planilha-vida-financeira-true.png\">\n\t\t\t\t<img class=\"newsContent__article__imgCapa newsContent__article__imgCapa--banner\"\n\t\t\t\t\tsrc=\"https:\/\/files.sunoresearch.com.br\/n\/uploads\/2023\/04\/1420x240-Planilha-vida-financeira-true.png\"\n\t\t\t\t\tdata-promo-id=\"106682\"\t\t\t\t\t\t\t\t\t\twidth='1420' height='240'\t\t\t\t\talt=\"https:\/\/files.sunoresearch.com.br\/n\/uploads\/2023\/04\/1420x240-Planilha-vida-financeira-true.png\"\n\t\t\t\t>\n\t\t\t<\/picture>\n\t\t<\/a>\n\t<\/p>\n\n<\/span><\/p>\n<p>Tamb\u00e9m est\u00e3o sendo negociadas outras <strong>mudan\u00e7as no texto<\/strong> da PEC emergencial que foi aprovado pelo Senado na semana passada, como a retirada da necessidade de o governo apresentar um plano para redu\u00e7\u00e3o de subs\u00eddios e isen\u00e7\u00f5es.<\/p>\n<p>O congelamento desse tipo de benef\u00edcio do funcionalismo \u00e9 defendido pelo ministro da Economia, <a href=\"https:\/\/www.suno.com.br\/tudo-sobre\/paulo-guedes\/\">Paulo Guedes<\/a>, como uma das contrapartidas que precisam ser adotadas no chamado &#8220;protocolo de crise&#8221;.<\/p>\n<p>Na entrevista, <strong>Bolsonaro<\/strong> afirmou que a <strong>PEC emergencial<\/strong> deve ser votada pela C\u00e2mara amanh\u00e3. De acordo com ele, ao votar a medida, os deputados federais dar\u00e3o o sinal verde para retomada do aux\u00edlio emergencial em cinco dias. A PEC autoriza o governo federal a abrir um cr\u00e9dito extraordin\u00e1rio de at\u00e9 R$ 44 bilh\u00f5es para o aux\u00edlio. Em contrapartida, cria mecanismos de conten\u00e7\u00e3o de gastos para o futuro, como o congelamento de sal\u00e1rios dos servidores.<\/p>\n<p><span style=\"font-weight: 400;\">\t<p>\n\t\t<a href=\"https:\/\/lp.suno.com.br\/planilha-de-controle-de-investimentos\/\" target=\"_blank\" data-element=\"shortcode-suno-banner\" title=\"Banner SUNO, clique e saiba mais\">\n\t\t\t<picture>\n\t\t\t\t<source media=\"(max-width: 500px)\" srcset=\"https:\/\/files.sunoresearch.com.br\/n\/uploads\/2023\/03\/400x300-Controle-de-Investimentos.png\">\n\t\t\t\t<img class=\"newsContent__article__imgCapa newsContent__article__imgCapa--banner\"\n\t\t\t\t\tsrc=\"https:\/\/files.sunoresearch.com.br\/n\/uploads\/2023\/03\/1420x240-Controle-de-Investimentos.png\"\n\t\t\t\t\tdata-promo-id=\"75934\"\t\t\t\t\t\t\t\t\t\twidth='1420' height='240'\t\t\t\t\talt=\"https:\/\/files.sunoresearch.com.br\/n\/uploads\/2023\/03\/1420x240-Controle-de-Investimentos.png\"\n\t\t\t\t>\n\t\t\t<\/picture>\n\t\t<\/a>\n\t<\/p>\n\n<\/span><\/p>\n<p>&nbsp;<\/p>\n","protected":false},"excerpt":{"rendered":"<p>O relator da proposta de emenda \u00e0 Constitui\u00e7\u00e3o (PEC) emergencial, deputado Daniel Freitas (PSL-SC) e o presidente da C\u00e2mara dos Deputados, Arthur Lira (PP-AL) tentam nesta ter\u00e7a-feira (9) convencer o presidente Jair Bolsonaro a manter o congelamento de sal\u00e1rios aos policiais. PEC Emergencial: Deputados tentam convencer Bolsonaro a manter policiais A tentativa ocorre pois Bolsonaro [&hellip;]<\/p>\n","protected":false},"author":56,"featured_media":130169,"comment_status":"closed","ping_status":"closed","sticky":false,"template":"","format":"standard","meta":[],"categories":[61],"tags":[719],"suno_strategy":[],"class_list":["post-130148","post","type-post","status-publish","format-standard","has-post-thumbnail","hentry","category-politica","tag-jair-bolsonaro"],"yoast_head":"<!-- This site is optimized with the Yoast SEO plugin v24.4 - https:\/\/yoast.com\/wordpress\/plugins\/seo\/ -->\n<title>PEC Emergencial: Deputados tentam convencer Bolsonaro a manter policiais<\/title>\n<meta name=\"description\" content=\"Nas discuss\u00f5es sobre a PEC emergencia, Bolsonaro diz que gostaria de preservar as for\u00e7as de seguran\u00e7a p\u00fablica. Clique aqui para saber mais.\" \/>\n<meta name=\"robots\" content=\"index, follow, max-snippet:-1, max-image-preview:large, max-video-preview:-1\" \/>\n<link rel=\"canonical\" href=\"https:\/\/www.suno.com.br\/noticias\/pec-emergencial-bolsonaro-manter-policiais\/\" \/>\n<meta property=\"og:locale\" content=\"pt_BR\" \/>\n<meta property=\"og:type\" content=\"article\" \/>\n<meta property=\"og:title\" content=\"PEC Emergencial: Deputados tentam convencer Bolsonaro a manter policiais\" \/>\n<meta property=\"og:description\" content=\"Nas discuss\u00f5es sobre a PEC emergencia, Bolsonaro diz que gostaria de preservar as for\u00e7as de seguran\u00e7a p\u00fablica. Clique aqui para saber mais.\" \/>\n<meta property=\"og:url\" content=\"https:\/\/www.suno.com.br\/noticias\/pec-emergencial-bolsonaro-manter-policiais\/\" \/>\n<meta property=\"og:site_name\" content=\"Suno Not\u00edcias\" \/>\n<meta property=\"article:publisher\" content=\"https:\/\/facebook.com\/sunoresearch\" \/>\n<meta property=\"og:image\" content=\"https:\/\/files.sunoresearch.com.br\/n\/uploads\/2021\/03\/7a69fc11-1024px-2020-03-24_pronunciamento_do_presidente_da_republica_jair_bolsonaro_em_rede_nacional_de_radio_e_televisao_-_49695919452-800x450-1.jpg\" \/>\n\t<meta property=\"og:image:width\" content=\"800\" \/>\n\t<meta property=\"og:image:height\" content=\"450\" \/>\n\t<meta property=\"og:image:type\" content=\"image\/jpeg\" \/>\n<meta name=\"author\" content=\"Rafaela La Regina\" \/>\n<meta name=\"twitter:card\" content=\"summary_large_image\" \/>\n<meta name=\"twitter:creator\" content=\"@sunoresearch\" \/>\n<meta name=\"twitter:site\" content=\"@sunoresearch\" \/>\n<meta name=\"twitter:label1\" content=\"Escrito por\" \/>\n\t<meta name=\"twitter:data1\" content=\"Rafaela La Regina\" \/>\n\t<meta name=\"twitter:label2\" content=\"Est. tempo de leitura\" \/>\n\t<meta name=\"twitter:data2\" content=\"2 minutos\" \/>\n<script type=\"application\/ld+json\" class=\"yoast-schema-graph\">{\"@context\":\"https:\/\/schema.org\",\"@graph\":[{\"@type\":\"NewsArticle\",\"@id\":\"https:\/\/www.suno.com.br\/noticias\/pec-emergencial-bolsonaro-manter-policiais\/#article\",\"isPartOf\":{\"@id\":\"https:\/\/www.suno.com.br\/noticias\/pec-emergencial-bolsonaro-manter-policiais\/\"},\"author\":{\"name\":\"Rafaela La Regina\",\"@id\":\"https:\/\/www.suno.com.br\/noticias\/#\/schema\/person\/e672ca8cea627fe715fa29bca7da95e0\"},\"headline\":\"PEC Emergencial: Deputados tentam convencer Bolsonaro a manter policiais\",\"datePublished\":\"2021-03-09T17:28:10+00:00\",\"dateModified\":\"2021-06-24T05:05:57+00:00\",\"mainEntityOfPage\":{\"@id\":\"https:\/\/www.suno.com.br\/noticias\/pec-emergencial-bolsonaro-manter-policiais\/\"},\"wordCount\":496,\"publisher\":{\"@id\":\"https:\/\/www.suno.com.br\/noticias\/#organization\"},\"image\":{\"@id\":\"https:\/\/www.suno.com.br\/noticias\/pec-emergencial-bolsonaro-manter-policiais\/#primaryimage\"},\"thumbnailUrl\":\"https:\/\/files.sunoresearch.com.br\/n\/uploads\/2021\/03\/7a69fc11-1024px-2020-03-24_pronunciamento_do_presidente_da_republica_jair_bolsonaro_em_rede_nacional_de_radio_e_televisao_-_49695919452-800x450-1-jpg.webp\",\"keywords\":[\"Jair Bolsonaro\"],\"articleSection\":[\"Pol\u00edtica\"],\"inLanguage\":\"pt-BR\"},{\"@type\":\"WebPage\",\"@id\":\"https:\/\/www.suno.com.br\/noticias\/pec-emergencial-bolsonaro-manter-policiais\/\",\"url\":\"https:\/\/www.suno.com.br\/noticias\/pec-emergencial-bolsonaro-manter-policiais\/\",\"name\":\"PEC Emergencial: Deputados tentam convencer Bolsonaro a manter policiais\",\"isPartOf\":{\"@id\":\"https:\/\/www.suno.com.br\/noticias\/#website\"},\"primaryImageOfPage\":{\"@id\":\"https:\/\/www.suno.com.br\/noticias\/pec-emergencial-bolsonaro-manter-policiais\/#primaryimage\"},\"image\":{\"@id\":\"https:\/\/www.suno.com.br\/noticias\/pec-emergencial-bolsonaro-manter-policiais\/#primaryimage\"},\"thumbnailUrl\":\"https:\/\/files.sunoresearch.com.br\/n\/uploads\/2021\/03\/7a69fc11-1024px-2020-03-24_pronunciamento_do_presidente_da_republica_jair_bolsonaro_em_rede_nacional_de_radio_e_televisao_-_49695919452-800x450-1-jpg.webp\",\"datePublished\":\"2021-03-09T17:28:10+00:00\",\"dateModified\":\"2021-06-24T05:05:57+00:00\",\"description\":\"Nas discuss\u00f5es sobre a PEC emergencia, Bolsonaro diz que gostaria de preservar as for\u00e7as de seguran\u00e7a p\u00fablica. Clique aqui para saber mais.\",\"breadcrumb\":{\"@id\":\"https:\/\/www.suno.com.br\/noticias\/pec-emergencial-bolsonaro-manter-policiais\/#breadcrumb\"},\"inLanguage\":\"pt-BR\",\"potentialAction\":[{\"@type\":\"ReadAction\",\"target\":[\"https:\/\/www.suno.com.br\/noticias\/pec-emergencial-bolsonaro-manter-policiais\/\"]}]},{\"@type\":\"ImageObject\",\"inLanguage\":\"pt-BR\",\"@id\":\"https:\/\/www.suno.com.br\/noticias\/pec-emergencial-bolsonaro-manter-policiais\/#primaryimage\",\"url\":\"https:\/\/files.sunoresearch.com.br\/n\/uploads\/2021\/03\/7a69fc11-1024px-2020-03-24_pronunciamento_do_presidente_da_republica_jair_bolsonaro_em_rede_nacional_de_radio_e_televisao_-_49695919452-800x450-1-jpg.webp\",\"contentUrl\":\"https:\/\/files.sunoresearch.com.br\/n\/uploads\/2021\/03\/7a69fc11-1024px-2020-03-24_pronunciamento_do_presidente_da_republica_jair_bolsonaro_em_rede_nacional_de_radio_e_televisao_-_49695919452-800x450-1-jpg.webp\",\"width\":800,\"height\":450,\"caption\":\"PEC Emergencial: Deputados tentam convencer Bolsonaro a manter policiais\"},{\"@type\":\"BreadcrumbList\",\"@id\":\"https:\/\/www.suno.com.br\/noticias\/pec-emergencial-bolsonaro-manter-policiais\/#breadcrumb\",\"itemListElement\":[{\"@type\":\"ListItem\",\"position\":1,\"name\":\"Not\u00edcias\",\"item\":\"https:\/\/www.suno.com.br\/noticias\/\"},{\"@type\":\"ListItem\",\"position\":2,\"name\":\"Pol\u00edtica\",\"item\":\"https:\/\/www.suno.com.br\/noticias\/politica\/\"},{\"@type\":\"ListItem\",\"position\":3,\"name\":\"PEC Emergencial: Deputados tentam convencer Bolsonaro a manter policiais\"}]},{\"@type\":\"WebSite\",\"@id\":\"https:\/\/www.suno.com.br\/noticias\/#website\",\"url\":\"https:\/\/www.suno.com.br\/noticias\/\",\"name\":\"Suno Not\u00edcias\",\"description\":\"Seu portal de informa\u00e7\u00e3o sobre o mundo dos investimentos\",\"publisher\":{\"@id\":\"https:\/\/www.suno.com.br\/noticias\/#organization\"},\"potentialAction\":[{\"@type\":\"SearchAction\",\"target\":{\"@type\":\"EntryPoint\",\"urlTemplate\":\"https:\/\/www.suno.com.br\/noticias\/?s={search_term_string}\"},\"query-input\":{\"@type\":\"PropertyValueSpecification\",\"valueRequired\":true,\"valueName\":\"search_term_string\"}}],\"inLanguage\":\"pt-BR\"},{\"@type\":\"Organization\",\"@id\":\"https:\/\/www.suno.com.br\/noticias\/#organization\",\"name\":\"Suno Not\u00edcias\",\"url\":\"https:\/\/www.suno.com.br\/noticias\/\",\"logo\":{\"@type\":\"ImageObject\",\"inLanguage\":\"pt-BR\",\"@id\":\"https:\/\/www.suno.com.br\/noticias\/#\/schema\/logo\/image\/\",\"url\":\"https:\/\/files.sunoresearch.com.br\/n\/uploads\/2021\/09\/suno-logo.png\",\"contentUrl\":\"https:\/\/files.sunoresearch.com.br\/n\/uploads\/2021\/09\/suno-logo.png\",\"width\":180,\"height\":180,\"caption\":\"Suno Not\u00edcias\"},\"image\":{\"@id\":\"https:\/\/www.suno.com.br\/noticias\/#\/schema\/logo\/image\/\"},\"sameAs\":[\"https:\/\/facebook.com\/sunoresearch\",\"https:\/\/x.com\/sunoresearch\",\"https:\/\/www.instagram.com\/suno\",\"https:\/\/www.linkedin.com\/company\/suno-research\/\",\"https:\/\/www.youtube.com\/c\/sunoresearch\"]},{\"@type\":\"Person\",\"@id\":\"https:\/\/www.suno.com.br\/noticias\/#\/schema\/person\/e672ca8cea627fe715fa29bca7da95e0\",\"name\":\"Rafaela La Regina\",\"image\":{\"@type\":\"ImageObject\",\"inLanguage\":\"pt-BR\",\"@id\":\"https:\/\/www.suno.com.br\/noticias\/#\/schema\/person\/image\/\",\"url\":\"https:\/\/secure.gravatar.com\/avatar\/d2c75a52d243deb93d0465fdcb21bd37?s=96&r=g\",\"contentUrl\":\"https:\/\/secure.gravatar.com\/avatar\/d2c75a52d243deb93d0465fdcb21bd37?s=96&r=g\",\"caption\":\"Rafaela La Regina\"},\"description\":\"Estagi\u00e1ria no Suno Not\u00edcias. Escreve sobre economia, pol\u00edtica e neg\u00f3cios. Estuda Rela\u00e7\u00f5es Internacionais no IBMEC-SP.\",\"url\":\"https:\/\/www.suno.com.br\/noticias\/author\/rafaela-la-regina\/\"}]}<\/script>\n<!-- \/ Yoast SEO plugin. -->","yoast_head_json":{"title":"PEC Emergencial: Deputados tentam convencer Bolsonaro a manter policiais","description":"Nas discuss\u00f5es sobre a PEC emergencia, Bolsonaro diz que gostaria de preservar as for\u00e7as de seguran\u00e7a p\u00fablica. Clique aqui para saber mais.","robots":{"index":"index","follow":"follow","max-snippet":"max-snippet:-1","max-image-preview":"max-image-preview:large","max-video-preview":"max-video-preview:-1"},"canonical":"https:\/\/www.suno.com.br\/noticias\/pec-emergencial-bolsonaro-manter-policiais\/","og_locale":"pt_BR","og_type":"article","og_title":"PEC Emergencial: Deputados tentam convencer Bolsonaro a manter policiais","og_description":"Nas discuss\u00f5es sobre a PEC emergencia, Bolsonaro diz que gostaria de preservar as for\u00e7as de seguran\u00e7a p\u00fablica. Clique aqui para saber mais.","og_url":"https:\/\/www.suno.com.br\/noticias\/pec-emergencial-bolsonaro-manter-policiais\/","og_site_name":"Suno Not\u00edcias","article_publisher":"https:\/\/facebook.com\/sunoresearch","og_image":[{"width":800,"height":450,"url":"https:\/\/files.sunoresearch.com.br\/n\/uploads\/2021\/03\/7a69fc11-1024px-2020-03-24_pronunciamento_do_presidente_da_republica_jair_bolsonaro_em_rede_nacional_de_radio_e_televisao_-_49695919452-800x450-1.jpg","type":"image\/jpeg"}],"author":"Rafaela La Regina","twitter_card":"summary_large_image","twitter_creator":"@sunoresearch","twitter_site":"@sunoresearch","twitter_misc":{"Escrito por":"Rafaela La Regina","Est. tempo de leitura":"2 minutos"},"schema":{"@context":"https:\/\/schema.org","@graph":[{"@type":"NewsArticle","@id":"https:\/\/www.suno.com.br\/noticias\/pec-emergencial-bolsonaro-manter-policiais\/#article","isPartOf":{"@id":"https:\/\/www.suno.com.br\/noticias\/pec-emergencial-bolsonaro-manter-policiais\/"},"author":{"name":"Rafaela La Regina","@id":"https:\/\/www.suno.com.br\/noticias\/#\/schema\/person\/e672ca8cea627fe715fa29bca7da95e0"},"headline":"PEC Emergencial: Deputados tentam convencer Bolsonaro a manter policiais","datePublished":"2021-03-09T17:28:10+00:00","dateModified":"2021-06-24T05:05:57+00:00","mainEntityOfPage":{"@id":"https:\/\/www.suno.com.br\/noticias\/pec-emergencial-bolsonaro-manter-policiais\/"},"wordCount":496,"publisher":{"@id":"https:\/\/www.suno.com.br\/noticias\/#organization"},"image":{"@id":"https:\/\/www.suno.com.br\/noticias\/pec-emergencial-bolsonaro-manter-policiais\/#primaryimage"},"thumbnailUrl":"https:\/\/files.sunoresearch.com.br\/n\/uploads\/2021\/03\/7a69fc11-1024px-2020-03-24_pronunciamento_do_presidente_da_republica_jair_bolsonaro_em_rede_nacional_de_radio_e_televisao_-_49695919452-800x450-1-jpg.webp","keywords":["Jair Bolsonaro"],"articleSection":["Pol\u00edtica"],"inLanguage":"pt-BR"},{"@type":"WebPage","@id":"https:\/\/www.suno.com.br\/noticias\/pec-emergencial-bolsonaro-manter-policiais\/","url":"https:\/\/www.suno.com.br\/noticias\/pec-emergencial-bolsonaro-manter-policiais\/","name":"PEC Emergencial: Deputados tentam convencer Bolsonaro a manter policiais","isPartOf":{"@id":"https:\/\/www.suno.com.br\/noticias\/#website"},"primaryImageOfPage":{"@id":"https:\/\/www.suno.com.br\/noticias\/pec-emergencial-bolsonaro-manter-policiais\/#primaryimage"},"image":{"@id":"https:\/\/www.suno.com.br\/noticias\/pec-emergencial-bolsonaro-manter-policiais\/#primaryimage"},"thumbnailUrl":"https:\/\/files.sunoresearch.com.br\/n\/uploads\/2021\/03\/7a69fc11-1024px-2020-03-24_pronunciamento_do_presidente_da_republica_jair_bolsonaro_em_rede_nacional_de_radio_e_televisao_-_49695919452-800x450-1-jpg.webp","datePublished":"2021-03-09T17:28:10+00:00","dateModified":"2021-06-24T05:05:57+00:00","description":"Nas discuss\u00f5es sobre a PEC emergencia, Bolsonaro diz que gostaria de preservar as for\u00e7as de seguran\u00e7a p\u00fablica. Clique aqui para saber mais.","breadcrumb":{"@id":"https:\/\/www.suno.com.br\/noticias\/pec-emergencial-bolsonaro-manter-policiais\/#breadcrumb"},"inLanguage":"pt-BR","potentialAction":[{"@type":"ReadAction","target":["https:\/\/www.suno.com.br\/noticias\/pec-emergencial-bolsonaro-manter-policiais\/"]}]},{"@type":"ImageObject","inLanguage":"pt-BR","@id":"https:\/\/www.suno.com.br\/noticias\/pec-emergencial-bolsonaro-manter-policiais\/#primaryimage","url":"https:\/\/files.sunoresearch.com.br\/n\/uploads\/2021\/03\/7a69fc11-1024px-2020-03-24_pronunciamento_do_presidente_da_republica_jair_bolsonaro_em_rede_nacional_de_radio_e_televisao_-_49695919452-800x450-1-jpg.webp","contentUrl":"https:\/\/files.sunoresearch.com.br\/n\/uploads\/2021\/03\/7a69fc11-1024px-2020-03-24_pronunciamento_do_presidente_da_republica_jair_bolsonaro_em_rede_nacional_de_radio_e_televisao_-_49695919452-800x450-1-jpg.webp","width":800,"height":450,"caption":"PEC Emergencial: Deputados tentam convencer Bolsonaro a manter policiais"},{"@type":"BreadcrumbList","@id":"https:\/\/www.suno.com.br\/noticias\/pec-emergencial-bolsonaro-manter-policiais\/#breadcrumb","itemListElement":[{"@type":"ListItem","position":1,"name":"Not\u00edcias","item":"https:\/\/www.suno.com.br\/noticias\/"},{"@type":"ListItem","position":2,"name":"Pol\u00edtica","item":"https:\/\/www.suno.com.br\/noticias\/politica\/"},{"@type":"ListItem","position":3,"name":"PEC Emergencial: Deputados tentam convencer Bolsonaro a manter policiais"}]},{"@type":"WebSite","@id":"https:\/\/www.suno.com.br\/noticias\/#website","url":"https:\/\/www.suno.com.br\/noticias\/","name":"Suno Not\u00edcias","description":"Seu portal de informa\u00e7\u00e3o sobre o mundo dos investimentos","publisher":{"@id":"https:\/\/www.suno.com.br\/noticias\/#organization"},"potentialAction":[{"@type":"SearchAction","target":{"@type":"EntryPoint","urlTemplate":"https:\/\/www.suno.com.br\/noticias\/?s={search_term_string}"},"query-input":{"@type":"PropertyValueSpecification","valueRequired":true,"valueName":"search_term_string"}}],"inLanguage":"pt-BR"},{"@type":"Organization","@id":"https:\/\/www.suno.com.br\/noticias\/#organization","name":"Suno Not\u00edcias","url":"https:\/\/www.suno.com.br\/noticias\/","logo":{"@type":"ImageObject","inLanguage":"pt-BR","@id":"https:\/\/www.suno.com.br\/noticias\/#\/schema\/logo\/image\/","url":"https:\/\/files.sunoresearch.com.br\/n\/uploads\/2021\/09\/suno-logo.png","contentUrl":"https:\/\/files.sunoresearch.com.br\/n\/uploads\/2021\/09\/suno-logo.png","width":180,"height":180,"caption":"Suno Not\u00edcias"},"image":{"@id":"https:\/\/www.suno.com.br\/noticias\/#\/schema\/logo\/image\/"},"sameAs":["https:\/\/facebook.com\/sunoresearch","https:\/\/x.com\/sunoresearch","https:\/\/www.instagram.com\/suno","https:\/\/www.linkedin.com\/company\/suno-research\/","https:\/\/www.youtube.com\/c\/sunoresearch"]},{"@type":"Person","@id":"https:\/\/www.suno.com.br\/noticias\/#\/schema\/person\/e672ca8cea627fe715fa29bca7da95e0","name":"Rafaela La Regina","image":{"@type":"ImageObject","inLanguage":"pt-BR","@id":"https:\/\/www.suno.com.br\/noticias\/#\/schema\/person\/image\/","url":"https:\/\/secure.gravatar.com\/avatar\/d2c75a52d243deb93d0465fdcb21bd37?s=96&r=g","contentUrl":"https:\/\/secure.gravatar.com\/avatar\/d2c75a52d243deb93d0465fdcb21bd37?s=96&r=g","caption":"Rafaela La Regina"},"description":"Estagi\u00e1ria no Suno Not\u00edcias. Escreve sobre economia, pol\u00edtica e neg\u00f3cios. Estuda Rela\u00e7\u00f5es Internacionais no IBMEC-SP.","url":"https:\/\/www.suno.com.br\/noticias\/author\/rafaela-la-regina\/"}]}},"default_loop_html":"<div class=\"cardsPage__listCard__boxs\"><div class=\"cardsPage__listCard__boxs__img\"><a href=\"https:\/\/www.suno.com.br\/noticias\/pec-emergencial-bolsonaro-manter-policiais\/\"><img class=\"mask\" src=\"https:\/\/www.suno.com.br\/noticias\/wp-content\/themes\/suno\/resources\/images\/spotlight\/spotlight1img\/bg-mask.png\" alt=\"Image Mask\"\/><img src=\"https:\/\/files.sunoresearch.com.br\/n\/uploads\/2021\/03\/7a69fc11-1024px-2020-03-24_pronunciamento_do_presidente_da_republica_jair_bolsonaro_em_rede_nacional_de_radio_e_televisao_-_49695919452-800x450-1-400x200.webp\" alt=\"PEC Emergencial: Deputados tentam convencer Bolsonaro a manter policiais\"\/><\/a><span class=\"spotlightCategory\"><a href=\"https:\/\/www.suno.com.br\/noticias\/politica\/\">Pol\u00edtica<\/a><\/span><\/div><div class=\"cardsPage__listCard__boxs__content\"><a href=\"https:\/\/www.suno.com.br\/noticias\/pec-emergencial-bolsonaro-manter-policiais\/\"><h2 class=\"content__title\">PEC Emergencial: Deputados tentam convencer Bolsonaro a manter policiais<\/h2><\/a><div class=\"newsContent__article__meta\"><div class=\"newsContent__article__meta__authorBox\"><a href=\"https:\/\/www.suno.com.br\/noticias\/author\/rafaela-la-regina\/\" class=\"authorBox__avatar noMobi\"><img src=\"https:\/\/secure.gravatar.com\/avatar\/d2c75a52d243deb93d0465fdcb21bd37?s=96&#038;r=g\" alt=\"Rafaela La Regina\"><\/a><div class=\"authorBox__name\"><span>por\n\t\t\t<a href=\"https:\/\/www.suno.com.br\/noticias\/author\/rafaela-la-regina\/\"><span itemprop=\"author\">Rafaela La Regina<\/span><\/a><\/span><time datetime=\"2021-03-09T14:28:10-03:00\" itemprop=\"datePublished\">09\/03\/2021 14:28<\/time><\/div><\/div><\/div><\/div><\/div>","single_layout":"posts","amp_enabled":true,"_links":{"self":[{"href":"https:\/\/www.suno.com.br\/noticias\/wp-json\/wp\/v2\/posts\/130148"}],"collection":[{"href":"https:\/\/www.suno.com.br\/noticias\/wp-json\/wp\/v2\/posts"}],"about":[{"href":"https:\/\/www.suno.com.br\/noticias\/wp-json\/wp\/v2\/types\/post"}],"author":[{"embeddable":true,"href":"https:\/\/www.suno.com.br\/noticias\/wp-json\/wp\/v2\/users\/56"}],"replies":[{"embeddable":true,"href":"https:\/\/www.suno.com.br\/noticias\/wp-json\/wp\/v2\/comments?post=130148"}],"version-history":[{"count":1,"href":"https:\/\/www.suno.com.br\/noticias\/wp-json\/wp\/v2\/posts\/130148\/revisions"}],"predecessor-version":[{"id":130194,"href":"https:\/\/www.suno.com.br\/noticias\/wp-json\/wp\/v2\/posts\/130148\/revisions\/130194"}],"wp:featuredmedia":[{"embeddable":true,"href":"https:\/\/www.suno.com.br\/noticias\/wp-json\/wp\/v2\/media\/130169"}],"wp:attachment":[{"href":"https:\/\/www.suno.com.br\/noticias\/wp-json\/wp\/v2\/media?parent=130148"}],"wp:term":[{"taxonomy":"category","embeddable":true,"href":"https:\/\/www.suno.com.br\/noticias\/wp-json\/wp\/v2\/categories?post=130148"},{"taxonomy":"post_tag","embeddable":true,"href":"https:\/\/www.suno.com.br\/noticias\/wp-json\/wp\/v2\/tags?post=130148"},{"taxonomy":"suno_strategy","embeddable":true,"href":"https:\/\/www.suno.com.br\/noticias\/wp-json\/wp\/v2\/suno_strategy?post=130148"}],"curies":[{"name":"wp","href":"https:\/\/api.w.org\/{rel}","templated":true}]}}