{"id":13007,"date":"2019-01-25T13:32:22","date_gmt":"2019-01-25T15:32:22","guid":{"rendered":"https:\/\/www.suno.com.br\/noticias\/?p=13007"},"modified":"2019-01-25T13:32:22","modified_gmt":"2019-01-25T15:32:22","slug":"paulo-guedes-militares-reforma-previdencia","status":"publish","type":"post","link":"https:\/\/www.suno.com.br\/noticias\/paulo-guedes-militares-reforma-previdencia\/","title":{"rendered":"Paulo Guedes descarta n\u00e3o incluir militares na reforma da Previd\u00eancia"},"content":{"rendered":"<p>As alas econ\u00f4mica e militar do governo de Jair Bolsonaro encontram uma de suas diverg\u00eancias na reforma da Previd\u00eancia. No <a href=\"https:\/\/www.suno.com.br\/artigos\/direto-de-davos\/\">F\u00f3rum Econ\u00f4mico Mundial<\/a>, a diferen\u00e7a ficou novamente evidente, desta vez representada por Augusto Heleno, chefe do Gabinete de Seguran\u00e7a Institucional (GSI), e Paulo Guedes, ministro da Economia.<\/p>\t<div class=\"wrapper-featured-image\">\n\t\t<figure class=\"spotlightImg\">\n\n\t\t\t<picture>\n\t\t\t\t<source media=\"(max-width: 768px)\" srcset=\"https:\/\/files.sunoresearch.com.br\/n\/uploads\/2019\/01\/80f1998a-paulo-guedes-400x200.webp\">\n\t\t\t\t<img loading=\"lazy\" decoding=\"async\" class=\"newsContent__article__imgCapa lazyloadDisabled newsContent__article__imgCapa--noCaption\" src=\"https:\/\/files.sunoresearch.com.br\/n\/uploads\/2019\/01\/80f1998a-paulo-guedes-800x450.webp\" width=\"800\" height=\"450\" alt=\"Paulo Guedes descarta n\u00e3o incluir militares na reforma da Previd\u00eancia\" fetchpriority=high \/>\n\t\t\t<\/picture>\n\n\t\t\t<figcaption class=\"wp-caption-text wp-caption-text--hide\">Paulo Guedes: BC pode emitir moeda em caso de depress\u00e3o econ\u00f4mica<\/figcaption>\n\t\t<\/figure>\n\t<\/div>\n\n\n<p>Em <strong>Davos<\/strong>, enquanto <strong>Augusto Heleno<\/strong> disse que altera\u00e7\u00f5es na aposentadoria das For\u00e7as Armadas deveriam ficar para depois, <strong>Paulo Guedes<\/strong> foi por caminho contr\u00e1rio. &#8220;Se n\u00e3o for simult\u00e2neo, fica estranho&#8221;, afirmou o economista sobre o &#8220;parcelamento&#8221; da\u00a0<strong>reforma da Previd\u00eancia<\/strong>, na \u00faltima quarta (23).<\/p>\n<p><a href=\"https:\/\/www.suno.com.br\/noticias\/metas-governo-excluem-reforma-previdencia\/\">Saiba mais: Metas para 100 primeiros dias de governo excluem reforma da Previd\u00eancia<\/a><\/p>\n<p><strong>Guedes<\/strong> traduz o pensamento de sua equipe econ\u00f4mica. Ela quer que a reforma seja feita de uma s\u00f3 vez. O ministro foi aconselhado a n\u00e3o deixar os militares de fora da reforma, com receio de que o projeto n\u00e3o passe no Congresso. O ex-presidente <strong>Michel Temer<\/strong> experimentou fortes cr\u00edticas por t\u00ea-los retirados da proposta.<\/p>\n<p>&#8220;Os militares s\u00e3o patriotas. Gostam dessa ideia de liderar pelo exemplo&#8221;, disse <strong>Guedes<\/strong>.<\/p>\n<p><strong>Heleno<\/strong> afirmou que a ideia de incluir os militares na reforma \u00e9 antiga, mas que isso ocorreria em uma segunda etapa. &#8220;Estamos de acordo com isso. J\u00e1 est\u00e1 acertado h\u00e1 muito tempo&#8221;, declarou. Ele tamb\u00e9m disse que o adiamento das altera\u00e7\u00f5es das normas de aposentadorias para as For\u00e7as Armadas se daria porque os oficiais fazem parte de um regime previdenci\u00e1rio distinto dos demais.<\/p>\n<p>No dia anterior, em almo\u00e7o para investidores internacionais, o presidente <strong>Jair Bolsonaro<\/strong> foi na mesma linha de <strong>Guedes.<\/strong> Sutilmente, disse que os militares tamb\u00e9m passar\u00e3o por mudan\u00e7as nas regras. &#8220;Ele [<strong>Bolsonaro<\/strong>] quis dizer que em algumas \u00e1reas, que todos sabem quais s\u00e3o, \u00e9 preciso ter cuidado. Com isso, ficou muito claro que essas \u00e1reas ser\u00e3o inclu\u00eddas na reforma&#8221;, disse uma fonte presente no encontro ao jornal O Estado de S. Paulo.<\/p>\n<p><a href=\"https:\/\/www.suno.com.br\/noticias\/previdencia-militares-nao-alterara-bolsonaro\/\">Saiba mais: Previd\u00eancia dos militares n\u00e3o ser\u00e1 alterada agora, diz Bolsonaro<\/a><\/p>\n<p>O presidente, entretanto, afirmou mais tarde \u00e0 ag\u00eancia Bloomberg o contr\u00e1rio. <strong>Bolsonaro<\/strong> declarou que a <strong>reforma da Previd\u00eancia<\/strong> para os militares ficariam para uma &#8220;segunda parte&#8221;.<\/p>\n","protected":false},"excerpt":{"rendered":"<p>As alas econ\u00f4mica e militar do governo de Jair Bolsonaro encontram uma de suas diverg\u00eancias na reforma da Previd\u00eancia. No F\u00f3rum Econ\u00f4mico Mundial, a diferen\u00e7a ficou novamente evidente, desta vez representada por Augusto Heleno, chefe do Gabinete de Seguran\u00e7a Institucional (GSI), e Paulo Guedes, ministro da Economia. Paulo Guedes: BC pode emitir moeda em caso [&hellip;]<\/p>\n","protected":false},"author":13,"featured_media":10204,"comment_status":"closed","ping_status":"closed","sticky":false,"template":"","format":"standard","meta":[],"categories":[62],"tags":[972,961,719,796,940],"suno_strategy":[],"class_list":["post-13007","post","type-post","status-publish","format-standard","has-post-thumbnail","hentry","category-economia","tag-davos","tag-forum-economico-mundial","tag-jair-bolsonaro","tag-paulo-guedes","tag-reforma-da-previdencia"],"yoast_head":"<!-- This site is optimized with the Yoast SEO plugin v24.4 - https:\/\/yoast.com\/wordpress\/plugins\/seo\/ -->\n<title>Paulo Guedes descarta n\u00e3o incluir militares na reforma da Previd\u00eancia<\/title>\n<meta name=\"description\" content=\"As alas econ\u00f4mica e militar do governo de Jair Bolsonaro encontram uma de suas diverg\u00eancias na reforma da Previd\u00eancia. Clique para saber +\" \/>\n<meta name=\"robots\" content=\"index, follow, max-snippet:-1, max-image-preview:large, max-video-preview:-1\" \/>\n<link rel=\"canonical\" href=\"https:\/\/www.suno.com.br\/noticias\/paulo-guedes-militares-reforma-previdencia\/\" \/>\n<meta property=\"og:locale\" content=\"pt_BR\" \/>\n<meta property=\"og:type\" content=\"article\" \/>\n<meta property=\"og:title\" content=\"Paulo Guedes descarta n\u00e3o incluir militares na reforma da Previd\u00eancia\" \/>\n<meta property=\"og:description\" content=\"As alas econ\u00f4mica e militar do governo de Jair Bolsonaro encontram uma de suas diverg\u00eancias na reforma da Previd\u00eancia. Clique para saber +\" \/>\n<meta property=\"og:url\" content=\"https:\/\/www.suno.com.br\/noticias\/paulo-guedes-militares-reforma-previdencia\/\" \/>\n<meta property=\"og:site_name\" content=\"Suno Not\u00edcias\" \/>\n<meta property=\"article:publisher\" content=\"https:\/\/facebook.com\/sunoresearch\" \/>\n<meta property=\"og:image\" content=\"https:\/\/files.sunoresearch.com.br\/n\/uploads\/2019\/01\/80f1998a-paulo-guedes.jpg\" \/>\n\t<meta property=\"og:image:width\" content=\"1140\" \/>\n\t<meta property=\"og:image:height\" content=\"760\" \/>\n\t<meta property=\"og:image:type\" content=\"image\/jpeg\" \/>\n<meta name=\"author\" content=\"Guilherme Caetano\" \/>\n<meta name=\"twitter:card\" content=\"summary_large_image\" \/>\n<meta name=\"twitter:creator\" content=\"@sunoresearch\" \/>\n<meta name=\"twitter:site\" content=\"@sunoresearch\" \/>\n<meta name=\"twitter:label1\" content=\"Escrito por\" \/>\n\t<meta name=\"twitter:data1\" content=\"Guilherme Caetano\" \/>\n\t<meta name=\"twitter:label2\" content=\"Est. tempo de leitura\" \/>\n\t<meta name=\"twitter:data2\" content=\"2 minutos\" \/>\n<script type=\"application\/ld+json\" class=\"yoast-schema-graph\">{\"@context\":\"https:\/\/schema.org\",\"@graph\":[{\"@type\":\"NewsArticle\",\"@id\":\"https:\/\/www.suno.com.br\/noticias\/paulo-guedes-militares-reforma-previdencia\/#article\",\"isPartOf\":{\"@id\":\"https:\/\/www.suno.com.br\/noticias\/paulo-guedes-militares-reforma-previdencia\/\"},\"author\":{\"name\":\"Guilherme Caetano\",\"@id\":\"https:\/\/www.suno.com.br\/noticias\/#\/schema\/person\/0d0c9687cd2f600c564f25980c140de9\"},\"headline\":\"Paulo Guedes descarta n\u00e3o incluir militares na reforma da Previd\u00eancia\",\"datePublished\":\"2019-01-25T15:32:22+00:00\",\"mainEntityOfPage\":{\"@id\":\"https:\/\/www.suno.com.br\/noticias\/paulo-guedes-militares-reforma-previdencia\/\"},\"wordCount\":384,\"publisher\":{\"@id\":\"https:\/\/www.suno.com.br\/noticias\/#organization\"},\"image\":{\"@id\":\"https:\/\/www.suno.com.br\/noticias\/paulo-guedes-militares-reforma-previdencia\/#primaryimage\"},\"thumbnailUrl\":\"https:\/\/files.sunoresearch.com.br\/n\/uploads\/2019\/01\/80f1998a-paulo-guedes-jpg.webp\",\"keywords\":[\"Davos\",\"F\u00f3rum Econ\u00f4mico Mundial\",\"Jair Bolsonaro\",\"Paulo Guedes\",\"Reforma da Previd\u00eancia\"],\"articleSection\":[\"Economia\"],\"inLanguage\":\"pt-BR\"},{\"@type\":\"WebPage\",\"@id\":\"https:\/\/www.suno.com.br\/noticias\/paulo-guedes-militares-reforma-previdencia\/\",\"url\":\"https:\/\/www.suno.com.br\/noticias\/paulo-guedes-militares-reforma-previdencia\/\",\"name\":\"Paulo Guedes descarta n\u00e3o incluir militares na reforma da Previd\u00eancia\",\"isPartOf\":{\"@id\":\"https:\/\/www.suno.com.br\/noticias\/#website\"},\"primaryImageOfPage\":{\"@id\":\"https:\/\/www.suno.com.br\/noticias\/paulo-guedes-militares-reforma-previdencia\/#primaryimage\"},\"image\":{\"@id\":\"https:\/\/www.suno.com.br\/noticias\/paulo-guedes-militares-reforma-previdencia\/#primaryimage\"},\"thumbnailUrl\":\"https:\/\/files.sunoresearch.com.br\/n\/uploads\/2019\/01\/80f1998a-paulo-guedes-jpg.webp\",\"datePublished\":\"2019-01-25T15:32:22+00:00\",\"description\":\"As alas econ\u00f4mica e militar do governo de Jair Bolsonaro encontram uma de suas diverg\u00eancias na reforma da Previd\u00eancia. Clique para saber +\",\"breadcrumb\":{\"@id\":\"https:\/\/www.suno.com.br\/noticias\/paulo-guedes-militares-reforma-previdencia\/#breadcrumb\"},\"inLanguage\":\"pt-BR\",\"potentialAction\":[{\"@type\":\"ReadAction\",\"target\":[\"https:\/\/www.suno.com.br\/noticias\/paulo-guedes-militares-reforma-previdencia\/\"]}]},{\"@type\":\"ImageObject\",\"inLanguage\":\"pt-BR\",\"@id\":\"https:\/\/www.suno.com.br\/noticias\/paulo-guedes-militares-reforma-previdencia\/#primaryimage\",\"url\":\"https:\/\/files.sunoresearch.com.br\/n\/uploads\/2019\/01\/80f1998a-paulo-guedes-jpg.webp\",\"contentUrl\":\"https:\/\/files.sunoresearch.com.br\/n\/uploads\/2019\/01\/80f1998a-paulo-guedes-jpg.webp\",\"width\":1140,\"height\":760,\"caption\":\"Paulo Guedes: BC pode emitir moeda em caso de depress\u00e3o econ\u00f4mica\"},{\"@type\":\"BreadcrumbList\",\"@id\":\"https:\/\/www.suno.com.br\/noticias\/paulo-guedes-militares-reforma-previdencia\/#breadcrumb\",\"itemListElement\":[{\"@type\":\"ListItem\",\"position\":1,\"name\":\"Not\u00edcias\",\"item\":\"https:\/\/www.suno.com.br\/noticias\/\"},{\"@type\":\"ListItem\",\"position\":2,\"name\":\"Economia\",\"item\":\"https:\/\/www.suno.com.br\/noticias\/economia\/\"},{\"@type\":\"ListItem\",\"position\":3,\"name\":\"Paulo Guedes descarta n\u00e3o incluir militares na reforma da Previd\u00eancia\"}]},{\"@type\":\"WebSite\",\"@id\":\"https:\/\/www.suno.com.br\/noticias\/#website\",\"url\":\"https:\/\/www.suno.com.br\/noticias\/\",\"name\":\"Suno Not\u00edcias\",\"description\":\"Seu portal de informa\u00e7\u00e3o sobre o mundo dos investimentos\",\"publisher\":{\"@id\":\"https:\/\/www.suno.com.br\/noticias\/#organization\"},\"potentialAction\":[{\"@type\":\"SearchAction\",\"target\":{\"@type\":\"EntryPoint\",\"urlTemplate\":\"https:\/\/www.suno.com.br\/noticias\/?s={search_term_string}\"},\"query-input\":{\"@type\":\"PropertyValueSpecification\",\"valueRequired\":true,\"valueName\":\"search_term_string\"}}],\"inLanguage\":\"pt-BR\"},{\"@type\":\"Organization\",\"@id\":\"https:\/\/www.suno.com.br\/noticias\/#organization\",\"name\":\"Suno Not\u00edcias\",\"url\":\"https:\/\/www.suno.com.br\/noticias\/\",\"logo\":{\"@type\":\"ImageObject\",\"inLanguage\":\"pt-BR\",\"@id\":\"https:\/\/www.suno.com.br\/noticias\/#\/schema\/logo\/image\/\",\"url\":\"https:\/\/files.sunoresearch.com.br\/n\/uploads\/2021\/09\/suno-logo.png\",\"contentUrl\":\"https:\/\/files.sunoresearch.com.br\/n\/uploads\/2021\/09\/suno-logo.png\",\"width\":180,\"height\":180,\"caption\":\"Suno Not\u00edcias\"},\"image\":{\"@id\":\"https:\/\/www.suno.com.br\/noticias\/#\/schema\/logo\/image\/\"},\"sameAs\":[\"https:\/\/facebook.com\/sunoresearch\",\"https:\/\/x.com\/sunoresearch\",\"https:\/\/www.instagram.com\/suno\",\"https:\/\/www.linkedin.com\/company\/suno-research\/\",\"https:\/\/www.youtube.com\/c\/sunoresearch\"]},{\"@type\":\"Person\",\"@id\":\"https:\/\/www.suno.com.br\/noticias\/#\/schema\/person\/0d0c9687cd2f600c564f25980c140de9\",\"name\":\"Guilherme Caetano\",\"image\":{\"@type\":\"ImageObject\",\"inLanguage\":\"pt-BR\",\"@id\":\"https:\/\/www.suno.com.br\/noticias\/#\/schema\/person\/image\/\",\"url\":\"https:\/\/secure.gravatar.com\/avatar\/e48357351a01702a0d19307070e081bf?s=96&r=g\",\"contentUrl\":\"https:\/\/secure.gravatar.com\/avatar\/e48357351a01702a0d19307070e081bf?s=96&r=g\",\"caption\":\"Guilherme Caetano\"},\"description\":\"Formado em jornalismo pela Escola de Comunica\u00e7\u00f5es e Artes da USP, Guilherme Caetano escreve para o portal de not\u00edcias da Suno Research. Passou pelas reda\u00e7\u00f5es da Folha de S.Paulo e da revista \u00c9poca.\",\"url\":\"https:\/\/www.suno.com.br\/noticias\/author\/guilherme-caetano\/\"}]}<\/script>\n<!-- \/ Yoast SEO plugin. -->","yoast_head_json":{"title":"Paulo Guedes descarta n\u00e3o incluir militares na reforma da Previd\u00eancia","description":"As alas econ\u00f4mica e militar do governo de Jair Bolsonaro encontram uma de suas diverg\u00eancias na reforma da Previd\u00eancia. Clique para saber +","robots":{"index":"index","follow":"follow","max-snippet":"max-snippet:-1","max-image-preview":"max-image-preview:large","max-video-preview":"max-video-preview:-1"},"canonical":"https:\/\/www.suno.com.br\/noticias\/paulo-guedes-militares-reforma-previdencia\/","og_locale":"pt_BR","og_type":"article","og_title":"Paulo Guedes descarta n\u00e3o incluir militares na reforma da Previd\u00eancia","og_description":"As alas econ\u00f4mica e militar do governo de Jair Bolsonaro encontram uma de suas diverg\u00eancias na reforma da Previd\u00eancia. Clique para saber +","og_url":"https:\/\/www.suno.com.br\/noticias\/paulo-guedes-militares-reforma-previdencia\/","og_site_name":"Suno Not\u00edcias","article_publisher":"https:\/\/facebook.com\/sunoresearch","og_image":[{"width":1140,"height":760,"url":"https:\/\/files.sunoresearch.com.br\/n\/uploads\/2019\/01\/80f1998a-paulo-guedes.jpg","type":"image\/jpeg"}],"author":"Guilherme Caetano","twitter_card":"summary_large_image","twitter_creator":"@sunoresearch","twitter_site":"@sunoresearch","twitter_misc":{"Escrito por":"Guilherme Caetano","Est. tempo de leitura":"2 minutos"},"schema":{"@context":"https:\/\/schema.org","@graph":[{"@type":"NewsArticle","@id":"https:\/\/www.suno.com.br\/noticias\/paulo-guedes-militares-reforma-previdencia\/#article","isPartOf":{"@id":"https:\/\/www.suno.com.br\/noticias\/paulo-guedes-militares-reforma-previdencia\/"},"author":{"name":"Guilherme Caetano","@id":"https:\/\/www.suno.com.br\/noticias\/#\/schema\/person\/0d0c9687cd2f600c564f25980c140de9"},"headline":"Paulo Guedes descarta n\u00e3o incluir militares na reforma da Previd\u00eancia","datePublished":"2019-01-25T15:32:22+00:00","mainEntityOfPage":{"@id":"https:\/\/www.suno.com.br\/noticias\/paulo-guedes-militares-reforma-previdencia\/"},"wordCount":384,"publisher":{"@id":"https:\/\/www.suno.com.br\/noticias\/#organization"},"image":{"@id":"https:\/\/www.suno.com.br\/noticias\/paulo-guedes-militares-reforma-previdencia\/#primaryimage"},"thumbnailUrl":"https:\/\/files.sunoresearch.com.br\/n\/uploads\/2019\/01\/80f1998a-paulo-guedes-jpg.webp","keywords":["Davos","F\u00f3rum Econ\u00f4mico Mundial","Jair Bolsonaro","Paulo Guedes","Reforma da Previd\u00eancia"],"articleSection":["Economia"],"inLanguage":"pt-BR"},{"@type":"WebPage","@id":"https:\/\/www.suno.com.br\/noticias\/paulo-guedes-militares-reforma-previdencia\/","url":"https:\/\/www.suno.com.br\/noticias\/paulo-guedes-militares-reforma-previdencia\/","name":"Paulo Guedes descarta n\u00e3o incluir militares na reforma da Previd\u00eancia","isPartOf":{"@id":"https:\/\/www.suno.com.br\/noticias\/#website"},"primaryImageOfPage":{"@id":"https:\/\/www.suno.com.br\/noticias\/paulo-guedes-militares-reforma-previdencia\/#primaryimage"},"image":{"@id":"https:\/\/www.suno.com.br\/noticias\/paulo-guedes-militares-reforma-previdencia\/#primaryimage"},"thumbnailUrl":"https:\/\/files.sunoresearch.com.br\/n\/uploads\/2019\/01\/80f1998a-paulo-guedes-jpg.webp","datePublished":"2019-01-25T15:32:22+00:00","description":"As alas econ\u00f4mica e militar do governo de Jair Bolsonaro encontram uma de suas diverg\u00eancias na reforma da Previd\u00eancia. Clique para saber +","breadcrumb":{"@id":"https:\/\/www.suno.com.br\/noticias\/paulo-guedes-militares-reforma-previdencia\/#breadcrumb"},"inLanguage":"pt-BR","potentialAction":[{"@type":"ReadAction","target":["https:\/\/www.suno.com.br\/noticias\/paulo-guedes-militares-reforma-previdencia\/"]}]},{"@type":"ImageObject","inLanguage":"pt-BR","@id":"https:\/\/www.suno.com.br\/noticias\/paulo-guedes-militares-reforma-previdencia\/#primaryimage","url":"https:\/\/files.sunoresearch.com.br\/n\/uploads\/2019\/01\/80f1998a-paulo-guedes-jpg.webp","contentUrl":"https:\/\/files.sunoresearch.com.br\/n\/uploads\/2019\/01\/80f1998a-paulo-guedes-jpg.webp","width":1140,"height":760,"caption":"Paulo Guedes: BC pode emitir moeda em caso de depress\u00e3o econ\u00f4mica"},{"@type":"BreadcrumbList","@id":"https:\/\/www.suno.com.br\/noticias\/paulo-guedes-militares-reforma-previdencia\/#breadcrumb","itemListElement":[{"@type":"ListItem","position":1,"name":"Not\u00edcias","item":"https:\/\/www.suno.com.br\/noticias\/"},{"@type":"ListItem","position":2,"name":"Economia","item":"https:\/\/www.suno.com.br\/noticias\/economia\/"},{"@type":"ListItem","position":3,"name":"Paulo Guedes descarta n\u00e3o incluir militares na reforma da Previd\u00eancia"}]},{"@type":"WebSite","@id":"https:\/\/www.suno.com.br\/noticias\/#website","url":"https:\/\/www.suno.com.br\/noticias\/","name":"Suno Not\u00edcias","description":"Seu portal de informa\u00e7\u00e3o sobre o mundo dos investimentos","publisher":{"@id":"https:\/\/www.suno.com.br\/noticias\/#organization"},"potentialAction":[{"@type":"SearchAction","target":{"@type":"EntryPoint","urlTemplate":"https:\/\/www.suno.com.br\/noticias\/?s={search_term_string}"},"query-input":{"@type":"PropertyValueSpecification","valueRequired":true,"valueName":"search_term_string"}}],"inLanguage":"pt-BR"},{"@type":"Organization","@id":"https:\/\/www.suno.com.br\/noticias\/#organization","name":"Suno Not\u00edcias","url":"https:\/\/www.suno.com.br\/noticias\/","logo":{"@type":"ImageObject","inLanguage":"pt-BR","@id":"https:\/\/www.suno.com.br\/noticias\/#\/schema\/logo\/image\/","url":"https:\/\/files.sunoresearch.com.br\/n\/uploads\/2021\/09\/suno-logo.png","contentUrl":"https:\/\/files.sunoresearch.com.br\/n\/uploads\/2021\/09\/suno-logo.png","width":180,"height":180,"caption":"Suno Not\u00edcias"},"image":{"@id":"https:\/\/www.suno.com.br\/noticias\/#\/schema\/logo\/image\/"},"sameAs":["https:\/\/facebook.com\/sunoresearch","https:\/\/x.com\/sunoresearch","https:\/\/www.instagram.com\/suno","https:\/\/www.linkedin.com\/company\/suno-research\/","https:\/\/www.youtube.com\/c\/sunoresearch"]},{"@type":"Person","@id":"https:\/\/www.suno.com.br\/noticias\/#\/schema\/person\/0d0c9687cd2f600c564f25980c140de9","name":"Guilherme Caetano","image":{"@type":"ImageObject","inLanguage":"pt-BR","@id":"https:\/\/www.suno.com.br\/noticias\/#\/schema\/person\/image\/","url":"https:\/\/secure.gravatar.com\/avatar\/e48357351a01702a0d19307070e081bf?s=96&r=g","contentUrl":"https:\/\/secure.gravatar.com\/avatar\/e48357351a01702a0d19307070e081bf?s=96&r=g","caption":"Guilherme Caetano"},"description":"Formado em jornalismo pela Escola de Comunica\u00e7\u00f5es e Artes da USP, Guilherme Caetano escreve para o portal de not\u00edcias da Suno Research. Passou pelas reda\u00e7\u00f5es da Folha de S.Paulo e da revista \u00c9poca.","url":"https:\/\/www.suno.com.br\/noticias\/author\/guilherme-caetano\/"}]}},"default_loop_html":"<div class=\"cardsPage__listCard__boxs\"><div class=\"cardsPage__listCard__boxs__img\"><a href=\"https:\/\/www.suno.com.br\/noticias\/paulo-guedes-militares-reforma-previdencia\/\"><img class=\"mask\" src=\"https:\/\/www.suno.com.br\/noticias\/wp-content\/themes\/suno\/resources\/images\/spotlight\/spotlight1img\/bg-mask.png\" alt=\"Image Mask\"\/><img src=\"https:\/\/files.sunoresearch.com.br\/n\/uploads\/2019\/01\/80f1998a-paulo-guedes-400x200.webp\" alt=\"Paulo Guedes descarta n\u00e3o incluir militares na reforma da Previd\u00eancia\"\/><\/a><span class=\"spotlightCategory\"><a href=\"https:\/\/www.suno.com.br\/noticias\/economia\/\">Economia<\/a><\/span><\/div><div class=\"cardsPage__listCard__boxs__content\"><a href=\"https:\/\/www.suno.com.br\/noticias\/paulo-guedes-militares-reforma-previdencia\/\"><h2 class=\"content__title\">Paulo Guedes descarta n\u00e3o incluir militares na reforma da Previd\u00eancia<\/h2><\/a><div class=\"newsContent__article__meta\"><div class=\"newsContent__article__meta__authorBox\"><a href=\"https:\/\/www.suno.com.br\/noticias\/author\/guilherme-caetano\/\" class=\"authorBox__avatar noMobi\"><img src=\"https:\/\/secure.gravatar.com\/avatar\/e48357351a01702a0d19307070e081bf?s=96&#038;r=g\" alt=\"Guilherme Caetano\"><\/a><div class=\"authorBox__name\"><span>por\n\t\t\t<a href=\"https:\/\/www.suno.com.br\/noticias\/author\/guilherme-caetano\/\"><span itemprop=\"author\">Guilherme Caetano<\/span><\/a><\/span><time datetime=\"2019-01-25T13:32:22-02:00\" itemprop=\"datePublished\">25\/01\/2019 13:32<\/time><\/div><\/div><\/div><\/div><\/div>","single_layout":"posts","amp_enabled":true,"_links":{"self":[{"href":"https:\/\/www.suno.com.br\/noticias\/wp-json\/wp\/v2\/posts\/13007"}],"collection":[{"href":"https:\/\/www.suno.com.br\/noticias\/wp-json\/wp\/v2\/posts"}],"about":[{"href":"https:\/\/www.suno.com.br\/noticias\/wp-json\/wp\/v2\/types\/post"}],"author":[{"embeddable":true,"href":"https:\/\/www.suno.com.br\/noticias\/wp-json\/wp\/v2\/users\/13"}],"replies":[{"embeddable":true,"href":"https:\/\/www.suno.com.br\/noticias\/wp-json\/wp\/v2\/comments?post=13007"}],"version-history":[{"count":0,"href":"https:\/\/www.suno.com.br\/noticias\/wp-json\/wp\/v2\/posts\/13007\/revisions"}],"wp:featuredmedia":[{"embeddable":true,"href":"https:\/\/www.suno.com.br\/noticias\/wp-json\/wp\/v2\/media\/10204"}],"wp:attachment":[{"href":"https:\/\/www.suno.com.br\/noticias\/wp-json\/wp\/v2\/media?parent=13007"}],"wp:term":[{"taxonomy":"category","embeddable":true,"href":"https:\/\/www.suno.com.br\/noticias\/wp-json\/wp\/v2\/categories?post=13007"},{"taxonomy":"post_tag","embeddable":true,"href":"https:\/\/www.suno.com.br\/noticias\/wp-json\/wp\/v2\/tags?post=13007"},{"taxonomy":"suno_strategy","embeddable":true,"href":"https:\/\/www.suno.com.br\/noticias\/wp-json\/wp\/v2\/suno_strategy?post=13007"}],"curies":[{"name":"wp","href":"https:\/\/api.w.org\/{rel}","templated":true}]}}