{"id":13003,"date":"2019-01-25T12:33:51","date_gmt":"2019-01-25T14:33:51","guid":{"rendered":"https:\/\/www.suno.com.br\/noticias\/?p=13003"},"modified":"2019-01-25T12:33:51","modified_gmt":"2019-01-25T14:33:51","slug":"se-precisar-fechar-secretario-gm","status":"publish","type":"post","link":"https:\/\/www.suno.com.br\/noticias\/se-precisar-fechar-secretario-gm\/","title":{"rendered":"&#8216;Se precisar fechar, fecha&#8217;, diz secret\u00e1rio de Guedes \u00e0 General Motors"},"content":{"rendered":"<p>A tentativa da General Motors (GM) de pedir incentivos fiscais para continuar suas opera\u00e7\u00f5es no Brasil n\u00e3o parece ter espa\u00e7o no governo de Jair Bolsonaro. O secret\u00e1rio especial de Produtividade, Emprego e Competitividade, Carlos da Costa, foi direto: &#8220;se precisar fechar [a f\u00e1brica], fecha&#8221;.<\/p>\t<div class=\"wrapper-featured-image\">\n\t\t<figure class=\"spotlightImg\">\n\n\t\t\t<picture>\n\t\t\t\t<source media=\"(max-width: 768px)\" srcset=\"https:\/\/files.sunoresearch.com.br\/n\/uploads\/2019\/01\/0c3929e6-general-motors-400x200.webp\">\n\t\t\t\t<img loading=\"lazy\" decoding=\"async\" class=\"newsContent__article__imgCapa lazyloadDisabled newsContent__article__imgCapa--noCaption\" src=\"https:\/\/files.sunoresearch.com.br\/n\/uploads\/2019\/01\/0c3929e6-general-motors-800x450.webp\" width=\"800\" height=\"450\" alt=\"&#8216;Se precisar fechar, fecha&#8217;, diz secret\u00e1rio de Guedes \u00e0 General Motors\" fetchpriority=high \/>\n\t\t\t<\/picture>\n\n\t\t\t<figcaption class=\"wp-caption-text wp-caption-text--hide\">General Motors come\u00e7a demiss\u00f5es de 4 mil funcion\u00e1rios na Am\u00e9rica do Norte. (divulga\u00e7\u00e3o)<\/figcaption>\n\t\t<\/figure>\n\t<\/div>\n\n\n<p>Conforme apurou a Folha de S.Paulo, a frase foi dita por <strong>Carlos da Costa<\/strong> ao vice-presidente de Rela\u00e7\u00f5es Governamentais da <strong>GM<\/strong> no Brasil, <strong>Marcos Munhoz<\/strong>. Eles se encontraram em 4 de janeiro.<\/p>\n<p><a href=\"https:\/\/www.suno.com.br\/noticias\/gm-prefeito-reunirao-manter-fabrica-aberta\/\">Saiba mais: GM e prefeito de S\u00e3o Caetano se reuni\u00e3o para f\u00e1brica continuar aberta<\/a><\/p>\n<p>No encontro, de acordo com o jornal, <strong>Munhoz<\/strong> relatou a Carlos Costa que a <strong>GM<\/strong> dos Estados Unidos considerava fechar as f\u00e1bricas de S\u00e3o Caetano do Sul e de S\u00e3o Jos\u00e9 dos Campos. Para a chefia da montadora, as unidades se tornaram praticamente &#8220;invi\u00e1veis&#8221; por causa dos altos custos.<\/p>\n<p>Ao que parece, a argumenta\u00e7\u00e3o n\u00e3o sensibilizou o secret\u00e1rio de<strong> Paulo Guedes<\/strong>, ministro da Economia. <strong>Munhoz<\/strong> chegou a dizer que &#8220;corremos o risco de fechar&#8221;. Costa, ent\u00e3o, teria dito que, se fosse preciso, fechasse.<\/p>\n<p>A declara\u00e7\u00e3o n\u00e3o pegou bem entre os empres\u00e1rios na reuni\u00e3o. A <strong>GM<\/strong> emprega mais de 13 mil pessoas nas duas f\u00e1bricas. A montadora, no entanto, n\u00e3o chegou a apresentar algum plano espec\u00edfico ao governo federal.<\/p>\n<h2>S\u00e3o Paulo estuda socorrer a GM<\/h2>\n<p>Se a montadora aparentemente ter\u00e1 dificuldades em convencer o governo federal a ajud\u00e1-la a manter as f\u00e1bricas operando, o governo estadual de S\u00e3o Paulo acena na dire\u00e7\u00e3o contr\u00e1ria.<\/p>\n<p><a href=\"https:\/\/www.suno.com.br\/noticias\/socorrer-gm-antecipacao-creditos-icms\/\">Saiba mais: Governo de SP estuda socorrer GM com antecipa\u00e7\u00e3o de cr\u00e9ditos do ICMS<\/a><\/p>\n<p>O governo de <strong>Jo\u00e3o Doria<\/strong> (PSDB) considera prestar socorro financeiro \u00e0 GM. O plano \u00e9 antecipar cr\u00e9ditos do <a href=\"https:\/\/www.suno.com.br\/artigos\/icms\/\">Imposto sobre Circula\u00e7\u00e3o de Bens e Servi\u00e7os (ICMS)<\/a> sobre os quais a montadora tem direito. A informa\u00e7\u00e3o foi dada pelo secret\u00e1rio de Fazenda e Planejamento do estado, <strong>Henrique Meirelles<\/strong>.<\/p>\n<p><strong>Meirelles<\/strong> diz que o governo estuda antecipar esses cr\u00e9ditos para que a GM possa abat\u00ea-los imediatamente de impostos devidos. &#8220;\u00c9 uma quest\u00e3o, em tese, vi\u00e1vel, do ponto de vista de manuten\u00e7\u00e3o de emprego, renda e arrecada\u00e7\u00e3o futura de imposto&#8221;, afirma o ex-ministro da Fazenda de <strong>Michel Temer<\/strong>.<\/p>\n<p>O ac\u00famulo de saldo de cr\u00e9dito do ICMS por empresas fabricantes de ve\u00edculos e autope\u00e7as se d\u00e1 pela diferen\u00e7a de al\u00edquota entre estados &#8211; ou mesmo transa\u00e7\u00f5es em exporta\u00e7\u00f5es que s\u00e3o isentas de imposto.<\/p>\n<p>O entrave seria a contrapartida para a ren\u00fancia dessa receita. A Lei de Responsabilidade Fiscal (LRF) obriga a detalhar a cria\u00e7\u00e3o de uma receita compensat\u00f3ria quando se retira qualquer entrada de dinheiro no or\u00e7amento p\u00fablico.<\/p>\n<p>&#8220;Estamos estudando. De fato, esse \u00e9 o desafio: como criar receita compensat\u00f3ria sem necessariamente transferir custos para outros setores da economia&#8221;, declarou <strong>Meirelles<\/strong>.<\/p>\n<p>O governo de S\u00e3o Paulo deve se reunir em 31 de janeiro para conversar sobre a situa\u00e7\u00e3o da <strong>GM<\/strong>. E tamb\u00e9m n\u00e3o descarta uma reuni\u00e3o com a pr\u00f3pria montadora nessa data.<\/p>\n","protected":false},"excerpt":{"rendered":"<p>A tentativa da General Motors (GM) de pedir incentivos fiscais para continuar suas opera\u00e7\u00f5es no Brasil n\u00e3o parece ter espa\u00e7o no governo de Jair Bolsonaro. O secret\u00e1rio especial de Produtividade, Emprego e Competitividade, Carlos da Costa, foi direto: &#8220;se precisar fechar [a f\u00e1brica], fecha&#8221;. General Motors come\u00e7a demiss\u00f5es de 4 mil funcion\u00e1rios na Am\u00e9rica do [&hellip;]<\/p>\n","protected":false},"author":13,"featured_media":12302,"comment_status":"closed","ping_status":"closed","sticky":false,"template":"","format":"standard","meta":[],"categories":[64],"tags":[1017,796,941],"suno_strategy":[],"class_list":["post-13003","post","type-post","status-publish","format-standard","has-post-thumbnail","hentry","category-negocios","tag-general-motors-gmco34","tag-paulo-guedes","tag-setor-automotivo"],"yoast_head":"<!-- This site is optimized with the Yoast SEO plugin v24.4 - https:\/\/yoast.com\/wordpress\/plugins\/seo\/ -->\n<title>&#039;Se precisar fechar, fecha&#039;, diz secret\u00e1rio de Guedes \u00e0 General Motors<\/title>\n<meta name=\"description\" content=\"O governo Bolsonaro n\u00e3o parece disposto a conceder mais isen\u00e7\u00f5es \u00e0 GM para a montadora conseguir manter suas f\u00e1bricas. Clique e saiba+\" \/>\n<meta name=\"robots\" content=\"index, follow, max-snippet:-1, max-image-preview:large, max-video-preview:-1\" \/>\n<link rel=\"canonical\" href=\"https:\/\/www.suno.com.br\/noticias\/se-precisar-fechar-secretario-gm\/\" \/>\n<meta property=\"og:locale\" content=\"pt_BR\" \/>\n<meta property=\"og:type\" content=\"article\" \/>\n<meta property=\"og:title\" content=\"&#039;Se precisar fechar, fecha&#039;, diz secret\u00e1rio de Guedes \u00e0 General Motors\" \/>\n<meta property=\"og:description\" content=\"O governo Bolsonaro n\u00e3o parece disposto a conceder mais isen\u00e7\u00f5es \u00e0 GM para a montadora conseguir manter suas f\u00e1bricas. Clique e saiba+\" \/>\n<meta property=\"og:url\" content=\"https:\/\/www.suno.com.br\/noticias\/se-precisar-fechar-secretario-gm\/\" \/>\n<meta property=\"og:site_name\" content=\"Suno Not\u00edcias\" \/>\n<meta property=\"article:publisher\" content=\"https:\/\/facebook.com\/sunoresearch\" \/>\n<meta property=\"og:image\" content=\"https:\/\/files.sunoresearch.com.br\/n\/uploads\/2019\/01\/0c3929e6-general-motors.jpg\" \/>\n\t<meta property=\"og:image:width\" content=\"1280\" \/>\n\t<meta property=\"og:image:height\" content=\"836\" \/>\n\t<meta property=\"og:image:type\" content=\"image\/jpeg\" \/>\n<meta name=\"author\" content=\"Guilherme Caetano\" \/>\n<meta name=\"twitter:card\" content=\"summary_large_image\" \/>\n<meta name=\"twitter:creator\" content=\"@sunoresearch\" \/>\n<meta name=\"twitter:site\" content=\"@sunoresearch\" \/>\n<meta name=\"twitter:label1\" content=\"Escrito por\" \/>\n\t<meta name=\"twitter:data1\" content=\"Guilherme Caetano\" \/>\n\t<meta name=\"twitter:label2\" content=\"Est. tempo de leitura\" \/>\n\t<meta name=\"twitter:data2\" content=\"3 minutos\" \/>\n<script type=\"application\/ld+json\" class=\"yoast-schema-graph\">{\"@context\":\"https:\/\/schema.org\",\"@graph\":[{\"@type\":\"NewsArticle\",\"@id\":\"https:\/\/www.suno.com.br\/noticias\/se-precisar-fechar-secretario-gm\/#article\",\"isPartOf\":{\"@id\":\"https:\/\/www.suno.com.br\/noticias\/se-precisar-fechar-secretario-gm\/\"},\"author\":{\"name\":\"Guilherme Caetano\",\"@id\":\"https:\/\/www.suno.com.br\/noticias\/#\/schema\/person\/0d0c9687cd2f600c564f25980c140de9\"},\"headline\":\"&#8216;Se precisar fechar, fecha&#8217;, diz secret\u00e1rio de Guedes \u00e0 General Motors\",\"datePublished\":\"2019-01-25T14:33:51+00:00\",\"mainEntityOfPage\":{\"@id\":\"https:\/\/www.suno.com.br\/noticias\/se-precisar-fechar-secretario-gm\/\"},\"wordCount\":543,\"publisher\":{\"@id\":\"https:\/\/www.suno.com.br\/noticias\/#organization\"},\"image\":{\"@id\":\"https:\/\/www.suno.com.br\/noticias\/se-precisar-fechar-secretario-gm\/#primaryimage\"},\"thumbnailUrl\":\"https:\/\/files.sunoresearch.com.br\/n\/uploads\/2019\/01\/0c3929e6-general-motors-jpg.webp\",\"keywords\":[\"General Motors (GMCO34)\",\"Paulo Guedes\",\"setor automotivo\"],\"articleSection\":[\"Neg\u00f3cios\"],\"inLanguage\":\"pt-BR\"},{\"@type\":\"WebPage\",\"@id\":\"https:\/\/www.suno.com.br\/noticias\/se-precisar-fechar-secretario-gm\/\",\"url\":\"https:\/\/www.suno.com.br\/noticias\/se-precisar-fechar-secretario-gm\/\",\"name\":\"'Se precisar fechar, fecha', diz secret\u00e1rio de Guedes \u00e0 General Motors\",\"isPartOf\":{\"@id\":\"https:\/\/www.suno.com.br\/noticias\/#website\"},\"primaryImageOfPage\":{\"@id\":\"https:\/\/www.suno.com.br\/noticias\/se-precisar-fechar-secretario-gm\/#primaryimage\"},\"image\":{\"@id\":\"https:\/\/www.suno.com.br\/noticias\/se-precisar-fechar-secretario-gm\/#primaryimage\"},\"thumbnailUrl\":\"https:\/\/files.sunoresearch.com.br\/n\/uploads\/2019\/01\/0c3929e6-general-motors-jpg.webp\",\"datePublished\":\"2019-01-25T14:33:51+00:00\",\"description\":\"O governo Bolsonaro n\u00e3o parece disposto a conceder mais isen\u00e7\u00f5es \u00e0 GM para a montadora conseguir manter suas f\u00e1bricas. Clique e saiba+\",\"breadcrumb\":{\"@id\":\"https:\/\/www.suno.com.br\/noticias\/se-precisar-fechar-secretario-gm\/#breadcrumb\"},\"inLanguage\":\"pt-BR\",\"potentialAction\":[{\"@type\":\"ReadAction\",\"target\":[\"https:\/\/www.suno.com.br\/noticias\/se-precisar-fechar-secretario-gm\/\"]}]},{\"@type\":\"ImageObject\",\"inLanguage\":\"pt-BR\",\"@id\":\"https:\/\/www.suno.com.br\/noticias\/se-precisar-fechar-secretario-gm\/#primaryimage\",\"url\":\"https:\/\/files.sunoresearch.com.br\/n\/uploads\/2019\/01\/0c3929e6-general-motors-jpg.webp\",\"contentUrl\":\"https:\/\/files.sunoresearch.com.br\/n\/uploads\/2019\/01\/0c3929e6-general-motors-jpg.webp\",\"width\":1280,\"height\":836,\"caption\":\"General Motors come\u00e7a demiss\u00f5es de 4 mil funcion\u00e1rios na Am\u00e9rica do Norte. (divulga\u00e7\u00e3o)\"},{\"@type\":\"BreadcrumbList\",\"@id\":\"https:\/\/www.suno.com.br\/noticias\/se-precisar-fechar-secretario-gm\/#breadcrumb\",\"itemListElement\":[{\"@type\":\"ListItem\",\"position\":1,\"name\":\"Not\u00edcias\",\"item\":\"https:\/\/www.suno.com.br\/noticias\/\"},{\"@type\":\"ListItem\",\"position\":2,\"name\":\"Neg\u00f3cios\",\"item\":\"https:\/\/www.suno.com.br\/noticias\/negocios\/\"},{\"@type\":\"ListItem\",\"position\":3,\"name\":\"&#8216;Se precisar fechar, fecha&#8217;, diz secret\u00e1rio de Guedes \u00e0 General Motors\"}]},{\"@type\":\"WebSite\",\"@id\":\"https:\/\/www.suno.com.br\/noticias\/#website\",\"url\":\"https:\/\/www.suno.com.br\/noticias\/\",\"name\":\"Suno Not\u00edcias\",\"description\":\"Seu portal de informa\u00e7\u00e3o sobre o mundo dos investimentos\",\"publisher\":{\"@id\":\"https:\/\/www.suno.com.br\/noticias\/#organization\"},\"potentialAction\":[{\"@type\":\"SearchAction\",\"target\":{\"@type\":\"EntryPoint\",\"urlTemplate\":\"https:\/\/www.suno.com.br\/noticias\/?s={search_term_string}\"},\"query-input\":{\"@type\":\"PropertyValueSpecification\",\"valueRequired\":true,\"valueName\":\"search_term_string\"}}],\"inLanguage\":\"pt-BR\"},{\"@type\":\"Organization\",\"@id\":\"https:\/\/www.suno.com.br\/noticias\/#organization\",\"name\":\"Suno Not\u00edcias\",\"url\":\"https:\/\/www.suno.com.br\/noticias\/\",\"logo\":{\"@type\":\"ImageObject\",\"inLanguage\":\"pt-BR\",\"@id\":\"https:\/\/www.suno.com.br\/noticias\/#\/schema\/logo\/image\/\",\"url\":\"https:\/\/files.sunoresearch.com.br\/n\/uploads\/2021\/09\/suno-logo.png\",\"contentUrl\":\"https:\/\/files.sunoresearch.com.br\/n\/uploads\/2021\/09\/suno-logo.png\",\"width\":180,\"height\":180,\"caption\":\"Suno Not\u00edcias\"},\"image\":{\"@id\":\"https:\/\/www.suno.com.br\/noticias\/#\/schema\/logo\/image\/\"},\"sameAs\":[\"https:\/\/facebook.com\/sunoresearch\",\"https:\/\/x.com\/sunoresearch\",\"https:\/\/www.instagram.com\/suno\",\"https:\/\/www.linkedin.com\/company\/suno-research\/\",\"https:\/\/www.youtube.com\/c\/sunoresearch\"]},{\"@type\":\"Person\",\"@id\":\"https:\/\/www.suno.com.br\/noticias\/#\/schema\/person\/0d0c9687cd2f600c564f25980c140de9\",\"name\":\"Guilherme Caetano\",\"image\":{\"@type\":\"ImageObject\",\"inLanguage\":\"pt-BR\",\"@id\":\"https:\/\/www.suno.com.br\/noticias\/#\/schema\/person\/image\/\",\"url\":\"https:\/\/secure.gravatar.com\/avatar\/e48357351a01702a0d19307070e081bf?s=96&r=g\",\"contentUrl\":\"https:\/\/secure.gravatar.com\/avatar\/e48357351a01702a0d19307070e081bf?s=96&r=g\",\"caption\":\"Guilherme Caetano\"},\"description\":\"Formado em jornalismo pela Escola de Comunica\u00e7\u00f5es e Artes da USP, Guilherme Caetano escreve para o portal de not\u00edcias da Suno Research. Passou pelas reda\u00e7\u00f5es da Folha de S.Paulo e da revista \u00c9poca.\",\"url\":\"https:\/\/www.suno.com.br\/noticias\/author\/guilherme-caetano\/\"}]}<\/script>\n<!-- \/ Yoast SEO plugin. -->","yoast_head_json":{"title":"'Se precisar fechar, fecha', diz secret\u00e1rio de Guedes \u00e0 General Motors","description":"O governo Bolsonaro n\u00e3o parece disposto a conceder mais isen\u00e7\u00f5es \u00e0 GM para a montadora conseguir manter suas f\u00e1bricas. Clique e saiba+","robots":{"index":"index","follow":"follow","max-snippet":"max-snippet:-1","max-image-preview":"max-image-preview:large","max-video-preview":"max-video-preview:-1"},"canonical":"https:\/\/www.suno.com.br\/noticias\/se-precisar-fechar-secretario-gm\/","og_locale":"pt_BR","og_type":"article","og_title":"'Se precisar fechar, fecha', diz secret\u00e1rio de Guedes \u00e0 General Motors","og_description":"O governo Bolsonaro n\u00e3o parece disposto a conceder mais isen\u00e7\u00f5es \u00e0 GM para a montadora conseguir manter suas f\u00e1bricas. Clique e saiba+","og_url":"https:\/\/www.suno.com.br\/noticias\/se-precisar-fechar-secretario-gm\/","og_site_name":"Suno Not\u00edcias","article_publisher":"https:\/\/facebook.com\/sunoresearch","og_image":[{"width":1280,"height":836,"url":"https:\/\/files.sunoresearch.com.br\/n\/uploads\/2019\/01\/0c3929e6-general-motors.jpg","type":"image\/jpeg"}],"author":"Guilherme Caetano","twitter_card":"summary_large_image","twitter_creator":"@sunoresearch","twitter_site":"@sunoresearch","twitter_misc":{"Escrito por":"Guilherme Caetano","Est. tempo de leitura":"3 minutos"},"schema":{"@context":"https:\/\/schema.org","@graph":[{"@type":"NewsArticle","@id":"https:\/\/www.suno.com.br\/noticias\/se-precisar-fechar-secretario-gm\/#article","isPartOf":{"@id":"https:\/\/www.suno.com.br\/noticias\/se-precisar-fechar-secretario-gm\/"},"author":{"name":"Guilherme Caetano","@id":"https:\/\/www.suno.com.br\/noticias\/#\/schema\/person\/0d0c9687cd2f600c564f25980c140de9"},"headline":"&#8216;Se precisar fechar, fecha&#8217;, diz secret\u00e1rio de Guedes \u00e0 General Motors","datePublished":"2019-01-25T14:33:51+00:00","mainEntityOfPage":{"@id":"https:\/\/www.suno.com.br\/noticias\/se-precisar-fechar-secretario-gm\/"},"wordCount":543,"publisher":{"@id":"https:\/\/www.suno.com.br\/noticias\/#organization"},"image":{"@id":"https:\/\/www.suno.com.br\/noticias\/se-precisar-fechar-secretario-gm\/#primaryimage"},"thumbnailUrl":"https:\/\/files.sunoresearch.com.br\/n\/uploads\/2019\/01\/0c3929e6-general-motors-jpg.webp","keywords":["General Motors (GMCO34)","Paulo Guedes","setor automotivo"],"articleSection":["Neg\u00f3cios"],"inLanguage":"pt-BR"},{"@type":"WebPage","@id":"https:\/\/www.suno.com.br\/noticias\/se-precisar-fechar-secretario-gm\/","url":"https:\/\/www.suno.com.br\/noticias\/se-precisar-fechar-secretario-gm\/","name":"'Se precisar fechar, fecha', diz secret\u00e1rio de Guedes \u00e0 General Motors","isPartOf":{"@id":"https:\/\/www.suno.com.br\/noticias\/#website"},"primaryImageOfPage":{"@id":"https:\/\/www.suno.com.br\/noticias\/se-precisar-fechar-secretario-gm\/#primaryimage"},"image":{"@id":"https:\/\/www.suno.com.br\/noticias\/se-precisar-fechar-secretario-gm\/#primaryimage"},"thumbnailUrl":"https:\/\/files.sunoresearch.com.br\/n\/uploads\/2019\/01\/0c3929e6-general-motors-jpg.webp","datePublished":"2019-01-25T14:33:51+00:00","description":"O governo Bolsonaro n\u00e3o parece disposto a conceder mais isen\u00e7\u00f5es \u00e0 GM para a montadora conseguir manter suas f\u00e1bricas. Clique e saiba+","breadcrumb":{"@id":"https:\/\/www.suno.com.br\/noticias\/se-precisar-fechar-secretario-gm\/#breadcrumb"},"inLanguage":"pt-BR","potentialAction":[{"@type":"ReadAction","target":["https:\/\/www.suno.com.br\/noticias\/se-precisar-fechar-secretario-gm\/"]}]},{"@type":"ImageObject","inLanguage":"pt-BR","@id":"https:\/\/www.suno.com.br\/noticias\/se-precisar-fechar-secretario-gm\/#primaryimage","url":"https:\/\/files.sunoresearch.com.br\/n\/uploads\/2019\/01\/0c3929e6-general-motors-jpg.webp","contentUrl":"https:\/\/files.sunoresearch.com.br\/n\/uploads\/2019\/01\/0c3929e6-general-motors-jpg.webp","width":1280,"height":836,"caption":"General Motors come\u00e7a demiss\u00f5es de 4 mil funcion\u00e1rios na Am\u00e9rica do Norte. (divulga\u00e7\u00e3o)"},{"@type":"BreadcrumbList","@id":"https:\/\/www.suno.com.br\/noticias\/se-precisar-fechar-secretario-gm\/#breadcrumb","itemListElement":[{"@type":"ListItem","position":1,"name":"Not\u00edcias","item":"https:\/\/www.suno.com.br\/noticias\/"},{"@type":"ListItem","position":2,"name":"Neg\u00f3cios","item":"https:\/\/www.suno.com.br\/noticias\/negocios\/"},{"@type":"ListItem","position":3,"name":"&#8216;Se precisar fechar, fecha&#8217;, diz secret\u00e1rio de Guedes \u00e0 General Motors"}]},{"@type":"WebSite","@id":"https:\/\/www.suno.com.br\/noticias\/#website","url":"https:\/\/www.suno.com.br\/noticias\/","name":"Suno Not\u00edcias","description":"Seu portal de informa\u00e7\u00e3o sobre o mundo dos investimentos","publisher":{"@id":"https:\/\/www.suno.com.br\/noticias\/#organization"},"potentialAction":[{"@type":"SearchAction","target":{"@type":"EntryPoint","urlTemplate":"https:\/\/www.suno.com.br\/noticias\/?s={search_term_string}"},"query-input":{"@type":"PropertyValueSpecification","valueRequired":true,"valueName":"search_term_string"}}],"inLanguage":"pt-BR"},{"@type":"Organization","@id":"https:\/\/www.suno.com.br\/noticias\/#organization","name":"Suno Not\u00edcias","url":"https:\/\/www.suno.com.br\/noticias\/","logo":{"@type":"ImageObject","inLanguage":"pt-BR","@id":"https:\/\/www.suno.com.br\/noticias\/#\/schema\/logo\/image\/","url":"https:\/\/files.sunoresearch.com.br\/n\/uploads\/2021\/09\/suno-logo.png","contentUrl":"https:\/\/files.sunoresearch.com.br\/n\/uploads\/2021\/09\/suno-logo.png","width":180,"height":180,"caption":"Suno Not\u00edcias"},"image":{"@id":"https:\/\/www.suno.com.br\/noticias\/#\/schema\/logo\/image\/"},"sameAs":["https:\/\/facebook.com\/sunoresearch","https:\/\/x.com\/sunoresearch","https:\/\/www.instagram.com\/suno","https:\/\/www.linkedin.com\/company\/suno-research\/","https:\/\/www.youtube.com\/c\/sunoresearch"]},{"@type":"Person","@id":"https:\/\/www.suno.com.br\/noticias\/#\/schema\/person\/0d0c9687cd2f600c564f25980c140de9","name":"Guilherme Caetano","image":{"@type":"ImageObject","inLanguage":"pt-BR","@id":"https:\/\/www.suno.com.br\/noticias\/#\/schema\/person\/image\/","url":"https:\/\/secure.gravatar.com\/avatar\/e48357351a01702a0d19307070e081bf?s=96&r=g","contentUrl":"https:\/\/secure.gravatar.com\/avatar\/e48357351a01702a0d19307070e081bf?s=96&r=g","caption":"Guilherme Caetano"},"description":"Formado em jornalismo pela Escola de Comunica\u00e7\u00f5es e Artes da USP, Guilherme Caetano escreve para o portal de not\u00edcias da Suno Research. Passou pelas reda\u00e7\u00f5es da Folha de S.Paulo e da revista \u00c9poca.","url":"https:\/\/www.suno.com.br\/noticias\/author\/guilherme-caetano\/"}]}},"default_loop_html":"<div class=\"cardsPage__listCard__boxs\"><div class=\"cardsPage__listCard__boxs__img\"><a href=\"https:\/\/www.suno.com.br\/noticias\/se-precisar-fechar-secretario-gm\/\"><img class=\"mask\" src=\"https:\/\/www.suno.com.br\/noticias\/wp-content\/themes\/suno\/resources\/images\/spotlight\/spotlight1img\/bg-mask.png\" alt=\"Image Mask\"\/><img src=\"https:\/\/files.sunoresearch.com.br\/n\/uploads\/2019\/01\/0c3929e6-general-motors-400x200.webp\" alt=\"&#8216;Se precisar fechar, fecha&#8217;, diz secret\u00e1rio de Guedes \u00e0 General Motors\"\/><\/a><span class=\"spotlightCategory\"><a href=\"https:\/\/www.suno.com.br\/noticias\/negocios\/\">Neg\u00f3cios<\/a><\/span><\/div><div class=\"cardsPage__listCard__boxs__content\"><a href=\"https:\/\/www.suno.com.br\/noticias\/se-precisar-fechar-secretario-gm\/\"><h2 class=\"content__title\">&#8216;Se precisar fechar, fecha&#8217;, diz secret\u00e1rio de Guedes \u00e0 General Motors<\/h2><\/a><div class=\"newsContent__article__meta\"><div class=\"newsContent__article__meta__authorBox\"><a href=\"https:\/\/www.suno.com.br\/noticias\/author\/guilherme-caetano\/\" class=\"authorBox__avatar noMobi\"><img src=\"https:\/\/secure.gravatar.com\/avatar\/e48357351a01702a0d19307070e081bf?s=96&#038;r=g\" alt=\"Guilherme Caetano\"><\/a><div class=\"authorBox__name\"><span>por\n\t\t\t<a href=\"https:\/\/www.suno.com.br\/noticias\/author\/guilherme-caetano\/\"><span itemprop=\"author\">Guilherme Caetano<\/span><\/a><\/span><time datetime=\"2019-01-25T12:33:51-02:00\" itemprop=\"datePublished\">25\/01\/2019 12:33<\/time><\/div><\/div><\/div><\/div><\/div>","single_layout":"posts","amp_enabled":true,"_links":{"self":[{"href":"https:\/\/www.suno.com.br\/noticias\/wp-json\/wp\/v2\/posts\/13003"}],"collection":[{"href":"https:\/\/www.suno.com.br\/noticias\/wp-json\/wp\/v2\/posts"}],"about":[{"href":"https:\/\/www.suno.com.br\/noticias\/wp-json\/wp\/v2\/types\/post"}],"author":[{"embeddable":true,"href":"https:\/\/www.suno.com.br\/noticias\/wp-json\/wp\/v2\/users\/13"}],"replies":[{"embeddable":true,"href":"https:\/\/www.suno.com.br\/noticias\/wp-json\/wp\/v2\/comments?post=13003"}],"version-history":[{"count":0,"href":"https:\/\/www.suno.com.br\/noticias\/wp-json\/wp\/v2\/posts\/13003\/revisions"}],"wp:featuredmedia":[{"embeddable":true,"href":"https:\/\/www.suno.com.br\/noticias\/wp-json\/wp\/v2\/media\/12302"}],"wp:attachment":[{"href":"https:\/\/www.suno.com.br\/noticias\/wp-json\/wp\/v2\/media?parent=13003"}],"wp:term":[{"taxonomy":"category","embeddable":true,"href":"https:\/\/www.suno.com.br\/noticias\/wp-json\/wp\/v2\/categories?post=13003"},{"taxonomy":"post_tag","embeddable":true,"href":"https:\/\/www.suno.com.br\/noticias\/wp-json\/wp\/v2\/tags?post=13003"},{"taxonomy":"suno_strategy","embeddable":true,"href":"https:\/\/www.suno.com.br\/noticias\/wp-json\/wp\/v2\/suno_strategy?post=13003"}],"curies":[{"name":"wp","href":"https:\/\/api.w.org\/{rel}","templated":true}]}}