{"id":129981,"date":"2021-03-09T09:00:30","date_gmt":"2021-03-09T12:00:30","guid":{"rendered":"https:\/\/www.suno.com.br\/noticias\/?p=129981"},"modified":"2021-03-09T09:04:02","modified_gmt":"2021-03-09T12:04:02","slug":"agenda-do-dia-lula-tele-magalu-mglu3-br-distribuidora-brdt3","status":"publish","type":"post","link":"https:\/\/www.suno.com.br\/noticias\/agenda-do-dia-lula-tele-magalu-mglu3-br-distribuidora-brdt3\/","title":{"rendered":"Agenda do dia: fala de Lula, balan\u00e7o da BR Distribuidora (BRDT3) e tele Magalu (MGLU3)"},"content":{"rendered":"<p>A <strong>agenda do dia<\/strong> desta ter\u00e7a-feira (9) tem como destaque, no \u00e2mbito corporativo, o balan\u00e7o do quarto trimestre da <a href=\"https:\/\/www.suno.com.br\/acoes\/brdt3\/\">BR Distribuidora (BRDT3)<\/a> e a teleconfer\u00eancia de resultados da <a href=\"https:\/\/www.suno.com.br\/acoes\/mglu3\/\">Magazine Luiza (MGLU3)<\/a>. Outras companhias tamb\u00e9m divulgam seus n\u00fameros e se encontram com analistas e investidores.<\/p>\t<div class=\"wrapper-featured-image\">\n\t\t<figure class=\"spotlightImg\">\n\n\t\t\t<picture>\n\t\t\t\t<source media=\"(max-width: 768px)\" srcset=\"https:\/\/files.sunoresearch.com.br\/n\/uploads\/2021\/03\/3b5922c0-agendadodia-400x200.webp\">\n\t\t\t\t<img loading=\"lazy\" decoding=\"async\" class=\"newsContent__article__imgCapa lazyloadDisabled \" src=\"https:\/\/files.sunoresearch.com.br\/n\/uploads\/2021\/03\/3b5922c0-agendadodia-800x450.webp\" width=\"800\" height=\"450\" alt=\"Agenda do dia: fala de Lula, balan\u00e7o da BR Distribuidora (BRDT3) e tele Magalu (MGLU3)\" fetchpriority=high \/>\n\t\t\t<\/picture>\n\n\t\t\t<figcaption class=\"wp-caption-text wp-caption-text--show\">Pronunciamento de Lula \u00e9 destaque na agenda do dia<\/figcaption>\n\t\t<\/figure>\n\t<\/div>\n\n\n<p><span style=\"font-weight: 400;\">\t<p>\n\t\t<a href=\"https:\/\/lp.suno.com.br\/planilha-controle-gastos\/\" target=\"_blank\" data-element=\"shortcode-suno-banner\" title=\"Banner SUNO, clique e saiba mais\">\n\t\t\t<picture>\n\t\t\t\t<source media=\"(max-width: 500px)\" srcset=\"https:\/\/files.sunoresearch.com.br\/n\/uploads\/2023\/03\/400x300-Planilha-controle-de-gastos.png\">\n\t\t\t\t<img class=\"newsContent__article__imgCapa newsContent__article__imgCapa--banner\"\n\t\t\t\t\tsrc=\"https:\/\/files.sunoresearch.com.br\/n\/uploads\/2023\/03\/1420x240-Planilha-controle-de-gastos.png\"\n\t\t\t\t\tdata-promo-id=\"101751\"\t\t\t\t\t\t\t\t\t\twidth='1420' height='240'\t\t\t\t\talt=\"https:\/\/files.sunoresearch.com.br\/n\/uploads\/2023\/03\/1420x240-Planilha-controle-de-gastos.png\"\n\t\t\t\t>\n\t\t\t<\/picture>\n\t\t<\/a>\n\t<\/p>\n\n<\/span><\/p>\n<p>Nos <strong>dados econ\u00f4micos<\/strong>, o IBGE divulga sua pesquisa mensal sobre o setor de servi\u00e7os brasileiros, e, no final da noite, a China torna p\u00fablico os n\u00fameros da sua infla\u00e7\u00e3o.<\/p>\n<p>Na <strong>pol\u00edtica<\/strong>, as principais autoridades brasileira, quanto \u00e0 economia, tem uma agenda do dia marcada por reuni\u00f5es. J\u00e1 o ex-presidente Luiz In\u00e1cio Lula da Silva marcou um pronunciamento para o in\u00edcio da tarde, ap\u00f3s ontem ter suas condena\u00e7\u00f5es na Lava-Jato anuladas. O evento pode mexer com o mercado, que ontem derreteu depois da not\u00edcia de que ele poder\u00e1 ser candidato novamente.<\/p>\n<p><a href=\"https:\/\/lp.suno.com.br\/suno-one\/?ppp=noticias\/hospital-care-pedido-ipo-cvm\/\"><b>Suno One: acesse gratuitamente eBooks, Minicursos, Artigos e V\u00eddeo Aulas sobre investimentos com um \u00fanico cadastro. Clique para saber mais!<\/b><\/a><\/p>\n<h2>BR Distribuidora e Magazine Luiza s\u00e3o destaques da agenda do dia<\/h2>\n<p>A BR Distribuidora divulga seu balan\u00e7o do quarto trimestre de 2020 ap\u00f3s o fechamento do preg\u00e3o da <a href=\"https:\/\/www.suno.com.br\/acoes\/b3sa3\/\">B3 (B3SA3)<\/a>. Al\u00e9m dela, Log-in (LOGI3) e <a href=\"https:\/\/www.suno.com.br\/acoes\/radl3\/\">Raia Drogasil (RADL3)<\/a> tamb\u00e9m mostram seus n\u00fameros por volta do mesmo hor\u00e1rio.<\/p>\n<p>Antes disso, durante o dia, as companhias que publicaram seus resultados ontem se re\u00fanem com investidores e analistas para comentar os n\u00fameros e para comentar os pr\u00f3ximos passos.<\/p>\n<p><a href=\"https:\/\/www.suno.com.br\/acoes\/stbp3\/\">Santos Brasil (STBP3)<\/a>, <a href=\"https:\/\/www.suno.com.br\/acoes\/petz3\/\">Petz (PETZ3)<\/a> e <a href=\"https:\/\/www.suno.com.br\/acoes\/mrfg3\/\">Marfrig (MRFG3)<\/a> realizam suas teleconfer\u00eancias \u00e0s 10h. A \u00faltima se re\u00fane ap\u00f3s ver seu lucro saltar cerca de 43 vezes na base anual e ser o maior da sua hist\u00f3ria.<\/p>\n<p>Magazine Luiza e <a href=\"https:\/\/www.suno.com.br\/acoes\/smls3\/\">Smiles (SMLS3)<\/a> terminam a agenda do dia de teleconfer\u00eancias \u00e0s 11h. A varejista conseguiu superar as expectativas do mercado, com seu lucro avan\u00e7ando 30,6% na base anual.<\/p>\n<h2>Pesquisa de servi\u00e7os brasileiros e infla\u00e7\u00e3o da China<\/h2>\n<p>A agenda do dia dos dados macroecon\u00f4micos come\u00e7ou, \u00e0s 4h, com a Alemanha divulgando sua balan\u00e7a comercial de janeiro, registrando super\u00e1vit de R$ 22,2 bilh\u00f5es. \u00c0s 7h a Uni\u00e3o Europeia divulgou que seu <a href=\"https:\/\/www.suno.com.br\/artigos\/pib-produto-interno-bruto\/\">produto interno bruto (PIB<\/a>) caiu 0,7% no \u00faltimo trimestre de 2020, um pouco mais do que o mercado esperava.<\/p>\n<p><span style=\"font-weight: 400;\">\t<p>\n\t\t<a href=\"https:\/\/lp.suno.com.br\/planilha-da-vida-financeira\/\" target=\"_blank\" data-element=\"shortcode-suno-banner\" title=\"Banner SUNO, clique e saiba mais\">\n\t\t\t<picture>\n\t\t\t\t<source media=\"(max-width: 500px)\" srcset=\"https:\/\/files.sunoresearch.com.br\/n\/uploads\/2023\/04\/400x300-Planilha-vida-financeira-true.png\">\n\t\t\t\t<img class=\"newsContent__article__imgCapa newsContent__article__imgCapa--banner\"\n\t\t\t\t\tsrc=\"https:\/\/files.sunoresearch.com.br\/n\/uploads\/2023\/04\/1420x240-Planilha-vida-financeira-true.png\"\n\t\t\t\t\tdata-promo-id=\"106682\"\t\t\t\t\t\t\t\t\t\twidth='1420' height='240'\t\t\t\t\talt=\"https:\/\/files.sunoresearch.com.br\/n\/uploads\/2023\/04\/1420x240-Planilha-vida-financeira-true.png\"\n\t\t\t\t>\n\t\t\t<\/picture>\n\t\t<\/a>\n\t<\/p>\n\n<\/span><\/p>\n<p>\u00c0s 9h na agenda do dia, o IBGE divulga os dados do setor de servi\u00e7os do Brasil em janeiro, com expectativa de crescimento mensal de 0,2%. No final do dia, \u00e0s 22h30, a China divulga seus <a href=\"https:\/\/www.suno.com.br\/artigos\/inflacao\/\">dados da infla\u00e7\u00e3o<\/a> para fevereiro.<\/p>\n<h2>Pol\u00edticos tem dia marcado por reuni\u00f5es<\/h2>\n<p>Nesta ter\u00e7a-feira, o presidente da Rep\u00fablica Jair Bolsonaro, o ministro da Economia Paulo Guedes e o presidente do Banco Central Roberto Campos Neto t\u00eam em seus calend\u00e1rios apenas reuni\u00f5es marcadas, sem participa\u00e7\u00f5es em eventos ou falas programadas. Destaque para o encontro de Campos Neto com a representantes do Banco de Compensa\u00e7\u00f5es Internacionais, \u00e0s 9h, e do Banco Mundial, \u00e0s 15h.<\/p>\n<p>J\u00e1 o ex-presidente Luiz In\u00e1cio Lula da Silva tem um pronunciamento marcado para \u00e0s 13h30 desta ter\u00e7a-feira em sua <strong>agenda do dia<\/strong>. Ontem, o ministro do Supremo Tribunal Federal, Edson Fachin, anulou as condena\u00e7\u00f5es de Lula na Lava-Jato, tornando o presidente eleg\u00edvel em 2022, o que ajudou na queda da bolsa brasileira e fez o d\u00f3lar avan\u00e7ar frente ao real.<\/p>\n<p><span style=\"font-weight: 400;\">\t<p>\n\t\t<a href=\"https:\/\/lp.suno.com.br\/planilha-de-controle-de-investimentos\/\" target=\"_blank\" data-element=\"shortcode-suno-banner\" title=\"Banner SUNO, clique e saiba mais\">\n\t\t\t<picture>\n\t\t\t\t<source media=\"(max-width: 500px)\" srcset=\"https:\/\/files.sunoresearch.com.br\/n\/uploads\/2023\/03\/400x300-Controle-de-Investimentos.png\">\n\t\t\t\t<img class=\"newsContent__article__imgCapa newsContent__article__imgCapa--banner\"\n\t\t\t\t\tsrc=\"https:\/\/files.sunoresearch.com.br\/n\/uploads\/2023\/03\/1420x240-Controle-de-Investimentos.png\"\n\t\t\t\t\tdata-promo-id=\"75934\"\t\t\t\t\t\t\t\t\t\twidth='1420' height='240'\t\t\t\t\talt=\"https:\/\/files.sunoresearch.com.br\/n\/uploads\/2023\/03\/1420x240-Controle-de-Investimentos.png\"\n\t\t\t\t>\n\t\t\t<\/picture>\n\t\t<\/a>\n\t<\/p>\n\n<\/span><\/p>\n","protected":false},"excerpt":{"rendered":"<p>A agenda do dia desta ter\u00e7a-feira (9) tem como destaque, no \u00e2mbito corporativo, o balan\u00e7o do quarto trimestre da BR Distribuidora (BRDT3) e a teleconfer\u00eancia de resultados da Magazine Luiza (MGLU3). Outras companhias tamb\u00e9m divulgam seus n\u00fameros e se encontram com analistas e investidores. Pronunciamento de Lula \u00e9 destaque na agenda do dia Nos dados [&hellip;]<\/p>\n","protected":false},"author":59,"featured_media":129997,"comment_status":"closed","ping_status":"closed","sticky":false,"template":"","format":"standard","meta":[],"categories":[60],"tags":[538,709,548,552,97380,613,596],"suno_strategy":[],"class_list":["post-129981","post","type-post","status-publish","format-standard","has-post-thumbnail","hentry","category-mercado","tag-log-in-logn3","tag-lula","tag-magazine-luiza-mglu3","tag-marfrig-mrfg3","tag-petz-petz3","tag-raia-drogasil-radl3","tag-vibra-energia-vbbr3"],"yoast_head":"<!-- This site is optimized with the Yoast SEO plugin v24.4 - https:\/\/yoast.com\/wordpress\/plugins\/seo\/ -->\n<title>Agenda do dia: Lula, Magalu (MGLU3) e BR Distribuidora (BRDT3)<\/title>\n<meta name=\"description\" content=\"A agenda do dia desta ter\u00e7a-feira tem como destaque o pronunciamento de Lula e a tele da Magalu. Clique aqui para saber mais.\" \/>\n<meta name=\"robots\" content=\"index, follow, max-snippet:-1, max-image-preview:large, max-video-preview:-1\" \/>\n<link rel=\"canonical\" href=\"https:\/\/www.suno.com.br\/noticias\/agenda-do-dia-lula-tele-magalu-mglu3-br-distribuidora-brdt3\/\" \/>\n<meta property=\"og:locale\" content=\"pt_BR\" \/>\n<meta property=\"og:type\" content=\"article\" \/>\n<meta property=\"og:title\" content=\"Agenda do dia: Lula, Magalu (MGLU3) e BR Distribuidora (BRDT3)\" \/>\n<meta property=\"og:description\" content=\"A agenda do dia desta ter\u00e7a-feira tem como destaque o pronunciamento de Lula e a tele da Magalu. Clique aqui para saber mais.\" \/>\n<meta property=\"og:url\" content=\"https:\/\/www.suno.com.br\/noticias\/agenda-do-dia-lula-tele-magalu-mglu3-br-distribuidora-brdt3\/\" \/>\n<meta property=\"og:site_name\" content=\"Suno Not\u00edcias\" \/>\n<meta property=\"article:publisher\" content=\"https:\/\/facebook.com\/sunoresearch\" \/>\n<meta property=\"og:image\" content=\"https:\/\/files.sunoresearch.com.br\/n\/uploads\/2021\/03\/3b5922c0-agendadodia.jpg\" \/>\n\t<meta property=\"og:image:width\" content=\"1024\" \/>\n\t<meta property=\"og:image:height\" content=\"599\" \/>\n\t<meta property=\"og:image:type\" content=\"image\/jpeg\" \/>\n<meta name=\"author\" content=\"Vitor Azevedo\" \/>\n<meta name=\"twitter:card\" content=\"summary_large_image\" \/>\n<meta name=\"twitter:creator\" content=\"@sunoresearch\" \/>\n<meta name=\"twitter:site\" content=\"@sunoresearch\" \/>\n<meta name=\"twitter:label1\" content=\"Escrito por\" \/>\n\t<meta name=\"twitter:data1\" content=\"Vitor Azevedo\" \/>\n\t<meta name=\"twitter:label2\" content=\"Est. tempo de leitura\" \/>\n\t<meta name=\"twitter:data2\" content=\"3 minutos\" \/>\n<script type=\"application\/ld+json\" class=\"yoast-schema-graph\">{\"@context\":\"https:\/\/schema.org\",\"@graph\":[{\"@type\":\"NewsArticle\",\"@id\":\"https:\/\/www.suno.com.br\/noticias\/agenda-do-dia-lula-tele-magalu-mglu3-br-distribuidora-brdt3\/#article\",\"isPartOf\":{\"@id\":\"https:\/\/www.suno.com.br\/noticias\/agenda-do-dia-lula-tele-magalu-mglu3-br-distribuidora-brdt3\/\"},\"author\":{\"name\":\"Vitor Azevedo\",\"@id\":\"https:\/\/www.suno.com.br\/noticias\/#\/schema\/person\/658d5fbc74d81f265f5df3562d0038ab\"},\"headline\":\"Agenda do dia: fala de Lula, balan\u00e7o da BR Distribuidora (BRDT3) e tele Magalu (MGLU3)\",\"datePublished\":\"2021-03-09T12:00:30+00:00\",\"dateModified\":\"2021-03-09T12:04:02+00:00\",\"mainEntityOfPage\":{\"@id\":\"https:\/\/www.suno.com.br\/noticias\/agenda-do-dia-lula-tele-magalu-mglu3-br-distribuidora-brdt3\/\"},\"wordCount\":598,\"publisher\":{\"@id\":\"https:\/\/www.suno.com.br\/noticias\/#organization\"},\"image\":{\"@id\":\"https:\/\/www.suno.com.br\/noticias\/agenda-do-dia-lula-tele-magalu-mglu3-br-distribuidora-brdt3\/#primaryimage\"},\"thumbnailUrl\":\"https:\/\/files.sunoresearch.com.br\/n\/uploads\/2021\/03\/3b5922c0-agendadodia-jpg.webp\",\"keywords\":[\"Log-In (LOGN3)\",\"Lula\",\"Magazine Luiza (MGLU3)\",\"Marfrig (MRFG3)\",\"Petz (PETZ3)\",\"Raia Drogasil (RADL3)\",\"Vibra Energia (VBBR3)\"],\"articleSection\":[\"Mercado\"],\"inLanguage\":\"pt-BR\"},{\"@type\":\"WebPage\",\"@id\":\"https:\/\/www.suno.com.br\/noticias\/agenda-do-dia-lula-tele-magalu-mglu3-br-distribuidora-brdt3\/\",\"url\":\"https:\/\/www.suno.com.br\/noticias\/agenda-do-dia-lula-tele-magalu-mglu3-br-distribuidora-brdt3\/\",\"name\":\"Agenda do dia: Lula, Magalu (MGLU3) e BR Distribuidora (BRDT3)\",\"isPartOf\":{\"@id\":\"https:\/\/www.suno.com.br\/noticias\/#website\"},\"primaryImageOfPage\":{\"@id\":\"https:\/\/www.suno.com.br\/noticias\/agenda-do-dia-lula-tele-magalu-mglu3-br-distribuidora-brdt3\/#primaryimage\"},\"image\":{\"@id\":\"https:\/\/www.suno.com.br\/noticias\/agenda-do-dia-lula-tele-magalu-mglu3-br-distribuidora-brdt3\/#primaryimage\"},\"thumbnailUrl\":\"https:\/\/files.sunoresearch.com.br\/n\/uploads\/2021\/03\/3b5922c0-agendadodia-jpg.webp\",\"datePublished\":\"2021-03-09T12:00:30+00:00\",\"dateModified\":\"2021-03-09T12:04:02+00:00\",\"description\":\"A agenda do dia desta ter\u00e7a-feira tem como destaque o pronunciamento de Lula e a tele da Magalu. Clique aqui para saber mais.\",\"breadcrumb\":{\"@id\":\"https:\/\/www.suno.com.br\/noticias\/agenda-do-dia-lula-tele-magalu-mglu3-br-distribuidora-brdt3\/#breadcrumb\"},\"inLanguage\":\"pt-BR\",\"potentialAction\":[{\"@type\":\"ReadAction\",\"target\":[\"https:\/\/www.suno.com.br\/noticias\/agenda-do-dia-lula-tele-magalu-mglu3-br-distribuidora-brdt3\/\"]}]},{\"@type\":\"ImageObject\",\"inLanguage\":\"pt-BR\",\"@id\":\"https:\/\/www.suno.com.br\/noticias\/agenda-do-dia-lula-tele-magalu-mglu3-br-distribuidora-brdt3\/#primaryimage\",\"url\":\"https:\/\/files.sunoresearch.com.br\/n\/uploads\/2021\/03\/3b5922c0-agendadodia-jpg.webp\",\"contentUrl\":\"https:\/\/files.sunoresearch.com.br\/n\/uploads\/2021\/03\/3b5922c0-agendadodia-jpg.webp\",\"width\":1024,\"height\":599,\"caption\":\"Pronunciamento de Lula \u00e9 destaque na agenda do dia\"},{\"@type\":\"BreadcrumbList\",\"@id\":\"https:\/\/www.suno.com.br\/noticias\/agenda-do-dia-lula-tele-magalu-mglu3-br-distribuidora-brdt3\/#breadcrumb\",\"itemListElement\":[{\"@type\":\"ListItem\",\"position\":1,\"name\":\"Not\u00edcias\",\"item\":\"https:\/\/www.suno.com.br\/noticias\/\"},{\"@type\":\"ListItem\",\"position\":2,\"name\":\"Mercado\",\"item\":\"https:\/\/www.suno.com.br\/noticias\/mercado\/\"},{\"@type\":\"ListItem\",\"position\":3,\"name\":\"Agenda do dia: fala de Lula, balan\u00e7o da BR Distribuidora (BRDT3) e tele Magalu (MGLU3)\"}]},{\"@type\":\"WebSite\",\"@id\":\"https:\/\/www.suno.com.br\/noticias\/#website\",\"url\":\"https:\/\/www.suno.com.br\/noticias\/\",\"name\":\"Suno Not\u00edcias\",\"description\":\"Seu portal de informa\u00e7\u00e3o sobre o mundo dos investimentos\",\"publisher\":{\"@id\":\"https:\/\/www.suno.com.br\/noticias\/#organization\"},\"potentialAction\":[{\"@type\":\"SearchAction\",\"target\":{\"@type\":\"EntryPoint\",\"urlTemplate\":\"https:\/\/www.suno.com.br\/noticias\/?s={search_term_string}\"},\"query-input\":{\"@type\":\"PropertyValueSpecification\",\"valueRequired\":true,\"valueName\":\"search_term_string\"}}],\"inLanguage\":\"pt-BR\"},{\"@type\":\"Organization\",\"@id\":\"https:\/\/www.suno.com.br\/noticias\/#organization\",\"name\":\"Suno Not\u00edcias\",\"url\":\"https:\/\/www.suno.com.br\/noticias\/\",\"logo\":{\"@type\":\"ImageObject\",\"inLanguage\":\"pt-BR\",\"@id\":\"https:\/\/www.suno.com.br\/noticias\/#\/schema\/logo\/image\/\",\"url\":\"https:\/\/files.sunoresearch.com.br\/n\/uploads\/2021\/09\/suno-logo.png\",\"contentUrl\":\"https:\/\/files.sunoresearch.com.br\/n\/uploads\/2021\/09\/suno-logo.png\",\"width\":180,\"height\":180,\"caption\":\"Suno Not\u00edcias\"},\"image\":{\"@id\":\"https:\/\/www.suno.com.br\/noticias\/#\/schema\/logo\/image\/\"},\"sameAs\":[\"https:\/\/facebook.com\/sunoresearch\",\"https:\/\/x.com\/sunoresearch\",\"https:\/\/www.instagram.com\/suno\",\"https:\/\/www.linkedin.com\/company\/suno-research\/\",\"https:\/\/www.youtube.com\/c\/sunoresearch\"]},{\"@type\":\"Person\",\"@id\":\"https:\/\/www.suno.com.br\/noticias\/#\/schema\/person\/658d5fbc74d81f265f5df3562d0038ab\",\"name\":\"Vitor Azevedo\",\"image\":{\"@type\":\"ImageObject\",\"inLanguage\":\"pt-BR\",\"@id\":\"https:\/\/www.suno.com.br\/noticias\/#\/schema\/person\/image\/\",\"url\":\"https:\/\/secure.gravatar.com\/avatar\/62b86195291b446fe380824eb28b99a5?s=96&r=g\",\"contentUrl\":\"https:\/\/secure.gravatar.com\/avatar\/62b86195291b446fe380824eb28b99a5?s=96&r=g\",\"caption\":\"Vitor Azevedo\"},\"description\":\"Formado em jornalismo pela Unesp, escreve sobre economia e neg\u00f3cios para a Suno Not\u00edcias.\",\"url\":\"https:\/\/www.suno.com.br\/noticias\/author\/vitor-azevedo\/\"}]}<\/script>\n<!-- \/ Yoast SEO plugin. -->","yoast_head_json":{"title":"Agenda do dia: Lula, Magalu (MGLU3) e BR Distribuidora (BRDT3)","description":"A agenda do dia desta ter\u00e7a-feira tem como destaque o pronunciamento de Lula e a tele da Magalu. Clique aqui para saber mais.","robots":{"index":"index","follow":"follow","max-snippet":"max-snippet:-1","max-image-preview":"max-image-preview:large","max-video-preview":"max-video-preview:-1"},"canonical":"https:\/\/www.suno.com.br\/noticias\/agenda-do-dia-lula-tele-magalu-mglu3-br-distribuidora-brdt3\/","og_locale":"pt_BR","og_type":"article","og_title":"Agenda do dia: Lula, Magalu (MGLU3) e BR Distribuidora (BRDT3)","og_description":"A agenda do dia desta ter\u00e7a-feira tem como destaque o pronunciamento de Lula e a tele da Magalu. Clique aqui para saber mais.","og_url":"https:\/\/www.suno.com.br\/noticias\/agenda-do-dia-lula-tele-magalu-mglu3-br-distribuidora-brdt3\/","og_site_name":"Suno Not\u00edcias","article_publisher":"https:\/\/facebook.com\/sunoresearch","og_image":[{"width":1024,"height":599,"url":"https:\/\/files.sunoresearch.com.br\/n\/uploads\/2021\/03\/3b5922c0-agendadodia.jpg","type":"image\/jpeg"}],"author":"Vitor Azevedo","twitter_card":"summary_large_image","twitter_creator":"@sunoresearch","twitter_site":"@sunoresearch","twitter_misc":{"Escrito por":"Vitor Azevedo","Est. tempo de leitura":"3 minutos"},"schema":{"@context":"https:\/\/schema.org","@graph":[{"@type":"NewsArticle","@id":"https:\/\/www.suno.com.br\/noticias\/agenda-do-dia-lula-tele-magalu-mglu3-br-distribuidora-brdt3\/#article","isPartOf":{"@id":"https:\/\/www.suno.com.br\/noticias\/agenda-do-dia-lula-tele-magalu-mglu3-br-distribuidora-brdt3\/"},"author":{"name":"Vitor Azevedo","@id":"https:\/\/www.suno.com.br\/noticias\/#\/schema\/person\/658d5fbc74d81f265f5df3562d0038ab"},"headline":"Agenda do dia: fala de Lula, balan\u00e7o da BR Distribuidora (BRDT3) e tele Magalu (MGLU3)","datePublished":"2021-03-09T12:00:30+00:00","dateModified":"2021-03-09T12:04:02+00:00","mainEntityOfPage":{"@id":"https:\/\/www.suno.com.br\/noticias\/agenda-do-dia-lula-tele-magalu-mglu3-br-distribuidora-brdt3\/"},"wordCount":598,"publisher":{"@id":"https:\/\/www.suno.com.br\/noticias\/#organization"},"image":{"@id":"https:\/\/www.suno.com.br\/noticias\/agenda-do-dia-lula-tele-magalu-mglu3-br-distribuidora-brdt3\/#primaryimage"},"thumbnailUrl":"https:\/\/files.sunoresearch.com.br\/n\/uploads\/2021\/03\/3b5922c0-agendadodia-jpg.webp","keywords":["Log-In (LOGN3)","Lula","Magazine Luiza (MGLU3)","Marfrig (MRFG3)","Petz (PETZ3)","Raia Drogasil (RADL3)","Vibra Energia (VBBR3)"],"articleSection":["Mercado"],"inLanguage":"pt-BR"},{"@type":"WebPage","@id":"https:\/\/www.suno.com.br\/noticias\/agenda-do-dia-lula-tele-magalu-mglu3-br-distribuidora-brdt3\/","url":"https:\/\/www.suno.com.br\/noticias\/agenda-do-dia-lula-tele-magalu-mglu3-br-distribuidora-brdt3\/","name":"Agenda do dia: Lula, Magalu (MGLU3) e BR Distribuidora (BRDT3)","isPartOf":{"@id":"https:\/\/www.suno.com.br\/noticias\/#website"},"primaryImageOfPage":{"@id":"https:\/\/www.suno.com.br\/noticias\/agenda-do-dia-lula-tele-magalu-mglu3-br-distribuidora-brdt3\/#primaryimage"},"image":{"@id":"https:\/\/www.suno.com.br\/noticias\/agenda-do-dia-lula-tele-magalu-mglu3-br-distribuidora-brdt3\/#primaryimage"},"thumbnailUrl":"https:\/\/files.sunoresearch.com.br\/n\/uploads\/2021\/03\/3b5922c0-agendadodia-jpg.webp","datePublished":"2021-03-09T12:00:30+00:00","dateModified":"2021-03-09T12:04:02+00:00","description":"A agenda do dia desta ter\u00e7a-feira tem como destaque o pronunciamento de Lula e a tele da Magalu. Clique aqui para saber mais.","breadcrumb":{"@id":"https:\/\/www.suno.com.br\/noticias\/agenda-do-dia-lula-tele-magalu-mglu3-br-distribuidora-brdt3\/#breadcrumb"},"inLanguage":"pt-BR","potentialAction":[{"@type":"ReadAction","target":["https:\/\/www.suno.com.br\/noticias\/agenda-do-dia-lula-tele-magalu-mglu3-br-distribuidora-brdt3\/"]}]},{"@type":"ImageObject","inLanguage":"pt-BR","@id":"https:\/\/www.suno.com.br\/noticias\/agenda-do-dia-lula-tele-magalu-mglu3-br-distribuidora-brdt3\/#primaryimage","url":"https:\/\/files.sunoresearch.com.br\/n\/uploads\/2021\/03\/3b5922c0-agendadodia-jpg.webp","contentUrl":"https:\/\/files.sunoresearch.com.br\/n\/uploads\/2021\/03\/3b5922c0-agendadodia-jpg.webp","width":1024,"height":599,"caption":"Pronunciamento de Lula \u00e9 destaque na agenda do dia"},{"@type":"BreadcrumbList","@id":"https:\/\/www.suno.com.br\/noticias\/agenda-do-dia-lula-tele-magalu-mglu3-br-distribuidora-brdt3\/#breadcrumb","itemListElement":[{"@type":"ListItem","position":1,"name":"Not\u00edcias","item":"https:\/\/www.suno.com.br\/noticias\/"},{"@type":"ListItem","position":2,"name":"Mercado","item":"https:\/\/www.suno.com.br\/noticias\/mercado\/"},{"@type":"ListItem","position":3,"name":"Agenda do dia: fala de Lula, balan\u00e7o da BR Distribuidora (BRDT3) e tele Magalu (MGLU3)"}]},{"@type":"WebSite","@id":"https:\/\/www.suno.com.br\/noticias\/#website","url":"https:\/\/www.suno.com.br\/noticias\/","name":"Suno Not\u00edcias","description":"Seu portal de informa\u00e7\u00e3o sobre o mundo dos investimentos","publisher":{"@id":"https:\/\/www.suno.com.br\/noticias\/#organization"},"potentialAction":[{"@type":"SearchAction","target":{"@type":"EntryPoint","urlTemplate":"https:\/\/www.suno.com.br\/noticias\/?s={search_term_string}"},"query-input":{"@type":"PropertyValueSpecification","valueRequired":true,"valueName":"search_term_string"}}],"inLanguage":"pt-BR"},{"@type":"Organization","@id":"https:\/\/www.suno.com.br\/noticias\/#organization","name":"Suno Not\u00edcias","url":"https:\/\/www.suno.com.br\/noticias\/","logo":{"@type":"ImageObject","inLanguage":"pt-BR","@id":"https:\/\/www.suno.com.br\/noticias\/#\/schema\/logo\/image\/","url":"https:\/\/files.sunoresearch.com.br\/n\/uploads\/2021\/09\/suno-logo.png","contentUrl":"https:\/\/files.sunoresearch.com.br\/n\/uploads\/2021\/09\/suno-logo.png","width":180,"height":180,"caption":"Suno Not\u00edcias"},"image":{"@id":"https:\/\/www.suno.com.br\/noticias\/#\/schema\/logo\/image\/"},"sameAs":["https:\/\/facebook.com\/sunoresearch","https:\/\/x.com\/sunoresearch","https:\/\/www.instagram.com\/suno","https:\/\/www.linkedin.com\/company\/suno-research\/","https:\/\/www.youtube.com\/c\/sunoresearch"]},{"@type":"Person","@id":"https:\/\/www.suno.com.br\/noticias\/#\/schema\/person\/658d5fbc74d81f265f5df3562d0038ab","name":"Vitor Azevedo","image":{"@type":"ImageObject","inLanguage":"pt-BR","@id":"https:\/\/www.suno.com.br\/noticias\/#\/schema\/person\/image\/","url":"https:\/\/secure.gravatar.com\/avatar\/62b86195291b446fe380824eb28b99a5?s=96&r=g","contentUrl":"https:\/\/secure.gravatar.com\/avatar\/62b86195291b446fe380824eb28b99a5?s=96&r=g","caption":"Vitor Azevedo"},"description":"Formado em jornalismo pela Unesp, escreve sobre economia e neg\u00f3cios para a Suno Not\u00edcias.","url":"https:\/\/www.suno.com.br\/noticias\/author\/vitor-azevedo\/"}]}},"default_loop_html":"<div class=\"cardsPage__listCard__boxs\"><div class=\"cardsPage__listCard__boxs__img\"><a href=\"https:\/\/www.suno.com.br\/noticias\/agenda-do-dia-lula-tele-magalu-mglu3-br-distribuidora-brdt3\/\"><img class=\"mask\" src=\"https:\/\/www.suno.com.br\/noticias\/wp-content\/themes\/suno\/resources\/images\/spotlight\/spotlight1img\/bg-mask.png\" alt=\"Image Mask\"\/><img src=\"https:\/\/files.sunoresearch.com.br\/n\/uploads\/2021\/03\/3b5922c0-agendadodia-400x200.webp\" alt=\"Agenda do dia: fala de Lula, balan\u00e7o da BR Distribuidora (BRDT3) e tele Magalu (MGLU3)\"\/><\/a><span class=\"spotlightCategory\"><a href=\"https:\/\/www.suno.com.br\/noticias\/mercado\/\">Mercado<\/a><\/span><\/div><div class=\"cardsPage__listCard__boxs__content\"><a href=\"https:\/\/www.suno.com.br\/noticias\/agenda-do-dia-lula-tele-magalu-mglu3-br-distribuidora-brdt3\/\"><h2 class=\"content__title\">Agenda do dia: fala de Lula, balan\u00e7o da BR Distribuidora (BRDT3) e tele Magalu (MGLU3)<\/h2><\/a><div class=\"newsContent__article__meta\"><div class=\"newsContent__article__meta__authorBox\"><a href=\"https:\/\/www.suno.com.br\/noticias\/author\/vitor-azevedo\/\" class=\"authorBox__avatar noMobi\"><img src=\"https:\/\/secure.gravatar.com\/avatar\/62b86195291b446fe380824eb28b99a5?s=96&#038;r=g\" alt=\"Vitor Azevedo\"><\/a><div class=\"authorBox__name\"><span>por\n\t\t\t<a href=\"https:\/\/www.suno.com.br\/noticias\/author\/vitor-azevedo\/\"><span itemprop=\"author\">Vitor Azevedo<\/span><\/a><\/span><time datetime=\"2021-03-09T09:00:30-03:00\" itemprop=\"datePublished\">09\/03\/2021 09:00<\/time><\/div><\/div><\/div><\/div><\/div>","single_layout":"posts","amp_enabled":true,"_links":{"self":[{"href":"https:\/\/www.suno.com.br\/noticias\/wp-json\/wp\/v2\/posts\/129981"}],"collection":[{"href":"https:\/\/www.suno.com.br\/noticias\/wp-json\/wp\/v2\/posts"}],"about":[{"href":"https:\/\/www.suno.com.br\/noticias\/wp-json\/wp\/v2\/types\/post"}],"author":[{"embeddable":true,"href":"https:\/\/www.suno.com.br\/noticias\/wp-json\/wp\/v2\/users\/59"}],"replies":[{"embeddable":true,"href":"https:\/\/www.suno.com.br\/noticias\/wp-json\/wp\/v2\/comments?post=129981"}],"version-history":[{"count":4,"href":"https:\/\/www.suno.com.br\/noticias\/wp-json\/wp\/v2\/posts\/129981\/revisions"}],"predecessor-version":[{"id":130007,"href":"https:\/\/www.suno.com.br\/noticias\/wp-json\/wp\/v2\/posts\/129981\/revisions\/130007"}],"wp:featuredmedia":[{"embeddable":true,"href":"https:\/\/www.suno.com.br\/noticias\/wp-json\/wp\/v2\/media\/129997"}],"wp:attachment":[{"href":"https:\/\/www.suno.com.br\/noticias\/wp-json\/wp\/v2\/media?parent=129981"}],"wp:term":[{"taxonomy":"category","embeddable":true,"href":"https:\/\/www.suno.com.br\/noticias\/wp-json\/wp\/v2\/categories?post=129981"},{"taxonomy":"post_tag","embeddable":true,"href":"https:\/\/www.suno.com.br\/noticias\/wp-json\/wp\/v2\/tags?post=129981"},{"taxonomy":"suno_strategy","embeddable":true,"href":"https:\/\/www.suno.com.br\/noticias\/wp-json\/wp\/v2\/suno_strategy?post=129981"}],"curies":[{"name":"wp","href":"https:\/\/api.w.org\/{rel}","templated":true}]}}