{"id":129837,"date":"2021-03-08T18:32:49","date_gmt":"2021-03-08T21:32:49","guid":{"rendered":"https:\/\/www.suno.com.br\/noticias\/?p=129837"},"modified":"2021-05-29T20:29:00","modified_gmt":"2021-05-29T23:29:00","slug":"cpff11-pagara-rrendimentos-ifix-fecha-em-queda","status":"publish","type":"post","link":"https:\/\/www.suno.com.br\/noticias\/cpff11-pagara-rrendimentos-ifix-fecha-em-queda\/","title":{"rendered":"CPFF11 pagar\u00e1 R$ 0,80 por cota e IFIX fecha em queda de 0,25%"},"content":{"rendered":"<p>O <b>IFIX<\/b>, \u00edndice de Fundos Imobili\u00e1rios da B3, fechou nesta segunda-feira (8), aos 2.845,42 pontos, apresentando queda de 0,25%.<\/p>\t<div class=\"wrapper-featured-image\">\n\t\t<figure class=\"spotlightImg\">\n\n\t\t\t<picture>\n\t\t\t\t<source media=\"(max-width: 768px)\" srcset=\"https:\/\/files.sunoresearch.com.br\/n\/uploads\/2021\/03\/59aef76d-skyscraper-3184798_1280-400x200.webp\">\n\t\t\t\t<img loading=\"lazy\" decoding=\"async\" class=\"newsContent__article__imgCapa lazyloadDisabled \" src=\"https:\/\/files.sunoresearch.com.br\/n\/uploads\/2021\/03\/59aef76d-skyscraper-3184798_1280-800x450.webp\" width=\"800\" height=\"450\" alt=\"CPFF11 pagar\u00e1 R$ 0,80 por cota e IFIX fecha em queda de 0,25%\" fetchpriority=high \/>\n\t\t\t<\/picture>\n\n\t\t\t<figcaption class=\"wp-caption-text wp-caption-text--show\">Fundos imobili\u00e1rios. Foto: Jason Goh, por Pixabay<\/figcaption>\n\t\t<\/figure>\n\t<\/div>\n\n\n\t<p>\n\t\t<a href=\"https:\/\/lp.suno.com.br\/planilha-controle-gastos\/\" target=\"_blank\" data-element=\"shortcode-suno-banner\" title=\"Banner SUNO, clique e saiba mais\">\n\t\t\t<picture>\n\t\t\t\t<source media=\"(max-width: 500px)\" srcset=\"https:\/\/files.sunoresearch.com.br\/n\/uploads\/2023\/03\/400x300-Planilha-controle-de-gastos.png\">\n\t\t\t\t<img class=\"newsContent__article__imgCapa newsContent__article__imgCapa--banner\"\n\t\t\t\t\tsrc=\"https:\/\/files.sunoresearch.com.br\/n\/uploads\/2023\/03\/1420x240-Planilha-controle-de-gastos.png\"\n\t\t\t\t\tdata-promo-id=\"101751\"\t\t\t\t\t\t\t\t\t\twidth='1420' height='240'\t\t\t\t\talt=\"https:\/\/files.sunoresearch.com.br\/n\/uploads\/2023\/03\/1420x240-Planilha-controle-de-gastos.png\"\n\t\t\t\t>\n\t\t\t<\/picture>\n\t\t<\/a>\n\t<\/p>\n\n\n<p>Com o resultado do <strong><a href=\"https:\/\/www.suno.com.br\/artigos\/ifix\/\">IFIX<\/a> hoje,<\/strong> o \u00edndice acumulou uma queda de 0,76% no ano. Em 2020 reportou uma queda de 11,79%.<\/p>\n<p>Al\u00e9m disso, o mercado ficou atento ao FII <b>CPFF11\u00a0<\/b>que anunciou o pagamento de rendimentos referente ao m\u00eas de fevereiro. O FII pagar\u00e1 R$ 0,80 por cota no dia 16 de mar\u00e7o, ao passo que a data base \u00e9 hoje.<\/p>\n<p><a href=\"https:\/\/lp.suno.com.br\/suno-one\/\">Suno One: acesse gratuitamente eBooks, Minicursos, Artigos e V\u00eddeo Aulas sobre investimentos com um \u00fanico cadastro. Clique para saber mais!<\/a><\/p>\n<p>O\u00a0<strong>HMOC11\u00a0<\/strong>tamb\u00e9m anunciou o pagamento de R$ 23 por cota, no dia 15 de mar\u00e7o. A data base \u00e9 hoje e os rendimentos s\u00e3o referentes \u00e0 mar\u00e7o.<\/p>\n<p>Durante o dia o mercado ainda ficou de olho no <strong>VILG11<\/strong>, cuja sexta emiss\u00e3o foi encerrada no dia 1 de mar\u00e7o, perfazendo o montante de 4.236.451 novas cotas.<\/p>\n<p>Nesse sentido, os recibos resultantes do exerc\u00edcio do Direito de Prefer\u00eancia, seu Direito de Subscri\u00e7\u00e3o de sobras e aloca\u00e7\u00e3o de ordens foram convertidos em cotas do VILG11 hoje no fechamento do mercado.<\/p>\n<p>Todas as cotas subscritas e integralizadas ter\u00e3o direito \u00e0s futuras distribui\u00e7\u00f5es de rendimentos e os cotistas que aderirem \u00e0 oferta p\u00fablica de distribui\u00e7\u00e3o da sexta emiss\u00e3o, devem receber os rendimentos pro rata referentes ao per\u00edodo de aplica\u00e7\u00f5es financeiras dos recursos nos investimentos tempor\u00e1rios no dia 10 de mar\u00e7o.<\/p>\n<h2>Rendimentos da semana de FIIs<\/h2>\n<p>Confira tamb\u00e9m os FIIs que pagar\u00e3o rendimentos nesta semana:<\/p>\n<ul>\n<li><strong>FIIB11<\/strong>: R$ 3,00 por cota, no dia 10 de mar\u00e7o<\/li>\n<li><strong>KNCR11<\/strong>: R$ 0,25 por cota, no dia 11\u00a0 de mar\u00e7o<\/li>\n<li><strong>KNHY<\/strong>: R$ 1,29 por cota, no dia 11 de mar\u00e7o<\/li>\n<li><strong>KNIP11<\/strong>: R$ 1,20 por cota, no dia 11 de mar\u00e7o<\/li>\n<li><strong>VCJR11<\/strong>: R$ 0,59 por cota, no dia 11 de mar\u00e7o<\/li>\n<li><strong>BBPO11<\/strong>: R$ 1,08 por cota, no dia 12 de mar\u00e7o<\/li>\n<li><strong>BCRI11<\/strong>: R$ 1,01 por cota, no dia 12 de mar\u00e7o<\/li>\n<li><strong>BTCR11<\/strong>: R$ 0,60 por cota, no dia 12 de mar\u00e7o<\/li>\n<li><strong>FIGS11<\/strong>: R$ 0,29 por cota, no dia 12 de mar\u00e7o<\/li>\n<li><strong>FLMA11<\/strong>: R$ 0,01 por cota, no dia 12 de mar\u00e7o<\/li>\n<li><strong>GTWR11<\/strong>: R$ 0,67 por cota, no dia 12 de mar\u00e7o<\/li>\n<li><strong>HABT11<\/strong>: R$ 1,25 por cota, no dia 12 de mar\u00e7o<\/li>\n<li><strong>HFOF11<\/strong>: R$ 0,55 por cota, no dia 12 de mar\u00e7o<\/li>\n<li><strong>HGBS11<\/strong>: R$ 0,80 por cota, no dia 12 de mar\u00e7o<\/li>\n<li><strong>HGCR11<\/strong>: R$ 0,62 por cota, no dia 12 de mar\u00e7o<\/li>\n<li><strong>HGFF11<\/strong>: R$ 0,55 por cota, no dia 12 de mar\u00e7o<\/li>\n<li><strong>HGLG11<\/strong>: R$ 0,78 por cota, no dia 12 de mar\u00e7o<\/li>\n<li><strong>HGPO11<\/strong>: R$ 1,01 por cota, no dia 12 de mar\u00e7o<\/li>\n<li><strong>HGRE11<\/strong>: R$ 0,67 por cota, no dia 12 de mar\u00e7o<\/li>\n<li><strong>HGRU11<\/strong>: R$ 0,68 por cota, no dia 12 de mar\u00e7o<\/li>\n<li><strong>KFOF11<\/strong>: R$ 0,55 por cota, no dia 12 de mar\u00e7o<\/li>\n<li><strong>KNRI11<\/strong>: R$ 0,69 por cota, no dia 12 de mar\u00e7o<\/li>\n<li><strong>MALL11<\/strong>: R$ 0,60 por cota, no dia 12 de mar\u00e7o<\/li>\n<li><strong>MFII11<\/strong>: R$ 1,01 por cota, no dia 12 de mar\u00e7o<\/li>\n<li><strong>MXRF11<\/strong>: R$ 0,08 por cota, no dia 12 de mar\u00e7o<\/li>\n<li><strong>OUJP11<\/strong>: R$ 0,75 por cota, no dia 12 de mar\u00e7o<\/li>\n<li><strong>PLCR11<\/strong>: R$ 0,90 por cota, no dia 12 de mar\u00e7o<\/li>\n<li><strong>RBED11<\/strong>: R$ 1,03 por cota, no dia 12 de mar\u00e7o<\/li>\n<li><strong>RNGO11<\/strong>: R$ 0,41 por cota, no dia 12 de mar\u00e7o<\/li>\n<li><strong>SADI11<\/strong>: R$ 0,19 por cota, no dia 12 de mar\u00e7o<\/li>\n<li><strong>SARE11<\/strong>: R$ 0,63 por cota, no dia 12 de mar\u00e7o<\/li>\n<li><strong>TEPP11<\/strong>: R$ 0,45 por cota, no dia 12 de mar\u00e7o<\/li>\n<li><strong>TRXF11<\/strong>: R$ 0,70 por cota, no dia 12 de mar\u00e7o<\/li>\n<li><strong>VILG11<\/strong>: R$ 0,60 por cota, no dia 12 de mar\u00e7o<\/li>\n<li><strong>VINO11<\/strong>: R$ 0,45 por cota, no dia 12 de mar\u00e7o<\/li>\n<li><strong>VISC11<\/strong>: R$ 0,55 por cota, no dia 12 de mar\u00e7o<\/li>\n<li><strong>XPCI11<\/strong>: R$ 0,85 por cota, no dia 12 de mar\u00e7o<\/li>\n<li><strong>XPCM11<\/strong>: R$ 0,38 por cota, no dia 12 de mar\u00e7o<\/li>\n<li><strong>XPLG11<\/strong>: R$ 0,58por cota, no dia 12 de mar\u00e7o<\/li>\n<li><strong>XPPR11<\/strong>: R$ 0,48 por cota, no dia 12 de mar\u00e7o<\/li>\n<li><strong>XPSF11<\/strong>: R$ 0,77 por cota, no dia 12 de mar\u00e7o<\/li>\n<\/ul>\n\t<div data-element=\"shortcode-read-more\" class=\"knowMore\">\n\t\t\t\t<span class=\"knowMore__title\">Leia tamb\u00e9m<\/span>\n\t\t\t\t<a class=\"knowMore__link\" href=\"https:\/\/www.suno.com.br\/noticias\/mxrf11-maxi-renda-oferta-cotas\/\">\n\t\t\tMXRF11 aprova nova oferta de cotas para buscar R$ 450 milh\u00f5es\t\t<\/a>\n\t<\/div>\n\n\n<h2>Maiores altas e baixas do dia<\/h2>\n<p>Confira as maiores altas e baixas do dia no IFIX:<\/p>\n<h3>Maiores Altas do dia\u00a0no IFIX:<\/h3>\n<ul>\n<li><strong>FIGS11<\/strong>: +4,75%\/ R$ 62,85<\/li>\n<li><strong>XPPR11<\/strong>: +3,56% \/ R$ 72,45<\/li>\n<li><strong>LVBI11<\/strong>: + 3,22% \/R$ 118,00<\/li>\n<li><strong>IRDM11<\/strong>: +2,52% \/R$ 140,79<\/li>\n<li><strong>GTWR11<\/strong>: + 2,35% \/R$ 109,00<\/li>\n<\/ul>\n\t<p>\n\t\t<a href=\"https:\/\/lp.suno.com.br\/planilha-da-vida-financeira\/\" target=\"_blank\" data-element=\"shortcode-suno-banner\" title=\"Banner SUNO, clique e saiba mais\">\n\t\t\t<picture>\n\t\t\t\t<source media=\"(max-width: 500px)\" srcset=\"https:\/\/files.sunoresearch.com.br\/n\/uploads\/2023\/04\/400x300-Planilha-vida-financeira-true.png\">\n\t\t\t\t<img class=\"newsContent__article__imgCapa newsContent__article__imgCapa--banner\"\n\t\t\t\t\tsrc=\"https:\/\/files.sunoresearch.com.br\/n\/uploads\/2023\/04\/1420x240-Planilha-vida-financeira-true.png\"\n\t\t\t\t\tdata-promo-id=\"106682\"\t\t\t\t\t\t\t\t\t\twidth='1420' height='240'\t\t\t\t\talt=\"https:\/\/files.sunoresearch.com.br\/n\/uploads\/2023\/04\/1420x240-Planilha-vida-financeira-true.png\"\n\t\t\t\t>\n\t\t\t<\/picture>\n\t\t<\/a>\n\t<\/p>\n\n\n<h3>Maiores Baixas do dia no IFIX:<\/h3>\n<ul>\n<li><strong>RCRB11<\/strong>: -4,03% \/ R$ 151,82<\/li>\n<li><strong>HCTR11<\/strong>: -2,56% \/ R$ 144,01<\/li>\n<li><b>BRCR11<\/b>: -2,13% \/ R$ 82,71<\/li>\n<li><strong>BTCR11<\/strong>: -2,08% \/ R$ 89,89<\/li>\n<li><strong>OULG11<\/strong>: -2,05% \/ R$ 73,14<\/li>\n<\/ul>\n<h2>O que \u00e9 o IFIX<\/h2>\n<p>O <b>IFIX <\/b>\u00e9 um indicador criado pela <a href=\"https:\/\/www.suno.com.br\/artigos\/b3\/\"><strong>Bolsa de Valores de S\u00e3o Paulo (B3)<\/strong><\/a> que tem como objetivo a medi\u00e7\u00e3o da performance de uma carteira composta por cotas de <strong>Fundos Imobili\u00e1rios.<\/strong><\/p>\n\t<p>\n\t\t<a href=\"https:\/\/lp.suno.com.br\/planilha-de-controle-de-investimentos\/\" target=\"_blank\" data-element=\"shortcode-suno-banner\" title=\"Banner SUNO, clique e saiba mais\">\n\t\t\t<picture>\n\t\t\t\t<source media=\"(max-width: 500px)\" srcset=\"https:\/\/files.sunoresearch.com.br\/n\/uploads\/2023\/03\/400x300-Controle-de-Investimentos.png\">\n\t\t\t\t<img class=\"newsContent__article__imgCapa newsContent__article__imgCapa--banner\"\n\t\t\t\t\tsrc=\"https:\/\/files.sunoresearch.com.br\/n\/uploads\/2023\/03\/1420x240-Controle-de-Investimentos.png\"\n\t\t\t\t\tdata-promo-id=\"75934\"\t\t\t\t\t\t\t\t\t\twidth='1420' height='240'\t\t\t\t\talt=\"https:\/\/files.sunoresearch.com.br\/n\/uploads\/2023\/03\/1420x240-Controle-de-Investimentos.png\"\n\t\t\t\t>\n\t\t\t<\/picture>\n\t\t<\/a>\n\t<\/p>\n\n\n","protected":false},"excerpt":{"rendered":"<p>O IFIX, \u00edndice de Fundos Imobili\u00e1rios da B3, fechou nesta segunda-feira (8), aos 2.845,42 pontos, apresentando queda de 0,25%. Fundos imobili\u00e1rios. Foto: Jason Goh, por Pixabay Com o resultado do IFIX hoje, o \u00edndice acumulou uma queda de 0,76% no ano. Em 2020 reportou uma queda de 11,79%. Al\u00e9m disso, o mercado ficou atento ao [&hellip;]<\/p>\n","protected":false},"author":39,"featured_media":135909,"comment_status":"closed","ping_status":"closed","sticky":false,"template":"","format":"standard","meta":[],"categories":[66,60],"tags":[105967,315,105968,2689,105553],"suno_strategy":[],"class_list":["post-129837","post","type-post","status-publish","format-standard","has-post-thumbnail","hentry","category-fiis","category-mercado","tag-cpff11","tag-fundos-imobiliarios-fiis","tag-hmoc11","tag-ifix","tag-vilg11"],"yoast_head":"<!-- This site is optimized with the Yoast SEO plugin v24.4 - https:\/\/yoast.com\/wordpress\/plugins\/seo\/ -->\n<title>CPFF11 pagar\u00e1 R$ 0,80 por cota e IFIX fecha em queda de 0,25%<\/title>\n<meta name=\"description\" content=\"O IFIX fechou nesta segunda-feira (8), aos 2.845,42 pontos, apresentando queda de 0,25%. Clique aqui e saiba mais sobre o IFIX hoje.\" \/>\n<meta name=\"robots\" content=\"index, follow, max-snippet:-1, max-image-preview:large, max-video-preview:-1\" \/>\n<link rel=\"canonical\" href=\"https:\/\/www.suno.com.br\/noticias\/cpff11-pagara-rrendimentos-ifix-fecha-em-queda\/\" \/>\n<meta property=\"og:locale\" content=\"pt_BR\" \/>\n<meta property=\"og:type\" content=\"article\" \/>\n<meta property=\"og:title\" content=\"CPFF11 pagar\u00e1 R$ 0,80 por cota e IFIX fecha em queda de 0,25%\" \/>\n<meta property=\"og:description\" content=\"O IFIX fechou nesta segunda-feira (8), aos 2.845,42 pontos, apresentando queda de 0,25%. Clique aqui e saiba mais sobre o IFIX hoje.\" \/>\n<meta property=\"og:url\" content=\"https:\/\/www.suno.com.br\/noticias\/cpff11-pagara-rrendimentos-ifix-fecha-em-queda\/\" \/>\n<meta property=\"og:site_name\" content=\"Suno Not\u00edcias\" \/>\n<meta property=\"article:publisher\" content=\"https:\/\/facebook.com\/sunoresearch\" \/>\n<meta property=\"og:image\" content=\"https:\/\/files.sunoresearch.com.br\/n\/uploads\/2021\/03\/59aef76d-skyscraper-3184798_1280.jpg\" \/>\n\t<meta property=\"og:image:width\" content=\"1280\" \/>\n\t<meta property=\"og:image:height\" content=\"853\" \/>\n\t<meta property=\"og:image:type\" content=\"image\/jpeg\" \/>\n<meta name=\"author\" content=\"Laura Moutinho\" \/>\n<meta name=\"twitter:card\" content=\"summary_large_image\" \/>\n<meta name=\"twitter:creator\" content=\"@sunoresearch\" \/>\n<meta name=\"twitter:site\" content=\"@sunoresearch\" \/>\n<meta name=\"twitter:label1\" content=\"Escrito por\" \/>\n\t<meta name=\"twitter:data1\" content=\"Laura Moutinho\" \/>\n\t<meta name=\"twitter:label2\" content=\"Est. tempo de leitura\" \/>\n\t<meta name=\"twitter:data2\" content=\"4 minutos\" \/>\n<script type=\"application\/ld+json\" class=\"yoast-schema-graph\">{\"@context\":\"https:\/\/schema.org\",\"@graph\":[{\"@type\":\"NewsArticle\",\"@id\":\"https:\/\/www.suno.com.br\/noticias\/cpff11-pagara-rrendimentos-ifix-fecha-em-queda\/#article\",\"isPartOf\":{\"@id\":\"https:\/\/www.suno.com.br\/noticias\/cpff11-pagara-rrendimentos-ifix-fecha-em-queda\/\"},\"author\":{\"name\":\"Laura Moutinho\",\"@id\":\"https:\/\/www.suno.com.br\/noticias\/#\/schema\/person\/3df0d2808748b74496efe5dbeaef2c72\"},\"headline\":\"CPFF11 pagar\u00e1 R$ 0,80 por cota e IFIX fecha em queda de 0,25%\",\"datePublished\":\"2021-03-08T21:32:49+00:00\",\"dateModified\":\"2021-05-29T23:29:00+00:00\",\"mainEntityOfPage\":{\"@id\":\"https:\/\/www.suno.com.br\/noticias\/cpff11-pagara-rrendimentos-ifix-fecha-em-queda\/\"},\"wordCount\":747,\"publisher\":{\"@id\":\"https:\/\/www.suno.com.br\/noticias\/#organization\"},\"image\":{\"@id\":\"https:\/\/www.suno.com.br\/noticias\/cpff11-pagara-rrendimentos-ifix-fecha-em-queda\/#primaryimage\"},\"thumbnailUrl\":\"https:\/\/files.sunoresearch.com.br\/n\/uploads\/2021\/03\/59aef76d-skyscraper-3184798_1280-jpg.webp\",\"keywords\":[\"CPFF11\",\"Fundos Imobili\u00e1rios (FIIs)\",\"HMOC11\",\"IFIX\",\"VILG11\"],\"articleSection\":[\"FIIs\",\"Mercado\"],\"inLanguage\":\"pt-BR\"},{\"@type\":\"WebPage\",\"@id\":\"https:\/\/www.suno.com.br\/noticias\/cpff11-pagara-rrendimentos-ifix-fecha-em-queda\/\",\"url\":\"https:\/\/www.suno.com.br\/noticias\/cpff11-pagara-rrendimentos-ifix-fecha-em-queda\/\",\"name\":\"CPFF11 pagar\u00e1 R$ 0,80 por cota e IFIX fecha em queda de 0,25%\",\"isPartOf\":{\"@id\":\"https:\/\/www.suno.com.br\/noticias\/#website\"},\"primaryImageOfPage\":{\"@id\":\"https:\/\/www.suno.com.br\/noticias\/cpff11-pagara-rrendimentos-ifix-fecha-em-queda\/#primaryimage\"},\"image\":{\"@id\":\"https:\/\/www.suno.com.br\/noticias\/cpff11-pagara-rrendimentos-ifix-fecha-em-queda\/#primaryimage\"},\"thumbnailUrl\":\"https:\/\/files.sunoresearch.com.br\/n\/uploads\/2021\/03\/59aef76d-skyscraper-3184798_1280-jpg.webp\",\"datePublished\":\"2021-03-08T21:32:49+00:00\",\"dateModified\":\"2021-05-29T23:29:00+00:00\",\"description\":\"O IFIX fechou nesta segunda-feira (8), aos 2.845,42 pontos, apresentando queda de 0,25%. Clique aqui e saiba mais sobre o IFIX hoje.\",\"breadcrumb\":{\"@id\":\"https:\/\/www.suno.com.br\/noticias\/cpff11-pagara-rrendimentos-ifix-fecha-em-queda\/#breadcrumb\"},\"inLanguage\":\"pt-BR\",\"potentialAction\":[{\"@type\":\"ReadAction\",\"target\":[\"https:\/\/www.suno.com.br\/noticias\/cpff11-pagara-rrendimentos-ifix-fecha-em-queda\/\"]}]},{\"@type\":\"ImageObject\",\"inLanguage\":\"pt-BR\",\"@id\":\"https:\/\/www.suno.com.br\/noticias\/cpff11-pagara-rrendimentos-ifix-fecha-em-queda\/#primaryimage\",\"url\":\"https:\/\/files.sunoresearch.com.br\/n\/uploads\/2021\/03\/59aef76d-skyscraper-3184798_1280-jpg.webp\",\"contentUrl\":\"https:\/\/files.sunoresearch.com.br\/n\/uploads\/2021\/03\/59aef76d-skyscraper-3184798_1280-jpg.webp\",\"width\":1280,\"height\":853,\"caption\":\"Fundos imobili\u00e1rios. Foto: Jason Goh, por Pixabay\"},{\"@type\":\"BreadcrumbList\",\"@id\":\"https:\/\/www.suno.com.br\/noticias\/cpff11-pagara-rrendimentos-ifix-fecha-em-queda\/#breadcrumb\",\"itemListElement\":[{\"@type\":\"ListItem\",\"position\":1,\"name\":\"Not\u00edcias\",\"item\":\"https:\/\/www.suno.com.br\/noticias\/\"},{\"@type\":\"ListItem\",\"position\":2,\"name\":\"FIIs\",\"item\":\"https:\/\/www.suno.com.br\/noticias\/fiis\/\"},{\"@type\":\"ListItem\",\"position\":3,\"name\":\"CPFF11 pagar\u00e1 R$ 0,80 por cota e IFIX fecha em queda de 0,25%\"}]},{\"@type\":\"WebSite\",\"@id\":\"https:\/\/www.suno.com.br\/noticias\/#website\",\"url\":\"https:\/\/www.suno.com.br\/noticias\/\",\"name\":\"Suno Not\u00edcias\",\"description\":\"Seu portal de informa\u00e7\u00e3o sobre o mundo dos investimentos\",\"publisher\":{\"@id\":\"https:\/\/www.suno.com.br\/noticias\/#organization\"},\"potentialAction\":[{\"@type\":\"SearchAction\",\"target\":{\"@type\":\"EntryPoint\",\"urlTemplate\":\"https:\/\/www.suno.com.br\/noticias\/?s={search_term_string}\"},\"query-input\":{\"@type\":\"PropertyValueSpecification\",\"valueRequired\":true,\"valueName\":\"search_term_string\"}}],\"inLanguage\":\"pt-BR\"},{\"@type\":\"Organization\",\"@id\":\"https:\/\/www.suno.com.br\/noticias\/#organization\",\"name\":\"Suno Not\u00edcias\",\"url\":\"https:\/\/www.suno.com.br\/noticias\/\",\"logo\":{\"@type\":\"ImageObject\",\"inLanguage\":\"pt-BR\",\"@id\":\"https:\/\/www.suno.com.br\/noticias\/#\/schema\/logo\/image\/\",\"url\":\"https:\/\/files.sunoresearch.com.br\/n\/uploads\/2021\/09\/suno-logo.png\",\"contentUrl\":\"https:\/\/files.sunoresearch.com.br\/n\/uploads\/2021\/09\/suno-logo.png\",\"width\":180,\"height\":180,\"caption\":\"Suno Not\u00edcias\"},\"image\":{\"@id\":\"https:\/\/www.suno.com.br\/noticias\/#\/schema\/logo\/image\/\"},\"sameAs\":[\"https:\/\/facebook.com\/sunoresearch\",\"https:\/\/x.com\/sunoresearch\",\"https:\/\/www.instagram.com\/suno\",\"https:\/\/www.linkedin.com\/company\/suno-research\/\",\"https:\/\/www.youtube.com\/c\/sunoresearch\"]},{\"@type\":\"Person\",\"@id\":\"https:\/\/www.suno.com.br\/noticias\/#\/schema\/person\/3df0d2808748b74496efe5dbeaef2c72\",\"name\":\"Laura Moutinho\",\"image\":{\"@type\":\"ImageObject\",\"inLanguage\":\"pt-BR\",\"@id\":\"https:\/\/www.suno.com.br\/noticias\/#\/schema\/person\/image\/\",\"url\":\"https:\/\/secure.gravatar.com\/avatar\/7571c7c8ca3a6fca5e41384ece5557ff?s=96&r=g\",\"contentUrl\":\"https:\/\/secure.gravatar.com\/avatar\/7571c7c8ca3a6fca5e41384ece5557ff?s=96&r=g\",\"caption\":\"Laura Moutinho\"},\"description\":\"Estagi\u00e1ria na Suno Not\u00edcias, escreve not\u00edcias que afetam o mercado financeiro. Estuda administra\u00e7\u00e3o na Universidade Presbiteriana Mackenzie.\",\"url\":\"https:\/\/www.suno.com.br\/noticias\/author\/laura-moutinho\/\"}]}<\/script>\n<!-- \/ Yoast SEO plugin. -->","yoast_head_json":{"title":"CPFF11 pagar\u00e1 R$ 0,80 por cota e IFIX fecha em queda de 0,25%","description":"O IFIX fechou nesta segunda-feira (8), aos 2.845,42 pontos, apresentando queda de 0,25%. Clique aqui e saiba mais sobre o IFIX hoje.","robots":{"index":"index","follow":"follow","max-snippet":"max-snippet:-1","max-image-preview":"max-image-preview:large","max-video-preview":"max-video-preview:-1"},"canonical":"https:\/\/www.suno.com.br\/noticias\/cpff11-pagara-rrendimentos-ifix-fecha-em-queda\/","og_locale":"pt_BR","og_type":"article","og_title":"CPFF11 pagar\u00e1 R$ 0,80 por cota e IFIX fecha em queda de 0,25%","og_description":"O IFIX fechou nesta segunda-feira (8), aos 2.845,42 pontos, apresentando queda de 0,25%. Clique aqui e saiba mais sobre o IFIX hoje.","og_url":"https:\/\/www.suno.com.br\/noticias\/cpff11-pagara-rrendimentos-ifix-fecha-em-queda\/","og_site_name":"Suno Not\u00edcias","article_publisher":"https:\/\/facebook.com\/sunoresearch","og_image":[{"width":1280,"height":853,"url":"https:\/\/files.sunoresearch.com.br\/n\/uploads\/2021\/03\/59aef76d-skyscraper-3184798_1280.jpg","type":"image\/jpeg"}],"author":"Laura Moutinho","twitter_card":"summary_large_image","twitter_creator":"@sunoresearch","twitter_site":"@sunoresearch","twitter_misc":{"Escrito por":"Laura Moutinho","Est. tempo de leitura":"4 minutos"},"schema":{"@context":"https:\/\/schema.org","@graph":[{"@type":"NewsArticle","@id":"https:\/\/www.suno.com.br\/noticias\/cpff11-pagara-rrendimentos-ifix-fecha-em-queda\/#article","isPartOf":{"@id":"https:\/\/www.suno.com.br\/noticias\/cpff11-pagara-rrendimentos-ifix-fecha-em-queda\/"},"author":{"name":"Laura Moutinho","@id":"https:\/\/www.suno.com.br\/noticias\/#\/schema\/person\/3df0d2808748b74496efe5dbeaef2c72"},"headline":"CPFF11 pagar\u00e1 R$ 0,80 por cota e IFIX fecha em queda de 0,25%","datePublished":"2021-03-08T21:32:49+00:00","dateModified":"2021-05-29T23:29:00+00:00","mainEntityOfPage":{"@id":"https:\/\/www.suno.com.br\/noticias\/cpff11-pagara-rrendimentos-ifix-fecha-em-queda\/"},"wordCount":747,"publisher":{"@id":"https:\/\/www.suno.com.br\/noticias\/#organization"},"image":{"@id":"https:\/\/www.suno.com.br\/noticias\/cpff11-pagara-rrendimentos-ifix-fecha-em-queda\/#primaryimage"},"thumbnailUrl":"https:\/\/files.sunoresearch.com.br\/n\/uploads\/2021\/03\/59aef76d-skyscraper-3184798_1280-jpg.webp","keywords":["CPFF11","Fundos Imobili\u00e1rios (FIIs)","HMOC11","IFIX","VILG11"],"articleSection":["FIIs","Mercado"],"inLanguage":"pt-BR"},{"@type":"WebPage","@id":"https:\/\/www.suno.com.br\/noticias\/cpff11-pagara-rrendimentos-ifix-fecha-em-queda\/","url":"https:\/\/www.suno.com.br\/noticias\/cpff11-pagara-rrendimentos-ifix-fecha-em-queda\/","name":"CPFF11 pagar\u00e1 R$ 0,80 por cota e IFIX fecha em queda de 0,25%","isPartOf":{"@id":"https:\/\/www.suno.com.br\/noticias\/#website"},"primaryImageOfPage":{"@id":"https:\/\/www.suno.com.br\/noticias\/cpff11-pagara-rrendimentos-ifix-fecha-em-queda\/#primaryimage"},"image":{"@id":"https:\/\/www.suno.com.br\/noticias\/cpff11-pagara-rrendimentos-ifix-fecha-em-queda\/#primaryimage"},"thumbnailUrl":"https:\/\/files.sunoresearch.com.br\/n\/uploads\/2021\/03\/59aef76d-skyscraper-3184798_1280-jpg.webp","datePublished":"2021-03-08T21:32:49+00:00","dateModified":"2021-05-29T23:29:00+00:00","description":"O IFIX fechou nesta segunda-feira (8), aos 2.845,42 pontos, apresentando queda de 0,25%. Clique aqui e saiba mais sobre o IFIX hoje.","breadcrumb":{"@id":"https:\/\/www.suno.com.br\/noticias\/cpff11-pagara-rrendimentos-ifix-fecha-em-queda\/#breadcrumb"},"inLanguage":"pt-BR","potentialAction":[{"@type":"ReadAction","target":["https:\/\/www.suno.com.br\/noticias\/cpff11-pagara-rrendimentos-ifix-fecha-em-queda\/"]}]},{"@type":"ImageObject","inLanguage":"pt-BR","@id":"https:\/\/www.suno.com.br\/noticias\/cpff11-pagara-rrendimentos-ifix-fecha-em-queda\/#primaryimage","url":"https:\/\/files.sunoresearch.com.br\/n\/uploads\/2021\/03\/59aef76d-skyscraper-3184798_1280-jpg.webp","contentUrl":"https:\/\/files.sunoresearch.com.br\/n\/uploads\/2021\/03\/59aef76d-skyscraper-3184798_1280-jpg.webp","width":1280,"height":853,"caption":"Fundos imobili\u00e1rios. Foto: Jason Goh, por Pixabay"},{"@type":"BreadcrumbList","@id":"https:\/\/www.suno.com.br\/noticias\/cpff11-pagara-rrendimentos-ifix-fecha-em-queda\/#breadcrumb","itemListElement":[{"@type":"ListItem","position":1,"name":"Not\u00edcias","item":"https:\/\/www.suno.com.br\/noticias\/"},{"@type":"ListItem","position":2,"name":"FIIs","item":"https:\/\/www.suno.com.br\/noticias\/fiis\/"},{"@type":"ListItem","position":3,"name":"CPFF11 pagar\u00e1 R$ 0,80 por cota e IFIX fecha em queda de 0,25%"}]},{"@type":"WebSite","@id":"https:\/\/www.suno.com.br\/noticias\/#website","url":"https:\/\/www.suno.com.br\/noticias\/","name":"Suno Not\u00edcias","description":"Seu portal de informa\u00e7\u00e3o sobre o mundo dos investimentos","publisher":{"@id":"https:\/\/www.suno.com.br\/noticias\/#organization"},"potentialAction":[{"@type":"SearchAction","target":{"@type":"EntryPoint","urlTemplate":"https:\/\/www.suno.com.br\/noticias\/?s={search_term_string}"},"query-input":{"@type":"PropertyValueSpecification","valueRequired":true,"valueName":"search_term_string"}}],"inLanguage":"pt-BR"},{"@type":"Organization","@id":"https:\/\/www.suno.com.br\/noticias\/#organization","name":"Suno Not\u00edcias","url":"https:\/\/www.suno.com.br\/noticias\/","logo":{"@type":"ImageObject","inLanguage":"pt-BR","@id":"https:\/\/www.suno.com.br\/noticias\/#\/schema\/logo\/image\/","url":"https:\/\/files.sunoresearch.com.br\/n\/uploads\/2021\/09\/suno-logo.png","contentUrl":"https:\/\/files.sunoresearch.com.br\/n\/uploads\/2021\/09\/suno-logo.png","width":180,"height":180,"caption":"Suno Not\u00edcias"},"image":{"@id":"https:\/\/www.suno.com.br\/noticias\/#\/schema\/logo\/image\/"},"sameAs":["https:\/\/facebook.com\/sunoresearch","https:\/\/x.com\/sunoresearch","https:\/\/www.instagram.com\/suno","https:\/\/www.linkedin.com\/company\/suno-research\/","https:\/\/www.youtube.com\/c\/sunoresearch"]},{"@type":"Person","@id":"https:\/\/www.suno.com.br\/noticias\/#\/schema\/person\/3df0d2808748b74496efe5dbeaef2c72","name":"Laura Moutinho","image":{"@type":"ImageObject","inLanguage":"pt-BR","@id":"https:\/\/www.suno.com.br\/noticias\/#\/schema\/person\/image\/","url":"https:\/\/secure.gravatar.com\/avatar\/7571c7c8ca3a6fca5e41384ece5557ff?s=96&r=g","contentUrl":"https:\/\/secure.gravatar.com\/avatar\/7571c7c8ca3a6fca5e41384ece5557ff?s=96&r=g","caption":"Laura Moutinho"},"description":"Estagi\u00e1ria na Suno Not\u00edcias, escreve not\u00edcias que afetam o mercado financeiro. Estuda administra\u00e7\u00e3o na Universidade Presbiteriana Mackenzie.","url":"https:\/\/www.suno.com.br\/noticias\/author\/laura-moutinho\/"}]}},"default_loop_html":"<div class=\"cardsPage__listCard__boxs\"><div class=\"cardsPage__listCard__boxs__img\"><a href=\"https:\/\/www.suno.com.br\/noticias\/cpff11-pagara-rrendimentos-ifix-fecha-em-queda\/\"><img class=\"mask\" src=\"https:\/\/www.suno.com.br\/noticias\/wp-content\/themes\/suno\/resources\/images\/spotlight\/spotlight1img\/bg-mask.png\" alt=\"Image Mask\"\/><img src=\"https:\/\/files.sunoresearch.com.br\/n\/uploads\/2021\/03\/59aef76d-skyscraper-3184798_1280-400x200.webp\" alt=\"CPFF11 pagar\u00e1 R$ 0,80 por cota e IFIX fecha em queda de 0,25%\"\/><\/a><span class=\"spotlightCategory\"><a href=\"https:\/\/www.suno.com.br\/noticias\/fiis\/\">FIIs<\/a><\/span><\/div><div class=\"cardsPage__listCard__boxs__content\"><a href=\"https:\/\/www.suno.com.br\/noticias\/cpff11-pagara-rrendimentos-ifix-fecha-em-queda\/\"><h2 class=\"content__title\">CPFF11 pagar\u00e1 R$ 0,80 por cota e IFIX fecha em queda de 0,25%<\/h2><\/a><div class=\"newsContent__article__meta\"><div class=\"newsContent__article__meta__authorBox\"><a href=\"https:\/\/www.suno.com.br\/noticias\/author\/laura-moutinho\/\" class=\"authorBox__avatar noMobi\"><img src=\"https:\/\/files.sunoresearch.com.br\/n\/uploads\/2020\/08\/531ff69d-whatsapp-image-2020-08-03-at-14.54.38-150x150.webp\" alt=\"Laura Moutinho\"><\/a><div class=\"authorBox__name\"><span>por\n\t\t\t<a href=\"https:\/\/www.suno.com.br\/noticias\/author\/laura-moutinho\/\"><span itemprop=\"author\">Laura Moutinho<\/span><\/a><\/span><time datetime=\"2021-03-08T18:32:49-03:00\" itemprop=\"datePublished\">08\/03\/2021 18:32<\/time><\/div><\/div><\/div><\/div><\/div>","single_layout":"posts","amp_enabled":true,"_links":{"self":[{"href":"https:\/\/www.suno.com.br\/noticias\/wp-json\/wp\/v2\/posts\/129837"}],"collection":[{"href":"https:\/\/www.suno.com.br\/noticias\/wp-json\/wp\/v2\/posts"}],"about":[{"href":"https:\/\/www.suno.com.br\/noticias\/wp-json\/wp\/v2\/types\/post"}],"author":[{"embeddable":true,"href":"https:\/\/www.suno.com.br\/noticias\/wp-json\/wp\/v2\/users\/39"}],"replies":[{"embeddable":true,"href":"https:\/\/www.suno.com.br\/noticias\/wp-json\/wp\/v2\/comments?post=129837"}],"version-history":[{"count":3,"href":"https:\/\/www.suno.com.br\/noticias\/wp-json\/wp\/v2\/posts\/129837\/revisions"}],"predecessor-version":[{"id":129872,"href":"https:\/\/www.suno.com.br\/noticias\/wp-json\/wp\/v2\/posts\/129837\/revisions\/129872"}],"wp:featuredmedia":[{"embeddable":true,"href":"https:\/\/www.suno.com.br\/noticias\/wp-json\/wp\/v2\/media\/135909"}],"wp:attachment":[{"href":"https:\/\/www.suno.com.br\/noticias\/wp-json\/wp\/v2\/media?parent=129837"}],"wp:term":[{"taxonomy":"category","embeddable":true,"href":"https:\/\/www.suno.com.br\/noticias\/wp-json\/wp\/v2\/categories?post=129837"},{"taxonomy":"post_tag","embeddable":true,"href":"https:\/\/www.suno.com.br\/noticias\/wp-json\/wp\/v2\/tags?post=129837"},{"taxonomy":"suno_strategy","embeddable":true,"href":"https:\/\/www.suno.com.br\/noticias\/wp-json\/wp\/v2\/suno_strategy?post=129837"}],"curies":[{"name":"wp","href":"https:\/\/api.w.org\/{rel}","templated":true}]}}