{"id":129667,"date":"2021-03-08T10:54:08","date_gmt":"2021-03-08T13:54:08","guid":{"rendered":"https:\/\/www.suno.com.br\/noticias\/?p=129667"},"modified":"2021-03-08T10:54:08","modified_gmt":"2021-03-08T13:54:08","slug":"movida-movi3-barrar-fusao-localiza-rent3-unidas-lcam3","status":"publish","type":"post","link":"https:\/\/www.suno.com.br\/noticias\/movida-movi3-barrar-fusao-localiza-rent3-unidas-lcam3\/","title":{"rendered":"Movida (MOVI3) entra no Cade contra fus\u00e3o da Localiza (RENT3) e Unidas (LCAM3)"},"content":{"rendered":"<p>A <a href=\"https:\/\/www.suno.com.br\/acoes\/movi3\/\">Movida (MOVI3)<\/a> anunciou nesta segunda-feira (8) que entrou com a\u00e7\u00e3o no <a href=\"https:\/\/www.suno.com.br\/artigos\/cade\/\">Conselho Administrativo de Defesa Econ\u00f4mica (Cade)<\/a> pedindo para atuar como terceira interessada na fus\u00e3o de neg\u00f3cios entre a <a href=\"https:\/\/www.suno.com.br\/acoes\/rent3\/\">Localiza (RENT3)<\/a> e a <a href=\"https:\/\/www.suno.com.br\/acoes\/lcam3\/\">Unidas (LCAM3<\/a>) e demandando tamb\u00e9m reprova\u00e7\u00e3o da combina\u00e7\u00e3o das duas empresas.<\/p>\t<div class=\"wrapper-featured-image\">\n\t\t<figure class=\"spotlightImg\">\n\n\t\t\t<picture>\n\t\t\t\t<source media=\"(max-width: 768px)\" srcset=\"https:\/\/files.sunoresearch.com.br\/n\/uploads\/2021\/03\/1255ed16-movida-400x200.webp\">\n\t\t\t\t<img loading=\"lazy\" decoding=\"async\" class=\"newsContent__article__imgCapa lazyloadDisabled \" src=\"https:\/\/files.sunoresearch.com.br\/n\/uploads\/2021\/03\/1255ed16-movida-800x450.webp\" width=\"800\" height=\"450\" alt=\"Movida (MOVI3) entra no Cade contra fus\u00e3o da Localiza (RENT3) e Unidas (LCAM3)\" fetchpriority=high \/>\n\t\t\t<\/picture>\n\n\t\t\t<figcaption class=\"wp-caption-text wp-caption-text--show\">Movida vai ao Cade contra fus\u00e3o de Localiza e Unidas<\/figcaption>\n\t\t<\/figure>\n\t<\/div>\n\n\n<p><span style=\"font-weight: 400;\">\t<p>\n\t\t<a href=\"https:\/\/lp.suno.com.br\/planilha-controle-gastos\/\" target=\"_blank\" data-element=\"shortcode-suno-banner\" title=\"Banner SUNO, clique e saiba mais\">\n\t\t\t<picture>\n\t\t\t\t<source media=\"(max-width: 500px)\" srcset=\"https:\/\/files.sunoresearch.com.br\/n\/uploads\/2023\/03\/400x300-Planilha-controle-de-gastos.png\">\n\t\t\t\t<img class=\"newsContent__article__imgCapa newsContent__article__imgCapa--banner\"\n\t\t\t\t\tsrc=\"https:\/\/files.sunoresearch.com.br\/n\/uploads\/2023\/03\/1420x240-Planilha-controle-de-gastos.png\"\n\t\t\t\t\tdata-promo-id=\"101751\"\t\t\t\t\t\t\t\t\t\twidth='1420' height='240'\t\t\t\t\talt=\"https:\/\/files.sunoresearch.com.br\/n\/uploads\/2023\/03\/1420x240-Planilha-controle-de-gastos.png\"\n\t\t\t\t>\n\t\t\t<\/picture>\n\t\t<\/a>\n\t<\/p>\n\n<\/span><\/p>\n<p>A Movida disse estar preocupada sobre as quest\u00f5es concorrenciais relativas \u00e0 fus\u00e3o. A uni\u00e3o, segundo coment\u00e1rios de especialistas no setor, criar\u00e1 uma gigante com mais de R$ 58 bilh\u00f5es de valor de mercado.<\/p>\n<p>Juntas, as empresas teriam 70% da frota nacional de loca\u00e7\u00e3o e 75% da receita do setor. A Localiza tem uma fatia de 55% do mercado nacional. A Unidas, 17%. A Movida, que entrou como terceira interessada, 15%. O restante estaria fragmentado em empresas menores.<\/p>\n<p><a href=\"https:\/\/lp.suno.com.br\/suno-one\/?ppp=noticias\/hospital-care-pedido-ipo-cvm\/\"><b>Suno One: acesse gratuitamente eBooks, Minicursos, Artigos e V\u00eddeo Aulas sobre investimentos com um \u00fanico cadastro. Clique para saber mais!<\/b><\/a><\/p>\n<h2>Para Movida, fus\u00e3o pode trazer problemas quanto \u00e0 concorr\u00eancia<\/h2>\n<p>J\u00e1 na semana passada havia boatos de que companhias do setor de aluguel de carros pretendiam entrar com processos do Cade. Os coment\u00e1rios de empresas da \u00e1rea \u00e9 que a concentra\u00e7\u00e3o de mercado deve comprometer a concorr\u00eancia e abrir margem para expor consumidores a pre\u00e7os mais elevados.<\/p>\n<p>O Cade encerrou o prazo de inscri\u00e7\u00e3o para o posto de terceira interessada na \u00faltima sexta-feira (5). O edital da fus\u00e3o entre Localiza e Unidas foi publicado no in\u00edcio de fevereiro. O \u00f3rg\u00e3o tem 240 dias, a contar da protocola\u00e7\u00e3o, para analisar a fus\u00e3o.<\/p>\n<p><span style=\"font-weight: 400;\">\t<p>\n\t\t<a href=\"https:\/\/lp.suno.com.br\/planilha-da-vida-financeira\/\" target=\"_blank\" data-element=\"shortcode-suno-banner\" title=\"Banner SUNO, clique e saiba mais\">\n\t\t\t<picture>\n\t\t\t\t<source media=\"(max-width: 500px)\" srcset=\"https:\/\/files.sunoresearch.com.br\/n\/uploads\/2023\/04\/400x300-Planilha-vida-financeira-true.png\">\n\t\t\t\t<img class=\"newsContent__article__imgCapa newsContent__article__imgCapa--banner\"\n\t\t\t\t\tsrc=\"https:\/\/files.sunoresearch.com.br\/n\/uploads\/2023\/04\/1420x240-Planilha-vida-financeira-true.png\"\n\t\t\t\t\tdata-promo-id=\"106682\"\t\t\t\t\t\t\t\t\t\twidth='1420' height='240'\t\t\t\t\talt=\"https:\/\/files.sunoresearch.com.br\/n\/uploads\/2023\/04\/1420x240-Planilha-vida-financeira-true.png\"\n\t\t\t\t>\n\t\t\t<\/picture>\n\t\t<\/a>\n\t<\/p>\n\n<\/span><\/p>\n<p>Segundo fontes escutadas pela Bloomberg na semana passada, a fus\u00e3o, mesmo contestada, pode ser aprovada atrav\u00e9s da imposi\u00e7\u00e3o de medidas restritivas pelo \u00f3rg\u00e3o regulat\u00f3rio. O Cade pode demandar a venda de ativos e certos comportamentos para liberar a movimenta\u00e7\u00e3o.<\/p>\n<p>As a\u00e7\u00f5es ordin\u00e1rias da Localiza caem 3,39% no in\u00edcio do preg\u00e3o, negociadas a R$ 58,84. As a\u00e7\u00f5es da Unidas recuam 4%, vendidas a R$ 23,81. A <strong>Movida<\/strong> retrocede 2,30%, cotada a R$ 16,79.<\/p>\n<p><span style=\"font-weight: 400;\">\t<p>\n\t\t<a href=\"https:\/\/lp.suno.com.br\/planilha-de-controle-de-investimentos\/\" target=\"_blank\" data-element=\"shortcode-suno-banner\" title=\"Banner SUNO, clique e saiba mais\">\n\t\t\t<picture>\n\t\t\t\t<source media=\"(max-width: 500px)\" srcset=\"https:\/\/files.sunoresearch.com.br\/n\/uploads\/2023\/03\/400x300-Controle-de-Investimentos.png\">\n\t\t\t\t<img class=\"newsContent__article__imgCapa newsContent__article__imgCapa--banner\"\n\t\t\t\t\tsrc=\"https:\/\/files.sunoresearch.com.br\/n\/uploads\/2023\/03\/1420x240-Controle-de-Investimentos.png\"\n\t\t\t\t\tdata-promo-id=\"75934\"\t\t\t\t\t\t\t\t\t\twidth='1420' height='240'\t\t\t\t\talt=\"https:\/\/files.sunoresearch.com.br\/n\/uploads\/2023\/03\/1420x240-Controle-de-Investimentos.png\"\n\t\t\t\t>\n\t\t\t<\/picture>\n\t\t<\/a>\n\t<\/p>\n\n<\/span><\/p>\n","protected":false},"excerpt":{"rendered":"<p>A Movida (MOVI3) anunciou nesta segunda-feira (8) que entrou com a\u00e7\u00e3o no Conselho Administrativo de Defesa Econ\u00f4mica (Cade) pedindo para atuar como terceira interessada na fus\u00e3o de neg\u00f3cios entre a Localiza (RENT3) e a Unidas (LCAM3) e demandando tamb\u00e9m reprova\u00e7\u00e3o da combina\u00e7\u00e3o das duas empresas. Movida vai ao Cade contra fus\u00e3o de Localiza e Unidas [&hellip;]<\/p>\n","protected":false},"author":59,"featured_media":129685,"comment_status":"closed","ping_status":"closed","sticky":false,"template":"","format":"standard","meta":[],"categories":[64],"tags":[4065,567,1061],"suno_strategy":[],"class_list":["post-129667","post","type-post","status-publish","format-standard","has-post-thumbnail","hentry","category-negocios","tag-localiza-rent3","tag-movida-movi3","tag-unidas-lcam3"],"yoast_head":"<!-- This site is optimized with the Yoast SEO plugin v24.4 - https:\/\/yoast.com\/wordpress\/plugins\/seo\/ -->\n<title>Movida (MOVI3) vai ao Cade contra fus\u00e3o da Localiza (RENT3) e Unidas<\/title>\n<meta name=\"description\" content=\"A Movida buscou o Cade para ser a terceira interessada no processo de fus\u00e3o de neg\u00f3cios da Localiza e da Unidas. Clique aqui para saber mais.\" \/>\n<meta name=\"robots\" content=\"index, follow, max-snippet:-1, max-image-preview:large, max-video-preview:-1\" \/>\n<link rel=\"canonical\" href=\"https:\/\/www.suno.com.br\/noticias\/movida-movi3-barrar-fusao-localiza-rent3-unidas-lcam3\/\" \/>\n<meta property=\"og:locale\" content=\"pt_BR\" \/>\n<meta property=\"og:type\" content=\"article\" \/>\n<meta property=\"og:title\" content=\"Movida (MOVI3) vai ao Cade contra fus\u00e3o da Localiza (RENT3) e Unidas\" \/>\n<meta property=\"og:description\" content=\"A Movida buscou o Cade para ser a terceira interessada no processo de fus\u00e3o de neg\u00f3cios da Localiza e da Unidas. Clique aqui para saber mais.\" \/>\n<meta property=\"og:url\" content=\"https:\/\/www.suno.com.br\/noticias\/movida-movi3-barrar-fusao-localiza-rent3-unidas-lcam3\/\" \/>\n<meta property=\"og:site_name\" content=\"Suno Not\u00edcias\" \/>\n<meta property=\"article:publisher\" content=\"https:\/\/facebook.com\/sunoresearch\" \/>\n<meta property=\"og:image\" content=\"https:\/\/files.sunoresearch.com.br\/n\/uploads\/2021\/03\/1255ed16-movida.jpg\" \/>\n\t<meta property=\"og:image:width\" content=\"1024\" \/>\n\t<meta property=\"og:image:height\" content=\"683\" \/>\n\t<meta property=\"og:image:type\" content=\"image\/jpeg\" \/>\n<meta name=\"author\" content=\"Vitor Azevedo\" \/>\n<meta name=\"twitter:card\" content=\"summary_large_image\" \/>\n<meta name=\"twitter:creator\" content=\"@sunoresearch\" \/>\n<meta name=\"twitter:site\" content=\"@sunoresearch\" \/>\n<meta name=\"twitter:label1\" content=\"Escrito por\" \/>\n\t<meta name=\"twitter:data1\" content=\"Vitor Azevedo\" \/>\n\t<meta name=\"twitter:label2\" content=\"Est. tempo de leitura\" \/>\n\t<meta name=\"twitter:data2\" content=\"2 minutos\" \/>\n<script type=\"application\/ld+json\" class=\"yoast-schema-graph\">{\"@context\":\"https:\/\/schema.org\",\"@graph\":[{\"@type\":\"NewsArticle\",\"@id\":\"https:\/\/www.suno.com.br\/noticias\/movida-movi3-barrar-fusao-localiza-rent3-unidas-lcam3\/#article\",\"isPartOf\":{\"@id\":\"https:\/\/www.suno.com.br\/noticias\/movida-movi3-barrar-fusao-localiza-rent3-unidas-lcam3\/\"},\"author\":{\"name\":\"Vitor Azevedo\",\"@id\":\"https:\/\/www.suno.com.br\/noticias\/#\/schema\/person\/658d5fbc74d81f265f5df3562d0038ab\"},\"headline\":\"Movida (MOVI3) entra no Cade contra fus\u00e3o da Localiza (RENT3) e Unidas (LCAM3)\",\"datePublished\":\"2021-03-08T13:54:08+00:00\",\"mainEntityOfPage\":{\"@id\":\"https:\/\/www.suno.com.br\/noticias\/movida-movi3-barrar-fusao-localiza-rent3-unidas-lcam3\/\"},\"wordCount\":356,\"publisher\":{\"@id\":\"https:\/\/www.suno.com.br\/noticias\/#organization\"},\"image\":{\"@id\":\"https:\/\/www.suno.com.br\/noticias\/movida-movi3-barrar-fusao-localiza-rent3-unidas-lcam3\/#primaryimage\"},\"thumbnailUrl\":\"https:\/\/files.sunoresearch.com.br\/n\/uploads\/2021\/03\/1255ed16-movida-jpg.webp\",\"keywords\":[\"Localiza (RENT3)\",\"Movida (MOVI3)\",\"Unidas (LCAM3)\"],\"articleSection\":[\"Neg\u00f3cios\"],\"inLanguage\":\"pt-BR\"},{\"@type\":\"WebPage\",\"@id\":\"https:\/\/www.suno.com.br\/noticias\/movida-movi3-barrar-fusao-localiza-rent3-unidas-lcam3\/\",\"url\":\"https:\/\/www.suno.com.br\/noticias\/movida-movi3-barrar-fusao-localiza-rent3-unidas-lcam3\/\",\"name\":\"Movida (MOVI3) vai ao Cade contra fus\u00e3o da Localiza (RENT3) e Unidas\",\"isPartOf\":{\"@id\":\"https:\/\/www.suno.com.br\/noticias\/#website\"},\"primaryImageOfPage\":{\"@id\":\"https:\/\/www.suno.com.br\/noticias\/movida-movi3-barrar-fusao-localiza-rent3-unidas-lcam3\/#primaryimage\"},\"image\":{\"@id\":\"https:\/\/www.suno.com.br\/noticias\/movida-movi3-barrar-fusao-localiza-rent3-unidas-lcam3\/#primaryimage\"},\"thumbnailUrl\":\"https:\/\/files.sunoresearch.com.br\/n\/uploads\/2021\/03\/1255ed16-movida-jpg.webp\",\"datePublished\":\"2021-03-08T13:54:08+00:00\",\"description\":\"A Movida buscou o Cade para ser a terceira interessada no processo de fus\u00e3o de neg\u00f3cios da Localiza e da Unidas. Clique aqui para saber mais.\",\"breadcrumb\":{\"@id\":\"https:\/\/www.suno.com.br\/noticias\/movida-movi3-barrar-fusao-localiza-rent3-unidas-lcam3\/#breadcrumb\"},\"inLanguage\":\"pt-BR\",\"potentialAction\":[{\"@type\":\"ReadAction\",\"target\":[\"https:\/\/www.suno.com.br\/noticias\/movida-movi3-barrar-fusao-localiza-rent3-unidas-lcam3\/\"]}]},{\"@type\":\"ImageObject\",\"inLanguage\":\"pt-BR\",\"@id\":\"https:\/\/www.suno.com.br\/noticias\/movida-movi3-barrar-fusao-localiza-rent3-unidas-lcam3\/#primaryimage\",\"url\":\"https:\/\/files.sunoresearch.com.br\/n\/uploads\/2021\/03\/1255ed16-movida-jpg.webp\",\"contentUrl\":\"https:\/\/files.sunoresearch.com.br\/n\/uploads\/2021\/03\/1255ed16-movida-jpg.webp\",\"width\":1024,\"height\":683,\"caption\":\"Movida vai ao Cade contra fus\u00e3o de Localiza e Unidas\"},{\"@type\":\"BreadcrumbList\",\"@id\":\"https:\/\/www.suno.com.br\/noticias\/movida-movi3-barrar-fusao-localiza-rent3-unidas-lcam3\/#breadcrumb\",\"itemListElement\":[{\"@type\":\"ListItem\",\"position\":1,\"name\":\"Not\u00edcias\",\"item\":\"https:\/\/www.suno.com.br\/noticias\/\"},{\"@type\":\"ListItem\",\"position\":2,\"name\":\"Neg\u00f3cios\",\"item\":\"https:\/\/www.suno.com.br\/noticias\/negocios\/\"},{\"@type\":\"ListItem\",\"position\":3,\"name\":\"Movida (MOVI3) entra no Cade contra fus\u00e3o da Localiza (RENT3) e Unidas (LCAM3)\"}]},{\"@type\":\"WebSite\",\"@id\":\"https:\/\/www.suno.com.br\/noticias\/#website\",\"url\":\"https:\/\/www.suno.com.br\/noticias\/\",\"name\":\"Suno Not\u00edcias\",\"description\":\"Seu portal de informa\u00e7\u00e3o sobre o mundo dos investimentos\",\"publisher\":{\"@id\":\"https:\/\/www.suno.com.br\/noticias\/#organization\"},\"potentialAction\":[{\"@type\":\"SearchAction\",\"target\":{\"@type\":\"EntryPoint\",\"urlTemplate\":\"https:\/\/www.suno.com.br\/noticias\/?s={search_term_string}\"},\"query-input\":{\"@type\":\"PropertyValueSpecification\",\"valueRequired\":true,\"valueName\":\"search_term_string\"}}],\"inLanguage\":\"pt-BR\"},{\"@type\":\"Organization\",\"@id\":\"https:\/\/www.suno.com.br\/noticias\/#organization\",\"name\":\"Suno Not\u00edcias\",\"url\":\"https:\/\/www.suno.com.br\/noticias\/\",\"logo\":{\"@type\":\"ImageObject\",\"inLanguage\":\"pt-BR\",\"@id\":\"https:\/\/www.suno.com.br\/noticias\/#\/schema\/logo\/image\/\",\"url\":\"https:\/\/files.sunoresearch.com.br\/n\/uploads\/2021\/09\/suno-logo.png\",\"contentUrl\":\"https:\/\/files.sunoresearch.com.br\/n\/uploads\/2021\/09\/suno-logo.png\",\"width\":180,\"height\":180,\"caption\":\"Suno Not\u00edcias\"},\"image\":{\"@id\":\"https:\/\/www.suno.com.br\/noticias\/#\/schema\/logo\/image\/\"},\"sameAs\":[\"https:\/\/facebook.com\/sunoresearch\",\"https:\/\/x.com\/sunoresearch\",\"https:\/\/www.instagram.com\/suno\",\"https:\/\/www.linkedin.com\/company\/suno-research\/\",\"https:\/\/www.youtube.com\/c\/sunoresearch\"]},{\"@type\":\"Person\",\"@id\":\"https:\/\/www.suno.com.br\/noticias\/#\/schema\/person\/658d5fbc74d81f265f5df3562d0038ab\",\"name\":\"Vitor Azevedo\",\"image\":{\"@type\":\"ImageObject\",\"inLanguage\":\"pt-BR\",\"@id\":\"https:\/\/www.suno.com.br\/noticias\/#\/schema\/person\/image\/\",\"url\":\"https:\/\/secure.gravatar.com\/avatar\/62b86195291b446fe380824eb28b99a5?s=96&r=g\",\"contentUrl\":\"https:\/\/secure.gravatar.com\/avatar\/62b86195291b446fe380824eb28b99a5?s=96&r=g\",\"caption\":\"Vitor Azevedo\"},\"description\":\"Formado em jornalismo pela Unesp, escreve sobre economia e neg\u00f3cios para a Suno Not\u00edcias.\",\"url\":\"https:\/\/www.suno.com.br\/noticias\/author\/vitor-azevedo\/\"}]}<\/script>\n<!-- \/ Yoast SEO plugin. -->","yoast_head_json":{"title":"Movida (MOVI3) vai ao Cade contra fus\u00e3o da Localiza (RENT3) e Unidas","description":"A Movida buscou o Cade para ser a terceira interessada no processo de fus\u00e3o de neg\u00f3cios da Localiza e da Unidas. Clique aqui para saber mais.","robots":{"index":"index","follow":"follow","max-snippet":"max-snippet:-1","max-image-preview":"max-image-preview:large","max-video-preview":"max-video-preview:-1"},"canonical":"https:\/\/www.suno.com.br\/noticias\/movida-movi3-barrar-fusao-localiza-rent3-unidas-lcam3\/","og_locale":"pt_BR","og_type":"article","og_title":"Movida (MOVI3) vai ao Cade contra fus\u00e3o da Localiza (RENT3) e Unidas","og_description":"A Movida buscou o Cade para ser a terceira interessada no processo de fus\u00e3o de neg\u00f3cios da Localiza e da Unidas. Clique aqui para saber mais.","og_url":"https:\/\/www.suno.com.br\/noticias\/movida-movi3-barrar-fusao-localiza-rent3-unidas-lcam3\/","og_site_name":"Suno Not\u00edcias","article_publisher":"https:\/\/facebook.com\/sunoresearch","og_image":[{"width":1024,"height":683,"url":"https:\/\/files.sunoresearch.com.br\/n\/uploads\/2021\/03\/1255ed16-movida.jpg","type":"image\/jpeg"}],"author":"Vitor Azevedo","twitter_card":"summary_large_image","twitter_creator":"@sunoresearch","twitter_site":"@sunoresearch","twitter_misc":{"Escrito por":"Vitor Azevedo","Est. tempo de leitura":"2 minutos"},"schema":{"@context":"https:\/\/schema.org","@graph":[{"@type":"NewsArticle","@id":"https:\/\/www.suno.com.br\/noticias\/movida-movi3-barrar-fusao-localiza-rent3-unidas-lcam3\/#article","isPartOf":{"@id":"https:\/\/www.suno.com.br\/noticias\/movida-movi3-barrar-fusao-localiza-rent3-unidas-lcam3\/"},"author":{"name":"Vitor Azevedo","@id":"https:\/\/www.suno.com.br\/noticias\/#\/schema\/person\/658d5fbc74d81f265f5df3562d0038ab"},"headline":"Movida (MOVI3) entra no Cade contra fus\u00e3o da Localiza (RENT3) e Unidas (LCAM3)","datePublished":"2021-03-08T13:54:08+00:00","mainEntityOfPage":{"@id":"https:\/\/www.suno.com.br\/noticias\/movida-movi3-barrar-fusao-localiza-rent3-unidas-lcam3\/"},"wordCount":356,"publisher":{"@id":"https:\/\/www.suno.com.br\/noticias\/#organization"},"image":{"@id":"https:\/\/www.suno.com.br\/noticias\/movida-movi3-barrar-fusao-localiza-rent3-unidas-lcam3\/#primaryimage"},"thumbnailUrl":"https:\/\/files.sunoresearch.com.br\/n\/uploads\/2021\/03\/1255ed16-movida-jpg.webp","keywords":["Localiza (RENT3)","Movida (MOVI3)","Unidas (LCAM3)"],"articleSection":["Neg\u00f3cios"],"inLanguage":"pt-BR"},{"@type":"WebPage","@id":"https:\/\/www.suno.com.br\/noticias\/movida-movi3-barrar-fusao-localiza-rent3-unidas-lcam3\/","url":"https:\/\/www.suno.com.br\/noticias\/movida-movi3-barrar-fusao-localiza-rent3-unidas-lcam3\/","name":"Movida (MOVI3) vai ao Cade contra fus\u00e3o da Localiza (RENT3) e Unidas","isPartOf":{"@id":"https:\/\/www.suno.com.br\/noticias\/#website"},"primaryImageOfPage":{"@id":"https:\/\/www.suno.com.br\/noticias\/movida-movi3-barrar-fusao-localiza-rent3-unidas-lcam3\/#primaryimage"},"image":{"@id":"https:\/\/www.suno.com.br\/noticias\/movida-movi3-barrar-fusao-localiza-rent3-unidas-lcam3\/#primaryimage"},"thumbnailUrl":"https:\/\/files.sunoresearch.com.br\/n\/uploads\/2021\/03\/1255ed16-movida-jpg.webp","datePublished":"2021-03-08T13:54:08+00:00","description":"A Movida buscou o Cade para ser a terceira interessada no processo de fus\u00e3o de neg\u00f3cios da Localiza e da Unidas. Clique aqui para saber mais.","breadcrumb":{"@id":"https:\/\/www.suno.com.br\/noticias\/movida-movi3-barrar-fusao-localiza-rent3-unidas-lcam3\/#breadcrumb"},"inLanguage":"pt-BR","potentialAction":[{"@type":"ReadAction","target":["https:\/\/www.suno.com.br\/noticias\/movida-movi3-barrar-fusao-localiza-rent3-unidas-lcam3\/"]}]},{"@type":"ImageObject","inLanguage":"pt-BR","@id":"https:\/\/www.suno.com.br\/noticias\/movida-movi3-barrar-fusao-localiza-rent3-unidas-lcam3\/#primaryimage","url":"https:\/\/files.sunoresearch.com.br\/n\/uploads\/2021\/03\/1255ed16-movida-jpg.webp","contentUrl":"https:\/\/files.sunoresearch.com.br\/n\/uploads\/2021\/03\/1255ed16-movida-jpg.webp","width":1024,"height":683,"caption":"Movida vai ao Cade contra fus\u00e3o de Localiza e Unidas"},{"@type":"BreadcrumbList","@id":"https:\/\/www.suno.com.br\/noticias\/movida-movi3-barrar-fusao-localiza-rent3-unidas-lcam3\/#breadcrumb","itemListElement":[{"@type":"ListItem","position":1,"name":"Not\u00edcias","item":"https:\/\/www.suno.com.br\/noticias\/"},{"@type":"ListItem","position":2,"name":"Neg\u00f3cios","item":"https:\/\/www.suno.com.br\/noticias\/negocios\/"},{"@type":"ListItem","position":3,"name":"Movida (MOVI3) entra no Cade contra fus\u00e3o da Localiza (RENT3) e Unidas (LCAM3)"}]},{"@type":"WebSite","@id":"https:\/\/www.suno.com.br\/noticias\/#website","url":"https:\/\/www.suno.com.br\/noticias\/","name":"Suno Not\u00edcias","description":"Seu portal de informa\u00e7\u00e3o sobre o mundo dos investimentos","publisher":{"@id":"https:\/\/www.suno.com.br\/noticias\/#organization"},"potentialAction":[{"@type":"SearchAction","target":{"@type":"EntryPoint","urlTemplate":"https:\/\/www.suno.com.br\/noticias\/?s={search_term_string}"},"query-input":{"@type":"PropertyValueSpecification","valueRequired":true,"valueName":"search_term_string"}}],"inLanguage":"pt-BR"},{"@type":"Organization","@id":"https:\/\/www.suno.com.br\/noticias\/#organization","name":"Suno Not\u00edcias","url":"https:\/\/www.suno.com.br\/noticias\/","logo":{"@type":"ImageObject","inLanguage":"pt-BR","@id":"https:\/\/www.suno.com.br\/noticias\/#\/schema\/logo\/image\/","url":"https:\/\/files.sunoresearch.com.br\/n\/uploads\/2021\/09\/suno-logo.png","contentUrl":"https:\/\/files.sunoresearch.com.br\/n\/uploads\/2021\/09\/suno-logo.png","width":180,"height":180,"caption":"Suno Not\u00edcias"},"image":{"@id":"https:\/\/www.suno.com.br\/noticias\/#\/schema\/logo\/image\/"},"sameAs":["https:\/\/facebook.com\/sunoresearch","https:\/\/x.com\/sunoresearch","https:\/\/www.instagram.com\/suno","https:\/\/www.linkedin.com\/company\/suno-research\/","https:\/\/www.youtube.com\/c\/sunoresearch"]},{"@type":"Person","@id":"https:\/\/www.suno.com.br\/noticias\/#\/schema\/person\/658d5fbc74d81f265f5df3562d0038ab","name":"Vitor Azevedo","image":{"@type":"ImageObject","inLanguage":"pt-BR","@id":"https:\/\/www.suno.com.br\/noticias\/#\/schema\/person\/image\/","url":"https:\/\/secure.gravatar.com\/avatar\/62b86195291b446fe380824eb28b99a5?s=96&r=g","contentUrl":"https:\/\/secure.gravatar.com\/avatar\/62b86195291b446fe380824eb28b99a5?s=96&r=g","caption":"Vitor Azevedo"},"description":"Formado em jornalismo pela Unesp, escreve sobre economia e neg\u00f3cios para a Suno Not\u00edcias.","url":"https:\/\/www.suno.com.br\/noticias\/author\/vitor-azevedo\/"}]}},"default_loop_html":"<div class=\"cardsPage__listCard__boxs\"><div class=\"cardsPage__listCard__boxs__img\"><a href=\"https:\/\/www.suno.com.br\/noticias\/movida-movi3-barrar-fusao-localiza-rent3-unidas-lcam3\/\"><img class=\"mask\" src=\"https:\/\/www.suno.com.br\/noticias\/wp-content\/themes\/suno\/resources\/images\/spotlight\/spotlight1img\/bg-mask.png\" alt=\"Image Mask\"\/><img src=\"https:\/\/files.sunoresearch.com.br\/n\/uploads\/2021\/03\/1255ed16-movida-400x200.webp\" alt=\"Movida (MOVI3) entra no Cade contra fus\u00e3o da Localiza (RENT3) e Unidas (LCAM3)\"\/><\/a><span class=\"spotlightCategory\"><a href=\"https:\/\/www.suno.com.br\/noticias\/negocios\/\">Neg\u00f3cios<\/a><\/span><\/div><div class=\"cardsPage__listCard__boxs__content\"><a href=\"https:\/\/www.suno.com.br\/noticias\/movida-movi3-barrar-fusao-localiza-rent3-unidas-lcam3\/\"><h2 class=\"content__title\">Movida (MOVI3) entra no Cade contra fus\u00e3o da Localiza (RENT3) e Unidas (LCAM3)<\/h2><\/a><div class=\"newsContent__article__meta\"><div class=\"newsContent__article__meta__authorBox\"><a href=\"https:\/\/www.suno.com.br\/noticias\/author\/vitor-azevedo\/\" class=\"authorBox__avatar noMobi\"><img src=\"https:\/\/secure.gravatar.com\/avatar\/62b86195291b446fe380824eb28b99a5?s=96&#038;r=g\" alt=\"Vitor Azevedo\"><\/a><div class=\"authorBox__name\"><span>por\n\t\t\t<a href=\"https:\/\/www.suno.com.br\/noticias\/author\/vitor-azevedo\/\"><span itemprop=\"author\">Vitor Azevedo<\/span><\/a><\/span><time datetime=\"2021-03-08T10:54:08-03:00\" itemprop=\"datePublished\">08\/03\/2021 10:54<\/time><\/div><\/div><\/div><\/div><\/div>","single_layout":"posts","amp_enabled":true,"_links":{"self":[{"href":"https:\/\/www.suno.com.br\/noticias\/wp-json\/wp\/v2\/posts\/129667"}],"collection":[{"href":"https:\/\/www.suno.com.br\/noticias\/wp-json\/wp\/v2\/posts"}],"about":[{"href":"https:\/\/www.suno.com.br\/noticias\/wp-json\/wp\/v2\/types\/post"}],"author":[{"embeddable":true,"href":"https:\/\/www.suno.com.br\/noticias\/wp-json\/wp\/v2\/users\/59"}],"replies":[{"embeddable":true,"href":"https:\/\/www.suno.com.br\/noticias\/wp-json\/wp\/v2\/comments?post=129667"}],"version-history":[{"count":5,"href":"https:\/\/www.suno.com.br\/noticias\/wp-json\/wp\/v2\/posts\/129667\/revisions"}],"predecessor-version":[{"id":129881,"href":"https:\/\/www.suno.com.br\/noticias\/wp-json\/wp\/v2\/posts\/129667\/revisions\/129881"}],"wp:featuredmedia":[{"embeddable":true,"href":"https:\/\/www.suno.com.br\/noticias\/wp-json\/wp\/v2\/media\/129685"}],"wp:attachment":[{"href":"https:\/\/www.suno.com.br\/noticias\/wp-json\/wp\/v2\/media?parent=129667"}],"wp:term":[{"taxonomy":"category","embeddable":true,"href":"https:\/\/www.suno.com.br\/noticias\/wp-json\/wp\/v2\/categories?post=129667"},{"taxonomy":"post_tag","embeddable":true,"href":"https:\/\/www.suno.com.br\/noticias\/wp-json\/wp\/v2\/tags?post=129667"},{"taxonomy":"suno_strategy","embeddable":true,"href":"https:\/\/www.suno.com.br\/noticias\/wp-json\/wp\/v2\/suno_strategy?post=129667"}],"curies":[{"name":"wp","href":"https:\/\/api.w.org\/{rel}","templated":true}]}}