{"id":12962,"date":"2019-01-24T19:19:33","date_gmt":"2019-01-24T21:19:33","guid":{"rendered":"https:\/\/www.suno.com.br\/noticias\/?p=12962"},"modified":"2021-02-17T23:06:50","modified_gmt":"2021-02-18T02:06:50","slug":"ibovespa-alta-aproxima-98-pontos","status":"publish","type":"post","link":"https:\/\/www.suno.com.br\/noticias\/ibovespa-alta-aproxima-98-pontos\/","title":{"rendered":"Ibovespa tem alta de 1,16% e se aproxima dos 98 mil pontos"},"content":{"rendered":"<p>O Ibovespa fechou est\u00e1 quinta-feira (24) em alta de 1,16% com 97.677,19 pontos. Assim, cresce a expectativa para a bolsa ultrapassar os 100 mil pontos nos pr\u00f3ximos meses.<\/p>\t<div class=\"wrapper-featured-image\">\n\t\t<figure class=\"spotlightImg\">\n\n\t\t\t<picture>\n\t\t\t\t<source media=\"(max-width: 768px)\" srcset=\"https:\/\/files.sunoresearch.com.br\/n\/uploads\/2018\/08\/91e51d82-ibovespa-400x200.webp\">\n\t\t\t\t<img loading=\"lazy\" decoding=\"async\" class=\"newsContent__article__imgCapa lazyloadDisabled newsContent__article__imgCapa--noCaption\" src=\"https:\/\/files.sunoresearch.com.br\/n\/uploads\/2018\/08\/91e51d82-ibovespa-800x450.webp\" width=\"800\" height=\"450\" alt=\"Ibovespa tem alta de 1,16% e se aproxima dos 98 mil pontos\" fetchpriority=high \/>\n\t\t\t<\/picture>\n\n\t\t\t<figcaption class=\"wp-caption-text wp-caption-text--hide\">Confira as small caps que mais desvalorizaram em maio<\/figcaption>\n\t\t<\/figure>\n\t<\/div>\n\n\n<p>O \u00edndice apresentou varia\u00e7\u00f5es durante o dia. Logo na abertura, o <strong>Ibovespa<\/strong> registrou m\u00ednima de 96.557,73 pontos. Nos \u00faltimos minutos da opera\u00e7\u00e3o, a bolsa disparou e fechou em sua m\u00e1xima:\u00a097.677,19 pontos.<\/p>\n<p><a href=\"https:\/\/www.suno.com.br\/noticias\/dolar-alta-quinta-euro-cai\/\">Saiba mais: D\u00f3lar fecha em alta nesta quinta cotado a R$ 3,7719; Euro cai 0,639%<\/a><\/p>\n<p>No quarto dia do <strong>F\u00f3rum Econ\u00f4mico Mundial <\/strong>em <strong>Davos<\/strong>, na Su\u00ed\u00e7a, o presidente <strong>Jair Bolsonaro<\/strong> teve uma agenda cheia. O presidente conversou com seis chefes de estado. Entre eles:<\/p>\n<ul>\n<li>O primeiro-ministro dos Pa\u00edses Baixos, Mark Rutte<\/li>\n<li>O primeiro-ministro da Rep\u00fablica Tcheca, Andrej Babis<\/li>\n<li>O presidente da Pol\u00f4nia, Andrzej Duda<\/li>\n<li>O presidente da Ucr\u00e2nia, Petro Poroshenko<\/li>\n<li>O presidente da \u00c1frica do Sul, Cyril Ramaphosa<\/li>\n<li>O presidente da Col\u00f4mbia, Ivan Duque<\/li>\n<\/ul>\n<p>Nas conversas com o primeiro-ministro dos Pa\u00edses Baixos, Mark Rutte, <strong>Bolsonaro<\/strong> tratou de temas como a expans\u00e3o do com\u00e9rcio entre os dois pa\u00edses e a simplifica\u00e7\u00e3o comercial entre <strong>Brasil<\/strong> e <strong>Uni\u00e3o Europeia<\/strong>.\u00a0Recentemente, o bloco europeu imp\u00f4s restri\u00e7\u00f5es \u00e0 exporta\u00e7\u00f5es do a\u00e7o brasileiro.<\/p>\n<p><a href=\"https:\/\/www.suno.com.br\/noticias\/quarto-dia-davos-agenda-bolsonaro\/\">Saiba mais: Quarto dia de Davos termina com agenda cheia de Bolsonaro<\/a><\/p>\n<h2>Reforma da Previd\u00eancia<\/h2>\n<p>Durante o <strong>F\u00f3rum Econ\u00f4mico Mundial<\/strong>, uma fonte disse ao jornal Valor Econ\u00f4mico que a <strong>reforma da Previd\u00eancia<\/strong>\u00a0pode trazer US$ 100 bi para o Brasil em investimentos.<\/p>\n<p>Larry Fink, CEO da BlackRock, maior gestora de fundos de investimentos do mundo, disse que est\u00e1 &#8220;otimista com o Brasil e definitivamente queremos investir mais no pa\u00eds&#8221;.<\/p>\n<p>Na \u00faltima quarta-feira (24), o ministro da Economia, <strong>Paulo Guedes<\/strong>, afirmou ao portal <strong>Suno Not\u00edcias<\/strong> que vai enviar a proposta da reforma na pr\u00f3xima semana.<\/p>\n<p>&#8220;Assim que chegar a gente vai tentar colocar no Congresso. Eu at\u00e9 n\u00e3o to colocando outras coisas para n\u00e3o travar&#8221;, declarou <strong>Guedes<\/strong>.<\/p>\n<p><a href=\"https:\/\/www.suno.com.br\/noticias\/reforma-previdencia-congresso-guedes\/\">Guedes: Reforma da Previd\u00eancia deve ir ao Congresso semana que vem<\/a><\/p>\n<h2>Banco Inter<\/h2>\n<p>O <strong>Banco Inter<\/strong> divulgou nesta quinta-feira (24) os n\u00fameros do balan\u00e7o fiscal de 2018. De acordo com os relat\u00f3rios, o banco registrou um lucro de R$ 74,2 milh\u00f5es, alta de 38% ante 2017.<\/p>\n<p>Mesmo assim, o resultado positivos n\u00e3o se refletiu na bolsa. As a\u00e7\u00f5es da empresa ca\u00edram mais 5% nesta quinta-feira, negociadas a R$ 41,25. Os investidores esperavam um maior crescimento.<\/p>\n<p><a href=\"https:\/\/www.suno.com.br\/noticias\/banco-inter-lucro-4-tri\/\">Saiba mais: Banco Inter tem lucro l\u00edquido de R$ 74,2 milh\u00f5es, mas a\u00e7\u00f5es caem 7%<\/a><\/p>\n<h2>Estados Unidos<\/h2>\n<p>A paralisa\u00e7\u00e3o nos <strong>Estados Unidos<\/strong> completou um m\u00eas sem uma resolu\u00e7\u00e3o entre democratas e o presidente <strong>Donald Trump<\/strong>. Trump deseja que o Congresso aprove o or\u00e7amento para a constru\u00e7\u00e3o de um muro na fronteira com o <strong>M\u00e9xico<\/strong>. Os democratas, por sua vez, se dizem contr\u00e1rios a medida. Com isso, servidores est\u00e3o sem receber e parques nacionais fechados.<\/p>\n<p>De acordo com Brian Rose, economista-s\u00eanior do UBS Global Wealth Management para Am\u00e9rica, a paralisa\u00e7\u00e3o custa,\u00a0a cada dia parado, US$ 1 bilh\u00e3o a economia americana.<\/p>\n<p><a href=\"https:\/\/www.suno.com.br\/noticias\/previsao-paralisacao-governo-eua-completa\/\">Sem previs\u00e3o de acabar, paralisa\u00e7\u00e3o do governo dos EUA completa 1 m\u00eas<\/a><\/p>\n<h2>Destaques do Ibovespa<\/h2>\n<ul>\n<li>PETR4 (Petrobras) &#8211; alta de 0,43% (R$ 25,54)<\/li>\n<li>VALE3 (Vale) &#8211; alta de 0,9% (R$ 56,15)<\/li>\n<li>ITUB4 (Ita\u00fa) &#8211; queda de 0,13% (R$ 37,49)<\/li>\n<li>BID14 (Banco Inter) &#8211; queda de 5,04% (R$ 41,25)<\/li>\n<\/ul>\n<h2>Maiores altas do Ibovespa<\/h2>\n<ul>\n<li>VVAR3 (Via Varejo) &#8211; alta de 6,4% (R$ 5,49)<\/li>\n<li>KROT3 (Kroton) &#8211; alta de 5,54% (R$ 11,44)<\/li>\n<li>CCRO3 (CCR Rodovias) &#8211; alta de 5,54% (R$ 14,28)<\/li>\n<\/ul>\n<h2>Maiores baixas do Ibovespa<\/h2>\n<ul>\n<li>LOGG3 (LOG) &#8211; queda 2,08% (R$ 18,80)<\/li>\n<li>MFLU3 (Magazine Luiza) &#8211; queda de 1,25 % (R$ 167,48)<\/li>\n<li>FLRY3 (Fleury) &#8211; queda de 0,95% (R$ 22,00)<\/li>\n<\/ul>\n<h2>Bolsas Internacionais<\/h2>\n<ul>\n<li>Nasdaq (EUA) \u2013\u00a0 alta de 0,68%<\/li>\n<li>FTSE 100 (Reino Unido) \u2013 queda de 0,35%<\/li>\n<li>Nikkei (Jap\u00e3o) \u2013 queda de 0,09%<\/li>\n<li>CAC 40 (Fran\u00e7a) \u2013 alta de 0,65%<\/li>\n<li>FTSE MIB (It\u00e1lia) \u2013 alta de 0,85%;<\/li>\n<\/ul>\n<p>&nbsp;<\/p>\n","protected":false},"excerpt":{"rendered":"<p>O Ibovespa fechou est\u00e1 quinta-feira (24) em alta de 1,16% com 97.677,19 pontos. Assim, cresce a expectativa para a bolsa ultrapassar os 100 mil pontos nos pr\u00f3ximos meses. Confira as small caps que mais desvalorizaram em maio O \u00edndice apresentou varia\u00e7\u00f5es durante o dia. Logo na abertura, o Ibovespa registrou m\u00ednima de 96.557,73 pontos. Nos [&hellip;]<\/p>\n","protected":false},"author":14,"featured_media":2793,"comment_status":"closed","ping_status":"closed","sticky":false,"template":"","format":"standard","meta":[],"categories":[60],"tags":[369,326,724,793,961,721,719,940],"suno_strategy":[],"class_list":["post-12962","post","type-post","status-publish","format-standard","has-post-thumbnail","hentry","category-mercado","tag-banco-inter-bidi11-bidi4-bidi3","tag-dolar","tag-donald-trump","tag-estados-unidos-eua","tag-forum-economico-mundial","tag-ibovespa","tag-jair-bolsonaro","tag-reforma-da-previdencia"],"yoast_head":"<!-- This site is optimized with the Yoast SEO plugin v24.4 - https:\/\/yoast.com\/wordpress\/plugins\/seo\/ -->\n<title>Ibovespa tem alta de 1,16% e se aproxima dos 98 mil pontos<\/title>\n<meta name=\"description\" content=\"O Ibovespa registrou a segunda alta consecutiva. Com isso, cresce as expectativas para a bolsa chegar aos 100 mil pontos. Clique para ler mais.\" \/>\n<meta name=\"robots\" content=\"index, follow, max-snippet:-1, max-image-preview:large, max-video-preview:-1\" \/>\n<link rel=\"canonical\" href=\"https:\/\/www.suno.com.br\/noticias\/ibovespa-alta-aproxima-98-pontos\/\" \/>\n<meta property=\"og:locale\" content=\"pt_BR\" \/>\n<meta property=\"og:type\" content=\"article\" \/>\n<meta property=\"og:title\" content=\"Ibovespa tem alta de 1,16% e se aproxima dos 98 mil pontos\" \/>\n<meta property=\"og:description\" content=\"O Ibovespa registrou a segunda alta consecutiva. Com isso, cresce as expectativas para a bolsa chegar aos 100 mil pontos. Clique para ler mais.\" \/>\n<meta property=\"og:url\" content=\"https:\/\/www.suno.com.br\/noticias\/ibovespa-alta-aproxima-98-pontos\/\" \/>\n<meta property=\"og:site_name\" content=\"Suno Not\u00edcias\" \/>\n<meta property=\"article:publisher\" content=\"https:\/\/facebook.com\/sunoresearch\" \/>\n<meta property=\"og:image\" content=\"https:\/\/files.sunoresearch.com.br\/n\/uploads\/2018\/08\/91e51d82-ibovespa.jpg\" \/>\n\t<meta property=\"og:image:width\" content=\"1280\" \/>\n\t<meta property=\"og:image:height\" content=\"853\" \/>\n\t<meta property=\"og:image:type\" content=\"image\/jpeg\" \/>\n<meta name=\"author\" content=\"Renan Dantas\" \/>\n<meta name=\"twitter:card\" content=\"summary_large_image\" \/>\n<meta name=\"twitter:creator\" content=\"@sunoresearch\" \/>\n<meta name=\"twitter:site\" content=\"@sunoresearch\" \/>\n<meta name=\"twitter:label1\" content=\"Escrito por\" \/>\n\t<meta name=\"twitter:data1\" content=\"Renan Dantas\" \/>\n\t<meta name=\"twitter:label2\" content=\"Est. tempo de leitura\" \/>\n\t<meta name=\"twitter:data2\" content=\"3 minutos\" \/>\n<script type=\"application\/ld+json\" class=\"yoast-schema-graph\">{\"@context\":\"https:\/\/schema.org\",\"@graph\":[{\"@type\":\"NewsArticle\",\"@id\":\"https:\/\/www.suno.com.br\/noticias\/ibovespa-alta-aproxima-98-pontos\/#article\",\"isPartOf\":{\"@id\":\"https:\/\/www.suno.com.br\/noticias\/ibovespa-alta-aproxima-98-pontos\/\"},\"author\":{\"name\":\"Renan Dantas\",\"@id\":\"https:\/\/www.suno.com.br\/noticias\/#\/schema\/person\/3f7693d5795a3f6d5ce15309ee785699\"},\"headline\":\"Ibovespa tem alta de 1,16% e se aproxima dos 98 mil pontos\",\"datePublished\":\"2019-01-24T21:19:33+00:00\",\"dateModified\":\"2021-02-18T02:06:50+00:00\",\"mainEntityOfPage\":{\"@id\":\"https:\/\/www.suno.com.br\/noticias\/ibovespa-alta-aproxima-98-pontos\/\"},\"wordCount\":640,\"publisher\":{\"@id\":\"https:\/\/www.suno.com.br\/noticias\/#organization\"},\"image\":{\"@id\":\"https:\/\/www.suno.com.br\/noticias\/ibovespa-alta-aproxima-98-pontos\/#primaryimage\"},\"thumbnailUrl\":\"https:\/\/files.sunoresearch.com.br\/n\/uploads\/2018\/08\/91e51d82-ibovespa-jpg.webp\",\"keywords\":[\"Banco Inter (BIDI11\/BIDI4\/BIDI3)\",\"d\u00f3lar\",\"Donald Trump\",\"Estados Unidos (EUA)\",\"F\u00f3rum Econ\u00f4mico Mundial\",\"Ibovespa\",\"Jair Bolsonaro\",\"Reforma da Previd\u00eancia\"],\"articleSection\":[\"Mercado\"],\"inLanguage\":\"pt-BR\"},{\"@type\":\"WebPage\",\"@id\":\"https:\/\/www.suno.com.br\/noticias\/ibovespa-alta-aproxima-98-pontos\/\",\"url\":\"https:\/\/www.suno.com.br\/noticias\/ibovespa-alta-aproxima-98-pontos\/\",\"name\":\"Ibovespa tem alta de 1,16% e se aproxima dos 98 mil pontos\",\"isPartOf\":{\"@id\":\"https:\/\/www.suno.com.br\/noticias\/#website\"},\"primaryImageOfPage\":{\"@id\":\"https:\/\/www.suno.com.br\/noticias\/ibovespa-alta-aproxima-98-pontos\/#primaryimage\"},\"image\":{\"@id\":\"https:\/\/www.suno.com.br\/noticias\/ibovespa-alta-aproxima-98-pontos\/#primaryimage\"},\"thumbnailUrl\":\"https:\/\/files.sunoresearch.com.br\/n\/uploads\/2018\/08\/91e51d82-ibovespa-jpg.webp\",\"datePublished\":\"2019-01-24T21:19:33+00:00\",\"dateModified\":\"2021-02-18T02:06:50+00:00\",\"description\":\"O Ibovespa registrou a segunda alta consecutiva. Com isso, cresce as expectativas para a bolsa chegar aos 100 mil pontos. Clique para ler mais.\",\"breadcrumb\":{\"@id\":\"https:\/\/www.suno.com.br\/noticias\/ibovespa-alta-aproxima-98-pontos\/#breadcrumb\"},\"inLanguage\":\"pt-BR\",\"potentialAction\":[{\"@type\":\"ReadAction\",\"target\":[\"https:\/\/www.suno.com.br\/noticias\/ibovespa-alta-aproxima-98-pontos\/\"]}]},{\"@type\":\"ImageObject\",\"inLanguage\":\"pt-BR\",\"@id\":\"https:\/\/www.suno.com.br\/noticias\/ibovespa-alta-aproxima-98-pontos\/#primaryimage\",\"url\":\"https:\/\/files.sunoresearch.com.br\/n\/uploads\/2018\/08\/91e51d82-ibovespa-jpg.webp\",\"contentUrl\":\"https:\/\/files.sunoresearch.com.br\/n\/uploads\/2018\/08\/91e51d82-ibovespa-jpg.webp\",\"width\":1280,\"height\":853,\"caption\":\"Confira as small caps que mais desvalorizaram em maio\"},{\"@type\":\"BreadcrumbList\",\"@id\":\"https:\/\/www.suno.com.br\/noticias\/ibovespa-alta-aproxima-98-pontos\/#breadcrumb\",\"itemListElement\":[{\"@type\":\"ListItem\",\"position\":1,\"name\":\"Not\u00edcias\",\"item\":\"https:\/\/www.suno.com.br\/noticias\/\"},{\"@type\":\"ListItem\",\"position\":2,\"name\":\"Mercado\",\"item\":\"https:\/\/www.suno.com.br\/noticias\/mercado\/\"},{\"@type\":\"ListItem\",\"position\":3,\"name\":\"Ibovespa tem alta de 1,16% e se aproxima dos 98 mil pontos\"}]},{\"@type\":\"WebSite\",\"@id\":\"https:\/\/www.suno.com.br\/noticias\/#website\",\"url\":\"https:\/\/www.suno.com.br\/noticias\/\",\"name\":\"Suno Not\u00edcias\",\"description\":\"Seu portal de informa\u00e7\u00e3o sobre o mundo dos investimentos\",\"publisher\":{\"@id\":\"https:\/\/www.suno.com.br\/noticias\/#organization\"},\"potentialAction\":[{\"@type\":\"SearchAction\",\"target\":{\"@type\":\"EntryPoint\",\"urlTemplate\":\"https:\/\/www.suno.com.br\/noticias\/?s={search_term_string}\"},\"query-input\":{\"@type\":\"PropertyValueSpecification\",\"valueRequired\":true,\"valueName\":\"search_term_string\"}}],\"inLanguage\":\"pt-BR\"},{\"@type\":\"Organization\",\"@id\":\"https:\/\/www.suno.com.br\/noticias\/#organization\",\"name\":\"Suno Not\u00edcias\",\"url\":\"https:\/\/www.suno.com.br\/noticias\/\",\"logo\":{\"@type\":\"ImageObject\",\"inLanguage\":\"pt-BR\",\"@id\":\"https:\/\/www.suno.com.br\/noticias\/#\/schema\/logo\/image\/\",\"url\":\"https:\/\/files.sunoresearch.com.br\/n\/uploads\/2021\/09\/suno-logo.png\",\"contentUrl\":\"https:\/\/files.sunoresearch.com.br\/n\/uploads\/2021\/09\/suno-logo.png\",\"width\":180,\"height\":180,\"caption\":\"Suno Not\u00edcias\"},\"image\":{\"@id\":\"https:\/\/www.suno.com.br\/noticias\/#\/schema\/logo\/image\/\"},\"sameAs\":[\"https:\/\/facebook.com\/sunoresearch\",\"https:\/\/x.com\/sunoresearch\",\"https:\/\/www.instagram.com\/suno\",\"https:\/\/www.linkedin.com\/company\/suno-research\/\",\"https:\/\/www.youtube.com\/c\/sunoresearch\"]},{\"@type\":\"Person\",\"@id\":\"https:\/\/www.suno.com.br\/noticias\/#\/schema\/person\/3f7693d5795a3f6d5ce15309ee785699\",\"name\":\"Renan Dantas\",\"image\":{\"@type\":\"ImageObject\",\"inLanguage\":\"pt-BR\",\"@id\":\"https:\/\/www.suno.com.br\/noticias\/#\/schema\/person\/image\/\",\"url\":\"https:\/\/secure.gravatar.com\/avatar\/1787b83e7484a08e51d62ac8b41c8396?s=96&r=g\",\"contentUrl\":\"https:\/\/secure.gravatar.com\/avatar\/1787b83e7484a08e51d62ac8b41c8396?s=96&r=g\",\"caption\":\"Renan Dantas\"},\"description\":\"Escreve sobre pol\u00edtica e mercado financeiro para o portal Suno Not\u00edcias. Antes, atuou na assessoria de comunica\u00e7\u00e3o do Minist\u00e9rio P\u00fablico do Trabalho e na R\u00e1dio Mackenzie, onde apresentava e produzia um programa sobre artistas da m\u00fasica brasileira. \u00c9 estudante na Universidade Presbiteriana Mackenzie.\",\"url\":\"https:\/\/www.suno.com.br\/noticias\/author\/renan-dantas\/\"}]}<\/script>\n<!-- \/ Yoast SEO plugin. -->","yoast_head_json":{"title":"Ibovespa tem alta de 1,16% e se aproxima dos 98 mil pontos","description":"O Ibovespa registrou a segunda alta consecutiva. Com isso, cresce as expectativas para a bolsa chegar aos 100 mil pontos. Clique para ler mais.","robots":{"index":"index","follow":"follow","max-snippet":"max-snippet:-1","max-image-preview":"max-image-preview:large","max-video-preview":"max-video-preview:-1"},"canonical":"https:\/\/www.suno.com.br\/noticias\/ibovespa-alta-aproxima-98-pontos\/","og_locale":"pt_BR","og_type":"article","og_title":"Ibovespa tem alta de 1,16% e se aproxima dos 98 mil pontos","og_description":"O Ibovespa registrou a segunda alta consecutiva. Com isso, cresce as expectativas para a bolsa chegar aos 100 mil pontos. Clique para ler mais.","og_url":"https:\/\/www.suno.com.br\/noticias\/ibovespa-alta-aproxima-98-pontos\/","og_site_name":"Suno Not\u00edcias","article_publisher":"https:\/\/facebook.com\/sunoresearch","og_image":[{"width":1280,"height":853,"url":"https:\/\/files.sunoresearch.com.br\/n\/uploads\/2018\/08\/91e51d82-ibovespa.jpg","type":"image\/jpeg"}],"author":"Renan Dantas","twitter_card":"summary_large_image","twitter_creator":"@sunoresearch","twitter_site":"@sunoresearch","twitter_misc":{"Escrito por":"Renan Dantas","Est. tempo de leitura":"3 minutos"},"schema":{"@context":"https:\/\/schema.org","@graph":[{"@type":"NewsArticle","@id":"https:\/\/www.suno.com.br\/noticias\/ibovespa-alta-aproxima-98-pontos\/#article","isPartOf":{"@id":"https:\/\/www.suno.com.br\/noticias\/ibovespa-alta-aproxima-98-pontos\/"},"author":{"name":"Renan Dantas","@id":"https:\/\/www.suno.com.br\/noticias\/#\/schema\/person\/3f7693d5795a3f6d5ce15309ee785699"},"headline":"Ibovespa tem alta de 1,16% e se aproxima dos 98 mil pontos","datePublished":"2019-01-24T21:19:33+00:00","dateModified":"2021-02-18T02:06:50+00:00","mainEntityOfPage":{"@id":"https:\/\/www.suno.com.br\/noticias\/ibovespa-alta-aproxima-98-pontos\/"},"wordCount":640,"publisher":{"@id":"https:\/\/www.suno.com.br\/noticias\/#organization"},"image":{"@id":"https:\/\/www.suno.com.br\/noticias\/ibovespa-alta-aproxima-98-pontos\/#primaryimage"},"thumbnailUrl":"https:\/\/files.sunoresearch.com.br\/n\/uploads\/2018\/08\/91e51d82-ibovespa-jpg.webp","keywords":["Banco Inter (BIDI11\/BIDI4\/BIDI3)","d\u00f3lar","Donald Trump","Estados Unidos (EUA)","F\u00f3rum Econ\u00f4mico Mundial","Ibovespa","Jair Bolsonaro","Reforma da Previd\u00eancia"],"articleSection":["Mercado"],"inLanguage":"pt-BR"},{"@type":"WebPage","@id":"https:\/\/www.suno.com.br\/noticias\/ibovespa-alta-aproxima-98-pontos\/","url":"https:\/\/www.suno.com.br\/noticias\/ibovespa-alta-aproxima-98-pontos\/","name":"Ibovespa tem alta de 1,16% e se aproxima dos 98 mil pontos","isPartOf":{"@id":"https:\/\/www.suno.com.br\/noticias\/#website"},"primaryImageOfPage":{"@id":"https:\/\/www.suno.com.br\/noticias\/ibovespa-alta-aproxima-98-pontos\/#primaryimage"},"image":{"@id":"https:\/\/www.suno.com.br\/noticias\/ibovespa-alta-aproxima-98-pontos\/#primaryimage"},"thumbnailUrl":"https:\/\/files.sunoresearch.com.br\/n\/uploads\/2018\/08\/91e51d82-ibovespa-jpg.webp","datePublished":"2019-01-24T21:19:33+00:00","dateModified":"2021-02-18T02:06:50+00:00","description":"O Ibovespa registrou a segunda alta consecutiva. Com isso, cresce as expectativas para a bolsa chegar aos 100 mil pontos. Clique para ler mais.","breadcrumb":{"@id":"https:\/\/www.suno.com.br\/noticias\/ibovespa-alta-aproxima-98-pontos\/#breadcrumb"},"inLanguage":"pt-BR","potentialAction":[{"@type":"ReadAction","target":["https:\/\/www.suno.com.br\/noticias\/ibovespa-alta-aproxima-98-pontos\/"]}]},{"@type":"ImageObject","inLanguage":"pt-BR","@id":"https:\/\/www.suno.com.br\/noticias\/ibovespa-alta-aproxima-98-pontos\/#primaryimage","url":"https:\/\/files.sunoresearch.com.br\/n\/uploads\/2018\/08\/91e51d82-ibovespa-jpg.webp","contentUrl":"https:\/\/files.sunoresearch.com.br\/n\/uploads\/2018\/08\/91e51d82-ibovespa-jpg.webp","width":1280,"height":853,"caption":"Confira as small caps que mais desvalorizaram em maio"},{"@type":"BreadcrumbList","@id":"https:\/\/www.suno.com.br\/noticias\/ibovespa-alta-aproxima-98-pontos\/#breadcrumb","itemListElement":[{"@type":"ListItem","position":1,"name":"Not\u00edcias","item":"https:\/\/www.suno.com.br\/noticias\/"},{"@type":"ListItem","position":2,"name":"Mercado","item":"https:\/\/www.suno.com.br\/noticias\/mercado\/"},{"@type":"ListItem","position":3,"name":"Ibovespa tem alta de 1,16% e se aproxima dos 98 mil pontos"}]},{"@type":"WebSite","@id":"https:\/\/www.suno.com.br\/noticias\/#website","url":"https:\/\/www.suno.com.br\/noticias\/","name":"Suno Not\u00edcias","description":"Seu portal de informa\u00e7\u00e3o sobre o mundo dos investimentos","publisher":{"@id":"https:\/\/www.suno.com.br\/noticias\/#organization"},"potentialAction":[{"@type":"SearchAction","target":{"@type":"EntryPoint","urlTemplate":"https:\/\/www.suno.com.br\/noticias\/?s={search_term_string}"},"query-input":{"@type":"PropertyValueSpecification","valueRequired":true,"valueName":"search_term_string"}}],"inLanguage":"pt-BR"},{"@type":"Organization","@id":"https:\/\/www.suno.com.br\/noticias\/#organization","name":"Suno Not\u00edcias","url":"https:\/\/www.suno.com.br\/noticias\/","logo":{"@type":"ImageObject","inLanguage":"pt-BR","@id":"https:\/\/www.suno.com.br\/noticias\/#\/schema\/logo\/image\/","url":"https:\/\/files.sunoresearch.com.br\/n\/uploads\/2021\/09\/suno-logo.png","contentUrl":"https:\/\/files.sunoresearch.com.br\/n\/uploads\/2021\/09\/suno-logo.png","width":180,"height":180,"caption":"Suno Not\u00edcias"},"image":{"@id":"https:\/\/www.suno.com.br\/noticias\/#\/schema\/logo\/image\/"},"sameAs":["https:\/\/facebook.com\/sunoresearch","https:\/\/x.com\/sunoresearch","https:\/\/www.instagram.com\/suno","https:\/\/www.linkedin.com\/company\/suno-research\/","https:\/\/www.youtube.com\/c\/sunoresearch"]},{"@type":"Person","@id":"https:\/\/www.suno.com.br\/noticias\/#\/schema\/person\/3f7693d5795a3f6d5ce15309ee785699","name":"Renan Dantas","image":{"@type":"ImageObject","inLanguage":"pt-BR","@id":"https:\/\/www.suno.com.br\/noticias\/#\/schema\/person\/image\/","url":"https:\/\/secure.gravatar.com\/avatar\/1787b83e7484a08e51d62ac8b41c8396?s=96&r=g","contentUrl":"https:\/\/secure.gravatar.com\/avatar\/1787b83e7484a08e51d62ac8b41c8396?s=96&r=g","caption":"Renan Dantas"},"description":"Escreve sobre pol\u00edtica e mercado financeiro para o portal Suno Not\u00edcias. Antes, atuou na assessoria de comunica\u00e7\u00e3o do Minist\u00e9rio P\u00fablico do Trabalho e na R\u00e1dio Mackenzie, onde apresentava e produzia um programa sobre artistas da m\u00fasica brasileira. \u00c9 estudante na Universidade Presbiteriana Mackenzie.","url":"https:\/\/www.suno.com.br\/noticias\/author\/renan-dantas\/"}]}},"default_loop_html":"<div class=\"cardsPage__listCard__boxs\"><div class=\"cardsPage__listCard__boxs__img\"><a href=\"https:\/\/www.suno.com.br\/noticias\/ibovespa-alta-aproxima-98-pontos\/\"><img class=\"mask\" src=\"https:\/\/www.suno.com.br\/noticias\/wp-content\/themes\/suno\/resources\/images\/spotlight\/spotlight1img\/bg-mask.png\" alt=\"Image Mask\"\/><img src=\"https:\/\/files.sunoresearch.com.br\/n\/uploads\/2018\/08\/91e51d82-ibovespa-400x200.webp\" alt=\"Ibovespa tem alta de 1,16% e se aproxima dos 98 mil pontos\"\/><\/a><span class=\"spotlightCategory\"><a href=\"https:\/\/www.suno.com.br\/noticias\/mercado\/\">Mercado<\/a><\/span><\/div><div class=\"cardsPage__listCard__boxs__content\"><a href=\"https:\/\/www.suno.com.br\/noticias\/ibovespa-alta-aproxima-98-pontos\/\"><h2 class=\"content__title\">Ibovespa tem alta de 1,16% e se aproxima dos 98 mil pontos<\/h2><\/a><div class=\"newsContent__article__meta\"><div class=\"newsContent__article__meta__authorBox\"><a href=\"https:\/\/www.suno.com.br\/noticias\/author\/renan-dantas\/\" class=\"authorBox__avatar noMobi\"><img src=\"https:\/\/secure.gravatar.com\/avatar\/1787b83e7484a08e51d62ac8b41c8396?s=96&#038;r=g\" alt=\"Renan Dantas\"><\/a><div class=\"authorBox__name\"><span>por\n\t\t\t<a href=\"https:\/\/www.suno.com.br\/noticias\/author\/renan-dantas\/\"><span itemprop=\"author\">Renan Dantas<\/span><\/a><\/span><time datetime=\"2019-01-24T19:19:33-02:00\" itemprop=\"datePublished\">24\/01\/2019 19:19<\/time><\/div><\/div><\/div><\/div><\/div>","single_layout":"posts","amp_enabled":true,"_links":{"self":[{"href":"https:\/\/www.suno.com.br\/noticias\/wp-json\/wp\/v2\/posts\/12962"}],"collection":[{"href":"https:\/\/www.suno.com.br\/noticias\/wp-json\/wp\/v2\/posts"}],"about":[{"href":"https:\/\/www.suno.com.br\/noticias\/wp-json\/wp\/v2\/types\/post"}],"author":[{"embeddable":true,"href":"https:\/\/www.suno.com.br\/noticias\/wp-json\/wp\/v2\/users\/14"}],"replies":[{"embeddable":true,"href":"https:\/\/www.suno.com.br\/noticias\/wp-json\/wp\/v2\/comments?post=12962"}],"version-history":[{"count":0,"href":"https:\/\/www.suno.com.br\/noticias\/wp-json\/wp\/v2\/posts\/12962\/revisions"}],"wp:featuredmedia":[{"embeddable":true,"href":"https:\/\/www.suno.com.br\/noticias\/wp-json\/wp\/v2\/media\/2793"}],"wp:attachment":[{"href":"https:\/\/www.suno.com.br\/noticias\/wp-json\/wp\/v2\/media?parent=12962"}],"wp:term":[{"taxonomy":"category","embeddable":true,"href":"https:\/\/www.suno.com.br\/noticias\/wp-json\/wp\/v2\/categories?post=12962"},{"taxonomy":"post_tag","embeddable":true,"href":"https:\/\/www.suno.com.br\/noticias\/wp-json\/wp\/v2\/tags?post=12962"},{"taxonomy":"suno_strategy","embeddable":true,"href":"https:\/\/www.suno.com.br\/noticias\/wp-json\/wp\/v2\/suno_strategy?post=12962"}],"curies":[{"name":"wp","href":"https:\/\/api.w.org\/{rel}","templated":true}]}}