{"id":129513,"date":"2021-03-07T11:57:30","date_gmt":"2021-03-07T14:57:30","guid":{"rendered":"https:\/\/www.suno.com.br\/noticias\/?p=129513"},"modified":"2021-03-07T10:07:59","modified_gmt":"2021-03-07T13:07:59","slug":"guerra-apple-facebook-futuro-internet","status":"publish","type":"post","link":"https:\/\/www.suno.com.br\/noticias\/guerra-apple-facebook-futuro-internet\/","title":{"rendered":"Guerra entre Apple e Facebook pode mudar o futuro da internet"},"content":{"rendered":"<p>Nas \u00faltimas semanas a Apple (NASDAQ: AAPL) e o <a href=\"https:\/\/www.suno.com.br\/artigos\/nasdaq\/\"><strong>Facebook<\/strong> (NASDAQ: FB)<\/a> trocaram farpas e den\u00fancias atrav\u00e9s das p\u00e1ginas dos principais jornais econ\u00f4micos do mundo.<\/p>\t<div class=\"wrapper-featured-image\">\n\t\t<figure class=\"spotlightImg\">\n\n\t\t\t<picture>\n\t\t\t\t<source media=\"(max-width: 768px)\" srcset=\"https:\/\/files.sunoresearch.com.br\/n\/uploads\/2020\/12\/a1b5e017-facebook-400x200.webp\">\n\t\t\t\t<img loading=\"lazy\" decoding=\"async\" class=\"newsContent__article__imgCapa lazyloadDisabled \" src=\"https:\/\/files.sunoresearch.com.br\/n\/uploads\/2020\/12\/a1b5e017-facebook-800x450.webp\" width=\"800\" height=\"450\" alt=\"Guerra entre Apple e Facebook pode mudar o futuro da internet\" fetchpriority=high \/>\n\t\t\t<\/picture>\n\n\t\t\t<figcaption class=\"wp-caption-text wp-caption-text--show\">Facebook contra Apple<\/figcaption>\n\t\t<\/figure>\n\t<\/div>\n\n\n\t<p>\n\t\t<a href=\"https:\/\/lp.suno.com.br\/planilha-controle-gastos\/\" target=\"_blank\" data-element=\"shortcode-suno-banner\" title=\"Banner SUNO, clique e saiba mais\">\n\t\t\t<picture>\n\t\t\t\t<source media=\"(max-width: 500px)\" srcset=\"https:\/\/files.sunoresearch.com.br\/n\/uploads\/2023\/03\/400x300-Planilha-controle-de-gastos.png\">\n\t\t\t\t<img class=\"newsContent__article__imgCapa newsContent__article__imgCapa--banner\"\n\t\t\t\t\tsrc=\"https:\/\/files.sunoresearch.com.br\/n\/uploads\/2023\/03\/1420x240-Planilha-controle-de-gastos.png\"\n\t\t\t\t\tdata-promo-id=\"101751\"\t\t\t\t\t\t\t\t\t\twidth='1420' height='240'\t\t\t\t\talt=\"https:\/\/files.sunoresearch.com.br\/n\/uploads\/2023\/03\/1420x240-Planilha-controle-de-gastos.png\"\n\t\t\t\t>\n\t\t\t<\/picture>\n\t\t<\/a>\n\t<\/p>\n\n\n<p>Em ve\u00edculos como o<em> The Washington Post<\/em>, <em>New York Times<\/em> e <em>The Wall Street Journal<\/em>, o Facebook publicou an\u00fancios onde dizia estar &#8220;lutando contra a Apple pelas pequenas empresas em todos os lugares do mundo&#8221;.<\/p>\n<p>Al\u00e9m disso, o Facebook afirmou que a <strong>Apple<\/strong> utiliza a App Store para realizar <a href=\"https:\/\/www.suno.com.br\/artigos\/monopolio\/\">pr\u00e1ticas anticompetitivas<\/a>, priorizando seus resultados em detrimento de pequenos desenvolvedores e empresas.<\/p>\n<p><a href=\"https:\/\/lp.suno.com.br\/suno-one\/\">Suno One: acesse gratuitamente eBooks, Minicursos, Artigos e V\u00eddeo Aulas sobre investimentos com um \u00fanico cadastro. Clique para saber mais!<\/a><\/p>\n<p>Essa disputa \u00e9 muito mais intensa do que o grande p\u00fablico imagina. Tanto que em seu relat\u00f3rio de resultados do \u00faltimo trimestre do ano, o Facebook deixou claro que a <strong>Apple<\/strong> ser\u00e1 a respons\u00e1vel de uma prov\u00e1vel desacelera\u00e7\u00e3o de seu crescimento em 2021.<\/p>\n<p>Ningu\u00e9m sabe onde essa guerra entre gigantes vai terminar. A \u00fanica certeza \u00e9 onde come\u00e7ou: com um programa chamado <strong>Ping.<\/strong><\/p>\n<h2>Como tudo come\u00e7ou<\/h2>\n<p>O Ping foi o social network musical que o <a href=\"https:\/\/www.suno.com.br\/tudo-sobre\/steve-jobs\/#:~:text=Steve%20Jobs%20%C3%A9%20um%20dos,muito%20tempo%2C%20CEO%20da%20Apple.&amp;text=Foi%20nesse%20per%C3%ADodo%20que%20Jobs,%C3%A9poca%20como%20designer%20da%20Atari.\"><strong>Steve Jobs<\/strong><\/a> decidiu criar em 2010.<\/p>\n\t<div data-element=\"shortcode-read-more\" class=\"knowMore\">\n\t\t\t\t<span class=\"knowMore__title\">Leia tamb\u00e9m<\/span>\n\t\t\t\t<a class=\"knowMore__link\" href=\"https:\/\/www.suno.com.br\/noticias\/apple-criticas-facebook-privacidade-dados\/\">\n\t\t\tApple fala sobre privacidade de dados ap\u00f3s ser criticada pelo Facebook\t\t<\/a>\n\t<\/div>\n\n\n<p>Naquele per\u00edodo, <a href=\"https:\/\/www.suno.com.br\/tudo-sobre\/mark-zuckerberg\/\"><strong>Mark Zuckerberg<\/strong><\/a> teria frequentado a casa do carism\u00e1tico fundador da Apple &#8211; que tinha acabado de ser escolhido como &#8220;homem do ano&#8221; pela revista Time &#8211; em busca de conselhos para o rec\u00e9m criado Facebook.<\/p>\n<p>Durante os papos, os dois executivos tamb\u00e9m discutiram da possibilidade de integra\u00e7\u00e3o do Ping no Facebook, al\u00e9m de colabora\u00e7\u00f5es mais intensas.<\/p>\n<p>Entretanto, nada aconteceu.<\/p>\n<p>Em 2011, o Ping foi encerrado. Zuckerberg sucedeu \u00e0 Jobs na capa da <strong>Time.<\/strong> E em poucos meses o Facebook se tornou o gigante que conhecemos.<\/p>\n<p>Dez anos depois, Zuckerberg e o sucessor Steve Jobs, <a href=\"https:\/\/www.suno.com.br\/tudo-sobre\/tim-cook\/\"><strong>Tim Cook<\/strong><\/a>, come\u00e7aram a entrar em rota de colis\u00e3o.<\/p>\n<p>Segundo o<em><strong> Wall Street Journal<\/strong><\/em>, entre os dois o n\u00edvel j\u00e1 \u00e9 o de acusa\u00e7\u00f5es expl\u00edcitas e promessas de vingan\u00e7a.<\/p>\n<p>Para compreender um pouco da temperatura da briga, \u00e9 suficiente reler a declara\u00e7\u00e3o de Cook no <strong>dia da privacidade,<\/strong> 28 de janeiro.<\/p>\n<p>&#8220;Em um momento em que a desinforma\u00e7\u00e3o e as teorias da conspira\u00e7\u00e3o s\u00e3o galopantes, alimentadas por algoritmos, n\u00e3o podemos mais fechar os olhos para aqueles que afirmam que todo tipo de intera\u00e7\u00e3o seja boa, que quanto mais durar,\u00a0 melhor, porque o \u00fanico objetivo \u00e9 coletar o m\u00e1ximo de dados poss\u00edvel&#8221;, disse o <a href=\"https:\/\/www.suno.com.br\/artigos\/ceo\/\"><strong>diretor-presidente (CEO)<\/strong><\/a> da Apple.<\/p>\n<p>Palavras que representaram um ponto sem volta. E que levaram essa disputa para as capas dos jornais.<\/p>\n<p>Quando Cook assumiu a lideran\u00e7a da Apple &#8211; pouco antes da morte de Jobs &#8211; as coisas at\u00e9 que pareciam ser muito diferentes. A colabora\u00e7\u00e3o entre as duas gigantes se tornou t\u00e3o intensa que chegou a ser criada uma parceria <strong>contra o Google.<\/strong><\/p>\n<p>Mas o esc\u00e2ndalo <strong>Cambridge Analytica<\/strong> de 2018 gerou essa animosidade cada vez maior.<\/p>\n<h2>Viola\u00e7\u00f5es da privacidade<\/h2>\n<p>As viola\u00e7\u00f5es da privacidade dos dados dos usu\u00e1rios no <strong>Facebook<\/strong> geraram as primeiras cr\u00edticas e distanciamento entre as duas empresas.<\/p>\n\t<div data-element=\"shortcode-read-more\" class=\"knowMore\">\n\t\t\t\t<span class=\"knowMore__title\">Leia tamb\u00e9m<\/span>\n\t\t\t\t<a class=\"knowMore__link\" href=\"https:\/\/www.suno.com.br\/noticias\/facebook-critica-apple-jornais-eua\/\">\n\t\t\tFacebook critica Apple em an\u00fancios de jornais nos EUA por pr\u00e1ticas anticompetitivas\t\t<\/a>\n\t<\/div>\n\n\n<p>A Apple come\u00e7ou a marcar seu terreno e sua diversidade com crescente convic\u00e7\u00e3o em rela\u00e7\u00e3o a outras plataformas digitais. Com a inten\u00e7\u00e3o expl\u00edcita de mostrar ao mundo que os dados de seus clientes estavam seguros.<\/p>\n<p>O Facebook vive da publicidade. \u00c9 o modelo de neg\u00f3cios da plataforma. E prospera fazendo de tudo para capturar a aten\u00e7\u00e3o dos usu\u00e1rios, estudando massivamente todos os perfis para produzir a propaganda &#8220;certa&#8221; para cada um.<\/p>\n<p>No Facebook, o usu\u00e1rio \u00e9 o produto.<\/p>\n<p>Em vez disso, a Apple ganha dinheiro vendendo produtos eletr\u00f4nicos de consumo e coletando comiss\u00f5es de servi\u00e7os e aplicativos de terceiros hospedados em sua loja digital.<\/p>\n<p>O mundo dos produtos da Apple \u00e9 \u201cfechado\u201d e hipercontrolado. Um sistema onde software e hardware s\u00e3o integrados e os servi\u00e7os de terceiros devem atender regulamenta\u00e7\u00f5es muito r\u00edgidas para entrar em suas plataformas.<\/p>\n<p>No come\u00e7o, essa diversidade de modelos de neg\u00f3cios nunca foi um problema.<\/p>\n<p>Tornou-se uma briga em meados do ano passado. Quando a Apple decidiu introduzir uma fun\u00e7\u00e3o para evitar que os aplicativos rastreiem as atividades online dos usu\u00e1rios.<\/p>\n<p>Uma mudan\u00e7a que veio na atualiza\u00e7\u00e3o do sistema operacional <strong>iOs 14<\/strong> para iPhone e iPad.<\/p>\n<p>Basicamente, a partir dessa atualiza\u00e7\u00e3o foi necess\u00e1rio pedir o consentimento consciente e expl\u00edcito para o rastreamento dos usu\u00e1rios para que sites, como o Facebook, possam realizar uma personaliza\u00e7\u00e3o dos an\u00fancios.<\/p>\n<p>Essa decis\u00e3o representou uma declara\u00e7\u00e3o de guerra para essas empresas, que vivem de segmenta\u00e7\u00e3o da propaganda.<\/p>\n<p>Tanto que durante a confer\u00eancia com os analistas apresentando os resultados do \u00faltimo trimestre do ano, Zuckerberg definiu a Apple pela primeira vez como &#8220;um concorrente&#8221;.<\/p>\n<h2>Guerra na Vale do Sil\u00edcio<\/h2>\n<p>Esse duelo, entretanto, n\u00e3o \u00e9 a oposi\u00e7\u00e3o t\u00edpica entre gigantes do <strong>Vale do Sil\u00edcio<\/strong> para conquistar novos usu\u00e1rios e novos mercados.<\/p>\n\t<div data-element=\"shortcode-read-more\" class=\"knowMore\">\n\t\t\t\t<span class=\"knowMore__title\">Leia tamb\u00e9m<\/span>\n\t\t\t\t<a class=\"knowMore__link\" href=\"https:\/\/www.suno.com.br\/noticias\/facebook-acusado-governo-americano-monopolio\/\">\n\t\t\tFacebook \u00e9 acusado pelo governo e estados americanos por monop\u00f3lio\t\t<\/a>\n\t<\/div>\n\n\n<p>N\u00e3o h\u00e1 nenhum &#8220;mocinho&#8221; que se preocupe com a privacidade dos usu\u00e1rios. Assim como n\u00e3o h\u00e1 um &#8220;vil\u00e3o&#8221; que, ao contr\u00e1rio, promova not\u00edcias falsas e teorias da conspira\u00e7\u00e3o.<\/p>\n<p>Na verdade, existem duas vis\u00f5es da <strong>internet<\/strong> que parecem n\u00e3o ser complementares na comunica\u00e7\u00e3o.<\/p>\n<p>Por algumas d\u00e9cadas, o &#8220;monitoramento&#8221; do usu\u00e1rio alimentou os neg\u00f3cios de algumas plataformas.<\/p>\n<p>Not\u00edcias falsas e teorias da conspira\u00e7\u00e3o s\u00e3o apenas a express\u00e3o de uma estrat\u00e9gia para capturar a aten\u00e7\u00e3o dos usu\u00e1rios. Tolerada por muito tempo pelas plataformas pois atendia aos seus interesses.<\/p>\n<p>No entanto, a publicidade online e o perfil do usu\u00e1rio possibilitaram novas economias de servi\u00e7os digitais.<\/p>\n<p>O monstro que a Apple parece querer destruir de fato se tornou esse gigante tamb\u00e9m gra\u00e7as ao sucesso do <strong>iPhone.<\/strong><\/p>\n<p>A transforma\u00e7\u00e3o do celular em um computador conectado \u00e0 rede sem d\u00favida diminuiu o limite de controle sobre o conte\u00fado da web e aumentou a capacidade de monetizar nossa aten\u00e7\u00e3o em troca de servi\u00e7os.<\/p>\n<p>Na internet, tamb\u00e9m gra\u00e7as ao boom dos smartphones, proliferaram casas de games ou varejistas eletr\u00f4nicas que vivem de dados e propaganda.<\/p>\n<p>Elas n\u00e3o s\u00e3o um pequeno peda\u00e7o da <strong>economia digital.<\/strong><\/p>\n<p>Por isso a decis\u00e3o da Apple \u00e9 como se um fabricante de televis\u00e3o decidisse inserir um bot\u00e3o no controle remoto para remover a publicidade dos canais de TV. Muitas emissoras n\u00e3o conseguiam mais se sustentar.<\/p>\n<p>No entanto, a Internet n\u00e3o \u00e9 TV. E a cruzada da Apple atende aos interesses de seus usu\u00e1rios. Bem como aos de seus acionistas, que exigem maior controle de seus dados. Pois est\u00e3o preocupados por eventuais repercuss\u00f5es por parte do poder p\u00fablico.<\/p>\n<p>Exatamente por esse motivo seria errado, simpl\u00f3rio e bin\u00e1rio dividir o mundo digital em amigos e inimigos da privacidade.<\/p>\n<h2>Guerra da Apple contra Facebook vai mudar a internet?<\/h2>\n<p>Usando as palavras de <strong><a href=\"https:\/\/www.suno.com.br\/tudo-sobre\/milton-friedman\/#:~:text=Milton%20Friedman%20foi%20um%20estat%C3%ADstico,complexidade%20da%20pol%C3%ADtica%20de%20estabiliza%C3%A7%C3%A3o.\">Milton Friedman<\/a>,<\/strong> est\u00e1 cada vez mais claro que \u201cn\u00e3o h\u00e1 almo\u00e7os gratuitos\u201d na internet.<\/p>\n\t<p>\n\t\t<a href=\"https:\/\/lp.suno.com.br\/planilha-da-vida-financeira\/\" target=\"_blank\" data-element=\"shortcode-suno-banner\" title=\"Banner SUNO, clique e saiba mais\">\n\t\t\t<picture>\n\t\t\t\t<source media=\"(max-width: 500px)\" srcset=\"https:\/\/files.sunoresearch.com.br\/n\/uploads\/2023\/04\/400x300-Planilha-vida-financeira-true.png\">\n\t\t\t\t<img class=\"newsContent__article__imgCapa newsContent__article__imgCapa--banner\"\n\t\t\t\t\tsrc=\"https:\/\/files.sunoresearch.com.br\/n\/uploads\/2023\/04\/1420x240-Planilha-vida-financeira-true.png\"\n\t\t\t\t\tdata-promo-id=\"106682\"\t\t\t\t\t\t\t\t\t\twidth='1420' height='240'\t\t\t\t\talt=\"https:\/\/files.sunoresearch.com.br\/n\/uploads\/2023\/04\/1420x240-Planilha-vida-financeira-true.png\"\n\t\t\t\t>\n\t\t\t<\/picture>\n\t\t<\/a>\n\t<\/p>\n\n\n<p>Se o produto \u00e9 gr\u00e1tis, o produto \u00e9 voc\u00ea. E seus dados.<\/p>\n<p>Privacidade tamb\u00e9m \u00e9 neg\u00f3cio. O que falta no debate atual \u00e9 transpar\u00eancia. Quanto mais clareza houver sobre as vantagens de abrir m\u00e3o da soberania dos pr\u00f3prios dados, maior ser\u00e1 a confian\u00e7a nos servi\u00e7os oferecidos na rede.<\/p>\n<p>O confronto entre Apple e <strong>Facebook<\/strong> provavelmente ser\u00e1 ben\u00e9fico para todo o ecossistema da internet. E vai trazer mais transpar\u00eancia no mundo digital. Ou, pelo menos, essa \u00e9 a esperan\u00e7a.<\/p>\n","protected":false},"excerpt":{"rendered":"<p>Nas \u00faltimas semanas a Apple (NASDAQ: AAPL) e o Facebook (NASDAQ: FB) trocaram farpas e den\u00fancias atrav\u00e9s das p\u00e1ginas dos principais jornais econ\u00f4micos do mundo. Facebook contra Apple Em ve\u00edculos como o The Washington Post, New York Times e The Wall Street Journal, o Facebook publicou an\u00fancios onde dizia estar &#8220;lutando contra a Apple pelas [&hellip;]<\/p>\n","protected":false},"author":9,"featured_media":108778,"comment_status":"closed","ping_status":"closed","sticky":false,"template":"","format":"standard","meta":[],"categories":[63],"tags":[794,733,1650],"suno_strategy":[],"class_list":["post-129513","post","type-post","status-publish","format-standard","has-post-thumbnail","hentry","category-internacional","tag-apple-aapl34","tag-facebook-fbok34","tag-internet"],"yoast_head":"<!-- This site is optimized with the Yoast SEO plugin v24.4 - https:\/\/yoast.com\/wordpress\/plugins\/seo\/ -->\n<title>Guerra entre Apple e Facebook pode mudar o futuro da internet<\/title>\n<meta name=\"description\" content=\"Entenda a guerra da Apple contra o Facebook por causa da privacidade que poderia mudar a internet. Clique aqui para saber mais.\" \/>\n<meta name=\"robots\" content=\"index, follow, max-snippet:-1, max-image-preview:large, max-video-preview:-1\" \/>\n<link rel=\"canonical\" href=\"https:\/\/www.suno.com.br\/noticias\/guerra-apple-facebook-futuro-internet\/\" \/>\n<meta property=\"og:locale\" content=\"pt_BR\" \/>\n<meta property=\"og:type\" content=\"article\" \/>\n<meta property=\"og:title\" content=\"Guerra entre Apple e Facebook pode mudar o futuro da internet\" \/>\n<meta property=\"og:description\" content=\"Entenda a guerra da Apple contra o Facebook por causa da privacidade que poderia mudar a internet. Clique aqui para saber mais.\" \/>\n<meta property=\"og:url\" content=\"https:\/\/www.suno.com.br\/noticias\/guerra-apple-facebook-futuro-internet\/\" \/>\n<meta property=\"og:site_name\" content=\"Suno Not\u00edcias\" \/>\n<meta property=\"article:publisher\" content=\"https:\/\/facebook.com\/sunoresearch\" \/>\n<meta property=\"og:image\" content=\"https:\/\/files.sunoresearch.com.br\/n\/uploads\/2020\/12\/a1b5e017-facebook.jpg\" \/>\n\t<meta property=\"og:image:width\" content=\"1024\" \/>\n\t<meta property=\"og:image:height\" content=\"683\" \/>\n\t<meta property=\"og:image:type\" content=\"image\/jpeg\" \/>\n<meta name=\"author\" content=\"Carlo Cauti\" \/>\n<meta name=\"twitter:card\" content=\"summary_large_image\" \/>\n<meta name=\"twitter:creator\" content=\"@sunoresearch\" \/>\n<meta name=\"twitter:site\" content=\"@sunoresearch\" \/>\n<meta name=\"twitter:label1\" content=\"Escrito por\" \/>\n\t<meta name=\"twitter:data1\" content=\"Carlo Cauti\" \/>\n\t<meta name=\"twitter:label2\" content=\"Est. tempo de leitura\" \/>\n\t<meta name=\"twitter:data2\" content=\"7 minutos\" \/>\n<script type=\"application\/ld+json\" class=\"yoast-schema-graph\">{\"@context\":\"https:\/\/schema.org\",\"@graph\":[{\"@type\":\"NewsArticle\",\"@id\":\"https:\/\/www.suno.com.br\/noticias\/guerra-apple-facebook-futuro-internet\/#article\",\"isPartOf\":{\"@id\":\"https:\/\/www.suno.com.br\/noticias\/guerra-apple-facebook-futuro-internet\/\"},\"author\":{\"name\":\"Carlo Cauti\",\"@id\":\"https:\/\/www.suno.com.br\/noticias\/#\/schema\/person\/e6e0f723cc177805027f4566c1d5e0c8\"},\"headline\":\"Guerra entre Apple e Facebook pode mudar o futuro da internet\",\"datePublished\":\"2021-03-07T14:57:30+00:00\",\"mainEntityOfPage\":{\"@id\":\"https:\/\/www.suno.com.br\/noticias\/guerra-apple-facebook-futuro-internet\/\"},\"wordCount\":1320,\"publisher\":{\"@id\":\"https:\/\/www.suno.com.br\/noticias\/#organization\"},\"image\":{\"@id\":\"https:\/\/www.suno.com.br\/noticias\/guerra-apple-facebook-futuro-internet\/#primaryimage\"},\"thumbnailUrl\":\"https:\/\/files.sunoresearch.com.br\/n\/uploads\/2020\/12\/a1b5e017-facebook-jpg.webp\",\"keywords\":[\"Apple (AAPL34)\",\"Facebook (FBOK34)\",\"internet\"],\"articleSection\":[\"Internacional\"],\"inLanguage\":\"pt-BR\"},{\"@type\":\"WebPage\",\"@id\":\"https:\/\/www.suno.com.br\/noticias\/guerra-apple-facebook-futuro-internet\/\",\"url\":\"https:\/\/www.suno.com.br\/noticias\/guerra-apple-facebook-futuro-internet\/\",\"name\":\"Guerra entre Apple e Facebook pode mudar o futuro da internet\",\"isPartOf\":{\"@id\":\"https:\/\/www.suno.com.br\/noticias\/#website\"},\"primaryImageOfPage\":{\"@id\":\"https:\/\/www.suno.com.br\/noticias\/guerra-apple-facebook-futuro-internet\/#primaryimage\"},\"image\":{\"@id\":\"https:\/\/www.suno.com.br\/noticias\/guerra-apple-facebook-futuro-internet\/#primaryimage\"},\"thumbnailUrl\":\"https:\/\/files.sunoresearch.com.br\/n\/uploads\/2020\/12\/a1b5e017-facebook-jpg.webp\",\"datePublished\":\"2021-03-07T14:57:30+00:00\",\"description\":\"Entenda a guerra da Apple contra o Facebook por causa da privacidade que poderia mudar a internet. Clique aqui para saber mais.\",\"breadcrumb\":{\"@id\":\"https:\/\/www.suno.com.br\/noticias\/guerra-apple-facebook-futuro-internet\/#breadcrumb\"},\"inLanguage\":\"pt-BR\",\"potentialAction\":[{\"@type\":\"ReadAction\",\"target\":[\"https:\/\/www.suno.com.br\/noticias\/guerra-apple-facebook-futuro-internet\/\"]}]},{\"@type\":\"ImageObject\",\"inLanguage\":\"pt-BR\",\"@id\":\"https:\/\/www.suno.com.br\/noticias\/guerra-apple-facebook-futuro-internet\/#primaryimage\",\"url\":\"https:\/\/files.sunoresearch.com.br\/n\/uploads\/2020\/12\/a1b5e017-facebook-jpg.webp\",\"contentUrl\":\"https:\/\/files.sunoresearch.com.br\/n\/uploads\/2020\/12\/a1b5e017-facebook-jpg.webp\",\"width\":1024,\"height\":683,\"caption\":\"Facebook contra Apple\"},{\"@type\":\"BreadcrumbList\",\"@id\":\"https:\/\/www.suno.com.br\/noticias\/guerra-apple-facebook-futuro-internet\/#breadcrumb\",\"itemListElement\":[{\"@type\":\"ListItem\",\"position\":1,\"name\":\"Not\u00edcias\",\"item\":\"https:\/\/www.suno.com.br\/noticias\/\"},{\"@type\":\"ListItem\",\"position\":2,\"name\":\"Internacional\",\"item\":\"https:\/\/www.suno.com.br\/noticias\/internacional\/\"},{\"@type\":\"ListItem\",\"position\":3,\"name\":\"Guerra entre Apple e Facebook pode mudar o futuro da internet\"}]},{\"@type\":\"WebSite\",\"@id\":\"https:\/\/www.suno.com.br\/noticias\/#website\",\"url\":\"https:\/\/www.suno.com.br\/noticias\/\",\"name\":\"Suno Not\u00edcias\",\"description\":\"Seu portal de informa\u00e7\u00e3o sobre o mundo dos investimentos\",\"publisher\":{\"@id\":\"https:\/\/www.suno.com.br\/noticias\/#organization\"},\"potentialAction\":[{\"@type\":\"SearchAction\",\"target\":{\"@type\":\"EntryPoint\",\"urlTemplate\":\"https:\/\/www.suno.com.br\/noticias\/?s={search_term_string}\"},\"query-input\":{\"@type\":\"PropertyValueSpecification\",\"valueRequired\":true,\"valueName\":\"search_term_string\"}}],\"inLanguage\":\"pt-BR\"},{\"@type\":\"Organization\",\"@id\":\"https:\/\/www.suno.com.br\/noticias\/#organization\",\"name\":\"Suno Not\u00edcias\",\"url\":\"https:\/\/www.suno.com.br\/noticias\/\",\"logo\":{\"@type\":\"ImageObject\",\"inLanguage\":\"pt-BR\",\"@id\":\"https:\/\/www.suno.com.br\/noticias\/#\/schema\/logo\/image\/\",\"url\":\"https:\/\/files.sunoresearch.com.br\/n\/uploads\/2021\/09\/suno-logo.png\",\"contentUrl\":\"https:\/\/files.sunoresearch.com.br\/n\/uploads\/2021\/09\/suno-logo.png\",\"width\":180,\"height\":180,\"caption\":\"Suno Not\u00edcias\"},\"image\":{\"@id\":\"https:\/\/www.suno.com.br\/noticias\/#\/schema\/logo\/image\/\"},\"sameAs\":[\"https:\/\/facebook.com\/sunoresearch\",\"https:\/\/x.com\/sunoresearch\",\"https:\/\/www.instagram.com\/suno\",\"https:\/\/www.linkedin.com\/company\/suno-research\/\",\"https:\/\/www.youtube.com\/c\/sunoresearch\"]},{\"@type\":\"Person\",\"@id\":\"https:\/\/www.suno.com.br\/noticias\/#\/schema\/person\/e6e0f723cc177805027f4566c1d5e0c8\",\"name\":\"Carlo Cauti\",\"image\":{\"@type\":\"ImageObject\",\"inLanguage\":\"pt-BR\",\"@id\":\"https:\/\/www.suno.com.br\/noticias\/#\/schema\/person\/image\/\",\"url\":\"https:\/\/secure.gravatar.com\/avatar\/3ada9e0bd164c23abd4792a9606d583c?s=96&r=g\",\"contentUrl\":\"https:\/\/secure.gravatar.com\/avatar\/3ada9e0bd164c23abd4792a9606d583c?s=96&r=g\",\"caption\":\"Carlo Cauti\"},\"description\":\"Editor multim\u00eddia do SUNO Not\u00edcias. Italiano, formado em Ci\u00eancias Pol\u00edticas pela universidade LUISS G. Carli de Roma e mestre cum laude em Rela\u00e7\u00f5es Internacionais, Jornalismo Internacional e de Guerra e em Economia Internacional. Concluiu tamb\u00e9m um MBA em Finan\u00e7as na B3. No Brasil, teve passagem por ve\u00edculos como Estad\u00e3o, Globo, Veja e EXAME. e nas ag\u00eancias de not\u00edcias italianas ANSA e NOVA.\",\"url\":\"https:\/\/www.suno.com.br\/noticias\/author\/carlo-cauti\/\"}]}<\/script>\n<!-- \/ Yoast SEO plugin. -->","yoast_head_json":{"title":"Guerra entre Apple e Facebook pode mudar o futuro da internet","description":"Entenda a guerra da Apple contra o Facebook por causa da privacidade que poderia mudar a internet. Clique aqui para saber mais.","robots":{"index":"index","follow":"follow","max-snippet":"max-snippet:-1","max-image-preview":"max-image-preview:large","max-video-preview":"max-video-preview:-1"},"canonical":"https:\/\/www.suno.com.br\/noticias\/guerra-apple-facebook-futuro-internet\/","og_locale":"pt_BR","og_type":"article","og_title":"Guerra entre Apple e Facebook pode mudar o futuro da internet","og_description":"Entenda a guerra da Apple contra o Facebook por causa da privacidade que poderia mudar a internet. Clique aqui para saber mais.","og_url":"https:\/\/www.suno.com.br\/noticias\/guerra-apple-facebook-futuro-internet\/","og_site_name":"Suno Not\u00edcias","article_publisher":"https:\/\/facebook.com\/sunoresearch","og_image":[{"width":1024,"height":683,"url":"https:\/\/files.sunoresearch.com.br\/n\/uploads\/2020\/12\/a1b5e017-facebook.jpg","type":"image\/jpeg"}],"author":"Carlo Cauti","twitter_card":"summary_large_image","twitter_creator":"@sunoresearch","twitter_site":"@sunoresearch","twitter_misc":{"Escrito por":"Carlo Cauti","Est. tempo de leitura":"7 minutos"},"schema":{"@context":"https:\/\/schema.org","@graph":[{"@type":"NewsArticle","@id":"https:\/\/www.suno.com.br\/noticias\/guerra-apple-facebook-futuro-internet\/#article","isPartOf":{"@id":"https:\/\/www.suno.com.br\/noticias\/guerra-apple-facebook-futuro-internet\/"},"author":{"name":"Carlo Cauti","@id":"https:\/\/www.suno.com.br\/noticias\/#\/schema\/person\/e6e0f723cc177805027f4566c1d5e0c8"},"headline":"Guerra entre Apple e Facebook pode mudar o futuro da internet","datePublished":"2021-03-07T14:57:30+00:00","mainEntityOfPage":{"@id":"https:\/\/www.suno.com.br\/noticias\/guerra-apple-facebook-futuro-internet\/"},"wordCount":1320,"publisher":{"@id":"https:\/\/www.suno.com.br\/noticias\/#organization"},"image":{"@id":"https:\/\/www.suno.com.br\/noticias\/guerra-apple-facebook-futuro-internet\/#primaryimage"},"thumbnailUrl":"https:\/\/files.sunoresearch.com.br\/n\/uploads\/2020\/12\/a1b5e017-facebook-jpg.webp","keywords":["Apple (AAPL34)","Facebook (FBOK34)","internet"],"articleSection":["Internacional"],"inLanguage":"pt-BR"},{"@type":"WebPage","@id":"https:\/\/www.suno.com.br\/noticias\/guerra-apple-facebook-futuro-internet\/","url":"https:\/\/www.suno.com.br\/noticias\/guerra-apple-facebook-futuro-internet\/","name":"Guerra entre Apple e Facebook pode mudar o futuro da internet","isPartOf":{"@id":"https:\/\/www.suno.com.br\/noticias\/#website"},"primaryImageOfPage":{"@id":"https:\/\/www.suno.com.br\/noticias\/guerra-apple-facebook-futuro-internet\/#primaryimage"},"image":{"@id":"https:\/\/www.suno.com.br\/noticias\/guerra-apple-facebook-futuro-internet\/#primaryimage"},"thumbnailUrl":"https:\/\/files.sunoresearch.com.br\/n\/uploads\/2020\/12\/a1b5e017-facebook-jpg.webp","datePublished":"2021-03-07T14:57:30+00:00","description":"Entenda a guerra da Apple contra o Facebook por causa da privacidade que poderia mudar a internet. Clique aqui para saber mais.","breadcrumb":{"@id":"https:\/\/www.suno.com.br\/noticias\/guerra-apple-facebook-futuro-internet\/#breadcrumb"},"inLanguage":"pt-BR","potentialAction":[{"@type":"ReadAction","target":["https:\/\/www.suno.com.br\/noticias\/guerra-apple-facebook-futuro-internet\/"]}]},{"@type":"ImageObject","inLanguage":"pt-BR","@id":"https:\/\/www.suno.com.br\/noticias\/guerra-apple-facebook-futuro-internet\/#primaryimage","url":"https:\/\/files.sunoresearch.com.br\/n\/uploads\/2020\/12\/a1b5e017-facebook-jpg.webp","contentUrl":"https:\/\/files.sunoresearch.com.br\/n\/uploads\/2020\/12\/a1b5e017-facebook-jpg.webp","width":1024,"height":683,"caption":"Facebook contra Apple"},{"@type":"BreadcrumbList","@id":"https:\/\/www.suno.com.br\/noticias\/guerra-apple-facebook-futuro-internet\/#breadcrumb","itemListElement":[{"@type":"ListItem","position":1,"name":"Not\u00edcias","item":"https:\/\/www.suno.com.br\/noticias\/"},{"@type":"ListItem","position":2,"name":"Internacional","item":"https:\/\/www.suno.com.br\/noticias\/internacional\/"},{"@type":"ListItem","position":3,"name":"Guerra entre Apple e Facebook pode mudar o futuro da internet"}]},{"@type":"WebSite","@id":"https:\/\/www.suno.com.br\/noticias\/#website","url":"https:\/\/www.suno.com.br\/noticias\/","name":"Suno Not\u00edcias","description":"Seu portal de informa\u00e7\u00e3o sobre o mundo dos investimentos","publisher":{"@id":"https:\/\/www.suno.com.br\/noticias\/#organization"},"potentialAction":[{"@type":"SearchAction","target":{"@type":"EntryPoint","urlTemplate":"https:\/\/www.suno.com.br\/noticias\/?s={search_term_string}"},"query-input":{"@type":"PropertyValueSpecification","valueRequired":true,"valueName":"search_term_string"}}],"inLanguage":"pt-BR"},{"@type":"Organization","@id":"https:\/\/www.suno.com.br\/noticias\/#organization","name":"Suno Not\u00edcias","url":"https:\/\/www.suno.com.br\/noticias\/","logo":{"@type":"ImageObject","inLanguage":"pt-BR","@id":"https:\/\/www.suno.com.br\/noticias\/#\/schema\/logo\/image\/","url":"https:\/\/files.sunoresearch.com.br\/n\/uploads\/2021\/09\/suno-logo.png","contentUrl":"https:\/\/files.sunoresearch.com.br\/n\/uploads\/2021\/09\/suno-logo.png","width":180,"height":180,"caption":"Suno Not\u00edcias"},"image":{"@id":"https:\/\/www.suno.com.br\/noticias\/#\/schema\/logo\/image\/"},"sameAs":["https:\/\/facebook.com\/sunoresearch","https:\/\/x.com\/sunoresearch","https:\/\/www.instagram.com\/suno","https:\/\/www.linkedin.com\/company\/suno-research\/","https:\/\/www.youtube.com\/c\/sunoresearch"]},{"@type":"Person","@id":"https:\/\/www.suno.com.br\/noticias\/#\/schema\/person\/e6e0f723cc177805027f4566c1d5e0c8","name":"Carlo Cauti","image":{"@type":"ImageObject","inLanguage":"pt-BR","@id":"https:\/\/www.suno.com.br\/noticias\/#\/schema\/person\/image\/","url":"https:\/\/secure.gravatar.com\/avatar\/3ada9e0bd164c23abd4792a9606d583c?s=96&r=g","contentUrl":"https:\/\/secure.gravatar.com\/avatar\/3ada9e0bd164c23abd4792a9606d583c?s=96&r=g","caption":"Carlo Cauti"},"description":"Editor multim\u00eddia do SUNO Not\u00edcias. Italiano, formado em Ci\u00eancias Pol\u00edticas pela universidade LUISS G. Carli de Roma e mestre cum laude em Rela\u00e7\u00f5es Internacionais, Jornalismo Internacional e de Guerra e em Economia Internacional. Concluiu tamb\u00e9m um MBA em Finan\u00e7as na B3. No Brasil, teve passagem por ve\u00edculos como Estad\u00e3o, Globo, Veja e EXAME. e nas ag\u00eancias de not\u00edcias italianas ANSA e NOVA.","url":"https:\/\/www.suno.com.br\/noticias\/author\/carlo-cauti\/"}]}},"default_loop_html":"<div class=\"cardsPage__listCard__boxs\"><div class=\"cardsPage__listCard__boxs__img\"><a href=\"https:\/\/www.suno.com.br\/noticias\/guerra-apple-facebook-futuro-internet\/\"><img class=\"mask\" src=\"https:\/\/www.suno.com.br\/noticias\/wp-content\/themes\/suno\/resources\/images\/spotlight\/spotlight1img\/bg-mask.png\" alt=\"Image Mask\"\/><img src=\"https:\/\/files.sunoresearch.com.br\/n\/uploads\/2020\/12\/a1b5e017-facebook-400x200.webp\" alt=\"Guerra entre Apple e Facebook pode mudar o futuro da internet\"\/><\/a><span class=\"spotlightCategory\"><a href=\"https:\/\/www.suno.com.br\/noticias\/internacional\/\">Internacional<\/a><\/span><\/div><div class=\"cardsPage__listCard__boxs__content\"><a href=\"https:\/\/www.suno.com.br\/noticias\/guerra-apple-facebook-futuro-internet\/\"><h2 class=\"content__title\">Guerra entre Apple e Facebook pode mudar o futuro da internet<\/h2><\/a><div class=\"newsContent__article__meta\"><div class=\"newsContent__article__meta__authorBox\"><a href=\"https:\/\/www.suno.com.br\/noticias\/author\/carlo-cauti\/\" class=\"authorBox__avatar noMobi\"><img src=\"https:\/\/files.sunoresearch.com.br\/n\/uploads\/2020\/08\/e3745f9a-perfil-carlo-cauti-150x150.webp\" alt=\"Carlo Cauti\"><\/a><div class=\"authorBox__name\"><span>por\n\t\t\t<a href=\"https:\/\/www.suno.com.br\/noticias\/author\/carlo-cauti\/\"><span itemprop=\"author\">Carlo Cauti<\/span><\/a><\/span><time datetime=\"2021-03-07T11:57:30-03:00\" itemprop=\"datePublished\">07\/03\/2021 11:57<\/time><\/div><\/div><\/div><\/div><\/div>","single_layout":"posts","amp_enabled":true,"_links":{"self":[{"href":"https:\/\/www.suno.com.br\/noticias\/wp-json\/wp\/v2\/posts\/129513"}],"collection":[{"href":"https:\/\/www.suno.com.br\/noticias\/wp-json\/wp\/v2\/posts"}],"about":[{"href":"https:\/\/www.suno.com.br\/noticias\/wp-json\/wp\/v2\/types\/post"}],"author":[{"embeddable":true,"href":"https:\/\/www.suno.com.br\/noticias\/wp-json\/wp\/v2\/users\/9"}],"replies":[{"embeddable":true,"href":"https:\/\/www.suno.com.br\/noticias\/wp-json\/wp\/v2\/comments?post=129513"}],"version-history":[{"count":7,"href":"https:\/\/www.suno.com.br\/noticias\/wp-json\/wp\/v2\/posts\/129513\/revisions"}],"predecessor-version":[{"id":129549,"href":"https:\/\/www.suno.com.br\/noticias\/wp-json\/wp\/v2\/posts\/129513\/revisions\/129549"}],"wp:featuredmedia":[{"embeddable":true,"href":"https:\/\/www.suno.com.br\/noticias\/wp-json\/wp\/v2\/media\/108778"}],"wp:attachment":[{"href":"https:\/\/www.suno.com.br\/noticias\/wp-json\/wp\/v2\/media?parent=129513"}],"wp:term":[{"taxonomy":"category","embeddable":true,"href":"https:\/\/www.suno.com.br\/noticias\/wp-json\/wp\/v2\/categories?post=129513"},{"taxonomy":"post_tag","embeddable":true,"href":"https:\/\/www.suno.com.br\/noticias\/wp-json\/wp\/v2\/tags?post=129513"},{"taxonomy":"suno_strategy","embeddable":true,"href":"https:\/\/www.suno.com.br\/noticias\/wp-json\/wp\/v2\/suno_strategy?post=129513"}],"curies":[{"name":"wp","href":"https:\/\/api.w.org\/{rel}","templated":true}]}}