{"id":12950,"date":"2019-01-24T18:10:29","date_gmt":"2019-01-24T20:10:29","guid":{"rendered":"https:\/\/www.suno.com.br\/noticias\/?p=12950"},"modified":"2021-06-01T22:07:12","modified_gmt":"2021-06-02T01:07:12","slug":"dolar-alta-quinta-euro-cai","status":"publish","type":"post","link":"https:\/\/www.suno.com.br\/noticias\/dolar-alta-quinta-euro-cai\/","title":{"rendered":"D\u00f3lar fecha em alta nesta quinta cotado a R$ 3,7719; Euro cai 0,639%"},"content":{"rendered":"<p>O d\u00f3lar fechou est\u00e1 quinta-feira (24) em alta de 0,229 % ap\u00f3s cair mais de 1% na \u00faltima quarta-feira (23). O mercado continua aguardando mais informa\u00e7\u00f5es da reforma da Previd\u00eancia.<\/p>\t<div class=\"wrapper-featured-image\">\n\t\t<figure class=\"spotlightImg\">\n\n\t\t\t<picture>\n\t\t\t\t<source media=\"(max-width: 768px)\" srcset=\"https:\/\/files.sunoresearch.com.br\/n\/uploads\/2018\/08\/a7e25189-america-3125467_960_720-400x200.webp\">\n\t\t\t\t<img loading=\"lazy\" decoding=\"async\" class=\"newsContent__article__imgCapa lazyloadDisabled newsContent__article__imgCapa--noCaption\" src=\"https:\/\/files.sunoresearch.com.br\/n\/uploads\/2018\/08\/a7e25189-america-3125467_960_720-800x450.webp\" width=\"800\" height=\"450\" alt=\"D\u00f3lar fecha em alta nesta quinta cotado a R$ 3,7719; Euro cai 0,639%\" fetchpriority=high \/>\n\t\t\t<\/picture>\n\n\t\t\t<figcaption class=\"wp-caption-text wp-caption-text--hide\">D\u00f3lar pode chegar a R$ 7,35, de acordo com UBS <\/figcaption>\n\t\t<\/figure>\n\t<\/div>\n\n\n<p>\u00c0s 11 horas, o <strong>d\u00f3lar<\/strong> bateu a sua m\u00e1xima, vendida a R$ 3,7904. A tarde, a moeda sofreu forte queda. Por volta das 15 horas, registrou a m\u00ednima, negociada a R$ 3,7432. Por\u00e9m, no fechamento a moeda americana voltou a subir, terminando o dia cotada a R$ 3,7719.<\/p>\n<p>Confira como fechou o euro e libra nesta quinta-feira (24):<\/p>\n<ul>\n<li style=\"list-style-type: none;\">\n<ul>\n<li style=\"list-style-type: none;\">\n<ul>\n<li><strong>Euro:<\/strong>\u00a0queda de 0,639%, a R$ 4,2625.<\/li>\n<li><strong>Libra esterlina:<\/strong>\u00a0alta de\u00a00,008 %, a R$ 4,9216.<\/li>\n<\/ul>\n<\/li>\n<\/ul>\n<\/li>\n<\/ul>\n<p>No quarto dia de trabalhos no <strong>F\u00f3rum Econ\u00f4mico Mundial<\/strong>, em <strong>Davos<\/strong>, o presidente <strong>Jair Bolsonaro<\/strong> teve uma agenda cheia. Ao todo, <strong>Bolsonaro<\/strong> se encontrou com seis l\u00edderes, entre eles:<\/p>\n<ul>\n<li>O primeiro-ministro dos Pa\u00edses Baixos, Mark Rutte<\/li>\n<li>O primeiro-ministro da Rep\u00fablica Tcheca, Andrej Babis<\/li>\n<li>O presidente da Pol\u00f4nia, Andrzej Duda<\/li>\n<li>O presidente da Ucr\u00e2nia, Petro Poroshenko<\/li>\n<li>O presidente da \u00c1frica do Sul, Cyril Ramaphosa<\/li>\n<li>O presidente da Col\u00f4mbia, Ivan Duque<\/li>\n<\/ul>\n<p>O primeiro-ministro dos Pa\u00edses Baixos, <strong>Mark Rutte<\/strong>, disse ao portal <strong>Suno Not\u00edcias<\/strong> que \u201co encontro com\u00a0<strong><span style=\"font-size: 19.4286px;\">Bolsonaro<\/span><\/strong><span style=\"font-size: 19.4286px;\">\u00a0<\/span><span style=\"font-size: 1.21429rem;\">foi muito positivo\u201d. Entre os assuntos tratados por Bolsonaro e Rutte estava:<\/span><\/p>\n<ul>\n<li>O aumento do com\u00e9rcio bilateral;<\/li>\n<li>A simplifica\u00e7\u00e3o do com\u00e9rcio entre Brasil e Uni\u00e3o Europeia;<\/li>\n<li>Quest\u00f5es ambientais;<\/li>\n<\/ul>\n<p><a href=\"https:\/\/www.suno.com.br\/noticias\/quarto-dia-davos-agenda-bolsonaro\/\">Saiba mais: Quarto dia de Davos termina com agenda cheia de Bolsonaro<\/a><\/p>\n<h2>Atua\u00e7\u00e3o do Banco Central<\/h2>\n<p>O <strong>Banco Central<\/strong> (BC), realizou o leil\u00e3o\u00a0de 13,4 mil contratos de <a href=\"https:\/\/www.suno.com.br\/artigos\/swap-cambial\/\">swap cambial<\/a> tradicional. O swap equivale \u00e0 venda futura de d\u00f3lares.<\/p>\n<p>Com isso, foram rolados\u00a0US$ 11,39 bilh\u00f5es de um total de US$ 13,398 bilh\u00f5es, que encerram em fevereiro.<\/p>\n<h2>Reforma da Previd\u00eancia<\/h2>\n<p>Apesar da urg\u00eancia da aprova\u00e7\u00e3o da <strong>reforma da Previd\u00eancia<\/strong>, a pauta foi exclu\u00edda das metas dos 100 primeiros dias. O documento \u00e9 organizado pelo <strong>governo<\/strong>\u00a0e estipula as principais medidas para os primeiros meses da gest\u00e3o.<\/p>\n<p>Entre as pautas levantadas pela equipe de <strong>Bolsonaro<\/strong>\u00a0est\u00e1 a diminui\u00e7\u00e3o do tamanho do estado, com o corte de 21 mil cargos comissionados.<\/p>\n<p><a href=\"https:\/\/www.suno.com.br\/noticias\/metas-governo-excluem-reforma-previdencia\/\">Saiba mais: Metas para 100 primeiros dias de governo excluem reforma da Previd\u00eancia<\/a><\/p>\n<p>Na \u00faltima quarta-feira (24), o ministro da Economia, <strong>Paulo Guedes<\/strong>, disse ao portal <strong>Suno Not\u00edcias<\/strong> que vai enviar a proposta da reforma na pr\u00f3xima semana.<\/p>\n<p>&#8220;Assim que chegar a gente vai tentar colocar no Congresso. Eu at\u00e9 n\u00e3o to colocando outras coisas para n\u00e3o travar&#8221;, declarou <strong>Guedes<\/strong>.<\/p>\n<p><a href=\"https:\/\/www.suno.com.br\/noticias\/reforma-previdencia-congresso-guedes\/\">Guedes: Reforma da Previd\u00eancia deve ir ao Congresso semana que vem<\/a><\/p>\n<h2>Pr\u00e9via da infla\u00e7\u00e3o<\/h2>\n<p>O\u00a0<strong>Instituto Brasileiro de Geografia e Estat\u00edstica (IBGE)<\/strong> divulgou nesta ter\u00e7a-feira (24) o\u00a0<strong><a href=\"https:\/\/www.suno.com.br\/artigos\/ipca\/\">\u00cdndice Nacional de Pre\u00e7os ao Consumidor Amplo<\/a> (IPCA)<\/strong> do m\u00eas de janeiro. De acordo com o <strong>IPCA-15<\/strong>, houve <strong>infla\u00e7\u00e3o<\/strong> de 0,3% em janeiro. Mesmo assim, o patamar para o m\u00eas \u00e9 o menor desde a cria\u00e7\u00e3o do Plano Real em 1994.<\/p>\n<p><a href=\"https:\/\/www.suno.com.br\/noticias\/ipca-15-janeiro-2019\/\">Saiba mais: Primeira pr\u00e9via da infla\u00e7\u00e3o do ano, IPCA-15 avan\u00e7ou 0,3% em janeiro<\/a><\/p>\n<p>O \u00faltimo <strong><a href=\"https:\/\/www.suno.com.br\/artigos\/relatorio-focus\/\">Boletim Focus<\/a><\/strong>, publicado na \u00faltima segunda-feira (21), reduziu as expectativas para a infla\u00e7\u00e3o de 2019, de 4,02% a 4,01%.<\/p>\n<h2>Mercado de trabalho<\/h2>\n<p>O mercado de trabalho registrou o seu primeiro n\u00famero positivo ap\u00f3s tr\u00eas anos de quedas. De acordo com\u00a0<strong>Cadastro Geral de Empregados e Desempregados (Caged)<\/strong>, o Brasil criou 530 mil vagas de trabalho formais em 2018.<\/p>\n<p>Com a crise econ\u00f4mica que abateu a economia brasileira nos \u00faltimos anos, o mercado fechou, s\u00f3 em 2016, 1,326 milh\u00e3o de vagas.<\/p>\n<p><a href=\"https:\/\/www.suno.com.br\/noticias\/mercado-trabalho-brasil-saldo-positivo\/\">Saiba mais: Mercado de trabalho no Brasil tem 1\u00ba saldo positivo desde 2014<\/a><\/p>\n<h2>\u00daltima cota\u00e7\u00e3o<\/h2>\n<p>Na \u00faltima quarta-feira (23), o <strong>d\u00f3lar<\/strong> operou em queda de 1,114% cotado a R$ 3,7633.<\/p>\n<p>&nbsp;<\/p>\n","protected":false},"excerpt":{"rendered":"<p>O d\u00f3lar fechou est\u00e1 quinta-feira (24) em alta de 0,229 % ap\u00f3s cair mais de 1% na \u00faltima quarta-feira (23). O mercado continua aguardando mais informa\u00e7\u00f5es da reforma da Previd\u00eancia. D\u00f3lar pode chegar a R$ 7,35, de acordo com UBS \u00c0s 11 horas, o d\u00f3lar bateu a sua m\u00e1xima, vendida a R$ 3,7904. A tarde, [&hellip;]<\/p>\n","protected":false},"author":14,"featured_media":2980,"comment_status":"closed","ping_status":"closed","sticky":false,"template":"","format":"standard","meta":[],"categories":[60],"tags":[972,1296,326,961,850,719,796,940],"suno_strategy":[],"class_list":["post-12950","post","type-post","status-publish","format-standard","has-post-thumbnail","hentry","category-mercado","tag-davos","tag-desemprego","tag-dolar","tag-forum-economico-mundial","tag-inflacao","tag-jair-bolsonaro","tag-paulo-guedes","tag-reforma-da-previdencia"],"yoast_head":"<!-- This site is optimized with the Yoast SEO plugin v24.4 - https:\/\/yoast.com\/wordpress\/plugins\/seo\/ -->\n<title>D\u00f3lar fecha em alta nesta quinta cotado a R$ 3,7719; Euro cai 0,639%<\/title>\n<meta name=\"description\" content=\"O d\u00f3lar fechou est\u00e1 quinta em alta ap\u00f3s cair mais de 1%. Reforma da Previd\u00eancia continua no radar. Clique para saber mais.\" \/>\n<meta name=\"robots\" content=\"index, follow, max-snippet:-1, max-image-preview:large, max-video-preview:-1\" \/>\n<link rel=\"canonical\" href=\"https:\/\/www.suno.com.br\/noticias\/dolar-alta-quinta-euro-cai\/\" \/>\n<meta property=\"og:locale\" content=\"pt_BR\" \/>\n<meta property=\"og:type\" content=\"article\" \/>\n<meta property=\"og:title\" content=\"D\u00f3lar fecha em alta nesta quinta cotado a R$ 3,7719; Euro cai 0,639%\" \/>\n<meta property=\"og:description\" content=\"O d\u00f3lar fechou est\u00e1 quinta em alta ap\u00f3s cair mais de 1%. Reforma da Previd\u00eancia continua no radar. Clique para saber mais.\" \/>\n<meta property=\"og:url\" content=\"https:\/\/www.suno.com.br\/noticias\/dolar-alta-quinta-euro-cai\/\" \/>\n<meta property=\"og:site_name\" content=\"Suno Not\u00edcias\" \/>\n<meta property=\"article:publisher\" content=\"https:\/\/facebook.com\/sunoresearch\" \/>\n<meta property=\"og:image\" content=\"https:\/\/files.sunoresearch.com.br\/n\/uploads\/2018\/08\/a7e25189-america-3125467_960_720.jpg\" \/>\n\t<meta property=\"og:image:width\" content=\"960\" \/>\n\t<meta property=\"og:image:height\" content=\"640\" \/>\n\t<meta property=\"og:image:type\" content=\"image\/jpeg\" \/>\n<meta name=\"author\" content=\"Renan Dantas\" \/>\n<meta name=\"twitter:card\" content=\"summary_large_image\" \/>\n<meta name=\"twitter:creator\" content=\"@sunoresearch\" \/>\n<meta name=\"twitter:site\" content=\"@sunoresearch\" \/>\n<meta name=\"twitter:label1\" content=\"Escrito por\" \/>\n\t<meta name=\"twitter:data1\" content=\"Renan Dantas\" \/>\n\t<meta name=\"twitter:label2\" content=\"Est. tempo de leitura\" \/>\n\t<meta name=\"twitter:data2\" content=\"3 minutos\" \/>\n<script type=\"application\/ld+json\" class=\"yoast-schema-graph\">{\"@context\":\"https:\/\/schema.org\",\"@graph\":[{\"@type\":\"NewsArticle\",\"@id\":\"https:\/\/www.suno.com.br\/noticias\/dolar-alta-quinta-euro-cai\/#article\",\"isPartOf\":{\"@id\":\"https:\/\/www.suno.com.br\/noticias\/dolar-alta-quinta-euro-cai\/\"},\"author\":{\"name\":\"Renan Dantas\",\"@id\":\"https:\/\/www.suno.com.br\/noticias\/#\/schema\/person\/3f7693d5795a3f6d5ce15309ee785699\"},\"headline\":\"D\u00f3lar fecha em alta nesta quinta cotado a R$ 3,7719; Euro cai 0,639%\",\"datePublished\":\"2019-01-24T20:10:29+00:00\",\"dateModified\":\"2021-06-02T01:07:12+00:00\",\"mainEntityOfPage\":{\"@id\":\"https:\/\/www.suno.com.br\/noticias\/dolar-alta-quinta-euro-cai\/\"},\"wordCount\":621,\"publisher\":{\"@id\":\"https:\/\/www.suno.com.br\/noticias\/#organization\"},\"image\":{\"@id\":\"https:\/\/www.suno.com.br\/noticias\/dolar-alta-quinta-euro-cai\/#primaryimage\"},\"thumbnailUrl\":\"https:\/\/files.sunoresearch.com.br\/n\/uploads\/2018\/08\/a7e25189-america-3125467_960_720-jpg.webp\",\"keywords\":[\"Davos\",\"Desemprego\",\"d\u00f3lar\",\"F\u00f3rum Econ\u00f4mico Mundial\",\"infla\u00e7\u00e3o\",\"Jair Bolsonaro\",\"Paulo Guedes\",\"Reforma da Previd\u00eancia\"],\"articleSection\":[\"Mercado\"],\"inLanguage\":\"pt-BR\"},{\"@type\":\"WebPage\",\"@id\":\"https:\/\/www.suno.com.br\/noticias\/dolar-alta-quinta-euro-cai\/\",\"url\":\"https:\/\/www.suno.com.br\/noticias\/dolar-alta-quinta-euro-cai\/\",\"name\":\"D\u00f3lar fecha em alta nesta quinta cotado a R$ 3,7719; Euro cai 0,639%\",\"isPartOf\":{\"@id\":\"https:\/\/www.suno.com.br\/noticias\/#website\"},\"primaryImageOfPage\":{\"@id\":\"https:\/\/www.suno.com.br\/noticias\/dolar-alta-quinta-euro-cai\/#primaryimage\"},\"image\":{\"@id\":\"https:\/\/www.suno.com.br\/noticias\/dolar-alta-quinta-euro-cai\/#primaryimage\"},\"thumbnailUrl\":\"https:\/\/files.sunoresearch.com.br\/n\/uploads\/2018\/08\/a7e25189-america-3125467_960_720-jpg.webp\",\"datePublished\":\"2019-01-24T20:10:29+00:00\",\"dateModified\":\"2021-06-02T01:07:12+00:00\",\"description\":\"O d\u00f3lar fechou est\u00e1 quinta em alta ap\u00f3s cair mais de 1%. Reforma da Previd\u00eancia continua no radar. Clique para saber mais.\",\"breadcrumb\":{\"@id\":\"https:\/\/www.suno.com.br\/noticias\/dolar-alta-quinta-euro-cai\/#breadcrumb\"},\"inLanguage\":\"pt-BR\",\"potentialAction\":[{\"@type\":\"ReadAction\",\"target\":[\"https:\/\/www.suno.com.br\/noticias\/dolar-alta-quinta-euro-cai\/\"]}]},{\"@type\":\"ImageObject\",\"inLanguage\":\"pt-BR\",\"@id\":\"https:\/\/www.suno.com.br\/noticias\/dolar-alta-quinta-euro-cai\/#primaryimage\",\"url\":\"https:\/\/files.sunoresearch.com.br\/n\/uploads\/2018\/08\/a7e25189-america-3125467_960_720-jpg.webp\",\"contentUrl\":\"https:\/\/files.sunoresearch.com.br\/n\/uploads\/2018\/08\/a7e25189-america-3125467_960_720-jpg.webp\",\"width\":960,\"height\":640,\"caption\":\"D\u00f3lar pode chegar a R$ 7,35, de acordo com UBS\"},{\"@type\":\"BreadcrumbList\",\"@id\":\"https:\/\/www.suno.com.br\/noticias\/dolar-alta-quinta-euro-cai\/#breadcrumb\",\"itemListElement\":[{\"@type\":\"ListItem\",\"position\":1,\"name\":\"Not\u00edcias\",\"item\":\"https:\/\/www.suno.com.br\/noticias\/\"},{\"@type\":\"ListItem\",\"position\":2,\"name\":\"Mercado\",\"item\":\"https:\/\/www.suno.com.br\/noticias\/mercado\/\"},{\"@type\":\"ListItem\",\"position\":3,\"name\":\"D\u00f3lar fecha em alta nesta quinta cotado a R$ 3,7719; Euro cai 0,639%\"}]},{\"@type\":\"WebSite\",\"@id\":\"https:\/\/www.suno.com.br\/noticias\/#website\",\"url\":\"https:\/\/www.suno.com.br\/noticias\/\",\"name\":\"Suno Not\u00edcias\",\"description\":\"Seu portal de informa\u00e7\u00e3o sobre o mundo dos investimentos\",\"publisher\":{\"@id\":\"https:\/\/www.suno.com.br\/noticias\/#organization\"},\"potentialAction\":[{\"@type\":\"SearchAction\",\"target\":{\"@type\":\"EntryPoint\",\"urlTemplate\":\"https:\/\/www.suno.com.br\/noticias\/?s={search_term_string}\"},\"query-input\":{\"@type\":\"PropertyValueSpecification\",\"valueRequired\":true,\"valueName\":\"search_term_string\"}}],\"inLanguage\":\"pt-BR\"},{\"@type\":\"Organization\",\"@id\":\"https:\/\/www.suno.com.br\/noticias\/#organization\",\"name\":\"Suno Not\u00edcias\",\"url\":\"https:\/\/www.suno.com.br\/noticias\/\",\"logo\":{\"@type\":\"ImageObject\",\"inLanguage\":\"pt-BR\",\"@id\":\"https:\/\/www.suno.com.br\/noticias\/#\/schema\/logo\/image\/\",\"url\":\"https:\/\/files.sunoresearch.com.br\/n\/uploads\/2021\/09\/suno-logo.png\",\"contentUrl\":\"https:\/\/files.sunoresearch.com.br\/n\/uploads\/2021\/09\/suno-logo.png\",\"width\":180,\"height\":180,\"caption\":\"Suno Not\u00edcias\"},\"image\":{\"@id\":\"https:\/\/www.suno.com.br\/noticias\/#\/schema\/logo\/image\/\"},\"sameAs\":[\"https:\/\/facebook.com\/sunoresearch\",\"https:\/\/x.com\/sunoresearch\",\"https:\/\/www.instagram.com\/suno\",\"https:\/\/www.linkedin.com\/company\/suno-research\/\",\"https:\/\/www.youtube.com\/c\/sunoresearch\"]},{\"@type\":\"Person\",\"@id\":\"https:\/\/www.suno.com.br\/noticias\/#\/schema\/person\/3f7693d5795a3f6d5ce15309ee785699\",\"name\":\"Renan Dantas\",\"image\":{\"@type\":\"ImageObject\",\"inLanguage\":\"pt-BR\",\"@id\":\"https:\/\/www.suno.com.br\/noticias\/#\/schema\/person\/image\/\",\"url\":\"https:\/\/secure.gravatar.com\/avatar\/1787b83e7484a08e51d62ac8b41c8396?s=96&r=g\",\"contentUrl\":\"https:\/\/secure.gravatar.com\/avatar\/1787b83e7484a08e51d62ac8b41c8396?s=96&r=g\",\"caption\":\"Renan Dantas\"},\"description\":\"Escreve sobre pol\u00edtica e mercado financeiro para o portal Suno Not\u00edcias. Antes, atuou na assessoria de comunica\u00e7\u00e3o do Minist\u00e9rio P\u00fablico do Trabalho e na R\u00e1dio Mackenzie, onde apresentava e produzia um programa sobre artistas da m\u00fasica brasileira. \u00c9 estudante na Universidade Presbiteriana Mackenzie.\",\"url\":\"https:\/\/www.suno.com.br\/noticias\/author\/renan-dantas\/\"}]}<\/script>\n<!-- \/ Yoast SEO plugin. -->","yoast_head_json":{"title":"D\u00f3lar fecha em alta nesta quinta cotado a R$ 3,7719; Euro cai 0,639%","description":"O d\u00f3lar fechou est\u00e1 quinta em alta ap\u00f3s cair mais de 1%. Reforma da Previd\u00eancia continua no radar. Clique para saber mais.","robots":{"index":"index","follow":"follow","max-snippet":"max-snippet:-1","max-image-preview":"max-image-preview:large","max-video-preview":"max-video-preview:-1"},"canonical":"https:\/\/www.suno.com.br\/noticias\/dolar-alta-quinta-euro-cai\/","og_locale":"pt_BR","og_type":"article","og_title":"D\u00f3lar fecha em alta nesta quinta cotado a R$ 3,7719; Euro cai 0,639%","og_description":"O d\u00f3lar fechou est\u00e1 quinta em alta ap\u00f3s cair mais de 1%. Reforma da Previd\u00eancia continua no radar. Clique para saber mais.","og_url":"https:\/\/www.suno.com.br\/noticias\/dolar-alta-quinta-euro-cai\/","og_site_name":"Suno Not\u00edcias","article_publisher":"https:\/\/facebook.com\/sunoresearch","og_image":[{"width":960,"height":640,"url":"https:\/\/files.sunoresearch.com.br\/n\/uploads\/2018\/08\/a7e25189-america-3125467_960_720.jpg","type":"image\/jpeg"}],"author":"Renan Dantas","twitter_card":"summary_large_image","twitter_creator":"@sunoresearch","twitter_site":"@sunoresearch","twitter_misc":{"Escrito por":"Renan Dantas","Est. tempo de leitura":"3 minutos"},"schema":{"@context":"https:\/\/schema.org","@graph":[{"@type":"NewsArticle","@id":"https:\/\/www.suno.com.br\/noticias\/dolar-alta-quinta-euro-cai\/#article","isPartOf":{"@id":"https:\/\/www.suno.com.br\/noticias\/dolar-alta-quinta-euro-cai\/"},"author":{"name":"Renan Dantas","@id":"https:\/\/www.suno.com.br\/noticias\/#\/schema\/person\/3f7693d5795a3f6d5ce15309ee785699"},"headline":"D\u00f3lar fecha em alta nesta quinta cotado a R$ 3,7719; Euro cai 0,639%","datePublished":"2019-01-24T20:10:29+00:00","dateModified":"2021-06-02T01:07:12+00:00","mainEntityOfPage":{"@id":"https:\/\/www.suno.com.br\/noticias\/dolar-alta-quinta-euro-cai\/"},"wordCount":621,"publisher":{"@id":"https:\/\/www.suno.com.br\/noticias\/#organization"},"image":{"@id":"https:\/\/www.suno.com.br\/noticias\/dolar-alta-quinta-euro-cai\/#primaryimage"},"thumbnailUrl":"https:\/\/files.sunoresearch.com.br\/n\/uploads\/2018\/08\/a7e25189-america-3125467_960_720-jpg.webp","keywords":["Davos","Desemprego","d\u00f3lar","F\u00f3rum Econ\u00f4mico Mundial","infla\u00e7\u00e3o","Jair Bolsonaro","Paulo Guedes","Reforma da Previd\u00eancia"],"articleSection":["Mercado"],"inLanguage":"pt-BR"},{"@type":"WebPage","@id":"https:\/\/www.suno.com.br\/noticias\/dolar-alta-quinta-euro-cai\/","url":"https:\/\/www.suno.com.br\/noticias\/dolar-alta-quinta-euro-cai\/","name":"D\u00f3lar fecha em alta nesta quinta cotado a R$ 3,7719; Euro cai 0,639%","isPartOf":{"@id":"https:\/\/www.suno.com.br\/noticias\/#website"},"primaryImageOfPage":{"@id":"https:\/\/www.suno.com.br\/noticias\/dolar-alta-quinta-euro-cai\/#primaryimage"},"image":{"@id":"https:\/\/www.suno.com.br\/noticias\/dolar-alta-quinta-euro-cai\/#primaryimage"},"thumbnailUrl":"https:\/\/files.sunoresearch.com.br\/n\/uploads\/2018\/08\/a7e25189-america-3125467_960_720-jpg.webp","datePublished":"2019-01-24T20:10:29+00:00","dateModified":"2021-06-02T01:07:12+00:00","description":"O d\u00f3lar fechou est\u00e1 quinta em alta ap\u00f3s cair mais de 1%. Reforma da Previd\u00eancia continua no radar. Clique para saber mais.","breadcrumb":{"@id":"https:\/\/www.suno.com.br\/noticias\/dolar-alta-quinta-euro-cai\/#breadcrumb"},"inLanguage":"pt-BR","potentialAction":[{"@type":"ReadAction","target":["https:\/\/www.suno.com.br\/noticias\/dolar-alta-quinta-euro-cai\/"]}]},{"@type":"ImageObject","inLanguage":"pt-BR","@id":"https:\/\/www.suno.com.br\/noticias\/dolar-alta-quinta-euro-cai\/#primaryimage","url":"https:\/\/files.sunoresearch.com.br\/n\/uploads\/2018\/08\/a7e25189-america-3125467_960_720-jpg.webp","contentUrl":"https:\/\/files.sunoresearch.com.br\/n\/uploads\/2018\/08\/a7e25189-america-3125467_960_720-jpg.webp","width":960,"height":640,"caption":"D\u00f3lar pode chegar a R$ 7,35, de acordo com UBS"},{"@type":"BreadcrumbList","@id":"https:\/\/www.suno.com.br\/noticias\/dolar-alta-quinta-euro-cai\/#breadcrumb","itemListElement":[{"@type":"ListItem","position":1,"name":"Not\u00edcias","item":"https:\/\/www.suno.com.br\/noticias\/"},{"@type":"ListItem","position":2,"name":"Mercado","item":"https:\/\/www.suno.com.br\/noticias\/mercado\/"},{"@type":"ListItem","position":3,"name":"D\u00f3lar fecha em alta nesta quinta cotado a R$ 3,7719; Euro cai 0,639%"}]},{"@type":"WebSite","@id":"https:\/\/www.suno.com.br\/noticias\/#website","url":"https:\/\/www.suno.com.br\/noticias\/","name":"Suno Not\u00edcias","description":"Seu portal de informa\u00e7\u00e3o sobre o mundo dos investimentos","publisher":{"@id":"https:\/\/www.suno.com.br\/noticias\/#organization"},"potentialAction":[{"@type":"SearchAction","target":{"@type":"EntryPoint","urlTemplate":"https:\/\/www.suno.com.br\/noticias\/?s={search_term_string}"},"query-input":{"@type":"PropertyValueSpecification","valueRequired":true,"valueName":"search_term_string"}}],"inLanguage":"pt-BR"},{"@type":"Organization","@id":"https:\/\/www.suno.com.br\/noticias\/#organization","name":"Suno Not\u00edcias","url":"https:\/\/www.suno.com.br\/noticias\/","logo":{"@type":"ImageObject","inLanguage":"pt-BR","@id":"https:\/\/www.suno.com.br\/noticias\/#\/schema\/logo\/image\/","url":"https:\/\/files.sunoresearch.com.br\/n\/uploads\/2021\/09\/suno-logo.png","contentUrl":"https:\/\/files.sunoresearch.com.br\/n\/uploads\/2021\/09\/suno-logo.png","width":180,"height":180,"caption":"Suno Not\u00edcias"},"image":{"@id":"https:\/\/www.suno.com.br\/noticias\/#\/schema\/logo\/image\/"},"sameAs":["https:\/\/facebook.com\/sunoresearch","https:\/\/x.com\/sunoresearch","https:\/\/www.instagram.com\/suno","https:\/\/www.linkedin.com\/company\/suno-research\/","https:\/\/www.youtube.com\/c\/sunoresearch"]},{"@type":"Person","@id":"https:\/\/www.suno.com.br\/noticias\/#\/schema\/person\/3f7693d5795a3f6d5ce15309ee785699","name":"Renan Dantas","image":{"@type":"ImageObject","inLanguage":"pt-BR","@id":"https:\/\/www.suno.com.br\/noticias\/#\/schema\/person\/image\/","url":"https:\/\/secure.gravatar.com\/avatar\/1787b83e7484a08e51d62ac8b41c8396?s=96&r=g","contentUrl":"https:\/\/secure.gravatar.com\/avatar\/1787b83e7484a08e51d62ac8b41c8396?s=96&r=g","caption":"Renan Dantas"},"description":"Escreve sobre pol\u00edtica e mercado financeiro para o portal Suno Not\u00edcias. Antes, atuou na assessoria de comunica\u00e7\u00e3o do Minist\u00e9rio P\u00fablico do Trabalho e na R\u00e1dio Mackenzie, onde apresentava e produzia um programa sobre artistas da m\u00fasica brasileira. \u00c9 estudante na Universidade Presbiteriana Mackenzie.","url":"https:\/\/www.suno.com.br\/noticias\/author\/renan-dantas\/"}]}},"default_loop_html":"<div class=\"cardsPage__listCard__boxs\"><div class=\"cardsPage__listCard__boxs__img\"><a href=\"https:\/\/www.suno.com.br\/noticias\/dolar-alta-quinta-euro-cai\/\"><img class=\"mask\" src=\"https:\/\/www.suno.com.br\/noticias\/wp-content\/themes\/suno\/resources\/images\/spotlight\/spotlight1img\/bg-mask.png\" alt=\"Image Mask\"\/><img src=\"https:\/\/files.sunoresearch.com.br\/n\/uploads\/2018\/08\/a7e25189-america-3125467_960_720-400x200.webp\" alt=\"D\u00f3lar fecha em alta nesta quinta cotado a R$ 3,7719; Euro cai 0,639%\"\/><\/a><span class=\"spotlightCategory\"><a href=\"https:\/\/www.suno.com.br\/noticias\/mercado\/\">Mercado<\/a><\/span><\/div><div class=\"cardsPage__listCard__boxs__content\"><a href=\"https:\/\/www.suno.com.br\/noticias\/dolar-alta-quinta-euro-cai\/\"><h2 class=\"content__title\">D\u00f3lar fecha em alta nesta quinta cotado a R$ 3,7719; Euro cai 0,639%<\/h2><\/a><div class=\"newsContent__article__meta\"><div class=\"newsContent__article__meta__authorBox\"><a href=\"https:\/\/www.suno.com.br\/noticias\/author\/renan-dantas\/\" class=\"authorBox__avatar noMobi\"><img src=\"https:\/\/secure.gravatar.com\/avatar\/1787b83e7484a08e51d62ac8b41c8396?s=96&#038;r=g\" alt=\"Renan Dantas\"><\/a><div class=\"authorBox__name\"><span>por\n\t\t\t<a href=\"https:\/\/www.suno.com.br\/noticias\/author\/renan-dantas\/\"><span itemprop=\"author\">Renan Dantas<\/span><\/a><\/span><time datetime=\"2019-01-24T18:10:29-02:00\" itemprop=\"datePublished\">24\/01\/2019 18:10<\/time><\/div><\/div><\/div><\/div><\/div>","single_layout":"posts","amp_enabled":true,"_links":{"self":[{"href":"https:\/\/www.suno.com.br\/noticias\/wp-json\/wp\/v2\/posts\/12950"}],"collection":[{"href":"https:\/\/www.suno.com.br\/noticias\/wp-json\/wp\/v2\/posts"}],"about":[{"href":"https:\/\/www.suno.com.br\/noticias\/wp-json\/wp\/v2\/types\/post"}],"author":[{"embeddable":true,"href":"https:\/\/www.suno.com.br\/noticias\/wp-json\/wp\/v2\/users\/14"}],"replies":[{"embeddable":true,"href":"https:\/\/www.suno.com.br\/noticias\/wp-json\/wp\/v2\/comments?post=12950"}],"version-history":[{"count":1,"href":"https:\/\/www.suno.com.br\/noticias\/wp-json\/wp\/v2\/posts\/12950\/revisions"}],"predecessor-version":[{"id":153952,"href":"https:\/\/www.suno.com.br\/noticias\/wp-json\/wp\/v2\/posts\/12950\/revisions\/153952"}],"wp:featuredmedia":[{"embeddable":true,"href":"https:\/\/www.suno.com.br\/noticias\/wp-json\/wp\/v2\/media\/2980"}],"wp:attachment":[{"href":"https:\/\/www.suno.com.br\/noticias\/wp-json\/wp\/v2\/media?parent=12950"}],"wp:term":[{"taxonomy":"category","embeddable":true,"href":"https:\/\/www.suno.com.br\/noticias\/wp-json\/wp\/v2\/categories?post=12950"},{"taxonomy":"post_tag","embeddable":true,"href":"https:\/\/www.suno.com.br\/noticias\/wp-json\/wp\/v2\/tags?post=12950"},{"taxonomy":"suno_strategy","embeddable":true,"href":"https:\/\/www.suno.com.br\/noticias\/wp-json\/wp\/v2\/suno_strategy?post=12950"}],"curies":[{"name":"wp","href":"https:\/\/api.w.org\/{rel}","templated":true}]}}