{"id":12930,"date":"2019-01-24T14:30:17","date_gmt":"2019-01-24T16:30:17","guid":{"rendered":"https:\/\/www.suno.com.br\/noticias\/?p=12930"},"modified":"2019-01-24T14:30:17","modified_gmt":"2019-01-24T16:30:17","slug":"editoras-questionam-cade-venda-abril","status":"publish","type":"post","link":"https:\/\/www.suno.com.br\/noticias\/editoras-questionam-cade-venda-abril\/","title":{"rendered":"Editoras questionam no Cade venda do Grupo Abril a F\u00e1bio Carvalho"},"content":{"rendered":"<p>As editoras Globo, Ediouro, Panini, Tr\u00eas e EBR fizeram um pedido junto ao <a href=\"https:\/\/www.suno.com.br\/artigos\/cade\/\">Conselho Administrativo de Defesa Econ\u00f4mica (Cade)<\/a> para que elas sejam consideradas partes interessadas no processo de compra do Grupo Abril pelo empres\u00e1rio F\u00e1bio Carvalho.<\/p>\t<div class=\"wrapper-featured-image\">\n\t\t<figure class=\"spotlightImg\">\n\n\t\t\t<picture>\n\t\t\t\t<source media=\"(max-width: 768px)\" srcset=\"https:\/\/files.sunoresearch.com.br\/n\/uploads\/2019\/01\/df9eba69-editora-abril-400x200.webp\">\n\t\t\t\t<img loading=\"lazy\" decoding=\"async\" class=\"newsContent__article__imgCapa lazyloadDisabled newsContent__article__imgCapa--noCaption\" src=\"https:\/\/files.sunoresearch.com.br\/n\/uploads\/2019\/01\/df9eba69-editora-abril-jpg.webp\" width=\"800\" height=\"450\" alt=\"Editoras questionam no Cade venda do Grupo Abril a F\u00e1bio Carvalho\" fetchpriority=high \/>\n\t\t\t<\/picture>\n\n\t\t\t<figcaption class=\"wp-caption-text wp-caption-text--hide\">Editora Abril<\/figcaption>\n\t\t<\/figure>\n\t<\/div>\n\n\n<p>As editoras alegam na peti\u00e7\u00e3o que a aprova\u00e7\u00e3o da venda da <strong>Abril<\/strong> a <strong>Carvalho<\/strong> foi precipitada e &#8220;deixou de considerar (&#8230;) efeitos concorrenciais do neg\u00f3cio. O aceite foi dado pela superintend\u00eancia-geral do <strong>Cade<\/strong> em 8 de janeiro.<\/p>\n<p><a href=\"https:\/\/www.suno.com.br\/noticias\/venda-editora-abril-aprovada-cade\/\">Saiba mais: Venda da Editora Abril a F\u00e1bio Carvalho \u00e9 aprovada pelo Cade<\/a><\/p>\n<p>Desta forma, a peti\u00e7\u00e3o ser\u00e1 analisada pela presid\u00eancia do \u00f3rg\u00e3o antitruste. Se acatada, as editoras poder\u00e3o requerer a anula\u00e7\u00e3o da compra.<\/p>\n<p>O pedido foi protocolado em 18 de janeiro. Nele, as empresas dizem que a <strong>Abril<\/strong> monopoliza a distribui\u00e7\u00e3o de revistas e que prejudica suas concorr\u00eancias com atrasos nos pagamentos. Afirmam tamb\u00e9m que a rela\u00e7\u00e3o de <strong>F\u00e1bio Carvalho<\/strong> e a Alvarez &amp; Marsal, consultoria contratada pela Abril em 2018 para administrar o grupo, &#8220;justifica maiores indaga\u00e7\u00f5es quanto a eventuais viola\u00e7\u00f5es de regras contra a pr\u00e1tica &#8216;gun jumping'&#8221;.<\/p>\n<p>&#8220;Gun jumping&#8221; ocorre quando h\u00e1 troca de informa\u00e7\u00f5es sens\u00edveis entre as partes antes do fechamento de um neg\u00f3cio. Trata-se de um ato irregular e uma das formas de infringir a legisla\u00e7\u00e3o.<\/p>\n<p>&#8220;A opera\u00e7\u00e3o j\u00e1 vem causando a sa\u00edda ou o estrangulamento dos concorrentes do <strong>Grupo Abril<\/strong>&#8220;, dizem as editoras.<\/p>\n<p>O grupo e <strong>F\u00e1bio Carvalho<\/strong>, por sua vez, veem a peti\u00e7\u00e3o como uma tentativa de atrasar a aprova\u00e7\u00e3o total da aquisi\u00e7\u00e3o, de acordo com fontes ouvidas pela Folha de S.Paulo.<\/p>\n<h2>Relembre o caso<\/h2>\n<p>O <strong>Grupo Abril<\/strong> foi vendido em dezembro do ano passado. A empresa, fundada em 1950 pelo italiano Victor Civita em S\u00e3o Paulo, chegou a ser a maior editora da Am\u00e9rica Latina. O grupo pertenceu aos Civita por 68 anos.<\/p>\n<p><a href=\"https:\/\/www.suno.com.br\/noticias\/grupo-abril-comprado-fabio-carvalho\/\">Saiba mais:\u00a0Grupo Abril \u00e9 comprado por F\u00e1bio Carvalho\u00a0<\/a><\/p>\n<p>Entretanto, nos \u00faltimos anos a <strong>Abril<\/strong> entrou em uma crise econ\u00f4mica profunda. A empresa chegou a acumular uma\u00a0d\u00edvida de R$ 1,6 bilh\u00e3o e acabou pendido recupera\u00e7\u00e3o judicial em agosto do ano passado. Dois ter\u00e7os da d\u00edvida da <strong>Abril<\/strong>, cerca de R$ 1,1 bilh\u00f5es, s\u00e3o com Ita\u00fa, Bradesco e Santander.<\/p>\n<p>Por outro lado, as d\u00edvidas trabalhistas chegaram a cerca de R$ 90 milh\u00f5es. Isso representa cerca de 5,6% do total. A <strong>Abril<\/strong> tem pend\u00eancias om jornalistas, gr\u00e1ficos, pessoal administrativo, e outros ex-funcion\u00e1rios do grupo.<\/p>\n<p>A <strong>Abril<\/strong> informou que pagar\u00e1 integralmente essas d\u00edvidas at\u00e9 o limite de 250 sal\u00e1rios m\u00ednimos por pessoa. Um valor que equivale, atualmente, a R$ 238,5 mil. Segundo a empresa, o pagamento desse d\u00e9bito ocorreria em um per\u00edodo 12 meses ap\u00f3s a aprova\u00e7\u00e3o do plano de recupera\u00e7\u00e3o judicial. Por outro lado, as indeniza\u00e7\u00f5es superiores a esse valor m\u00e1ximo receberiam apenas 8% do total, em parcelas mensais pagas ao longo de 18 anos.<\/p>\n<h2>F\u00e1bio Carvalho no comando<\/h2>\n<p><strong>F\u00e1bio Carvalho<\/strong> assumir\u00e1 o controle societ\u00e1rio e ocupar\u00e1 a posi\u00e7\u00e3o de presidente-executivo do Grupo. O advogado \u00e9 especializado na aquisi\u00e7\u00e3o de companhias em crise financeira, como a Abril. Ele as reestrutura e as leva novamente ao crescimento. <strong>Carvalho<\/strong> adquiriu esse conhecimento durante os anos em que trabalhou na Alvarez &amp; Marsal.<\/p>\n<p>Para concretizar a compra da <strong>Abril<\/strong>, <strong>Carvalho<\/strong> contou com o apoio financeiro da Enforce e do banco BTG Pactual. Al\u00e9m disso, o advogado estaria negociando com os tr\u00eas bancos para obter com desconto a d\u00edvida.<\/p>\n<p>Entre os investimentos de <strong>Carvalho<\/strong> est\u00e3o participa\u00e7\u00f5es em empresas em variados setores. No total, seu grupo conta com um faturamento anual superior a R$ 4 bilh\u00f5es, empregando mais de 46 mil pessoas. Para a adquisi\u00e7\u00e3o e administra\u00e7\u00e3o do <strong>grupo<\/strong> <strong>Abril<\/strong>, o advogado contar\u00e1 com a estrutura da Legion Holdings, sociedade de investimentos que fundou. A empresa \u00e9 formada por um time de especialistas em renegocia\u00e7\u00f5es de d\u00edvidas e transforma\u00e7\u00f5es operacionais<\/p>\n","protected":false},"excerpt":{"rendered":"<p>As editoras Globo, Ediouro, Panini, Tr\u00eas e EBR fizeram um pedido junto ao Conselho Administrativo de Defesa Econ\u00f4mica (Cade) para que elas sejam consideradas partes interessadas no processo de compra do Grupo Abril pelo empres\u00e1rio F\u00e1bio Carvalho. Editora Abril As editoras alegam na peti\u00e7\u00e3o que a aprova\u00e7\u00e3o da venda da Abril a Carvalho foi precipitada [&hellip;]<\/p>\n","protected":false},"author":13,"featured_media":10893,"comment_status":"closed","ping_status":"closed","sticky":false,"template":"","format":"standard","meta":[],"categories":[64],"tags":[851,898],"suno_strategy":[],"class_list":["post-12930","post","type-post","status-publish","format-standard","has-post-thumbnail","hentry","category-negocios","tag-cade","tag-grupo-abril"],"yoast_head":"<!-- This site is optimized with the Yoast SEO plugin v24.4 - https:\/\/yoast.com\/wordpress\/plugins\/seo\/ -->\n<title>Editoras questionam no Cade venda do Grupo Abril a F\u00e1bio Carvalho<\/title>\n<meta name=\"description\" content=\"As editoras Globo, Ediouro, Panini, Tr\u00eas e EBR fizeram um pedido junto ao Cade questionando a venda do Grupo Abril. Clique e saiba mais.\" \/>\n<meta name=\"robots\" content=\"index, follow, max-snippet:-1, max-image-preview:large, max-video-preview:-1\" \/>\n<link rel=\"canonical\" href=\"https:\/\/www.suno.com.br\/noticias\/editoras-questionam-cade-venda-abril\/\" \/>\n<meta property=\"og:locale\" content=\"pt_BR\" \/>\n<meta property=\"og:type\" content=\"article\" \/>\n<meta property=\"og:title\" content=\"Editoras questionam no Cade venda do Grupo Abril a F\u00e1bio Carvalho\" \/>\n<meta property=\"og:description\" content=\"As editoras Globo, Ediouro, Panini, Tr\u00eas e EBR fizeram um pedido junto ao Cade questionando a venda do Grupo Abril. Clique e saiba mais.\" \/>\n<meta property=\"og:url\" content=\"https:\/\/www.suno.com.br\/noticias\/editoras-questionam-cade-venda-abril\/\" \/>\n<meta property=\"og:site_name\" content=\"Suno Not\u00edcias\" \/>\n<meta property=\"article:publisher\" content=\"https:\/\/facebook.com\/sunoresearch\" \/>\n<meta property=\"og:image\" content=\"https:\/\/files.sunoresearch.com.br\/n\/uploads\/2019\/01\/df9eba69-editora-abril.jpg\" \/>\n\t<meta property=\"og:image:width\" content=\"797\" \/>\n\t<meta property=\"og:image:height\" content=\"638\" \/>\n\t<meta property=\"og:image:type\" content=\"image\/jpeg\" \/>\n<meta name=\"author\" content=\"Guilherme Caetano\" \/>\n<meta name=\"twitter:card\" content=\"summary_large_image\" \/>\n<meta name=\"twitter:creator\" content=\"@sunoresearch\" \/>\n<meta name=\"twitter:site\" content=\"@sunoresearch\" \/>\n<meta name=\"twitter:label1\" content=\"Escrito por\" \/>\n\t<meta name=\"twitter:data1\" content=\"Guilherme Caetano\" \/>\n\t<meta name=\"twitter:label2\" content=\"Est. tempo de leitura\" \/>\n\t<meta name=\"twitter:data2\" content=\"3 minutos\" \/>\n<script type=\"application\/ld+json\" class=\"yoast-schema-graph\">{\"@context\":\"https:\/\/schema.org\",\"@graph\":[{\"@type\":\"NewsArticle\",\"@id\":\"https:\/\/www.suno.com.br\/noticias\/editoras-questionam-cade-venda-abril\/#article\",\"isPartOf\":{\"@id\":\"https:\/\/www.suno.com.br\/noticias\/editoras-questionam-cade-venda-abril\/\"},\"author\":{\"name\":\"Guilherme Caetano\",\"@id\":\"https:\/\/www.suno.com.br\/noticias\/#\/schema\/person\/0d0c9687cd2f600c564f25980c140de9\"},\"headline\":\"Editoras questionam no Cade venda do Grupo Abril a F\u00e1bio Carvalho\",\"datePublished\":\"2019-01-24T16:30:17+00:00\",\"mainEntityOfPage\":{\"@id\":\"https:\/\/www.suno.com.br\/noticias\/editoras-questionam-cade-venda-abril\/\"},\"wordCount\":685,\"publisher\":{\"@id\":\"https:\/\/www.suno.com.br\/noticias\/#organization\"},\"image\":{\"@id\":\"https:\/\/www.suno.com.br\/noticias\/editoras-questionam-cade-venda-abril\/#primaryimage\"},\"thumbnailUrl\":\"https:\/\/files.sunoresearch.com.br\/n\/uploads\/2019\/01\/df9eba69-editora-abril-jpg.webp\",\"keywords\":[\"CADE\",\"Grupo Abril\"],\"articleSection\":[\"Neg\u00f3cios\"],\"inLanguage\":\"pt-BR\"},{\"@type\":\"WebPage\",\"@id\":\"https:\/\/www.suno.com.br\/noticias\/editoras-questionam-cade-venda-abril\/\",\"url\":\"https:\/\/www.suno.com.br\/noticias\/editoras-questionam-cade-venda-abril\/\",\"name\":\"Editoras questionam no Cade venda do Grupo Abril a F\u00e1bio Carvalho\",\"isPartOf\":{\"@id\":\"https:\/\/www.suno.com.br\/noticias\/#website\"},\"primaryImageOfPage\":{\"@id\":\"https:\/\/www.suno.com.br\/noticias\/editoras-questionam-cade-venda-abril\/#primaryimage\"},\"image\":{\"@id\":\"https:\/\/www.suno.com.br\/noticias\/editoras-questionam-cade-venda-abril\/#primaryimage\"},\"thumbnailUrl\":\"https:\/\/files.sunoresearch.com.br\/n\/uploads\/2019\/01\/df9eba69-editora-abril-jpg.webp\",\"datePublished\":\"2019-01-24T16:30:17+00:00\",\"description\":\"As editoras Globo, Ediouro, Panini, Tr\u00eas e EBR fizeram um pedido junto ao Cade questionando a venda do Grupo Abril. Clique e saiba mais.\",\"breadcrumb\":{\"@id\":\"https:\/\/www.suno.com.br\/noticias\/editoras-questionam-cade-venda-abril\/#breadcrumb\"},\"inLanguage\":\"pt-BR\",\"potentialAction\":[{\"@type\":\"ReadAction\",\"target\":[\"https:\/\/www.suno.com.br\/noticias\/editoras-questionam-cade-venda-abril\/\"]}]},{\"@type\":\"ImageObject\",\"inLanguage\":\"pt-BR\",\"@id\":\"https:\/\/www.suno.com.br\/noticias\/editoras-questionam-cade-venda-abril\/#primaryimage\",\"url\":\"https:\/\/files.sunoresearch.com.br\/n\/uploads\/2019\/01\/df9eba69-editora-abril-jpg.webp\",\"contentUrl\":\"https:\/\/files.sunoresearch.com.br\/n\/uploads\/2019\/01\/df9eba69-editora-abril-jpg.webp\",\"width\":797,\"height\":638,\"caption\":\"Editora Abril\"},{\"@type\":\"BreadcrumbList\",\"@id\":\"https:\/\/www.suno.com.br\/noticias\/editoras-questionam-cade-venda-abril\/#breadcrumb\",\"itemListElement\":[{\"@type\":\"ListItem\",\"position\":1,\"name\":\"Not\u00edcias\",\"item\":\"https:\/\/www.suno.com.br\/noticias\/\"},{\"@type\":\"ListItem\",\"position\":2,\"name\":\"Neg\u00f3cios\",\"item\":\"https:\/\/www.suno.com.br\/noticias\/negocios\/\"},{\"@type\":\"ListItem\",\"position\":3,\"name\":\"Editoras questionam no Cade venda do Grupo Abril a F\u00e1bio Carvalho\"}]},{\"@type\":\"WebSite\",\"@id\":\"https:\/\/www.suno.com.br\/noticias\/#website\",\"url\":\"https:\/\/www.suno.com.br\/noticias\/\",\"name\":\"Suno Not\u00edcias\",\"description\":\"Seu portal de informa\u00e7\u00e3o sobre o mundo dos investimentos\",\"publisher\":{\"@id\":\"https:\/\/www.suno.com.br\/noticias\/#organization\"},\"potentialAction\":[{\"@type\":\"SearchAction\",\"target\":{\"@type\":\"EntryPoint\",\"urlTemplate\":\"https:\/\/www.suno.com.br\/noticias\/?s={search_term_string}\"},\"query-input\":{\"@type\":\"PropertyValueSpecification\",\"valueRequired\":true,\"valueName\":\"search_term_string\"}}],\"inLanguage\":\"pt-BR\"},{\"@type\":\"Organization\",\"@id\":\"https:\/\/www.suno.com.br\/noticias\/#organization\",\"name\":\"Suno Not\u00edcias\",\"url\":\"https:\/\/www.suno.com.br\/noticias\/\",\"logo\":{\"@type\":\"ImageObject\",\"inLanguage\":\"pt-BR\",\"@id\":\"https:\/\/www.suno.com.br\/noticias\/#\/schema\/logo\/image\/\",\"url\":\"https:\/\/files.sunoresearch.com.br\/n\/uploads\/2021\/09\/suno-logo.png\",\"contentUrl\":\"https:\/\/files.sunoresearch.com.br\/n\/uploads\/2021\/09\/suno-logo.png\",\"width\":180,\"height\":180,\"caption\":\"Suno Not\u00edcias\"},\"image\":{\"@id\":\"https:\/\/www.suno.com.br\/noticias\/#\/schema\/logo\/image\/\"},\"sameAs\":[\"https:\/\/facebook.com\/sunoresearch\",\"https:\/\/x.com\/sunoresearch\",\"https:\/\/www.instagram.com\/suno\",\"https:\/\/www.linkedin.com\/company\/suno-research\/\",\"https:\/\/www.youtube.com\/c\/sunoresearch\"]},{\"@type\":\"Person\",\"@id\":\"https:\/\/www.suno.com.br\/noticias\/#\/schema\/person\/0d0c9687cd2f600c564f25980c140de9\",\"name\":\"Guilherme Caetano\",\"image\":{\"@type\":\"ImageObject\",\"inLanguage\":\"pt-BR\",\"@id\":\"https:\/\/www.suno.com.br\/noticias\/#\/schema\/person\/image\/\",\"url\":\"https:\/\/secure.gravatar.com\/avatar\/e48357351a01702a0d19307070e081bf?s=96&r=g\",\"contentUrl\":\"https:\/\/secure.gravatar.com\/avatar\/e48357351a01702a0d19307070e081bf?s=96&r=g\",\"caption\":\"Guilherme Caetano\"},\"description\":\"Formado em jornalismo pela Escola de Comunica\u00e7\u00f5es e Artes da USP, Guilherme Caetano escreve para o portal de not\u00edcias da Suno Research. Passou pelas reda\u00e7\u00f5es da Folha de S.Paulo e da revista \u00c9poca.\",\"url\":\"https:\/\/www.suno.com.br\/noticias\/author\/guilherme-caetano\/\"}]}<\/script>\n<!-- \/ Yoast SEO plugin. -->","yoast_head_json":{"title":"Editoras questionam no Cade venda do Grupo Abril a F\u00e1bio Carvalho","description":"As editoras Globo, Ediouro, Panini, Tr\u00eas e EBR fizeram um pedido junto ao Cade questionando a venda do Grupo Abril. Clique e saiba mais.","robots":{"index":"index","follow":"follow","max-snippet":"max-snippet:-1","max-image-preview":"max-image-preview:large","max-video-preview":"max-video-preview:-1"},"canonical":"https:\/\/www.suno.com.br\/noticias\/editoras-questionam-cade-venda-abril\/","og_locale":"pt_BR","og_type":"article","og_title":"Editoras questionam no Cade venda do Grupo Abril a F\u00e1bio Carvalho","og_description":"As editoras Globo, Ediouro, Panini, Tr\u00eas e EBR fizeram um pedido junto ao Cade questionando a venda do Grupo Abril. Clique e saiba mais.","og_url":"https:\/\/www.suno.com.br\/noticias\/editoras-questionam-cade-venda-abril\/","og_site_name":"Suno Not\u00edcias","article_publisher":"https:\/\/facebook.com\/sunoresearch","og_image":[{"width":797,"height":638,"url":"https:\/\/files.sunoresearch.com.br\/n\/uploads\/2019\/01\/df9eba69-editora-abril.jpg","type":"image\/jpeg"}],"author":"Guilherme Caetano","twitter_card":"summary_large_image","twitter_creator":"@sunoresearch","twitter_site":"@sunoresearch","twitter_misc":{"Escrito por":"Guilherme Caetano","Est. tempo de leitura":"3 minutos"},"schema":{"@context":"https:\/\/schema.org","@graph":[{"@type":"NewsArticle","@id":"https:\/\/www.suno.com.br\/noticias\/editoras-questionam-cade-venda-abril\/#article","isPartOf":{"@id":"https:\/\/www.suno.com.br\/noticias\/editoras-questionam-cade-venda-abril\/"},"author":{"name":"Guilherme Caetano","@id":"https:\/\/www.suno.com.br\/noticias\/#\/schema\/person\/0d0c9687cd2f600c564f25980c140de9"},"headline":"Editoras questionam no Cade venda do Grupo Abril a F\u00e1bio Carvalho","datePublished":"2019-01-24T16:30:17+00:00","mainEntityOfPage":{"@id":"https:\/\/www.suno.com.br\/noticias\/editoras-questionam-cade-venda-abril\/"},"wordCount":685,"publisher":{"@id":"https:\/\/www.suno.com.br\/noticias\/#organization"},"image":{"@id":"https:\/\/www.suno.com.br\/noticias\/editoras-questionam-cade-venda-abril\/#primaryimage"},"thumbnailUrl":"https:\/\/files.sunoresearch.com.br\/n\/uploads\/2019\/01\/df9eba69-editora-abril-jpg.webp","keywords":["CADE","Grupo Abril"],"articleSection":["Neg\u00f3cios"],"inLanguage":"pt-BR"},{"@type":"WebPage","@id":"https:\/\/www.suno.com.br\/noticias\/editoras-questionam-cade-venda-abril\/","url":"https:\/\/www.suno.com.br\/noticias\/editoras-questionam-cade-venda-abril\/","name":"Editoras questionam no Cade venda do Grupo Abril a F\u00e1bio Carvalho","isPartOf":{"@id":"https:\/\/www.suno.com.br\/noticias\/#website"},"primaryImageOfPage":{"@id":"https:\/\/www.suno.com.br\/noticias\/editoras-questionam-cade-venda-abril\/#primaryimage"},"image":{"@id":"https:\/\/www.suno.com.br\/noticias\/editoras-questionam-cade-venda-abril\/#primaryimage"},"thumbnailUrl":"https:\/\/files.sunoresearch.com.br\/n\/uploads\/2019\/01\/df9eba69-editora-abril-jpg.webp","datePublished":"2019-01-24T16:30:17+00:00","description":"As editoras Globo, Ediouro, Panini, Tr\u00eas e EBR fizeram um pedido junto ao Cade questionando a venda do Grupo Abril. Clique e saiba mais.","breadcrumb":{"@id":"https:\/\/www.suno.com.br\/noticias\/editoras-questionam-cade-venda-abril\/#breadcrumb"},"inLanguage":"pt-BR","potentialAction":[{"@type":"ReadAction","target":["https:\/\/www.suno.com.br\/noticias\/editoras-questionam-cade-venda-abril\/"]}]},{"@type":"ImageObject","inLanguage":"pt-BR","@id":"https:\/\/www.suno.com.br\/noticias\/editoras-questionam-cade-venda-abril\/#primaryimage","url":"https:\/\/files.sunoresearch.com.br\/n\/uploads\/2019\/01\/df9eba69-editora-abril-jpg.webp","contentUrl":"https:\/\/files.sunoresearch.com.br\/n\/uploads\/2019\/01\/df9eba69-editora-abril-jpg.webp","width":797,"height":638,"caption":"Editora Abril"},{"@type":"BreadcrumbList","@id":"https:\/\/www.suno.com.br\/noticias\/editoras-questionam-cade-venda-abril\/#breadcrumb","itemListElement":[{"@type":"ListItem","position":1,"name":"Not\u00edcias","item":"https:\/\/www.suno.com.br\/noticias\/"},{"@type":"ListItem","position":2,"name":"Neg\u00f3cios","item":"https:\/\/www.suno.com.br\/noticias\/negocios\/"},{"@type":"ListItem","position":3,"name":"Editoras questionam no Cade venda do Grupo Abril a F\u00e1bio Carvalho"}]},{"@type":"WebSite","@id":"https:\/\/www.suno.com.br\/noticias\/#website","url":"https:\/\/www.suno.com.br\/noticias\/","name":"Suno Not\u00edcias","description":"Seu portal de informa\u00e7\u00e3o sobre o mundo dos investimentos","publisher":{"@id":"https:\/\/www.suno.com.br\/noticias\/#organization"},"potentialAction":[{"@type":"SearchAction","target":{"@type":"EntryPoint","urlTemplate":"https:\/\/www.suno.com.br\/noticias\/?s={search_term_string}"},"query-input":{"@type":"PropertyValueSpecification","valueRequired":true,"valueName":"search_term_string"}}],"inLanguage":"pt-BR"},{"@type":"Organization","@id":"https:\/\/www.suno.com.br\/noticias\/#organization","name":"Suno Not\u00edcias","url":"https:\/\/www.suno.com.br\/noticias\/","logo":{"@type":"ImageObject","inLanguage":"pt-BR","@id":"https:\/\/www.suno.com.br\/noticias\/#\/schema\/logo\/image\/","url":"https:\/\/files.sunoresearch.com.br\/n\/uploads\/2021\/09\/suno-logo.png","contentUrl":"https:\/\/files.sunoresearch.com.br\/n\/uploads\/2021\/09\/suno-logo.png","width":180,"height":180,"caption":"Suno Not\u00edcias"},"image":{"@id":"https:\/\/www.suno.com.br\/noticias\/#\/schema\/logo\/image\/"},"sameAs":["https:\/\/facebook.com\/sunoresearch","https:\/\/x.com\/sunoresearch","https:\/\/www.instagram.com\/suno","https:\/\/www.linkedin.com\/company\/suno-research\/","https:\/\/www.youtube.com\/c\/sunoresearch"]},{"@type":"Person","@id":"https:\/\/www.suno.com.br\/noticias\/#\/schema\/person\/0d0c9687cd2f600c564f25980c140de9","name":"Guilherme Caetano","image":{"@type":"ImageObject","inLanguage":"pt-BR","@id":"https:\/\/www.suno.com.br\/noticias\/#\/schema\/person\/image\/","url":"https:\/\/secure.gravatar.com\/avatar\/e48357351a01702a0d19307070e081bf?s=96&r=g","contentUrl":"https:\/\/secure.gravatar.com\/avatar\/e48357351a01702a0d19307070e081bf?s=96&r=g","caption":"Guilherme Caetano"},"description":"Formado em jornalismo pela Escola de Comunica\u00e7\u00f5es e Artes da USP, Guilherme Caetano escreve para o portal de not\u00edcias da Suno Research. Passou pelas reda\u00e7\u00f5es da Folha de S.Paulo e da revista \u00c9poca.","url":"https:\/\/www.suno.com.br\/noticias\/author\/guilherme-caetano\/"}]}},"default_loop_html":"<div class=\"cardsPage__listCard__boxs\"><div class=\"cardsPage__listCard__boxs__img\"><a href=\"https:\/\/www.suno.com.br\/noticias\/editoras-questionam-cade-venda-abril\/\"><img class=\"mask\" src=\"https:\/\/www.suno.com.br\/noticias\/wp-content\/themes\/suno\/resources\/images\/spotlight\/spotlight1img\/bg-mask.png\" alt=\"Image Mask\"\/><img src=\"https:\/\/files.sunoresearch.com.br\/n\/uploads\/2019\/01\/df9eba69-editora-abril-400x200.webp\" alt=\"Editoras questionam no Cade venda do Grupo Abril a F\u00e1bio Carvalho\"\/><\/a><span class=\"spotlightCategory\"><a href=\"https:\/\/www.suno.com.br\/noticias\/negocios\/\">Neg\u00f3cios<\/a><\/span><\/div><div class=\"cardsPage__listCard__boxs__content\"><a href=\"https:\/\/www.suno.com.br\/noticias\/editoras-questionam-cade-venda-abril\/\"><h2 class=\"content__title\">Editoras questionam no Cade venda do Grupo Abril a F\u00e1bio Carvalho<\/h2><\/a><div class=\"newsContent__article__meta\"><div class=\"newsContent__article__meta__authorBox\"><a href=\"https:\/\/www.suno.com.br\/noticias\/author\/guilherme-caetano\/\" class=\"authorBox__avatar noMobi\"><img src=\"https:\/\/secure.gravatar.com\/avatar\/e48357351a01702a0d19307070e081bf?s=96&#038;r=g\" alt=\"Guilherme Caetano\"><\/a><div class=\"authorBox__name\"><span>por\n\t\t\t<a href=\"https:\/\/www.suno.com.br\/noticias\/author\/guilherme-caetano\/\"><span itemprop=\"author\">Guilherme Caetano<\/span><\/a><\/span><time datetime=\"2019-01-24T14:30:17-02:00\" itemprop=\"datePublished\">24\/01\/2019 14:30<\/time><\/div><\/div><\/div><\/div><\/div>","single_layout":"posts","amp_enabled":true,"_links":{"self":[{"href":"https:\/\/www.suno.com.br\/noticias\/wp-json\/wp\/v2\/posts\/12930"}],"collection":[{"href":"https:\/\/www.suno.com.br\/noticias\/wp-json\/wp\/v2\/posts"}],"about":[{"href":"https:\/\/www.suno.com.br\/noticias\/wp-json\/wp\/v2\/types\/post"}],"author":[{"embeddable":true,"href":"https:\/\/www.suno.com.br\/noticias\/wp-json\/wp\/v2\/users\/13"}],"replies":[{"embeddable":true,"href":"https:\/\/www.suno.com.br\/noticias\/wp-json\/wp\/v2\/comments?post=12930"}],"version-history":[{"count":0,"href":"https:\/\/www.suno.com.br\/noticias\/wp-json\/wp\/v2\/posts\/12930\/revisions"}],"wp:featuredmedia":[{"embeddable":true,"href":"https:\/\/www.suno.com.br\/noticias\/wp-json\/wp\/v2\/media\/10893"}],"wp:attachment":[{"href":"https:\/\/www.suno.com.br\/noticias\/wp-json\/wp\/v2\/media?parent=12930"}],"wp:term":[{"taxonomy":"category","embeddable":true,"href":"https:\/\/www.suno.com.br\/noticias\/wp-json\/wp\/v2\/categories?post=12930"},{"taxonomy":"post_tag","embeddable":true,"href":"https:\/\/www.suno.com.br\/noticias\/wp-json\/wp\/v2\/tags?post=12930"},{"taxonomy":"suno_strategy","embeddable":true,"href":"https:\/\/www.suno.com.br\/noticias\/wp-json\/wp\/v2\/suno_strategy?post=12930"}],"curies":[{"name":"wp","href":"https:\/\/api.w.org\/{rel}","templated":true}]}}