{"id":129205,"date":"2021-03-05T11:25:14","date_gmt":"2021-03-05T14:25:14","guid":{"rendered":"https:\/\/www.suno.com.br\/noticias\/?p=129205"},"modified":"2021-03-05T11:56:23","modified_gmt":"2021-03-05T14:56:23","slug":"ministerio-da-saude-preve-ate-3-mil-diarias-mortes-por-covid-19-em-marco","status":"publish","type":"post","link":"https:\/\/www.suno.com.br\/noticias\/ministerio-da-saude-preve-ate-3-mil-diarias-mortes-por-covid-19-em-marco\/","title":{"rendered":"Minist\u00e9rio da Sa\u00fade prev\u00ea at\u00e9 3 mil mortes di\u00e1rias  por covid-19 em mar\u00e7o"},"content":{"rendered":"<p>Autoridades do Minist\u00e9rio da Sa\u00fade preveem que o Brasil chegue, nas pr\u00f3ximas duas semanas, ao seu pior momento na pandemia da <strong>covid-19<\/strong>, com at\u00e9 3 mil mortes di\u00e1rias. As informa\u00e7\u00f5es s\u00e3o do jornal Valor Econ\u00f4mico.<\/p>\t<div class=\"wrapper-featured-image\">\n\t\t<figure class=\"spotlightImg\">\n\n\t\t\t<picture>\n\t\t\t\t<source media=\"(max-width: 768px)\" srcset=\"https:\/\/files.sunoresearch.com.br\/n\/uploads\/2021\/03\/a810ddd9-covid19-400x200.webp\">\n\t\t\t\t<img loading=\"lazy\" decoding=\"async\" class=\"newsContent__article__imgCapa lazyloadDisabled \" src=\"https:\/\/files.sunoresearch.com.br\/n\/uploads\/2021\/03\/a810ddd9-covid19-jpg.webp\" width=\"800\" height=\"450\" alt=\"Minist\u00e9rio da Sa\u00fade prev\u00ea at\u00e9 3 mil mortes di\u00e1rias  por covid-19 em mar\u00e7o\" fetchpriority=high \/>\n\t\t\t<\/picture>\n\n\t\t\t<figcaption class=\"wp-caption-text wp-caption-text--show\">Autoridades pr\u00f3ximas ao ministro da Sa\u00fade, Eduardo Pazuello, preveem at\u00e9 3 mil mortes por covid-19 por dia em mar\u00e7o<\/figcaption>\n\t\t<\/figure>\n\t<\/div>\n\n\n<p><span style=\"font-weight: 400;\">\t<p>\n\t\t<a href=\"https:\/\/lp.suno.com.br\/planilha-controle-gastos\/\" target=\"_blank\" data-element=\"shortcode-suno-banner\" title=\"Banner SUNO, clique e saiba mais\">\n\t\t\t<picture>\n\t\t\t\t<source media=\"(max-width: 500px)\" srcset=\"https:\/\/files.sunoresearch.com.br\/n\/uploads\/2023\/03\/400x300-Planilha-controle-de-gastos.png\">\n\t\t\t\t<img class=\"newsContent__article__imgCapa newsContent__article__imgCapa--banner\"\n\t\t\t\t\tsrc=\"https:\/\/files.sunoresearch.com.br\/n\/uploads\/2023\/03\/1420x240-Planilha-controle-de-gastos.png\"\n\t\t\t\t\tdata-promo-id=\"101751\"\t\t\t\t\t\t\t\t\t\twidth='1420' height='240'\t\t\t\t\talt=\"https:\/\/files.sunoresearch.com.br\/n\/uploads\/2023\/03\/1420x240-Planilha-controle-de-gastos.png\"\n\t\t\t\t>\n\t\t\t<\/picture>\n\t\t<\/a>\n\t<\/p>\n\n<\/span><\/p>\n<p>O cen\u00e1rio de avan\u00e7o da covid-19 resulta de <strong>uma s\u00e9rie de fatores<\/strong>, como, por exemplo, das aglomera\u00e7\u00f5es de fim de ano e de Carnaval, da dificuldade da popula\u00e7\u00e3o em se manter em isolamento, da circula\u00e7\u00e3o de novas variantes, da imin\u00eancia de colapsos nos sistemas hospitalares em diversas regi\u00f5es e da falta de vacinas dispon\u00edveis.<\/p>\n<p>O <strong>Minist\u00e9rio da Sa\u00fade<\/strong> se volta, principalmente, para a regi\u00e3o Sul do pa\u00eds. O Rio Grande do Sul tem, h\u00e1 uma semana, a sua ocupa\u00e7\u00e3o de leitos pr\u00f3xima ou acima de 100%. Na regi\u00e3o Norte, apesar dos n\u00fameros menores, o problema \u00e9 o baixo n\u00famero de leitos. Estados como Goi\u00e1s, Minas Gerais, Rio de Janeiro e S\u00e3o Paulo tamb\u00e9m acenderam a luz vermelha quanto ao aumento de casos da covid-19.<\/p>\n<p><a href=\"https:\/\/lp.suno.com.br\/suno-one\/?ppp=noticias\/hospital-care-pedido-ipo-cvm\/\"><b>Suno One: acesse gratuitamente eBooks, Minicursos, Artigos e V\u00eddeo Aulas sobre investimentos com um \u00fanico cadastro. Clique para saber mais!<\/b><\/a><\/p>\n<p>Para a equipe do ministro da Sa\u00fade, <strong>Eduardo Pazuello<\/strong>, o estado de S\u00e3o Paulo conseguiu at\u00e9 agora evitar uma trag\u00e9dia por possuir o maior n\u00famero de leitos de UTI do pa\u00eds. Se um colapso hospitalar ocorrer nessa regi\u00e3o, o n\u00famero de mortes por covid-19 deve subir exponencialmente.<\/p>\n<p>Em resposta \u00e0 crise, o Minist\u00e9rio da Sa\u00fade afirma &#8220;n\u00e3o ter o que fazer&#8221; e deve apenas estimular a reabertura de hospitais de campanha. Restri\u00e7\u00f5es e <em>lockdowns\u00a0<\/em>ficaram sob responsabilidade dos estados. Al\u00e9m disso, o presidente Jair Bolsonaro \u00e9 cr\u00edtico ferrenho destas medidas.<\/p>\n<p><span style=\"font-weight: 400;\">\t<p>\n\t\t<a href=\"https:\/\/lp.suno.com.br\/planilha-da-vida-financeira\/\" target=\"_blank\" data-element=\"shortcode-suno-banner\" title=\"Banner SUNO, clique e saiba mais\">\n\t\t\t<picture>\n\t\t\t\t<source media=\"(max-width: 500px)\" srcset=\"https:\/\/files.sunoresearch.com.br\/n\/uploads\/2023\/04\/400x300-Planilha-vida-financeira-true.png\">\n\t\t\t\t<img class=\"newsContent__article__imgCapa newsContent__article__imgCapa--banner\"\n\t\t\t\t\tsrc=\"https:\/\/files.sunoresearch.com.br\/n\/uploads\/2023\/04\/1420x240-Planilha-vida-financeira-true.png\"\n\t\t\t\t\tdata-promo-id=\"106682\"\t\t\t\t\t\t\t\t\t\twidth='1420' height='240'\t\t\t\t\talt=\"https:\/\/files.sunoresearch.com.br\/n\/uploads\/2023\/04\/1420x240-Planilha-vida-financeira-true.png\"\n\t\t\t\t>\n\t\t\t<\/picture>\n\t\t<\/a>\n\t<\/p>\n\n<\/span><\/p>\n<p>Para o m\u00e9dio prazo, o Minist\u00e9rio da Economia tem vis\u00f5es mais otimistas, acreditando que a vacina\u00e7\u00e3o contra a <strong>covid-19<\/strong> deve acelerar a partir de abrir, com o Instituto Butantan e a Fiocruz produzindo cerca de 1,4 milh\u00e3o de doses di\u00e1rias e com a chegada das vacinas importadas.<\/p>\n<p><span style=\"font-weight: 400;\">\t<p>\n\t\t<a href=\"https:\/\/lp.suno.com.br\/planilha-de-controle-de-investimentos\/\" target=\"_blank\" data-element=\"shortcode-suno-banner\" title=\"Banner SUNO, clique e saiba mais\">\n\t\t\t<picture>\n\t\t\t\t<source media=\"(max-width: 500px)\" srcset=\"https:\/\/files.sunoresearch.com.br\/n\/uploads\/2023\/03\/400x300-Controle-de-Investimentos.png\">\n\t\t\t\t<img class=\"newsContent__article__imgCapa newsContent__article__imgCapa--banner\"\n\t\t\t\t\tsrc=\"https:\/\/files.sunoresearch.com.br\/n\/uploads\/2023\/03\/1420x240-Controle-de-Investimentos.png\"\n\t\t\t\t\tdata-promo-id=\"75934\"\t\t\t\t\t\t\t\t\t\twidth='1420' height='240'\t\t\t\t\talt=\"https:\/\/files.sunoresearch.com.br\/n\/uploads\/2023\/03\/1420x240-Controle-de-Investimentos.png\"\n\t\t\t\t>\n\t\t\t<\/picture>\n\t\t<\/a>\n\t<\/p>\n\n<\/span><\/p>\n<p>&nbsp;<\/p>\n","protected":false},"excerpt":{"rendered":"<p>Autoridades do Minist\u00e9rio da Sa\u00fade preveem que o Brasil chegue, nas pr\u00f3ximas duas semanas, ao seu pior momento na pandemia da covid-19, com at\u00e9 3 mil mortes di\u00e1rias. As informa\u00e7\u00f5es s\u00e3o do jornal Valor Econ\u00f4mico. Autoridades pr\u00f3ximas ao ministro da Sa\u00fade, Eduardo Pazuello, preveem at\u00e9 3 mil mortes por covid-19 por dia em mar\u00e7o O [&hellip;]<\/p>\n","protected":false},"author":59,"featured_media":129225,"comment_status":"closed","ping_status":"closed","sticky":false,"template":"","format":"standard","meta":[],"categories":[61],"tags":[5255,105574,2735],"suno_strategy":[],"class_list":["post-129205","post","type-post","status-publish","format-standard","has-post-thumbnail","hentry","category-politica","tag-covid-19","tag-eduardo-pazuello","tag-ministerio-da-saude"],"yoast_head":"<!-- This site is optimized with the Yoast SEO plugin v24.4 - https:\/\/yoast.com\/wordpress\/plugins\/seo\/ -->\n<title>Minist\u00e9rio da Sa\u00fade prev\u00ea at\u00e9 3 mil mortes di\u00e1rias por covid-19 em mar\u00e7o<\/title>\n<meta name=\"description\" content=\"Minist\u00e9rio da Sa\u00fade prev\u00ea at\u00e9 3 mil mortes por dia por covid-19 no m\u00eas de mar\u00e7o e que &quot;n\u00e3o h\u00e1 que fazer&quot;. Clique aqui para saber mais.\" \/>\n<meta name=\"robots\" content=\"index, follow, max-snippet:-1, max-image-preview:large, max-video-preview:-1\" \/>\n<link rel=\"canonical\" href=\"https:\/\/www.suno.com.br\/noticias\/ministerio-da-saude-preve-ate-3-mil-diarias-mortes-por-covid-19-em-marco\/\" \/>\n<meta property=\"og:locale\" content=\"pt_BR\" \/>\n<meta property=\"og:type\" content=\"article\" \/>\n<meta property=\"og:title\" content=\"Minist\u00e9rio da Sa\u00fade prev\u00ea at\u00e9 3 mil mortes di\u00e1rias por covid-19 em mar\u00e7o\" \/>\n<meta property=\"og:description\" content=\"Minist\u00e9rio da Sa\u00fade prev\u00ea at\u00e9 3 mil mortes por dia por covid-19 no m\u00eas de mar\u00e7o e que &quot;n\u00e3o h\u00e1 que fazer&quot;. Clique aqui para saber mais.\" \/>\n<meta property=\"og:url\" content=\"https:\/\/www.suno.com.br\/noticias\/ministerio-da-saude-preve-ate-3-mil-diarias-mortes-por-covid-19-em-marco\/\" \/>\n<meta property=\"og:site_name\" content=\"Suno Not\u00edcias\" \/>\n<meta property=\"article:publisher\" content=\"https:\/\/facebook.com\/sunoresearch\" \/>\n<meta property=\"og:image\" content=\"https:\/\/files.sunoresearch.com.br\/n\/uploads\/2021\/03\/a810ddd9-covid19.jpg\" \/>\n\t<meta property=\"og:image:width\" content=\"799\" \/>\n\t<meta property=\"og:image:height\" content=\"533\" \/>\n\t<meta property=\"og:image:type\" content=\"image\/jpeg\" \/>\n<meta name=\"author\" content=\"Vitor Azevedo\" \/>\n<meta name=\"twitter:card\" content=\"summary_large_image\" \/>\n<meta name=\"twitter:creator\" content=\"@sunoresearch\" \/>\n<meta name=\"twitter:site\" content=\"@sunoresearch\" \/>\n<meta name=\"twitter:label1\" content=\"Escrito por\" \/>\n\t<meta name=\"twitter:data1\" content=\"Vitor Azevedo\" \/>\n\t<meta name=\"twitter:label2\" content=\"Est. tempo de leitura\" \/>\n\t<meta name=\"twitter:data2\" content=\"2 minutos\" \/>\n<script type=\"application\/ld+json\" class=\"yoast-schema-graph\">{\"@context\":\"https:\/\/schema.org\",\"@graph\":[{\"@type\":\"NewsArticle\",\"@id\":\"https:\/\/www.suno.com.br\/noticias\/ministerio-da-saude-preve-ate-3-mil-diarias-mortes-por-covid-19-em-marco\/#article\",\"isPartOf\":{\"@id\":\"https:\/\/www.suno.com.br\/noticias\/ministerio-da-saude-preve-ate-3-mil-diarias-mortes-por-covid-19-em-marco\/\"},\"author\":{\"name\":\"Vitor Azevedo\",\"@id\":\"https:\/\/www.suno.com.br\/noticias\/#\/schema\/person\/658d5fbc74d81f265f5df3562d0038ab\"},\"headline\":\"Minist\u00e9rio da Sa\u00fade prev\u00ea at\u00e9 3 mil mortes di\u00e1rias por covid-19 em mar\u00e7o\",\"datePublished\":\"2021-03-05T14:25:14+00:00\",\"dateModified\":\"2021-03-05T14:56:23+00:00\",\"mainEntityOfPage\":{\"@id\":\"https:\/\/www.suno.com.br\/noticias\/ministerio-da-saude-preve-ate-3-mil-diarias-mortes-por-covid-19-em-marco\/\"},\"wordCount\":384,\"publisher\":{\"@id\":\"https:\/\/www.suno.com.br\/noticias\/#organization\"},\"image\":{\"@id\":\"https:\/\/www.suno.com.br\/noticias\/ministerio-da-saude-preve-ate-3-mil-diarias-mortes-por-covid-19-em-marco\/#primaryimage\"},\"thumbnailUrl\":\"https:\/\/files.sunoresearch.com.br\/n\/uploads\/2021\/03\/a810ddd9-covid19-jpg.webp\",\"keywords\":[\"covid-19\",\"Eduardo Pazuello\",\"Minist\u00e9rio da Sa\u00fade\"],\"articleSection\":[\"Pol\u00edtica\"],\"inLanguage\":\"pt-BR\"},{\"@type\":\"WebPage\",\"@id\":\"https:\/\/www.suno.com.br\/noticias\/ministerio-da-saude-preve-ate-3-mil-diarias-mortes-por-covid-19-em-marco\/\",\"url\":\"https:\/\/www.suno.com.br\/noticias\/ministerio-da-saude-preve-ate-3-mil-diarias-mortes-por-covid-19-em-marco\/\",\"name\":\"Minist\u00e9rio da Sa\u00fade prev\u00ea at\u00e9 3 mil mortes di\u00e1rias por covid-19 em mar\u00e7o\",\"isPartOf\":{\"@id\":\"https:\/\/www.suno.com.br\/noticias\/#website\"},\"primaryImageOfPage\":{\"@id\":\"https:\/\/www.suno.com.br\/noticias\/ministerio-da-saude-preve-ate-3-mil-diarias-mortes-por-covid-19-em-marco\/#primaryimage\"},\"image\":{\"@id\":\"https:\/\/www.suno.com.br\/noticias\/ministerio-da-saude-preve-ate-3-mil-diarias-mortes-por-covid-19-em-marco\/#primaryimage\"},\"thumbnailUrl\":\"https:\/\/files.sunoresearch.com.br\/n\/uploads\/2021\/03\/a810ddd9-covid19-jpg.webp\",\"datePublished\":\"2021-03-05T14:25:14+00:00\",\"dateModified\":\"2021-03-05T14:56:23+00:00\",\"description\":\"Minist\u00e9rio da Sa\u00fade prev\u00ea at\u00e9 3 mil mortes por dia por covid-19 no m\u00eas de mar\u00e7o e que \\\"n\u00e3o h\u00e1 que fazer\\\". Clique aqui para saber mais.\",\"breadcrumb\":{\"@id\":\"https:\/\/www.suno.com.br\/noticias\/ministerio-da-saude-preve-ate-3-mil-diarias-mortes-por-covid-19-em-marco\/#breadcrumb\"},\"inLanguage\":\"pt-BR\",\"potentialAction\":[{\"@type\":\"ReadAction\",\"target\":[\"https:\/\/www.suno.com.br\/noticias\/ministerio-da-saude-preve-ate-3-mil-diarias-mortes-por-covid-19-em-marco\/\"]}]},{\"@type\":\"ImageObject\",\"inLanguage\":\"pt-BR\",\"@id\":\"https:\/\/www.suno.com.br\/noticias\/ministerio-da-saude-preve-ate-3-mil-diarias-mortes-por-covid-19-em-marco\/#primaryimage\",\"url\":\"https:\/\/files.sunoresearch.com.br\/n\/uploads\/2021\/03\/a810ddd9-covid19-jpg.webp\",\"contentUrl\":\"https:\/\/files.sunoresearch.com.br\/n\/uploads\/2021\/03\/a810ddd9-covid19-jpg.webp\",\"width\":799,\"height\":533,\"caption\":\"Autoridades pr\u00f3ximas ao ministro da Sa\u00fade, Eduardo Pazuello, preveem at\u00e9 3 mil mortes por covid-19 por dia em mar\u00e7o\"},{\"@type\":\"BreadcrumbList\",\"@id\":\"https:\/\/www.suno.com.br\/noticias\/ministerio-da-saude-preve-ate-3-mil-diarias-mortes-por-covid-19-em-marco\/#breadcrumb\",\"itemListElement\":[{\"@type\":\"ListItem\",\"position\":1,\"name\":\"Not\u00edcias\",\"item\":\"https:\/\/www.suno.com.br\/noticias\/\"},{\"@type\":\"ListItem\",\"position\":2,\"name\":\"Pol\u00edtica\",\"item\":\"https:\/\/www.suno.com.br\/noticias\/politica\/\"},{\"@type\":\"ListItem\",\"position\":3,\"name\":\"Minist\u00e9rio da Sa\u00fade prev\u00ea at\u00e9 3 mil mortes di\u00e1rias por covid-19 em mar\u00e7o\"}]},{\"@type\":\"WebSite\",\"@id\":\"https:\/\/www.suno.com.br\/noticias\/#website\",\"url\":\"https:\/\/www.suno.com.br\/noticias\/\",\"name\":\"Suno Not\u00edcias\",\"description\":\"Seu portal de informa\u00e7\u00e3o sobre o mundo dos investimentos\",\"publisher\":{\"@id\":\"https:\/\/www.suno.com.br\/noticias\/#organization\"},\"potentialAction\":[{\"@type\":\"SearchAction\",\"target\":{\"@type\":\"EntryPoint\",\"urlTemplate\":\"https:\/\/www.suno.com.br\/noticias\/?s={search_term_string}\"},\"query-input\":{\"@type\":\"PropertyValueSpecification\",\"valueRequired\":true,\"valueName\":\"search_term_string\"}}],\"inLanguage\":\"pt-BR\"},{\"@type\":\"Organization\",\"@id\":\"https:\/\/www.suno.com.br\/noticias\/#organization\",\"name\":\"Suno Not\u00edcias\",\"url\":\"https:\/\/www.suno.com.br\/noticias\/\",\"logo\":{\"@type\":\"ImageObject\",\"inLanguage\":\"pt-BR\",\"@id\":\"https:\/\/www.suno.com.br\/noticias\/#\/schema\/logo\/image\/\",\"url\":\"https:\/\/files.sunoresearch.com.br\/n\/uploads\/2021\/09\/suno-logo.png\",\"contentUrl\":\"https:\/\/files.sunoresearch.com.br\/n\/uploads\/2021\/09\/suno-logo.png\",\"width\":180,\"height\":180,\"caption\":\"Suno Not\u00edcias\"},\"image\":{\"@id\":\"https:\/\/www.suno.com.br\/noticias\/#\/schema\/logo\/image\/\"},\"sameAs\":[\"https:\/\/facebook.com\/sunoresearch\",\"https:\/\/x.com\/sunoresearch\",\"https:\/\/www.instagram.com\/suno\",\"https:\/\/www.linkedin.com\/company\/suno-research\/\",\"https:\/\/www.youtube.com\/c\/sunoresearch\"]},{\"@type\":\"Person\",\"@id\":\"https:\/\/www.suno.com.br\/noticias\/#\/schema\/person\/658d5fbc74d81f265f5df3562d0038ab\",\"name\":\"Vitor Azevedo\",\"image\":{\"@type\":\"ImageObject\",\"inLanguage\":\"pt-BR\",\"@id\":\"https:\/\/www.suno.com.br\/noticias\/#\/schema\/person\/image\/\",\"url\":\"https:\/\/secure.gravatar.com\/avatar\/62b86195291b446fe380824eb28b99a5?s=96&r=g\",\"contentUrl\":\"https:\/\/secure.gravatar.com\/avatar\/62b86195291b446fe380824eb28b99a5?s=96&r=g\",\"caption\":\"Vitor Azevedo\"},\"description\":\"Formado em jornalismo pela Unesp, escreve sobre economia e neg\u00f3cios para a Suno Not\u00edcias.\",\"url\":\"https:\/\/www.suno.com.br\/noticias\/author\/vitor-azevedo\/\"}]}<\/script>\n<!-- \/ Yoast SEO plugin. -->","yoast_head_json":{"title":"Minist\u00e9rio da Sa\u00fade prev\u00ea at\u00e9 3 mil mortes di\u00e1rias por covid-19 em mar\u00e7o","description":"Minist\u00e9rio da Sa\u00fade prev\u00ea at\u00e9 3 mil mortes por dia por covid-19 no m\u00eas de mar\u00e7o e que \"n\u00e3o h\u00e1 que fazer\". Clique aqui para saber mais.","robots":{"index":"index","follow":"follow","max-snippet":"max-snippet:-1","max-image-preview":"max-image-preview:large","max-video-preview":"max-video-preview:-1"},"canonical":"https:\/\/www.suno.com.br\/noticias\/ministerio-da-saude-preve-ate-3-mil-diarias-mortes-por-covid-19-em-marco\/","og_locale":"pt_BR","og_type":"article","og_title":"Minist\u00e9rio da Sa\u00fade prev\u00ea at\u00e9 3 mil mortes di\u00e1rias por covid-19 em mar\u00e7o","og_description":"Minist\u00e9rio da Sa\u00fade prev\u00ea at\u00e9 3 mil mortes por dia por covid-19 no m\u00eas de mar\u00e7o e que \"n\u00e3o h\u00e1 que fazer\". Clique aqui para saber mais.","og_url":"https:\/\/www.suno.com.br\/noticias\/ministerio-da-saude-preve-ate-3-mil-diarias-mortes-por-covid-19-em-marco\/","og_site_name":"Suno Not\u00edcias","article_publisher":"https:\/\/facebook.com\/sunoresearch","og_image":[{"width":799,"height":533,"url":"https:\/\/files.sunoresearch.com.br\/n\/uploads\/2021\/03\/a810ddd9-covid19.jpg","type":"image\/jpeg"}],"author":"Vitor Azevedo","twitter_card":"summary_large_image","twitter_creator":"@sunoresearch","twitter_site":"@sunoresearch","twitter_misc":{"Escrito por":"Vitor Azevedo","Est. tempo de leitura":"2 minutos"},"schema":{"@context":"https:\/\/schema.org","@graph":[{"@type":"NewsArticle","@id":"https:\/\/www.suno.com.br\/noticias\/ministerio-da-saude-preve-ate-3-mil-diarias-mortes-por-covid-19-em-marco\/#article","isPartOf":{"@id":"https:\/\/www.suno.com.br\/noticias\/ministerio-da-saude-preve-ate-3-mil-diarias-mortes-por-covid-19-em-marco\/"},"author":{"name":"Vitor Azevedo","@id":"https:\/\/www.suno.com.br\/noticias\/#\/schema\/person\/658d5fbc74d81f265f5df3562d0038ab"},"headline":"Minist\u00e9rio da Sa\u00fade prev\u00ea at\u00e9 3 mil mortes di\u00e1rias por covid-19 em mar\u00e7o","datePublished":"2021-03-05T14:25:14+00:00","dateModified":"2021-03-05T14:56:23+00:00","mainEntityOfPage":{"@id":"https:\/\/www.suno.com.br\/noticias\/ministerio-da-saude-preve-ate-3-mil-diarias-mortes-por-covid-19-em-marco\/"},"wordCount":384,"publisher":{"@id":"https:\/\/www.suno.com.br\/noticias\/#organization"},"image":{"@id":"https:\/\/www.suno.com.br\/noticias\/ministerio-da-saude-preve-ate-3-mil-diarias-mortes-por-covid-19-em-marco\/#primaryimage"},"thumbnailUrl":"https:\/\/files.sunoresearch.com.br\/n\/uploads\/2021\/03\/a810ddd9-covid19-jpg.webp","keywords":["covid-19","Eduardo Pazuello","Minist\u00e9rio da Sa\u00fade"],"articleSection":["Pol\u00edtica"],"inLanguage":"pt-BR"},{"@type":"WebPage","@id":"https:\/\/www.suno.com.br\/noticias\/ministerio-da-saude-preve-ate-3-mil-diarias-mortes-por-covid-19-em-marco\/","url":"https:\/\/www.suno.com.br\/noticias\/ministerio-da-saude-preve-ate-3-mil-diarias-mortes-por-covid-19-em-marco\/","name":"Minist\u00e9rio da Sa\u00fade prev\u00ea at\u00e9 3 mil mortes di\u00e1rias por covid-19 em mar\u00e7o","isPartOf":{"@id":"https:\/\/www.suno.com.br\/noticias\/#website"},"primaryImageOfPage":{"@id":"https:\/\/www.suno.com.br\/noticias\/ministerio-da-saude-preve-ate-3-mil-diarias-mortes-por-covid-19-em-marco\/#primaryimage"},"image":{"@id":"https:\/\/www.suno.com.br\/noticias\/ministerio-da-saude-preve-ate-3-mil-diarias-mortes-por-covid-19-em-marco\/#primaryimage"},"thumbnailUrl":"https:\/\/files.sunoresearch.com.br\/n\/uploads\/2021\/03\/a810ddd9-covid19-jpg.webp","datePublished":"2021-03-05T14:25:14+00:00","dateModified":"2021-03-05T14:56:23+00:00","description":"Minist\u00e9rio da Sa\u00fade prev\u00ea at\u00e9 3 mil mortes por dia por covid-19 no m\u00eas de mar\u00e7o e que \"n\u00e3o h\u00e1 que fazer\". Clique aqui para saber mais.","breadcrumb":{"@id":"https:\/\/www.suno.com.br\/noticias\/ministerio-da-saude-preve-ate-3-mil-diarias-mortes-por-covid-19-em-marco\/#breadcrumb"},"inLanguage":"pt-BR","potentialAction":[{"@type":"ReadAction","target":["https:\/\/www.suno.com.br\/noticias\/ministerio-da-saude-preve-ate-3-mil-diarias-mortes-por-covid-19-em-marco\/"]}]},{"@type":"ImageObject","inLanguage":"pt-BR","@id":"https:\/\/www.suno.com.br\/noticias\/ministerio-da-saude-preve-ate-3-mil-diarias-mortes-por-covid-19-em-marco\/#primaryimage","url":"https:\/\/files.sunoresearch.com.br\/n\/uploads\/2021\/03\/a810ddd9-covid19-jpg.webp","contentUrl":"https:\/\/files.sunoresearch.com.br\/n\/uploads\/2021\/03\/a810ddd9-covid19-jpg.webp","width":799,"height":533,"caption":"Autoridades pr\u00f3ximas ao ministro da Sa\u00fade, Eduardo Pazuello, preveem at\u00e9 3 mil mortes por covid-19 por dia em mar\u00e7o"},{"@type":"BreadcrumbList","@id":"https:\/\/www.suno.com.br\/noticias\/ministerio-da-saude-preve-ate-3-mil-diarias-mortes-por-covid-19-em-marco\/#breadcrumb","itemListElement":[{"@type":"ListItem","position":1,"name":"Not\u00edcias","item":"https:\/\/www.suno.com.br\/noticias\/"},{"@type":"ListItem","position":2,"name":"Pol\u00edtica","item":"https:\/\/www.suno.com.br\/noticias\/politica\/"},{"@type":"ListItem","position":3,"name":"Minist\u00e9rio da Sa\u00fade prev\u00ea at\u00e9 3 mil mortes di\u00e1rias por covid-19 em mar\u00e7o"}]},{"@type":"WebSite","@id":"https:\/\/www.suno.com.br\/noticias\/#website","url":"https:\/\/www.suno.com.br\/noticias\/","name":"Suno Not\u00edcias","description":"Seu portal de informa\u00e7\u00e3o sobre o mundo dos investimentos","publisher":{"@id":"https:\/\/www.suno.com.br\/noticias\/#organization"},"potentialAction":[{"@type":"SearchAction","target":{"@type":"EntryPoint","urlTemplate":"https:\/\/www.suno.com.br\/noticias\/?s={search_term_string}"},"query-input":{"@type":"PropertyValueSpecification","valueRequired":true,"valueName":"search_term_string"}}],"inLanguage":"pt-BR"},{"@type":"Organization","@id":"https:\/\/www.suno.com.br\/noticias\/#organization","name":"Suno Not\u00edcias","url":"https:\/\/www.suno.com.br\/noticias\/","logo":{"@type":"ImageObject","inLanguage":"pt-BR","@id":"https:\/\/www.suno.com.br\/noticias\/#\/schema\/logo\/image\/","url":"https:\/\/files.sunoresearch.com.br\/n\/uploads\/2021\/09\/suno-logo.png","contentUrl":"https:\/\/files.sunoresearch.com.br\/n\/uploads\/2021\/09\/suno-logo.png","width":180,"height":180,"caption":"Suno Not\u00edcias"},"image":{"@id":"https:\/\/www.suno.com.br\/noticias\/#\/schema\/logo\/image\/"},"sameAs":["https:\/\/facebook.com\/sunoresearch","https:\/\/x.com\/sunoresearch","https:\/\/www.instagram.com\/suno","https:\/\/www.linkedin.com\/company\/suno-research\/","https:\/\/www.youtube.com\/c\/sunoresearch"]},{"@type":"Person","@id":"https:\/\/www.suno.com.br\/noticias\/#\/schema\/person\/658d5fbc74d81f265f5df3562d0038ab","name":"Vitor Azevedo","image":{"@type":"ImageObject","inLanguage":"pt-BR","@id":"https:\/\/www.suno.com.br\/noticias\/#\/schema\/person\/image\/","url":"https:\/\/secure.gravatar.com\/avatar\/62b86195291b446fe380824eb28b99a5?s=96&r=g","contentUrl":"https:\/\/secure.gravatar.com\/avatar\/62b86195291b446fe380824eb28b99a5?s=96&r=g","caption":"Vitor Azevedo"},"description":"Formado em jornalismo pela Unesp, escreve sobre economia e neg\u00f3cios para a Suno Not\u00edcias.","url":"https:\/\/www.suno.com.br\/noticias\/author\/vitor-azevedo\/"}]}},"default_loop_html":"<div class=\"cardsPage__listCard__boxs\"><div class=\"cardsPage__listCard__boxs__img\"><a href=\"https:\/\/www.suno.com.br\/noticias\/ministerio-da-saude-preve-ate-3-mil-diarias-mortes-por-covid-19-em-marco\/\"><img class=\"mask\" src=\"https:\/\/www.suno.com.br\/noticias\/wp-content\/themes\/suno\/resources\/images\/spotlight\/spotlight1img\/bg-mask.png\" alt=\"Image Mask\"\/><img src=\"https:\/\/files.sunoresearch.com.br\/n\/uploads\/2021\/03\/a810ddd9-covid19-400x200.webp\" alt=\"Minist\u00e9rio da Sa\u00fade prev\u00ea at\u00e9 3 mil mortes di\u00e1rias  por covid-19 em mar\u00e7o\"\/><\/a><span class=\"spotlightCategory\"><a href=\"https:\/\/www.suno.com.br\/noticias\/politica\/\">Pol\u00edtica<\/a><\/span><\/div><div class=\"cardsPage__listCard__boxs__content\"><a href=\"https:\/\/www.suno.com.br\/noticias\/ministerio-da-saude-preve-ate-3-mil-diarias-mortes-por-covid-19-em-marco\/\"><h2 class=\"content__title\">Minist\u00e9rio da Sa\u00fade prev\u00ea at\u00e9 3 mil mortes di\u00e1rias  por covid-19 em mar\u00e7o<\/h2><\/a><div class=\"newsContent__article__meta\"><div class=\"newsContent__article__meta__authorBox\"><a href=\"https:\/\/www.suno.com.br\/noticias\/author\/vitor-azevedo\/\" class=\"authorBox__avatar noMobi\"><img src=\"https:\/\/secure.gravatar.com\/avatar\/62b86195291b446fe380824eb28b99a5?s=96&#038;r=g\" alt=\"Vitor Azevedo\"><\/a><div class=\"authorBox__name\"><span>por\n\t\t\t<a href=\"https:\/\/www.suno.com.br\/noticias\/author\/vitor-azevedo\/\"><span itemprop=\"author\">Vitor Azevedo<\/span><\/a><\/span><time datetime=\"2021-03-05T11:25:14-03:00\" itemprop=\"datePublished\">05\/03\/2021 11:25<\/time><\/div><\/div><\/div><\/div><\/div>","single_layout":"posts","amp_enabled":true,"_links":{"self":[{"href":"https:\/\/www.suno.com.br\/noticias\/wp-json\/wp\/v2\/posts\/129205"}],"collection":[{"href":"https:\/\/www.suno.com.br\/noticias\/wp-json\/wp\/v2\/posts"}],"about":[{"href":"https:\/\/www.suno.com.br\/noticias\/wp-json\/wp\/v2\/types\/post"}],"author":[{"embeddable":true,"href":"https:\/\/www.suno.com.br\/noticias\/wp-json\/wp\/v2\/users\/59"}],"replies":[{"embeddable":true,"href":"https:\/\/www.suno.com.br\/noticias\/wp-json\/wp\/v2\/comments?post=129205"}],"version-history":[{"count":3,"href":"https:\/\/www.suno.com.br\/noticias\/wp-json\/wp\/v2\/posts\/129205\/revisions"}],"predecessor-version":[{"id":129241,"href":"https:\/\/www.suno.com.br\/noticias\/wp-json\/wp\/v2\/posts\/129205\/revisions\/129241"}],"wp:featuredmedia":[{"embeddable":true,"href":"https:\/\/www.suno.com.br\/noticias\/wp-json\/wp\/v2\/media\/129225"}],"wp:attachment":[{"href":"https:\/\/www.suno.com.br\/noticias\/wp-json\/wp\/v2\/media?parent=129205"}],"wp:term":[{"taxonomy":"category","embeddable":true,"href":"https:\/\/www.suno.com.br\/noticias\/wp-json\/wp\/v2\/categories?post=129205"},{"taxonomy":"post_tag","embeddable":true,"href":"https:\/\/www.suno.com.br\/noticias\/wp-json\/wp\/v2\/tags?post=129205"},{"taxonomy":"suno_strategy","embeddable":true,"href":"https:\/\/www.suno.com.br\/noticias\/wp-json\/wp\/v2\/suno_strategy?post=129205"}],"curies":[{"name":"wp","href":"https:\/\/api.w.org\/{rel}","templated":true}]}}