{"id":12908,"date":"2019-01-24T11:10:54","date_gmt":"2019-01-24T13:10:54","guid":{"rendered":"https:\/\/www.suno.com.br\/noticias\/?p=12908"},"modified":"2019-01-24T11:48:12","modified_gmt":"2019-01-24T13:48:12","slug":"ipca-15-janeiro-2019","status":"publish","type":"post","link":"https:\/\/www.suno.com.br\/noticias\/ipca-15-janeiro-2019\/","title":{"rendered":"Primeira pr\u00e9via da infla\u00e7\u00e3o do ano, IPCA-15 avan\u00e7ou 0,3% em janeiro"},"content":{"rendered":"<p>A pr\u00e9via da <a href=\"https:\/\/www.suno.com.br\/artigos\/inflacao\/\"><strong>infla\u00e7\u00e3o<\/strong><\/a> oficial brasileira, o IPCA-15\u00a0 avan\u00e7ou 0,3% em janeiro ante o m\u00eas anterior. Em dezembro de 2018, houve <a href=\"https:\/\/www.suno.com.br\/artigos\/deflacao\/\">defla\u00e7\u00e3o<\/a> de 0,16%. Todavia, para janeiro, este foi o mais baixo patamar alcan\u00e7ado desde a implanta\u00e7\u00e3o do Plano Real, em 1994.<\/p>\t<div class=\"wrapper-featured-image\">\n\t\t<figure class=\"spotlightImg\">\n\n\t\t\t<picture>\n\t\t\t\t<source media=\"(max-width: 768px)\" srcset=\"https:\/\/files.sunoresearch.com.br\/n\/uploads\/2018\/12\/46080589-defla\u00e7\u00e3o-400x200.webp\">\n\t\t\t\t<img loading=\"lazy\" decoding=\"async\" class=\"newsContent__article__imgCapa lazyloadDisabled newsContent__article__imgCapa--noCaption\" src=\"https:\/\/files.sunoresearch.com.br\/n\/uploads\/2018\/12\/46080589-defla\u00e7\u00e3o-800x450.webp\" width=\"800\" height=\"450\" alt=\"Primeira pr\u00e9via da infla\u00e7\u00e3o do ano, IPCA-15 avan\u00e7ou 0,3% em janeiro\" fetchpriority=high \/>\n\t\t\t<\/picture>\n\n\t\t\t<figcaption class=\"wp-caption-text wp-caption-text--hide\">IPC-S<\/figcaption>\n\t\t<\/figure>\n\t<\/div>\n\n\n<p>O <a href=\"https:\/\/www.suno.com.br\/artigos\/ipca\/\">\u00cdndice Nacional de Pre\u00e7os ao Consumidor Amplo<\/a> (IPCA) \u00e9 divulgado mensalmente pelo Instituto Brasileiro de Geografia e Estat\u00edstica (IBGE). O indicador representa a infla\u00e7\u00e3o oficial do Pa\u00eds. A pr\u00e9via da infla\u00e7\u00e3o mensal \u00e9 denominada <strong>IPCA-15<\/strong>.<\/p>\n<p>No acumulado dos \u00faltimos 12 meses, a <strong>infla\u00e7\u00e3o<\/strong> atingiu 3,77%, abaixo dos 3,86% registrados anteriormente contabilizando tamb\u00e9m os \u00faltimos 12 meses.<\/p>\n<p>O \u00faltimo <a href=\"https:\/\/www.suno.com.br\/artigos\/relatorio-focus\/\">Boletim Focus<\/a>, publicado na segunda-feira (21), reduziu as expectativas para a infla\u00e7\u00e3o de 2019, de 4,02% a 4,01%.<\/p>\n<p><a href=\"https:\/\/www.suno.com.br\/noticias\/boletim-focus-01212019\/\">Saiba mais &#8211;\u00a0Boletim Focus reduz fechamento do d\u00f3lar em 2019 a R$ 3,75\u00a0<\/a><\/p>\n<p>Confira abaixo a infla\u00e7\u00e3o, por m\u00eas, dos \u00faltimos 12 meses:<\/p>\n<ul>\n<li>janeiro\/2018: 0,39%<\/li>\n<li>fevereiro\/2018: 0,38%<\/li>\n<li>mar\u00e7o\/2018: 0,1%<\/li>\n<li>abril\/2018: 0,21%<\/li>\n<li>maio\/2018: 0,14%<\/li>\n<li>junho\/2018: 1,11%<\/li>\n<li>julho\/2018: 0,64%<\/li>\n<li>agosto\/2018: 0,13%<\/li>\n<li>setembro\/2018: 0,09%<\/li>\n<li>outubro\/2018: 0,58%<\/li>\n<li>novembro\/2018: 0,19%<\/li>\n<li>dezembro\/2018: -0,16%<\/li>\n<\/ul>\n<p>A infla\u00e7\u00e3o oficial de 2018 fechou a 3,75%, dentro da meta estabelecida pelo <a href=\"https:\/\/www.suno.com.br\/artigos\/cmn-conselho-monetario-nacional\/\">Conselho Monet\u00e1rio Nacional<\/a> (CMN). Com intervalo de toler\u00e2ncia de 1,5% para mais ou para menos, a <strong>meta<\/strong> central para o <strong>IPCA<\/strong> em 2018 era de 4,5%.<\/p>\n<p>Na ter\u00e7a-feira (22), o presidente do <a href=\"https:\/\/www.suno.com.br\/artigos\/bacen\/\">Banco Central<\/a>\u00a0(BC), <a href=\"https:\/\/www.suno.com.br\/tudo-sobre\/ilan-goldfajn\/\">Ilan Goldfajn<\/a>, disse \u00e0 Reuters que o BC vai sempre olhar no momento adequado se a <a href=\"https:\/\/www.suno.com.br\/artigos\/politica-monetaria\/\">pol\u00edtica monet\u00e1ria<\/a> est\u00e1 suficientemente estimulativa.<\/p>\n<p><a href=\"https:\/\/www.suno.com.br\/noticias\/ibge-inflacao-2018-fecha-375\/\">Saiba mais &#8211;\u00a0IBGE: infla\u00e7\u00e3o de 2018 fecha em 3,75%\u00a0<\/a><\/p>\n<p><a href=\"https:\/\/www.suno.com.br\/noticias\/previa-ipca-deflacao-dezembro\/\">Saiba mais &#8211;\u00a0Pr\u00e9via do IPCA indica defla\u00e7\u00e3o de 0,16% para dezembro, diz IBGE\u00a0<\/a><\/p>\n<h2>Transporte tem maior defla\u00e7\u00e3o no IPCA-15<\/h2>\n<p>Os setores de <strong>transporte<\/strong> e <strong>vestu\u00e1rio<\/strong> otimizaram a infla\u00e7\u00e3o. Ambos os setores apresentaram <strong>defla\u00e7\u00e3o<\/strong> na passagem de dezembro para janeiro, de 0,47% e 0,16%, respectivamente.<\/p>\n<p>Em contrapartida, a <strong>maior alta<\/strong> dentre os nove grupos pesquisados foi nos pre\u00e7os de <strong>alimentos e bebidas<\/strong>, que subiram 0,87%.<\/p>\n<p>Confira abaixo as varia\u00e7\u00f5es por segmento:<\/p>\n<ul>\n<li>Alimenta\u00e7\u00e3o e bebidas: 0,87%<\/li>\n<li>Habita\u00e7\u00e3o: 0,08%<\/li>\n<li>Artigos de resid\u00eancia: 0,58%<\/li>\n<li>Vestu\u00e1rio: -0,16%<\/li>\n<li>Transportes: -0,47%<\/li>\n<li>Sa\u00fade e cuidados pessoais: 0,68%<\/li>\n<li>Despesas pessoais: 0,43%<\/li>\n<li>Educa\u00e7\u00e3o: 0,31%<\/li>\n<li>Comunica\u00e7\u00e3o: 0,06%<\/li>\n<\/ul>\n<p>Os\u00a0<strong>transportes<\/strong> obtiveram o maior \u00edndice de defla\u00e7\u00e3o devido \u00e0 queda nos pre\u00e7os da gasolina, de 2,73%.\u00a0O IBGE destacou que a <strong>gasolina<\/strong> foi o item que teve o maior impacto individual, de -0,12 p.p, no indicador de janeiro.<\/p>\n<p>Em adendo, o relat\u00f3rio do <strong>IBGE<\/strong> ressaltou ainda que, \u00e0 exce\u00e7\u00e3o de Salvador,\u00a0que registrou alta de 2,38% na gasolina, os demais locais pesquisados obtiveram <strong>defla\u00e7\u00e3o<\/strong>.<\/p>\n<p>A mais intensa foi identifica em Fortaleza, com\u00a0-5,99%, enquanto a menos intensa foi em Goi\u00e2nia, com -1,38%.<\/p>\n<p>A descida nos pre\u00e7os m\u00e9dios do etanol e \u00f3leo diesel tamb\u00e9m contribu\u00edram para a varia\u00e7\u00e3o negativa dos transportes. O <strong>etanol<\/strong> caiu 1,17% no pre\u00e7o m\u00e9dio, enquanto o <strong>\u00f3leo diesel<\/strong> obteve queda de 3,43%.<\/p>\n<p>Outro ponto a ser ressaltado \u00e9 queda de 3,94% na m\u00e9dia de pre\u00e7os das passagens a\u00e9reas. Em dezembro, houve alta de\u00a029,61%.<\/p>\n<p><a href=\"https:\/\/www.suno.com.br\/noticias\/inflacao-classas-renda-alta-ipea\/\">Saiba mais &#8211;\u00a0Infla\u00e7\u00e3o em 2018 foi maior para classes de renda mais alta, segundo Ipea\u00a0<\/a><\/p>\n<h2>Apenas Curitiba tem defla\u00e7\u00e3o<\/h2>\n<p>Das regi\u00f5es apuradas pelo BC, <strong>Curitiba<\/strong> foi a \u00fanica capital a registrar <strong>defla\u00e7\u00e3o<\/strong> em janeiro. A varia\u00e7\u00e3o negativa da cidade paranaense foi puxada pelas quedas de 3,55% no pre\u00e7o da <strong>gasolina<\/strong> e de 1,9% na tarifa de energia el\u00e9trica.<\/p>\n<p>Em contrapartida, a regi\u00e3o metropolitana de <strong>Salvador<\/strong> apresentou a maior <strong>alta<\/strong>. A causa da ascens\u00e3o \u00e9, principalmente, os pre\u00e7os das <strong>frutas<\/strong> e das <strong>carnes<\/strong>. As primeiras subiram 10,10%, enquanto as prote\u00ednas tiveram reajuste de 4,60%.<\/p>\n<p>Confira abaixo as varia\u00e7\u00f5es por capital:<\/p>\n<ul>\n<li>Salvador: 0,80%<\/li>\n<li>Rio de Janeiro: 0,59%<\/li>\n<li>Belo Horizonte: 0,48%<\/li>\n<li>Bel\u00e9m: 0,39%<\/li>\n<li>Porto Alegre: 0,27%<\/li>\n<li>S\u00e3o Paulo: 0,21%<\/li>\n<li>Recife: 0,13%<\/li>\n<li>Goi\u00e2nia: 0,08%<\/li>\n<li>Bras\u00edlia: 0,07%<\/li>\n<li>Fortaleza: 0,04%<\/li>\n<li>Curitiba: -0,08%<\/li>\n<\/ul>\n<p>O IPCA-15 inclui no c\u00e1lculo as fam\u00edlias com rendimento de<strong> 1 a 40 sal\u00e1rios m\u00ednimos<\/strong>, residentes das <strong>regi\u00f5es metropolitanas<\/strong> do Rio de Janeiro, Porto Alegre, Belo Horizonte, Recife, S\u00e3o Paulo, Bel\u00e9m, Fortaleza, Salvador e Curitiba, al\u00e9m de Bras\u00edlia e Goi\u00e2nia.<\/p>\n<p>O c\u00e1lculo do<strong> IPCA-15<\/strong> foi feito com base nos pre\u00e7os\u00a0coletados no per\u00edodo de 13 de dezembro de 2018 a 15 de janeiro de 2019 (refer\u00eancia). Tais pre\u00e7os foram comparados com aqueles vigentes de 13 de novembro a 12 de dezembro de 2018 (base).<\/p>\n","protected":false},"excerpt":{"rendered":"<p>A pr\u00e9via da infla\u00e7\u00e3o oficial brasileira, o IPCA-15\u00a0 avan\u00e7ou 0,3% em janeiro ante o m\u00eas anterior. Em dezembro de 2018, houve defla\u00e7\u00e3o de 0,16%. Todavia, para janeiro, este foi o mais baixo patamar alcan\u00e7ado desde a implanta\u00e7\u00e3o do Plano Real, em 1994. IPC-S O \u00cdndice Nacional de Pre\u00e7os ao Consumidor Amplo (IPCA) \u00e9 divulgado mensalmente [&hellip;]<\/p>\n","protected":false},"author":12,"featured_media":8087,"comment_status":"closed","ping_status":"closed","sticky":false,"template":"","format":"standard","meta":[],"categories":[62],"tags":[966],"suno_strategy":[],"class_list":["post-12908","post","type-post","status-publish","format-standard","has-post-thumbnail","hentry","category-economia","tag-ipca"],"yoast_head":"<!-- This site is optimized with the Yoast SEO plugin v24.4 - https:\/\/yoast.com\/wordpress\/plugins\/seo\/ -->\n<title>Primeira pr\u00e9via da infla\u00e7\u00e3o do ano, IPCA-15 avan\u00e7ou 0,3% em janeiro<\/title>\n<meta name=\"description\" content=\"O IPCA-15, a pr\u00e9via da infla\u00e7\u00e3o oficial no Pa\u00eds, avan\u00e7ou 0,3% em janeiro, segundo o IBGE. Clique para saber mais.\" \/>\n<meta name=\"robots\" content=\"index, follow, max-snippet:-1, max-image-preview:large, max-video-preview:-1\" \/>\n<link rel=\"canonical\" href=\"https:\/\/www.suno.com.br\/noticias\/ipca-15-janeiro-2019\/\" \/>\n<meta property=\"og:locale\" content=\"pt_BR\" \/>\n<meta property=\"og:type\" content=\"article\" \/>\n<meta property=\"og:title\" content=\"Primeira pr\u00e9via da infla\u00e7\u00e3o do ano, IPCA-15 avan\u00e7ou 0,3% em janeiro\" \/>\n<meta property=\"og:description\" content=\"O IPCA-15, a pr\u00e9via da infla\u00e7\u00e3o oficial no Pa\u00eds, avan\u00e7ou 0,3% em janeiro, segundo o IBGE. Clique para saber mais.\" \/>\n<meta property=\"og:url\" content=\"https:\/\/www.suno.com.br\/noticias\/ipca-15-janeiro-2019\/\" \/>\n<meta property=\"og:site_name\" content=\"Suno Not\u00edcias\" \/>\n<meta property=\"article:publisher\" content=\"https:\/\/facebook.com\/sunoresearch\" \/>\n<meta property=\"og:image\" content=\"https:\/\/files.sunoresearch.com.br\/n\/uploads\/2018\/12\/46080589-defla\u00e7\u00e3o.jpg\" \/>\n\t<meta property=\"og:image:width\" content=\"2048\" \/>\n\t<meta property=\"og:image:height\" content=\"1536\" \/>\n\t<meta property=\"og:image:type\" content=\"image\/jpeg\" \/>\n<meta name=\"author\" content=\"Amanda Gushiken\" \/>\n<meta name=\"twitter:card\" content=\"summary_large_image\" \/>\n<meta name=\"twitter:creator\" content=\"@sunoresearch\" \/>\n<meta name=\"twitter:site\" content=\"@sunoresearch\" \/>\n<meta name=\"twitter:label1\" content=\"Escrito por\" \/>\n\t<meta name=\"twitter:data1\" content=\"Amanda Gushiken\" \/>\n\t<meta name=\"twitter:label2\" content=\"Est. tempo de leitura\" \/>\n\t<meta name=\"twitter:data2\" content=\"4 minutos\" \/>\n<script type=\"application\/ld+json\" class=\"yoast-schema-graph\">{\"@context\":\"https:\/\/schema.org\",\"@graph\":[{\"@type\":\"NewsArticle\",\"@id\":\"https:\/\/www.suno.com.br\/noticias\/ipca-15-janeiro-2019\/#article\",\"isPartOf\":{\"@id\":\"https:\/\/www.suno.com.br\/noticias\/ipca-15-janeiro-2019\/\"},\"author\":{\"name\":\"Amanda Gushiken\",\"@id\":\"https:\/\/www.suno.com.br\/noticias\/#\/schema\/person\/a5b06fa4e879d8e8e119c6ed3cd630d1\"},\"headline\":\"Primeira pr\u00e9via da infla\u00e7\u00e3o do ano, IPCA-15 avan\u00e7ou 0,3% em janeiro\",\"datePublished\":\"2019-01-24T13:10:54+00:00\",\"dateModified\":\"2019-01-24T13:48:12+00:00\",\"mainEntityOfPage\":{\"@id\":\"https:\/\/www.suno.com.br\/noticias\/ipca-15-janeiro-2019\/\"},\"wordCount\":713,\"publisher\":{\"@id\":\"https:\/\/www.suno.com.br\/noticias\/#organization\"},\"image\":{\"@id\":\"https:\/\/www.suno.com.br\/noticias\/ipca-15-janeiro-2019\/#primaryimage\"},\"thumbnailUrl\":\"https:\/\/files.sunoresearch.com.br\/n\/uploads\/2018\/12\/46080589-defla\u00e7\u00e3o-jpg.webp\",\"keywords\":[\"IPCA\"],\"articleSection\":[\"Economia\"],\"inLanguage\":\"pt-BR\"},{\"@type\":\"WebPage\",\"@id\":\"https:\/\/www.suno.com.br\/noticias\/ipca-15-janeiro-2019\/\",\"url\":\"https:\/\/www.suno.com.br\/noticias\/ipca-15-janeiro-2019\/\",\"name\":\"Primeira pr\u00e9via da infla\u00e7\u00e3o do ano, IPCA-15 avan\u00e7ou 0,3% em janeiro\",\"isPartOf\":{\"@id\":\"https:\/\/www.suno.com.br\/noticias\/#website\"},\"primaryImageOfPage\":{\"@id\":\"https:\/\/www.suno.com.br\/noticias\/ipca-15-janeiro-2019\/#primaryimage\"},\"image\":{\"@id\":\"https:\/\/www.suno.com.br\/noticias\/ipca-15-janeiro-2019\/#primaryimage\"},\"thumbnailUrl\":\"https:\/\/files.sunoresearch.com.br\/n\/uploads\/2018\/12\/46080589-defla\u00e7\u00e3o-jpg.webp\",\"datePublished\":\"2019-01-24T13:10:54+00:00\",\"dateModified\":\"2019-01-24T13:48:12+00:00\",\"description\":\"O IPCA-15, a pr\u00e9via da infla\u00e7\u00e3o oficial no Pa\u00eds, avan\u00e7ou 0,3% em janeiro, segundo o IBGE. Clique para saber mais.\",\"breadcrumb\":{\"@id\":\"https:\/\/www.suno.com.br\/noticias\/ipca-15-janeiro-2019\/#breadcrumb\"},\"inLanguage\":\"pt-BR\",\"potentialAction\":[{\"@type\":\"ReadAction\",\"target\":[\"https:\/\/www.suno.com.br\/noticias\/ipca-15-janeiro-2019\/\"]}]},{\"@type\":\"ImageObject\",\"inLanguage\":\"pt-BR\",\"@id\":\"https:\/\/www.suno.com.br\/noticias\/ipca-15-janeiro-2019\/#primaryimage\",\"url\":\"https:\/\/files.sunoresearch.com.br\/n\/uploads\/2018\/12\/46080589-defla\u00e7\u00e3o-jpg.webp\",\"contentUrl\":\"https:\/\/files.sunoresearch.com.br\/n\/uploads\/2018\/12\/46080589-defla\u00e7\u00e3o-jpg.webp\",\"width\":2048,\"height\":1536,\"caption\":\"IPC-S\"},{\"@type\":\"BreadcrumbList\",\"@id\":\"https:\/\/www.suno.com.br\/noticias\/ipca-15-janeiro-2019\/#breadcrumb\",\"itemListElement\":[{\"@type\":\"ListItem\",\"position\":1,\"name\":\"Not\u00edcias\",\"item\":\"https:\/\/www.suno.com.br\/noticias\/\"},{\"@type\":\"ListItem\",\"position\":2,\"name\":\"Economia\",\"item\":\"https:\/\/www.suno.com.br\/noticias\/economia\/\"},{\"@type\":\"ListItem\",\"position\":3,\"name\":\"Primeira pr\u00e9via da infla\u00e7\u00e3o do ano, IPCA-15 avan\u00e7ou 0,3% em janeiro\"}]},{\"@type\":\"WebSite\",\"@id\":\"https:\/\/www.suno.com.br\/noticias\/#website\",\"url\":\"https:\/\/www.suno.com.br\/noticias\/\",\"name\":\"Suno Not\u00edcias\",\"description\":\"Seu portal de informa\u00e7\u00e3o sobre o mundo dos investimentos\",\"publisher\":{\"@id\":\"https:\/\/www.suno.com.br\/noticias\/#organization\"},\"potentialAction\":[{\"@type\":\"SearchAction\",\"target\":{\"@type\":\"EntryPoint\",\"urlTemplate\":\"https:\/\/www.suno.com.br\/noticias\/?s={search_term_string}\"},\"query-input\":{\"@type\":\"PropertyValueSpecification\",\"valueRequired\":true,\"valueName\":\"search_term_string\"}}],\"inLanguage\":\"pt-BR\"},{\"@type\":\"Organization\",\"@id\":\"https:\/\/www.suno.com.br\/noticias\/#organization\",\"name\":\"Suno Not\u00edcias\",\"url\":\"https:\/\/www.suno.com.br\/noticias\/\",\"logo\":{\"@type\":\"ImageObject\",\"inLanguage\":\"pt-BR\",\"@id\":\"https:\/\/www.suno.com.br\/noticias\/#\/schema\/logo\/image\/\",\"url\":\"https:\/\/files.sunoresearch.com.br\/n\/uploads\/2021\/09\/suno-logo.png\",\"contentUrl\":\"https:\/\/files.sunoresearch.com.br\/n\/uploads\/2021\/09\/suno-logo.png\",\"width\":180,\"height\":180,\"caption\":\"Suno Not\u00edcias\"},\"image\":{\"@id\":\"https:\/\/www.suno.com.br\/noticias\/#\/schema\/logo\/image\/\"},\"sameAs\":[\"https:\/\/facebook.com\/sunoresearch\",\"https:\/\/x.com\/sunoresearch\",\"https:\/\/www.instagram.com\/suno\",\"https:\/\/www.linkedin.com\/company\/suno-research\/\",\"https:\/\/www.youtube.com\/c\/sunoresearch\"]},{\"@type\":\"Person\",\"@id\":\"https:\/\/www.suno.com.br\/noticias\/#\/schema\/person\/a5b06fa4e879d8e8e119c6ed3cd630d1\",\"name\":\"Amanda Gushiken\",\"image\":{\"@type\":\"ImageObject\",\"inLanguage\":\"pt-BR\",\"@id\":\"https:\/\/www.suno.com.br\/noticias\/#\/schema\/person\/image\/\",\"url\":\"https:\/\/secure.gravatar.com\/avatar\/ecd84705e6b65e3685ae80d725501fbe?s=96&r=g\",\"contentUrl\":\"https:\/\/secure.gravatar.com\/avatar\/ecd84705e6b65e3685ae80d725501fbe?s=96&r=g\",\"caption\":\"Amanda Gushiken\"},\"description\":\"Amanda Sayuri Gushiken escreve sobre finan\u00e7as e neg\u00f3cios para o portal Suno Not\u00edcias. Antes, trabalhou selecionando not\u00edcias da imprensa para clientes do mercado financeiro. Tamb\u00e9m desenvolveu pesquisa acad\u00eamica pela Universidade Anhembi Morumbi na \u00e1rea de Teorias da Comunica\u00e7\u00e3o e \u00e9 fot\u00f3grafa nas horas vagas.\",\"url\":\"https:\/\/www.suno.com.br\/noticias\/author\/amanda\/\"}]}<\/script>\n<!-- \/ Yoast SEO plugin. -->","yoast_head_json":{"title":"Primeira pr\u00e9via da infla\u00e7\u00e3o do ano, IPCA-15 avan\u00e7ou 0,3% em janeiro","description":"O IPCA-15, a pr\u00e9via da infla\u00e7\u00e3o oficial no Pa\u00eds, avan\u00e7ou 0,3% em janeiro, segundo o IBGE. Clique para saber mais.","robots":{"index":"index","follow":"follow","max-snippet":"max-snippet:-1","max-image-preview":"max-image-preview:large","max-video-preview":"max-video-preview:-1"},"canonical":"https:\/\/www.suno.com.br\/noticias\/ipca-15-janeiro-2019\/","og_locale":"pt_BR","og_type":"article","og_title":"Primeira pr\u00e9via da infla\u00e7\u00e3o do ano, IPCA-15 avan\u00e7ou 0,3% em janeiro","og_description":"O IPCA-15, a pr\u00e9via da infla\u00e7\u00e3o oficial no Pa\u00eds, avan\u00e7ou 0,3% em janeiro, segundo o IBGE. Clique para saber mais.","og_url":"https:\/\/www.suno.com.br\/noticias\/ipca-15-janeiro-2019\/","og_site_name":"Suno Not\u00edcias","article_publisher":"https:\/\/facebook.com\/sunoresearch","og_image":[{"width":2048,"height":1536,"url":"https:\/\/files.sunoresearch.com.br\/n\/uploads\/2018\/12\/46080589-defla\u00e7\u00e3o.jpg","type":"image\/jpeg"}],"author":"Amanda Gushiken","twitter_card":"summary_large_image","twitter_creator":"@sunoresearch","twitter_site":"@sunoresearch","twitter_misc":{"Escrito por":"Amanda Gushiken","Est. tempo de leitura":"4 minutos"},"schema":{"@context":"https:\/\/schema.org","@graph":[{"@type":"NewsArticle","@id":"https:\/\/www.suno.com.br\/noticias\/ipca-15-janeiro-2019\/#article","isPartOf":{"@id":"https:\/\/www.suno.com.br\/noticias\/ipca-15-janeiro-2019\/"},"author":{"name":"Amanda Gushiken","@id":"https:\/\/www.suno.com.br\/noticias\/#\/schema\/person\/a5b06fa4e879d8e8e119c6ed3cd630d1"},"headline":"Primeira pr\u00e9via da infla\u00e7\u00e3o do ano, IPCA-15 avan\u00e7ou 0,3% em janeiro","datePublished":"2019-01-24T13:10:54+00:00","dateModified":"2019-01-24T13:48:12+00:00","mainEntityOfPage":{"@id":"https:\/\/www.suno.com.br\/noticias\/ipca-15-janeiro-2019\/"},"wordCount":713,"publisher":{"@id":"https:\/\/www.suno.com.br\/noticias\/#organization"},"image":{"@id":"https:\/\/www.suno.com.br\/noticias\/ipca-15-janeiro-2019\/#primaryimage"},"thumbnailUrl":"https:\/\/files.sunoresearch.com.br\/n\/uploads\/2018\/12\/46080589-defla\u00e7\u00e3o-jpg.webp","keywords":["IPCA"],"articleSection":["Economia"],"inLanguage":"pt-BR"},{"@type":"WebPage","@id":"https:\/\/www.suno.com.br\/noticias\/ipca-15-janeiro-2019\/","url":"https:\/\/www.suno.com.br\/noticias\/ipca-15-janeiro-2019\/","name":"Primeira pr\u00e9via da infla\u00e7\u00e3o do ano, IPCA-15 avan\u00e7ou 0,3% em janeiro","isPartOf":{"@id":"https:\/\/www.suno.com.br\/noticias\/#website"},"primaryImageOfPage":{"@id":"https:\/\/www.suno.com.br\/noticias\/ipca-15-janeiro-2019\/#primaryimage"},"image":{"@id":"https:\/\/www.suno.com.br\/noticias\/ipca-15-janeiro-2019\/#primaryimage"},"thumbnailUrl":"https:\/\/files.sunoresearch.com.br\/n\/uploads\/2018\/12\/46080589-defla\u00e7\u00e3o-jpg.webp","datePublished":"2019-01-24T13:10:54+00:00","dateModified":"2019-01-24T13:48:12+00:00","description":"O IPCA-15, a pr\u00e9via da infla\u00e7\u00e3o oficial no Pa\u00eds, avan\u00e7ou 0,3% em janeiro, segundo o IBGE. Clique para saber mais.","breadcrumb":{"@id":"https:\/\/www.suno.com.br\/noticias\/ipca-15-janeiro-2019\/#breadcrumb"},"inLanguage":"pt-BR","potentialAction":[{"@type":"ReadAction","target":["https:\/\/www.suno.com.br\/noticias\/ipca-15-janeiro-2019\/"]}]},{"@type":"ImageObject","inLanguage":"pt-BR","@id":"https:\/\/www.suno.com.br\/noticias\/ipca-15-janeiro-2019\/#primaryimage","url":"https:\/\/files.sunoresearch.com.br\/n\/uploads\/2018\/12\/46080589-defla\u00e7\u00e3o-jpg.webp","contentUrl":"https:\/\/files.sunoresearch.com.br\/n\/uploads\/2018\/12\/46080589-defla\u00e7\u00e3o-jpg.webp","width":2048,"height":1536,"caption":"IPC-S"},{"@type":"BreadcrumbList","@id":"https:\/\/www.suno.com.br\/noticias\/ipca-15-janeiro-2019\/#breadcrumb","itemListElement":[{"@type":"ListItem","position":1,"name":"Not\u00edcias","item":"https:\/\/www.suno.com.br\/noticias\/"},{"@type":"ListItem","position":2,"name":"Economia","item":"https:\/\/www.suno.com.br\/noticias\/economia\/"},{"@type":"ListItem","position":3,"name":"Primeira pr\u00e9via da infla\u00e7\u00e3o do ano, IPCA-15 avan\u00e7ou 0,3% em janeiro"}]},{"@type":"WebSite","@id":"https:\/\/www.suno.com.br\/noticias\/#website","url":"https:\/\/www.suno.com.br\/noticias\/","name":"Suno Not\u00edcias","description":"Seu portal de informa\u00e7\u00e3o sobre o mundo dos investimentos","publisher":{"@id":"https:\/\/www.suno.com.br\/noticias\/#organization"},"potentialAction":[{"@type":"SearchAction","target":{"@type":"EntryPoint","urlTemplate":"https:\/\/www.suno.com.br\/noticias\/?s={search_term_string}"},"query-input":{"@type":"PropertyValueSpecification","valueRequired":true,"valueName":"search_term_string"}}],"inLanguage":"pt-BR"},{"@type":"Organization","@id":"https:\/\/www.suno.com.br\/noticias\/#organization","name":"Suno Not\u00edcias","url":"https:\/\/www.suno.com.br\/noticias\/","logo":{"@type":"ImageObject","inLanguage":"pt-BR","@id":"https:\/\/www.suno.com.br\/noticias\/#\/schema\/logo\/image\/","url":"https:\/\/files.sunoresearch.com.br\/n\/uploads\/2021\/09\/suno-logo.png","contentUrl":"https:\/\/files.sunoresearch.com.br\/n\/uploads\/2021\/09\/suno-logo.png","width":180,"height":180,"caption":"Suno Not\u00edcias"},"image":{"@id":"https:\/\/www.suno.com.br\/noticias\/#\/schema\/logo\/image\/"},"sameAs":["https:\/\/facebook.com\/sunoresearch","https:\/\/x.com\/sunoresearch","https:\/\/www.instagram.com\/suno","https:\/\/www.linkedin.com\/company\/suno-research\/","https:\/\/www.youtube.com\/c\/sunoresearch"]},{"@type":"Person","@id":"https:\/\/www.suno.com.br\/noticias\/#\/schema\/person\/a5b06fa4e879d8e8e119c6ed3cd630d1","name":"Amanda Gushiken","image":{"@type":"ImageObject","inLanguage":"pt-BR","@id":"https:\/\/www.suno.com.br\/noticias\/#\/schema\/person\/image\/","url":"https:\/\/secure.gravatar.com\/avatar\/ecd84705e6b65e3685ae80d725501fbe?s=96&r=g","contentUrl":"https:\/\/secure.gravatar.com\/avatar\/ecd84705e6b65e3685ae80d725501fbe?s=96&r=g","caption":"Amanda Gushiken"},"description":"Amanda Sayuri Gushiken escreve sobre finan\u00e7as e neg\u00f3cios para o portal Suno Not\u00edcias. Antes, trabalhou selecionando not\u00edcias da imprensa para clientes do mercado financeiro. Tamb\u00e9m desenvolveu pesquisa acad\u00eamica pela Universidade Anhembi Morumbi na \u00e1rea de Teorias da Comunica\u00e7\u00e3o e \u00e9 fot\u00f3grafa nas horas vagas.","url":"https:\/\/www.suno.com.br\/noticias\/author\/amanda\/"}]}},"default_loop_html":"<div class=\"cardsPage__listCard__boxs\"><div class=\"cardsPage__listCard__boxs__img\"><a href=\"https:\/\/www.suno.com.br\/noticias\/ipca-15-janeiro-2019\/\"><img class=\"mask\" src=\"https:\/\/www.suno.com.br\/noticias\/wp-content\/themes\/suno\/resources\/images\/spotlight\/spotlight1img\/bg-mask.png\" alt=\"Image Mask\"\/><img src=\"https:\/\/files.sunoresearch.com.br\/n\/uploads\/2018\/12\/46080589-defla\u00e7\u00e3o-400x200.webp\" alt=\"Primeira pr\u00e9via da infla\u00e7\u00e3o do ano, IPCA-15 avan\u00e7ou 0,3% em janeiro\"\/><\/a><span class=\"spotlightCategory\"><a href=\"https:\/\/www.suno.com.br\/noticias\/economia\/\">Economia<\/a><\/span><\/div><div class=\"cardsPage__listCard__boxs__content\"><a href=\"https:\/\/www.suno.com.br\/noticias\/ipca-15-janeiro-2019\/\"><h2 class=\"content__title\">Primeira pr\u00e9via da infla\u00e7\u00e3o do ano, IPCA-15 avan\u00e7ou 0,3% em janeiro<\/h2><\/a><div class=\"newsContent__article__meta\"><div class=\"newsContent__article__meta__authorBox\"><a href=\"https:\/\/www.suno.com.br\/noticias\/author\/amanda\/\" class=\"authorBox__avatar noMobi\"><img src=\"https:\/\/files.sunoresearch.com.br\/n\/uploads\/2018\/11\/c6ad30be-amanda-150x150.webp\" alt=\"Amanda Gushiken\"><\/a><div class=\"authorBox__name\"><span>por\n\t\t\t<a href=\"https:\/\/www.suno.com.br\/noticias\/author\/amanda\/\"><span itemprop=\"author\">Amanda Gushiken<\/span><\/a><\/span><time datetime=\"2019-01-24T11:10:54-02:00\" itemprop=\"datePublished\">24\/01\/2019 11:10<\/time><\/div><\/div><\/div><\/div><\/div>","single_layout":"posts","amp_enabled":true,"_links":{"self":[{"href":"https:\/\/www.suno.com.br\/noticias\/wp-json\/wp\/v2\/posts\/12908"}],"collection":[{"href":"https:\/\/www.suno.com.br\/noticias\/wp-json\/wp\/v2\/posts"}],"about":[{"href":"https:\/\/www.suno.com.br\/noticias\/wp-json\/wp\/v2\/types\/post"}],"author":[{"embeddable":true,"href":"https:\/\/www.suno.com.br\/noticias\/wp-json\/wp\/v2\/users\/12"}],"replies":[{"embeddable":true,"href":"https:\/\/www.suno.com.br\/noticias\/wp-json\/wp\/v2\/comments?post=12908"}],"version-history":[{"count":0,"href":"https:\/\/www.suno.com.br\/noticias\/wp-json\/wp\/v2\/posts\/12908\/revisions"}],"wp:featuredmedia":[{"embeddable":true,"href":"https:\/\/www.suno.com.br\/noticias\/wp-json\/wp\/v2\/media\/8087"}],"wp:attachment":[{"href":"https:\/\/www.suno.com.br\/noticias\/wp-json\/wp\/v2\/media?parent=12908"}],"wp:term":[{"taxonomy":"category","embeddable":true,"href":"https:\/\/www.suno.com.br\/noticias\/wp-json\/wp\/v2\/categories?post=12908"},{"taxonomy":"post_tag","embeddable":true,"href":"https:\/\/www.suno.com.br\/noticias\/wp-json\/wp\/v2\/tags?post=12908"},{"taxonomy":"suno_strategy","embeddable":true,"href":"https:\/\/www.suno.com.br\/noticias\/wp-json\/wp\/v2\/suno_strategy?post=12908"}],"curies":[{"name":"wp","href":"https:\/\/api.w.org\/{rel}","templated":true}]}}