{"id":12866,"date":"2019-01-24T08:35:11","date_gmt":"2019-01-24T10:35:11","guid":{"rendered":"https:\/\/www.suno.com.br\/noticias\/?p=12866"},"modified":"2019-01-24T14:44:34","modified_gmt":"2019-01-24T16:44:34","slug":"bolsonaro-lideres-mundiais-davos","status":"publish","type":"post","link":"https:\/\/www.suno.com.br\/noticias\/bolsonaro-lideres-mundiais-davos\/","title":{"rendered":"Jair Bolsonaro tem agenda de encontros com l\u00edderes mundiais em Davos"},"content":{"rendered":"<p>O presidente da Rep\u00fablica Jair Bolsonaro encontrou-se com <strong>l\u00edderes<\/strong> de variados pa\u00edses nesta quinta-feira (24). Os encontros ocorreram durante o <strong>F\u00f3rum Econ\u00f4mico Mundial<\/strong>, em Davos, na Su\u00ed\u00e7a.<\/p>\t<div class=\"wrapper-featured-image\">\n\t\t<figure class=\"spotlightImg\">\n\n\t\t\t<picture>\n\t\t\t\t<source media=\"(max-width: 768px)\" srcset=\"https:\/\/files.sunoresearch.com.br\/n\/uploads\/2019\/01\/6a3ac36b-jair-bolsonaro-400x200.webp\">\n\t\t\t\t<img loading=\"lazy\" decoding=\"async\" class=\"newsContent__article__imgCapa lazyloadDisabled newsContent__article__imgCapa--noCaption\" src=\"https:\/\/files.sunoresearch.com.br\/n\/uploads\/2019\/01\/6a3ac36b-jair-bolsonaro-800x450.webp\" width=\"800\" height=\"450\" alt=\"Jair Bolsonaro tem agenda de encontros com l\u00edderes mundiais em Davos\" fetchpriority=high \/>\n\t\t\t<\/picture>\n\n\t\t\t<figcaption class=\"wp-caption-text wp-caption-text--hide\">O Presidente da Rep\u00fablica, Jair Bolsonaro,durante reuni\u00e3o do Conselho Internacional de Neg\u00f3cios no  F\u00f3rum Econ\u00f4mico Mundial em Davos. (Ag\u00eancia Brasil)<\/figcaption>\n\t\t<\/figure>\n\t<\/div>\n\n\n<p>O presidente <strong>Bolsonaro<\/strong> est\u00e1 encontrando um grande n\u00famero de l\u00edderes da <a href=\"https:\/\/www.suno.com.br\/artigos\/uniao-europeia\/\">Uni\u00e3o Europeia<\/a> (UE). Mesmo de pa\u00edses menores, como da <strong>Rep\u00fablica Tcheca<\/strong>.<\/p>\n<p>Provavelmente, esta \u00e9 uma tentativa de fazer lobby para que a <strong>UE<\/strong> abra para as <strong>exporta\u00e7\u00f5es brasileiras<\/strong>.<\/p>\n<p>Fontes do governo italiano confirmaram ao SUNO Not\u00edcias que esse foi um pedido expl\u00edcito de Bolsonaro ao premi\u00ea Giuseppe Conte, durante o <strong>encontro bilateral<\/strong>.<\/p>\n<p>A abertura ao com\u00e9rcio internacional foi uma das promessas de campanha de Bolsonaro.<\/p>\n<p><a href=\"https:\/\/www.suno.com.br\/noticias\/bolsonaro-conte-reuniram-negociacoes-governo\/\">Saiba mais &#8211;\u00a0Bolsonaro e Conte falaram de aproxima\u00e7\u00e3o militar, diz fonte do governo\u00a0<\/a><\/p>\n<p>Dentre os l\u00edderes com os quais<strong> Jair Bolsonaro<\/strong>\u00a0j\u00e1 dialogou est\u00e3o:<\/p>\n<ul>\n<li>primeiro-ministro dos <strong>Pa\u00edses Baixos<\/strong>, Mark Rutte;<\/li>\n<li>primeiro-ministro da <strong>Rep\u00fablica Tcheca<\/strong>, Andrej Babis.<\/li>\n<\/ul>\n<p>Abaixo, confira a <strong>agenda<\/strong> do presidente para esta quinta-feira de acordo com o hor\u00e1rio local (a Su\u00ed\u00e7a conta com tr\u00eas horas adiantadas em rela\u00e7\u00e3o ao Brasil):<\/p>\n<ul>\n<li>8h45: Reuni\u00e3o Bilateral com o Primeiro-Ministro dos Pa\u00edses Baixos, Mark Rutte no Hotel Seehof.<\/li>\n<li>9h30: Reuni\u00e3o Bilateral com o Primeiro-Ministro da Rep\u00fablica Tcheca, Andrej Babis no Hotel Seehof.<\/li>\n<li>10h30: Reuni\u00e3o Bilateral com o Presidente da Pol\u00f4nia, Andrzej Duda no Hotel Seehof.<\/li>\n<li>11h20: Reuni\u00e3o Bilateral com o Presidente da Ucr\u00e2nia, Petro Poroshenko no Centro de Conven\u00e7\u00f5es.<\/li>\n<li>12h00: Almo\u00e7o de trabalho \u201cO Mundo na Era da Globaliza\u00e7\u00e3o 4.0\u201d no Centro de Conven\u00e7\u00f5es.<\/li>\n<li>14h00: Reuni\u00e3o Bilateral com o Presidente da \u00c1frica do Sul, Cyril Ramaphosa no Hotel Seehof.<\/li>\n<li>14h30: Reuni\u00e3o Bilateral com o Presidente da Col\u00f4mbia, Ivan Duque no Hotel Seehof.<\/li>\n<\/ul>\n<p>*Hor\u00e1rio a confirmar: Partida de Zurique<\/p>\n<p><a href=\"https:\/\/www.suno.com.br\/noticias\/reforma-previdencia-congresso-guedes\/\">Saiba mais &#8211;\u00a0Guedes: Reforma da Previd\u00eancia deve ir ao Congresso semana que vem\u00a0<\/a><\/p>\n<h2>Pa\u00edses baixos<\/h2>\n<p>O primeiro-ministro dos <strong>Pa\u00edses Baixos<\/strong>, Mark Rutte, parabenizou o presidente da Rep\u00fablica, Jair Bolsonaro, pela vit\u00f3ria nas <strong>elei\u00e7\u00f5es<\/strong> e disse que compartilha da vis\u00e3o brasileira de abertura da economia.<\/p>\n<p>Os dois l\u00edderes se comprometeram na parceria de <strong>unir<\/strong> o desenvolvimento econ\u00f4mico com preserva\u00e7\u00e3o do meio ambiente.<\/p>\n<p>Jair Bolsonaro falou da prioridade do governo em transformar o Brasil um pa\u00eds descomplicado de se fazer <strong>neg\u00f3cios<\/strong>, al\u00e9m de promover o equil\u00edbrio da economia local.<\/p>\n<p>\u201cA esperan\u00e7a do povo \u00e9 que levemos o Brasil ao lugar de destaque que merece, e isso passa por boas parcerias internacionais\u201d, disse o presidente.<\/p>\n<p><strong>Bolsonaro<\/strong> destacou ainda sobre a reforma no Estado, com escolhas t\u00e9cnicas de ministros e menos minist\u00e9rios, al\u00e9m de contar com o apoio do Congresso Nacional brasileiro para promover as mudan\u00e7as necess\u00e1rias para o Pa\u00eds.<\/p>\n<p><a href=\"https:\/\/www.suno.com.br\/noticias\/jair-bolsonaro-flavio-vai-ter-que-pagar\/\">Saiba mais &#8211; \u201cVai ter que pagar\u201d afirma Jair Bolsonaro sobre seu filho Fl\u00e1vio<\/a><\/p>\n<p><a href=\"https:\/\/www.suno.com.br\/noticias\/caso-flavio-bolsonaro-crise-governo\/\">Saiba mais &#8211;\u00a0Caso Fl\u00e1vio Bolsonaro n\u00e3o \u00e9 crise de governo, diz fonte em Davos\u00a0<\/a><\/p>\n<h2>Rep\u00fablica Tcheca<\/h2>\n<p>Durante encontro entre o presidente da Rep\u00fablica, Jair Bolsonaro, e o primeiro-ministro da <strong>Rep\u00fablica Tcheca<\/strong>, Andrej Babis, os dois l\u00edderes concordaram em ter um maior controle sobre as regras de <strong>imigra\u00e7\u00e3o<\/strong> para respeitar as particularidades de cada pa\u00eds.<\/p>\n<p>O presidente brasileiro classificou sua ida a Davos essencial para mostrar ao mundo que o Pa\u00eds est\u00e1 mudando.<\/p>\n<p>Disse que Brasil e Rep\u00fablica Tcheca possuem pol\u00edticas parecidas e pretende aprofundar a <strong>amizade<\/strong> e consolidar o com\u00e9rcio entre os pa\u00edses, al\u00e9m de desenvolver parecerias em tecnologia e intelig\u00eancia artificial.<\/p>\n<p><a href=\"https:\/\/www.suno.com.br\/noticias\/davos-discurso-bolsonaro-nao-entusiasma\/\">Saiba mais &#8211;\u00a0Davos: discurso de Bolsonaro n\u00e3o entusiasma na abertura do F\u00f3rum\u00a0<\/a><\/p>\n<p>J\u00e1 Andrej Babis parabenizou o presidente <strong>Jair Bolsonaro<\/strong> pela vit\u00f3ria nas <strong>elei\u00e7\u00f5es<\/strong> e o convidou para visitar a Rep\u00fablica Tcheca. O primeiro-ministro pretende abrir di\u00e1logo para aumentar os investimentos de ambos os lados.<\/p>\n<h2>\u00c1frica do Sul<\/h2>\n<p>Em reuni\u00e3o bilateral,\u00a0<strong>Jair Bolsonaro<\/strong>\u00a0e o presidente da <strong>\u00c1frica do Sul<\/strong>, <strong>Cyril Ramaphosa<\/strong>, reafirmaram a inten\u00e7\u00e3o de aumentar a parceria entre os dois pa\u00edses, tanto no \u00e2mbito do <strong>Brics<\/strong> quanto bilateralmente.<\/p>\n<p><strong>Bolsonaro<\/strong> destacou as medidas econ\u00f4micas que ser\u00e3o tomadas pelo governo brasileiro e que deixar\u00e3o o Pa\u00eds mais aberto e competitivo para parcerias comerciais.<\/p>\n<p>Os l\u00edderes v\u00e3o buscar tamb\u00e9m coopera\u00e7\u00f5es para enfrentar desafios comuns aos dois pa\u00edses, como desemprego e desigualdade social.<\/p>\n<p>O sul-africano disse n\u00e3o ter d\u00favidas de que encontrar\u00e1 transforma\u00e7\u00f5es em curso no Brasil, quando for ao Pa\u00eds para a C\u00fapula do <strong>Brics<\/strong>, em que a lideran\u00e7a do bloco ser\u00e1 repassada para <strong>Bolsonaro<\/strong>.<\/p>\n<h2>Col\u00f4mbia<\/h2>\n<p><strong>Bolsonaro<\/strong> se reuniu com o presidente da Col\u00f4mbia, <strong>Iv\u00e1n Duque<\/strong>, e declarou apoio ao pa\u00eds vizinho no combate ao terrorismo, em refer\u00eancia ao atentado que matou 21 pessoas em Bogot\u00e1 na semana passada.<\/p>\n<p>Os dois l\u00edderes destacaram tamb\u00e9m a import\u00e2ncia da coopera\u00e7\u00e3o entre os pa\u00edses para garantir a seguran\u00e7a na fronteira e na Amaz\u00f4nia.<\/p>\n","protected":false},"excerpt":{"rendered":"<p>O presidente da Rep\u00fablica Jair Bolsonaro encontrou-se com l\u00edderes de variados pa\u00edses nesta quinta-feira (24). Os encontros ocorreram durante o F\u00f3rum Econ\u00f4mico Mundial, em Davos, na Su\u00ed\u00e7a. O Presidente da Rep\u00fablica, Jair Bolsonaro,durante reuni\u00e3o do Conselho Internacional de Neg\u00f3cios no F\u00f3rum Econ\u00f4mico Mundial em Davos. (Ag\u00eancia Brasil) O presidente Bolsonaro est\u00e1 encontrando um grande n\u00famero [&hellip;]<\/p>\n","protected":false},"author":9,"featured_media":12868,"comment_status":"closed","ping_status":"closed","sticky":false,"template":"","format":"standard","meta":[],"categories":[63],"tags":[972,961,719],"suno_strategy":[],"class_list":["post-12866","post","type-post","status-publish","format-standard","has-post-thumbnail","hentry","category-internacional","tag-davos","tag-forum-economico-mundial","tag-jair-bolsonaro"],"yoast_head":"<!-- This site is optimized with the Yoast SEO plugin v24.4 - https:\/\/yoast.com\/wordpress\/plugins\/seo\/ -->\n<title>Jair Bolsonaro tem agenda de encontros com l\u00edderes mundiais em Davos<\/title>\n<meta name=\"description\" content=\"O presidente Jair Bolsonaro encontrou-se com l\u00edderes mundiais, em Davos, nesta quinta-feira (24). Clique para saber mais.\" \/>\n<meta name=\"robots\" content=\"index, follow, max-snippet:-1, max-image-preview:large, max-video-preview:-1\" \/>\n<link rel=\"canonical\" href=\"https:\/\/www.suno.com.br\/noticias\/bolsonaro-lideres-mundiais-davos\/\" \/>\n<meta property=\"og:locale\" content=\"pt_BR\" \/>\n<meta property=\"og:type\" content=\"article\" \/>\n<meta property=\"og:title\" content=\"Jair Bolsonaro tem agenda de encontros com l\u00edderes mundiais em Davos\" \/>\n<meta property=\"og:description\" content=\"O presidente Jair Bolsonaro encontrou-se com l\u00edderes mundiais, em Davos, nesta quinta-feira (24). Clique para saber mais.\" \/>\n<meta property=\"og:url\" content=\"https:\/\/www.suno.com.br\/noticias\/bolsonaro-lideres-mundiais-davos\/\" \/>\n<meta property=\"og:site_name\" content=\"Suno Not\u00edcias\" \/>\n<meta property=\"article:publisher\" content=\"https:\/\/facebook.com\/sunoresearch\" \/>\n<meta property=\"og:image\" content=\"https:\/\/files.sunoresearch.com.br\/n\/uploads\/2019\/01\/6a3ac36b-jair-bolsonaro.jpg\" \/>\n\t<meta property=\"og:image:width\" content=\"1140\" \/>\n\t<meta property=\"og:image:height\" content=\"760\" \/>\n\t<meta property=\"og:image:type\" content=\"image\/jpeg\" \/>\n<meta name=\"author\" content=\"Carlo Cauti\" \/>\n<meta name=\"twitter:card\" content=\"summary_large_image\" \/>\n<meta name=\"twitter:creator\" content=\"@sunoresearch\" \/>\n<meta name=\"twitter:site\" content=\"@sunoresearch\" \/>\n<meta name=\"twitter:label1\" content=\"Escrito por\" \/>\n\t<meta name=\"twitter:data1\" content=\"Carlo Cauti\" \/>\n\t<meta name=\"twitter:label2\" content=\"Est. tempo de leitura\" \/>\n\t<meta name=\"twitter:data2\" content=\"4 minutos\" \/>\n<script type=\"application\/ld+json\" class=\"yoast-schema-graph\">{\"@context\":\"https:\/\/schema.org\",\"@graph\":[{\"@type\":\"NewsArticle\",\"@id\":\"https:\/\/www.suno.com.br\/noticias\/bolsonaro-lideres-mundiais-davos\/#article\",\"isPartOf\":{\"@id\":\"https:\/\/www.suno.com.br\/noticias\/bolsonaro-lideres-mundiais-davos\/\"},\"author\":{\"name\":\"Carlo Cauti\",\"@id\":\"https:\/\/www.suno.com.br\/noticias\/#\/schema\/person\/e6e0f723cc177805027f4566c1d5e0c8\"},\"headline\":\"Jair Bolsonaro tem agenda de encontros com l\u00edderes mundiais em Davos\",\"datePublished\":\"2019-01-24T10:35:11+00:00\",\"dateModified\":\"2019-01-24T16:44:34+00:00\",\"mainEntityOfPage\":{\"@id\":\"https:\/\/www.suno.com.br\/noticias\/bolsonaro-lideres-mundiais-davos\/\"},\"wordCount\":863,\"publisher\":{\"@id\":\"https:\/\/www.suno.com.br\/noticias\/#organization\"},\"image\":{\"@id\":\"https:\/\/www.suno.com.br\/noticias\/bolsonaro-lideres-mundiais-davos\/#primaryimage\"},\"thumbnailUrl\":\"https:\/\/files.sunoresearch.com.br\/n\/uploads\/2019\/01\/6a3ac36b-jair-bolsonaro-jpg.webp\",\"keywords\":[\"Davos\",\"F\u00f3rum Econ\u00f4mico Mundial\",\"Jair Bolsonaro\"],\"articleSection\":[\"Internacional\"],\"inLanguage\":\"pt-BR\"},{\"@type\":\"WebPage\",\"@id\":\"https:\/\/www.suno.com.br\/noticias\/bolsonaro-lideres-mundiais-davos\/\",\"url\":\"https:\/\/www.suno.com.br\/noticias\/bolsonaro-lideres-mundiais-davos\/\",\"name\":\"Jair Bolsonaro tem agenda de encontros com l\u00edderes mundiais em Davos\",\"isPartOf\":{\"@id\":\"https:\/\/www.suno.com.br\/noticias\/#website\"},\"primaryImageOfPage\":{\"@id\":\"https:\/\/www.suno.com.br\/noticias\/bolsonaro-lideres-mundiais-davos\/#primaryimage\"},\"image\":{\"@id\":\"https:\/\/www.suno.com.br\/noticias\/bolsonaro-lideres-mundiais-davos\/#primaryimage\"},\"thumbnailUrl\":\"https:\/\/files.sunoresearch.com.br\/n\/uploads\/2019\/01\/6a3ac36b-jair-bolsonaro-jpg.webp\",\"datePublished\":\"2019-01-24T10:35:11+00:00\",\"dateModified\":\"2019-01-24T16:44:34+00:00\",\"description\":\"O presidente Jair Bolsonaro encontrou-se com l\u00edderes mundiais, em Davos, nesta quinta-feira (24). Clique para saber mais.\",\"breadcrumb\":{\"@id\":\"https:\/\/www.suno.com.br\/noticias\/bolsonaro-lideres-mundiais-davos\/#breadcrumb\"},\"inLanguage\":\"pt-BR\",\"potentialAction\":[{\"@type\":\"ReadAction\",\"target\":[\"https:\/\/www.suno.com.br\/noticias\/bolsonaro-lideres-mundiais-davos\/\"]}]},{\"@type\":\"ImageObject\",\"inLanguage\":\"pt-BR\",\"@id\":\"https:\/\/www.suno.com.br\/noticias\/bolsonaro-lideres-mundiais-davos\/#primaryimage\",\"url\":\"https:\/\/files.sunoresearch.com.br\/n\/uploads\/2019\/01\/6a3ac36b-jair-bolsonaro-jpg.webp\",\"contentUrl\":\"https:\/\/files.sunoresearch.com.br\/n\/uploads\/2019\/01\/6a3ac36b-jair-bolsonaro-jpg.webp\",\"width\":1140,\"height\":760,\"caption\":\"O Presidente da Rep\u00fablica, Jair Bolsonaro,durante reuni\u00e3o do Conselho Internacional de Neg\u00f3cios no F\u00f3rum Econ\u00f4mico Mundial em Davos. (Ag\u00eancia Brasil)\"},{\"@type\":\"BreadcrumbList\",\"@id\":\"https:\/\/www.suno.com.br\/noticias\/bolsonaro-lideres-mundiais-davos\/#breadcrumb\",\"itemListElement\":[{\"@type\":\"ListItem\",\"position\":1,\"name\":\"Not\u00edcias\",\"item\":\"https:\/\/www.suno.com.br\/noticias\/\"},{\"@type\":\"ListItem\",\"position\":2,\"name\":\"Internacional\",\"item\":\"https:\/\/www.suno.com.br\/noticias\/internacional\/\"},{\"@type\":\"ListItem\",\"position\":3,\"name\":\"Jair Bolsonaro tem agenda de encontros com l\u00edderes mundiais em Davos\"}]},{\"@type\":\"WebSite\",\"@id\":\"https:\/\/www.suno.com.br\/noticias\/#website\",\"url\":\"https:\/\/www.suno.com.br\/noticias\/\",\"name\":\"Suno Not\u00edcias\",\"description\":\"Seu portal de informa\u00e7\u00e3o sobre o mundo dos investimentos\",\"publisher\":{\"@id\":\"https:\/\/www.suno.com.br\/noticias\/#organization\"},\"potentialAction\":[{\"@type\":\"SearchAction\",\"target\":{\"@type\":\"EntryPoint\",\"urlTemplate\":\"https:\/\/www.suno.com.br\/noticias\/?s={search_term_string}\"},\"query-input\":{\"@type\":\"PropertyValueSpecification\",\"valueRequired\":true,\"valueName\":\"search_term_string\"}}],\"inLanguage\":\"pt-BR\"},{\"@type\":\"Organization\",\"@id\":\"https:\/\/www.suno.com.br\/noticias\/#organization\",\"name\":\"Suno Not\u00edcias\",\"url\":\"https:\/\/www.suno.com.br\/noticias\/\",\"logo\":{\"@type\":\"ImageObject\",\"inLanguage\":\"pt-BR\",\"@id\":\"https:\/\/www.suno.com.br\/noticias\/#\/schema\/logo\/image\/\",\"url\":\"https:\/\/files.sunoresearch.com.br\/n\/uploads\/2021\/09\/suno-logo.png\",\"contentUrl\":\"https:\/\/files.sunoresearch.com.br\/n\/uploads\/2021\/09\/suno-logo.png\",\"width\":180,\"height\":180,\"caption\":\"Suno Not\u00edcias\"},\"image\":{\"@id\":\"https:\/\/www.suno.com.br\/noticias\/#\/schema\/logo\/image\/\"},\"sameAs\":[\"https:\/\/facebook.com\/sunoresearch\",\"https:\/\/x.com\/sunoresearch\",\"https:\/\/www.instagram.com\/suno\",\"https:\/\/www.linkedin.com\/company\/suno-research\/\",\"https:\/\/www.youtube.com\/c\/sunoresearch\"]},{\"@type\":\"Person\",\"@id\":\"https:\/\/www.suno.com.br\/noticias\/#\/schema\/person\/e6e0f723cc177805027f4566c1d5e0c8\",\"name\":\"Carlo Cauti\",\"image\":{\"@type\":\"ImageObject\",\"inLanguage\":\"pt-BR\",\"@id\":\"https:\/\/www.suno.com.br\/noticias\/#\/schema\/person\/image\/\",\"url\":\"https:\/\/secure.gravatar.com\/avatar\/3ada9e0bd164c23abd4792a9606d583c?s=96&r=g\",\"contentUrl\":\"https:\/\/secure.gravatar.com\/avatar\/3ada9e0bd164c23abd4792a9606d583c?s=96&r=g\",\"caption\":\"Carlo Cauti\"},\"description\":\"Editor multim\u00eddia do SUNO Not\u00edcias. Italiano, formado em Ci\u00eancias Pol\u00edticas pela universidade LUISS G. Carli de Roma e mestre cum laude em Rela\u00e7\u00f5es Internacionais, Jornalismo Internacional e de Guerra e em Economia Internacional. Concluiu tamb\u00e9m um MBA em Finan\u00e7as na B3. No Brasil, teve passagem por ve\u00edculos como Estad\u00e3o, Globo, Veja e EXAME. e nas ag\u00eancias de not\u00edcias italianas ANSA e NOVA.\",\"url\":\"https:\/\/www.suno.com.br\/noticias\/author\/carlo-cauti\/\"}]}<\/script>\n<!-- \/ Yoast SEO plugin. -->","yoast_head_json":{"title":"Jair Bolsonaro tem agenda de encontros com l\u00edderes mundiais em Davos","description":"O presidente Jair Bolsonaro encontrou-se com l\u00edderes mundiais, em Davos, nesta quinta-feira (24). Clique para saber mais.","robots":{"index":"index","follow":"follow","max-snippet":"max-snippet:-1","max-image-preview":"max-image-preview:large","max-video-preview":"max-video-preview:-1"},"canonical":"https:\/\/www.suno.com.br\/noticias\/bolsonaro-lideres-mundiais-davos\/","og_locale":"pt_BR","og_type":"article","og_title":"Jair Bolsonaro tem agenda de encontros com l\u00edderes mundiais em Davos","og_description":"O presidente Jair Bolsonaro encontrou-se com l\u00edderes mundiais, em Davos, nesta quinta-feira (24). Clique para saber mais.","og_url":"https:\/\/www.suno.com.br\/noticias\/bolsonaro-lideres-mundiais-davos\/","og_site_name":"Suno Not\u00edcias","article_publisher":"https:\/\/facebook.com\/sunoresearch","og_image":[{"width":1140,"height":760,"url":"https:\/\/files.sunoresearch.com.br\/n\/uploads\/2019\/01\/6a3ac36b-jair-bolsonaro.jpg","type":"image\/jpeg"}],"author":"Carlo Cauti","twitter_card":"summary_large_image","twitter_creator":"@sunoresearch","twitter_site":"@sunoresearch","twitter_misc":{"Escrito por":"Carlo Cauti","Est. tempo de leitura":"4 minutos"},"schema":{"@context":"https:\/\/schema.org","@graph":[{"@type":"NewsArticle","@id":"https:\/\/www.suno.com.br\/noticias\/bolsonaro-lideres-mundiais-davos\/#article","isPartOf":{"@id":"https:\/\/www.suno.com.br\/noticias\/bolsonaro-lideres-mundiais-davos\/"},"author":{"name":"Carlo Cauti","@id":"https:\/\/www.suno.com.br\/noticias\/#\/schema\/person\/e6e0f723cc177805027f4566c1d5e0c8"},"headline":"Jair Bolsonaro tem agenda de encontros com l\u00edderes mundiais em Davos","datePublished":"2019-01-24T10:35:11+00:00","dateModified":"2019-01-24T16:44:34+00:00","mainEntityOfPage":{"@id":"https:\/\/www.suno.com.br\/noticias\/bolsonaro-lideres-mundiais-davos\/"},"wordCount":863,"publisher":{"@id":"https:\/\/www.suno.com.br\/noticias\/#organization"},"image":{"@id":"https:\/\/www.suno.com.br\/noticias\/bolsonaro-lideres-mundiais-davos\/#primaryimage"},"thumbnailUrl":"https:\/\/files.sunoresearch.com.br\/n\/uploads\/2019\/01\/6a3ac36b-jair-bolsonaro-jpg.webp","keywords":["Davos","F\u00f3rum Econ\u00f4mico Mundial","Jair Bolsonaro"],"articleSection":["Internacional"],"inLanguage":"pt-BR"},{"@type":"WebPage","@id":"https:\/\/www.suno.com.br\/noticias\/bolsonaro-lideres-mundiais-davos\/","url":"https:\/\/www.suno.com.br\/noticias\/bolsonaro-lideres-mundiais-davos\/","name":"Jair Bolsonaro tem agenda de encontros com l\u00edderes mundiais em Davos","isPartOf":{"@id":"https:\/\/www.suno.com.br\/noticias\/#website"},"primaryImageOfPage":{"@id":"https:\/\/www.suno.com.br\/noticias\/bolsonaro-lideres-mundiais-davos\/#primaryimage"},"image":{"@id":"https:\/\/www.suno.com.br\/noticias\/bolsonaro-lideres-mundiais-davos\/#primaryimage"},"thumbnailUrl":"https:\/\/files.sunoresearch.com.br\/n\/uploads\/2019\/01\/6a3ac36b-jair-bolsonaro-jpg.webp","datePublished":"2019-01-24T10:35:11+00:00","dateModified":"2019-01-24T16:44:34+00:00","description":"O presidente Jair Bolsonaro encontrou-se com l\u00edderes mundiais, em Davos, nesta quinta-feira (24). Clique para saber mais.","breadcrumb":{"@id":"https:\/\/www.suno.com.br\/noticias\/bolsonaro-lideres-mundiais-davos\/#breadcrumb"},"inLanguage":"pt-BR","potentialAction":[{"@type":"ReadAction","target":["https:\/\/www.suno.com.br\/noticias\/bolsonaro-lideres-mundiais-davos\/"]}]},{"@type":"ImageObject","inLanguage":"pt-BR","@id":"https:\/\/www.suno.com.br\/noticias\/bolsonaro-lideres-mundiais-davos\/#primaryimage","url":"https:\/\/files.sunoresearch.com.br\/n\/uploads\/2019\/01\/6a3ac36b-jair-bolsonaro-jpg.webp","contentUrl":"https:\/\/files.sunoresearch.com.br\/n\/uploads\/2019\/01\/6a3ac36b-jair-bolsonaro-jpg.webp","width":1140,"height":760,"caption":"O Presidente da Rep\u00fablica, Jair Bolsonaro,durante reuni\u00e3o do Conselho Internacional de Neg\u00f3cios no F\u00f3rum Econ\u00f4mico Mundial em Davos. (Ag\u00eancia Brasil)"},{"@type":"BreadcrumbList","@id":"https:\/\/www.suno.com.br\/noticias\/bolsonaro-lideres-mundiais-davos\/#breadcrumb","itemListElement":[{"@type":"ListItem","position":1,"name":"Not\u00edcias","item":"https:\/\/www.suno.com.br\/noticias\/"},{"@type":"ListItem","position":2,"name":"Internacional","item":"https:\/\/www.suno.com.br\/noticias\/internacional\/"},{"@type":"ListItem","position":3,"name":"Jair Bolsonaro tem agenda de encontros com l\u00edderes mundiais em Davos"}]},{"@type":"WebSite","@id":"https:\/\/www.suno.com.br\/noticias\/#website","url":"https:\/\/www.suno.com.br\/noticias\/","name":"Suno Not\u00edcias","description":"Seu portal de informa\u00e7\u00e3o sobre o mundo dos investimentos","publisher":{"@id":"https:\/\/www.suno.com.br\/noticias\/#organization"},"potentialAction":[{"@type":"SearchAction","target":{"@type":"EntryPoint","urlTemplate":"https:\/\/www.suno.com.br\/noticias\/?s={search_term_string}"},"query-input":{"@type":"PropertyValueSpecification","valueRequired":true,"valueName":"search_term_string"}}],"inLanguage":"pt-BR"},{"@type":"Organization","@id":"https:\/\/www.suno.com.br\/noticias\/#organization","name":"Suno Not\u00edcias","url":"https:\/\/www.suno.com.br\/noticias\/","logo":{"@type":"ImageObject","inLanguage":"pt-BR","@id":"https:\/\/www.suno.com.br\/noticias\/#\/schema\/logo\/image\/","url":"https:\/\/files.sunoresearch.com.br\/n\/uploads\/2021\/09\/suno-logo.png","contentUrl":"https:\/\/files.sunoresearch.com.br\/n\/uploads\/2021\/09\/suno-logo.png","width":180,"height":180,"caption":"Suno Not\u00edcias"},"image":{"@id":"https:\/\/www.suno.com.br\/noticias\/#\/schema\/logo\/image\/"},"sameAs":["https:\/\/facebook.com\/sunoresearch","https:\/\/x.com\/sunoresearch","https:\/\/www.instagram.com\/suno","https:\/\/www.linkedin.com\/company\/suno-research\/","https:\/\/www.youtube.com\/c\/sunoresearch"]},{"@type":"Person","@id":"https:\/\/www.suno.com.br\/noticias\/#\/schema\/person\/e6e0f723cc177805027f4566c1d5e0c8","name":"Carlo Cauti","image":{"@type":"ImageObject","inLanguage":"pt-BR","@id":"https:\/\/www.suno.com.br\/noticias\/#\/schema\/person\/image\/","url":"https:\/\/secure.gravatar.com\/avatar\/3ada9e0bd164c23abd4792a9606d583c?s=96&r=g","contentUrl":"https:\/\/secure.gravatar.com\/avatar\/3ada9e0bd164c23abd4792a9606d583c?s=96&r=g","caption":"Carlo Cauti"},"description":"Editor multim\u00eddia do SUNO Not\u00edcias. Italiano, formado em Ci\u00eancias Pol\u00edticas pela universidade LUISS G. Carli de Roma e mestre cum laude em Rela\u00e7\u00f5es Internacionais, Jornalismo Internacional e de Guerra e em Economia Internacional. Concluiu tamb\u00e9m um MBA em Finan\u00e7as na B3. No Brasil, teve passagem por ve\u00edculos como Estad\u00e3o, Globo, Veja e EXAME. e nas ag\u00eancias de not\u00edcias italianas ANSA e NOVA.","url":"https:\/\/www.suno.com.br\/noticias\/author\/carlo-cauti\/"}]}},"default_loop_html":"<div class=\"cardsPage__listCard__boxs\"><div class=\"cardsPage__listCard__boxs__img\"><a href=\"https:\/\/www.suno.com.br\/noticias\/bolsonaro-lideres-mundiais-davos\/\"><img class=\"mask\" src=\"https:\/\/www.suno.com.br\/noticias\/wp-content\/themes\/suno\/resources\/images\/spotlight\/spotlight1img\/bg-mask.png\" alt=\"Image Mask\"\/><img src=\"https:\/\/files.sunoresearch.com.br\/n\/uploads\/2019\/01\/6a3ac36b-jair-bolsonaro-400x200.webp\" alt=\"Jair Bolsonaro tem agenda de encontros com l\u00edderes mundiais em Davos\"\/><\/a><span class=\"spotlightCategory\"><a href=\"https:\/\/www.suno.com.br\/noticias\/internacional\/\">Internacional<\/a><\/span><\/div><div class=\"cardsPage__listCard__boxs__content\"><a href=\"https:\/\/www.suno.com.br\/noticias\/bolsonaro-lideres-mundiais-davos\/\"><h2 class=\"content__title\">Jair Bolsonaro tem agenda de encontros com l\u00edderes mundiais em Davos<\/h2><\/a><div class=\"newsContent__article__meta\"><div class=\"newsContent__article__meta__authorBox\"><a href=\"https:\/\/www.suno.com.br\/noticias\/author\/carlo-cauti\/\" class=\"authorBox__avatar noMobi\"><img src=\"https:\/\/files.sunoresearch.com.br\/n\/uploads\/2020\/08\/e3745f9a-perfil-carlo-cauti-150x150.webp\" alt=\"Carlo Cauti\"><\/a><div class=\"authorBox__name\"><span>por\n\t\t\t<a href=\"https:\/\/www.suno.com.br\/noticias\/author\/carlo-cauti\/\"><span itemprop=\"author\">Carlo Cauti<\/span><\/a><\/span><time datetime=\"2019-01-24T08:35:11-02:00\" itemprop=\"datePublished\">24\/01\/2019 08:35<\/time><\/div><\/div><\/div><\/div><\/div>","single_layout":"posts","amp_enabled":true,"_links":{"self":[{"href":"https:\/\/www.suno.com.br\/noticias\/wp-json\/wp\/v2\/posts\/12866"}],"collection":[{"href":"https:\/\/www.suno.com.br\/noticias\/wp-json\/wp\/v2\/posts"}],"about":[{"href":"https:\/\/www.suno.com.br\/noticias\/wp-json\/wp\/v2\/types\/post"}],"author":[{"embeddable":true,"href":"https:\/\/www.suno.com.br\/noticias\/wp-json\/wp\/v2\/users\/9"}],"replies":[{"embeddable":true,"href":"https:\/\/www.suno.com.br\/noticias\/wp-json\/wp\/v2\/comments?post=12866"}],"version-history":[{"count":0,"href":"https:\/\/www.suno.com.br\/noticias\/wp-json\/wp\/v2\/posts\/12866\/revisions"}],"wp:featuredmedia":[{"embeddable":true,"href":"https:\/\/www.suno.com.br\/noticias\/wp-json\/wp\/v2\/media\/12868"}],"wp:attachment":[{"href":"https:\/\/www.suno.com.br\/noticias\/wp-json\/wp\/v2\/media?parent=12866"}],"wp:term":[{"taxonomy":"category","embeddable":true,"href":"https:\/\/www.suno.com.br\/noticias\/wp-json\/wp\/v2\/categories?post=12866"},{"taxonomy":"post_tag","embeddable":true,"href":"https:\/\/www.suno.com.br\/noticias\/wp-json\/wp\/v2\/tags?post=12866"},{"taxonomy":"suno_strategy","embeddable":true,"href":"https:\/\/www.suno.com.br\/noticias\/wp-json\/wp\/v2\/suno_strategy?post=12866"}],"curies":[{"name":"wp","href":"https:\/\/api.w.org\/{rel}","templated":true}]}}