{"id":128639,"date":"2021-03-04T08:19:06","date_gmt":"2021-03-04T11:19:06","guid":{"rendered":"https:\/\/www.suno.com.br\/noticias\/?p=128639"},"modified":"2021-05-10T14:03:32","modified_gmt":"2021-05-10T17:03:32","slug":"smiles-smls3-convoca-assembleia-incorporacao-a-gol-goll4","status":"publish","type":"post","link":"https:\/\/www.suno.com.br\/noticias\/smiles-smls3-convoca-assembleia-incorporacao-a-gol-goll4\/","title":{"rendered":"Smiles (SMLS3) convoca assembleia e prop\u00f5e pauta sobre incorpora\u00e7\u00e3o \u00e0 Gol (GOLL4)"},"content":{"rendered":"<p>A administra\u00e7\u00e3o da <a href=\"https:\/\/www.suno.com.br\/acoes\/smls3\/\"><strong>Smiles<\/strong> (SMLS3)<\/a> convocou na noite desta quarta-feira (3) os acionistas a participarem de uma assembleia geral extraordin\u00e1ria no dia 15 de mar\u00e7o para decidirem sobre os termos da incorpora\u00e7\u00e3o \u00e0 <a href=\"https:\/\/www.suno.com.br\/acoes\/goll4\/\">Gol (GOLL4)<\/a>, tamb\u00e9m apresentados no documento.<\/p>\t<div class=\"wrapper-featured-image\">\n\t\t<figure class=\"spotlightImg\">\n\n\t\t\t<picture>\n\t\t\t\t<source media=\"(max-width: 768px)\" srcset=\"https:\/\/files.sunoresearch.com.br\/n\/uploads\/2021\/03\/5614b256-smiles-400x200.webp\">\n\t\t\t\t<img loading=\"lazy\" decoding=\"async\" class=\"newsContent__article__imgCapa lazyloadDisabled \" src=\"https:\/\/files.sunoresearch.com.br\/n\/uploads\/2021\/03\/5614b256-smiles-800x450.webp\" width=\"800\" height=\"450\" alt=\"Smiles (SMLS3) convoca assembleia e prop\u00f5e pauta sobre incorpora\u00e7\u00e3o \u00e0 Gol (GOLL4)\" fetchpriority=high \/>\n\t\t\t<\/picture>\n\n\t\t\t<figcaption class=\"wp-caption-text wp-caption-text--show\">Smiles (SMLS3). programa de fidelidade da Gol (GOLL4). Foto: Divulga\u00e7\u00e3o.<\/figcaption>\n\t\t<\/figure>\n\t<\/div>\n\n\n<p><span style=\"font-weight: 400;\">\t<p>\n\t\t<a href=\"https:\/\/lp.suno.com.br\/planilha-controle-gastos\/\" target=\"_blank\" data-element=\"shortcode-suno-banner\" title=\"Banner SUNO, clique e saiba mais\">\n\t\t\t<picture>\n\t\t\t\t<source media=\"(max-width: 500px)\" srcset=\"https:\/\/files.sunoresearch.com.br\/n\/uploads\/2023\/03\/400x300-Planilha-controle-de-gastos.png\">\n\t\t\t\t<img class=\"newsContent__article__imgCapa newsContent__article__imgCapa--banner\"\n\t\t\t\t\tsrc=\"https:\/\/files.sunoresearch.com.br\/n\/uploads\/2023\/03\/1420x240-Planilha-controle-de-gastos.png\"\n\t\t\t\t\tdata-promo-id=\"101751\"\t\t\t\t\t\t\t\t\t\twidth='1420' height='240'\t\t\t\t\talt=\"https:\/\/files.sunoresearch.com.br\/n\/uploads\/2023\/03\/1420x240-Planilha-controle-de-gastos.png\"\n\t\t\t\t>\n\t\t\t<\/picture>\n\t\t<\/a>\n\t<\/p>\n\n<\/span><\/p>\n<p>Na assembleia, os acionistas dever\u00e3o avaliar o protocolo e a proposta de reorganiza\u00e7\u00e3o apresentada pela companhia a\u00e9rea. No caso de esta ser aceita, ter\u00e3o de aprovar a sa\u00edda da Smiles do<strong> Novo Mercado<\/strong> da B3 e sua incorpora\u00e7\u00e3o \u00e0 GLA, uma empresa que ser\u00e1 criada no processo para manter as a\u00e7\u00f5es da companhia de pontos de fidelidade que, posteriormente, ser\u00e1 anexada \u00e0 <strong>Gol<\/strong> como subsidi\u00e1ria.<\/p>\n<p>A oferta da Gol para os acionistas da Smiles d\u00e1 tr\u00eas op\u00e7\u00f5es. Os acionistas da empresa de milhas poder\u00e3o aceitar duas propostas que envolvem a\u00e7\u00e3o e dinheiro e outra que envolve apenas a\u00e7\u00e3o por cada papel da Smiles:<\/p>\n<ul>\n<li>R$ 4,46 e 0,66 a\u00e7\u00e3o da Gol<\/li>\n<li>R$ 17,86 e 0,165 a\u00e7\u00e3o da Gol<\/li>\n<li>0,825 a\u00e7\u00e3o da Gol<\/li>\n<\/ul>\n<p><a href=\"https:\/\/lp.suno.com.br\/suno-one\/?ppp=noticias\/hospital-care-pedido-ipo-cvm\/\"><b>Suno One: acesse gratuitamente eBooks, Minicursos, Artigos e V\u00eddeo Aulas sobre investimentos com um \u00fanico cadastro. Clique para saber mais!<\/b><\/a><\/p>\n<p>O laudo de avalia\u00e7\u00e3o de patrim\u00f4nio utilizado para elaborar a oferta foi realizado no fim de setembro do ano passado. Esta, como um todo, considera o pagamento de R$ 22,32 por cada papel, dilu\u00eddo de diferentes formas.<\/p>\n<h2>A\u00e7\u00f5es da Smiles valorizaram desde avalia\u00e7\u00e3o de patrim\u00f4nio<\/h2>\n<p>Desde a avalia\u00e7\u00e3o, entretanto, as a\u00e7\u00f5es da Smiles valorizaram mais de 40% na B3, e as da Gol apenas 14%. O documento afirma que a companhia a\u00e9rea pode, de forma unilateral, aumentar o valor do resgate oferecido aos acionistas da Smiles.<\/p>\n<p><span style=\"font-weight: 400;\">\t<p>\n\t\t<a href=\"https:\/\/lp.suno.com.br\/planilha-da-vida-financeira\/\" target=\"_blank\" data-element=\"shortcode-suno-banner\" title=\"Banner SUNO, clique e saiba mais\">\n\t\t\t<picture>\n\t\t\t\t<source media=\"(max-width: 500px)\" srcset=\"https:\/\/files.sunoresearch.com.br\/n\/uploads\/2023\/04\/400x300-Planilha-vida-financeira-true.png\">\n\t\t\t\t<img class=\"newsContent__article__imgCapa newsContent__article__imgCapa--banner\"\n\t\t\t\t\tsrc=\"https:\/\/files.sunoresearch.com.br\/n\/uploads\/2023\/04\/1420x240-Planilha-vida-financeira-true.png\"\n\t\t\t\t\tdata-promo-id=\"106682\"\t\t\t\t\t\t\t\t\t\twidth='1420' height='240'\t\t\t\t\talt=\"https:\/\/files.sunoresearch.com.br\/n\/uploads\/2023\/04\/1420x240-Planilha-vida-financeira-true.png\"\n\t\t\t\t>\n\t\t\t<\/picture>\n\t\t<\/a>\n\t<\/p>\n\n<\/span><\/p>\n<p>Os administradores da Smiles j\u00e1 aceitaram a incorpora\u00e7\u00e3o, pontuando que a reorganiza\u00e7\u00e3o recomendada pela Gol tem como objetivos assegurar a competitividade da empresa de milhas no longo prazo, bem aprimorar a governan\u00e7a, integrar totalmente os resultados financeiros, refor\u00e7ar a estrutura capital da companhia a\u00e9rea e encontrar sinergias.<\/p>\n<p>A Gol possui 52% das a\u00e7\u00f5es da Smiles. Com isso, possui poder suficiente para aprovar a reestrutura\u00e7\u00e3o em assembleia. Os acionistas minorit\u00e1rios da empresa de milhas v\u00eam se movimentando para frear a incorpora\u00e7\u00e3o, afirmando que ela s\u00f3 \u00e9 vantajosa para a empresa a\u00e9rea, chegando at\u00e9 a entrar na justi\u00e7a tentando impedir o voto da Gol na assembleia.<\/p>\n<p><span style=\"font-weight: 400;\">\t<p>\n\t\t<a href=\"https:\/\/lp.suno.com.br\/planilha-de-controle-de-investimentos\/\" target=\"_blank\" data-element=\"shortcode-suno-banner\" title=\"Banner SUNO, clique e saiba mais\">\n\t\t\t<picture>\n\t\t\t\t<source media=\"(max-width: 500px)\" srcset=\"https:\/\/files.sunoresearch.com.br\/n\/uploads\/2023\/03\/400x300-Controle-de-Investimentos.png\">\n\t\t\t\t<img class=\"newsContent__article__imgCapa newsContent__article__imgCapa--banner\"\n\t\t\t\t\tsrc=\"https:\/\/files.sunoresearch.com.br\/n\/uploads\/2023\/03\/1420x240-Controle-de-Investimentos.png\"\n\t\t\t\t\tdata-promo-id=\"75934\"\t\t\t\t\t\t\t\t\t\twidth='1420' height='240'\t\t\t\t\talt=\"https:\/\/files.sunoresearch.com.br\/n\/uploads\/2023\/03\/1420x240-Controle-de-Investimentos.png\"\n\t\t\t\t>\n\t\t\t<\/picture>\n\t\t<\/a>\n\t<\/p>\n\n<\/span><\/p>\n","protected":false},"excerpt":{"rendered":"<p>A administra\u00e7\u00e3o da Smiles (SMLS3) convocou na noite desta quarta-feira (3) os acionistas a participarem de uma assembleia geral extraordin\u00e1ria no dia 15 de mar\u00e7o para decidirem sobre os termos da incorpora\u00e7\u00e3o \u00e0 Gol (GOLL4), tamb\u00e9m apresentados no documento. Smiles (SMLS3). programa de fidelidade da Gol (GOLL4). Foto: Divulga\u00e7\u00e3o. Na assembleia, os acionistas dever\u00e3o avaliar [&hellip;]<\/p>\n","protected":false},"author":59,"featured_media":128669,"comment_status":"closed","ping_status":"closed","sticky":false,"template":"","format":"standard","meta":[],"categories":[64],"tags":[17221,489,637],"suno_strategy":[],"class_list":["post-128639","post","type-post","status-publish","format-standard","has-post-thumbnail","hentry","category-negocios","tag-assembleia-geral","tag-gol-linhas-aereas-goll11-goll4","tag-smiles-smls3"],"yoast_head":"<!-- This site is optimized with the Yoast SEO plugin v24.4 - https:\/\/yoast.com\/wordpress\/plugins\/seo\/ -->\n<title>Smiles (SMLS3) convoca assembleia sobre incorpora\u00e7\u00e3o \u00e0 Gol (GOLL4)<\/title>\n<meta name=\"description\" content=\"A Smiles convocou assembleia geral para que os acionistas deliberem sobre a incorpora\u00e7\u00e3o \u00e0 Gol. Clique aqui para saber mais.\" \/>\n<meta name=\"robots\" content=\"index, follow, max-snippet:-1, max-image-preview:large, max-video-preview:-1\" \/>\n<link rel=\"canonical\" href=\"https:\/\/www.suno.com.br\/noticias\/smiles-smls3-convoca-assembleia-incorporacao-a-gol-goll4\/\" \/>\n<meta property=\"og:locale\" content=\"pt_BR\" \/>\n<meta property=\"og:type\" content=\"article\" \/>\n<meta property=\"og:title\" content=\"Smiles (SMLS3) convoca assembleia sobre incorpora\u00e7\u00e3o \u00e0 Gol (GOLL4)\" \/>\n<meta property=\"og:description\" content=\"A Smiles convocou assembleia geral para que os acionistas deliberem sobre a incorpora\u00e7\u00e3o \u00e0 Gol. Clique aqui para saber mais.\" \/>\n<meta property=\"og:url\" content=\"https:\/\/www.suno.com.br\/noticias\/smiles-smls3-convoca-assembleia-incorporacao-a-gol-goll4\/\" \/>\n<meta property=\"og:site_name\" content=\"Suno Not\u00edcias\" \/>\n<meta property=\"article:publisher\" content=\"https:\/\/facebook.com\/sunoresearch\" \/>\n<meta property=\"og:image\" content=\"https:\/\/files.sunoresearch.com.br\/n\/uploads\/2021\/03\/5614b256-smiles.jpg\" \/>\n\t<meta property=\"og:image:width\" content=\"1024\" \/>\n\t<meta property=\"og:image:height\" content=\"682\" \/>\n\t<meta property=\"og:image:type\" content=\"image\/jpeg\" \/>\n<meta name=\"author\" content=\"Vitor Azevedo\" \/>\n<meta name=\"twitter:card\" content=\"summary_large_image\" \/>\n<meta name=\"twitter:creator\" content=\"@sunoresearch\" \/>\n<meta name=\"twitter:site\" content=\"@sunoresearch\" \/>\n<meta name=\"twitter:label1\" content=\"Escrito por\" \/>\n\t<meta name=\"twitter:data1\" content=\"Vitor Azevedo\" \/>\n\t<meta name=\"twitter:label2\" content=\"Est. tempo de leitura\" \/>\n\t<meta name=\"twitter:data2\" content=\"2 minutos\" \/>\n<script type=\"application\/ld+json\" class=\"yoast-schema-graph\">{\"@context\":\"https:\/\/schema.org\",\"@graph\":[{\"@type\":\"NewsArticle\",\"@id\":\"https:\/\/www.suno.com.br\/noticias\/smiles-smls3-convoca-assembleia-incorporacao-a-gol-goll4\/#article\",\"isPartOf\":{\"@id\":\"https:\/\/www.suno.com.br\/noticias\/smiles-smls3-convoca-assembleia-incorporacao-a-gol-goll4\/\"},\"author\":{\"name\":\"Vitor Azevedo\",\"@id\":\"https:\/\/www.suno.com.br\/noticias\/#\/schema\/person\/658d5fbc74d81f265f5df3562d0038ab\"},\"headline\":\"Smiles (SMLS3) convoca assembleia e prop\u00f5e pauta sobre incorpora\u00e7\u00e3o \u00e0 Gol (GOLL4)\",\"datePublished\":\"2021-03-04T11:19:06+00:00\",\"dateModified\":\"2021-05-10T17:03:32+00:00\",\"mainEntityOfPage\":{\"@id\":\"https:\/\/www.suno.com.br\/noticias\/smiles-smls3-convoca-assembleia-incorporacao-a-gol-goll4\/\"},\"wordCount\":420,\"publisher\":{\"@id\":\"https:\/\/www.suno.com.br\/noticias\/#organization\"},\"image\":{\"@id\":\"https:\/\/www.suno.com.br\/noticias\/smiles-smls3-convoca-assembleia-incorporacao-a-gol-goll4\/#primaryimage\"},\"thumbnailUrl\":\"https:\/\/files.sunoresearch.com.br\/n\/uploads\/2021\/03\/5614b256-smiles-jpg.webp\",\"keywords\":[\"Assembleia Geral\",\"Gol Linhas A\u00e9reas (GOLL11\/GOLL4)\",\"Smiles (SMLS3)\"],\"articleSection\":[\"Neg\u00f3cios\"],\"inLanguage\":\"pt-BR\"},{\"@type\":\"WebPage\",\"@id\":\"https:\/\/www.suno.com.br\/noticias\/smiles-smls3-convoca-assembleia-incorporacao-a-gol-goll4\/\",\"url\":\"https:\/\/www.suno.com.br\/noticias\/smiles-smls3-convoca-assembleia-incorporacao-a-gol-goll4\/\",\"name\":\"Smiles (SMLS3) convoca assembleia sobre incorpora\u00e7\u00e3o \u00e0 Gol (GOLL4)\",\"isPartOf\":{\"@id\":\"https:\/\/www.suno.com.br\/noticias\/#website\"},\"primaryImageOfPage\":{\"@id\":\"https:\/\/www.suno.com.br\/noticias\/smiles-smls3-convoca-assembleia-incorporacao-a-gol-goll4\/#primaryimage\"},\"image\":{\"@id\":\"https:\/\/www.suno.com.br\/noticias\/smiles-smls3-convoca-assembleia-incorporacao-a-gol-goll4\/#primaryimage\"},\"thumbnailUrl\":\"https:\/\/files.sunoresearch.com.br\/n\/uploads\/2021\/03\/5614b256-smiles-jpg.webp\",\"datePublished\":\"2021-03-04T11:19:06+00:00\",\"dateModified\":\"2021-05-10T17:03:32+00:00\",\"description\":\"A Smiles convocou assembleia geral para que os acionistas deliberem sobre a incorpora\u00e7\u00e3o \u00e0 Gol. Clique aqui para saber mais.\",\"breadcrumb\":{\"@id\":\"https:\/\/www.suno.com.br\/noticias\/smiles-smls3-convoca-assembleia-incorporacao-a-gol-goll4\/#breadcrumb\"},\"inLanguage\":\"pt-BR\",\"potentialAction\":[{\"@type\":\"ReadAction\",\"target\":[\"https:\/\/www.suno.com.br\/noticias\/smiles-smls3-convoca-assembleia-incorporacao-a-gol-goll4\/\"]}]},{\"@type\":\"ImageObject\",\"inLanguage\":\"pt-BR\",\"@id\":\"https:\/\/www.suno.com.br\/noticias\/smiles-smls3-convoca-assembleia-incorporacao-a-gol-goll4\/#primaryimage\",\"url\":\"https:\/\/files.sunoresearch.com.br\/n\/uploads\/2021\/03\/5614b256-smiles-jpg.webp\",\"contentUrl\":\"https:\/\/files.sunoresearch.com.br\/n\/uploads\/2021\/03\/5614b256-smiles-jpg.webp\",\"width\":1024,\"height\":682,\"caption\":\"Smiles (SMLS3). programa de fidelidade da Gol (GOLL4). Foto: Divulga\u00e7\u00e3o.\"},{\"@type\":\"BreadcrumbList\",\"@id\":\"https:\/\/www.suno.com.br\/noticias\/smiles-smls3-convoca-assembleia-incorporacao-a-gol-goll4\/#breadcrumb\",\"itemListElement\":[{\"@type\":\"ListItem\",\"position\":1,\"name\":\"Not\u00edcias\",\"item\":\"https:\/\/www.suno.com.br\/noticias\/\"},{\"@type\":\"ListItem\",\"position\":2,\"name\":\"Neg\u00f3cios\",\"item\":\"https:\/\/www.suno.com.br\/noticias\/negocios\/\"},{\"@type\":\"ListItem\",\"position\":3,\"name\":\"Smiles (SMLS3) convoca assembleia e prop\u00f5e pauta sobre incorpora\u00e7\u00e3o \u00e0 Gol (GOLL4)\"}]},{\"@type\":\"WebSite\",\"@id\":\"https:\/\/www.suno.com.br\/noticias\/#website\",\"url\":\"https:\/\/www.suno.com.br\/noticias\/\",\"name\":\"Suno Not\u00edcias\",\"description\":\"Seu portal de informa\u00e7\u00e3o sobre o mundo dos investimentos\",\"publisher\":{\"@id\":\"https:\/\/www.suno.com.br\/noticias\/#organization\"},\"potentialAction\":[{\"@type\":\"SearchAction\",\"target\":{\"@type\":\"EntryPoint\",\"urlTemplate\":\"https:\/\/www.suno.com.br\/noticias\/?s={search_term_string}\"},\"query-input\":{\"@type\":\"PropertyValueSpecification\",\"valueRequired\":true,\"valueName\":\"search_term_string\"}}],\"inLanguage\":\"pt-BR\"},{\"@type\":\"Organization\",\"@id\":\"https:\/\/www.suno.com.br\/noticias\/#organization\",\"name\":\"Suno Not\u00edcias\",\"url\":\"https:\/\/www.suno.com.br\/noticias\/\",\"logo\":{\"@type\":\"ImageObject\",\"inLanguage\":\"pt-BR\",\"@id\":\"https:\/\/www.suno.com.br\/noticias\/#\/schema\/logo\/image\/\",\"url\":\"https:\/\/files.sunoresearch.com.br\/n\/uploads\/2021\/09\/suno-logo.png\",\"contentUrl\":\"https:\/\/files.sunoresearch.com.br\/n\/uploads\/2021\/09\/suno-logo.png\",\"width\":180,\"height\":180,\"caption\":\"Suno Not\u00edcias\"},\"image\":{\"@id\":\"https:\/\/www.suno.com.br\/noticias\/#\/schema\/logo\/image\/\"},\"sameAs\":[\"https:\/\/facebook.com\/sunoresearch\",\"https:\/\/x.com\/sunoresearch\",\"https:\/\/www.instagram.com\/suno\",\"https:\/\/www.linkedin.com\/company\/suno-research\/\",\"https:\/\/www.youtube.com\/c\/sunoresearch\"]},{\"@type\":\"Person\",\"@id\":\"https:\/\/www.suno.com.br\/noticias\/#\/schema\/person\/658d5fbc74d81f265f5df3562d0038ab\",\"name\":\"Vitor Azevedo\",\"image\":{\"@type\":\"ImageObject\",\"inLanguage\":\"pt-BR\",\"@id\":\"https:\/\/www.suno.com.br\/noticias\/#\/schema\/person\/image\/\",\"url\":\"https:\/\/secure.gravatar.com\/avatar\/62b86195291b446fe380824eb28b99a5?s=96&r=g\",\"contentUrl\":\"https:\/\/secure.gravatar.com\/avatar\/62b86195291b446fe380824eb28b99a5?s=96&r=g\",\"caption\":\"Vitor Azevedo\"},\"description\":\"Formado em jornalismo pela Unesp, escreve sobre economia e neg\u00f3cios para a Suno Not\u00edcias.\",\"url\":\"https:\/\/www.suno.com.br\/noticias\/author\/vitor-azevedo\/\"}]}<\/script>\n<!-- \/ Yoast SEO plugin. -->","yoast_head_json":{"title":"Smiles (SMLS3) convoca assembleia sobre incorpora\u00e7\u00e3o \u00e0 Gol (GOLL4)","description":"A Smiles convocou assembleia geral para que os acionistas deliberem sobre a incorpora\u00e7\u00e3o \u00e0 Gol. Clique aqui para saber mais.","robots":{"index":"index","follow":"follow","max-snippet":"max-snippet:-1","max-image-preview":"max-image-preview:large","max-video-preview":"max-video-preview:-1"},"canonical":"https:\/\/www.suno.com.br\/noticias\/smiles-smls3-convoca-assembleia-incorporacao-a-gol-goll4\/","og_locale":"pt_BR","og_type":"article","og_title":"Smiles (SMLS3) convoca assembleia sobre incorpora\u00e7\u00e3o \u00e0 Gol (GOLL4)","og_description":"A Smiles convocou assembleia geral para que os acionistas deliberem sobre a incorpora\u00e7\u00e3o \u00e0 Gol. Clique aqui para saber mais.","og_url":"https:\/\/www.suno.com.br\/noticias\/smiles-smls3-convoca-assembleia-incorporacao-a-gol-goll4\/","og_site_name":"Suno Not\u00edcias","article_publisher":"https:\/\/facebook.com\/sunoresearch","og_image":[{"width":1024,"height":682,"url":"https:\/\/files.sunoresearch.com.br\/n\/uploads\/2021\/03\/5614b256-smiles.jpg","type":"image\/jpeg"}],"author":"Vitor Azevedo","twitter_card":"summary_large_image","twitter_creator":"@sunoresearch","twitter_site":"@sunoresearch","twitter_misc":{"Escrito por":"Vitor Azevedo","Est. tempo de leitura":"2 minutos"},"schema":{"@context":"https:\/\/schema.org","@graph":[{"@type":"NewsArticle","@id":"https:\/\/www.suno.com.br\/noticias\/smiles-smls3-convoca-assembleia-incorporacao-a-gol-goll4\/#article","isPartOf":{"@id":"https:\/\/www.suno.com.br\/noticias\/smiles-smls3-convoca-assembleia-incorporacao-a-gol-goll4\/"},"author":{"name":"Vitor Azevedo","@id":"https:\/\/www.suno.com.br\/noticias\/#\/schema\/person\/658d5fbc74d81f265f5df3562d0038ab"},"headline":"Smiles (SMLS3) convoca assembleia e prop\u00f5e pauta sobre incorpora\u00e7\u00e3o \u00e0 Gol (GOLL4)","datePublished":"2021-03-04T11:19:06+00:00","dateModified":"2021-05-10T17:03:32+00:00","mainEntityOfPage":{"@id":"https:\/\/www.suno.com.br\/noticias\/smiles-smls3-convoca-assembleia-incorporacao-a-gol-goll4\/"},"wordCount":420,"publisher":{"@id":"https:\/\/www.suno.com.br\/noticias\/#organization"},"image":{"@id":"https:\/\/www.suno.com.br\/noticias\/smiles-smls3-convoca-assembleia-incorporacao-a-gol-goll4\/#primaryimage"},"thumbnailUrl":"https:\/\/files.sunoresearch.com.br\/n\/uploads\/2021\/03\/5614b256-smiles-jpg.webp","keywords":["Assembleia Geral","Gol Linhas A\u00e9reas (GOLL11\/GOLL4)","Smiles (SMLS3)"],"articleSection":["Neg\u00f3cios"],"inLanguage":"pt-BR"},{"@type":"WebPage","@id":"https:\/\/www.suno.com.br\/noticias\/smiles-smls3-convoca-assembleia-incorporacao-a-gol-goll4\/","url":"https:\/\/www.suno.com.br\/noticias\/smiles-smls3-convoca-assembleia-incorporacao-a-gol-goll4\/","name":"Smiles (SMLS3) convoca assembleia sobre incorpora\u00e7\u00e3o \u00e0 Gol (GOLL4)","isPartOf":{"@id":"https:\/\/www.suno.com.br\/noticias\/#website"},"primaryImageOfPage":{"@id":"https:\/\/www.suno.com.br\/noticias\/smiles-smls3-convoca-assembleia-incorporacao-a-gol-goll4\/#primaryimage"},"image":{"@id":"https:\/\/www.suno.com.br\/noticias\/smiles-smls3-convoca-assembleia-incorporacao-a-gol-goll4\/#primaryimage"},"thumbnailUrl":"https:\/\/files.sunoresearch.com.br\/n\/uploads\/2021\/03\/5614b256-smiles-jpg.webp","datePublished":"2021-03-04T11:19:06+00:00","dateModified":"2021-05-10T17:03:32+00:00","description":"A Smiles convocou assembleia geral para que os acionistas deliberem sobre a incorpora\u00e7\u00e3o \u00e0 Gol. Clique aqui para saber mais.","breadcrumb":{"@id":"https:\/\/www.suno.com.br\/noticias\/smiles-smls3-convoca-assembleia-incorporacao-a-gol-goll4\/#breadcrumb"},"inLanguage":"pt-BR","potentialAction":[{"@type":"ReadAction","target":["https:\/\/www.suno.com.br\/noticias\/smiles-smls3-convoca-assembleia-incorporacao-a-gol-goll4\/"]}]},{"@type":"ImageObject","inLanguage":"pt-BR","@id":"https:\/\/www.suno.com.br\/noticias\/smiles-smls3-convoca-assembleia-incorporacao-a-gol-goll4\/#primaryimage","url":"https:\/\/files.sunoresearch.com.br\/n\/uploads\/2021\/03\/5614b256-smiles-jpg.webp","contentUrl":"https:\/\/files.sunoresearch.com.br\/n\/uploads\/2021\/03\/5614b256-smiles-jpg.webp","width":1024,"height":682,"caption":"Smiles (SMLS3). programa de fidelidade da Gol (GOLL4). Foto: Divulga\u00e7\u00e3o."},{"@type":"BreadcrumbList","@id":"https:\/\/www.suno.com.br\/noticias\/smiles-smls3-convoca-assembleia-incorporacao-a-gol-goll4\/#breadcrumb","itemListElement":[{"@type":"ListItem","position":1,"name":"Not\u00edcias","item":"https:\/\/www.suno.com.br\/noticias\/"},{"@type":"ListItem","position":2,"name":"Neg\u00f3cios","item":"https:\/\/www.suno.com.br\/noticias\/negocios\/"},{"@type":"ListItem","position":3,"name":"Smiles (SMLS3) convoca assembleia e prop\u00f5e pauta sobre incorpora\u00e7\u00e3o \u00e0 Gol (GOLL4)"}]},{"@type":"WebSite","@id":"https:\/\/www.suno.com.br\/noticias\/#website","url":"https:\/\/www.suno.com.br\/noticias\/","name":"Suno Not\u00edcias","description":"Seu portal de informa\u00e7\u00e3o sobre o mundo dos investimentos","publisher":{"@id":"https:\/\/www.suno.com.br\/noticias\/#organization"},"potentialAction":[{"@type":"SearchAction","target":{"@type":"EntryPoint","urlTemplate":"https:\/\/www.suno.com.br\/noticias\/?s={search_term_string}"},"query-input":{"@type":"PropertyValueSpecification","valueRequired":true,"valueName":"search_term_string"}}],"inLanguage":"pt-BR"},{"@type":"Organization","@id":"https:\/\/www.suno.com.br\/noticias\/#organization","name":"Suno Not\u00edcias","url":"https:\/\/www.suno.com.br\/noticias\/","logo":{"@type":"ImageObject","inLanguage":"pt-BR","@id":"https:\/\/www.suno.com.br\/noticias\/#\/schema\/logo\/image\/","url":"https:\/\/files.sunoresearch.com.br\/n\/uploads\/2021\/09\/suno-logo.png","contentUrl":"https:\/\/files.sunoresearch.com.br\/n\/uploads\/2021\/09\/suno-logo.png","width":180,"height":180,"caption":"Suno Not\u00edcias"},"image":{"@id":"https:\/\/www.suno.com.br\/noticias\/#\/schema\/logo\/image\/"},"sameAs":["https:\/\/facebook.com\/sunoresearch","https:\/\/x.com\/sunoresearch","https:\/\/www.instagram.com\/suno","https:\/\/www.linkedin.com\/company\/suno-research\/","https:\/\/www.youtube.com\/c\/sunoresearch"]},{"@type":"Person","@id":"https:\/\/www.suno.com.br\/noticias\/#\/schema\/person\/658d5fbc74d81f265f5df3562d0038ab","name":"Vitor Azevedo","image":{"@type":"ImageObject","inLanguage":"pt-BR","@id":"https:\/\/www.suno.com.br\/noticias\/#\/schema\/person\/image\/","url":"https:\/\/secure.gravatar.com\/avatar\/62b86195291b446fe380824eb28b99a5?s=96&r=g","contentUrl":"https:\/\/secure.gravatar.com\/avatar\/62b86195291b446fe380824eb28b99a5?s=96&r=g","caption":"Vitor Azevedo"},"description":"Formado em jornalismo pela Unesp, escreve sobre economia e neg\u00f3cios para a Suno Not\u00edcias.","url":"https:\/\/www.suno.com.br\/noticias\/author\/vitor-azevedo\/"}]}},"default_loop_html":"<div class=\"cardsPage__listCard__boxs\"><div class=\"cardsPage__listCard__boxs__img\"><a href=\"https:\/\/www.suno.com.br\/noticias\/smiles-smls3-convoca-assembleia-incorporacao-a-gol-goll4\/\"><img class=\"mask\" src=\"https:\/\/www.suno.com.br\/noticias\/wp-content\/themes\/suno\/resources\/images\/spotlight\/spotlight1img\/bg-mask.png\" alt=\"Image Mask\"\/><img src=\"https:\/\/files.sunoresearch.com.br\/n\/uploads\/2021\/03\/5614b256-smiles-400x200.webp\" alt=\"Smiles (SMLS3) convoca assembleia e prop\u00f5e pauta sobre incorpora\u00e7\u00e3o \u00e0 Gol (GOLL4)\"\/><\/a><span class=\"spotlightCategory\"><a href=\"https:\/\/www.suno.com.br\/noticias\/negocios\/\">Neg\u00f3cios<\/a><\/span><\/div><div class=\"cardsPage__listCard__boxs__content\"><a href=\"https:\/\/www.suno.com.br\/noticias\/smiles-smls3-convoca-assembleia-incorporacao-a-gol-goll4\/\"><h2 class=\"content__title\">Smiles (SMLS3) convoca assembleia e prop\u00f5e pauta sobre incorpora\u00e7\u00e3o \u00e0 Gol (GOLL4)<\/h2><\/a><div class=\"newsContent__article__meta\"><div class=\"newsContent__article__meta__authorBox\"><a href=\"https:\/\/www.suno.com.br\/noticias\/author\/vitor-azevedo\/\" class=\"authorBox__avatar noMobi\"><img src=\"https:\/\/secure.gravatar.com\/avatar\/62b86195291b446fe380824eb28b99a5?s=96&#038;r=g\" alt=\"Vitor Azevedo\"><\/a><div class=\"authorBox__name\"><span>por\n\t\t\t<a href=\"https:\/\/www.suno.com.br\/noticias\/author\/vitor-azevedo\/\"><span itemprop=\"author\">Vitor Azevedo<\/span><\/a><\/span><time datetime=\"2021-03-04T08:19:06-03:00\" itemprop=\"datePublished\">04\/03\/2021 08:19<\/time><\/div><\/div><\/div><\/div><\/div>","single_layout":"posts","amp_enabled":true,"_links":{"self":[{"href":"https:\/\/www.suno.com.br\/noticias\/wp-json\/wp\/v2\/posts\/128639"}],"collection":[{"href":"https:\/\/www.suno.com.br\/noticias\/wp-json\/wp\/v2\/posts"}],"about":[{"href":"https:\/\/www.suno.com.br\/noticias\/wp-json\/wp\/v2\/types\/post"}],"author":[{"embeddable":true,"href":"https:\/\/www.suno.com.br\/noticias\/wp-json\/wp\/v2\/users\/59"}],"replies":[{"embeddable":true,"href":"https:\/\/www.suno.com.br\/noticias\/wp-json\/wp\/v2\/comments?post=128639"}],"version-history":[{"count":3,"href":"https:\/\/www.suno.com.br\/noticias\/wp-json\/wp\/v2\/posts\/128639\/revisions"}],"predecessor-version":[{"id":128675,"href":"https:\/\/www.suno.com.br\/noticias\/wp-json\/wp\/v2\/posts\/128639\/revisions\/128675"}],"wp:featuredmedia":[{"embeddable":true,"href":"https:\/\/www.suno.com.br\/noticias\/wp-json\/wp\/v2\/media\/128669"}],"wp:attachment":[{"href":"https:\/\/www.suno.com.br\/noticias\/wp-json\/wp\/v2\/media?parent=128639"}],"wp:term":[{"taxonomy":"category","embeddable":true,"href":"https:\/\/www.suno.com.br\/noticias\/wp-json\/wp\/v2\/categories?post=128639"},{"taxonomy":"post_tag","embeddable":true,"href":"https:\/\/www.suno.com.br\/noticias\/wp-json\/wp\/v2\/tags?post=128639"},{"taxonomy":"suno_strategy","embeddable":true,"href":"https:\/\/www.suno.com.br\/noticias\/wp-json\/wp\/v2\/suno_strategy?post=128639"}],"curies":[{"name":"wp","href":"https:\/\/api.w.org\/{rel}","templated":true}]}}