{"id":128567,"date":"2021-03-03T18:32:28","date_gmt":"2021-03-03T21:32:28","guid":{"rendered":"https:\/\/www.suno.com.br\/noticias\/?p=128567"},"modified":"2021-05-29T20:29:21","modified_gmt":"2021-05-29T23:29:21","slug":"ibovespa-fecha-queda-olho-fiscal-03032021","status":"publish","type":"post","link":"https:\/\/www.suno.com.br\/noticias\/ibovespa-fecha-queda-olho-fiscal-03032021\/","title":{"rendered":"Ibovespa ameniza perdas e fecha em queda de 0,32% de olho no fiscal"},"content":{"rendered":"<p>Em dia vol\u00e1til para o <strong>Ibovespa<\/strong>, o principal \u00edndice de a\u00e7\u00f5es da Bolsa de Valores de S\u00e3o Paulo (B3) encerrou o preg\u00e3o desta quarta-feira (3) em queda de 0,32%, a 111.183,95 pontos, em meio a preocupa\u00e7\u00f5es com a situa\u00e7\u00e3o fiscal e sanit\u00e1ria brasileira.<\/p>\t<div class=\"wrapper-featured-image\">\n\t\t<figure class=\"spotlightImg\">\n\n\t\t\t<picture>\n\t\t\t\t<source media=\"(max-width: 768px)\" srcset=\"https:\/\/files.sunoresearch.com.br\/n\/uploads\/2021\/03\/144466be-para-onde-vai-a-taxa-selic-em-2021-400x200.webp\">\n\t\t\t\t<img loading=\"lazy\" decoding=\"async\" class=\"newsContent__article__imgCapa lazyloadDisabled \" src=\"https:\/\/files.sunoresearch.com.br\/n\/uploads\/2021\/03\/144466be-para-onde-vai-a-taxa-selic-em-2021-800x450.webp\" width=\"800\" height=\"450\" alt=\"Ibovespa ameniza perdas e fecha em queda de 0,32% de olho no fiscal\" fetchpriority=high \/>\n\t\t\t<\/picture>\n\n\t\t\t<figcaption class=\"wp-caption-text wp-caption-text--show\">Ibovespa (reprodu\u00e7\u00e3o)<\/figcaption>\n\t\t<\/figure>\n\t<\/div>\n\n\n\t<p>\n\t\t<a href=\"https:\/\/lp.suno.com.br\/planilha-controle-gastos\/\" target=\"_blank\" data-element=\"shortcode-suno-banner\" title=\"Banner SUNO, clique e saiba mais\">\n\t\t\t<picture>\n\t\t\t\t<source media=\"(max-width: 500px)\" srcset=\"https:\/\/files.sunoresearch.com.br\/n\/uploads\/2023\/03\/400x300-Planilha-controle-de-gastos.png\">\n\t\t\t\t<img class=\"newsContent__article__imgCapa newsContent__article__imgCapa--banner\"\n\t\t\t\t\tsrc=\"https:\/\/files.sunoresearch.com.br\/n\/uploads\/2023\/03\/1420x240-Planilha-controle-de-gastos.png\"\n\t\t\t\t\tdata-promo-id=\"101751\"\t\t\t\t\t\t\t\t\t\twidth='1420' height='240'\t\t\t\t\talt=\"https:\/\/files.sunoresearch.com.br\/n\/uploads\/2023\/03\/1420x240-Planilha-controle-de-gastos.png\"\n\t\t\t\t>\n\t\t\t<\/picture>\n\t\t<\/a>\n\t<\/p>\n\n\n<p>O mercado hoje acordou mau humor ap\u00f3s a not\u00edcia, na noite de ter\u00e7a-feira (3), de que quatro conselheiros informaram a <a href=\"https:\/\/www.suno.com.br\/acoes\/petr4\/\"><strong>Petrobras<\/strong> (PETR4)<\/a> que n\u00e3o pretendem ser reconduzidos ao colegiado na pr\u00f3xima <a href=\"https:\/\/www.suno.com.br\/artigos\/assembleia-geral-ordinaria\/\">Assembleia Geral Extraordin\u00e1ria (AGE)<\/a>. No per\u00edodo da manh\u00e3, o Ibovespa chegou a recuar quase 0,3%.<\/p>\n<p>A sa\u00edda dos conselheiros acontece ap\u00f3s a decis\u00e3o do presidente <strong>Jair Bolsonaro<\/strong> indicar o general Joaquim Silva e Luna no comando da Petrobras para o lugar de <a href=\"https:\/\/www.suno.com.br\/tudo-sobre\/roberto-castello-branco\/\">Roberto Castello Branco<\/a> por cr\u00edticas \u00e0 pol\u00edtica de pre\u00e7os da petroleira. O mandato de Castello Branco acaba em 20 de mar\u00e7o. A troca foi interpretada pelo mercado como interfer\u00eancia do governo na estatal.<\/p>\n<ul>\n<li>PETR3: -4,29% &#8211; R$ 20,97<\/li>\n<li>PETR4: -3,69% &#8211; R$ 21,19<\/li>\n<\/ul>\n<p><a href=\"https:\/\/lp.suno.com.br\/suno-one\/\">Suno One: acesse gratuitamente eBooks, Minicursos, Artigos e V\u00eddeo Aulas sobre investimentos com um \u00fanico cadastro. Clique para saber mais!<\/a><\/p>\n<p>Contribuindo tamb\u00e9m para o dia negativo do Ibovespa, estiveram os rumores sobre uma poss\u00edvel retirada do Bolsa Fam\u00edlia do teto de gastos por meio da PEC Emergencial. O movimento levou o mercado a dar um &#8220;recado para Bras\u00edlia&#8221;, afirmou <strong>Thomas Giuberti<\/strong>, s\u00f3cio e economista da Golden Investimentos, com o benchmark despencando mais de 3% na tarde de hoje.<\/p>\n<p>A virada do mercado aconteceu ap\u00f3s um an\u00fancio do presidente da C\u00e2mara dos Deputados, Arthur Lira (PP-AL).<\/p>\n<blockquote class=\"twitter-tweet\">\n<p dir=\"ltr\" lang=\"pt\">Quero deixar claro q\/ s\u00e3o infundadas todas as especula\u00e7\u00f5es sobre furar o teto. Tanto o Senado quanto a C\u00e2mara votar\u00e3o as PECs sem nenhum risco ao teto de gastos, sem nenhuma excepcionalidade ao teto.Essas especula\u00e7\u00f5es n\u00e3o contribuem para o clima de estabilidade e previsibilidade.<\/p>\n<p>\u2014 Arthur Lira (@ArthurLira_) <a href=\"https:\/\/twitter.com\/ArthurLira_\/status\/1367199304469872641?ref_src=twsrc%5Etfw\">March 3, 2021<\/a><\/p><\/blockquote>\n<p><script async src=\"https:\/\/platform.twitter.com\/widgets.js\" charset=\"utf-8\"><\/script><\/p>\n<p>Al\u00e9m da Petrobras, pesaram sobre o Ibovespa as a\u00e7\u00f5es sens\u00edveis ao retorno da circula\u00e7\u00e3o, como <a href=\"https:\/\/www.suno.com.br\/acoes\/cvcb3\/\">CVC (CVCB3)<\/a> e <a href=\"https:\/\/www.suno.com.br\/acoes\/csan3\/\">Cosan (CSAN3)<\/a>. Os pap\u00e9is engataram forte queda ap\u00f3s an\u00fancio de novas restri\u00e7\u00f5es para barrar a epidemia de covid-19 no Brasil aumentar receio dos investidores.<\/p>\n<h2>\u00daltima cota\u00e7\u00e3o do Ibovespa<\/h2>\n<p>De forma distinta ao <strong>Ibovespa hoje<\/strong>, o \u00edndice acion\u00e1rio encerrou as negocia\u00e7\u00f5es na \u00faltima ter\u00e7a-feira com uma alta de 1,09%, a 111.539,80 pontos.<\/p>\n\t<p>\n\t\t<a href=\"https:\/\/lp.suno.com.br\/planilha-de-controle-de-investimentos\/\" target=\"_blank\" data-element=\"shortcode-suno-banner\" title=\"Banner SUNO, clique e saiba mais\">\n\t\t\t<picture>\n\t\t\t\t<source media=\"(max-width: 500px)\" srcset=\"https:\/\/files.sunoresearch.com.br\/n\/uploads\/2023\/03\/400x300-Controle-de-Investimentos.png\">\n\t\t\t\t<img class=\"newsContent__article__imgCapa newsContent__article__imgCapa--banner\"\n\t\t\t\t\tsrc=\"https:\/\/files.sunoresearch.com.br\/n\/uploads\/2023\/03\/1420x240-Controle-de-Investimentos.png\"\n\t\t\t\t\tdata-promo-id=\"75934\"\t\t\t\t\t\t\t\t\t\twidth='1420' height='240'\t\t\t\t\talt=\"https:\/\/files.sunoresearch.com.br\/n\/uploads\/2023\/03\/1420x240-Controle-de-Investimentos.png\"\n\t\t\t\t>\n\t\t\t<\/picture>\n\t\t<\/a>\n\t<\/p>\n\n\n","protected":false},"excerpt":{"rendered":"<p>Em dia vol\u00e1til para o Ibovespa, o principal \u00edndice de a\u00e7\u00f5es da Bolsa de Valores de S\u00e3o Paulo (B3) encerrou o preg\u00e3o desta quarta-feira (3) em queda de 0,32%, a 111.183,95 pontos, em meio a preocupa\u00e7\u00f5es com a situa\u00e7\u00e3o fiscal e sanit\u00e1ria brasileira. Ibovespa (reprodu\u00e7\u00e3o) O mercado hoje acordou mau humor ap\u00f3s a not\u00edcia, na [&hellip;]<\/p>\n","protected":false},"author":35,"featured_media":128570,"comment_status":"closed","ping_status":"closed","sticky":false,"template":"","format":"standard","meta":[],"categories":[60],"tags":[721,548,585,595],"suno_strategy":[],"class_list":["post-128567","post","type-post","status-publish","format-standard","has-post-thumbnail","hentry","category-mercado","tag-ibovespa","tag-magazine-luiza-mglu3","tag-omega-geracao-omge3","tag-petrobras-petr4"],"yoast_head":"<!-- This site is optimized with the Yoast SEO plugin v24.4 - https:\/\/yoast.com\/wordpress\/plugins\/seo\/ -->\n<title>Ibovespa ameniza perdas e fecha em queda de 0,32% de olho no fiscal<\/title>\n<meta name=\"description\" content=\"O Ibovespa encerrou o preg\u00e3o em queda de 0,32%, a 111.183,95 pontos, em meio a preocupa\u00e7\u00f5es com a situa\u00e7\u00e3o fiscal e sanit\u00e1ria brasileira.\" \/>\n<meta name=\"robots\" content=\"index, follow, max-snippet:-1, max-image-preview:large, max-video-preview:-1\" \/>\n<link rel=\"canonical\" href=\"https:\/\/www.suno.com.br\/noticias\/ibovespa-fecha-queda-olho-fiscal-03032021\/\" \/>\n<meta property=\"og:locale\" content=\"pt_BR\" \/>\n<meta property=\"og:type\" content=\"article\" \/>\n<meta property=\"og:title\" content=\"Ibovespa ameniza perdas e fecha em queda de 0,32% de olho no fiscal\" \/>\n<meta property=\"og:description\" content=\"O Ibovespa encerrou o preg\u00e3o em queda de 0,32%, a 111.183,95 pontos, em meio a preocupa\u00e7\u00f5es com a situa\u00e7\u00e3o fiscal e sanit\u00e1ria brasileira.\" \/>\n<meta property=\"og:url\" content=\"https:\/\/www.suno.com.br\/noticias\/ibovespa-fecha-queda-olho-fiscal-03032021\/\" \/>\n<meta property=\"og:site_name\" content=\"Suno Not\u00edcias\" \/>\n<meta property=\"article:publisher\" content=\"https:\/\/facebook.com\/sunoresearch\" \/>\n<meta property=\"og:image\" content=\"https:\/\/files.sunoresearch.com.br\/n\/uploads\/2021\/03\/144466be-para-onde-vai-a-taxa-selic-em-2021.jpg\" \/>\n\t<meta property=\"og:image:width\" content=\"1920\" \/>\n\t<meta property=\"og:image:height\" content=\"1280\" \/>\n\t<meta property=\"og:image:type\" content=\"image\/jpeg\" \/>\n<meta name=\"author\" content=\"Arthur Guimar\u00e3es\" \/>\n<meta name=\"twitter:card\" content=\"summary_large_image\" \/>\n<meta name=\"twitter:creator\" content=\"@sunoresearch\" \/>\n<meta name=\"twitter:site\" content=\"@sunoresearch\" \/>\n<meta name=\"twitter:label1\" content=\"Escrito por\" \/>\n\t<meta name=\"twitter:data1\" content=\"Arthur Guimar\u00e3es\" \/>\n\t<meta name=\"twitter:label2\" content=\"Est. tempo de leitura\" \/>\n\t<meta name=\"twitter:data2\" content=\"2 minutos\" \/>\n<script type=\"application\/ld+json\" class=\"yoast-schema-graph\">{\"@context\":\"https:\/\/schema.org\",\"@graph\":[{\"@type\":\"NewsArticle\",\"@id\":\"https:\/\/www.suno.com.br\/noticias\/ibovespa-fecha-queda-olho-fiscal-03032021\/#article\",\"isPartOf\":{\"@id\":\"https:\/\/www.suno.com.br\/noticias\/ibovespa-fecha-queda-olho-fiscal-03032021\/\"},\"author\":{\"name\":\"Arthur Guimar\u00e3es\",\"@id\":\"https:\/\/www.suno.com.br\/noticias\/#\/schema\/person\/053a750a709a263919a20f976caae91c\"},\"headline\":\"Ibovespa ameniza perdas e fecha em queda de 0,32% de olho no fiscal\",\"datePublished\":\"2021-03-03T21:32:28+00:00\",\"dateModified\":\"2021-05-29T23:29:21+00:00\",\"mainEntityOfPage\":{\"@id\":\"https:\/\/www.suno.com.br\/noticias\/ibovespa-fecha-queda-olho-fiscal-03032021\/\"},\"wordCount\":427,\"publisher\":{\"@id\":\"https:\/\/www.suno.com.br\/noticias\/#organization\"},\"image\":{\"@id\":\"https:\/\/www.suno.com.br\/noticias\/ibovespa-fecha-queda-olho-fiscal-03032021\/#primaryimage\"},\"thumbnailUrl\":\"https:\/\/files.sunoresearch.com.br\/n\/uploads\/2021\/03\/144466be-para-onde-vai-a-taxa-selic-em-2021-jpg.webp\",\"keywords\":[\"Ibovespa\",\"Magazine Luiza (MGLU3)\",\"Omega Gera\u00e7\u00e3o (OMGE3)\",\"Petrobras (PETR4)\"],\"articleSection\":[\"Mercado\"],\"inLanguage\":\"pt-BR\"},{\"@type\":\"WebPage\",\"@id\":\"https:\/\/www.suno.com.br\/noticias\/ibovespa-fecha-queda-olho-fiscal-03032021\/\",\"url\":\"https:\/\/www.suno.com.br\/noticias\/ibovespa-fecha-queda-olho-fiscal-03032021\/\",\"name\":\"Ibovespa ameniza perdas e fecha em queda de 0,32% de olho no fiscal\",\"isPartOf\":{\"@id\":\"https:\/\/www.suno.com.br\/noticias\/#website\"},\"primaryImageOfPage\":{\"@id\":\"https:\/\/www.suno.com.br\/noticias\/ibovespa-fecha-queda-olho-fiscal-03032021\/#primaryimage\"},\"image\":{\"@id\":\"https:\/\/www.suno.com.br\/noticias\/ibovespa-fecha-queda-olho-fiscal-03032021\/#primaryimage\"},\"thumbnailUrl\":\"https:\/\/files.sunoresearch.com.br\/n\/uploads\/2021\/03\/144466be-para-onde-vai-a-taxa-selic-em-2021-jpg.webp\",\"datePublished\":\"2021-03-03T21:32:28+00:00\",\"dateModified\":\"2021-05-29T23:29:21+00:00\",\"description\":\"O Ibovespa encerrou o preg\u00e3o em queda de 0,32%, a 111.183,95 pontos, em meio a preocupa\u00e7\u00f5es com a situa\u00e7\u00e3o fiscal e sanit\u00e1ria brasileira.\",\"breadcrumb\":{\"@id\":\"https:\/\/www.suno.com.br\/noticias\/ibovespa-fecha-queda-olho-fiscal-03032021\/#breadcrumb\"},\"inLanguage\":\"pt-BR\",\"potentialAction\":[{\"@type\":\"ReadAction\",\"target\":[\"https:\/\/www.suno.com.br\/noticias\/ibovespa-fecha-queda-olho-fiscal-03032021\/\"]}]},{\"@type\":\"ImageObject\",\"inLanguage\":\"pt-BR\",\"@id\":\"https:\/\/www.suno.com.br\/noticias\/ibovespa-fecha-queda-olho-fiscal-03032021\/#primaryimage\",\"url\":\"https:\/\/files.sunoresearch.com.br\/n\/uploads\/2021\/03\/144466be-para-onde-vai-a-taxa-selic-em-2021-jpg.webp\",\"contentUrl\":\"https:\/\/files.sunoresearch.com.br\/n\/uploads\/2021\/03\/144466be-para-onde-vai-a-taxa-selic-em-2021-jpg.webp\",\"width\":1920,\"height\":1280,\"caption\":\"Ibovespa (reprodu\u00e7\u00e3o)\"},{\"@type\":\"BreadcrumbList\",\"@id\":\"https:\/\/www.suno.com.br\/noticias\/ibovespa-fecha-queda-olho-fiscal-03032021\/#breadcrumb\",\"itemListElement\":[{\"@type\":\"ListItem\",\"position\":1,\"name\":\"Not\u00edcias\",\"item\":\"https:\/\/www.suno.com.br\/noticias\/\"},{\"@type\":\"ListItem\",\"position\":2,\"name\":\"Mercado\",\"item\":\"https:\/\/www.suno.com.br\/noticias\/mercado\/\"},{\"@type\":\"ListItem\",\"position\":3,\"name\":\"Ibovespa ameniza perdas e fecha em queda de 0,32% de olho no fiscal\"}]},{\"@type\":\"WebSite\",\"@id\":\"https:\/\/www.suno.com.br\/noticias\/#website\",\"url\":\"https:\/\/www.suno.com.br\/noticias\/\",\"name\":\"Suno Not\u00edcias\",\"description\":\"Seu portal de informa\u00e7\u00e3o sobre o mundo dos investimentos\",\"publisher\":{\"@id\":\"https:\/\/www.suno.com.br\/noticias\/#organization\"},\"potentialAction\":[{\"@type\":\"SearchAction\",\"target\":{\"@type\":\"EntryPoint\",\"urlTemplate\":\"https:\/\/www.suno.com.br\/noticias\/?s={search_term_string}\"},\"query-input\":{\"@type\":\"PropertyValueSpecification\",\"valueRequired\":true,\"valueName\":\"search_term_string\"}}],\"inLanguage\":\"pt-BR\"},{\"@type\":\"Organization\",\"@id\":\"https:\/\/www.suno.com.br\/noticias\/#organization\",\"name\":\"Suno Not\u00edcias\",\"url\":\"https:\/\/www.suno.com.br\/noticias\/\",\"logo\":{\"@type\":\"ImageObject\",\"inLanguage\":\"pt-BR\",\"@id\":\"https:\/\/www.suno.com.br\/noticias\/#\/schema\/logo\/image\/\",\"url\":\"https:\/\/files.sunoresearch.com.br\/n\/uploads\/2021\/09\/suno-logo.png\",\"contentUrl\":\"https:\/\/files.sunoresearch.com.br\/n\/uploads\/2021\/09\/suno-logo.png\",\"width\":180,\"height\":180,\"caption\":\"Suno Not\u00edcias\"},\"image\":{\"@id\":\"https:\/\/www.suno.com.br\/noticias\/#\/schema\/logo\/image\/\"},\"sameAs\":[\"https:\/\/facebook.com\/sunoresearch\",\"https:\/\/x.com\/sunoresearch\",\"https:\/\/www.instagram.com\/suno\",\"https:\/\/www.linkedin.com\/company\/suno-research\/\",\"https:\/\/www.youtube.com\/c\/sunoresearch\"]},{\"@type\":\"Person\",\"@id\":\"https:\/\/www.suno.com.br\/noticias\/#\/schema\/person\/053a750a709a263919a20f976caae91c\",\"name\":\"Arthur Guimar\u00e3es\",\"image\":{\"@type\":\"ImageObject\",\"inLanguage\":\"pt-BR\",\"@id\":\"https:\/\/www.suno.com.br\/noticias\/#\/schema\/person\/image\/\",\"url\":\"https:\/\/secure.gravatar.com\/avatar\/1affd86a11209ae09eb6dd3bcad3e96c?s=96&r=g\",\"contentUrl\":\"https:\/\/secure.gravatar.com\/avatar\/1affd86a11209ae09eb6dd3bcad3e96c?s=96&r=g\",\"caption\":\"Arthur Guimar\u00e3es\"},\"description\":\"Arthur Guimar\u00e3es escreve sobre pol\u00edtica, economia e neg\u00f3cios para o portal de not\u00edcias da Suno Research. Atualmente, \u00e9 estudante de jornalismo pela Faculdade C\u00e1sper L\u00edbero.\",\"url\":\"https:\/\/www.suno.com.br\/noticias\/author\/arthur-guimaraes\/\"}]}<\/script>\n<!-- \/ Yoast SEO plugin. -->","yoast_head_json":{"title":"Ibovespa ameniza perdas e fecha em queda de 0,32% de olho no fiscal","description":"O Ibovespa encerrou o preg\u00e3o em queda de 0,32%, a 111.183,95 pontos, em meio a preocupa\u00e7\u00f5es com a situa\u00e7\u00e3o fiscal e sanit\u00e1ria brasileira.","robots":{"index":"index","follow":"follow","max-snippet":"max-snippet:-1","max-image-preview":"max-image-preview:large","max-video-preview":"max-video-preview:-1"},"canonical":"https:\/\/www.suno.com.br\/noticias\/ibovespa-fecha-queda-olho-fiscal-03032021\/","og_locale":"pt_BR","og_type":"article","og_title":"Ibovespa ameniza perdas e fecha em queda de 0,32% de olho no fiscal","og_description":"O Ibovespa encerrou o preg\u00e3o em queda de 0,32%, a 111.183,95 pontos, em meio a preocupa\u00e7\u00f5es com a situa\u00e7\u00e3o fiscal e sanit\u00e1ria brasileira.","og_url":"https:\/\/www.suno.com.br\/noticias\/ibovespa-fecha-queda-olho-fiscal-03032021\/","og_site_name":"Suno Not\u00edcias","article_publisher":"https:\/\/facebook.com\/sunoresearch","og_image":[{"width":1920,"height":1280,"url":"https:\/\/files.sunoresearch.com.br\/n\/uploads\/2021\/03\/144466be-para-onde-vai-a-taxa-selic-em-2021.jpg","type":"image\/jpeg"}],"author":"Arthur Guimar\u00e3es","twitter_card":"summary_large_image","twitter_creator":"@sunoresearch","twitter_site":"@sunoresearch","twitter_misc":{"Escrito por":"Arthur Guimar\u00e3es","Est. tempo de leitura":"2 minutos"},"schema":{"@context":"https:\/\/schema.org","@graph":[{"@type":"NewsArticle","@id":"https:\/\/www.suno.com.br\/noticias\/ibovespa-fecha-queda-olho-fiscal-03032021\/#article","isPartOf":{"@id":"https:\/\/www.suno.com.br\/noticias\/ibovespa-fecha-queda-olho-fiscal-03032021\/"},"author":{"name":"Arthur Guimar\u00e3es","@id":"https:\/\/www.suno.com.br\/noticias\/#\/schema\/person\/053a750a709a263919a20f976caae91c"},"headline":"Ibovespa ameniza perdas e fecha em queda de 0,32% de olho no fiscal","datePublished":"2021-03-03T21:32:28+00:00","dateModified":"2021-05-29T23:29:21+00:00","mainEntityOfPage":{"@id":"https:\/\/www.suno.com.br\/noticias\/ibovespa-fecha-queda-olho-fiscal-03032021\/"},"wordCount":427,"publisher":{"@id":"https:\/\/www.suno.com.br\/noticias\/#organization"},"image":{"@id":"https:\/\/www.suno.com.br\/noticias\/ibovespa-fecha-queda-olho-fiscal-03032021\/#primaryimage"},"thumbnailUrl":"https:\/\/files.sunoresearch.com.br\/n\/uploads\/2021\/03\/144466be-para-onde-vai-a-taxa-selic-em-2021-jpg.webp","keywords":["Ibovespa","Magazine Luiza (MGLU3)","Omega Gera\u00e7\u00e3o (OMGE3)","Petrobras (PETR4)"],"articleSection":["Mercado"],"inLanguage":"pt-BR"},{"@type":"WebPage","@id":"https:\/\/www.suno.com.br\/noticias\/ibovespa-fecha-queda-olho-fiscal-03032021\/","url":"https:\/\/www.suno.com.br\/noticias\/ibovespa-fecha-queda-olho-fiscal-03032021\/","name":"Ibovespa ameniza perdas e fecha em queda de 0,32% de olho no fiscal","isPartOf":{"@id":"https:\/\/www.suno.com.br\/noticias\/#website"},"primaryImageOfPage":{"@id":"https:\/\/www.suno.com.br\/noticias\/ibovespa-fecha-queda-olho-fiscal-03032021\/#primaryimage"},"image":{"@id":"https:\/\/www.suno.com.br\/noticias\/ibovespa-fecha-queda-olho-fiscal-03032021\/#primaryimage"},"thumbnailUrl":"https:\/\/files.sunoresearch.com.br\/n\/uploads\/2021\/03\/144466be-para-onde-vai-a-taxa-selic-em-2021-jpg.webp","datePublished":"2021-03-03T21:32:28+00:00","dateModified":"2021-05-29T23:29:21+00:00","description":"O Ibovespa encerrou o preg\u00e3o em queda de 0,32%, a 111.183,95 pontos, em meio a preocupa\u00e7\u00f5es com a situa\u00e7\u00e3o fiscal e sanit\u00e1ria brasileira.","breadcrumb":{"@id":"https:\/\/www.suno.com.br\/noticias\/ibovespa-fecha-queda-olho-fiscal-03032021\/#breadcrumb"},"inLanguage":"pt-BR","potentialAction":[{"@type":"ReadAction","target":["https:\/\/www.suno.com.br\/noticias\/ibovespa-fecha-queda-olho-fiscal-03032021\/"]}]},{"@type":"ImageObject","inLanguage":"pt-BR","@id":"https:\/\/www.suno.com.br\/noticias\/ibovespa-fecha-queda-olho-fiscal-03032021\/#primaryimage","url":"https:\/\/files.sunoresearch.com.br\/n\/uploads\/2021\/03\/144466be-para-onde-vai-a-taxa-selic-em-2021-jpg.webp","contentUrl":"https:\/\/files.sunoresearch.com.br\/n\/uploads\/2021\/03\/144466be-para-onde-vai-a-taxa-selic-em-2021-jpg.webp","width":1920,"height":1280,"caption":"Ibovespa (reprodu\u00e7\u00e3o)"},{"@type":"BreadcrumbList","@id":"https:\/\/www.suno.com.br\/noticias\/ibovespa-fecha-queda-olho-fiscal-03032021\/#breadcrumb","itemListElement":[{"@type":"ListItem","position":1,"name":"Not\u00edcias","item":"https:\/\/www.suno.com.br\/noticias\/"},{"@type":"ListItem","position":2,"name":"Mercado","item":"https:\/\/www.suno.com.br\/noticias\/mercado\/"},{"@type":"ListItem","position":3,"name":"Ibovespa ameniza perdas e fecha em queda de 0,32% de olho no fiscal"}]},{"@type":"WebSite","@id":"https:\/\/www.suno.com.br\/noticias\/#website","url":"https:\/\/www.suno.com.br\/noticias\/","name":"Suno Not\u00edcias","description":"Seu portal de informa\u00e7\u00e3o sobre o mundo dos investimentos","publisher":{"@id":"https:\/\/www.suno.com.br\/noticias\/#organization"},"potentialAction":[{"@type":"SearchAction","target":{"@type":"EntryPoint","urlTemplate":"https:\/\/www.suno.com.br\/noticias\/?s={search_term_string}"},"query-input":{"@type":"PropertyValueSpecification","valueRequired":true,"valueName":"search_term_string"}}],"inLanguage":"pt-BR"},{"@type":"Organization","@id":"https:\/\/www.suno.com.br\/noticias\/#organization","name":"Suno Not\u00edcias","url":"https:\/\/www.suno.com.br\/noticias\/","logo":{"@type":"ImageObject","inLanguage":"pt-BR","@id":"https:\/\/www.suno.com.br\/noticias\/#\/schema\/logo\/image\/","url":"https:\/\/files.sunoresearch.com.br\/n\/uploads\/2021\/09\/suno-logo.png","contentUrl":"https:\/\/files.sunoresearch.com.br\/n\/uploads\/2021\/09\/suno-logo.png","width":180,"height":180,"caption":"Suno Not\u00edcias"},"image":{"@id":"https:\/\/www.suno.com.br\/noticias\/#\/schema\/logo\/image\/"},"sameAs":["https:\/\/facebook.com\/sunoresearch","https:\/\/x.com\/sunoresearch","https:\/\/www.instagram.com\/suno","https:\/\/www.linkedin.com\/company\/suno-research\/","https:\/\/www.youtube.com\/c\/sunoresearch"]},{"@type":"Person","@id":"https:\/\/www.suno.com.br\/noticias\/#\/schema\/person\/053a750a709a263919a20f976caae91c","name":"Arthur Guimar\u00e3es","image":{"@type":"ImageObject","inLanguage":"pt-BR","@id":"https:\/\/www.suno.com.br\/noticias\/#\/schema\/person\/image\/","url":"https:\/\/secure.gravatar.com\/avatar\/1affd86a11209ae09eb6dd3bcad3e96c?s=96&r=g","contentUrl":"https:\/\/secure.gravatar.com\/avatar\/1affd86a11209ae09eb6dd3bcad3e96c?s=96&r=g","caption":"Arthur Guimar\u00e3es"},"description":"Arthur Guimar\u00e3es escreve sobre pol\u00edtica, economia e neg\u00f3cios para o portal de not\u00edcias da Suno Research. Atualmente, \u00e9 estudante de jornalismo pela Faculdade C\u00e1sper L\u00edbero.","url":"https:\/\/www.suno.com.br\/noticias\/author\/arthur-guimaraes\/"}]}},"default_loop_html":"<div class=\"cardsPage__listCard__boxs\"><div class=\"cardsPage__listCard__boxs__img\"><a href=\"https:\/\/www.suno.com.br\/noticias\/ibovespa-fecha-queda-olho-fiscal-03032021\/\"><img class=\"mask\" src=\"https:\/\/www.suno.com.br\/noticias\/wp-content\/themes\/suno\/resources\/images\/spotlight\/spotlight1img\/bg-mask.png\" alt=\"Image Mask\"\/><img src=\"https:\/\/files.sunoresearch.com.br\/n\/uploads\/2021\/03\/144466be-para-onde-vai-a-taxa-selic-em-2021-400x200.webp\" alt=\"Ibovespa ameniza perdas e fecha em queda de 0,32% de olho no fiscal\"\/><\/a><span class=\"spotlightCategory\"><a href=\"https:\/\/www.suno.com.br\/noticias\/mercado\/\">Mercado<\/a><\/span><\/div><div class=\"cardsPage__listCard__boxs__content\"><a href=\"https:\/\/www.suno.com.br\/noticias\/ibovespa-fecha-queda-olho-fiscal-03032021\/\"><h2 class=\"content__title\">Ibovespa ameniza perdas e fecha em queda de 0,32% de olho no fiscal<\/h2><\/a><div class=\"newsContent__article__meta\"><div class=\"newsContent__article__meta__authorBox\"><a href=\"https:\/\/www.suno.com.br\/noticias\/author\/arthur-guimaraes\/\" class=\"authorBox__avatar noMobi\"><img src=\"https:\/\/files.sunoresearch.com.br\/n\/uploads\/2020\/02\/dfb40897-eu-150x150.webp\" alt=\"Arthur Guimar\u00e3es\"><\/a><div class=\"authorBox__name\"><span>por\n\t\t\t<a href=\"https:\/\/www.suno.com.br\/noticias\/author\/arthur-guimaraes\/\"><span itemprop=\"author\">Arthur Guimar\u00e3es<\/span><\/a><\/span><time datetime=\"2021-03-03T18:32:28-03:00\" itemprop=\"datePublished\">03\/03\/2021 18:32<\/time><\/div><\/div><\/div><\/div><\/div>","single_layout":"posts","amp_enabled":true,"_links":{"self":[{"href":"https:\/\/www.suno.com.br\/noticias\/wp-json\/wp\/v2\/posts\/128567"}],"collection":[{"href":"https:\/\/www.suno.com.br\/noticias\/wp-json\/wp\/v2\/posts"}],"about":[{"href":"https:\/\/www.suno.com.br\/noticias\/wp-json\/wp\/v2\/types\/post"}],"author":[{"embeddable":true,"href":"https:\/\/www.suno.com.br\/noticias\/wp-json\/wp\/v2\/users\/35"}],"replies":[{"embeddable":true,"href":"https:\/\/www.suno.com.br\/noticias\/wp-json\/wp\/v2\/comments?post=128567"}],"version-history":[{"count":4,"href":"https:\/\/www.suno.com.br\/noticias\/wp-json\/wp\/v2\/posts\/128567\/revisions"}],"predecessor-version":[{"id":129377,"href":"https:\/\/www.suno.com.br\/noticias\/wp-json\/wp\/v2\/posts\/128567\/revisions\/129377"}],"wp:featuredmedia":[{"embeddable":true,"href":"https:\/\/www.suno.com.br\/noticias\/wp-json\/wp\/v2\/media\/128570"}],"wp:attachment":[{"href":"https:\/\/www.suno.com.br\/noticias\/wp-json\/wp\/v2\/media?parent=128567"}],"wp:term":[{"taxonomy":"category","embeddable":true,"href":"https:\/\/www.suno.com.br\/noticias\/wp-json\/wp\/v2\/categories?post=128567"},{"taxonomy":"post_tag","embeddable":true,"href":"https:\/\/www.suno.com.br\/noticias\/wp-json\/wp\/v2\/tags?post=128567"},{"taxonomy":"suno_strategy","embeddable":true,"href":"https:\/\/www.suno.com.br\/noticias\/wp-json\/wp\/v2\/suno_strategy?post=128567"}],"curies":[{"name":"wp","href":"https:\/\/api.w.org\/{rel}","templated":true}]}}