{"id":128527,"date":"2021-03-03T17:13:24","date_gmt":"2021-03-03T20:13:24","guid":{"rendered":"https:\/\/www.suno.com.br\/noticias\/?p=128527"},"modified":"2021-04-05T20:54:22","modified_gmt":"2021-04-05T23:54:22","slug":"vacinas-pfizer-governo-comprara","status":"publish","type":"post","link":"https:\/\/www.suno.com.br\/noticias\/vacinas-pfizer-governo-comprara\/","title":{"rendered":"Governo comprar\u00e1 vacina dos laborat\u00f3rios Pfizer e Janssen, diz jornal"},"content":{"rendered":"<p>O Minist\u00e9rio da Sa\u00fade deve assinar o contrato para comprar a\u00a0 <strong>vacina<\/strong> contra o coronav\u00edrus (Covid-19) desenvolvida pela Pfizer (<a href=\"https:\/\/www.suno.com.br\/artigos\/nyse\/\">NYSE<\/a>: PFE) e o imunizante do laborat\u00f3rio Janssen, de acordo informaram integrantes da c\u00fapula da pasta ao <em>G1<\/em> nesta quarta-feira (3).<\/p>\t<div class=\"wrapper-featured-image\">\n\t\t<figure class=\"spotlightImg\">\n\n\t\t\t<picture>\n\t\t\t\t<source media=\"(max-width: 768px)\" srcset=\"https:\/\/files.sunoresearch.com.br\/n\/uploads\/2021\/03\/3ea7e1e8-pfizer-400x200.webp\">\n\t\t\t\t<img loading=\"lazy\" decoding=\"async\" class=\"newsContent__article__imgCapa lazyloadDisabled \" src=\"https:\/\/files.sunoresearch.com.br\/n\/uploads\/2021\/03\/3ea7e1e8-pfizer-800x450.webp\" width=\"800\" height=\"450\" alt=\"Governo comprar\u00e1 vacina dos laborat\u00f3rios Pfizer e Janssen, diz jornal\" fetchpriority=high \/>\n\t\t\t<\/picture>\n\n\t\t\t<figcaption class=\"wp-caption-text wp-caption-text--show\">Pfizer. Foto: Reprodu\u00e7\u00e3o Facebook<\/figcaption>\n\t\t<\/figure>\n\t<\/div>\n\n\n\t<p>\n\t\t<a href=\"https:\/\/lp.suno.com.br\/planilha-controle-gastos\/\" target=\"_blank\" data-element=\"shortcode-suno-banner\" title=\"Banner SUNO, clique e saiba mais\">\n\t\t\t<picture>\n\t\t\t\t<source media=\"(max-width: 500px)\" srcset=\"https:\/\/files.sunoresearch.com.br\/n\/uploads\/2023\/03\/400x300-Planilha-controle-de-gastos.png\">\n\t\t\t\t<img class=\"newsContent__article__imgCapa newsContent__article__imgCapa--banner\"\n\t\t\t\t\tsrc=\"https:\/\/files.sunoresearch.com.br\/n\/uploads\/2023\/03\/1420x240-Planilha-controle-de-gastos.png\"\n\t\t\t\t\tdata-promo-id=\"101751\"\t\t\t\t\t\t\t\t\t\twidth='1420' height='240'\t\t\t\t\talt=\"https:\/\/files.sunoresearch.com.br\/n\/uploads\/2023\/03\/1420x240-Planilha-controle-de-gastos.png\"\n\t\t\t\t>\n\t\t\t<\/picture>\n\t\t<\/a>\n\t<\/p>\n\n\n<p>Os contratos para a compra da vacina ainda est\u00e3o sendo elaborados, e com isso devem ser assinados at\u00e9 a pr\u00f3xima semana, de acordo com os integrantes da c\u00fapula do minist\u00e9rio.<\/p>\n<p>Vale destacar que o imunizante desenvolvido pela <strong>Pfizer<\/strong> \u00e9 o \u00fanico, at\u00e9 o momento, que a Anvisa aprovou o registro definitivo. Por sua vez, o produto da <strong>Janssen<\/strong> conta com as autoriza\u00e7\u00e3o de autoridades sanit\u00e1rias de outros pa\u00edses.<\/p>\n<p><a href=\"https:\/\/lp.suno.com.br\/suno-one\/\">Suno One: acesse gratuitamente eBooks, Minicursos, Artigos e V\u00eddeo Aulas sobre investimentos com um \u00fanico cadastro. Clique para saber mais!<\/a><\/p>\n<p>A Pfizer n\u00e3o se responsabiliza por poss\u00edveis efeitos colaterais que a vacina pode causar. Frente a isso, o <strong>Minist\u00e9rio da Sa\u00fade<\/strong> vinha se posicionando de forma resistente \u00e0 compra dos imunizantes do laborat\u00f3rio.<\/p>\n<p>Al\u00e9m disso, na \u00faltima ter\u00e7a-feira (2), a C\u00e2mara aprovou o projeto para facilitar a compra de imunizantes pela Uni\u00e3o, bem como pelos Estados, munic\u00edpios e empresas.<\/p>\n\t<div data-element=\"shortcode-read-more\" class=\"knowMore\">\n\t\t\t\t<span class=\"knowMore__title\">Veja tamb\u00e9m<\/span>\n\t\t\t\t<a class=\"knowMore__link\" href=\"https:\/\/www.suno.com.br\/noticias\/vacinas-anvisa-mp-bolsonaro\/\">\n\t\t\tBolsonaro edita MP que permite compra de vacinas sem registro na Anvisa\t\t<\/a>\n\t<\/div>\n\n\n<p>No Brasil, 7.106.147 pessoas j\u00e1 foram vacinadas contra o novo v\u00edrus, de acordo com dados do cons\u00f3rcio de ve\u00edculos de imprensa publicados ontem. O montante equivale a 3,36% da popula\u00e7\u00e3o do Pa\u00eds.<\/p>\n<p>No entanto, os dados mostram que apenas 1,02% da popula\u00e7\u00e3o brasileira tomou a segunda dose da vacina.<\/p>\n<h2>Pfizer solicita \u00e0 Anvisa registro definitivo da vacina contra o coronav\u00edrus<\/h2>\n<p>A farmac\u00eautica <strong>Pfizer <\/strong>apresentou em fevereiro o pedido de registro definitivo de sua vacina contra o novo <strong>coronav\u00edrus<\/strong> \u00e0 Ag\u00eancia Nacional de Vigil\u00e2ncia Sanit\u00e1ria (Anvisa).<\/p>\n<p>A Pfizer solicitou que a vacina possa ser comercializada e distribu\u00edda no <strong>Brasil.<\/strong> O pedido foi apresentado ap\u00f3s uma reuni\u00e3o de pr\u00e9-submiss\u00e3o junto a <strong>Anvisa.<\/strong><\/p>\n\t<p>\n\t\t<a href=\"https:\/\/lp.suno.com.br\/planilha-da-vida-financeira\/\" target=\"_blank\" data-element=\"shortcode-suno-banner\" title=\"Banner SUNO, clique e saiba mais\">\n\t\t\t<picture>\n\t\t\t\t<source media=\"(max-width: 500px)\" srcset=\"https:\/\/files.sunoresearch.com.br\/n\/uploads\/2023\/04\/400x300-Planilha-vida-financeira-true.png\">\n\t\t\t\t<img class=\"newsContent__article__imgCapa newsContent__article__imgCapa--banner\"\n\t\t\t\t\tsrc=\"https:\/\/files.sunoresearch.com.br\/n\/uploads\/2023\/04\/1420x240-Planilha-vida-financeira-true.png\"\n\t\t\t\t\tdata-promo-id=\"106682\"\t\t\t\t\t\t\t\t\t\twidth='1420' height='240'\t\t\t\t\talt=\"https:\/\/files.sunoresearch.com.br\/n\/uploads\/2023\/04\/1420x240-Planilha-vida-financeira-true.png\"\n\t\t\t\t>\n\t\t\t<\/picture>\n\t\t<\/a>\n\t<\/p>\n\n\n<p>Segundo a farmac\u00eautica, os dados de efic\u00e1cia da vacina seriam de 95% em geral e 94% para pessoas acima de 65 anos.<\/p>\n<p>&#8220;O pedido de registro da <strong>vacina<\/strong> junto \u00e0 ANVISA \u00e9 a etapa final do processo de submiss\u00e3o continua estabelecido pela Ag\u00eancia para acelerar os registros de vacinas contra a COVID-19. A companhia continuar\u00e1 trabalhando junto com a ANVISA para que esse processo transcorra da melhor maneira poss\u00edvel, sempre pautados por crit\u00e9rios t\u00e9cnicos e cient\u00edficos&#8221;, informou em um comunicado M\u00e1rjori Dulcine, diretora m\u00e9dica da Pfizer Brasil&#8221;.<\/p>\n\t<p>\n\t\t<a href=\"https:\/\/lp.suno.com.br\/planilha-de-controle-de-investimentos\/\" target=\"_blank\" data-element=\"shortcode-suno-banner\" title=\"Banner SUNO, clique e saiba mais\">\n\t\t\t<picture>\n\t\t\t\t<source media=\"(max-width: 500px)\" srcset=\"https:\/\/files.sunoresearch.com.br\/n\/uploads\/2023\/03\/400x300-Controle-de-Investimentos.png\">\n\t\t\t\t<img class=\"newsContent__article__imgCapa newsContent__article__imgCapa--banner\"\n\t\t\t\t\tsrc=\"https:\/\/files.sunoresearch.com.br\/n\/uploads\/2023\/03\/1420x240-Controle-de-Investimentos.png\"\n\t\t\t\t\tdata-promo-id=\"75934\"\t\t\t\t\t\t\t\t\t\twidth='1420' height='240'\t\t\t\t\talt=\"https:\/\/files.sunoresearch.com.br\/n\/uploads\/2023\/03\/1420x240-Controle-de-Investimentos.png\"\n\t\t\t\t>\n\t\t\t<\/picture>\n\t\t<\/a>\n\t<\/p>\n\n\n","protected":false},"excerpt":{"rendered":"<p>O Minist\u00e9rio da Sa\u00fade deve assinar o contrato para comprar a\u00a0 vacina contra o coronav\u00edrus (Covid-19) desenvolvida pela Pfizer (NYSE: PFE) e o imunizante do laborat\u00f3rio Janssen, de acordo informaram integrantes da c\u00fapula da pasta ao G1 nesta quarta-feira (3). Pfizer. Foto: Reprodu\u00e7\u00e3o Facebook Os contratos para a compra da vacina ainda est\u00e3o sendo elaborados, [&hellip;]<\/p>\n","protected":false},"author":39,"featured_media":137088,"comment_status":"closed","ping_status":"closed","sticky":false,"template":"","format":"standard","meta":[],"categories":[62],"tags":[2487,5255,25002,105286],"suno_strategy":[],"class_list":["post-128527","post","type-post","status-publish","format-standard","has-post-thumbnail","hentry","category-economia","tag-coronavirus","tag-covid-19","tag-vacina","tag-vacina-da-pfizer"],"yoast_head":"<!-- This site is optimized with the Yoast SEO plugin v24.4 - https:\/\/yoast.com\/wordpress\/plugins\/seo\/ -->\n<title>Governo comprar\u00e1 vacina dos laborat\u00f3rios Pfizer e Janssen, diz jornal<\/title>\n<meta name=\"description\" content=\"O Minist\u00e9rio da Sa\u00fade deve assinar o contrato para comprar a vacina de Covid-19 desenvolvida pela Pfizer. Clique aqui e saiba mais!\" \/>\n<meta name=\"robots\" content=\"index, follow, max-snippet:-1, max-image-preview:large, max-video-preview:-1\" \/>\n<link rel=\"canonical\" href=\"https:\/\/www.suno.com.br\/noticias\/vacinas-pfizer-governo-comprara\/\" \/>\n<meta property=\"og:locale\" content=\"pt_BR\" \/>\n<meta property=\"og:type\" content=\"article\" \/>\n<meta property=\"og:title\" content=\"Governo comprar\u00e1 vacina dos laborat\u00f3rios Pfizer e Janssen, diz jornal\" \/>\n<meta property=\"og:description\" content=\"O Minist\u00e9rio da Sa\u00fade deve assinar o contrato para comprar a vacina de Covid-19 desenvolvida pela Pfizer. Clique aqui e saiba mais!\" \/>\n<meta property=\"og:url\" content=\"https:\/\/www.suno.com.br\/noticias\/vacinas-pfizer-governo-comprara\/\" \/>\n<meta property=\"og:site_name\" content=\"Suno Not\u00edcias\" \/>\n<meta property=\"article:publisher\" content=\"https:\/\/facebook.com\/sunoresearch\" \/>\n<meta property=\"og:image\" content=\"https:\/\/files.sunoresearch.com.br\/n\/uploads\/2021\/03\/3ea7e1e8-pfizer.jpg\" \/>\n\t<meta property=\"og:image:width\" content=\"1000\" \/>\n\t<meta property=\"og:image:height\" content=\"1000\" \/>\n\t<meta property=\"og:image:type\" content=\"image\/jpeg\" \/>\n<meta name=\"author\" content=\"Laura Moutinho\" \/>\n<meta name=\"twitter:card\" content=\"summary_large_image\" \/>\n<meta name=\"twitter:creator\" content=\"@sunoresearch\" \/>\n<meta name=\"twitter:site\" content=\"@sunoresearch\" \/>\n<meta name=\"twitter:label1\" content=\"Escrito por\" \/>\n\t<meta name=\"twitter:data1\" content=\"Laura Moutinho\" \/>\n\t<meta name=\"twitter:label2\" content=\"Est. tempo de leitura\" \/>\n\t<meta name=\"twitter:data2\" content=\"2 minutos\" \/>\n<script type=\"application\/ld+json\" class=\"yoast-schema-graph\">{\"@context\":\"https:\/\/schema.org\",\"@graph\":[{\"@type\":\"NewsArticle\",\"@id\":\"https:\/\/www.suno.com.br\/noticias\/vacinas-pfizer-governo-comprara\/#article\",\"isPartOf\":{\"@id\":\"https:\/\/www.suno.com.br\/noticias\/vacinas-pfizer-governo-comprara\/\"},\"author\":{\"name\":\"Laura Moutinho\",\"@id\":\"https:\/\/www.suno.com.br\/noticias\/#\/schema\/person\/3df0d2808748b74496efe5dbeaef2c72\"},\"headline\":\"Governo comprar\u00e1 vacina dos laborat\u00f3rios Pfizer e Janssen, diz jornal\",\"datePublished\":\"2021-03-03T20:13:24+00:00\",\"dateModified\":\"2021-04-05T23:54:22+00:00\",\"mainEntityOfPage\":{\"@id\":\"https:\/\/www.suno.com.br\/noticias\/vacinas-pfizer-governo-comprara\/\"},\"wordCount\":448,\"publisher\":{\"@id\":\"https:\/\/www.suno.com.br\/noticias\/#organization\"},\"image\":{\"@id\":\"https:\/\/www.suno.com.br\/noticias\/vacinas-pfizer-governo-comprara\/#primaryimage\"},\"thumbnailUrl\":\"https:\/\/files.sunoresearch.com.br\/n\/uploads\/2021\/03\/3ea7e1e8-pfizer-jpg.webp\",\"keywords\":[\"coronav\u00edrus\",\"covid-19\",\"vacina\",\"vacina da Pfizer\"],\"articleSection\":[\"Economia\"],\"inLanguage\":\"pt-BR\"},{\"@type\":\"WebPage\",\"@id\":\"https:\/\/www.suno.com.br\/noticias\/vacinas-pfizer-governo-comprara\/\",\"url\":\"https:\/\/www.suno.com.br\/noticias\/vacinas-pfizer-governo-comprara\/\",\"name\":\"Governo comprar\u00e1 vacina dos laborat\u00f3rios Pfizer e Janssen, diz jornal\",\"isPartOf\":{\"@id\":\"https:\/\/www.suno.com.br\/noticias\/#website\"},\"primaryImageOfPage\":{\"@id\":\"https:\/\/www.suno.com.br\/noticias\/vacinas-pfizer-governo-comprara\/#primaryimage\"},\"image\":{\"@id\":\"https:\/\/www.suno.com.br\/noticias\/vacinas-pfizer-governo-comprara\/#primaryimage\"},\"thumbnailUrl\":\"https:\/\/files.sunoresearch.com.br\/n\/uploads\/2021\/03\/3ea7e1e8-pfizer-jpg.webp\",\"datePublished\":\"2021-03-03T20:13:24+00:00\",\"dateModified\":\"2021-04-05T23:54:22+00:00\",\"description\":\"O Minist\u00e9rio da Sa\u00fade deve assinar o contrato para comprar a vacina de Covid-19 desenvolvida pela Pfizer. Clique aqui e saiba mais!\",\"breadcrumb\":{\"@id\":\"https:\/\/www.suno.com.br\/noticias\/vacinas-pfizer-governo-comprara\/#breadcrumb\"},\"inLanguage\":\"pt-BR\",\"potentialAction\":[{\"@type\":\"ReadAction\",\"target\":[\"https:\/\/www.suno.com.br\/noticias\/vacinas-pfizer-governo-comprara\/\"]}]},{\"@type\":\"ImageObject\",\"inLanguage\":\"pt-BR\",\"@id\":\"https:\/\/www.suno.com.br\/noticias\/vacinas-pfizer-governo-comprara\/#primaryimage\",\"url\":\"https:\/\/files.sunoresearch.com.br\/n\/uploads\/2021\/03\/3ea7e1e8-pfizer-jpg.webp\",\"contentUrl\":\"https:\/\/files.sunoresearch.com.br\/n\/uploads\/2021\/03\/3ea7e1e8-pfizer-jpg.webp\",\"width\":1000,\"height\":1000,\"caption\":\"Pfizer. Foto: Reprodu\u00e7\u00e3o Facebook\"},{\"@type\":\"BreadcrumbList\",\"@id\":\"https:\/\/www.suno.com.br\/noticias\/vacinas-pfizer-governo-comprara\/#breadcrumb\",\"itemListElement\":[{\"@type\":\"ListItem\",\"position\":1,\"name\":\"Not\u00edcias\",\"item\":\"https:\/\/www.suno.com.br\/noticias\/\"},{\"@type\":\"ListItem\",\"position\":2,\"name\":\"Economia\",\"item\":\"https:\/\/www.suno.com.br\/noticias\/economia\/\"},{\"@type\":\"ListItem\",\"position\":3,\"name\":\"Governo comprar\u00e1 vacina dos laborat\u00f3rios Pfizer e Janssen, diz jornal\"}]},{\"@type\":\"WebSite\",\"@id\":\"https:\/\/www.suno.com.br\/noticias\/#website\",\"url\":\"https:\/\/www.suno.com.br\/noticias\/\",\"name\":\"Suno Not\u00edcias\",\"description\":\"Seu portal de informa\u00e7\u00e3o sobre o mundo dos investimentos\",\"publisher\":{\"@id\":\"https:\/\/www.suno.com.br\/noticias\/#organization\"},\"potentialAction\":[{\"@type\":\"SearchAction\",\"target\":{\"@type\":\"EntryPoint\",\"urlTemplate\":\"https:\/\/www.suno.com.br\/noticias\/?s={search_term_string}\"},\"query-input\":{\"@type\":\"PropertyValueSpecification\",\"valueRequired\":true,\"valueName\":\"search_term_string\"}}],\"inLanguage\":\"pt-BR\"},{\"@type\":\"Organization\",\"@id\":\"https:\/\/www.suno.com.br\/noticias\/#organization\",\"name\":\"Suno Not\u00edcias\",\"url\":\"https:\/\/www.suno.com.br\/noticias\/\",\"logo\":{\"@type\":\"ImageObject\",\"inLanguage\":\"pt-BR\",\"@id\":\"https:\/\/www.suno.com.br\/noticias\/#\/schema\/logo\/image\/\",\"url\":\"https:\/\/files.sunoresearch.com.br\/n\/uploads\/2021\/09\/suno-logo.png\",\"contentUrl\":\"https:\/\/files.sunoresearch.com.br\/n\/uploads\/2021\/09\/suno-logo.png\",\"width\":180,\"height\":180,\"caption\":\"Suno Not\u00edcias\"},\"image\":{\"@id\":\"https:\/\/www.suno.com.br\/noticias\/#\/schema\/logo\/image\/\"},\"sameAs\":[\"https:\/\/facebook.com\/sunoresearch\",\"https:\/\/x.com\/sunoresearch\",\"https:\/\/www.instagram.com\/suno\",\"https:\/\/www.linkedin.com\/company\/suno-research\/\",\"https:\/\/www.youtube.com\/c\/sunoresearch\"]},{\"@type\":\"Person\",\"@id\":\"https:\/\/www.suno.com.br\/noticias\/#\/schema\/person\/3df0d2808748b74496efe5dbeaef2c72\",\"name\":\"Laura Moutinho\",\"image\":{\"@type\":\"ImageObject\",\"inLanguage\":\"pt-BR\",\"@id\":\"https:\/\/www.suno.com.br\/noticias\/#\/schema\/person\/image\/\",\"url\":\"https:\/\/secure.gravatar.com\/avatar\/7571c7c8ca3a6fca5e41384ece5557ff?s=96&r=g\",\"contentUrl\":\"https:\/\/secure.gravatar.com\/avatar\/7571c7c8ca3a6fca5e41384ece5557ff?s=96&r=g\",\"caption\":\"Laura Moutinho\"},\"description\":\"Estagi\u00e1ria na Suno Not\u00edcias, escreve not\u00edcias que afetam o mercado financeiro. Estuda administra\u00e7\u00e3o na Universidade Presbiteriana Mackenzie.\",\"url\":\"https:\/\/www.suno.com.br\/noticias\/author\/laura-moutinho\/\"}]}<\/script>\n<!-- \/ Yoast SEO plugin. -->","yoast_head_json":{"title":"Governo comprar\u00e1 vacina dos laborat\u00f3rios Pfizer e Janssen, diz jornal","description":"O Minist\u00e9rio da Sa\u00fade deve assinar o contrato para comprar a vacina de Covid-19 desenvolvida pela Pfizer. Clique aqui e saiba mais!","robots":{"index":"index","follow":"follow","max-snippet":"max-snippet:-1","max-image-preview":"max-image-preview:large","max-video-preview":"max-video-preview:-1"},"canonical":"https:\/\/www.suno.com.br\/noticias\/vacinas-pfizer-governo-comprara\/","og_locale":"pt_BR","og_type":"article","og_title":"Governo comprar\u00e1 vacina dos laborat\u00f3rios Pfizer e Janssen, diz jornal","og_description":"O Minist\u00e9rio da Sa\u00fade deve assinar o contrato para comprar a vacina de Covid-19 desenvolvida pela Pfizer. Clique aqui e saiba mais!","og_url":"https:\/\/www.suno.com.br\/noticias\/vacinas-pfizer-governo-comprara\/","og_site_name":"Suno Not\u00edcias","article_publisher":"https:\/\/facebook.com\/sunoresearch","og_image":[{"width":1000,"height":1000,"url":"https:\/\/files.sunoresearch.com.br\/n\/uploads\/2021\/03\/3ea7e1e8-pfizer.jpg","type":"image\/jpeg"}],"author":"Laura Moutinho","twitter_card":"summary_large_image","twitter_creator":"@sunoresearch","twitter_site":"@sunoresearch","twitter_misc":{"Escrito por":"Laura Moutinho","Est. tempo de leitura":"2 minutos"},"schema":{"@context":"https:\/\/schema.org","@graph":[{"@type":"NewsArticle","@id":"https:\/\/www.suno.com.br\/noticias\/vacinas-pfizer-governo-comprara\/#article","isPartOf":{"@id":"https:\/\/www.suno.com.br\/noticias\/vacinas-pfizer-governo-comprara\/"},"author":{"name":"Laura Moutinho","@id":"https:\/\/www.suno.com.br\/noticias\/#\/schema\/person\/3df0d2808748b74496efe5dbeaef2c72"},"headline":"Governo comprar\u00e1 vacina dos laborat\u00f3rios Pfizer e Janssen, diz jornal","datePublished":"2021-03-03T20:13:24+00:00","dateModified":"2021-04-05T23:54:22+00:00","mainEntityOfPage":{"@id":"https:\/\/www.suno.com.br\/noticias\/vacinas-pfizer-governo-comprara\/"},"wordCount":448,"publisher":{"@id":"https:\/\/www.suno.com.br\/noticias\/#organization"},"image":{"@id":"https:\/\/www.suno.com.br\/noticias\/vacinas-pfizer-governo-comprara\/#primaryimage"},"thumbnailUrl":"https:\/\/files.sunoresearch.com.br\/n\/uploads\/2021\/03\/3ea7e1e8-pfizer-jpg.webp","keywords":["coronav\u00edrus","covid-19","vacina","vacina da Pfizer"],"articleSection":["Economia"],"inLanguage":"pt-BR"},{"@type":"WebPage","@id":"https:\/\/www.suno.com.br\/noticias\/vacinas-pfizer-governo-comprara\/","url":"https:\/\/www.suno.com.br\/noticias\/vacinas-pfizer-governo-comprara\/","name":"Governo comprar\u00e1 vacina dos laborat\u00f3rios Pfizer e Janssen, diz jornal","isPartOf":{"@id":"https:\/\/www.suno.com.br\/noticias\/#website"},"primaryImageOfPage":{"@id":"https:\/\/www.suno.com.br\/noticias\/vacinas-pfizer-governo-comprara\/#primaryimage"},"image":{"@id":"https:\/\/www.suno.com.br\/noticias\/vacinas-pfizer-governo-comprara\/#primaryimage"},"thumbnailUrl":"https:\/\/files.sunoresearch.com.br\/n\/uploads\/2021\/03\/3ea7e1e8-pfizer-jpg.webp","datePublished":"2021-03-03T20:13:24+00:00","dateModified":"2021-04-05T23:54:22+00:00","description":"O Minist\u00e9rio da Sa\u00fade deve assinar o contrato para comprar a vacina de Covid-19 desenvolvida pela Pfizer. Clique aqui e saiba mais!","breadcrumb":{"@id":"https:\/\/www.suno.com.br\/noticias\/vacinas-pfizer-governo-comprara\/#breadcrumb"},"inLanguage":"pt-BR","potentialAction":[{"@type":"ReadAction","target":["https:\/\/www.suno.com.br\/noticias\/vacinas-pfizer-governo-comprara\/"]}]},{"@type":"ImageObject","inLanguage":"pt-BR","@id":"https:\/\/www.suno.com.br\/noticias\/vacinas-pfizer-governo-comprara\/#primaryimage","url":"https:\/\/files.sunoresearch.com.br\/n\/uploads\/2021\/03\/3ea7e1e8-pfizer-jpg.webp","contentUrl":"https:\/\/files.sunoresearch.com.br\/n\/uploads\/2021\/03\/3ea7e1e8-pfizer-jpg.webp","width":1000,"height":1000,"caption":"Pfizer. Foto: Reprodu\u00e7\u00e3o Facebook"},{"@type":"BreadcrumbList","@id":"https:\/\/www.suno.com.br\/noticias\/vacinas-pfizer-governo-comprara\/#breadcrumb","itemListElement":[{"@type":"ListItem","position":1,"name":"Not\u00edcias","item":"https:\/\/www.suno.com.br\/noticias\/"},{"@type":"ListItem","position":2,"name":"Economia","item":"https:\/\/www.suno.com.br\/noticias\/economia\/"},{"@type":"ListItem","position":3,"name":"Governo comprar\u00e1 vacina dos laborat\u00f3rios Pfizer e Janssen, diz jornal"}]},{"@type":"WebSite","@id":"https:\/\/www.suno.com.br\/noticias\/#website","url":"https:\/\/www.suno.com.br\/noticias\/","name":"Suno Not\u00edcias","description":"Seu portal de informa\u00e7\u00e3o sobre o mundo dos investimentos","publisher":{"@id":"https:\/\/www.suno.com.br\/noticias\/#organization"},"potentialAction":[{"@type":"SearchAction","target":{"@type":"EntryPoint","urlTemplate":"https:\/\/www.suno.com.br\/noticias\/?s={search_term_string}"},"query-input":{"@type":"PropertyValueSpecification","valueRequired":true,"valueName":"search_term_string"}}],"inLanguage":"pt-BR"},{"@type":"Organization","@id":"https:\/\/www.suno.com.br\/noticias\/#organization","name":"Suno Not\u00edcias","url":"https:\/\/www.suno.com.br\/noticias\/","logo":{"@type":"ImageObject","inLanguage":"pt-BR","@id":"https:\/\/www.suno.com.br\/noticias\/#\/schema\/logo\/image\/","url":"https:\/\/files.sunoresearch.com.br\/n\/uploads\/2021\/09\/suno-logo.png","contentUrl":"https:\/\/files.sunoresearch.com.br\/n\/uploads\/2021\/09\/suno-logo.png","width":180,"height":180,"caption":"Suno Not\u00edcias"},"image":{"@id":"https:\/\/www.suno.com.br\/noticias\/#\/schema\/logo\/image\/"},"sameAs":["https:\/\/facebook.com\/sunoresearch","https:\/\/x.com\/sunoresearch","https:\/\/www.instagram.com\/suno","https:\/\/www.linkedin.com\/company\/suno-research\/","https:\/\/www.youtube.com\/c\/sunoresearch"]},{"@type":"Person","@id":"https:\/\/www.suno.com.br\/noticias\/#\/schema\/person\/3df0d2808748b74496efe5dbeaef2c72","name":"Laura Moutinho","image":{"@type":"ImageObject","inLanguage":"pt-BR","@id":"https:\/\/www.suno.com.br\/noticias\/#\/schema\/person\/image\/","url":"https:\/\/secure.gravatar.com\/avatar\/7571c7c8ca3a6fca5e41384ece5557ff?s=96&r=g","contentUrl":"https:\/\/secure.gravatar.com\/avatar\/7571c7c8ca3a6fca5e41384ece5557ff?s=96&r=g","caption":"Laura Moutinho"},"description":"Estagi\u00e1ria na Suno Not\u00edcias, escreve not\u00edcias que afetam o mercado financeiro. Estuda administra\u00e7\u00e3o na Universidade Presbiteriana Mackenzie.","url":"https:\/\/www.suno.com.br\/noticias\/author\/laura-moutinho\/"}]}},"default_loop_html":"<div class=\"cardsPage__listCard__boxs\"><div class=\"cardsPage__listCard__boxs__img\"><a href=\"https:\/\/www.suno.com.br\/noticias\/vacinas-pfizer-governo-comprara\/\"><img class=\"mask\" src=\"https:\/\/www.suno.com.br\/noticias\/wp-content\/themes\/suno\/resources\/images\/spotlight\/spotlight1img\/bg-mask.png\" alt=\"Image Mask\"\/><img src=\"https:\/\/files.sunoresearch.com.br\/n\/uploads\/2021\/03\/3ea7e1e8-pfizer-400x200.webp\" alt=\"Governo comprar\u00e1 vacina dos laborat\u00f3rios Pfizer e Janssen, diz jornal\"\/><\/a><span class=\"spotlightCategory\"><a href=\"https:\/\/www.suno.com.br\/noticias\/economia\/\">Economia<\/a><\/span><\/div><div class=\"cardsPage__listCard__boxs__content\"><a href=\"https:\/\/www.suno.com.br\/noticias\/vacinas-pfizer-governo-comprara\/\"><h2 class=\"content__title\">Governo comprar\u00e1 vacina dos laborat\u00f3rios Pfizer e Janssen, diz jornal<\/h2><\/a><div class=\"newsContent__article__meta\"><div class=\"newsContent__article__meta__authorBox\"><a href=\"https:\/\/www.suno.com.br\/noticias\/author\/laura-moutinho\/\" class=\"authorBox__avatar noMobi\"><img src=\"https:\/\/files.sunoresearch.com.br\/n\/uploads\/2020\/08\/531ff69d-whatsapp-image-2020-08-03-at-14.54.38-150x150.webp\" alt=\"Laura Moutinho\"><\/a><div class=\"authorBox__name\"><span>por\n\t\t\t<a href=\"https:\/\/www.suno.com.br\/noticias\/author\/laura-moutinho\/\"><span itemprop=\"author\">Laura Moutinho<\/span><\/a><\/span><time datetime=\"2021-03-03T17:13:24-03:00\" itemprop=\"datePublished\">03\/03\/2021 17:13<\/time><\/div><\/div><\/div><\/div><\/div>","single_layout":"posts","amp_enabled":true,"_links":{"self":[{"href":"https:\/\/www.suno.com.br\/noticias\/wp-json\/wp\/v2\/posts\/128527"}],"collection":[{"href":"https:\/\/www.suno.com.br\/noticias\/wp-json\/wp\/v2\/posts"}],"about":[{"href":"https:\/\/www.suno.com.br\/noticias\/wp-json\/wp\/v2\/types\/post"}],"author":[{"embeddable":true,"href":"https:\/\/www.suno.com.br\/noticias\/wp-json\/wp\/v2\/users\/39"}],"replies":[{"embeddable":true,"href":"https:\/\/www.suno.com.br\/noticias\/wp-json\/wp\/v2\/comments?post=128527"}],"version-history":[{"count":2,"href":"https:\/\/www.suno.com.br\/noticias\/wp-json\/wp\/v2\/posts\/128527\/revisions"}],"predecessor-version":[{"id":128543,"href":"https:\/\/www.suno.com.br\/noticias\/wp-json\/wp\/v2\/posts\/128527\/revisions\/128543"}],"wp:featuredmedia":[{"embeddable":true,"href":"https:\/\/www.suno.com.br\/noticias\/wp-json\/wp\/v2\/media\/137088"}],"wp:attachment":[{"href":"https:\/\/www.suno.com.br\/noticias\/wp-json\/wp\/v2\/media?parent=128527"}],"wp:term":[{"taxonomy":"category","embeddable":true,"href":"https:\/\/www.suno.com.br\/noticias\/wp-json\/wp\/v2\/categories?post=128527"},{"taxonomy":"post_tag","embeddable":true,"href":"https:\/\/www.suno.com.br\/noticias\/wp-json\/wp\/v2\/tags?post=128527"},{"taxonomy":"suno_strategy","embeddable":true,"href":"https:\/\/www.suno.com.br\/noticias\/wp-json\/wp\/v2\/suno_strategy?post=128527"}],"curies":[{"name":"wp","href":"https:\/\/api.w.org\/{rel}","templated":true}]}}