{"id":12845,"date":"2019-01-23T20:44:29","date_gmt":"2019-01-23T22:44:29","guid":{"rendered":"https:\/\/www.suno.com.br\/noticias\/?p=12845"},"modified":"2019-01-23T20:48:20","modified_gmt":"2019-01-23T22:48:20","slug":"metas-governo-excluem-reforma-previdencia","status":"publish","type":"post","link":"https:\/\/www.suno.com.br\/noticias\/metas-governo-excluem-reforma-previdencia\/","title":{"rendered":"Metas para 100 primeiros dias de governo excluem reforma da Previd\u00eancia"},"content":{"rendered":"<p>A gest\u00e3o de Jair Bolsonaro elaborou um documento com as metas dos 100 primeiros dias do governo. Entre elas, no entanto, n\u00e3o constava a reforma da Previd\u00eancia, tida como priorit\u00e1ria por Bolsonaro.<\/p>\t<div class=\"wrapper-featured-image\">\n\t\t<figure class=\"spotlightImg\">\n\n\t\t\t<picture>\n\t\t\t\t<source media=\"(max-width: 768px)\" srcset=\"https:\/\/files.sunoresearch.com.br\/n\/uploads\/2019\/01\/65061e0b-onyx-lorenzoni2-400x200.webp\">\n\t\t\t\t<img loading=\"lazy\" decoding=\"async\" class=\"newsContent__article__imgCapa lazyloadDisabled newsContent__article__imgCapa--noCaption\" src=\"https:\/\/files.sunoresearch.com.br\/n\/uploads\/2019\/01\/65061e0b-onyx-lorenzoni2-jpg.webp\" width=\"800\" height=\"450\" alt=\"Metas para 100 primeiros dias de governo excluem reforma da Previd\u00eancia\" fetchpriority=high \/>\n\t\t\t<\/picture>\n\n\t\t\t<figcaption class=\"wp-caption-text wp-caption-text--hide\">coronavoucher - Onyx<\/figcaption>\n\t\t<\/figure>\n\t<\/div>\n\n\n<p>O documento foi distribu\u00eddo nesta quarta (23) pela Casa Civil. Nele, h\u00e1 cinco medidas que precisam ser tomadas pela pasta, comandada por <strong>Onyx Lorenzoni<\/strong>, at\u00e9 meados de abril.<\/p>\n<p>&#8220;Todas essas <strong>metas<\/strong> s\u00e3o tentativas. N\u00f3s vamos lutar internamente para fazer essas redu\u00e7\u00f5es dentro dos primeiros 100 dias. [Elas] t\u00eam um grande benefici\u00e1rio, o cidad\u00e3o e a cidad\u00e3 na ponta&#8221;, disse <strong>Lorenzoni<\/strong> ao apresentar o documento.<\/p>\n<p><a href=\"https:\/\/www.suno.com.br\/noticias\/reforma-previdencia-congresso-guedes\/\">Saiba mais: Guedes: Reforma da Previd\u00eancia deve ir ao Congresso na semana que vem<\/a><\/p>\n<p><a href=\"https:\/\/www.suno.com.br\/noticias\/reforma-previdencia-confira-cenarios-2019\/\">Saiba mais: Reforma da Previd\u00eancia: Confira quais s\u00e3o os cen\u00e1rios para 2019<\/a><\/p>\n<h2>As medidas listadas pelo governo Bolsonaro<\/h2>\n<ul>\n<li>A primeira medida foi listada pelo minist\u00e9rio da Economia, de <strong>Paulo Guedes<\/strong>: a Medida Provis\u00f3ria de combate a fraudes no Instituto Nacional de Securidade Social (<strong>INSS<\/strong>). A MP foi assinada na semana passada por Bolsonaro. Assim, o governo estima economizar R$ 9,8 bilh\u00f5es em 2019 e R$ 20 bilh\u00f5es em 2020;<\/li>\n<li>Reduzir o tamanho do Estado, com o corte de 21 mil cargos comissionados;<\/li>\n<li>Intensificar a internacionaliza\u00e7\u00e3o da economia brasileira. &#8220;Promover a inser\u00e7\u00e3o comercial do Brasil a partir de estrat\u00e9gia de medidas de facilita\u00e7\u00e3o de com\u00e9rcio, converg\u00eancia regulat\u00f3ria, negocia\u00e7\u00e3o de acordos comerciais e reforma da estrutura tarif\u00e1ria internacional&#8221;, diz o texto. <span style=\"font-size: 1.21429rem;\">No documento, entretanto, n\u00e3o h\u00e1 men\u00e7\u00e3o sobre com quais pa\u00edses o Brasil pretende estreitar rela\u00e7\u00f5es comerciais;<\/span><\/li>\n<li>Ado\u00e7\u00e3o de medidas de efici\u00eancia administrativa para autorizar novos concursos p\u00fablicos tamb\u00e9m consta no documento;<\/li>\n<li>Sistema Nacional de Emprego (Sine). O governo pretende abrir os dados dos cadastrados no sistema para facilitar o acesso de empresas a curr\u00edculos de pessoas desempregadas;<\/li>\n<li>Leil\u00e3o do excedente da cess\u00e3o onerosa. Com ele, espera-se arrecadar R$ 100 bilh\u00f5es;<\/li>\n<li>Ampliar investimentos na malha ferrovi\u00e1ria e modernizar a infraestrutura de 12 aeroportos. Al\u00e9m disso, o governo quer leiloar dez portos;<\/li>\n<li>Independ\u00eancia do <a href=\"https:\/\/www.suno.com.br\/artigos\/bacen\/\">Banco Central<\/a> e aprimoramento de medidas de governan\u00e7a nas institui\u00e7\u00f5es financeiras p\u00fablicas. Para isso, haver\u00e1 implementa\u00e7\u00e3o de crit\u00e9rios para o exerc\u00edcio do cargo;<\/li>\n<li>Cria\u00e7\u00e3o do 13\u00ba sal\u00e1rio para benefici\u00e1rios do Bolsa Fam\u00edlia. A previs\u00e3o \u00e9 que isso gere um impacto de R$ 2,5 bilh\u00f5es no or\u00e7amento do programa;<\/li>\n<li>Medida Provis\u00f3ria para regulamentar o direito \u00e0 educa\u00e7\u00e3o domiciliar.<\/li>\n<\/ul>\n<p>&nbsp;<\/p>\n","protected":false},"excerpt":{"rendered":"<p>A gest\u00e3o de Jair Bolsonaro elaborou um documento com as metas dos 100 primeiros dias do governo. Entre elas, no entanto, n\u00e3o constava a reforma da Previd\u00eancia, tida como priorit\u00e1ria por Bolsonaro. coronavoucher &#8211; Onyx O documento foi distribu\u00eddo nesta quarta (23) pela Casa Civil. Nele, h\u00e1 cinco medidas que precisam ser tomadas pela pasta, [&hellip;]<\/p>\n","protected":false},"author":13,"featured_media":10761,"comment_status":"closed","ping_status":"closed","sticky":false,"template":"","format":"standard","meta":[],"categories":[62],"tags":[740,719,939,796,940],"suno_strategy":[],"class_list":["post-12845","post","type-post","status-publish","format-standard","has-post-thumbnail","hentry","category-economia","tag-economia","tag-jair-bolsonaro","tag-onyx-lorenzoni","tag-paulo-guedes","tag-reforma-da-previdencia"],"yoast_head":"<!-- This site is optimized with the Yoast SEO plugin v24.4 - https:\/\/yoast.com\/wordpress\/plugins\/seo\/ -->\n<title>Metas para 100 primeiros dias de governo excluem reforma da Previd\u00eancia<\/title>\n<meta name=\"description\" content=\"A gest\u00e3o Bolsonaro listou metas para os 100 primeiros dias do governo. No documento, n\u00e3o consta a reforma da Previd\u00eancia. Clique e saiba+\" \/>\n<meta name=\"robots\" content=\"index, follow, max-snippet:-1, max-image-preview:large, max-video-preview:-1\" \/>\n<link rel=\"canonical\" href=\"https:\/\/www.suno.com.br\/noticias\/metas-governo-excluem-reforma-previdencia\/\" \/>\n<meta property=\"og:locale\" content=\"pt_BR\" \/>\n<meta property=\"og:type\" content=\"article\" \/>\n<meta property=\"og:title\" content=\"Metas para 100 primeiros dias de governo excluem reforma da Previd\u00eancia\" \/>\n<meta property=\"og:description\" content=\"A gest\u00e3o Bolsonaro listou metas para os 100 primeiros dias do governo. No documento, n\u00e3o consta a reforma da Previd\u00eancia. Clique e saiba+\" \/>\n<meta property=\"og:url\" content=\"https:\/\/www.suno.com.br\/noticias\/metas-governo-excluem-reforma-previdencia\/\" \/>\n<meta property=\"og:site_name\" content=\"Suno Not\u00edcias\" \/>\n<meta property=\"article:publisher\" content=\"https:\/\/facebook.com\/sunoresearch\" \/>\n<meta property=\"og:image\" content=\"https:\/\/files.sunoresearch.com.br\/n\/uploads\/2019\/01\/65061e0b-onyx-lorenzoni2.jpg\" \/>\n\t<meta property=\"og:image:width\" content=\"652\" \/>\n\t<meta property=\"og:image:height\" content=\"408\" \/>\n\t<meta property=\"og:image:type\" content=\"image\/jpeg\" \/>\n<meta name=\"author\" content=\"Guilherme Caetano\" \/>\n<meta name=\"twitter:card\" content=\"summary_large_image\" \/>\n<meta name=\"twitter:creator\" content=\"@sunoresearch\" \/>\n<meta name=\"twitter:site\" content=\"@sunoresearch\" \/>\n<meta name=\"twitter:label1\" content=\"Escrito por\" \/>\n\t<meta name=\"twitter:data1\" content=\"Guilherme Caetano\" \/>\n\t<meta name=\"twitter:label2\" content=\"Est. tempo de leitura\" \/>\n\t<meta name=\"twitter:data2\" content=\"2 minutos\" \/>\n<script type=\"application\/ld+json\" class=\"yoast-schema-graph\">{\"@context\":\"https:\/\/schema.org\",\"@graph\":[{\"@type\":\"NewsArticle\",\"@id\":\"https:\/\/www.suno.com.br\/noticias\/metas-governo-excluem-reforma-previdencia\/#article\",\"isPartOf\":{\"@id\":\"https:\/\/www.suno.com.br\/noticias\/metas-governo-excluem-reforma-previdencia\/\"},\"author\":{\"name\":\"Guilherme Caetano\",\"@id\":\"https:\/\/www.suno.com.br\/noticias\/#\/schema\/person\/0d0c9687cd2f600c564f25980c140de9\"},\"headline\":\"Metas para 100 primeiros dias de governo excluem reforma da Previd\u00eancia\",\"datePublished\":\"2019-01-23T22:44:29+00:00\",\"dateModified\":\"2019-01-23T22:48:20+00:00\",\"mainEntityOfPage\":{\"@id\":\"https:\/\/www.suno.com.br\/noticias\/metas-governo-excluem-reforma-previdencia\/\"},\"wordCount\":433,\"publisher\":{\"@id\":\"https:\/\/www.suno.com.br\/noticias\/#organization\"},\"image\":{\"@id\":\"https:\/\/www.suno.com.br\/noticias\/metas-governo-excluem-reforma-previdencia\/#primaryimage\"},\"thumbnailUrl\":\"https:\/\/files.sunoresearch.com.br\/n\/uploads\/2019\/01\/65061e0b-onyx-lorenzoni2-jpg.webp\",\"keywords\":[\"Economia\",\"Jair Bolsonaro\",\"Onyx Lorenzoni\",\"Paulo Guedes\",\"Reforma da Previd\u00eancia\"],\"articleSection\":[\"Economia\"],\"inLanguage\":\"pt-BR\"},{\"@type\":\"WebPage\",\"@id\":\"https:\/\/www.suno.com.br\/noticias\/metas-governo-excluem-reforma-previdencia\/\",\"url\":\"https:\/\/www.suno.com.br\/noticias\/metas-governo-excluem-reforma-previdencia\/\",\"name\":\"Metas para 100 primeiros dias de governo excluem reforma da Previd\u00eancia\",\"isPartOf\":{\"@id\":\"https:\/\/www.suno.com.br\/noticias\/#website\"},\"primaryImageOfPage\":{\"@id\":\"https:\/\/www.suno.com.br\/noticias\/metas-governo-excluem-reforma-previdencia\/#primaryimage\"},\"image\":{\"@id\":\"https:\/\/www.suno.com.br\/noticias\/metas-governo-excluem-reforma-previdencia\/#primaryimage\"},\"thumbnailUrl\":\"https:\/\/files.sunoresearch.com.br\/n\/uploads\/2019\/01\/65061e0b-onyx-lorenzoni2-jpg.webp\",\"datePublished\":\"2019-01-23T22:44:29+00:00\",\"dateModified\":\"2019-01-23T22:48:20+00:00\",\"description\":\"A gest\u00e3o Bolsonaro listou metas para os 100 primeiros dias do governo. No documento, n\u00e3o consta a reforma da Previd\u00eancia. Clique e saiba+\",\"breadcrumb\":{\"@id\":\"https:\/\/www.suno.com.br\/noticias\/metas-governo-excluem-reforma-previdencia\/#breadcrumb\"},\"inLanguage\":\"pt-BR\",\"potentialAction\":[{\"@type\":\"ReadAction\",\"target\":[\"https:\/\/www.suno.com.br\/noticias\/metas-governo-excluem-reforma-previdencia\/\"]}]},{\"@type\":\"ImageObject\",\"inLanguage\":\"pt-BR\",\"@id\":\"https:\/\/www.suno.com.br\/noticias\/metas-governo-excluem-reforma-previdencia\/#primaryimage\",\"url\":\"https:\/\/files.sunoresearch.com.br\/n\/uploads\/2019\/01\/65061e0b-onyx-lorenzoni2-jpg.webp\",\"contentUrl\":\"https:\/\/files.sunoresearch.com.br\/n\/uploads\/2019\/01\/65061e0b-onyx-lorenzoni2-jpg.webp\",\"width\":652,\"height\":408,\"caption\":\"coronavoucher - Onyx\"},{\"@type\":\"BreadcrumbList\",\"@id\":\"https:\/\/www.suno.com.br\/noticias\/metas-governo-excluem-reforma-previdencia\/#breadcrumb\",\"itemListElement\":[{\"@type\":\"ListItem\",\"position\":1,\"name\":\"Not\u00edcias\",\"item\":\"https:\/\/www.suno.com.br\/noticias\/\"},{\"@type\":\"ListItem\",\"position\":2,\"name\":\"Economia\",\"item\":\"https:\/\/www.suno.com.br\/noticias\/economia\/\"},{\"@type\":\"ListItem\",\"position\":3,\"name\":\"Metas para 100 primeiros dias de governo excluem reforma da Previd\u00eancia\"}]},{\"@type\":\"WebSite\",\"@id\":\"https:\/\/www.suno.com.br\/noticias\/#website\",\"url\":\"https:\/\/www.suno.com.br\/noticias\/\",\"name\":\"Suno Not\u00edcias\",\"description\":\"Seu portal de informa\u00e7\u00e3o sobre o mundo dos investimentos\",\"publisher\":{\"@id\":\"https:\/\/www.suno.com.br\/noticias\/#organization\"},\"potentialAction\":[{\"@type\":\"SearchAction\",\"target\":{\"@type\":\"EntryPoint\",\"urlTemplate\":\"https:\/\/www.suno.com.br\/noticias\/?s={search_term_string}\"},\"query-input\":{\"@type\":\"PropertyValueSpecification\",\"valueRequired\":true,\"valueName\":\"search_term_string\"}}],\"inLanguage\":\"pt-BR\"},{\"@type\":\"Organization\",\"@id\":\"https:\/\/www.suno.com.br\/noticias\/#organization\",\"name\":\"Suno Not\u00edcias\",\"url\":\"https:\/\/www.suno.com.br\/noticias\/\",\"logo\":{\"@type\":\"ImageObject\",\"inLanguage\":\"pt-BR\",\"@id\":\"https:\/\/www.suno.com.br\/noticias\/#\/schema\/logo\/image\/\",\"url\":\"https:\/\/files.sunoresearch.com.br\/n\/uploads\/2021\/09\/suno-logo.png\",\"contentUrl\":\"https:\/\/files.sunoresearch.com.br\/n\/uploads\/2021\/09\/suno-logo.png\",\"width\":180,\"height\":180,\"caption\":\"Suno Not\u00edcias\"},\"image\":{\"@id\":\"https:\/\/www.suno.com.br\/noticias\/#\/schema\/logo\/image\/\"},\"sameAs\":[\"https:\/\/facebook.com\/sunoresearch\",\"https:\/\/x.com\/sunoresearch\",\"https:\/\/www.instagram.com\/suno\",\"https:\/\/www.linkedin.com\/company\/suno-research\/\",\"https:\/\/www.youtube.com\/c\/sunoresearch\"]},{\"@type\":\"Person\",\"@id\":\"https:\/\/www.suno.com.br\/noticias\/#\/schema\/person\/0d0c9687cd2f600c564f25980c140de9\",\"name\":\"Guilherme Caetano\",\"image\":{\"@type\":\"ImageObject\",\"inLanguage\":\"pt-BR\",\"@id\":\"https:\/\/www.suno.com.br\/noticias\/#\/schema\/person\/image\/\",\"url\":\"https:\/\/secure.gravatar.com\/avatar\/e48357351a01702a0d19307070e081bf?s=96&r=g\",\"contentUrl\":\"https:\/\/secure.gravatar.com\/avatar\/e48357351a01702a0d19307070e081bf?s=96&r=g\",\"caption\":\"Guilherme Caetano\"},\"description\":\"Formado em jornalismo pela Escola de Comunica\u00e7\u00f5es e Artes da USP, Guilherme Caetano escreve para o portal de not\u00edcias da Suno Research. Passou pelas reda\u00e7\u00f5es da Folha de S.Paulo e da revista \u00c9poca.\",\"url\":\"https:\/\/www.suno.com.br\/noticias\/author\/guilherme-caetano\/\"}]}<\/script>\n<!-- \/ Yoast SEO plugin. -->","yoast_head_json":{"title":"Metas para 100 primeiros dias de governo excluem reforma da Previd\u00eancia","description":"A gest\u00e3o Bolsonaro listou metas para os 100 primeiros dias do governo. No documento, n\u00e3o consta a reforma da Previd\u00eancia. Clique e saiba+","robots":{"index":"index","follow":"follow","max-snippet":"max-snippet:-1","max-image-preview":"max-image-preview:large","max-video-preview":"max-video-preview:-1"},"canonical":"https:\/\/www.suno.com.br\/noticias\/metas-governo-excluem-reforma-previdencia\/","og_locale":"pt_BR","og_type":"article","og_title":"Metas para 100 primeiros dias de governo excluem reforma da Previd\u00eancia","og_description":"A gest\u00e3o Bolsonaro listou metas para os 100 primeiros dias do governo. No documento, n\u00e3o consta a reforma da Previd\u00eancia. Clique e saiba+","og_url":"https:\/\/www.suno.com.br\/noticias\/metas-governo-excluem-reforma-previdencia\/","og_site_name":"Suno Not\u00edcias","article_publisher":"https:\/\/facebook.com\/sunoresearch","og_image":[{"width":652,"height":408,"url":"https:\/\/files.sunoresearch.com.br\/n\/uploads\/2019\/01\/65061e0b-onyx-lorenzoni2.jpg","type":"image\/jpeg"}],"author":"Guilherme Caetano","twitter_card":"summary_large_image","twitter_creator":"@sunoresearch","twitter_site":"@sunoresearch","twitter_misc":{"Escrito por":"Guilherme Caetano","Est. tempo de leitura":"2 minutos"},"schema":{"@context":"https:\/\/schema.org","@graph":[{"@type":"NewsArticle","@id":"https:\/\/www.suno.com.br\/noticias\/metas-governo-excluem-reforma-previdencia\/#article","isPartOf":{"@id":"https:\/\/www.suno.com.br\/noticias\/metas-governo-excluem-reforma-previdencia\/"},"author":{"name":"Guilherme Caetano","@id":"https:\/\/www.suno.com.br\/noticias\/#\/schema\/person\/0d0c9687cd2f600c564f25980c140de9"},"headline":"Metas para 100 primeiros dias de governo excluem reforma da Previd\u00eancia","datePublished":"2019-01-23T22:44:29+00:00","dateModified":"2019-01-23T22:48:20+00:00","mainEntityOfPage":{"@id":"https:\/\/www.suno.com.br\/noticias\/metas-governo-excluem-reforma-previdencia\/"},"wordCount":433,"publisher":{"@id":"https:\/\/www.suno.com.br\/noticias\/#organization"},"image":{"@id":"https:\/\/www.suno.com.br\/noticias\/metas-governo-excluem-reforma-previdencia\/#primaryimage"},"thumbnailUrl":"https:\/\/files.sunoresearch.com.br\/n\/uploads\/2019\/01\/65061e0b-onyx-lorenzoni2-jpg.webp","keywords":["Economia","Jair Bolsonaro","Onyx Lorenzoni","Paulo Guedes","Reforma da Previd\u00eancia"],"articleSection":["Economia"],"inLanguage":"pt-BR"},{"@type":"WebPage","@id":"https:\/\/www.suno.com.br\/noticias\/metas-governo-excluem-reforma-previdencia\/","url":"https:\/\/www.suno.com.br\/noticias\/metas-governo-excluem-reforma-previdencia\/","name":"Metas para 100 primeiros dias de governo excluem reforma da Previd\u00eancia","isPartOf":{"@id":"https:\/\/www.suno.com.br\/noticias\/#website"},"primaryImageOfPage":{"@id":"https:\/\/www.suno.com.br\/noticias\/metas-governo-excluem-reforma-previdencia\/#primaryimage"},"image":{"@id":"https:\/\/www.suno.com.br\/noticias\/metas-governo-excluem-reforma-previdencia\/#primaryimage"},"thumbnailUrl":"https:\/\/files.sunoresearch.com.br\/n\/uploads\/2019\/01\/65061e0b-onyx-lorenzoni2-jpg.webp","datePublished":"2019-01-23T22:44:29+00:00","dateModified":"2019-01-23T22:48:20+00:00","description":"A gest\u00e3o Bolsonaro listou metas para os 100 primeiros dias do governo. No documento, n\u00e3o consta a reforma da Previd\u00eancia. Clique e saiba+","breadcrumb":{"@id":"https:\/\/www.suno.com.br\/noticias\/metas-governo-excluem-reforma-previdencia\/#breadcrumb"},"inLanguage":"pt-BR","potentialAction":[{"@type":"ReadAction","target":["https:\/\/www.suno.com.br\/noticias\/metas-governo-excluem-reforma-previdencia\/"]}]},{"@type":"ImageObject","inLanguage":"pt-BR","@id":"https:\/\/www.suno.com.br\/noticias\/metas-governo-excluem-reforma-previdencia\/#primaryimage","url":"https:\/\/files.sunoresearch.com.br\/n\/uploads\/2019\/01\/65061e0b-onyx-lorenzoni2-jpg.webp","contentUrl":"https:\/\/files.sunoresearch.com.br\/n\/uploads\/2019\/01\/65061e0b-onyx-lorenzoni2-jpg.webp","width":652,"height":408,"caption":"coronavoucher - Onyx"},{"@type":"BreadcrumbList","@id":"https:\/\/www.suno.com.br\/noticias\/metas-governo-excluem-reforma-previdencia\/#breadcrumb","itemListElement":[{"@type":"ListItem","position":1,"name":"Not\u00edcias","item":"https:\/\/www.suno.com.br\/noticias\/"},{"@type":"ListItem","position":2,"name":"Economia","item":"https:\/\/www.suno.com.br\/noticias\/economia\/"},{"@type":"ListItem","position":3,"name":"Metas para 100 primeiros dias de governo excluem reforma da Previd\u00eancia"}]},{"@type":"WebSite","@id":"https:\/\/www.suno.com.br\/noticias\/#website","url":"https:\/\/www.suno.com.br\/noticias\/","name":"Suno Not\u00edcias","description":"Seu portal de informa\u00e7\u00e3o sobre o mundo dos investimentos","publisher":{"@id":"https:\/\/www.suno.com.br\/noticias\/#organization"},"potentialAction":[{"@type":"SearchAction","target":{"@type":"EntryPoint","urlTemplate":"https:\/\/www.suno.com.br\/noticias\/?s={search_term_string}"},"query-input":{"@type":"PropertyValueSpecification","valueRequired":true,"valueName":"search_term_string"}}],"inLanguage":"pt-BR"},{"@type":"Organization","@id":"https:\/\/www.suno.com.br\/noticias\/#organization","name":"Suno Not\u00edcias","url":"https:\/\/www.suno.com.br\/noticias\/","logo":{"@type":"ImageObject","inLanguage":"pt-BR","@id":"https:\/\/www.suno.com.br\/noticias\/#\/schema\/logo\/image\/","url":"https:\/\/files.sunoresearch.com.br\/n\/uploads\/2021\/09\/suno-logo.png","contentUrl":"https:\/\/files.sunoresearch.com.br\/n\/uploads\/2021\/09\/suno-logo.png","width":180,"height":180,"caption":"Suno Not\u00edcias"},"image":{"@id":"https:\/\/www.suno.com.br\/noticias\/#\/schema\/logo\/image\/"},"sameAs":["https:\/\/facebook.com\/sunoresearch","https:\/\/x.com\/sunoresearch","https:\/\/www.instagram.com\/suno","https:\/\/www.linkedin.com\/company\/suno-research\/","https:\/\/www.youtube.com\/c\/sunoresearch"]},{"@type":"Person","@id":"https:\/\/www.suno.com.br\/noticias\/#\/schema\/person\/0d0c9687cd2f600c564f25980c140de9","name":"Guilherme Caetano","image":{"@type":"ImageObject","inLanguage":"pt-BR","@id":"https:\/\/www.suno.com.br\/noticias\/#\/schema\/person\/image\/","url":"https:\/\/secure.gravatar.com\/avatar\/e48357351a01702a0d19307070e081bf?s=96&r=g","contentUrl":"https:\/\/secure.gravatar.com\/avatar\/e48357351a01702a0d19307070e081bf?s=96&r=g","caption":"Guilherme Caetano"},"description":"Formado em jornalismo pela Escola de Comunica\u00e7\u00f5es e Artes da USP, Guilherme Caetano escreve para o portal de not\u00edcias da Suno Research. Passou pelas reda\u00e7\u00f5es da Folha de S.Paulo e da revista \u00c9poca.","url":"https:\/\/www.suno.com.br\/noticias\/author\/guilherme-caetano\/"}]}},"default_loop_html":"<div class=\"cardsPage__listCard__boxs\"><div class=\"cardsPage__listCard__boxs__img\"><a href=\"https:\/\/www.suno.com.br\/noticias\/metas-governo-excluem-reforma-previdencia\/\"><img class=\"mask\" src=\"https:\/\/www.suno.com.br\/noticias\/wp-content\/themes\/suno\/resources\/images\/spotlight\/spotlight1img\/bg-mask.png\" alt=\"Image Mask\"\/><img src=\"https:\/\/files.sunoresearch.com.br\/n\/uploads\/2019\/01\/65061e0b-onyx-lorenzoni2-400x200.webp\" alt=\"Metas para 100 primeiros dias de governo excluem reforma da Previd\u00eancia\"\/><\/a><span class=\"spotlightCategory\"><a href=\"https:\/\/www.suno.com.br\/noticias\/economia\/\">Economia<\/a><\/span><\/div><div class=\"cardsPage__listCard__boxs__content\"><a href=\"https:\/\/www.suno.com.br\/noticias\/metas-governo-excluem-reforma-previdencia\/\"><h2 class=\"content__title\">Metas para 100 primeiros dias de governo excluem reforma da Previd\u00eancia<\/h2><\/a><div class=\"newsContent__article__meta\"><div class=\"newsContent__article__meta__authorBox\"><a href=\"https:\/\/www.suno.com.br\/noticias\/author\/guilherme-caetano\/\" class=\"authorBox__avatar noMobi\"><img src=\"https:\/\/secure.gravatar.com\/avatar\/e48357351a01702a0d19307070e081bf?s=96&#038;r=g\" alt=\"Guilherme Caetano\"><\/a><div class=\"authorBox__name\"><span>por\n\t\t\t<a href=\"https:\/\/www.suno.com.br\/noticias\/author\/guilherme-caetano\/\"><span itemprop=\"author\">Guilherme Caetano<\/span><\/a><\/span><time datetime=\"2019-01-23T20:44:29-02:00\" itemprop=\"datePublished\">23\/01\/2019 20:44<\/time><\/div><\/div><\/div><\/div><\/div>","single_layout":"posts","amp_enabled":true,"_links":{"self":[{"href":"https:\/\/www.suno.com.br\/noticias\/wp-json\/wp\/v2\/posts\/12845"}],"collection":[{"href":"https:\/\/www.suno.com.br\/noticias\/wp-json\/wp\/v2\/posts"}],"about":[{"href":"https:\/\/www.suno.com.br\/noticias\/wp-json\/wp\/v2\/types\/post"}],"author":[{"embeddable":true,"href":"https:\/\/www.suno.com.br\/noticias\/wp-json\/wp\/v2\/users\/13"}],"replies":[{"embeddable":true,"href":"https:\/\/www.suno.com.br\/noticias\/wp-json\/wp\/v2\/comments?post=12845"}],"version-history":[{"count":0,"href":"https:\/\/www.suno.com.br\/noticias\/wp-json\/wp\/v2\/posts\/12845\/revisions"}],"wp:featuredmedia":[{"embeddable":true,"href":"https:\/\/www.suno.com.br\/noticias\/wp-json\/wp\/v2\/media\/10761"}],"wp:attachment":[{"href":"https:\/\/www.suno.com.br\/noticias\/wp-json\/wp\/v2\/media?parent=12845"}],"wp:term":[{"taxonomy":"category","embeddable":true,"href":"https:\/\/www.suno.com.br\/noticias\/wp-json\/wp\/v2\/categories?post=12845"},{"taxonomy":"post_tag","embeddable":true,"href":"https:\/\/www.suno.com.br\/noticias\/wp-json\/wp\/v2\/tags?post=12845"},{"taxonomy":"suno_strategy","embeddable":true,"href":"https:\/\/www.suno.com.br\/noticias\/wp-json\/wp\/v2\/suno_strategy?post=12845"}],"curies":[{"name":"wp","href":"https:\/\/api.w.org\/{rel}","templated":true}]}}