{"id":12843,"date":"2019-01-23T20:55:37","date_gmt":"2019-01-23T22:55:37","guid":{"rendered":"https:\/\/www.suno.com.br\/noticias\/?p=12843"},"modified":"2019-01-23T23:37:12","modified_gmt":"2019-01-24T01:37:12","slug":"brexit-sony-transferir-reino-unido-holanda","status":"publish","type":"post","link":"https:\/\/www.suno.com.br\/noticias\/brexit-sony-transferir-reino-unido-holanda\/","title":{"rendered":"Com Brexit, Sony vai mudar sede europeia no Reino Unido para a Holanda"},"content":{"rendered":"<p>A Sony ir\u00e1 transferir sua sede na Europa do Reino Unido para Holanda, informa o jornal japon\u00eas Nikkei, especializado em notici\u00e1rio econ\u00f4mico.<\/p>\t<div class=\"wrapper-featured-image\">\n\t\t<figure class=\"spotlightImg\">\n\n\t\t\t<picture>\n\t\t\t\t<source media=\"(max-width: 768px)\" srcset=\"https:\/\/files.sunoresearch.com.br\/n\/uploads\/2019\/01\/5a3e8e55-sony-400x200.webp\">\n\t\t\t\t<img loading=\"lazy\" decoding=\"async\" class=\"newsContent__article__imgCapa lazyloadDisabled newsContent__article__imgCapa--noCaption\" src=\"https:\/\/files.sunoresearch.com.br\/n\/uploads\/2019\/01\/5a3e8e55-sony-800x450.webp\" width=\"800\" height=\"450\" alt=\"Com Brexit, Sony vai mudar sede europeia no Reino Unido para a Holanda\" fetchpriority=high \/>\n\t\t\t<\/picture>\n\n\t\t\t<figcaption class=\"wp-caption-text wp-caption-text--hide\"><\/figcaption>\n\t\t<\/figure>\n\t<\/div>\n\n\n<p>A sa\u00edda do <strong>Reino Unido<\/strong> da <strong>Uni\u00e3o Europeia (UE)<\/strong>, conhecido como <strong>Brexit<\/strong>, foi o principal fator para a mudan\u00e7a da <strong>Sony<\/strong>. Com o fim da perman\u00eancia do pa\u00eds ingl\u00eas no bloco, o com\u00e9rcio entre a ilha e o continente sofrer\u00e1 entraves aduaneiros.<\/p>\n<p><a href=\"https:\/\/www.suno.com.br\/noticias\/banco-inglaterra-mercado-aposta-adiamento-brexit\/\">Saiba mais:\u00a0Banco da Inglaterra: mercado aposta no adiamento do Brexit<\/a><\/p>\n<p>As negocia\u00e7\u00f5es para o <strong>Brexit<\/strong> seguem sem uma solu\u00e7\u00e3o definitiva. No \u00faltimo dia 15 de janeiro, o parlamento brit\u00e2nico rejeitou a proposta de <strong>Theresa May<\/strong> por 250 votos. A falta do apoio de parlamentares pode fazer com que o Reino Unido deixe a <strong>UE<\/strong>\u00a0sem um acordo sobre a uni\u00e3o aduaneira. Desta forma, as <strong>importa\u00e7\u00f5es<\/strong> e <strong>exporta\u00e7\u00f5es<\/strong> de produtos seriam dificultadas.<\/p>\n<p>Segundo o Nikkei, a companhia japonesa pretende fundir a <strong>Sony Europe<\/strong> a uma subsidi\u00e1ria rec\u00e9m-criada em Amsterd\u00e3, Holanda. A unidade iniciar\u00e1 suas opera\u00e7\u00f5es em abril, ap\u00f3s a data-limite para a sa\u00edda do <strong>Reino Unido<\/strong>.<\/p>\n<p>De acordo com jornal, a empresa vai manter a sede do <strong>Reino Unido<\/strong>. Por\u00e9m, a filial brit\u00e2nica s\u00f3 ficar\u00e1 respons\u00e1vel pelo mercado local. Al\u00e9m disso, os funcion\u00e1rios n\u00e3o ser\u00e3o transferidos.<\/p>\n<p><a href=\"https:\/\/www.suno.com.br\/noticias\/brexit-fim-janeiro\/\">Saiba mais:\u00a0Plano B do Brexit ser\u00e1 votado no fim de janeiro pelo parlamento brit\u00e2nico<\/a><\/p>\n<p>O <strong>mercado europeu<\/strong> representa 21,55% das vendas totais da japonesa, maior que as vendas para o<strong> mercado americano<\/strong>\u00a0com 21,48%. Os n\u00famero s\u00e3o do \u00faltimo balan\u00e7o fiscal da <strong>Sony<\/strong> divulgado em mar\u00e7o 2018.\u00a0 Ainda sim, o <strong>Jap\u00e3o<\/strong> continua sendo o pa\u00eds com a maior parcela dos faturamentos, com 30,73%.<\/p>\n<h3>Outras empresas<\/h3>\n<p>A <strong>Sony<\/strong> n\u00e3o foi a \u00fanica a deixar o <strong>Reino Unido<\/strong>. Em outubro do ano passado, a <strong>Panasonic<\/strong> tamb\u00e9m transferiu a sua sede europeia para Amsterdam. Al\u00e9m disso, a\u00a0<strong>BMW<\/strong>\u00a0anunciou que encerr\u00e1 as atividades de sua usina em Oxford. J\u00e1 a <strong>Honda<\/strong> suspender\u00e1 as opera\u00e7\u00f5es por seis dias em uma f\u00e1brica em Swindon, no sul da <strong>Inglaterra<\/strong>.<\/p>\n<p>&nbsp;<\/p>\n<p>&nbsp;<\/p>\n","protected":false},"excerpt":{"rendered":"<p>A Sony ir\u00e1 transferir sua sede na Europa do Reino Unido para Holanda, informa o jornal japon\u00eas Nikkei, especializado em notici\u00e1rio econ\u00f4mico. A sa\u00edda do Reino Unido da Uni\u00e3o Europeia (UE), conhecido como Brexit, foi o principal fator para a mudan\u00e7a da Sony. Com o fim da perman\u00eancia do pa\u00eds ingl\u00eas no bloco, o com\u00e9rcio [&hellip;]<\/p>\n","protected":false},"author":14,"featured_media":12851,"comment_status":"closed","ping_status":"closed","sticky":false,"template":"","format":"standard","meta":[],"categories":[64],"tags":[753,707,706,730,1026,731],"suno_strategy":[],"class_list":["post-12843","post","type-post","status-publish","format-standard","has-post-thumbnail","hentry","category-negocios","tag-brexit","tag-exportacoes","tag-importacoes","tag-reino-unido","tag-sony-snec34","tag-uniao-europeia"],"yoast_head":"<!-- This site is optimized with the Yoast SEO plugin v24.4 - https:\/\/yoast.com\/wordpress\/plugins\/seo\/ -->\n<title>Com Brexit, Sony vai mudar sede europeia do Reino Unido para a Holanda<\/title>\n<meta name=\"description\" content=\"Com isso, a Sony segue outra empresas, como a Panasonic, que deixaram o pa\u00eds devido a sa\u00edda do Reino Unido da Uni\u00e3o Europeia. Clique para ler\" \/>\n<meta name=\"robots\" content=\"index, follow, max-snippet:-1, max-image-preview:large, max-video-preview:-1\" \/>\n<link rel=\"canonical\" href=\"https:\/\/www.suno.com.br\/noticias\/brexit-sony-transferir-reino-unido-holanda\/\" \/>\n<meta property=\"og:locale\" content=\"pt_BR\" \/>\n<meta property=\"og:type\" content=\"article\" \/>\n<meta property=\"og:title\" content=\"Com Brexit, Sony vai mudar sede europeia do Reino Unido para a Holanda\" \/>\n<meta property=\"og:description\" content=\"Com isso, a Sony segue outra empresas, como a Panasonic, que deixaram o pa\u00eds devido a sa\u00edda do Reino Unido da Uni\u00e3o Europeia. Clique para ler\" \/>\n<meta property=\"og:url\" content=\"https:\/\/www.suno.com.br\/noticias\/brexit-sony-transferir-reino-unido-holanda\/\" \/>\n<meta property=\"og:site_name\" content=\"Suno Not\u00edcias\" \/>\n<meta property=\"article:publisher\" content=\"https:\/\/facebook.com\/sunoresearch\" \/>\n<meta property=\"og:image\" content=\"https:\/\/files.sunoresearch.com.br\/n\/uploads\/2019\/01\/5a3e8e55-sony.jpg\" \/>\n\t<meta property=\"og:image:width\" content=\"2560\" \/>\n\t<meta property=\"og:image:height\" content=\"1920\" \/>\n\t<meta property=\"og:image:type\" content=\"image\/jpeg\" \/>\n<meta name=\"author\" content=\"Renan Dantas\" \/>\n<meta name=\"twitter:card\" content=\"summary_large_image\" \/>\n<meta name=\"twitter:creator\" content=\"@sunoresearch\" \/>\n<meta name=\"twitter:site\" content=\"@sunoresearch\" \/>\n<meta name=\"twitter:label1\" content=\"Escrito por\" \/>\n\t<meta name=\"twitter:data1\" content=\"Renan Dantas\" \/>\n\t<meta name=\"twitter:label2\" content=\"Est. tempo de leitura\" \/>\n\t<meta name=\"twitter:data2\" content=\"2 minutos\" \/>\n<script type=\"application\/ld+json\" class=\"yoast-schema-graph\">{\"@context\":\"https:\/\/schema.org\",\"@graph\":[{\"@type\":\"NewsArticle\",\"@id\":\"https:\/\/www.suno.com.br\/noticias\/brexit-sony-transferir-reino-unido-holanda\/#article\",\"isPartOf\":{\"@id\":\"https:\/\/www.suno.com.br\/noticias\/brexit-sony-transferir-reino-unido-holanda\/\"},\"author\":{\"name\":\"Renan Dantas\",\"@id\":\"https:\/\/www.suno.com.br\/noticias\/#\/schema\/person\/3f7693d5795a3f6d5ce15309ee785699\"},\"headline\":\"Com Brexit, Sony vai mudar sede europeia no Reino Unido para a Holanda\",\"datePublished\":\"2019-01-23T22:55:37+00:00\",\"dateModified\":\"2019-01-24T01:37:12+00:00\",\"mainEntityOfPage\":{\"@id\":\"https:\/\/www.suno.com.br\/noticias\/brexit-sony-transferir-reino-unido-holanda\/\"},\"wordCount\":373,\"publisher\":{\"@id\":\"https:\/\/www.suno.com.br\/noticias\/#organization\"},\"image\":{\"@id\":\"https:\/\/www.suno.com.br\/noticias\/brexit-sony-transferir-reino-unido-holanda\/#primaryimage\"},\"thumbnailUrl\":\"https:\/\/files.sunoresearch.com.br\/n\/uploads\/2019\/01\/5a3e8e55-sony-jpg.webp\",\"keywords\":[\"Brexit\",\"exporta\u00e7\u00f5es\",\"importa\u00e7\u00f5es\",\"Reino Unido\",\"Sony (SNEC34)\",\"Uni\u00e3o Europeia\"],\"articleSection\":[\"Neg\u00f3cios\"],\"inLanguage\":\"pt-BR\"},{\"@type\":\"WebPage\",\"@id\":\"https:\/\/www.suno.com.br\/noticias\/brexit-sony-transferir-reino-unido-holanda\/\",\"url\":\"https:\/\/www.suno.com.br\/noticias\/brexit-sony-transferir-reino-unido-holanda\/\",\"name\":\"Com Brexit, Sony vai mudar sede europeia do Reino Unido para a Holanda\",\"isPartOf\":{\"@id\":\"https:\/\/www.suno.com.br\/noticias\/#website\"},\"primaryImageOfPage\":{\"@id\":\"https:\/\/www.suno.com.br\/noticias\/brexit-sony-transferir-reino-unido-holanda\/#primaryimage\"},\"image\":{\"@id\":\"https:\/\/www.suno.com.br\/noticias\/brexit-sony-transferir-reino-unido-holanda\/#primaryimage\"},\"thumbnailUrl\":\"https:\/\/files.sunoresearch.com.br\/n\/uploads\/2019\/01\/5a3e8e55-sony-jpg.webp\",\"datePublished\":\"2019-01-23T22:55:37+00:00\",\"dateModified\":\"2019-01-24T01:37:12+00:00\",\"description\":\"Com isso, a Sony segue outra empresas, como a Panasonic, que deixaram o pa\u00eds devido a sa\u00edda do Reino Unido da Uni\u00e3o Europeia. Clique para ler\",\"breadcrumb\":{\"@id\":\"https:\/\/www.suno.com.br\/noticias\/brexit-sony-transferir-reino-unido-holanda\/#breadcrumb\"},\"inLanguage\":\"pt-BR\",\"potentialAction\":[{\"@type\":\"ReadAction\",\"target\":[\"https:\/\/www.suno.com.br\/noticias\/brexit-sony-transferir-reino-unido-holanda\/\"]}]},{\"@type\":\"ImageObject\",\"inLanguage\":\"pt-BR\",\"@id\":\"https:\/\/www.suno.com.br\/noticias\/brexit-sony-transferir-reino-unido-holanda\/#primaryimage\",\"url\":\"https:\/\/files.sunoresearch.com.br\/n\/uploads\/2019\/01\/5a3e8e55-sony-jpg.webp\",\"contentUrl\":\"https:\/\/files.sunoresearch.com.br\/n\/uploads\/2019\/01\/5a3e8e55-sony-jpg.webp\",\"width\":2560,\"height\":1920},{\"@type\":\"BreadcrumbList\",\"@id\":\"https:\/\/www.suno.com.br\/noticias\/brexit-sony-transferir-reino-unido-holanda\/#breadcrumb\",\"itemListElement\":[{\"@type\":\"ListItem\",\"position\":1,\"name\":\"Not\u00edcias\",\"item\":\"https:\/\/www.suno.com.br\/noticias\/\"},{\"@type\":\"ListItem\",\"position\":2,\"name\":\"Neg\u00f3cios\",\"item\":\"https:\/\/www.suno.com.br\/noticias\/negocios\/\"},{\"@type\":\"ListItem\",\"position\":3,\"name\":\"Com Brexit, Sony vai mudar sede europeia no Reino Unido para a Holanda\"}]},{\"@type\":\"WebSite\",\"@id\":\"https:\/\/www.suno.com.br\/noticias\/#website\",\"url\":\"https:\/\/www.suno.com.br\/noticias\/\",\"name\":\"Suno Not\u00edcias\",\"description\":\"Seu portal de informa\u00e7\u00e3o sobre o mundo dos investimentos\",\"publisher\":{\"@id\":\"https:\/\/www.suno.com.br\/noticias\/#organization\"},\"potentialAction\":[{\"@type\":\"SearchAction\",\"target\":{\"@type\":\"EntryPoint\",\"urlTemplate\":\"https:\/\/www.suno.com.br\/noticias\/?s={search_term_string}\"},\"query-input\":{\"@type\":\"PropertyValueSpecification\",\"valueRequired\":true,\"valueName\":\"search_term_string\"}}],\"inLanguage\":\"pt-BR\"},{\"@type\":\"Organization\",\"@id\":\"https:\/\/www.suno.com.br\/noticias\/#organization\",\"name\":\"Suno Not\u00edcias\",\"url\":\"https:\/\/www.suno.com.br\/noticias\/\",\"logo\":{\"@type\":\"ImageObject\",\"inLanguage\":\"pt-BR\",\"@id\":\"https:\/\/www.suno.com.br\/noticias\/#\/schema\/logo\/image\/\",\"url\":\"https:\/\/files.sunoresearch.com.br\/n\/uploads\/2021\/09\/suno-logo.png\",\"contentUrl\":\"https:\/\/files.sunoresearch.com.br\/n\/uploads\/2021\/09\/suno-logo.png\",\"width\":180,\"height\":180,\"caption\":\"Suno Not\u00edcias\"},\"image\":{\"@id\":\"https:\/\/www.suno.com.br\/noticias\/#\/schema\/logo\/image\/\"},\"sameAs\":[\"https:\/\/facebook.com\/sunoresearch\",\"https:\/\/x.com\/sunoresearch\",\"https:\/\/www.instagram.com\/suno\",\"https:\/\/www.linkedin.com\/company\/suno-research\/\",\"https:\/\/www.youtube.com\/c\/sunoresearch\"]},{\"@type\":\"Person\",\"@id\":\"https:\/\/www.suno.com.br\/noticias\/#\/schema\/person\/3f7693d5795a3f6d5ce15309ee785699\",\"name\":\"Renan Dantas\",\"image\":{\"@type\":\"ImageObject\",\"inLanguage\":\"pt-BR\",\"@id\":\"https:\/\/www.suno.com.br\/noticias\/#\/schema\/person\/image\/\",\"url\":\"https:\/\/secure.gravatar.com\/avatar\/1787b83e7484a08e51d62ac8b41c8396?s=96&r=g\",\"contentUrl\":\"https:\/\/secure.gravatar.com\/avatar\/1787b83e7484a08e51d62ac8b41c8396?s=96&r=g\",\"caption\":\"Renan Dantas\"},\"description\":\"Escreve sobre pol\u00edtica e mercado financeiro para o portal Suno Not\u00edcias. Antes, atuou na assessoria de comunica\u00e7\u00e3o do Minist\u00e9rio P\u00fablico do Trabalho e na R\u00e1dio Mackenzie, onde apresentava e produzia um programa sobre artistas da m\u00fasica brasileira. \u00c9 estudante na Universidade Presbiteriana Mackenzie.\",\"url\":\"https:\/\/www.suno.com.br\/noticias\/author\/renan-dantas\/\"}]}<\/script>\n<!-- \/ Yoast SEO plugin. -->","yoast_head_json":{"title":"Com Brexit, Sony vai mudar sede europeia do Reino Unido para a Holanda","description":"Com isso, a Sony segue outra empresas, como a Panasonic, que deixaram o pa\u00eds devido a sa\u00edda do Reino Unido da Uni\u00e3o Europeia. Clique para ler","robots":{"index":"index","follow":"follow","max-snippet":"max-snippet:-1","max-image-preview":"max-image-preview:large","max-video-preview":"max-video-preview:-1"},"canonical":"https:\/\/www.suno.com.br\/noticias\/brexit-sony-transferir-reino-unido-holanda\/","og_locale":"pt_BR","og_type":"article","og_title":"Com Brexit, Sony vai mudar sede europeia do Reino Unido para a Holanda","og_description":"Com isso, a Sony segue outra empresas, como a Panasonic, que deixaram o pa\u00eds devido a sa\u00edda do Reino Unido da Uni\u00e3o Europeia. Clique para ler","og_url":"https:\/\/www.suno.com.br\/noticias\/brexit-sony-transferir-reino-unido-holanda\/","og_site_name":"Suno Not\u00edcias","article_publisher":"https:\/\/facebook.com\/sunoresearch","og_image":[{"width":2560,"height":1920,"url":"https:\/\/files.sunoresearch.com.br\/n\/uploads\/2019\/01\/5a3e8e55-sony.jpg","type":"image\/jpeg"}],"author":"Renan Dantas","twitter_card":"summary_large_image","twitter_creator":"@sunoresearch","twitter_site":"@sunoresearch","twitter_misc":{"Escrito por":"Renan Dantas","Est. tempo de leitura":"2 minutos"},"schema":{"@context":"https:\/\/schema.org","@graph":[{"@type":"NewsArticle","@id":"https:\/\/www.suno.com.br\/noticias\/brexit-sony-transferir-reino-unido-holanda\/#article","isPartOf":{"@id":"https:\/\/www.suno.com.br\/noticias\/brexit-sony-transferir-reino-unido-holanda\/"},"author":{"name":"Renan Dantas","@id":"https:\/\/www.suno.com.br\/noticias\/#\/schema\/person\/3f7693d5795a3f6d5ce15309ee785699"},"headline":"Com Brexit, Sony vai mudar sede europeia no Reino Unido para a Holanda","datePublished":"2019-01-23T22:55:37+00:00","dateModified":"2019-01-24T01:37:12+00:00","mainEntityOfPage":{"@id":"https:\/\/www.suno.com.br\/noticias\/brexit-sony-transferir-reino-unido-holanda\/"},"wordCount":373,"publisher":{"@id":"https:\/\/www.suno.com.br\/noticias\/#organization"},"image":{"@id":"https:\/\/www.suno.com.br\/noticias\/brexit-sony-transferir-reino-unido-holanda\/#primaryimage"},"thumbnailUrl":"https:\/\/files.sunoresearch.com.br\/n\/uploads\/2019\/01\/5a3e8e55-sony-jpg.webp","keywords":["Brexit","exporta\u00e7\u00f5es","importa\u00e7\u00f5es","Reino Unido","Sony (SNEC34)","Uni\u00e3o Europeia"],"articleSection":["Neg\u00f3cios"],"inLanguage":"pt-BR"},{"@type":"WebPage","@id":"https:\/\/www.suno.com.br\/noticias\/brexit-sony-transferir-reino-unido-holanda\/","url":"https:\/\/www.suno.com.br\/noticias\/brexit-sony-transferir-reino-unido-holanda\/","name":"Com Brexit, Sony vai mudar sede europeia do Reino Unido para a Holanda","isPartOf":{"@id":"https:\/\/www.suno.com.br\/noticias\/#website"},"primaryImageOfPage":{"@id":"https:\/\/www.suno.com.br\/noticias\/brexit-sony-transferir-reino-unido-holanda\/#primaryimage"},"image":{"@id":"https:\/\/www.suno.com.br\/noticias\/brexit-sony-transferir-reino-unido-holanda\/#primaryimage"},"thumbnailUrl":"https:\/\/files.sunoresearch.com.br\/n\/uploads\/2019\/01\/5a3e8e55-sony-jpg.webp","datePublished":"2019-01-23T22:55:37+00:00","dateModified":"2019-01-24T01:37:12+00:00","description":"Com isso, a Sony segue outra empresas, como a Panasonic, que deixaram o pa\u00eds devido a sa\u00edda do Reino Unido da Uni\u00e3o Europeia. Clique para ler","breadcrumb":{"@id":"https:\/\/www.suno.com.br\/noticias\/brexit-sony-transferir-reino-unido-holanda\/#breadcrumb"},"inLanguage":"pt-BR","potentialAction":[{"@type":"ReadAction","target":["https:\/\/www.suno.com.br\/noticias\/brexit-sony-transferir-reino-unido-holanda\/"]}]},{"@type":"ImageObject","inLanguage":"pt-BR","@id":"https:\/\/www.suno.com.br\/noticias\/brexit-sony-transferir-reino-unido-holanda\/#primaryimage","url":"https:\/\/files.sunoresearch.com.br\/n\/uploads\/2019\/01\/5a3e8e55-sony-jpg.webp","contentUrl":"https:\/\/files.sunoresearch.com.br\/n\/uploads\/2019\/01\/5a3e8e55-sony-jpg.webp","width":2560,"height":1920},{"@type":"BreadcrumbList","@id":"https:\/\/www.suno.com.br\/noticias\/brexit-sony-transferir-reino-unido-holanda\/#breadcrumb","itemListElement":[{"@type":"ListItem","position":1,"name":"Not\u00edcias","item":"https:\/\/www.suno.com.br\/noticias\/"},{"@type":"ListItem","position":2,"name":"Neg\u00f3cios","item":"https:\/\/www.suno.com.br\/noticias\/negocios\/"},{"@type":"ListItem","position":3,"name":"Com Brexit, Sony vai mudar sede europeia no Reino Unido para a Holanda"}]},{"@type":"WebSite","@id":"https:\/\/www.suno.com.br\/noticias\/#website","url":"https:\/\/www.suno.com.br\/noticias\/","name":"Suno Not\u00edcias","description":"Seu portal de informa\u00e7\u00e3o sobre o mundo dos investimentos","publisher":{"@id":"https:\/\/www.suno.com.br\/noticias\/#organization"},"potentialAction":[{"@type":"SearchAction","target":{"@type":"EntryPoint","urlTemplate":"https:\/\/www.suno.com.br\/noticias\/?s={search_term_string}"},"query-input":{"@type":"PropertyValueSpecification","valueRequired":true,"valueName":"search_term_string"}}],"inLanguage":"pt-BR"},{"@type":"Organization","@id":"https:\/\/www.suno.com.br\/noticias\/#organization","name":"Suno Not\u00edcias","url":"https:\/\/www.suno.com.br\/noticias\/","logo":{"@type":"ImageObject","inLanguage":"pt-BR","@id":"https:\/\/www.suno.com.br\/noticias\/#\/schema\/logo\/image\/","url":"https:\/\/files.sunoresearch.com.br\/n\/uploads\/2021\/09\/suno-logo.png","contentUrl":"https:\/\/files.sunoresearch.com.br\/n\/uploads\/2021\/09\/suno-logo.png","width":180,"height":180,"caption":"Suno Not\u00edcias"},"image":{"@id":"https:\/\/www.suno.com.br\/noticias\/#\/schema\/logo\/image\/"},"sameAs":["https:\/\/facebook.com\/sunoresearch","https:\/\/x.com\/sunoresearch","https:\/\/www.instagram.com\/suno","https:\/\/www.linkedin.com\/company\/suno-research\/","https:\/\/www.youtube.com\/c\/sunoresearch"]},{"@type":"Person","@id":"https:\/\/www.suno.com.br\/noticias\/#\/schema\/person\/3f7693d5795a3f6d5ce15309ee785699","name":"Renan Dantas","image":{"@type":"ImageObject","inLanguage":"pt-BR","@id":"https:\/\/www.suno.com.br\/noticias\/#\/schema\/person\/image\/","url":"https:\/\/secure.gravatar.com\/avatar\/1787b83e7484a08e51d62ac8b41c8396?s=96&r=g","contentUrl":"https:\/\/secure.gravatar.com\/avatar\/1787b83e7484a08e51d62ac8b41c8396?s=96&r=g","caption":"Renan Dantas"},"description":"Escreve sobre pol\u00edtica e mercado financeiro para o portal Suno Not\u00edcias. Antes, atuou na assessoria de comunica\u00e7\u00e3o do Minist\u00e9rio P\u00fablico do Trabalho e na R\u00e1dio Mackenzie, onde apresentava e produzia um programa sobre artistas da m\u00fasica brasileira. \u00c9 estudante na Universidade Presbiteriana Mackenzie.","url":"https:\/\/www.suno.com.br\/noticias\/author\/renan-dantas\/"}]}},"default_loop_html":"<div class=\"cardsPage__listCard__boxs\"><div class=\"cardsPage__listCard__boxs__img\"><a href=\"https:\/\/www.suno.com.br\/noticias\/brexit-sony-transferir-reino-unido-holanda\/\"><img class=\"mask\" src=\"https:\/\/www.suno.com.br\/noticias\/wp-content\/themes\/suno\/resources\/images\/spotlight\/spotlight1img\/bg-mask.png\" alt=\"Image Mask\"\/><img src=\"https:\/\/files.sunoresearch.com.br\/n\/uploads\/2019\/01\/5a3e8e55-sony-400x200.webp\" alt=\"Com Brexit, Sony vai mudar sede europeia no Reino Unido para a Holanda\"\/><\/a><span class=\"spotlightCategory\"><a href=\"https:\/\/www.suno.com.br\/noticias\/negocios\/\">Neg\u00f3cios<\/a><\/span><\/div><div class=\"cardsPage__listCard__boxs__content\"><a href=\"https:\/\/www.suno.com.br\/noticias\/brexit-sony-transferir-reino-unido-holanda\/\"><h2 class=\"content__title\">Com Brexit, Sony vai mudar sede europeia no Reino Unido para a Holanda<\/h2><\/a><div class=\"newsContent__article__meta\"><div class=\"newsContent__article__meta__authorBox\"><a href=\"https:\/\/www.suno.com.br\/noticias\/author\/renan-dantas\/\" class=\"authorBox__avatar noMobi\"><img src=\"https:\/\/secure.gravatar.com\/avatar\/1787b83e7484a08e51d62ac8b41c8396?s=96&#038;r=g\" alt=\"Renan Dantas\"><\/a><div class=\"authorBox__name\"><span>por\n\t\t\t<a href=\"https:\/\/www.suno.com.br\/noticias\/author\/renan-dantas\/\"><span itemprop=\"author\">Renan Dantas<\/span><\/a><\/span><time datetime=\"2019-01-23T20:55:37-02:00\" itemprop=\"datePublished\">23\/01\/2019 20:55<\/time><\/div><\/div><\/div><\/div><\/div>","single_layout":"posts","amp_enabled":true,"_links":{"self":[{"href":"https:\/\/www.suno.com.br\/noticias\/wp-json\/wp\/v2\/posts\/12843"}],"collection":[{"href":"https:\/\/www.suno.com.br\/noticias\/wp-json\/wp\/v2\/posts"}],"about":[{"href":"https:\/\/www.suno.com.br\/noticias\/wp-json\/wp\/v2\/types\/post"}],"author":[{"embeddable":true,"href":"https:\/\/www.suno.com.br\/noticias\/wp-json\/wp\/v2\/users\/14"}],"replies":[{"embeddable":true,"href":"https:\/\/www.suno.com.br\/noticias\/wp-json\/wp\/v2\/comments?post=12843"}],"version-history":[{"count":0,"href":"https:\/\/www.suno.com.br\/noticias\/wp-json\/wp\/v2\/posts\/12843\/revisions"}],"wp:featuredmedia":[{"embeddable":true,"href":"https:\/\/www.suno.com.br\/noticias\/wp-json\/wp\/v2\/media\/12851"}],"wp:attachment":[{"href":"https:\/\/www.suno.com.br\/noticias\/wp-json\/wp\/v2\/media?parent=12843"}],"wp:term":[{"taxonomy":"category","embeddable":true,"href":"https:\/\/www.suno.com.br\/noticias\/wp-json\/wp\/v2\/categories?post=12843"},{"taxonomy":"post_tag","embeddable":true,"href":"https:\/\/www.suno.com.br\/noticias\/wp-json\/wp\/v2\/tags?post=12843"},{"taxonomy":"suno_strategy","embeddable":true,"href":"https:\/\/www.suno.com.br\/noticias\/wp-json\/wp\/v2\/suno_strategy?post=12843"}],"curies":[{"name":"wp","href":"https:\/\/api.w.org\/{rel}","templated":true}]}}