{"id":12838,"date":"2019-01-23T19:54:03","date_gmt":"2019-01-23T21:54:03","guid":{"rendered":"https:\/\/www.suno.com.br\/noticias\/?p=12838"},"modified":"2021-06-01T22:07:14","modified_gmt":"2021-06-02T01:07:14","slug":"mercado-trabalho-brasil-saldo-positivo","status":"publish","type":"post","link":"https:\/\/www.suno.com.br\/noticias\/mercado-trabalho-brasil-saldo-positivo\/","title":{"rendered":"Mercado de trabalho no Brasil tem 1\u00ba saldo positivo desde 2014"},"content":{"rendered":"<p>O <a href=\"https:\/\/www.suno.com.br\/artigos\/pleno-emprego\/\">mercado de trabalho<\/a> no Brasil criou cerca de 530 mil vagas com carteira assinada em 2018. Os dados s\u00e3o do Cadastro Geral de Empregados e Desempregados (Caged) e foram divulgados nesta quarta (23) pelo Minist\u00e9rio da Economia.<\/p>\t<div class=\"wrapper-featured-image\">\n\t\t<figure class=\"spotlightImg\">\n\n\t\t\t<picture>\n\t\t\t\t<source media=\"(max-width: 768px)\" srcset=\"https:\/\/files.sunoresearch.com.br\/n\/uploads\/2018\/11\/1f29b067-empregos-formais-400x200.webp\">\n\t\t\t\t<img loading=\"lazy\" decoding=\"async\" class=\"newsContent__article__imgCapa lazyloadDisabled newsContent__article__imgCapa--noCaption\" src=\"https:\/\/files.sunoresearch.com.br\/n\/uploads\/2018\/11\/1f29b067-empregos-formais-800x450.webp\" width=\"800\" height=\"450\" alt=\"Mercado de trabalho no Brasil tem 1\u00ba saldo positivo desde 2014\" fetchpriority=high \/>\n\t\t\t<\/picture>\n\n\t\t\t<figcaption class=\"wp-caption-text wp-caption-text--hide\">Brasil cria 196.966 novos empregos formais em abril<\/figcaption>\n\t\t<\/figure>\n\t<\/div>\n\n\n<p>Trata-se do primeiro resultado positivo anual ap\u00f3s tr\u00eas anos de retra\u00e7\u00e3o. \u00c9 tamb\u00e9m o melhor ano desde 2013, quando foi criado 1,138 milh\u00e3o de <strong>empregos<\/strong>.<\/p>\n<p>O resultado de 2018 ficou dentro das estimativas de analistas do mercado financeiro, ouvidos pelo Proje\u00e7\u00f5es Broadcast. Esperava-se algo entre 382 mil e 671 mil <strong>vagas<\/strong> criadas no per\u00edodo.<\/p>\n<p>2015 e 2016 concentram a maior parte das <strong>vagas<\/strong> de <strong>emprego<\/strong> com carteira assinada fechadas nos \u00faltimos anos. Em 2015, o Brasil perdeu aproximadamente 1,5 milh\u00e3o de <strong>empregos<\/strong>. No ano seguinte, o n\u00famero chegou a 1,3 milh\u00e3o. Confira:<\/p>\n<ul>\n<li><strong>2015:<\/strong> -1,534 milh\u00e3o de vagas<\/li>\n<li><strong>2016:<\/strong> -1,326 milh\u00e3o de vagas<\/li>\n<li><strong>2017:<\/strong> -11,9 mil vagas<\/li>\n<li><strong>2018:<\/strong> +529,5 mil vagas<\/li>\n<\/ul>\n<p>Dezembro de 2018 destoou do restante dos meses do ano na cria\u00e7\u00e3o de <strong>trabalho<\/strong>. No m\u00eas, houve o fechamento l\u00edquido de 334.462 <strong>vagas<\/strong> com carteira assinadas &#8211; o que \u00e9 comum para o \u00faltimo m\u00eas do ano. Os 11 meses anteriores aviam sido de saldo positivo para o <strong>emprego<\/strong>, de acordo com a s\u00e9rie hist\u00f3rica com ajuste sazonal. O saldo resulta de 961.145 admiss\u00f5es e 1,295 milh\u00e3o de demiss\u00f5es.<\/p>\n<p><a href=\"https:\/\/www.suno.com.br\/noticias\/exportacoes-agronegocio-batem-recorde-ultrapassam\/\">Saiba mais: Exporta\u00e7\u00f5es do agroneg\u00f3cio batem recorde e ultrapassam US$ 100 bi<\/a><\/p>\n<p><a href=\"https:\/\/www.suno.com.br\/noticias\/taxa-desemprego-cai-116-ibge\/\">Saiba mais: Taxa de desemprego cai para 11,6%, diz IBGE<\/a><\/p>\n<p><a href=\"https:\/\/www.suno.com.br\/noticias\/governo-facilitar-acesso-empresas-curriculos\/\">Saiba mais: Governo quer facilitar acesso de empresas a curr\u00edculos de desempregados<\/a><\/p>\n<h2>Setores<\/h2>\n<p>O setor de servi\u00e7os puxou o resultado total. Gerou 398.603 postos de <strong>trabalho<\/strong> formais em 2018. O com\u00e9rcio vem em seguida, respons\u00e1vel por abrir 102.007 novas <strong>vagas<\/strong> com carteira assinada. Em terceiro lugar, a constru\u00e7\u00e3o civil, que abriu 17.957 <strong>vagas<\/strong>. Confira o desempenho na abertura de <strong>vagas de trabalho<\/strong> de outros setores:<\/p>\n<ul>\n<li><strong>Servi\u00e7os:<\/strong> +398.603<\/li>\n<li><strong>Com\u00e9rcio:<\/strong>\u00a0+102.007<\/li>\n<li><strong>Constru\u00e7\u00e3o civil:<\/strong> +17.957<\/li>\n<li><strong>Servi\u00e7os industriais de utilidade p\u00fablica:<\/strong> +7.849<\/li>\n<li><strong>Agropecu\u00e1ria:<\/strong> +3.245<\/li>\n<li><strong>Ind\u00fastria de transforma\u00e7\u00e3o:<\/strong> +2.610<\/li>\n<li><strong>Extra\u00e7\u00e3o mineral:<\/strong> +1.473<\/li>\n<li><strong>Administra\u00e7\u00e3o p\u00fablica:<\/strong> -4.190<\/li>\n<\/ul>\n<p>&nbsp;<\/p>\n","protected":false},"excerpt":{"rendered":"<p>O mercado de trabalho no Brasil criou cerca de 530 mil vagas com carteira assinada em 2018. Os dados s\u00e3o do Cadastro Geral de Empregados e Desempregados (Caged) e foram divulgados nesta quarta (23) pelo Minist\u00e9rio da Economia. Brasil cria 196.966 novos empregos formais em abril Trata-se do primeiro resultado positivo anual ap\u00f3s tr\u00eas anos [&hellip;]<\/p>\n","protected":false},"author":13,"featured_media":6593,"comment_status":"closed","ping_status":"closed","sticky":false,"template":"","format":"standard","meta":[],"categories":[62],"tags":[1296,740],"suno_strategy":[],"class_list":["post-12838","post","type-post","status-publish","format-standard","has-post-thumbnail","hentry","category-economia","tag-desemprego","tag-economia"],"yoast_head":"<!-- This site is optimized with the Yoast SEO plugin v24.4 - https:\/\/yoast.com\/wordpress\/plugins\/seo\/ -->\n<title>Mercado de trabalho no Brasil tem 1\u00ba saldo positivo desde 2014<\/title>\n<meta name=\"description\" content=\"O mercado de trabalho no Brasil criou 530 mil vagas com carteira assinada em 2018, o 1\u00ba saldo positivo nos \u00faltimos 3 anos. Clique e saiba+\" \/>\n<meta name=\"robots\" content=\"index, follow, max-snippet:-1, max-image-preview:large, max-video-preview:-1\" \/>\n<link rel=\"canonical\" href=\"https:\/\/www.suno.com.br\/noticias\/mercado-trabalho-brasil-saldo-positivo\/\" \/>\n<meta property=\"og:locale\" content=\"pt_BR\" \/>\n<meta property=\"og:type\" content=\"article\" \/>\n<meta property=\"og:title\" content=\"Mercado de trabalho no Brasil tem 1\u00ba saldo positivo desde 2014\" \/>\n<meta property=\"og:description\" content=\"O mercado de trabalho no Brasil criou 530 mil vagas com carteira assinada em 2018, o 1\u00ba saldo positivo nos \u00faltimos 3 anos. Clique e saiba+\" \/>\n<meta property=\"og:url\" content=\"https:\/\/www.suno.com.br\/noticias\/mercado-trabalho-brasil-saldo-positivo\/\" \/>\n<meta property=\"og:site_name\" content=\"Suno Not\u00edcias\" \/>\n<meta property=\"article:publisher\" content=\"https:\/\/facebook.com\/sunoresearch\" \/>\n<meta property=\"og:image\" content=\"https:\/\/files.sunoresearch.com.br\/n\/uploads\/2018\/11\/1f29b067-empregos-formais.jpg\" \/>\n\t<meta property=\"og:image:width\" content=\"2505\" \/>\n\t<meta property=\"og:image:height\" content=\"1772\" \/>\n\t<meta property=\"og:image:type\" content=\"image\/jpeg\" \/>\n<meta name=\"author\" content=\"Guilherme Caetano\" \/>\n<meta name=\"twitter:card\" content=\"summary_large_image\" \/>\n<meta name=\"twitter:creator\" content=\"@sunoresearch\" \/>\n<meta name=\"twitter:site\" content=\"@sunoresearch\" \/>\n<meta name=\"twitter:label1\" content=\"Escrito por\" \/>\n\t<meta name=\"twitter:data1\" content=\"Guilherme Caetano\" \/>\n\t<meta name=\"twitter:label2\" content=\"Est. tempo de leitura\" \/>\n\t<meta name=\"twitter:data2\" content=\"2 minutos\" \/>\n<script type=\"application\/ld+json\" class=\"yoast-schema-graph\">{\"@context\":\"https:\/\/schema.org\",\"@graph\":[{\"@type\":\"NewsArticle\",\"@id\":\"https:\/\/www.suno.com.br\/noticias\/mercado-trabalho-brasil-saldo-positivo\/#article\",\"isPartOf\":{\"@id\":\"https:\/\/www.suno.com.br\/noticias\/mercado-trabalho-brasil-saldo-positivo\/\"},\"author\":{\"name\":\"Guilherme Caetano\",\"@id\":\"https:\/\/www.suno.com.br\/noticias\/#\/schema\/person\/0d0c9687cd2f600c564f25980c140de9\"},\"headline\":\"Mercado de trabalho no Brasil tem 1\u00ba saldo positivo desde 2014\",\"datePublished\":\"2019-01-23T21:54:03+00:00\",\"dateModified\":\"2021-06-02T01:07:14+00:00\",\"mainEntityOfPage\":{\"@id\":\"https:\/\/www.suno.com.br\/noticias\/mercado-trabalho-brasil-saldo-positivo\/\"},\"wordCount\":342,\"publisher\":{\"@id\":\"https:\/\/www.suno.com.br\/noticias\/#organization\"},\"image\":{\"@id\":\"https:\/\/www.suno.com.br\/noticias\/mercado-trabalho-brasil-saldo-positivo\/#primaryimage\"},\"thumbnailUrl\":\"https:\/\/files.sunoresearch.com.br\/n\/uploads\/2018\/11\/1f29b067-empregos-formais-jpg.webp\",\"keywords\":[\"Desemprego\",\"Economia\"],\"articleSection\":[\"Economia\"],\"inLanguage\":\"pt-BR\"},{\"@type\":\"WebPage\",\"@id\":\"https:\/\/www.suno.com.br\/noticias\/mercado-trabalho-brasil-saldo-positivo\/\",\"url\":\"https:\/\/www.suno.com.br\/noticias\/mercado-trabalho-brasil-saldo-positivo\/\",\"name\":\"Mercado de trabalho no Brasil tem 1\u00ba saldo positivo desde 2014\",\"isPartOf\":{\"@id\":\"https:\/\/www.suno.com.br\/noticias\/#website\"},\"primaryImageOfPage\":{\"@id\":\"https:\/\/www.suno.com.br\/noticias\/mercado-trabalho-brasil-saldo-positivo\/#primaryimage\"},\"image\":{\"@id\":\"https:\/\/www.suno.com.br\/noticias\/mercado-trabalho-brasil-saldo-positivo\/#primaryimage\"},\"thumbnailUrl\":\"https:\/\/files.sunoresearch.com.br\/n\/uploads\/2018\/11\/1f29b067-empregos-formais-jpg.webp\",\"datePublished\":\"2019-01-23T21:54:03+00:00\",\"dateModified\":\"2021-06-02T01:07:14+00:00\",\"description\":\"O mercado de trabalho no Brasil criou 530 mil vagas com carteira assinada em 2018, o 1\u00ba saldo positivo nos \u00faltimos 3 anos. Clique e saiba+\",\"breadcrumb\":{\"@id\":\"https:\/\/www.suno.com.br\/noticias\/mercado-trabalho-brasil-saldo-positivo\/#breadcrumb\"},\"inLanguage\":\"pt-BR\",\"potentialAction\":[{\"@type\":\"ReadAction\",\"target\":[\"https:\/\/www.suno.com.br\/noticias\/mercado-trabalho-brasil-saldo-positivo\/\"]}]},{\"@type\":\"ImageObject\",\"inLanguage\":\"pt-BR\",\"@id\":\"https:\/\/www.suno.com.br\/noticias\/mercado-trabalho-brasil-saldo-positivo\/#primaryimage\",\"url\":\"https:\/\/files.sunoresearch.com.br\/n\/uploads\/2018\/11\/1f29b067-empregos-formais-jpg.webp\",\"contentUrl\":\"https:\/\/files.sunoresearch.com.br\/n\/uploads\/2018\/11\/1f29b067-empregos-formais-jpg.webp\",\"width\":2505,\"height\":1772,\"caption\":\"Brasil cria 196.966 novos empregos formais em abril\"},{\"@type\":\"BreadcrumbList\",\"@id\":\"https:\/\/www.suno.com.br\/noticias\/mercado-trabalho-brasil-saldo-positivo\/#breadcrumb\",\"itemListElement\":[{\"@type\":\"ListItem\",\"position\":1,\"name\":\"Not\u00edcias\",\"item\":\"https:\/\/www.suno.com.br\/noticias\/\"},{\"@type\":\"ListItem\",\"position\":2,\"name\":\"Economia\",\"item\":\"https:\/\/www.suno.com.br\/noticias\/economia\/\"},{\"@type\":\"ListItem\",\"position\":3,\"name\":\"Mercado de trabalho no Brasil tem 1\u00ba saldo positivo desde 2014\"}]},{\"@type\":\"WebSite\",\"@id\":\"https:\/\/www.suno.com.br\/noticias\/#website\",\"url\":\"https:\/\/www.suno.com.br\/noticias\/\",\"name\":\"Suno Not\u00edcias\",\"description\":\"Seu portal de informa\u00e7\u00e3o sobre o mundo dos investimentos\",\"publisher\":{\"@id\":\"https:\/\/www.suno.com.br\/noticias\/#organization\"},\"potentialAction\":[{\"@type\":\"SearchAction\",\"target\":{\"@type\":\"EntryPoint\",\"urlTemplate\":\"https:\/\/www.suno.com.br\/noticias\/?s={search_term_string}\"},\"query-input\":{\"@type\":\"PropertyValueSpecification\",\"valueRequired\":true,\"valueName\":\"search_term_string\"}}],\"inLanguage\":\"pt-BR\"},{\"@type\":\"Organization\",\"@id\":\"https:\/\/www.suno.com.br\/noticias\/#organization\",\"name\":\"Suno Not\u00edcias\",\"url\":\"https:\/\/www.suno.com.br\/noticias\/\",\"logo\":{\"@type\":\"ImageObject\",\"inLanguage\":\"pt-BR\",\"@id\":\"https:\/\/www.suno.com.br\/noticias\/#\/schema\/logo\/image\/\",\"url\":\"https:\/\/files.sunoresearch.com.br\/n\/uploads\/2021\/09\/suno-logo.png\",\"contentUrl\":\"https:\/\/files.sunoresearch.com.br\/n\/uploads\/2021\/09\/suno-logo.png\",\"width\":180,\"height\":180,\"caption\":\"Suno Not\u00edcias\"},\"image\":{\"@id\":\"https:\/\/www.suno.com.br\/noticias\/#\/schema\/logo\/image\/\"},\"sameAs\":[\"https:\/\/facebook.com\/sunoresearch\",\"https:\/\/x.com\/sunoresearch\",\"https:\/\/www.instagram.com\/suno\",\"https:\/\/www.linkedin.com\/company\/suno-research\/\",\"https:\/\/www.youtube.com\/c\/sunoresearch\"]},{\"@type\":\"Person\",\"@id\":\"https:\/\/www.suno.com.br\/noticias\/#\/schema\/person\/0d0c9687cd2f600c564f25980c140de9\",\"name\":\"Guilherme Caetano\",\"image\":{\"@type\":\"ImageObject\",\"inLanguage\":\"pt-BR\",\"@id\":\"https:\/\/www.suno.com.br\/noticias\/#\/schema\/person\/image\/\",\"url\":\"https:\/\/secure.gravatar.com\/avatar\/e48357351a01702a0d19307070e081bf?s=96&r=g\",\"contentUrl\":\"https:\/\/secure.gravatar.com\/avatar\/e48357351a01702a0d19307070e081bf?s=96&r=g\",\"caption\":\"Guilherme Caetano\"},\"description\":\"Formado em jornalismo pela Escola de Comunica\u00e7\u00f5es e Artes da USP, Guilherme Caetano escreve para o portal de not\u00edcias da Suno Research. Passou pelas reda\u00e7\u00f5es da Folha de S.Paulo e da revista \u00c9poca.\",\"url\":\"https:\/\/www.suno.com.br\/noticias\/author\/guilherme-caetano\/\"}]}<\/script>\n<!-- \/ Yoast SEO plugin. -->","yoast_head_json":{"title":"Mercado de trabalho no Brasil tem 1\u00ba saldo positivo desde 2014","description":"O mercado de trabalho no Brasil criou 530 mil vagas com carteira assinada em 2018, o 1\u00ba saldo positivo nos \u00faltimos 3 anos. Clique e saiba+","robots":{"index":"index","follow":"follow","max-snippet":"max-snippet:-1","max-image-preview":"max-image-preview:large","max-video-preview":"max-video-preview:-1"},"canonical":"https:\/\/www.suno.com.br\/noticias\/mercado-trabalho-brasil-saldo-positivo\/","og_locale":"pt_BR","og_type":"article","og_title":"Mercado de trabalho no Brasil tem 1\u00ba saldo positivo desde 2014","og_description":"O mercado de trabalho no Brasil criou 530 mil vagas com carteira assinada em 2018, o 1\u00ba saldo positivo nos \u00faltimos 3 anos. Clique e saiba+","og_url":"https:\/\/www.suno.com.br\/noticias\/mercado-trabalho-brasil-saldo-positivo\/","og_site_name":"Suno Not\u00edcias","article_publisher":"https:\/\/facebook.com\/sunoresearch","og_image":[{"width":2505,"height":1772,"url":"https:\/\/files.sunoresearch.com.br\/n\/uploads\/2018\/11\/1f29b067-empregos-formais.jpg","type":"image\/jpeg"}],"author":"Guilherme Caetano","twitter_card":"summary_large_image","twitter_creator":"@sunoresearch","twitter_site":"@sunoresearch","twitter_misc":{"Escrito por":"Guilherme Caetano","Est. tempo de leitura":"2 minutos"},"schema":{"@context":"https:\/\/schema.org","@graph":[{"@type":"NewsArticle","@id":"https:\/\/www.suno.com.br\/noticias\/mercado-trabalho-brasil-saldo-positivo\/#article","isPartOf":{"@id":"https:\/\/www.suno.com.br\/noticias\/mercado-trabalho-brasil-saldo-positivo\/"},"author":{"name":"Guilherme Caetano","@id":"https:\/\/www.suno.com.br\/noticias\/#\/schema\/person\/0d0c9687cd2f600c564f25980c140de9"},"headline":"Mercado de trabalho no Brasil tem 1\u00ba saldo positivo desde 2014","datePublished":"2019-01-23T21:54:03+00:00","dateModified":"2021-06-02T01:07:14+00:00","mainEntityOfPage":{"@id":"https:\/\/www.suno.com.br\/noticias\/mercado-trabalho-brasil-saldo-positivo\/"},"wordCount":342,"publisher":{"@id":"https:\/\/www.suno.com.br\/noticias\/#organization"},"image":{"@id":"https:\/\/www.suno.com.br\/noticias\/mercado-trabalho-brasil-saldo-positivo\/#primaryimage"},"thumbnailUrl":"https:\/\/files.sunoresearch.com.br\/n\/uploads\/2018\/11\/1f29b067-empregos-formais-jpg.webp","keywords":["Desemprego","Economia"],"articleSection":["Economia"],"inLanguage":"pt-BR"},{"@type":"WebPage","@id":"https:\/\/www.suno.com.br\/noticias\/mercado-trabalho-brasil-saldo-positivo\/","url":"https:\/\/www.suno.com.br\/noticias\/mercado-trabalho-brasil-saldo-positivo\/","name":"Mercado de trabalho no Brasil tem 1\u00ba saldo positivo desde 2014","isPartOf":{"@id":"https:\/\/www.suno.com.br\/noticias\/#website"},"primaryImageOfPage":{"@id":"https:\/\/www.suno.com.br\/noticias\/mercado-trabalho-brasil-saldo-positivo\/#primaryimage"},"image":{"@id":"https:\/\/www.suno.com.br\/noticias\/mercado-trabalho-brasil-saldo-positivo\/#primaryimage"},"thumbnailUrl":"https:\/\/files.sunoresearch.com.br\/n\/uploads\/2018\/11\/1f29b067-empregos-formais-jpg.webp","datePublished":"2019-01-23T21:54:03+00:00","dateModified":"2021-06-02T01:07:14+00:00","description":"O mercado de trabalho no Brasil criou 530 mil vagas com carteira assinada em 2018, o 1\u00ba saldo positivo nos \u00faltimos 3 anos. Clique e saiba+","breadcrumb":{"@id":"https:\/\/www.suno.com.br\/noticias\/mercado-trabalho-brasil-saldo-positivo\/#breadcrumb"},"inLanguage":"pt-BR","potentialAction":[{"@type":"ReadAction","target":["https:\/\/www.suno.com.br\/noticias\/mercado-trabalho-brasil-saldo-positivo\/"]}]},{"@type":"ImageObject","inLanguage":"pt-BR","@id":"https:\/\/www.suno.com.br\/noticias\/mercado-trabalho-brasil-saldo-positivo\/#primaryimage","url":"https:\/\/files.sunoresearch.com.br\/n\/uploads\/2018\/11\/1f29b067-empregos-formais-jpg.webp","contentUrl":"https:\/\/files.sunoresearch.com.br\/n\/uploads\/2018\/11\/1f29b067-empregos-formais-jpg.webp","width":2505,"height":1772,"caption":"Brasil cria 196.966 novos empregos formais em abril"},{"@type":"BreadcrumbList","@id":"https:\/\/www.suno.com.br\/noticias\/mercado-trabalho-brasil-saldo-positivo\/#breadcrumb","itemListElement":[{"@type":"ListItem","position":1,"name":"Not\u00edcias","item":"https:\/\/www.suno.com.br\/noticias\/"},{"@type":"ListItem","position":2,"name":"Economia","item":"https:\/\/www.suno.com.br\/noticias\/economia\/"},{"@type":"ListItem","position":3,"name":"Mercado de trabalho no Brasil tem 1\u00ba saldo positivo desde 2014"}]},{"@type":"WebSite","@id":"https:\/\/www.suno.com.br\/noticias\/#website","url":"https:\/\/www.suno.com.br\/noticias\/","name":"Suno Not\u00edcias","description":"Seu portal de informa\u00e7\u00e3o sobre o mundo dos investimentos","publisher":{"@id":"https:\/\/www.suno.com.br\/noticias\/#organization"},"potentialAction":[{"@type":"SearchAction","target":{"@type":"EntryPoint","urlTemplate":"https:\/\/www.suno.com.br\/noticias\/?s={search_term_string}"},"query-input":{"@type":"PropertyValueSpecification","valueRequired":true,"valueName":"search_term_string"}}],"inLanguage":"pt-BR"},{"@type":"Organization","@id":"https:\/\/www.suno.com.br\/noticias\/#organization","name":"Suno Not\u00edcias","url":"https:\/\/www.suno.com.br\/noticias\/","logo":{"@type":"ImageObject","inLanguage":"pt-BR","@id":"https:\/\/www.suno.com.br\/noticias\/#\/schema\/logo\/image\/","url":"https:\/\/files.sunoresearch.com.br\/n\/uploads\/2021\/09\/suno-logo.png","contentUrl":"https:\/\/files.sunoresearch.com.br\/n\/uploads\/2021\/09\/suno-logo.png","width":180,"height":180,"caption":"Suno Not\u00edcias"},"image":{"@id":"https:\/\/www.suno.com.br\/noticias\/#\/schema\/logo\/image\/"},"sameAs":["https:\/\/facebook.com\/sunoresearch","https:\/\/x.com\/sunoresearch","https:\/\/www.instagram.com\/suno","https:\/\/www.linkedin.com\/company\/suno-research\/","https:\/\/www.youtube.com\/c\/sunoresearch"]},{"@type":"Person","@id":"https:\/\/www.suno.com.br\/noticias\/#\/schema\/person\/0d0c9687cd2f600c564f25980c140de9","name":"Guilherme Caetano","image":{"@type":"ImageObject","inLanguage":"pt-BR","@id":"https:\/\/www.suno.com.br\/noticias\/#\/schema\/person\/image\/","url":"https:\/\/secure.gravatar.com\/avatar\/e48357351a01702a0d19307070e081bf?s=96&r=g","contentUrl":"https:\/\/secure.gravatar.com\/avatar\/e48357351a01702a0d19307070e081bf?s=96&r=g","caption":"Guilherme Caetano"},"description":"Formado em jornalismo pela Escola de Comunica\u00e7\u00f5es e Artes da USP, Guilherme Caetano escreve para o portal de not\u00edcias da Suno Research. Passou pelas reda\u00e7\u00f5es da Folha de S.Paulo e da revista \u00c9poca.","url":"https:\/\/www.suno.com.br\/noticias\/author\/guilherme-caetano\/"}]}},"default_loop_html":"<div class=\"cardsPage__listCard__boxs\"><div class=\"cardsPage__listCard__boxs__img\"><a href=\"https:\/\/www.suno.com.br\/noticias\/mercado-trabalho-brasil-saldo-positivo\/\"><img class=\"mask\" src=\"https:\/\/www.suno.com.br\/noticias\/wp-content\/themes\/suno\/resources\/images\/spotlight\/spotlight1img\/bg-mask.png\" alt=\"Image Mask\"\/><img src=\"https:\/\/files.sunoresearch.com.br\/n\/uploads\/2018\/11\/1f29b067-empregos-formais-400x200.webp\" alt=\"Mercado de trabalho no Brasil tem 1\u00ba saldo positivo desde 2014\"\/><\/a><span class=\"spotlightCategory\"><a href=\"https:\/\/www.suno.com.br\/noticias\/economia\/\">Economia<\/a><\/span><\/div><div class=\"cardsPage__listCard__boxs__content\"><a href=\"https:\/\/www.suno.com.br\/noticias\/mercado-trabalho-brasil-saldo-positivo\/\"><h2 class=\"content__title\">Mercado de trabalho no Brasil tem 1\u00ba saldo positivo desde 2014<\/h2><\/a><div class=\"newsContent__article__meta\"><div class=\"newsContent__article__meta__authorBox\"><a href=\"https:\/\/www.suno.com.br\/noticias\/author\/guilherme-caetano\/\" class=\"authorBox__avatar noMobi\"><img src=\"https:\/\/secure.gravatar.com\/avatar\/e48357351a01702a0d19307070e081bf?s=96&#038;r=g\" alt=\"Guilherme Caetano\"><\/a><div class=\"authorBox__name\"><span>por\n\t\t\t<a href=\"https:\/\/www.suno.com.br\/noticias\/author\/guilherme-caetano\/\"><span itemprop=\"author\">Guilherme Caetano<\/span><\/a><\/span><time datetime=\"2019-01-23T19:54:03-02:00\" itemprop=\"datePublished\">23\/01\/2019 19:54<\/time><\/div><\/div><\/div><\/div><\/div>","single_layout":"posts","amp_enabled":true,"_links":{"self":[{"href":"https:\/\/www.suno.com.br\/noticias\/wp-json\/wp\/v2\/posts\/12838"}],"collection":[{"href":"https:\/\/www.suno.com.br\/noticias\/wp-json\/wp\/v2\/posts"}],"about":[{"href":"https:\/\/www.suno.com.br\/noticias\/wp-json\/wp\/v2\/types\/post"}],"author":[{"embeddable":true,"href":"https:\/\/www.suno.com.br\/noticias\/wp-json\/wp\/v2\/users\/13"}],"replies":[{"embeddable":true,"href":"https:\/\/www.suno.com.br\/noticias\/wp-json\/wp\/v2\/comments?post=12838"}],"version-history":[{"count":1,"href":"https:\/\/www.suno.com.br\/noticias\/wp-json\/wp\/v2\/posts\/12838\/revisions"}],"predecessor-version":[{"id":153953,"href":"https:\/\/www.suno.com.br\/noticias\/wp-json\/wp\/v2\/posts\/12838\/revisions\/153953"}],"wp:featuredmedia":[{"embeddable":true,"href":"https:\/\/www.suno.com.br\/noticias\/wp-json\/wp\/v2\/media\/6593"}],"wp:attachment":[{"href":"https:\/\/www.suno.com.br\/noticias\/wp-json\/wp\/v2\/media?parent=12838"}],"wp:term":[{"taxonomy":"category","embeddable":true,"href":"https:\/\/www.suno.com.br\/noticias\/wp-json\/wp\/v2\/categories?post=12838"},{"taxonomy":"post_tag","embeddable":true,"href":"https:\/\/www.suno.com.br\/noticias\/wp-json\/wp\/v2\/tags?post=12838"},{"taxonomy":"suno_strategy","embeddable":true,"href":"https:\/\/www.suno.com.br\/noticias\/wp-json\/wp\/v2\/suno_strategy?post=12838"}],"curies":[{"name":"wp","href":"https:\/\/api.w.org\/{rel}","templated":true}]}}