{"id":12828,"date":"2019-01-23T19:15:25","date_gmt":"2019-01-23T21:15:25","guid":{"rendered":"https:\/\/www.suno.com.br\/noticias\/?p=12828"},"modified":"2019-01-23T22:29:37","modified_gmt":"2019-01-24T00:29:37","slug":"ibovespa-avanca-supera-patamar-historico","status":"publish","type":"post","link":"https:\/\/www.suno.com.br\/noticias\/ibovespa-avanca-supera-patamar-historico\/","title":{"rendered":"Ibovespa avan\u00e7a mais de 1% e supera patamar hist\u00f3rico"},"content":{"rendered":"<p>O Ibovespa encerrou est\u00e1 quarta-feira (23) em alta de 1,53% . Apesar da fala do presidente Jair Bolsonaro em Davos n\u00e3o ter empolgado, o discurso de membros do governo, como o ministro da Economia, Paulo Guedes, reanimaram os investidores.<\/p>\t<div class=\"wrapper-featured-image\">\n\t\t<figure class=\"spotlightImg\">\n\n\t\t\t<picture>\n\t\t\t\t<source media=\"(max-width: 768px)\" srcset=\"https:\/\/files.sunoresearch.com.br\/n\/uploads\/2018\/09\/014fd217-ibovespa-dolar-400x200.webp\">\n\t\t\t\t<img loading=\"lazy\" decoding=\"async\" class=\"newsContent__article__imgCapa lazyloadDisabled newsContent__article__imgCapa--noCaption\" src=\"https:\/\/files.sunoresearch.com.br\/n\/uploads\/2018\/09\/014fd217-ibovespa-dolar-800x450.webp\" width=\"800\" height=\"450\" alt=\"Ibovespa avan\u00e7a mais de 1% e supera patamar hist\u00f3rico\" fetchpriority=high \/>\n\t\t\t<\/picture>\n\n\t\t\t<figcaption class=\"wp-caption-text wp-caption-text--hide\">O Ibovespa futuro abriu em alta na manh\u00e3 desta quinta-feira (7), a exemplo das bolsas mundiais que operam no azul. <\/figcaption>\n\t\t<\/figure>\n\t<\/div>\n\n\n<p>\u00c0s 11 horas o \u00edndice registrou uma m\u00ednima de 95.115,80 pontos. No meio do dia, o <strong>Ibovespa<\/strong> atingiu um pico de 96.575,98 pontos. Por\u00e9m, a tarde o <strong>Ibovespa<\/strong> voltou a cair mas se recuperou, encerrando o dia em um patamar de 96.558,42 pontos.<\/p>\n<p><a href=\"https:\/\/www.suno.com.br\/noticias\/dolar-cai-euro-encerra-queda\/\">Saiba mais: Ap\u00f3s seis altas seguidas, d\u00f3lar cai 1,114%; Euro encerra dia em queda<\/a><\/p>\n<h2>Reforma da Previd\u00eancia<\/h2>\n<p>A proposta da <strong>reforma da Previd\u00eancia<\/strong> continua no radar dos investidores. Nesta quarta-feira (23), o ministro da Economia, <strong>Paulo Guedes<\/strong>, disse em entrevista ao portal <strong>Suno Not\u00edcias<\/strong> que a proposta da reforma dever\u00e1 ser encaminhada para o <strong>Congresso Nacional<\/strong> na pr\u00f3xima semana.<\/p>\n<p>Al\u00e9m disso, <strong>Guedes<\/strong> reafirmou a sua confian\u00e7a na aprova\u00e7\u00e3o do texto pelo Congresso. &#8220;Estou muito otimista, acho que a negocia\u00e7\u00e3o no Congresso vai ser legal&#8221;, disse.<\/p>\n<p><a href=\"https:\/\/www.suno.com.br\/noticias\/reforma-previdencia-congresso-guedes\/\">Saiba mais: Guedes: Reforma da Previd\u00eancia deve ir ao Congresso semana que vem<\/a><\/p>\n<p>Em entrevista \u00e0 ag\u00eancia de not\u00edcias Bloomberg, <strong>Guedes<\/strong> disse que a reforma da Previd\u00eancia vai reduzir o d\u00e9ficit or\u00e7ament\u00e1rio de cerca de 7% do Produto Interno Bruto (PIB) para zero.<\/p>\n<p>Na mesma entrevista, o presidente <strong>Jair Bolsonaro<\/strong> declarou que a as reformas &#8220;s\u00e3o fundamentais para as entidades federais continuarem funcionando&#8221;.<\/p>\n<p><a href=\"https:\/\/www.suno.com.br\/noticias\/governo-levantar-us20-privatizacoes-guedes\/\">Saiba mais: Governo espera levantar US$ 20 bi em privatiza\u00e7\u00f5es em 2019, diz Guedes<\/a><\/p>\n<h2>Sabesp \u00e9 destaque<\/h2>\n<p>A Companhia de Saneamento B\u00e1sico do estado de S\u00e3o Paulo foi o destaque nesta quarta-feira (23). As a\u00e7\u00f5es da companhia atingiram m\u00e1ximas hist\u00f3ricas nesta manh\u00e3. \u00c0s 11h14, as a\u00e7\u00f5es subiam 3,02%, a R$ 42,62 no <strong>Ibovespa<\/strong>, a bolsa de S\u00e3o Paulo.<\/p>\n<p>A not\u00edcia de que o secret\u00e1rio estadual da Fazenda e Planejamento, <strong>Henrique Meirelles<\/strong>, pretende adotar o regime de capitaliza\u00e7\u00e3o foi bem recebida pelo mercado. No entanto, <strong>Meirelles<\/strong> ressaltou que s\u00f3 capitalizara a empresa se n\u00e3o conseguir privatizar a <strong>Sabesp<\/strong>.<\/p>\n<p><a href=\"https:\/\/www.suno.com.br\/noticias\/sabesp-meirelles-capitalizacao\/\">Saiba mais: Sabesp atinge m\u00e1xima hist\u00f3rica com Meirelles estudando capitaliza\u00e7\u00e3o<\/a><\/p>\n<h2>China x EUA<\/h2>\n<p>Os mercados est\u00e3o confiantes com um poss\u00edvel acordo entre <strong>China<\/strong> e <strong>Estados Unidos<\/strong> para encerrar a guerra comercial. Nesta quarta-feira, o assessor econ\u00f4mico da <strong>Casa Branca<\/strong>, <strong>Kevin Hassett<\/strong>, declarou que as negocia\u00e7\u00f5es entre os dois pa\u00edses &#8220;est\u00e3o avan\u00e7ando r\u00e1pido&#8221;.<\/p>\n<p>&#8220;H\u00e1 muito progresso a ser feito, mas \u00e9 uma situa\u00e7\u00e3o bem forte no momento. Acho que os chineses reconhecem que eles t\u00eam um grande ganho potencial de um acordo porque o crescimento deles realmente despencou&#8221;, disse <strong>Hassett<\/strong> \u00e0 CNN.<\/p>\n<h2>Destaques do Ibovespa<\/h2>\n<ul>\n<li>PETR4 (Petrobras) &#8211; alta de 1,19% (R$ 25,43)<\/li>\n<li>VALE3 (Vale) &#8211; alta de 1,03% (R$ 55,65)<\/li>\n<li>ITUB4 (Ita\u00fa) &#8211; alta de 0,67% (R$ 37,54)<\/li>\n<li>SBSP3 (Sabesp) &#8211; alta de 1,71% (R$ 42,72)<\/li>\n<\/ul>\n<h2>Maiores altas do Ibovespa<\/h2>\n<ul>\n<li>KROT3 (Kroton) &#8211; alta de 7,33% (R$ 10,84)<\/li>\n<li>EGIE3 (Engie) &#8211; alta de 5,42% (R$ 41,05)<\/li>\n<li>CSNA3 (SID Nacional) &#8211; alta de 5,11% (R$ 10,29)<\/li>\n<\/ul>\n<h2>Maiores baixas do Ibovespa<\/h2>\n<ul>\n<li>ABEV3 (Ambev) &#8211; queda 2,05% (R$ 17,18)<\/li>\n<li>CIEL3 (Cielo) &#8211; queda de 1,35 % (R$ 10,26)<\/li>\n<li>USIM5 (Usiminas) &#8211; queda de 0,2% (R$ 9,74)<\/li>\n<\/ul>\n<h2>Bolsas Internacionais<\/h2>\n<ul>\n<li>Nasdaq (EUA) \u2013\u00a0 alta de 0,08%<\/li>\n<li>FTSE 100 (Reino Unido) \u2013 queda de 0,85%<\/li>\n<li>Nikkei (Jap\u00e3o) \u2013 queda de 0,14%<\/li>\n<li>CAC 40 (Fran\u00e7a) \u2013 queda de 0,15%<\/li>\n<li>FTSE MIB (It\u00e1lia) \u2013 queda de 0,19%;<\/li>\n<\/ul>\n","protected":false},"excerpt":{"rendered":"<p>O Ibovespa encerrou est\u00e1 quarta-feira (23) em alta de 1,53% . Apesar da fala do presidente Jair Bolsonaro em Davos n\u00e3o ter empolgado, o discurso de membros do governo, como o ministro da Economia, Paulo Guedes, reanimaram os investidores. O Ibovespa futuro abriu em alta na manh\u00e3 desta quinta-feira (7), a exemplo das bolsas mundiais [&hellip;]<\/p>\n","protected":false},"author":14,"featured_media":3999,"comment_status":"closed","ping_status":"closed","sticky":false,"template":"","format":"standard","meta":[],"categories":[60],"tags":[711,972,326,793,961,721,940,621],"suno_strategy":[],"class_list":["post-12828","post","type-post","status-publish","format-standard","has-post-thumbnail","hentry","category-mercado","tag-china","tag-davos","tag-dolar","tag-estados-unidos-eua","tag-forum-economico-mundial","tag-ibovespa","tag-reforma-da-previdencia","tag-sabesp"],"yoast_head":"<!-- This site is optimized with the Yoast SEO plugin v24.4 - https:\/\/yoast.com\/wordpress\/plugins\/seo\/ -->\n<title>Ibovespa avan\u00e7a mais de 1% e supera patamar hist\u00f3rico<\/title>\n<meta name=\"description\" content=\"Ap\u00f3s sofre uma queda de 0,94%, o Ibovespa voltou a se recuperar nesta quarta-feira e renovou o patamar hist\u00f3rico. Clique para saber mais.\" \/>\n<meta name=\"robots\" content=\"index, follow, max-snippet:-1, max-image-preview:large, max-video-preview:-1\" \/>\n<link rel=\"canonical\" href=\"https:\/\/www.suno.com.br\/noticias\/ibovespa-avanca-supera-patamar-historico\/\" \/>\n<meta property=\"og:locale\" content=\"pt_BR\" \/>\n<meta property=\"og:type\" content=\"article\" \/>\n<meta property=\"og:title\" content=\"Ibovespa avan\u00e7a mais de 1% e supera patamar hist\u00f3rico\" \/>\n<meta property=\"og:description\" content=\"Ap\u00f3s sofre uma queda de 0,94%, o Ibovespa voltou a se recuperar nesta quarta-feira e renovou o patamar hist\u00f3rico. Clique para saber mais.\" \/>\n<meta property=\"og:url\" content=\"https:\/\/www.suno.com.br\/noticias\/ibovespa-avanca-supera-patamar-historico\/\" \/>\n<meta property=\"og:site_name\" content=\"Suno Not\u00edcias\" \/>\n<meta property=\"article:publisher\" content=\"https:\/\/facebook.com\/sunoresearch\" \/>\n<meta property=\"og:image\" content=\"https:\/\/files.sunoresearch.com.br\/n\/uploads\/2018\/09\/014fd217-ibovespa-dolar.jpg\" \/>\n\t<meta property=\"og:image:width\" content=\"1920\" \/>\n\t<meta property=\"og:image:height\" content=\"1280\" \/>\n\t<meta property=\"og:image:type\" content=\"image\/jpeg\" \/>\n<meta name=\"author\" content=\"Renan Dantas\" \/>\n<meta name=\"twitter:card\" content=\"summary_large_image\" \/>\n<meta name=\"twitter:creator\" content=\"@sunoresearch\" \/>\n<meta name=\"twitter:site\" content=\"@sunoresearch\" \/>\n<meta name=\"twitter:label1\" content=\"Escrito por\" \/>\n\t<meta name=\"twitter:data1\" content=\"Renan Dantas\" \/>\n\t<meta name=\"twitter:label2\" content=\"Est. tempo de leitura\" \/>\n\t<meta name=\"twitter:data2\" content=\"3 minutos\" \/>\n<script type=\"application\/ld+json\" class=\"yoast-schema-graph\">{\"@context\":\"https:\/\/schema.org\",\"@graph\":[{\"@type\":\"NewsArticle\",\"@id\":\"https:\/\/www.suno.com.br\/noticias\/ibovespa-avanca-supera-patamar-historico\/#article\",\"isPartOf\":{\"@id\":\"https:\/\/www.suno.com.br\/noticias\/ibovespa-avanca-supera-patamar-historico\/\"},\"author\":{\"name\":\"Renan Dantas\",\"@id\":\"https:\/\/www.suno.com.br\/noticias\/#\/schema\/person\/3f7693d5795a3f6d5ce15309ee785699\"},\"headline\":\"Ibovespa avan\u00e7a mais de 1% e supera patamar hist\u00f3rico\",\"datePublished\":\"2019-01-23T21:15:25+00:00\",\"dateModified\":\"2019-01-24T00:29:37+00:00\",\"mainEntityOfPage\":{\"@id\":\"https:\/\/www.suno.com.br\/noticias\/ibovespa-avanca-supera-patamar-historico\/\"},\"wordCount\":553,\"publisher\":{\"@id\":\"https:\/\/www.suno.com.br\/noticias\/#organization\"},\"image\":{\"@id\":\"https:\/\/www.suno.com.br\/noticias\/ibovespa-avanca-supera-patamar-historico\/#primaryimage\"},\"thumbnailUrl\":\"https:\/\/files.sunoresearch.com.br\/n\/uploads\/2018\/09\/014fd217-ibovespa-dolar-jpg.webp\",\"keywords\":[\"China\",\"Davos\",\"d\u00f3lar\",\"Estados Unidos (EUA)\",\"F\u00f3rum Econ\u00f4mico Mundial\",\"Ibovespa\",\"Reforma da Previd\u00eancia\",\"Sabesp\"],\"articleSection\":[\"Mercado\"],\"inLanguage\":\"pt-BR\"},{\"@type\":\"WebPage\",\"@id\":\"https:\/\/www.suno.com.br\/noticias\/ibovespa-avanca-supera-patamar-historico\/\",\"url\":\"https:\/\/www.suno.com.br\/noticias\/ibovespa-avanca-supera-patamar-historico\/\",\"name\":\"Ibovespa avan\u00e7a mais de 1% e supera patamar hist\u00f3rico\",\"isPartOf\":{\"@id\":\"https:\/\/www.suno.com.br\/noticias\/#website\"},\"primaryImageOfPage\":{\"@id\":\"https:\/\/www.suno.com.br\/noticias\/ibovespa-avanca-supera-patamar-historico\/#primaryimage\"},\"image\":{\"@id\":\"https:\/\/www.suno.com.br\/noticias\/ibovespa-avanca-supera-patamar-historico\/#primaryimage\"},\"thumbnailUrl\":\"https:\/\/files.sunoresearch.com.br\/n\/uploads\/2018\/09\/014fd217-ibovespa-dolar-jpg.webp\",\"datePublished\":\"2019-01-23T21:15:25+00:00\",\"dateModified\":\"2019-01-24T00:29:37+00:00\",\"description\":\"Ap\u00f3s sofre uma queda de 0,94%, o Ibovespa voltou a se recuperar nesta quarta-feira e renovou o patamar hist\u00f3rico. Clique para saber mais.\",\"breadcrumb\":{\"@id\":\"https:\/\/www.suno.com.br\/noticias\/ibovespa-avanca-supera-patamar-historico\/#breadcrumb\"},\"inLanguage\":\"pt-BR\",\"potentialAction\":[{\"@type\":\"ReadAction\",\"target\":[\"https:\/\/www.suno.com.br\/noticias\/ibovespa-avanca-supera-patamar-historico\/\"]}]},{\"@type\":\"ImageObject\",\"inLanguage\":\"pt-BR\",\"@id\":\"https:\/\/www.suno.com.br\/noticias\/ibovespa-avanca-supera-patamar-historico\/#primaryimage\",\"url\":\"https:\/\/files.sunoresearch.com.br\/n\/uploads\/2018\/09\/014fd217-ibovespa-dolar-jpg.webp\",\"contentUrl\":\"https:\/\/files.sunoresearch.com.br\/n\/uploads\/2018\/09\/014fd217-ibovespa-dolar-jpg.webp\",\"width\":1920,\"height\":1280,\"caption\":\"O Ibovespa futuro abriu em alta na manh\u00e3 desta quinta-feira (7), a exemplo das bolsas mundiais que operam no azul.\"},{\"@type\":\"BreadcrumbList\",\"@id\":\"https:\/\/www.suno.com.br\/noticias\/ibovespa-avanca-supera-patamar-historico\/#breadcrumb\",\"itemListElement\":[{\"@type\":\"ListItem\",\"position\":1,\"name\":\"Not\u00edcias\",\"item\":\"https:\/\/www.suno.com.br\/noticias\/\"},{\"@type\":\"ListItem\",\"position\":2,\"name\":\"Mercado\",\"item\":\"https:\/\/www.suno.com.br\/noticias\/mercado\/\"},{\"@type\":\"ListItem\",\"position\":3,\"name\":\"Ibovespa avan\u00e7a mais de 1% e supera patamar hist\u00f3rico\"}]},{\"@type\":\"WebSite\",\"@id\":\"https:\/\/www.suno.com.br\/noticias\/#website\",\"url\":\"https:\/\/www.suno.com.br\/noticias\/\",\"name\":\"Suno Not\u00edcias\",\"description\":\"Seu portal de informa\u00e7\u00e3o sobre o mundo dos investimentos\",\"publisher\":{\"@id\":\"https:\/\/www.suno.com.br\/noticias\/#organization\"},\"potentialAction\":[{\"@type\":\"SearchAction\",\"target\":{\"@type\":\"EntryPoint\",\"urlTemplate\":\"https:\/\/www.suno.com.br\/noticias\/?s={search_term_string}\"},\"query-input\":{\"@type\":\"PropertyValueSpecification\",\"valueRequired\":true,\"valueName\":\"search_term_string\"}}],\"inLanguage\":\"pt-BR\"},{\"@type\":\"Organization\",\"@id\":\"https:\/\/www.suno.com.br\/noticias\/#organization\",\"name\":\"Suno Not\u00edcias\",\"url\":\"https:\/\/www.suno.com.br\/noticias\/\",\"logo\":{\"@type\":\"ImageObject\",\"inLanguage\":\"pt-BR\",\"@id\":\"https:\/\/www.suno.com.br\/noticias\/#\/schema\/logo\/image\/\",\"url\":\"https:\/\/files.sunoresearch.com.br\/n\/uploads\/2021\/09\/suno-logo.png\",\"contentUrl\":\"https:\/\/files.sunoresearch.com.br\/n\/uploads\/2021\/09\/suno-logo.png\",\"width\":180,\"height\":180,\"caption\":\"Suno Not\u00edcias\"},\"image\":{\"@id\":\"https:\/\/www.suno.com.br\/noticias\/#\/schema\/logo\/image\/\"},\"sameAs\":[\"https:\/\/facebook.com\/sunoresearch\",\"https:\/\/x.com\/sunoresearch\",\"https:\/\/www.instagram.com\/suno\",\"https:\/\/www.linkedin.com\/company\/suno-research\/\",\"https:\/\/www.youtube.com\/c\/sunoresearch\"]},{\"@type\":\"Person\",\"@id\":\"https:\/\/www.suno.com.br\/noticias\/#\/schema\/person\/3f7693d5795a3f6d5ce15309ee785699\",\"name\":\"Renan Dantas\",\"image\":{\"@type\":\"ImageObject\",\"inLanguage\":\"pt-BR\",\"@id\":\"https:\/\/www.suno.com.br\/noticias\/#\/schema\/person\/image\/\",\"url\":\"https:\/\/secure.gravatar.com\/avatar\/1787b83e7484a08e51d62ac8b41c8396?s=96&r=g\",\"contentUrl\":\"https:\/\/secure.gravatar.com\/avatar\/1787b83e7484a08e51d62ac8b41c8396?s=96&r=g\",\"caption\":\"Renan Dantas\"},\"description\":\"Escreve sobre pol\u00edtica e mercado financeiro para o portal Suno Not\u00edcias. Antes, atuou na assessoria de comunica\u00e7\u00e3o do Minist\u00e9rio P\u00fablico do Trabalho e na R\u00e1dio Mackenzie, onde apresentava e produzia um programa sobre artistas da m\u00fasica brasileira. \u00c9 estudante na Universidade Presbiteriana Mackenzie.\",\"url\":\"https:\/\/www.suno.com.br\/noticias\/author\/renan-dantas\/\"}]}<\/script>\n<!-- \/ Yoast SEO plugin. -->","yoast_head_json":{"title":"Ibovespa avan\u00e7a mais de 1% e supera patamar hist\u00f3rico","description":"Ap\u00f3s sofre uma queda de 0,94%, o Ibovespa voltou a se recuperar nesta quarta-feira e renovou o patamar hist\u00f3rico. Clique para saber mais.","robots":{"index":"index","follow":"follow","max-snippet":"max-snippet:-1","max-image-preview":"max-image-preview:large","max-video-preview":"max-video-preview:-1"},"canonical":"https:\/\/www.suno.com.br\/noticias\/ibovespa-avanca-supera-patamar-historico\/","og_locale":"pt_BR","og_type":"article","og_title":"Ibovespa avan\u00e7a mais de 1% e supera patamar hist\u00f3rico","og_description":"Ap\u00f3s sofre uma queda de 0,94%, o Ibovespa voltou a se recuperar nesta quarta-feira e renovou o patamar hist\u00f3rico. Clique para saber mais.","og_url":"https:\/\/www.suno.com.br\/noticias\/ibovespa-avanca-supera-patamar-historico\/","og_site_name":"Suno Not\u00edcias","article_publisher":"https:\/\/facebook.com\/sunoresearch","og_image":[{"width":1920,"height":1280,"url":"https:\/\/files.sunoresearch.com.br\/n\/uploads\/2018\/09\/014fd217-ibovespa-dolar.jpg","type":"image\/jpeg"}],"author":"Renan Dantas","twitter_card":"summary_large_image","twitter_creator":"@sunoresearch","twitter_site":"@sunoresearch","twitter_misc":{"Escrito por":"Renan Dantas","Est. tempo de leitura":"3 minutos"},"schema":{"@context":"https:\/\/schema.org","@graph":[{"@type":"NewsArticle","@id":"https:\/\/www.suno.com.br\/noticias\/ibovespa-avanca-supera-patamar-historico\/#article","isPartOf":{"@id":"https:\/\/www.suno.com.br\/noticias\/ibovespa-avanca-supera-patamar-historico\/"},"author":{"name":"Renan Dantas","@id":"https:\/\/www.suno.com.br\/noticias\/#\/schema\/person\/3f7693d5795a3f6d5ce15309ee785699"},"headline":"Ibovespa avan\u00e7a mais de 1% e supera patamar hist\u00f3rico","datePublished":"2019-01-23T21:15:25+00:00","dateModified":"2019-01-24T00:29:37+00:00","mainEntityOfPage":{"@id":"https:\/\/www.suno.com.br\/noticias\/ibovespa-avanca-supera-patamar-historico\/"},"wordCount":553,"publisher":{"@id":"https:\/\/www.suno.com.br\/noticias\/#organization"},"image":{"@id":"https:\/\/www.suno.com.br\/noticias\/ibovespa-avanca-supera-patamar-historico\/#primaryimage"},"thumbnailUrl":"https:\/\/files.sunoresearch.com.br\/n\/uploads\/2018\/09\/014fd217-ibovespa-dolar-jpg.webp","keywords":["China","Davos","d\u00f3lar","Estados Unidos (EUA)","F\u00f3rum Econ\u00f4mico Mundial","Ibovespa","Reforma da Previd\u00eancia","Sabesp"],"articleSection":["Mercado"],"inLanguage":"pt-BR"},{"@type":"WebPage","@id":"https:\/\/www.suno.com.br\/noticias\/ibovespa-avanca-supera-patamar-historico\/","url":"https:\/\/www.suno.com.br\/noticias\/ibovespa-avanca-supera-patamar-historico\/","name":"Ibovespa avan\u00e7a mais de 1% e supera patamar hist\u00f3rico","isPartOf":{"@id":"https:\/\/www.suno.com.br\/noticias\/#website"},"primaryImageOfPage":{"@id":"https:\/\/www.suno.com.br\/noticias\/ibovespa-avanca-supera-patamar-historico\/#primaryimage"},"image":{"@id":"https:\/\/www.suno.com.br\/noticias\/ibovespa-avanca-supera-patamar-historico\/#primaryimage"},"thumbnailUrl":"https:\/\/files.sunoresearch.com.br\/n\/uploads\/2018\/09\/014fd217-ibovespa-dolar-jpg.webp","datePublished":"2019-01-23T21:15:25+00:00","dateModified":"2019-01-24T00:29:37+00:00","description":"Ap\u00f3s sofre uma queda de 0,94%, o Ibovespa voltou a se recuperar nesta quarta-feira e renovou o patamar hist\u00f3rico. Clique para saber mais.","breadcrumb":{"@id":"https:\/\/www.suno.com.br\/noticias\/ibovespa-avanca-supera-patamar-historico\/#breadcrumb"},"inLanguage":"pt-BR","potentialAction":[{"@type":"ReadAction","target":["https:\/\/www.suno.com.br\/noticias\/ibovespa-avanca-supera-patamar-historico\/"]}]},{"@type":"ImageObject","inLanguage":"pt-BR","@id":"https:\/\/www.suno.com.br\/noticias\/ibovespa-avanca-supera-patamar-historico\/#primaryimage","url":"https:\/\/files.sunoresearch.com.br\/n\/uploads\/2018\/09\/014fd217-ibovespa-dolar-jpg.webp","contentUrl":"https:\/\/files.sunoresearch.com.br\/n\/uploads\/2018\/09\/014fd217-ibovespa-dolar-jpg.webp","width":1920,"height":1280,"caption":"O Ibovespa futuro abriu em alta na manh\u00e3 desta quinta-feira (7), a exemplo das bolsas mundiais que operam no azul."},{"@type":"BreadcrumbList","@id":"https:\/\/www.suno.com.br\/noticias\/ibovespa-avanca-supera-patamar-historico\/#breadcrumb","itemListElement":[{"@type":"ListItem","position":1,"name":"Not\u00edcias","item":"https:\/\/www.suno.com.br\/noticias\/"},{"@type":"ListItem","position":2,"name":"Mercado","item":"https:\/\/www.suno.com.br\/noticias\/mercado\/"},{"@type":"ListItem","position":3,"name":"Ibovespa avan\u00e7a mais de 1% e supera patamar hist\u00f3rico"}]},{"@type":"WebSite","@id":"https:\/\/www.suno.com.br\/noticias\/#website","url":"https:\/\/www.suno.com.br\/noticias\/","name":"Suno Not\u00edcias","description":"Seu portal de informa\u00e7\u00e3o sobre o mundo dos investimentos","publisher":{"@id":"https:\/\/www.suno.com.br\/noticias\/#organization"},"potentialAction":[{"@type":"SearchAction","target":{"@type":"EntryPoint","urlTemplate":"https:\/\/www.suno.com.br\/noticias\/?s={search_term_string}"},"query-input":{"@type":"PropertyValueSpecification","valueRequired":true,"valueName":"search_term_string"}}],"inLanguage":"pt-BR"},{"@type":"Organization","@id":"https:\/\/www.suno.com.br\/noticias\/#organization","name":"Suno Not\u00edcias","url":"https:\/\/www.suno.com.br\/noticias\/","logo":{"@type":"ImageObject","inLanguage":"pt-BR","@id":"https:\/\/www.suno.com.br\/noticias\/#\/schema\/logo\/image\/","url":"https:\/\/files.sunoresearch.com.br\/n\/uploads\/2021\/09\/suno-logo.png","contentUrl":"https:\/\/files.sunoresearch.com.br\/n\/uploads\/2021\/09\/suno-logo.png","width":180,"height":180,"caption":"Suno Not\u00edcias"},"image":{"@id":"https:\/\/www.suno.com.br\/noticias\/#\/schema\/logo\/image\/"},"sameAs":["https:\/\/facebook.com\/sunoresearch","https:\/\/x.com\/sunoresearch","https:\/\/www.instagram.com\/suno","https:\/\/www.linkedin.com\/company\/suno-research\/","https:\/\/www.youtube.com\/c\/sunoresearch"]},{"@type":"Person","@id":"https:\/\/www.suno.com.br\/noticias\/#\/schema\/person\/3f7693d5795a3f6d5ce15309ee785699","name":"Renan Dantas","image":{"@type":"ImageObject","inLanguage":"pt-BR","@id":"https:\/\/www.suno.com.br\/noticias\/#\/schema\/person\/image\/","url":"https:\/\/secure.gravatar.com\/avatar\/1787b83e7484a08e51d62ac8b41c8396?s=96&r=g","contentUrl":"https:\/\/secure.gravatar.com\/avatar\/1787b83e7484a08e51d62ac8b41c8396?s=96&r=g","caption":"Renan Dantas"},"description":"Escreve sobre pol\u00edtica e mercado financeiro para o portal Suno Not\u00edcias. Antes, atuou na assessoria de comunica\u00e7\u00e3o do Minist\u00e9rio P\u00fablico do Trabalho e na R\u00e1dio Mackenzie, onde apresentava e produzia um programa sobre artistas da m\u00fasica brasileira. \u00c9 estudante na Universidade Presbiteriana Mackenzie.","url":"https:\/\/www.suno.com.br\/noticias\/author\/renan-dantas\/"}]}},"default_loop_html":"<div class=\"cardsPage__listCard__boxs\"><div class=\"cardsPage__listCard__boxs__img\"><a href=\"https:\/\/www.suno.com.br\/noticias\/ibovespa-avanca-supera-patamar-historico\/\"><img class=\"mask\" src=\"https:\/\/www.suno.com.br\/noticias\/wp-content\/themes\/suno\/resources\/images\/spotlight\/spotlight1img\/bg-mask.png\" alt=\"Image Mask\"\/><img src=\"https:\/\/files.sunoresearch.com.br\/n\/uploads\/2018\/09\/014fd217-ibovespa-dolar-400x200.webp\" alt=\"Ibovespa avan\u00e7a mais de 1% e supera patamar hist\u00f3rico\"\/><\/a><span class=\"spotlightCategory\"><a href=\"https:\/\/www.suno.com.br\/noticias\/mercado\/\">Mercado<\/a><\/span><\/div><div class=\"cardsPage__listCard__boxs__content\"><a href=\"https:\/\/www.suno.com.br\/noticias\/ibovespa-avanca-supera-patamar-historico\/\"><h2 class=\"content__title\">Ibovespa avan\u00e7a mais de 1% e supera patamar hist\u00f3rico<\/h2><\/a><div class=\"newsContent__article__meta\"><div class=\"newsContent__article__meta__authorBox\"><a href=\"https:\/\/www.suno.com.br\/noticias\/author\/renan-dantas\/\" class=\"authorBox__avatar noMobi\"><img src=\"https:\/\/secure.gravatar.com\/avatar\/1787b83e7484a08e51d62ac8b41c8396?s=96&#038;r=g\" alt=\"Renan Dantas\"><\/a><div class=\"authorBox__name\"><span>por\n\t\t\t<a href=\"https:\/\/www.suno.com.br\/noticias\/author\/renan-dantas\/\"><span itemprop=\"author\">Renan Dantas<\/span><\/a><\/span><time datetime=\"2019-01-23T19:15:25-02:00\" itemprop=\"datePublished\">23\/01\/2019 19:15<\/time><\/div><\/div><\/div><\/div><\/div>","single_layout":"posts","amp_enabled":true,"_links":{"self":[{"href":"https:\/\/www.suno.com.br\/noticias\/wp-json\/wp\/v2\/posts\/12828"}],"collection":[{"href":"https:\/\/www.suno.com.br\/noticias\/wp-json\/wp\/v2\/posts"}],"about":[{"href":"https:\/\/www.suno.com.br\/noticias\/wp-json\/wp\/v2\/types\/post"}],"author":[{"embeddable":true,"href":"https:\/\/www.suno.com.br\/noticias\/wp-json\/wp\/v2\/users\/14"}],"replies":[{"embeddable":true,"href":"https:\/\/www.suno.com.br\/noticias\/wp-json\/wp\/v2\/comments?post=12828"}],"version-history":[{"count":0,"href":"https:\/\/www.suno.com.br\/noticias\/wp-json\/wp\/v2\/posts\/12828\/revisions"}],"wp:featuredmedia":[{"embeddable":true,"href":"https:\/\/www.suno.com.br\/noticias\/wp-json\/wp\/v2\/media\/3999"}],"wp:attachment":[{"href":"https:\/\/www.suno.com.br\/noticias\/wp-json\/wp\/v2\/media?parent=12828"}],"wp:term":[{"taxonomy":"category","embeddable":true,"href":"https:\/\/www.suno.com.br\/noticias\/wp-json\/wp\/v2\/categories?post=12828"},{"taxonomy":"post_tag","embeddable":true,"href":"https:\/\/www.suno.com.br\/noticias\/wp-json\/wp\/v2\/tags?post=12828"},{"taxonomy":"suno_strategy","embeddable":true,"href":"https:\/\/www.suno.com.br\/noticias\/wp-json\/wp\/v2\/suno_strategy?post=12828"}],"curies":[{"name":"wp","href":"https:\/\/api.w.org\/{rel}","templated":true}]}}