{"id":128238,"date":"2021-03-03T07:49:25","date_gmt":"2021-03-03T10:49:25","guid":{"rendered":"https:\/\/www.suno.com.br\/noticias\/?p=128238"},"modified":"2021-03-03T08:01:21","modified_gmt":"2021-03-03T11:01:21","slug":"petrobras-petr4-quatro-conselheiros-deixam-cargos","status":"publish","type":"post","link":"https:\/\/www.suno.com.br\/noticias\/petrobras-petr4-quatro-conselheiros-deixam-cargos\/","title":{"rendered":"Petrobras (PETR4): Quatro conselheiros pedem para n\u00e3o ter mandatos renovados"},"content":{"rendered":"<p>Quatro conselheiros informaram a <a href=\"https:\/\/www.suno.com.br\/acoes\/petr3\/\"><strong>Petrobras<\/strong> (PETR3;<\/a><a href=\"https:\/\/www.suno.com.br\/acoes\/petr4\/\">PETR4)<\/a> que n\u00e3o pretendem ser reconduzidos ao colegiado na pr\u00f3xima <a href=\"https:\/\/www.suno.com.br\/artigos\/assembleia-geral-ordinaria\/\">Assembleia Geral Extraordin\u00e1ria (AGE)<\/a>. Jo\u00e3o Cox Neto, Nivio Ziviani, Paulo Cesar de Souza e Silva e Omar Carneiro da Cunha Sobrinho pediram para deixar os postos de conselheiros da estatal.<\/p>\t<div class=\"wrapper-featured-image\">\n\t\t<figure class=\"spotlightImg\">\n\n\t\t\t<picture>\n\t\t\t\t<source media=\"(max-width: 768px)\" srcset=\"https:\/\/files.sunoresearch.com.br\/n\/uploads\/2021\/03\/588b2aa0-petrobras-petr4-400x200.webp\">\n\t\t\t\t<img loading=\"lazy\" decoding=\"async\" class=\"newsContent__article__imgCapa lazyloadDisabled \" src=\"https:\/\/files.sunoresearch.com.br\/n\/uploads\/2021\/03\/588b2aa0-petrobras-petr4-800x450.webp\" width=\"800\" height=\"450\" alt=\"Petrobras (PETR4): Quatro conselheiros pedem para n\u00e3o ter mandatos renovados\" fetchpriority=high \/>\n\t\t\t<\/picture>\n\n\t\t\t<figcaption class=\"wp-caption-text wp-caption-text--show\">As desestatiza\u00e7\u00f5es que a\u00a0Petrobras\u00a0deseja concluir fazem parte do Plano Estrat\u00e9gico 2021-2025 da estatal.<\/figcaption>\n\t\t<\/figure>\n\t<\/div>\n\n\n\t<p>\n\t\t<a href=\"https:\/\/lp.suno.com.br\/planilha-controle-gastos\/\" target=\"_blank\" data-element=\"shortcode-suno-banner\" title=\"Banner SUNO, clique e saiba mais\">\n\t\t\t<picture>\n\t\t\t\t<source media=\"(max-width: 500px)\" srcset=\"https:\/\/files.sunoresearch.com.br\/n\/uploads\/2023\/03\/400x300-Planilha-controle-de-gastos.png\">\n\t\t\t\t<img class=\"newsContent__article__imgCapa newsContent__article__imgCapa--banner\"\n\t\t\t\t\tsrc=\"https:\/\/files.sunoresearch.com.br\/n\/uploads\/2023\/03\/1420x240-Planilha-controle-de-gastos.png\"\n\t\t\t\t\tdata-promo-id=\"101751\"\t\t\t\t\t\t\t\t\t\twidth='1420' height='240'\t\t\t\t\talt=\"https:\/\/files.sunoresearch.com.br\/n\/uploads\/2023\/03\/1420x240-Planilha-controle-de-gastos.png\"\n\t\t\t\t>\n\t\t\t<\/picture>\n\t\t<\/a>\n\t<\/p>\n\n\n<p>A sa\u00edda dos conselheiros acontece ap\u00f3s a decis\u00e3o do presidente <strong>Jair Bolsonaro<\/strong> indicar o general Joaquim Silva e Luna no comando da Petrobras para o lugar de <a href=\"https:\/\/www.suno.com.br\/tudo-sobre\/roberto-castello-branco\/\">Roberto Castello Branco<\/a> por cr\u00edticas \u00e0 pol\u00edtica de pre\u00e7os da petroleira. O mandato de Castello Branco acaba em 20 de mar\u00e7o. A troca foi interpretada pelo mercado como interfer\u00eancia do governo na estatal.<\/p>\n<p>Em <strong>Fato Relevante<\/strong>, a companhia informa que Cox Neto e Ziviani alegaram raz\u00f5es pessoais para a decis\u00e3o. J\u00e1 Souza e Silva s\u00f3 declarou que por conta de seu mandato ser &#8220;interrompido inesperadamente, pe\u00e7o, por favor, para n\u00e3o ser reconduzido ao <strong>Conselho de Administra\u00e7\u00e3o<\/strong> na pr\u00f3xima Assembleia&#8221;. Ele ressalta o &#8220;excelente trabalho&#8221; desenvolvido pela diretoria e funcion\u00e1rios, e elogia tamb\u00e9m o presidente do colegiado, Eduardo Leal.<\/p>\n<p><a href=\"https:\/\/lp.suno.com.br\/suno-one\/\">Suno One: acesse gratuitamente eBooks, Minicursos, Artigos e V\u00eddeo Aulas sobre investimentos com um \u00fanico cadastro. Clique para saber mais!<\/a><\/p>\n<p>J\u00e1 a mensagem de Omar Carneiro da Cunha revela insatisfa\u00e7\u00e3o com a decis\u00e3o do presidente da Rep\u00fablica de promover uma troca no comando da estatal, com a indica\u00e7\u00e3o de <strong>Silva e Luna<\/strong> para o lugar de Castello Branco.<\/p>\n<p>&#8220;Em virtude dos recentes acontecimentos relacionados \u00e0s altera\u00e7\u00f5es na alta administra\u00e7\u00e3o da <strong>Petrobras<\/strong>, e os posicionamentos externados pelo representante maior do acionista controlador da mesma, n\u00e3o me sinto na posi\u00e7\u00e3o de aceitar a recondu\u00e7\u00e3o de meu nome como Conselheiro desta renomada empresa, na qual tive o privil\u00e9gio de servir nos \u00faltimos sete meses&#8221;, diz Cunha.<\/p>\n\t<p>\n\t\t<a href=\"https:\/\/lp.suno.com.br\/planilha-da-vida-financeira\/\" target=\"_blank\" data-element=\"shortcode-suno-banner\" title=\"Banner SUNO, clique e saiba mais\">\n\t\t\t<picture>\n\t\t\t\t<source media=\"(max-width: 500px)\" srcset=\"https:\/\/files.sunoresearch.com.br\/n\/uploads\/2023\/04\/400x300-Planilha-vida-financeira-true.png\">\n\t\t\t\t<img class=\"newsContent__article__imgCapa newsContent__article__imgCapa--banner\"\n\t\t\t\t\tsrc=\"https:\/\/files.sunoresearch.com.br\/n\/uploads\/2023\/04\/1420x240-Planilha-vida-financeira-true.png\"\n\t\t\t\t\tdata-promo-id=\"106682\"\t\t\t\t\t\t\t\t\t\twidth='1420' height='240'\t\t\t\t\talt=\"https:\/\/files.sunoresearch.com.br\/n\/uploads\/2023\/04\/1420x240-Planilha-vida-financeira-true.png\"\n\t\t\t\t>\n\t\t\t<\/picture>\n\t\t<\/a>\n\t<\/p>\n\n\n<p>Ele faz muitos elogios a <strong>Castello Branco<\/strong> e o atual conselho, que &#8220;se manteve aderente \u00e0s estrat\u00e9gias devidamente aprovadas, e seguindo os mais altos n\u00edveis de governan\u00e7a e de conformidade com os estatutos da empresa, e aos mais altos padr\u00f5es de gest\u00e3o empresarial&#8221;.<\/p>\n<p>&#8220;A mudan\u00e7a proposta pelo acionista majorit\u00e1rio, embora amparado nos preceitos societ\u00e1rios, n\u00e3o se coaduna com as melhores pr\u00e1ticas de gest\u00e3o, nas quais procuro guiar minha trajet\u00f3ria profissional&#8221;, afirma o conselheiro.<\/p>\n<p>A <strong>Petrobras<\/strong> lembra que a recondu\u00e7\u00e3o destes conselheiros havia sido proposta pela Uni\u00e3o, e que eventuais substitutos indicados pelo governo ser\u00e3o submetidos ao Comit\u00ea de Pessoas.<\/p>\n<h2>Presidente da Petrobras indicado pelo governo precisa passar pelo aval dos acionistas<\/h2>\n<p>Em resposta a of\u00edcio enviado pela <a href=\"https:\/\/www.suno.com.br\/artigos\/cvm\/\">Comiss\u00e3o de Valores Mobili\u00e1rios (CVM)<\/a>, a Petrobras detalhou o processo de an\u00e1lise do nome de Joaquim Silva e Luna, indicado para a presid\u00eancia da estatal.<\/p>\n\t<div data-element=\"shortcode-read-more\" class=\"knowMore\">\n\t\t\t\t<span class=\"knowMore__title\">Saiba Mais<\/span>\n\t\t\t\t<a class=\"knowMore__link\" href=\"https:\/\/www.suno.com.br\/noticias\/petrobras-petr4-insider-trading-acoes-papeis\/\">\n\t\t\tCVM vai investigar caso de insider trading nas a\u00e7\u00f5es da Petrobras (PETR4), diz jornal\t\t<\/a>\n\t<\/div>\n\n\n<p>No comunicado, a companhia lembra que a indica\u00e7\u00e3o ser\u00e1 analisada pelo Comit\u00ea de Pessoa, que tem oito dias para concluir os trabalhos. O prazo pode ser prorrogado por mais oito dias.<\/p>\n<p>A <strong>Petrobras<\/strong> lembra que o comit\u00ea ter\u00e1 a fun\u00e7\u00e3o de auxiliar os acionistas, opinando sobre o preenchimento de requisitos e a aus\u00eancia de veda\u00e7\u00f5es, e verificar a conformidade do processo de indica\u00e7\u00e3o. A AGE ser\u00e1 convocada 30 dias depois do edital de convoca\u00e7\u00e3o.<\/p>\n<p>(Com informa\u00e7\u00f5es do Estad\u00e3o Conte\u00fado)<\/p>\n<p><span style=\"font-weight: 400;\">\t<p>\n\t\t<a href=\"https:\/\/lp.suno.com.br\/planilha-de-controle-de-investimentos\/\" target=\"_blank\" data-element=\"shortcode-suno-banner\" title=\"Banner SUNO, clique e saiba mais\">\n\t\t\t<picture>\n\t\t\t\t<source media=\"(max-width: 500px)\" srcset=\"https:\/\/files.sunoresearch.com.br\/n\/uploads\/2023\/03\/400x300-Controle-de-Investimentos.png\">\n\t\t\t\t<img class=\"newsContent__article__imgCapa newsContent__article__imgCapa--banner\"\n\t\t\t\t\tsrc=\"https:\/\/files.sunoresearch.com.br\/n\/uploads\/2023\/03\/1420x240-Controle-de-Investimentos.png\"\n\t\t\t\t\tdata-promo-id=\"75934\"\t\t\t\t\t\t\t\t\t\twidth='1420' height='240'\t\t\t\t\talt=\"https:\/\/files.sunoresearch.com.br\/n\/uploads\/2023\/03\/1420x240-Controle-de-Investimentos.png\"\n\t\t\t\t>\n\t\t\t<\/picture>\n\t\t<\/a>\n\t<\/p>\n\n<\/span><\/p>\n","protected":false},"excerpt":{"rendered":"<p>Quatro conselheiros informaram a Petrobras (PETR3;PETR4) que n\u00e3o pretendem ser reconduzidos ao colegiado na pr\u00f3xima Assembleia Geral Extraordin\u00e1ria (AGE). Jo\u00e3o Cox Neto, Nivio Ziviani, Paulo Cesar de Souza e Silva e Omar Carneiro da Cunha Sobrinho pediram para deixar os postos de conselheiros da estatal. As desestatiza\u00e7\u00f5es que a\u00a0Petrobras\u00a0deseja concluir fazem parte do Plano Estrat\u00e9gico [&hellip;]<\/p>\n","protected":false},"author":15,"featured_media":128253,"comment_status":"closed","ping_status":"closed","sticky":false,"template":"","format":"standard","meta":[],"categories":[64],"tags":[595],"suno_strategy":[],"class_list":["post-128238","post","type-post","status-publish","format-standard","has-post-thumbnail","hentry","category-negocios","tag-petrobras-petr4"],"yoast_head":"<!-- This site is optimized with the Yoast SEO plugin v24.4 - https:\/\/yoast.com\/wordpress\/plugins\/seo\/ -->\n<title>Petrobras (PETR4): Quatro conselheiros deixam os cargos<\/title>\n<meta name=\"description\" content=\"Quatro conselheiros informaram a Petrobras (PETR4) que n\u00e3o pretendem ser reconduzidos ao colegiado. Para saber mais clique aqui e confira\" \/>\n<meta name=\"robots\" content=\"index, follow, max-snippet:-1, max-image-preview:large, max-video-preview:-1\" \/>\n<link rel=\"canonical\" href=\"https:\/\/www.suno.com.br\/noticias\/petrobras-petr4-quatro-conselheiros-deixam-cargos\/\" \/>\n<meta property=\"og:locale\" content=\"pt_BR\" \/>\n<meta property=\"og:type\" content=\"article\" \/>\n<meta property=\"og:title\" content=\"Petrobras (PETR4): Quatro conselheiros deixam os cargos\" \/>\n<meta property=\"og:description\" content=\"Quatro conselheiros informaram a Petrobras (PETR4) que n\u00e3o pretendem ser reconduzidos ao colegiado. Para saber mais clique aqui e confira\" \/>\n<meta property=\"og:url\" content=\"https:\/\/www.suno.com.br\/noticias\/petrobras-petr4-quatro-conselheiros-deixam-cargos\/\" \/>\n<meta property=\"og:site_name\" content=\"Suno Not\u00edcias\" \/>\n<meta property=\"article:publisher\" content=\"https:\/\/facebook.com\/sunoresearch\" \/>\n<meta property=\"og:image\" content=\"https:\/\/files.sunoresearch.com.br\/n\/uploads\/2021\/03\/588b2aa0-petrobras-petr4.jpg\" \/>\n\t<meta property=\"og:image:width\" content=\"1424\" \/>\n\t<meta property=\"og:image:height\" content=\"920\" \/>\n\t<meta property=\"og:image:type\" content=\"image\/jpeg\" \/>\n<meta name=\"author\" content=\"Poliana Santos\" \/>\n<meta name=\"twitter:card\" content=\"summary_large_image\" \/>\n<meta name=\"twitter:creator\" content=\"@sunoresearch\" \/>\n<meta name=\"twitter:site\" content=\"@sunoresearch\" \/>\n<meta name=\"twitter:label1\" content=\"Escrito por\" \/>\n\t<meta name=\"twitter:data1\" content=\"Poliana Santos\" \/>\n\t<meta name=\"twitter:label2\" content=\"Est. tempo de leitura\" \/>\n\t<meta name=\"twitter:data2\" content=\"3 minutos\" \/>\n<script type=\"application\/ld+json\" class=\"yoast-schema-graph\">{\"@context\":\"https:\/\/schema.org\",\"@graph\":[{\"@type\":\"NewsArticle\",\"@id\":\"https:\/\/www.suno.com.br\/noticias\/petrobras-petr4-quatro-conselheiros-deixam-cargos\/#article\",\"isPartOf\":{\"@id\":\"https:\/\/www.suno.com.br\/noticias\/petrobras-petr4-quatro-conselheiros-deixam-cargos\/\"},\"author\":{\"name\":\"Poliana Santos\",\"@id\":\"https:\/\/www.suno.com.br\/noticias\/#\/schema\/person\/02ec1f752758247878a2bf4abee1aeda\"},\"headline\":\"Petrobras (PETR4): Quatro conselheiros pedem para n\u00e3o ter mandatos renovados\",\"datePublished\":\"2021-03-03T10:49:25+00:00\",\"dateModified\":\"2021-03-03T11:01:21+00:00\",\"mainEntityOfPage\":{\"@id\":\"https:\/\/www.suno.com.br\/noticias\/petrobras-petr4-quatro-conselheiros-deixam-cargos\/\"},\"wordCount\":589,\"publisher\":{\"@id\":\"https:\/\/www.suno.com.br\/noticias\/#organization\"},\"image\":{\"@id\":\"https:\/\/www.suno.com.br\/noticias\/petrobras-petr4-quatro-conselheiros-deixam-cargos\/#primaryimage\"},\"thumbnailUrl\":\"https:\/\/files.sunoresearch.com.br\/n\/uploads\/2021\/03\/588b2aa0-petrobras-petr4-jpg.webp\",\"keywords\":[\"Petrobras (PETR4)\"],\"articleSection\":[\"Neg\u00f3cios\"],\"inLanguage\":\"pt-BR\"},{\"@type\":\"WebPage\",\"@id\":\"https:\/\/www.suno.com.br\/noticias\/petrobras-petr4-quatro-conselheiros-deixam-cargos\/\",\"url\":\"https:\/\/www.suno.com.br\/noticias\/petrobras-petr4-quatro-conselheiros-deixam-cargos\/\",\"name\":\"Petrobras (PETR4): Quatro conselheiros deixam os cargos\",\"isPartOf\":{\"@id\":\"https:\/\/www.suno.com.br\/noticias\/#website\"},\"primaryImageOfPage\":{\"@id\":\"https:\/\/www.suno.com.br\/noticias\/petrobras-petr4-quatro-conselheiros-deixam-cargos\/#primaryimage\"},\"image\":{\"@id\":\"https:\/\/www.suno.com.br\/noticias\/petrobras-petr4-quatro-conselheiros-deixam-cargos\/#primaryimage\"},\"thumbnailUrl\":\"https:\/\/files.sunoresearch.com.br\/n\/uploads\/2021\/03\/588b2aa0-petrobras-petr4-jpg.webp\",\"datePublished\":\"2021-03-03T10:49:25+00:00\",\"dateModified\":\"2021-03-03T11:01:21+00:00\",\"description\":\"Quatro conselheiros informaram a Petrobras (PETR4) que n\u00e3o pretendem ser reconduzidos ao colegiado. Para saber mais clique aqui e confira\",\"breadcrumb\":{\"@id\":\"https:\/\/www.suno.com.br\/noticias\/petrobras-petr4-quatro-conselheiros-deixam-cargos\/#breadcrumb\"},\"inLanguage\":\"pt-BR\",\"potentialAction\":[{\"@type\":\"ReadAction\",\"target\":[\"https:\/\/www.suno.com.br\/noticias\/petrobras-petr4-quatro-conselheiros-deixam-cargos\/\"]}]},{\"@type\":\"ImageObject\",\"inLanguage\":\"pt-BR\",\"@id\":\"https:\/\/www.suno.com.br\/noticias\/petrobras-petr4-quatro-conselheiros-deixam-cargos\/#primaryimage\",\"url\":\"https:\/\/files.sunoresearch.com.br\/n\/uploads\/2021\/03\/588b2aa0-petrobras-petr4-jpg.webp\",\"contentUrl\":\"https:\/\/files.sunoresearch.com.br\/n\/uploads\/2021\/03\/588b2aa0-petrobras-petr4-jpg.webp\",\"width\":1424,\"height\":920,\"caption\":\"As desestatiza\u00e7\u00f5es que a\u00a0Petrobras\u00a0deseja concluir fazem parte do Plano Estrat\u00e9gico 2021-2025 da estatal.\"},{\"@type\":\"BreadcrumbList\",\"@id\":\"https:\/\/www.suno.com.br\/noticias\/petrobras-petr4-quatro-conselheiros-deixam-cargos\/#breadcrumb\",\"itemListElement\":[{\"@type\":\"ListItem\",\"position\":1,\"name\":\"Not\u00edcias\",\"item\":\"https:\/\/www.suno.com.br\/noticias\/\"},{\"@type\":\"ListItem\",\"position\":2,\"name\":\"Neg\u00f3cios\",\"item\":\"https:\/\/www.suno.com.br\/noticias\/negocios\/\"},{\"@type\":\"ListItem\",\"position\":3,\"name\":\"Petrobras (PETR4): Quatro conselheiros pedem para n\u00e3o ter mandatos renovados\"}]},{\"@type\":\"WebSite\",\"@id\":\"https:\/\/www.suno.com.br\/noticias\/#website\",\"url\":\"https:\/\/www.suno.com.br\/noticias\/\",\"name\":\"Suno Not\u00edcias\",\"description\":\"Seu portal de informa\u00e7\u00e3o sobre o mundo dos investimentos\",\"publisher\":{\"@id\":\"https:\/\/www.suno.com.br\/noticias\/#organization\"},\"potentialAction\":[{\"@type\":\"SearchAction\",\"target\":{\"@type\":\"EntryPoint\",\"urlTemplate\":\"https:\/\/www.suno.com.br\/noticias\/?s={search_term_string}\"},\"query-input\":{\"@type\":\"PropertyValueSpecification\",\"valueRequired\":true,\"valueName\":\"search_term_string\"}}],\"inLanguage\":\"pt-BR\"},{\"@type\":\"Organization\",\"@id\":\"https:\/\/www.suno.com.br\/noticias\/#organization\",\"name\":\"Suno Not\u00edcias\",\"url\":\"https:\/\/www.suno.com.br\/noticias\/\",\"logo\":{\"@type\":\"ImageObject\",\"inLanguage\":\"pt-BR\",\"@id\":\"https:\/\/www.suno.com.br\/noticias\/#\/schema\/logo\/image\/\",\"url\":\"https:\/\/files.sunoresearch.com.br\/n\/uploads\/2021\/09\/suno-logo.png\",\"contentUrl\":\"https:\/\/files.sunoresearch.com.br\/n\/uploads\/2021\/09\/suno-logo.png\",\"width\":180,\"height\":180,\"caption\":\"Suno Not\u00edcias\"},\"image\":{\"@id\":\"https:\/\/www.suno.com.br\/noticias\/#\/schema\/logo\/image\/\"},\"sameAs\":[\"https:\/\/facebook.com\/sunoresearch\",\"https:\/\/x.com\/sunoresearch\",\"https:\/\/www.instagram.com\/suno\",\"https:\/\/www.linkedin.com\/company\/suno-research\/\",\"https:\/\/www.youtube.com\/c\/sunoresearch\"]},{\"@type\":\"Person\",\"@id\":\"https:\/\/www.suno.com.br\/noticias\/#\/schema\/person\/02ec1f752758247878a2bf4abee1aeda\",\"name\":\"Poliana Santos\",\"image\":{\"@type\":\"ImageObject\",\"inLanguage\":\"pt-BR\",\"@id\":\"https:\/\/www.suno.com.br\/noticias\/#\/schema\/person\/image\/\",\"url\":\"https:\/\/secure.gravatar.com\/avatar\/0645bd32f23d87b2130f2b2dff1d3f8d?s=96&r=g\",\"contentUrl\":\"https:\/\/secure.gravatar.com\/avatar\/0645bd32f23d87b2130f2b2dff1d3f8d?s=96&r=g\",\"caption\":\"Poliana Santos\"},\"description\":\"Rep\u00f3rter no Suno Not\u00edcias, com cobertura em mercado financeiro, economia, finan\u00e7as pessoais, renda fixa e varejo. Jornalista formada pela Faculdade C\u00e1sper L\u00edbero e possui passagem na R\u00e1dio Gazeta AM com a produ\u00e7\u00e3o de conte\u00fado sobre economia, pol\u00edtica, sa\u00fade, moda e m\u00fasica. Possui certificado de conclus\u00e3o do curso de An\u00e1lise de Balan\u00e7os pela Funda\u00e7\u00e3o Bradesco, Agenda Brasil pela FAAP, Educa\u00e7\u00e3o Pol\u00edtica por Alexandre Garcia e do Tesouro Direto e Mercado de A\u00e7\u00f5es pela B3.\",\"url\":\"https:\/\/www.suno.com.br\/noticias\/author\/poliana-santos\/\"}]}<\/script>\n<!-- \/ Yoast SEO plugin. -->","yoast_head_json":{"title":"Petrobras (PETR4): Quatro conselheiros deixam os cargos","description":"Quatro conselheiros informaram a Petrobras (PETR4) que n\u00e3o pretendem ser reconduzidos ao colegiado. Para saber mais clique aqui e confira","robots":{"index":"index","follow":"follow","max-snippet":"max-snippet:-1","max-image-preview":"max-image-preview:large","max-video-preview":"max-video-preview:-1"},"canonical":"https:\/\/www.suno.com.br\/noticias\/petrobras-petr4-quatro-conselheiros-deixam-cargos\/","og_locale":"pt_BR","og_type":"article","og_title":"Petrobras (PETR4): Quatro conselheiros deixam os cargos","og_description":"Quatro conselheiros informaram a Petrobras (PETR4) que n\u00e3o pretendem ser reconduzidos ao colegiado. Para saber mais clique aqui e confira","og_url":"https:\/\/www.suno.com.br\/noticias\/petrobras-petr4-quatro-conselheiros-deixam-cargos\/","og_site_name":"Suno Not\u00edcias","article_publisher":"https:\/\/facebook.com\/sunoresearch","og_image":[{"width":1424,"height":920,"url":"https:\/\/files.sunoresearch.com.br\/n\/uploads\/2021\/03\/588b2aa0-petrobras-petr4.jpg","type":"image\/jpeg"}],"author":"Poliana Santos","twitter_card":"summary_large_image","twitter_creator":"@sunoresearch","twitter_site":"@sunoresearch","twitter_misc":{"Escrito por":"Poliana Santos","Est. tempo de leitura":"3 minutos"},"schema":{"@context":"https:\/\/schema.org","@graph":[{"@type":"NewsArticle","@id":"https:\/\/www.suno.com.br\/noticias\/petrobras-petr4-quatro-conselheiros-deixam-cargos\/#article","isPartOf":{"@id":"https:\/\/www.suno.com.br\/noticias\/petrobras-petr4-quatro-conselheiros-deixam-cargos\/"},"author":{"name":"Poliana Santos","@id":"https:\/\/www.suno.com.br\/noticias\/#\/schema\/person\/02ec1f752758247878a2bf4abee1aeda"},"headline":"Petrobras (PETR4): Quatro conselheiros pedem para n\u00e3o ter mandatos renovados","datePublished":"2021-03-03T10:49:25+00:00","dateModified":"2021-03-03T11:01:21+00:00","mainEntityOfPage":{"@id":"https:\/\/www.suno.com.br\/noticias\/petrobras-petr4-quatro-conselheiros-deixam-cargos\/"},"wordCount":589,"publisher":{"@id":"https:\/\/www.suno.com.br\/noticias\/#organization"},"image":{"@id":"https:\/\/www.suno.com.br\/noticias\/petrobras-petr4-quatro-conselheiros-deixam-cargos\/#primaryimage"},"thumbnailUrl":"https:\/\/files.sunoresearch.com.br\/n\/uploads\/2021\/03\/588b2aa0-petrobras-petr4-jpg.webp","keywords":["Petrobras (PETR4)"],"articleSection":["Neg\u00f3cios"],"inLanguage":"pt-BR"},{"@type":"WebPage","@id":"https:\/\/www.suno.com.br\/noticias\/petrobras-petr4-quatro-conselheiros-deixam-cargos\/","url":"https:\/\/www.suno.com.br\/noticias\/petrobras-petr4-quatro-conselheiros-deixam-cargos\/","name":"Petrobras (PETR4): Quatro conselheiros deixam os cargos","isPartOf":{"@id":"https:\/\/www.suno.com.br\/noticias\/#website"},"primaryImageOfPage":{"@id":"https:\/\/www.suno.com.br\/noticias\/petrobras-petr4-quatro-conselheiros-deixam-cargos\/#primaryimage"},"image":{"@id":"https:\/\/www.suno.com.br\/noticias\/petrobras-petr4-quatro-conselheiros-deixam-cargos\/#primaryimage"},"thumbnailUrl":"https:\/\/files.sunoresearch.com.br\/n\/uploads\/2021\/03\/588b2aa0-petrobras-petr4-jpg.webp","datePublished":"2021-03-03T10:49:25+00:00","dateModified":"2021-03-03T11:01:21+00:00","description":"Quatro conselheiros informaram a Petrobras (PETR4) que n\u00e3o pretendem ser reconduzidos ao colegiado. Para saber mais clique aqui e confira","breadcrumb":{"@id":"https:\/\/www.suno.com.br\/noticias\/petrobras-petr4-quatro-conselheiros-deixam-cargos\/#breadcrumb"},"inLanguage":"pt-BR","potentialAction":[{"@type":"ReadAction","target":["https:\/\/www.suno.com.br\/noticias\/petrobras-petr4-quatro-conselheiros-deixam-cargos\/"]}]},{"@type":"ImageObject","inLanguage":"pt-BR","@id":"https:\/\/www.suno.com.br\/noticias\/petrobras-petr4-quatro-conselheiros-deixam-cargos\/#primaryimage","url":"https:\/\/files.sunoresearch.com.br\/n\/uploads\/2021\/03\/588b2aa0-petrobras-petr4-jpg.webp","contentUrl":"https:\/\/files.sunoresearch.com.br\/n\/uploads\/2021\/03\/588b2aa0-petrobras-petr4-jpg.webp","width":1424,"height":920,"caption":"As desestatiza\u00e7\u00f5es que a\u00a0Petrobras\u00a0deseja concluir fazem parte do Plano Estrat\u00e9gico 2021-2025 da estatal."},{"@type":"BreadcrumbList","@id":"https:\/\/www.suno.com.br\/noticias\/petrobras-petr4-quatro-conselheiros-deixam-cargos\/#breadcrumb","itemListElement":[{"@type":"ListItem","position":1,"name":"Not\u00edcias","item":"https:\/\/www.suno.com.br\/noticias\/"},{"@type":"ListItem","position":2,"name":"Neg\u00f3cios","item":"https:\/\/www.suno.com.br\/noticias\/negocios\/"},{"@type":"ListItem","position":3,"name":"Petrobras (PETR4): Quatro conselheiros pedem para n\u00e3o ter mandatos renovados"}]},{"@type":"WebSite","@id":"https:\/\/www.suno.com.br\/noticias\/#website","url":"https:\/\/www.suno.com.br\/noticias\/","name":"Suno Not\u00edcias","description":"Seu portal de informa\u00e7\u00e3o sobre o mundo dos investimentos","publisher":{"@id":"https:\/\/www.suno.com.br\/noticias\/#organization"},"potentialAction":[{"@type":"SearchAction","target":{"@type":"EntryPoint","urlTemplate":"https:\/\/www.suno.com.br\/noticias\/?s={search_term_string}"},"query-input":{"@type":"PropertyValueSpecification","valueRequired":true,"valueName":"search_term_string"}}],"inLanguage":"pt-BR"},{"@type":"Organization","@id":"https:\/\/www.suno.com.br\/noticias\/#organization","name":"Suno Not\u00edcias","url":"https:\/\/www.suno.com.br\/noticias\/","logo":{"@type":"ImageObject","inLanguage":"pt-BR","@id":"https:\/\/www.suno.com.br\/noticias\/#\/schema\/logo\/image\/","url":"https:\/\/files.sunoresearch.com.br\/n\/uploads\/2021\/09\/suno-logo.png","contentUrl":"https:\/\/files.sunoresearch.com.br\/n\/uploads\/2021\/09\/suno-logo.png","width":180,"height":180,"caption":"Suno Not\u00edcias"},"image":{"@id":"https:\/\/www.suno.com.br\/noticias\/#\/schema\/logo\/image\/"},"sameAs":["https:\/\/facebook.com\/sunoresearch","https:\/\/x.com\/sunoresearch","https:\/\/www.instagram.com\/suno","https:\/\/www.linkedin.com\/company\/suno-research\/","https:\/\/www.youtube.com\/c\/sunoresearch"]},{"@type":"Person","@id":"https:\/\/www.suno.com.br\/noticias\/#\/schema\/person\/02ec1f752758247878a2bf4abee1aeda","name":"Poliana Santos","image":{"@type":"ImageObject","inLanguage":"pt-BR","@id":"https:\/\/www.suno.com.br\/noticias\/#\/schema\/person\/image\/","url":"https:\/\/secure.gravatar.com\/avatar\/0645bd32f23d87b2130f2b2dff1d3f8d?s=96&r=g","contentUrl":"https:\/\/secure.gravatar.com\/avatar\/0645bd32f23d87b2130f2b2dff1d3f8d?s=96&r=g","caption":"Poliana Santos"},"description":"Rep\u00f3rter no Suno Not\u00edcias, com cobertura em mercado financeiro, economia, finan\u00e7as pessoais, renda fixa e varejo. Jornalista formada pela Faculdade C\u00e1sper L\u00edbero e possui passagem na R\u00e1dio Gazeta AM com a produ\u00e7\u00e3o de conte\u00fado sobre economia, pol\u00edtica, sa\u00fade, moda e m\u00fasica. Possui certificado de conclus\u00e3o do curso de An\u00e1lise de Balan\u00e7os pela Funda\u00e7\u00e3o Bradesco, Agenda Brasil pela FAAP, Educa\u00e7\u00e3o Pol\u00edtica por Alexandre Garcia e do Tesouro Direto e Mercado de A\u00e7\u00f5es pela B3.","url":"https:\/\/www.suno.com.br\/noticias\/author\/poliana-santos\/"}]}},"default_loop_html":"<div class=\"cardsPage__listCard__boxs\"><div class=\"cardsPage__listCard__boxs__img\"><a href=\"https:\/\/www.suno.com.br\/noticias\/petrobras-petr4-quatro-conselheiros-deixam-cargos\/\"><img class=\"mask\" src=\"https:\/\/www.suno.com.br\/noticias\/wp-content\/themes\/suno\/resources\/images\/spotlight\/spotlight1img\/bg-mask.png\" alt=\"Image Mask\"\/><img src=\"https:\/\/files.sunoresearch.com.br\/n\/uploads\/2021\/03\/588b2aa0-petrobras-petr4-400x200.webp\" alt=\"Petrobras (PETR4): Quatro conselheiros pedem para n\u00e3o ter mandatos renovados\"\/><\/a><span class=\"spotlightCategory\"><a href=\"https:\/\/www.suno.com.br\/noticias\/negocios\/\">Neg\u00f3cios<\/a><\/span><\/div><div class=\"cardsPage__listCard__boxs__content\"><a href=\"https:\/\/www.suno.com.br\/noticias\/petrobras-petr4-quatro-conselheiros-deixam-cargos\/\"><h2 class=\"content__title\">Petrobras (PETR4): Quatro conselheiros pedem para n\u00e3o ter mandatos renovados<\/h2><\/a><div class=\"newsContent__article__meta\"><div class=\"newsContent__article__meta__authorBox\"><a href=\"https:\/\/www.suno.com.br\/noticias\/author\/poliana-santos\/\" class=\"authorBox__avatar noMobi\"><img src=\"https:\/\/files.sunoresearch.com.br\/n\/uploads\/2020\/08\/7ef34026-whatsapp-image-2020-08-03-at-12.37.57-150x150.webp\" alt=\"Poliana Santos\"><\/a><div class=\"authorBox__name\"><span>por\n\t\t\t<a href=\"https:\/\/www.suno.com.br\/noticias\/author\/poliana-santos\/\"><span itemprop=\"author\">Poliana Santos<\/span><\/a><\/span><time datetime=\"2021-03-03T07:49:25-03:00\" itemprop=\"datePublished\">03\/03\/2021 07:49<\/time><\/div><\/div><\/div><\/div><\/div>","single_layout":"posts","amp_enabled":true,"_links":{"self":[{"href":"https:\/\/www.suno.com.br\/noticias\/wp-json\/wp\/v2\/posts\/128238"}],"collection":[{"href":"https:\/\/www.suno.com.br\/noticias\/wp-json\/wp\/v2\/posts"}],"about":[{"href":"https:\/\/www.suno.com.br\/noticias\/wp-json\/wp\/v2\/types\/post"}],"author":[{"embeddable":true,"href":"https:\/\/www.suno.com.br\/noticias\/wp-json\/wp\/v2\/users\/15"}],"replies":[{"embeddable":true,"href":"https:\/\/www.suno.com.br\/noticias\/wp-json\/wp\/v2\/comments?post=128238"}],"version-history":[{"count":5,"href":"https:\/\/www.suno.com.br\/noticias\/wp-json\/wp\/v2\/posts\/128238\/revisions"}],"predecessor-version":[{"id":128266,"href":"https:\/\/www.suno.com.br\/noticias\/wp-json\/wp\/v2\/posts\/128238\/revisions\/128266"}],"wp:featuredmedia":[{"embeddable":true,"href":"https:\/\/www.suno.com.br\/noticias\/wp-json\/wp\/v2\/media\/128253"}],"wp:attachment":[{"href":"https:\/\/www.suno.com.br\/noticias\/wp-json\/wp\/v2\/media?parent=128238"}],"wp:term":[{"taxonomy":"category","embeddable":true,"href":"https:\/\/www.suno.com.br\/noticias\/wp-json\/wp\/v2\/categories?post=128238"},{"taxonomy":"post_tag","embeddable":true,"href":"https:\/\/www.suno.com.br\/noticias\/wp-json\/wp\/v2\/tags?post=128238"},{"taxonomy":"suno_strategy","embeddable":true,"href":"https:\/\/www.suno.com.br\/noticias\/wp-json\/wp\/v2\/suno_strategy?post=128238"}],"curies":[{"name":"wp","href":"https:\/\/api.w.org\/{rel}","templated":true}]}}