{"id":12811,"date":"2019-01-23T17:14:25","date_gmt":"2019-01-23T19:14:25","guid":{"rendered":"https:\/\/www.suno.com.br\/noticias\/?p=12811"},"modified":"2019-01-23T18:28:03","modified_gmt":"2019-01-23T20:28:03","slug":"brasil-reconhece-juan-guaido-como-presidente-interino-da-venezuela","status":"publish","type":"post","link":"https:\/\/www.suno.com.br\/noticias\/brasil-reconhece-juan-guaido-como-presidente-interino-da-venezuela\/","title":{"rendered":"Brasil reconhece Juan Guaid\u00f3 como presidente interino da Venezuela"},"content":{"rendered":"<p>O presidente Jair Bolsonaro afirmou que o Brasil passa a reconhecer o l\u00edder da oposi\u00e7\u00e3o na Venezuela, Juan Guaid\u00f3, como presidente leg\u00edtimo do pa\u00eds. O\u00a0pronunciamento se deu em conjunto com l\u00edderes de Col\u00f4mbia, Peru e Canad\u00e1. A declara\u00e7\u00e3o foi dada nesta quarta (23) no <a href=\"https:\/\/www.suno.com.br\/artigos\/direto-de-davos\/\">F\u00f3rum Econ\u00f4mico Mundial<\/a>, em Davos.<\/p>\t<div class=\"wrapper-featured-image\">\n\t\t<figure class=\"spotlightImg\">\n\n\t\t\t<picture>\n\t\t\t\t<source media=\"(max-width: 768px)\" srcset=\"https:\/\/files.sunoresearch.com.br\/n\/uploads\/2019\/01\/1eaece2c-bolsonaro-reconhece-juan-guaid\u00f3-400x200.webp\">\n\t\t\t\t<img loading=\"lazy\" decoding=\"async\" class=\"newsContent__article__imgCapa lazyloadDisabled newsContent__article__imgCapa--noCaption\" src=\"https:\/\/files.sunoresearch.com.br\/n\/uploads\/2019\/01\/1eaece2c-bolsonaro-reconhece-juan-guaid\u00f3-800x450.webp\" width=\"800\" height=\"450\" alt=\"Brasil reconhece Juan Guaid\u00f3 como presidente interino da Venezuela\" fetchpriority=high \/>\n\t\t\t<\/picture>\n\n\t\t\t<figcaption class=\"wp-caption-text wp-caption-text--hide\">bolsonaro guaid\u00f3 venezuela<\/figcaption>\n\t\t<\/figure>\n\t<\/div>\n\n\n<p>&#8220;O Brasil, juntamente com os demais pa\u00edses do Grupo de Lima que est\u00e3o reconhecendo esse fato, dar\u00e1 todo o apoio pol\u00edtico necess\u00e1rio para que esse processo siga seu destino&#8221;, declarou <strong>Bolsonaro<\/strong>. Ao lado dele estavam <strong>Ivan Duque<\/strong>, presidente da Col\u00f4mbia, <strong>Mercedes Araoz<\/strong>, a vice-presidente do Peru, e\u00a0<strong>Chrystia Freeland<\/strong>, chanceler do Canad\u00e1. Todos reconheceram o l\u00edder da Assembleia Nacional como novo presidente da <strong>Venezuela<\/strong>.<\/p>\n<p class=\"twitter-tweet\" data-lang=\"pt\">\n<p dir=\"ltr\" lang=\"es\">Venezuela: <a href=\"https:\/\/t.co\/PC2ezDhld1\">pic.twitter.com\/PC2ezDhld1<\/a><\/p>\n<p>\u2014 Jair M. Bolsonaro (@jairbolsonaro) <a href=\"https:\/\/twitter.com\/jairbolsonaro\/status\/1088152739388014593?ref_src=twsrc%5Etfw\">23 de janeiro de 2019<\/a><\/p>\n<p><script async src=\"https:\/\/platform.twitter.com\/widgets.js\" charset=\"utf-8\"><\/script><\/p>\n<p>Mais cedo, o presidente da Assembleia Nacional, <strong>Juan Guaid\u00f3<\/strong>, declarou-se o presidente interino venezuelano. L\u00edder da oposi\u00e7\u00e3o ao governo do ditador <strong>Nicol\u00e1s Maduro<\/strong>, ele discursou para milhares de manifestantes em Caracas.<\/p>\n<p><a href=\"https:\/\/www.suno.com.br\/noticias\/chefe-legislativo-presidente-interino-venezuela\/\">Saiba mais: Chefe do Legislativo se declara presidente interino da Venezuela<\/a><\/p>\n<p>Confira os pa\u00edses que at\u00e9 este momento reconheceram <strong>Juan Guaid\u00f3<\/strong> como presidente da <strong>Venezuela<\/strong>:<\/p>\n<ul>\n<li><strong>Brasil<\/strong><\/li>\n<li><strong>Estados Unidos<\/strong><\/li>\n<li><strong>Canad\u00e1<\/strong><\/li>\n<li><strong>Paraguai<\/strong><\/li>\n<li><strong>Col\u00f4mbia<\/strong><\/li>\n<li><strong>Argentina<\/strong><\/li>\n<li><strong>Peru<\/strong><\/li>\n<li><strong>Equador<\/strong><\/li>\n<li><strong>Costa Rica<\/strong><\/li>\n<li><strong>Chile<\/strong><\/li>\n<\/ul>\n<p>&#8220;Na condi\u00e7\u00e3o de presidente da Assembleia Nacional, ante Deus, a <strong>Venezuela<\/strong>, em respeito aos meus colegas deputados, juro assumir formalmente as compet\u00eancias do executivo nacional como presidente interino da Venezuela. Para conseguir o fim da usurpa\u00e7\u00e3o, um governo de transi\u00e7\u00e3o e ter elei\u00e7\u00f5es livres&#8221;, declarou <strong>Guaid\u00f3<\/strong>.<\/p>\n<p>O movimento foi rapidamente reconhecido pelo presidente dos <strong>Estados Unidos<\/strong>, <strong>Donald Trump<\/strong>. O americano chamou outros pa\u00edses do Ocidente a fazer o mesmo.<\/p>\n<p>&#8220;Em seu papel como o \u00fanico setor leg\u00edtimo do governo devidamente eleito pelo <a href=\"https:\/\/www.suno.com.br\/noticias\/onu-exodo-venezuelano-53-milhoes\/\">povo venezuelano<\/a>, a Assembleia Nacional evocou a constitui\u00e7\u00e3o do pa\u00eds para declarar <strong>Nicol\u00e1s Maduro<\/strong> ileg\u00edtimo, e o gabinete da presid\u00eancia, vacante. O povo venezuelano corajosamente denunciou Maduro e seu regime e pediu liberdade e o Estado democr\u00e1tico de direito&#8221;, declarou <strong>Trump<\/strong>.<\/p>\n<h2>Guaid\u00f3 se declara presidente venezuelano<\/h2>\n<p>Em 11 de janeiro, <strong>Juan Guaid\u00f3<\/strong>, declarou-se presidente interino da Venezuela. O fato se deu\u00a0um dia ap\u00f3s <strong>Nicol\u00e1s Maduro<\/strong> tomar posse para o <a href=\"https:\/\/www.suno.com.br\/noticias\/maduro-toma-posse-assume-mandato-venezuela\/\">controverso segundo mandato<\/a>.<\/p>\n<p>A declara\u00e7\u00e3o de <strong>Guaid\u00f3<\/strong> foi feita na sede das Na\u00e7\u00f5es Unidas, em Caracas. L\u00edder de oposi\u00e7\u00e3o no parlamento, ele se declarou \u201cem desacato\u201d pela ditadura de <strong>Maduro<\/strong>.<\/p>\n<p>\u201cNingu\u00e9m duvida de que <strong>Maduro<\/strong> \u00e9 um usurpador. Convocamos o povo a nos respaldar, numa manifesta\u00e7\u00e3o no pr\u00f3ximo dia 23 de janeiro\u201d, disse o parlamentar. A ideia do l\u00edder da oposi\u00e7\u00e3o \u00e9, uma vez no poder, convocar elei\u00e7\u00f5es gerais para a escolha de um novo presidente atrav\u00e9s do voto.<\/p>\n","protected":false},"excerpt":{"rendered":"<p>O presidente Jair Bolsonaro afirmou que o Brasil passa a reconhecer o l\u00edder da oposi\u00e7\u00e3o na Venezuela, Juan Guaid\u00f3, como presidente leg\u00edtimo do pa\u00eds. O\u00a0pronunciamento se deu em conjunto com l\u00edderes de Col\u00f4mbia, Peru e Canad\u00e1. A declara\u00e7\u00e3o foi dada nesta quarta (23) no F\u00f3rum Econ\u00f4mico Mundial, em Davos. bolsonaro guaid\u00f3 venezuela &#8220;O Brasil, juntamente [&hellip;]<\/p>\n","protected":false},"author":13,"featured_media":12819,"comment_status":"closed","ping_status":"closed","sticky":false,"template":"","format":"standard","meta":[],"categories":[63],"tags":[724,719,805,804],"suno_strategy":[],"class_list":["post-12811","post","type-post","status-publish","format-standard","has-post-thumbnail","hentry","category-internacional","tag-donald-trump","tag-jair-bolsonaro","tag-nicolas-maduro","tag-venezuela"],"yoast_head":"<!-- This site is optimized with the Yoast SEO plugin v24.4 - https:\/\/yoast.com\/wordpress\/plugins\/seo\/ -->\n<title>Brasil reconhece Juan Guaid\u00f3 como presidente interino da Venezuela<\/title>\n<meta name=\"description\" content=\"Jair Bolsonaro disse que o Brasil reconhece o l\u00edder da oposi\u00e7\u00e3o na Venezuela, Juan Guaid\u00f3, como presidente leg\u00edtimo do pa\u00eds. Clique e saiba+\" \/>\n<meta name=\"robots\" content=\"index, follow, max-snippet:-1, max-image-preview:large, max-video-preview:-1\" \/>\n<link rel=\"canonical\" href=\"https:\/\/www.suno.com.br\/noticias\/brasil-reconhece-juan-guaido-como-presidente-interino-da-venezuela\/\" \/>\n<meta property=\"og:locale\" content=\"pt_BR\" \/>\n<meta property=\"og:type\" content=\"article\" \/>\n<meta property=\"og:title\" content=\"Brasil reconhece Juan Guaid\u00f3 como presidente interino da Venezuela\" \/>\n<meta property=\"og:description\" content=\"Jair Bolsonaro disse que o Brasil reconhece o l\u00edder da oposi\u00e7\u00e3o na Venezuela, Juan Guaid\u00f3, como presidente leg\u00edtimo do pa\u00eds. Clique e saiba+\" \/>\n<meta property=\"og:url\" content=\"https:\/\/www.suno.com.br\/noticias\/brasil-reconhece-juan-guaido-como-presidente-interino-da-venezuela\/\" \/>\n<meta property=\"og:site_name\" content=\"Suno Not\u00edcias\" \/>\n<meta property=\"article:publisher\" content=\"https:\/\/facebook.com\/sunoresearch\" \/>\n<meta property=\"og:image\" content=\"https:\/\/files.sunoresearch.com.br\/n\/uploads\/2019\/01\/1eaece2c-bolsonaro-reconhece-juan-guaid\u00f3.jpg\" \/>\n\t<meta property=\"og:image:width\" content=\"1280\" \/>\n\t<meta property=\"og:image:height\" content=\"960\" \/>\n\t<meta property=\"og:image:type\" content=\"image\/jpeg\" \/>\n<meta name=\"author\" content=\"Guilherme Caetano\" \/>\n<meta name=\"twitter:card\" content=\"summary_large_image\" \/>\n<meta name=\"twitter:creator\" content=\"@sunoresearch\" \/>\n<meta name=\"twitter:site\" content=\"@sunoresearch\" \/>\n<meta name=\"twitter:label1\" content=\"Escrito por\" \/>\n\t<meta name=\"twitter:data1\" content=\"Guilherme Caetano\" \/>\n\t<meta name=\"twitter:label2\" content=\"Est. tempo de leitura\" \/>\n\t<meta name=\"twitter:data2\" content=\"2 minutos\" \/>\n<script type=\"application\/ld+json\" class=\"yoast-schema-graph\">{\"@context\":\"https:\/\/schema.org\",\"@graph\":[{\"@type\":\"NewsArticle\",\"@id\":\"https:\/\/www.suno.com.br\/noticias\/brasil-reconhece-juan-guaido-como-presidente-interino-da-venezuela\/#article\",\"isPartOf\":{\"@id\":\"https:\/\/www.suno.com.br\/noticias\/brasil-reconhece-juan-guaido-como-presidente-interino-da-venezuela\/\"},\"author\":{\"name\":\"Guilherme Caetano\",\"@id\":\"https:\/\/www.suno.com.br\/noticias\/#\/schema\/person\/0d0c9687cd2f600c564f25980c140de9\"},\"headline\":\"Brasil reconhece Juan Guaid\u00f3 como presidente interino da Venezuela\",\"datePublished\":\"2019-01-23T19:14:25+00:00\",\"dateModified\":\"2019-01-23T20:28:03+00:00\",\"mainEntityOfPage\":{\"@id\":\"https:\/\/www.suno.com.br\/noticias\/brasil-reconhece-juan-guaido-como-presidente-interino-da-venezuela\/\"},\"wordCount\":476,\"publisher\":{\"@id\":\"https:\/\/www.suno.com.br\/noticias\/#organization\"},\"image\":{\"@id\":\"https:\/\/www.suno.com.br\/noticias\/brasil-reconhece-juan-guaido-como-presidente-interino-da-venezuela\/#primaryimage\"},\"thumbnailUrl\":\"https:\/\/files.sunoresearch.com.br\/n\/uploads\/2019\/01\/1eaece2c-bolsonaro-reconhece-juan-guaid\u00f3-jpg.webp\",\"keywords\":[\"Donald Trump\",\"Jair Bolsonaro\",\"Nicol\u00e1s Maduro\",\"Venezuela\"],\"articleSection\":[\"Internacional\"],\"inLanguage\":\"pt-BR\"},{\"@type\":\"WebPage\",\"@id\":\"https:\/\/www.suno.com.br\/noticias\/brasil-reconhece-juan-guaido-como-presidente-interino-da-venezuela\/\",\"url\":\"https:\/\/www.suno.com.br\/noticias\/brasil-reconhece-juan-guaido-como-presidente-interino-da-venezuela\/\",\"name\":\"Brasil reconhece Juan Guaid\u00f3 como presidente interino da Venezuela\",\"isPartOf\":{\"@id\":\"https:\/\/www.suno.com.br\/noticias\/#website\"},\"primaryImageOfPage\":{\"@id\":\"https:\/\/www.suno.com.br\/noticias\/brasil-reconhece-juan-guaido-como-presidente-interino-da-venezuela\/#primaryimage\"},\"image\":{\"@id\":\"https:\/\/www.suno.com.br\/noticias\/brasil-reconhece-juan-guaido-como-presidente-interino-da-venezuela\/#primaryimage\"},\"thumbnailUrl\":\"https:\/\/files.sunoresearch.com.br\/n\/uploads\/2019\/01\/1eaece2c-bolsonaro-reconhece-juan-guaid\u00f3-jpg.webp\",\"datePublished\":\"2019-01-23T19:14:25+00:00\",\"dateModified\":\"2019-01-23T20:28:03+00:00\",\"description\":\"Jair Bolsonaro disse que o Brasil reconhece o l\u00edder da oposi\u00e7\u00e3o na Venezuela, Juan Guaid\u00f3, como presidente leg\u00edtimo do pa\u00eds. Clique e saiba+\",\"breadcrumb\":{\"@id\":\"https:\/\/www.suno.com.br\/noticias\/brasil-reconhece-juan-guaido-como-presidente-interino-da-venezuela\/#breadcrumb\"},\"inLanguage\":\"pt-BR\",\"potentialAction\":[{\"@type\":\"ReadAction\",\"target\":[\"https:\/\/www.suno.com.br\/noticias\/brasil-reconhece-juan-guaido-como-presidente-interino-da-venezuela\/\"]}]},{\"@type\":\"ImageObject\",\"inLanguage\":\"pt-BR\",\"@id\":\"https:\/\/www.suno.com.br\/noticias\/brasil-reconhece-juan-guaido-como-presidente-interino-da-venezuela\/#primaryimage\",\"url\":\"https:\/\/files.sunoresearch.com.br\/n\/uploads\/2019\/01\/1eaece2c-bolsonaro-reconhece-juan-guaid\u00f3-jpg.webp\",\"contentUrl\":\"https:\/\/files.sunoresearch.com.br\/n\/uploads\/2019\/01\/1eaece2c-bolsonaro-reconhece-juan-guaid\u00f3-jpg.webp\",\"width\":1280,\"height\":960,\"caption\":\"bolsonaro guaid\u00f3 venezuela\"},{\"@type\":\"BreadcrumbList\",\"@id\":\"https:\/\/www.suno.com.br\/noticias\/brasil-reconhece-juan-guaido-como-presidente-interino-da-venezuela\/#breadcrumb\",\"itemListElement\":[{\"@type\":\"ListItem\",\"position\":1,\"name\":\"Not\u00edcias\",\"item\":\"https:\/\/www.suno.com.br\/noticias\/\"},{\"@type\":\"ListItem\",\"position\":2,\"name\":\"Internacional\",\"item\":\"https:\/\/www.suno.com.br\/noticias\/internacional\/\"},{\"@type\":\"ListItem\",\"position\":3,\"name\":\"Brasil reconhece Juan Guaid\u00f3 como presidente interino da Venezuela\"}]},{\"@type\":\"WebSite\",\"@id\":\"https:\/\/www.suno.com.br\/noticias\/#website\",\"url\":\"https:\/\/www.suno.com.br\/noticias\/\",\"name\":\"Suno Not\u00edcias\",\"description\":\"Seu portal de informa\u00e7\u00e3o sobre o mundo dos investimentos\",\"publisher\":{\"@id\":\"https:\/\/www.suno.com.br\/noticias\/#organization\"},\"potentialAction\":[{\"@type\":\"SearchAction\",\"target\":{\"@type\":\"EntryPoint\",\"urlTemplate\":\"https:\/\/www.suno.com.br\/noticias\/?s={search_term_string}\"},\"query-input\":{\"@type\":\"PropertyValueSpecification\",\"valueRequired\":true,\"valueName\":\"search_term_string\"}}],\"inLanguage\":\"pt-BR\"},{\"@type\":\"Organization\",\"@id\":\"https:\/\/www.suno.com.br\/noticias\/#organization\",\"name\":\"Suno Not\u00edcias\",\"url\":\"https:\/\/www.suno.com.br\/noticias\/\",\"logo\":{\"@type\":\"ImageObject\",\"inLanguage\":\"pt-BR\",\"@id\":\"https:\/\/www.suno.com.br\/noticias\/#\/schema\/logo\/image\/\",\"url\":\"https:\/\/files.sunoresearch.com.br\/n\/uploads\/2021\/09\/suno-logo.png\",\"contentUrl\":\"https:\/\/files.sunoresearch.com.br\/n\/uploads\/2021\/09\/suno-logo.png\",\"width\":180,\"height\":180,\"caption\":\"Suno Not\u00edcias\"},\"image\":{\"@id\":\"https:\/\/www.suno.com.br\/noticias\/#\/schema\/logo\/image\/\"},\"sameAs\":[\"https:\/\/facebook.com\/sunoresearch\",\"https:\/\/x.com\/sunoresearch\",\"https:\/\/www.instagram.com\/suno\",\"https:\/\/www.linkedin.com\/company\/suno-research\/\",\"https:\/\/www.youtube.com\/c\/sunoresearch\"]},{\"@type\":\"Person\",\"@id\":\"https:\/\/www.suno.com.br\/noticias\/#\/schema\/person\/0d0c9687cd2f600c564f25980c140de9\",\"name\":\"Guilherme Caetano\",\"image\":{\"@type\":\"ImageObject\",\"inLanguage\":\"pt-BR\",\"@id\":\"https:\/\/www.suno.com.br\/noticias\/#\/schema\/person\/image\/\",\"url\":\"https:\/\/secure.gravatar.com\/avatar\/e48357351a01702a0d19307070e081bf?s=96&r=g\",\"contentUrl\":\"https:\/\/secure.gravatar.com\/avatar\/e48357351a01702a0d19307070e081bf?s=96&r=g\",\"caption\":\"Guilherme Caetano\"},\"description\":\"Formado em jornalismo pela Escola de Comunica\u00e7\u00f5es e Artes da USP, Guilherme Caetano escreve para o portal de not\u00edcias da Suno Research. Passou pelas reda\u00e7\u00f5es da Folha de S.Paulo e da revista \u00c9poca.\",\"url\":\"https:\/\/www.suno.com.br\/noticias\/author\/guilherme-caetano\/\"}]}<\/script>\n<!-- \/ Yoast SEO plugin. -->","yoast_head_json":{"title":"Brasil reconhece Juan Guaid\u00f3 como presidente interino da Venezuela","description":"Jair Bolsonaro disse que o Brasil reconhece o l\u00edder da oposi\u00e7\u00e3o na Venezuela, Juan Guaid\u00f3, como presidente leg\u00edtimo do pa\u00eds. Clique e saiba+","robots":{"index":"index","follow":"follow","max-snippet":"max-snippet:-1","max-image-preview":"max-image-preview:large","max-video-preview":"max-video-preview:-1"},"canonical":"https:\/\/www.suno.com.br\/noticias\/brasil-reconhece-juan-guaido-como-presidente-interino-da-venezuela\/","og_locale":"pt_BR","og_type":"article","og_title":"Brasil reconhece Juan Guaid\u00f3 como presidente interino da Venezuela","og_description":"Jair Bolsonaro disse que o Brasil reconhece o l\u00edder da oposi\u00e7\u00e3o na Venezuela, Juan Guaid\u00f3, como presidente leg\u00edtimo do pa\u00eds. Clique e saiba+","og_url":"https:\/\/www.suno.com.br\/noticias\/brasil-reconhece-juan-guaido-como-presidente-interino-da-venezuela\/","og_site_name":"Suno Not\u00edcias","article_publisher":"https:\/\/facebook.com\/sunoresearch","og_image":[{"width":1280,"height":960,"url":"https:\/\/files.sunoresearch.com.br\/n\/uploads\/2019\/01\/1eaece2c-bolsonaro-reconhece-juan-guaid\u00f3.jpg","type":"image\/jpeg"}],"author":"Guilherme Caetano","twitter_card":"summary_large_image","twitter_creator":"@sunoresearch","twitter_site":"@sunoresearch","twitter_misc":{"Escrito por":"Guilherme Caetano","Est. tempo de leitura":"2 minutos"},"schema":{"@context":"https:\/\/schema.org","@graph":[{"@type":"NewsArticle","@id":"https:\/\/www.suno.com.br\/noticias\/brasil-reconhece-juan-guaido-como-presidente-interino-da-venezuela\/#article","isPartOf":{"@id":"https:\/\/www.suno.com.br\/noticias\/brasil-reconhece-juan-guaido-como-presidente-interino-da-venezuela\/"},"author":{"name":"Guilherme Caetano","@id":"https:\/\/www.suno.com.br\/noticias\/#\/schema\/person\/0d0c9687cd2f600c564f25980c140de9"},"headline":"Brasil reconhece Juan Guaid\u00f3 como presidente interino da Venezuela","datePublished":"2019-01-23T19:14:25+00:00","dateModified":"2019-01-23T20:28:03+00:00","mainEntityOfPage":{"@id":"https:\/\/www.suno.com.br\/noticias\/brasil-reconhece-juan-guaido-como-presidente-interino-da-venezuela\/"},"wordCount":476,"publisher":{"@id":"https:\/\/www.suno.com.br\/noticias\/#organization"},"image":{"@id":"https:\/\/www.suno.com.br\/noticias\/brasil-reconhece-juan-guaido-como-presidente-interino-da-venezuela\/#primaryimage"},"thumbnailUrl":"https:\/\/files.sunoresearch.com.br\/n\/uploads\/2019\/01\/1eaece2c-bolsonaro-reconhece-juan-guaid\u00f3-jpg.webp","keywords":["Donald Trump","Jair Bolsonaro","Nicol\u00e1s Maduro","Venezuela"],"articleSection":["Internacional"],"inLanguage":"pt-BR"},{"@type":"WebPage","@id":"https:\/\/www.suno.com.br\/noticias\/brasil-reconhece-juan-guaido-como-presidente-interino-da-venezuela\/","url":"https:\/\/www.suno.com.br\/noticias\/brasil-reconhece-juan-guaido-como-presidente-interino-da-venezuela\/","name":"Brasil reconhece Juan Guaid\u00f3 como presidente interino da Venezuela","isPartOf":{"@id":"https:\/\/www.suno.com.br\/noticias\/#website"},"primaryImageOfPage":{"@id":"https:\/\/www.suno.com.br\/noticias\/brasil-reconhece-juan-guaido-como-presidente-interino-da-venezuela\/#primaryimage"},"image":{"@id":"https:\/\/www.suno.com.br\/noticias\/brasil-reconhece-juan-guaido-como-presidente-interino-da-venezuela\/#primaryimage"},"thumbnailUrl":"https:\/\/files.sunoresearch.com.br\/n\/uploads\/2019\/01\/1eaece2c-bolsonaro-reconhece-juan-guaid\u00f3-jpg.webp","datePublished":"2019-01-23T19:14:25+00:00","dateModified":"2019-01-23T20:28:03+00:00","description":"Jair Bolsonaro disse que o Brasil reconhece o l\u00edder da oposi\u00e7\u00e3o na Venezuela, Juan Guaid\u00f3, como presidente leg\u00edtimo do pa\u00eds. Clique e saiba+","breadcrumb":{"@id":"https:\/\/www.suno.com.br\/noticias\/brasil-reconhece-juan-guaido-como-presidente-interino-da-venezuela\/#breadcrumb"},"inLanguage":"pt-BR","potentialAction":[{"@type":"ReadAction","target":["https:\/\/www.suno.com.br\/noticias\/brasil-reconhece-juan-guaido-como-presidente-interino-da-venezuela\/"]}]},{"@type":"ImageObject","inLanguage":"pt-BR","@id":"https:\/\/www.suno.com.br\/noticias\/brasil-reconhece-juan-guaido-como-presidente-interino-da-venezuela\/#primaryimage","url":"https:\/\/files.sunoresearch.com.br\/n\/uploads\/2019\/01\/1eaece2c-bolsonaro-reconhece-juan-guaid\u00f3-jpg.webp","contentUrl":"https:\/\/files.sunoresearch.com.br\/n\/uploads\/2019\/01\/1eaece2c-bolsonaro-reconhece-juan-guaid\u00f3-jpg.webp","width":1280,"height":960,"caption":"bolsonaro guaid\u00f3 venezuela"},{"@type":"BreadcrumbList","@id":"https:\/\/www.suno.com.br\/noticias\/brasil-reconhece-juan-guaido-como-presidente-interino-da-venezuela\/#breadcrumb","itemListElement":[{"@type":"ListItem","position":1,"name":"Not\u00edcias","item":"https:\/\/www.suno.com.br\/noticias\/"},{"@type":"ListItem","position":2,"name":"Internacional","item":"https:\/\/www.suno.com.br\/noticias\/internacional\/"},{"@type":"ListItem","position":3,"name":"Brasil reconhece Juan Guaid\u00f3 como presidente interino da Venezuela"}]},{"@type":"WebSite","@id":"https:\/\/www.suno.com.br\/noticias\/#website","url":"https:\/\/www.suno.com.br\/noticias\/","name":"Suno Not\u00edcias","description":"Seu portal de informa\u00e7\u00e3o sobre o mundo dos investimentos","publisher":{"@id":"https:\/\/www.suno.com.br\/noticias\/#organization"},"potentialAction":[{"@type":"SearchAction","target":{"@type":"EntryPoint","urlTemplate":"https:\/\/www.suno.com.br\/noticias\/?s={search_term_string}"},"query-input":{"@type":"PropertyValueSpecification","valueRequired":true,"valueName":"search_term_string"}}],"inLanguage":"pt-BR"},{"@type":"Organization","@id":"https:\/\/www.suno.com.br\/noticias\/#organization","name":"Suno Not\u00edcias","url":"https:\/\/www.suno.com.br\/noticias\/","logo":{"@type":"ImageObject","inLanguage":"pt-BR","@id":"https:\/\/www.suno.com.br\/noticias\/#\/schema\/logo\/image\/","url":"https:\/\/files.sunoresearch.com.br\/n\/uploads\/2021\/09\/suno-logo.png","contentUrl":"https:\/\/files.sunoresearch.com.br\/n\/uploads\/2021\/09\/suno-logo.png","width":180,"height":180,"caption":"Suno Not\u00edcias"},"image":{"@id":"https:\/\/www.suno.com.br\/noticias\/#\/schema\/logo\/image\/"},"sameAs":["https:\/\/facebook.com\/sunoresearch","https:\/\/x.com\/sunoresearch","https:\/\/www.instagram.com\/suno","https:\/\/www.linkedin.com\/company\/suno-research\/","https:\/\/www.youtube.com\/c\/sunoresearch"]},{"@type":"Person","@id":"https:\/\/www.suno.com.br\/noticias\/#\/schema\/person\/0d0c9687cd2f600c564f25980c140de9","name":"Guilherme Caetano","image":{"@type":"ImageObject","inLanguage":"pt-BR","@id":"https:\/\/www.suno.com.br\/noticias\/#\/schema\/person\/image\/","url":"https:\/\/secure.gravatar.com\/avatar\/e48357351a01702a0d19307070e081bf?s=96&r=g","contentUrl":"https:\/\/secure.gravatar.com\/avatar\/e48357351a01702a0d19307070e081bf?s=96&r=g","caption":"Guilherme Caetano"},"description":"Formado em jornalismo pela Escola de Comunica\u00e7\u00f5es e Artes da USP, Guilherme Caetano escreve para o portal de not\u00edcias da Suno Research. Passou pelas reda\u00e7\u00f5es da Folha de S.Paulo e da revista \u00c9poca.","url":"https:\/\/www.suno.com.br\/noticias\/author\/guilherme-caetano\/"}]}},"default_loop_html":"<div class=\"cardsPage__listCard__boxs\"><div class=\"cardsPage__listCard__boxs__img\"><a href=\"https:\/\/www.suno.com.br\/noticias\/brasil-reconhece-juan-guaido-como-presidente-interino-da-venezuela\/\"><img class=\"mask\" src=\"https:\/\/www.suno.com.br\/noticias\/wp-content\/themes\/suno\/resources\/images\/spotlight\/spotlight1img\/bg-mask.png\" alt=\"Image Mask\"\/><img src=\"https:\/\/files.sunoresearch.com.br\/n\/uploads\/2019\/01\/1eaece2c-bolsonaro-reconhece-juan-guaid\u00f3-400x200.webp\" alt=\"Brasil reconhece Juan Guaid\u00f3 como presidente interino da Venezuela\"\/><\/a><span class=\"spotlightCategory\"><a href=\"https:\/\/www.suno.com.br\/noticias\/internacional\/\">Internacional<\/a><\/span><\/div><div class=\"cardsPage__listCard__boxs__content\"><a href=\"https:\/\/www.suno.com.br\/noticias\/brasil-reconhece-juan-guaido-como-presidente-interino-da-venezuela\/\"><h2 class=\"content__title\">Brasil reconhece Juan Guaid\u00f3 como presidente interino da Venezuela<\/h2><\/a><div class=\"newsContent__article__meta\"><div class=\"newsContent__article__meta__authorBox\"><a href=\"https:\/\/www.suno.com.br\/noticias\/author\/guilherme-caetano\/\" class=\"authorBox__avatar noMobi\"><img src=\"https:\/\/secure.gravatar.com\/avatar\/e48357351a01702a0d19307070e081bf?s=96&#038;r=g\" alt=\"Guilherme Caetano\"><\/a><div class=\"authorBox__name\"><span>por\n\t\t\t<a href=\"https:\/\/www.suno.com.br\/noticias\/author\/guilherme-caetano\/\"><span itemprop=\"author\">Guilherme Caetano<\/span><\/a><\/span><time datetime=\"2019-01-23T17:14:25-02:00\" itemprop=\"datePublished\">23\/01\/2019 17:14<\/time><\/div><\/div><\/div><\/div><\/div>","single_layout":"posts","amp_enabled":true,"_links":{"self":[{"href":"https:\/\/www.suno.com.br\/noticias\/wp-json\/wp\/v2\/posts\/12811"}],"collection":[{"href":"https:\/\/www.suno.com.br\/noticias\/wp-json\/wp\/v2\/posts"}],"about":[{"href":"https:\/\/www.suno.com.br\/noticias\/wp-json\/wp\/v2\/types\/post"}],"author":[{"embeddable":true,"href":"https:\/\/www.suno.com.br\/noticias\/wp-json\/wp\/v2\/users\/13"}],"replies":[{"embeddable":true,"href":"https:\/\/www.suno.com.br\/noticias\/wp-json\/wp\/v2\/comments?post=12811"}],"version-history":[{"count":0,"href":"https:\/\/www.suno.com.br\/noticias\/wp-json\/wp\/v2\/posts\/12811\/revisions"}],"wp:featuredmedia":[{"embeddable":true,"href":"https:\/\/www.suno.com.br\/noticias\/wp-json\/wp\/v2\/media\/12819"}],"wp:attachment":[{"href":"https:\/\/www.suno.com.br\/noticias\/wp-json\/wp\/v2\/media?parent=12811"}],"wp:term":[{"taxonomy":"category","embeddable":true,"href":"https:\/\/www.suno.com.br\/noticias\/wp-json\/wp\/v2\/categories?post=12811"},{"taxonomy":"post_tag","embeddable":true,"href":"https:\/\/www.suno.com.br\/noticias\/wp-json\/wp\/v2\/tags?post=12811"},{"taxonomy":"suno_strategy","embeddable":true,"href":"https:\/\/www.suno.com.br\/noticias\/wp-json\/wp\/v2\/suno_strategy?post=12811"}],"curies":[{"name":"wp","href":"https:\/\/api.w.org\/{rel}","templated":true}]}}