{"id":128060,"date":"2021-03-02T14:56:53","date_gmt":"2021-03-02T17:56:53","guid":{"rendered":"https:\/\/www.suno.com.br\/noticias\/?p=128060"},"modified":"2021-03-04T12:26:58","modified_gmt":"2021-03-04T15:26:58","slug":"rio-alto-energia-renovavel-protocola-pedido-ipo","status":"publish","type":"post","link":"https:\/\/www.suno.com.br\/noticias\/rio-alto-energia-renovavel-protocola-pedido-ipo\/","title":{"rendered":"Rio Alto, empresa de energia solar, protocola pedido de IPO"},"content":{"rendered":"<p>A <strong>Rio Alto<\/strong>, empresa especializada na produ\u00e7\u00e3o e comercializa\u00e7\u00e3o de energia solar, protocolou nesta ter\u00e7a-feira um prospecto preliminar para realizar sua abertura inicial de capital na Comiss\u00e3o de Valores Mobili\u00e1rios. A companhia, que faz parte do Grupo Rio Alto, se define como uma das maiores empresas de energia fotovoltaica do Brasil<\/p>\t<div class=\"wrapper-featured-image\">\n\t\t<figure class=\"spotlightImg\">\n\n\t\t\t<picture>\n\t\t\t\t<source media=\"(max-width: 768px)\" srcset=\"https:\/\/files.sunoresearch.com.br\/n\/uploads\/2021\/03\/7b8bc328-rioalto-400x200.webp\">\n\t\t\t\t<img loading=\"lazy\" decoding=\"async\" class=\"newsContent__article__imgCapa lazyloadDisabled \" src=\"https:\/\/files.sunoresearch.com.br\/n\/uploads\/2021\/03\/7b8bc328-rioalto-800x450.webp\" width=\"800\" height=\"450\" alt=\"Rio Alto, empresa de energia solar, protocola pedido de IPO\" fetchpriority=high \/>\n\t\t\t<\/picture>\n\n\t\t\t<figcaption class=\"wp-caption-text wp-caption-text--show\">Foto: Pixabay<\/figcaption>\n\t\t<\/figure>\n\t<\/div>\n\n\n<p><span style=\"font-weight: 400;\">\t<p>\n\t\t<a href=\"https:\/\/lp.suno.com.br\/planilha-controle-gastos\/\" target=\"_blank\" data-element=\"shortcode-suno-banner\" title=\"Banner SUNO, clique e saiba mais\">\n\t\t\t<picture>\n\t\t\t\t<source media=\"(max-width: 500px)\" srcset=\"https:\/\/files.sunoresearch.com.br\/n\/uploads\/2023\/03\/400x300-Planilha-controle-de-gastos.png\">\n\t\t\t\t<img class=\"newsContent__article__imgCapa newsContent__article__imgCapa--banner\"\n\t\t\t\t\tsrc=\"https:\/\/files.sunoresearch.com.br\/n\/uploads\/2023\/03\/1420x240-Planilha-controle-de-gastos.png\"\n\t\t\t\t\tdata-promo-id=\"101751\"\t\t\t\t\t\t\t\t\t\twidth='1420' height='240'\t\t\t\t\talt=\"https:\/\/files.sunoresearch.com.br\/n\/uploads\/2023\/03\/1420x240-Planilha-controle-de-gastos.png\"\n\t\t\t\t>\n\t\t\t<\/picture>\n\t\t<\/a>\n\t<\/p>\n\n<\/span><\/p>\n<p>A oferta ser\u00e1 feita apenas de <a href=\"https:\/\/www.suno.com.br\/artigos\/oferta-de-acoes\/\"><strong>forma prim\u00e1ria<\/strong><\/a>, com a empresa emitindo a\u00e7\u00f5es e levantando capital para o seu caixa. Os acionistas controladores, Edmond Chaker Farhat Junior e Rafael Sanchez Brand\u00e3o, cada um tendo 50% de participa\u00e7\u00e3o atualmente na Rio Alto, n\u00e3o vender\u00e3o partes das suas fatias.<\/p>\n<p>Os <strong>recursos levantados<\/strong>, segundo o documento, ser\u00e3o destinados para realizar investimentos em gera\u00e7\u00e3o de energia solar, para refor\u00e7ar o caixa dos projetos em desenvolvimento e para realizar poss\u00edveis fus\u00f5es e aquisi\u00e7\u00f5es de empresas que possuem sinergia com os neg\u00f3cios da companhia.<\/p>\n<p><a href=\"https:\/\/lp.suno.com.br\/suno-one\/?ppp=noticias\/hospital-care-pedido-ipo-cvm\/\"><b>Suno One: acesse gratuitamente eBooks, Minicursos, Artigos e V\u00eddeo Aulas sobre investimentos com um \u00fanico cadastro. Clique para saber mais!<\/b><\/a><\/p>\n<h2>Rio Alto n\u00e3o possui ainda ativos sob seu controle<\/h2>\n<p>A Rio Alto possui atualmente participa\u00e7\u00e3o de 14,86% em tr\u00eas usinas solares em opera\u00e7\u00e3o, com capacidade de gerar 93,6 MWp. Em 2021, a empresa deve iniciar a opera\u00e7\u00e3o de mais cinco usinas, nas quais deter\u00e1 100% do capital, que somar\u00e3o 156 MWp \u00e0 produ\u00e7\u00e3o da empresa.<\/p>\n<p>Outro sete projetos est\u00e3o em estrutura\u00e7\u00e3o e, com eles, a Rio Alto pretende alcan\u00e7ar uma capacidade de gera\u00e7\u00e3o de 1.570 MWp. At\u00e9 2023, a meta da companhia \u00e9 chegar a 1,8 GWp.\u00a0 A maioria dos ativos est\u00e3o localizados no estado da Para\u00edba, com a exce\u00e7\u00e3o de um, que fica em Pernambuco.<\/p>\n<p><span style=\"font-weight: 400;\">\t<p>\n\t\t<a href=\"https:\/\/lp.suno.com.br\/planilha-da-vida-financeira\/\" target=\"_blank\" data-element=\"shortcode-suno-banner\" title=\"Banner SUNO, clique e saiba mais\">\n\t\t\t<picture>\n\t\t\t\t<source media=\"(max-width: 500px)\" srcset=\"https:\/\/files.sunoresearch.com.br\/n\/uploads\/2023\/04\/400x300-Planilha-vida-financeira-true.png\">\n\t\t\t\t<img class=\"newsContent__article__imgCapa newsContent__article__imgCapa--banner\"\n\t\t\t\t\tsrc=\"https:\/\/files.sunoresearch.com.br\/n\/uploads\/2023\/04\/1420x240-Planilha-vida-financeira-true.png\"\n\t\t\t\t\tdata-promo-id=\"106682\"\t\t\t\t\t\t\t\t\t\twidth='1420' height='240'\t\t\t\t\talt=\"https:\/\/files.sunoresearch.com.br\/n\/uploads\/2023\/04\/1420x240-Planilha-vida-financeira-true.png\"\n\t\t\t\t>\n\t\t\t<\/picture>\n\t\t<\/a>\n\t<\/p>\n\n<\/span><\/p>\n<p>A oferta ser\u00e1 liderada pela XP, que contar\u00e1 com o aux\u00edlio do <a href=\"https:\/\/www.suno.com.br\/acoes\/bpac11\/\">BTG Pactual (BPAC11)<\/a>, Bradesco BBI e do Credit Suisse Brasil. As a\u00e7\u00f5es da Rio Alto ser\u00e3o colocadas em mercado de balc\u00e3o n\u00e3o organizado, seguindo as regras do <a href=\"https:\/\/www.suno.com.br\/artigos\/novo-mercado\/\">Novo Mercado<\/a> da B3 (B3SA3).<\/p>\n<p>No Brasil, a oferta da <strong>Rio Alto<\/strong> ser\u00e1 destinada exclusivamente a investidores n\u00e3o institucionais.<\/p>\n<p><span style=\"font-weight: 400;\">\t<p>\n\t\t<a href=\"https:\/\/lp.suno.com.br\/planilha-de-controle-de-investimentos\/\" target=\"_blank\" data-element=\"shortcode-suno-banner\" title=\"Banner SUNO, clique e saiba mais\">\n\t\t\t<picture>\n\t\t\t\t<source media=\"(max-width: 500px)\" srcset=\"https:\/\/files.sunoresearch.com.br\/n\/uploads\/2023\/03\/400x300-Controle-de-Investimentos.png\">\n\t\t\t\t<img class=\"newsContent__article__imgCapa newsContent__article__imgCapa--banner\"\n\t\t\t\t\tsrc=\"https:\/\/files.sunoresearch.com.br\/n\/uploads\/2023\/03\/1420x240-Controle-de-Investimentos.png\"\n\t\t\t\t\tdata-promo-id=\"75934\"\t\t\t\t\t\t\t\t\t\twidth='1420' height='240'\t\t\t\t\talt=\"https:\/\/files.sunoresearch.com.br\/n\/uploads\/2023\/03\/1420x240-Controle-de-Investimentos.png\"\n\t\t\t\t>\n\t\t\t<\/picture>\n\t\t<\/a>\n\t<\/p>\n\n <\/span><\/p>\n","protected":false},"excerpt":{"rendered":"<p>A Rio Alto, empresa especializada na produ\u00e7\u00e3o e comercializa\u00e7\u00e3o de energia solar, protocolou nesta ter\u00e7a-feira um prospecto preliminar para realizar sua abertura inicial de capital na Comiss\u00e3o de Valores Mobili\u00e1rios. A companhia, que faz parte do Grupo Rio Alto, se define como uma das maiores empresas de energia fotovoltaica do Brasil Foto: Pixabay A oferta [&hellip;]<\/p>\n","protected":false},"author":59,"featured_media":128076,"comment_status":"closed","ping_status":"closed","sticky":false,"template":"","format":"standard","meta":[],"categories":[64],"tags":[750,75364,105923],"suno_strategy":[],"class_list":["post-128060","post","type-post","status-publish","format-standard","has-post-thumbnail","hentry","category-negocios","tag-energia-solar","tag-esg","tag-rio-alto-rios3"],"yoast_head":"<!-- This site is optimized with the Yoast SEO plugin v24.4 - https:\/\/yoast.com\/wordpress\/plugins\/seo\/ -->\n<title>Rio Alto, empresa de energia solar, protocola pedido de IPO<\/title>\n<meta name=\"description\" content=\"A Rio Alto, empresa de usinas de energia solar, protocolou nesta ter\u00e7a-feira um pedido de IPO na CVM. Clique aqui para saber mais.\" \/>\n<meta name=\"robots\" content=\"index, follow, max-snippet:-1, max-image-preview:large, max-video-preview:-1\" \/>\n<link rel=\"canonical\" href=\"https:\/\/www.suno.com.br\/noticias\/rio-alto-energia-renovavel-protocola-pedido-ipo\/\" \/>\n<meta property=\"og:locale\" content=\"pt_BR\" \/>\n<meta property=\"og:type\" content=\"article\" \/>\n<meta property=\"og:title\" content=\"Rio Alto, empresa de energia solar, protocola pedido de IPO\" \/>\n<meta property=\"og:description\" content=\"A Rio Alto, empresa de usinas de energia solar, protocolou nesta ter\u00e7a-feira um pedido de IPO na CVM. Clique aqui para saber mais.\" \/>\n<meta property=\"og:url\" content=\"https:\/\/www.suno.com.br\/noticias\/rio-alto-energia-renovavel-protocola-pedido-ipo\/\" \/>\n<meta property=\"og:site_name\" content=\"Suno Not\u00edcias\" \/>\n<meta property=\"article:publisher\" content=\"https:\/\/facebook.com\/sunoresearch\" \/>\n<meta property=\"og:image\" content=\"https:\/\/files.sunoresearch.com.br\/n\/uploads\/2021\/03\/7b8bc328-rioalto.jpg\" \/>\n\t<meta property=\"og:image:width\" content=\"1920\" \/>\n\t<meta property=\"og:image:height\" content=\"1230\" \/>\n\t<meta property=\"og:image:type\" content=\"image\/jpeg\" \/>\n<meta name=\"author\" content=\"Vitor Azevedo\" \/>\n<meta name=\"twitter:card\" content=\"summary_large_image\" \/>\n<meta name=\"twitter:creator\" content=\"@sunoresearch\" \/>\n<meta name=\"twitter:site\" content=\"@sunoresearch\" \/>\n<meta name=\"twitter:label1\" content=\"Escrito por\" \/>\n\t<meta name=\"twitter:data1\" content=\"Vitor Azevedo\" \/>\n\t<meta name=\"twitter:label2\" content=\"Est. tempo de leitura\" \/>\n\t<meta name=\"twitter:data2\" content=\"2 minutos\" \/>\n<script type=\"application\/ld+json\" class=\"yoast-schema-graph\">{\"@context\":\"https:\/\/schema.org\",\"@graph\":[{\"@type\":\"NewsArticle\",\"@id\":\"https:\/\/www.suno.com.br\/noticias\/rio-alto-energia-renovavel-protocola-pedido-ipo\/#article\",\"isPartOf\":{\"@id\":\"https:\/\/www.suno.com.br\/noticias\/rio-alto-energia-renovavel-protocola-pedido-ipo\/\"},\"author\":{\"name\":\"Vitor Azevedo\",\"@id\":\"https:\/\/www.suno.com.br\/noticias\/#\/schema\/person\/658d5fbc74d81f265f5df3562d0038ab\"},\"headline\":\"Rio Alto, empresa de energia solar, protocola pedido de IPO\",\"datePublished\":\"2021-03-02T17:56:53+00:00\",\"dateModified\":\"2021-03-04T15:26:58+00:00\",\"mainEntityOfPage\":{\"@id\":\"https:\/\/www.suno.com.br\/noticias\/rio-alto-energia-renovavel-protocola-pedido-ipo\/\"},\"wordCount\":371,\"publisher\":{\"@id\":\"https:\/\/www.suno.com.br\/noticias\/#organization\"},\"image\":{\"@id\":\"https:\/\/www.suno.com.br\/noticias\/rio-alto-energia-renovavel-protocola-pedido-ipo\/#primaryimage\"},\"thumbnailUrl\":\"https:\/\/files.sunoresearch.com.br\/n\/uploads\/2021\/03\/7b8bc328-rioalto-jpg.webp\",\"keywords\":[\"energia solar\",\"ESG\",\"Rio Alto (RIOS3)\"],\"articleSection\":[\"Neg\u00f3cios\"],\"inLanguage\":\"pt-BR\"},{\"@type\":\"WebPage\",\"@id\":\"https:\/\/www.suno.com.br\/noticias\/rio-alto-energia-renovavel-protocola-pedido-ipo\/\",\"url\":\"https:\/\/www.suno.com.br\/noticias\/rio-alto-energia-renovavel-protocola-pedido-ipo\/\",\"name\":\"Rio Alto, empresa de energia solar, protocola pedido de IPO\",\"isPartOf\":{\"@id\":\"https:\/\/www.suno.com.br\/noticias\/#website\"},\"primaryImageOfPage\":{\"@id\":\"https:\/\/www.suno.com.br\/noticias\/rio-alto-energia-renovavel-protocola-pedido-ipo\/#primaryimage\"},\"image\":{\"@id\":\"https:\/\/www.suno.com.br\/noticias\/rio-alto-energia-renovavel-protocola-pedido-ipo\/#primaryimage\"},\"thumbnailUrl\":\"https:\/\/files.sunoresearch.com.br\/n\/uploads\/2021\/03\/7b8bc328-rioalto-jpg.webp\",\"datePublished\":\"2021-03-02T17:56:53+00:00\",\"dateModified\":\"2021-03-04T15:26:58+00:00\",\"description\":\"A Rio Alto, empresa de usinas de energia solar, protocolou nesta ter\u00e7a-feira um pedido de IPO na CVM. Clique aqui para saber mais.\",\"breadcrumb\":{\"@id\":\"https:\/\/www.suno.com.br\/noticias\/rio-alto-energia-renovavel-protocola-pedido-ipo\/#breadcrumb\"},\"inLanguage\":\"pt-BR\",\"potentialAction\":[{\"@type\":\"ReadAction\",\"target\":[\"https:\/\/www.suno.com.br\/noticias\/rio-alto-energia-renovavel-protocola-pedido-ipo\/\"]}]},{\"@type\":\"ImageObject\",\"inLanguage\":\"pt-BR\",\"@id\":\"https:\/\/www.suno.com.br\/noticias\/rio-alto-energia-renovavel-protocola-pedido-ipo\/#primaryimage\",\"url\":\"https:\/\/files.sunoresearch.com.br\/n\/uploads\/2021\/03\/7b8bc328-rioalto-jpg.webp\",\"contentUrl\":\"https:\/\/files.sunoresearch.com.br\/n\/uploads\/2021\/03\/7b8bc328-rioalto-jpg.webp\",\"width\":1920,\"height\":1230,\"caption\":\"Foto: Pixabay\"},{\"@type\":\"BreadcrumbList\",\"@id\":\"https:\/\/www.suno.com.br\/noticias\/rio-alto-energia-renovavel-protocola-pedido-ipo\/#breadcrumb\",\"itemListElement\":[{\"@type\":\"ListItem\",\"position\":1,\"name\":\"Not\u00edcias\",\"item\":\"https:\/\/www.suno.com.br\/noticias\/\"},{\"@type\":\"ListItem\",\"position\":2,\"name\":\"Neg\u00f3cios\",\"item\":\"https:\/\/www.suno.com.br\/noticias\/negocios\/\"},{\"@type\":\"ListItem\",\"position\":3,\"name\":\"Rio Alto, empresa de energia solar, protocola pedido de IPO\"}]},{\"@type\":\"WebSite\",\"@id\":\"https:\/\/www.suno.com.br\/noticias\/#website\",\"url\":\"https:\/\/www.suno.com.br\/noticias\/\",\"name\":\"Suno Not\u00edcias\",\"description\":\"Seu portal de informa\u00e7\u00e3o sobre o mundo dos investimentos\",\"publisher\":{\"@id\":\"https:\/\/www.suno.com.br\/noticias\/#organization\"},\"potentialAction\":[{\"@type\":\"SearchAction\",\"target\":{\"@type\":\"EntryPoint\",\"urlTemplate\":\"https:\/\/www.suno.com.br\/noticias\/?s={search_term_string}\"},\"query-input\":{\"@type\":\"PropertyValueSpecification\",\"valueRequired\":true,\"valueName\":\"search_term_string\"}}],\"inLanguage\":\"pt-BR\"},{\"@type\":\"Organization\",\"@id\":\"https:\/\/www.suno.com.br\/noticias\/#organization\",\"name\":\"Suno Not\u00edcias\",\"url\":\"https:\/\/www.suno.com.br\/noticias\/\",\"logo\":{\"@type\":\"ImageObject\",\"inLanguage\":\"pt-BR\",\"@id\":\"https:\/\/www.suno.com.br\/noticias\/#\/schema\/logo\/image\/\",\"url\":\"https:\/\/files.sunoresearch.com.br\/n\/uploads\/2021\/09\/suno-logo.png\",\"contentUrl\":\"https:\/\/files.sunoresearch.com.br\/n\/uploads\/2021\/09\/suno-logo.png\",\"width\":180,\"height\":180,\"caption\":\"Suno Not\u00edcias\"},\"image\":{\"@id\":\"https:\/\/www.suno.com.br\/noticias\/#\/schema\/logo\/image\/\"},\"sameAs\":[\"https:\/\/facebook.com\/sunoresearch\",\"https:\/\/x.com\/sunoresearch\",\"https:\/\/www.instagram.com\/suno\",\"https:\/\/www.linkedin.com\/company\/suno-research\/\",\"https:\/\/www.youtube.com\/c\/sunoresearch\"]},{\"@type\":\"Person\",\"@id\":\"https:\/\/www.suno.com.br\/noticias\/#\/schema\/person\/658d5fbc74d81f265f5df3562d0038ab\",\"name\":\"Vitor Azevedo\",\"image\":{\"@type\":\"ImageObject\",\"inLanguage\":\"pt-BR\",\"@id\":\"https:\/\/www.suno.com.br\/noticias\/#\/schema\/person\/image\/\",\"url\":\"https:\/\/secure.gravatar.com\/avatar\/62b86195291b446fe380824eb28b99a5?s=96&r=g\",\"contentUrl\":\"https:\/\/secure.gravatar.com\/avatar\/62b86195291b446fe380824eb28b99a5?s=96&r=g\",\"caption\":\"Vitor Azevedo\"},\"description\":\"Formado em jornalismo pela Unesp, escreve sobre economia e neg\u00f3cios para a Suno Not\u00edcias.\",\"url\":\"https:\/\/www.suno.com.br\/noticias\/author\/vitor-azevedo\/\"}]}<\/script>\n<!-- \/ Yoast SEO plugin. -->","yoast_head_json":{"title":"Rio Alto, empresa de energia solar, protocola pedido de IPO","description":"A Rio Alto, empresa de usinas de energia solar, protocolou nesta ter\u00e7a-feira um pedido de IPO na CVM. Clique aqui para saber mais.","robots":{"index":"index","follow":"follow","max-snippet":"max-snippet:-1","max-image-preview":"max-image-preview:large","max-video-preview":"max-video-preview:-1"},"canonical":"https:\/\/www.suno.com.br\/noticias\/rio-alto-energia-renovavel-protocola-pedido-ipo\/","og_locale":"pt_BR","og_type":"article","og_title":"Rio Alto, empresa de energia solar, protocola pedido de IPO","og_description":"A Rio Alto, empresa de usinas de energia solar, protocolou nesta ter\u00e7a-feira um pedido de IPO na CVM. Clique aqui para saber mais.","og_url":"https:\/\/www.suno.com.br\/noticias\/rio-alto-energia-renovavel-protocola-pedido-ipo\/","og_site_name":"Suno Not\u00edcias","article_publisher":"https:\/\/facebook.com\/sunoresearch","og_image":[{"width":1920,"height":1230,"url":"https:\/\/files.sunoresearch.com.br\/n\/uploads\/2021\/03\/7b8bc328-rioalto.jpg","type":"image\/jpeg"}],"author":"Vitor Azevedo","twitter_card":"summary_large_image","twitter_creator":"@sunoresearch","twitter_site":"@sunoresearch","twitter_misc":{"Escrito por":"Vitor Azevedo","Est. tempo de leitura":"2 minutos"},"schema":{"@context":"https:\/\/schema.org","@graph":[{"@type":"NewsArticle","@id":"https:\/\/www.suno.com.br\/noticias\/rio-alto-energia-renovavel-protocola-pedido-ipo\/#article","isPartOf":{"@id":"https:\/\/www.suno.com.br\/noticias\/rio-alto-energia-renovavel-protocola-pedido-ipo\/"},"author":{"name":"Vitor Azevedo","@id":"https:\/\/www.suno.com.br\/noticias\/#\/schema\/person\/658d5fbc74d81f265f5df3562d0038ab"},"headline":"Rio Alto, empresa de energia solar, protocola pedido de IPO","datePublished":"2021-03-02T17:56:53+00:00","dateModified":"2021-03-04T15:26:58+00:00","mainEntityOfPage":{"@id":"https:\/\/www.suno.com.br\/noticias\/rio-alto-energia-renovavel-protocola-pedido-ipo\/"},"wordCount":371,"publisher":{"@id":"https:\/\/www.suno.com.br\/noticias\/#organization"},"image":{"@id":"https:\/\/www.suno.com.br\/noticias\/rio-alto-energia-renovavel-protocola-pedido-ipo\/#primaryimage"},"thumbnailUrl":"https:\/\/files.sunoresearch.com.br\/n\/uploads\/2021\/03\/7b8bc328-rioalto-jpg.webp","keywords":["energia solar","ESG","Rio Alto (RIOS3)"],"articleSection":["Neg\u00f3cios"],"inLanguage":"pt-BR"},{"@type":"WebPage","@id":"https:\/\/www.suno.com.br\/noticias\/rio-alto-energia-renovavel-protocola-pedido-ipo\/","url":"https:\/\/www.suno.com.br\/noticias\/rio-alto-energia-renovavel-protocola-pedido-ipo\/","name":"Rio Alto, empresa de energia solar, protocola pedido de IPO","isPartOf":{"@id":"https:\/\/www.suno.com.br\/noticias\/#website"},"primaryImageOfPage":{"@id":"https:\/\/www.suno.com.br\/noticias\/rio-alto-energia-renovavel-protocola-pedido-ipo\/#primaryimage"},"image":{"@id":"https:\/\/www.suno.com.br\/noticias\/rio-alto-energia-renovavel-protocola-pedido-ipo\/#primaryimage"},"thumbnailUrl":"https:\/\/files.sunoresearch.com.br\/n\/uploads\/2021\/03\/7b8bc328-rioalto-jpg.webp","datePublished":"2021-03-02T17:56:53+00:00","dateModified":"2021-03-04T15:26:58+00:00","description":"A Rio Alto, empresa de usinas de energia solar, protocolou nesta ter\u00e7a-feira um pedido de IPO na CVM. Clique aqui para saber mais.","breadcrumb":{"@id":"https:\/\/www.suno.com.br\/noticias\/rio-alto-energia-renovavel-protocola-pedido-ipo\/#breadcrumb"},"inLanguage":"pt-BR","potentialAction":[{"@type":"ReadAction","target":["https:\/\/www.suno.com.br\/noticias\/rio-alto-energia-renovavel-protocola-pedido-ipo\/"]}]},{"@type":"ImageObject","inLanguage":"pt-BR","@id":"https:\/\/www.suno.com.br\/noticias\/rio-alto-energia-renovavel-protocola-pedido-ipo\/#primaryimage","url":"https:\/\/files.sunoresearch.com.br\/n\/uploads\/2021\/03\/7b8bc328-rioalto-jpg.webp","contentUrl":"https:\/\/files.sunoresearch.com.br\/n\/uploads\/2021\/03\/7b8bc328-rioalto-jpg.webp","width":1920,"height":1230,"caption":"Foto: Pixabay"},{"@type":"BreadcrumbList","@id":"https:\/\/www.suno.com.br\/noticias\/rio-alto-energia-renovavel-protocola-pedido-ipo\/#breadcrumb","itemListElement":[{"@type":"ListItem","position":1,"name":"Not\u00edcias","item":"https:\/\/www.suno.com.br\/noticias\/"},{"@type":"ListItem","position":2,"name":"Neg\u00f3cios","item":"https:\/\/www.suno.com.br\/noticias\/negocios\/"},{"@type":"ListItem","position":3,"name":"Rio Alto, empresa de energia solar, protocola pedido de IPO"}]},{"@type":"WebSite","@id":"https:\/\/www.suno.com.br\/noticias\/#website","url":"https:\/\/www.suno.com.br\/noticias\/","name":"Suno Not\u00edcias","description":"Seu portal de informa\u00e7\u00e3o sobre o mundo dos investimentos","publisher":{"@id":"https:\/\/www.suno.com.br\/noticias\/#organization"},"potentialAction":[{"@type":"SearchAction","target":{"@type":"EntryPoint","urlTemplate":"https:\/\/www.suno.com.br\/noticias\/?s={search_term_string}"},"query-input":{"@type":"PropertyValueSpecification","valueRequired":true,"valueName":"search_term_string"}}],"inLanguage":"pt-BR"},{"@type":"Organization","@id":"https:\/\/www.suno.com.br\/noticias\/#organization","name":"Suno Not\u00edcias","url":"https:\/\/www.suno.com.br\/noticias\/","logo":{"@type":"ImageObject","inLanguage":"pt-BR","@id":"https:\/\/www.suno.com.br\/noticias\/#\/schema\/logo\/image\/","url":"https:\/\/files.sunoresearch.com.br\/n\/uploads\/2021\/09\/suno-logo.png","contentUrl":"https:\/\/files.sunoresearch.com.br\/n\/uploads\/2021\/09\/suno-logo.png","width":180,"height":180,"caption":"Suno Not\u00edcias"},"image":{"@id":"https:\/\/www.suno.com.br\/noticias\/#\/schema\/logo\/image\/"},"sameAs":["https:\/\/facebook.com\/sunoresearch","https:\/\/x.com\/sunoresearch","https:\/\/www.instagram.com\/suno","https:\/\/www.linkedin.com\/company\/suno-research\/","https:\/\/www.youtube.com\/c\/sunoresearch"]},{"@type":"Person","@id":"https:\/\/www.suno.com.br\/noticias\/#\/schema\/person\/658d5fbc74d81f265f5df3562d0038ab","name":"Vitor Azevedo","image":{"@type":"ImageObject","inLanguage":"pt-BR","@id":"https:\/\/www.suno.com.br\/noticias\/#\/schema\/person\/image\/","url":"https:\/\/secure.gravatar.com\/avatar\/62b86195291b446fe380824eb28b99a5?s=96&r=g","contentUrl":"https:\/\/secure.gravatar.com\/avatar\/62b86195291b446fe380824eb28b99a5?s=96&r=g","caption":"Vitor Azevedo"},"description":"Formado em jornalismo pela Unesp, escreve sobre economia e neg\u00f3cios para a Suno Not\u00edcias.","url":"https:\/\/www.suno.com.br\/noticias\/author\/vitor-azevedo\/"}]}},"default_loop_html":"<div class=\"cardsPage__listCard__boxs\"><div class=\"cardsPage__listCard__boxs__img\"><a href=\"https:\/\/www.suno.com.br\/noticias\/rio-alto-energia-renovavel-protocola-pedido-ipo\/\"><img class=\"mask\" src=\"https:\/\/www.suno.com.br\/noticias\/wp-content\/themes\/suno\/resources\/images\/spotlight\/spotlight1img\/bg-mask.png\" alt=\"Image Mask\"\/><img src=\"https:\/\/files.sunoresearch.com.br\/n\/uploads\/2021\/03\/7b8bc328-rioalto-400x200.webp\" alt=\"Rio Alto, empresa de energia solar, protocola pedido de IPO\"\/><\/a><span class=\"spotlightCategory\"><a href=\"https:\/\/www.suno.com.br\/noticias\/negocios\/\">Neg\u00f3cios<\/a><\/span><\/div><div class=\"cardsPage__listCard__boxs__content\"><a href=\"https:\/\/www.suno.com.br\/noticias\/rio-alto-energia-renovavel-protocola-pedido-ipo\/\"><h2 class=\"content__title\">Rio Alto, empresa de energia solar, protocola pedido de IPO<\/h2><\/a><div class=\"newsContent__article__meta\"><div class=\"newsContent__article__meta__authorBox\"><a href=\"https:\/\/www.suno.com.br\/noticias\/author\/vitor-azevedo\/\" class=\"authorBox__avatar noMobi\"><img src=\"https:\/\/secure.gravatar.com\/avatar\/62b86195291b446fe380824eb28b99a5?s=96&#038;r=g\" alt=\"Vitor Azevedo\"><\/a><div class=\"authorBox__name\"><span>por\n\t\t\t<a href=\"https:\/\/www.suno.com.br\/noticias\/author\/vitor-azevedo\/\"><span itemprop=\"author\">Vitor Azevedo<\/span><\/a><\/span><time datetime=\"2021-03-02T14:56:53-03:00\" itemprop=\"datePublished\">02\/03\/2021 14:56<\/time><\/div><\/div><\/div><\/div><\/div>","single_layout":"posts","amp_enabled":true,"_links":{"self":[{"href":"https:\/\/www.suno.com.br\/noticias\/wp-json\/wp\/v2\/posts\/128060"}],"collection":[{"href":"https:\/\/www.suno.com.br\/noticias\/wp-json\/wp\/v2\/posts"}],"about":[{"href":"https:\/\/www.suno.com.br\/noticias\/wp-json\/wp\/v2\/types\/post"}],"author":[{"embeddable":true,"href":"https:\/\/www.suno.com.br\/noticias\/wp-json\/wp\/v2\/users\/59"}],"replies":[{"embeddable":true,"href":"https:\/\/www.suno.com.br\/noticias\/wp-json\/wp\/v2\/comments?post=128060"}],"version-history":[{"count":5,"href":"https:\/\/www.suno.com.br\/noticias\/wp-json\/wp\/v2\/posts\/128060\/revisions"}],"predecessor-version":[{"id":141581,"href":"https:\/\/www.suno.com.br\/noticias\/wp-json\/wp\/v2\/posts\/128060\/revisions\/141581"}],"wp:featuredmedia":[{"embeddable":true,"href":"https:\/\/www.suno.com.br\/noticias\/wp-json\/wp\/v2\/media\/128076"}],"wp:attachment":[{"href":"https:\/\/www.suno.com.br\/noticias\/wp-json\/wp\/v2\/media?parent=128060"}],"wp:term":[{"taxonomy":"category","embeddable":true,"href":"https:\/\/www.suno.com.br\/noticias\/wp-json\/wp\/v2\/categories?post=128060"},{"taxonomy":"post_tag","embeddable":true,"href":"https:\/\/www.suno.com.br\/noticias\/wp-json\/wp\/v2\/tags?post=128060"},{"taxonomy":"suno_strategy","embeddable":true,"href":"https:\/\/www.suno.com.br\/noticias\/wp-json\/wp\/v2\/suno_strategy?post=128060"}],"curies":[{"name":"wp","href":"https:\/\/api.w.org\/{rel}","templated":true}]}}