{"id":12806,"date":"2019-01-23T18:02:44","date_gmt":"2019-01-23T20:02:44","guid":{"rendered":"https:\/\/www.suno.com.br\/noticias\/?p=12806"},"modified":"2021-02-17T23:06:51","modified_gmt":"2021-02-18T02:06:51","slug":"dolar-cai-euro-encerra-queda","status":"publish","type":"post","link":"https:\/\/www.suno.com.br\/noticias\/dolar-cai-euro-encerra-queda\/","title":{"rendered":"Ap\u00f3s seis altas seguidas, d\u00f3lar cai 1,114%; Euro encerra dia em queda"},"content":{"rendered":"<p>Depois de enfrentar um dia tumultuado com o pronunciamento do presidente Jair Bolsonaro, o d\u00f3lar fechou est\u00e1 quarta-feira (23) em queda de 1,114 % cotado a R$ 3,7633<\/p>\t<div class=\"wrapper-featured-image\">\n\t\t<figure class=\"spotlightImg\">\n\n\t\t\t<picture>\n\t\t\t\t<source media=\"(max-width: 768px)\" srcset=\"https:\/\/files.sunoresearch.com.br\/n\/uploads\/2018\/11\/b80ab463-d\u00f3lar-400x200.webp\">\n\t\t\t\t<img loading=\"lazy\" decoding=\"async\" class=\"newsContent__article__imgCapa lazyloadDisabled newsContent__article__imgCapa--noCaption\" src=\"https:\/\/files.sunoresearch.com.br\/n\/uploads\/2018\/11\/b80ab463-d\u00f3lar-800x450.webp\" width=\"800\" height=\"450\" alt=\"Ap\u00f3s seis altas seguidas, d\u00f3lar cai 1,114%; Euro encerra dia em queda\" fetchpriority=high \/>\n\t\t\t<\/picture>\n\n\t\t\t<figcaption class=\"wp-caption-text wp-caption-text--hide\">O d\u00f3lar hoje encerrou em queda de 0,91%, negociado a R$ 5,415<\/figcaption>\n\t\t<\/figure>\n\t<\/div>\n\n\n<p>A desvaloriza\u00e7\u00e3o da moeda americana quebrou uma sequ\u00eancia de seis altas consecutivas. Durante o dia, o <strong>d\u00f3lar<\/strong> oscilou bastante. \u00c0s 14 horas, a moeda registrou a sua m\u00e1xima, sendo vendido a R$ 3,8088. A partir das 15 horas,\u00a0o <strong>d\u00f3lar <\/strong>despencou, negociado a\u00a0R$ 3,7617 em sua m\u00ednima.<\/p>\n<p>Apesar do discurso de <strong>Bolsonaro<\/strong> n\u00e3o ter agradado o mercado, as falas do ministro da Economia, <strong>Paulo Guedes<\/strong>, animou os investidores. Em um almo\u00e7o fechado, Guedes reafirmou o compromisso de aprovar a <strong>reforma da Previd\u00eancia.<\/strong><\/p>\n<p>Al\u00e9m disso, segundo o Valor Econ\u00f4mico, <strong>Guedes<\/strong> disse que pretende simplificar a tributa\u00e7\u00e3o mas taxar dividendos e juros sobre capital pr\u00f3prio.<\/p>\n<p><a href=\"https:\/\/www.suno.com.br\/noticias\/guedes-imposto-dividendo\/\">Saiba mais: Paulo Guedes planeja cobran\u00e7a de impostos sobre dividendos e JCPs<\/a><\/p>\n<p>Confira como se comportaram as principais moedas nesta quarta-feira:<\/p>\n<ul>\n<li style=\"list-style-type: none;\">\n<ul>\n<li style=\"list-style-type: none;\">\n<ul>\n<li><strong>Euro:<\/strong>\u00a0queda de 1,094%, a R$ 4,2869.<\/li>\n<li><strong>Libra esterlina:<\/strong>\u00a0queda de\u00a00,54%, a R$ 4,9184.<\/li>\n<\/ul>\n<\/li>\n<\/ul>\n<\/li>\n<\/ul>\n<h2>Atua\u00e7\u00e3o do Banco Central<\/h2>\n<p>O <strong>Banco Central<\/strong> (BC), realizou o leil\u00e3o\u00a0de 13,4 mil contratos de <a href=\"https:\/\/www.suno.com.br\/artigos\/swap-cambial\/\">swap cambial<\/a> tradicional. O swap equivale \u00e0 venda futura de d\u00f3lares.<\/p>\n<p>Com isso, foram rolados\u00a0US$ 10,72\u00a0bilh\u00f5es de um total de US$ 13,398 bilh\u00f5es, que vencem em fevereiro.<\/p>\n<h2>Reforma da Previd\u00eancia<\/h2>\n<p>O ministro da Economia, <strong>Paulo Guedes<\/strong>, afirmou nesta quarta-feira (23) para o portal <strong>Suno Not\u00edcias<\/strong> que a reforma da Previd\u00eancia ser\u00e1 apresentada ao <strong>Congresso Nacional<\/strong> na primeira semana ap\u00f3s a volta da comitiva brasileira do<strong> F\u00f3rum Econ\u00f4mico Mundial<\/strong>, na Su\u00ed\u00e7a.<\/p>\n<p><strong>Guedes<\/strong> declarou que est\u00e1 &#8220;otimista&#8221; com o encaminhamento da reforma. &#8220;Estou muito otimista, acho que a negocia\u00e7\u00e3o no Congresso vai ser legal&#8221; disse o ministro.<\/p>\n<p><a href=\"https:\/\/www.suno.com.br\/noticias\/reforma-previdencia-congresso-guedes\/\">Saiba mais: Guedes: Reforma da Previd\u00eancia deve ir ao Congresso semana que vem<\/a><\/p>\n<p>O presidente <strong>Jair Bolsonaro<\/strong> falou que os militares entrar\u00e3o na segunda parte da reforma. A declara\u00e7\u00e3o foi dada a ag\u00eancia Bloomberg. Al\u00e9m disso, Bolsonaro acrescentou que &#8220;ser\u00e1 uma reforma bastante substancial\u201d.<\/p>\n<p>Na \u00faltima segunda-feira (21), o vice-presidente <strong>Hamilton Mour\u00e3o<\/strong> defendeu a inclus\u00e3o de militares na reforma, al\u00e9m do aumento do tempo da ativa de 30 para 35 anos.<\/p>\n<p>Na mesma entrevista concedida por <strong>Jair Bolsonaro<\/strong> \u00e0\u00a0Bloomberg, <strong>Paulo Guedes<\/strong> disse que as privatiza\u00e7\u00f5es podem levantar at\u00e9 U$ 20 bilh\u00f5es em 2019.<\/p>\n<p><a href=\"https:\/\/www.suno.com.br\/noticias\/governo-levantar-us20-privatizacoes-guedes\/\">Saiba mais: Governo espera levantar US$ 20 bi em privatiza\u00e7\u00f5es em 2019, diz Guedes<\/a><\/p>\n<h2>China x EUA<\/h2>\n<p>No cen\u00e1rio internacional, o mercado est\u00e1 otimista com a declara\u00e7\u00e3o do assessor econ\u00f4mico da Casa Branca, <strong>Kevin Hassett<\/strong>, sobre o acordo comercial entre <strong>China<\/strong> e <strong>Estados Unidos<\/strong>. <strong>Hassett<\/strong> disse nesta quarta-feira (23) estar\u00a0esperan\u00e7oso\u00a0com uma poss\u00edvel negocia\u00e7\u00e3o entre as pot\u00eancias para colocar fim \u00e0 guerra comercial.<\/p>\n<p>&#8220;Sim, estou muito confiante de que pode acontecer, que as negocia\u00e7\u00f5es est\u00e3o avan\u00e7ando r\u00e1pido&#8221;, disse <strong>Hassett<\/strong> em entrevista \u00e0 <strong>CNN<\/strong>.<\/p>\n<h2>\u00daltima cota\u00e7\u00e3o<\/h2>\n<p>Na \u00faltima ter\u00e7a-feira<span style=\"font-size: 1.21429rem;\">(23), o <\/span><strong style=\"font-size: 1.21429rem;\">d\u00f3lar<\/strong><span style=\"font-size: 1.21429rem;\"> operou em alta de 1,25% cotado a R$ 3,7587.<\/span><\/p>\n","protected":false},"excerpt":{"rendered":"<p>Depois de enfrentar um dia tumultuado com o pronunciamento do presidente Jair Bolsonaro, o d\u00f3lar fechou est\u00e1 quarta-feira (23) em queda de 1,114 % cotado a R$ 3,7633 O d\u00f3lar hoje encerrou em queda de 0,91%, negociado a R$ 5,415 A desvaloriza\u00e7\u00e3o da moeda americana quebrou uma sequ\u00eancia de seis altas consecutivas. Durante o dia, [&hellip;]<\/p>\n","protected":false},"author":14,"featured_media":7417,"comment_status":"closed","ping_status":"closed","sticky":false,"template":"","format":"standard","meta":[],"categories":[60],"tags":[711,972,326,793,961,719,796],"suno_strategy":[],"class_list":["post-12806","post","type-post","status-publish","format-standard","has-post-thumbnail","hentry","category-mercado","tag-china","tag-davos","tag-dolar","tag-estados-unidos-eua","tag-forum-economico-mundial","tag-jair-bolsonaro","tag-paulo-guedes"],"yoast_head":"<!-- This site is optimized with the Yoast SEO plugin v24.4 - https:\/\/yoast.com\/wordpress\/plugins\/seo\/ -->\n<title>Ap\u00f3s seis altas seguidas, d\u00f3lar cai 1,114%; Euro encerra dia em queda<\/title>\n<meta name=\"description\" content=\"O d\u00f3lar encerrou o dia em queda ap\u00f3s uma alta de mais de 1% registratada na \u00faltima ter\u00e7a-feira (23). Clique para saber mais.\" \/>\n<meta name=\"robots\" content=\"index, follow, max-snippet:-1, max-image-preview:large, max-video-preview:-1\" \/>\n<link rel=\"canonical\" href=\"https:\/\/www.suno.com.br\/noticias\/dolar-cai-euro-encerra-queda\/\" \/>\n<meta property=\"og:locale\" content=\"pt_BR\" \/>\n<meta property=\"og:type\" content=\"article\" \/>\n<meta property=\"og:title\" content=\"Ap\u00f3s seis altas seguidas, d\u00f3lar cai 1,114%; Euro encerra dia em queda\" \/>\n<meta property=\"og:description\" content=\"O d\u00f3lar encerrou o dia em queda ap\u00f3s uma alta de mais de 1% registratada na \u00faltima ter\u00e7a-feira (23). Clique para saber mais.\" \/>\n<meta property=\"og:url\" content=\"https:\/\/www.suno.com.br\/noticias\/dolar-cai-euro-encerra-queda\/\" \/>\n<meta property=\"og:site_name\" content=\"Suno Not\u00edcias\" \/>\n<meta property=\"article:publisher\" content=\"https:\/\/facebook.com\/sunoresearch\" \/>\n<meta property=\"og:image\" content=\"https:\/\/files.sunoresearch.com.br\/n\/uploads\/2018\/11\/b80ab463-d\u00f3lar.jpg\" \/>\n\t<meta property=\"og:image:width\" content=\"800\" \/>\n\t<meta property=\"og:image:height\" content=\"533\" \/>\n\t<meta property=\"og:image:type\" content=\"image\/jpeg\" \/>\n<meta name=\"author\" content=\"Renan Dantas\" \/>\n<meta name=\"twitter:card\" content=\"summary_large_image\" \/>\n<meta name=\"twitter:creator\" content=\"@sunoresearch\" \/>\n<meta name=\"twitter:site\" content=\"@sunoresearch\" \/>\n<meta name=\"twitter:label1\" content=\"Escrito por\" \/>\n\t<meta name=\"twitter:data1\" content=\"Renan Dantas\" \/>\n\t<meta name=\"twitter:label2\" content=\"Est. tempo de leitura\" \/>\n\t<meta name=\"twitter:data2\" content=\"2 minutos\" \/>\n<script type=\"application\/ld+json\" class=\"yoast-schema-graph\">{\"@context\":\"https:\/\/schema.org\",\"@graph\":[{\"@type\":\"NewsArticle\",\"@id\":\"https:\/\/www.suno.com.br\/noticias\/dolar-cai-euro-encerra-queda\/#article\",\"isPartOf\":{\"@id\":\"https:\/\/www.suno.com.br\/noticias\/dolar-cai-euro-encerra-queda\/\"},\"author\":{\"name\":\"Renan Dantas\",\"@id\":\"https:\/\/www.suno.com.br\/noticias\/#\/schema\/person\/3f7693d5795a3f6d5ce15309ee785699\"},\"headline\":\"Ap\u00f3s seis altas seguidas, d\u00f3lar cai 1,114%; Euro encerra dia em queda\",\"datePublished\":\"2019-01-23T20:02:44+00:00\",\"dateModified\":\"2021-02-18T02:06:51+00:00\",\"mainEntityOfPage\":{\"@id\":\"https:\/\/www.suno.com.br\/noticias\/dolar-cai-euro-encerra-queda\/\"},\"wordCount\":511,\"publisher\":{\"@id\":\"https:\/\/www.suno.com.br\/noticias\/#organization\"},\"image\":{\"@id\":\"https:\/\/www.suno.com.br\/noticias\/dolar-cai-euro-encerra-queda\/#primaryimage\"},\"thumbnailUrl\":\"https:\/\/files.sunoresearch.com.br\/n\/uploads\/2018\/11\/b80ab463-d\u00f3lar.jpg\",\"keywords\":[\"China\",\"Davos\",\"d\u00f3lar\",\"Estados Unidos (EUA)\",\"F\u00f3rum Econ\u00f4mico Mundial\",\"Jair Bolsonaro\",\"Paulo Guedes\"],\"articleSection\":[\"Mercado\"],\"inLanguage\":\"pt-BR\"},{\"@type\":\"WebPage\",\"@id\":\"https:\/\/www.suno.com.br\/noticias\/dolar-cai-euro-encerra-queda\/\",\"url\":\"https:\/\/www.suno.com.br\/noticias\/dolar-cai-euro-encerra-queda\/\",\"name\":\"Ap\u00f3s seis altas seguidas, d\u00f3lar cai 1,114%; Euro encerra dia em queda\",\"isPartOf\":{\"@id\":\"https:\/\/www.suno.com.br\/noticias\/#website\"},\"primaryImageOfPage\":{\"@id\":\"https:\/\/www.suno.com.br\/noticias\/dolar-cai-euro-encerra-queda\/#primaryimage\"},\"image\":{\"@id\":\"https:\/\/www.suno.com.br\/noticias\/dolar-cai-euro-encerra-queda\/#primaryimage\"},\"thumbnailUrl\":\"https:\/\/files.sunoresearch.com.br\/n\/uploads\/2018\/11\/b80ab463-d\u00f3lar.jpg\",\"datePublished\":\"2019-01-23T20:02:44+00:00\",\"dateModified\":\"2021-02-18T02:06:51+00:00\",\"description\":\"O d\u00f3lar encerrou o dia em queda ap\u00f3s uma alta de mais de 1% registratada na \u00faltima ter\u00e7a-feira (23). Clique para saber mais.\",\"breadcrumb\":{\"@id\":\"https:\/\/www.suno.com.br\/noticias\/dolar-cai-euro-encerra-queda\/#breadcrumb\"},\"inLanguage\":\"pt-BR\",\"potentialAction\":[{\"@type\":\"ReadAction\",\"target\":[\"https:\/\/www.suno.com.br\/noticias\/dolar-cai-euro-encerra-queda\/\"]}]},{\"@type\":\"ImageObject\",\"inLanguage\":\"pt-BR\",\"@id\":\"https:\/\/www.suno.com.br\/noticias\/dolar-cai-euro-encerra-queda\/#primaryimage\",\"url\":\"https:\/\/files.sunoresearch.com.br\/n\/uploads\/2018\/11\/b80ab463-d\u00f3lar.jpg\",\"contentUrl\":\"https:\/\/files.sunoresearch.com.br\/n\/uploads\/2018\/11\/b80ab463-d\u00f3lar.jpg\",\"width\":800,\"height\":533,\"caption\":\"O d\u00f3lar hoje encerrou em queda de 0,91%, negociado a R$ 5,415\"},{\"@type\":\"BreadcrumbList\",\"@id\":\"https:\/\/www.suno.com.br\/noticias\/dolar-cai-euro-encerra-queda\/#breadcrumb\",\"itemListElement\":[{\"@type\":\"ListItem\",\"position\":1,\"name\":\"Not\u00edcias\",\"item\":\"https:\/\/www.suno.com.br\/noticias\/\"},{\"@type\":\"ListItem\",\"position\":2,\"name\":\"Mercado\",\"item\":\"https:\/\/www.suno.com.br\/noticias\/mercado\/\"},{\"@type\":\"ListItem\",\"position\":3,\"name\":\"Ap\u00f3s seis altas seguidas, d\u00f3lar cai 1,114%; Euro encerra dia em queda\"}]},{\"@type\":\"WebSite\",\"@id\":\"https:\/\/www.suno.com.br\/noticias\/#website\",\"url\":\"https:\/\/www.suno.com.br\/noticias\/\",\"name\":\"Suno Not\u00edcias\",\"description\":\"Seu portal de informa\u00e7\u00e3o sobre o mundo dos investimentos\",\"publisher\":{\"@id\":\"https:\/\/www.suno.com.br\/noticias\/#organization\"},\"potentialAction\":[{\"@type\":\"SearchAction\",\"target\":{\"@type\":\"EntryPoint\",\"urlTemplate\":\"https:\/\/www.suno.com.br\/noticias\/?s={search_term_string}\"},\"query-input\":{\"@type\":\"PropertyValueSpecification\",\"valueRequired\":true,\"valueName\":\"search_term_string\"}}],\"inLanguage\":\"pt-BR\"},{\"@type\":\"Organization\",\"@id\":\"https:\/\/www.suno.com.br\/noticias\/#organization\",\"name\":\"Suno Not\u00edcias\",\"url\":\"https:\/\/www.suno.com.br\/noticias\/\",\"logo\":{\"@type\":\"ImageObject\",\"inLanguage\":\"pt-BR\",\"@id\":\"https:\/\/www.suno.com.br\/noticias\/#\/schema\/logo\/image\/\",\"url\":\"https:\/\/files.sunoresearch.com.br\/n\/uploads\/2021\/09\/suno-logo.png\",\"contentUrl\":\"https:\/\/files.sunoresearch.com.br\/n\/uploads\/2021\/09\/suno-logo.png\",\"width\":180,\"height\":180,\"caption\":\"Suno Not\u00edcias\"},\"image\":{\"@id\":\"https:\/\/www.suno.com.br\/noticias\/#\/schema\/logo\/image\/\"},\"sameAs\":[\"https:\/\/facebook.com\/sunoresearch\",\"https:\/\/x.com\/sunoresearch\",\"https:\/\/www.instagram.com\/suno\",\"https:\/\/www.linkedin.com\/company\/suno-research\/\",\"https:\/\/www.youtube.com\/c\/sunoresearch\"]},{\"@type\":\"Person\",\"@id\":\"https:\/\/www.suno.com.br\/noticias\/#\/schema\/person\/3f7693d5795a3f6d5ce15309ee785699\",\"name\":\"Renan Dantas\",\"image\":{\"@type\":\"ImageObject\",\"inLanguage\":\"pt-BR\",\"@id\":\"https:\/\/www.suno.com.br\/noticias\/#\/schema\/person\/image\/\",\"url\":\"https:\/\/secure.gravatar.com\/avatar\/1787b83e7484a08e51d62ac8b41c8396?s=96&r=g\",\"contentUrl\":\"https:\/\/secure.gravatar.com\/avatar\/1787b83e7484a08e51d62ac8b41c8396?s=96&r=g\",\"caption\":\"Renan Dantas\"},\"description\":\"Escreve sobre pol\u00edtica e mercado financeiro para o portal Suno Not\u00edcias. Antes, atuou na assessoria de comunica\u00e7\u00e3o do Minist\u00e9rio P\u00fablico do Trabalho e na R\u00e1dio Mackenzie, onde apresentava e produzia um programa sobre artistas da m\u00fasica brasileira. \u00c9 estudante na Universidade Presbiteriana Mackenzie.\",\"url\":\"https:\/\/www.suno.com.br\/noticias\/author\/renan-dantas\/\"}]}<\/script>\n<!-- \/ Yoast SEO plugin. -->","yoast_head_json":{"title":"Ap\u00f3s seis altas seguidas, d\u00f3lar cai 1,114%; Euro encerra dia em queda","description":"O d\u00f3lar encerrou o dia em queda ap\u00f3s uma alta de mais de 1% registratada na \u00faltima ter\u00e7a-feira (23). Clique para saber mais.","robots":{"index":"index","follow":"follow","max-snippet":"max-snippet:-1","max-image-preview":"max-image-preview:large","max-video-preview":"max-video-preview:-1"},"canonical":"https:\/\/www.suno.com.br\/noticias\/dolar-cai-euro-encerra-queda\/","og_locale":"pt_BR","og_type":"article","og_title":"Ap\u00f3s seis altas seguidas, d\u00f3lar cai 1,114%; Euro encerra dia em queda","og_description":"O d\u00f3lar encerrou o dia em queda ap\u00f3s uma alta de mais de 1% registratada na \u00faltima ter\u00e7a-feira (23). Clique para saber mais.","og_url":"https:\/\/www.suno.com.br\/noticias\/dolar-cai-euro-encerra-queda\/","og_site_name":"Suno Not\u00edcias","article_publisher":"https:\/\/facebook.com\/sunoresearch","og_image":[{"width":800,"height":533,"url":"https:\/\/files.sunoresearch.com.br\/n\/uploads\/2018\/11\/b80ab463-d\u00f3lar.jpg","type":"image\/jpeg"}],"author":"Renan Dantas","twitter_card":"summary_large_image","twitter_creator":"@sunoresearch","twitter_site":"@sunoresearch","twitter_misc":{"Escrito por":"Renan Dantas","Est. tempo de leitura":"2 minutos"},"schema":{"@context":"https:\/\/schema.org","@graph":[{"@type":"NewsArticle","@id":"https:\/\/www.suno.com.br\/noticias\/dolar-cai-euro-encerra-queda\/#article","isPartOf":{"@id":"https:\/\/www.suno.com.br\/noticias\/dolar-cai-euro-encerra-queda\/"},"author":{"name":"Renan Dantas","@id":"https:\/\/www.suno.com.br\/noticias\/#\/schema\/person\/3f7693d5795a3f6d5ce15309ee785699"},"headline":"Ap\u00f3s seis altas seguidas, d\u00f3lar cai 1,114%; Euro encerra dia em queda","datePublished":"2019-01-23T20:02:44+00:00","dateModified":"2021-02-18T02:06:51+00:00","mainEntityOfPage":{"@id":"https:\/\/www.suno.com.br\/noticias\/dolar-cai-euro-encerra-queda\/"},"wordCount":511,"publisher":{"@id":"https:\/\/www.suno.com.br\/noticias\/#organization"},"image":{"@id":"https:\/\/www.suno.com.br\/noticias\/dolar-cai-euro-encerra-queda\/#primaryimage"},"thumbnailUrl":"https:\/\/files.sunoresearch.com.br\/n\/uploads\/2018\/11\/b80ab463-d\u00f3lar.jpg","keywords":["China","Davos","d\u00f3lar","Estados Unidos (EUA)","F\u00f3rum Econ\u00f4mico Mundial","Jair Bolsonaro","Paulo Guedes"],"articleSection":["Mercado"],"inLanguage":"pt-BR"},{"@type":"WebPage","@id":"https:\/\/www.suno.com.br\/noticias\/dolar-cai-euro-encerra-queda\/","url":"https:\/\/www.suno.com.br\/noticias\/dolar-cai-euro-encerra-queda\/","name":"Ap\u00f3s seis altas seguidas, d\u00f3lar cai 1,114%; Euro encerra dia em queda","isPartOf":{"@id":"https:\/\/www.suno.com.br\/noticias\/#website"},"primaryImageOfPage":{"@id":"https:\/\/www.suno.com.br\/noticias\/dolar-cai-euro-encerra-queda\/#primaryimage"},"image":{"@id":"https:\/\/www.suno.com.br\/noticias\/dolar-cai-euro-encerra-queda\/#primaryimage"},"thumbnailUrl":"https:\/\/files.sunoresearch.com.br\/n\/uploads\/2018\/11\/b80ab463-d\u00f3lar.jpg","datePublished":"2019-01-23T20:02:44+00:00","dateModified":"2021-02-18T02:06:51+00:00","description":"O d\u00f3lar encerrou o dia em queda ap\u00f3s uma alta de mais de 1% registratada na \u00faltima ter\u00e7a-feira (23). Clique para saber mais.","breadcrumb":{"@id":"https:\/\/www.suno.com.br\/noticias\/dolar-cai-euro-encerra-queda\/#breadcrumb"},"inLanguage":"pt-BR","potentialAction":[{"@type":"ReadAction","target":["https:\/\/www.suno.com.br\/noticias\/dolar-cai-euro-encerra-queda\/"]}]},{"@type":"ImageObject","inLanguage":"pt-BR","@id":"https:\/\/www.suno.com.br\/noticias\/dolar-cai-euro-encerra-queda\/#primaryimage","url":"https:\/\/files.sunoresearch.com.br\/n\/uploads\/2018\/11\/b80ab463-d\u00f3lar.jpg","contentUrl":"https:\/\/files.sunoresearch.com.br\/n\/uploads\/2018\/11\/b80ab463-d\u00f3lar.jpg","width":800,"height":533,"caption":"O d\u00f3lar hoje encerrou em queda de 0,91%, negociado a R$ 5,415"},{"@type":"BreadcrumbList","@id":"https:\/\/www.suno.com.br\/noticias\/dolar-cai-euro-encerra-queda\/#breadcrumb","itemListElement":[{"@type":"ListItem","position":1,"name":"Not\u00edcias","item":"https:\/\/www.suno.com.br\/noticias\/"},{"@type":"ListItem","position":2,"name":"Mercado","item":"https:\/\/www.suno.com.br\/noticias\/mercado\/"},{"@type":"ListItem","position":3,"name":"Ap\u00f3s seis altas seguidas, d\u00f3lar cai 1,114%; Euro encerra dia em queda"}]},{"@type":"WebSite","@id":"https:\/\/www.suno.com.br\/noticias\/#website","url":"https:\/\/www.suno.com.br\/noticias\/","name":"Suno Not\u00edcias","description":"Seu portal de informa\u00e7\u00e3o sobre o mundo dos investimentos","publisher":{"@id":"https:\/\/www.suno.com.br\/noticias\/#organization"},"potentialAction":[{"@type":"SearchAction","target":{"@type":"EntryPoint","urlTemplate":"https:\/\/www.suno.com.br\/noticias\/?s={search_term_string}"},"query-input":{"@type":"PropertyValueSpecification","valueRequired":true,"valueName":"search_term_string"}}],"inLanguage":"pt-BR"},{"@type":"Organization","@id":"https:\/\/www.suno.com.br\/noticias\/#organization","name":"Suno Not\u00edcias","url":"https:\/\/www.suno.com.br\/noticias\/","logo":{"@type":"ImageObject","inLanguage":"pt-BR","@id":"https:\/\/www.suno.com.br\/noticias\/#\/schema\/logo\/image\/","url":"https:\/\/files.sunoresearch.com.br\/n\/uploads\/2021\/09\/suno-logo.png","contentUrl":"https:\/\/files.sunoresearch.com.br\/n\/uploads\/2021\/09\/suno-logo.png","width":180,"height":180,"caption":"Suno Not\u00edcias"},"image":{"@id":"https:\/\/www.suno.com.br\/noticias\/#\/schema\/logo\/image\/"},"sameAs":["https:\/\/facebook.com\/sunoresearch","https:\/\/x.com\/sunoresearch","https:\/\/www.instagram.com\/suno","https:\/\/www.linkedin.com\/company\/suno-research\/","https:\/\/www.youtube.com\/c\/sunoresearch"]},{"@type":"Person","@id":"https:\/\/www.suno.com.br\/noticias\/#\/schema\/person\/3f7693d5795a3f6d5ce15309ee785699","name":"Renan Dantas","image":{"@type":"ImageObject","inLanguage":"pt-BR","@id":"https:\/\/www.suno.com.br\/noticias\/#\/schema\/person\/image\/","url":"https:\/\/secure.gravatar.com\/avatar\/1787b83e7484a08e51d62ac8b41c8396?s=96&r=g","contentUrl":"https:\/\/secure.gravatar.com\/avatar\/1787b83e7484a08e51d62ac8b41c8396?s=96&r=g","caption":"Renan Dantas"},"description":"Escreve sobre pol\u00edtica e mercado financeiro para o portal Suno Not\u00edcias. Antes, atuou na assessoria de comunica\u00e7\u00e3o do Minist\u00e9rio P\u00fablico do Trabalho e na R\u00e1dio Mackenzie, onde apresentava e produzia um programa sobre artistas da m\u00fasica brasileira. \u00c9 estudante na Universidade Presbiteriana Mackenzie.","url":"https:\/\/www.suno.com.br\/noticias\/author\/renan-dantas\/"}]}},"default_loop_html":"<div class=\"cardsPage__listCard__boxs\"><div class=\"cardsPage__listCard__boxs__img\"><a href=\"https:\/\/www.suno.com.br\/noticias\/dolar-cai-euro-encerra-queda\/\"><img class=\"mask\" src=\"https:\/\/www.suno.com.br\/noticias\/wp-content\/themes\/suno\/resources\/images\/spotlight\/spotlight1img\/bg-mask.png\" alt=\"Image Mask\"\/><img src=\"https:\/\/files.sunoresearch.com.br\/n\/uploads\/2018\/11\/b80ab463-d\u00f3lar-400x200.webp\" alt=\"Ap\u00f3s seis altas seguidas, d\u00f3lar cai 1,114%; Euro encerra dia em queda\"\/><\/a><span class=\"spotlightCategory\"><a href=\"https:\/\/www.suno.com.br\/noticias\/mercado\/\">Mercado<\/a><\/span><\/div><div class=\"cardsPage__listCard__boxs__content\"><a href=\"https:\/\/www.suno.com.br\/noticias\/dolar-cai-euro-encerra-queda\/\"><h2 class=\"content__title\">Ap\u00f3s seis altas seguidas, d\u00f3lar cai 1,114%; Euro encerra dia em queda<\/h2><\/a><div class=\"newsContent__article__meta\"><div class=\"newsContent__article__meta__authorBox\"><a href=\"https:\/\/www.suno.com.br\/noticias\/author\/renan-dantas\/\" class=\"authorBox__avatar noMobi\"><img src=\"https:\/\/secure.gravatar.com\/avatar\/1787b83e7484a08e51d62ac8b41c8396?s=96&#038;r=g\" alt=\"Renan Dantas\"><\/a><div class=\"authorBox__name\"><span>por\n\t\t\t<a href=\"https:\/\/www.suno.com.br\/noticias\/author\/renan-dantas\/\"><span itemprop=\"author\">Renan Dantas<\/span><\/a><\/span><time datetime=\"2019-01-23T18:02:44-02:00\" itemprop=\"datePublished\">23\/01\/2019 18:02<\/time><\/div><\/div><\/div><\/div><\/div>","single_layout":"posts","amp_enabled":true,"_links":{"self":[{"href":"https:\/\/www.suno.com.br\/noticias\/wp-json\/wp\/v2\/posts\/12806"}],"collection":[{"href":"https:\/\/www.suno.com.br\/noticias\/wp-json\/wp\/v2\/posts"}],"about":[{"href":"https:\/\/www.suno.com.br\/noticias\/wp-json\/wp\/v2\/types\/post"}],"author":[{"embeddable":true,"href":"https:\/\/www.suno.com.br\/noticias\/wp-json\/wp\/v2\/users\/14"}],"replies":[{"embeddable":true,"href":"https:\/\/www.suno.com.br\/noticias\/wp-json\/wp\/v2\/comments?post=12806"}],"version-history":[{"count":0,"href":"https:\/\/www.suno.com.br\/noticias\/wp-json\/wp\/v2\/posts\/12806\/revisions"}],"wp:featuredmedia":[{"embeddable":true,"href":"https:\/\/www.suno.com.br\/noticias\/wp-json\/wp\/v2\/media\/7417"}],"wp:attachment":[{"href":"https:\/\/www.suno.com.br\/noticias\/wp-json\/wp\/v2\/media?parent=12806"}],"wp:term":[{"taxonomy":"category","embeddable":true,"href":"https:\/\/www.suno.com.br\/noticias\/wp-json\/wp\/v2\/categories?post=12806"},{"taxonomy":"post_tag","embeddable":true,"href":"https:\/\/www.suno.com.br\/noticias\/wp-json\/wp\/v2\/tags?post=12806"},{"taxonomy":"suno_strategy","embeddable":true,"href":"https:\/\/www.suno.com.br\/noticias\/wp-json\/wp\/v2\/suno_strategy?post=12806"}],"curies":[{"name":"wp","href":"https:\/\/api.w.org\/{rel}","templated":true}]}}