{"id":12804,"date":"2019-01-23T16:08:51","date_gmt":"2019-01-23T18:08:51","guid":{"rendered":"https:\/\/www.suno.com.br\/noticias\/?p=12804"},"modified":"2019-03-08T10:09:11","modified_gmt":"2019-03-08T13:09:11","slug":"eletrobras-modelo-de-capitalizacao-ainda-nao-foi-estipulado-diz-ministro","status":"publish","type":"post","link":"https:\/\/www.suno.com.br\/noticias\/eletrobras-modelo-de-capitalizacao-ainda-nao-foi-estipulado-diz-ministro\/","title":{"rendered":"Eletrobras: modelo de capitaliza\u00e7\u00e3o ainda n\u00e3o foi estipulado, diz ministro"},"content":{"rendered":"<p>O modelo de <a href=\"https:\/\/www.suno.com.br\/artigos\/capitalizacao-de-mercado\/\">capitaliza\u00e7\u00e3o<\/a> da Eletrobras ainda n\u00e3o foi definido pela equipe do governo, afirmou nesta quarta-feira (23) o ministro de Minas e Energia, Bento Albuquerque.<\/p>\t<div class=\"wrapper-featured-image\">\n\t\t<figure class=\"spotlightImg\">\n\n\t\t\t<picture>\n\t\t\t\t<source media=\"(max-width: 768px)\" srcset=\"https:\/\/files.sunoresearch.com.br\/n\/uploads\/2018\/09\/08ccc764-eletrobras-400x200.webp\">\n\t\t\t\t<img loading=\"lazy\" decoding=\"async\" class=\"newsContent__article__imgCapa lazyloadDisabled newsContent__article__imgCapa--noCaption\" src=\"https:\/\/files.sunoresearch.com.br\/n\/uploads\/2018\/09\/08ccc764-eletrobras-800x450.webp\" width=\"800\" height=\"450\" alt=\"Eletrobras: modelo de capitaliza\u00e7\u00e3o ainda n\u00e3o foi estipulado, diz ministro\" fetchpriority=high \/>\n\t\t\t<\/picture>\n\n\t\t\t<figcaption class=\"wp-caption-text wp-caption-text--hide\">Eletrobras (ELET3)<\/figcaption>\n\t\t<\/figure>\n\t<\/div>\n\n\n<p>A declara\u00e7\u00e3o foi dada ap\u00f3s jornalistas questionarem se o<strong> governo<\/strong> ir\u00e1 ceder o controle acion\u00e1rio da <strong>Eletrobras<\/strong>.<\/p>\n<p>&#8220;N\u00e3o tenho uma ideia pr\u00e9-concebida, n\u00e3o recebi nenhuma orienta\u00e7\u00e3o com rela\u00e7\u00e3o a esse tema. Ele (o presidente<strong> Jair Bolsonaro<\/strong>) apenas disse que temos que tornar a <strong>Eletrobras<\/strong> uma empresa com capacidade para voltar a investir&#8221;, afirmou o ministro.<\/p>\n<p><a href=\"https:\/\/www.suno.com.br\/noticias\/acoes-eletrobras-sobem-programa-demissao\/\">Saiba mais: A\u00e7\u00f5es da Eletrobras sobem 5% com an\u00fancio de programa de demiss\u00e3o<\/a><\/p>\n<p>Al\u00e9m disso, Albuquerque voltou a dizer que ir\u00e1 dar prosseguimento as capitaliza\u00e7\u00f5es iniciadas pelo <strong>governo Temer<\/strong>.<\/p>\n<p>&#8220;Falei na minha posse que ir\u00edamos continuar com o processo de capitaliza\u00e7\u00e3o da empresa e vamos continuar. Estamos discutindo como implementar isso da melhor forma poss\u00edvel&#8221;, disse Albuquerque.<\/p>\n<p>Bento Albuquerque tem mantido encontros semanais com o presidente da <strong>Eletrobras<\/strong>, Wilson Ferreira Junior, para discutir o tema. Ainda de acordo com o ministro, a <strong>privatiza\u00e7\u00e3o<\/strong> da estatal envolve outros minist\u00e9rio e setores do <strong>governo<\/strong>.<\/p>\n<p>\u201cIsso n\u00e3o \u00e9 apenas um problema do minist\u00e9rio com a <strong>Eletrobras<\/strong>, envolve outros \u00f3rg\u00e3os do MME e \u00e1reas do <strong>governo<\/strong>, e esse modelo vai ser uma decis\u00e3o consensual entre todos os interessados\u201d, acrescentou Albuquerque.<\/p>\n<p>No in\u00edcio do m\u00eas, Ferreira Junior disse que a<strong> capitaliza\u00e7\u00e3o<\/strong> \u00e9 necess\u00e1ria para alavancar os investimentos na estatal. &#8220;O processo de capitaliza\u00e7\u00e3o \u00e9 necess\u00e1rio; o pr\u00f3ximo passo da <strong>Eletrobras<\/strong> \u00e9 o da capitaliza\u00e7\u00e3o&#8221;, disse.<\/p>\n<h2>Modelo de capitaliza\u00e7\u00e3o<\/h2>\n<p>O projeto de capitaliza\u00e7\u00e3o foi anunciado pelo ex-presidente <strong>Michel Temer<\/strong> ainda em 2016. Ele pretendia reduzir a participa\u00e7\u00e3o do <strong>governo<\/strong> at\u00e9 ultrapassar a marca de 50%. Desta forma, o estado brasileiro perderia o controle direto da estatal.<\/p>\n<p><a href=\"https:\/\/www.suno.com.br\/noticias\/sabesp-meirelles-capitalizacao\/\">Saiba mais: Sabesp atinge m\u00e1xima hist\u00f3rica com Meirelles estudando capitaliza\u00e7\u00e3o<\/a><\/p>\n<p>Em janeiro de 2018, <strong>Temer<\/strong> enviou uma proposta para o <strong>Congresso Nacional<\/strong> apresentando o modelo de <strong>privatiza\u00e7\u00e3o<\/strong> da <strong>Eletrobras<\/strong>. O projeto previa, justamente, a venda gradual do capital da empresa. Assim, o controle majorit\u00e1rio da estatal se tornaria privado.<\/p>\n","protected":false},"excerpt":{"rendered":"<p>O modelo de capitaliza\u00e7\u00e3o da Eletrobras ainda n\u00e3o foi definido pela equipe do governo, afirmou nesta quarta-feira (23) o ministro de Minas e Energia, Bento Albuquerque. Eletrobras (ELET3) A declara\u00e7\u00e3o foi dada ap\u00f3s jornalistas questionarem se o governo ir\u00e1 ceder o controle acion\u00e1rio da Eletrobras. &#8220;N\u00e3o tenho uma ideia pr\u00e9-concebida, n\u00e3o recebi nenhuma orienta\u00e7\u00e3o com [&hellip;]<\/p>\n","protected":false},"author":14,"featured_media":4292,"comment_status":"closed","ping_status":"closed","sticky":false,"template":"","format":"standard","meta":[],"categories":[64],"tags":[455,719,734,945],"suno_strategy":[],"class_list":["post-12804","post","type-post","status-publish","format-standard","has-post-thumbnail","hentry","category-negocios","tag-eletrobras-elet3-elet5-elet6","tag-jair-bolsonaro","tag-michel-temer","tag-privatizacoes"],"yoast_head":"<!-- This site is optimized with the Yoast SEO plugin v24.4 - https:\/\/yoast.com\/wordpress\/plugins\/seo\/ -->\n<title>Eletrobras: modelo de capitaliza\u00e7\u00e3o ainda n\u00e3o foi estipulado, diz ministro<\/title>\n<meta name=\"description\" content=\"O modelo de capitaliza\u00e7\u00e3o da Eletrobras foi proposto por Temer ainda em 2016 e eviado ao Congresso no ano passado. Clique para ler mais.\" \/>\n<meta name=\"robots\" content=\"index, follow, max-snippet:-1, max-image-preview:large, max-video-preview:-1\" \/>\n<link rel=\"canonical\" href=\"https:\/\/www.suno.com.br\/noticias\/eletrobras-modelo-de-capitalizacao-ainda-nao-foi-estipulado-diz-ministro\/\" \/>\n<meta property=\"og:locale\" content=\"pt_BR\" \/>\n<meta property=\"og:type\" content=\"article\" \/>\n<meta property=\"og:title\" content=\"Eletrobras: modelo de capitaliza\u00e7\u00e3o ainda n\u00e3o foi estipulado, diz ministro\" \/>\n<meta property=\"og:description\" content=\"O modelo de capitaliza\u00e7\u00e3o da Eletrobras foi proposto por Temer ainda em 2016 e eviado ao Congresso no ano passado. Clique para ler mais.\" \/>\n<meta property=\"og:url\" content=\"https:\/\/www.suno.com.br\/noticias\/eletrobras-modelo-de-capitalizacao-ainda-nao-foi-estipulado-diz-ministro\/\" \/>\n<meta property=\"og:site_name\" content=\"Suno Not\u00edcias\" \/>\n<meta property=\"article:publisher\" content=\"https:\/\/facebook.com\/sunoresearch\" \/>\n<meta property=\"og:image\" content=\"https:\/\/files.sunoresearch.com.br\/n\/uploads\/2018\/09\/08ccc764-eletrobras.jpg\" \/>\n\t<meta property=\"og:image:width\" content=\"1380\" \/>\n\t<meta property=\"og:image:height\" content=\"920\" \/>\n\t<meta property=\"og:image:type\" content=\"image\/jpeg\" \/>\n<meta name=\"author\" content=\"Renan Dantas\" \/>\n<meta name=\"twitter:card\" content=\"summary_large_image\" \/>\n<meta name=\"twitter:creator\" content=\"@sunoresearch\" \/>\n<meta name=\"twitter:site\" content=\"@sunoresearch\" \/>\n<meta name=\"twitter:label1\" content=\"Escrito por\" \/>\n\t<meta name=\"twitter:data1\" content=\"Renan Dantas\" \/>\n\t<meta name=\"twitter:label2\" content=\"Est. tempo de leitura\" \/>\n\t<meta name=\"twitter:data2\" content=\"2 minutos\" \/>\n<script type=\"application\/ld+json\" class=\"yoast-schema-graph\">{\"@context\":\"https:\/\/schema.org\",\"@graph\":[{\"@type\":\"NewsArticle\",\"@id\":\"https:\/\/www.suno.com.br\/noticias\/eletrobras-modelo-de-capitalizacao-ainda-nao-foi-estipulado-diz-ministro\/#article\",\"isPartOf\":{\"@id\":\"https:\/\/www.suno.com.br\/noticias\/eletrobras-modelo-de-capitalizacao-ainda-nao-foi-estipulado-diz-ministro\/\"},\"author\":{\"name\":\"Renan Dantas\",\"@id\":\"https:\/\/www.suno.com.br\/noticias\/#\/schema\/person\/3f7693d5795a3f6d5ce15309ee785699\"},\"headline\":\"Eletrobras: modelo de capitaliza\u00e7\u00e3o ainda n\u00e3o foi estipulado, diz ministro\",\"datePublished\":\"2019-01-23T18:08:51+00:00\",\"dateModified\":\"2019-03-08T13:09:11+00:00\",\"mainEntityOfPage\":{\"@id\":\"https:\/\/www.suno.com.br\/noticias\/eletrobras-modelo-de-capitalizacao-ainda-nao-foi-estipulado-diz-ministro\/\"},\"wordCount\":373,\"publisher\":{\"@id\":\"https:\/\/www.suno.com.br\/noticias\/#organization\"},\"image\":{\"@id\":\"https:\/\/www.suno.com.br\/noticias\/eletrobras-modelo-de-capitalizacao-ainda-nao-foi-estipulado-diz-ministro\/#primaryimage\"},\"thumbnailUrl\":\"https:\/\/files.sunoresearch.com.br\/n\/uploads\/2018\/09\/08ccc764-eletrobras-jpg.webp\",\"keywords\":[\"Eletrobras (ELET3\/ELET5\/ELET6)\",\"Jair Bolsonaro\",\"Michel Temer\",\"privatiza\u00e7\u00f5es\"],\"articleSection\":[\"Neg\u00f3cios\"],\"inLanguage\":\"pt-BR\"},{\"@type\":\"WebPage\",\"@id\":\"https:\/\/www.suno.com.br\/noticias\/eletrobras-modelo-de-capitalizacao-ainda-nao-foi-estipulado-diz-ministro\/\",\"url\":\"https:\/\/www.suno.com.br\/noticias\/eletrobras-modelo-de-capitalizacao-ainda-nao-foi-estipulado-diz-ministro\/\",\"name\":\"Eletrobras: modelo de capitaliza\u00e7\u00e3o ainda n\u00e3o foi estipulado, diz ministro\",\"isPartOf\":{\"@id\":\"https:\/\/www.suno.com.br\/noticias\/#website\"},\"primaryImageOfPage\":{\"@id\":\"https:\/\/www.suno.com.br\/noticias\/eletrobras-modelo-de-capitalizacao-ainda-nao-foi-estipulado-diz-ministro\/#primaryimage\"},\"image\":{\"@id\":\"https:\/\/www.suno.com.br\/noticias\/eletrobras-modelo-de-capitalizacao-ainda-nao-foi-estipulado-diz-ministro\/#primaryimage\"},\"thumbnailUrl\":\"https:\/\/files.sunoresearch.com.br\/n\/uploads\/2018\/09\/08ccc764-eletrobras-jpg.webp\",\"datePublished\":\"2019-01-23T18:08:51+00:00\",\"dateModified\":\"2019-03-08T13:09:11+00:00\",\"description\":\"O modelo de capitaliza\u00e7\u00e3o da Eletrobras foi proposto por Temer ainda em 2016 e eviado ao Congresso no ano passado. Clique para ler mais.\",\"breadcrumb\":{\"@id\":\"https:\/\/www.suno.com.br\/noticias\/eletrobras-modelo-de-capitalizacao-ainda-nao-foi-estipulado-diz-ministro\/#breadcrumb\"},\"inLanguage\":\"pt-BR\",\"potentialAction\":[{\"@type\":\"ReadAction\",\"target\":[\"https:\/\/www.suno.com.br\/noticias\/eletrobras-modelo-de-capitalizacao-ainda-nao-foi-estipulado-diz-ministro\/\"]}]},{\"@type\":\"ImageObject\",\"inLanguage\":\"pt-BR\",\"@id\":\"https:\/\/www.suno.com.br\/noticias\/eletrobras-modelo-de-capitalizacao-ainda-nao-foi-estipulado-diz-ministro\/#primaryimage\",\"url\":\"https:\/\/files.sunoresearch.com.br\/n\/uploads\/2018\/09\/08ccc764-eletrobras-jpg.webp\",\"contentUrl\":\"https:\/\/files.sunoresearch.com.br\/n\/uploads\/2018\/09\/08ccc764-eletrobras-jpg.webp\",\"width\":1380,\"height\":920,\"caption\":\"Eletrobras (ELET3)\"},{\"@type\":\"BreadcrumbList\",\"@id\":\"https:\/\/www.suno.com.br\/noticias\/eletrobras-modelo-de-capitalizacao-ainda-nao-foi-estipulado-diz-ministro\/#breadcrumb\",\"itemListElement\":[{\"@type\":\"ListItem\",\"position\":1,\"name\":\"Not\u00edcias\",\"item\":\"https:\/\/www.suno.com.br\/noticias\/\"},{\"@type\":\"ListItem\",\"position\":2,\"name\":\"Neg\u00f3cios\",\"item\":\"https:\/\/www.suno.com.br\/noticias\/negocios\/\"},{\"@type\":\"ListItem\",\"position\":3,\"name\":\"Eletrobras: modelo de capitaliza\u00e7\u00e3o ainda n\u00e3o foi estipulado, diz ministro\"}]},{\"@type\":\"WebSite\",\"@id\":\"https:\/\/www.suno.com.br\/noticias\/#website\",\"url\":\"https:\/\/www.suno.com.br\/noticias\/\",\"name\":\"Suno Not\u00edcias\",\"description\":\"Seu portal de informa\u00e7\u00e3o sobre o mundo dos investimentos\",\"publisher\":{\"@id\":\"https:\/\/www.suno.com.br\/noticias\/#organization\"},\"potentialAction\":[{\"@type\":\"SearchAction\",\"target\":{\"@type\":\"EntryPoint\",\"urlTemplate\":\"https:\/\/www.suno.com.br\/noticias\/?s={search_term_string}\"},\"query-input\":{\"@type\":\"PropertyValueSpecification\",\"valueRequired\":true,\"valueName\":\"search_term_string\"}}],\"inLanguage\":\"pt-BR\"},{\"@type\":\"Organization\",\"@id\":\"https:\/\/www.suno.com.br\/noticias\/#organization\",\"name\":\"Suno Not\u00edcias\",\"url\":\"https:\/\/www.suno.com.br\/noticias\/\",\"logo\":{\"@type\":\"ImageObject\",\"inLanguage\":\"pt-BR\",\"@id\":\"https:\/\/www.suno.com.br\/noticias\/#\/schema\/logo\/image\/\",\"url\":\"https:\/\/files.sunoresearch.com.br\/n\/uploads\/2021\/09\/suno-logo.png\",\"contentUrl\":\"https:\/\/files.sunoresearch.com.br\/n\/uploads\/2021\/09\/suno-logo.png\",\"width\":180,\"height\":180,\"caption\":\"Suno Not\u00edcias\"},\"image\":{\"@id\":\"https:\/\/www.suno.com.br\/noticias\/#\/schema\/logo\/image\/\"},\"sameAs\":[\"https:\/\/facebook.com\/sunoresearch\",\"https:\/\/x.com\/sunoresearch\",\"https:\/\/www.instagram.com\/suno\",\"https:\/\/www.linkedin.com\/company\/suno-research\/\",\"https:\/\/www.youtube.com\/c\/sunoresearch\"]},{\"@type\":\"Person\",\"@id\":\"https:\/\/www.suno.com.br\/noticias\/#\/schema\/person\/3f7693d5795a3f6d5ce15309ee785699\",\"name\":\"Renan Dantas\",\"image\":{\"@type\":\"ImageObject\",\"inLanguage\":\"pt-BR\",\"@id\":\"https:\/\/www.suno.com.br\/noticias\/#\/schema\/person\/image\/\",\"url\":\"https:\/\/secure.gravatar.com\/avatar\/1787b83e7484a08e51d62ac8b41c8396?s=96&r=g\",\"contentUrl\":\"https:\/\/secure.gravatar.com\/avatar\/1787b83e7484a08e51d62ac8b41c8396?s=96&r=g\",\"caption\":\"Renan Dantas\"},\"description\":\"Escreve sobre pol\u00edtica e mercado financeiro para o portal Suno Not\u00edcias. Antes, atuou na assessoria de comunica\u00e7\u00e3o do Minist\u00e9rio P\u00fablico do Trabalho e na R\u00e1dio Mackenzie, onde apresentava e produzia um programa sobre artistas da m\u00fasica brasileira. \u00c9 estudante na Universidade Presbiteriana Mackenzie.\",\"url\":\"https:\/\/www.suno.com.br\/noticias\/author\/renan-dantas\/\"}]}<\/script>\n<!-- \/ Yoast SEO plugin. -->","yoast_head_json":{"title":"Eletrobras: modelo de capitaliza\u00e7\u00e3o ainda n\u00e3o foi estipulado, diz ministro","description":"O modelo de capitaliza\u00e7\u00e3o da Eletrobras foi proposto por Temer ainda em 2016 e eviado ao Congresso no ano passado. Clique para ler mais.","robots":{"index":"index","follow":"follow","max-snippet":"max-snippet:-1","max-image-preview":"max-image-preview:large","max-video-preview":"max-video-preview:-1"},"canonical":"https:\/\/www.suno.com.br\/noticias\/eletrobras-modelo-de-capitalizacao-ainda-nao-foi-estipulado-diz-ministro\/","og_locale":"pt_BR","og_type":"article","og_title":"Eletrobras: modelo de capitaliza\u00e7\u00e3o ainda n\u00e3o foi estipulado, diz ministro","og_description":"O modelo de capitaliza\u00e7\u00e3o da Eletrobras foi proposto por Temer ainda em 2016 e eviado ao Congresso no ano passado. Clique para ler mais.","og_url":"https:\/\/www.suno.com.br\/noticias\/eletrobras-modelo-de-capitalizacao-ainda-nao-foi-estipulado-diz-ministro\/","og_site_name":"Suno Not\u00edcias","article_publisher":"https:\/\/facebook.com\/sunoresearch","og_image":[{"width":1380,"height":920,"url":"https:\/\/files.sunoresearch.com.br\/n\/uploads\/2018\/09\/08ccc764-eletrobras.jpg","type":"image\/jpeg"}],"author":"Renan Dantas","twitter_card":"summary_large_image","twitter_creator":"@sunoresearch","twitter_site":"@sunoresearch","twitter_misc":{"Escrito por":"Renan Dantas","Est. tempo de leitura":"2 minutos"},"schema":{"@context":"https:\/\/schema.org","@graph":[{"@type":"NewsArticle","@id":"https:\/\/www.suno.com.br\/noticias\/eletrobras-modelo-de-capitalizacao-ainda-nao-foi-estipulado-diz-ministro\/#article","isPartOf":{"@id":"https:\/\/www.suno.com.br\/noticias\/eletrobras-modelo-de-capitalizacao-ainda-nao-foi-estipulado-diz-ministro\/"},"author":{"name":"Renan Dantas","@id":"https:\/\/www.suno.com.br\/noticias\/#\/schema\/person\/3f7693d5795a3f6d5ce15309ee785699"},"headline":"Eletrobras: modelo de capitaliza\u00e7\u00e3o ainda n\u00e3o foi estipulado, diz ministro","datePublished":"2019-01-23T18:08:51+00:00","dateModified":"2019-03-08T13:09:11+00:00","mainEntityOfPage":{"@id":"https:\/\/www.suno.com.br\/noticias\/eletrobras-modelo-de-capitalizacao-ainda-nao-foi-estipulado-diz-ministro\/"},"wordCount":373,"publisher":{"@id":"https:\/\/www.suno.com.br\/noticias\/#organization"},"image":{"@id":"https:\/\/www.suno.com.br\/noticias\/eletrobras-modelo-de-capitalizacao-ainda-nao-foi-estipulado-diz-ministro\/#primaryimage"},"thumbnailUrl":"https:\/\/files.sunoresearch.com.br\/n\/uploads\/2018\/09\/08ccc764-eletrobras-jpg.webp","keywords":["Eletrobras (ELET3\/ELET5\/ELET6)","Jair Bolsonaro","Michel Temer","privatiza\u00e7\u00f5es"],"articleSection":["Neg\u00f3cios"],"inLanguage":"pt-BR"},{"@type":"WebPage","@id":"https:\/\/www.suno.com.br\/noticias\/eletrobras-modelo-de-capitalizacao-ainda-nao-foi-estipulado-diz-ministro\/","url":"https:\/\/www.suno.com.br\/noticias\/eletrobras-modelo-de-capitalizacao-ainda-nao-foi-estipulado-diz-ministro\/","name":"Eletrobras: modelo de capitaliza\u00e7\u00e3o ainda n\u00e3o foi estipulado, diz ministro","isPartOf":{"@id":"https:\/\/www.suno.com.br\/noticias\/#website"},"primaryImageOfPage":{"@id":"https:\/\/www.suno.com.br\/noticias\/eletrobras-modelo-de-capitalizacao-ainda-nao-foi-estipulado-diz-ministro\/#primaryimage"},"image":{"@id":"https:\/\/www.suno.com.br\/noticias\/eletrobras-modelo-de-capitalizacao-ainda-nao-foi-estipulado-diz-ministro\/#primaryimage"},"thumbnailUrl":"https:\/\/files.sunoresearch.com.br\/n\/uploads\/2018\/09\/08ccc764-eletrobras-jpg.webp","datePublished":"2019-01-23T18:08:51+00:00","dateModified":"2019-03-08T13:09:11+00:00","description":"O modelo de capitaliza\u00e7\u00e3o da Eletrobras foi proposto por Temer ainda em 2016 e eviado ao Congresso no ano passado. Clique para ler mais.","breadcrumb":{"@id":"https:\/\/www.suno.com.br\/noticias\/eletrobras-modelo-de-capitalizacao-ainda-nao-foi-estipulado-diz-ministro\/#breadcrumb"},"inLanguage":"pt-BR","potentialAction":[{"@type":"ReadAction","target":["https:\/\/www.suno.com.br\/noticias\/eletrobras-modelo-de-capitalizacao-ainda-nao-foi-estipulado-diz-ministro\/"]}]},{"@type":"ImageObject","inLanguage":"pt-BR","@id":"https:\/\/www.suno.com.br\/noticias\/eletrobras-modelo-de-capitalizacao-ainda-nao-foi-estipulado-diz-ministro\/#primaryimage","url":"https:\/\/files.sunoresearch.com.br\/n\/uploads\/2018\/09\/08ccc764-eletrobras-jpg.webp","contentUrl":"https:\/\/files.sunoresearch.com.br\/n\/uploads\/2018\/09\/08ccc764-eletrobras-jpg.webp","width":1380,"height":920,"caption":"Eletrobras (ELET3)"},{"@type":"BreadcrumbList","@id":"https:\/\/www.suno.com.br\/noticias\/eletrobras-modelo-de-capitalizacao-ainda-nao-foi-estipulado-diz-ministro\/#breadcrumb","itemListElement":[{"@type":"ListItem","position":1,"name":"Not\u00edcias","item":"https:\/\/www.suno.com.br\/noticias\/"},{"@type":"ListItem","position":2,"name":"Neg\u00f3cios","item":"https:\/\/www.suno.com.br\/noticias\/negocios\/"},{"@type":"ListItem","position":3,"name":"Eletrobras: modelo de capitaliza\u00e7\u00e3o ainda n\u00e3o foi estipulado, diz ministro"}]},{"@type":"WebSite","@id":"https:\/\/www.suno.com.br\/noticias\/#website","url":"https:\/\/www.suno.com.br\/noticias\/","name":"Suno Not\u00edcias","description":"Seu portal de informa\u00e7\u00e3o sobre o mundo dos investimentos","publisher":{"@id":"https:\/\/www.suno.com.br\/noticias\/#organization"},"potentialAction":[{"@type":"SearchAction","target":{"@type":"EntryPoint","urlTemplate":"https:\/\/www.suno.com.br\/noticias\/?s={search_term_string}"},"query-input":{"@type":"PropertyValueSpecification","valueRequired":true,"valueName":"search_term_string"}}],"inLanguage":"pt-BR"},{"@type":"Organization","@id":"https:\/\/www.suno.com.br\/noticias\/#organization","name":"Suno Not\u00edcias","url":"https:\/\/www.suno.com.br\/noticias\/","logo":{"@type":"ImageObject","inLanguage":"pt-BR","@id":"https:\/\/www.suno.com.br\/noticias\/#\/schema\/logo\/image\/","url":"https:\/\/files.sunoresearch.com.br\/n\/uploads\/2021\/09\/suno-logo.png","contentUrl":"https:\/\/files.sunoresearch.com.br\/n\/uploads\/2021\/09\/suno-logo.png","width":180,"height":180,"caption":"Suno Not\u00edcias"},"image":{"@id":"https:\/\/www.suno.com.br\/noticias\/#\/schema\/logo\/image\/"},"sameAs":["https:\/\/facebook.com\/sunoresearch","https:\/\/x.com\/sunoresearch","https:\/\/www.instagram.com\/suno","https:\/\/www.linkedin.com\/company\/suno-research\/","https:\/\/www.youtube.com\/c\/sunoresearch"]},{"@type":"Person","@id":"https:\/\/www.suno.com.br\/noticias\/#\/schema\/person\/3f7693d5795a3f6d5ce15309ee785699","name":"Renan Dantas","image":{"@type":"ImageObject","inLanguage":"pt-BR","@id":"https:\/\/www.suno.com.br\/noticias\/#\/schema\/person\/image\/","url":"https:\/\/secure.gravatar.com\/avatar\/1787b83e7484a08e51d62ac8b41c8396?s=96&r=g","contentUrl":"https:\/\/secure.gravatar.com\/avatar\/1787b83e7484a08e51d62ac8b41c8396?s=96&r=g","caption":"Renan Dantas"},"description":"Escreve sobre pol\u00edtica e mercado financeiro para o portal Suno Not\u00edcias. Antes, atuou na assessoria de comunica\u00e7\u00e3o do Minist\u00e9rio P\u00fablico do Trabalho e na R\u00e1dio Mackenzie, onde apresentava e produzia um programa sobre artistas da m\u00fasica brasileira. \u00c9 estudante na Universidade Presbiteriana Mackenzie.","url":"https:\/\/www.suno.com.br\/noticias\/author\/renan-dantas\/"}]}},"default_loop_html":"<div class=\"cardsPage__listCard__boxs\"><div class=\"cardsPage__listCard__boxs__img\"><a href=\"https:\/\/www.suno.com.br\/noticias\/eletrobras-modelo-de-capitalizacao-ainda-nao-foi-estipulado-diz-ministro\/\"><img class=\"mask\" src=\"https:\/\/www.suno.com.br\/noticias\/wp-content\/themes\/suno\/resources\/images\/spotlight\/spotlight1img\/bg-mask.png\" alt=\"Image Mask\"\/><img src=\"https:\/\/files.sunoresearch.com.br\/n\/uploads\/2018\/09\/08ccc764-eletrobras-400x200.webp\" alt=\"Eletrobras: modelo de capitaliza\u00e7\u00e3o ainda n\u00e3o foi estipulado, diz ministro\"\/><\/a><span class=\"spotlightCategory\"><a href=\"https:\/\/www.suno.com.br\/noticias\/negocios\/\">Neg\u00f3cios<\/a><\/span><\/div><div class=\"cardsPage__listCard__boxs__content\"><a href=\"https:\/\/www.suno.com.br\/noticias\/eletrobras-modelo-de-capitalizacao-ainda-nao-foi-estipulado-diz-ministro\/\"><h2 class=\"content__title\">Eletrobras: modelo de capitaliza\u00e7\u00e3o ainda n\u00e3o foi estipulado, diz ministro<\/h2><\/a><div class=\"newsContent__article__meta\"><div class=\"newsContent__article__meta__authorBox\"><a href=\"https:\/\/www.suno.com.br\/noticias\/author\/renan-dantas\/\" class=\"authorBox__avatar noMobi\"><img src=\"https:\/\/secure.gravatar.com\/avatar\/1787b83e7484a08e51d62ac8b41c8396?s=96&#038;r=g\" alt=\"Renan Dantas\"><\/a><div class=\"authorBox__name\"><span>por\n\t\t\t<a href=\"https:\/\/www.suno.com.br\/noticias\/author\/renan-dantas\/\"><span itemprop=\"author\">Renan Dantas<\/span><\/a><\/span><time datetime=\"2019-01-23T16:08:51-02:00\" itemprop=\"datePublished\">23\/01\/2019 16:08<\/time><\/div><\/div><\/div><\/div><\/div>","single_layout":"posts","amp_enabled":true,"_links":{"self":[{"href":"https:\/\/www.suno.com.br\/noticias\/wp-json\/wp\/v2\/posts\/12804"}],"collection":[{"href":"https:\/\/www.suno.com.br\/noticias\/wp-json\/wp\/v2\/posts"}],"about":[{"href":"https:\/\/www.suno.com.br\/noticias\/wp-json\/wp\/v2\/types\/post"}],"author":[{"embeddable":true,"href":"https:\/\/www.suno.com.br\/noticias\/wp-json\/wp\/v2\/users\/14"}],"replies":[{"embeddable":true,"href":"https:\/\/www.suno.com.br\/noticias\/wp-json\/wp\/v2\/comments?post=12804"}],"version-history":[{"count":0,"href":"https:\/\/www.suno.com.br\/noticias\/wp-json\/wp\/v2\/posts\/12804\/revisions"}],"wp:featuredmedia":[{"embeddable":true,"href":"https:\/\/www.suno.com.br\/noticias\/wp-json\/wp\/v2\/media\/4292"}],"wp:attachment":[{"href":"https:\/\/www.suno.com.br\/noticias\/wp-json\/wp\/v2\/media?parent=12804"}],"wp:term":[{"taxonomy":"category","embeddable":true,"href":"https:\/\/www.suno.com.br\/noticias\/wp-json\/wp\/v2\/categories?post=12804"},{"taxonomy":"post_tag","embeddable":true,"href":"https:\/\/www.suno.com.br\/noticias\/wp-json\/wp\/v2\/tags?post=12804"},{"taxonomy":"suno_strategy","embeddable":true,"href":"https:\/\/www.suno.com.br\/noticias\/wp-json\/wp\/v2\/suno_strategy?post=12804"}],"curies":[{"name":"wp","href":"https:\/\/api.w.org\/{rel}","templated":true}]}}