{"id":127783,"date":"2021-03-01T20:07:21","date_gmt":"2021-03-01T23:07:21","guid":{"rendered":"https:\/\/www.suno.com.br\/noticias\/?p=127783"},"modified":"2021-06-21T05:21:32","modified_gmt":"2021-06-21T08:21:32","slug":"safra-carteira-dividendos-amazon-amzo34-bdrs","status":"publish","type":"post","link":"https:\/\/www.suno.com.br\/noticias\/safra-carteira-dividendos-amazon-amzo34-bdrs\/","title":{"rendered":"Safra mant\u00e9m carteira de dividendos, mas acrescenta Amazon (AMZO34) na de BDRs"},"content":{"rendered":"<p>O <strong>Safra<\/strong> informou nesta segunda-feira (1) que em fevereiro deste ano, sua carteira de dividendos caiu 4,04%, ao passo que o \u00cdndice de Dividendos (Idiv) da B3 caiu 5,21% no m\u00eas. No ano, a carteira apresenta varia\u00e7\u00e3o de 9,41%, contra 10,02% do Idiv da B3.<\/p>\t<div class=\"wrapper-featured-image\">\n\t\t<figure class=\"spotlightImg\">\n\n\t\t\t<picture>\n\t\t\t\t<source media=\"(max-width: 768px)\" srcset=\"https:\/\/files.sunoresearch.com.br\/n\/uploads\/2021\/03\/6d35cebb-stock-1863880_1280-400x200.webp\">\n\t\t\t\t<img loading=\"lazy\" decoding=\"async\" class=\"newsContent__article__imgCapa lazyloadDisabled \" src=\"https:\/\/files.sunoresearch.com.br\/n\/uploads\/2021\/03\/6d35cebb-stock-1863880_1280-800x450.webp\" width=\"800\" height=\"450\" alt=\"Safra mant\u00e9m carteira de dividendos, mas acrescenta Amazon (AMZO34) na de BDRs\" fetchpriority=high \/>\n\t\t\t<\/picture>\n\n\t\t\t<figcaption class=\"wp-caption-text wp-caption-text--show\">Gr\u00e1fico. Foto: Lorenzo Cafaro por Pixabay.<\/figcaption>\n\t\t<\/figure>\n\t<\/div>\n\n\n\t<p>\n\t\t<a href=\"https:\/\/lp.suno.com.br\/planilha-controle-gastos\/\" target=\"_blank\" data-element=\"shortcode-suno-banner\" title=\"Banner SUNO, clique e saiba mais\">\n\t\t\t<picture>\n\t\t\t\t<source media=\"(max-width: 500px)\" srcset=\"https:\/\/files.sunoresearch.com.br\/n\/uploads\/2023\/03\/400x300-Planilha-controle-de-gastos.png\">\n\t\t\t\t<img class=\"newsContent__article__imgCapa newsContent__article__imgCapa--banner\"\n\t\t\t\t\tsrc=\"https:\/\/files.sunoresearch.com.br\/n\/uploads\/2023\/03\/1420x240-Planilha-controle-de-gastos.png\"\n\t\t\t\t\tdata-promo-id=\"101751\"\t\t\t\t\t\t\t\t\t\twidth='1420' height='240'\t\t\t\t\talt=\"https:\/\/files.sunoresearch.com.br\/n\/uploads\/2023\/03\/1420x240-Planilha-controle-de-gastos.png\"\n\t\t\t\t>\n\t\t\t<\/picture>\n\t\t<\/a>\n\t<\/p>\n\n\n<p>Apesar disso, o Safra manteve a carteira inalterada para mar\u00e7o. segundo o relat\u00f3rio, setorialmente, a exposi\u00e7\u00e3o \u00e9 de 30% a servi\u00e7os financeiros, 30% a utilidades b\u00e1sicas, 20% a minera\u00e7\u00e3o, 10% a sa\u00fade e 10% a telecomunica\u00e7\u00f5es.<\/p>\n<p>Al\u00e9m disso, o <strong>dividend yield<\/strong> m\u00e9dio esperado para a carteira de dividendos do Safra \u00e9 de 5,7% neste ano.<\/p>\n<p><a href=\"https:\/\/lp.suno.com.br\/suno-one\/\"> Suno One: acesse gratuitamente eBooks, Minicursos, Artigos e V\u00eddeo Aulas sobre investimentos com um \u00fanico cadastro. Clique para saber mais!<\/a><\/p>\n<p>Confira as a\u00e7\u00f5es que comp\u00f5em a <strong>carteira de dividendos<\/strong> recomendada pelo Safra:<\/p>\n<ul>\n<li><a href=\"https:\/\/www.suno.com.br\/acoes\/vale3\/\"><strong>Vale<\/strong> (VALE3)<\/a>, com peso de 10%<\/li>\n<li><a href=\"https:\/\/www.suno.com.br\/acoes\/brap4\/\">Bradespar (BRAP4)<\/a>, com peso de 10%<\/li>\n<li><a href=\"https:\/\/www.suno.com.br\/acoes\/itub4\/\"><strong>Ita\u00fa <\/strong>(ITUB4)<\/a>, com peso de 10%<\/li>\n<li><a href=\"https:\/\/www.suno.com.br\/acoes\/bbdc4\/\">Bradesco (BBDC4)<\/a>, com peso de 10%<\/li>\n<li><a href=\"https:\/\/www.suno.com.br\/acoes\/b3sa3\/\"><strong>B3<\/strong> (B3SA3)<\/a>, com peso de 10%<\/li>\n<li><a href=\"https:\/\/www.suno.com.br\/acoes\/qual3\/\">Qualicorp (QUAL3)<\/a>, com peso de 10%<\/li>\n<li><a href=\"https:\/\/www.suno.com.br\/acoes\/tims3\/\">Tim (TIMS3)<\/a>, com peso de 10%<\/li>\n<li><a href=\"https:\/\/www.suno.com.br\/acoes\/taee11\/\">Taesa (TAEE11)<\/a>, com peso de 10%<\/li>\n<li><a href=\"https:\/\/www.suno.com.br\/acoes\/engi11\/\">Energisa (ENGI11)<\/a>, com peso de 10%<\/li>\n<li><a href=\"https:\/\/www.suno.com.br\/acoes\/egie3\/\">Engie (EGIE3),<\/a> com peso de 10%<\/li>\n<\/ul>\n<h2>Safra tira Walmart da carteira de BDRs<\/h2>\n<p>J\u00e1 em rela\u00e7\u00e3o \u00e0 <strong>carteira de BDRs,<\/strong> houve uma troca no portf\u00f3lio, quando os analistas decidiram trocar o <strong>Walmart<\/strong> (<strong>WALM34<\/strong>) pela <strong>Amazon<\/strong> (<strong>AMZO34<\/strong>).<\/p>\n<p>Frente a mudan\u00e7a, confira as recomenda\u00e7\u00f5es de BDRs do Safra para mar\u00e7o:<\/p>\n<ul>\n<li><strong>CVS<\/strong> (CVSH34), com peso de 6%<\/li>\n<li><strong>Comcast<\/strong> Corporation (CMCS34), com peso de 5%<\/li>\n<li><strong>Amazon<\/strong> (AMZO34), com peso de 6%<\/li>\n<li><strong>JP Morgan<\/strong> (JPMC34), com peso de 7%<\/li>\n<li><strong>Microsoft<\/strong> (MSFT34), com peso de 7%<\/li>\n<li><strong>Goldman Sachs<\/strong> (GSGI34), com peso de 9%<\/li>\n<li><strong>Google<\/strong> (GOGL34), com peso de 8%<\/li>\n<li><strong>Nvidia<\/strong> (NVDC34), com peso de 7%<\/li>\n<li><strong>Conocophilips<\/strong> (COPH34), com peso de 7%<\/li>\n<li><strong>ETF S&amp;P 500<\/strong> (IVVB11), com peso de 38%<\/li>\n<\/ul>\n<p>De acordo com os analistas, o resultado do Walmart ficou abaixo do esperado e o guidance divulgado apontou para uma desacelera\u00e7\u00e3o no crescimento de receita. Al\u00e9m disso, o relat\u00f3rio cita que as recentes press\u00f5es salariais e o lan\u00e7amento do Walmart+ &#8220;devem contrair as margens da empresa&#8221;.<\/p>\n\t<p>\n\t\t<a href=\"https:\/\/lp.suno.com.br\/planilha-da-vida-financeira\/\" target=\"_blank\" data-element=\"shortcode-suno-banner\" title=\"Banner SUNO, clique e saiba mais\">\n\t\t\t<picture>\n\t\t\t\t<source media=\"(max-width: 500px)\" srcset=\"https:\/\/files.sunoresearch.com.br\/n\/uploads\/2023\/04\/400x300-Planilha-vida-financeira-true.png\">\n\t\t\t\t<img class=\"newsContent__article__imgCapa newsContent__article__imgCapa--banner\"\n\t\t\t\t\tsrc=\"https:\/\/files.sunoresearch.com.br\/n\/uploads\/2023\/04\/1420x240-Planilha-vida-financeira-true.png\"\n\t\t\t\t\tdata-promo-id=\"106682\"\t\t\t\t\t\t\t\t\t\twidth='1420' height='240'\t\t\t\t\talt=\"https:\/\/files.sunoresearch.com.br\/n\/uploads\/2023\/04\/1420x240-Planilha-vida-financeira-true.png\"\n\t\t\t\t>\n\t\t\t<\/picture>\n\t\t<\/a>\n\t<\/p>\n\n\n<p>Explicando sobre a escolha da Amazon para substituir o Walmart, os analistas salientam o &#8220;posicionamento da empresa como uma das principais benefici\u00e1rias do crescimento global do e-commerce e da computa\u00e7\u00e3o em nuvem&#8221;.<\/p>\n\t<div data-element=\"shortcode-read-more\" class=\"knowMore\">\n\t\t\t\t<span class=\"knowMore__title\">Leia tamb\u00e9m<\/span>\n\t\t\t\t<a class=\"knowMore__link\" href=\"https:\/\/www.suno.com.br\/noticias\/vale-vale3-peso-carteira-top-acoes-xp\/\">\n\t\t\tVale (VALE3) passa a ter peso de 15% na carteira &#039;Top 10 A\u00e7\u00f5es XP&#039;\t\t<\/a>\n\t<\/div>\n\n\n<p>&#8220;Al\u00e9m disso, com sua ampla liquidez e flexibilidade financeira, a Amazon pode sustentar um bom n\u00famero em seu retorno sobre o capital investido (ROIC) no longo prazo&#8221;, destaca o relat\u00f3rio do <strong>Safra.<\/strong><\/p>\n\t<p>\n\t\t<a href=\"https:\/\/lp.suno.com.br\/planilha-de-controle-de-investimentos\/\" target=\"_blank\" data-element=\"shortcode-suno-banner\" title=\"Banner SUNO, clique e saiba mais\">\n\t\t\t<picture>\n\t\t\t\t<source media=\"(max-width: 500px)\" srcset=\"https:\/\/files.sunoresearch.com.br\/n\/uploads\/2023\/03\/400x300-Controle-de-Investimentos.png\">\n\t\t\t\t<img class=\"newsContent__article__imgCapa newsContent__article__imgCapa--banner\"\n\t\t\t\t\tsrc=\"https:\/\/files.sunoresearch.com.br\/n\/uploads\/2023\/03\/1420x240-Controle-de-Investimentos.png\"\n\t\t\t\t\tdata-promo-id=\"75934\"\t\t\t\t\t\t\t\t\t\twidth='1420' height='240'\t\t\t\t\talt=\"https:\/\/files.sunoresearch.com.br\/n\/uploads\/2023\/03\/1420x240-Controle-de-Investimentos.png\"\n\t\t\t\t>\n\t\t\t<\/picture>\n\t\t<\/a>\n\t<\/p>\n\n\n","protected":false},"excerpt":{"rendered":"<p>O Safra informou nesta segunda-feira (1) que em fevereiro deste ano, sua carteira de dividendos caiu 4,04%, ao passo que o \u00cdndice de Dividendos (Idiv) da B3 caiu 5,21% no m\u00eas. No ano, a carteira apresenta varia\u00e7\u00e3o de 9,41%, contra 10,02% do Idiv da B3. Gr\u00e1fico. Foto: Lorenzo Cafaro por Pixabay. Apesar disso, o Safra [&hellip;]<\/p>\n","protected":false},"author":39,"featured_media":136301,"comment_status":"closed","ping_status":"closed","sticky":false,"template":"","format":"standard","meta":[],"categories":[60],"tags":[1518,317,392,393,2465,295,463,105816,519,649,663,676],"suno_strategy":[],"class_list":["post-127783","post","type-post","status-publish","format-standard","has-post-thumbnail","hentry","category-mercado","tag-banco-safra","tag-bdrs","tag-bradesco-bbdc3-bbdc4","tag-bradespar-brap3-brap4","tag-carteiras-recomendadas","tag-dividendos","tag-energisa-engi11-engi3-engi4","tag-especialistas","tag-itau-unibanco-itub3-itub4","tag-taesa-taee11-taee3-taee4","tag-tim-tims3","tag-vale-vale3"],"yoast_head":"<!-- This site is optimized with the Yoast SEO plugin v24.4 - https:\/\/yoast.com\/wordpress\/plugins\/seo\/ -->\n<title>Safra mant\u00e9m carteira de dividendos, mas coloca Amazon na de BDRs<\/title>\n<meta name=\"description\" content=\"Em fevereiro a carteira de dividendos do Safra caiu 4,04%, ao passo que o \u00cdndice de Dividendos da B3 caiu 5,21%. Clique aqui e saiba mais.\" \/>\n<meta name=\"robots\" content=\"index, follow, max-snippet:-1, max-image-preview:large, max-video-preview:-1\" \/>\n<link rel=\"canonical\" href=\"https:\/\/www.suno.com.br\/noticias\/safra-carteira-dividendos-amazon-amzo34-bdrs\/\" \/>\n<meta property=\"og:locale\" content=\"pt_BR\" \/>\n<meta property=\"og:type\" content=\"article\" \/>\n<meta property=\"og:title\" content=\"Safra mant\u00e9m carteira de dividendos, mas coloca Amazon na de BDRs\" \/>\n<meta property=\"og:description\" content=\"Em fevereiro a carteira de dividendos do Safra caiu 4,04%, ao passo que o \u00cdndice de Dividendos da B3 caiu 5,21%. Clique aqui e saiba mais.\" \/>\n<meta property=\"og:url\" content=\"https:\/\/www.suno.com.br\/noticias\/safra-carteira-dividendos-amazon-amzo34-bdrs\/\" \/>\n<meta property=\"og:site_name\" content=\"Suno Not\u00edcias\" \/>\n<meta property=\"article:publisher\" content=\"https:\/\/facebook.com\/sunoresearch\" \/>\n<meta property=\"og:image\" content=\"https:\/\/files.sunoresearch.com.br\/n\/uploads\/2021\/03\/6d35cebb-stock-1863880_1280.jpg\" \/>\n\t<meta property=\"og:image:width\" content=\"1280\" \/>\n\t<meta property=\"og:image:height\" content=\"853\" \/>\n\t<meta property=\"og:image:type\" content=\"image\/jpeg\" \/>\n<meta name=\"author\" content=\"Laura Moutinho\" \/>\n<meta name=\"twitter:card\" content=\"summary_large_image\" \/>\n<meta name=\"twitter:creator\" content=\"@sunoresearch\" \/>\n<meta name=\"twitter:site\" content=\"@sunoresearch\" \/>\n<meta name=\"twitter:label1\" content=\"Escrito por\" \/>\n\t<meta name=\"twitter:data1\" content=\"Laura Moutinho\" \/>\n\t<meta name=\"twitter:label2\" content=\"Est. tempo de leitura\" \/>\n\t<meta name=\"twitter:data2\" content=\"2 minutos\" \/>\n<script type=\"application\/ld+json\" class=\"yoast-schema-graph\">{\"@context\":\"https:\/\/schema.org\",\"@graph\":[{\"@type\":\"NewsArticle\",\"@id\":\"https:\/\/www.suno.com.br\/noticias\/safra-carteira-dividendos-amazon-amzo34-bdrs\/#article\",\"isPartOf\":{\"@id\":\"https:\/\/www.suno.com.br\/noticias\/safra-carteira-dividendos-amazon-amzo34-bdrs\/\"},\"author\":{\"name\":\"Laura Moutinho\",\"@id\":\"https:\/\/www.suno.com.br\/noticias\/#\/schema\/person\/3df0d2808748b74496efe5dbeaef2c72\"},\"headline\":\"Safra mant\u00e9m carteira de dividendos, mas acrescenta Amazon (AMZO34) na de BDRs\",\"datePublished\":\"2021-03-01T23:07:21+00:00\",\"dateModified\":\"2021-06-21T08:21:32+00:00\",\"mainEntityOfPage\":{\"@id\":\"https:\/\/www.suno.com.br\/noticias\/safra-carteira-dividendos-amazon-amzo34-bdrs\/\"},\"wordCount\":437,\"publisher\":{\"@id\":\"https:\/\/www.suno.com.br\/noticias\/#organization\"},\"image\":{\"@id\":\"https:\/\/www.suno.com.br\/noticias\/safra-carteira-dividendos-amazon-amzo34-bdrs\/#primaryimage\"},\"thumbnailUrl\":\"https:\/\/files.sunoresearch.com.br\/n\/uploads\/2021\/03\/6d35cebb-stock-1863880_1280-jpg.webp\",\"keywords\":[\"Banco Safra\",\"BDRs\",\"Bradesco (BBDC3\/BBDC4)\",\"Bradespar (BRAP3\/BRAP4)\",\"Carteiras recomendadas\",\"dividendos\",\"Energisa (ENGI11\/ENGI3\/ENGI4)\",\"Especialistas\",\"Ita\u00fa Unibanco (ITUB3\/ITUB4)\",\"Taesa (TAEE11\/TAEE3\/TAEE4)\",\"TIM (TIMS3)\",\"Vale (VALE3)\"],\"articleSection\":[\"Mercado\"],\"inLanguage\":\"pt-BR\"},{\"@type\":\"WebPage\",\"@id\":\"https:\/\/www.suno.com.br\/noticias\/safra-carteira-dividendos-amazon-amzo34-bdrs\/\",\"url\":\"https:\/\/www.suno.com.br\/noticias\/safra-carteira-dividendos-amazon-amzo34-bdrs\/\",\"name\":\"Safra mant\u00e9m carteira de dividendos, mas coloca Amazon na de BDRs\",\"isPartOf\":{\"@id\":\"https:\/\/www.suno.com.br\/noticias\/#website\"},\"primaryImageOfPage\":{\"@id\":\"https:\/\/www.suno.com.br\/noticias\/safra-carteira-dividendos-amazon-amzo34-bdrs\/#primaryimage\"},\"image\":{\"@id\":\"https:\/\/www.suno.com.br\/noticias\/safra-carteira-dividendos-amazon-amzo34-bdrs\/#primaryimage\"},\"thumbnailUrl\":\"https:\/\/files.sunoresearch.com.br\/n\/uploads\/2021\/03\/6d35cebb-stock-1863880_1280-jpg.webp\",\"datePublished\":\"2021-03-01T23:07:21+00:00\",\"dateModified\":\"2021-06-21T08:21:32+00:00\",\"description\":\"Em fevereiro a carteira de dividendos do Safra caiu 4,04%, ao passo que o \u00cdndice de Dividendos da B3 caiu 5,21%. Clique aqui e saiba mais.\",\"breadcrumb\":{\"@id\":\"https:\/\/www.suno.com.br\/noticias\/safra-carteira-dividendos-amazon-amzo34-bdrs\/#breadcrumb\"},\"inLanguage\":\"pt-BR\",\"potentialAction\":[{\"@type\":\"ReadAction\",\"target\":[\"https:\/\/www.suno.com.br\/noticias\/safra-carteira-dividendos-amazon-amzo34-bdrs\/\"]}]},{\"@type\":\"ImageObject\",\"inLanguage\":\"pt-BR\",\"@id\":\"https:\/\/www.suno.com.br\/noticias\/safra-carteira-dividendos-amazon-amzo34-bdrs\/#primaryimage\",\"url\":\"https:\/\/files.sunoresearch.com.br\/n\/uploads\/2021\/03\/6d35cebb-stock-1863880_1280-jpg.webp\",\"contentUrl\":\"https:\/\/files.sunoresearch.com.br\/n\/uploads\/2021\/03\/6d35cebb-stock-1863880_1280-jpg.webp\",\"width\":1280,\"height\":853,\"caption\":\"Gr\u00e1fico. Foto: Lorenzo Cafaro por Pixabay.\"},{\"@type\":\"BreadcrumbList\",\"@id\":\"https:\/\/www.suno.com.br\/noticias\/safra-carteira-dividendos-amazon-amzo34-bdrs\/#breadcrumb\",\"itemListElement\":[{\"@type\":\"ListItem\",\"position\":1,\"name\":\"Not\u00edcias\",\"item\":\"https:\/\/www.suno.com.br\/noticias\/\"},{\"@type\":\"ListItem\",\"position\":2,\"name\":\"Mercado\",\"item\":\"https:\/\/www.suno.com.br\/noticias\/mercado\/\"},{\"@type\":\"ListItem\",\"position\":3,\"name\":\"Safra mant\u00e9m carteira de dividendos, mas acrescenta Amazon (AMZO34) na de BDRs\"}]},{\"@type\":\"WebSite\",\"@id\":\"https:\/\/www.suno.com.br\/noticias\/#website\",\"url\":\"https:\/\/www.suno.com.br\/noticias\/\",\"name\":\"Suno Not\u00edcias\",\"description\":\"Seu portal de informa\u00e7\u00e3o sobre o mundo dos investimentos\",\"publisher\":{\"@id\":\"https:\/\/www.suno.com.br\/noticias\/#organization\"},\"potentialAction\":[{\"@type\":\"SearchAction\",\"target\":{\"@type\":\"EntryPoint\",\"urlTemplate\":\"https:\/\/www.suno.com.br\/noticias\/?s={search_term_string}\"},\"query-input\":{\"@type\":\"PropertyValueSpecification\",\"valueRequired\":true,\"valueName\":\"search_term_string\"}}],\"inLanguage\":\"pt-BR\"},{\"@type\":\"Organization\",\"@id\":\"https:\/\/www.suno.com.br\/noticias\/#organization\",\"name\":\"Suno Not\u00edcias\",\"url\":\"https:\/\/www.suno.com.br\/noticias\/\",\"logo\":{\"@type\":\"ImageObject\",\"inLanguage\":\"pt-BR\",\"@id\":\"https:\/\/www.suno.com.br\/noticias\/#\/schema\/logo\/image\/\",\"url\":\"https:\/\/files.sunoresearch.com.br\/n\/uploads\/2021\/09\/suno-logo.png\",\"contentUrl\":\"https:\/\/files.sunoresearch.com.br\/n\/uploads\/2021\/09\/suno-logo.png\",\"width\":180,\"height\":180,\"caption\":\"Suno Not\u00edcias\"},\"image\":{\"@id\":\"https:\/\/www.suno.com.br\/noticias\/#\/schema\/logo\/image\/\"},\"sameAs\":[\"https:\/\/facebook.com\/sunoresearch\",\"https:\/\/x.com\/sunoresearch\",\"https:\/\/www.instagram.com\/suno\",\"https:\/\/www.linkedin.com\/company\/suno-research\/\",\"https:\/\/www.youtube.com\/c\/sunoresearch\"]},{\"@type\":\"Person\",\"@id\":\"https:\/\/www.suno.com.br\/noticias\/#\/schema\/person\/3df0d2808748b74496efe5dbeaef2c72\",\"name\":\"Laura Moutinho\",\"image\":{\"@type\":\"ImageObject\",\"inLanguage\":\"pt-BR\",\"@id\":\"https:\/\/www.suno.com.br\/noticias\/#\/schema\/person\/image\/\",\"url\":\"https:\/\/secure.gravatar.com\/avatar\/7571c7c8ca3a6fca5e41384ece5557ff?s=96&r=g\",\"contentUrl\":\"https:\/\/secure.gravatar.com\/avatar\/7571c7c8ca3a6fca5e41384ece5557ff?s=96&r=g\",\"caption\":\"Laura Moutinho\"},\"description\":\"Estagi\u00e1ria na Suno Not\u00edcias, escreve not\u00edcias que afetam o mercado financeiro. Estuda administra\u00e7\u00e3o na Universidade Presbiteriana Mackenzie.\",\"url\":\"https:\/\/www.suno.com.br\/noticias\/author\/laura-moutinho\/\"}]}<\/script>\n<!-- \/ Yoast SEO plugin. -->","yoast_head_json":{"title":"Safra mant\u00e9m carteira de dividendos, mas coloca Amazon na de BDRs","description":"Em fevereiro a carteira de dividendos do Safra caiu 4,04%, ao passo que o \u00cdndice de Dividendos da B3 caiu 5,21%. Clique aqui e saiba mais.","robots":{"index":"index","follow":"follow","max-snippet":"max-snippet:-1","max-image-preview":"max-image-preview:large","max-video-preview":"max-video-preview:-1"},"canonical":"https:\/\/www.suno.com.br\/noticias\/safra-carteira-dividendos-amazon-amzo34-bdrs\/","og_locale":"pt_BR","og_type":"article","og_title":"Safra mant\u00e9m carteira de dividendos, mas coloca Amazon na de BDRs","og_description":"Em fevereiro a carteira de dividendos do Safra caiu 4,04%, ao passo que o \u00cdndice de Dividendos da B3 caiu 5,21%. Clique aqui e saiba mais.","og_url":"https:\/\/www.suno.com.br\/noticias\/safra-carteira-dividendos-amazon-amzo34-bdrs\/","og_site_name":"Suno Not\u00edcias","article_publisher":"https:\/\/facebook.com\/sunoresearch","og_image":[{"width":1280,"height":853,"url":"https:\/\/files.sunoresearch.com.br\/n\/uploads\/2021\/03\/6d35cebb-stock-1863880_1280.jpg","type":"image\/jpeg"}],"author":"Laura Moutinho","twitter_card":"summary_large_image","twitter_creator":"@sunoresearch","twitter_site":"@sunoresearch","twitter_misc":{"Escrito por":"Laura Moutinho","Est. tempo de leitura":"2 minutos"},"schema":{"@context":"https:\/\/schema.org","@graph":[{"@type":"NewsArticle","@id":"https:\/\/www.suno.com.br\/noticias\/safra-carteira-dividendos-amazon-amzo34-bdrs\/#article","isPartOf":{"@id":"https:\/\/www.suno.com.br\/noticias\/safra-carteira-dividendos-amazon-amzo34-bdrs\/"},"author":{"name":"Laura Moutinho","@id":"https:\/\/www.suno.com.br\/noticias\/#\/schema\/person\/3df0d2808748b74496efe5dbeaef2c72"},"headline":"Safra mant\u00e9m carteira de dividendos, mas acrescenta Amazon (AMZO34) na de BDRs","datePublished":"2021-03-01T23:07:21+00:00","dateModified":"2021-06-21T08:21:32+00:00","mainEntityOfPage":{"@id":"https:\/\/www.suno.com.br\/noticias\/safra-carteira-dividendos-amazon-amzo34-bdrs\/"},"wordCount":437,"publisher":{"@id":"https:\/\/www.suno.com.br\/noticias\/#organization"},"image":{"@id":"https:\/\/www.suno.com.br\/noticias\/safra-carteira-dividendos-amazon-amzo34-bdrs\/#primaryimage"},"thumbnailUrl":"https:\/\/files.sunoresearch.com.br\/n\/uploads\/2021\/03\/6d35cebb-stock-1863880_1280-jpg.webp","keywords":["Banco Safra","BDRs","Bradesco (BBDC3\/BBDC4)","Bradespar (BRAP3\/BRAP4)","Carteiras recomendadas","dividendos","Energisa (ENGI11\/ENGI3\/ENGI4)","Especialistas","Ita\u00fa Unibanco (ITUB3\/ITUB4)","Taesa (TAEE11\/TAEE3\/TAEE4)","TIM (TIMS3)","Vale (VALE3)"],"articleSection":["Mercado"],"inLanguage":"pt-BR"},{"@type":"WebPage","@id":"https:\/\/www.suno.com.br\/noticias\/safra-carteira-dividendos-amazon-amzo34-bdrs\/","url":"https:\/\/www.suno.com.br\/noticias\/safra-carteira-dividendos-amazon-amzo34-bdrs\/","name":"Safra mant\u00e9m carteira de dividendos, mas coloca Amazon na de BDRs","isPartOf":{"@id":"https:\/\/www.suno.com.br\/noticias\/#website"},"primaryImageOfPage":{"@id":"https:\/\/www.suno.com.br\/noticias\/safra-carteira-dividendos-amazon-amzo34-bdrs\/#primaryimage"},"image":{"@id":"https:\/\/www.suno.com.br\/noticias\/safra-carteira-dividendos-amazon-amzo34-bdrs\/#primaryimage"},"thumbnailUrl":"https:\/\/files.sunoresearch.com.br\/n\/uploads\/2021\/03\/6d35cebb-stock-1863880_1280-jpg.webp","datePublished":"2021-03-01T23:07:21+00:00","dateModified":"2021-06-21T08:21:32+00:00","description":"Em fevereiro a carteira de dividendos do Safra caiu 4,04%, ao passo que o \u00cdndice de Dividendos da B3 caiu 5,21%. Clique aqui e saiba mais.","breadcrumb":{"@id":"https:\/\/www.suno.com.br\/noticias\/safra-carteira-dividendos-amazon-amzo34-bdrs\/#breadcrumb"},"inLanguage":"pt-BR","potentialAction":[{"@type":"ReadAction","target":["https:\/\/www.suno.com.br\/noticias\/safra-carteira-dividendos-amazon-amzo34-bdrs\/"]}]},{"@type":"ImageObject","inLanguage":"pt-BR","@id":"https:\/\/www.suno.com.br\/noticias\/safra-carteira-dividendos-amazon-amzo34-bdrs\/#primaryimage","url":"https:\/\/files.sunoresearch.com.br\/n\/uploads\/2021\/03\/6d35cebb-stock-1863880_1280-jpg.webp","contentUrl":"https:\/\/files.sunoresearch.com.br\/n\/uploads\/2021\/03\/6d35cebb-stock-1863880_1280-jpg.webp","width":1280,"height":853,"caption":"Gr\u00e1fico. Foto: Lorenzo Cafaro por Pixabay."},{"@type":"BreadcrumbList","@id":"https:\/\/www.suno.com.br\/noticias\/safra-carteira-dividendos-amazon-amzo34-bdrs\/#breadcrumb","itemListElement":[{"@type":"ListItem","position":1,"name":"Not\u00edcias","item":"https:\/\/www.suno.com.br\/noticias\/"},{"@type":"ListItem","position":2,"name":"Mercado","item":"https:\/\/www.suno.com.br\/noticias\/mercado\/"},{"@type":"ListItem","position":3,"name":"Safra mant\u00e9m carteira de dividendos, mas acrescenta Amazon (AMZO34) na de BDRs"}]},{"@type":"WebSite","@id":"https:\/\/www.suno.com.br\/noticias\/#website","url":"https:\/\/www.suno.com.br\/noticias\/","name":"Suno Not\u00edcias","description":"Seu portal de informa\u00e7\u00e3o sobre o mundo dos investimentos","publisher":{"@id":"https:\/\/www.suno.com.br\/noticias\/#organization"},"potentialAction":[{"@type":"SearchAction","target":{"@type":"EntryPoint","urlTemplate":"https:\/\/www.suno.com.br\/noticias\/?s={search_term_string}"},"query-input":{"@type":"PropertyValueSpecification","valueRequired":true,"valueName":"search_term_string"}}],"inLanguage":"pt-BR"},{"@type":"Organization","@id":"https:\/\/www.suno.com.br\/noticias\/#organization","name":"Suno Not\u00edcias","url":"https:\/\/www.suno.com.br\/noticias\/","logo":{"@type":"ImageObject","inLanguage":"pt-BR","@id":"https:\/\/www.suno.com.br\/noticias\/#\/schema\/logo\/image\/","url":"https:\/\/files.sunoresearch.com.br\/n\/uploads\/2021\/09\/suno-logo.png","contentUrl":"https:\/\/files.sunoresearch.com.br\/n\/uploads\/2021\/09\/suno-logo.png","width":180,"height":180,"caption":"Suno Not\u00edcias"},"image":{"@id":"https:\/\/www.suno.com.br\/noticias\/#\/schema\/logo\/image\/"},"sameAs":["https:\/\/facebook.com\/sunoresearch","https:\/\/x.com\/sunoresearch","https:\/\/www.instagram.com\/suno","https:\/\/www.linkedin.com\/company\/suno-research\/","https:\/\/www.youtube.com\/c\/sunoresearch"]},{"@type":"Person","@id":"https:\/\/www.suno.com.br\/noticias\/#\/schema\/person\/3df0d2808748b74496efe5dbeaef2c72","name":"Laura Moutinho","image":{"@type":"ImageObject","inLanguage":"pt-BR","@id":"https:\/\/www.suno.com.br\/noticias\/#\/schema\/person\/image\/","url":"https:\/\/secure.gravatar.com\/avatar\/7571c7c8ca3a6fca5e41384ece5557ff?s=96&r=g","contentUrl":"https:\/\/secure.gravatar.com\/avatar\/7571c7c8ca3a6fca5e41384ece5557ff?s=96&r=g","caption":"Laura Moutinho"},"description":"Estagi\u00e1ria na Suno Not\u00edcias, escreve not\u00edcias que afetam o mercado financeiro. Estuda administra\u00e7\u00e3o na Universidade Presbiteriana Mackenzie.","url":"https:\/\/www.suno.com.br\/noticias\/author\/laura-moutinho\/"}]}},"default_loop_html":"<div class=\"cardsPage__listCard__boxs\"><div class=\"cardsPage__listCard__boxs__img\"><a href=\"https:\/\/www.suno.com.br\/noticias\/safra-carteira-dividendos-amazon-amzo34-bdrs\/\"><img class=\"mask\" src=\"https:\/\/www.suno.com.br\/noticias\/wp-content\/themes\/suno\/resources\/images\/spotlight\/spotlight1img\/bg-mask.png\" alt=\"Image Mask\"\/><img src=\"https:\/\/files.sunoresearch.com.br\/n\/uploads\/2021\/03\/6d35cebb-stock-1863880_1280-400x200.webp\" alt=\"Safra mant\u00e9m carteira de dividendos, mas acrescenta Amazon (AMZO34) na de BDRs\"\/><\/a><span class=\"spotlightCategory\"><a href=\"https:\/\/www.suno.com.br\/noticias\/mercado\/\">Mercado<\/a><\/span><\/div><div class=\"cardsPage__listCard__boxs__content\"><a href=\"https:\/\/www.suno.com.br\/noticias\/safra-carteira-dividendos-amazon-amzo34-bdrs\/\"><h2 class=\"content__title\">Safra mant\u00e9m carteira de dividendos, mas acrescenta Amazon (AMZO34) na de BDRs<\/h2><\/a><div class=\"newsContent__article__meta\"><div class=\"newsContent__article__meta__authorBox\"><a href=\"https:\/\/www.suno.com.br\/noticias\/author\/laura-moutinho\/\" class=\"authorBox__avatar noMobi\"><img src=\"https:\/\/files.sunoresearch.com.br\/n\/uploads\/2020\/08\/531ff69d-whatsapp-image-2020-08-03-at-14.54.38-150x150.webp\" alt=\"Laura Moutinho\"><\/a><div class=\"authorBox__name\"><span>por\n\t\t\t<a href=\"https:\/\/www.suno.com.br\/noticias\/author\/laura-moutinho\/\"><span itemprop=\"author\">Laura Moutinho<\/span><\/a><\/span><time datetime=\"2021-03-01T20:07:21-03:00\" itemprop=\"datePublished\">01\/03\/2021 20:07<\/time><\/div><\/div><\/div><\/div><\/div>","single_layout":"posts","amp_enabled":true,"_links":{"self":[{"href":"https:\/\/www.suno.com.br\/noticias\/wp-json\/wp\/v2\/posts\/127783"}],"collection":[{"href":"https:\/\/www.suno.com.br\/noticias\/wp-json\/wp\/v2\/posts"}],"about":[{"href":"https:\/\/www.suno.com.br\/noticias\/wp-json\/wp\/v2\/types\/post"}],"author":[{"embeddable":true,"href":"https:\/\/www.suno.com.br\/noticias\/wp-json\/wp\/v2\/users\/39"}],"replies":[{"embeddable":true,"href":"https:\/\/www.suno.com.br\/noticias\/wp-json\/wp\/v2\/comments?post=127783"}],"version-history":[{"count":4,"href":"https:\/\/www.suno.com.br\/noticias\/wp-json\/wp\/v2\/posts\/127783\/revisions"}],"predecessor-version":[{"id":127826,"href":"https:\/\/www.suno.com.br\/noticias\/wp-json\/wp\/v2\/posts\/127783\/revisions\/127826"}],"wp:featuredmedia":[{"embeddable":true,"href":"https:\/\/www.suno.com.br\/noticias\/wp-json\/wp\/v2\/media\/136301"}],"wp:attachment":[{"href":"https:\/\/www.suno.com.br\/noticias\/wp-json\/wp\/v2\/media?parent=127783"}],"wp:term":[{"taxonomy":"category","embeddable":true,"href":"https:\/\/www.suno.com.br\/noticias\/wp-json\/wp\/v2\/categories?post=127783"},{"taxonomy":"post_tag","embeddable":true,"href":"https:\/\/www.suno.com.br\/noticias\/wp-json\/wp\/v2\/tags?post=127783"},{"taxonomy":"suno_strategy","embeddable":true,"href":"https:\/\/www.suno.com.br\/noticias\/wp-json\/wp\/v2\/suno_strategy?post=127783"}],"curies":[{"name":"wp","href":"https:\/\/api.w.org\/{rel}","templated":true}]}}