{"id":12778,"date":"2019-01-23T14:25:38","date_gmt":"2019-01-23T16:25:38","guid":{"rendered":"https:\/\/www.suno.com.br\/noticias\/?p=12778"},"modified":"2019-01-23T15:04:26","modified_gmt":"2019-01-23T17:04:26","slug":"ministro-nega-bolsonaro-cancelou-coletiva","status":"publish","type":"post","link":"https:\/\/www.suno.com.br\/noticias\/ministro-nega-bolsonaro-cancelou-coletiva\/","title":{"rendered":"Ministro nega que Bolsonaro cancelou coletiva por causa da imprensa"},"content":{"rendered":"<p>O general Augusto Heleno, chefe do Gabinete de Seguran\u00e7a Institucional (GSI), negou que o presidente Jair Bolsonaro tenha cancelado coletiva com jornalistas nesta quarta (23) em raz\u00e3o de &#8220;comportamento anti-profissional da imprensa&#8221;.<\/p>\t<div class=\"wrapper-featured-image\">\n\t\t<figure class=\"spotlightImg\">\n\n\t\t\t<picture>\n\t\t\t\t<source media=\"(max-width: 768px)\" srcset=\"https:\/\/files.sunoresearch.com.br\/n\/uploads\/2019\/01\/5c804bb1-general-augusto-heleno-400x200.webp\">\n\t\t\t\t<img loading=\"lazy\" decoding=\"async\" class=\"newsContent__article__imgCapa lazyloadDisabled newsContent__article__imgCapa--noCaption\" src=\"https:\/\/files.sunoresearch.com.br\/n\/uploads\/2019\/01\/5c804bb1-general-augusto-heleno-800x450.webp\" width=\"800\" height=\"450\" alt=\"Ministro nega que Bolsonaro cancelou coletiva por causa da imprensa\" fetchpriority=high \/>\n\t\t\t<\/picture>\n\n\t\t\t<figcaption class=\"wp-caption-text wp-caption-text--hide\">general augusto heleno<\/figcaption>\n\t\t<\/figure>\n\t<\/div>\n\n\n<p>A entrevista seria dada por <strong>Bolsonaro<\/strong> \u00e0 imprensa nacional e internacional no <strong><a href=\"https:\/\/www.suno.com.br\/artigos\/direto-de-davos\/\">F\u00f3rum Econ\u00f4mico Mundial<\/a><\/strong>, em <strong>Davos<\/strong>, mas o presidente seguiu para o hotel em vez de se dirigir ao compromisso.<\/p>\n<p>&#8220;Ele [<strong>Jair Bolsonaro<\/strong>] conseguiu antecipar um pouco l\u00e1 e resolveu vir pra c\u00e1 [hotel em que est\u00e1 hospedado], considerando que o pr\u00f3ximo evento era aqui no hotel, pra dar uma respirada, dar uma descansada. Imaginem que ele est\u00e1 com uma bolsa, est\u00e1 pr\u00f3ximo a uma opera\u00e7\u00e3o. Ent\u00e3o, n\u00e3o \u00e9 recomend\u00e1vel&#8230; e o m\u00e9dico est\u00e1 junto dele, e volta e meia aconselha: &#8216;Presidente, d\u00e1 uma descansada&#8217;. Isso \u00e9 normal na situa\u00e7\u00e3o em que ele est\u00e1 vivendo&#8221;, declarou <strong>Augusto Heleno<\/strong>.<\/p>\n<p><a href=\"https:\/\/www.suno.com.br\/noticias\/bolsonaro-cancela-coletiva-atitude-imprensa\/\">Saiba mais: Bolsonaro cancela coletiva por &#8216;atitude anti-profissional da imprensa&#8217;<\/a><\/p>\n<p>Em seguida, o general foi perguntado se, ent\u00e3o, o presidente n\u00e3o havia cancelado a entrevista coletiva por causa do &#8220;comportamento da imprensa&#8221;. O ministro rejeitou a justificativa, mas reiterou que a imprensa \u00e0s vezes incomoda o governo.<\/p>\n<p>&#8220;N\u00e3o, n\u00e3o deu nem pra reclamar. [O comportamento da imprensa] de vez em quando incomoda, \u00e9 \u00f3bvio que incomoda. Ah, voc\u00eas n\u00e3o sabem por que o comportamento da imprensa \u00e0s vezes incomoda? Incomoda todo mundo, n\u00e3o \u00e9 s\u00f3 ele, n\u00e3o&#8221;, respondeu.<\/p>\n<h2>Discurso de Bolsonaro em Davos<\/h2>\n<p>O ministro foi questionado tamb\u00e9m acerca do pronunciamento considerado curto de <strong>Jair Bolsonaro<\/strong> na plen\u00e1ria do <strong>F\u00f3rum Econ\u00f4mico Mundial<\/strong>, na \u00faltima ter\u00e7a (22). O presidente brasileiro tinha 45 minutos para falar aos l\u00edderes mundiais no evento, mas usou somente seis minutos em seu discurso.<\/p>\n<p><a href=\"https:\/\/www.suno.com.br\/noticias\/davos-discurso-bolsonaro-nao-entusiasma\/\">Davos: discurso de Bolsonaro n\u00e3o entusiasma na abertura do F\u00f3rum<\/a><\/p>\n<p>&#8220;[Disseram que] o discurso foi curto. De dois em dois minutos, vem algu\u00e9m perguntar: &#8216;Escuta, por que o discurso foi curto?&#8217;. P\u00f4, o discurso foi curto porque se pensou se passar as ideias sem se alongar muito, sem cansar a plateia e deixar uma mensagem muito clara, muito definida&#8221;, respondeu <strong>Augusto Heleno<\/strong>. &#8220;Se todos pensassem igual, estar\u00edamos numa grande Cuba. As pessoas pensam diferente, e n\u00f3s aceitamos os pensamentos contr\u00e1rios, a favor. \u00c9 assim que funciona a democracia. Ah, disseram que foi curto&#8230; Teve muita gente que elogiou&#8221;.<\/p>\n<p>&nbsp;<\/p>\n","protected":false},"excerpt":{"rendered":"<p>O general Augusto Heleno, chefe do Gabinete de Seguran\u00e7a Institucional (GSI), negou que o presidente Jair Bolsonaro tenha cancelado coletiva com jornalistas nesta quarta (23) em raz\u00e3o de &#8220;comportamento anti-profissional da imprensa&#8221;. general augusto heleno A entrevista seria dada por Bolsonaro \u00e0 imprensa nacional e internacional no F\u00f3rum Econ\u00f4mico Mundial, em Davos, mas o presidente [&hellip;]<\/p>\n","protected":false},"author":13,"featured_media":12791,"comment_status":"closed","ping_status":"closed","sticky":false,"template":"","format":"standard","meta":[],"categories":[61],"tags":[972,961,719],"suno_strategy":[],"class_list":["post-12778","post","type-post","status-publish","format-standard","has-post-thumbnail","hentry","category-politica","tag-davos","tag-forum-economico-mundial","tag-jair-bolsonaro"],"yoast_head":"<!-- This site is optimized with the Yoast SEO plugin v24.4 - https:\/\/yoast.com\/wordpress\/plugins\/seo\/ -->\n<title>Ministro nega que Bolsonaro cancelou coletiva por causa da imprensa<\/title>\n<meta name=\"description\" content=\"O general Augusto Heleno, chefe do Gabinete de Seguran\u00e7a Institucional, disse que Bolsonaro faltou a coletiva para descansar. Clique e saiba+\" \/>\n<meta name=\"robots\" content=\"index, follow, max-snippet:-1, max-image-preview:large, max-video-preview:-1\" \/>\n<link rel=\"canonical\" href=\"https:\/\/www.suno.com.br\/noticias\/ministro-nega-bolsonaro-cancelou-coletiva\/\" \/>\n<meta property=\"og:locale\" content=\"pt_BR\" \/>\n<meta property=\"og:type\" content=\"article\" \/>\n<meta property=\"og:title\" content=\"Ministro nega que Bolsonaro cancelou coletiva por causa da imprensa\" \/>\n<meta property=\"og:description\" content=\"O general Augusto Heleno, chefe do Gabinete de Seguran\u00e7a Institucional, disse que Bolsonaro faltou a coletiva para descansar. Clique e saiba+\" \/>\n<meta property=\"og:url\" content=\"https:\/\/www.suno.com.br\/noticias\/ministro-nega-bolsonaro-cancelou-coletiva\/\" \/>\n<meta property=\"og:site_name\" content=\"Suno Not\u00edcias\" \/>\n<meta property=\"article:publisher\" content=\"https:\/\/facebook.com\/sunoresearch\" \/>\n<meta property=\"og:image\" content=\"https:\/\/files.sunoresearch.com.br\/n\/uploads\/2019\/01\/5c804bb1-general-augusto-heleno.jpg\" \/>\n\t<meta property=\"og:image:width\" content=\"1024\" \/>\n\t<meta property=\"og:image:height\" content=\"682\" \/>\n\t<meta property=\"og:image:type\" content=\"image\/jpeg\" \/>\n<meta name=\"author\" content=\"Guilherme Caetano\" \/>\n<meta name=\"twitter:card\" content=\"summary_large_image\" \/>\n<meta name=\"twitter:creator\" content=\"@sunoresearch\" \/>\n<meta name=\"twitter:site\" content=\"@sunoresearch\" \/>\n<meta name=\"twitter:label1\" content=\"Escrito por\" \/>\n\t<meta name=\"twitter:data1\" content=\"Guilherme Caetano\" \/>\n\t<meta name=\"twitter:label2\" content=\"Est. tempo de leitura\" \/>\n\t<meta name=\"twitter:data2\" content=\"2 minutos\" \/>\n<script type=\"application\/ld+json\" class=\"yoast-schema-graph\">{\"@context\":\"https:\/\/schema.org\",\"@graph\":[{\"@type\":\"NewsArticle\",\"@id\":\"https:\/\/www.suno.com.br\/noticias\/ministro-nega-bolsonaro-cancelou-coletiva\/#article\",\"isPartOf\":{\"@id\":\"https:\/\/www.suno.com.br\/noticias\/ministro-nega-bolsonaro-cancelou-coletiva\/\"},\"author\":{\"name\":\"Guilherme Caetano\",\"@id\":\"https:\/\/www.suno.com.br\/noticias\/#\/schema\/person\/0d0c9687cd2f600c564f25980c140de9\"},\"headline\":\"Ministro nega que Bolsonaro cancelou coletiva por causa da imprensa\",\"datePublished\":\"2019-01-23T16:25:38+00:00\",\"dateModified\":\"2019-01-23T17:04:26+00:00\",\"mainEntityOfPage\":{\"@id\":\"https:\/\/www.suno.com.br\/noticias\/ministro-nega-bolsonaro-cancelou-coletiva\/\"},\"wordCount\":410,\"publisher\":{\"@id\":\"https:\/\/www.suno.com.br\/noticias\/#organization\"},\"image\":{\"@id\":\"https:\/\/www.suno.com.br\/noticias\/ministro-nega-bolsonaro-cancelou-coletiva\/#primaryimage\"},\"thumbnailUrl\":\"https:\/\/files.sunoresearch.com.br\/n\/uploads\/2019\/01\/5c804bb1-general-augusto-heleno-jpg.webp\",\"keywords\":[\"Davos\",\"F\u00f3rum Econ\u00f4mico Mundial\",\"Jair Bolsonaro\"],\"articleSection\":[\"Pol\u00edtica\"],\"inLanguage\":\"pt-BR\"},{\"@type\":\"WebPage\",\"@id\":\"https:\/\/www.suno.com.br\/noticias\/ministro-nega-bolsonaro-cancelou-coletiva\/\",\"url\":\"https:\/\/www.suno.com.br\/noticias\/ministro-nega-bolsonaro-cancelou-coletiva\/\",\"name\":\"Ministro nega que Bolsonaro cancelou coletiva por causa da imprensa\",\"isPartOf\":{\"@id\":\"https:\/\/www.suno.com.br\/noticias\/#website\"},\"primaryImageOfPage\":{\"@id\":\"https:\/\/www.suno.com.br\/noticias\/ministro-nega-bolsonaro-cancelou-coletiva\/#primaryimage\"},\"image\":{\"@id\":\"https:\/\/www.suno.com.br\/noticias\/ministro-nega-bolsonaro-cancelou-coletiva\/#primaryimage\"},\"thumbnailUrl\":\"https:\/\/files.sunoresearch.com.br\/n\/uploads\/2019\/01\/5c804bb1-general-augusto-heleno-jpg.webp\",\"datePublished\":\"2019-01-23T16:25:38+00:00\",\"dateModified\":\"2019-01-23T17:04:26+00:00\",\"description\":\"O general Augusto Heleno, chefe do Gabinete de Seguran\u00e7a Institucional, disse que Bolsonaro faltou a coletiva para descansar. Clique e saiba+\",\"breadcrumb\":{\"@id\":\"https:\/\/www.suno.com.br\/noticias\/ministro-nega-bolsonaro-cancelou-coletiva\/#breadcrumb\"},\"inLanguage\":\"pt-BR\",\"potentialAction\":[{\"@type\":\"ReadAction\",\"target\":[\"https:\/\/www.suno.com.br\/noticias\/ministro-nega-bolsonaro-cancelou-coletiva\/\"]}]},{\"@type\":\"ImageObject\",\"inLanguage\":\"pt-BR\",\"@id\":\"https:\/\/www.suno.com.br\/noticias\/ministro-nega-bolsonaro-cancelou-coletiva\/#primaryimage\",\"url\":\"https:\/\/files.sunoresearch.com.br\/n\/uploads\/2019\/01\/5c804bb1-general-augusto-heleno-jpg.webp\",\"contentUrl\":\"https:\/\/files.sunoresearch.com.br\/n\/uploads\/2019\/01\/5c804bb1-general-augusto-heleno-jpg.webp\",\"width\":1024,\"height\":682,\"caption\":\"general augusto heleno\"},{\"@type\":\"BreadcrumbList\",\"@id\":\"https:\/\/www.suno.com.br\/noticias\/ministro-nega-bolsonaro-cancelou-coletiva\/#breadcrumb\",\"itemListElement\":[{\"@type\":\"ListItem\",\"position\":1,\"name\":\"Not\u00edcias\",\"item\":\"https:\/\/www.suno.com.br\/noticias\/\"},{\"@type\":\"ListItem\",\"position\":2,\"name\":\"Pol\u00edtica\",\"item\":\"https:\/\/www.suno.com.br\/noticias\/politica\/\"},{\"@type\":\"ListItem\",\"position\":3,\"name\":\"Ministro nega que Bolsonaro cancelou coletiva por causa da imprensa\"}]},{\"@type\":\"WebSite\",\"@id\":\"https:\/\/www.suno.com.br\/noticias\/#website\",\"url\":\"https:\/\/www.suno.com.br\/noticias\/\",\"name\":\"Suno Not\u00edcias\",\"description\":\"Seu portal de informa\u00e7\u00e3o sobre o mundo dos investimentos\",\"publisher\":{\"@id\":\"https:\/\/www.suno.com.br\/noticias\/#organization\"},\"potentialAction\":[{\"@type\":\"SearchAction\",\"target\":{\"@type\":\"EntryPoint\",\"urlTemplate\":\"https:\/\/www.suno.com.br\/noticias\/?s={search_term_string}\"},\"query-input\":{\"@type\":\"PropertyValueSpecification\",\"valueRequired\":true,\"valueName\":\"search_term_string\"}}],\"inLanguage\":\"pt-BR\"},{\"@type\":\"Organization\",\"@id\":\"https:\/\/www.suno.com.br\/noticias\/#organization\",\"name\":\"Suno Not\u00edcias\",\"url\":\"https:\/\/www.suno.com.br\/noticias\/\",\"logo\":{\"@type\":\"ImageObject\",\"inLanguage\":\"pt-BR\",\"@id\":\"https:\/\/www.suno.com.br\/noticias\/#\/schema\/logo\/image\/\",\"url\":\"https:\/\/files.sunoresearch.com.br\/n\/uploads\/2021\/09\/suno-logo.png\",\"contentUrl\":\"https:\/\/files.sunoresearch.com.br\/n\/uploads\/2021\/09\/suno-logo.png\",\"width\":180,\"height\":180,\"caption\":\"Suno Not\u00edcias\"},\"image\":{\"@id\":\"https:\/\/www.suno.com.br\/noticias\/#\/schema\/logo\/image\/\"},\"sameAs\":[\"https:\/\/facebook.com\/sunoresearch\",\"https:\/\/x.com\/sunoresearch\",\"https:\/\/www.instagram.com\/suno\",\"https:\/\/www.linkedin.com\/company\/suno-research\/\",\"https:\/\/www.youtube.com\/c\/sunoresearch\"]},{\"@type\":\"Person\",\"@id\":\"https:\/\/www.suno.com.br\/noticias\/#\/schema\/person\/0d0c9687cd2f600c564f25980c140de9\",\"name\":\"Guilherme Caetano\",\"image\":{\"@type\":\"ImageObject\",\"inLanguage\":\"pt-BR\",\"@id\":\"https:\/\/www.suno.com.br\/noticias\/#\/schema\/person\/image\/\",\"url\":\"https:\/\/secure.gravatar.com\/avatar\/e48357351a01702a0d19307070e081bf?s=96&r=g\",\"contentUrl\":\"https:\/\/secure.gravatar.com\/avatar\/e48357351a01702a0d19307070e081bf?s=96&r=g\",\"caption\":\"Guilherme Caetano\"},\"description\":\"Formado em jornalismo pela Escola de Comunica\u00e7\u00f5es e Artes da USP, Guilherme Caetano escreve para o portal de not\u00edcias da Suno Research. Passou pelas reda\u00e7\u00f5es da Folha de S.Paulo e da revista \u00c9poca.\",\"url\":\"https:\/\/www.suno.com.br\/noticias\/author\/guilherme-caetano\/\"}]}<\/script>\n<!-- \/ Yoast SEO plugin. -->","yoast_head_json":{"title":"Ministro nega que Bolsonaro cancelou coletiva por causa da imprensa","description":"O general Augusto Heleno, chefe do Gabinete de Seguran\u00e7a Institucional, disse que Bolsonaro faltou a coletiva para descansar. Clique e saiba+","robots":{"index":"index","follow":"follow","max-snippet":"max-snippet:-1","max-image-preview":"max-image-preview:large","max-video-preview":"max-video-preview:-1"},"canonical":"https:\/\/www.suno.com.br\/noticias\/ministro-nega-bolsonaro-cancelou-coletiva\/","og_locale":"pt_BR","og_type":"article","og_title":"Ministro nega que Bolsonaro cancelou coletiva por causa da imprensa","og_description":"O general Augusto Heleno, chefe do Gabinete de Seguran\u00e7a Institucional, disse que Bolsonaro faltou a coletiva para descansar. Clique e saiba+","og_url":"https:\/\/www.suno.com.br\/noticias\/ministro-nega-bolsonaro-cancelou-coletiva\/","og_site_name":"Suno Not\u00edcias","article_publisher":"https:\/\/facebook.com\/sunoresearch","og_image":[{"width":1024,"height":682,"url":"https:\/\/files.sunoresearch.com.br\/n\/uploads\/2019\/01\/5c804bb1-general-augusto-heleno.jpg","type":"image\/jpeg"}],"author":"Guilherme Caetano","twitter_card":"summary_large_image","twitter_creator":"@sunoresearch","twitter_site":"@sunoresearch","twitter_misc":{"Escrito por":"Guilherme Caetano","Est. tempo de leitura":"2 minutos"},"schema":{"@context":"https:\/\/schema.org","@graph":[{"@type":"NewsArticle","@id":"https:\/\/www.suno.com.br\/noticias\/ministro-nega-bolsonaro-cancelou-coletiva\/#article","isPartOf":{"@id":"https:\/\/www.suno.com.br\/noticias\/ministro-nega-bolsonaro-cancelou-coletiva\/"},"author":{"name":"Guilherme Caetano","@id":"https:\/\/www.suno.com.br\/noticias\/#\/schema\/person\/0d0c9687cd2f600c564f25980c140de9"},"headline":"Ministro nega que Bolsonaro cancelou coletiva por causa da imprensa","datePublished":"2019-01-23T16:25:38+00:00","dateModified":"2019-01-23T17:04:26+00:00","mainEntityOfPage":{"@id":"https:\/\/www.suno.com.br\/noticias\/ministro-nega-bolsonaro-cancelou-coletiva\/"},"wordCount":410,"publisher":{"@id":"https:\/\/www.suno.com.br\/noticias\/#organization"},"image":{"@id":"https:\/\/www.suno.com.br\/noticias\/ministro-nega-bolsonaro-cancelou-coletiva\/#primaryimage"},"thumbnailUrl":"https:\/\/files.sunoresearch.com.br\/n\/uploads\/2019\/01\/5c804bb1-general-augusto-heleno-jpg.webp","keywords":["Davos","F\u00f3rum Econ\u00f4mico Mundial","Jair Bolsonaro"],"articleSection":["Pol\u00edtica"],"inLanguage":"pt-BR"},{"@type":"WebPage","@id":"https:\/\/www.suno.com.br\/noticias\/ministro-nega-bolsonaro-cancelou-coletiva\/","url":"https:\/\/www.suno.com.br\/noticias\/ministro-nega-bolsonaro-cancelou-coletiva\/","name":"Ministro nega que Bolsonaro cancelou coletiva por causa da imprensa","isPartOf":{"@id":"https:\/\/www.suno.com.br\/noticias\/#website"},"primaryImageOfPage":{"@id":"https:\/\/www.suno.com.br\/noticias\/ministro-nega-bolsonaro-cancelou-coletiva\/#primaryimage"},"image":{"@id":"https:\/\/www.suno.com.br\/noticias\/ministro-nega-bolsonaro-cancelou-coletiva\/#primaryimage"},"thumbnailUrl":"https:\/\/files.sunoresearch.com.br\/n\/uploads\/2019\/01\/5c804bb1-general-augusto-heleno-jpg.webp","datePublished":"2019-01-23T16:25:38+00:00","dateModified":"2019-01-23T17:04:26+00:00","description":"O general Augusto Heleno, chefe do Gabinete de Seguran\u00e7a Institucional, disse que Bolsonaro faltou a coletiva para descansar. Clique e saiba+","breadcrumb":{"@id":"https:\/\/www.suno.com.br\/noticias\/ministro-nega-bolsonaro-cancelou-coletiva\/#breadcrumb"},"inLanguage":"pt-BR","potentialAction":[{"@type":"ReadAction","target":["https:\/\/www.suno.com.br\/noticias\/ministro-nega-bolsonaro-cancelou-coletiva\/"]}]},{"@type":"ImageObject","inLanguage":"pt-BR","@id":"https:\/\/www.suno.com.br\/noticias\/ministro-nega-bolsonaro-cancelou-coletiva\/#primaryimage","url":"https:\/\/files.sunoresearch.com.br\/n\/uploads\/2019\/01\/5c804bb1-general-augusto-heleno-jpg.webp","contentUrl":"https:\/\/files.sunoresearch.com.br\/n\/uploads\/2019\/01\/5c804bb1-general-augusto-heleno-jpg.webp","width":1024,"height":682,"caption":"general augusto heleno"},{"@type":"BreadcrumbList","@id":"https:\/\/www.suno.com.br\/noticias\/ministro-nega-bolsonaro-cancelou-coletiva\/#breadcrumb","itemListElement":[{"@type":"ListItem","position":1,"name":"Not\u00edcias","item":"https:\/\/www.suno.com.br\/noticias\/"},{"@type":"ListItem","position":2,"name":"Pol\u00edtica","item":"https:\/\/www.suno.com.br\/noticias\/politica\/"},{"@type":"ListItem","position":3,"name":"Ministro nega que Bolsonaro cancelou coletiva por causa da imprensa"}]},{"@type":"WebSite","@id":"https:\/\/www.suno.com.br\/noticias\/#website","url":"https:\/\/www.suno.com.br\/noticias\/","name":"Suno Not\u00edcias","description":"Seu portal de informa\u00e7\u00e3o sobre o mundo dos investimentos","publisher":{"@id":"https:\/\/www.suno.com.br\/noticias\/#organization"},"potentialAction":[{"@type":"SearchAction","target":{"@type":"EntryPoint","urlTemplate":"https:\/\/www.suno.com.br\/noticias\/?s={search_term_string}"},"query-input":{"@type":"PropertyValueSpecification","valueRequired":true,"valueName":"search_term_string"}}],"inLanguage":"pt-BR"},{"@type":"Organization","@id":"https:\/\/www.suno.com.br\/noticias\/#organization","name":"Suno Not\u00edcias","url":"https:\/\/www.suno.com.br\/noticias\/","logo":{"@type":"ImageObject","inLanguage":"pt-BR","@id":"https:\/\/www.suno.com.br\/noticias\/#\/schema\/logo\/image\/","url":"https:\/\/files.sunoresearch.com.br\/n\/uploads\/2021\/09\/suno-logo.png","contentUrl":"https:\/\/files.sunoresearch.com.br\/n\/uploads\/2021\/09\/suno-logo.png","width":180,"height":180,"caption":"Suno Not\u00edcias"},"image":{"@id":"https:\/\/www.suno.com.br\/noticias\/#\/schema\/logo\/image\/"},"sameAs":["https:\/\/facebook.com\/sunoresearch","https:\/\/x.com\/sunoresearch","https:\/\/www.instagram.com\/suno","https:\/\/www.linkedin.com\/company\/suno-research\/","https:\/\/www.youtube.com\/c\/sunoresearch"]},{"@type":"Person","@id":"https:\/\/www.suno.com.br\/noticias\/#\/schema\/person\/0d0c9687cd2f600c564f25980c140de9","name":"Guilherme Caetano","image":{"@type":"ImageObject","inLanguage":"pt-BR","@id":"https:\/\/www.suno.com.br\/noticias\/#\/schema\/person\/image\/","url":"https:\/\/secure.gravatar.com\/avatar\/e48357351a01702a0d19307070e081bf?s=96&r=g","contentUrl":"https:\/\/secure.gravatar.com\/avatar\/e48357351a01702a0d19307070e081bf?s=96&r=g","caption":"Guilherme Caetano"},"description":"Formado em jornalismo pela Escola de Comunica\u00e7\u00f5es e Artes da USP, Guilherme Caetano escreve para o portal de not\u00edcias da Suno Research. Passou pelas reda\u00e7\u00f5es da Folha de S.Paulo e da revista \u00c9poca.","url":"https:\/\/www.suno.com.br\/noticias\/author\/guilherme-caetano\/"}]}},"default_loop_html":"<div class=\"cardsPage__listCard__boxs\"><div class=\"cardsPage__listCard__boxs__img\"><a href=\"https:\/\/www.suno.com.br\/noticias\/ministro-nega-bolsonaro-cancelou-coletiva\/\"><img class=\"mask\" src=\"https:\/\/www.suno.com.br\/noticias\/wp-content\/themes\/suno\/resources\/images\/spotlight\/spotlight1img\/bg-mask.png\" alt=\"Image Mask\"\/><img src=\"https:\/\/files.sunoresearch.com.br\/n\/uploads\/2019\/01\/5c804bb1-general-augusto-heleno-400x200.webp\" alt=\"Ministro nega que Bolsonaro cancelou coletiva por causa da imprensa\"\/><\/a><span class=\"spotlightCategory\"><a href=\"https:\/\/www.suno.com.br\/noticias\/politica\/\">Pol\u00edtica<\/a><\/span><\/div><div class=\"cardsPage__listCard__boxs__content\"><a href=\"https:\/\/www.suno.com.br\/noticias\/ministro-nega-bolsonaro-cancelou-coletiva\/\"><h2 class=\"content__title\">Ministro nega que Bolsonaro cancelou coletiva por causa da imprensa<\/h2><\/a><div class=\"newsContent__article__meta\"><div class=\"newsContent__article__meta__authorBox\"><a href=\"https:\/\/www.suno.com.br\/noticias\/author\/guilherme-caetano\/\" class=\"authorBox__avatar noMobi\"><img src=\"https:\/\/secure.gravatar.com\/avatar\/e48357351a01702a0d19307070e081bf?s=96&#038;r=g\" alt=\"Guilherme Caetano\"><\/a><div class=\"authorBox__name\"><span>por\n\t\t\t<a href=\"https:\/\/www.suno.com.br\/noticias\/author\/guilherme-caetano\/\"><span itemprop=\"author\">Guilherme Caetano<\/span><\/a><\/span><time datetime=\"2019-01-23T14:25:38-02:00\" itemprop=\"datePublished\">23\/01\/2019 14:25<\/time><\/div><\/div><\/div><\/div><\/div>","single_layout":"posts","amp_enabled":true,"_links":{"self":[{"href":"https:\/\/www.suno.com.br\/noticias\/wp-json\/wp\/v2\/posts\/12778"}],"collection":[{"href":"https:\/\/www.suno.com.br\/noticias\/wp-json\/wp\/v2\/posts"}],"about":[{"href":"https:\/\/www.suno.com.br\/noticias\/wp-json\/wp\/v2\/types\/post"}],"author":[{"embeddable":true,"href":"https:\/\/www.suno.com.br\/noticias\/wp-json\/wp\/v2\/users\/13"}],"replies":[{"embeddable":true,"href":"https:\/\/www.suno.com.br\/noticias\/wp-json\/wp\/v2\/comments?post=12778"}],"version-history":[{"count":0,"href":"https:\/\/www.suno.com.br\/noticias\/wp-json\/wp\/v2\/posts\/12778\/revisions"}],"wp:featuredmedia":[{"embeddable":true,"href":"https:\/\/www.suno.com.br\/noticias\/wp-json\/wp\/v2\/media\/12791"}],"wp:attachment":[{"href":"https:\/\/www.suno.com.br\/noticias\/wp-json\/wp\/v2\/media?parent=12778"}],"wp:term":[{"taxonomy":"category","embeddable":true,"href":"https:\/\/www.suno.com.br\/noticias\/wp-json\/wp\/v2\/categories?post=12778"},{"taxonomy":"post_tag","embeddable":true,"href":"https:\/\/www.suno.com.br\/noticias\/wp-json\/wp\/v2\/tags?post=12778"},{"taxonomy":"suno_strategy","embeddable":true,"href":"https:\/\/www.suno.com.br\/noticias\/wp-json\/wp\/v2\/suno_strategy?post=12778"}],"curies":[{"name":"wp","href":"https:\/\/api.w.org\/{rel}","templated":true}]}}